{"id":144567,"date":"2019-12-08T01:15:04","date_gmt":"2019-12-08T00:15:04","guid":{"rendered":"https:\/\/www.24gliwice.pl\/wiadomosci\/?p=144567"},"modified":"2019-12-08T01:15:04","modified_gmt":"2019-12-08T00:15:04","slug":"forum-mlodych-mam-bezplatne-warsztaty-z-polozna-na-temat-pielegnacji-malych-dzieci","status":"publish","type":"post","link":"https:\/\/www.24gliwice.pl\/wiadomosci\/forum-mlodych-mam-bezplatne-warsztaty-z-polozna-na-temat-pielegnacji-malych-dzieci\/","title":{"rendered":"Forum M\u0142odych Mam. Bezp\u0142atne warsztaty z po\u0142o\u017cn\u0105 na temat piel\u0119gnacji ma\u0142ych dzieci"},"content":{"rendered":"<div class=\"gliwi-a6-nad-leadem-artykulow gliwi-entity-placement\" id=\"gliwi-2132870127\"><div class=\"gliwi-adlabel\"><span style=\"font-size: 9px\">REKLAMA<\/span><\/div><div id=\"gliwi-3873410838\" style=\"margin-bottom: 30px;margin-left: auto;margin-right: auto;text-align: center;\"><a data-no-instant=\"1\" href=\"https:\/\/przedszkole.halogen.org.pl\/\" rel=\"noopener\" class=\"a2t-link\" target=\"_blank\" aria-label=\"20260402-ANIMATOR-przedszkole_grafika_750x200\"><img loading=\"lazy\" decoding=\"async\" src=\"https:\/\/www.24gliwice.pl\/wiadomosci\/wp-content\/uploads\/2026\/04\/20260402-ANIMATOR-przedszkole_grafika_750x200.webp\" alt=\"\"  srcset=\"https:\/\/www.24gliwice.pl\/wiadomosci\/wp-content\/uploads\/2026\/04\/20260402-ANIMATOR-przedszkole_grafika_750x200.webp 750w, https:\/\/www.24gliwice.pl\/wiadomosci\/wp-content\/uploads\/2026\/04\/20260402-ANIMATOR-przedszkole_grafika_750x200-410x109.webp 410w\" sizes=\"(max-width: 750px) 100vw, 750px\" class=\"no-lazyload\" width=\"750\" height=\"200\"  style=\"display: inline-block; max-width: 100%; height: auto;\" \/><\/a><\/div><\/div><h3>Centrum Handlowe Forum zaprasza na kolejne spotkanie z cyklu Forum M\u0142odych Mam. Tym razem warsztaty odb\u0119d\u0105 si\u0119 z po\u0142o\u017cn\u0105 \u015brodowiskow\u0105, kt\u00f3ra udzieli porad na temat prawid\u0142owej piel\u0119gnacji maluszk\u00f3w. Zaplanowano je na we wtorek, 10 grudnia, w godzinach 10:00 &#8211; 12:30.<\/h3>\n<p>Na spotkanie zaproszone s\u0105 zar\u00f3wno m\u0142ode mamy wraz z dzie\u0107mi, jak i te, kt\u00f3re dopiero oczekuj\u0105 nadej\u015bcia male\u0144stwa. Na czas warsztat\u00f3w dla dzieci zostanie przygotowana specjalna strefa zabaw, mamy natomiast b\u0119d\u0105 mia\u0142y mo\u017cliwo\u015b\u0107 wsp\u00f3lnych rozm\u00f3w przy pocz\u0119stunku.<\/p>\n<p>Warsztaty s\u0105 bezp\u0142atne, jednak\u017ce liczba miejsc jest ograniczona. Zapisy przyjmowane s\u0105 w punkcie informacyjnym centrum (nr tel. 32-335 73 00) lub za po\u015brednictwem profilu <a href=\"https:\/\/www.facebook.com\/events\/486556852204898\/\" target=\"_blank\" rel=\"noopener noreferrer\">Forum na Facebooku<\/a>. Spotkanie odbywa si\u0119 w ramach jesiennego cyklu dedykowanego rodzinom.<\/p><div class=\"gliwi-a3-w-tresci-artykulow gliwi-entity-placement\" id=\"gliwi-2777442022\"><div class=\"gliwi-adlabel\"><span style=\"font-size: 9px\">REKLAMA<\/span><\/div><div id=\"gliwi-110388841\" style=\"margin-bottom: 30px;margin-left: auto;margin-right: auto;text-align: center;\"><a data-no-instant=\"1\" href=\"https:\/\/zlobek.halogen.org.pl\/\" rel=\"noopener\" class=\"a2t-link\" target=\"_blank\" aria-label=\"animator-zlobek_750x200\"><img loading=\"lazy\" decoding=\"async\" src=\"https:\/\/www.24gliwice.pl\/wiadomosci\/wp-content\/uploads\/2026\/02\/animator-zlobek_750x200.webp\" alt=\"\"  srcset=\"https:\/\/www.24gliwice.pl\/wiadomosci\/wp-content\/uploads\/2026\/02\/animator-zlobek_750x200.webp 750w, https:\/\/www.24gliwice.pl\/wiadomosci\/wp-content\/uploads\/2026\/02\/animator-zlobek_750x200-410x109.webp 410w\" sizes=\"(max-width: 750px) 100vw, 750px\" class=\"no-lazyload\" width=\"750\" height=\"200\"  style=\"display: inline-block; max-width: 100%; height: auto;\" \/><\/a><\/div><\/div>\n<p><img loading=\"lazy\" decoding=\"async\" class=\"alignnone wp-image-144570\" src=\"https:\/\/www.24gliwice.pl\/wiadomosci\/wp-content\/uploads\/2019\/12\/forum-niemowlaki.jpg\" alt=\"\" width=\"1608\" height=\"1608\" srcset=\"https:\/\/www.24gliwice.pl\/wiadomosci\/wp-content\/uploads\/2019\/12\/forum-niemowlaki.jpg 900w, https:\/\/www.24gliwice.pl\/wiadomosci\/wp-content\/uploads\/2019\/12\/forum-niemowlaki-232x232.jpg 232w, https:\/\/www.24gliwice.pl\/wiadomosci\/wp-content\/uploads\/2019\/12\/forum-niemowlaki-455x455.jpg 455w, https:\/\/www.24gliwice.pl\/wiadomosci\/wp-content\/uploads\/2019\/12\/forum-niemowlaki-90x90.jpg 90w, https:\/\/www.24gliwice.pl\/wiadomosci\/wp-content\/uploads\/2019\/12\/forum-niemowlaki-768x768.jpg 768w, https:\/\/www.24gliwice.pl\/wiadomosci\/wp-content\/uploads\/2019\/12\/forum-niemowlaki-810x810.jpg 810w\" sizes=\"auto, (max-width: 1608px) 100vw, 1608px\" \/><\/p>\n<div class=\"gliwi-a5-na-koncu-artykulow gliwi-entity-placement\" id=\"gliwi-1164030408\"><div class=\"gliwi-adlabel\"><span style=\"font-size: 9px\">REKLAMA<\/span><\/div><div id=\"gliwi-3805796180\" style=\"margin-left: auto;margin-right: auto;text-align: center;\"><a data-no-instant=\"1\" href=\"https:\/\/prezeroarenagliwice.pl\/\" rel=\"noopener\" class=\"a2t-link\" target=\"_blank\" aria-label=\"20260309-PREZERO-WIOSNA-D\"><img loading=\"lazy\" decoding=\"async\" src=\"https:\/\/www.24gliwice.pl\/wiadomosci\/wp-content\/uploads\/2026\/03\/20260309-PREZERO-WIOSNA-D.webp\" alt=\"\"  srcset=\"https:\/\/www.24gliwice.pl\/wiadomosci\/wp-content\/uploads\/2026\/03\/20260309-PREZERO-WIOSNA-D.webp 750w, https:\/\/www.24gliwice.pl\/wiadomosci\/wp-content\/uploads\/2026\/03\/20260309-PREZERO-WIOSNA-D-410x109.webp 410w\" sizes=\"(max-width: 750px) 100vw, 750px\" class=\"no-lazyload\" width=\"750\" height=\"200\"  style=\"display: inline-block; max-width: 100%; height: auto;\" \/><\/a><\/div><\/div>","protected":false},"excerpt":{"rendered":"<p>Centrum Handlowe Forum zaprasza na kolejne spotkanie z cyklu Forum M\u0142odych Mam. Tym razem warsztaty odb\u0119d\u0105 si\u0119 z po\u0142o\u017cn\u0105 \u015brodowiskow\u0105, kt\u00f3ra udzieli porad na temat prawid\u0142owej piel\u0119gnacji maluszk\u00f3w. Zaplanowano je na we wtorek, 10 grudnia, w godzinach 10:00 &#8211; 12:30. Na spotkanie zaproszone s\u0105 zar\u00f3wno m\u0142ode mamy wraz z dzie\u0107mi, jak i te, kt\u00f3re dopiero [&hellip;]<\/p>\n","protected":false},"author":15,"featured_media":144569,"comment_status":"closed","ping_status":"closed","sticky":false,"template":"","format":"standard","meta":{"_monsterinsights_skip_tracking":false,"_monsterinsights_sitenote_active":false,"_monsterinsights_sitenote_note":"","_monsterinsights_sitenote_category":0,"footnotes":"","_links_to":"","_links_to_target":""},"categories":[3,6,1,1129],"tags":[2198,16708],"class_list":["post-144567","post","type-post","status-publish","format-standard","has-post-thumbnail","hentry","category-gliwice","category-kultura","category-wszystko","category-polecamy","tag-forum","tag-forum-mlodych-mam"],"yoast_head":"<!-- This site is optimized with the Yoast SEO plugin v27.5 - https:\/\/yoast.com\/product\/yoast-seo-wordpress\/ -->\n<title>Forum M\u0142odych Mam. Bezp\u0142atne warsztaty z po\u0142o\u017cn\u0105 na temat piel\u0119gnacji ma\u0142ych dzieci - 24GLIWICE - Portal Gliwice | codziennie nowe informacje<\/title>\n<meta name=\"robots\" content=\"index, follow, max-snippet:-1, max-image-preview:large, max-video-preview:-1\" \/>\n<link rel=\"canonical\" href=\"https:\/\/www.24gliwice.pl\/wiadomosci\/forum-mlodych-mam-bezplatne-warsztaty-z-polozna-na-temat-pielegnacji-malych-dzieci\/\" \/>\n<meta property=\"og:locale\" content=\"pl_PL\" \/>\n<meta property=\"og:type\" content=\"article\" \/>\n<meta property=\"og:title\" content=\"Forum M\u0142odych Mam. Bezp\u0142atne warsztaty z po\u0142o\u017cn\u0105 na temat piel\u0119gnacji ma\u0142ych dzieci - 24GLIWICE - Portal Gliwice | codziennie nowe informacje\" \/>\n<meta property=\"og:description\" content=\"Centrum Handlowe Forum zaprasza na kolejne spotkanie z cyklu Forum M\u0142odych Mam. Tym razem warsztaty odb\u0119d\u0105 si\u0119 z po\u0142o\u017cn\u0105 \u015brodowiskow\u0105, kt\u00f3ra udzieli porad na temat prawid\u0142owej piel\u0119gnacji maluszk\u00f3w. Zaplanowano je na we wtorek, 10 grudnia, w godzinach 10:00 &#8211; 12:30. Na spotkanie zaproszone s\u0105 zar\u00f3wno m\u0142ode mamy wraz z dzie\u0107mi, jak i te, kt\u00f3re dopiero [&hellip;]\" \/>\n<meta property=\"og:url\" content=\"https:\/\/www.24gliwice.pl\/wiadomosci\/forum-mlodych-mam-bezplatne-warsztaty-z-polozna-na-temat-pielegnacji-malych-dzieci\/\" \/>\n<meta property=\"og:site_name\" content=\"24GLIWICE - Portal Gliwice | codziennie nowe informacje\" \/>\n<meta property=\"article:publisher\" content=\"https:\/\/www.facebook.com\/24gliwice\" \/>\n<meta property=\"article:published_time\" content=\"2019-12-08T00:15:04+00:00\" \/>\n<meta property=\"og:image\" content=\"https:\/\/www.24gliwice.pl\/wiadomosci\/wp-content\/uploads\/2019\/12\/forum-dziecko.jpg\" \/>\n\t<meta property=\"og:image:width\" content=\"944\" \/>\n\t<meta property=\"og:image:height\" content=\"531\" \/>\n\t<meta property=\"og:image:type\" content=\"image\/jpeg\" \/>\n<meta name=\"author\" content=\"\u017baneta Mrozek-Siewierska\" \/>\n<meta name=\"twitter:card\" content=\"summary_large_image\" \/>\n<meta name=\"twitter:creator\" content=\"@24gliwice\" \/>\n<meta name=\"twitter:site\" content=\"@24gliwice\" \/>\n<meta name=\"twitter:label1\" content=\"Napisane przez\" \/>\n\t<meta name=\"twitter:data1\" content=\"\u017baneta Mrozek-Siewierska\" \/>\n\t<meta name=\"twitter:label2\" content=\"Szacowany czas czytania\" \/>\n\t<meta name=\"twitter:data2\" content=\"1 minuta\" \/>\n<script type=\"application\/ld+json\" class=\"yoast-schema-graph\">{\"@context\":\"https:\\\/\\\/schema.org\",\"@graph\":[{\"@type\":\"Article\",\"@id\":\"https:\\\/\\\/www.24gliwice.pl\\\/wiadomosci\\\/forum-mlodych-mam-bezplatne-warsztaty-z-polozna-na-temat-pielegnacji-malych-dzieci\\\/#article\",\"isPartOf\":{\"@id\":\"https:\\\/\\\/www.24gliwice.pl\\\/wiadomosci\\\/forum-mlodych-mam-bezplatne-warsztaty-z-polozna-na-temat-pielegnacji-malych-dzieci\\\/\"},\"author\":{\"name\":\"\u017baneta Mrozek-Siewierska\",\"@id\":\"https:\\\/\\\/www.24gliwice.pl\\\/wiadomosci\\\/#\\\/schema\\\/person\\\/e42c650edd7f2fa332be3811fb166b6e\"},\"headline\":\"Forum M\u0142odych Mam. Bezp\u0142atne warsztaty z po\u0142o\u017cn\u0105 na temat piel\u0119gnacji ma\u0142ych dzieci\",\"datePublished\":\"2019-12-08T00:15:04+00:00\",\"mainEntityOfPage\":{\"@id\":\"https:\\\/\\\/www.24gliwice.pl\\\/wiadomosci\\\/forum-mlodych-mam-bezplatne-warsztaty-z-polozna-na-temat-pielegnacji-malych-dzieci\\\/\"},\"wordCount\":150,\"publisher\":{\"@id\":\"https:\\\/\\\/www.24gliwice.pl\\\/wiadomosci\\\/#organization\"},\"image\":{\"@id\":\"https:\\\/\\\/www.24gliwice.pl\\\/wiadomosci\\\/forum-mlodych-mam-bezplatne-warsztaty-z-polozna-na-temat-pielegnacji-malych-dzieci\\\/#primaryimage\"},\"thumbnailUrl\":\"https:\\\/\\\/www.24gliwice.pl\\\/wiadomosci\\\/wp-content\\\/uploads\\\/2019\\\/12\\\/forum-dziecko.jpg\",\"keywords\":[\"FORUM\",\"forum m\u0142odych mam\"],\"articleSection\":[\"Gliwice\",\"Kultura, wydarzenia, imprezy\",\"Najnowsze wiadomo\u015bci\",\"Polecamy\"],\"inLanguage\":\"pl-PL\"},{\"@type\":\"WebPage\",\"@id\":\"https:\\\/\\\/www.24gliwice.pl\\\/wiadomosci\\\/forum-mlodych-mam-bezplatne-warsztaty-z-polozna-na-temat-pielegnacji-malych-dzieci\\\/\",\"url\":\"https:\\\/\\\/www.24gliwice.pl\\\/wiadomosci\\\/forum-mlodych-mam-bezplatne-warsztaty-z-polozna-na-temat-pielegnacji-malych-dzieci\\\/\",\"name\":\"Forum M\u0142odych Mam. Bezp\u0142atne warsztaty z po\u0142o\u017cn\u0105 na temat piel\u0119gnacji ma\u0142ych dzieci - 24GLIWICE - Portal Gliwice | codziennie nowe informacje\",\"isPartOf\":{\"@id\":\"https:\\\/\\\/www.24gliwice.pl\\\/wiadomosci\\\/#website\"},\"primaryImageOfPage\":{\"@id\":\"https:\\\/\\\/www.24gliwice.pl\\\/wiadomosci\\\/forum-mlodych-mam-bezplatne-warsztaty-z-polozna-na-temat-pielegnacji-malych-dzieci\\\/#primaryimage\"},\"image\":{\"@id\":\"https:\\\/\\\/www.24gliwice.pl\\\/wiadomosci\\\/forum-mlodych-mam-bezplatne-warsztaty-z-polozna-na-temat-pielegnacji-malych-dzieci\\\/#primaryimage\"},\"thumbnailUrl\":\"https:\\\/\\\/www.24gliwice.pl\\\/wiadomosci\\\/wp-content\\\/uploads\\\/2019\\\/12\\\/forum-dziecko.jpg\",\"datePublished\":\"2019-12-08T00:15:04+00:00\",\"breadcrumb\":{\"@id\":\"https:\\\/\\\/www.24gliwice.pl\\\/wiadomosci\\\/forum-mlodych-mam-bezplatne-warsztaty-z-polozna-na-temat-pielegnacji-malych-dzieci\\\/#breadcrumb\"},\"inLanguage\":\"pl-PL\",\"potentialAction\":[{\"@type\":\"ReadAction\",\"target\":[\"https:\\\/\\\/www.24gliwice.pl\\\/wiadomosci\\\/forum-mlodych-mam-bezplatne-warsztaty-z-polozna-na-temat-pielegnacji-malych-dzieci\\\/\"]}]},{\"@type\":\"ImageObject\",\"inLanguage\":\"pl-PL\",\"@id\":\"https:\\\/\\\/www.24gliwice.pl\\\/wiadomosci\\\/forum-mlodych-mam-bezplatne-warsztaty-z-polozna-na-temat-pielegnacji-malych-dzieci\\\/#primaryimage\",\"url\":\"https:\\\/\\\/www.24gliwice.pl\\\/wiadomosci\\\/wp-content\\\/uploads\\\/2019\\\/12\\\/forum-dziecko.jpg\",\"contentUrl\":\"https:\\\/\\\/www.24gliwice.pl\\\/wiadomosci\\\/wp-content\\\/uploads\\\/2019\\\/12\\\/forum-dziecko.jpg\",\"width\":944,\"height\":531},{\"@type\":\"BreadcrumbList\",\"@id\":\"https:\\\/\\\/www.24gliwice.pl\\\/wiadomosci\\\/forum-mlodych-mam-bezplatne-warsztaty-z-polozna-na-temat-pielegnacji-malych-dzieci\\\/#breadcrumb\",\"itemListElement\":[{\"@type\":\"ListItem\",\"position\":1,\"name\":\"Strona g\u0142\u00f3wna\",\"item\":\"https:\\\/\\\/www.24gliwice.pl\\\/wiadomosci\\\/\"},{\"@type\":\"ListItem\",\"position\":2,\"name\":\"Forum M\u0142odych Mam. Bezp\u0142atne warsztaty z po\u0142o\u017cn\u0105 na temat piel\u0119gnacji ma\u0142ych dzieci\"}]},{\"@type\":\"WebSite\",\"@id\":\"https:\\\/\\\/www.24gliwice.pl\\\/wiadomosci\\\/#website\",\"url\":\"https:\\\/\\\/www.24gliwice.pl\\\/wiadomosci\\\/\",\"name\":\"24GLIWICE - Portal Gliwice | codziennie nowe wiadomo\u015bci\",\"description\":\"Portal Miejski Gliwice\",\"publisher\":{\"@id\":\"https:\\\/\\\/www.24gliwice.pl\\\/wiadomosci\\\/#organization\"},\"potentialAction\":[{\"@type\":\"SearchAction\",\"target\":{\"@type\":\"EntryPoint\",\"urlTemplate\":\"https:\\\/\\\/www.24gliwice.pl\\\/wiadomosci\\\/?s={search_term_string}\"},\"query-input\":{\"@type\":\"PropertyValueSpecification\",\"valueRequired\":true,\"valueName\":\"search_term_string\"}}],\"inLanguage\":\"pl-PL\"},{\"@type\":\"Organization\",\"@id\":\"https:\\\/\\\/www.24gliwice.pl\\\/wiadomosci\\\/#organization\",\"name\":\"24gliwice\",\"url\":\"https:\\\/\\\/www.24gliwice.pl\\\/wiadomosci\\\/\",\"logo\":{\"@type\":\"ImageObject\",\"inLanguage\":\"pl-PL\",\"@id\":\"https:\\\/\\\/www.24gliwice.pl\\\/wiadomosci\\\/#\\\/schema\\\/logo\\\/image\\\/\",\"url\":\"https:\\\/\\\/www.24gliwice.pl\\\/wiadomosci\\\/wp-content\\\/uploads\\\/2024\\\/10\\\/24gliwice-logo-696.jpg\",\"contentUrl\":\"https:\\\/\\\/www.24gliwice.pl\\\/wiadomosci\\\/wp-content\\\/uploads\\\/2024\\\/10\\\/24gliwice-logo-696.jpg\",\"width\":696,\"height\":696,\"caption\":\"24gliwice\"},\"image\":{\"@id\":\"https:\\\/\\\/www.24gliwice.pl\\\/wiadomosci\\\/#\\\/schema\\\/logo\\\/image\\\/\"},\"sameAs\":[\"https:\\\/\\\/www.facebook.com\\\/24gliwice\",\"https:\\\/\\\/x.com\\\/24gliwice\",\"https:\\\/\\\/www.youtube.com\\\/@24gliwice\"]},{\"@type\":\"Person\",\"@id\":\"https:\\\/\\\/www.24gliwice.pl\\\/wiadomosci\\\/#\\\/schema\\\/person\\\/e42c650edd7f2fa332be3811fb166b6e\",\"name\":\"\u017baneta Mrozek-Siewierska\",\"image\":{\"@type\":\"ImageObject\",\"inLanguage\":\"pl-PL\",\"@id\":\"https:\\\/\\\/secure.gravatar.com\\\/avatar\\\/1881429e9c64597c77ad7aef2d0a19be69a3253e57534d16aa15bf3a4d34a0a3?s=96&d=mm&r=g\",\"url\":\"https:\\\/\\\/secure.gravatar.com\\\/avatar\\\/1881429e9c64597c77ad7aef2d0a19be69a3253e57534d16aa15bf3a4d34a0a3?s=96&d=mm&r=g\",\"contentUrl\":\"https:\\\/\\\/secure.gravatar.com\\\/avatar\\\/1881429e9c64597c77ad7aef2d0a19be69a3253e57534d16aa15bf3a4d34a0a3?s=96&d=mm&r=g\",\"caption\":\"\u017baneta Mrozek-Siewierska\"},\"url\":\"https:\\\/\\\/www.24gliwice.pl\\\/wiadomosci\\\/author\\\/zms\\\/\"}]}<\/script>\n<!-- \/ Yoast SEO plugin. -->","yoast_head_json":{"title":"Forum M\u0142odych Mam. Bezp\u0142atne warsztaty z po\u0142o\u017cn\u0105 na temat piel\u0119gnacji ma\u0142ych dzieci - 24GLIWICE - Portal Gliwice | codziennie nowe informacje","robots":{"index":"index","follow":"follow","max-snippet":"max-snippet:-1","max-image-preview":"max-image-preview:large","max-video-preview":"max-video-preview:-1"},"canonical":"https:\/\/www.24gliwice.pl\/wiadomosci\/forum-mlodych-mam-bezplatne-warsztaty-z-polozna-na-temat-pielegnacji-malych-dzieci\/","og_locale":"pl_PL","og_type":"article","og_title":"Forum M\u0142odych Mam. Bezp\u0142atne warsztaty z po\u0142o\u017cn\u0105 na temat piel\u0119gnacji ma\u0142ych dzieci - 24GLIWICE - Portal Gliwice | codziennie nowe informacje","og_description":"Centrum Handlowe Forum zaprasza na kolejne spotkanie z cyklu Forum M\u0142odych Mam. Tym razem warsztaty odb\u0119d\u0105 si\u0119 z po\u0142o\u017cn\u0105 \u015brodowiskow\u0105, kt\u00f3ra udzieli porad na temat prawid\u0142owej piel\u0119gnacji maluszk\u00f3w. Zaplanowano je na we wtorek, 10 grudnia, w godzinach 10:00 &#8211; 12:30. Na spotkanie zaproszone s\u0105 zar\u00f3wno m\u0142ode mamy wraz z dzie\u0107mi, jak i te, kt\u00f3re dopiero [&hellip;]","og_url":"https:\/\/www.24gliwice.pl\/wiadomosci\/forum-mlodych-mam-bezplatne-warsztaty-z-polozna-na-temat-pielegnacji-malych-dzieci\/","og_site_name":"24GLIWICE - Portal Gliwice | codziennie nowe informacje","article_publisher":"https:\/\/www.facebook.com\/24gliwice","article_published_time":"2019-12-08T00:15:04+00:00","og_image":[{"width":944,"height":531,"url":"https:\/\/www.24gliwice.pl\/wiadomosci\/wp-content\/uploads\/2019\/12\/forum-dziecko.jpg","type":"image\/jpeg"}],"author":"\u017baneta Mrozek-Siewierska","twitter_card":"summary_large_image","twitter_creator":"@24gliwice","twitter_site":"@24gliwice","twitter_misc":{"Napisane przez":"\u017baneta Mrozek-Siewierska","Szacowany czas czytania":"1 minuta"},"schema":{"@context":"https:\/\/schema.org","@graph":[{"@type":"Article","@id":"https:\/\/www.24gliwice.pl\/wiadomosci\/forum-mlodych-mam-bezplatne-warsztaty-z-polozna-na-temat-pielegnacji-malych-dzieci\/#article","isPartOf":{"@id":"https:\/\/www.24gliwice.pl\/wiadomosci\/forum-mlodych-mam-bezplatne-warsztaty-z-polozna-na-temat-pielegnacji-malych-dzieci\/"},"author":{"name":"\u017baneta Mrozek-Siewierska","@id":"https:\/\/www.24gliwice.pl\/wiadomosci\/#\/schema\/person\/e42c650edd7f2fa332be3811fb166b6e"},"headline":"Forum M\u0142odych Mam. Bezp\u0142atne warsztaty z po\u0142o\u017cn\u0105 na temat piel\u0119gnacji ma\u0142ych dzieci","datePublished":"2019-12-08T00:15:04+00:00","mainEntityOfPage":{"@id":"https:\/\/www.24gliwice.pl\/wiadomosci\/forum-mlodych-mam-bezplatne-warsztaty-z-polozna-na-temat-pielegnacji-malych-dzieci\/"},"wordCount":150,"publisher":{"@id":"https:\/\/www.24gliwice.pl\/wiadomosci\/#organization"},"image":{"@id":"https:\/\/www.24gliwice.pl\/wiadomosci\/forum-mlodych-mam-bezplatne-warsztaty-z-polozna-na-temat-pielegnacji-malych-dzieci\/#primaryimage"},"thumbnailUrl":"https:\/\/www.24gliwice.pl\/wiadomosci\/wp-content\/uploads\/2019\/12\/forum-dziecko.jpg","keywords":["FORUM","forum m\u0142odych mam"],"articleSection":["Gliwice","Kultura, wydarzenia, imprezy","Najnowsze wiadomo\u015bci","Polecamy"],"inLanguage":"pl-PL"},{"@type":"WebPage","@id":"https:\/\/www.24gliwice.pl\/wiadomosci\/forum-mlodych-mam-bezplatne-warsztaty-z-polozna-na-temat-pielegnacji-malych-dzieci\/","url":"https:\/\/www.24gliwice.pl\/wiadomosci\/forum-mlodych-mam-bezplatne-warsztaty-z-polozna-na-temat-pielegnacji-malych-dzieci\/","name":"Forum M\u0142odych Mam. Bezp\u0142atne warsztaty z po\u0142o\u017cn\u0105 na temat piel\u0119gnacji ma\u0142ych dzieci - 24GLIWICE - Portal Gliwice | codziennie nowe informacje","isPartOf":{"@id":"https:\/\/www.24gliwice.pl\/wiadomosci\/#website"},"primaryImageOfPage":{"@id":"https:\/\/www.24gliwice.pl\/wiadomosci\/forum-mlodych-mam-bezplatne-warsztaty-z-polozna-na-temat-pielegnacji-malych-dzieci\/#primaryimage"},"image":{"@id":"https:\/\/www.24gliwice.pl\/wiadomosci\/forum-mlodych-mam-bezplatne-warsztaty-z-polozna-na-temat-pielegnacji-malych-dzieci\/#primaryimage"},"thumbnailUrl":"https:\/\/www.24gliwice.pl\/wiadomosci\/wp-content\/uploads\/2019\/12\/forum-dziecko.jpg","datePublished":"2019-12-08T00:15:04+00:00","breadcrumb":{"@id":"https:\/\/www.24gliwice.pl\/wiadomosci\/forum-mlodych-mam-bezplatne-warsztaty-z-polozna-na-temat-pielegnacji-malych-dzieci\/#breadcrumb"},"inLanguage":"pl-PL","potentialAction":[{"@type":"ReadAction","target":["https:\/\/www.24gliwice.pl\/wiadomosci\/forum-mlodych-mam-bezplatne-warsztaty-z-polozna-na-temat-pielegnacji-malych-dzieci\/"]}]},{"@type":"ImageObject","inLanguage":"pl-PL","@id":"https:\/\/www.24gliwice.pl\/wiadomosci\/forum-mlodych-mam-bezplatne-warsztaty-z-polozna-na-temat-pielegnacji-malych-dzieci\/#primaryimage","url":"https:\/\/www.24gliwice.pl\/wiadomosci\/wp-content\/uploads\/2019\/12\/forum-dziecko.jpg","contentUrl":"https:\/\/www.24gliwice.pl\/wiadomosci\/wp-content\/uploads\/2019\/12\/forum-dziecko.jpg","width":944,"height":531},{"@type":"BreadcrumbList","@id":"https:\/\/www.24gliwice.pl\/wiadomosci\/forum-mlodych-mam-bezplatne-warsztaty-z-polozna-na-temat-pielegnacji-malych-dzieci\/#breadcrumb","itemListElement":[{"@type":"ListItem","position":1,"name":"Strona g\u0142\u00f3wna","item":"https:\/\/www.24gliwice.pl\/wiadomosci\/"},{"@type":"ListItem","position":2,"name":"Forum M\u0142odych Mam. Bezp\u0142atne warsztaty z po\u0142o\u017cn\u0105 na temat piel\u0119gnacji ma\u0142ych dzieci"}]},{"@type":"WebSite","@id":"https:\/\/www.24gliwice.pl\/wiadomosci\/#website","url":"https:\/\/www.24gliwice.pl\/wiadomosci\/","name":"24GLIWICE - Portal Gliwice | codziennie nowe wiadomo\u015bci","description":"Portal Miejski Gliwice","publisher":{"@id":"https:\/\/www.24gliwice.pl\/wiadomosci\/#organization"},"potentialAction":[{"@type":"SearchAction","target":{"@type":"EntryPoint","urlTemplate":"https:\/\/www.24gliwice.pl\/wiadomosci\/?s={search_term_string}"},"query-input":{"@type":"PropertyValueSpecification","valueRequired":true,"valueName":"search_term_string"}}],"inLanguage":"pl-PL"},{"@type":"Organization","@id":"https:\/\/www.24gliwice.pl\/wiadomosci\/#organization","name":"24gliwice","url":"https:\/\/www.24gliwice.pl\/wiadomosci\/","logo":{"@type":"ImageObject","inLanguage":"pl-PL","@id":"https:\/\/www.24gliwice.pl\/wiadomosci\/#\/schema\/logo\/image\/","url":"https:\/\/www.24gliwice.pl\/wiadomosci\/wp-content\/uploads\/2024\/10\/24gliwice-logo-696.jpg","contentUrl":"https:\/\/www.24gliwice.pl\/wiadomosci\/wp-content\/uploads\/2024\/10\/24gliwice-logo-696.jpg","width":696,"height":696,"caption":"24gliwice"},"image":{"@id":"https:\/\/www.24gliwice.pl\/wiadomosci\/#\/schema\/logo\/image\/"},"sameAs":["https:\/\/www.facebook.com\/24gliwice","https:\/\/x.com\/24gliwice","https:\/\/www.youtube.com\/@24gliwice"]},{"@type":"Person","@id":"https:\/\/www.24gliwice.pl\/wiadomosci\/#\/schema\/person\/e42c650edd7f2fa332be3811fb166b6e","name":"\u017baneta Mrozek-Siewierska","image":{"@type":"ImageObject","inLanguage":"pl-PL","@id":"https:\/\/secure.gravatar.com\/avatar\/1881429e9c64597c77ad7aef2d0a19be69a3253e57534d16aa15bf3a4d34a0a3?s=96&d=mm&r=g","url":"https:\/\/secure.gravatar.com\/avatar\/1881429e9c64597c77ad7aef2d0a19be69a3253e57534d16aa15bf3a4d34a0a3?s=96&d=mm&r=g","contentUrl":"https:\/\/secure.gravatar.com\/avatar\/1881429e9c64597c77ad7aef2d0a19be69a3253e57534d16aa15bf3a4d34a0a3?s=96&d=mm&r=g","caption":"\u017baneta Mrozek-Siewierska"},"url":"https:\/\/www.24gliwice.pl\/wiadomosci\/author\/zms\/"}]}},"_links":{"self":[{"href":"https:\/\/www.24gliwice.pl\/wiadomosci\/wp-json\/wp\/v2\/posts\/144567","targetHints":{"allow":["GET"]}}],"collection":[{"href":"https:\/\/www.24gliwice.pl\/wiadomosci\/wp-json\/wp\/v2\/posts"}],"about":[{"href":"https:\/\/www.24gliwice.pl\/wiadomosci\/wp-json\/wp\/v2\/types\/post"}],"author":[{"embeddable":true,"href":"https:\/\/www.24gliwice.pl\/wiadomosci\/wp-json\/wp\/v2\/users\/15"}],"replies":[{"embeddable":true,"href":"https:\/\/www.24gliwice.pl\/wiadomosci\/wp-json\/wp\/v2\/comments?post=144567"}],"version-history":[{"count":0,"href":"https:\/\/www.24gliwice.pl\/wiadomosci\/wp-json\/wp\/v2\/posts\/144567\/revisions"}],"wp:featuredmedia":[{"embeddable":true,"href":"https:\/\/www.24gliwice.pl\/wiadomosci\/wp-json\/wp\/v2\/media\/144569"}],"wp:attachment":[{"href":"https:\/\/www.24gliwice.pl\/wiadomosci\/wp-json\/wp\/v2\/media?parent=144567"}],"wp:term":[{"taxonomy":"category","embeddable":true,"href":"https:\/\/www.24gliwice.pl\/wiadomosci\/wp-json\/wp\/v2\/categories?post=144567"},{"taxonomy":"post_tag","embeddable":true,"href":"https:\/\/www.24gliwice.pl\/wiadomosci\/wp-json\/wp\/v2\/tags?post=144567"}],"curies":[{"name":"wp","href":"https:\/\/api.w.org\/{rel}","templated":true}]}}