{"id":144593,"date":"2019-12-06T01:48:27","date_gmt":"2019-12-06T00:48:27","guid":{"rendered":"https:\/\/www.24gliwice.pl\/wiadomosci\/?p=144593"},"modified":"2019-12-07T01:52:37","modified_gmt":"2019-12-07T00:52:37","slug":"europa-centralna-wlacza-sie-w-walke-o-zycie-kasi-pomoz-i-ty-wystarczy-odwiedzic-mikolajkowy-skup-kultury","status":"publish","type":"post","link":"https:\/\/www.24gliwice.pl\/wiadomosci\/europa-centralna-wlacza-sie-w-walke-o-zycie-kasi-pomoz-i-ty-wystarczy-odwiedzic-mikolajkowy-skup-kultury\/","title":{"rendered":"Europa Centralna w\u0142\u0105cza si\u0119 w walk\u0119 o \u017cycie Kasi.  Pom\u00f3\u017c i Ty! Wystarczy odwiedzi\u0107 Miko\u0142ajkowy Skup Kultury"},"content":{"rendered":"<div class=\"gliwi-a6-nad-leadem-artykulow gliwi-entity-placement\" id=\"gliwi-3112595727\"><div class=\"gliwi-adlabel\"><span style=\"font-size: 9px\">REKLAMA<\/span><\/div><div id=\"gliwi-3299013910\" style=\"margin-bottom: 25px;margin-left: auto;margin-right: auto;text-align: center;\"><a data-no-instant=\"1\" href=\"https:\/\/dom100.eu\/\" rel=\"noopener\" class=\"a2t-link\" target=\"_blank\" aria-label=\"20260415 DOM100 D\"><img loading=\"lazy\" decoding=\"async\" src=\"https:\/\/www.24gliwice.pl\/wiadomosci\/wp-content\/uploads\/2026\/04\/20260415-DOM100-D.jpg\" alt=\"\"  srcset=\"https:\/\/www.24gliwice.pl\/wiadomosci\/wp-content\/uploads\/2026\/04\/20260415-DOM100-D.jpg 750w, https:\/\/www.24gliwice.pl\/wiadomosci\/wp-content\/uploads\/2026\/04\/20260415-DOM100-D-410x109.jpg 410w\" sizes=\"(max-width: 750px) 100vw, 750px\" class=\"no-lazyload\" width=\"750\" height=\"200\"  style=\"display: inline-block; max-width: 100%; height: auto;\" \/><\/a><\/div><\/div><h3><span lang=\"pl-PL\">Nawet<\/span><span lang=\"pl-PL\"> najpopularniejsi super bohaterowie czasem potrzebuj\u0105 dodatkowych r\u0105k do pomocy. Tak jest i tym razem! W tym roku \u015awi\u0119ty Miko\u0142aj, opr\u00f3cz ca\u0142ej masy podarunk\u00f3w, ma do wr\u0119czenia jeden bardzo wa\u017cny prezent. <\/span><\/h3>\n<p><span lang=\"pl-PL\">Aby jego misja si\u0119 powiod\u0142a, musimy go wesprze\u0107 nasz\u0105 dobroczynno\u015bci\u0105. W\u0142a\u015bnie nadarza si\u0119 ku temu idealna okazja: <strong>Miko\u0142ajkowy Skup Kultury w Europie Centralnej.<\/strong> Liczy na nas nie tylko nobliwy starszy pan w czerwonym p\u0142aszczu, ale przede wszystkim walcz\u0105ca z nowotworem 34-letnia Kasia, podopieczna Stowarzyszenia Ca\u0142a Naprz\u00f3d. Przyjd\u017a, wybierz co\u015b dla siebie lub swoich najbli\u017cszych i pom\u00f3\u017c Kasi wygra\u0107 z rakiem!<\/span><\/p>\n<p><img loading=\"lazy\" decoding=\"async\" class=\"aligncenter size-full wp-image-144595\" src=\"https:\/\/www.24gliwice.pl\/wiadomosci\/wp-content\/uploads\/2019\/12\/mikolajowy-skup-kultury.jpg\" alt=\"\" width=\"955\" height=\"379\" srcset=\"https:\/\/www.24gliwice.pl\/wiadomosci\/wp-content\/uploads\/2019\/12\/mikolajowy-skup-kultury.jpg 955w, https:\/\/www.24gliwice.pl\/wiadomosci\/wp-content\/uploads\/2019\/12\/mikolajowy-skup-kultury-410x163.jpg 410w, https:\/\/www.24gliwice.pl\/wiadomosci\/wp-content\/uploads\/2019\/12\/mikolajowy-skup-kultury-810x321.jpg 810w, https:\/\/www.24gliwice.pl\/wiadomosci\/wp-content\/uploads\/2019\/12\/mikolajowy-skup-kultury-768x305.jpg 768w\" sizes=\"auto, (max-width: 955px) 100vw, 955px\" \/><\/p>\n<p><span lang=\"pl-PL\">Ile warta jest ksi\u0105\u017cka? Jak wiele jeste\u015bmy w stanie zap\u0142aci\u0107 za ukochany film lub kultow\u0105 p\u0142yt\u0119 winylow\u0105? To zale\u017cy wy\u0142\u0105cznie od tego, jak bardzo ich potrzebujemy. Nadchodz\u0105ca ods\u0142ona najwi\u0119kszego w regionie kiermaszu charytatywnego Miko\u0142ajkowy Skup Kultury w Europie Centralnej to wyj\u0105tkowa okazja, by nada\u0107 u\u017cywanym przedmiotom nowe, du\u017co wi\u0119ksze znaczenie ni\u017c to si\u0119 wydaje na pierwszy rzut oka. <strong>Za ka\u017cd\u0105 stron\u0105 powie\u015bci, klatk\u0105 filmu oraz nagran\u0105 piosenk\u0105 kupion\u0105 za dowoln\u0105 sum\u0119 stoi bowiem szansa na uratowanie \u017cycia Katarzyny Rudzi\u0144skiej, kochaj\u0105cej matki i \u017cony. Jedyne, co mo\u017ce jej pom\u00f3c w pokonaniu tej ci\u0119\u017ckiej choroby, to nowoczesny lek Nivolumab. A ten \u2013 niestety \u2013 nie jest refundowany.<\/strong><\/span><\/p><div class=\"gliwi-a3-w-tresci-artykulow gliwi-entity-placement\" id=\"gliwi-1678128616\"><div class=\"gliwi-adlabel\"><span style=\"font-size: 9px\">REKLAMA<\/span><\/div><div id=\"gliwi-1390062986\" style=\"margin-bottom: 30px;margin-left: auto;margin-right: auto;text-align: center;\"><a data-no-instant=\"1\" href=\"https:\/\/zlobek.halogen.org.pl\/\" rel=\"noopener\" class=\"a2t-link\" target=\"_blank\" aria-label=\"animator-zlobek_750x200\"><img loading=\"lazy\" decoding=\"async\" src=\"https:\/\/www.24gliwice.pl\/wiadomosci\/wp-content\/uploads\/2026\/02\/animator-zlobek_750x200.webp\" alt=\"\"  srcset=\"https:\/\/www.24gliwice.pl\/wiadomosci\/wp-content\/uploads\/2026\/02\/animator-zlobek_750x200.webp 750w, https:\/\/www.24gliwice.pl\/wiadomosci\/wp-content\/uploads\/2026\/02\/animator-zlobek_750x200-410x109.webp 410w\" sizes=\"(max-width: 750px) 100vw, 750px\" class=\"no-lazyload\" width=\"750\" height=\"200\"  style=\"display: inline-block; max-width: 100%; height: auto;\" \/><\/a><\/div><\/div>\n<h3><span lang=\"pl-PL\">Chcesz pom\u00f3c Kasi w zebraniu kwoty niezb\u0119dnej do zakupu lekarstwa i sfinansowania rehabilitacji? Nic prostszego! <\/span><\/h3>\n<p><span lang=\"pl-PL\">Wystarczy odwiedzi\u0107 Europ\u0119 Centraln\u0105 <strong>ju\u017c w najbli\u017csz\u0105 sobot\u0119, 7 grudnia, mi\u0119dzy 10.00 a 18.00.<\/strong> To w\u0142a\u015bnie na pi\u0119trze restauracyjnym naszego centrum handlowego, w, pojawi\u0105 si\u0119 stoiska z kasetami, ksi\u0105\u017ckami, grami komputerowymi i planszowymi, filmami oraz p\u0142ytami zebranymi dzi\u0119ki uprzejmo\u015bci mieszka\u0144c\u00f3w Gliwic i okolic. Uwaga! \u017baden z wystawionych na sprzeda\u017c przedmiot\u00f3w nie b\u0119dzie opatrzony cen\u0105. Pow\u00f3d jest prosty: chodzi tu o co\u015b wi\u0119cej, ni\u017c zysk, dlatego to klienci \u2013 tacy jak Ty \u2013 zdecyduj\u0105, jak\u0105 kwot\u0119 chc\u0105 przekaza\u0107 na leczenie Kasi.<\/span><\/p>\n<p style=\"padding-left: 40px;\"><span lang=\"pl-PL\"><br \/>\n<em>\u2013 <\/em><\/span><em><span lang=\"pl-PL\">Historia Kasi bardzo nas poruszy\u0142a. Zdecydowali\u015bmy wi\u0119c, \u017ce przy okazji nadchodz\u0105cych Miko\u0142ajek zrobimy prezent podopiecznej naszej zaprzyja\u017anionego Stowarzyszenia Ca\u0142a Naprz\u00f3d, kt\u00f3ra czeka na najwa\u017cniejszy podarunek: nadziej\u0119 na powr\u00f3t do zdrowia<\/span><\/em><span lang=\"pl-PL\"> \u2013 t\u0142umaczy <\/span><span lang=\"pl-PL\"><strong>Katarzyna Lenartowicz<\/strong>, dyrektor Europy Centralnej<\/span><span lang=\"pl-PL\">. <em>\u2013 <\/em><\/span><em><span lang=\"pl-PL\">G\u0142\u0119boko wierz\u0119, \u017ce szeroki wyb\u00f3r przedmiot\u00f3w, cz\u0119sto unikatowych, kt\u00f3re b\u0119dzie mo\u017cna znale\u017a\u0107 podczas Miko\u0142ajkowego Skupu Kultury oraz atrakcje towarzysz\u0105ce kiermaszowi przyci\u0105gn\u0105 do naszego centrum ludzi wielkiego serca. Ludzi, kt\u00f3rzy pomog\u0105 Kasi w osi\u0105gni\u0119ciu jej wymarzonego celu<\/span><\/em><span lang=\"pl-PL\"> \u2013 dodaje.<br \/>\n<\/span><\/p>\n<p><span lang=\"pl-PL\"><br \/>\nKulturalny charakter charytatywnego kiermaszu dope\u0142ni\u0105 darmowe warsztaty \u015bwi\u0105teczne, g\u0142\u00f3wnie dla najm\u0142odszych, kt\u00f3re prowadzone b\u0119d\u0105 od po\u0142udnia do godz. 17.00. Odwiedzaj\u0105cy gliwickie centrum handlowe b\u0119d\u0105 wi\u0119c mogli spr\u00f3bowa\u0107 swoich si\u0142 w rob\u00f3tkach na paluszkach czy tworzeniu autorskich zak\u0142adek do ksi\u0105\u017cek wraz ze Stowarzyszeniem Animator\u00f3w Wszechstronnego Rozwoju M\u0142odzie\u017cy i Liceum Og\u00f3lnokszta\u0142c\u0105cym Animator. <strong>Swoim fachem podziel\u0105 si\u0119 tak\u017ce specjali\u015bci z Warsztatu Miejskiego w Gliwicach<\/strong>, kt\u00f3rzy proponuj\u0105 nam udzia\u0142 w \u201e\u015bwi\u0105tecznych majstrach\u201d. Nie zabraknie te\u017c zaj\u0119\u0107 z tworzenia kartek \u015bwi\u0105tecznych, a specjalnie dla najm\u0142odszych animatorzy przygotowali kolorowe tatua\u017ce oraz malowanie buziek.<\/span><\/p>\n<p><span lang=\"pl-PL\">Razem z Miko\u0142ajem i pomocnymi elfami w Europie Centralnej pojawi si\u0119 r\u00f3wnie\u017c <strong>\u015awi\u0105teczny Poci\u0105g!<\/strong> Siedz\u0105cy za jego sterami \u015awi\u0119ty z Laponii zabierze wszystkich klient\u00f3w na magiczn\u0105 przeja\u017cd\u017ck\u0119 po naszym parkingu, pomi\u0119dzy sklepami w parku handlowym a galeri\u0105. \u015awi\u0105teczny sk\u0142ad b\u0119dzie kursowa\u0142 codziennie (od 6 do 22 grudnia) w dni otwarcia centrum.<\/span><\/p>\n<p>&nbsp;<\/p>\n<div class=\"gliwi-a5-na-koncu-artykulow gliwi-entity-placement\" id=\"gliwi-1137356169\"><div class=\"gliwi-adlabel\"><span style=\"font-size: 9px\">REKLAMA<\/span><\/div><div id=\"gliwi-3099749293\" style=\"margin-left: auto;margin-right: auto;text-align: center;\"><a data-no-instant=\"1\" href=\"https:\/\/prezeroarenagliwice.pl\/\" rel=\"noopener\" class=\"a2t-link\" target=\"_blank\" aria-label=\"20260309-PREZERO-WIOSNA-D\"><img loading=\"lazy\" decoding=\"async\" src=\"https:\/\/www.24gliwice.pl\/wiadomosci\/wp-content\/uploads\/2026\/03\/20260309-PREZERO-WIOSNA-D.webp\" alt=\"\"  srcset=\"https:\/\/www.24gliwice.pl\/wiadomosci\/wp-content\/uploads\/2026\/03\/20260309-PREZERO-WIOSNA-D.webp 750w, https:\/\/www.24gliwice.pl\/wiadomosci\/wp-content\/uploads\/2026\/03\/20260309-PREZERO-WIOSNA-D-410x109.webp 410w\" sizes=\"(max-width: 750px) 100vw, 750px\" class=\"no-lazyload\" width=\"750\" height=\"200\"  style=\"display: inline-block; max-width: 100%; height: auto;\" \/><\/a><\/div><\/div>","protected":false},"excerpt":{"rendered":"<p>Nawet najpopularniejsi super bohaterowie czasem potrzebuj\u0105 dodatkowych r\u0105k do pomocy. Tak jest i tym razem! W tym roku \u015awi\u0119ty Miko\u0142aj, opr\u00f3cz ca\u0142ej masy podarunk\u00f3w, ma do wr\u0119czenia jeden bardzo wa\u017cny prezent. Aby jego misja si\u0119 powiod\u0142a, musimy go wesprze\u0107 nasz\u0105 dobroczynno\u015bci\u0105. W\u0142a\u015bnie nadarza si\u0119 ku temu idealna okazja: Miko\u0142ajkowy Skup Kultury w Europie Centralnej. Liczy [&hellip;]<\/p>\n","protected":false},"author":4,"featured_media":144032,"comment_status":"closed","ping_status":"closed","sticky":false,"template":"","format":"standard","meta":{"_monsterinsights_skip_tracking":false,"_monsterinsights_sitenote_active":false,"_monsterinsights_sitenote_note":"","_monsterinsights_sitenote_category":0,"footnotes":"","_links_to":"","_links_to_target":""},"categories":[3,6,1],"tags":[6762,286],"class_list":["post-144593","post","type-post","status-publish","format-standard","has-post-thumbnail","hentry","category-gliwice","category-kultura","category-wszystko","tag-ec","tag-europa-centralna"],"yoast_head":"<!-- This site is optimized with the Yoast SEO plugin v27.5 - https:\/\/yoast.com\/product\/yoast-seo-wordpress\/ -->\n<title>Europa Centralna w\u0142\u0105cza si\u0119 w walk\u0119 o \u017cycie Kasi. Pom\u00f3\u017c i Ty! Wystarczy odwiedzi\u0107 Miko\u0142ajkowy Skup Kultury - 24GLIWICE - Portal Gliwice | codziennie nowe informacje<\/title>\n<meta name=\"robots\" content=\"index, follow, max-snippet:-1, max-image-preview:large, max-video-preview:-1\" \/>\n<link rel=\"canonical\" href=\"https:\/\/www.24gliwice.pl\/wiadomosci\/europa-centralna-wlacza-sie-w-walke-o-zycie-kasi-pomoz-i-ty-wystarczy-odwiedzic-mikolajkowy-skup-kultury\/\" \/>\n<meta property=\"og:locale\" content=\"pl_PL\" \/>\n<meta property=\"og:type\" content=\"article\" \/>\n<meta property=\"og:title\" content=\"Europa Centralna w\u0142\u0105cza si\u0119 w walk\u0119 o \u017cycie Kasi. Pom\u00f3\u017c i Ty! Wystarczy odwiedzi\u0107 Miko\u0142ajkowy Skup Kultury - 24GLIWICE - Portal Gliwice | codziennie nowe informacje\" \/>\n<meta property=\"og:description\" content=\"Nawet najpopularniejsi super bohaterowie czasem potrzebuj\u0105 dodatkowych r\u0105k do pomocy. Tak jest i tym razem! W tym roku \u015awi\u0119ty Miko\u0142aj, opr\u00f3cz ca\u0142ej masy podarunk\u00f3w, ma do wr\u0119czenia jeden bardzo wa\u017cny prezent. Aby jego misja si\u0119 powiod\u0142a, musimy go wesprze\u0107 nasz\u0105 dobroczynno\u015bci\u0105. W\u0142a\u015bnie nadarza si\u0119 ku temu idealna okazja: Miko\u0142ajkowy Skup Kultury w Europie Centralnej. Liczy [&hellip;]\" \/>\n<meta property=\"og:url\" content=\"https:\/\/www.24gliwice.pl\/wiadomosci\/europa-centralna-wlacza-sie-w-walke-o-zycie-kasi-pomoz-i-ty-wystarczy-odwiedzic-mikolajkowy-skup-kultury\/\" \/>\n<meta property=\"og:site_name\" content=\"24GLIWICE - Portal Gliwice | codziennie nowe informacje\" \/>\n<meta property=\"article:publisher\" content=\"https:\/\/www.facebook.com\/24gliwice\" \/>\n<meta property=\"article:author\" content=\"https:\/\/www.facebook.com\/marcin.fabrykowski\" \/>\n<meta property=\"article:published_time\" content=\"2019-12-06T00:48:27+00:00\" \/>\n<meta property=\"article:modified_time\" content=\"2019-12-07T00:52:37+00:00\" \/>\n<meta property=\"og:image\" content=\"https:\/\/www.24gliwice.pl\/wiadomosci\/wp-content\/uploads\/2019\/11\/europa-centralna-gliwice-scaled-e1574857042747.jpg\" \/>\n\t<meta property=\"og:image:width\" content=\"810\" \/>\n\t<meta property=\"og:image:height\" content=\"446\" \/>\n\t<meta property=\"og:image:type\" content=\"image\/jpeg\" \/>\n<meta name=\"author\" content=\"Marcin Fabrykowski\" \/>\n<meta name=\"twitter:card\" content=\"summary_large_image\" \/>\n<meta name=\"twitter:creator\" content=\"@24gliwice\" \/>\n<meta name=\"twitter:site\" content=\"@24gliwice\" \/>\n<meta name=\"twitter:label1\" content=\"Napisane przez\" \/>\n\t<meta name=\"twitter:data1\" content=\"Marcin Fabrykowski\" \/>\n\t<meta name=\"twitter:label2\" content=\"Szacowany czas czytania\" \/>\n\t<meta name=\"twitter:data2\" content=\"3 minuty\" \/>\n<script type=\"application\/ld+json\" class=\"yoast-schema-graph\">{\"@context\":\"https:\\\/\\\/schema.org\",\"@graph\":[{\"@type\":\"Article\",\"@id\":\"https:\\\/\\\/www.24gliwice.pl\\\/wiadomosci\\\/europa-centralna-wlacza-sie-w-walke-o-zycie-kasi-pomoz-i-ty-wystarczy-odwiedzic-mikolajkowy-skup-kultury\\\/#article\",\"isPartOf\":{\"@id\":\"https:\\\/\\\/www.24gliwice.pl\\\/wiadomosci\\\/europa-centralna-wlacza-sie-w-walke-o-zycie-kasi-pomoz-i-ty-wystarczy-odwiedzic-mikolajkowy-skup-kultury\\\/\"},\"author\":{\"name\":\"Marcin Fabrykowski\",\"@id\":\"https:\\\/\\\/www.24gliwice.pl\\\/wiadomosci\\\/#\\\/schema\\\/person\\\/cb5857e4a4d048c15984c1edcc8ef0c0\"},\"headline\":\"Europa Centralna w\u0142\u0105cza si\u0119 w walk\u0119 o \u017cycie Kasi. Pom\u00f3\u017c i Ty! Wystarczy odwiedzi\u0107 Miko\u0142ajkowy Skup Kultury\",\"datePublished\":\"2019-12-06T00:48:27+00:00\",\"dateModified\":\"2019-12-07T00:52:37+00:00\",\"mainEntityOfPage\":{\"@id\":\"https:\\\/\\\/www.24gliwice.pl\\\/wiadomosci\\\/europa-centralna-wlacza-sie-w-walke-o-zycie-kasi-pomoz-i-ty-wystarczy-odwiedzic-mikolajkowy-skup-kultury\\\/\"},\"wordCount\":633,\"publisher\":{\"@id\":\"https:\\\/\\\/www.24gliwice.pl\\\/wiadomosci\\\/#organization\"},\"image\":{\"@id\":\"https:\\\/\\\/www.24gliwice.pl\\\/wiadomosci\\\/europa-centralna-wlacza-sie-w-walke-o-zycie-kasi-pomoz-i-ty-wystarczy-odwiedzic-mikolajkowy-skup-kultury\\\/#primaryimage\"},\"thumbnailUrl\":\"https:\\\/\\\/www.24gliwice.pl\\\/wiadomosci\\\/wp-content\\\/uploads\\\/2019\\\/11\\\/europa-centralna-gliwice-scaled-e1574857042747.jpg\",\"keywords\":[\"ec\",\"EUROPA CENTRALNA\"],\"articleSection\":[\"Gliwice\",\"Kultura, wydarzenia, imprezy\",\"Najnowsze wiadomo\u015bci\"],\"inLanguage\":\"pl-PL\"},{\"@type\":\"WebPage\",\"@id\":\"https:\\\/\\\/www.24gliwice.pl\\\/wiadomosci\\\/europa-centralna-wlacza-sie-w-walke-o-zycie-kasi-pomoz-i-ty-wystarczy-odwiedzic-mikolajkowy-skup-kultury\\\/\",\"url\":\"https:\\\/\\\/www.24gliwice.pl\\\/wiadomosci\\\/europa-centralna-wlacza-sie-w-walke-o-zycie-kasi-pomoz-i-ty-wystarczy-odwiedzic-mikolajkowy-skup-kultury\\\/\",\"name\":\"Europa Centralna w\u0142\u0105cza si\u0119 w walk\u0119 o \u017cycie Kasi. Pom\u00f3\u017c i Ty! Wystarczy odwiedzi\u0107 Miko\u0142ajkowy Skup Kultury - 24GLIWICE - Portal Gliwice | codziennie nowe informacje\",\"isPartOf\":{\"@id\":\"https:\\\/\\\/www.24gliwice.pl\\\/wiadomosci\\\/#website\"},\"primaryImageOfPage\":{\"@id\":\"https:\\\/\\\/www.24gliwice.pl\\\/wiadomosci\\\/europa-centralna-wlacza-sie-w-walke-o-zycie-kasi-pomoz-i-ty-wystarczy-odwiedzic-mikolajkowy-skup-kultury\\\/#primaryimage\"},\"image\":{\"@id\":\"https:\\\/\\\/www.24gliwice.pl\\\/wiadomosci\\\/europa-centralna-wlacza-sie-w-walke-o-zycie-kasi-pomoz-i-ty-wystarczy-odwiedzic-mikolajkowy-skup-kultury\\\/#primaryimage\"},\"thumbnailUrl\":\"https:\\\/\\\/www.24gliwice.pl\\\/wiadomosci\\\/wp-content\\\/uploads\\\/2019\\\/11\\\/europa-centralna-gliwice-scaled-e1574857042747.jpg\",\"datePublished\":\"2019-12-06T00:48:27+00:00\",\"dateModified\":\"2019-12-07T00:52:37+00:00\",\"breadcrumb\":{\"@id\":\"https:\\\/\\\/www.24gliwice.pl\\\/wiadomosci\\\/europa-centralna-wlacza-sie-w-walke-o-zycie-kasi-pomoz-i-ty-wystarczy-odwiedzic-mikolajkowy-skup-kultury\\\/#breadcrumb\"},\"inLanguage\":\"pl-PL\",\"potentialAction\":[{\"@type\":\"ReadAction\",\"target\":[\"https:\\\/\\\/www.24gliwice.pl\\\/wiadomosci\\\/europa-centralna-wlacza-sie-w-walke-o-zycie-kasi-pomoz-i-ty-wystarczy-odwiedzic-mikolajkowy-skup-kultury\\\/\"]}]},{\"@type\":\"ImageObject\",\"inLanguage\":\"pl-PL\",\"@id\":\"https:\\\/\\\/www.24gliwice.pl\\\/wiadomosci\\\/europa-centralna-wlacza-sie-w-walke-o-zycie-kasi-pomoz-i-ty-wystarczy-odwiedzic-mikolajkowy-skup-kultury\\\/#primaryimage\",\"url\":\"https:\\\/\\\/www.24gliwice.pl\\\/wiadomosci\\\/wp-content\\\/uploads\\\/2019\\\/11\\\/europa-centralna-gliwice-scaled-e1574857042747.jpg\",\"contentUrl\":\"https:\\\/\\\/www.24gliwice.pl\\\/wiadomosci\\\/wp-content\\\/uploads\\\/2019\\\/11\\\/europa-centralna-gliwice-scaled-e1574857042747.jpg\",\"width\":810,\"height\":446,\"caption\":\"fot. arch. 24gliwice.pl\"},{\"@type\":\"BreadcrumbList\",\"@id\":\"https:\\\/\\\/www.24gliwice.pl\\\/wiadomosci\\\/europa-centralna-wlacza-sie-w-walke-o-zycie-kasi-pomoz-i-ty-wystarczy-odwiedzic-mikolajkowy-skup-kultury\\\/#breadcrumb\",\"itemListElement\":[{\"@type\":\"ListItem\",\"position\":1,\"name\":\"Strona g\u0142\u00f3wna\",\"item\":\"https:\\\/\\\/www.24gliwice.pl\\\/wiadomosci\\\/\"},{\"@type\":\"ListItem\",\"position\":2,\"name\":\"Europa Centralna w\u0142\u0105cza si\u0119 w walk\u0119 o \u017cycie Kasi. Pom\u00f3\u017c i Ty! Wystarczy odwiedzi\u0107 Miko\u0142ajkowy Skup Kultury\"}]},{\"@type\":\"WebSite\",\"@id\":\"https:\\\/\\\/www.24gliwice.pl\\\/wiadomosci\\\/#website\",\"url\":\"https:\\\/\\\/www.24gliwice.pl\\\/wiadomosci\\\/\",\"name\":\"24GLIWICE - Portal Gliwice | codziennie nowe wiadomo\u015bci\",\"description\":\"Portal Miejski Gliwice\",\"publisher\":{\"@id\":\"https:\\\/\\\/www.24gliwice.pl\\\/wiadomosci\\\/#organization\"},\"potentialAction\":[{\"@type\":\"SearchAction\",\"target\":{\"@type\":\"EntryPoint\",\"urlTemplate\":\"https:\\\/\\\/www.24gliwice.pl\\\/wiadomosci\\\/?s={search_term_string}\"},\"query-input\":{\"@type\":\"PropertyValueSpecification\",\"valueRequired\":true,\"valueName\":\"search_term_string\"}}],\"inLanguage\":\"pl-PL\"},{\"@type\":\"Organization\",\"@id\":\"https:\\\/\\\/www.24gliwice.pl\\\/wiadomosci\\\/#organization\",\"name\":\"24gliwice\",\"url\":\"https:\\\/\\\/www.24gliwice.pl\\\/wiadomosci\\\/\",\"logo\":{\"@type\":\"ImageObject\",\"inLanguage\":\"pl-PL\",\"@id\":\"https:\\\/\\\/www.24gliwice.pl\\\/wiadomosci\\\/#\\\/schema\\\/logo\\\/image\\\/\",\"url\":\"https:\\\/\\\/www.24gliwice.pl\\\/wiadomosci\\\/wp-content\\\/uploads\\\/2024\\\/10\\\/24gliwice-logo-696.jpg\",\"contentUrl\":\"https:\\\/\\\/www.24gliwice.pl\\\/wiadomosci\\\/wp-content\\\/uploads\\\/2024\\\/10\\\/24gliwice-logo-696.jpg\",\"width\":696,\"height\":696,\"caption\":\"24gliwice\"},\"image\":{\"@id\":\"https:\\\/\\\/www.24gliwice.pl\\\/wiadomosci\\\/#\\\/schema\\\/logo\\\/image\\\/\"},\"sameAs\":[\"https:\\\/\\\/www.facebook.com\\\/24gliwice\",\"https:\\\/\\\/x.com\\\/24gliwice\",\"https:\\\/\\\/www.youtube.com\\\/@24gliwice\"]},{\"@type\":\"Person\",\"@id\":\"https:\\\/\\\/www.24gliwice.pl\\\/wiadomosci\\\/#\\\/schema\\\/person\\\/cb5857e4a4d048c15984c1edcc8ef0c0\",\"name\":\"Marcin Fabrykowski\",\"image\":{\"@type\":\"ImageObject\",\"inLanguage\":\"pl-PL\",\"@id\":\"https:\\\/\\\/www.24gliwice.pl\\\/wiadomosci\\\/wp-content\\\/uploads\\\/2025\\\/11\\\/zdjecie-moje-marcin-300-96x96.jpg\",\"url\":\"https:\\\/\\\/www.24gliwice.pl\\\/wiadomosci\\\/wp-content\\\/uploads\\\/2025\\\/11\\\/zdjecie-moje-marcin-300-96x96.jpg\",\"contentUrl\":\"https:\\\/\\\/www.24gliwice.pl\\\/wiadomosci\\\/wp-content\\\/uploads\\\/2025\\\/11\\\/zdjecie-moje-marcin-300-96x96.jpg\",\"caption\":\"Marcin Fabrykowski\"},\"sameAs\":[\"http:\\\/\\\/24gliwice.pl\",\"https:\\\/\\\/www.facebook.com\\\/marcin.fabrykowski\"],\"url\":\"https:\\\/\\\/www.24gliwice.pl\\\/wiadomosci\\\/author\\\/marcin-fabrykowski\\\/\"}]}<\/script>\n<!-- \/ Yoast SEO plugin. -->","yoast_head_json":{"title":"Europa Centralna w\u0142\u0105cza si\u0119 w walk\u0119 o \u017cycie Kasi. Pom\u00f3\u017c i Ty! Wystarczy odwiedzi\u0107 Miko\u0142ajkowy Skup Kultury - 24GLIWICE - Portal Gliwice | codziennie nowe informacje","robots":{"index":"index","follow":"follow","max-snippet":"max-snippet:-1","max-image-preview":"max-image-preview:large","max-video-preview":"max-video-preview:-1"},"canonical":"https:\/\/www.24gliwice.pl\/wiadomosci\/europa-centralna-wlacza-sie-w-walke-o-zycie-kasi-pomoz-i-ty-wystarczy-odwiedzic-mikolajkowy-skup-kultury\/","og_locale":"pl_PL","og_type":"article","og_title":"Europa Centralna w\u0142\u0105cza si\u0119 w walk\u0119 o \u017cycie Kasi. Pom\u00f3\u017c i Ty! Wystarczy odwiedzi\u0107 Miko\u0142ajkowy Skup Kultury - 24GLIWICE - Portal Gliwice | codziennie nowe informacje","og_description":"Nawet najpopularniejsi super bohaterowie czasem potrzebuj\u0105 dodatkowych r\u0105k do pomocy. Tak jest i tym razem! W tym roku \u015awi\u0119ty Miko\u0142aj, opr\u00f3cz ca\u0142ej masy podarunk\u00f3w, ma do wr\u0119czenia jeden bardzo wa\u017cny prezent. Aby jego misja si\u0119 powiod\u0142a, musimy go wesprze\u0107 nasz\u0105 dobroczynno\u015bci\u0105. W\u0142a\u015bnie nadarza si\u0119 ku temu idealna okazja: Miko\u0142ajkowy Skup Kultury w Europie Centralnej. Liczy [&hellip;]","og_url":"https:\/\/www.24gliwice.pl\/wiadomosci\/europa-centralna-wlacza-sie-w-walke-o-zycie-kasi-pomoz-i-ty-wystarczy-odwiedzic-mikolajkowy-skup-kultury\/","og_site_name":"24GLIWICE - Portal Gliwice | codziennie nowe informacje","article_publisher":"https:\/\/www.facebook.com\/24gliwice","article_author":"https:\/\/www.facebook.com\/marcin.fabrykowski","article_published_time":"2019-12-06T00:48:27+00:00","article_modified_time":"2019-12-07T00:52:37+00:00","og_image":[{"width":810,"height":446,"url":"https:\/\/www.24gliwice.pl\/wiadomosci\/wp-content\/uploads\/2019\/11\/europa-centralna-gliwice-scaled-e1574857042747.jpg","type":"image\/jpeg"}],"author":"Marcin Fabrykowski","twitter_card":"summary_large_image","twitter_creator":"@24gliwice","twitter_site":"@24gliwice","twitter_misc":{"Napisane przez":"Marcin Fabrykowski","Szacowany czas czytania":"3 minuty"},"schema":{"@context":"https:\/\/schema.org","@graph":[{"@type":"Article","@id":"https:\/\/www.24gliwice.pl\/wiadomosci\/europa-centralna-wlacza-sie-w-walke-o-zycie-kasi-pomoz-i-ty-wystarczy-odwiedzic-mikolajkowy-skup-kultury\/#article","isPartOf":{"@id":"https:\/\/www.24gliwice.pl\/wiadomosci\/europa-centralna-wlacza-sie-w-walke-o-zycie-kasi-pomoz-i-ty-wystarczy-odwiedzic-mikolajkowy-skup-kultury\/"},"author":{"name":"Marcin Fabrykowski","@id":"https:\/\/www.24gliwice.pl\/wiadomosci\/#\/schema\/person\/cb5857e4a4d048c15984c1edcc8ef0c0"},"headline":"Europa Centralna w\u0142\u0105cza si\u0119 w walk\u0119 o \u017cycie Kasi. Pom\u00f3\u017c i Ty! Wystarczy odwiedzi\u0107 Miko\u0142ajkowy Skup Kultury","datePublished":"2019-12-06T00:48:27+00:00","dateModified":"2019-12-07T00:52:37+00:00","mainEntityOfPage":{"@id":"https:\/\/www.24gliwice.pl\/wiadomosci\/europa-centralna-wlacza-sie-w-walke-o-zycie-kasi-pomoz-i-ty-wystarczy-odwiedzic-mikolajkowy-skup-kultury\/"},"wordCount":633,"publisher":{"@id":"https:\/\/www.24gliwice.pl\/wiadomosci\/#organization"},"image":{"@id":"https:\/\/www.24gliwice.pl\/wiadomosci\/europa-centralna-wlacza-sie-w-walke-o-zycie-kasi-pomoz-i-ty-wystarczy-odwiedzic-mikolajkowy-skup-kultury\/#primaryimage"},"thumbnailUrl":"https:\/\/www.24gliwice.pl\/wiadomosci\/wp-content\/uploads\/2019\/11\/europa-centralna-gliwice-scaled-e1574857042747.jpg","keywords":["ec","EUROPA CENTRALNA"],"articleSection":["Gliwice","Kultura, wydarzenia, imprezy","Najnowsze wiadomo\u015bci"],"inLanguage":"pl-PL"},{"@type":"WebPage","@id":"https:\/\/www.24gliwice.pl\/wiadomosci\/europa-centralna-wlacza-sie-w-walke-o-zycie-kasi-pomoz-i-ty-wystarczy-odwiedzic-mikolajkowy-skup-kultury\/","url":"https:\/\/www.24gliwice.pl\/wiadomosci\/europa-centralna-wlacza-sie-w-walke-o-zycie-kasi-pomoz-i-ty-wystarczy-odwiedzic-mikolajkowy-skup-kultury\/","name":"Europa Centralna w\u0142\u0105cza si\u0119 w walk\u0119 o \u017cycie Kasi. Pom\u00f3\u017c i Ty! Wystarczy odwiedzi\u0107 Miko\u0142ajkowy Skup Kultury - 24GLIWICE - Portal Gliwice | codziennie nowe informacje","isPartOf":{"@id":"https:\/\/www.24gliwice.pl\/wiadomosci\/#website"},"primaryImageOfPage":{"@id":"https:\/\/www.24gliwice.pl\/wiadomosci\/europa-centralna-wlacza-sie-w-walke-o-zycie-kasi-pomoz-i-ty-wystarczy-odwiedzic-mikolajkowy-skup-kultury\/#primaryimage"},"image":{"@id":"https:\/\/www.24gliwice.pl\/wiadomosci\/europa-centralna-wlacza-sie-w-walke-o-zycie-kasi-pomoz-i-ty-wystarczy-odwiedzic-mikolajkowy-skup-kultury\/#primaryimage"},"thumbnailUrl":"https:\/\/www.24gliwice.pl\/wiadomosci\/wp-content\/uploads\/2019\/11\/europa-centralna-gliwice-scaled-e1574857042747.jpg","datePublished":"2019-12-06T00:48:27+00:00","dateModified":"2019-12-07T00:52:37+00:00","breadcrumb":{"@id":"https:\/\/www.24gliwice.pl\/wiadomosci\/europa-centralna-wlacza-sie-w-walke-o-zycie-kasi-pomoz-i-ty-wystarczy-odwiedzic-mikolajkowy-skup-kultury\/#breadcrumb"},"inLanguage":"pl-PL","potentialAction":[{"@type":"ReadAction","target":["https:\/\/www.24gliwice.pl\/wiadomosci\/europa-centralna-wlacza-sie-w-walke-o-zycie-kasi-pomoz-i-ty-wystarczy-odwiedzic-mikolajkowy-skup-kultury\/"]}]},{"@type":"ImageObject","inLanguage":"pl-PL","@id":"https:\/\/www.24gliwice.pl\/wiadomosci\/europa-centralna-wlacza-sie-w-walke-o-zycie-kasi-pomoz-i-ty-wystarczy-odwiedzic-mikolajkowy-skup-kultury\/#primaryimage","url":"https:\/\/www.24gliwice.pl\/wiadomosci\/wp-content\/uploads\/2019\/11\/europa-centralna-gliwice-scaled-e1574857042747.jpg","contentUrl":"https:\/\/www.24gliwice.pl\/wiadomosci\/wp-content\/uploads\/2019\/11\/europa-centralna-gliwice-scaled-e1574857042747.jpg","width":810,"height":446,"caption":"fot. arch. 24gliwice.pl"},{"@type":"BreadcrumbList","@id":"https:\/\/www.24gliwice.pl\/wiadomosci\/europa-centralna-wlacza-sie-w-walke-o-zycie-kasi-pomoz-i-ty-wystarczy-odwiedzic-mikolajkowy-skup-kultury\/#breadcrumb","itemListElement":[{"@type":"ListItem","position":1,"name":"Strona g\u0142\u00f3wna","item":"https:\/\/www.24gliwice.pl\/wiadomosci\/"},{"@type":"ListItem","position":2,"name":"Europa Centralna w\u0142\u0105cza si\u0119 w walk\u0119 o \u017cycie Kasi. Pom\u00f3\u017c i Ty! Wystarczy odwiedzi\u0107 Miko\u0142ajkowy Skup Kultury"}]},{"@type":"WebSite","@id":"https:\/\/www.24gliwice.pl\/wiadomosci\/#website","url":"https:\/\/www.24gliwice.pl\/wiadomosci\/","name":"24GLIWICE - Portal Gliwice | codziennie nowe wiadomo\u015bci","description":"Portal Miejski Gliwice","publisher":{"@id":"https:\/\/www.24gliwice.pl\/wiadomosci\/#organization"},"potentialAction":[{"@type":"SearchAction","target":{"@type":"EntryPoint","urlTemplate":"https:\/\/www.24gliwice.pl\/wiadomosci\/?s={search_term_string}"},"query-input":{"@type":"PropertyValueSpecification","valueRequired":true,"valueName":"search_term_string"}}],"inLanguage":"pl-PL"},{"@type":"Organization","@id":"https:\/\/www.24gliwice.pl\/wiadomosci\/#organization","name":"24gliwice","url":"https:\/\/www.24gliwice.pl\/wiadomosci\/","logo":{"@type":"ImageObject","inLanguage":"pl-PL","@id":"https:\/\/www.24gliwice.pl\/wiadomosci\/#\/schema\/logo\/image\/","url":"https:\/\/www.24gliwice.pl\/wiadomosci\/wp-content\/uploads\/2024\/10\/24gliwice-logo-696.jpg","contentUrl":"https:\/\/www.24gliwice.pl\/wiadomosci\/wp-content\/uploads\/2024\/10\/24gliwice-logo-696.jpg","width":696,"height":696,"caption":"24gliwice"},"image":{"@id":"https:\/\/www.24gliwice.pl\/wiadomosci\/#\/schema\/logo\/image\/"},"sameAs":["https:\/\/www.facebook.com\/24gliwice","https:\/\/x.com\/24gliwice","https:\/\/www.youtube.com\/@24gliwice"]},{"@type":"Person","@id":"https:\/\/www.24gliwice.pl\/wiadomosci\/#\/schema\/person\/cb5857e4a4d048c15984c1edcc8ef0c0","name":"Marcin Fabrykowski","image":{"@type":"ImageObject","inLanguage":"pl-PL","@id":"https:\/\/www.24gliwice.pl\/wiadomosci\/wp-content\/uploads\/2025\/11\/zdjecie-moje-marcin-300-96x96.jpg","url":"https:\/\/www.24gliwice.pl\/wiadomosci\/wp-content\/uploads\/2025\/11\/zdjecie-moje-marcin-300-96x96.jpg","contentUrl":"https:\/\/www.24gliwice.pl\/wiadomosci\/wp-content\/uploads\/2025\/11\/zdjecie-moje-marcin-300-96x96.jpg","caption":"Marcin Fabrykowski"},"sameAs":["http:\/\/24gliwice.pl","https:\/\/www.facebook.com\/marcin.fabrykowski"],"url":"https:\/\/www.24gliwice.pl\/wiadomosci\/author\/marcin-fabrykowski\/"}]}},"_links":{"self":[{"href":"https:\/\/www.24gliwice.pl\/wiadomosci\/wp-json\/wp\/v2\/posts\/144593","targetHints":{"allow":["GET"]}}],"collection":[{"href":"https:\/\/www.24gliwice.pl\/wiadomosci\/wp-json\/wp\/v2\/posts"}],"about":[{"href":"https:\/\/www.24gliwice.pl\/wiadomosci\/wp-json\/wp\/v2\/types\/post"}],"author":[{"embeddable":true,"href":"https:\/\/www.24gliwice.pl\/wiadomosci\/wp-json\/wp\/v2\/users\/4"}],"replies":[{"embeddable":true,"href":"https:\/\/www.24gliwice.pl\/wiadomosci\/wp-json\/wp\/v2\/comments?post=144593"}],"version-history":[{"count":0,"href":"https:\/\/www.24gliwice.pl\/wiadomosci\/wp-json\/wp\/v2\/posts\/144593\/revisions"}],"wp:featuredmedia":[{"embeddable":true,"href":"https:\/\/www.24gliwice.pl\/wiadomosci\/wp-json\/wp\/v2\/media\/144032"}],"wp:attachment":[{"href":"https:\/\/www.24gliwice.pl\/wiadomosci\/wp-json\/wp\/v2\/media?parent=144593"}],"wp:term":[{"taxonomy":"category","embeddable":true,"href":"https:\/\/www.24gliwice.pl\/wiadomosci\/wp-json\/wp\/v2\/categories?post=144593"},{"taxonomy":"post_tag","embeddable":true,"href":"https:\/\/www.24gliwice.pl\/wiadomosci\/wp-json\/wp\/v2\/tags?post=144593"}],"curies":[{"name":"wp","href":"https:\/\/api.w.org\/{rel}","templated":true}]}}