{"id":144598,"date":"2019-12-08T13:01:41","date_gmt":"2019-12-08T12:01:41","guid":{"rendered":"https:\/\/www.24gliwice.pl\/wiadomosci\/?p=144598"},"modified":"2024-02-18T03:10:48","modified_gmt":"2024-02-18T02:10:48","slug":"janusz-moszynski-zapewniam-ze-nikt-nie-ma-do-mnie-pilota-i-nie-bedzie-go-miec","status":"publish","type":"post","link":"https:\/\/www.24gliwice.pl\/wiadomosci\/janusz-moszynski-zapewniam-ze-nikt-nie-ma-do-mnie-pilota-i-nie-bedzie-go-miec\/","title":{"rendered":"Janusz Moszy\u0144ski: &#8220;Zapewniam, \u017ce nikt nie ma do mnie pilota i nie b\u0119dzie go mie\u0107&#8221;"},"content":{"rendered":"<div class=\"gliwi-a6-nad-leadem-artykulow gliwi-entity-placement\" id=\"gliwi-956639930\"><div class=\"gliwi-adlabel\"><span style=\"font-size: 9px\">REKLAMA<\/span><\/div><div id=\"gliwi-1435701253\" style=\"margin-bottom: 30px;margin-left: auto;margin-right: auto;text-align: center;\"><a data-no-instant=\"1\" href=\"https:\/\/przedszkole.halogen.org.pl\/\" rel=\"noopener\" class=\"a2t-link\" target=\"_blank\" aria-label=\"20260402-ANIMATOR-przedszkole_grafika_750x200\"><img loading=\"lazy\" decoding=\"async\" src=\"https:\/\/www.24gliwice.pl\/wiadomosci\/wp-content\/uploads\/2026\/04\/20260402-ANIMATOR-przedszkole_grafika_750x200.webp\" alt=\"\"  srcset=\"https:\/\/www.24gliwice.pl\/wiadomosci\/wp-content\/uploads\/2026\/04\/20260402-ANIMATOR-przedszkole_grafika_750x200.webp 750w, https:\/\/www.24gliwice.pl\/wiadomosci\/wp-content\/uploads\/2026\/04\/20260402-ANIMATOR-przedszkole_grafika_750x200-410x109.webp 410w\" sizes=\"(max-width: 750px) 100vw, 750px\" class=\"no-lazyload\" width=\"750\" height=\"200\"  style=\"display: inline-block; max-width: 100%; height: auto;\" \/><\/a><\/div><\/div><h3>&#8211; Czasami jest tak, \u017ce jak cz\u0142owiek patrzy a\u017c po horyzont, to nie widzi tego co ma pod nogami<\/h3>\n<p>&#8211; m\u00f3wi o ostatnich latach rozwoju miasta <strong>Janusz Moszy\u0144ski<\/strong>. Z czyim poparciem idzie do wybor\u00f3w? Jak odpowiada na krytyk\u0119 ze strony Adama Neumanna? Jaka przysz\u0142o\u015b\u0107 czeka Aren\u0119 Gliwice i dlaczego nale\u017cy zatrzyma\u0107 &#8220;niszczycielski amok&#8221; w gliwickiej kulturze? O tym wszystkim w rozmowie z 24gliwice.pl.<\/p>\n<p style=\"padding-left: 80px;\"><span style=\"color: #ff0000;\">Wywiad ukazuje si\u0119 w cyklu naszych rozm\u00f3w z kandydatami na prezydenta Gliwic. Zach\u0119camy te\u017c do lektury wywiadu z kontrkandydatami Janusza Moszy\u0144skiego,\u00a0 <strong><a style=\"color: #ff0000;\" href=\"https:\/\/www.24gliwice.pl\/wiadomosci\/kajetan-gornig-jestem-kandydatem-ktory-gwarantuje-swieza-wizje-miasta-jest-blizej-ludzi\/\" target=\"_blank\" rel=\"noopener noreferrer\">Kajetanem Gornigiem (link)<\/a><\/strong><a style=\"color: #ff0000;\" href=\"https:\/\/www.24gliwice.pl\/wiadomosci\/kajetan-gornig-jestem-kandydatem-ktory-gwarantuje-swieza-wizje-miasta-jest-blizej-ludzi\/\" target=\"_blank\" rel=\"noopener noreferrer\"> i<\/a><strong><a style=\"color: #ff0000;\" href=\"https:\/\/www.24gliwice.pl\/wiadomosci\/adam-neumann-ostatnie-26-lat-to-nieslychanie-dobrze-wykonana-praca-dla-miasta\/\" target=\"_blank\" rel=\"noopener noreferrer\"> Adamem Neumannem (link)<\/a><\/strong><\/span><\/p><div class=\"gliwi-a3-w-tresci-artykulow gliwi-entity-placement\" id=\"gliwi-529416165\"><div class=\"gliwi-adlabel\"><span style=\"font-size: 9px\">REKLAMA<\/span><\/div><div id=\"gliwi-3423323666\" style=\"margin-bottom: 30px;margin-left: auto;margin-right: auto;text-align: center;\"><a data-no-instant=\"1\" href=\"https:\/\/ogrodyandersa.pl\/\" rel=\"noopener\" class=\"a2t-link\" target=\"_blank\" aria-label=\"20260415 Ogrody Andersa KUP TERAZ D\"><img loading=\"lazy\" decoding=\"async\" src=\"https:\/\/www.24gliwice.pl\/wiadomosci\/wp-content\/uploads\/2026\/04\/20260415-Ogrody-Andersa-KUP-TERAZ-D.jpg\" alt=\"\"  srcset=\"https:\/\/www.24gliwice.pl\/wiadomosci\/wp-content\/uploads\/2026\/04\/20260415-Ogrody-Andersa-KUP-TERAZ-D.jpg 750w, https:\/\/www.24gliwice.pl\/wiadomosci\/wp-content\/uploads\/2026\/04\/20260415-Ogrody-Andersa-KUP-TERAZ-D-410x109.jpg 410w\" sizes=\"(max-width: 750px) 100vw, 750px\" class=\"no-lazyload\" width=\"750\" height=\"200\"  style=\"display: inline-block; max-width: 100%; height: auto;\" \/><\/a><\/div><\/div>\n<h4>Micha\u0142 Szewczyk, 24gliwice.pl:- Jak to jest z t\u0105 Pana moralno\u015bci\u0105 i obyczajami?<\/h4>\n<p>Janusz Moszy\u0144ski, kandydat na prezydenta miasta:- Jestem chyba ostatni\u0105 osob\u0105, kt\u00f3ra powinna si\u0119 na w\u0142asny temat wypowiada\u0107. Ale zawsze jak kto\u015b m\u00f3wi, \u017ce jest uczciwy to dla pewno\u015bci sprawdzam czy dalej mam portfel (\u015bmiech).<\/p>\n<h4>&#8211; Nawi\u0105zuj\u0119 do s\u0142\u00f3w Adama Neumanna, kt\u00f3ry twierdzi, \u017ce to w\u0142a\u015bnie owa \u201emoralno\u015b\u0107 i dobry obyczaj\u201d zabraniaj\u0105 Panu zaci\u0105ga\u0107 zobowi\u0105zania na rzecz miasta.<\/h4>\n<p>&#8211; To g\u0142\u0119bokie niezrozumienie sytuacji, w kt\u00f3rej znalaz\u0142y si\u0119 Gliwice. Tu nie nast\u0105pi\u0142a \u017cadna tragiczna sytuacja jak np. w Gda\u0144sku. Po prostu z powodu indywidualnej decyzji jednego cz\u0142owieka, miasto zosta\u0142y pozbawione prezydenta. Ustawa m\u00f3wi jasno, \u017ce w takiej sytuacji wskazywana jest osoba pe\u0142ni\u0105ca obowi\u0105zki prezydenta ze wszystkimi jego kompetencjami. Nie mo\u017cna oczekiwa\u0107, \u017ce prawie 180-tysi\u0119czne Gliwice zostan\u0105 \u201ezamro\u017cone\u201d na 3 miesi\u0105ce, bo kto\u015b po roku kadencji zmieni\u0142 zdanie. Dzieje si\u0119 przecie\u017c mn\u00f3stwo rzeczy, kt\u00f3re wymagaj\u0105 reakcji. Co do tego ma moralno\u015b\u0107 i dobre obyczaje? To pomieszanie poj\u0119\u0107.<\/p>\n<h4>&#8211; Decyzja Zygmunta Frankiewicza da\u0142a Panu szans\u0119 na powr\u00f3t do Urz\u0119du Miasta. D\u0142ugo jednak Pan zwleka\u0142 z oficjalnym potwierdzeniem startu w wyborach.<\/h4>\n<p>&#8211; Podejmuj\u0105c decyzj\u0119 o przyj\u0119ciu pe\u0142nionej obecnie funkcji, musia\u0142em patrze\u0107 czy chc\u0119 by\u0107 tu w perspektywie trzech miesi\u0119cy czy na d\u0142u\u017cej. Moje nastawienie od pocz\u0105tku by\u0142o takie, \u017ceby spr\u00f3bowa\u0107 co\u015b w mie\u015bcie zmieni\u0107 na powa\u017cnie, ale nie chcia\u0142em m\u00f3wi\u0107 o starcie przed og\u0142oszeniem terminu wybor\u00f3w.<\/p>\n<h4>&#8211; Ile w Pana kandydaturze jest wsparcia Prawa i Sprawiedliwo\u015bci?<\/h4>\n<p>&#8211; Zgodnie z ustaw\u0105 Prezes Rady Ministr\u00f3w na wniosek wojewody wskazuje osob\u0119 pe\u0142ni\u0105c\u0105 funkcj\u0119 prezydenta w momencie powstania wakatu. Czuj\u0119 si\u0119 zaszczycony, \u017ce powierzono mi t\u0105 funkcj\u0119, natomiast chc\u0119 podkre\u015bli\u0107, \u017ce z tego tytu\u0142u nie zaci\u0105gn\u0105\u0142em \u017cadnych zobowi\u0105za\u0144. Osoby, kt\u00f3re mnie znaj\u0105 z czas\u00f3w pe\u0142nienia funkcji marsza\u0142ka wojew\u00f3dztwa \u015bl\u0105skiego, mog\u0105 potwierdzi\u0107, \u017ce potrafi\u0142em &#8211; mimo nacisk\u00f3w &#8211; wykaza\u0107 si\u0119 odporno\u015bci\u0105 i pokaza\u0107, \u017ce nikt nie ma do mnie pilota i nie b\u0119dzie go mie\u0107.<\/p>\n<h4>&#8211; Ale PiS nie wystawia kandydata w Gliwicach. Tak du\u017ca partia, tak du\u017ce miasto \u2013 trudno nie m\u00f3wi\u0107 o jakim\u015b porozumieniu.<\/h4>\n<p>&#8211; To s\u0105 pytania, kt\u00f3re nale\u017cy kierowa\u0107 do dzia\u0142aczy PiS. Startuj\u0119 pod w\u0142asnym nazwiskiem. Nie prosi\u0142em \u017cadnej partii politycznej o udzielenie bezpo\u015bredniego poparcia. Bardzo prosz\u0119 moich by\u0142ych wsp\u00f3\u0142pracownik\u00f3w, z kt\u00f3rymi pracowa\u0142em przed laty w Urz\u0119dzie Miasta, \u017ceby stworzyli inny pomys\u0142 na kampani\u0119 i inne argumenty ni\u017c powtarzanie jednej mantry. To dla mnie dow\u00f3d ich bezradno\u015bci politycznej.<\/p>\n<h4>&#8211; Adam Neumann m\u00f3wi wprost: \u201eJanusz Moszy\u0144ski to kandydat PiS\u201d.<\/h4>\n<p>&#8211; Nie chc\u0119 wdawa\u0107 si\u0119 w pysk\u00f3wki. Ale mo\u017ce to ja zapytam mojego szlachetnego konkurenta, dlaczego nie zdecydowa\u0142 si\u0119 startowa\u0107 pod w\u0142asnym nazwiskiem? Adam Neumann startuje z KWW Koalicja dla Gliwic Zygmunta Frankiewicza, czyli czego\u015b, co po odej\u015bciu by\u0142ego prezydenta do Senatu straci\u0142o racj\u0119 bytu. Zapytam wi\u0119c: Kolego, dlaczego nie startujesz pod w\u0142asnym nazwiskiem, boisz si\u0119, wstydzisz si\u0119 go? Ja takiej postawy po prostu nie rozumiem. Widz\u0119, \u017ce przy okazji startu Adama Neumanna, szalenie uaktywni\u0142 si\u0119 Grzegorz Schetyna, kt\u00f3ry w Gliwicach do tej pory prawie nie bywa\u0142. Teraz przyje\u017cd\u017ca na konferencj\u0119, ostatnio na mecz Piasta Gliwice i w dodatku m\u00f3wi, \u017ce w Gliwicach odb\u0119dzie si\u0119 \u201edruga tura wybor\u00f3w do Senatu\u201d, a Gliwice b\u0119d\u0105 przez dwa miesi\u0105ce wa\u017cne. Za t\u0105 szczero\u015b\u0107 dzi\u0119kuj\u0119, ale dla mnie Gliwice wa\u017cne s\u0105 przez ca\u0142e \u017cycie.<\/p>\n<p><img loading=\"lazy\" decoding=\"async\" class=\"aligncenter size-full wp-image-144611\" src=\"https:\/\/www.24gliwice.pl\/wiadomosci\/wp-content\/uploads\/2019\/12\/1-janusz-moszynski-um.jpg\" alt=\"\" width=\"810\" height=\"519\" srcset=\"https:\/\/www.24gliwice.pl\/wiadomosci\/wp-content\/uploads\/2019\/12\/1-janusz-moszynski-um.jpg 810w, https:\/\/www.24gliwice.pl\/wiadomosci\/wp-content\/uploads\/2019\/12\/1-janusz-moszynski-um-362x232.jpg 362w, https:\/\/www.24gliwice.pl\/wiadomosci\/wp-content\/uploads\/2019\/12\/1-janusz-moszynski-um-710x455.jpg 710w, https:\/\/www.24gliwice.pl\/wiadomosci\/wp-content\/uploads\/2019\/12\/1-janusz-moszynski-um-768x492.jpg 768w\" sizes=\"auto, (max-width: 810px) 100vw, 810px\" \/><\/p>\n<h4>&#8211; Je\u015bli otrzyma Pan mandat zaufania, jakie b\u0119d\u0105 Pana pierwsze decyzje?<\/h4>\n<p>&#8211; Na pewno konieczne jest powo\u0142anie zast\u0119pc\u00f3w. Realnie to jest lista oko\u0142o 30 nazwisk, kt\u00f3re bior\u0119 pod uwag\u0119. Ale nie chc\u0119 na razie m\u00f3wi\u0107 o personaliach, zapewniam, \u017ce na pewno nie b\u0119d\u0119 si\u0119 kierowa\u0142 \u017cadnym kluczem partyjnym.<\/p>\n<h4>&#8211; Bierze Pan pod uwag\u0119 wsp\u00f3\u0142prac\u0119 z kt\u00f3rym\u015b z obecnych kontrkandydat\u00f3w?<\/h4>\n<p>&#8211; Na pewno nie mo\u017cna tego wykluczy\u0107, pod warunkiem, \u017ce dana osoba b\u0119dzie w okresie kampanii zachowywa\u0142a si\u0119 przyzwoicie.<\/p>\n<h4>&#8211; A pierwszy problem do rozwi\u0105zania, kt\u00f3rym chce si\u0119 Pan zaj\u0105\u0107?<\/h4>\n<p>&#8211; Piln\u0105 rzecz\u0105, kt\u00f3r\u0105 ju\u017c teraz nadzoruj\u0119 jest problem gospodarowania odpadami. Miasto na \u017cyczenie moich poprzednik\u00f3w znalaz\u0142o si\u0119 w sytuacji, w kt\u00f3rej zderza si\u0119 z wykreowanym przez siebie monopolist\u0105. Zamierzam wyst\u0105pi\u0107 na najbli\u017cszej sesji Rady Miasta z uchwa\u0142\u0105 o og\u0142oszeniu konsultacji &#8211; chc\u0119 zapyta\u0107 gliwiczan o spos\u00f3b naliczania op\u0142at \u2013 od metra, od \u201eg\u0142owy\u201d czy od zu\u017cycia wody. Na moich spotkaniach z mieszka\u0144cami obecny system jest powszechnie krytykowany.<\/p>\n<p>&nbsp;<\/p>\n<h4>&#8211; By\u0142 Pan jednym z pomys\u0142odawc\u00f3w budowy w mie\u015bcie Areny Gliwice. Ile razy odwiedzi\u0142 Pan ten obiekt od czasu jego otwarcia?<\/h4>\n<p>&#8211; By\u0142em na meczu siatk\u00f3wki Polska \u2013 Niemcy i na Eurowizji Junior.<\/p>\n<h4>&#8211; Zaproponowana oferta by\u0142a zbyt uboga?<\/h4>\n<p>&#8211; Na trzy lata przed otwarciem Areny powinien by\u0107 wy\u0142oniony profesjonalny zarz\u0105dca, kt\u00f3ry musi budowa\u0107 kalendarz imprez. Tego nie robi si\u0119 z dnia na dzie\u0144. Moim zdaniem ten okres z powodu braku wiedzy i wyobra\u017ani zosta\u0142 zmarnowany. W tej chwili mamy faz\u0119 rozruchu, w kt\u00f3rym Arena ju\u017c funkcjonuje. Ale by nie popada\u0107 w krytykanctwo \u2013 ten czas wie\u0144czy koncert Eurowizji Junior &#8211; to by\u0142o fantastyczne wydarzenie. Gratuluj\u0119 Viki Gabor, ale obok niej najwi\u0119kszym wygranym tej imprezy jest gliwicka hala. Aren\u0119 Gliwice ogl\u0105da\u0142o kilka tysi\u0119cy os\u00f3b, kt\u00f3re rz\u0105dz\u0105 \u015bwiatow\u0105 rozrywk\u0105. Otrzyma\u0142y jednoznacznie pozytywny sygna\u0142, \u017ce jest miejsce, gdzie mo\u017cna zrobi\u0107 widowisko na najwy\u017cszym \u015bwiatowym poziomie.<\/p>\n<h4>&#8211; Ten model z oddaniem hali w zarz\u0105d PWiK to by\u0142o optymalne rozwi\u0105zanie?<\/h4>\n<p>&#8211; Mam wra\u017cenie, \u017ce by\u0142o to ratowanie si\u0119 w sytuacji podbramkowej. Wydaje si\u0119 jednak, \u017ce to zadzia\u0142a\u0142o. Zarz\u0105dca wywi\u0105za\u0142 si\u0119 z tego zadania. Odr\u0119bn\u0105 kwesti\u0105 s\u0105 dalsze losy hali \u2013 naszym wyzwaniem jest przekszta\u0142cenie powierzchni w hali, tak aby mo\u017cna by\u0142o j\u0105 spozycjonowa\u0107 jako najwi\u0119ksz\u0105 hal\u0119 w Polsce. O tym decyduje twardo policzona ilo\u015b\u0107 bilet\u00f3w, kt\u00f3re sprzedaje si\u0119 na dan\u0105 imprez\u0119. Arena ma jeszcze szans\u0119 na takie powi\u0119kszenie i przeskoczenie najwi\u0119kszej w tej chwili Tauron Areny w Krakowie.<\/p>\n<h4>&#8211; Rozmawiamy o wysokobud\u017cetowych imprezach (tak\u017ce kulturalnych), ale co z t\u0105 zdecydowanie mniejsz\u0105 scen\u0105 \u2013 miejskiego teatru. Jak Pan przyj\u0105\u0142 zmian\u0119 jego charakteru w 2016 roku?<\/h4>\n<p>&#8211; Z bardzo du\u017cym smutkiem. Operetka, a p\u00f3\u017aniej GTM to p\u00f3\u0142 wieku tradycji. W czasach kiedy dyrektorem by\u0142 Pawe\u0142 Gabara, nie opu\u015bci\u0142em praktycznie \u017cadnej premiery. Ten teatr by\u0142 wa\u017cnym punktem na gliwickiej mapie kulturalnej. To co w tej chwili pozosta\u0142o \u2013 a nie jest to tylko moje zdanie, tylko powszechnie powtarzana opinia &#8211; to tylko namiastka tego co by\u0142o wcze\u015bniej. Co nie oznacza krytyki poczyna\u0144 dyrektora Krawczyka, kt\u00f3ry w stworzonych mu warunkach naprawd\u0119 zrobi\u0142, co m\u00f3g\u0142.<\/p>\n<h4>&#8211; Argumentowano, \u017ce zdecydowa\u0142y kwestie ekonomiczne.<\/h4>\n<p>&#8211; Zdecydujmy si\u0119, czy m\u00f3wimy, \u017ce jeste\u015bmy prawie najbogatszym miastem w Polsce, czy likwidujemy kolejne przedsi\u0119wzi\u0119cia kulturalne ze wzgl\u0119d\u00f3w finansowych. Tu jest jaki\u015b dysonans poznawczy, kt\u00f3rego nie rozumiem.<\/p>\n<h4>&#8211; Zamierza Pan przywr\u00f3ci\u0107 muzyczny charakter teatru?<\/h4>\n<p>&#8211; O to nale\u017ca\u0142oby zapyta\u0107 gliwiczan \u2013 jakiego rodzaju rozrywki pragn\u0105. Arbitralne decyzje polityk\u00f3w s\u0105 w tym wypadku niedobre. Trzeba spr\u00f3bowa\u0107 reaktywowa\u0107 zreszt\u0105 mn\u00f3stwo przedsi\u0119wzi\u0119\u0107, kt\u00f3re tworzy\u0142y klimat miasta, ale poumiera\u0142y.<\/p>\n<h4>&#8211; Na przyk\u0142ad?<\/h4>\n<p>&#8211; Fantastyczna kiedy\u015b impreza Ewy Strzelczyk \u2013 Gliwickie Spotkania Teatralne. By\u0142a te\u017c kapitalna \u201eGraj\u0105ca star\u00f3wka\u201d. By\u0142y kluby studenckie \u2013 Gwarek, Spirala, Program. Zosta\u0142o tylko Mrowisko w przerobionej sto\u0142\u00f3wce. Je\u017celi chcemy przyci\u0105ga\u0107 najzdolniejszych student\u00f3w do miasta, to musimy dla nich przygotowa\u0107 ofert\u0119 kulturaln\u0105. Na razie na starcie przegrywamy, bo w por\u00f3wnaniu z innymi o\u015brodkami akademickimi oferta kulturalna Gliwic jest biedna. Ze wzgl\u0119d\u00f3w finansowych \u201ezabito\u201d kilka naprawd\u0119 wa\u017cnych imprez. To jest amok niszczycielski, kt\u00f3ry trzeba przerwa\u0107.<\/p>\n<h4>&#8211; Od czasu po\u017cegnania z Urz\u0119dem Miasta, m\u00f3g\u0142 Pan patrze\u0107 na Gliwice z perspektywy mieszka\u0144ca. Jak Pan ocenia\u0142 rozw\u00f3j miasta przez te lata?<\/h4>\n<p>&#8211; Warto podkre\u015bli\u0107, \u017ce Gliwice pod pewnymi wzgl\u0119dami naprawd\u0119 \u015bwietnie si\u0119 rozwin\u0119\u0142y. Np. mamy najlepszy w Polsce zewn\u0119trzny uk\u0142ad komunikacyjny (autostrady A4 i A1 czy przebieg DT\u015a). Z tym nie mo\u017cna polemizowa\u0107. Natomiast wyra\u017anie brakuje troski o drobne rzeczy &#8211; te kt\u00f3re powoduj\u0105 poczucie lepszego komfortu mieszkania: \u0142awki na przystankach, toalety publiczne i cale mn\u00f3stwo podobnych rzeczy.<\/p>\n<h4>&#8211; Dlaczego zosta\u0142o to zaniedbane?<\/h4>\n<p>&#8211; Czasami jest tak, \u017ce jak cz\u0142owiek patrzy a\u017c po horyzont, to nie widzi tego co ma pod nogami. Istotna jest te\u017c kwestia tego czy komu\u015b przeszkadza, \u017ce co\u015b jest nier\u00f3wne czy nieposprz\u0105tane. W moim przypadku, nawet gdyby mi to nie przeszkadza\u0142o, to moja \u017cona sprawi, \u017ce zacznie mi to przeszkadza\u0107. To 100% \u015al\u0105zaczka, kt\u00f3ra nieporz\u0105dek odbiera jako co\u015b wyj\u0105tkowo doskwieraj\u0105cego.<\/p>\n<h4>&#8211; Wydaje si\u0119, \u017ce 5 stycznia frekwencja w wyborach b\u0119dzie niska. Kluczem mo\u017ce by\u0107 dotarcie do urz\u0119dnik\u00f3w i pracownik\u00f3w miejskich sp\u00f3\u0142ek. Pan ma na to jaki\u015b spos\u00f3b?<\/h4>\n<p>&#8211; Mog\u0119 skierowa\u0107 tylko jedno przes\u0142anie: nikt kto pracuje rzetelnie nie ma w zwi\u0105zku z moim ewentualnym wyborem powodu by czegokolwiek si\u0119 obawia\u0107. Cz\u0119\u015b\u0107 z tych ludzi jest przez moich konkurent\u00f3w straszona. Mam tego \u015bwiadomo\u015b\u0107, ale to jest w najwy\u017cszym stopniu nieuczciwe i nieprawdziwe. Straszy si\u0119 i denerwuje ludzi, kt\u00f3rzy powinni spokojnie pracowa\u0107 dla dobra miasta i przygotowywa\u0107 si\u0119 do \u015bwi\u0105t Bo\u017cego Narodzenia.<\/p>\n<h4>&#8211; Jak Pan ocenia swoje szanse w wyborach? M\u00f3wi si\u0119, \u017ce kandydat Frankiewicza, przez sam fakt bycia \u201enamaszczonym\u201d ju\u017c na starcie ma przewag\u0119 nad reszt\u0105 stawki.<\/h4>\n<p>&#8211; Od okresu kiedy 40 lat temu zak\u0142ada\u0142em Niezale\u017cne Zrzeszenie Student\u00f3w na Politechnice \u015al\u0105skiej, przez dzia\u0142alno\u015b\u0107 w opozycji i prace zawodow\u0105, ca\u0142y czas pracowa\u0142em na w\u0142asne nazwisko. Z moim baga\u017cem wiedzy, do\u015bwiadczenia, wykszta\u0142ceniem in\u017cyniera architekta z dyplomem z planowania przestrzennego, staj\u0119 teraz przed gliwiczanami i daj\u0119 im szans\u0119 wyboru. A do konkurent\u00f3w apeluj\u0119 &#8211; znajd\u017acie spos\u00f3b na prowadzenie kampanii lepszy od przyklejania komu\u015b \u0142atki.<\/p>\n<h4>&#8211; Teraz albo nigdy?<\/h4>\n<p>&#8211; Nie, nie podchodz\u0119 do tego w ten spos\u00f3b. U\u017cywam w kampanii has\u0142a \u201eGliwice 2028\u201d \u2013 to jest realna perspektywa, kt\u00f3r\u0105 mog\u0119 gliwiczanom zaproponowa\u0107. Aczkolwiek nawet 4 lata to wystarczaj\u0105co du\u017co, by zostawi\u0107 po sobie \u015blad m\u0105drych i stabilizuj\u0105cych dzia\u0142a\u0144. Mam teraz mn\u00f3stwo pracy i wiele spotka\u0144 przez ca\u0142y dzie\u0144. Cz\u0119sto s\u0142ysz\u0119, od ludzi i urz\u0119dnik\u00f3w administracji, \u017ce ciesz\u0105 si\u0119, \u017ce odwiedzi\u0142 ich prezydent bo nie widzieli go przez 20 lat. To dla mnie jest sygna\u0142, \u017ce ludzie tego kontaktu potrzebuj\u0105 i nale\u017cy ich s\u0142ucha\u0107, a miasto potrzebuje zmiany. Zmiany, by nale\u017ce\u0107 do mieszka\u0144c\u00f3w, a nie do tego czy innego prezydenta.<\/p>\n<div class=\"gliwi-a5-na-koncu-artykulow gliwi-entity-placement\" id=\"gliwi-4155738868\"><div class=\"gliwi-adlabel\"><span style=\"font-size: 9px\">REKLAMA<\/span><\/div><div id=\"gliwi-2759204972\" style=\"margin-left: auto;margin-right: auto;text-align: center;\"><a data-no-instant=\"1\" href=\"https:\/\/www.jasek.pl\/\" rel=\"noopener\" class=\"a2t-link\" target=\"_blank\" aria-label=\"20200401-jasek 600\"><img loading=\"lazy\" decoding=\"async\" src=\"https:\/\/www.24gliwice.pl\/wiadomosci\/wp-content\/uploads\/2020\/04\/20200401-jasek-600.jpg\" alt=\"\"  srcset=\"https:\/\/www.24gliwice.pl\/wiadomosci\/wp-content\/uploads\/2020\/04\/20200401-jasek-600.jpg 600w, https:\/\/www.24gliwice.pl\/wiadomosci\/wp-content\/uploads\/2020\/04\/20200401-jasek-600-410x109.jpg 410w\" sizes=\"(max-width: 600px) 100vw, 600px\" class=\"no-lazyload\" width=\"600\" height=\"160\"  style=\"display: inline-block; max-width: 100%; height: auto;\" \/><\/a><\/div><\/div>","protected":false},"excerpt":{"rendered":"<p>&#8211; Czasami jest tak, \u017ce jak cz\u0142owiek patrzy a\u017c po horyzont, to nie widzi tego co ma pod nogami &#8211; m\u00f3wi o ostatnich latach rozwoju miasta Janusz Moszy\u0144ski. Z czyim poparciem idzie do wybor\u00f3w? Jak odpowiada na krytyk\u0119 ze strony Adama Neumanna? Jaka przysz\u0142o\u015b\u0107 czeka Aren\u0119 Gliwice i dlaczego nale\u017cy zatrzyma\u0107 &#8220;niszczycielski amok&#8221; w gliwickiej [&hellip;]<\/p>\n","protected":false},"author":12,"featured_media":144610,"comment_status":"open","ping_status":"closed","sticky":false,"template":"","format":"standard","meta":{"_monsterinsights_skip_tracking":false,"_monsterinsights_sitenote_active":false,"_monsterinsights_sitenote_note":"","_monsterinsights_sitenote_category":0,"footnotes":"","_links_to":"","_links_to_target":""},"categories":[3,1,9,8,12],"tags":[16767,37,2360,5678],"class_list":["post-144598","post","type-post","status-publish","format-standard","has-post-thumbnail","hentry","category-gliwice","category-wszystko","category-aktualnosci_lokalne","category-samorzad_polityka","category-wywiady","tag-janusz-moszynski","tag-prezydent","tag-wybory-gliwice","tag-wybory-prezydenckie"],"yoast_head":"<!-- This site is optimized with the Yoast SEO plugin v27.5 - https:\/\/yoast.com\/product\/yoast-seo-wordpress\/ -->\n<title>Janusz Moszy\u0144ski: &quot;Zapewniam, \u017ce nikt nie ma do mnie pilota i nie b\u0119dzie go mie\u0107&quot; - 24GLIWICE - Portal Gliwice | codziennie nowe informacje<\/title>\n<meta name=\"robots\" content=\"index, follow, max-snippet:-1, max-image-preview:large, max-video-preview:-1\" \/>\n<link rel=\"canonical\" href=\"https:\/\/www.24gliwice.pl\/wiadomosci\/janusz-moszynski-zapewniam-ze-nikt-nie-ma-do-mnie-pilota-i-nie-bedzie-go-miec\/\" \/>\n<meta property=\"og:locale\" content=\"pl_PL\" \/>\n<meta property=\"og:type\" content=\"article\" \/>\n<meta property=\"og:title\" content=\"Janusz Moszy\u0144ski: &quot;Zapewniam, \u017ce nikt nie ma do mnie pilota i nie b\u0119dzie go mie\u0107&quot; - 24GLIWICE - Portal Gliwice | codziennie nowe informacje\" \/>\n<meta property=\"og:description\" content=\"&#8211; Czasami jest tak, \u017ce jak cz\u0142owiek patrzy a\u017c po horyzont, to nie widzi tego co ma pod nogami &#8211; m\u00f3wi o ostatnich latach rozwoju miasta Janusz Moszy\u0144ski. Z czyim poparciem idzie do wybor\u00f3w? Jak odpowiada na krytyk\u0119 ze strony Adama Neumanna? Jaka przysz\u0142o\u015b\u0107 czeka Aren\u0119 Gliwice i dlaczego nale\u017cy zatrzyma\u0107 &#8220;niszczycielski amok&#8221; w gliwickiej [&hellip;]\" \/>\n<meta property=\"og:url\" content=\"https:\/\/www.24gliwice.pl\/wiadomosci\/janusz-moszynski-zapewniam-ze-nikt-nie-ma-do-mnie-pilota-i-nie-bedzie-go-miec\/\" \/>\n<meta property=\"og:site_name\" content=\"24GLIWICE - Portal Gliwice | codziennie nowe informacje\" \/>\n<meta property=\"article:publisher\" content=\"https:\/\/www.facebook.com\/24gliwice\" \/>\n<meta property=\"article:published_time\" content=\"2019-12-08T12:01:41+00:00\" \/>\n<meta property=\"article:modified_time\" content=\"2024-02-18T02:10:48+00:00\" \/>\n<meta property=\"og:image\" content=\"https:\/\/www.24gliwice.pl\/wiadomosci\/wp-content\/uploads\/2019\/12\/1-janusz-moszynski.jpg\" \/>\n\t<meta property=\"og:image:width\" content=\"810\" \/>\n\t<meta property=\"og:image:height\" content=\"457\" \/>\n\t<meta property=\"og:image:type\" content=\"image\/jpeg\" \/>\n<meta name=\"author\" content=\"Micha\u0142 Szewczyk\" \/>\n<meta name=\"twitter:card\" content=\"summary_large_image\" \/>\n<meta name=\"twitter:creator\" content=\"@24gliwice\" \/>\n<meta name=\"twitter:site\" content=\"@24gliwice\" \/>\n<meta name=\"twitter:label1\" content=\"Napisane przez\" \/>\n\t<meta name=\"twitter:data1\" content=\"Micha\u0142 Szewczyk\" \/>\n\t<meta name=\"twitter:label2\" content=\"Szacowany czas czytania\" \/>\n\t<meta name=\"twitter:data2\" content=\"10 minut\" \/>\n<script type=\"application\/ld+json\" class=\"yoast-schema-graph\">{\"@context\":\"https:\\\/\\\/schema.org\",\"@graph\":[{\"@type\":\"Article\",\"@id\":\"https:\\\/\\\/www.24gliwice.pl\\\/wiadomosci\\\/janusz-moszynski-zapewniam-ze-nikt-nie-ma-do-mnie-pilota-i-nie-bedzie-go-miec\\\/#article\",\"isPartOf\":{\"@id\":\"https:\\\/\\\/www.24gliwice.pl\\\/wiadomosci\\\/janusz-moszynski-zapewniam-ze-nikt-nie-ma-do-mnie-pilota-i-nie-bedzie-go-miec\\\/\"},\"author\":{\"name\":\"Micha\u0142 Szewczyk\",\"@id\":\"https:\\\/\\\/www.24gliwice.pl\\\/wiadomosci\\\/#\\\/schema\\\/person\\\/940e8f8a097e322de4f463f061ef8d45\"},\"headline\":\"Janusz Moszy\u0144ski: &#8220;Zapewniam, \u017ce nikt nie ma do mnie pilota i nie b\u0119dzie go mie\u0107&#8221;\",\"datePublished\":\"2019-12-08T12:01:41+00:00\",\"dateModified\":\"2024-02-18T02:10:48+00:00\",\"mainEntityOfPage\":{\"@id\":\"https:\\\/\\\/www.24gliwice.pl\\\/wiadomosci\\\/janusz-moszynski-zapewniam-ze-nikt-nie-ma-do-mnie-pilota-i-nie-bedzie-go-miec\\\/\"},\"wordCount\":1999,\"commentCount\":0,\"publisher\":{\"@id\":\"https:\\\/\\\/www.24gliwice.pl\\\/wiadomosci\\\/#organization\"},\"image\":{\"@id\":\"https:\\\/\\\/www.24gliwice.pl\\\/wiadomosci\\\/janusz-moszynski-zapewniam-ze-nikt-nie-ma-do-mnie-pilota-i-nie-bedzie-go-miec\\\/#primaryimage\"},\"thumbnailUrl\":\"https:\\\/\\\/www.24gliwice.pl\\\/wiadomosci\\\/wp-content\\\/uploads\\\/2019\\\/12\\\/1-janusz-moszynski.jpg\",\"keywords\":[\"JANUSZ MOSZY\u0143SKI\",\"PREZYDENT\",\"WYBORY GLIWICE\",\"WYBORY PREZYDENCKIE\"],\"articleSection\":[\"Gliwice\",\"Najnowsze wiadomo\u015bci\",\"Portal Gliwice - Wiadomo\u015bci lokalne\",\"Samorz\u0105d, polityka\",\"Wywiady\"],\"inLanguage\":\"pl-PL\",\"potentialAction\":[{\"@type\":\"CommentAction\",\"name\":\"Comment\",\"target\":[\"https:\\\/\\\/www.24gliwice.pl\\\/wiadomosci\\\/janusz-moszynski-zapewniam-ze-nikt-nie-ma-do-mnie-pilota-i-nie-bedzie-go-miec\\\/#respond\"]}]},{\"@type\":\"WebPage\",\"@id\":\"https:\\\/\\\/www.24gliwice.pl\\\/wiadomosci\\\/janusz-moszynski-zapewniam-ze-nikt-nie-ma-do-mnie-pilota-i-nie-bedzie-go-miec\\\/\",\"url\":\"https:\\\/\\\/www.24gliwice.pl\\\/wiadomosci\\\/janusz-moszynski-zapewniam-ze-nikt-nie-ma-do-mnie-pilota-i-nie-bedzie-go-miec\\\/\",\"name\":\"Janusz Moszy\u0144ski: \\\"Zapewniam, \u017ce nikt nie ma do mnie pilota i nie b\u0119dzie go mie\u0107\\\" - 24GLIWICE - Portal Gliwice | codziennie nowe informacje\",\"isPartOf\":{\"@id\":\"https:\\\/\\\/www.24gliwice.pl\\\/wiadomosci\\\/#website\"},\"primaryImageOfPage\":{\"@id\":\"https:\\\/\\\/www.24gliwice.pl\\\/wiadomosci\\\/janusz-moszynski-zapewniam-ze-nikt-nie-ma-do-mnie-pilota-i-nie-bedzie-go-miec\\\/#primaryimage\"},\"image\":{\"@id\":\"https:\\\/\\\/www.24gliwice.pl\\\/wiadomosci\\\/janusz-moszynski-zapewniam-ze-nikt-nie-ma-do-mnie-pilota-i-nie-bedzie-go-miec\\\/#primaryimage\"},\"thumbnailUrl\":\"https:\\\/\\\/www.24gliwice.pl\\\/wiadomosci\\\/wp-content\\\/uploads\\\/2019\\\/12\\\/1-janusz-moszynski.jpg\",\"datePublished\":\"2019-12-08T12:01:41+00:00\",\"dateModified\":\"2024-02-18T02:10:48+00:00\",\"breadcrumb\":{\"@id\":\"https:\\\/\\\/www.24gliwice.pl\\\/wiadomosci\\\/janusz-moszynski-zapewniam-ze-nikt-nie-ma-do-mnie-pilota-i-nie-bedzie-go-miec\\\/#breadcrumb\"},\"inLanguage\":\"pl-PL\",\"potentialAction\":[{\"@type\":\"ReadAction\",\"target\":[\"https:\\\/\\\/www.24gliwice.pl\\\/wiadomosci\\\/janusz-moszynski-zapewniam-ze-nikt-nie-ma-do-mnie-pilota-i-nie-bedzie-go-miec\\\/\"]}]},{\"@type\":\"ImageObject\",\"inLanguage\":\"pl-PL\",\"@id\":\"https:\\\/\\\/www.24gliwice.pl\\\/wiadomosci\\\/janusz-moszynski-zapewniam-ze-nikt-nie-ma-do-mnie-pilota-i-nie-bedzie-go-miec\\\/#primaryimage\",\"url\":\"https:\\\/\\\/www.24gliwice.pl\\\/wiadomosci\\\/wp-content\\\/uploads\\\/2019\\\/12\\\/1-janusz-moszynski.jpg\",\"contentUrl\":\"https:\\\/\\\/www.24gliwice.pl\\\/wiadomosci\\\/wp-content\\\/uploads\\\/2019\\\/12\\\/1-janusz-moszynski.jpg\",\"width\":810,\"height\":457,\"caption\":\"Fot. mat. Janusz Moszy\u0144ski\"},{\"@type\":\"BreadcrumbList\",\"@id\":\"https:\\\/\\\/www.24gliwice.pl\\\/wiadomosci\\\/janusz-moszynski-zapewniam-ze-nikt-nie-ma-do-mnie-pilota-i-nie-bedzie-go-miec\\\/#breadcrumb\",\"itemListElement\":[{\"@type\":\"ListItem\",\"position\":1,\"name\":\"Strona g\u0142\u00f3wna\",\"item\":\"https:\\\/\\\/www.24gliwice.pl\\\/wiadomosci\\\/\"},{\"@type\":\"ListItem\",\"position\":2,\"name\":\"Janusz Moszy\u0144ski: &#8222;Zapewniam, \u017ce nikt nie ma do mnie pilota i nie b\u0119dzie go mie\u0107&#8221;\"}]},{\"@type\":\"WebSite\",\"@id\":\"https:\\\/\\\/www.24gliwice.pl\\\/wiadomosci\\\/#website\",\"url\":\"https:\\\/\\\/www.24gliwice.pl\\\/wiadomosci\\\/\",\"name\":\"24GLIWICE - Portal Gliwice | codziennie nowe wiadomo\u015bci\",\"description\":\"Portal Miejski Gliwice\",\"publisher\":{\"@id\":\"https:\\\/\\\/www.24gliwice.pl\\\/wiadomosci\\\/#organization\"},\"potentialAction\":[{\"@type\":\"SearchAction\",\"target\":{\"@type\":\"EntryPoint\",\"urlTemplate\":\"https:\\\/\\\/www.24gliwice.pl\\\/wiadomosci\\\/?s={search_term_string}\"},\"query-input\":{\"@type\":\"PropertyValueSpecification\",\"valueRequired\":true,\"valueName\":\"search_term_string\"}}],\"inLanguage\":\"pl-PL\"},{\"@type\":\"Organization\",\"@id\":\"https:\\\/\\\/www.24gliwice.pl\\\/wiadomosci\\\/#organization\",\"name\":\"24gliwice\",\"url\":\"https:\\\/\\\/www.24gliwice.pl\\\/wiadomosci\\\/\",\"logo\":{\"@type\":\"ImageObject\",\"inLanguage\":\"pl-PL\",\"@id\":\"https:\\\/\\\/www.24gliwice.pl\\\/wiadomosci\\\/#\\\/schema\\\/logo\\\/image\\\/\",\"url\":\"https:\\\/\\\/www.24gliwice.pl\\\/wiadomosci\\\/wp-content\\\/uploads\\\/2024\\\/10\\\/24gliwice-logo-696.jpg\",\"contentUrl\":\"https:\\\/\\\/www.24gliwice.pl\\\/wiadomosci\\\/wp-content\\\/uploads\\\/2024\\\/10\\\/24gliwice-logo-696.jpg\",\"width\":696,\"height\":696,\"caption\":\"24gliwice\"},\"image\":{\"@id\":\"https:\\\/\\\/www.24gliwice.pl\\\/wiadomosci\\\/#\\\/schema\\\/logo\\\/image\\\/\"},\"sameAs\":[\"https:\\\/\\\/www.facebook.com\\\/24gliwice\",\"https:\\\/\\\/x.com\\\/24gliwice\",\"https:\\\/\\\/www.youtube.com\\\/@24gliwice\"]},{\"@type\":\"Person\",\"@id\":\"https:\\\/\\\/www.24gliwice.pl\\\/wiadomosci\\\/#\\\/schema\\\/person\\\/940e8f8a097e322de4f463f061ef8d45\",\"name\":\"Micha\u0142 Szewczyk\",\"image\":{\"@type\":\"ImageObject\",\"inLanguage\":\"pl-PL\",\"@id\":\"https:\\\/\\\/secure.gravatar.com\\\/avatar\\\/771b8b6c74cd8d255e46392d605e01a86133900ef09b6ef3c8d451c9d92288cf?s=96&d=mm&r=g\",\"url\":\"https:\\\/\\\/secure.gravatar.com\\\/avatar\\\/771b8b6c74cd8d255e46392d605e01a86133900ef09b6ef3c8d451c9d92288cf?s=96&d=mm&r=g\",\"contentUrl\":\"https:\\\/\\\/secure.gravatar.com\\\/avatar\\\/771b8b6c74cd8d255e46392d605e01a86133900ef09b6ef3c8d451c9d92288cf?s=96&d=mm&r=g\",\"caption\":\"Micha\u0142 Szewczyk\"},\"sameAs\":[\"http:\\\/\\\/www.gazeta-miejska.pl\"],\"url\":\"https:\\\/\\\/www.24gliwice.pl\\\/wiadomosci\\\/author\\\/michal-szewczyk\\\/\"}]}<\/script>\n<!-- \/ Yoast SEO plugin. -->","yoast_head_json":{"title":"Janusz Moszy\u0144ski: \"Zapewniam, \u017ce nikt nie ma do mnie pilota i nie b\u0119dzie go mie\u0107\" - 24GLIWICE - Portal Gliwice | codziennie nowe informacje","robots":{"index":"index","follow":"follow","max-snippet":"max-snippet:-1","max-image-preview":"max-image-preview:large","max-video-preview":"max-video-preview:-1"},"canonical":"https:\/\/www.24gliwice.pl\/wiadomosci\/janusz-moszynski-zapewniam-ze-nikt-nie-ma-do-mnie-pilota-i-nie-bedzie-go-miec\/","og_locale":"pl_PL","og_type":"article","og_title":"Janusz Moszy\u0144ski: \"Zapewniam, \u017ce nikt nie ma do mnie pilota i nie b\u0119dzie go mie\u0107\" - 24GLIWICE - Portal Gliwice | codziennie nowe informacje","og_description":"&#8211; Czasami jest tak, \u017ce jak cz\u0142owiek patrzy a\u017c po horyzont, to nie widzi tego co ma pod nogami &#8211; m\u00f3wi o ostatnich latach rozwoju miasta Janusz Moszy\u0144ski. Z czyim poparciem idzie do wybor\u00f3w? Jak odpowiada na krytyk\u0119 ze strony Adama Neumanna? Jaka przysz\u0142o\u015b\u0107 czeka Aren\u0119 Gliwice i dlaczego nale\u017cy zatrzyma\u0107 &#8220;niszczycielski amok&#8221; w gliwickiej [&hellip;]","og_url":"https:\/\/www.24gliwice.pl\/wiadomosci\/janusz-moszynski-zapewniam-ze-nikt-nie-ma-do-mnie-pilota-i-nie-bedzie-go-miec\/","og_site_name":"24GLIWICE - Portal Gliwice | codziennie nowe informacje","article_publisher":"https:\/\/www.facebook.com\/24gliwice","article_published_time":"2019-12-08T12:01:41+00:00","article_modified_time":"2024-02-18T02:10:48+00:00","og_image":[{"width":810,"height":457,"url":"https:\/\/www.24gliwice.pl\/wiadomosci\/wp-content\/uploads\/2019\/12\/1-janusz-moszynski.jpg","type":"image\/jpeg"}],"author":"Micha\u0142 Szewczyk","twitter_card":"summary_large_image","twitter_creator":"@24gliwice","twitter_site":"@24gliwice","twitter_misc":{"Napisane przez":"Micha\u0142 Szewczyk","Szacowany czas czytania":"10 minut"},"schema":{"@context":"https:\/\/schema.org","@graph":[{"@type":"Article","@id":"https:\/\/www.24gliwice.pl\/wiadomosci\/janusz-moszynski-zapewniam-ze-nikt-nie-ma-do-mnie-pilota-i-nie-bedzie-go-miec\/#article","isPartOf":{"@id":"https:\/\/www.24gliwice.pl\/wiadomosci\/janusz-moszynski-zapewniam-ze-nikt-nie-ma-do-mnie-pilota-i-nie-bedzie-go-miec\/"},"author":{"name":"Micha\u0142 Szewczyk","@id":"https:\/\/www.24gliwice.pl\/wiadomosci\/#\/schema\/person\/940e8f8a097e322de4f463f061ef8d45"},"headline":"Janusz Moszy\u0144ski: &#8220;Zapewniam, \u017ce nikt nie ma do mnie pilota i nie b\u0119dzie go mie\u0107&#8221;","datePublished":"2019-12-08T12:01:41+00:00","dateModified":"2024-02-18T02:10:48+00:00","mainEntityOfPage":{"@id":"https:\/\/www.24gliwice.pl\/wiadomosci\/janusz-moszynski-zapewniam-ze-nikt-nie-ma-do-mnie-pilota-i-nie-bedzie-go-miec\/"},"wordCount":1999,"commentCount":0,"publisher":{"@id":"https:\/\/www.24gliwice.pl\/wiadomosci\/#organization"},"image":{"@id":"https:\/\/www.24gliwice.pl\/wiadomosci\/janusz-moszynski-zapewniam-ze-nikt-nie-ma-do-mnie-pilota-i-nie-bedzie-go-miec\/#primaryimage"},"thumbnailUrl":"https:\/\/www.24gliwice.pl\/wiadomosci\/wp-content\/uploads\/2019\/12\/1-janusz-moszynski.jpg","keywords":["JANUSZ MOSZY\u0143SKI","PREZYDENT","WYBORY GLIWICE","WYBORY PREZYDENCKIE"],"articleSection":["Gliwice","Najnowsze wiadomo\u015bci","Portal Gliwice - Wiadomo\u015bci lokalne","Samorz\u0105d, polityka","Wywiady"],"inLanguage":"pl-PL","potentialAction":[{"@type":"CommentAction","name":"Comment","target":["https:\/\/www.24gliwice.pl\/wiadomosci\/janusz-moszynski-zapewniam-ze-nikt-nie-ma-do-mnie-pilota-i-nie-bedzie-go-miec\/#respond"]}]},{"@type":"WebPage","@id":"https:\/\/www.24gliwice.pl\/wiadomosci\/janusz-moszynski-zapewniam-ze-nikt-nie-ma-do-mnie-pilota-i-nie-bedzie-go-miec\/","url":"https:\/\/www.24gliwice.pl\/wiadomosci\/janusz-moszynski-zapewniam-ze-nikt-nie-ma-do-mnie-pilota-i-nie-bedzie-go-miec\/","name":"Janusz Moszy\u0144ski: \"Zapewniam, \u017ce nikt nie ma do mnie pilota i nie b\u0119dzie go mie\u0107\" - 24GLIWICE - Portal Gliwice | codziennie nowe informacje","isPartOf":{"@id":"https:\/\/www.24gliwice.pl\/wiadomosci\/#website"},"primaryImageOfPage":{"@id":"https:\/\/www.24gliwice.pl\/wiadomosci\/janusz-moszynski-zapewniam-ze-nikt-nie-ma-do-mnie-pilota-i-nie-bedzie-go-miec\/#primaryimage"},"image":{"@id":"https:\/\/www.24gliwice.pl\/wiadomosci\/janusz-moszynski-zapewniam-ze-nikt-nie-ma-do-mnie-pilota-i-nie-bedzie-go-miec\/#primaryimage"},"thumbnailUrl":"https:\/\/www.24gliwice.pl\/wiadomosci\/wp-content\/uploads\/2019\/12\/1-janusz-moszynski.jpg","datePublished":"2019-12-08T12:01:41+00:00","dateModified":"2024-02-18T02:10:48+00:00","breadcrumb":{"@id":"https:\/\/www.24gliwice.pl\/wiadomosci\/janusz-moszynski-zapewniam-ze-nikt-nie-ma-do-mnie-pilota-i-nie-bedzie-go-miec\/#breadcrumb"},"inLanguage":"pl-PL","potentialAction":[{"@type":"ReadAction","target":["https:\/\/www.24gliwice.pl\/wiadomosci\/janusz-moszynski-zapewniam-ze-nikt-nie-ma-do-mnie-pilota-i-nie-bedzie-go-miec\/"]}]},{"@type":"ImageObject","inLanguage":"pl-PL","@id":"https:\/\/www.24gliwice.pl\/wiadomosci\/janusz-moszynski-zapewniam-ze-nikt-nie-ma-do-mnie-pilota-i-nie-bedzie-go-miec\/#primaryimage","url":"https:\/\/www.24gliwice.pl\/wiadomosci\/wp-content\/uploads\/2019\/12\/1-janusz-moszynski.jpg","contentUrl":"https:\/\/www.24gliwice.pl\/wiadomosci\/wp-content\/uploads\/2019\/12\/1-janusz-moszynski.jpg","width":810,"height":457,"caption":"Fot. mat. Janusz Moszy\u0144ski"},{"@type":"BreadcrumbList","@id":"https:\/\/www.24gliwice.pl\/wiadomosci\/janusz-moszynski-zapewniam-ze-nikt-nie-ma-do-mnie-pilota-i-nie-bedzie-go-miec\/#breadcrumb","itemListElement":[{"@type":"ListItem","position":1,"name":"Strona g\u0142\u00f3wna","item":"https:\/\/www.24gliwice.pl\/wiadomosci\/"},{"@type":"ListItem","position":2,"name":"Janusz Moszy\u0144ski: &#8222;Zapewniam, \u017ce nikt nie ma do mnie pilota i nie b\u0119dzie go mie\u0107&#8221;"}]},{"@type":"WebSite","@id":"https:\/\/www.24gliwice.pl\/wiadomosci\/#website","url":"https:\/\/www.24gliwice.pl\/wiadomosci\/","name":"24GLIWICE - Portal Gliwice | codziennie nowe wiadomo\u015bci","description":"Portal Miejski Gliwice","publisher":{"@id":"https:\/\/www.24gliwice.pl\/wiadomosci\/#organization"},"potentialAction":[{"@type":"SearchAction","target":{"@type":"EntryPoint","urlTemplate":"https:\/\/www.24gliwice.pl\/wiadomosci\/?s={search_term_string}"},"query-input":{"@type":"PropertyValueSpecification","valueRequired":true,"valueName":"search_term_string"}}],"inLanguage":"pl-PL"},{"@type":"Organization","@id":"https:\/\/www.24gliwice.pl\/wiadomosci\/#organization","name":"24gliwice","url":"https:\/\/www.24gliwice.pl\/wiadomosci\/","logo":{"@type":"ImageObject","inLanguage":"pl-PL","@id":"https:\/\/www.24gliwice.pl\/wiadomosci\/#\/schema\/logo\/image\/","url":"https:\/\/www.24gliwice.pl\/wiadomosci\/wp-content\/uploads\/2024\/10\/24gliwice-logo-696.jpg","contentUrl":"https:\/\/www.24gliwice.pl\/wiadomosci\/wp-content\/uploads\/2024\/10\/24gliwice-logo-696.jpg","width":696,"height":696,"caption":"24gliwice"},"image":{"@id":"https:\/\/www.24gliwice.pl\/wiadomosci\/#\/schema\/logo\/image\/"},"sameAs":["https:\/\/www.facebook.com\/24gliwice","https:\/\/x.com\/24gliwice","https:\/\/www.youtube.com\/@24gliwice"]},{"@type":"Person","@id":"https:\/\/www.24gliwice.pl\/wiadomosci\/#\/schema\/person\/940e8f8a097e322de4f463f061ef8d45","name":"Micha\u0142 Szewczyk","image":{"@type":"ImageObject","inLanguage":"pl-PL","@id":"https:\/\/secure.gravatar.com\/avatar\/771b8b6c74cd8d255e46392d605e01a86133900ef09b6ef3c8d451c9d92288cf?s=96&d=mm&r=g","url":"https:\/\/secure.gravatar.com\/avatar\/771b8b6c74cd8d255e46392d605e01a86133900ef09b6ef3c8d451c9d92288cf?s=96&d=mm&r=g","contentUrl":"https:\/\/secure.gravatar.com\/avatar\/771b8b6c74cd8d255e46392d605e01a86133900ef09b6ef3c8d451c9d92288cf?s=96&d=mm&r=g","caption":"Micha\u0142 Szewczyk"},"sameAs":["http:\/\/www.gazeta-miejska.pl"],"url":"https:\/\/www.24gliwice.pl\/wiadomosci\/author\/michal-szewczyk\/"}]}},"_links":{"self":[{"href":"https:\/\/www.24gliwice.pl\/wiadomosci\/wp-json\/wp\/v2\/posts\/144598","targetHints":{"allow":["GET"]}}],"collection":[{"href":"https:\/\/www.24gliwice.pl\/wiadomosci\/wp-json\/wp\/v2\/posts"}],"about":[{"href":"https:\/\/www.24gliwice.pl\/wiadomosci\/wp-json\/wp\/v2\/types\/post"}],"author":[{"embeddable":true,"href":"https:\/\/www.24gliwice.pl\/wiadomosci\/wp-json\/wp\/v2\/users\/12"}],"replies":[{"embeddable":true,"href":"https:\/\/www.24gliwice.pl\/wiadomosci\/wp-json\/wp\/v2\/comments?post=144598"}],"version-history":[{"count":0,"href":"https:\/\/www.24gliwice.pl\/wiadomosci\/wp-json\/wp\/v2\/posts\/144598\/revisions"}],"wp:featuredmedia":[{"embeddable":true,"href":"https:\/\/www.24gliwice.pl\/wiadomosci\/wp-json\/wp\/v2\/media\/144610"}],"wp:attachment":[{"href":"https:\/\/www.24gliwice.pl\/wiadomosci\/wp-json\/wp\/v2\/media?parent=144598"}],"wp:term":[{"taxonomy":"category","embeddable":true,"href":"https:\/\/www.24gliwice.pl\/wiadomosci\/wp-json\/wp\/v2\/categories?post=144598"},{"taxonomy":"post_tag","embeddable":true,"href":"https:\/\/www.24gliwice.pl\/wiadomosci\/wp-json\/wp\/v2\/tags?post=144598"}],"curies":[{"name":"wp","href":"https:\/\/api.w.org\/{rel}","templated":true}]}}