{"id":144725,"date":"2019-12-11T13:24:49","date_gmt":"2019-12-11T12:24:49","guid":{"rendered":"https:\/\/www.24gliwice.pl\/wiadomosci\/?p=144725"},"modified":"2019-12-12T17:40:51","modified_gmt":"2019-12-12T16:40:51","slug":"nowa-latarnie-postawiono-na-waskiej-drodze-rowerowej-grr-cos-poszlo-nie-tak","status":"publish","type":"post","link":"https:\/\/www.24gliwice.pl\/wiadomosci\/nowa-latarnie-postawiono-na-waskiej-drodze-rowerowej-grr-cos-poszlo-nie-tak\/","title":{"rendered":"Now\u0105 latarni\u0119 postawiono na w\u0105skiej drodze rowerowej. GRR: &#8220;Co\u015b posz\u0142o nie tak&#8221;. AKTUALIZACJA"},"content":{"rendered":"<div class=\"gliwi-a6-nad-leadem-artykulow gliwi-entity-placement\" id=\"gliwi-843467749\"><div class=\"gliwi-adlabel\"><span style=\"font-size: 9px\">REKLAMA<\/span><\/div><div id=\"gliwi-3656153278\" style=\"margin-bottom: 30px;margin-left: auto;margin-right: auto;text-align: center;\"><a data-no-instant=\"1\" href=\"https:\/\/przedszkole.halogen.org.pl\/\" rel=\"noopener\" class=\"a2t-link\" target=\"_blank\" aria-label=\"20260402-ANIMATOR-przedszkole_grafika_750x200\"><img loading=\"lazy\" decoding=\"async\" src=\"https:\/\/www.24gliwice.pl\/wiadomosci\/wp-content\/uploads\/2026\/04\/20260402-ANIMATOR-przedszkole_grafika_750x200.webp\" alt=\"\"  srcset=\"https:\/\/www.24gliwice.pl\/wiadomosci\/wp-content\/uploads\/2026\/04\/20260402-ANIMATOR-przedszkole_grafika_750x200.webp 750w, https:\/\/www.24gliwice.pl\/wiadomosci\/wp-content\/uploads\/2026\/04\/20260402-ANIMATOR-przedszkole_grafika_750x200-410x109.webp 410w\" sizes=\"(max-width: 750px) 100vw, 750px\" class=\"no-lazyload\" width=\"750\" height=\"200\"  style=\"display: inline-block; max-width: 100%; height: auto;\" \/><\/a><\/div><\/div><h3>Wzd\u0142u\u017c ulicy Tarnog\u00f3rskiej montowane s\u0105 s\u0142upy nowego, ekologicznego o\u015bwietlenia. Nak\u0142adem blisko 3,2 mln z\u0142otych modernizacj\u0119 realizuje firma z \u017bor. W efekcie ju\u017c wykonanych prac latarnie pojawi\u0142y si\u0119&#8230; na drodze rowerowej.<\/h3>\n<p><em>&#8211; Droga dla rower\u00f3w przy ul. Tarnog\u00f3rskiej to jedna z najmniej udanych inwestycji rowerowych w naszym mie\u015bcie. Od samego pocz\u0105tku za w\u0105ska (1,5 m zamiast 2 m), wyboista i z licznymi przeszkodami w postaci s\u0142upk\u00f3w i barierek, z kt\u00f3rych cz\u0119\u015b\u0107 ostatnio na nasz wniosek uda\u0142o si\u0119 przestawi\u0107. Teraz pojawia si\u0119 nowa przeszkoda w postaci lampy. To pokazuje, \u017ce sprawy rowerowe s\u0105 lekcewa\u017cone solidarnie przez wszystkich &#8211; urz\u0119dnik\u00f3w, projektant\u00f3w i budowla\u0144c\u00f3w, bo gdyby ktokolwiek z nich zastanowi\u0142 si\u0119 chwil\u0119 nad lokalizacj\u0105 tej lampy to wiedzia\u0142by, \u017ce co\u015b posz\u0142o nie tak<\/em> &#8211; m\u00f3wi <strong>Tomasz Herud<\/strong>, prezes stowarzyszenia Gliwicka Rada Rowerowa.<\/p>\n<h3>Korespondencj\u0119 w tej sprawie GRR prowadzi\u0142a ju\u017c 1,5 roku temu. Wynika z niej, taka lokalizacja s\u0142up\u00f3w o\u015bwietleniowych jest zgodna z zamierzeniem urz\u0119dnik\u00f3w.<\/h3>\n<p><em>&#8211; W odpowiedzi na pytanie dotycz\u0105ce budowy o\u015bwietlenia i w odniesieniu do planowanych w koncepcji dr\u00f3g rowerowych na ul. Rybnickiej, Tarnog\u00f3rskiej i Dworcowej, Wydzia\u0142 Przedsi\u0119wzi\u0119\u0107 Gospodarczych i Us\u0142ug Komunalnych informuje, i\u017c planowane o\u015bwietlenie b\u0119dzie znajdowa\u0142o si\u0119 w \u015bladzie istniej\u0105cego, a jego rol\u0105 b\u0119dzie o\u015bwietlenie pasa drogowego oraz chodnika. Drogi rowerowe na wymienionych przez Pana odcinkach s\u0105 w fazie koncepcji, kt\u00f3ra mo\u017ce ulec zmianie. Bior\u0105c powy\u017csze pod uwag\u0119 budowane o\u015bwietlenie b\u0119dzie odnosi\u0142o si\u0119 do istniej\u0105cego pasa drogowego &#8211;<\/em> poinformowa\u0142a Gliwick\u0105 Rad\u0119 Rowerow\u0105 <strong>Mariola Pendzia\u0142ek<\/strong>, naczelniczka Wydzia\u0142u Przedsi\u0119wzi\u0119\u0107 Gospodarczych i Us\u0142ug Komunalnych.<\/p><div class=\"gliwi-a3-w-tresci-artykulow gliwi-entity-placement\" id=\"gliwi-2329571669\"><div class=\"gliwi-adlabel\"><span style=\"font-size: 9px\">REKLAMA<\/span><\/div><div id=\"gliwi-1815083335\" style=\"margin-bottom: 30px;margin-left: auto;margin-right: auto;text-align: center;\"><a data-no-instant=\"1\" href=\"https:\/\/zlobek.halogen.org.pl\/\" rel=\"noopener\" class=\"a2t-link\" target=\"_blank\" aria-label=\"animator-zlobek_750x200\"><img loading=\"lazy\" decoding=\"async\" src=\"https:\/\/www.24gliwice.pl\/wiadomosci\/wp-content\/uploads\/2026\/02\/animator-zlobek_750x200.webp\" alt=\"\"  srcset=\"https:\/\/www.24gliwice.pl\/wiadomosci\/wp-content\/uploads\/2026\/02\/animator-zlobek_750x200.webp 750w, https:\/\/www.24gliwice.pl\/wiadomosci\/wp-content\/uploads\/2026\/02\/animator-zlobek_750x200-410x109.webp 410w\" sizes=\"(max-width: 750px) 100vw, 750px\" class=\"no-lazyload\" width=\"750\" height=\"200\"  style=\"display: inline-block; max-width: 100%; height: auto;\" \/><\/a><\/div><\/div>\n<p><img loading=\"lazy\" decoding=\"async\" class=\"alignnone size-full wp-image-144738\" src=\"https:\/\/www.24gliwice.pl\/wiadomosci\/wp-content\/uploads\/2019\/12\/latarnie-tarnog\u00f3rska-2-e1576063670495.jpg\" alt=\"\" width=\"810\" height=\"455\" \/><\/p>\n<p>To nie pierwsza sytuacja, gdy budowane o\u015bwietlenie staje si\u0119 przeszkod\u0105. Na ulicy Puszkina wybudowano je na chodniku, zabieraj\u0105c tym samym miejsce pieszym. Tam istniej\u0105ca infrastruktura podziemna uniemo\u017cliwia\u0142a inne zlokalizowanie s\u0142up\u00f3w latarni. <a href=\"https:\/\/www.24gliwice.pl\/wiadomosci\/nowe-latarnie-wzdluz-ul-puszkina-powstaja-na-srodku-waskiego-chodnika-wozek-sie-nie-zmiesci\/\" target=\"_blank\" rel=\"noopener noreferrer\">Pisali\u015bmy o tym w grudniu 2017 roku. <\/a><\/p>\n<h3>AKTUALIZACJA<\/h3>\n<p>Po przes\u0142aniu w \u015brod\u0119 naszego zapytania do Urz\u0119du Miejskiego, w czwartek latarnia zosta\u0142a przesuni\u0119ta tak, aby nie stanowi\u0107 ju\u017c przeszkody dla u\u017cytkownik\u00f3w drogi rowerowej. Otrzymali\u015bmy te\u017c nast\u0119puj\u0105c\u0105 odpowied\u017a:<br \/>\n<em>&#8211; <em>Wydzia\u0142 Przedsi\u0119wzi\u0119\u0107 Gospodarczych i Us\u0142ug Komunalnych informuje, \u017ce inwestycja polegaj\u0105ca na budowie nowego o\u015bwietlenia ul. Tarnog\u00f3rskiej nie zosta\u0142a zako\u0144czona. Wszelkie nieprawid\u0142owo\u015bci s\u0105 na bie\u017c\u0105co zg\u0142aszane do Wykonawcy oraz Inspektora Nadzoru<\/em><\/em> &#8211; przekaza\u0142a naczelniczka wydzia\u0142u, <strong>Mariola Pendzia\u0142ek<\/strong>. <em>&#8211; Informujemy, \u017ce zostanie zmieniona lokalizacja wskazanych s\u0142up\u00f3w tak, aby nie utrudnia\u0142y ruchu pieszych oraz rowerzyst\u00f3w. Jednocze\u015bnie informujemy, \u017ce Wydzia\u0142 PU by\u0142 ju\u017c w posiadaniu informacji o zaistnia\u0142ej sytuacji (przekazanej przez Inspektora Nadzoru) i by\u0142y prowadzone czynno\u015bci zmierzaj\u0105ce do zmiany lokalizacji s\u0142up\u00f3w<\/em> &#8211; informuje Mariola Pendzia\u0142ek. <\/p>\n<p><img loading=\"lazy\" decoding=\"async\" src=\"https:\/\/www.24gliwice.pl\/wiadomosci\/wp-content\/uploads\/2019\/12\/s\u0142up-przestawiony-e1576162441558.jpg\" alt=\"\" width=\"810\" height=\"455\" class=\"alignnone size-full wp-image-144816\" \/><\/p>\n<p>(\u017cms)<br \/>\nfot. JS<\/p>\n<p><img loading=\"lazy\" decoding=\"async\" class=\"alignnone wp-image-144745\" src=\"https:\/\/www.24gliwice.pl\/wiadomosci\/wp-content\/uploads\/2019\/12\/latarnie-tarnog\u00f3rska-3-e1576064092607.jpg\" alt=\"\" width=\"1608\" height=\"901\" \/><\/p>\n<p><img loading=\"lazy\" decoding=\"async\" class=\"alignnone wp-image-144737\" src=\"https:\/\/www.24gliwice.pl\/wiadomosci\/wp-content\/uploads\/2019\/12\/latarnia-tarnog\u00f3rska-pion.jpg\" alt=\"\" width=\"1562\" height=\"2783\" srcset=\"https:\/\/www.24gliwice.pl\/wiadomosci\/wp-content\/uploads\/2019\/12\/latarnia-tarnog\u00f3rska-pion.jpg 472w, https:\/\/www.24gliwice.pl\/wiadomosci\/wp-content\/uploads\/2019\/12\/latarnia-tarnog\u00f3rska-pion-130x232.jpg 130w, https:\/\/www.24gliwice.pl\/wiadomosci\/wp-content\/uploads\/2019\/12\/latarnia-tarnog\u00f3rska-pion-255x455.jpg 255w\" sizes=\"auto, (max-width: 1562px) 100vw, 1562px\" \/><\/p>\n<div class=\"gliwi-a5-na-koncu-artykulow gliwi-entity-placement\" id=\"gliwi-3946697265\"><div class=\"gliwi-adlabel\"><span style=\"font-size: 9px\">REKLAMA<\/span><\/div><div id=\"gliwi-991337266\" style=\"margin-left: auto;margin-right: auto;text-align: center;\"><a data-no-instant=\"1\" href=\"https:\/\/prezeroarenagliwice.pl\/\" rel=\"noopener\" class=\"a2t-link\" target=\"_blank\" aria-label=\"20260309-PREZERO-WIOSNA-D\"><img loading=\"lazy\" decoding=\"async\" src=\"https:\/\/www.24gliwice.pl\/wiadomosci\/wp-content\/uploads\/2026\/03\/20260309-PREZERO-WIOSNA-D.webp\" alt=\"\"  srcset=\"https:\/\/www.24gliwice.pl\/wiadomosci\/wp-content\/uploads\/2026\/03\/20260309-PREZERO-WIOSNA-D.webp 750w, https:\/\/www.24gliwice.pl\/wiadomosci\/wp-content\/uploads\/2026\/03\/20260309-PREZERO-WIOSNA-D-410x109.webp 410w\" sizes=\"(max-width: 750px) 100vw, 750px\" class=\"no-lazyload\" width=\"750\" height=\"200\"  style=\"display: inline-block; max-width: 100%; height: auto;\" \/><\/a><\/div><\/div>","protected":false},"excerpt":{"rendered":"<p>Wzd\u0142u\u017c ulicy Tarnog\u00f3rskiej montowane s\u0105 s\u0142upy nowego, ekologicznego o\u015bwietlenia. Nak\u0142adem blisko 3,2 mln z\u0142otych modernizacj\u0119 realizuje firma z \u017bor. W efekcie ju\u017c wykonanych prac latarnie pojawi\u0142y si\u0119&#8230; na drodze rowerowej. &#8211; Droga dla rower\u00f3w przy ul. Tarnog\u00f3rskiej to jedna z najmniej udanych inwestycji rowerowych w naszym mie\u015bcie. Od samego pocz\u0105tku za w\u0105ska (1,5 m zamiast [&hellip;]<\/p>\n","protected":false},"author":15,"featured_media":144739,"comment_status":"open","ping_status":"closed","sticky":false,"template":"","format":"standard","meta":{"_monsterinsights_skip_tracking":false,"_monsterinsights_sitenote_active":false,"_monsterinsights_sitenote_note":"","_monsterinsights_sitenote_category":0,"footnotes":"","_links_to":"","_links_to_target":""},"categories":[3,1,9],"tags":[10922,17156,5327],"class_list":["post-144725","post","type-post","status-publish","format-standard","has-post-thumbnail","hentry","category-gliwice","category-wszystko","category-aktualnosci_lokalne","tag-modernizacja-oswietlenia","tag-oswietlenie-ulicy-tarnogorskiej","tag-tarnogorska"],"yoast_head":"<!-- This site is optimized with the Yoast SEO plugin v27.5 - https:\/\/yoast.com\/product\/yoast-seo-wordpress\/ -->\n<title>Now\u0105 latarni\u0119 postawiono na w\u0105skiej drodze rowerowej. GRR: &quot;Co\u015b posz\u0142o nie tak&quot;. AKTUALIZACJA - 24GLIWICE - Portal Gliwice | codziennie nowe informacje<\/title>\n<meta name=\"robots\" content=\"index, follow, max-snippet:-1, max-image-preview:large, max-video-preview:-1\" \/>\n<link rel=\"canonical\" href=\"https:\/\/www.24gliwice.pl\/wiadomosci\/nowa-latarnie-postawiono-na-waskiej-drodze-rowerowej-grr-cos-poszlo-nie-tak\/\" \/>\n<meta property=\"og:locale\" content=\"pl_PL\" \/>\n<meta property=\"og:type\" content=\"article\" \/>\n<meta property=\"og:title\" content=\"Now\u0105 latarni\u0119 postawiono na w\u0105skiej drodze rowerowej. GRR: &quot;Co\u015b posz\u0142o nie tak&quot;. AKTUALIZACJA - 24GLIWICE - Portal Gliwice | codziennie nowe informacje\" \/>\n<meta property=\"og:description\" content=\"Wzd\u0142u\u017c ulicy Tarnog\u00f3rskiej montowane s\u0105 s\u0142upy nowego, ekologicznego o\u015bwietlenia. Nak\u0142adem blisko 3,2 mln z\u0142otych modernizacj\u0119 realizuje firma z \u017bor. W efekcie ju\u017c wykonanych prac latarnie pojawi\u0142y si\u0119&#8230; na drodze rowerowej. &#8211; Droga dla rower\u00f3w przy ul. Tarnog\u00f3rskiej to jedna z najmniej udanych inwestycji rowerowych w naszym mie\u015bcie. Od samego pocz\u0105tku za w\u0105ska (1,5 m zamiast [&hellip;]\" \/>\n<meta property=\"og:url\" content=\"https:\/\/www.24gliwice.pl\/wiadomosci\/nowa-latarnie-postawiono-na-waskiej-drodze-rowerowej-grr-cos-poszlo-nie-tak\/\" \/>\n<meta property=\"og:site_name\" content=\"24GLIWICE - Portal Gliwice | codziennie nowe informacje\" \/>\n<meta property=\"article:publisher\" content=\"https:\/\/www.facebook.com\/24gliwice\" \/>\n<meta property=\"article:published_time\" content=\"2019-12-11T12:24:49+00:00\" \/>\n<meta property=\"article:modified_time\" content=\"2019-12-12T16:40:51+00:00\" \/>\n<meta property=\"og:image\" content=\"https:\/\/www.24gliwice.pl\/wiadomosci\/wp-content\/uploads\/2019\/12\/latarnie-tarnog\u00f3rska-e1576063616855.jpg\" \/>\n\t<meta property=\"og:image:width\" content=\"810\" \/>\n\t<meta property=\"og:image:height\" content=\"455\" \/>\n\t<meta property=\"og:image:type\" content=\"image\/jpeg\" \/>\n<meta name=\"author\" content=\"\u017baneta Mrozek-Siewierska\" \/>\n<meta name=\"twitter:card\" content=\"summary_large_image\" \/>\n<meta name=\"twitter:creator\" content=\"@24gliwice\" \/>\n<meta name=\"twitter:site\" content=\"@24gliwice\" \/>\n<meta name=\"twitter:label1\" content=\"Napisane przez\" \/>\n\t<meta name=\"twitter:data1\" content=\"\u017baneta Mrozek-Siewierska\" \/>\n\t<meta name=\"twitter:label2\" content=\"Szacowany czas czytania\" \/>\n\t<meta name=\"twitter:data2\" content=\"2 minuty\" \/>\n<script type=\"application\/ld+json\" class=\"yoast-schema-graph\">{\"@context\":\"https:\\\/\\\/schema.org\",\"@graph\":[{\"@type\":\"Article\",\"@id\":\"https:\\\/\\\/www.24gliwice.pl\\\/wiadomosci\\\/nowa-latarnie-postawiono-na-waskiej-drodze-rowerowej-grr-cos-poszlo-nie-tak\\\/#article\",\"isPartOf\":{\"@id\":\"https:\\\/\\\/www.24gliwice.pl\\\/wiadomosci\\\/nowa-latarnie-postawiono-na-waskiej-drodze-rowerowej-grr-cos-poszlo-nie-tak\\\/\"},\"author\":{\"name\":\"\u017baneta Mrozek-Siewierska\",\"@id\":\"https:\\\/\\\/www.24gliwice.pl\\\/wiadomosci\\\/#\\\/schema\\\/person\\\/e42c650edd7f2fa332be3811fb166b6e\"},\"headline\":\"Now\u0105 latarni\u0119 postawiono na w\u0105skiej drodze rowerowej. GRR: &#8220;Co\u015b posz\u0142o nie tak&#8221;. AKTUALIZACJA\",\"datePublished\":\"2019-12-11T12:24:49+00:00\",\"dateModified\":\"2019-12-12T16:40:51+00:00\",\"mainEntityOfPage\":{\"@id\":\"https:\\\/\\\/www.24gliwice.pl\\\/wiadomosci\\\/nowa-latarnie-postawiono-na-waskiej-drodze-rowerowej-grr-cos-poszlo-nie-tak\\\/\"},\"wordCount\":502,\"commentCount\":0,\"publisher\":{\"@id\":\"https:\\\/\\\/www.24gliwice.pl\\\/wiadomosci\\\/#organization\"},\"image\":{\"@id\":\"https:\\\/\\\/www.24gliwice.pl\\\/wiadomosci\\\/nowa-latarnie-postawiono-na-waskiej-drodze-rowerowej-grr-cos-poszlo-nie-tak\\\/#primaryimage\"},\"thumbnailUrl\":\"https:\\\/\\\/www.24gliwice.pl\\\/wiadomosci\\\/wp-content\\\/uploads\\\/2019\\\/12\\\/latarnie-tarnog\u00f3rska-e1576063616855.jpg\",\"keywords\":[\"modernizacja o\u015bwietlenia\",\"o\u015bwietlenie ulicy tarnog\u00f3rskiej\",\"TARNOG\u00d3RSKA\"],\"articleSection\":[\"Gliwice\",\"Najnowsze wiadomo\u015bci\",\"Portal Gliwice - Wiadomo\u015bci lokalne\"],\"inLanguage\":\"pl-PL\",\"potentialAction\":[{\"@type\":\"CommentAction\",\"name\":\"Comment\",\"target\":[\"https:\\\/\\\/www.24gliwice.pl\\\/wiadomosci\\\/nowa-latarnie-postawiono-na-waskiej-drodze-rowerowej-grr-cos-poszlo-nie-tak\\\/#respond\"]}]},{\"@type\":\"WebPage\",\"@id\":\"https:\\\/\\\/www.24gliwice.pl\\\/wiadomosci\\\/nowa-latarnie-postawiono-na-waskiej-drodze-rowerowej-grr-cos-poszlo-nie-tak\\\/\",\"url\":\"https:\\\/\\\/www.24gliwice.pl\\\/wiadomosci\\\/nowa-latarnie-postawiono-na-waskiej-drodze-rowerowej-grr-cos-poszlo-nie-tak\\\/\",\"name\":\"Now\u0105 latarni\u0119 postawiono na w\u0105skiej drodze rowerowej. GRR: \\\"Co\u015b posz\u0142o nie tak\\\". AKTUALIZACJA - 24GLIWICE - Portal Gliwice | codziennie nowe informacje\",\"isPartOf\":{\"@id\":\"https:\\\/\\\/www.24gliwice.pl\\\/wiadomosci\\\/#website\"},\"primaryImageOfPage\":{\"@id\":\"https:\\\/\\\/www.24gliwice.pl\\\/wiadomosci\\\/nowa-latarnie-postawiono-na-waskiej-drodze-rowerowej-grr-cos-poszlo-nie-tak\\\/#primaryimage\"},\"image\":{\"@id\":\"https:\\\/\\\/www.24gliwice.pl\\\/wiadomosci\\\/nowa-latarnie-postawiono-na-waskiej-drodze-rowerowej-grr-cos-poszlo-nie-tak\\\/#primaryimage\"},\"thumbnailUrl\":\"https:\\\/\\\/www.24gliwice.pl\\\/wiadomosci\\\/wp-content\\\/uploads\\\/2019\\\/12\\\/latarnie-tarnog\u00f3rska-e1576063616855.jpg\",\"datePublished\":\"2019-12-11T12:24:49+00:00\",\"dateModified\":\"2019-12-12T16:40:51+00:00\",\"breadcrumb\":{\"@id\":\"https:\\\/\\\/www.24gliwice.pl\\\/wiadomosci\\\/nowa-latarnie-postawiono-na-waskiej-drodze-rowerowej-grr-cos-poszlo-nie-tak\\\/#breadcrumb\"},\"inLanguage\":\"pl-PL\",\"potentialAction\":[{\"@type\":\"ReadAction\",\"target\":[\"https:\\\/\\\/www.24gliwice.pl\\\/wiadomosci\\\/nowa-latarnie-postawiono-na-waskiej-drodze-rowerowej-grr-cos-poszlo-nie-tak\\\/\"]}]},{\"@type\":\"ImageObject\",\"inLanguage\":\"pl-PL\",\"@id\":\"https:\\\/\\\/www.24gliwice.pl\\\/wiadomosci\\\/nowa-latarnie-postawiono-na-waskiej-drodze-rowerowej-grr-cos-poszlo-nie-tak\\\/#primaryimage\",\"url\":\"https:\\\/\\\/www.24gliwice.pl\\\/wiadomosci\\\/wp-content\\\/uploads\\\/2019\\\/12\\\/latarnie-tarnog\u00f3rska-e1576063616855.jpg\",\"contentUrl\":\"https:\\\/\\\/www.24gliwice.pl\\\/wiadomosci\\\/wp-content\\\/uploads\\\/2019\\\/12\\\/latarnie-tarnog\u00f3rska-e1576063616855.jpg\",\"width\":810,\"height\":455},{\"@type\":\"BreadcrumbList\",\"@id\":\"https:\\\/\\\/www.24gliwice.pl\\\/wiadomosci\\\/nowa-latarnie-postawiono-na-waskiej-drodze-rowerowej-grr-cos-poszlo-nie-tak\\\/#breadcrumb\",\"itemListElement\":[{\"@type\":\"ListItem\",\"position\":1,\"name\":\"Strona g\u0142\u00f3wna\",\"item\":\"https:\\\/\\\/www.24gliwice.pl\\\/wiadomosci\\\/\"},{\"@type\":\"ListItem\",\"position\":2,\"name\":\"Now\u0105 latarni\u0119 postawiono na w\u0105skiej drodze rowerowej. GRR: &#8222;Co\u015b posz\u0142o nie tak&#8221;. AKTUALIZACJA\"}]},{\"@type\":\"WebSite\",\"@id\":\"https:\\\/\\\/www.24gliwice.pl\\\/wiadomosci\\\/#website\",\"url\":\"https:\\\/\\\/www.24gliwice.pl\\\/wiadomosci\\\/\",\"name\":\"24GLIWICE - Portal Gliwice | codziennie nowe wiadomo\u015bci\",\"description\":\"Portal Miejski Gliwice\",\"publisher\":{\"@id\":\"https:\\\/\\\/www.24gliwice.pl\\\/wiadomosci\\\/#organization\"},\"potentialAction\":[{\"@type\":\"SearchAction\",\"target\":{\"@type\":\"EntryPoint\",\"urlTemplate\":\"https:\\\/\\\/www.24gliwice.pl\\\/wiadomosci\\\/?s={search_term_string}\"},\"query-input\":{\"@type\":\"PropertyValueSpecification\",\"valueRequired\":true,\"valueName\":\"search_term_string\"}}],\"inLanguage\":\"pl-PL\"},{\"@type\":\"Organization\",\"@id\":\"https:\\\/\\\/www.24gliwice.pl\\\/wiadomosci\\\/#organization\",\"name\":\"24gliwice\",\"url\":\"https:\\\/\\\/www.24gliwice.pl\\\/wiadomosci\\\/\",\"logo\":{\"@type\":\"ImageObject\",\"inLanguage\":\"pl-PL\",\"@id\":\"https:\\\/\\\/www.24gliwice.pl\\\/wiadomosci\\\/#\\\/schema\\\/logo\\\/image\\\/\",\"url\":\"https:\\\/\\\/www.24gliwice.pl\\\/wiadomosci\\\/wp-content\\\/uploads\\\/2024\\\/10\\\/24gliwice-logo-696.jpg\",\"contentUrl\":\"https:\\\/\\\/www.24gliwice.pl\\\/wiadomosci\\\/wp-content\\\/uploads\\\/2024\\\/10\\\/24gliwice-logo-696.jpg\",\"width\":696,\"height\":696,\"caption\":\"24gliwice\"},\"image\":{\"@id\":\"https:\\\/\\\/www.24gliwice.pl\\\/wiadomosci\\\/#\\\/schema\\\/logo\\\/image\\\/\"},\"sameAs\":[\"https:\\\/\\\/www.facebook.com\\\/24gliwice\",\"https:\\\/\\\/x.com\\\/24gliwice\",\"https:\\\/\\\/www.youtube.com\\\/@24gliwice\"]},{\"@type\":\"Person\",\"@id\":\"https:\\\/\\\/www.24gliwice.pl\\\/wiadomosci\\\/#\\\/schema\\\/person\\\/e42c650edd7f2fa332be3811fb166b6e\",\"name\":\"\u017baneta Mrozek-Siewierska\",\"image\":{\"@type\":\"ImageObject\",\"inLanguage\":\"pl-PL\",\"@id\":\"https:\\\/\\\/secure.gravatar.com\\\/avatar\\\/1881429e9c64597c77ad7aef2d0a19be69a3253e57534d16aa15bf3a4d34a0a3?s=96&d=mm&r=g\",\"url\":\"https:\\\/\\\/secure.gravatar.com\\\/avatar\\\/1881429e9c64597c77ad7aef2d0a19be69a3253e57534d16aa15bf3a4d34a0a3?s=96&d=mm&r=g\",\"contentUrl\":\"https:\\\/\\\/secure.gravatar.com\\\/avatar\\\/1881429e9c64597c77ad7aef2d0a19be69a3253e57534d16aa15bf3a4d34a0a3?s=96&d=mm&r=g\",\"caption\":\"\u017baneta Mrozek-Siewierska\"},\"url\":\"https:\\\/\\\/www.24gliwice.pl\\\/wiadomosci\\\/author\\\/zms\\\/\"}]}<\/script>\n<!-- \/ Yoast SEO plugin. -->","yoast_head_json":{"title":"Now\u0105 latarni\u0119 postawiono na w\u0105skiej drodze rowerowej. GRR: \"Co\u015b posz\u0142o nie tak\". AKTUALIZACJA - 24GLIWICE - Portal Gliwice | codziennie nowe informacje","robots":{"index":"index","follow":"follow","max-snippet":"max-snippet:-1","max-image-preview":"max-image-preview:large","max-video-preview":"max-video-preview:-1"},"canonical":"https:\/\/www.24gliwice.pl\/wiadomosci\/nowa-latarnie-postawiono-na-waskiej-drodze-rowerowej-grr-cos-poszlo-nie-tak\/","og_locale":"pl_PL","og_type":"article","og_title":"Now\u0105 latarni\u0119 postawiono na w\u0105skiej drodze rowerowej. GRR: \"Co\u015b posz\u0142o nie tak\". AKTUALIZACJA - 24GLIWICE - Portal Gliwice | codziennie nowe informacje","og_description":"Wzd\u0142u\u017c ulicy Tarnog\u00f3rskiej montowane s\u0105 s\u0142upy nowego, ekologicznego o\u015bwietlenia. Nak\u0142adem blisko 3,2 mln z\u0142otych modernizacj\u0119 realizuje firma z \u017bor. W efekcie ju\u017c wykonanych prac latarnie pojawi\u0142y si\u0119&#8230; na drodze rowerowej. &#8211; Droga dla rower\u00f3w przy ul. Tarnog\u00f3rskiej to jedna z najmniej udanych inwestycji rowerowych w naszym mie\u015bcie. Od samego pocz\u0105tku za w\u0105ska (1,5 m zamiast [&hellip;]","og_url":"https:\/\/www.24gliwice.pl\/wiadomosci\/nowa-latarnie-postawiono-na-waskiej-drodze-rowerowej-grr-cos-poszlo-nie-tak\/","og_site_name":"24GLIWICE - Portal Gliwice | codziennie nowe informacje","article_publisher":"https:\/\/www.facebook.com\/24gliwice","article_published_time":"2019-12-11T12:24:49+00:00","article_modified_time":"2019-12-12T16:40:51+00:00","og_image":[{"width":810,"height":455,"url":"https:\/\/www.24gliwice.pl\/wiadomosci\/wp-content\/uploads\/2019\/12\/latarnie-tarnog\u00f3rska-e1576063616855.jpg","type":"image\/jpeg"}],"author":"\u017baneta Mrozek-Siewierska","twitter_card":"summary_large_image","twitter_creator":"@24gliwice","twitter_site":"@24gliwice","twitter_misc":{"Napisane przez":"\u017baneta Mrozek-Siewierska","Szacowany czas czytania":"2 minuty"},"schema":{"@context":"https:\/\/schema.org","@graph":[{"@type":"Article","@id":"https:\/\/www.24gliwice.pl\/wiadomosci\/nowa-latarnie-postawiono-na-waskiej-drodze-rowerowej-grr-cos-poszlo-nie-tak\/#article","isPartOf":{"@id":"https:\/\/www.24gliwice.pl\/wiadomosci\/nowa-latarnie-postawiono-na-waskiej-drodze-rowerowej-grr-cos-poszlo-nie-tak\/"},"author":{"name":"\u017baneta Mrozek-Siewierska","@id":"https:\/\/www.24gliwice.pl\/wiadomosci\/#\/schema\/person\/e42c650edd7f2fa332be3811fb166b6e"},"headline":"Now\u0105 latarni\u0119 postawiono na w\u0105skiej drodze rowerowej. GRR: &#8220;Co\u015b posz\u0142o nie tak&#8221;. AKTUALIZACJA","datePublished":"2019-12-11T12:24:49+00:00","dateModified":"2019-12-12T16:40:51+00:00","mainEntityOfPage":{"@id":"https:\/\/www.24gliwice.pl\/wiadomosci\/nowa-latarnie-postawiono-na-waskiej-drodze-rowerowej-grr-cos-poszlo-nie-tak\/"},"wordCount":502,"commentCount":0,"publisher":{"@id":"https:\/\/www.24gliwice.pl\/wiadomosci\/#organization"},"image":{"@id":"https:\/\/www.24gliwice.pl\/wiadomosci\/nowa-latarnie-postawiono-na-waskiej-drodze-rowerowej-grr-cos-poszlo-nie-tak\/#primaryimage"},"thumbnailUrl":"https:\/\/www.24gliwice.pl\/wiadomosci\/wp-content\/uploads\/2019\/12\/latarnie-tarnog\u00f3rska-e1576063616855.jpg","keywords":["modernizacja o\u015bwietlenia","o\u015bwietlenie ulicy tarnog\u00f3rskiej","TARNOG\u00d3RSKA"],"articleSection":["Gliwice","Najnowsze wiadomo\u015bci","Portal Gliwice - Wiadomo\u015bci lokalne"],"inLanguage":"pl-PL","potentialAction":[{"@type":"CommentAction","name":"Comment","target":["https:\/\/www.24gliwice.pl\/wiadomosci\/nowa-latarnie-postawiono-na-waskiej-drodze-rowerowej-grr-cos-poszlo-nie-tak\/#respond"]}]},{"@type":"WebPage","@id":"https:\/\/www.24gliwice.pl\/wiadomosci\/nowa-latarnie-postawiono-na-waskiej-drodze-rowerowej-grr-cos-poszlo-nie-tak\/","url":"https:\/\/www.24gliwice.pl\/wiadomosci\/nowa-latarnie-postawiono-na-waskiej-drodze-rowerowej-grr-cos-poszlo-nie-tak\/","name":"Now\u0105 latarni\u0119 postawiono na w\u0105skiej drodze rowerowej. GRR: \"Co\u015b posz\u0142o nie tak\". AKTUALIZACJA - 24GLIWICE - Portal Gliwice | codziennie nowe informacje","isPartOf":{"@id":"https:\/\/www.24gliwice.pl\/wiadomosci\/#website"},"primaryImageOfPage":{"@id":"https:\/\/www.24gliwice.pl\/wiadomosci\/nowa-latarnie-postawiono-na-waskiej-drodze-rowerowej-grr-cos-poszlo-nie-tak\/#primaryimage"},"image":{"@id":"https:\/\/www.24gliwice.pl\/wiadomosci\/nowa-latarnie-postawiono-na-waskiej-drodze-rowerowej-grr-cos-poszlo-nie-tak\/#primaryimage"},"thumbnailUrl":"https:\/\/www.24gliwice.pl\/wiadomosci\/wp-content\/uploads\/2019\/12\/latarnie-tarnog\u00f3rska-e1576063616855.jpg","datePublished":"2019-12-11T12:24:49+00:00","dateModified":"2019-12-12T16:40:51+00:00","breadcrumb":{"@id":"https:\/\/www.24gliwice.pl\/wiadomosci\/nowa-latarnie-postawiono-na-waskiej-drodze-rowerowej-grr-cos-poszlo-nie-tak\/#breadcrumb"},"inLanguage":"pl-PL","potentialAction":[{"@type":"ReadAction","target":["https:\/\/www.24gliwice.pl\/wiadomosci\/nowa-latarnie-postawiono-na-waskiej-drodze-rowerowej-grr-cos-poszlo-nie-tak\/"]}]},{"@type":"ImageObject","inLanguage":"pl-PL","@id":"https:\/\/www.24gliwice.pl\/wiadomosci\/nowa-latarnie-postawiono-na-waskiej-drodze-rowerowej-grr-cos-poszlo-nie-tak\/#primaryimage","url":"https:\/\/www.24gliwice.pl\/wiadomosci\/wp-content\/uploads\/2019\/12\/latarnie-tarnog\u00f3rska-e1576063616855.jpg","contentUrl":"https:\/\/www.24gliwice.pl\/wiadomosci\/wp-content\/uploads\/2019\/12\/latarnie-tarnog\u00f3rska-e1576063616855.jpg","width":810,"height":455},{"@type":"BreadcrumbList","@id":"https:\/\/www.24gliwice.pl\/wiadomosci\/nowa-latarnie-postawiono-na-waskiej-drodze-rowerowej-grr-cos-poszlo-nie-tak\/#breadcrumb","itemListElement":[{"@type":"ListItem","position":1,"name":"Strona g\u0142\u00f3wna","item":"https:\/\/www.24gliwice.pl\/wiadomosci\/"},{"@type":"ListItem","position":2,"name":"Now\u0105 latarni\u0119 postawiono na w\u0105skiej drodze rowerowej. GRR: &#8222;Co\u015b posz\u0142o nie tak&#8221;. AKTUALIZACJA"}]},{"@type":"WebSite","@id":"https:\/\/www.24gliwice.pl\/wiadomosci\/#website","url":"https:\/\/www.24gliwice.pl\/wiadomosci\/","name":"24GLIWICE - Portal Gliwice | codziennie nowe wiadomo\u015bci","description":"Portal Miejski Gliwice","publisher":{"@id":"https:\/\/www.24gliwice.pl\/wiadomosci\/#organization"},"potentialAction":[{"@type":"SearchAction","target":{"@type":"EntryPoint","urlTemplate":"https:\/\/www.24gliwice.pl\/wiadomosci\/?s={search_term_string}"},"query-input":{"@type":"PropertyValueSpecification","valueRequired":true,"valueName":"search_term_string"}}],"inLanguage":"pl-PL"},{"@type":"Organization","@id":"https:\/\/www.24gliwice.pl\/wiadomosci\/#organization","name":"24gliwice","url":"https:\/\/www.24gliwice.pl\/wiadomosci\/","logo":{"@type":"ImageObject","inLanguage":"pl-PL","@id":"https:\/\/www.24gliwice.pl\/wiadomosci\/#\/schema\/logo\/image\/","url":"https:\/\/www.24gliwice.pl\/wiadomosci\/wp-content\/uploads\/2024\/10\/24gliwice-logo-696.jpg","contentUrl":"https:\/\/www.24gliwice.pl\/wiadomosci\/wp-content\/uploads\/2024\/10\/24gliwice-logo-696.jpg","width":696,"height":696,"caption":"24gliwice"},"image":{"@id":"https:\/\/www.24gliwice.pl\/wiadomosci\/#\/schema\/logo\/image\/"},"sameAs":["https:\/\/www.facebook.com\/24gliwice","https:\/\/x.com\/24gliwice","https:\/\/www.youtube.com\/@24gliwice"]},{"@type":"Person","@id":"https:\/\/www.24gliwice.pl\/wiadomosci\/#\/schema\/person\/e42c650edd7f2fa332be3811fb166b6e","name":"\u017baneta Mrozek-Siewierska","image":{"@type":"ImageObject","inLanguage":"pl-PL","@id":"https:\/\/secure.gravatar.com\/avatar\/1881429e9c64597c77ad7aef2d0a19be69a3253e57534d16aa15bf3a4d34a0a3?s=96&d=mm&r=g","url":"https:\/\/secure.gravatar.com\/avatar\/1881429e9c64597c77ad7aef2d0a19be69a3253e57534d16aa15bf3a4d34a0a3?s=96&d=mm&r=g","contentUrl":"https:\/\/secure.gravatar.com\/avatar\/1881429e9c64597c77ad7aef2d0a19be69a3253e57534d16aa15bf3a4d34a0a3?s=96&d=mm&r=g","caption":"\u017baneta Mrozek-Siewierska"},"url":"https:\/\/www.24gliwice.pl\/wiadomosci\/author\/zms\/"}]}},"_links":{"self":[{"href":"https:\/\/www.24gliwice.pl\/wiadomosci\/wp-json\/wp\/v2\/posts\/144725","targetHints":{"allow":["GET"]}}],"collection":[{"href":"https:\/\/www.24gliwice.pl\/wiadomosci\/wp-json\/wp\/v2\/posts"}],"about":[{"href":"https:\/\/www.24gliwice.pl\/wiadomosci\/wp-json\/wp\/v2\/types\/post"}],"author":[{"embeddable":true,"href":"https:\/\/www.24gliwice.pl\/wiadomosci\/wp-json\/wp\/v2\/users\/15"}],"replies":[{"embeddable":true,"href":"https:\/\/www.24gliwice.pl\/wiadomosci\/wp-json\/wp\/v2\/comments?post=144725"}],"version-history":[{"count":0,"href":"https:\/\/www.24gliwice.pl\/wiadomosci\/wp-json\/wp\/v2\/posts\/144725\/revisions"}],"wp:featuredmedia":[{"embeddable":true,"href":"https:\/\/www.24gliwice.pl\/wiadomosci\/wp-json\/wp\/v2\/media\/144739"}],"wp:attachment":[{"href":"https:\/\/www.24gliwice.pl\/wiadomosci\/wp-json\/wp\/v2\/media?parent=144725"}],"wp:term":[{"taxonomy":"category","embeddable":true,"href":"https:\/\/www.24gliwice.pl\/wiadomosci\/wp-json\/wp\/v2\/categories?post=144725"},{"taxonomy":"post_tag","embeddable":true,"href":"https:\/\/www.24gliwice.pl\/wiadomosci\/wp-json\/wp\/v2\/tags?post=144725"}],"curies":[{"name":"wp","href":"https:\/\/api.w.org\/{rel}","templated":true}]}}