{"id":144760,"date":"2019-12-11T22:05:20","date_gmt":"2019-12-11T21:05:20","guid":{"rendered":"https:\/\/www.24gliwice.pl\/wiadomosci\/?p=144760"},"modified":"2019-12-11T22:05:20","modified_gmt":"2019-12-11T21:05:20","slug":"wszystkie-ekranizacje-prozy-tokarczuk-na-ekranie-kina-amok-trzydniowy-maraton-filmowy","status":"publish","type":"post","link":"https:\/\/www.24gliwice.pl\/wiadomosci\/wszystkie-ekranizacje-prozy-tokarczuk-na-ekranie-kina-amok-trzydniowy-maraton-filmowy\/","title":{"rendered":"Wszystkie ekranizacje prozy Tokarczuk na ekranie kina Amok. Trzydniowy maraton filmowy"},"content":{"rendered":"<div class=\"gliwi-a6-nad-leadem-artykulow gliwi-entity-placement\" id=\"gliwi-25975089\"><div class=\"gliwi-adlabel\"><span style=\"font-size: 9px\">REKLAMA<\/span><\/div><div id=\"gliwi-4071289011\" style=\"margin-bottom: 30px;margin-left: auto;margin-right: auto;text-align: center;\"><a data-no-instant=\"1\" href=\"https:\/\/przedszkole.halogen.org.pl\/\" rel=\"noopener\" class=\"a2t-link\" target=\"_blank\" aria-label=\"20260402-ANIMATOR-przedszkole_grafika_750x200\"><img loading=\"lazy\" decoding=\"async\" src=\"https:\/\/www.24gliwice.pl\/wiadomosci\/wp-content\/uploads\/2026\/04\/20260402-ANIMATOR-przedszkole_grafika_750x200.webp\" alt=\"\"  srcset=\"https:\/\/www.24gliwice.pl\/wiadomosci\/wp-content\/uploads\/2026\/04\/20260402-ANIMATOR-przedszkole_grafika_750x200.webp 750w, https:\/\/www.24gliwice.pl\/wiadomosci\/wp-content\/uploads\/2026\/04\/20260402-ANIMATOR-przedszkole_grafika_750x200-410x109.webp 410w\" sizes=\"(max-width: 750px) 100vw, 750px\" class=\"no-lazyload\" width=\"750\" height=\"200\"  style=\"display: inline-block; max-width: 100%; height: auto;\" \/><\/a><\/div><\/div><h3>Rok 2019 zapisze si\u0119 w historii polskiej literatury, jako rok, w kt\u00f3rym Olga Tokarczuk otrzyma\u0142a Literack\u0105 Nagrod\u0119 Nobla. Z okazji tego wielkiego wyr\u00f3\u017cnienia dla polskiej autorki gliwickie kino Amok zaprasza na przegl\u0105d filmowy oparty na jej tw\u00f3rczo\u015bci.<\/h3>\n<p>Na ekranie Amoku (ul. Dolnych Wa\u0142\u00f3w 3) zobaczymy wszystkie zrealizowane dot\u0105d filmy oparte na tekstach <strong>Olgi Tokarczuk<\/strong>. W\u015br\u00f3d nich b\u0119d\u0105 dzie\u0142a inspirowane jej ksi\u0105\u017ckami i opowiadaniami oraz wed\u0142ug jej scenariusza.<\/p>\n<h3>W sumie mi\u0119dzy 13 a 15 grudnia pokazanych zostanie sze\u015b\u0107 film\u00f3w, z \u201ePokotem\u201d w re\u017cyserii Agnieszki Holland na czele.<\/h3>\n<p>Projekcje b\u0119d\u0105 rozpoczyna\u0107 si\u0119 o godzinie 18:00, z wyj\u0105tkiem niedzieli, kiedy pierwszy seans zaplanowano o 15:30. Mo\u017cna kupowa\u0107 bilety na pojedyncze seanse oraz karnety na ca\u0142y przegl\u0105d. Ceny bilet\u00f3w: 18 z\u0142 (N), 14 z\u0142 (U), 12 z\u0142 (R3+). Karnety (ca\u0142o\u015b\u0107): 48 z\u0142 (N), 36 z\u0142 (U), 30 z\u0142 (R3+) s\u0105 do nabycia wy\u0142\u0105cznie w kasie kina. Wi\u0119cej informacji, repertuar, bilety &#8211; <a href=\"http:\/\/amok.gliwice.pl\/repertuar\" target=\"_blank\" rel=\"noopener noreferrer\">www.amok.gliwice.pl<\/a>.<\/p><div class=\"gliwi-a3-w-tresci-artykulow gliwi-entity-placement\" id=\"gliwi-1063055292\"><div class=\"gliwi-adlabel\"><span style=\"font-size: 9px\">REKLAMA<\/span><\/div><div id=\"gliwi-237490054\" style=\"margin-bottom: 30px;margin-left: auto;margin-right: auto;text-align: center;\"><a data-no-instant=\"1\" href=\"https:\/\/zlobek.halogen.org.pl\/\" rel=\"noopener\" class=\"a2t-link\" target=\"_blank\" aria-label=\"animator-zlobek_750x200\"><img loading=\"lazy\" decoding=\"async\" src=\"https:\/\/www.24gliwice.pl\/wiadomosci\/wp-content\/uploads\/2026\/02\/animator-zlobek_750x200.webp\" alt=\"\"  srcset=\"https:\/\/www.24gliwice.pl\/wiadomosci\/wp-content\/uploads\/2026\/02\/animator-zlobek_750x200.webp 750w, https:\/\/www.24gliwice.pl\/wiadomosci\/wp-content\/uploads\/2026\/02\/animator-zlobek_750x200-410x109.webp 410w\" sizes=\"(max-width: 750px) 100vw, 750px\" class=\"no-lazyload\" width=\"750\" height=\"200\"  style=\"display: inline-block; max-width: 100%; height: auto;\" \/><\/a><\/div><\/div>\n<h4>Harmonogram projekcji (ma\u0142a sala)<\/h4>\n<p><strong>13.12 (pt), g. 18.00, 20.00<\/strong><\/p>\n<p>ARIA DIVA (re\u017c. <strong>Agnieszka Smoczy\u0144ska<\/strong>, PL 2007, 30\u2019)<\/p>\n<p>\u017bUREK (re\u017c.<strong> Ryszard Brylski<\/strong>, PL 2003, 70\u2019)<\/p>\n<p><strong>14.12 (sb), g. 18.00, 20.00<\/strong><\/p>\n<p>GLICYNIA (re\u017c. <strong>Izabela Kiszczak<\/strong>, PL 2016, 18\u2019)<\/p>\n<p>NOC W MARIANDZIE (re\u017c. <strong>Mat\u011bj Chlup\u00e1\u010dek, Maja Hamplov\u00e1, Martin Hradeck\u00fd,<\/strong> CZ 2019; 25&#8242;)<\/p>\n<p>ZNIKNI\u0118CIE (re\u017c. <strong>Adam Uryniak<\/strong>, PL 2011, 63&#8242;)<\/p>\n<p><strong>15.12 (nd), g. 15.30, 18.00<\/strong><\/p>\n<p>POKOT (re\u017c. <strong>Agnieszka Holland<\/strong>, PL\/CZ\/DE 2016, 128\u2019)<\/p>\n<p>(\u017cms)\/UM(mm)<br \/>\nfot. mat. organizatorsa\/R.Pa\u0142ka<\/p>\n<div class=\"gliwi-a5-na-koncu-artykulow gliwi-entity-placement\" id=\"gliwi-852128852\"><div class=\"gliwi-adlabel\"><span style=\"font-size: 9px\">REKLAMA<\/span><\/div><div id=\"gliwi-3640785103\" style=\"margin-left: auto;margin-right: auto;text-align: center;\"><a data-no-instant=\"1\" href=\"https:\/\/www.jasek.pl\/\" rel=\"noopener\" class=\"a2t-link\" target=\"_blank\" aria-label=\"20200401-jasek 600\"><img loading=\"lazy\" decoding=\"async\" src=\"https:\/\/www.24gliwice.pl\/wiadomosci\/wp-content\/uploads\/2020\/04\/20200401-jasek-600.jpg\" alt=\"\"  srcset=\"https:\/\/www.24gliwice.pl\/wiadomosci\/wp-content\/uploads\/2020\/04\/20200401-jasek-600.jpg 600w, https:\/\/www.24gliwice.pl\/wiadomosci\/wp-content\/uploads\/2020\/04\/20200401-jasek-600-410x109.jpg 410w\" sizes=\"(max-width: 600px) 100vw, 600px\" class=\"no-lazyload\" width=\"600\" height=\"160\"  style=\"display: inline-block; max-width: 100%; height: auto;\" \/><\/a><\/div><\/div>","protected":false},"excerpt":{"rendered":"<p>Rok 2019 zapisze si\u0119 w historii polskiej literatury, jako rok, w kt\u00f3rym Olga Tokarczuk otrzyma\u0142a Literack\u0105 Nagrod\u0119 Nobla. Z okazji tego wielkiego wyr\u00f3\u017cnienia dla polskiej autorki gliwickie kino Amok zaprasza na przegl\u0105d filmowy oparty na jej tw\u00f3rczo\u015bci. Na ekranie Amoku (ul. Dolnych Wa\u0142\u00f3w 3) zobaczymy wszystkie zrealizowane dot\u0105d filmy oparte na tekstach Olgi Tokarczuk. W\u015br\u00f3d [&hellip;]<\/p>\n","protected":false},"author":15,"featured_media":144761,"comment_status":"open","ping_status":"closed","sticky":false,"template":"","format":"standard","meta":{"_monsterinsights_skip_tracking":false,"_monsterinsights_sitenote_active":false,"_monsterinsights_sitenote_note":"","_monsterinsights_sitenote_category":0,"footnotes":"","_links_to":"","_links_to_target":""},"categories":[3,6,1],"tags":[4577,3393,2713],"class_list":["post-144760","post","type-post","status-publish","format-standard","has-post-thumbnail","hentry","category-gliwice","category-kultura","category-wszystko","tag-amok","tag-kino","tag-maraton-filmowy"],"yoast_head":"<!-- This site is optimized with the Yoast SEO plugin v27.5 - https:\/\/yoast.com\/product\/yoast-seo-wordpress\/ -->\n<title>Wszystkie ekranizacje prozy Tokarczuk na ekranie kina Amok. Trzydniowy maraton filmowy - 24GLIWICE - Portal Gliwice | codziennie nowe informacje<\/title>\n<meta name=\"robots\" content=\"index, follow, max-snippet:-1, max-image-preview:large, max-video-preview:-1\" \/>\n<link rel=\"canonical\" href=\"https:\/\/www.24gliwice.pl\/wiadomosci\/wszystkie-ekranizacje-prozy-tokarczuk-na-ekranie-kina-amok-trzydniowy-maraton-filmowy\/\" \/>\n<meta property=\"og:locale\" content=\"pl_PL\" \/>\n<meta property=\"og:type\" content=\"article\" \/>\n<meta property=\"og:title\" content=\"Wszystkie ekranizacje prozy Tokarczuk na ekranie kina Amok. Trzydniowy maraton filmowy - 24GLIWICE - Portal Gliwice | codziennie nowe informacje\" \/>\n<meta property=\"og:description\" content=\"Rok 2019 zapisze si\u0119 w historii polskiej literatury, jako rok, w kt\u00f3rym Olga Tokarczuk otrzyma\u0142a Literack\u0105 Nagrod\u0119 Nobla. Z okazji tego wielkiego wyr\u00f3\u017cnienia dla polskiej autorki gliwickie kino Amok zaprasza na przegl\u0105d filmowy oparty na jej tw\u00f3rczo\u015bci. Na ekranie Amoku (ul. Dolnych Wa\u0142\u00f3w 3) zobaczymy wszystkie zrealizowane dot\u0105d filmy oparte na tekstach Olgi Tokarczuk. W\u015br\u00f3d [&hellip;]\" \/>\n<meta property=\"og:url\" content=\"https:\/\/www.24gliwice.pl\/wiadomosci\/wszystkie-ekranizacje-prozy-tokarczuk-na-ekranie-kina-amok-trzydniowy-maraton-filmowy\/\" \/>\n<meta property=\"og:site_name\" content=\"24GLIWICE - Portal Gliwice | codziennie nowe informacje\" \/>\n<meta property=\"article:publisher\" content=\"https:\/\/www.facebook.com\/24gliwice\" \/>\n<meta property=\"article:published_time\" content=\"2019-12-11T21:05:20+00:00\" \/>\n<meta property=\"og:image\" content=\"https:\/\/www.24gliwice.pl\/wiadomosci\/wp-content\/uploads\/2019\/12\/pokot-fot-r-pa\u0142ka.jpg\" \/>\n\t<meta property=\"og:image:width\" content=\"900\" \/>\n\t<meta property=\"og:image:height\" content=\"506\" \/>\n\t<meta property=\"og:image:type\" content=\"image\/jpeg\" \/>\n<meta name=\"author\" content=\"\u017baneta Mrozek-Siewierska\" \/>\n<meta name=\"twitter:card\" content=\"summary_large_image\" \/>\n<meta name=\"twitter:creator\" content=\"@24gliwice\" \/>\n<meta name=\"twitter:site\" content=\"@24gliwice\" \/>\n<meta name=\"twitter:label1\" content=\"Napisane przez\" \/>\n\t<meta name=\"twitter:data1\" content=\"\u017baneta Mrozek-Siewierska\" \/>\n\t<meta name=\"twitter:label2\" content=\"Szacowany czas czytania\" \/>\n\t<meta name=\"twitter:data2\" content=\"1 minuta\" \/>\n<script type=\"application\/ld+json\" class=\"yoast-schema-graph\">{\"@context\":\"https:\\\/\\\/schema.org\",\"@graph\":[{\"@type\":\"Article\",\"@id\":\"https:\\\/\\\/www.24gliwice.pl\\\/wiadomosci\\\/wszystkie-ekranizacje-prozy-tokarczuk-na-ekranie-kina-amok-trzydniowy-maraton-filmowy\\\/#article\",\"isPartOf\":{\"@id\":\"https:\\\/\\\/www.24gliwice.pl\\\/wiadomosci\\\/wszystkie-ekranizacje-prozy-tokarczuk-na-ekranie-kina-amok-trzydniowy-maraton-filmowy\\\/\"},\"author\":{\"name\":\"\u017baneta Mrozek-Siewierska\",\"@id\":\"https:\\\/\\\/www.24gliwice.pl\\\/wiadomosci\\\/#\\\/schema\\\/person\\\/e42c650edd7f2fa332be3811fb166b6e\"},\"headline\":\"Wszystkie ekranizacje prozy Tokarczuk na ekranie kina Amok. Trzydniowy maraton filmowy\",\"datePublished\":\"2019-12-11T21:05:20+00:00\",\"mainEntityOfPage\":{\"@id\":\"https:\\\/\\\/www.24gliwice.pl\\\/wiadomosci\\\/wszystkie-ekranizacje-prozy-tokarczuk-na-ekranie-kina-amok-trzydniowy-maraton-filmowy\\\/\"},\"wordCount\":239,\"commentCount\":0,\"publisher\":{\"@id\":\"https:\\\/\\\/www.24gliwice.pl\\\/wiadomosci\\\/#organization\"},\"image\":{\"@id\":\"https:\\\/\\\/www.24gliwice.pl\\\/wiadomosci\\\/wszystkie-ekranizacje-prozy-tokarczuk-na-ekranie-kina-amok-trzydniowy-maraton-filmowy\\\/#primaryimage\"},\"thumbnailUrl\":\"https:\\\/\\\/www.24gliwice.pl\\\/wiadomosci\\\/wp-content\\\/uploads\\\/2019\\\/12\\\/pokot-fot-r-pa\u0142ka.jpg\",\"keywords\":[\"AMOK\",\"KINO\",\"MARATON FILMOWY\"],\"articleSection\":[\"Gliwice\",\"Kultura, wydarzenia, imprezy\",\"Najnowsze wiadomo\u015bci\"],\"inLanguage\":\"pl-PL\",\"potentialAction\":[{\"@type\":\"CommentAction\",\"name\":\"Comment\",\"target\":[\"https:\\\/\\\/www.24gliwice.pl\\\/wiadomosci\\\/wszystkie-ekranizacje-prozy-tokarczuk-na-ekranie-kina-amok-trzydniowy-maraton-filmowy\\\/#respond\"]}]},{\"@type\":\"WebPage\",\"@id\":\"https:\\\/\\\/www.24gliwice.pl\\\/wiadomosci\\\/wszystkie-ekranizacje-prozy-tokarczuk-na-ekranie-kina-amok-trzydniowy-maraton-filmowy\\\/\",\"url\":\"https:\\\/\\\/www.24gliwice.pl\\\/wiadomosci\\\/wszystkie-ekranizacje-prozy-tokarczuk-na-ekranie-kina-amok-trzydniowy-maraton-filmowy\\\/\",\"name\":\"Wszystkie ekranizacje prozy Tokarczuk na ekranie kina Amok. Trzydniowy maraton filmowy - 24GLIWICE - Portal Gliwice | codziennie nowe informacje\",\"isPartOf\":{\"@id\":\"https:\\\/\\\/www.24gliwice.pl\\\/wiadomosci\\\/#website\"},\"primaryImageOfPage\":{\"@id\":\"https:\\\/\\\/www.24gliwice.pl\\\/wiadomosci\\\/wszystkie-ekranizacje-prozy-tokarczuk-na-ekranie-kina-amok-trzydniowy-maraton-filmowy\\\/#primaryimage\"},\"image\":{\"@id\":\"https:\\\/\\\/www.24gliwice.pl\\\/wiadomosci\\\/wszystkie-ekranizacje-prozy-tokarczuk-na-ekranie-kina-amok-trzydniowy-maraton-filmowy\\\/#primaryimage\"},\"thumbnailUrl\":\"https:\\\/\\\/www.24gliwice.pl\\\/wiadomosci\\\/wp-content\\\/uploads\\\/2019\\\/12\\\/pokot-fot-r-pa\u0142ka.jpg\",\"datePublished\":\"2019-12-11T21:05:20+00:00\",\"breadcrumb\":{\"@id\":\"https:\\\/\\\/www.24gliwice.pl\\\/wiadomosci\\\/wszystkie-ekranizacje-prozy-tokarczuk-na-ekranie-kina-amok-trzydniowy-maraton-filmowy\\\/#breadcrumb\"},\"inLanguage\":\"pl-PL\",\"potentialAction\":[{\"@type\":\"ReadAction\",\"target\":[\"https:\\\/\\\/www.24gliwice.pl\\\/wiadomosci\\\/wszystkie-ekranizacje-prozy-tokarczuk-na-ekranie-kina-amok-trzydniowy-maraton-filmowy\\\/\"]}]},{\"@type\":\"ImageObject\",\"inLanguage\":\"pl-PL\",\"@id\":\"https:\\\/\\\/www.24gliwice.pl\\\/wiadomosci\\\/wszystkie-ekranizacje-prozy-tokarczuk-na-ekranie-kina-amok-trzydniowy-maraton-filmowy\\\/#primaryimage\",\"url\":\"https:\\\/\\\/www.24gliwice.pl\\\/wiadomosci\\\/wp-content\\\/uploads\\\/2019\\\/12\\\/pokot-fot-r-pa\u0142ka.jpg\",\"contentUrl\":\"https:\\\/\\\/www.24gliwice.pl\\\/wiadomosci\\\/wp-content\\\/uploads\\\/2019\\\/12\\\/pokot-fot-r-pa\u0142ka.jpg\",\"width\":900,\"height\":506,\"caption\":\"fot. R. Pa\u0142ka\"},{\"@type\":\"BreadcrumbList\",\"@id\":\"https:\\\/\\\/www.24gliwice.pl\\\/wiadomosci\\\/wszystkie-ekranizacje-prozy-tokarczuk-na-ekranie-kina-amok-trzydniowy-maraton-filmowy\\\/#breadcrumb\",\"itemListElement\":[{\"@type\":\"ListItem\",\"position\":1,\"name\":\"Strona g\u0142\u00f3wna\",\"item\":\"https:\\\/\\\/www.24gliwice.pl\\\/wiadomosci\\\/\"},{\"@type\":\"ListItem\",\"position\":2,\"name\":\"Wszystkie ekranizacje prozy Tokarczuk na ekranie kina Amok. Trzydniowy maraton filmowy\"}]},{\"@type\":\"WebSite\",\"@id\":\"https:\\\/\\\/www.24gliwice.pl\\\/wiadomosci\\\/#website\",\"url\":\"https:\\\/\\\/www.24gliwice.pl\\\/wiadomosci\\\/\",\"name\":\"24GLIWICE - Portal Gliwice | codziennie nowe wiadomo\u015bci\",\"description\":\"Portal Miejski Gliwice\",\"publisher\":{\"@id\":\"https:\\\/\\\/www.24gliwice.pl\\\/wiadomosci\\\/#organization\"},\"potentialAction\":[{\"@type\":\"SearchAction\",\"target\":{\"@type\":\"EntryPoint\",\"urlTemplate\":\"https:\\\/\\\/www.24gliwice.pl\\\/wiadomosci\\\/?s={search_term_string}\"},\"query-input\":{\"@type\":\"PropertyValueSpecification\",\"valueRequired\":true,\"valueName\":\"search_term_string\"}}],\"inLanguage\":\"pl-PL\"},{\"@type\":\"Organization\",\"@id\":\"https:\\\/\\\/www.24gliwice.pl\\\/wiadomosci\\\/#organization\",\"name\":\"24gliwice\",\"url\":\"https:\\\/\\\/www.24gliwice.pl\\\/wiadomosci\\\/\",\"logo\":{\"@type\":\"ImageObject\",\"inLanguage\":\"pl-PL\",\"@id\":\"https:\\\/\\\/www.24gliwice.pl\\\/wiadomosci\\\/#\\\/schema\\\/logo\\\/image\\\/\",\"url\":\"https:\\\/\\\/www.24gliwice.pl\\\/wiadomosci\\\/wp-content\\\/uploads\\\/2024\\\/10\\\/24gliwice-logo-696.jpg\",\"contentUrl\":\"https:\\\/\\\/www.24gliwice.pl\\\/wiadomosci\\\/wp-content\\\/uploads\\\/2024\\\/10\\\/24gliwice-logo-696.jpg\",\"width\":696,\"height\":696,\"caption\":\"24gliwice\"},\"image\":{\"@id\":\"https:\\\/\\\/www.24gliwice.pl\\\/wiadomosci\\\/#\\\/schema\\\/logo\\\/image\\\/\"},\"sameAs\":[\"https:\\\/\\\/www.facebook.com\\\/24gliwice\",\"https:\\\/\\\/x.com\\\/24gliwice\",\"https:\\\/\\\/www.youtube.com\\\/@24gliwice\"]},{\"@type\":\"Person\",\"@id\":\"https:\\\/\\\/www.24gliwice.pl\\\/wiadomosci\\\/#\\\/schema\\\/person\\\/e42c650edd7f2fa332be3811fb166b6e\",\"name\":\"\u017baneta Mrozek-Siewierska\",\"image\":{\"@type\":\"ImageObject\",\"inLanguage\":\"pl-PL\",\"@id\":\"https:\\\/\\\/secure.gravatar.com\\\/avatar\\\/1881429e9c64597c77ad7aef2d0a19be69a3253e57534d16aa15bf3a4d34a0a3?s=96&d=mm&r=g\",\"url\":\"https:\\\/\\\/secure.gravatar.com\\\/avatar\\\/1881429e9c64597c77ad7aef2d0a19be69a3253e57534d16aa15bf3a4d34a0a3?s=96&d=mm&r=g\",\"contentUrl\":\"https:\\\/\\\/secure.gravatar.com\\\/avatar\\\/1881429e9c64597c77ad7aef2d0a19be69a3253e57534d16aa15bf3a4d34a0a3?s=96&d=mm&r=g\",\"caption\":\"\u017baneta Mrozek-Siewierska\"},\"url\":\"https:\\\/\\\/www.24gliwice.pl\\\/wiadomosci\\\/author\\\/zms\\\/\"}]}<\/script>\n<!-- \/ Yoast SEO plugin. -->","yoast_head_json":{"title":"Wszystkie ekranizacje prozy Tokarczuk na ekranie kina Amok. Trzydniowy maraton filmowy - 24GLIWICE - Portal Gliwice | codziennie nowe informacje","robots":{"index":"index","follow":"follow","max-snippet":"max-snippet:-1","max-image-preview":"max-image-preview:large","max-video-preview":"max-video-preview:-1"},"canonical":"https:\/\/www.24gliwice.pl\/wiadomosci\/wszystkie-ekranizacje-prozy-tokarczuk-na-ekranie-kina-amok-trzydniowy-maraton-filmowy\/","og_locale":"pl_PL","og_type":"article","og_title":"Wszystkie ekranizacje prozy Tokarczuk na ekranie kina Amok. Trzydniowy maraton filmowy - 24GLIWICE - Portal Gliwice | codziennie nowe informacje","og_description":"Rok 2019 zapisze si\u0119 w historii polskiej literatury, jako rok, w kt\u00f3rym Olga Tokarczuk otrzyma\u0142a Literack\u0105 Nagrod\u0119 Nobla. Z okazji tego wielkiego wyr\u00f3\u017cnienia dla polskiej autorki gliwickie kino Amok zaprasza na przegl\u0105d filmowy oparty na jej tw\u00f3rczo\u015bci. Na ekranie Amoku (ul. Dolnych Wa\u0142\u00f3w 3) zobaczymy wszystkie zrealizowane dot\u0105d filmy oparte na tekstach Olgi Tokarczuk. W\u015br\u00f3d [&hellip;]","og_url":"https:\/\/www.24gliwice.pl\/wiadomosci\/wszystkie-ekranizacje-prozy-tokarczuk-na-ekranie-kina-amok-trzydniowy-maraton-filmowy\/","og_site_name":"24GLIWICE - Portal Gliwice | codziennie nowe informacje","article_publisher":"https:\/\/www.facebook.com\/24gliwice","article_published_time":"2019-12-11T21:05:20+00:00","og_image":[{"width":900,"height":506,"url":"https:\/\/www.24gliwice.pl\/wiadomosci\/wp-content\/uploads\/2019\/12\/pokot-fot-r-pa\u0142ka.jpg","type":"image\/jpeg"}],"author":"\u017baneta Mrozek-Siewierska","twitter_card":"summary_large_image","twitter_creator":"@24gliwice","twitter_site":"@24gliwice","twitter_misc":{"Napisane przez":"\u017baneta Mrozek-Siewierska","Szacowany czas czytania":"1 minuta"},"schema":{"@context":"https:\/\/schema.org","@graph":[{"@type":"Article","@id":"https:\/\/www.24gliwice.pl\/wiadomosci\/wszystkie-ekranizacje-prozy-tokarczuk-na-ekranie-kina-amok-trzydniowy-maraton-filmowy\/#article","isPartOf":{"@id":"https:\/\/www.24gliwice.pl\/wiadomosci\/wszystkie-ekranizacje-prozy-tokarczuk-na-ekranie-kina-amok-trzydniowy-maraton-filmowy\/"},"author":{"name":"\u017baneta Mrozek-Siewierska","@id":"https:\/\/www.24gliwice.pl\/wiadomosci\/#\/schema\/person\/e42c650edd7f2fa332be3811fb166b6e"},"headline":"Wszystkie ekranizacje prozy Tokarczuk na ekranie kina Amok. Trzydniowy maraton filmowy","datePublished":"2019-12-11T21:05:20+00:00","mainEntityOfPage":{"@id":"https:\/\/www.24gliwice.pl\/wiadomosci\/wszystkie-ekranizacje-prozy-tokarczuk-na-ekranie-kina-amok-trzydniowy-maraton-filmowy\/"},"wordCount":239,"commentCount":0,"publisher":{"@id":"https:\/\/www.24gliwice.pl\/wiadomosci\/#organization"},"image":{"@id":"https:\/\/www.24gliwice.pl\/wiadomosci\/wszystkie-ekranizacje-prozy-tokarczuk-na-ekranie-kina-amok-trzydniowy-maraton-filmowy\/#primaryimage"},"thumbnailUrl":"https:\/\/www.24gliwice.pl\/wiadomosci\/wp-content\/uploads\/2019\/12\/pokot-fot-r-pa\u0142ka.jpg","keywords":["AMOK","KINO","MARATON FILMOWY"],"articleSection":["Gliwice","Kultura, wydarzenia, imprezy","Najnowsze wiadomo\u015bci"],"inLanguage":"pl-PL","potentialAction":[{"@type":"CommentAction","name":"Comment","target":["https:\/\/www.24gliwice.pl\/wiadomosci\/wszystkie-ekranizacje-prozy-tokarczuk-na-ekranie-kina-amok-trzydniowy-maraton-filmowy\/#respond"]}]},{"@type":"WebPage","@id":"https:\/\/www.24gliwice.pl\/wiadomosci\/wszystkie-ekranizacje-prozy-tokarczuk-na-ekranie-kina-amok-trzydniowy-maraton-filmowy\/","url":"https:\/\/www.24gliwice.pl\/wiadomosci\/wszystkie-ekranizacje-prozy-tokarczuk-na-ekranie-kina-amok-trzydniowy-maraton-filmowy\/","name":"Wszystkie ekranizacje prozy Tokarczuk na ekranie kina Amok. Trzydniowy maraton filmowy - 24GLIWICE - Portal Gliwice | codziennie nowe informacje","isPartOf":{"@id":"https:\/\/www.24gliwice.pl\/wiadomosci\/#website"},"primaryImageOfPage":{"@id":"https:\/\/www.24gliwice.pl\/wiadomosci\/wszystkie-ekranizacje-prozy-tokarczuk-na-ekranie-kina-amok-trzydniowy-maraton-filmowy\/#primaryimage"},"image":{"@id":"https:\/\/www.24gliwice.pl\/wiadomosci\/wszystkie-ekranizacje-prozy-tokarczuk-na-ekranie-kina-amok-trzydniowy-maraton-filmowy\/#primaryimage"},"thumbnailUrl":"https:\/\/www.24gliwice.pl\/wiadomosci\/wp-content\/uploads\/2019\/12\/pokot-fot-r-pa\u0142ka.jpg","datePublished":"2019-12-11T21:05:20+00:00","breadcrumb":{"@id":"https:\/\/www.24gliwice.pl\/wiadomosci\/wszystkie-ekranizacje-prozy-tokarczuk-na-ekranie-kina-amok-trzydniowy-maraton-filmowy\/#breadcrumb"},"inLanguage":"pl-PL","potentialAction":[{"@type":"ReadAction","target":["https:\/\/www.24gliwice.pl\/wiadomosci\/wszystkie-ekranizacje-prozy-tokarczuk-na-ekranie-kina-amok-trzydniowy-maraton-filmowy\/"]}]},{"@type":"ImageObject","inLanguage":"pl-PL","@id":"https:\/\/www.24gliwice.pl\/wiadomosci\/wszystkie-ekranizacje-prozy-tokarczuk-na-ekranie-kina-amok-trzydniowy-maraton-filmowy\/#primaryimage","url":"https:\/\/www.24gliwice.pl\/wiadomosci\/wp-content\/uploads\/2019\/12\/pokot-fot-r-pa\u0142ka.jpg","contentUrl":"https:\/\/www.24gliwice.pl\/wiadomosci\/wp-content\/uploads\/2019\/12\/pokot-fot-r-pa\u0142ka.jpg","width":900,"height":506,"caption":"fot. R. Pa\u0142ka"},{"@type":"BreadcrumbList","@id":"https:\/\/www.24gliwice.pl\/wiadomosci\/wszystkie-ekranizacje-prozy-tokarczuk-na-ekranie-kina-amok-trzydniowy-maraton-filmowy\/#breadcrumb","itemListElement":[{"@type":"ListItem","position":1,"name":"Strona g\u0142\u00f3wna","item":"https:\/\/www.24gliwice.pl\/wiadomosci\/"},{"@type":"ListItem","position":2,"name":"Wszystkie ekranizacje prozy Tokarczuk na ekranie kina Amok. Trzydniowy maraton filmowy"}]},{"@type":"WebSite","@id":"https:\/\/www.24gliwice.pl\/wiadomosci\/#website","url":"https:\/\/www.24gliwice.pl\/wiadomosci\/","name":"24GLIWICE - Portal Gliwice | codziennie nowe wiadomo\u015bci","description":"Portal Miejski Gliwice","publisher":{"@id":"https:\/\/www.24gliwice.pl\/wiadomosci\/#organization"},"potentialAction":[{"@type":"SearchAction","target":{"@type":"EntryPoint","urlTemplate":"https:\/\/www.24gliwice.pl\/wiadomosci\/?s={search_term_string}"},"query-input":{"@type":"PropertyValueSpecification","valueRequired":true,"valueName":"search_term_string"}}],"inLanguage":"pl-PL"},{"@type":"Organization","@id":"https:\/\/www.24gliwice.pl\/wiadomosci\/#organization","name":"24gliwice","url":"https:\/\/www.24gliwice.pl\/wiadomosci\/","logo":{"@type":"ImageObject","inLanguage":"pl-PL","@id":"https:\/\/www.24gliwice.pl\/wiadomosci\/#\/schema\/logo\/image\/","url":"https:\/\/www.24gliwice.pl\/wiadomosci\/wp-content\/uploads\/2024\/10\/24gliwice-logo-696.jpg","contentUrl":"https:\/\/www.24gliwice.pl\/wiadomosci\/wp-content\/uploads\/2024\/10\/24gliwice-logo-696.jpg","width":696,"height":696,"caption":"24gliwice"},"image":{"@id":"https:\/\/www.24gliwice.pl\/wiadomosci\/#\/schema\/logo\/image\/"},"sameAs":["https:\/\/www.facebook.com\/24gliwice","https:\/\/x.com\/24gliwice","https:\/\/www.youtube.com\/@24gliwice"]},{"@type":"Person","@id":"https:\/\/www.24gliwice.pl\/wiadomosci\/#\/schema\/person\/e42c650edd7f2fa332be3811fb166b6e","name":"\u017baneta Mrozek-Siewierska","image":{"@type":"ImageObject","inLanguage":"pl-PL","@id":"https:\/\/secure.gravatar.com\/avatar\/1881429e9c64597c77ad7aef2d0a19be69a3253e57534d16aa15bf3a4d34a0a3?s=96&d=mm&r=g","url":"https:\/\/secure.gravatar.com\/avatar\/1881429e9c64597c77ad7aef2d0a19be69a3253e57534d16aa15bf3a4d34a0a3?s=96&d=mm&r=g","contentUrl":"https:\/\/secure.gravatar.com\/avatar\/1881429e9c64597c77ad7aef2d0a19be69a3253e57534d16aa15bf3a4d34a0a3?s=96&d=mm&r=g","caption":"\u017baneta Mrozek-Siewierska"},"url":"https:\/\/www.24gliwice.pl\/wiadomosci\/author\/zms\/"}]}},"_links":{"self":[{"href":"https:\/\/www.24gliwice.pl\/wiadomosci\/wp-json\/wp\/v2\/posts\/144760","targetHints":{"allow":["GET"]}}],"collection":[{"href":"https:\/\/www.24gliwice.pl\/wiadomosci\/wp-json\/wp\/v2\/posts"}],"about":[{"href":"https:\/\/www.24gliwice.pl\/wiadomosci\/wp-json\/wp\/v2\/types\/post"}],"author":[{"embeddable":true,"href":"https:\/\/www.24gliwice.pl\/wiadomosci\/wp-json\/wp\/v2\/users\/15"}],"replies":[{"embeddable":true,"href":"https:\/\/www.24gliwice.pl\/wiadomosci\/wp-json\/wp\/v2\/comments?post=144760"}],"version-history":[{"count":0,"href":"https:\/\/www.24gliwice.pl\/wiadomosci\/wp-json\/wp\/v2\/posts\/144760\/revisions"}],"wp:featuredmedia":[{"embeddable":true,"href":"https:\/\/www.24gliwice.pl\/wiadomosci\/wp-json\/wp\/v2\/media\/144761"}],"wp:attachment":[{"href":"https:\/\/www.24gliwice.pl\/wiadomosci\/wp-json\/wp\/v2\/media?parent=144760"}],"wp:term":[{"taxonomy":"category","embeddable":true,"href":"https:\/\/www.24gliwice.pl\/wiadomosci\/wp-json\/wp\/v2\/categories?post=144760"},{"taxonomy":"post_tag","embeddable":true,"href":"https:\/\/www.24gliwice.pl\/wiadomosci\/wp-json\/wp\/v2\/tags?post=144760"}],"curies":[{"name":"wp","href":"https:\/\/api.w.org\/{rel}","templated":true}]}}