{"id":144788,"date":"2019-12-12T17:02:22","date_gmt":"2019-12-12T16:02:22","guid":{"rendered":"https:\/\/www.24gliwice.pl\/wiadomosci\/?p=144788"},"modified":"2019-12-12T17:02:22","modified_gmt":"2019-12-12T16:02:22","slug":"wiecej-polaczen-kolejowych-na-trasie-gliwice-katowice-nowy-rozklad-jazdy-od-15-grudnia","status":"publish","type":"post","link":"https:\/\/www.24gliwice.pl\/wiadomosci\/wiecej-polaczen-kolejowych-na-trasie-gliwice-katowice-nowy-rozklad-jazdy-od-15-grudnia\/","title":{"rendered":"Wi\u0119cej po\u0142\u0105cze\u0144 kolejowych na trasie Gliwice-Katowice. Nowy rozk\u0142ad jazdy od 15 grudnia"},"content":{"rendered":"<div class=\"gliwi-a6-nad-leadem-artykulow gliwi-entity-placement\" id=\"gliwi-2672987687\"><div class=\"gliwi-adlabel\"><span style=\"font-size: 9px\">REKLAMA<\/span><\/div><div id=\"gliwi-892533653\" style=\"margin-bottom: 25px;margin-left: auto;margin-right: auto;text-align: center;\"><a data-no-instant=\"1\" href=\"https:\/\/dom100.eu\/\" rel=\"noopener\" class=\"a2t-link\" target=\"_blank\" aria-label=\"20260415 DOM100 D\"><img loading=\"lazy\" decoding=\"async\" src=\"https:\/\/www.24gliwice.pl\/wiadomosci\/wp-content\/uploads\/2026\/04\/20260415-DOM100-D.jpg\" alt=\"\"  srcset=\"https:\/\/www.24gliwice.pl\/wiadomosci\/wp-content\/uploads\/2026\/04\/20260415-DOM100-D.jpg 750w, https:\/\/www.24gliwice.pl\/wiadomosci\/wp-content\/uploads\/2026\/04\/20260415-DOM100-D-410x109.jpg 410w\" sizes=\"(max-width: 750px) 100vw, 750px\" class=\"no-lazyload\" width=\"750\" height=\"200\"  style=\"display: inline-block; max-width: 100%; height: auto;\" \/><\/a><\/div><\/div><h3>G\u00f3rno\u015bl\u0105sko-Zag\u0142\u0119biowska Metropolia dofinansuje 40 po\u0142\u0105cze\u0144 Kolei \u015al\u0105skich na swoim obszarze. Nowy rozk\u0142ad jazdy, uwzgl\u0119dniaj\u0105cy to rozwi\u0105zanie zacznie obowi\u0105zywa\u0107 od 15 grudnia. Na ten cel przeznaczono 6 mln z\u0142.<\/h3>\n<p>\u2013 Idziemy w stron\u0119 utworzenia Kolei Metropolitalnej. Wzrost liczby po\u0142\u0105cze\u0144 mi\u0119dzy miastami w oparciu o istniej\u0105c\u0105 infrastruktur\u0119 to pierwszy etap tworzenia tego systemu \u2013 m\u00f3wi <strong>Grzegorz Kwitek<\/strong>, cz\u0142onek zarz\u0105du G\u00f3rno\u015bl\u0105sko-Zag\u0142\u0119biowskiej Metropolii.<\/p>\n<p>\u2013 Chcemy, aby zmiany by\u0142y widoczne dla pasa\u017cer\u00f3w i by\u0142y sygna\u0142em, \u017ce transport kolejowy ma u nas du\u017cy potencja\u0142 rozwoju. Po pierwszych bardzo dobrych do\u015bwiadczeniach we wsp\u00f3\u0142pracy z Urz\u0119dem Marsza\u0142kowskim, polegaj\u0105cych na sfinansowaniu 15 po\u0142\u0105cze\u0144 Kolei \u015al\u0105skich w obecnym rozk\u0142adzie jazdy, zdecydowali\u015bmy, \u017ce konieczne jest rozwijanie tego modelu wsp\u00f3\u0142dzia\u0142ania. Od grudnia b\u0119dzie realizowanych 40 kurs\u00f3w, kt\u00f3re zostan\u0105 sfinansowane z bud\u017cetu Metropolii \u2013 t\u0142umaczy.<\/p><div class=\"gliwi-a3-w-tresci-artykulow gliwi-entity-placement\" id=\"gliwi-4209559016\"><div class=\"gliwi-adlabel\"><span style=\"font-size: 9px\">REKLAMA<\/span><\/div><div id=\"gliwi-2089464594\" style=\"margin-bottom: 30px;margin-left: auto;margin-right: auto;text-align: center;\"><a data-no-instant=\"1\" href=\"https:\/\/zlobek.halogen.org.pl\/\" rel=\"noopener\" class=\"a2t-link\" target=\"_blank\" aria-label=\"animator-zlobek_750x200\"><img loading=\"lazy\" decoding=\"async\" src=\"https:\/\/www.24gliwice.pl\/wiadomosci\/wp-content\/uploads\/2026\/02\/animator-zlobek_750x200.webp\" alt=\"\"  srcset=\"https:\/\/www.24gliwice.pl\/wiadomosci\/wp-content\/uploads\/2026\/02\/animator-zlobek_750x200.webp 750w, https:\/\/www.24gliwice.pl\/wiadomosci\/wp-content\/uploads\/2026\/02\/animator-zlobek_750x200-410x109.webp 410w\" sizes=\"(max-width: 750px) 100vw, 750px\" class=\"no-lazyload\" width=\"750\" height=\"200\"  style=\"display: inline-block; max-width: 100%; height: auto;\" \/><\/a><\/div><\/div>\n<h3>Najwi\u0119cej, 16 po\u0142\u0105cze\u0144 dotyczy trasy Gliwice-Katowice, gdzie podr\u00f3\u017cuje najwi\u0119cej pasa\u017cer\u00f3w. <\/h3>\n<p>Finansowane przez GZM kursy zostan\u0105 wprowadzone tak\u017ce na kierunkach D\u0105browa G\u00f3rnicza Z\u0105bkowice-Gliwice (9 po\u0142\u0105cze\u0144), Sosnowiec G\u0142\u00f3wny-Gliwice (2 po\u0142\u0105czenia) oraz Tychy Lodowisko- Katowice (6 po\u0142\u0105cze\u0144), Tychy Lodowisko-Sosnowiec (4 po\u0142\u0105czenia) i Tychy Lodowisko-D\u0105browa G\u00f3rnicza Z\u0105bkowice (1 po\u0142\u0105czenie). Nowo\u015bci\u0105 b\u0119d\u0105 dwa po\u0142\u0105czenia na trasie Katowice-Miko\u0142\u00f3w-Katowice.<\/p>\n<p>(\u017cms)\/GZM<\/p>\n<div class=\"gliwi-a5-na-koncu-artykulow gliwi-entity-placement\" id=\"gliwi-865406331\"><div class=\"gliwi-adlabel\"><span style=\"font-size: 9px\">REKLAMA<\/span><\/div><div id=\"gliwi-3275200170\" style=\"margin-left: auto;margin-right: auto;text-align: center;\"><a data-no-instant=\"1\" href=\"https:\/\/prezeroarenagliwice.pl\/\" rel=\"noopener\" class=\"a2t-link\" target=\"_blank\" aria-label=\"20260309-PREZERO-WIOSNA-D\"><img loading=\"lazy\" decoding=\"async\" src=\"https:\/\/www.24gliwice.pl\/wiadomosci\/wp-content\/uploads\/2026\/03\/20260309-PREZERO-WIOSNA-D.webp\" alt=\"\"  srcset=\"https:\/\/www.24gliwice.pl\/wiadomosci\/wp-content\/uploads\/2026\/03\/20260309-PREZERO-WIOSNA-D.webp 750w, https:\/\/www.24gliwice.pl\/wiadomosci\/wp-content\/uploads\/2026\/03\/20260309-PREZERO-WIOSNA-D-410x109.webp 410w\" sizes=\"(max-width: 750px) 100vw, 750px\" class=\"no-lazyload\" width=\"750\" height=\"200\"  style=\"display: inline-block; max-width: 100%; height: auto;\" \/><\/a><\/div><\/div>","protected":false},"excerpt":{"rendered":"<p>G\u00f3rno\u015bl\u0105sko-Zag\u0142\u0119biowska Metropolia dofinansuje 40 po\u0142\u0105cze\u0144 Kolei \u015al\u0105skich na swoim obszarze. Nowy rozk\u0142ad jazdy, uwzgl\u0119dniaj\u0105cy to rozwi\u0105zanie zacznie obowi\u0105zywa\u0107 od 15 grudnia. Na ten cel przeznaczono 6 mln z\u0142. \u2013 Idziemy w stron\u0119 utworzenia Kolei Metropolitalnej. Wzrost liczby po\u0142\u0105cze\u0144 mi\u0119dzy miastami w oparciu o istniej\u0105c\u0105 infrastruktur\u0119 to pierwszy etap tworzenia tego systemu \u2013 m\u00f3wi Grzegorz Kwitek, [&hellip;]<\/p>\n","protected":false},"author":15,"featured_media":129114,"comment_status":"open","ping_status":"closed","sticky":false,"template":"","format":"standard","meta":{"_monsterinsights_skip_tracking":false,"_monsterinsights_sitenote_active":false,"_monsterinsights_sitenote_note":"","_monsterinsights_sitenote_category":0,"footnotes":"","_links_to":"","_links_to_target":""},"categories":[3,1],"tags":[4853,8489,4687,8491,8905],"class_list":["post-144788","post","type-post","status-publish","format-standard","has-post-thumbnail","hentry","category-gliwice","category-wszystko","tag-gliwice-katowice","tag-kolej","tag-koleje-slaskie","tag-pociag","tag-rozklad-jazdy"],"yoast_head":"<!-- This site is optimized with the Yoast SEO plugin v27.5 - https:\/\/yoast.com\/product\/yoast-seo-wordpress\/ -->\n<title>Wi\u0119cej po\u0142\u0105cze\u0144 kolejowych na trasie Gliwice-Katowice. Nowy rozk\u0142ad jazdy od 15 grudnia - 24GLIWICE - Portal Gliwice | codziennie nowe informacje<\/title>\n<meta name=\"robots\" content=\"index, follow, max-snippet:-1, max-image-preview:large, max-video-preview:-1\" \/>\n<link rel=\"canonical\" href=\"https:\/\/www.24gliwice.pl\/wiadomosci\/wiecej-polaczen-kolejowych-na-trasie-gliwice-katowice-nowy-rozklad-jazdy-od-15-grudnia\/\" \/>\n<meta property=\"og:locale\" content=\"pl_PL\" \/>\n<meta property=\"og:type\" content=\"article\" \/>\n<meta property=\"og:title\" content=\"Wi\u0119cej po\u0142\u0105cze\u0144 kolejowych na trasie Gliwice-Katowice. Nowy rozk\u0142ad jazdy od 15 grudnia - 24GLIWICE - Portal Gliwice | codziennie nowe informacje\" \/>\n<meta property=\"og:description\" content=\"G\u00f3rno\u015bl\u0105sko-Zag\u0142\u0119biowska Metropolia dofinansuje 40 po\u0142\u0105cze\u0144 Kolei \u015al\u0105skich na swoim obszarze. Nowy rozk\u0142ad jazdy, uwzgl\u0119dniaj\u0105cy to rozwi\u0105zanie zacznie obowi\u0105zywa\u0107 od 15 grudnia. Na ten cel przeznaczono 6 mln z\u0142. \u2013 Idziemy w stron\u0119 utworzenia Kolei Metropolitalnej. Wzrost liczby po\u0142\u0105cze\u0144 mi\u0119dzy miastami w oparciu o istniej\u0105c\u0105 infrastruktur\u0119 to pierwszy etap tworzenia tego systemu \u2013 m\u00f3wi Grzegorz Kwitek, [&hellip;]\" \/>\n<meta property=\"og:url\" content=\"https:\/\/www.24gliwice.pl\/wiadomosci\/wiecej-polaczen-kolejowych-na-trasie-gliwice-katowice-nowy-rozklad-jazdy-od-15-grudnia\/\" \/>\n<meta property=\"og:site_name\" content=\"24GLIWICE - Portal Gliwice | codziennie nowe informacje\" \/>\n<meta property=\"article:publisher\" content=\"https:\/\/www.facebook.com\/24gliwice\" \/>\n<meta property=\"article:published_time\" content=\"2019-12-12T16:02:22+00:00\" \/>\n<meta property=\"og:image\" content=\"https:\/\/www.24gliwice.pl\/wiadomosci\/wp-content\/uploads\/2019\/01\/kolej.jpg\" \/>\n\t<meta property=\"og:image:width\" content=\"1600\" \/>\n\t<meta property=\"og:image:height\" content=\"900\" \/>\n\t<meta property=\"og:image:type\" content=\"image\/jpeg\" \/>\n<meta name=\"author\" content=\"\u017baneta Mrozek-Siewierska\" \/>\n<meta name=\"twitter:card\" content=\"summary_large_image\" \/>\n<meta name=\"twitter:creator\" content=\"@24gliwice\" \/>\n<meta name=\"twitter:site\" content=\"@24gliwice\" \/>\n<meta name=\"twitter:label1\" content=\"Napisane przez\" \/>\n\t<meta name=\"twitter:data1\" content=\"\u017baneta Mrozek-Siewierska\" \/>\n\t<meta name=\"twitter:label2\" content=\"Szacowany czas czytania\" \/>\n\t<meta name=\"twitter:data2\" content=\"1 minuta\" \/>\n<script type=\"application\/ld+json\" class=\"yoast-schema-graph\">{\"@context\":\"https:\\\/\\\/schema.org\",\"@graph\":[{\"@type\":\"Article\",\"@id\":\"https:\\\/\\\/www.24gliwice.pl\\\/wiadomosci\\\/wiecej-polaczen-kolejowych-na-trasie-gliwice-katowice-nowy-rozklad-jazdy-od-15-grudnia\\\/#article\",\"isPartOf\":{\"@id\":\"https:\\\/\\\/www.24gliwice.pl\\\/wiadomosci\\\/wiecej-polaczen-kolejowych-na-trasie-gliwice-katowice-nowy-rozklad-jazdy-od-15-grudnia\\\/\"},\"author\":{\"name\":\"\u017baneta Mrozek-Siewierska\",\"@id\":\"https:\\\/\\\/www.24gliwice.pl\\\/wiadomosci\\\/#\\\/schema\\\/person\\\/e42c650edd7f2fa332be3811fb166b6e\"},\"headline\":\"Wi\u0119cej po\u0142\u0105cze\u0144 kolejowych na trasie Gliwice-Katowice. Nowy rozk\u0142ad jazdy od 15 grudnia\",\"datePublished\":\"2019-12-12T16:02:22+00:00\",\"mainEntityOfPage\":{\"@id\":\"https:\\\/\\\/www.24gliwice.pl\\\/wiadomosci\\\/wiecej-polaczen-kolejowych-na-trasie-gliwice-katowice-nowy-rozklad-jazdy-od-15-grudnia\\\/\"},\"wordCount\":241,\"commentCount\":0,\"publisher\":{\"@id\":\"https:\\\/\\\/www.24gliwice.pl\\\/wiadomosci\\\/#organization\"},\"image\":{\"@id\":\"https:\\\/\\\/www.24gliwice.pl\\\/wiadomosci\\\/wiecej-polaczen-kolejowych-na-trasie-gliwice-katowice-nowy-rozklad-jazdy-od-15-grudnia\\\/#primaryimage\"},\"thumbnailUrl\":\"https:\\\/\\\/www.24gliwice.pl\\\/wiadomosci\\\/wp-content\\\/uploads\\\/2019\\\/01\\\/kolej.jpg\",\"keywords\":[\"gliwice - katowice\",\"KOLEJ\",\"KOLEJE \u015aL\u0104SKIE\",\"POCI\u0104G\",\"ROZK\u0141AD JAZDY\"],\"articleSection\":[\"Gliwice\",\"Najnowsze wiadomo\u015bci\"],\"inLanguage\":\"pl-PL\",\"potentialAction\":[{\"@type\":\"CommentAction\",\"name\":\"Comment\",\"target\":[\"https:\\\/\\\/www.24gliwice.pl\\\/wiadomosci\\\/wiecej-polaczen-kolejowych-na-trasie-gliwice-katowice-nowy-rozklad-jazdy-od-15-grudnia\\\/#respond\"]}]},{\"@type\":\"WebPage\",\"@id\":\"https:\\\/\\\/www.24gliwice.pl\\\/wiadomosci\\\/wiecej-polaczen-kolejowych-na-trasie-gliwice-katowice-nowy-rozklad-jazdy-od-15-grudnia\\\/\",\"url\":\"https:\\\/\\\/www.24gliwice.pl\\\/wiadomosci\\\/wiecej-polaczen-kolejowych-na-trasie-gliwice-katowice-nowy-rozklad-jazdy-od-15-grudnia\\\/\",\"name\":\"Wi\u0119cej po\u0142\u0105cze\u0144 kolejowych na trasie Gliwice-Katowice. Nowy rozk\u0142ad jazdy od 15 grudnia - 24GLIWICE - Portal Gliwice | codziennie nowe informacje\",\"isPartOf\":{\"@id\":\"https:\\\/\\\/www.24gliwice.pl\\\/wiadomosci\\\/#website\"},\"primaryImageOfPage\":{\"@id\":\"https:\\\/\\\/www.24gliwice.pl\\\/wiadomosci\\\/wiecej-polaczen-kolejowych-na-trasie-gliwice-katowice-nowy-rozklad-jazdy-od-15-grudnia\\\/#primaryimage\"},\"image\":{\"@id\":\"https:\\\/\\\/www.24gliwice.pl\\\/wiadomosci\\\/wiecej-polaczen-kolejowych-na-trasie-gliwice-katowice-nowy-rozklad-jazdy-od-15-grudnia\\\/#primaryimage\"},\"thumbnailUrl\":\"https:\\\/\\\/www.24gliwice.pl\\\/wiadomosci\\\/wp-content\\\/uploads\\\/2019\\\/01\\\/kolej.jpg\",\"datePublished\":\"2019-12-12T16:02:22+00:00\",\"breadcrumb\":{\"@id\":\"https:\\\/\\\/www.24gliwice.pl\\\/wiadomosci\\\/wiecej-polaczen-kolejowych-na-trasie-gliwice-katowice-nowy-rozklad-jazdy-od-15-grudnia\\\/#breadcrumb\"},\"inLanguage\":\"pl-PL\",\"potentialAction\":[{\"@type\":\"ReadAction\",\"target\":[\"https:\\\/\\\/www.24gliwice.pl\\\/wiadomosci\\\/wiecej-polaczen-kolejowych-na-trasie-gliwice-katowice-nowy-rozklad-jazdy-od-15-grudnia\\\/\"]}]},{\"@type\":\"ImageObject\",\"inLanguage\":\"pl-PL\",\"@id\":\"https:\\\/\\\/www.24gliwice.pl\\\/wiadomosci\\\/wiecej-polaczen-kolejowych-na-trasie-gliwice-katowice-nowy-rozklad-jazdy-od-15-grudnia\\\/#primaryimage\",\"url\":\"https:\\\/\\\/www.24gliwice.pl\\\/wiadomosci\\\/wp-content\\\/uploads\\\/2019\\\/01\\\/kolej.jpg\",\"contentUrl\":\"https:\\\/\\\/www.24gliwice.pl\\\/wiadomosci\\\/wp-content\\\/uploads\\\/2019\\\/01\\\/kolej.jpg\",\"width\":1600,\"height\":900,\"caption\":\"koleje slaskie\"},{\"@type\":\"BreadcrumbList\",\"@id\":\"https:\\\/\\\/www.24gliwice.pl\\\/wiadomosci\\\/wiecej-polaczen-kolejowych-na-trasie-gliwice-katowice-nowy-rozklad-jazdy-od-15-grudnia\\\/#breadcrumb\",\"itemListElement\":[{\"@type\":\"ListItem\",\"position\":1,\"name\":\"Strona g\u0142\u00f3wna\",\"item\":\"https:\\\/\\\/www.24gliwice.pl\\\/wiadomosci\\\/\"},{\"@type\":\"ListItem\",\"position\":2,\"name\":\"Wi\u0119cej po\u0142\u0105cze\u0144 kolejowych na trasie Gliwice-Katowice. Nowy rozk\u0142ad jazdy od 15 grudnia\"}]},{\"@type\":\"WebSite\",\"@id\":\"https:\\\/\\\/www.24gliwice.pl\\\/wiadomosci\\\/#website\",\"url\":\"https:\\\/\\\/www.24gliwice.pl\\\/wiadomosci\\\/\",\"name\":\"24GLIWICE - Portal Gliwice | codziennie nowe wiadomo\u015bci\",\"description\":\"Portal Miejski Gliwice\",\"publisher\":{\"@id\":\"https:\\\/\\\/www.24gliwice.pl\\\/wiadomosci\\\/#organization\"},\"potentialAction\":[{\"@type\":\"SearchAction\",\"target\":{\"@type\":\"EntryPoint\",\"urlTemplate\":\"https:\\\/\\\/www.24gliwice.pl\\\/wiadomosci\\\/?s={search_term_string}\"},\"query-input\":{\"@type\":\"PropertyValueSpecification\",\"valueRequired\":true,\"valueName\":\"search_term_string\"}}],\"inLanguage\":\"pl-PL\"},{\"@type\":\"Organization\",\"@id\":\"https:\\\/\\\/www.24gliwice.pl\\\/wiadomosci\\\/#organization\",\"name\":\"24gliwice\",\"url\":\"https:\\\/\\\/www.24gliwice.pl\\\/wiadomosci\\\/\",\"logo\":{\"@type\":\"ImageObject\",\"inLanguage\":\"pl-PL\",\"@id\":\"https:\\\/\\\/www.24gliwice.pl\\\/wiadomosci\\\/#\\\/schema\\\/logo\\\/image\\\/\",\"url\":\"https:\\\/\\\/www.24gliwice.pl\\\/wiadomosci\\\/wp-content\\\/uploads\\\/2024\\\/10\\\/24gliwice-logo-696.jpg\",\"contentUrl\":\"https:\\\/\\\/www.24gliwice.pl\\\/wiadomosci\\\/wp-content\\\/uploads\\\/2024\\\/10\\\/24gliwice-logo-696.jpg\",\"width\":696,\"height\":696,\"caption\":\"24gliwice\"},\"image\":{\"@id\":\"https:\\\/\\\/www.24gliwice.pl\\\/wiadomosci\\\/#\\\/schema\\\/logo\\\/image\\\/\"},\"sameAs\":[\"https:\\\/\\\/www.facebook.com\\\/24gliwice\",\"https:\\\/\\\/x.com\\\/24gliwice\",\"https:\\\/\\\/www.youtube.com\\\/@24gliwice\"]},{\"@type\":\"Person\",\"@id\":\"https:\\\/\\\/www.24gliwice.pl\\\/wiadomosci\\\/#\\\/schema\\\/person\\\/e42c650edd7f2fa332be3811fb166b6e\",\"name\":\"\u017baneta Mrozek-Siewierska\",\"image\":{\"@type\":\"ImageObject\",\"inLanguage\":\"pl-PL\",\"@id\":\"https:\\\/\\\/secure.gravatar.com\\\/avatar\\\/1881429e9c64597c77ad7aef2d0a19be69a3253e57534d16aa15bf3a4d34a0a3?s=96&d=mm&r=g\",\"url\":\"https:\\\/\\\/secure.gravatar.com\\\/avatar\\\/1881429e9c64597c77ad7aef2d0a19be69a3253e57534d16aa15bf3a4d34a0a3?s=96&d=mm&r=g\",\"contentUrl\":\"https:\\\/\\\/secure.gravatar.com\\\/avatar\\\/1881429e9c64597c77ad7aef2d0a19be69a3253e57534d16aa15bf3a4d34a0a3?s=96&d=mm&r=g\",\"caption\":\"\u017baneta Mrozek-Siewierska\"},\"url\":\"https:\\\/\\\/www.24gliwice.pl\\\/wiadomosci\\\/author\\\/zms\\\/\"}]}<\/script>\n<!-- \/ Yoast SEO plugin. -->","yoast_head_json":{"title":"Wi\u0119cej po\u0142\u0105cze\u0144 kolejowych na trasie Gliwice-Katowice. Nowy rozk\u0142ad jazdy od 15 grudnia - 24GLIWICE - Portal Gliwice | codziennie nowe informacje","robots":{"index":"index","follow":"follow","max-snippet":"max-snippet:-1","max-image-preview":"max-image-preview:large","max-video-preview":"max-video-preview:-1"},"canonical":"https:\/\/www.24gliwice.pl\/wiadomosci\/wiecej-polaczen-kolejowych-na-trasie-gliwice-katowice-nowy-rozklad-jazdy-od-15-grudnia\/","og_locale":"pl_PL","og_type":"article","og_title":"Wi\u0119cej po\u0142\u0105cze\u0144 kolejowych na trasie Gliwice-Katowice. Nowy rozk\u0142ad jazdy od 15 grudnia - 24GLIWICE - Portal Gliwice | codziennie nowe informacje","og_description":"G\u00f3rno\u015bl\u0105sko-Zag\u0142\u0119biowska Metropolia dofinansuje 40 po\u0142\u0105cze\u0144 Kolei \u015al\u0105skich na swoim obszarze. Nowy rozk\u0142ad jazdy, uwzgl\u0119dniaj\u0105cy to rozwi\u0105zanie zacznie obowi\u0105zywa\u0107 od 15 grudnia. Na ten cel przeznaczono 6 mln z\u0142. \u2013 Idziemy w stron\u0119 utworzenia Kolei Metropolitalnej. Wzrost liczby po\u0142\u0105cze\u0144 mi\u0119dzy miastami w oparciu o istniej\u0105c\u0105 infrastruktur\u0119 to pierwszy etap tworzenia tego systemu \u2013 m\u00f3wi Grzegorz Kwitek, [&hellip;]","og_url":"https:\/\/www.24gliwice.pl\/wiadomosci\/wiecej-polaczen-kolejowych-na-trasie-gliwice-katowice-nowy-rozklad-jazdy-od-15-grudnia\/","og_site_name":"24GLIWICE - Portal Gliwice | codziennie nowe informacje","article_publisher":"https:\/\/www.facebook.com\/24gliwice","article_published_time":"2019-12-12T16:02:22+00:00","og_image":[{"width":1600,"height":900,"url":"https:\/\/www.24gliwice.pl\/wiadomosci\/wp-content\/uploads\/2019\/01\/kolej.jpg","type":"image\/jpeg"}],"author":"\u017baneta Mrozek-Siewierska","twitter_card":"summary_large_image","twitter_creator":"@24gliwice","twitter_site":"@24gliwice","twitter_misc":{"Napisane przez":"\u017baneta Mrozek-Siewierska","Szacowany czas czytania":"1 minuta"},"schema":{"@context":"https:\/\/schema.org","@graph":[{"@type":"Article","@id":"https:\/\/www.24gliwice.pl\/wiadomosci\/wiecej-polaczen-kolejowych-na-trasie-gliwice-katowice-nowy-rozklad-jazdy-od-15-grudnia\/#article","isPartOf":{"@id":"https:\/\/www.24gliwice.pl\/wiadomosci\/wiecej-polaczen-kolejowych-na-trasie-gliwice-katowice-nowy-rozklad-jazdy-od-15-grudnia\/"},"author":{"name":"\u017baneta Mrozek-Siewierska","@id":"https:\/\/www.24gliwice.pl\/wiadomosci\/#\/schema\/person\/e42c650edd7f2fa332be3811fb166b6e"},"headline":"Wi\u0119cej po\u0142\u0105cze\u0144 kolejowych na trasie Gliwice-Katowice. Nowy rozk\u0142ad jazdy od 15 grudnia","datePublished":"2019-12-12T16:02:22+00:00","mainEntityOfPage":{"@id":"https:\/\/www.24gliwice.pl\/wiadomosci\/wiecej-polaczen-kolejowych-na-trasie-gliwice-katowice-nowy-rozklad-jazdy-od-15-grudnia\/"},"wordCount":241,"commentCount":0,"publisher":{"@id":"https:\/\/www.24gliwice.pl\/wiadomosci\/#organization"},"image":{"@id":"https:\/\/www.24gliwice.pl\/wiadomosci\/wiecej-polaczen-kolejowych-na-trasie-gliwice-katowice-nowy-rozklad-jazdy-od-15-grudnia\/#primaryimage"},"thumbnailUrl":"https:\/\/www.24gliwice.pl\/wiadomosci\/wp-content\/uploads\/2019\/01\/kolej.jpg","keywords":["gliwice - katowice","KOLEJ","KOLEJE \u015aL\u0104SKIE","POCI\u0104G","ROZK\u0141AD JAZDY"],"articleSection":["Gliwice","Najnowsze wiadomo\u015bci"],"inLanguage":"pl-PL","potentialAction":[{"@type":"CommentAction","name":"Comment","target":["https:\/\/www.24gliwice.pl\/wiadomosci\/wiecej-polaczen-kolejowych-na-trasie-gliwice-katowice-nowy-rozklad-jazdy-od-15-grudnia\/#respond"]}]},{"@type":"WebPage","@id":"https:\/\/www.24gliwice.pl\/wiadomosci\/wiecej-polaczen-kolejowych-na-trasie-gliwice-katowice-nowy-rozklad-jazdy-od-15-grudnia\/","url":"https:\/\/www.24gliwice.pl\/wiadomosci\/wiecej-polaczen-kolejowych-na-trasie-gliwice-katowice-nowy-rozklad-jazdy-od-15-grudnia\/","name":"Wi\u0119cej po\u0142\u0105cze\u0144 kolejowych na trasie Gliwice-Katowice. Nowy rozk\u0142ad jazdy od 15 grudnia - 24GLIWICE - Portal Gliwice | codziennie nowe informacje","isPartOf":{"@id":"https:\/\/www.24gliwice.pl\/wiadomosci\/#website"},"primaryImageOfPage":{"@id":"https:\/\/www.24gliwice.pl\/wiadomosci\/wiecej-polaczen-kolejowych-na-trasie-gliwice-katowice-nowy-rozklad-jazdy-od-15-grudnia\/#primaryimage"},"image":{"@id":"https:\/\/www.24gliwice.pl\/wiadomosci\/wiecej-polaczen-kolejowych-na-trasie-gliwice-katowice-nowy-rozklad-jazdy-od-15-grudnia\/#primaryimage"},"thumbnailUrl":"https:\/\/www.24gliwice.pl\/wiadomosci\/wp-content\/uploads\/2019\/01\/kolej.jpg","datePublished":"2019-12-12T16:02:22+00:00","breadcrumb":{"@id":"https:\/\/www.24gliwice.pl\/wiadomosci\/wiecej-polaczen-kolejowych-na-trasie-gliwice-katowice-nowy-rozklad-jazdy-od-15-grudnia\/#breadcrumb"},"inLanguage":"pl-PL","potentialAction":[{"@type":"ReadAction","target":["https:\/\/www.24gliwice.pl\/wiadomosci\/wiecej-polaczen-kolejowych-na-trasie-gliwice-katowice-nowy-rozklad-jazdy-od-15-grudnia\/"]}]},{"@type":"ImageObject","inLanguage":"pl-PL","@id":"https:\/\/www.24gliwice.pl\/wiadomosci\/wiecej-polaczen-kolejowych-na-trasie-gliwice-katowice-nowy-rozklad-jazdy-od-15-grudnia\/#primaryimage","url":"https:\/\/www.24gliwice.pl\/wiadomosci\/wp-content\/uploads\/2019\/01\/kolej.jpg","contentUrl":"https:\/\/www.24gliwice.pl\/wiadomosci\/wp-content\/uploads\/2019\/01\/kolej.jpg","width":1600,"height":900,"caption":"koleje slaskie"},{"@type":"BreadcrumbList","@id":"https:\/\/www.24gliwice.pl\/wiadomosci\/wiecej-polaczen-kolejowych-na-trasie-gliwice-katowice-nowy-rozklad-jazdy-od-15-grudnia\/#breadcrumb","itemListElement":[{"@type":"ListItem","position":1,"name":"Strona g\u0142\u00f3wna","item":"https:\/\/www.24gliwice.pl\/wiadomosci\/"},{"@type":"ListItem","position":2,"name":"Wi\u0119cej po\u0142\u0105cze\u0144 kolejowych na trasie Gliwice-Katowice. Nowy rozk\u0142ad jazdy od 15 grudnia"}]},{"@type":"WebSite","@id":"https:\/\/www.24gliwice.pl\/wiadomosci\/#website","url":"https:\/\/www.24gliwice.pl\/wiadomosci\/","name":"24GLIWICE - Portal Gliwice | codziennie nowe wiadomo\u015bci","description":"Portal Miejski Gliwice","publisher":{"@id":"https:\/\/www.24gliwice.pl\/wiadomosci\/#organization"},"potentialAction":[{"@type":"SearchAction","target":{"@type":"EntryPoint","urlTemplate":"https:\/\/www.24gliwice.pl\/wiadomosci\/?s={search_term_string}"},"query-input":{"@type":"PropertyValueSpecification","valueRequired":true,"valueName":"search_term_string"}}],"inLanguage":"pl-PL"},{"@type":"Organization","@id":"https:\/\/www.24gliwice.pl\/wiadomosci\/#organization","name":"24gliwice","url":"https:\/\/www.24gliwice.pl\/wiadomosci\/","logo":{"@type":"ImageObject","inLanguage":"pl-PL","@id":"https:\/\/www.24gliwice.pl\/wiadomosci\/#\/schema\/logo\/image\/","url":"https:\/\/www.24gliwice.pl\/wiadomosci\/wp-content\/uploads\/2024\/10\/24gliwice-logo-696.jpg","contentUrl":"https:\/\/www.24gliwice.pl\/wiadomosci\/wp-content\/uploads\/2024\/10\/24gliwice-logo-696.jpg","width":696,"height":696,"caption":"24gliwice"},"image":{"@id":"https:\/\/www.24gliwice.pl\/wiadomosci\/#\/schema\/logo\/image\/"},"sameAs":["https:\/\/www.facebook.com\/24gliwice","https:\/\/x.com\/24gliwice","https:\/\/www.youtube.com\/@24gliwice"]},{"@type":"Person","@id":"https:\/\/www.24gliwice.pl\/wiadomosci\/#\/schema\/person\/e42c650edd7f2fa332be3811fb166b6e","name":"\u017baneta Mrozek-Siewierska","image":{"@type":"ImageObject","inLanguage":"pl-PL","@id":"https:\/\/secure.gravatar.com\/avatar\/1881429e9c64597c77ad7aef2d0a19be69a3253e57534d16aa15bf3a4d34a0a3?s=96&d=mm&r=g","url":"https:\/\/secure.gravatar.com\/avatar\/1881429e9c64597c77ad7aef2d0a19be69a3253e57534d16aa15bf3a4d34a0a3?s=96&d=mm&r=g","contentUrl":"https:\/\/secure.gravatar.com\/avatar\/1881429e9c64597c77ad7aef2d0a19be69a3253e57534d16aa15bf3a4d34a0a3?s=96&d=mm&r=g","caption":"\u017baneta Mrozek-Siewierska"},"url":"https:\/\/www.24gliwice.pl\/wiadomosci\/author\/zms\/"}]}},"_links":{"self":[{"href":"https:\/\/www.24gliwice.pl\/wiadomosci\/wp-json\/wp\/v2\/posts\/144788","targetHints":{"allow":["GET"]}}],"collection":[{"href":"https:\/\/www.24gliwice.pl\/wiadomosci\/wp-json\/wp\/v2\/posts"}],"about":[{"href":"https:\/\/www.24gliwice.pl\/wiadomosci\/wp-json\/wp\/v2\/types\/post"}],"author":[{"embeddable":true,"href":"https:\/\/www.24gliwice.pl\/wiadomosci\/wp-json\/wp\/v2\/users\/15"}],"replies":[{"embeddable":true,"href":"https:\/\/www.24gliwice.pl\/wiadomosci\/wp-json\/wp\/v2\/comments?post=144788"}],"version-history":[{"count":0,"href":"https:\/\/www.24gliwice.pl\/wiadomosci\/wp-json\/wp\/v2\/posts\/144788\/revisions"}],"wp:featuredmedia":[{"embeddable":true,"href":"https:\/\/www.24gliwice.pl\/wiadomosci\/wp-json\/wp\/v2\/media\/129114"}],"wp:attachment":[{"href":"https:\/\/www.24gliwice.pl\/wiadomosci\/wp-json\/wp\/v2\/media?parent=144788"}],"wp:term":[{"taxonomy":"category","embeddable":true,"href":"https:\/\/www.24gliwice.pl\/wiadomosci\/wp-json\/wp\/v2\/categories?post=144788"},{"taxonomy":"post_tag","embeddable":true,"href":"https:\/\/www.24gliwice.pl\/wiadomosci\/wp-json\/wp\/v2\/tags?post=144788"}],"curies":[{"name":"wp","href":"https:\/\/api.w.org\/{rel}","templated":true}]}}