{"id":144797,"date":"2019-12-12T16:42:00","date_gmt":"2019-12-12T15:42:00","guid":{"rendered":"https:\/\/www.24gliwice.pl\/wiadomosci\/?p=144797"},"modified":"2024-02-18T03:11:07","modified_gmt":"2024-02-18T02:11:07","slug":"andzrej-gillner-kajetan-gornig-janusz-moszynski-adam-neumann-kandydaci-na-prezydenta-gliwic","status":"publish","type":"post","link":"https:\/\/www.24gliwice.pl\/wiadomosci\/andzrej-gillner-kajetan-gornig-janusz-moszynski-adam-neumann-kandydaci-na-prezydenta-gliwic\/","title":{"rendered":"Gillner, Gornig, Moszy\u0144ski i Neumann to oficjalnie zarejestrowani kandydaci na prezydenta Gliwic"},"content":{"rendered":"<div class=\"gliwi-a6-nad-leadem-artykulow gliwi-entity-placement\" id=\"gliwi-3801476200\"><div class=\"gliwi-adlabel\"><span style=\"font-size: 9px\">REKLAMA<\/span><\/div><div id=\"gliwi-3376883424\" style=\"margin-bottom: 25px;margin-left: auto;margin-right: auto;text-align: center;\"><a data-no-instant=\"1\" href=\"https:\/\/dom100.eu\/\" rel=\"noopener\" class=\"a2t-link\" target=\"_blank\" aria-label=\"20260415 DOM100 D\"><img loading=\"lazy\" decoding=\"async\" src=\"https:\/\/www.24gliwice.pl\/wiadomosci\/wp-content\/uploads\/2026\/04\/20260415-DOM100-D.jpg\" alt=\"\"  srcset=\"https:\/\/www.24gliwice.pl\/wiadomosci\/wp-content\/uploads\/2026\/04\/20260415-DOM100-D.jpg 750w, https:\/\/www.24gliwice.pl\/wiadomosci\/wp-content\/uploads\/2026\/04\/20260415-DOM100-D-410x109.jpg 410w\" sizes=\"(max-width: 750px) 100vw, 750px\" class=\"no-lazyload\" width=\"750\" height=\"200\"  style=\"display: inline-block; max-width: 100%; height: auto;\" \/><\/a><\/div><\/div><h3>P\u00f3\u0142noc w \u015brod\u0119, 11 grudnia by\u0142a ostatecznym terminem na dostarczenie do Miejskiej Komisji Wyborczej list poparcia dla kandydat\u00f3w na prezydenta miasta. Chocia\u017c w Gliwicach zarejestrowano 8 komitet\u00f3w wyborczych, o prezydentur\u0119 powalczy tylko 4 kandydat\u00f3w.<\/h3>\n<p><strong>Andrzej Gillner<\/strong>, <strong>Kajetan Gornig,<\/strong> <strong>Janusz Moszy\u0144ski<\/strong> i <strong>Adam Neumann<\/strong> to kandydaci, kt\u00f3rzy otrzymali od gliwiczan zielone \u015bwiat\u0142o do ubiegania si\u0119 o fotel prezydenta. Warunkiem rejestracji kandydata by\u0142o zebranie co najmniej 3000 wa\u017cnych i zweryfikowanych podpis\u00f3w poparcia wyborc\u00f3w. Nie uda\u0142o si\u0119 to <strong>Markowi Widuchowi<\/strong> (Lewica) i <strong>W\u0142odzimierzowi Korab-Karpowiczowi<\/strong> (Konfederacja).<\/p>\n<p>Pierwszy z kandydat\u00f3w, <strong>Andrzej Gillner<\/strong> (KWW Andrzeja Gillnera Efektywnie dla Gliwic) mo\u017ce by\u0107 w tym zestawieniu najwi\u0119kszym zaskoczeniem. Do dzisiaj by\u0142 raczej niewidoczny w kampanii, jako jedyny kandydat nie zorganizowa\u0142 te\u017c \u017cadnej konferencji czy spotkania z dziennikarzami. Gillner to by\u0142y d\u0142ugoletni dyrektor Gliwickiego Centrum Organizacji Pozarz\u0105dowych, gdzie pracowa\u0142 w latach 2002-2018. Wcze\u015bniej zatrudniony by\u0142 m.in. w Wydziale Edukacji Urz\u0119du Miejskiego, zwi\u0105zany by\u0142 te\u017c z Rad\u0105 Osiedlow\u0105 Ostropa. By\u0142 te\u017c radnym pierwszej po 1989 roku kadencji Rady Miasta (w\u00f3wczas Rady Miejskiej) w latach 1990-1994. Gillner ma 61 lat (rocznik 1958). <a href=\"https:\/\/www.24gliwice.pl\/wiadomosci\/andrzej-gillner-kandydatem-na-prezydenta-gliwic-przez-lata-zwiazany-byl-z-gcop\/\" rel=\"noopener noreferrer\" target=\"_blank\">Wi\u0119cej na temat kandydata pisali\u015bmy tutaj. <\/a><\/p><div class=\"gliwi-a3-w-tresci-artykulow gliwi-entity-placement\" id=\"gliwi-1663107154\"><div class=\"gliwi-adlabel\"><span style=\"font-size: 9px\">REKLAMA<\/span><\/div><div id=\"gliwi-2396636388\" style=\"margin-bottom: 30px;margin-left: auto;margin-right: auto;text-align: center;\"><a data-no-instant=\"1\" href=\"https:\/\/ogrodyandersa.pl\/\" rel=\"noopener\" class=\"a2t-link\" target=\"_blank\" aria-label=\"20260415 Ogrody Andersa KUP TERAZ D\"><img loading=\"lazy\" decoding=\"async\" src=\"https:\/\/www.24gliwice.pl\/wiadomosci\/wp-content\/uploads\/2026\/04\/20260415-Ogrody-Andersa-KUP-TERAZ-D.jpg\" alt=\"\"  srcset=\"https:\/\/www.24gliwice.pl\/wiadomosci\/wp-content\/uploads\/2026\/04\/20260415-Ogrody-Andersa-KUP-TERAZ-D.jpg 750w, https:\/\/www.24gliwice.pl\/wiadomosci\/wp-content\/uploads\/2026\/04\/20260415-Ogrody-Andersa-KUP-TERAZ-D-410x109.jpg 410w\" sizes=\"(max-width: 750px) 100vw, 750px\" class=\"no-lazyload\" width=\"750\" height=\"200\"  style=\"display: inline-block; max-width: 100%; height: auto;\" \/><\/a><\/div><\/div>\n<p><strong>Kajetan Gornig<\/strong> (KWW dla Gliwic Kajetan Gornig Dominik Dragon) to by\u0142y gliwicki radny, kt\u00f3ry przed wyborami samorz\u0105dowymi w 2018 roku zrezygnowa\u0142 z kandydowania do Rady Miasta po tym, jak z list wyborczych PO nieoczekiwanie (i w ostatniej chwili) usuni\u0119to Dominika Dragona. Obecnie jest przewodnicz\u0105cym Rady Dzielnicy \u017berniki. Zawodowo zarz\u0105dza jako prezes Mys\u0142owickim Centrum Zdrowia. Gornig jest najm\u0142odszym z kandydat\u00f3w, ma 45 lat (rocznik 1974). <a href=\"https:\/\/www.24gliwice.pl\/wiadomosci\/kajetan-gornig-zaprezentowal-program-wybory-samorzadowe-nie-wymagaja-wielkiej-polityki-tv\/\" rel=\"noopener noreferrer\" target=\"_blank\">Wi\u0119cej o programie kandydata tutaj. <\/a><\/p>\n<div id=\"attachment_143515\" style=\"width: 1210px\" class=\"wp-caption aligncenter\"><img loading=\"lazy\" decoding=\"async\" aria-describedby=\"caption-attachment-143515\" src=\"https:\/\/www.24gliwice.pl\/wiadomosci\/wp-content\/uploads\/2019\/11\/Kajetan-Gornig.jpg\" alt=\"\" width=\"1200\" height=\"800\" class=\"size-full wp-image-143515\" srcset=\"https:\/\/www.24gliwice.pl\/wiadomosci\/wp-content\/uploads\/2019\/11\/Kajetan-Gornig.jpg 1200w, https:\/\/www.24gliwice.pl\/wiadomosci\/wp-content\/uploads\/2019\/11\/Kajetan-Gornig-348x232.jpg 348w, https:\/\/www.24gliwice.pl\/wiadomosci\/wp-content\/uploads\/2019\/11\/Kajetan-Gornig-683x455.jpg 683w, https:\/\/www.24gliwice.pl\/wiadomosci\/wp-content\/uploads\/2019\/11\/Kajetan-Gornig-768x512.jpg 768w, https:\/\/www.24gliwice.pl\/wiadomosci\/wp-content\/uploads\/2019\/11\/Kajetan-Gornig-810x540.jpg 810w, https:\/\/www.24gliwice.pl\/wiadomosci\/wp-content\/uploads\/2019\/11\/Kajetan-Gornig-1140x760.jpg 1140w\" sizes=\"auto, (max-width: 1200px) 100vw, 1200px\" \/><p id=\"caption-attachment-143515\" class=\"wp-caption-text\">Fot. mat. Kajetan Gornig<\/p><\/div>\n<p><strong>Janusz Moszy\u0144ski<\/strong> (KWW Janusza Moszy\u0144skiego) z kolei do 2006 roku by\u0142 zast\u0119pc\u0105 prezydenta miasta, Zygmunta Frankiewicza, p\u00f3\u017aniej do 2008 piastowa\u0142 urz\u0105d Marsza\u0142ka Wojew\u00f3dztwa \u015al\u0105skiego. Ponownie pojawi\u0142 si\u0119 na gliwickiej scenie politycznej w 2019 roku, kiedy w pa\u017adziernikowych wyborach parlamentarnych mandat Senatora uzyska\u0142 Zygmunt Frankiewicz, tym samym opuszczaj\u0105c urz\u0105d prezydenta. Moszy\u0144ski zosta\u0142 wyznaczony przez premiera do pe\u0142nienia obowi\u0105zk\u00f3w prezydenta miasta do czasu przedterminowych wybor\u00f3w na to stanowisko. Moszy\u0144ski ma 63 lata (rocznik 1956). <a href=\"https:\/\/www.24gliwice.pl\/wiadomosci\/janusz-moszynski-zapewniam-ze-nikt-nie-ma-do-mnie-pilota-i-nie-bedzie-go-miec\/\" rel=\"noopener noreferrer\" target=\"_blank\">Wywiad z kandydatem mo\u017cna przeczyta\u0107 tu.<\/a><\/p>\n<div id=\"attachment_144611\" style=\"width: 820px\" class=\"wp-caption aligncenter\"><img loading=\"lazy\" decoding=\"async\" aria-describedby=\"caption-attachment-144611\" src=\"https:\/\/www.24gliwice.pl\/wiadomosci\/wp-content\/uploads\/2019\/12\/1-janusz-moszynski-um.jpg\" alt=\"\" width=\"810\" height=\"519\" class=\"size-full wp-image-144611\" srcset=\"https:\/\/www.24gliwice.pl\/wiadomosci\/wp-content\/uploads\/2019\/12\/1-janusz-moszynski-um.jpg 810w, https:\/\/www.24gliwice.pl\/wiadomosci\/wp-content\/uploads\/2019\/12\/1-janusz-moszynski-um-362x232.jpg 362w, https:\/\/www.24gliwice.pl\/wiadomosci\/wp-content\/uploads\/2019\/12\/1-janusz-moszynski-um-710x455.jpg 710w, https:\/\/www.24gliwice.pl\/wiadomosci\/wp-content\/uploads\/2019\/12\/1-janusz-moszynski-um-768x492.jpg 768w\" sizes=\"auto, (max-width: 810px) 100vw, 810px\" \/><p id=\"caption-attachment-144611\" class=\"wp-caption-text\">Fot. mat. Janusz Moszy\u0144ski<\/p><\/div>\n<p><strong>Adam Neumann<\/strong> (KWW Koalicja dla Gliwic Zygmunta Frankiewicza) r\u00f3wnie\u017c by\u0142 w Gliwicach zast\u0119pc\u0105 prezydenta miasta. Pe\u0142ni\u0142 t\u0105 funkcj\u0119 od 1 grudnia 2006 roku do 13 pa\u017adziernika br. kiedy Zygmunt Frankiewicz zosta\u0142 wybrany na Senatora. Wcze\u015bniej pracowa\u0142 m.in. Zak\u0142adach Pomiarowo-Badawczych Energetyki Energopomiar Gliwice oraz w gliwickiej miejskiej ciep\u0142owni \u2013 Przedsi\u0119biorstwie Energetyki Cieplnej. Neumann ma 60 lat (rocznik 1959). <a href=\"https:\/\/www.24gliwice.pl\/wiadomosci\/adam-neumann-ostatnie-26-lat-to-nieslychanie-dobrze-wykonana-praca-dla-miasta\/\" rel=\"noopener noreferrer\" target=\"_blank\">Wi\u0119cej na temat kandydata tutaj.<\/a><\/p>\n<div id=\"attachment_144212\" style=\"width: 820px\" class=\"wp-caption aligncenter\"><img loading=\"lazy\" decoding=\"async\" aria-describedby=\"caption-attachment-144212\" src=\"https:\/\/www.24gliwice.pl\/wiadomosci\/wp-content\/uploads\/2019\/12\/adam-neumann-2.jpg\" alt=\"\" width=\"810\" height=\"456\" class=\"size-full wp-image-144212\" srcset=\"https:\/\/www.24gliwice.pl\/wiadomosci\/wp-content\/uploads\/2019\/12\/adam-neumann-2.jpg 810w, https:\/\/www.24gliwice.pl\/wiadomosci\/wp-content\/uploads\/2019\/12\/adam-neumann-2-410x232.jpg 410w, https:\/\/www.24gliwice.pl\/wiadomosci\/wp-content\/uploads\/2019\/12\/adam-neumann-2-808x455.jpg 808w, https:\/\/www.24gliwice.pl\/wiadomosci\/wp-content\/uploads\/2019\/12\/adam-neumann-2-768x432.jpg 768w\" sizes=\"auto, (max-width: 810px) 100vw, 810px\" \/><p id=\"caption-attachment-144212\" class=\"wp-caption-text\">Fot. mat. A. Neumann<\/p><\/div>\n<p>Wybory w Gliwicach zarz\u0105dzono na 5 stycznia. Lokale wyborcze otwarte b\u0119d\u0105 w godzinach od 7:00 do 21:00. <\/p>\n<p>(\u017cms\/mf)<\/p>\n<div class=\"gliwi-a5-na-koncu-artykulow gliwi-entity-placement\" id=\"gliwi-1987405765\"><div class=\"gliwi-adlabel\"><span style=\"font-size: 9px\">REKLAMA<\/span><\/div><div id=\"gliwi-239440019\" style=\"margin-left: auto;margin-right: auto;text-align: center;\"><a data-no-instant=\"1\" href=\"https:\/\/www.jasek.pl\/\" rel=\"noopener\" class=\"a2t-link\" target=\"_blank\" aria-label=\"20200401-jasek 600\"><img loading=\"lazy\" decoding=\"async\" src=\"https:\/\/www.24gliwice.pl\/wiadomosci\/wp-content\/uploads\/2020\/04\/20200401-jasek-600.jpg\" alt=\"\"  srcset=\"https:\/\/www.24gliwice.pl\/wiadomosci\/wp-content\/uploads\/2020\/04\/20200401-jasek-600.jpg 600w, https:\/\/www.24gliwice.pl\/wiadomosci\/wp-content\/uploads\/2020\/04\/20200401-jasek-600-410x109.jpg 410w\" sizes=\"(max-width: 600px) 100vw, 600px\" class=\"no-lazyload\" width=\"600\" height=\"160\"  style=\"display: inline-block; max-width: 100%; height: auto;\" \/><\/a><\/div><\/div>","protected":false},"excerpt":{"rendered":"<p>P\u00f3\u0142noc w \u015brod\u0119, 11 grudnia by\u0142a ostatecznym terminem na dostarczenie do Miejskiej Komisji Wyborczej list poparcia dla kandydat\u00f3w na prezydenta miasta. Chocia\u017c w Gliwicach zarejestrowano 8 komitet\u00f3w wyborczych, o prezydentur\u0119 powalczy tylko 4 kandydat\u00f3w. Andrzej Gillner, Kajetan Gornig, Janusz Moszy\u0144ski i Adam Neumann to kandydaci, kt\u00f3rzy otrzymali od gliwiczan zielone \u015bwiat\u0142o do ubiegania si\u0119 o [&hellip;]<\/p>\n","protected":false},"author":15,"featured_media":144819,"comment_status":"open","ping_status":"closed","sticky":false,"template":"","format":"standard","meta":{"_monsterinsights_skip_tracking":false,"_monsterinsights_sitenote_active":false,"_monsterinsights_sitenote_note":"","_monsterinsights_sitenote_category":0,"footnotes":"","_links_to":"","_links_to_target":""},"categories":[3,1,9,8],"tags":[17168,9869,11022,4289,16922,12176,8384,27],"class_list":["post-144797","post","type-post","status-publish","format-standard","has-post-thumbnail","hentry","category-gliwice","category-wszystko","category-aktualnosci_lokalne","category-samorzad_polityka","tag-gillner","tag-gornig","tag-glosowanie","tag-kandydaci-na-prezydenta-gliwic","tag-moszynski","tag-neumann","tag-prezydent-miasta","tag-wybory"],"yoast_head":"<!-- This site is optimized with the Yoast SEO plugin v27.5 - https:\/\/yoast.com\/product\/yoast-seo-wordpress\/ -->\n<title>Gillner, Gornig, Moszy\u0144ski i Neumann to oficjalnie zarejestrowani kandydaci na prezydenta Gliwic - 24GLIWICE - Portal Gliwice | codziennie nowe informacje<\/title>\n<meta name=\"robots\" content=\"index, follow, max-snippet:-1, max-image-preview:large, max-video-preview:-1\" \/>\n<link rel=\"canonical\" href=\"https:\/\/www.24gliwice.pl\/wiadomosci\/andzrej-gillner-kajetan-gornig-janusz-moszynski-adam-neumann-kandydaci-na-prezydenta-gliwic\/\" \/>\n<meta property=\"og:locale\" content=\"pl_PL\" \/>\n<meta property=\"og:type\" content=\"article\" \/>\n<meta property=\"og:title\" content=\"Gillner, Gornig, Moszy\u0144ski i Neumann to oficjalnie zarejestrowani kandydaci na prezydenta Gliwic - 24GLIWICE - Portal Gliwice | codziennie nowe informacje\" \/>\n<meta property=\"og:description\" content=\"P\u00f3\u0142noc w \u015brod\u0119, 11 grudnia by\u0142a ostatecznym terminem na dostarczenie do Miejskiej Komisji Wyborczej list poparcia dla kandydat\u00f3w na prezydenta miasta. Chocia\u017c w Gliwicach zarejestrowano 8 komitet\u00f3w wyborczych, o prezydentur\u0119 powalczy tylko 4 kandydat\u00f3w. Andrzej Gillner, Kajetan Gornig, Janusz Moszy\u0144ski i Adam Neumann to kandydaci, kt\u00f3rzy otrzymali od gliwiczan zielone \u015bwiat\u0142o do ubiegania si\u0119 o [&hellip;]\" \/>\n<meta property=\"og:url\" content=\"https:\/\/www.24gliwice.pl\/wiadomosci\/andzrej-gillner-kajetan-gornig-janusz-moszynski-adam-neumann-kandydaci-na-prezydenta-gliwic\/\" \/>\n<meta property=\"og:site_name\" content=\"24GLIWICE - Portal Gliwice | codziennie nowe informacje\" \/>\n<meta property=\"article:publisher\" content=\"https:\/\/www.facebook.com\/24gliwice\" \/>\n<meta property=\"article:published_time\" content=\"2019-12-12T15:42:00+00:00\" \/>\n<meta property=\"article:modified_time\" content=\"2024-02-18T02:11:07+00:00\" \/>\n<meta property=\"og:image\" content=\"https:\/\/www.24gliwice.pl\/wiadomosci\/wp-content\/uploads\/2019\/12\/1-kandydaci.jpg\" \/>\n\t<meta property=\"og:image:width\" content=\"810\" \/>\n\t<meta property=\"og:image:height\" content=\"513\" \/>\n\t<meta property=\"og:image:type\" content=\"image\/jpeg\" \/>\n<meta name=\"author\" content=\"\u017baneta Mrozek-Siewierska\" \/>\n<meta name=\"twitter:card\" content=\"summary_large_image\" \/>\n<meta name=\"twitter:creator\" content=\"@24gliwice\" \/>\n<meta name=\"twitter:site\" content=\"@24gliwice\" \/>\n<meta name=\"twitter:label1\" content=\"Napisane przez\" \/>\n\t<meta name=\"twitter:data1\" content=\"\u017baneta Mrozek-Siewierska\" \/>\n\t<meta name=\"twitter:label2\" content=\"Szacowany czas czytania\" \/>\n\t<meta name=\"twitter:data2\" content=\"2 minuty\" \/>\n<script type=\"application\/ld+json\" class=\"yoast-schema-graph\">{\"@context\":\"https:\\\/\\\/schema.org\",\"@graph\":[{\"@type\":\"Article\",\"@id\":\"https:\\\/\\\/www.24gliwice.pl\\\/wiadomosci\\\/andzrej-gillner-kajetan-gornig-janusz-moszynski-adam-neumann-kandydaci-na-prezydenta-gliwic\\\/#article\",\"isPartOf\":{\"@id\":\"https:\\\/\\\/www.24gliwice.pl\\\/wiadomosci\\\/andzrej-gillner-kajetan-gornig-janusz-moszynski-adam-neumann-kandydaci-na-prezydenta-gliwic\\\/\"},\"author\":{\"name\":\"\u017baneta Mrozek-Siewierska\",\"@id\":\"https:\\\/\\\/www.24gliwice.pl\\\/wiadomosci\\\/#\\\/schema\\\/person\\\/e42c650edd7f2fa332be3811fb166b6e\"},\"headline\":\"Gillner, Gornig, Moszy\u0144ski i Neumann to oficjalnie zarejestrowani kandydaci na prezydenta Gliwic\",\"datePublished\":\"2019-12-12T15:42:00+00:00\",\"dateModified\":\"2024-02-18T02:11:07+00:00\",\"mainEntityOfPage\":{\"@id\":\"https:\\\/\\\/www.24gliwice.pl\\\/wiadomosci\\\/andzrej-gillner-kajetan-gornig-janusz-moszynski-adam-neumann-kandydaci-na-prezydenta-gliwic\\\/\"},\"wordCount\":495,\"commentCount\":0,\"publisher\":{\"@id\":\"https:\\\/\\\/www.24gliwice.pl\\\/wiadomosci\\\/#organization\"},\"image\":{\"@id\":\"https:\\\/\\\/www.24gliwice.pl\\\/wiadomosci\\\/andzrej-gillner-kajetan-gornig-janusz-moszynski-adam-neumann-kandydaci-na-prezydenta-gliwic\\\/#primaryimage\"},\"thumbnailUrl\":\"https:\\\/\\\/www.24gliwice.pl\\\/wiadomosci\\\/wp-content\\\/uploads\\\/2019\\\/12\\\/1-kandydaci.jpg\",\"keywords\":[\"gillner\",\"gornig\",\"G\u0141OSOWANIE\",\"kandydaci na prezydenta gliwic\",\"moszy\u0144ski\",\"NEUMANN\",\"prezydent miasta\",\"WYBORY\"],\"articleSection\":[\"Gliwice\",\"Najnowsze wiadomo\u015bci\",\"Portal Gliwice - Wiadomo\u015bci lokalne\",\"Samorz\u0105d, polityka\"],\"inLanguage\":\"pl-PL\",\"potentialAction\":[{\"@type\":\"CommentAction\",\"name\":\"Comment\",\"target\":[\"https:\\\/\\\/www.24gliwice.pl\\\/wiadomosci\\\/andzrej-gillner-kajetan-gornig-janusz-moszynski-adam-neumann-kandydaci-na-prezydenta-gliwic\\\/#respond\"]}]},{\"@type\":\"WebPage\",\"@id\":\"https:\\\/\\\/www.24gliwice.pl\\\/wiadomosci\\\/andzrej-gillner-kajetan-gornig-janusz-moszynski-adam-neumann-kandydaci-na-prezydenta-gliwic\\\/\",\"url\":\"https:\\\/\\\/www.24gliwice.pl\\\/wiadomosci\\\/andzrej-gillner-kajetan-gornig-janusz-moszynski-adam-neumann-kandydaci-na-prezydenta-gliwic\\\/\",\"name\":\"Gillner, Gornig, Moszy\u0144ski i Neumann to oficjalnie zarejestrowani kandydaci na prezydenta Gliwic - 24GLIWICE - Portal Gliwice | codziennie nowe informacje\",\"isPartOf\":{\"@id\":\"https:\\\/\\\/www.24gliwice.pl\\\/wiadomosci\\\/#website\"},\"primaryImageOfPage\":{\"@id\":\"https:\\\/\\\/www.24gliwice.pl\\\/wiadomosci\\\/andzrej-gillner-kajetan-gornig-janusz-moszynski-adam-neumann-kandydaci-na-prezydenta-gliwic\\\/#primaryimage\"},\"image\":{\"@id\":\"https:\\\/\\\/www.24gliwice.pl\\\/wiadomosci\\\/andzrej-gillner-kajetan-gornig-janusz-moszynski-adam-neumann-kandydaci-na-prezydenta-gliwic\\\/#primaryimage\"},\"thumbnailUrl\":\"https:\\\/\\\/www.24gliwice.pl\\\/wiadomosci\\\/wp-content\\\/uploads\\\/2019\\\/12\\\/1-kandydaci.jpg\",\"datePublished\":\"2019-12-12T15:42:00+00:00\",\"dateModified\":\"2024-02-18T02:11:07+00:00\",\"breadcrumb\":{\"@id\":\"https:\\\/\\\/www.24gliwice.pl\\\/wiadomosci\\\/andzrej-gillner-kajetan-gornig-janusz-moszynski-adam-neumann-kandydaci-na-prezydenta-gliwic\\\/#breadcrumb\"},\"inLanguage\":\"pl-PL\",\"potentialAction\":[{\"@type\":\"ReadAction\",\"target\":[\"https:\\\/\\\/www.24gliwice.pl\\\/wiadomosci\\\/andzrej-gillner-kajetan-gornig-janusz-moszynski-adam-neumann-kandydaci-na-prezydenta-gliwic\\\/\"]}]},{\"@type\":\"ImageObject\",\"inLanguage\":\"pl-PL\",\"@id\":\"https:\\\/\\\/www.24gliwice.pl\\\/wiadomosci\\\/andzrej-gillner-kajetan-gornig-janusz-moszynski-adam-neumann-kandydaci-na-prezydenta-gliwic\\\/#primaryimage\",\"url\":\"https:\\\/\\\/www.24gliwice.pl\\\/wiadomosci\\\/wp-content\\\/uploads\\\/2019\\\/12\\\/1-kandydaci.jpg\",\"contentUrl\":\"https:\\\/\\\/www.24gliwice.pl\\\/wiadomosci\\\/wp-content\\\/uploads\\\/2019\\\/12\\\/1-kandydaci.jpg\",\"width\":810,\"height\":513},{\"@type\":\"BreadcrumbList\",\"@id\":\"https:\\\/\\\/www.24gliwice.pl\\\/wiadomosci\\\/andzrej-gillner-kajetan-gornig-janusz-moszynski-adam-neumann-kandydaci-na-prezydenta-gliwic\\\/#breadcrumb\",\"itemListElement\":[{\"@type\":\"ListItem\",\"position\":1,\"name\":\"Strona g\u0142\u00f3wna\",\"item\":\"https:\\\/\\\/www.24gliwice.pl\\\/wiadomosci\\\/\"},{\"@type\":\"ListItem\",\"position\":2,\"name\":\"Gillner, Gornig, Moszy\u0144ski i Neumann to oficjalnie zarejestrowani kandydaci na prezydenta Gliwic\"}]},{\"@type\":\"WebSite\",\"@id\":\"https:\\\/\\\/www.24gliwice.pl\\\/wiadomosci\\\/#website\",\"url\":\"https:\\\/\\\/www.24gliwice.pl\\\/wiadomosci\\\/\",\"name\":\"24GLIWICE - Portal Gliwice | codziennie nowe wiadomo\u015bci\",\"description\":\"Portal Miejski Gliwice\",\"publisher\":{\"@id\":\"https:\\\/\\\/www.24gliwice.pl\\\/wiadomosci\\\/#organization\"},\"potentialAction\":[{\"@type\":\"SearchAction\",\"target\":{\"@type\":\"EntryPoint\",\"urlTemplate\":\"https:\\\/\\\/www.24gliwice.pl\\\/wiadomosci\\\/?s={search_term_string}\"},\"query-input\":{\"@type\":\"PropertyValueSpecification\",\"valueRequired\":true,\"valueName\":\"search_term_string\"}}],\"inLanguage\":\"pl-PL\"},{\"@type\":\"Organization\",\"@id\":\"https:\\\/\\\/www.24gliwice.pl\\\/wiadomosci\\\/#organization\",\"name\":\"24gliwice\",\"url\":\"https:\\\/\\\/www.24gliwice.pl\\\/wiadomosci\\\/\",\"logo\":{\"@type\":\"ImageObject\",\"inLanguage\":\"pl-PL\",\"@id\":\"https:\\\/\\\/www.24gliwice.pl\\\/wiadomosci\\\/#\\\/schema\\\/logo\\\/image\\\/\",\"url\":\"https:\\\/\\\/www.24gliwice.pl\\\/wiadomosci\\\/wp-content\\\/uploads\\\/2024\\\/10\\\/24gliwice-logo-696.jpg\",\"contentUrl\":\"https:\\\/\\\/www.24gliwice.pl\\\/wiadomosci\\\/wp-content\\\/uploads\\\/2024\\\/10\\\/24gliwice-logo-696.jpg\",\"width\":696,\"height\":696,\"caption\":\"24gliwice\"},\"image\":{\"@id\":\"https:\\\/\\\/www.24gliwice.pl\\\/wiadomosci\\\/#\\\/schema\\\/logo\\\/image\\\/\"},\"sameAs\":[\"https:\\\/\\\/www.facebook.com\\\/24gliwice\",\"https:\\\/\\\/x.com\\\/24gliwice\",\"https:\\\/\\\/www.youtube.com\\\/@24gliwice\"]},{\"@type\":\"Person\",\"@id\":\"https:\\\/\\\/www.24gliwice.pl\\\/wiadomosci\\\/#\\\/schema\\\/person\\\/e42c650edd7f2fa332be3811fb166b6e\",\"name\":\"\u017baneta Mrozek-Siewierska\",\"image\":{\"@type\":\"ImageObject\",\"inLanguage\":\"pl-PL\",\"@id\":\"https:\\\/\\\/secure.gravatar.com\\\/avatar\\\/1881429e9c64597c77ad7aef2d0a19be69a3253e57534d16aa15bf3a4d34a0a3?s=96&d=mm&r=g\",\"url\":\"https:\\\/\\\/secure.gravatar.com\\\/avatar\\\/1881429e9c64597c77ad7aef2d0a19be69a3253e57534d16aa15bf3a4d34a0a3?s=96&d=mm&r=g\",\"contentUrl\":\"https:\\\/\\\/secure.gravatar.com\\\/avatar\\\/1881429e9c64597c77ad7aef2d0a19be69a3253e57534d16aa15bf3a4d34a0a3?s=96&d=mm&r=g\",\"caption\":\"\u017baneta Mrozek-Siewierska\"},\"url\":\"https:\\\/\\\/www.24gliwice.pl\\\/wiadomosci\\\/author\\\/zms\\\/\"}]}<\/script>\n<!-- \/ Yoast SEO plugin. -->","yoast_head_json":{"title":"Gillner, Gornig, Moszy\u0144ski i Neumann to oficjalnie zarejestrowani kandydaci na prezydenta Gliwic - 24GLIWICE - Portal Gliwice | codziennie nowe informacje","robots":{"index":"index","follow":"follow","max-snippet":"max-snippet:-1","max-image-preview":"max-image-preview:large","max-video-preview":"max-video-preview:-1"},"canonical":"https:\/\/www.24gliwice.pl\/wiadomosci\/andzrej-gillner-kajetan-gornig-janusz-moszynski-adam-neumann-kandydaci-na-prezydenta-gliwic\/","og_locale":"pl_PL","og_type":"article","og_title":"Gillner, Gornig, Moszy\u0144ski i Neumann to oficjalnie zarejestrowani kandydaci na prezydenta Gliwic - 24GLIWICE - Portal Gliwice | codziennie nowe informacje","og_description":"P\u00f3\u0142noc w \u015brod\u0119, 11 grudnia by\u0142a ostatecznym terminem na dostarczenie do Miejskiej Komisji Wyborczej list poparcia dla kandydat\u00f3w na prezydenta miasta. Chocia\u017c w Gliwicach zarejestrowano 8 komitet\u00f3w wyborczych, o prezydentur\u0119 powalczy tylko 4 kandydat\u00f3w. Andrzej Gillner, Kajetan Gornig, Janusz Moszy\u0144ski i Adam Neumann to kandydaci, kt\u00f3rzy otrzymali od gliwiczan zielone \u015bwiat\u0142o do ubiegania si\u0119 o [&hellip;]","og_url":"https:\/\/www.24gliwice.pl\/wiadomosci\/andzrej-gillner-kajetan-gornig-janusz-moszynski-adam-neumann-kandydaci-na-prezydenta-gliwic\/","og_site_name":"24GLIWICE - Portal Gliwice | codziennie nowe informacje","article_publisher":"https:\/\/www.facebook.com\/24gliwice","article_published_time":"2019-12-12T15:42:00+00:00","article_modified_time":"2024-02-18T02:11:07+00:00","og_image":[{"width":810,"height":513,"url":"https:\/\/www.24gliwice.pl\/wiadomosci\/wp-content\/uploads\/2019\/12\/1-kandydaci.jpg","type":"image\/jpeg"}],"author":"\u017baneta Mrozek-Siewierska","twitter_card":"summary_large_image","twitter_creator":"@24gliwice","twitter_site":"@24gliwice","twitter_misc":{"Napisane przez":"\u017baneta Mrozek-Siewierska","Szacowany czas czytania":"2 minuty"},"schema":{"@context":"https:\/\/schema.org","@graph":[{"@type":"Article","@id":"https:\/\/www.24gliwice.pl\/wiadomosci\/andzrej-gillner-kajetan-gornig-janusz-moszynski-adam-neumann-kandydaci-na-prezydenta-gliwic\/#article","isPartOf":{"@id":"https:\/\/www.24gliwice.pl\/wiadomosci\/andzrej-gillner-kajetan-gornig-janusz-moszynski-adam-neumann-kandydaci-na-prezydenta-gliwic\/"},"author":{"name":"\u017baneta Mrozek-Siewierska","@id":"https:\/\/www.24gliwice.pl\/wiadomosci\/#\/schema\/person\/e42c650edd7f2fa332be3811fb166b6e"},"headline":"Gillner, Gornig, Moszy\u0144ski i Neumann to oficjalnie zarejestrowani kandydaci na prezydenta Gliwic","datePublished":"2019-12-12T15:42:00+00:00","dateModified":"2024-02-18T02:11:07+00:00","mainEntityOfPage":{"@id":"https:\/\/www.24gliwice.pl\/wiadomosci\/andzrej-gillner-kajetan-gornig-janusz-moszynski-adam-neumann-kandydaci-na-prezydenta-gliwic\/"},"wordCount":495,"commentCount":0,"publisher":{"@id":"https:\/\/www.24gliwice.pl\/wiadomosci\/#organization"},"image":{"@id":"https:\/\/www.24gliwice.pl\/wiadomosci\/andzrej-gillner-kajetan-gornig-janusz-moszynski-adam-neumann-kandydaci-na-prezydenta-gliwic\/#primaryimage"},"thumbnailUrl":"https:\/\/www.24gliwice.pl\/wiadomosci\/wp-content\/uploads\/2019\/12\/1-kandydaci.jpg","keywords":["gillner","gornig","G\u0141OSOWANIE","kandydaci na prezydenta gliwic","moszy\u0144ski","NEUMANN","prezydent miasta","WYBORY"],"articleSection":["Gliwice","Najnowsze wiadomo\u015bci","Portal Gliwice - Wiadomo\u015bci lokalne","Samorz\u0105d, polityka"],"inLanguage":"pl-PL","potentialAction":[{"@type":"CommentAction","name":"Comment","target":["https:\/\/www.24gliwice.pl\/wiadomosci\/andzrej-gillner-kajetan-gornig-janusz-moszynski-adam-neumann-kandydaci-na-prezydenta-gliwic\/#respond"]}]},{"@type":"WebPage","@id":"https:\/\/www.24gliwice.pl\/wiadomosci\/andzrej-gillner-kajetan-gornig-janusz-moszynski-adam-neumann-kandydaci-na-prezydenta-gliwic\/","url":"https:\/\/www.24gliwice.pl\/wiadomosci\/andzrej-gillner-kajetan-gornig-janusz-moszynski-adam-neumann-kandydaci-na-prezydenta-gliwic\/","name":"Gillner, Gornig, Moszy\u0144ski i Neumann to oficjalnie zarejestrowani kandydaci na prezydenta Gliwic - 24GLIWICE - Portal Gliwice | codziennie nowe informacje","isPartOf":{"@id":"https:\/\/www.24gliwice.pl\/wiadomosci\/#website"},"primaryImageOfPage":{"@id":"https:\/\/www.24gliwice.pl\/wiadomosci\/andzrej-gillner-kajetan-gornig-janusz-moszynski-adam-neumann-kandydaci-na-prezydenta-gliwic\/#primaryimage"},"image":{"@id":"https:\/\/www.24gliwice.pl\/wiadomosci\/andzrej-gillner-kajetan-gornig-janusz-moszynski-adam-neumann-kandydaci-na-prezydenta-gliwic\/#primaryimage"},"thumbnailUrl":"https:\/\/www.24gliwice.pl\/wiadomosci\/wp-content\/uploads\/2019\/12\/1-kandydaci.jpg","datePublished":"2019-12-12T15:42:00+00:00","dateModified":"2024-02-18T02:11:07+00:00","breadcrumb":{"@id":"https:\/\/www.24gliwice.pl\/wiadomosci\/andzrej-gillner-kajetan-gornig-janusz-moszynski-adam-neumann-kandydaci-na-prezydenta-gliwic\/#breadcrumb"},"inLanguage":"pl-PL","potentialAction":[{"@type":"ReadAction","target":["https:\/\/www.24gliwice.pl\/wiadomosci\/andzrej-gillner-kajetan-gornig-janusz-moszynski-adam-neumann-kandydaci-na-prezydenta-gliwic\/"]}]},{"@type":"ImageObject","inLanguage":"pl-PL","@id":"https:\/\/www.24gliwice.pl\/wiadomosci\/andzrej-gillner-kajetan-gornig-janusz-moszynski-adam-neumann-kandydaci-na-prezydenta-gliwic\/#primaryimage","url":"https:\/\/www.24gliwice.pl\/wiadomosci\/wp-content\/uploads\/2019\/12\/1-kandydaci.jpg","contentUrl":"https:\/\/www.24gliwice.pl\/wiadomosci\/wp-content\/uploads\/2019\/12\/1-kandydaci.jpg","width":810,"height":513},{"@type":"BreadcrumbList","@id":"https:\/\/www.24gliwice.pl\/wiadomosci\/andzrej-gillner-kajetan-gornig-janusz-moszynski-adam-neumann-kandydaci-na-prezydenta-gliwic\/#breadcrumb","itemListElement":[{"@type":"ListItem","position":1,"name":"Strona g\u0142\u00f3wna","item":"https:\/\/www.24gliwice.pl\/wiadomosci\/"},{"@type":"ListItem","position":2,"name":"Gillner, Gornig, Moszy\u0144ski i Neumann to oficjalnie zarejestrowani kandydaci na prezydenta Gliwic"}]},{"@type":"WebSite","@id":"https:\/\/www.24gliwice.pl\/wiadomosci\/#website","url":"https:\/\/www.24gliwice.pl\/wiadomosci\/","name":"24GLIWICE - Portal Gliwice | codziennie nowe wiadomo\u015bci","description":"Portal Miejski Gliwice","publisher":{"@id":"https:\/\/www.24gliwice.pl\/wiadomosci\/#organization"},"potentialAction":[{"@type":"SearchAction","target":{"@type":"EntryPoint","urlTemplate":"https:\/\/www.24gliwice.pl\/wiadomosci\/?s={search_term_string}"},"query-input":{"@type":"PropertyValueSpecification","valueRequired":true,"valueName":"search_term_string"}}],"inLanguage":"pl-PL"},{"@type":"Organization","@id":"https:\/\/www.24gliwice.pl\/wiadomosci\/#organization","name":"24gliwice","url":"https:\/\/www.24gliwice.pl\/wiadomosci\/","logo":{"@type":"ImageObject","inLanguage":"pl-PL","@id":"https:\/\/www.24gliwice.pl\/wiadomosci\/#\/schema\/logo\/image\/","url":"https:\/\/www.24gliwice.pl\/wiadomosci\/wp-content\/uploads\/2024\/10\/24gliwice-logo-696.jpg","contentUrl":"https:\/\/www.24gliwice.pl\/wiadomosci\/wp-content\/uploads\/2024\/10\/24gliwice-logo-696.jpg","width":696,"height":696,"caption":"24gliwice"},"image":{"@id":"https:\/\/www.24gliwice.pl\/wiadomosci\/#\/schema\/logo\/image\/"},"sameAs":["https:\/\/www.facebook.com\/24gliwice","https:\/\/x.com\/24gliwice","https:\/\/www.youtube.com\/@24gliwice"]},{"@type":"Person","@id":"https:\/\/www.24gliwice.pl\/wiadomosci\/#\/schema\/person\/e42c650edd7f2fa332be3811fb166b6e","name":"\u017baneta Mrozek-Siewierska","image":{"@type":"ImageObject","inLanguage":"pl-PL","@id":"https:\/\/secure.gravatar.com\/avatar\/1881429e9c64597c77ad7aef2d0a19be69a3253e57534d16aa15bf3a4d34a0a3?s=96&d=mm&r=g","url":"https:\/\/secure.gravatar.com\/avatar\/1881429e9c64597c77ad7aef2d0a19be69a3253e57534d16aa15bf3a4d34a0a3?s=96&d=mm&r=g","contentUrl":"https:\/\/secure.gravatar.com\/avatar\/1881429e9c64597c77ad7aef2d0a19be69a3253e57534d16aa15bf3a4d34a0a3?s=96&d=mm&r=g","caption":"\u017baneta Mrozek-Siewierska"},"url":"https:\/\/www.24gliwice.pl\/wiadomosci\/author\/zms\/"}]}},"_links":{"self":[{"href":"https:\/\/www.24gliwice.pl\/wiadomosci\/wp-json\/wp\/v2\/posts\/144797","targetHints":{"allow":["GET"]}}],"collection":[{"href":"https:\/\/www.24gliwice.pl\/wiadomosci\/wp-json\/wp\/v2\/posts"}],"about":[{"href":"https:\/\/www.24gliwice.pl\/wiadomosci\/wp-json\/wp\/v2\/types\/post"}],"author":[{"embeddable":true,"href":"https:\/\/www.24gliwice.pl\/wiadomosci\/wp-json\/wp\/v2\/users\/15"}],"replies":[{"embeddable":true,"href":"https:\/\/www.24gliwice.pl\/wiadomosci\/wp-json\/wp\/v2\/comments?post=144797"}],"version-history":[{"count":0,"href":"https:\/\/www.24gliwice.pl\/wiadomosci\/wp-json\/wp\/v2\/posts\/144797\/revisions"}],"wp:featuredmedia":[{"embeddable":true,"href":"https:\/\/www.24gliwice.pl\/wiadomosci\/wp-json\/wp\/v2\/media\/144819"}],"wp:attachment":[{"href":"https:\/\/www.24gliwice.pl\/wiadomosci\/wp-json\/wp\/v2\/media?parent=144797"}],"wp:term":[{"taxonomy":"category","embeddable":true,"href":"https:\/\/www.24gliwice.pl\/wiadomosci\/wp-json\/wp\/v2\/categories?post=144797"},{"taxonomy":"post_tag","embeddable":true,"href":"https:\/\/www.24gliwice.pl\/wiadomosci\/wp-json\/wp\/v2\/tags?post=144797"}],"curies":[{"name":"wp","href":"https:\/\/api.w.org\/{rel}","templated":true}]}}