{"id":144912,"date":"2019-12-17T02:40:49","date_gmt":"2019-12-17T01:40:49","guid":{"rendered":"https:\/\/www.24gliwice.pl\/wiadomosci\/?p=144912"},"modified":"2019-12-17T02:40:49","modified_gmt":"2019-12-17T01:40:49","slug":"metropolitalna-wigilia-dla-osob-samotnych-do-mck-w-katowicach-z-gliwic-dowiezie-darmowa-linia-s4","status":"publish","type":"post","link":"https:\/\/www.24gliwice.pl\/wiadomosci\/metropolitalna-wigilia-dla-osob-samotnych-do-mck-w-katowicach-z-gliwic-dowiezie-darmowa-linia-s4\/","title":{"rendered":"Metropolitalna Wigilia dla os\u00f3b Samotnych. Do MCK w Katowicach z Gliwic dowiezie darmowa linia S4"},"content":{"rendered":"<div class=\"gliwi-a6-nad-leadem-artykulow gliwi-entity-placement\" id=\"gliwi-1999413712\"><div class=\"gliwi-adlabel\"><span style=\"font-size: 9px\">REKLAMA<\/span><\/div><div id=\"gliwi-3734570131\" style=\"margin-bottom: 30px;margin-left: auto;margin-right: auto;text-align: center;\"><a data-no-instant=\"1\" href=\"https:\/\/przedszkole.halogen.org.pl\/\" rel=\"noopener\" class=\"a2t-link\" target=\"_blank\" aria-label=\"20260402-ANIMATOR-przedszkole_grafika_750x200\"><img loading=\"lazy\" decoding=\"async\" src=\"https:\/\/www.24gliwice.pl\/wiadomosci\/wp-content\/uploads\/2026\/04\/20260402-ANIMATOR-przedszkole_grafika_750x200.webp\" alt=\"\"  srcset=\"https:\/\/www.24gliwice.pl\/wiadomosci\/wp-content\/uploads\/2026\/04\/20260402-ANIMATOR-przedszkole_grafika_750x200.webp 750w, https:\/\/www.24gliwice.pl\/wiadomosci\/wp-content\/uploads\/2026\/04\/20260402-ANIMATOR-przedszkole_grafika_750x200-410x109.webp 410w\" sizes=\"(max-width: 750px) 100vw, 750px\" class=\"no-lazyload\" width=\"750\" height=\"200\"  style=\"display: inline-block; max-width: 100%; height: auto;\" \/><\/a><\/div><\/div><h3>Kilka tysi\u0119cy os\u00f3b b\u0119dzie mog\u0142o wsp\u00f3lnie prze\u0142ama\u0107 si\u0119 op\u0142atkiem i zje\u015b\u0107 wieczerz\u0119 podczas Metropolitalnej Wigilii dla Samotnych. Na t\u0119 okazj\u0119 ZTM uruchomi pi\u0119\u0107 bezp\u0142atnych linii autobusowych.<\/h3>\n<p>Wydarzenie odb\u0119dzie si\u0119 24 grudnia w Mi\u0119dzynarodowym Centrum Kongresowym w Katowicach.<\/p>\n<p>Wigili\u0119 dla samotnych organizuje Fundacja Wolne Miejsce pod przewodnictwem <strong>Miko\u0142aja Rykowskiego<\/strong>. W tym roku dodatkowym wsparciem s\u0142u\u017cy 18 samorz\u0105d\u00f3w i sponsorzy. Pocz\u0105tkowo wydarzenie by\u0142o organizowane w chorzowskiej hali Kapelusz, za\u015b od kilku lat wigilijna wieczerza ma miejsce w Mi\u0119dzynarodowym Centrum Kongresowym. <\/p><div class=\"gliwi-a3-w-tresci-artykulow gliwi-entity-placement\" id=\"gliwi-1634798255\"><div class=\"gliwi-adlabel\"><span style=\"font-size: 9px\">REKLAMA<\/span><\/div><div id=\"gliwi-2528524901\" style=\"margin-bottom: 30px;margin-left: auto;margin-right: auto;text-align: center;\"><a data-no-instant=\"1\" href=\"https:\/\/ogrodyandersa.pl\/\" rel=\"noopener\" class=\"a2t-link\" target=\"_blank\" aria-label=\"20260415 Ogrody Andersa KUP TERAZ D\"><img loading=\"lazy\" decoding=\"async\" src=\"https:\/\/www.24gliwice.pl\/wiadomosci\/wp-content\/uploads\/2026\/04\/20260415-Ogrody-Andersa-KUP-TERAZ-D.jpg\" alt=\"\"  srcset=\"https:\/\/www.24gliwice.pl\/wiadomosci\/wp-content\/uploads\/2026\/04\/20260415-Ogrody-Andersa-KUP-TERAZ-D.jpg 750w, https:\/\/www.24gliwice.pl\/wiadomosci\/wp-content\/uploads\/2026\/04\/20260415-Ogrody-Andersa-KUP-TERAZ-D-410x109.jpg 410w\" sizes=\"(max-width: 750px) 100vw, 750px\" class=\"no-lazyload\" width=\"750\" height=\"200\"  style=\"display: inline-block; max-width: 100%; height: auto;\" \/><\/a><\/div><\/div>\n<p>W ubieg\u0142orocznej edycji wzi\u0119\u0142o udzia\u0142 oko\u0142o 3 tys. os\u00f3b. Wigilia dla samotnych adresowana jest do wszystkich os\u00f3b \u2013 bez wzgl\u0119du na status materialny. Z biegiem lat formu\u0142a zosta\u0142a rozszerzona o \u015bniadania wielkanocne.<\/p>\n<p><iframe loading=\"lazy\" src=\"https:\/\/www.facebook.com\/plugins\/video.php?href=https%3A%2F%2Fwww.facebook.com%2Fwolnemiejsce%2Fvideos%2F518414748662682%2F&#038;show_text=0&#038;width=560\" width=\"810\" height=\"455\" style=\"border:none;overflow:hidden\" scrolling=\"no\" frameborder=\"0\" allowTransparency=\"true\" allowFullScreen=\"true\"><\/iframe><\/p>\n<p>\u2013 Wigilia jest organizowana w Katowicach, ale skierowana do wszystkich mieszka\u0144c\u00f3w Metropolii. Dzi\u0119kujemy gospodarzom tych osiemnastu miast, kt\u00f3re si\u0119 w\u0142\u0105czy\u0142y. Zacz\u0119li\u015bmy od Metropolitalnej Wielkanocy, a teraz czas na wigili\u0119 \u2013 powiedzia\u0142 na konferencji prasowej Miko\u0142aj Rykowski, prezes Fundacji Wolne Miejsce.<\/p>\n<h3>Aby u\u0142atwi\u0107 wszystkim chc\u0105cym wsp\u00f3lnie i rado\u015bnie sp\u0119dzi\u0107 ten \u015bwi\u0105teczny wiecz\u00f3r, uruchomionych zostanie pi\u0119\u0107 autobusowych linii specjalnych: S4, S5, S6, S7 i S8. <\/h3>\n<p>Po\u0142\u0105cz\u0105 one katowicki MCK z takimi miastami jak: Gliwice (<a href=\"https:\/\/rj.metropoliaztm.pl\/rozklady\/1-s4\/\" rel=\"noopener noreferrer\" target=\"_blank\">linia S4 &#8211; rozk\u0142ad jazdy<\/a>), Zabrze, Ruda \u015al\u0105ska, \u015awi\u0119toch\u0142owice, Chorz\u00f3w, Tarnowskie G\u00f3ry, \u015awierklaniec, Piekary \u015al\u0105skie, Bytom, D\u0105browa G\u00f3rnicza, B\u0119dzin, Wojkowice, Czelad\u017a, Siemianowice \u015al\u0105skie, Tychy, Miko\u0142\u00f3w, Sosnowiec i Mys\u0142owice. Autobusy b\u0119d\u0105 kursowa\u0107 w godzinach popo\u0142udniowych i wieczornych, aby ka\u017cdy m\u00f3g\u0142 \u0142atwo dotrze\u0107 do Katowic i wr\u00f3ci\u0107 do swoich miast.<\/p>\n<p>\u2013 Jako Metropolia nie wybaczyliby\u015bmy sobie, gdyby si\u0119 okaza\u0142o, \u017ce kto\u015b, kto chce wzi\u0105\u0107 udzia\u0142 w tym niezwyk\u0142ym wydarzeniu, nie m\u00f3g\u0142by na nie przyjecha\u0107. Dlatego z wielk\u0105 rado\u015bci\u0105 w\u0142\u0105czamy si\u0119 we wsparcie organizacyjne Metropolitalnej Wigilii dla Samotnych \u2013 powiedzia\u0142 <strong>Jacek Brzezinka<\/strong>, cz\u0142onek zarz\u0105du GZM.<\/p>\n<p>Na wigilijnym stole nie zabraknie chleba, karpia, kapusty, owoc\u00f3w i s\u0142odko\u015bci. Zbi\u00f3rka pokarmu ca\u0142y czas trwa, podobnie jak nab\u00f3r os\u00f3b do pomocy \u2013 w tegoroczn\u0105 imprez\u0119 w\u0142\u0105czy\u0142o si\u0119 300 wolontariuszy, ale potrzeba ich nawet wi\u0119cej.<\/p>\n<h3>Pomys\u0142 wigilii dla os\u00f3b samotnych zrodzi\u0142 si\u0119 20 lat temu. Od tego czasu wydarzenie nie tylko nabra\u0142o rozmachu, ale rozros\u0142o si\u0119 poza wojew\u00f3dztwo \u015bl\u0105skie.<\/h3>\n<p>W tym roku podobne wydarzenie b\u0119dzie organizowane m.in. w \u0141odzi, Wroc\u0142awiu, Radomiu, Olsztynie, a nawet w kanadyjskim Toronto.<\/p>\n<p>Metropolitalna Wigilia dla Samotnych rozpocznie si\u0119 o godzinie 16:00 w Mi\u0119dzynarodowym Centrum Kongresowym w Katowicach (plac S\u0142awika i Antalla).<\/p>\n<p>(\u017ar\u00f3d\u0142o: www.metropoliagzm.pl) <\/p>\n<div class=\"gliwi-a5-na-koncu-artykulow gliwi-entity-placement\" id=\"gliwi-2612390663\"><div class=\"gliwi-adlabel\"><span style=\"font-size: 9px\">REKLAMA<\/span><\/div><div id=\"gliwi-1377555661\" style=\"margin-left: auto;margin-right: auto;text-align: center;\"><a data-no-instant=\"1\" href=\"https:\/\/prezeroarenagliwice.pl\/\" rel=\"noopener\" class=\"a2t-link\" target=\"_blank\" aria-label=\"20260309-PREZERO-WIOSNA-D\"><img loading=\"lazy\" decoding=\"async\" src=\"https:\/\/www.24gliwice.pl\/wiadomosci\/wp-content\/uploads\/2026\/03\/20260309-PREZERO-WIOSNA-D.webp\" alt=\"\"  srcset=\"https:\/\/www.24gliwice.pl\/wiadomosci\/wp-content\/uploads\/2026\/03\/20260309-PREZERO-WIOSNA-D.webp 750w, https:\/\/www.24gliwice.pl\/wiadomosci\/wp-content\/uploads\/2026\/03\/20260309-PREZERO-WIOSNA-D-410x109.webp 410w\" sizes=\"(max-width: 750px) 100vw, 750px\" class=\"no-lazyload\" width=\"750\" height=\"200\"  style=\"display: inline-block; max-width: 100%; height: auto;\" \/><\/a><\/div><\/div>","protected":false},"excerpt":{"rendered":"<p>Kilka tysi\u0119cy os\u00f3b b\u0119dzie mog\u0142o wsp\u00f3lnie prze\u0142ama\u0107 si\u0119 op\u0142atkiem i zje\u015b\u0107 wieczerz\u0119 podczas Metropolitalnej Wigilii dla Samotnych. Na t\u0119 okazj\u0119 ZTM uruchomi pi\u0119\u0107 bezp\u0142atnych linii autobusowych. Wydarzenie odb\u0119dzie si\u0119 24 grudnia w Mi\u0119dzynarodowym Centrum Kongresowym w Katowicach. Wigili\u0119 dla samotnych organizuje Fundacja Wolne Miejsce pod przewodnictwem Miko\u0142aja Rykowskiego. W tym roku dodatkowym wsparciem s\u0142u\u017cy 18 [&hellip;]<\/p>\n","protected":false},"author":15,"featured_media":144915,"comment_status":"open","ping_status":"closed","sticky":false,"template":"","format":"standard","meta":{"_monsterinsights_skip_tracking":false,"_monsterinsights_sitenote_active":false,"_monsterinsights_sitenote_note":"","_monsterinsights_sitenote_category":0,"footnotes":"","_links_to":"","_links_to_target":""},"categories":[3,6,1],"tags":[4768,17184,17183,9054,4904,10747,10746],"class_list":["post-144912","post","type-post","status-publish","format-standard","has-post-thumbnail","hentry","category-gliwice","category-kultura","category-wszystko","tag-boze-narodzenie","tag-darmowy-przejazd","tag-metropolitalna-wigilia-dla-samotnych","tag-swieta","tag-wigilia","tag-zarzad-transportu-metropolitalnego","tag-ztm"],"yoast_head":"<!-- This site is optimized with the Yoast SEO plugin v27.5 - https:\/\/yoast.com\/product\/yoast-seo-wordpress\/ -->\n<title>Metropolitalna Wigilia dla os\u00f3b Samotnych. Do MCK w Katowicach z Gliwic dowiezie darmowa linia S4 - 24GLIWICE - Portal Gliwice | codziennie nowe informacje<\/title>\n<meta name=\"robots\" content=\"index, follow, max-snippet:-1, max-image-preview:large, max-video-preview:-1\" \/>\n<link rel=\"canonical\" href=\"https:\/\/www.24gliwice.pl\/wiadomosci\/metropolitalna-wigilia-dla-osob-samotnych-do-mck-w-katowicach-z-gliwic-dowiezie-darmowa-linia-s4\/\" \/>\n<meta property=\"og:locale\" content=\"pl_PL\" \/>\n<meta property=\"og:type\" content=\"article\" \/>\n<meta property=\"og:title\" content=\"Metropolitalna Wigilia dla os\u00f3b Samotnych. Do MCK w Katowicach z Gliwic dowiezie darmowa linia S4 - 24GLIWICE - Portal Gliwice | codziennie nowe informacje\" \/>\n<meta property=\"og:description\" content=\"Kilka tysi\u0119cy os\u00f3b b\u0119dzie mog\u0142o wsp\u00f3lnie prze\u0142ama\u0107 si\u0119 op\u0142atkiem i zje\u015b\u0107 wieczerz\u0119 podczas Metropolitalnej Wigilii dla Samotnych. Na t\u0119 okazj\u0119 ZTM uruchomi pi\u0119\u0107 bezp\u0142atnych linii autobusowych. Wydarzenie odb\u0119dzie si\u0119 24 grudnia w Mi\u0119dzynarodowym Centrum Kongresowym w Katowicach. Wigili\u0119 dla samotnych organizuje Fundacja Wolne Miejsce pod przewodnictwem Miko\u0142aja Rykowskiego. W tym roku dodatkowym wsparciem s\u0142u\u017cy 18 [&hellip;]\" \/>\n<meta property=\"og:url\" content=\"https:\/\/www.24gliwice.pl\/wiadomosci\/metropolitalna-wigilia-dla-osob-samotnych-do-mck-w-katowicach-z-gliwic-dowiezie-darmowa-linia-s4\/\" \/>\n<meta property=\"og:site_name\" content=\"24GLIWICE - Portal Gliwice | codziennie nowe informacje\" \/>\n<meta property=\"article:publisher\" content=\"https:\/\/www.facebook.com\/24gliwice\" \/>\n<meta property=\"article:published_time\" content=\"2019-12-17T01:40:49+00:00\" \/>\n<meta property=\"og:image\" content=\"https:\/\/www.24gliwice.pl\/wiadomosci\/wp-content\/uploads\/2019\/12\/metropolitalna-wigilia-dla-samotnych.jpg\" \/>\n\t<meta property=\"og:image:width\" content=\"804\" \/>\n\t<meta property=\"og:image:height\" content=\"453\" \/>\n\t<meta property=\"og:image:type\" content=\"image\/jpeg\" \/>\n<meta name=\"author\" content=\"\u017baneta Mrozek-Siewierska\" \/>\n<meta name=\"twitter:card\" content=\"summary_large_image\" \/>\n<meta name=\"twitter:creator\" content=\"@24gliwice\" \/>\n<meta name=\"twitter:site\" content=\"@24gliwice\" \/>\n<meta name=\"twitter:label1\" content=\"Napisane przez\" \/>\n\t<meta name=\"twitter:data1\" content=\"\u017baneta Mrozek-Siewierska\" \/>\n\t<meta name=\"twitter:label2\" content=\"Szacowany czas czytania\" \/>\n\t<meta name=\"twitter:data2\" content=\"2 minuty\" \/>\n<script type=\"application\/ld+json\" class=\"yoast-schema-graph\">{\"@context\":\"https:\\\/\\\/schema.org\",\"@graph\":[{\"@type\":\"Article\",\"@id\":\"https:\\\/\\\/www.24gliwice.pl\\\/wiadomosci\\\/metropolitalna-wigilia-dla-osob-samotnych-do-mck-w-katowicach-z-gliwic-dowiezie-darmowa-linia-s4\\\/#article\",\"isPartOf\":{\"@id\":\"https:\\\/\\\/www.24gliwice.pl\\\/wiadomosci\\\/metropolitalna-wigilia-dla-osob-samotnych-do-mck-w-katowicach-z-gliwic-dowiezie-darmowa-linia-s4\\\/\"},\"author\":{\"name\":\"\u017baneta Mrozek-Siewierska\",\"@id\":\"https:\\\/\\\/www.24gliwice.pl\\\/wiadomosci\\\/#\\\/schema\\\/person\\\/e42c650edd7f2fa332be3811fb166b6e\"},\"headline\":\"Metropolitalna Wigilia dla os\u00f3b Samotnych. Do MCK w Katowicach z Gliwic dowiezie darmowa linia S4\",\"datePublished\":\"2019-12-17T01:40:49+00:00\",\"mainEntityOfPage\":{\"@id\":\"https:\\\/\\\/www.24gliwice.pl\\\/wiadomosci\\\/metropolitalna-wigilia-dla-osob-samotnych-do-mck-w-katowicach-z-gliwic-dowiezie-darmowa-linia-s4\\\/\"},\"wordCount\":470,\"commentCount\":0,\"publisher\":{\"@id\":\"https:\\\/\\\/www.24gliwice.pl\\\/wiadomosci\\\/#organization\"},\"image\":{\"@id\":\"https:\\\/\\\/www.24gliwice.pl\\\/wiadomosci\\\/metropolitalna-wigilia-dla-osob-samotnych-do-mck-w-katowicach-z-gliwic-dowiezie-darmowa-linia-s4\\\/#primaryimage\"},\"thumbnailUrl\":\"https:\\\/\\\/www.24gliwice.pl\\\/wiadomosci\\\/wp-content\\\/uploads\\\/2019\\\/12\\\/metropolitalna-wigilia-dla-samotnych.jpg\",\"keywords\":[\"BO\u017bE NARODZENIE\",\"darmowy przejazd\",\"metropolitalna wigilia dla samotnych\",\"\u015aWI\u0118TA\",\"wigilia\",\"ZARZ\u0104D TRANSPORTU METROPOLITALNEGO\",\"ZTM\"],\"articleSection\":[\"Gliwice\",\"Kultura, wydarzenia, imprezy\",\"Najnowsze wiadomo\u015bci\"],\"inLanguage\":\"pl-PL\",\"potentialAction\":[{\"@type\":\"CommentAction\",\"name\":\"Comment\",\"target\":[\"https:\\\/\\\/www.24gliwice.pl\\\/wiadomosci\\\/metropolitalna-wigilia-dla-osob-samotnych-do-mck-w-katowicach-z-gliwic-dowiezie-darmowa-linia-s4\\\/#respond\"]}]},{\"@type\":\"WebPage\",\"@id\":\"https:\\\/\\\/www.24gliwice.pl\\\/wiadomosci\\\/metropolitalna-wigilia-dla-osob-samotnych-do-mck-w-katowicach-z-gliwic-dowiezie-darmowa-linia-s4\\\/\",\"url\":\"https:\\\/\\\/www.24gliwice.pl\\\/wiadomosci\\\/metropolitalna-wigilia-dla-osob-samotnych-do-mck-w-katowicach-z-gliwic-dowiezie-darmowa-linia-s4\\\/\",\"name\":\"Metropolitalna Wigilia dla os\u00f3b Samotnych. Do MCK w Katowicach z Gliwic dowiezie darmowa linia S4 - 24GLIWICE - Portal Gliwice | codziennie nowe informacje\",\"isPartOf\":{\"@id\":\"https:\\\/\\\/www.24gliwice.pl\\\/wiadomosci\\\/#website\"},\"primaryImageOfPage\":{\"@id\":\"https:\\\/\\\/www.24gliwice.pl\\\/wiadomosci\\\/metropolitalna-wigilia-dla-osob-samotnych-do-mck-w-katowicach-z-gliwic-dowiezie-darmowa-linia-s4\\\/#primaryimage\"},\"image\":{\"@id\":\"https:\\\/\\\/www.24gliwice.pl\\\/wiadomosci\\\/metropolitalna-wigilia-dla-osob-samotnych-do-mck-w-katowicach-z-gliwic-dowiezie-darmowa-linia-s4\\\/#primaryimage\"},\"thumbnailUrl\":\"https:\\\/\\\/www.24gliwice.pl\\\/wiadomosci\\\/wp-content\\\/uploads\\\/2019\\\/12\\\/metropolitalna-wigilia-dla-samotnych.jpg\",\"datePublished\":\"2019-12-17T01:40:49+00:00\",\"breadcrumb\":{\"@id\":\"https:\\\/\\\/www.24gliwice.pl\\\/wiadomosci\\\/metropolitalna-wigilia-dla-osob-samotnych-do-mck-w-katowicach-z-gliwic-dowiezie-darmowa-linia-s4\\\/#breadcrumb\"},\"inLanguage\":\"pl-PL\",\"potentialAction\":[{\"@type\":\"ReadAction\",\"target\":[\"https:\\\/\\\/www.24gliwice.pl\\\/wiadomosci\\\/metropolitalna-wigilia-dla-osob-samotnych-do-mck-w-katowicach-z-gliwic-dowiezie-darmowa-linia-s4\\\/\"]}]},{\"@type\":\"ImageObject\",\"inLanguage\":\"pl-PL\",\"@id\":\"https:\\\/\\\/www.24gliwice.pl\\\/wiadomosci\\\/metropolitalna-wigilia-dla-osob-samotnych-do-mck-w-katowicach-z-gliwic-dowiezie-darmowa-linia-s4\\\/#primaryimage\",\"url\":\"https:\\\/\\\/www.24gliwice.pl\\\/wiadomosci\\\/wp-content\\\/uploads\\\/2019\\\/12\\\/metropolitalna-wigilia-dla-samotnych.jpg\",\"contentUrl\":\"https:\\\/\\\/www.24gliwice.pl\\\/wiadomosci\\\/wp-content\\\/uploads\\\/2019\\\/12\\\/metropolitalna-wigilia-dla-samotnych.jpg\",\"width\":804,\"height\":453},{\"@type\":\"BreadcrumbList\",\"@id\":\"https:\\\/\\\/www.24gliwice.pl\\\/wiadomosci\\\/metropolitalna-wigilia-dla-osob-samotnych-do-mck-w-katowicach-z-gliwic-dowiezie-darmowa-linia-s4\\\/#breadcrumb\",\"itemListElement\":[{\"@type\":\"ListItem\",\"position\":1,\"name\":\"Strona g\u0142\u00f3wna\",\"item\":\"https:\\\/\\\/www.24gliwice.pl\\\/wiadomosci\\\/\"},{\"@type\":\"ListItem\",\"position\":2,\"name\":\"Metropolitalna Wigilia dla os\u00f3b Samotnych. Do MCK w Katowicach z Gliwic dowiezie darmowa linia S4\"}]},{\"@type\":\"WebSite\",\"@id\":\"https:\\\/\\\/www.24gliwice.pl\\\/wiadomosci\\\/#website\",\"url\":\"https:\\\/\\\/www.24gliwice.pl\\\/wiadomosci\\\/\",\"name\":\"24GLIWICE - Portal Gliwice | codziennie nowe wiadomo\u015bci\",\"description\":\"Portal Miejski Gliwice\",\"publisher\":{\"@id\":\"https:\\\/\\\/www.24gliwice.pl\\\/wiadomosci\\\/#organization\"},\"potentialAction\":[{\"@type\":\"SearchAction\",\"target\":{\"@type\":\"EntryPoint\",\"urlTemplate\":\"https:\\\/\\\/www.24gliwice.pl\\\/wiadomosci\\\/?s={search_term_string}\"},\"query-input\":{\"@type\":\"PropertyValueSpecification\",\"valueRequired\":true,\"valueName\":\"search_term_string\"}}],\"inLanguage\":\"pl-PL\"},{\"@type\":\"Organization\",\"@id\":\"https:\\\/\\\/www.24gliwice.pl\\\/wiadomosci\\\/#organization\",\"name\":\"24gliwice\",\"url\":\"https:\\\/\\\/www.24gliwice.pl\\\/wiadomosci\\\/\",\"logo\":{\"@type\":\"ImageObject\",\"inLanguage\":\"pl-PL\",\"@id\":\"https:\\\/\\\/www.24gliwice.pl\\\/wiadomosci\\\/#\\\/schema\\\/logo\\\/image\\\/\",\"url\":\"https:\\\/\\\/www.24gliwice.pl\\\/wiadomosci\\\/wp-content\\\/uploads\\\/2024\\\/10\\\/24gliwice-logo-696.jpg\",\"contentUrl\":\"https:\\\/\\\/www.24gliwice.pl\\\/wiadomosci\\\/wp-content\\\/uploads\\\/2024\\\/10\\\/24gliwice-logo-696.jpg\",\"width\":696,\"height\":696,\"caption\":\"24gliwice\"},\"image\":{\"@id\":\"https:\\\/\\\/www.24gliwice.pl\\\/wiadomosci\\\/#\\\/schema\\\/logo\\\/image\\\/\"},\"sameAs\":[\"https:\\\/\\\/www.facebook.com\\\/24gliwice\",\"https:\\\/\\\/x.com\\\/24gliwice\",\"https:\\\/\\\/www.youtube.com\\\/@24gliwice\"]},{\"@type\":\"Person\",\"@id\":\"https:\\\/\\\/www.24gliwice.pl\\\/wiadomosci\\\/#\\\/schema\\\/person\\\/e42c650edd7f2fa332be3811fb166b6e\",\"name\":\"\u017baneta Mrozek-Siewierska\",\"image\":{\"@type\":\"ImageObject\",\"inLanguage\":\"pl-PL\",\"@id\":\"https:\\\/\\\/secure.gravatar.com\\\/avatar\\\/1881429e9c64597c77ad7aef2d0a19be69a3253e57534d16aa15bf3a4d34a0a3?s=96&d=mm&r=g\",\"url\":\"https:\\\/\\\/secure.gravatar.com\\\/avatar\\\/1881429e9c64597c77ad7aef2d0a19be69a3253e57534d16aa15bf3a4d34a0a3?s=96&d=mm&r=g\",\"contentUrl\":\"https:\\\/\\\/secure.gravatar.com\\\/avatar\\\/1881429e9c64597c77ad7aef2d0a19be69a3253e57534d16aa15bf3a4d34a0a3?s=96&d=mm&r=g\",\"caption\":\"\u017baneta Mrozek-Siewierska\"},\"url\":\"https:\\\/\\\/www.24gliwice.pl\\\/wiadomosci\\\/author\\\/zms\\\/\"}]}<\/script>\n<!-- \/ Yoast SEO plugin. -->","yoast_head_json":{"title":"Metropolitalna Wigilia dla os\u00f3b Samotnych. Do MCK w Katowicach z Gliwic dowiezie darmowa linia S4 - 24GLIWICE - Portal Gliwice | codziennie nowe informacje","robots":{"index":"index","follow":"follow","max-snippet":"max-snippet:-1","max-image-preview":"max-image-preview:large","max-video-preview":"max-video-preview:-1"},"canonical":"https:\/\/www.24gliwice.pl\/wiadomosci\/metropolitalna-wigilia-dla-osob-samotnych-do-mck-w-katowicach-z-gliwic-dowiezie-darmowa-linia-s4\/","og_locale":"pl_PL","og_type":"article","og_title":"Metropolitalna Wigilia dla os\u00f3b Samotnych. Do MCK w Katowicach z Gliwic dowiezie darmowa linia S4 - 24GLIWICE - Portal Gliwice | codziennie nowe informacje","og_description":"Kilka tysi\u0119cy os\u00f3b b\u0119dzie mog\u0142o wsp\u00f3lnie prze\u0142ama\u0107 si\u0119 op\u0142atkiem i zje\u015b\u0107 wieczerz\u0119 podczas Metropolitalnej Wigilii dla Samotnych. Na t\u0119 okazj\u0119 ZTM uruchomi pi\u0119\u0107 bezp\u0142atnych linii autobusowych. Wydarzenie odb\u0119dzie si\u0119 24 grudnia w Mi\u0119dzynarodowym Centrum Kongresowym w Katowicach. Wigili\u0119 dla samotnych organizuje Fundacja Wolne Miejsce pod przewodnictwem Miko\u0142aja Rykowskiego. W tym roku dodatkowym wsparciem s\u0142u\u017cy 18 [&hellip;]","og_url":"https:\/\/www.24gliwice.pl\/wiadomosci\/metropolitalna-wigilia-dla-osob-samotnych-do-mck-w-katowicach-z-gliwic-dowiezie-darmowa-linia-s4\/","og_site_name":"24GLIWICE - Portal Gliwice | codziennie nowe informacje","article_publisher":"https:\/\/www.facebook.com\/24gliwice","article_published_time":"2019-12-17T01:40:49+00:00","og_image":[{"width":804,"height":453,"url":"https:\/\/www.24gliwice.pl\/wiadomosci\/wp-content\/uploads\/2019\/12\/metropolitalna-wigilia-dla-samotnych.jpg","type":"image\/jpeg"}],"author":"\u017baneta Mrozek-Siewierska","twitter_card":"summary_large_image","twitter_creator":"@24gliwice","twitter_site":"@24gliwice","twitter_misc":{"Napisane przez":"\u017baneta Mrozek-Siewierska","Szacowany czas czytania":"2 minuty"},"schema":{"@context":"https:\/\/schema.org","@graph":[{"@type":"Article","@id":"https:\/\/www.24gliwice.pl\/wiadomosci\/metropolitalna-wigilia-dla-osob-samotnych-do-mck-w-katowicach-z-gliwic-dowiezie-darmowa-linia-s4\/#article","isPartOf":{"@id":"https:\/\/www.24gliwice.pl\/wiadomosci\/metropolitalna-wigilia-dla-osob-samotnych-do-mck-w-katowicach-z-gliwic-dowiezie-darmowa-linia-s4\/"},"author":{"name":"\u017baneta Mrozek-Siewierska","@id":"https:\/\/www.24gliwice.pl\/wiadomosci\/#\/schema\/person\/e42c650edd7f2fa332be3811fb166b6e"},"headline":"Metropolitalna Wigilia dla os\u00f3b Samotnych. Do MCK w Katowicach z Gliwic dowiezie darmowa linia S4","datePublished":"2019-12-17T01:40:49+00:00","mainEntityOfPage":{"@id":"https:\/\/www.24gliwice.pl\/wiadomosci\/metropolitalna-wigilia-dla-osob-samotnych-do-mck-w-katowicach-z-gliwic-dowiezie-darmowa-linia-s4\/"},"wordCount":470,"commentCount":0,"publisher":{"@id":"https:\/\/www.24gliwice.pl\/wiadomosci\/#organization"},"image":{"@id":"https:\/\/www.24gliwice.pl\/wiadomosci\/metropolitalna-wigilia-dla-osob-samotnych-do-mck-w-katowicach-z-gliwic-dowiezie-darmowa-linia-s4\/#primaryimage"},"thumbnailUrl":"https:\/\/www.24gliwice.pl\/wiadomosci\/wp-content\/uploads\/2019\/12\/metropolitalna-wigilia-dla-samotnych.jpg","keywords":["BO\u017bE NARODZENIE","darmowy przejazd","metropolitalna wigilia dla samotnych","\u015aWI\u0118TA","wigilia","ZARZ\u0104D TRANSPORTU METROPOLITALNEGO","ZTM"],"articleSection":["Gliwice","Kultura, wydarzenia, imprezy","Najnowsze wiadomo\u015bci"],"inLanguage":"pl-PL","potentialAction":[{"@type":"CommentAction","name":"Comment","target":["https:\/\/www.24gliwice.pl\/wiadomosci\/metropolitalna-wigilia-dla-osob-samotnych-do-mck-w-katowicach-z-gliwic-dowiezie-darmowa-linia-s4\/#respond"]}]},{"@type":"WebPage","@id":"https:\/\/www.24gliwice.pl\/wiadomosci\/metropolitalna-wigilia-dla-osob-samotnych-do-mck-w-katowicach-z-gliwic-dowiezie-darmowa-linia-s4\/","url":"https:\/\/www.24gliwice.pl\/wiadomosci\/metropolitalna-wigilia-dla-osob-samotnych-do-mck-w-katowicach-z-gliwic-dowiezie-darmowa-linia-s4\/","name":"Metropolitalna Wigilia dla os\u00f3b Samotnych. Do MCK w Katowicach z Gliwic dowiezie darmowa linia S4 - 24GLIWICE - Portal Gliwice | codziennie nowe informacje","isPartOf":{"@id":"https:\/\/www.24gliwice.pl\/wiadomosci\/#website"},"primaryImageOfPage":{"@id":"https:\/\/www.24gliwice.pl\/wiadomosci\/metropolitalna-wigilia-dla-osob-samotnych-do-mck-w-katowicach-z-gliwic-dowiezie-darmowa-linia-s4\/#primaryimage"},"image":{"@id":"https:\/\/www.24gliwice.pl\/wiadomosci\/metropolitalna-wigilia-dla-osob-samotnych-do-mck-w-katowicach-z-gliwic-dowiezie-darmowa-linia-s4\/#primaryimage"},"thumbnailUrl":"https:\/\/www.24gliwice.pl\/wiadomosci\/wp-content\/uploads\/2019\/12\/metropolitalna-wigilia-dla-samotnych.jpg","datePublished":"2019-12-17T01:40:49+00:00","breadcrumb":{"@id":"https:\/\/www.24gliwice.pl\/wiadomosci\/metropolitalna-wigilia-dla-osob-samotnych-do-mck-w-katowicach-z-gliwic-dowiezie-darmowa-linia-s4\/#breadcrumb"},"inLanguage":"pl-PL","potentialAction":[{"@type":"ReadAction","target":["https:\/\/www.24gliwice.pl\/wiadomosci\/metropolitalna-wigilia-dla-osob-samotnych-do-mck-w-katowicach-z-gliwic-dowiezie-darmowa-linia-s4\/"]}]},{"@type":"ImageObject","inLanguage":"pl-PL","@id":"https:\/\/www.24gliwice.pl\/wiadomosci\/metropolitalna-wigilia-dla-osob-samotnych-do-mck-w-katowicach-z-gliwic-dowiezie-darmowa-linia-s4\/#primaryimage","url":"https:\/\/www.24gliwice.pl\/wiadomosci\/wp-content\/uploads\/2019\/12\/metropolitalna-wigilia-dla-samotnych.jpg","contentUrl":"https:\/\/www.24gliwice.pl\/wiadomosci\/wp-content\/uploads\/2019\/12\/metropolitalna-wigilia-dla-samotnych.jpg","width":804,"height":453},{"@type":"BreadcrumbList","@id":"https:\/\/www.24gliwice.pl\/wiadomosci\/metropolitalna-wigilia-dla-osob-samotnych-do-mck-w-katowicach-z-gliwic-dowiezie-darmowa-linia-s4\/#breadcrumb","itemListElement":[{"@type":"ListItem","position":1,"name":"Strona g\u0142\u00f3wna","item":"https:\/\/www.24gliwice.pl\/wiadomosci\/"},{"@type":"ListItem","position":2,"name":"Metropolitalna Wigilia dla os\u00f3b Samotnych. Do MCK w Katowicach z Gliwic dowiezie darmowa linia S4"}]},{"@type":"WebSite","@id":"https:\/\/www.24gliwice.pl\/wiadomosci\/#website","url":"https:\/\/www.24gliwice.pl\/wiadomosci\/","name":"24GLIWICE - Portal Gliwice | codziennie nowe wiadomo\u015bci","description":"Portal Miejski Gliwice","publisher":{"@id":"https:\/\/www.24gliwice.pl\/wiadomosci\/#organization"},"potentialAction":[{"@type":"SearchAction","target":{"@type":"EntryPoint","urlTemplate":"https:\/\/www.24gliwice.pl\/wiadomosci\/?s={search_term_string}"},"query-input":{"@type":"PropertyValueSpecification","valueRequired":true,"valueName":"search_term_string"}}],"inLanguage":"pl-PL"},{"@type":"Organization","@id":"https:\/\/www.24gliwice.pl\/wiadomosci\/#organization","name":"24gliwice","url":"https:\/\/www.24gliwice.pl\/wiadomosci\/","logo":{"@type":"ImageObject","inLanguage":"pl-PL","@id":"https:\/\/www.24gliwice.pl\/wiadomosci\/#\/schema\/logo\/image\/","url":"https:\/\/www.24gliwice.pl\/wiadomosci\/wp-content\/uploads\/2024\/10\/24gliwice-logo-696.jpg","contentUrl":"https:\/\/www.24gliwice.pl\/wiadomosci\/wp-content\/uploads\/2024\/10\/24gliwice-logo-696.jpg","width":696,"height":696,"caption":"24gliwice"},"image":{"@id":"https:\/\/www.24gliwice.pl\/wiadomosci\/#\/schema\/logo\/image\/"},"sameAs":["https:\/\/www.facebook.com\/24gliwice","https:\/\/x.com\/24gliwice","https:\/\/www.youtube.com\/@24gliwice"]},{"@type":"Person","@id":"https:\/\/www.24gliwice.pl\/wiadomosci\/#\/schema\/person\/e42c650edd7f2fa332be3811fb166b6e","name":"\u017baneta Mrozek-Siewierska","image":{"@type":"ImageObject","inLanguage":"pl-PL","@id":"https:\/\/secure.gravatar.com\/avatar\/1881429e9c64597c77ad7aef2d0a19be69a3253e57534d16aa15bf3a4d34a0a3?s=96&d=mm&r=g","url":"https:\/\/secure.gravatar.com\/avatar\/1881429e9c64597c77ad7aef2d0a19be69a3253e57534d16aa15bf3a4d34a0a3?s=96&d=mm&r=g","contentUrl":"https:\/\/secure.gravatar.com\/avatar\/1881429e9c64597c77ad7aef2d0a19be69a3253e57534d16aa15bf3a4d34a0a3?s=96&d=mm&r=g","caption":"\u017baneta Mrozek-Siewierska"},"url":"https:\/\/www.24gliwice.pl\/wiadomosci\/author\/zms\/"}]}},"_links":{"self":[{"href":"https:\/\/www.24gliwice.pl\/wiadomosci\/wp-json\/wp\/v2\/posts\/144912","targetHints":{"allow":["GET"]}}],"collection":[{"href":"https:\/\/www.24gliwice.pl\/wiadomosci\/wp-json\/wp\/v2\/posts"}],"about":[{"href":"https:\/\/www.24gliwice.pl\/wiadomosci\/wp-json\/wp\/v2\/types\/post"}],"author":[{"embeddable":true,"href":"https:\/\/www.24gliwice.pl\/wiadomosci\/wp-json\/wp\/v2\/users\/15"}],"replies":[{"embeddable":true,"href":"https:\/\/www.24gliwice.pl\/wiadomosci\/wp-json\/wp\/v2\/comments?post=144912"}],"version-history":[{"count":0,"href":"https:\/\/www.24gliwice.pl\/wiadomosci\/wp-json\/wp\/v2\/posts\/144912\/revisions"}],"wp:featuredmedia":[{"embeddable":true,"href":"https:\/\/www.24gliwice.pl\/wiadomosci\/wp-json\/wp\/v2\/media\/144915"}],"wp:attachment":[{"href":"https:\/\/www.24gliwice.pl\/wiadomosci\/wp-json\/wp\/v2\/media?parent=144912"}],"wp:term":[{"taxonomy":"category","embeddable":true,"href":"https:\/\/www.24gliwice.pl\/wiadomosci\/wp-json\/wp\/v2\/categories?post=144912"},{"taxonomy":"post_tag","embeddable":true,"href":"https:\/\/www.24gliwice.pl\/wiadomosci\/wp-json\/wp\/v2\/tags?post=144912"}],"curies":[{"name":"wp","href":"https:\/\/api.w.org\/{rel}","templated":true}]}}