{"id":144931,"date":"2019-12-16T18:10:52","date_gmt":"2019-12-16T17:10:52","guid":{"rendered":"https:\/\/www.24gliwice.pl\/wiadomosci\/?p=144931"},"modified":"2019-12-16T18:10:52","modified_gmt":"2019-12-16T17:10:52","slug":"harcerze-rozdaja-betlejemskie-swiatlo-pokoju-w-czwartek-na-rynku-odbiora-je-wladze-miasta","status":"publish","type":"post","link":"https:\/\/www.24gliwice.pl\/wiadomosci\/harcerze-rozdaja-betlejemskie-swiatlo-pokoju-w-czwartek-na-rynku-odbiora-je-wladze-miasta\/","title":{"rendered":"Harcerze rozdaj\u0105 Betlejemskie \u015awiat\u0142o Pokoju. W czwartek na Rynku odbior\u0105 je w\u0142adze miasta"},"content":{"rendered":"<div class=\"gliwi-a6-nad-leadem-artykulow gliwi-entity-placement\" id=\"gliwi-3728824768\"><div class=\"gliwi-adlabel\"><span style=\"font-size: 9px\">REKLAMA<\/span><\/div><div id=\"gliwi-1396718504\" style=\"margin-bottom: 25px;margin-left: auto;margin-right: auto;text-align: center;\"><a data-no-instant=\"1\" href=\"https:\/\/dom100.eu\/\" rel=\"noopener\" class=\"a2t-link\" target=\"_blank\" aria-label=\"20260415 DOM100 D\"><img loading=\"lazy\" decoding=\"async\" src=\"https:\/\/www.24gliwice.pl\/wiadomosci\/wp-content\/uploads\/2026\/04\/20260415-DOM100-D.jpg\" alt=\"\"  srcset=\"https:\/\/www.24gliwice.pl\/wiadomosci\/wp-content\/uploads\/2026\/04\/20260415-DOM100-D.jpg 750w, https:\/\/www.24gliwice.pl\/wiadomosci\/wp-content\/uploads\/2026\/04\/20260415-DOM100-D-410x109.jpg 410w\" sizes=\"(max-width: 750px) 100vw, 750px\" class=\"no-lazyload\" width=\"750\" height=\"200\"  style=\"display: inline-block; max-width: 100%; height: auto;\" \/><\/a><\/div><\/div><h3>Tysi\u0105ce harcerzy i skaut\u00f3w jak co roku przekazuj\u0105 Betlejemskie \u015awiat\u0142o Pokoju mieszka\u0144com miast i wsi, szko\u0142om i instytucjom. Sztafeta ze \u015awiat\u0142em 15 grudnia dotar\u0142a tak\u017ce do Gliwic, przynosz\u0105c znak pokoju i zapowiadaj\u0105c radosn\u0105 nowin\u0119.<\/h3>\n<p>\u015awiat\u0142o na teren powiatu gliwickiego harcerze przywie\u017ali z trzech miejsc: z Zakopanego, Wiednia oraz z Cz\u0119stochowy. Historia Betlejemskiego \u015awiat\u0142a Pokoju si\u0119ga 1986 roku, gdy w austriackiej miejscowo\u015bci Linz po raz pierwszy zacz\u0119to przekazywa\u0107 \u015awiat\u0142o. Rok p\u00f3\u017aniej, do akcji w\u0142\u0105czyli si\u0119 austriaccy skauci, a w 1991 roku do inicjatywy do\u0142\u0105czy\u0142a r\u00f3wnie\u017c Polska.<\/p>\n<h3>Obecnie, co roku polscy harcerze odbieraj\u0105 \u015bwiat\u0142o od skaut\u00f3w, by przekaza\u0107 je dalej \u2013 Rosjanom, Litwinom, Bia\u0142orusinom, Szwedom oraz Niemcom.<\/h3>\n<p>Od 16 do 24 grudnia zuchy, harcerze i instruktorzy Hufca ZHP Ziemi Gliwickiej przekazywa\u0107 b\u0119d\u0105 \u015awiat\u0142o w ko\u015bcio\u0142ach, instytucjach oraz szko\u0142ach. Oficjalne przekazanie \u015awiat\u0142a na r\u0119ce w\u0142adz miasta, a tak\u017ce mieszka\u0144com powiatu gliwickiego rozpocznie si\u0119 22 grudnia o godzinie 18:20 na gliwickim Rynku. \u015awiat\u0142o przekazywane b\u0119dzie w lampionach zrobionych przez harcerzy.<\/p><div class=\"gliwi-a3-w-tresci-artykulow gliwi-entity-placement\" id=\"gliwi-118142230\"><div class=\"gliwi-adlabel\"><span style=\"font-size: 9px\">REKLAMA<\/span><\/div><div id=\"gliwi-222536666\" style=\"margin-bottom: 30px;margin-left: auto;margin-right: auto;text-align: center;\"><a data-no-instant=\"1\" href=\"https:\/\/ogrodyandersa.pl\/\" rel=\"noopener\" class=\"a2t-link\" target=\"_blank\" aria-label=\"20260415 Ogrody Andersa KUP TERAZ D\"><img loading=\"lazy\" decoding=\"async\" src=\"https:\/\/www.24gliwice.pl\/wiadomosci\/wp-content\/uploads\/2026\/04\/20260415-Ogrody-Andersa-KUP-TERAZ-D.jpg\" alt=\"\"  srcset=\"https:\/\/www.24gliwice.pl\/wiadomosci\/wp-content\/uploads\/2026\/04\/20260415-Ogrody-Andersa-KUP-TERAZ-D.jpg 750w, https:\/\/www.24gliwice.pl\/wiadomosci\/wp-content\/uploads\/2026\/04\/20260415-Ogrody-Andersa-KUP-TERAZ-D-410x109.jpg 410w\" sizes=\"(max-width: 750px) 100vw, 750px\" class=\"no-lazyload\" width=\"750\" height=\"200\"  style=\"display: inline-block; max-width: 100%; height: auto;\" \/><\/a><\/div><\/div>\n<p>(\u017cms)MSI(ZHP)<br \/>\nfot. K. Widuch<\/p>\n<div class=\"gliwi-a5-na-koncu-artykulow gliwi-entity-placement\" id=\"gliwi-166900464\"><div class=\"gliwi-adlabel\"><span style=\"font-size: 9px\">REKLAMA<\/span><\/div><div id=\"gliwi-3383510728\" style=\"margin-left: auto;margin-right: auto;text-align: center;\"><a data-no-instant=\"1\" href=\"https:\/\/www.jasek.pl\/\" rel=\"noopener\" class=\"a2t-link\" target=\"_blank\" aria-label=\"20200401-jasek 600\"><img loading=\"lazy\" decoding=\"async\" src=\"https:\/\/www.24gliwice.pl\/wiadomosci\/wp-content\/uploads\/2020\/04\/20200401-jasek-600.jpg\" alt=\"\"  srcset=\"https:\/\/www.24gliwice.pl\/wiadomosci\/wp-content\/uploads\/2020\/04\/20200401-jasek-600.jpg 600w, https:\/\/www.24gliwice.pl\/wiadomosci\/wp-content\/uploads\/2020\/04\/20200401-jasek-600-410x109.jpg 410w\" sizes=\"(max-width: 600px) 100vw, 600px\" class=\"no-lazyload\" width=\"600\" height=\"160\"  style=\"display: inline-block; max-width: 100%; height: auto;\" \/><\/a><\/div><\/div>","protected":false},"excerpt":{"rendered":"<p>Tysi\u0105ce harcerzy i skaut\u00f3w jak co roku przekazuj\u0105 Betlejemskie \u015awiat\u0142o Pokoju mieszka\u0144com miast i wsi, szko\u0142om i instytucjom. Sztafeta ze \u015awiat\u0142em 15 grudnia dotar\u0142a tak\u017ce do Gliwic, przynosz\u0105c znak pokoju i zapowiadaj\u0105c radosn\u0105 nowin\u0119. \u015awiat\u0142o na teren powiatu gliwickiego harcerze przywie\u017ali z trzech miejsc: z Zakopanego, Wiednia oraz z Cz\u0119stochowy. Historia Betlejemskiego \u015awiat\u0142a Pokoju si\u0119ga [&hellip;]<\/p>\n","protected":false},"author":15,"featured_media":144992,"comment_status":"open","ping_status":"closed","sticky":false,"template":"","format":"standard","meta":{"_monsterinsights_skip_tracking":false,"_monsterinsights_sitenote_active":false,"_monsterinsights_sitenote_note":"","_monsterinsights_sitenote_category":0,"footnotes":"","_links_to":"","_links_to_target":""},"categories":[3,1],"tags":[17198,4768,576,9054,578],"class_list":["post-144931","post","type-post","status-publish","format-standard","has-post-thumbnail","hentry","category-gliwice","category-wszystko","tag-betlejemskie-swiatlo-pokoju","tag-boze-narodzenie","tag-harcerze","tag-swieta","tag-zhp"],"yoast_head":"<!-- This site is optimized with the Yoast SEO plugin v27.5 - https:\/\/yoast.com\/product\/yoast-seo-wordpress\/ -->\n<title>Harcerze rozdaj\u0105 Betlejemskie \u015awiat\u0142o Pokoju. W czwartek na Rynku odbior\u0105 je w\u0142adze miasta - 24GLIWICE - Portal Gliwice | codziennie nowe informacje<\/title>\n<meta name=\"robots\" content=\"index, follow, max-snippet:-1, max-image-preview:large, max-video-preview:-1\" \/>\n<link rel=\"canonical\" href=\"https:\/\/www.24gliwice.pl\/wiadomosci\/harcerze-rozdaja-betlejemskie-swiatlo-pokoju-w-czwartek-na-rynku-odbiora-je-wladze-miasta\/\" \/>\n<meta property=\"og:locale\" content=\"pl_PL\" \/>\n<meta property=\"og:type\" content=\"article\" \/>\n<meta property=\"og:title\" content=\"Harcerze rozdaj\u0105 Betlejemskie \u015awiat\u0142o Pokoju. W czwartek na Rynku odbior\u0105 je w\u0142adze miasta - 24GLIWICE - Portal Gliwice | codziennie nowe informacje\" \/>\n<meta property=\"og:description\" content=\"Tysi\u0105ce harcerzy i skaut\u00f3w jak co roku przekazuj\u0105 Betlejemskie \u015awiat\u0142o Pokoju mieszka\u0144com miast i wsi, szko\u0142om i instytucjom. Sztafeta ze \u015awiat\u0142em 15 grudnia dotar\u0142a tak\u017ce do Gliwic, przynosz\u0105c znak pokoju i zapowiadaj\u0105c radosn\u0105 nowin\u0119. \u015awiat\u0142o na teren powiatu gliwickiego harcerze przywie\u017ali z trzech miejsc: z Zakopanego, Wiednia oraz z Cz\u0119stochowy. Historia Betlejemskiego \u015awiat\u0142a Pokoju si\u0119ga [&hellip;]\" \/>\n<meta property=\"og:url\" content=\"https:\/\/www.24gliwice.pl\/wiadomosci\/harcerze-rozdaja-betlejemskie-swiatlo-pokoju-w-czwartek-na-rynku-odbiora-je-wladze-miasta\/\" \/>\n<meta property=\"og:site_name\" content=\"24GLIWICE - Portal Gliwice | codziennie nowe informacje\" \/>\n<meta property=\"article:publisher\" content=\"https:\/\/www.facebook.com\/24gliwice\" \/>\n<meta property=\"article:published_time\" content=\"2019-12-16T17:10:52+00:00\" \/>\n<meta property=\"og:image\" content=\"https:\/\/www.24gliwice.pl\/wiadomosci\/wp-content\/uploads\/2019\/12\/wiat\u0142o-pokoju-k-widuch-e1576507439110.jpg\" \/>\n\t<meta property=\"og:image:width\" content=\"810\" \/>\n\t<meta property=\"og:image:height\" content=\"455\" \/>\n\t<meta property=\"og:image:type\" content=\"image\/jpeg\" \/>\n<meta name=\"author\" content=\"\u017baneta Mrozek-Siewierska\" \/>\n<meta name=\"twitter:card\" content=\"summary_large_image\" \/>\n<meta name=\"twitter:creator\" content=\"@24gliwice\" \/>\n<meta name=\"twitter:site\" content=\"@24gliwice\" \/>\n<meta name=\"twitter:label1\" content=\"Napisane przez\" \/>\n\t<meta name=\"twitter:data1\" content=\"\u017baneta Mrozek-Siewierska\" \/>\n\t<meta name=\"twitter:label2\" content=\"Szacowany czas czytania\" \/>\n\t<meta name=\"twitter:data2\" content=\"1 minuta\" \/>\n<script type=\"application\/ld+json\" class=\"yoast-schema-graph\">{\"@context\":\"https:\\\/\\\/schema.org\",\"@graph\":[{\"@type\":\"Article\",\"@id\":\"https:\\\/\\\/www.24gliwice.pl\\\/wiadomosci\\\/harcerze-rozdaja-betlejemskie-swiatlo-pokoju-w-czwartek-na-rynku-odbiora-je-wladze-miasta\\\/#article\",\"isPartOf\":{\"@id\":\"https:\\\/\\\/www.24gliwice.pl\\\/wiadomosci\\\/harcerze-rozdaja-betlejemskie-swiatlo-pokoju-w-czwartek-na-rynku-odbiora-je-wladze-miasta\\\/\"},\"author\":{\"name\":\"\u017baneta Mrozek-Siewierska\",\"@id\":\"https:\\\/\\\/www.24gliwice.pl\\\/wiadomosci\\\/#\\\/schema\\\/person\\\/e42c650edd7f2fa332be3811fb166b6e\"},\"headline\":\"Harcerze rozdaj\u0105 Betlejemskie \u015awiat\u0142o Pokoju. W czwartek na Rynku odbior\u0105 je w\u0142adze miasta\",\"datePublished\":\"2019-12-16T17:10:52+00:00\",\"mainEntityOfPage\":{\"@id\":\"https:\\\/\\\/www.24gliwice.pl\\\/wiadomosci\\\/harcerze-rozdaja-betlejemskie-swiatlo-pokoju-w-czwartek-na-rynku-odbiora-je-wladze-miasta\\\/\"},\"wordCount\":207,\"commentCount\":0,\"publisher\":{\"@id\":\"https:\\\/\\\/www.24gliwice.pl\\\/wiadomosci\\\/#organization\"},\"image\":{\"@id\":\"https:\\\/\\\/www.24gliwice.pl\\\/wiadomosci\\\/harcerze-rozdaja-betlejemskie-swiatlo-pokoju-w-czwartek-na-rynku-odbiora-je-wladze-miasta\\\/#primaryimage\"},\"thumbnailUrl\":\"https:\\\/\\\/www.24gliwice.pl\\\/wiadomosci\\\/wp-content\\\/uploads\\\/2019\\\/12\\\/wiat\u0142o-pokoju-k-widuch-e1576507439110.jpg\",\"keywords\":[\"Betlejemskie \u015awiat\u0142o Pokoju\",\"BO\u017bE NARODZENIE\",\"harcerze\",\"\u015aWI\u0118TA\",\"ZHP\"],\"articleSection\":[\"Gliwice\",\"Najnowsze wiadomo\u015bci\"],\"inLanguage\":\"pl-PL\",\"potentialAction\":[{\"@type\":\"CommentAction\",\"name\":\"Comment\",\"target\":[\"https:\\\/\\\/www.24gliwice.pl\\\/wiadomosci\\\/harcerze-rozdaja-betlejemskie-swiatlo-pokoju-w-czwartek-na-rynku-odbiora-je-wladze-miasta\\\/#respond\"]}]},{\"@type\":\"WebPage\",\"@id\":\"https:\\\/\\\/www.24gliwice.pl\\\/wiadomosci\\\/harcerze-rozdaja-betlejemskie-swiatlo-pokoju-w-czwartek-na-rynku-odbiora-je-wladze-miasta\\\/\",\"url\":\"https:\\\/\\\/www.24gliwice.pl\\\/wiadomosci\\\/harcerze-rozdaja-betlejemskie-swiatlo-pokoju-w-czwartek-na-rynku-odbiora-je-wladze-miasta\\\/\",\"name\":\"Harcerze rozdaj\u0105 Betlejemskie \u015awiat\u0142o Pokoju. W czwartek na Rynku odbior\u0105 je w\u0142adze miasta - 24GLIWICE - Portal Gliwice | codziennie nowe informacje\",\"isPartOf\":{\"@id\":\"https:\\\/\\\/www.24gliwice.pl\\\/wiadomosci\\\/#website\"},\"primaryImageOfPage\":{\"@id\":\"https:\\\/\\\/www.24gliwice.pl\\\/wiadomosci\\\/harcerze-rozdaja-betlejemskie-swiatlo-pokoju-w-czwartek-na-rynku-odbiora-je-wladze-miasta\\\/#primaryimage\"},\"image\":{\"@id\":\"https:\\\/\\\/www.24gliwice.pl\\\/wiadomosci\\\/harcerze-rozdaja-betlejemskie-swiatlo-pokoju-w-czwartek-na-rynku-odbiora-je-wladze-miasta\\\/#primaryimage\"},\"thumbnailUrl\":\"https:\\\/\\\/www.24gliwice.pl\\\/wiadomosci\\\/wp-content\\\/uploads\\\/2019\\\/12\\\/wiat\u0142o-pokoju-k-widuch-e1576507439110.jpg\",\"datePublished\":\"2019-12-16T17:10:52+00:00\",\"breadcrumb\":{\"@id\":\"https:\\\/\\\/www.24gliwice.pl\\\/wiadomosci\\\/harcerze-rozdaja-betlejemskie-swiatlo-pokoju-w-czwartek-na-rynku-odbiora-je-wladze-miasta\\\/#breadcrumb\"},\"inLanguage\":\"pl-PL\",\"potentialAction\":[{\"@type\":\"ReadAction\",\"target\":[\"https:\\\/\\\/www.24gliwice.pl\\\/wiadomosci\\\/harcerze-rozdaja-betlejemskie-swiatlo-pokoju-w-czwartek-na-rynku-odbiora-je-wladze-miasta\\\/\"]}]},{\"@type\":\"ImageObject\",\"inLanguage\":\"pl-PL\",\"@id\":\"https:\\\/\\\/www.24gliwice.pl\\\/wiadomosci\\\/harcerze-rozdaja-betlejemskie-swiatlo-pokoju-w-czwartek-na-rynku-odbiora-je-wladze-miasta\\\/#primaryimage\",\"url\":\"https:\\\/\\\/www.24gliwice.pl\\\/wiadomosci\\\/wp-content\\\/uploads\\\/2019\\\/12\\\/wiat\u0142o-pokoju-k-widuch-e1576507439110.jpg\",\"contentUrl\":\"https:\\\/\\\/www.24gliwice.pl\\\/wiadomosci\\\/wp-content\\\/uploads\\\/2019\\\/12\\\/wiat\u0142o-pokoju-k-widuch-e1576507439110.jpg\",\"width\":810,\"height\":455,\"caption\":\"fot. K. Widuch\\\/MSI\"},{\"@type\":\"BreadcrumbList\",\"@id\":\"https:\\\/\\\/www.24gliwice.pl\\\/wiadomosci\\\/harcerze-rozdaja-betlejemskie-swiatlo-pokoju-w-czwartek-na-rynku-odbiora-je-wladze-miasta\\\/#breadcrumb\",\"itemListElement\":[{\"@type\":\"ListItem\",\"position\":1,\"name\":\"Strona g\u0142\u00f3wna\",\"item\":\"https:\\\/\\\/www.24gliwice.pl\\\/wiadomosci\\\/\"},{\"@type\":\"ListItem\",\"position\":2,\"name\":\"Harcerze rozdaj\u0105 Betlejemskie \u015awiat\u0142o Pokoju. W czwartek na Rynku odbior\u0105 je w\u0142adze miasta\"}]},{\"@type\":\"WebSite\",\"@id\":\"https:\\\/\\\/www.24gliwice.pl\\\/wiadomosci\\\/#website\",\"url\":\"https:\\\/\\\/www.24gliwice.pl\\\/wiadomosci\\\/\",\"name\":\"24GLIWICE - Portal Gliwice | codziennie nowe wiadomo\u015bci\",\"description\":\"Portal Miejski Gliwice\",\"publisher\":{\"@id\":\"https:\\\/\\\/www.24gliwice.pl\\\/wiadomosci\\\/#organization\"},\"potentialAction\":[{\"@type\":\"SearchAction\",\"target\":{\"@type\":\"EntryPoint\",\"urlTemplate\":\"https:\\\/\\\/www.24gliwice.pl\\\/wiadomosci\\\/?s={search_term_string}\"},\"query-input\":{\"@type\":\"PropertyValueSpecification\",\"valueRequired\":true,\"valueName\":\"search_term_string\"}}],\"inLanguage\":\"pl-PL\"},{\"@type\":\"Organization\",\"@id\":\"https:\\\/\\\/www.24gliwice.pl\\\/wiadomosci\\\/#organization\",\"name\":\"24gliwice\",\"url\":\"https:\\\/\\\/www.24gliwice.pl\\\/wiadomosci\\\/\",\"logo\":{\"@type\":\"ImageObject\",\"inLanguage\":\"pl-PL\",\"@id\":\"https:\\\/\\\/www.24gliwice.pl\\\/wiadomosci\\\/#\\\/schema\\\/logo\\\/image\\\/\",\"url\":\"https:\\\/\\\/www.24gliwice.pl\\\/wiadomosci\\\/wp-content\\\/uploads\\\/2024\\\/10\\\/24gliwice-logo-696.jpg\",\"contentUrl\":\"https:\\\/\\\/www.24gliwice.pl\\\/wiadomosci\\\/wp-content\\\/uploads\\\/2024\\\/10\\\/24gliwice-logo-696.jpg\",\"width\":696,\"height\":696,\"caption\":\"24gliwice\"},\"image\":{\"@id\":\"https:\\\/\\\/www.24gliwice.pl\\\/wiadomosci\\\/#\\\/schema\\\/logo\\\/image\\\/\"},\"sameAs\":[\"https:\\\/\\\/www.facebook.com\\\/24gliwice\",\"https:\\\/\\\/x.com\\\/24gliwice\",\"https:\\\/\\\/www.youtube.com\\\/@24gliwice\"]},{\"@type\":\"Person\",\"@id\":\"https:\\\/\\\/www.24gliwice.pl\\\/wiadomosci\\\/#\\\/schema\\\/person\\\/e42c650edd7f2fa332be3811fb166b6e\",\"name\":\"\u017baneta Mrozek-Siewierska\",\"image\":{\"@type\":\"ImageObject\",\"inLanguage\":\"pl-PL\",\"@id\":\"https:\\\/\\\/secure.gravatar.com\\\/avatar\\\/1881429e9c64597c77ad7aef2d0a19be69a3253e57534d16aa15bf3a4d34a0a3?s=96&d=mm&r=g\",\"url\":\"https:\\\/\\\/secure.gravatar.com\\\/avatar\\\/1881429e9c64597c77ad7aef2d0a19be69a3253e57534d16aa15bf3a4d34a0a3?s=96&d=mm&r=g\",\"contentUrl\":\"https:\\\/\\\/secure.gravatar.com\\\/avatar\\\/1881429e9c64597c77ad7aef2d0a19be69a3253e57534d16aa15bf3a4d34a0a3?s=96&d=mm&r=g\",\"caption\":\"\u017baneta Mrozek-Siewierska\"},\"url\":\"https:\\\/\\\/www.24gliwice.pl\\\/wiadomosci\\\/author\\\/zms\\\/\"}]}<\/script>\n<!-- \/ Yoast SEO plugin. -->","yoast_head_json":{"title":"Harcerze rozdaj\u0105 Betlejemskie \u015awiat\u0142o Pokoju. W czwartek na Rynku odbior\u0105 je w\u0142adze miasta - 24GLIWICE - Portal Gliwice | codziennie nowe informacje","robots":{"index":"index","follow":"follow","max-snippet":"max-snippet:-1","max-image-preview":"max-image-preview:large","max-video-preview":"max-video-preview:-1"},"canonical":"https:\/\/www.24gliwice.pl\/wiadomosci\/harcerze-rozdaja-betlejemskie-swiatlo-pokoju-w-czwartek-na-rynku-odbiora-je-wladze-miasta\/","og_locale":"pl_PL","og_type":"article","og_title":"Harcerze rozdaj\u0105 Betlejemskie \u015awiat\u0142o Pokoju. W czwartek na Rynku odbior\u0105 je w\u0142adze miasta - 24GLIWICE - Portal Gliwice | codziennie nowe informacje","og_description":"Tysi\u0105ce harcerzy i skaut\u00f3w jak co roku przekazuj\u0105 Betlejemskie \u015awiat\u0142o Pokoju mieszka\u0144com miast i wsi, szko\u0142om i instytucjom. Sztafeta ze \u015awiat\u0142em 15 grudnia dotar\u0142a tak\u017ce do Gliwic, przynosz\u0105c znak pokoju i zapowiadaj\u0105c radosn\u0105 nowin\u0119. \u015awiat\u0142o na teren powiatu gliwickiego harcerze przywie\u017ali z trzech miejsc: z Zakopanego, Wiednia oraz z Cz\u0119stochowy. Historia Betlejemskiego \u015awiat\u0142a Pokoju si\u0119ga [&hellip;]","og_url":"https:\/\/www.24gliwice.pl\/wiadomosci\/harcerze-rozdaja-betlejemskie-swiatlo-pokoju-w-czwartek-na-rynku-odbiora-je-wladze-miasta\/","og_site_name":"24GLIWICE - Portal Gliwice | codziennie nowe informacje","article_publisher":"https:\/\/www.facebook.com\/24gliwice","article_published_time":"2019-12-16T17:10:52+00:00","og_image":[{"width":810,"height":455,"url":"https:\/\/www.24gliwice.pl\/wiadomosci\/wp-content\/uploads\/2019\/12\/wiat\u0142o-pokoju-k-widuch-e1576507439110.jpg","type":"image\/jpeg"}],"author":"\u017baneta Mrozek-Siewierska","twitter_card":"summary_large_image","twitter_creator":"@24gliwice","twitter_site":"@24gliwice","twitter_misc":{"Napisane przez":"\u017baneta Mrozek-Siewierska","Szacowany czas czytania":"1 minuta"},"schema":{"@context":"https:\/\/schema.org","@graph":[{"@type":"Article","@id":"https:\/\/www.24gliwice.pl\/wiadomosci\/harcerze-rozdaja-betlejemskie-swiatlo-pokoju-w-czwartek-na-rynku-odbiora-je-wladze-miasta\/#article","isPartOf":{"@id":"https:\/\/www.24gliwice.pl\/wiadomosci\/harcerze-rozdaja-betlejemskie-swiatlo-pokoju-w-czwartek-na-rynku-odbiora-je-wladze-miasta\/"},"author":{"name":"\u017baneta Mrozek-Siewierska","@id":"https:\/\/www.24gliwice.pl\/wiadomosci\/#\/schema\/person\/e42c650edd7f2fa332be3811fb166b6e"},"headline":"Harcerze rozdaj\u0105 Betlejemskie \u015awiat\u0142o Pokoju. W czwartek na Rynku odbior\u0105 je w\u0142adze miasta","datePublished":"2019-12-16T17:10:52+00:00","mainEntityOfPage":{"@id":"https:\/\/www.24gliwice.pl\/wiadomosci\/harcerze-rozdaja-betlejemskie-swiatlo-pokoju-w-czwartek-na-rynku-odbiora-je-wladze-miasta\/"},"wordCount":207,"commentCount":0,"publisher":{"@id":"https:\/\/www.24gliwice.pl\/wiadomosci\/#organization"},"image":{"@id":"https:\/\/www.24gliwice.pl\/wiadomosci\/harcerze-rozdaja-betlejemskie-swiatlo-pokoju-w-czwartek-na-rynku-odbiora-je-wladze-miasta\/#primaryimage"},"thumbnailUrl":"https:\/\/www.24gliwice.pl\/wiadomosci\/wp-content\/uploads\/2019\/12\/wiat\u0142o-pokoju-k-widuch-e1576507439110.jpg","keywords":["Betlejemskie \u015awiat\u0142o Pokoju","BO\u017bE NARODZENIE","harcerze","\u015aWI\u0118TA","ZHP"],"articleSection":["Gliwice","Najnowsze wiadomo\u015bci"],"inLanguage":"pl-PL","potentialAction":[{"@type":"CommentAction","name":"Comment","target":["https:\/\/www.24gliwice.pl\/wiadomosci\/harcerze-rozdaja-betlejemskie-swiatlo-pokoju-w-czwartek-na-rynku-odbiora-je-wladze-miasta\/#respond"]}]},{"@type":"WebPage","@id":"https:\/\/www.24gliwice.pl\/wiadomosci\/harcerze-rozdaja-betlejemskie-swiatlo-pokoju-w-czwartek-na-rynku-odbiora-je-wladze-miasta\/","url":"https:\/\/www.24gliwice.pl\/wiadomosci\/harcerze-rozdaja-betlejemskie-swiatlo-pokoju-w-czwartek-na-rynku-odbiora-je-wladze-miasta\/","name":"Harcerze rozdaj\u0105 Betlejemskie \u015awiat\u0142o Pokoju. W czwartek na Rynku odbior\u0105 je w\u0142adze miasta - 24GLIWICE - Portal Gliwice | codziennie nowe informacje","isPartOf":{"@id":"https:\/\/www.24gliwice.pl\/wiadomosci\/#website"},"primaryImageOfPage":{"@id":"https:\/\/www.24gliwice.pl\/wiadomosci\/harcerze-rozdaja-betlejemskie-swiatlo-pokoju-w-czwartek-na-rynku-odbiora-je-wladze-miasta\/#primaryimage"},"image":{"@id":"https:\/\/www.24gliwice.pl\/wiadomosci\/harcerze-rozdaja-betlejemskie-swiatlo-pokoju-w-czwartek-na-rynku-odbiora-je-wladze-miasta\/#primaryimage"},"thumbnailUrl":"https:\/\/www.24gliwice.pl\/wiadomosci\/wp-content\/uploads\/2019\/12\/wiat\u0142o-pokoju-k-widuch-e1576507439110.jpg","datePublished":"2019-12-16T17:10:52+00:00","breadcrumb":{"@id":"https:\/\/www.24gliwice.pl\/wiadomosci\/harcerze-rozdaja-betlejemskie-swiatlo-pokoju-w-czwartek-na-rynku-odbiora-je-wladze-miasta\/#breadcrumb"},"inLanguage":"pl-PL","potentialAction":[{"@type":"ReadAction","target":["https:\/\/www.24gliwice.pl\/wiadomosci\/harcerze-rozdaja-betlejemskie-swiatlo-pokoju-w-czwartek-na-rynku-odbiora-je-wladze-miasta\/"]}]},{"@type":"ImageObject","inLanguage":"pl-PL","@id":"https:\/\/www.24gliwice.pl\/wiadomosci\/harcerze-rozdaja-betlejemskie-swiatlo-pokoju-w-czwartek-na-rynku-odbiora-je-wladze-miasta\/#primaryimage","url":"https:\/\/www.24gliwice.pl\/wiadomosci\/wp-content\/uploads\/2019\/12\/wiat\u0142o-pokoju-k-widuch-e1576507439110.jpg","contentUrl":"https:\/\/www.24gliwice.pl\/wiadomosci\/wp-content\/uploads\/2019\/12\/wiat\u0142o-pokoju-k-widuch-e1576507439110.jpg","width":810,"height":455,"caption":"fot. K. Widuch\/MSI"},{"@type":"BreadcrumbList","@id":"https:\/\/www.24gliwice.pl\/wiadomosci\/harcerze-rozdaja-betlejemskie-swiatlo-pokoju-w-czwartek-na-rynku-odbiora-je-wladze-miasta\/#breadcrumb","itemListElement":[{"@type":"ListItem","position":1,"name":"Strona g\u0142\u00f3wna","item":"https:\/\/www.24gliwice.pl\/wiadomosci\/"},{"@type":"ListItem","position":2,"name":"Harcerze rozdaj\u0105 Betlejemskie \u015awiat\u0142o Pokoju. W czwartek na Rynku odbior\u0105 je w\u0142adze miasta"}]},{"@type":"WebSite","@id":"https:\/\/www.24gliwice.pl\/wiadomosci\/#website","url":"https:\/\/www.24gliwice.pl\/wiadomosci\/","name":"24GLIWICE - Portal Gliwice | codziennie nowe wiadomo\u015bci","description":"Portal Miejski Gliwice","publisher":{"@id":"https:\/\/www.24gliwice.pl\/wiadomosci\/#organization"},"potentialAction":[{"@type":"SearchAction","target":{"@type":"EntryPoint","urlTemplate":"https:\/\/www.24gliwice.pl\/wiadomosci\/?s={search_term_string}"},"query-input":{"@type":"PropertyValueSpecification","valueRequired":true,"valueName":"search_term_string"}}],"inLanguage":"pl-PL"},{"@type":"Organization","@id":"https:\/\/www.24gliwice.pl\/wiadomosci\/#organization","name":"24gliwice","url":"https:\/\/www.24gliwice.pl\/wiadomosci\/","logo":{"@type":"ImageObject","inLanguage":"pl-PL","@id":"https:\/\/www.24gliwice.pl\/wiadomosci\/#\/schema\/logo\/image\/","url":"https:\/\/www.24gliwice.pl\/wiadomosci\/wp-content\/uploads\/2024\/10\/24gliwice-logo-696.jpg","contentUrl":"https:\/\/www.24gliwice.pl\/wiadomosci\/wp-content\/uploads\/2024\/10\/24gliwice-logo-696.jpg","width":696,"height":696,"caption":"24gliwice"},"image":{"@id":"https:\/\/www.24gliwice.pl\/wiadomosci\/#\/schema\/logo\/image\/"},"sameAs":["https:\/\/www.facebook.com\/24gliwice","https:\/\/x.com\/24gliwice","https:\/\/www.youtube.com\/@24gliwice"]},{"@type":"Person","@id":"https:\/\/www.24gliwice.pl\/wiadomosci\/#\/schema\/person\/e42c650edd7f2fa332be3811fb166b6e","name":"\u017baneta Mrozek-Siewierska","image":{"@type":"ImageObject","inLanguage":"pl-PL","@id":"https:\/\/secure.gravatar.com\/avatar\/1881429e9c64597c77ad7aef2d0a19be69a3253e57534d16aa15bf3a4d34a0a3?s=96&d=mm&r=g","url":"https:\/\/secure.gravatar.com\/avatar\/1881429e9c64597c77ad7aef2d0a19be69a3253e57534d16aa15bf3a4d34a0a3?s=96&d=mm&r=g","contentUrl":"https:\/\/secure.gravatar.com\/avatar\/1881429e9c64597c77ad7aef2d0a19be69a3253e57534d16aa15bf3a4d34a0a3?s=96&d=mm&r=g","caption":"\u017baneta Mrozek-Siewierska"},"url":"https:\/\/www.24gliwice.pl\/wiadomosci\/author\/zms\/"}]}},"_links":{"self":[{"href":"https:\/\/www.24gliwice.pl\/wiadomosci\/wp-json\/wp\/v2\/posts\/144931","targetHints":{"allow":["GET"]}}],"collection":[{"href":"https:\/\/www.24gliwice.pl\/wiadomosci\/wp-json\/wp\/v2\/posts"}],"about":[{"href":"https:\/\/www.24gliwice.pl\/wiadomosci\/wp-json\/wp\/v2\/types\/post"}],"author":[{"embeddable":true,"href":"https:\/\/www.24gliwice.pl\/wiadomosci\/wp-json\/wp\/v2\/users\/15"}],"replies":[{"embeddable":true,"href":"https:\/\/www.24gliwice.pl\/wiadomosci\/wp-json\/wp\/v2\/comments?post=144931"}],"version-history":[{"count":0,"href":"https:\/\/www.24gliwice.pl\/wiadomosci\/wp-json\/wp\/v2\/posts\/144931\/revisions"}],"wp:featuredmedia":[{"embeddable":true,"href":"https:\/\/www.24gliwice.pl\/wiadomosci\/wp-json\/wp\/v2\/media\/144992"}],"wp:attachment":[{"href":"https:\/\/www.24gliwice.pl\/wiadomosci\/wp-json\/wp\/v2\/media?parent=144931"}],"wp:term":[{"taxonomy":"category","embeddable":true,"href":"https:\/\/www.24gliwice.pl\/wiadomosci\/wp-json\/wp\/v2\/categories?post=144931"},{"taxonomy":"post_tag","embeddable":true,"href":"https:\/\/www.24gliwice.pl\/wiadomosci\/wp-json\/wp\/v2\/tags?post=144931"}],"curies":[{"name":"wp","href":"https:\/\/api.w.org\/{rel}","templated":true}]}}