{"id":144974,"date":"2019-12-16T17:51:40","date_gmt":"2019-12-16T16:51:40","guid":{"rendered":"https:\/\/www.24gliwice.pl\/wiadomosci\/?p=144974"},"modified":"2024-02-18T03:11:43","modified_gmt":"2024-02-18T02:11:43","slug":"nie-bedzie-duzej-debaty-z-transmisja-na-facebooku-udzial-zadeklarowalo-tylko-2-kandydatow","status":"publish","type":"post","link":"https:\/\/www.24gliwice.pl\/wiadomosci\/nie-bedzie-duzej-debaty-z-transmisja-na-facebooku-udzial-zadeklarowalo-tylko-2-kandydatow\/","title":{"rendered":"Nie b\u0119dzie &#8220;du\u017cej&#8221; debaty z transmisj\u0105 na facebooku. Udzia\u0142 zadeklarowa\u0142o tylko 2 kandydat\u00f3w"},"content":{"rendered":"<div class=\"gliwi-a6-nad-leadem-artykulow gliwi-entity-placement\" id=\"gliwi-3086610058\"><div class=\"gliwi-adlabel\"><span style=\"font-size: 9px\">REKLAMA<\/span><\/div><div id=\"gliwi-659691133\" style=\"margin-bottom: 30px;margin-left: auto;margin-right: auto;text-align: center;\"><a data-no-instant=\"1\" href=\"https:\/\/przedszkole.halogen.org.pl\/\" rel=\"noopener\" class=\"a2t-link\" target=\"_blank\" aria-label=\"20260402-ANIMATOR-przedszkole_grafika_750x200\"><img loading=\"lazy\" decoding=\"async\" src=\"https:\/\/www.24gliwice.pl\/wiadomosci\/wp-content\/uploads\/2026\/04\/20260402-ANIMATOR-przedszkole_grafika_750x200.webp\" alt=\"\"  srcset=\"https:\/\/www.24gliwice.pl\/wiadomosci\/wp-content\/uploads\/2026\/04\/20260402-ANIMATOR-przedszkole_grafika_750x200.webp 750w, https:\/\/www.24gliwice.pl\/wiadomosci\/wp-content\/uploads\/2026\/04\/20260402-ANIMATOR-przedszkole_grafika_750x200-410x109.webp 410w\" sizes=\"(max-width: 750px) 100vw, 750px\" class=\"no-lazyload\" width=\"750\" height=\"200\"  style=\"display: inline-block; max-width: 100%; height: auto;\" \/><\/a><\/div><\/div><h3>Planowana na \u015brod\u0119, na godzin\u0119 19:00 debata z udzia\u0142em wszystkich kandydat\u00f3w w wyborach prezydenta Gliwic, nie odb\u0119dzie si\u0119. Udzia\u0142 w niej ostatecznie zadeklarowa\u0142y tylko dwa sztaby wyborcze.<\/h3>\n<p>Debat\u0119 organizowa\u0142 O\u015brodek Studi\u00f3w o Mie\u015bcie oraz redakcje Nowin Gliwickich i portalu 24gliwice. Mia\u0142a by\u0107 podzielona na bloki tematyczne, w kt\u00f3rych pojawi\u0142oby si\u0119 2-3 pytania zadawane przez dziennikarzy i aktywist\u00f3w OSOM. Przewidywana by\u0142a r\u00f3wnie\u017c cz\u0119\u015b\u0107 na pytania zadawane przez kandydat\u00f3w sobie nawzajem.<\/p>\n<p>Debata prowadzona w specjalnie wynaj\u0119tej w tym celu sali, by\u0142aby transmitowana w mediach spo\u0142eczno\u015bciowych (na facebooku), planowano r\u00f3wnie\u017c jej rejestracj\u0119 i publikacj\u0119 m.in. na kanale youtube. Ca\u0142o\u015b\u0107 mia\u0142a trwa\u0107 ponad godzin\u0119.<\/p><div class=\"gliwi-a3-w-tresci-artykulow gliwi-entity-placement\" id=\"gliwi-3654156105\"><div class=\"gliwi-adlabel\"><span style=\"font-size: 9px\">REKLAMA<\/span><\/div><div id=\"gliwi-3867941404\" style=\"margin-bottom: 30px;margin-left: auto;margin-right: auto;text-align: center;\"><a data-no-instant=\"1\" href=\"https:\/\/ogrodyandersa.pl\/\" rel=\"noopener\" class=\"a2t-link\" target=\"_blank\" aria-label=\"20260415 Ogrody Andersa KUP TERAZ D\"><img loading=\"lazy\" decoding=\"async\" src=\"https:\/\/www.24gliwice.pl\/wiadomosci\/wp-content\/uploads\/2026\/04\/20260415-Ogrody-Andersa-KUP-TERAZ-D.jpg\" alt=\"\"  srcset=\"https:\/\/www.24gliwice.pl\/wiadomosci\/wp-content\/uploads\/2026\/04\/20260415-Ogrody-Andersa-KUP-TERAZ-D.jpg 750w, https:\/\/www.24gliwice.pl\/wiadomosci\/wp-content\/uploads\/2026\/04\/20260415-Ogrody-Andersa-KUP-TERAZ-D-410x109.jpg 410w\" sizes=\"(max-width: 750px) 100vw, 750px\" class=\"no-lazyload\" width=\"750\" height=\"200\"  style=\"display: inline-block; max-width: 100%; height: auto;\" \/><\/a><\/div><\/div>\n<p>Deklaracj\u0119 uczestnictwa pojawi\u0142y si\u0119 ze strony sztab\u00f3w <strong>Janusza Moszy\u0144skiego<\/strong> i <strong>Andrzeja Gillnera<\/strong>. Na udzia\u0142 w debacie w takiej formule nie zdecydowa\u0142 si\u0119 <strong>Adam Neumann<\/strong>. Natomiast <strong>Kajetan Gornig<\/strong> dopiero w poniedzia\u0142ek poinformowa\u0142 nas o innym, zaplanowanym w czasie debaty spotkaniu, proponuj\u0105c r\u00f3wnocze\u015bnie organizacj\u0119 debaty w innym terminie (\u015brodowy termin by\u0142 znany wszystkim kandydatom ju\u017c w ubieg\u0142ym tygodniu).<\/p>\n<p>W tej sytuacji, organizatorzy zdecydowali o odwo\u0142aniu debaty. Zapraszamy jednocze\u015bnie do obejrzenia ju\u017c zarejestrowanych debat wyborczych w formule 1 na 1, dost\u0119pnych na portalu 24gliwice.<\/p>\n<hr \/>\n<p><strong>Poni\u017cej pe\u0142na tre\u015b\u0107 komunikat\u00f3w, kt\u00f3re wp\u0142yn\u0119\u0142y ze sztabu Adama Neumanna i od Kajetana Gorniga.<\/strong><\/p>\n<p style=\"padding-left: 40px;\"><em>&#8220;Bardzo uprzejmie dzi\u0119kujemy za zaproszenie naszego kandydata na Prezydenta Gliwic, do udzia\u0142u w organizowanej przez Pa\u0144stwa debacie wyborczej. Adam Neumann darzy szacunkiem wszystkich organizator\u00f3w debaty. Przez ca\u0142\u0105 kampani\u0119 by\u0142 (i jest oczywi\u015bcie nadal) do dyspozycji obydwu redakcji. 13.11 odby\u0142 bardzo ciekawe i inspiruj\u0105ce spotkanie z cz\u0142onkami stowarzyszenia O\u015brodek Studi\u00f3w o Mie\u015bcie Gliwice. Z przykro\u015bci\u0105 informujemy jednak, \u017ce nasz kandydat nie we\u017amie udzia\u0142u w planowanej przez Pa\u0144stwa debacie.<br \/>\nZaledwie trzy dni temu w studio 24gliwice odby\u0142a si\u0119 dobrze zorganizowana debata wyborcza kandydat\u00f3w na Prezydenta Gliwic. Nagrania debaty s\u0105 aktualnie udost\u0119pniane gliwiczanom na portalu organizator\u00f3w, kt\u00f3ry cieszy si\u0119 du\u017c\u0105 ogl\u0105dalno\u015bci\u0105 w\u015br\u00f3d mieszka\u0144c\u00f3w naszego miasta, st\u0105d nie znajdujemy uzasadnienia dla udzia\u0142u naszego kandydata w kolejnej debacie.<br \/>\nPonadto nadchodz\u0105cy przed\u015bwi\u0105teczny tydzie\u0144 jest wype\u0142niony wcze\u015bniej zaplanowanymi spotkaniami z mieszka\u0144cami. Charakter tych spotka\u0144 jest dostosowany do szczeg\u00f3lnej atmosfery tego czasu, a przyj\u0119cie zaproszenia do debaty wi\u0105za\u0142by si\u0119 z konieczno\u015bci\u0105 rezygnacji z cz\u0119\u015bci z nich.<br \/>\nJeste\u015bmy przekonani, \u017ce mimo kr\u00f3tkiego czasu trwania obecnej kampanii wyborczej, lokalne media gliwickie oraz aktywno\u015b\u0107 samych kandydat\u00f3w daj\u0105 mieszka\u0144com Gliwic du\u017co okazji do zapoznania si\u0119 z ich programami oraz wizj\u0105 miasta. Nie uwa\u017camy natomiast, aby okres bezpo\u015brednio przed Bo\u017cym Narodzeniem by\u0142 odpowiednim czasem na, jak okre\u015blili to Pa\u0144stwo w zaproszeniu \u201ekonfrontowanie si\u0119 kandydat\u00f3w\u201d.<br \/>\n<strong>Marek Pszonak, rzecznik prasowy KWW KdG ZF&#8221;<\/strong><\/em><\/p>\n<p style=\"padding-left: 40px;\"><em>Idea debaty i bezpo\u015bredniego dialogu mi\u0119dzy kandydatami na Prezydenta Miasta jest mi bardzo bliska. Z przykro\u015bci\u0105 informuj\u0119 jednak, i\u017c nie b\u0119d\u0119 m\u00f3g\u0142 uczestniczy\u0107 w zaplanowanej przez Pa\u0144stwa debacie. Wyznaczony termin pokrywa si\u0119 z zaplanowanym przeze mnie du\u017co wcze\u015bniej spotkaniem z moimi wyborcami &#8211; Zwi\u0105zkiem Zawodowym Solidarno\u015b\u0107 przy ul. Pleba\u0144skiej 4.Sprawy dotycz\u0105ce o\u015bwiaty oraz warunk\u00f3w w jakich ucz\u0105 si\u0119 gliwiccy uczniowie s\u0105 dla mnie bardzo wa\u017cne a \u015brodowisko zwi\u0105zk\u00f3w zawodowych to \u017ar\u00f3d\u0142o cennych informacji. Dlatego te\u017c, zwracam si\u0119 z pro\u015bb\u0105 o uzgodnienie i wyznaczenie innego terminu debaty.<br \/>\n<strong>Kajetan Gornig.<\/strong><\/em><\/p>\n<div class=\"gliwi-a5-na-koncu-artykulow gliwi-entity-placement\" id=\"gliwi-3890306046\"><div class=\"gliwi-adlabel\"><span style=\"font-size: 9px\">REKLAMA<\/span><\/div><div id=\"gliwi-2358363172\" style=\"margin-left: auto;margin-right: auto;text-align: center;\"><a data-no-instant=\"1\" href=\"https:\/\/prezeroarenagliwice.pl\/\" rel=\"noopener\" class=\"a2t-link\" target=\"_blank\" aria-label=\"20260309-PREZERO-WIOSNA-D\"><img loading=\"lazy\" decoding=\"async\" src=\"https:\/\/www.24gliwice.pl\/wiadomosci\/wp-content\/uploads\/2026\/03\/20260309-PREZERO-WIOSNA-D.webp\" alt=\"\"  srcset=\"https:\/\/www.24gliwice.pl\/wiadomosci\/wp-content\/uploads\/2026\/03\/20260309-PREZERO-WIOSNA-D.webp 750w, https:\/\/www.24gliwice.pl\/wiadomosci\/wp-content\/uploads\/2026\/03\/20260309-PREZERO-WIOSNA-D-410x109.webp 410w\" sizes=\"(max-width: 750px) 100vw, 750px\" class=\"no-lazyload\" width=\"750\" height=\"200\"  style=\"display: inline-block; max-width: 100%; height: auto;\" \/><\/a><\/div><\/div>","protected":false},"excerpt":{"rendered":"<p>Planowana na \u015brod\u0119, na godzin\u0119 19:00 debata z udzia\u0142em wszystkich kandydat\u00f3w w wyborach prezydenta Gliwic, nie odb\u0119dzie si\u0119. Udzia\u0142 w niej ostatecznie zadeklarowa\u0142y tylko dwa sztaby wyborcze. Debat\u0119 organizowa\u0142 O\u015brodek Studi\u00f3w o Mie\u015bcie oraz redakcje Nowin Gliwickich i portalu 24gliwice. Mia\u0142a by\u0107 podzielona na bloki tematyczne, w kt\u00f3rych pojawi\u0142oby si\u0119 2-3 pytania zadawane przez dziennikarzy [&hellip;]<\/p>\n","protected":false},"author":4,"featured_media":144981,"comment_status":"open","ping_status":"closed","sticky":false,"template":"","format":"standard","meta":{"_monsterinsights_skip_tracking":false,"_monsterinsights_sitenote_active":false,"_monsterinsights_sitenote_note":"","_monsterinsights_sitenote_category":0,"footnotes":"","_links_to":"","_links_to_target":""},"categories":[3,1,8],"tags":[48,17168,9869,16922,12176,16887],"class_list":["post-144974","post","type-post","status-publish","format-standard","has-post-thumbnail","hentry","category-gliwice","category-wszystko","category-samorzad_polityka","tag-debata","tag-gillner","tag-gornig","tag-moszynski","tag-neumann","tag-wybory-w-gliwicach"],"yoast_head":"<!-- This site is optimized with the Yoast SEO plugin v27.5 - https:\/\/yoast.com\/product\/yoast-seo-wordpress\/ -->\n<title>Nie b\u0119dzie &quot;du\u017cej&quot; debaty z transmisj\u0105 na facebooku. Udzia\u0142 zadeklarowa\u0142o tylko 2 kandydat\u00f3w - 24GLIWICE - Portal Gliwice | codziennie nowe informacje<\/title>\n<meta name=\"robots\" content=\"index, follow, max-snippet:-1, max-image-preview:large, max-video-preview:-1\" \/>\n<link rel=\"canonical\" href=\"https:\/\/www.24gliwice.pl\/wiadomosci\/nie-bedzie-duzej-debaty-z-transmisja-na-facebooku-udzial-zadeklarowalo-tylko-2-kandydatow\/\" \/>\n<meta property=\"og:locale\" content=\"pl_PL\" \/>\n<meta property=\"og:type\" content=\"article\" \/>\n<meta property=\"og:title\" content=\"Nie b\u0119dzie &quot;du\u017cej&quot; debaty z transmisj\u0105 na facebooku. Udzia\u0142 zadeklarowa\u0142o tylko 2 kandydat\u00f3w - 24GLIWICE - Portal Gliwice | codziennie nowe informacje\" \/>\n<meta property=\"og:description\" content=\"Planowana na \u015brod\u0119, na godzin\u0119 19:00 debata z udzia\u0142em wszystkich kandydat\u00f3w w wyborach prezydenta Gliwic, nie odb\u0119dzie si\u0119. Udzia\u0142 w niej ostatecznie zadeklarowa\u0142y tylko dwa sztaby wyborcze. Debat\u0119 organizowa\u0142 O\u015brodek Studi\u00f3w o Mie\u015bcie oraz redakcje Nowin Gliwickich i portalu 24gliwice. Mia\u0142a by\u0107 podzielona na bloki tematyczne, w kt\u00f3rych pojawi\u0142oby si\u0119 2-3 pytania zadawane przez dziennikarzy [&hellip;]\" \/>\n<meta property=\"og:url\" content=\"https:\/\/www.24gliwice.pl\/wiadomosci\/nie-bedzie-duzej-debaty-z-transmisja-na-facebooku-udzial-zadeklarowalo-tylko-2-kandydatow\/\" \/>\n<meta property=\"og:site_name\" content=\"24GLIWICE - Portal Gliwice | codziennie nowe informacje\" \/>\n<meta property=\"article:publisher\" content=\"https:\/\/www.facebook.com\/24gliwice\" \/>\n<meta property=\"article:author\" content=\"https:\/\/www.facebook.com\/marcin.fabrykowski\" \/>\n<meta property=\"article:published_time\" content=\"2019-12-16T16:51:40+00:00\" \/>\n<meta property=\"article:modified_time\" content=\"2024-02-18T02:11:43+00:00\" \/>\n<meta property=\"og:image\" content=\"https:\/\/www.24gliwice.pl\/wiadomosci\/wp-content\/uploads\/2019\/12\/1-debata-odwolana-001.jpg\" \/>\n\t<meta property=\"og:image:width\" content=\"810\" \/>\n\t<meta property=\"og:image:height\" content=\"590\" \/>\n\t<meta property=\"og:image:type\" content=\"image\/jpeg\" \/>\n<meta name=\"author\" content=\"Marcin Fabrykowski\" \/>\n<meta name=\"twitter:card\" content=\"summary_large_image\" \/>\n<meta name=\"twitter:creator\" content=\"@24gliwice\" \/>\n<meta name=\"twitter:site\" content=\"@24gliwice\" \/>\n<meta name=\"twitter:label1\" content=\"Napisane przez\" \/>\n\t<meta name=\"twitter:data1\" content=\"Marcin Fabrykowski\" \/>\n\t<meta name=\"twitter:label2\" content=\"Szacowany czas czytania\" \/>\n\t<meta name=\"twitter:data2\" content=\"3 minuty\" \/>\n<script type=\"application\/ld+json\" class=\"yoast-schema-graph\">{\"@context\":\"https:\\\/\\\/schema.org\",\"@graph\":[{\"@type\":\"Article\",\"@id\":\"https:\\\/\\\/www.24gliwice.pl\\\/wiadomosci\\\/nie-bedzie-duzej-debaty-z-transmisja-na-facebooku-udzial-zadeklarowalo-tylko-2-kandydatow\\\/#article\",\"isPartOf\":{\"@id\":\"https:\\\/\\\/www.24gliwice.pl\\\/wiadomosci\\\/nie-bedzie-duzej-debaty-z-transmisja-na-facebooku-udzial-zadeklarowalo-tylko-2-kandydatow\\\/\"},\"author\":{\"name\":\"Marcin Fabrykowski\",\"@id\":\"https:\\\/\\\/www.24gliwice.pl\\\/wiadomosci\\\/#\\\/schema\\\/person\\\/cb5857e4a4d048c15984c1edcc8ef0c0\"},\"headline\":\"Nie b\u0119dzie &#8220;du\u017cej&#8221; debaty z transmisj\u0105 na facebooku. Udzia\u0142 zadeklarowa\u0142o tylko 2 kandydat\u00f3w\",\"datePublished\":\"2019-12-16T16:51:40+00:00\",\"dateModified\":\"2024-02-18T02:11:43+00:00\",\"mainEntityOfPage\":{\"@id\":\"https:\\\/\\\/www.24gliwice.pl\\\/wiadomosci\\\/nie-bedzie-duzej-debaty-z-transmisja-na-facebooku-udzial-zadeklarowalo-tylko-2-kandydatow\\\/\"},\"wordCount\":611,\"commentCount\":0,\"publisher\":{\"@id\":\"https:\\\/\\\/www.24gliwice.pl\\\/wiadomosci\\\/#organization\"},\"image\":{\"@id\":\"https:\\\/\\\/www.24gliwice.pl\\\/wiadomosci\\\/nie-bedzie-duzej-debaty-z-transmisja-na-facebooku-udzial-zadeklarowalo-tylko-2-kandydatow\\\/#primaryimage\"},\"thumbnailUrl\":\"https:\\\/\\\/www.24gliwice.pl\\\/wiadomosci\\\/wp-content\\\/uploads\\\/2019\\\/12\\\/1-debata-odwolana-001.jpg\",\"keywords\":[\"debata\",\"gillner\",\"gornig\",\"moszy\u0144ski\",\"NEUMANN\",\"WYBORY W GLIWICACH\"],\"articleSection\":[\"Gliwice\",\"Najnowsze wiadomo\u015bci\",\"Samorz\u0105d, polityka\"],\"inLanguage\":\"pl-PL\",\"potentialAction\":[{\"@type\":\"CommentAction\",\"name\":\"Comment\",\"target\":[\"https:\\\/\\\/www.24gliwice.pl\\\/wiadomosci\\\/nie-bedzie-duzej-debaty-z-transmisja-na-facebooku-udzial-zadeklarowalo-tylko-2-kandydatow\\\/#respond\"]}]},{\"@type\":\"WebPage\",\"@id\":\"https:\\\/\\\/www.24gliwice.pl\\\/wiadomosci\\\/nie-bedzie-duzej-debaty-z-transmisja-na-facebooku-udzial-zadeklarowalo-tylko-2-kandydatow\\\/\",\"url\":\"https:\\\/\\\/www.24gliwice.pl\\\/wiadomosci\\\/nie-bedzie-duzej-debaty-z-transmisja-na-facebooku-udzial-zadeklarowalo-tylko-2-kandydatow\\\/\",\"name\":\"Nie b\u0119dzie \\\"du\u017cej\\\" debaty z transmisj\u0105 na facebooku. Udzia\u0142 zadeklarowa\u0142o tylko 2 kandydat\u00f3w - 24GLIWICE - Portal Gliwice | codziennie nowe informacje\",\"isPartOf\":{\"@id\":\"https:\\\/\\\/www.24gliwice.pl\\\/wiadomosci\\\/#website\"},\"primaryImageOfPage\":{\"@id\":\"https:\\\/\\\/www.24gliwice.pl\\\/wiadomosci\\\/nie-bedzie-duzej-debaty-z-transmisja-na-facebooku-udzial-zadeklarowalo-tylko-2-kandydatow\\\/#primaryimage\"},\"image\":{\"@id\":\"https:\\\/\\\/www.24gliwice.pl\\\/wiadomosci\\\/nie-bedzie-duzej-debaty-z-transmisja-na-facebooku-udzial-zadeklarowalo-tylko-2-kandydatow\\\/#primaryimage\"},\"thumbnailUrl\":\"https:\\\/\\\/www.24gliwice.pl\\\/wiadomosci\\\/wp-content\\\/uploads\\\/2019\\\/12\\\/1-debata-odwolana-001.jpg\",\"datePublished\":\"2019-12-16T16:51:40+00:00\",\"dateModified\":\"2024-02-18T02:11:43+00:00\",\"breadcrumb\":{\"@id\":\"https:\\\/\\\/www.24gliwice.pl\\\/wiadomosci\\\/nie-bedzie-duzej-debaty-z-transmisja-na-facebooku-udzial-zadeklarowalo-tylko-2-kandydatow\\\/#breadcrumb\"},\"inLanguage\":\"pl-PL\",\"potentialAction\":[{\"@type\":\"ReadAction\",\"target\":[\"https:\\\/\\\/www.24gliwice.pl\\\/wiadomosci\\\/nie-bedzie-duzej-debaty-z-transmisja-na-facebooku-udzial-zadeklarowalo-tylko-2-kandydatow\\\/\"]}]},{\"@type\":\"ImageObject\",\"inLanguage\":\"pl-PL\",\"@id\":\"https:\\\/\\\/www.24gliwice.pl\\\/wiadomosci\\\/nie-bedzie-duzej-debaty-z-transmisja-na-facebooku-udzial-zadeklarowalo-tylko-2-kandydatow\\\/#primaryimage\",\"url\":\"https:\\\/\\\/www.24gliwice.pl\\\/wiadomosci\\\/wp-content\\\/uploads\\\/2019\\\/12\\\/1-debata-odwolana-001.jpg\",\"contentUrl\":\"https:\\\/\\\/www.24gliwice.pl\\\/wiadomosci\\\/wp-content\\\/uploads\\\/2019\\\/12\\\/1-debata-odwolana-001.jpg\",\"width\":810,\"height\":590},{\"@type\":\"BreadcrumbList\",\"@id\":\"https:\\\/\\\/www.24gliwice.pl\\\/wiadomosci\\\/nie-bedzie-duzej-debaty-z-transmisja-na-facebooku-udzial-zadeklarowalo-tylko-2-kandydatow\\\/#breadcrumb\",\"itemListElement\":[{\"@type\":\"ListItem\",\"position\":1,\"name\":\"Strona g\u0142\u00f3wna\",\"item\":\"https:\\\/\\\/www.24gliwice.pl\\\/wiadomosci\\\/\"},{\"@type\":\"ListItem\",\"position\":2,\"name\":\"Nie b\u0119dzie &#8222;du\u017cej&#8221; debaty z transmisj\u0105 na facebooku. Udzia\u0142 zadeklarowa\u0142o tylko 2 kandydat\u00f3w\"}]},{\"@type\":\"WebSite\",\"@id\":\"https:\\\/\\\/www.24gliwice.pl\\\/wiadomosci\\\/#website\",\"url\":\"https:\\\/\\\/www.24gliwice.pl\\\/wiadomosci\\\/\",\"name\":\"24GLIWICE - Portal Gliwice | codziennie nowe wiadomo\u015bci\",\"description\":\"Portal Miejski Gliwice\",\"publisher\":{\"@id\":\"https:\\\/\\\/www.24gliwice.pl\\\/wiadomosci\\\/#organization\"},\"potentialAction\":[{\"@type\":\"SearchAction\",\"target\":{\"@type\":\"EntryPoint\",\"urlTemplate\":\"https:\\\/\\\/www.24gliwice.pl\\\/wiadomosci\\\/?s={search_term_string}\"},\"query-input\":{\"@type\":\"PropertyValueSpecification\",\"valueRequired\":true,\"valueName\":\"search_term_string\"}}],\"inLanguage\":\"pl-PL\"},{\"@type\":\"Organization\",\"@id\":\"https:\\\/\\\/www.24gliwice.pl\\\/wiadomosci\\\/#organization\",\"name\":\"24gliwice\",\"url\":\"https:\\\/\\\/www.24gliwice.pl\\\/wiadomosci\\\/\",\"logo\":{\"@type\":\"ImageObject\",\"inLanguage\":\"pl-PL\",\"@id\":\"https:\\\/\\\/www.24gliwice.pl\\\/wiadomosci\\\/#\\\/schema\\\/logo\\\/image\\\/\",\"url\":\"https:\\\/\\\/www.24gliwice.pl\\\/wiadomosci\\\/wp-content\\\/uploads\\\/2024\\\/10\\\/24gliwice-logo-696.jpg\",\"contentUrl\":\"https:\\\/\\\/www.24gliwice.pl\\\/wiadomosci\\\/wp-content\\\/uploads\\\/2024\\\/10\\\/24gliwice-logo-696.jpg\",\"width\":696,\"height\":696,\"caption\":\"24gliwice\"},\"image\":{\"@id\":\"https:\\\/\\\/www.24gliwice.pl\\\/wiadomosci\\\/#\\\/schema\\\/logo\\\/image\\\/\"},\"sameAs\":[\"https:\\\/\\\/www.facebook.com\\\/24gliwice\",\"https:\\\/\\\/x.com\\\/24gliwice\",\"https:\\\/\\\/www.youtube.com\\\/@24gliwice\"]},{\"@type\":\"Person\",\"@id\":\"https:\\\/\\\/www.24gliwice.pl\\\/wiadomosci\\\/#\\\/schema\\\/person\\\/cb5857e4a4d048c15984c1edcc8ef0c0\",\"name\":\"Marcin Fabrykowski\",\"image\":{\"@type\":\"ImageObject\",\"inLanguage\":\"pl-PL\",\"@id\":\"https:\\\/\\\/www.24gliwice.pl\\\/wiadomosci\\\/wp-content\\\/uploads\\\/2025\\\/11\\\/zdjecie-moje-marcin-300-96x96.jpg\",\"url\":\"https:\\\/\\\/www.24gliwice.pl\\\/wiadomosci\\\/wp-content\\\/uploads\\\/2025\\\/11\\\/zdjecie-moje-marcin-300-96x96.jpg\",\"contentUrl\":\"https:\\\/\\\/www.24gliwice.pl\\\/wiadomosci\\\/wp-content\\\/uploads\\\/2025\\\/11\\\/zdjecie-moje-marcin-300-96x96.jpg\",\"caption\":\"Marcin Fabrykowski\"},\"sameAs\":[\"http:\\\/\\\/24gliwice.pl\",\"https:\\\/\\\/www.facebook.com\\\/marcin.fabrykowski\"],\"url\":\"https:\\\/\\\/www.24gliwice.pl\\\/wiadomosci\\\/author\\\/marcin-fabrykowski\\\/\"}]}<\/script>\n<!-- \/ Yoast SEO plugin. -->","yoast_head_json":{"title":"Nie b\u0119dzie \"du\u017cej\" debaty z transmisj\u0105 na facebooku. Udzia\u0142 zadeklarowa\u0142o tylko 2 kandydat\u00f3w - 24GLIWICE - Portal Gliwice | codziennie nowe informacje","robots":{"index":"index","follow":"follow","max-snippet":"max-snippet:-1","max-image-preview":"max-image-preview:large","max-video-preview":"max-video-preview:-1"},"canonical":"https:\/\/www.24gliwice.pl\/wiadomosci\/nie-bedzie-duzej-debaty-z-transmisja-na-facebooku-udzial-zadeklarowalo-tylko-2-kandydatow\/","og_locale":"pl_PL","og_type":"article","og_title":"Nie b\u0119dzie \"du\u017cej\" debaty z transmisj\u0105 na facebooku. Udzia\u0142 zadeklarowa\u0142o tylko 2 kandydat\u00f3w - 24GLIWICE - Portal Gliwice | codziennie nowe informacje","og_description":"Planowana na \u015brod\u0119, na godzin\u0119 19:00 debata z udzia\u0142em wszystkich kandydat\u00f3w w wyborach prezydenta Gliwic, nie odb\u0119dzie si\u0119. Udzia\u0142 w niej ostatecznie zadeklarowa\u0142y tylko dwa sztaby wyborcze. Debat\u0119 organizowa\u0142 O\u015brodek Studi\u00f3w o Mie\u015bcie oraz redakcje Nowin Gliwickich i portalu 24gliwice. Mia\u0142a by\u0107 podzielona na bloki tematyczne, w kt\u00f3rych pojawi\u0142oby si\u0119 2-3 pytania zadawane przez dziennikarzy [&hellip;]","og_url":"https:\/\/www.24gliwice.pl\/wiadomosci\/nie-bedzie-duzej-debaty-z-transmisja-na-facebooku-udzial-zadeklarowalo-tylko-2-kandydatow\/","og_site_name":"24GLIWICE - Portal Gliwice | codziennie nowe informacje","article_publisher":"https:\/\/www.facebook.com\/24gliwice","article_author":"https:\/\/www.facebook.com\/marcin.fabrykowski","article_published_time":"2019-12-16T16:51:40+00:00","article_modified_time":"2024-02-18T02:11:43+00:00","og_image":[{"width":810,"height":590,"url":"https:\/\/www.24gliwice.pl\/wiadomosci\/wp-content\/uploads\/2019\/12\/1-debata-odwolana-001.jpg","type":"image\/jpeg"}],"author":"Marcin Fabrykowski","twitter_card":"summary_large_image","twitter_creator":"@24gliwice","twitter_site":"@24gliwice","twitter_misc":{"Napisane przez":"Marcin Fabrykowski","Szacowany czas czytania":"3 minuty"},"schema":{"@context":"https:\/\/schema.org","@graph":[{"@type":"Article","@id":"https:\/\/www.24gliwice.pl\/wiadomosci\/nie-bedzie-duzej-debaty-z-transmisja-na-facebooku-udzial-zadeklarowalo-tylko-2-kandydatow\/#article","isPartOf":{"@id":"https:\/\/www.24gliwice.pl\/wiadomosci\/nie-bedzie-duzej-debaty-z-transmisja-na-facebooku-udzial-zadeklarowalo-tylko-2-kandydatow\/"},"author":{"name":"Marcin Fabrykowski","@id":"https:\/\/www.24gliwice.pl\/wiadomosci\/#\/schema\/person\/cb5857e4a4d048c15984c1edcc8ef0c0"},"headline":"Nie b\u0119dzie &#8220;du\u017cej&#8221; debaty z transmisj\u0105 na facebooku. Udzia\u0142 zadeklarowa\u0142o tylko 2 kandydat\u00f3w","datePublished":"2019-12-16T16:51:40+00:00","dateModified":"2024-02-18T02:11:43+00:00","mainEntityOfPage":{"@id":"https:\/\/www.24gliwice.pl\/wiadomosci\/nie-bedzie-duzej-debaty-z-transmisja-na-facebooku-udzial-zadeklarowalo-tylko-2-kandydatow\/"},"wordCount":611,"commentCount":0,"publisher":{"@id":"https:\/\/www.24gliwice.pl\/wiadomosci\/#organization"},"image":{"@id":"https:\/\/www.24gliwice.pl\/wiadomosci\/nie-bedzie-duzej-debaty-z-transmisja-na-facebooku-udzial-zadeklarowalo-tylko-2-kandydatow\/#primaryimage"},"thumbnailUrl":"https:\/\/www.24gliwice.pl\/wiadomosci\/wp-content\/uploads\/2019\/12\/1-debata-odwolana-001.jpg","keywords":["debata","gillner","gornig","moszy\u0144ski","NEUMANN","WYBORY W GLIWICACH"],"articleSection":["Gliwice","Najnowsze wiadomo\u015bci","Samorz\u0105d, polityka"],"inLanguage":"pl-PL","potentialAction":[{"@type":"CommentAction","name":"Comment","target":["https:\/\/www.24gliwice.pl\/wiadomosci\/nie-bedzie-duzej-debaty-z-transmisja-na-facebooku-udzial-zadeklarowalo-tylko-2-kandydatow\/#respond"]}]},{"@type":"WebPage","@id":"https:\/\/www.24gliwice.pl\/wiadomosci\/nie-bedzie-duzej-debaty-z-transmisja-na-facebooku-udzial-zadeklarowalo-tylko-2-kandydatow\/","url":"https:\/\/www.24gliwice.pl\/wiadomosci\/nie-bedzie-duzej-debaty-z-transmisja-na-facebooku-udzial-zadeklarowalo-tylko-2-kandydatow\/","name":"Nie b\u0119dzie \"du\u017cej\" debaty z transmisj\u0105 na facebooku. Udzia\u0142 zadeklarowa\u0142o tylko 2 kandydat\u00f3w - 24GLIWICE - Portal Gliwice | codziennie nowe informacje","isPartOf":{"@id":"https:\/\/www.24gliwice.pl\/wiadomosci\/#website"},"primaryImageOfPage":{"@id":"https:\/\/www.24gliwice.pl\/wiadomosci\/nie-bedzie-duzej-debaty-z-transmisja-na-facebooku-udzial-zadeklarowalo-tylko-2-kandydatow\/#primaryimage"},"image":{"@id":"https:\/\/www.24gliwice.pl\/wiadomosci\/nie-bedzie-duzej-debaty-z-transmisja-na-facebooku-udzial-zadeklarowalo-tylko-2-kandydatow\/#primaryimage"},"thumbnailUrl":"https:\/\/www.24gliwice.pl\/wiadomosci\/wp-content\/uploads\/2019\/12\/1-debata-odwolana-001.jpg","datePublished":"2019-12-16T16:51:40+00:00","dateModified":"2024-02-18T02:11:43+00:00","breadcrumb":{"@id":"https:\/\/www.24gliwice.pl\/wiadomosci\/nie-bedzie-duzej-debaty-z-transmisja-na-facebooku-udzial-zadeklarowalo-tylko-2-kandydatow\/#breadcrumb"},"inLanguage":"pl-PL","potentialAction":[{"@type":"ReadAction","target":["https:\/\/www.24gliwice.pl\/wiadomosci\/nie-bedzie-duzej-debaty-z-transmisja-na-facebooku-udzial-zadeklarowalo-tylko-2-kandydatow\/"]}]},{"@type":"ImageObject","inLanguage":"pl-PL","@id":"https:\/\/www.24gliwice.pl\/wiadomosci\/nie-bedzie-duzej-debaty-z-transmisja-na-facebooku-udzial-zadeklarowalo-tylko-2-kandydatow\/#primaryimage","url":"https:\/\/www.24gliwice.pl\/wiadomosci\/wp-content\/uploads\/2019\/12\/1-debata-odwolana-001.jpg","contentUrl":"https:\/\/www.24gliwice.pl\/wiadomosci\/wp-content\/uploads\/2019\/12\/1-debata-odwolana-001.jpg","width":810,"height":590},{"@type":"BreadcrumbList","@id":"https:\/\/www.24gliwice.pl\/wiadomosci\/nie-bedzie-duzej-debaty-z-transmisja-na-facebooku-udzial-zadeklarowalo-tylko-2-kandydatow\/#breadcrumb","itemListElement":[{"@type":"ListItem","position":1,"name":"Strona g\u0142\u00f3wna","item":"https:\/\/www.24gliwice.pl\/wiadomosci\/"},{"@type":"ListItem","position":2,"name":"Nie b\u0119dzie &#8222;du\u017cej&#8221; debaty z transmisj\u0105 na facebooku. Udzia\u0142 zadeklarowa\u0142o tylko 2 kandydat\u00f3w"}]},{"@type":"WebSite","@id":"https:\/\/www.24gliwice.pl\/wiadomosci\/#website","url":"https:\/\/www.24gliwice.pl\/wiadomosci\/","name":"24GLIWICE - Portal Gliwice | codziennie nowe wiadomo\u015bci","description":"Portal Miejski Gliwice","publisher":{"@id":"https:\/\/www.24gliwice.pl\/wiadomosci\/#organization"},"potentialAction":[{"@type":"SearchAction","target":{"@type":"EntryPoint","urlTemplate":"https:\/\/www.24gliwice.pl\/wiadomosci\/?s={search_term_string}"},"query-input":{"@type":"PropertyValueSpecification","valueRequired":true,"valueName":"search_term_string"}}],"inLanguage":"pl-PL"},{"@type":"Organization","@id":"https:\/\/www.24gliwice.pl\/wiadomosci\/#organization","name":"24gliwice","url":"https:\/\/www.24gliwice.pl\/wiadomosci\/","logo":{"@type":"ImageObject","inLanguage":"pl-PL","@id":"https:\/\/www.24gliwice.pl\/wiadomosci\/#\/schema\/logo\/image\/","url":"https:\/\/www.24gliwice.pl\/wiadomosci\/wp-content\/uploads\/2024\/10\/24gliwice-logo-696.jpg","contentUrl":"https:\/\/www.24gliwice.pl\/wiadomosci\/wp-content\/uploads\/2024\/10\/24gliwice-logo-696.jpg","width":696,"height":696,"caption":"24gliwice"},"image":{"@id":"https:\/\/www.24gliwice.pl\/wiadomosci\/#\/schema\/logo\/image\/"},"sameAs":["https:\/\/www.facebook.com\/24gliwice","https:\/\/x.com\/24gliwice","https:\/\/www.youtube.com\/@24gliwice"]},{"@type":"Person","@id":"https:\/\/www.24gliwice.pl\/wiadomosci\/#\/schema\/person\/cb5857e4a4d048c15984c1edcc8ef0c0","name":"Marcin Fabrykowski","image":{"@type":"ImageObject","inLanguage":"pl-PL","@id":"https:\/\/www.24gliwice.pl\/wiadomosci\/wp-content\/uploads\/2025\/11\/zdjecie-moje-marcin-300-96x96.jpg","url":"https:\/\/www.24gliwice.pl\/wiadomosci\/wp-content\/uploads\/2025\/11\/zdjecie-moje-marcin-300-96x96.jpg","contentUrl":"https:\/\/www.24gliwice.pl\/wiadomosci\/wp-content\/uploads\/2025\/11\/zdjecie-moje-marcin-300-96x96.jpg","caption":"Marcin Fabrykowski"},"sameAs":["http:\/\/24gliwice.pl","https:\/\/www.facebook.com\/marcin.fabrykowski"],"url":"https:\/\/www.24gliwice.pl\/wiadomosci\/author\/marcin-fabrykowski\/"}]}},"_links":{"self":[{"href":"https:\/\/www.24gliwice.pl\/wiadomosci\/wp-json\/wp\/v2\/posts\/144974","targetHints":{"allow":["GET"]}}],"collection":[{"href":"https:\/\/www.24gliwice.pl\/wiadomosci\/wp-json\/wp\/v2\/posts"}],"about":[{"href":"https:\/\/www.24gliwice.pl\/wiadomosci\/wp-json\/wp\/v2\/types\/post"}],"author":[{"embeddable":true,"href":"https:\/\/www.24gliwice.pl\/wiadomosci\/wp-json\/wp\/v2\/users\/4"}],"replies":[{"embeddable":true,"href":"https:\/\/www.24gliwice.pl\/wiadomosci\/wp-json\/wp\/v2\/comments?post=144974"}],"version-history":[{"count":0,"href":"https:\/\/www.24gliwice.pl\/wiadomosci\/wp-json\/wp\/v2\/posts\/144974\/revisions"}],"wp:featuredmedia":[{"embeddable":true,"href":"https:\/\/www.24gliwice.pl\/wiadomosci\/wp-json\/wp\/v2\/media\/144981"}],"wp:attachment":[{"href":"https:\/\/www.24gliwice.pl\/wiadomosci\/wp-json\/wp\/v2\/media?parent=144974"}],"wp:term":[{"taxonomy":"category","embeddable":true,"href":"https:\/\/www.24gliwice.pl\/wiadomosci\/wp-json\/wp\/v2\/categories?post=144974"},{"taxonomy":"post_tag","embeddable":true,"href":"https:\/\/www.24gliwice.pl\/wiadomosci\/wp-json\/wp\/v2\/tags?post=144974"}],"curies":[{"name":"wp","href":"https:\/\/api.w.org\/{rel}","templated":true}]}}