{"id":145005,"date":"2019-12-17T03:26:19","date_gmt":"2019-12-17T02:26:19","guid":{"rendered":"https:\/\/www.24gliwice.pl\/wiadomosci\/?p=145005"},"modified":"2024-02-18T03:11:52","modified_gmt":"2024-02-18T02:11:52","slug":"kajetan-gornig-nowa-energia-dla-gliwic","status":"publish","type":"post","link":"https:\/\/www.24gliwice.pl\/wiadomosci\/kajetan-gornig-nowa-energia-dla-gliwic\/","title":{"rendered":"Kajetan Gornig \u2013 nowa energia dla Gliwic"},"content":{"rendered":"<div class=\"gliwi-a6-nad-leadem-artykulow gliwi-entity-placement\" id=\"gliwi-1219726778\"><div class=\"gliwi-adlabel\"><span style=\"font-size: 9px\">REKLAMA<\/span><\/div><div id=\"gliwi-335122329\" style=\"margin-bottom: 30px;margin-left: auto;margin-right: auto;text-align: center;\"><a data-no-instant=\"1\" href=\"https:\/\/przedszkole.halogen.org.pl\/\" rel=\"noopener\" class=\"a2t-link\" target=\"_blank\" aria-label=\"20260402-ANIMATOR-przedszkole_grafika_750x200\"><img loading=\"lazy\" decoding=\"async\" src=\"https:\/\/www.24gliwice.pl\/wiadomosci\/wp-content\/uploads\/2026\/04\/20260402-ANIMATOR-przedszkole_grafika_750x200.webp\" alt=\"\"  srcset=\"https:\/\/www.24gliwice.pl\/wiadomosci\/wp-content\/uploads\/2026\/04\/20260402-ANIMATOR-przedszkole_grafika_750x200.webp 750w, https:\/\/www.24gliwice.pl\/wiadomosci\/wp-content\/uploads\/2026\/04\/20260402-ANIMATOR-przedszkole_grafika_750x200-410x109.webp 410w\" sizes=\"(max-width: 750px) 100vw, 750px\" class=\"no-lazyload\" width=\"750\" height=\"200\"  style=\"display: inline-block; max-width: 100%; height: auto;\" \/><\/a><\/div><\/div><h3>Energia jest nieod\u0142\u0105cznym elementem naszego \u017cycia. Otacza nas z ka\u017cdej strony i jest wsz\u0119dzie. Skuteczne zarz\u0105dzanie swoimi zasobami energetycznymi przek\u0142ada si\u0119 na wewn\u0119trzn\u0105 si\u0142\u0119 i dobre samopoczucie a w konsekwencji na wywi\u0105zywanie si\u0119 ze swoich r\u00f3l, skuteczno\u015b\u0107 i satysfakcj\u0119 z \u017cycia. <\/h3>\n<p>Warto si\u0119 zastanowi\u0107, jak w Gliwicach wykorzystujemy nasz\u0105 energi\u0119 \u2013 potencja\u0142 miasta i jego mieszka\u0144c\u00f3w. Czy skutecznie zarz\u0105dzamy jego zasobami? Czy anga\u017cujemy si\u0119 w \u017cycie spo\u0142eczne? Jak wygl\u0105da nasze samopoczucie i zadowolenie z decyzji rz\u0105dz\u0105cych? Czy aktywnie pracujemy na to by by\u0107 szcz\u0119\u015bliwym, czy biernie przyjmujemy to co dzieje si\u0119 w naszym otoczeniu i podporz\u0105dkowujemy si\u0119 decyzjom w\u0142odarzy? <\/p>\n<p>Energia jest we wszystkich nas! I to ca\u0142e pok\u0142ady!  Nowa energia, mo\u017ce wsp\u00f3lnie z Wami na\u0142adowa\u0107 Gliwice\u00a0aktywno\u015bci\u0105,\u00a0\u015bwie\u017co\u015bci\u0105,\u00a0skuteczno\u015bci\u0105 i zaanga\u017cowaniem w dzia\u0142ania, kt\u00f3re podejm\u0119. Nie po to by realizowa\u0107 odg\u00f3rne cele partii czy ugrupowa\u0144 politycznych, lecz dla dobra wszystkich nas &#8211; mieszka\u0144c\u00f3w Gliwic. <\/p><div class=\"gliwi-a3-w-tresci-artykulow gliwi-entity-placement\" id=\"gliwi-963898821\"><div class=\"gliwi-adlabel\"><span style=\"font-size: 9px\">REKLAMA<\/span><\/div><div id=\"gliwi-1404120219\" style=\"margin-bottom: 30px;margin-left: auto;margin-right: auto;text-align: center;\"><a data-no-instant=\"1\" href=\"https:\/\/zlobek.halogen.org.pl\/\" rel=\"noopener\" class=\"a2t-link\" target=\"_blank\" aria-label=\"animator-zlobek_750x200\"><img loading=\"lazy\" decoding=\"async\" src=\"https:\/\/www.24gliwice.pl\/wiadomosci\/wp-content\/uploads\/2026\/02\/animator-zlobek_750x200.webp\" alt=\"\"  srcset=\"https:\/\/www.24gliwice.pl\/wiadomosci\/wp-content\/uploads\/2026\/02\/animator-zlobek_750x200.webp 750w, https:\/\/www.24gliwice.pl\/wiadomosci\/wp-content\/uploads\/2026\/02\/animator-zlobek_750x200-410x109.webp 410w\" sizes=\"(max-width: 750px) 100vw, 750px\" class=\"no-lazyload\" width=\"750\" height=\"200\"  style=\"display: inline-block; max-width: 100%; height: auto;\" \/><\/a><\/div><\/div>\n<p><strong>5 stycznia<\/strong> mo\u017cemy razem zmieni\u0107 Gliwice i skierowa\u0107 energi\u0119 naszego miasta na w\u0142a\u015bciwe tory. <\/p>\n<p>Nazywam si\u0119 <strong>Kajetan Gornig<\/strong> i jako <strong>nowy prezydent Gliwic<\/strong> obiecuj\u0119 nie szcz\u0119dzi\u0107 si\u0142 by doda\u0107 naszemu miastu nowej, tw\u00f3rczej energii.<\/p>\n<p>Razem zrealizujemy nasze wsp\u00f3lne marzenia o lepszych Gliwicach!<\/p>\n<p><img loading=\"lazy\" decoding=\"async\" src=\"https:\/\/www.24gliwice.pl\/wiadomosci\/wp-content\/uploads\/2019\/12\/1-Kajetan-Gornig-fot_MBuksa-6258-1024x683-1.jpg\" alt=\"\" width=\"810\" height=\"541\" class=\"aligncenter size-full wp-image-145009\" srcset=\"https:\/\/www.24gliwice.pl\/wiadomosci\/wp-content\/uploads\/2019\/12\/1-Kajetan-Gornig-fot_MBuksa-6258-1024x683-1.jpg 810w, https:\/\/www.24gliwice.pl\/wiadomosci\/wp-content\/uploads\/2019\/12\/1-Kajetan-Gornig-fot_MBuksa-6258-1024x683-1-347x232.jpg 347w, https:\/\/www.24gliwice.pl\/wiadomosci\/wp-content\/uploads\/2019\/12\/1-Kajetan-Gornig-fot_MBuksa-6258-1024x683-1-681x455.jpg 681w, https:\/\/www.24gliwice.pl\/wiadomosci\/wp-content\/uploads\/2019\/12\/1-Kajetan-Gornig-fot_MBuksa-6258-1024x683-1-768x513.jpg 768w\" sizes=\"auto, (max-width: 810px) 100vw, 810px\" \/><\/p>\n<h3>KIM JESTEM I DLACZEGO KANDYDUJ\u0118?<\/h3>\n<p>Gliwice to moje rodzinne miasto. Tutaj dorasta\u0142em, uczy\u0142em si\u0119 i tutaj mieszkam. Jestem blisko ludzi, znam ich problemy i wyzwania dnia codziennego. Ju\u017c od kilkunastu lat, jako zaanga\u017cowany spo\u0142ecznik, aktywnie dzia\u0142am na rzecz Gliwic i jego mieszka\u0144c\u00f3w. Najpierw przez 12 lat w funkcji Radnego Rady Miasta w Gliwicach (wiceprzewodnicz\u0105cy Rady, przewodnicz\u0105cy Komisji gospodarki komunalnej i ochrony \u015brodowiska), a obecnie jako przewodnicz\u0105cy Rady Dzielnicy \u017berniki. Jestem wsz\u0119dzie, gdzie jest to potrzebne i traktuj\u0119 swoje dzia\u0142anie jako misj\u0119. Nie ograniczam si\u0119 tylko do sfery samorz\u0105dowej. Dzia\u0142am r\u00f3wnie\u017c na niwie kulturalnej (Stowarzyszenie Spo\u0142eczno-Kulturalne \u017berniki) i jako druh Ochotniczej Stra\u017cy Po\u017carnej w Sza\u0142szy. <\/p>\n<p>Nieustannie poszerzam swoje kompetencje i zdolno\u015b\u0107 do wykonywania zada\u0144. Uko\u0144czy\u0142em studia magisterskie na Uniwersytecie \u015al\u0105skim oraz licencjackie Administracji Samorz\u0105dowej na GWSH w Katowicach. Od 11 lat pracuj\u0119 jako mened\u017cer w ochronie zdrowia, b\u0119d\u0105c dyrektorem szpitala w Mys\u0142owicach. <\/p>\n<p>Prywatnie te\u017c lubi\u0119 by\u0107 aktywny i \u0142adowa\u0107 swoje akumulatory poprzez sport i czas sp\u0119dzony z rodzin\u0105.  Jestem zapalonym narciarzem i rowerzyst\u0105. Rekreacyjnie biegam i \u0107wicz\u0119 jog\u0119. Jestem aktywnym kibicem pi\u0142ki no\u017cnej. Wsp\u00f3lnie z Ol\u0105 wychowujemy &#8211; Aleksandr\u0119 i Ignacego.<\/p>\n<h3>CO MNIE WYR\u00d3\u017bNIA?<\/h3>\n<p>Synergia jest katalizatorem zmian. Dlatego chc\u0119 da\u0107 Gliwicom \u015bwie\u017co\u015b\u0107 i werw\u0119 poprzez skr\u00f3cenie dystansu pomi\u0119dzy mieszka\u0144cami i prezydentem. Gliwiczanie powinni mie\u0107 warunki pozwalaj\u0105ce na aktywny i realny udzia\u0142 w gospodarowaniu naszym miastem. Chc\u0119 zbudowa\u0107 w mie\u015bcie dogodny klimat dla wielkiego i ma\u0142ego biznesu oraz do wygodnego \u017cycia. Klimat otwarto\u015bci, dialogu, g\u0142\u0119bokiego zrozumienia zasad i wzajemnych zale\u017cno\u015bci, oraz wsp\u00f3lnego dzia\u0142ania. Chc\u0119 wypracowa\u0107 warunki do rozpoznawania zwyk\u0142ych, codziennych potrzeb, szczeg\u00f3lnie tych ma\u0142ych i drobnych, wymagaj\u0105cych nie tylko \u015brodk\u00f3w, lecz przede wszystkim dobrej woli ze strony prezydenta i urz\u0119dnik\u00f3w. <\/p>\n<p>Chc\u0119 by\u0107 dost\u0119pny dla mieszka\u0144c\u00f3w w terenie i  sprawowa\u0107 rol\u0119 dobrego gospodarza.  Chc\u0119, by zasobny bud\u017cet Gliwic s\u0142u\u017cy\u0142 w r\u00f3wnym stopniu rozwojowi miasta, jak te\u017c i naszym codziennym przyjemno\u015bciom. Pragn\u0119, by Gliwice sta\u0142y si\u0119 miastem sukcesu i zadowolenia jego mieszka\u0144c\u00f3w. <\/p>\n<p>Jestem bezpartyjny, nie stoj\u0105 za mn\u0105 polityczne ugrupowania, a o tym co jest najwa\u017cniejsze dla Gliwic pytam Gliwiczan. Wszyscy mieszka\u0144cy miasta maj\u0105 jednakowe prawa i\u00a0powinni by\u0107 jednakowo traktowani. Organizacja pracy urz\u0119du, transport miejski, bezpiecze\u0144stwo na  pasach, czy te\u017c \u015bcie\u017cki rowerowe nie wymagaj\u0105 udzia\u0142u w\u00a0sporach politycznych toczonych na szczeblu krajowym. Zadaniem prezydenta miasta jest wypracowywanie rozwi\u0105za\u0144 kompromisowych w obszarach zwi\u0105zanych z\u00a0funkcjonowaniem miasta. Wszyscy mamy prawo do r\u00f3\u017cnych pogl\u0105d\u00f3w i\u00a0przekona\u0144. Nasza naturalna r\u00f3\u017cnorodno\u015b\u0107 nie powinna by\u0107 w\u00a0\u017cadnym razie przeszkod\u0105, lecz nap\u0119dem do prawid\u0142owego dzia\u0142ania i\u00a0rozwoju miasta oraz lepszego, wygodniejszego i\u00a0szcz\u0119\u015bliwego \u017cycia jego mieszka\u0144c\u00f3w.<\/p>\n<h3>M\u00d3J PLAN<\/h3>\n<p>Od czego zacz\u0105\u0107 i jak skierowa\u0107 energi\u0119 Gliwic na w\u0142a\u015bciwe tory? W dzisiejszym g\u0105szczu komunikacji liczy si\u0119 prosty przekaz. Dlatego przygotowa\u0142em 5 punktowy program. To fundament i rdze\u0144 naszych dzia\u0142a\u0144 do wykonania na najbli\u017csz\u0105 kadencj\u0119 prezydenta. Punkty te stanowi\u0105 zintegrowan\u0105 ca\u0142o\u015b\u0107 i wynikaj\u0105 z rozm\u00f3w i spotka\u0144 z lokalnymi spo\u0142eczno\u015bciami naszego miasta. <\/p>\n<p><a href=\"https:\/\/www.gornig.pl\/program\/\"><strong>Zapoznaj si\u0119 z moim programem wyborczym (link)<\/strong><\/a><\/p>\n<h3>5 STYCZNIA 2020<\/h3>\n<p>Zach\u0119cam mieszka\u0144c\u00f3w Gliwic, by 5 stycznia 2020 r. wzi\u0119li sw\u00f3j los i przysz\u0142o\u015b\u0107 Gliwic w swoje r\u0119ce. Nie pozw\u00f3lcie by kto\u015b zdecydowa\u0142 za Was i narzuci\u0142, te same od lat twarze i schematy. Jeste\u015bcie wsp\u00f3\u0142tw\u00f3rcami swojego zadowolenia. Wybierzcie \u015bwie\u017co\u015b\u0107, kreatywno\u015b\u0107 i now\u0105 energi\u0119. <\/p>\n<p><em>Materia\u0142 wyborczy KWW dla Gliwic Kajetan Gornig Dominik Dragon<\/em> <\/p>\n<p>Wi\u0119cej informacji na: <a href=\"https:\/\/www.gornig.pl\/\">www.gornig.pl<\/a> oraz <a href=\"https:\/\/www.facebook.com\/energiadlagliwic\/\">FB<\/a><\/p>\n<div class=\"gliwi-a5-na-koncu-artykulow gliwi-entity-placement\" id=\"gliwi-1802098026\"><div class=\"gliwi-adlabel\"><span style=\"font-size: 9px\">REKLAMA<\/span><\/div><div id=\"gliwi-1222075784\" style=\"margin-left: auto;margin-right: auto;text-align: center;\"><a data-no-instant=\"1\" href=\"https:\/\/www.jasek.pl\/\" rel=\"noopener\" class=\"a2t-link\" target=\"_blank\" aria-label=\"20200401-jasek 600\"><img loading=\"lazy\" decoding=\"async\" src=\"https:\/\/www.24gliwice.pl\/wiadomosci\/wp-content\/uploads\/2020\/04\/20200401-jasek-600.jpg\" alt=\"\"  srcset=\"https:\/\/www.24gliwice.pl\/wiadomosci\/wp-content\/uploads\/2020\/04\/20200401-jasek-600.jpg 600w, https:\/\/www.24gliwice.pl\/wiadomosci\/wp-content\/uploads\/2020\/04\/20200401-jasek-600-410x109.jpg 410w\" sizes=\"(max-width: 600px) 100vw, 600px\" class=\"no-lazyload\" width=\"600\" height=\"160\"  style=\"display: inline-block; max-width: 100%; height: auto;\" \/><\/a><\/div><\/div>","protected":false},"excerpt":{"rendered":"<p>Energia jest nieod\u0142\u0105cznym elementem naszego \u017cycia. Otacza nas z ka\u017cdej strony i jest wsz\u0119dzie. Skuteczne zarz\u0105dzanie swoimi zasobami energetycznymi przek\u0142ada si\u0119 na wewn\u0119trzn\u0105 si\u0142\u0119 i dobre samopoczucie a w konsekwencji na wywi\u0105zywanie si\u0119 ze swoich r\u00f3l, skuteczno\u015b\u0107 i satysfakcj\u0119 z \u017cycia. Warto si\u0119 zastanowi\u0107, jak w Gliwicach wykorzystujemy nasz\u0105 energi\u0119 \u2013 potencja\u0142 miasta i jego [&hellip;]<\/p>\n","protected":false},"author":4,"featured_media":143515,"comment_status":"closed","ping_status":"closed","sticky":false,"template":"","format":"standard","meta":{"_monsterinsights_skip_tracking":false,"_monsterinsights_sitenote_active":false,"_monsterinsights_sitenote_note":"","_monsterinsights_sitenote_category":0,"footnotes":"","_links_to":"","_links_to_target":""},"categories":[3,1],"tags":[715,5678],"class_list":["post-145005","post","type-post","status-publish","format-standard","has-post-thumbnail","hentry","category-gliwice","category-wszystko","tag-kajetan-gornig","tag-wybory-prezydenckie"],"yoast_head":"<!-- This site is optimized with the Yoast SEO plugin v27.5 - https:\/\/yoast.com\/product\/yoast-seo-wordpress\/ -->\n<title>Kajetan Gornig \u2013 nowa energia dla Gliwic - 24GLIWICE - Portal Gliwice | codziennie nowe informacje<\/title>\n<meta name=\"robots\" content=\"index, follow, max-snippet:-1, max-image-preview:large, max-video-preview:-1\" \/>\n<link rel=\"canonical\" href=\"https:\/\/www.24gliwice.pl\/wiadomosci\/kajetan-gornig-nowa-energia-dla-gliwic\/\" \/>\n<meta property=\"og:locale\" content=\"pl_PL\" \/>\n<meta property=\"og:type\" content=\"article\" \/>\n<meta property=\"og:title\" content=\"Kajetan Gornig \u2013 nowa energia dla Gliwic - 24GLIWICE - Portal Gliwice | codziennie nowe informacje\" \/>\n<meta property=\"og:description\" content=\"Energia jest nieod\u0142\u0105cznym elementem naszego \u017cycia. Otacza nas z ka\u017cdej strony i jest wsz\u0119dzie. Skuteczne zarz\u0105dzanie swoimi zasobami energetycznymi przek\u0142ada si\u0119 na wewn\u0119trzn\u0105 si\u0142\u0119 i dobre samopoczucie a w konsekwencji na wywi\u0105zywanie si\u0119 ze swoich r\u00f3l, skuteczno\u015b\u0107 i satysfakcj\u0119 z \u017cycia. Warto si\u0119 zastanowi\u0107, jak w Gliwicach wykorzystujemy nasz\u0105 energi\u0119 \u2013 potencja\u0142 miasta i jego [&hellip;]\" \/>\n<meta property=\"og:url\" content=\"https:\/\/www.24gliwice.pl\/wiadomosci\/kajetan-gornig-nowa-energia-dla-gliwic\/\" \/>\n<meta property=\"og:site_name\" content=\"24GLIWICE - Portal Gliwice | codziennie nowe informacje\" \/>\n<meta property=\"article:publisher\" content=\"https:\/\/www.facebook.com\/24gliwice\" \/>\n<meta property=\"article:author\" content=\"https:\/\/www.facebook.com\/marcin.fabrykowski\" \/>\n<meta property=\"article:published_time\" content=\"2019-12-17T02:26:19+00:00\" \/>\n<meta property=\"article:modified_time\" content=\"2024-02-18T02:11:52+00:00\" \/>\n<meta property=\"og:image\" content=\"https:\/\/www.24gliwice.pl\/wiadomosci\/wp-content\/uploads\/2019\/11\/Kajetan-Gornig.jpg\" \/>\n\t<meta property=\"og:image:width\" content=\"1200\" \/>\n\t<meta property=\"og:image:height\" content=\"800\" \/>\n\t<meta property=\"og:image:type\" content=\"image\/jpeg\" \/>\n<meta name=\"author\" content=\"Marcin Fabrykowski\" \/>\n<meta name=\"twitter:card\" content=\"summary_large_image\" \/>\n<meta name=\"twitter:creator\" content=\"@24gliwice\" \/>\n<meta name=\"twitter:site\" content=\"@24gliwice\" \/>\n<meta name=\"twitter:label1\" content=\"Napisane przez\" \/>\n\t<meta name=\"twitter:data1\" content=\"Marcin Fabrykowski\" \/>\n\t<meta name=\"twitter:label2\" content=\"Szacowany czas czytania\" \/>\n\t<meta name=\"twitter:data2\" content=\"4 minuty\" \/>\n<script type=\"application\/ld+json\" class=\"yoast-schema-graph\">{\"@context\":\"https:\\\/\\\/schema.org\",\"@graph\":[{\"@type\":\"Article\",\"@id\":\"https:\\\/\\\/www.24gliwice.pl\\\/wiadomosci\\\/kajetan-gornig-nowa-energia-dla-gliwic\\\/#article\",\"isPartOf\":{\"@id\":\"https:\\\/\\\/www.24gliwice.pl\\\/wiadomosci\\\/kajetan-gornig-nowa-energia-dla-gliwic\\\/\"},\"author\":{\"name\":\"Marcin Fabrykowski\",\"@id\":\"https:\\\/\\\/www.24gliwice.pl\\\/wiadomosci\\\/#\\\/schema\\\/person\\\/cb5857e4a4d048c15984c1edcc8ef0c0\"},\"headline\":\"Kajetan Gornig \u2013 nowa energia dla Gliwic\",\"datePublished\":\"2019-12-17T02:26:19+00:00\",\"dateModified\":\"2024-02-18T02:11:52+00:00\",\"mainEntityOfPage\":{\"@id\":\"https:\\\/\\\/www.24gliwice.pl\\\/wiadomosci\\\/kajetan-gornig-nowa-energia-dla-gliwic\\\/\"},\"wordCount\":859,\"publisher\":{\"@id\":\"https:\\\/\\\/www.24gliwice.pl\\\/wiadomosci\\\/#organization\"},\"image\":{\"@id\":\"https:\\\/\\\/www.24gliwice.pl\\\/wiadomosci\\\/kajetan-gornig-nowa-energia-dla-gliwic\\\/#primaryimage\"},\"thumbnailUrl\":\"https:\\\/\\\/www.24gliwice.pl\\\/wiadomosci\\\/wp-content\\\/uploads\\\/2019\\\/11\\\/Kajetan-Gornig.jpg\",\"keywords\":[\"KAJETAN GORNIG\",\"WYBORY PREZYDENCKIE\"],\"articleSection\":[\"Gliwice\",\"Najnowsze wiadomo\u015bci\"],\"inLanguage\":\"pl-PL\"},{\"@type\":\"WebPage\",\"@id\":\"https:\\\/\\\/www.24gliwice.pl\\\/wiadomosci\\\/kajetan-gornig-nowa-energia-dla-gliwic\\\/\",\"url\":\"https:\\\/\\\/www.24gliwice.pl\\\/wiadomosci\\\/kajetan-gornig-nowa-energia-dla-gliwic\\\/\",\"name\":\"Kajetan Gornig \u2013 nowa energia dla Gliwic - 24GLIWICE - Portal Gliwice | codziennie nowe informacje\",\"isPartOf\":{\"@id\":\"https:\\\/\\\/www.24gliwice.pl\\\/wiadomosci\\\/#website\"},\"primaryImageOfPage\":{\"@id\":\"https:\\\/\\\/www.24gliwice.pl\\\/wiadomosci\\\/kajetan-gornig-nowa-energia-dla-gliwic\\\/#primaryimage\"},\"image\":{\"@id\":\"https:\\\/\\\/www.24gliwice.pl\\\/wiadomosci\\\/kajetan-gornig-nowa-energia-dla-gliwic\\\/#primaryimage\"},\"thumbnailUrl\":\"https:\\\/\\\/www.24gliwice.pl\\\/wiadomosci\\\/wp-content\\\/uploads\\\/2019\\\/11\\\/Kajetan-Gornig.jpg\",\"datePublished\":\"2019-12-17T02:26:19+00:00\",\"dateModified\":\"2024-02-18T02:11:52+00:00\",\"breadcrumb\":{\"@id\":\"https:\\\/\\\/www.24gliwice.pl\\\/wiadomosci\\\/kajetan-gornig-nowa-energia-dla-gliwic\\\/#breadcrumb\"},\"inLanguage\":\"pl-PL\",\"potentialAction\":[{\"@type\":\"ReadAction\",\"target\":[\"https:\\\/\\\/www.24gliwice.pl\\\/wiadomosci\\\/kajetan-gornig-nowa-energia-dla-gliwic\\\/\"]}]},{\"@type\":\"ImageObject\",\"inLanguage\":\"pl-PL\",\"@id\":\"https:\\\/\\\/www.24gliwice.pl\\\/wiadomosci\\\/kajetan-gornig-nowa-energia-dla-gliwic\\\/#primaryimage\",\"url\":\"https:\\\/\\\/www.24gliwice.pl\\\/wiadomosci\\\/wp-content\\\/uploads\\\/2019\\\/11\\\/Kajetan-Gornig.jpg\",\"contentUrl\":\"https:\\\/\\\/www.24gliwice.pl\\\/wiadomosci\\\/wp-content\\\/uploads\\\/2019\\\/11\\\/Kajetan-Gornig.jpg\",\"width\":1200,\"height\":800,\"caption\":\"Fot. mat. Kajetan Gornig\"},{\"@type\":\"BreadcrumbList\",\"@id\":\"https:\\\/\\\/www.24gliwice.pl\\\/wiadomosci\\\/kajetan-gornig-nowa-energia-dla-gliwic\\\/#breadcrumb\",\"itemListElement\":[{\"@type\":\"ListItem\",\"position\":1,\"name\":\"Strona g\u0142\u00f3wna\",\"item\":\"https:\\\/\\\/www.24gliwice.pl\\\/wiadomosci\\\/\"},{\"@type\":\"ListItem\",\"position\":2,\"name\":\"Kajetan Gornig \u2013 nowa energia dla Gliwic\"}]},{\"@type\":\"WebSite\",\"@id\":\"https:\\\/\\\/www.24gliwice.pl\\\/wiadomosci\\\/#website\",\"url\":\"https:\\\/\\\/www.24gliwice.pl\\\/wiadomosci\\\/\",\"name\":\"24GLIWICE - Portal Gliwice | codziennie nowe wiadomo\u015bci\",\"description\":\"Portal Miejski Gliwice\",\"publisher\":{\"@id\":\"https:\\\/\\\/www.24gliwice.pl\\\/wiadomosci\\\/#organization\"},\"potentialAction\":[{\"@type\":\"SearchAction\",\"target\":{\"@type\":\"EntryPoint\",\"urlTemplate\":\"https:\\\/\\\/www.24gliwice.pl\\\/wiadomosci\\\/?s={search_term_string}\"},\"query-input\":{\"@type\":\"PropertyValueSpecification\",\"valueRequired\":true,\"valueName\":\"search_term_string\"}}],\"inLanguage\":\"pl-PL\"},{\"@type\":\"Organization\",\"@id\":\"https:\\\/\\\/www.24gliwice.pl\\\/wiadomosci\\\/#organization\",\"name\":\"24gliwice\",\"url\":\"https:\\\/\\\/www.24gliwice.pl\\\/wiadomosci\\\/\",\"logo\":{\"@type\":\"ImageObject\",\"inLanguage\":\"pl-PL\",\"@id\":\"https:\\\/\\\/www.24gliwice.pl\\\/wiadomosci\\\/#\\\/schema\\\/logo\\\/image\\\/\",\"url\":\"https:\\\/\\\/www.24gliwice.pl\\\/wiadomosci\\\/wp-content\\\/uploads\\\/2024\\\/10\\\/24gliwice-logo-696.jpg\",\"contentUrl\":\"https:\\\/\\\/www.24gliwice.pl\\\/wiadomosci\\\/wp-content\\\/uploads\\\/2024\\\/10\\\/24gliwice-logo-696.jpg\",\"width\":696,\"height\":696,\"caption\":\"24gliwice\"},\"image\":{\"@id\":\"https:\\\/\\\/www.24gliwice.pl\\\/wiadomosci\\\/#\\\/schema\\\/logo\\\/image\\\/\"},\"sameAs\":[\"https:\\\/\\\/www.facebook.com\\\/24gliwice\",\"https:\\\/\\\/x.com\\\/24gliwice\",\"https:\\\/\\\/www.youtube.com\\\/@24gliwice\"]},{\"@type\":\"Person\",\"@id\":\"https:\\\/\\\/www.24gliwice.pl\\\/wiadomosci\\\/#\\\/schema\\\/person\\\/cb5857e4a4d048c15984c1edcc8ef0c0\",\"name\":\"Marcin Fabrykowski\",\"image\":{\"@type\":\"ImageObject\",\"inLanguage\":\"pl-PL\",\"@id\":\"https:\\\/\\\/www.24gliwice.pl\\\/wiadomosci\\\/wp-content\\\/uploads\\\/2025\\\/11\\\/zdjecie-moje-marcin-300-96x96.jpg\",\"url\":\"https:\\\/\\\/www.24gliwice.pl\\\/wiadomosci\\\/wp-content\\\/uploads\\\/2025\\\/11\\\/zdjecie-moje-marcin-300-96x96.jpg\",\"contentUrl\":\"https:\\\/\\\/www.24gliwice.pl\\\/wiadomosci\\\/wp-content\\\/uploads\\\/2025\\\/11\\\/zdjecie-moje-marcin-300-96x96.jpg\",\"caption\":\"Marcin Fabrykowski\"},\"sameAs\":[\"http:\\\/\\\/24gliwice.pl\",\"https:\\\/\\\/www.facebook.com\\\/marcin.fabrykowski\"],\"url\":\"https:\\\/\\\/www.24gliwice.pl\\\/wiadomosci\\\/author\\\/marcin-fabrykowski\\\/\"}]}<\/script>\n<!-- \/ Yoast SEO plugin. -->","yoast_head_json":{"title":"Kajetan Gornig \u2013 nowa energia dla Gliwic - 24GLIWICE - Portal Gliwice | codziennie nowe informacje","robots":{"index":"index","follow":"follow","max-snippet":"max-snippet:-1","max-image-preview":"max-image-preview:large","max-video-preview":"max-video-preview:-1"},"canonical":"https:\/\/www.24gliwice.pl\/wiadomosci\/kajetan-gornig-nowa-energia-dla-gliwic\/","og_locale":"pl_PL","og_type":"article","og_title":"Kajetan Gornig \u2013 nowa energia dla Gliwic - 24GLIWICE - Portal Gliwice | codziennie nowe informacje","og_description":"Energia jest nieod\u0142\u0105cznym elementem naszego \u017cycia. Otacza nas z ka\u017cdej strony i jest wsz\u0119dzie. Skuteczne zarz\u0105dzanie swoimi zasobami energetycznymi przek\u0142ada si\u0119 na wewn\u0119trzn\u0105 si\u0142\u0119 i dobre samopoczucie a w konsekwencji na wywi\u0105zywanie si\u0119 ze swoich r\u00f3l, skuteczno\u015b\u0107 i satysfakcj\u0119 z \u017cycia. Warto si\u0119 zastanowi\u0107, jak w Gliwicach wykorzystujemy nasz\u0105 energi\u0119 \u2013 potencja\u0142 miasta i jego [&hellip;]","og_url":"https:\/\/www.24gliwice.pl\/wiadomosci\/kajetan-gornig-nowa-energia-dla-gliwic\/","og_site_name":"24GLIWICE - Portal Gliwice | codziennie nowe informacje","article_publisher":"https:\/\/www.facebook.com\/24gliwice","article_author":"https:\/\/www.facebook.com\/marcin.fabrykowski","article_published_time":"2019-12-17T02:26:19+00:00","article_modified_time":"2024-02-18T02:11:52+00:00","og_image":[{"width":1200,"height":800,"url":"https:\/\/www.24gliwice.pl\/wiadomosci\/wp-content\/uploads\/2019\/11\/Kajetan-Gornig.jpg","type":"image\/jpeg"}],"author":"Marcin Fabrykowski","twitter_card":"summary_large_image","twitter_creator":"@24gliwice","twitter_site":"@24gliwice","twitter_misc":{"Napisane przez":"Marcin Fabrykowski","Szacowany czas czytania":"4 minuty"},"schema":{"@context":"https:\/\/schema.org","@graph":[{"@type":"Article","@id":"https:\/\/www.24gliwice.pl\/wiadomosci\/kajetan-gornig-nowa-energia-dla-gliwic\/#article","isPartOf":{"@id":"https:\/\/www.24gliwice.pl\/wiadomosci\/kajetan-gornig-nowa-energia-dla-gliwic\/"},"author":{"name":"Marcin Fabrykowski","@id":"https:\/\/www.24gliwice.pl\/wiadomosci\/#\/schema\/person\/cb5857e4a4d048c15984c1edcc8ef0c0"},"headline":"Kajetan Gornig \u2013 nowa energia dla Gliwic","datePublished":"2019-12-17T02:26:19+00:00","dateModified":"2024-02-18T02:11:52+00:00","mainEntityOfPage":{"@id":"https:\/\/www.24gliwice.pl\/wiadomosci\/kajetan-gornig-nowa-energia-dla-gliwic\/"},"wordCount":859,"publisher":{"@id":"https:\/\/www.24gliwice.pl\/wiadomosci\/#organization"},"image":{"@id":"https:\/\/www.24gliwice.pl\/wiadomosci\/kajetan-gornig-nowa-energia-dla-gliwic\/#primaryimage"},"thumbnailUrl":"https:\/\/www.24gliwice.pl\/wiadomosci\/wp-content\/uploads\/2019\/11\/Kajetan-Gornig.jpg","keywords":["KAJETAN GORNIG","WYBORY PREZYDENCKIE"],"articleSection":["Gliwice","Najnowsze wiadomo\u015bci"],"inLanguage":"pl-PL"},{"@type":"WebPage","@id":"https:\/\/www.24gliwice.pl\/wiadomosci\/kajetan-gornig-nowa-energia-dla-gliwic\/","url":"https:\/\/www.24gliwice.pl\/wiadomosci\/kajetan-gornig-nowa-energia-dla-gliwic\/","name":"Kajetan Gornig \u2013 nowa energia dla Gliwic - 24GLIWICE - Portal Gliwice | codziennie nowe informacje","isPartOf":{"@id":"https:\/\/www.24gliwice.pl\/wiadomosci\/#website"},"primaryImageOfPage":{"@id":"https:\/\/www.24gliwice.pl\/wiadomosci\/kajetan-gornig-nowa-energia-dla-gliwic\/#primaryimage"},"image":{"@id":"https:\/\/www.24gliwice.pl\/wiadomosci\/kajetan-gornig-nowa-energia-dla-gliwic\/#primaryimage"},"thumbnailUrl":"https:\/\/www.24gliwice.pl\/wiadomosci\/wp-content\/uploads\/2019\/11\/Kajetan-Gornig.jpg","datePublished":"2019-12-17T02:26:19+00:00","dateModified":"2024-02-18T02:11:52+00:00","breadcrumb":{"@id":"https:\/\/www.24gliwice.pl\/wiadomosci\/kajetan-gornig-nowa-energia-dla-gliwic\/#breadcrumb"},"inLanguage":"pl-PL","potentialAction":[{"@type":"ReadAction","target":["https:\/\/www.24gliwice.pl\/wiadomosci\/kajetan-gornig-nowa-energia-dla-gliwic\/"]}]},{"@type":"ImageObject","inLanguage":"pl-PL","@id":"https:\/\/www.24gliwice.pl\/wiadomosci\/kajetan-gornig-nowa-energia-dla-gliwic\/#primaryimage","url":"https:\/\/www.24gliwice.pl\/wiadomosci\/wp-content\/uploads\/2019\/11\/Kajetan-Gornig.jpg","contentUrl":"https:\/\/www.24gliwice.pl\/wiadomosci\/wp-content\/uploads\/2019\/11\/Kajetan-Gornig.jpg","width":1200,"height":800,"caption":"Fot. mat. Kajetan Gornig"},{"@type":"BreadcrumbList","@id":"https:\/\/www.24gliwice.pl\/wiadomosci\/kajetan-gornig-nowa-energia-dla-gliwic\/#breadcrumb","itemListElement":[{"@type":"ListItem","position":1,"name":"Strona g\u0142\u00f3wna","item":"https:\/\/www.24gliwice.pl\/wiadomosci\/"},{"@type":"ListItem","position":2,"name":"Kajetan Gornig \u2013 nowa energia dla Gliwic"}]},{"@type":"WebSite","@id":"https:\/\/www.24gliwice.pl\/wiadomosci\/#website","url":"https:\/\/www.24gliwice.pl\/wiadomosci\/","name":"24GLIWICE - Portal Gliwice | codziennie nowe wiadomo\u015bci","description":"Portal Miejski Gliwice","publisher":{"@id":"https:\/\/www.24gliwice.pl\/wiadomosci\/#organization"},"potentialAction":[{"@type":"SearchAction","target":{"@type":"EntryPoint","urlTemplate":"https:\/\/www.24gliwice.pl\/wiadomosci\/?s={search_term_string}"},"query-input":{"@type":"PropertyValueSpecification","valueRequired":true,"valueName":"search_term_string"}}],"inLanguage":"pl-PL"},{"@type":"Organization","@id":"https:\/\/www.24gliwice.pl\/wiadomosci\/#organization","name":"24gliwice","url":"https:\/\/www.24gliwice.pl\/wiadomosci\/","logo":{"@type":"ImageObject","inLanguage":"pl-PL","@id":"https:\/\/www.24gliwice.pl\/wiadomosci\/#\/schema\/logo\/image\/","url":"https:\/\/www.24gliwice.pl\/wiadomosci\/wp-content\/uploads\/2024\/10\/24gliwice-logo-696.jpg","contentUrl":"https:\/\/www.24gliwice.pl\/wiadomosci\/wp-content\/uploads\/2024\/10\/24gliwice-logo-696.jpg","width":696,"height":696,"caption":"24gliwice"},"image":{"@id":"https:\/\/www.24gliwice.pl\/wiadomosci\/#\/schema\/logo\/image\/"},"sameAs":["https:\/\/www.facebook.com\/24gliwice","https:\/\/x.com\/24gliwice","https:\/\/www.youtube.com\/@24gliwice"]},{"@type":"Person","@id":"https:\/\/www.24gliwice.pl\/wiadomosci\/#\/schema\/person\/cb5857e4a4d048c15984c1edcc8ef0c0","name":"Marcin Fabrykowski","image":{"@type":"ImageObject","inLanguage":"pl-PL","@id":"https:\/\/www.24gliwice.pl\/wiadomosci\/wp-content\/uploads\/2025\/11\/zdjecie-moje-marcin-300-96x96.jpg","url":"https:\/\/www.24gliwice.pl\/wiadomosci\/wp-content\/uploads\/2025\/11\/zdjecie-moje-marcin-300-96x96.jpg","contentUrl":"https:\/\/www.24gliwice.pl\/wiadomosci\/wp-content\/uploads\/2025\/11\/zdjecie-moje-marcin-300-96x96.jpg","caption":"Marcin Fabrykowski"},"sameAs":["http:\/\/24gliwice.pl","https:\/\/www.facebook.com\/marcin.fabrykowski"],"url":"https:\/\/www.24gliwice.pl\/wiadomosci\/author\/marcin-fabrykowski\/"}]}},"_links":{"self":[{"href":"https:\/\/www.24gliwice.pl\/wiadomosci\/wp-json\/wp\/v2\/posts\/145005","targetHints":{"allow":["GET"]}}],"collection":[{"href":"https:\/\/www.24gliwice.pl\/wiadomosci\/wp-json\/wp\/v2\/posts"}],"about":[{"href":"https:\/\/www.24gliwice.pl\/wiadomosci\/wp-json\/wp\/v2\/types\/post"}],"author":[{"embeddable":true,"href":"https:\/\/www.24gliwice.pl\/wiadomosci\/wp-json\/wp\/v2\/users\/4"}],"replies":[{"embeddable":true,"href":"https:\/\/www.24gliwice.pl\/wiadomosci\/wp-json\/wp\/v2\/comments?post=145005"}],"version-history":[{"count":0,"href":"https:\/\/www.24gliwice.pl\/wiadomosci\/wp-json\/wp\/v2\/posts\/145005\/revisions"}],"wp:featuredmedia":[{"embeddable":true,"href":"https:\/\/www.24gliwice.pl\/wiadomosci\/wp-json\/wp\/v2\/media\/143515"}],"wp:attachment":[{"href":"https:\/\/www.24gliwice.pl\/wiadomosci\/wp-json\/wp\/v2\/media?parent=145005"}],"wp:term":[{"taxonomy":"category","embeddable":true,"href":"https:\/\/www.24gliwice.pl\/wiadomosci\/wp-json\/wp\/v2\/categories?post=145005"},{"taxonomy":"post_tag","embeddable":true,"href":"https:\/\/www.24gliwice.pl\/wiadomosci\/wp-json\/wp\/v2\/tags?post=145005"}],"curies":[{"name":"wp","href":"https:\/\/api.w.org\/{rel}","templated":true}]}}