{"id":145102,"date":"2019-12-19T01:21:38","date_gmt":"2019-12-19T00:21:38","guid":{"rendered":"https:\/\/www.24gliwice.pl\/wiadomosci\/?p=145102"},"modified":"2019-12-19T01:25:28","modified_gmt":"2019-12-19T00:25:28","slug":"rolety-dzien-noc-czyli-wygodna-i-funkcjonalna-ochrona-przed-sloncem","status":"publish","type":"post","link":"https:\/\/www.24gliwice.pl\/wiadomosci\/rolety-dzien-noc-czyli-wygodna-i-funkcjonalna-ochrona-przed-sloncem\/","title":{"rendered":"Rolety Dzie\u0144 Noc czyli wygodna i funkcjonalna ochrona przed s\u0142o\u0144cem"},"content":{"rendered":"<div class=\"gliwi-a6-nad-leadem-artykulow gliwi-entity-placement\" id=\"gliwi-671920529\"><div class=\"gliwi-adlabel\"><span style=\"font-size: 9px\">REKLAMA<\/span><\/div><div id=\"gliwi-1646611568\" style=\"margin-bottom: 25px;margin-left: auto;margin-right: auto;text-align: center;\"><a data-no-instant=\"1\" href=\"https:\/\/dom100.eu\/\" rel=\"noopener\" class=\"a2t-link\" target=\"_blank\" aria-label=\"20260415 DOM100 D\"><img loading=\"lazy\" decoding=\"async\" src=\"https:\/\/www.24gliwice.pl\/wiadomosci\/wp-content\/uploads\/2026\/04\/20260415-DOM100-D.jpg\" alt=\"\"  srcset=\"https:\/\/www.24gliwice.pl\/wiadomosci\/wp-content\/uploads\/2026\/04\/20260415-DOM100-D.jpg 750w, https:\/\/www.24gliwice.pl\/wiadomosci\/wp-content\/uploads\/2026\/04\/20260415-DOM100-D-410x109.jpg 410w\" sizes=\"(max-width: 750px) 100vw, 750px\" class=\"no-lazyload\" width=\"750\" height=\"200\"  style=\"display: inline-block; max-width: 100%; height: auto;\" \/><\/a><\/div><\/div><h3>Coraz wi\u0119cej os\u00f3b decyduje si\u0119 na monta\u017c rolet dzie\u0144 i noc. Dzi\u0119ki nim mo\u017cemy chroni\u0107 swoj\u0105 prywatno\u015b\u0107, a tak\u017ce dopasowa\u0107 intensywno\u015b\u0107 \u015bwiat\u0142a docieraj\u0105cego z zewn\u0105trz do naszych dom\u00f3w. <\/h3>\n<p>Jakie jeszcze zalety maj\u0105 rolety dzie\u0144 i noc? Jak je zamontowa\u0107?<\/p>\n<h3>Dlaczego warto mie\u0107 w domu rolety dzie\u0144 i noc?<\/h3>\n<p style=\"text-align: justify;\">Rolety dzie\u0144 i noc to system os\u0142on okiennych, z kt\u00f3rych korzysta coraz wi\u0119cej os\u00f3b. Dzi\u0119ki nim mo\u017cemy kontrolowa\u0107 dop\u0142yw \u015bwiat\u0142a naturalnego do naszego domu. Za pomoc\u0105 \u0142a\u0144cuszka operacyjnego jednym ruchem zmienimy ustawienie rolety w zale\u017cno\u015bci od pory dnia oraz w\u0142asnych potrzeb, wp\u0142ywaj\u0105c tym samym na intensywno\u015b\u0107 \u015bwiat\u0142a. Rolety dzie\u0144 i noc sk\u0142adaj\u0105 si\u0119 z dw\u00f3ch materia\u0142\u00f3w ustawionych naprzemiennie: jednolitego zaciemniaj\u0105cego oraz siatki przepuszczaj\u0105cej \u015bwiat\u0142o. Je\u017celi na\u0142o\u017cymy oba te materia\u0142y na siebie, \u015bwiat\u0142o nie b\u0119dzie dociera\u0107 do wn\u0119trza pomieszczenia. W ten spos\u00f3b uzyskamy idealne zaciemnienie.<\/p><div class=\"gliwi-a3-w-tresci-artykulow gliwi-entity-placement\" id=\"gliwi-889132861\"><div class=\"gliwi-adlabel\"><span style=\"font-size: 9px\">REKLAMA<\/span><\/div><div id=\"gliwi-2260450929\" style=\"margin-bottom: 30px;margin-left: auto;margin-right: auto;text-align: center;\"><a data-no-instant=\"1\" href=\"https:\/\/zlobek.halogen.org.pl\/\" rel=\"noopener\" class=\"a2t-link\" target=\"_blank\" aria-label=\"animator-zlobek_750x200\"><img loading=\"lazy\" decoding=\"async\" src=\"https:\/\/www.24gliwice.pl\/wiadomosci\/wp-content\/uploads\/2026\/02\/animator-zlobek_750x200.webp\" alt=\"\"  srcset=\"https:\/\/www.24gliwice.pl\/wiadomosci\/wp-content\/uploads\/2026\/02\/animator-zlobek_750x200.webp 750w, https:\/\/www.24gliwice.pl\/wiadomosci\/wp-content\/uploads\/2026\/02\/animator-zlobek_750x200-410x109.webp 410w\" sizes=\"(max-width: 750px) 100vw, 750px\" class=\"no-lazyload\" width=\"750\" height=\"200\"  style=\"display: inline-block; max-width: 100%; height: auto;\" \/><\/a><\/div><\/div>\n<p style=\"text-align: justify;\">To idealne rozwi\u0105zanie, kt\u00f3re sprawdzi si\u0119 zar\u00f3wno w sypialni, jak i biurze, salonie czy kuchni. Je\u015bli zdecydujemy si\u0119 na ca\u0142kowite wykorzystanie \u015bwiat\u0142a s\u0142onecznego, wystarczy podnie\u015b\u0107 rolety do g\u00f3ry za pomoc\u0105 wspomnianego ju\u017c \u0142a\u0144cuszka operacyjnego. Tak\u0105 mo\u017cliwo\u015b\u0107 daje nam specjalny mechanizm z funkcj\u0105 MultiStop. Rolety dzie\u0144 i noc umo\u017cliwi\u0105 nam dopasowanie intensywno\u015bci \u015bwiat\u0142a do naszych potrzeb oraz ukrycie wn\u0119trza przed spojrzeniami innych, gwarantuj\u0105c jednocze\u015bnie estetyczny wygl\u0105d. Bez problemu po\u0142\u0105czymy je ze stylow\u0105 firank\u0105.<\/p>\n<p><img loading=\"lazy\" decoding=\"async\" src=\"https:\/\/www.24gliwice.pl\/wiadomosci\/wp-content\/uploads\/2019\/12\/1-roletydziennocsliwka.jpg\" alt=\"\" width=\"810\" height=\"545\" class=\"aligncenter size-full wp-image-145105\" srcset=\"https:\/\/www.24gliwice.pl\/wiadomosci\/wp-content\/uploads\/2019\/12\/1-roletydziennocsliwka.jpg 810w, https:\/\/www.24gliwice.pl\/wiadomosci\/wp-content\/uploads\/2019\/12\/1-roletydziennocsliwka-345x232.jpg 345w, https:\/\/www.24gliwice.pl\/wiadomosci\/wp-content\/uploads\/2019\/12\/1-roletydziennocsliwka-676x455.jpg 676w, https:\/\/www.24gliwice.pl\/wiadomosci\/wp-content\/uploads\/2019\/12\/1-roletydziennocsliwka-768x517.jpg 768w\" sizes=\"auto, (max-width: 810px) 100vw, 810px\" \/><\/p>\n<h3>Gdzie kupi\u0107 rolety dzie\u0144 i noc?<\/h3>\n<p style=\"text-align: justify;\">Rolety dzie\u0144 noc s\u0105 dost\u0119pne zar\u00f3wno w sklepach stacjonarnych, jak i online. Jedn\u0105 z markowych firm udost\u0119pniaj\u0105cych najwi\u0119kszy wyb\u00f3r rolet jest <strong><a href=\"https:\/\/www.karnix.pl\/\">Karnix.pl<\/a><\/strong>. W asortymencie znajdziemy ten produkt w r\u00f3\u017cnych rozmiarach. Dzi\u0119ki temu ka\u017cdy ma szans\u0119 znale\u017a\u0107 rozwi\u0105zanie szyte na miar\u0119 potrzeb oraz oczekiwa\u0144. Bez problemu otrzymamy rolet\u0119 na ma\u0142e oraz du\u017ce okna. Dost\u0119pne produkty r\u00f3\u017cni\u0105 si\u0119 kolorami, wzorami, rozmiarami, a tak\u017ce systemem monta\u017cu. Rolety b\u0119d\u0105 idealnym uzupe\u0142nieniem wn\u0119trza w r\u00f3\u017cnych stylach \u2013 skandynawskim, klasycznym czy nowoczesnym. W asortymencie znajduj\u0105 si\u0119 rolety zar\u00f3wno w stonowanych, jak i intensywnych, energetycznych kolorach. Dzi\u0119ki temu znajd\u0105 r\u00f3wnie\u017c zastosowanie w przypadku pokoju dzieci\u0119cego. Warto r\u00f3wnie\u017c podkre\u015bli\u0107, \u017ce producent Karnix do\u0142o\u017cy\u0142 wszelkich stara\u0144, aby zapewni\u0107 u\u017cytkownikom nie tylko estetyczne, ale r\u00f3wnie\u017c praktyczne rozwi\u0105zanie. Rolety zosta\u0142y wykonane z wysokiej jako\u015bci materia\u0142\u00f3w. Dlatego bez problemu mo\u017cemy przetrze\u0107 je wilgotn\u0105 \u015bciereczk\u0119 w celu usuni\u0119cia zabrudze\u0144, nie naruszaj\u0105c ich struktury.<\/p>\n<p style=\"text-align: justify;\">W zale\u017cno\u015bci od potrzeb mo\u017cemy wybra\u0107 rolety dzie\u0144 noc wolnowisz\u0105ce lub rolety dzie\u0144 noc w kasetach. Pierwsze rozwi\u0105zanie sprawdzi si\u0119 idealnie w przypadku du\u017cych okiennic. Bez problemu zamontujemy je do sufitu, \u015bciany na oknem. Z kolei rolety dzie\u0144 i noc w kasetach nale\u017cy zamontowa\u0107 do skrzyd\u0142a okna, co umo\u017cliwia ca\u0142kowit\u0105 ochron\u0119 przed \u015bwiat\u0142em zewn\u0119trznym. Dzi\u0119ki temu systemowi unikniemy przesuwania si\u0119 rolet podczas otwierania oraz zamykania okien. Jak wida\u0107, wyb\u00f3r jest du\u017cy. Bez w\u0105tpienia ka\u017cdy znajdzie w asortymencie co\u015b dla siebie. Wysokiej jako\u015bci rolety dzie\u0144 noc marki Karnix znajdziesz pod adresem <strong><a href=\"https:\/\/www.karnix.pl\/mini-rolety-dzien-noc.html\">https:\/\/www.karnix.pl\/mini-rolety-dzien-noc.html<\/a><\/strong><\/p>\n<p><img loading=\"lazy\" decoding=\"async\" src=\"https:\/\/www.24gliwice.pl\/wiadomosci\/wp-content\/uploads\/2019\/12\/1-roletydziennocszre.jpg\" alt=\"\" width=\"810\" height=\"452\" class=\"aligncenter size-full wp-image-145106\" srcset=\"https:\/\/www.24gliwice.pl\/wiadomosci\/wp-content\/uploads\/2019\/12\/1-roletydziennocszre.jpg 810w, https:\/\/www.24gliwice.pl\/wiadomosci\/wp-content\/uploads\/2019\/12\/1-roletydziennocszre-410x229.jpg 410w, https:\/\/www.24gliwice.pl\/wiadomosci\/wp-content\/uploads\/2019\/12\/1-roletydziennocszre-768x429.jpg 768w\" sizes=\"auto, (max-width: 810px) 100vw, 810px\" \/><\/p>\n<h3>Jak zamontowa\u0107 rolety dzie\u0144 i noc?<\/h3>\n<p style=\"text-align: justify;\">Je\u017celi zdecydujemy si\u0119 na zakup rolety dzie\u0144 noc, pozostaje nam tylko zamontowanie os\u0142ony i cieszenia si\u0119 korzystaniem z tego innowacyjnego rozwi\u0105zania. Producent rolet Karnix do\u0142o\u017cy\u0142 wszelkich stara\u0144, aby monta\u017c by\u0142 prosty, intuicyjny, przyst\u0119pny dla ka\u017cdego. Dzi\u0119ki temu bez problemu samodzielnie zamontujemy wybrany system os\u0142on. Zrobimy to, nie u\u017cywaj\u0105c wiertarki. W ten spos\u00f3b zminimalizujemy ryzyko uszkodze\u0144. Jak to mo\u017cliwe? <strong><a href=\"https:\/\/www.karnix.pl\/rolety-marki-karnix-galeria-produktow.html\">Rolety<\/a><\/strong> zosta\u0142y wyposa\u017cone w system CLICK &#038; GO oraz mechanizm samoblokuj\u0105cy. Ka\u017cdy produkt posiada w pakiecie uniwersalny wieszak. Dzi\u0119ki temu mo\u017cemy je zamontowa\u0107 bezpo\u015brednio na ramie okiennej.<\/p>\n<p style=\"text-align: justify;\">Wystarczy zaczepi\u0107 rolet\u0119 w wybranym przez nas miejscu. Przed tym nale\u017cy pami\u0119ta\u0107 umieszczeniu po jednej stronie rolety mechanizmu \u0142a\u0144cuszkowego, po drugiej za\u015b za\u015blepk\u0119. Nast\u0119pnie nale\u017cy skompletowa\u0107 wspornik i umie\u015bci\u0107 go przy zawieszce. Kolejnym etapem b\u0119dzie przyklejenie do niego specjalnej ta\u015bmy. Po za\u0142o\u017ceniu ich na rolet\u0119 nale\u017cy wysun\u0105\u0107 rolet\u0119 nale\u017cy wcisn\u0105\u0107 profil \u0142\u0105cz\u0105cy z zaczepem w odpowiednie miejsce. Powinni\u015bmy us\u0142ysze\u0107 charakterystyczne klikni\u0119cie. Po w\u0142o\u017ceniu obci\u0105\u017cnika na dole rolety wystarczy tylko umie\u015bci\u0107 rolet\u0119 w wybranym miejscu, przytrzymuj\u0105c przez 5 sekund.<\/p>\n<p><em>(materia\u0142 partnera)<\/em><\/p>\n<div class=\"gliwi-a5-na-koncu-artykulow gliwi-entity-placement\" id=\"gliwi-868235547\"><div class=\"gliwi-adlabel\"><span style=\"font-size: 9px\">REKLAMA<\/span><\/div><div id=\"gliwi-1250796339\" style=\"margin-left: auto;margin-right: auto;text-align: center;\"><a data-no-instant=\"1\" href=\"https:\/\/www.jasek.pl\/\" rel=\"noopener\" class=\"a2t-link\" target=\"_blank\" aria-label=\"20200401-jasek 600\"><img loading=\"lazy\" decoding=\"async\" src=\"https:\/\/www.24gliwice.pl\/wiadomosci\/wp-content\/uploads\/2020\/04\/20200401-jasek-600.jpg\" alt=\"\"  srcset=\"https:\/\/www.24gliwice.pl\/wiadomosci\/wp-content\/uploads\/2020\/04\/20200401-jasek-600.jpg 600w, https:\/\/www.24gliwice.pl\/wiadomosci\/wp-content\/uploads\/2020\/04\/20200401-jasek-600-410x109.jpg 410w\" sizes=\"(max-width: 600px) 100vw, 600px\" class=\"no-lazyload\" width=\"600\" height=\"160\"  style=\"display: inline-block; max-width: 100%; height: auto;\" \/><\/a><\/div><\/div>","protected":false},"excerpt":{"rendered":"<p>Coraz wi\u0119cej os\u00f3b decyduje si\u0119 na monta\u017c rolet dzie\u0144 i noc. Dzi\u0119ki nim mo\u017cemy chroni\u0107 swoj\u0105 prywatno\u015b\u0107, a tak\u017ce dopasowa\u0107 intensywno\u015b\u0107 \u015bwiat\u0142a docieraj\u0105cego z zewn\u0105trz do naszych dom\u00f3w. Jakie jeszcze zalety maj\u0105 rolety dzie\u0144 i noc? Jak je zamontowa\u0107? Dlaczego warto mie\u0107 w domu rolety dzie\u0144 i noc? Rolety dzie\u0144 i noc to system os\u0142on [&hellip;]<\/p>\n","protected":false},"author":4,"featured_media":145104,"comment_status":"closed","ping_status":"closed","sticky":false,"template":"","format":"standard","meta":{"_monsterinsights_skip_tracking":false,"_monsterinsights_sitenote_active":false,"_monsterinsights_sitenote_note":"","_monsterinsights_sitenote_category":0,"footnotes":"","_links_to":"","_links_to_target":""},"categories":[1129],"tags":[17212],"class_list":["post-145102","post","type-post","status-publish","format-standard","has-post-thumbnail","hentry","category-polecamy","tag-rolety"],"yoast_head":"<!-- This site is optimized with the Yoast SEO plugin v27.5 - https:\/\/yoast.com\/product\/yoast-seo-wordpress\/ -->\n<title>Rolety Dzie\u0144 Noc czyli wygodna i funkcjonalna ochrona przed s\u0142o\u0144cem - 24GLIWICE - Portal Gliwice | codziennie nowe informacje<\/title>\n<meta name=\"robots\" content=\"index, follow, max-snippet:-1, max-image-preview:large, max-video-preview:-1\" \/>\n<link rel=\"canonical\" href=\"https:\/\/www.24gliwice.pl\/wiadomosci\/rolety-dzien-noc-czyli-wygodna-i-funkcjonalna-ochrona-przed-sloncem\/\" \/>\n<meta property=\"og:locale\" content=\"pl_PL\" \/>\n<meta property=\"og:type\" content=\"article\" \/>\n<meta property=\"og:title\" content=\"Rolety Dzie\u0144 Noc czyli wygodna i funkcjonalna ochrona przed s\u0142o\u0144cem - 24GLIWICE - Portal Gliwice | codziennie nowe informacje\" \/>\n<meta property=\"og:description\" content=\"Coraz wi\u0119cej os\u00f3b decyduje si\u0119 na monta\u017c rolet dzie\u0144 i noc. Dzi\u0119ki nim mo\u017cemy chroni\u0107 swoj\u0105 prywatno\u015b\u0107, a tak\u017ce dopasowa\u0107 intensywno\u015b\u0107 \u015bwiat\u0142a docieraj\u0105cego z zewn\u0105trz do naszych dom\u00f3w. Jakie jeszcze zalety maj\u0105 rolety dzie\u0144 i noc? Jak je zamontowa\u0107? Dlaczego warto mie\u0107 w domu rolety dzie\u0144 i noc? Rolety dzie\u0144 i noc to system os\u0142on [&hellip;]\" \/>\n<meta property=\"og:url\" content=\"https:\/\/www.24gliwice.pl\/wiadomosci\/rolety-dzien-noc-czyli-wygodna-i-funkcjonalna-ochrona-przed-sloncem\/\" \/>\n<meta property=\"og:site_name\" content=\"24GLIWICE - Portal Gliwice | codziennie nowe informacje\" \/>\n<meta property=\"article:publisher\" content=\"https:\/\/www.facebook.com\/24gliwice\" \/>\n<meta property=\"article:author\" content=\"https:\/\/www.facebook.com\/marcin.fabrykowski\" \/>\n<meta property=\"article:published_time\" content=\"2019-12-19T00:21:38+00:00\" \/>\n<meta property=\"article:modified_time\" content=\"2019-12-19T00:25:28+00:00\" \/>\n<meta property=\"og:image\" content=\"https:\/\/www.24gliwice.pl\/wiadomosci\/wp-content\/uploads\/2019\/12\/1-roletydziennoc.jpg\" \/>\n\t<meta property=\"og:image:width\" content=\"1140\" \/>\n\t<meta property=\"og:image:height\" content=\"459\" \/>\n\t<meta property=\"og:image:type\" content=\"image\/jpeg\" \/>\n<meta name=\"author\" content=\"Marcin Fabrykowski\" \/>\n<meta name=\"twitter:card\" content=\"summary_large_image\" \/>\n<meta name=\"twitter:creator\" content=\"@24gliwice\" \/>\n<meta name=\"twitter:site\" content=\"@24gliwice\" \/>\n<meta name=\"twitter:label1\" content=\"Napisane przez\" \/>\n\t<meta name=\"twitter:data1\" content=\"Marcin Fabrykowski\" \/>\n\t<meta name=\"twitter:label2\" content=\"Szacowany czas czytania\" \/>\n\t<meta name=\"twitter:data2\" content=\"4 minuty\" \/>\n<script type=\"application\/ld+json\" class=\"yoast-schema-graph\">{\"@context\":\"https:\\\/\\\/schema.org\",\"@graph\":[{\"@type\":\"Article\",\"@id\":\"https:\\\/\\\/www.24gliwice.pl\\\/wiadomosci\\\/rolety-dzien-noc-czyli-wygodna-i-funkcjonalna-ochrona-przed-sloncem\\\/#article\",\"isPartOf\":{\"@id\":\"https:\\\/\\\/www.24gliwice.pl\\\/wiadomosci\\\/rolety-dzien-noc-czyli-wygodna-i-funkcjonalna-ochrona-przed-sloncem\\\/\"},\"author\":{\"name\":\"Marcin Fabrykowski\",\"@id\":\"https:\\\/\\\/www.24gliwice.pl\\\/wiadomosci\\\/#\\\/schema\\\/person\\\/cb5857e4a4d048c15984c1edcc8ef0c0\"},\"headline\":\"Rolety Dzie\u0144 Noc czyli wygodna i funkcjonalna ochrona przed s\u0142o\u0144cem\",\"datePublished\":\"2019-12-19T00:21:38+00:00\",\"dateModified\":\"2019-12-19T00:25:28+00:00\",\"mainEntityOfPage\":{\"@id\":\"https:\\\/\\\/www.24gliwice.pl\\\/wiadomosci\\\/rolety-dzien-noc-czyli-wygodna-i-funkcjonalna-ochrona-przed-sloncem\\\/\"},\"wordCount\":780,\"publisher\":{\"@id\":\"https:\\\/\\\/www.24gliwice.pl\\\/wiadomosci\\\/#organization\"},\"image\":{\"@id\":\"https:\\\/\\\/www.24gliwice.pl\\\/wiadomosci\\\/rolety-dzien-noc-czyli-wygodna-i-funkcjonalna-ochrona-przed-sloncem\\\/#primaryimage\"},\"thumbnailUrl\":\"https:\\\/\\\/www.24gliwice.pl\\\/wiadomosci\\\/wp-content\\\/uploads\\\/2019\\\/12\\\/1-roletydziennoc.jpg\",\"keywords\":[\"rolety\"],\"articleSection\":[\"Polecamy\"],\"inLanguage\":\"pl-PL\"},{\"@type\":\"WebPage\",\"@id\":\"https:\\\/\\\/www.24gliwice.pl\\\/wiadomosci\\\/rolety-dzien-noc-czyli-wygodna-i-funkcjonalna-ochrona-przed-sloncem\\\/\",\"url\":\"https:\\\/\\\/www.24gliwice.pl\\\/wiadomosci\\\/rolety-dzien-noc-czyli-wygodna-i-funkcjonalna-ochrona-przed-sloncem\\\/\",\"name\":\"Rolety Dzie\u0144 Noc czyli wygodna i funkcjonalna ochrona przed s\u0142o\u0144cem - 24GLIWICE - Portal Gliwice | codziennie nowe informacje\",\"isPartOf\":{\"@id\":\"https:\\\/\\\/www.24gliwice.pl\\\/wiadomosci\\\/#website\"},\"primaryImageOfPage\":{\"@id\":\"https:\\\/\\\/www.24gliwice.pl\\\/wiadomosci\\\/rolety-dzien-noc-czyli-wygodna-i-funkcjonalna-ochrona-przed-sloncem\\\/#primaryimage\"},\"image\":{\"@id\":\"https:\\\/\\\/www.24gliwice.pl\\\/wiadomosci\\\/rolety-dzien-noc-czyli-wygodna-i-funkcjonalna-ochrona-przed-sloncem\\\/#primaryimage\"},\"thumbnailUrl\":\"https:\\\/\\\/www.24gliwice.pl\\\/wiadomosci\\\/wp-content\\\/uploads\\\/2019\\\/12\\\/1-roletydziennoc.jpg\",\"datePublished\":\"2019-12-19T00:21:38+00:00\",\"dateModified\":\"2019-12-19T00:25:28+00:00\",\"breadcrumb\":{\"@id\":\"https:\\\/\\\/www.24gliwice.pl\\\/wiadomosci\\\/rolety-dzien-noc-czyli-wygodna-i-funkcjonalna-ochrona-przed-sloncem\\\/#breadcrumb\"},\"inLanguage\":\"pl-PL\",\"potentialAction\":[{\"@type\":\"ReadAction\",\"target\":[\"https:\\\/\\\/www.24gliwice.pl\\\/wiadomosci\\\/rolety-dzien-noc-czyli-wygodna-i-funkcjonalna-ochrona-przed-sloncem\\\/\"]}]},{\"@type\":\"ImageObject\",\"inLanguage\":\"pl-PL\",\"@id\":\"https:\\\/\\\/www.24gliwice.pl\\\/wiadomosci\\\/rolety-dzien-noc-czyli-wygodna-i-funkcjonalna-ochrona-przed-sloncem\\\/#primaryimage\",\"url\":\"https:\\\/\\\/www.24gliwice.pl\\\/wiadomosci\\\/wp-content\\\/uploads\\\/2019\\\/12\\\/1-roletydziennoc.jpg\",\"contentUrl\":\"https:\\\/\\\/www.24gliwice.pl\\\/wiadomosci\\\/wp-content\\\/uploads\\\/2019\\\/12\\\/1-roletydziennoc.jpg\",\"width\":1140,\"height\":459},{\"@type\":\"BreadcrumbList\",\"@id\":\"https:\\\/\\\/www.24gliwice.pl\\\/wiadomosci\\\/rolety-dzien-noc-czyli-wygodna-i-funkcjonalna-ochrona-przed-sloncem\\\/#breadcrumb\",\"itemListElement\":[{\"@type\":\"ListItem\",\"position\":1,\"name\":\"Strona g\u0142\u00f3wna\",\"item\":\"https:\\\/\\\/www.24gliwice.pl\\\/wiadomosci\\\/\"},{\"@type\":\"ListItem\",\"position\":2,\"name\":\"Rolety Dzie\u0144 Noc czyli wygodna i funkcjonalna ochrona przed s\u0142o\u0144cem\"}]},{\"@type\":\"WebSite\",\"@id\":\"https:\\\/\\\/www.24gliwice.pl\\\/wiadomosci\\\/#website\",\"url\":\"https:\\\/\\\/www.24gliwice.pl\\\/wiadomosci\\\/\",\"name\":\"24GLIWICE - Portal Gliwice | codziennie nowe wiadomo\u015bci\",\"description\":\"Portal Miejski Gliwice\",\"publisher\":{\"@id\":\"https:\\\/\\\/www.24gliwice.pl\\\/wiadomosci\\\/#organization\"},\"potentialAction\":[{\"@type\":\"SearchAction\",\"target\":{\"@type\":\"EntryPoint\",\"urlTemplate\":\"https:\\\/\\\/www.24gliwice.pl\\\/wiadomosci\\\/?s={search_term_string}\"},\"query-input\":{\"@type\":\"PropertyValueSpecification\",\"valueRequired\":true,\"valueName\":\"search_term_string\"}}],\"inLanguage\":\"pl-PL\"},{\"@type\":\"Organization\",\"@id\":\"https:\\\/\\\/www.24gliwice.pl\\\/wiadomosci\\\/#organization\",\"name\":\"24gliwice\",\"url\":\"https:\\\/\\\/www.24gliwice.pl\\\/wiadomosci\\\/\",\"logo\":{\"@type\":\"ImageObject\",\"inLanguage\":\"pl-PL\",\"@id\":\"https:\\\/\\\/www.24gliwice.pl\\\/wiadomosci\\\/#\\\/schema\\\/logo\\\/image\\\/\",\"url\":\"https:\\\/\\\/www.24gliwice.pl\\\/wiadomosci\\\/wp-content\\\/uploads\\\/2024\\\/10\\\/24gliwice-logo-696.jpg\",\"contentUrl\":\"https:\\\/\\\/www.24gliwice.pl\\\/wiadomosci\\\/wp-content\\\/uploads\\\/2024\\\/10\\\/24gliwice-logo-696.jpg\",\"width\":696,\"height\":696,\"caption\":\"24gliwice\"},\"image\":{\"@id\":\"https:\\\/\\\/www.24gliwice.pl\\\/wiadomosci\\\/#\\\/schema\\\/logo\\\/image\\\/\"},\"sameAs\":[\"https:\\\/\\\/www.facebook.com\\\/24gliwice\",\"https:\\\/\\\/x.com\\\/24gliwice\",\"https:\\\/\\\/www.youtube.com\\\/@24gliwice\"]},{\"@type\":\"Person\",\"@id\":\"https:\\\/\\\/www.24gliwice.pl\\\/wiadomosci\\\/#\\\/schema\\\/person\\\/cb5857e4a4d048c15984c1edcc8ef0c0\",\"name\":\"Marcin Fabrykowski\",\"image\":{\"@type\":\"ImageObject\",\"inLanguage\":\"pl-PL\",\"@id\":\"https:\\\/\\\/www.24gliwice.pl\\\/wiadomosci\\\/wp-content\\\/uploads\\\/2025\\\/11\\\/zdjecie-moje-marcin-300-96x96.jpg\",\"url\":\"https:\\\/\\\/www.24gliwice.pl\\\/wiadomosci\\\/wp-content\\\/uploads\\\/2025\\\/11\\\/zdjecie-moje-marcin-300-96x96.jpg\",\"contentUrl\":\"https:\\\/\\\/www.24gliwice.pl\\\/wiadomosci\\\/wp-content\\\/uploads\\\/2025\\\/11\\\/zdjecie-moje-marcin-300-96x96.jpg\",\"caption\":\"Marcin Fabrykowski\"},\"sameAs\":[\"http:\\\/\\\/24gliwice.pl\",\"https:\\\/\\\/www.facebook.com\\\/marcin.fabrykowski\"],\"url\":\"https:\\\/\\\/www.24gliwice.pl\\\/wiadomosci\\\/author\\\/marcin-fabrykowski\\\/\"}]}<\/script>\n<!-- \/ Yoast SEO plugin. -->","yoast_head_json":{"title":"Rolety Dzie\u0144 Noc czyli wygodna i funkcjonalna ochrona przed s\u0142o\u0144cem - 24GLIWICE - Portal Gliwice | codziennie nowe informacje","robots":{"index":"index","follow":"follow","max-snippet":"max-snippet:-1","max-image-preview":"max-image-preview:large","max-video-preview":"max-video-preview:-1"},"canonical":"https:\/\/www.24gliwice.pl\/wiadomosci\/rolety-dzien-noc-czyli-wygodna-i-funkcjonalna-ochrona-przed-sloncem\/","og_locale":"pl_PL","og_type":"article","og_title":"Rolety Dzie\u0144 Noc czyli wygodna i funkcjonalna ochrona przed s\u0142o\u0144cem - 24GLIWICE - Portal Gliwice | codziennie nowe informacje","og_description":"Coraz wi\u0119cej os\u00f3b decyduje si\u0119 na monta\u017c rolet dzie\u0144 i noc. Dzi\u0119ki nim mo\u017cemy chroni\u0107 swoj\u0105 prywatno\u015b\u0107, a tak\u017ce dopasowa\u0107 intensywno\u015b\u0107 \u015bwiat\u0142a docieraj\u0105cego z zewn\u0105trz do naszych dom\u00f3w. Jakie jeszcze zalety maj\u0105 rolety dzie\u0144 i noc? Jak je zamontowa\u0107? Dlaczego warto mie\u0107 w domu rolety dzie\u0144 i noc? Rolety dzie\u0144 i noc to system os\u0142on [&hellip;]","og_url":"https:\/\/www.24gliwice.pl\/wiadomosci\/rolety-dzien-noc-czyli-wygodna-i-funkcjonalna-ochrona-przed-sloncem\/","og_site_name":"24GLIWICE - Portal Gliwice | codziennie nowe informacje","article_publisher":"https:\/\/www.facebook.com\/24gliwice","article_author":"https:\/\/www.facebook.com\/marcin.fabrykowski","article_published_time":"2019-12-19T00:21:38+00:00","article_modified_time":"2019-12-19T00:25:28+00:00","og_image":[{"width":1140,"height":459,"url":"https:\/\/www.24gliwice.pl\/wiadomosci\/wp-content\/uploads\/2019\/12\/1-roletydziennoc.jpg","type":"image\/jpeg"}],"author":"Marcin Fabrykowski","twitter_card":"summary_large_image","twitter_creator":"@24gliwice","twitter_site":"@24gliwice","twitter_misc":{"Napisane przez":"Marcin Fabrykowski","Szacowany czas czytania":"4 minuty"},"schema":{"@context":"https:\/\/schema.org","@graph":[{"@type":"Article","@id":"https:\/\/www.24gliwice.pl\/wiadomosci\/rolety-dzien-noc-czyli-wygodna-i-funkcjonalna-ochrona-przed-sloncem\/#article","isPartOf":{"@id":"https:\/\/www.24gliwice.pl\/wiadomosci\/rolety-dzien-noc-czyli-wygodna-i-funkcjonalna-ochrona-przed-sloncem\/"},"author":{"name":"Marcin Fabrykowski","@id":"https:\/\/www.24gliwice.pl\/wiadomosci\/#\/schema\/person\/cb5857e4a4d048c15984c1edcc8ef0c0"},"headline":"Rolety Dzie\u0144 Noc czyli wygodna i funkcjonalna ochrona przed s\u0142o\u0144cem","datePublished":"2019-12-19T00:21:38+00:00","dateModified":"2019-12-19T00:25:28+00:00","mainEntityOfPage":{"@id":"https:\/\/www.24gliwice.pl\/wiadomosci\/rolety-dzien-noc-czyli-wygodna-i-funkcjonalna-ochrona-przed-sloncem\/"},"wordCount":780,"publisher":{"@id":"https:\/\/www.24gliwice.pl\/wiadomosci\/#organization"},"image":{"@id":"https:\/\/www.24gliwice.pl\/wiadomosci\/rolety-dzien-noc-czyli-wygodna-i-funkcjonalna-ochrona-przed-sloncem\/#primaryimage"},"thumbnailUrl":"https:\/\/www.24gliwice.pl\/wiadomosci\/wp-content\/uploads\/2019\/12\/1-roletydziennoc.jpg","keywords":["rolety"],"articleSection":["Polecamy"],"inLanguage":"pl-PL"},{"@type":"WebPage","@id":"https:\/\/www.24gliwice.pl\/wiadomosci\/rolety-dzien-noc-czyli-wygodna-i-funkcjonalna-ochrona-przed-sloncem\/","url":"https:\/\/www.24gliwice.pl\/wiadomosci\/rolety-dzien-noc-czyli-wygodna-i-funkcjonalna-ochrona-przed-sloncem\/","name":"Rolety Dzie\u0144 Noc czyli wygodna i funkcjonalna ochrona przed s\u0142o\u0144cem - 24GLIWICE - Portal Gliwice | codziennie nowe informacje","isPartOf":{"@id":"https:\/\/www.24gliwice.pl\/wiadomosci\/#website"},"primaryImageOfPage":{"@id":"https:\/\/www.24gliwice.pl\/wiadomosci\/rolety-dzien-noc-czyli-wygodna-i-funkcjonalna-ochrona-przed-sloncem\/#primaryimage"},"image":{"@id":"https:\/\/www.24gliwice.pl\/wiadomosci\/rolety-dzien-noc-czyli-wygodna-i-funkcjonalna-ochrona-przed-sloncem\/#primaryimage"},"thumbnailUrl":"https:\/\/www.24gliwice.pl\/wiadomosci\/wp-content\/uploads\/2019\/12\/1-roletydziennoc.jpg","datePublished":"2019-12-19T00:21:38+00:00","dateModified":"2019-12-19T00:25:28+00:00","breadcrumb":{"@id":"https:\/\/www.24gliwice.pl\/wiadomosci\/rolety-dzien-noc-czyli-wygodna-i-funkcjonalna-ochrona-przed-sloncem\/#breadcrumb"},"inLanguage":"pl-PL","potentialAction":[{"@type":"ReadAction","target":["https:\/\/www.24gliwice.pl\/wiadomosci\/rolety-dzien-noc-czyli-wygodna-i-funkcjonalna-ochrona-przed-sloncem\/"]}]},{"@type":"ImageObject","inLanguage":"pl-PL","@id":"https:\/\/www.24gliwice.pl\/wiadomosci\/rolety-dzien-noc-czyli-wygodna-i-funkcjonalna-ochrona-przed-sloncem\/#primaryimage","url":"https:\/\/www.24gliwice.pl\/wiadomosci\/wp-content\/uploads\/2019\/12\/1-roletydziennoc.jpg","contentUrl":"https:\/\/www.24gliwice.pl\/wiadomosci\/wp-content\/uploads\/2019\/12\/1-roletydziennoc.jpg","width":1140,"height":459},{"@type":"BreadcrumbList","@id":"https:\/\/www.24gliwice.pl\/wiadomosci\/rolety-dzien-noc-czyli-wygodna-i-funkcjonalna-ochrona-przed-sloncem\/#breadcrumb","itemListElement":[{"@type":"ListItem","position":1,"name":"Strona g\u0142\u00f3wna","item":"https:\/\/www.24gliwice.pl\/wiadomosci\/"},{"@type":"ListItem","position":2,"name":"Rolety Dzie\u0144 Noc czyli wygodna i funkcjonalna ochrona przed s\u0142o\u0144cem"}]},{"@type":"WebSite","@id":"https:\/\/www.24gliwice.pl\/wiadomosci\/#website","url":"https:\/\/www.24gliwice.pl\/wiadomosci\/","name":"24GLIWICE - Portal Gliwice | codziennie nowe wiadomo\u015bci","description":"Portal Miejski Gliwice","publisher":{"@id":"https:\/\/www.24gliwice.pl\/wiadomosci\/#organization"},"potentialAction":[{"@type":"SearchAction","target":{"@type":"EntryPoint","urlTemplate":"https:\/\/www.24gliwice.pl\/wiadomosci\/?s={search_term_string}"},"query-input":{"@type":"PropertyValueSpecification","valueRequired":true,"valueName":"search_term_string"}}],"inLanguage":"pl-PL"},{"@type":"Organization","@id":"https:\/\/www.24gliwice.pl\/wiadomosci\/#organization","name":"24gliwice","url":"https:\/\/www.24gliwice.pl\/wiadomosci\/","logo":{"@type":"ImageObject","inLanguage":"pl-PL","@id":"https:\/\/www.24gliwice.pl\/wiadomosci\/#\/schema\/logo\/image\/","url":"https:\/\/www.24gliwice.pl\/wiadomosci\/wp-content\/uploads\/2024\/10\/24gliwice-logo-696.jpg","contentUrl":"https:\/\/www.24gliwice.pl\/wiadomosci\/wp-content\/uploads\/2024\/10\/24gliwice-logo-696.jpg","width":696,"height":696,"caption":"24gliwice"},"image":{"@id":"https:\/\/www.24gliwice.pl\/wiadomosci\/#\/schema\/logo\/image\/"},"sameAs":["https:\/\/www.facebook.com\/24gliwice","https:\/\/x.com\/24gliwice","https:\/\/www.youtube.com\/@24gliwice"]},{"@type":"Person","@id":"https:\/\/www.24gliwice.pl\/wiadomosci\/#\/schema\/person\/cb5857e4a4d048c15984c1edcc8ef0c0","name":"Marcin Fabrykowski","image":{"@type":"ImageObject","inLanguage":"pl-PL","@id":"https:\/\/www.24gliwice.pl\/wiadomosci\/wp-content\/uploads\/2025\/11\/zdjecie-moje-marcin-300-96x96.jpg","url":"https:\/\/www.24gliwice.pl\/wiadomosci\/wp-content\/uploads\/2025\/11\/zdjecie-moje-marcin-300-96x96.jpg","contentUrl":"https:\/\/www.24gliwice.pl\/wiadomosci\/wp-content\/uploads\/2025\/11\/zdjecie-moje-marcin-300-96x96.jpg","caption":"Marcin Fabrykowski"},"sameAs":["http:\/\/24gliwice.pl","https:\/\/www.facebook.com\/marcin.fabrykowski"],"url":"https:\/\/www.24gliwice.pl\/wiadomosci\/author\/marcin-fabrykowski\/"}]}},"_links":{"self":[{"href":"https:\/\/www.24gliwice.pl\/wiadomosci\/wp-json\/wp\/v2\/posts\/145102","targetHints":{"allow":["GET"]}}],"collection":[{"href":"https:\/\/www.24gliwice.pl\/wiadomosci\/wp-json\/wp\/v2\/posts"}],"about":[{"href":"https:\/\/www.24gliwice.pl\/wiadomosci\/wp-json\/wp\/v2\/types\/post"}],"author":[{"embeddable":true,"href":"https:\/\/www.24gliwice.pl\/wiadomosci\/wp-json\/wp\/v2\/users\/4"}],"replies":[{"embeddable":true,"href":"https:\/\/www.24gliwice.pl\/wiadomosci\/wp-json\/wp\/v2\/comments?post=145102"}],"version-history":[{"count":0,"href":"https:\/\/www.24gliwice.pl\/wiadomosci\/wp-json\/wp\/v2\/posts\/145102\/revisions"}],"wp:featuredmedia":[{"embeddable":true,"href":"https:\/\/www.24gliwice.pl\/wiadomosci\/wp-json\/wp\/v2\/media\/145104"}],"wp:attachment":[{"href":"https:\/\/www.24gliwice.pl\/wiadomosci\/wp-json\/wp\/v2\/media?parent=145102"}],"wp:term":[{"taxonomy":"category","embeddable":true,"href":"https:\/\/www.24gliwice.pl\/wiadomosci\/wp-json\/wp\/v2\/categories?post=145102"},{"taxonomy":"post_tag","embeddable":true,"href":"https:\/\/www.24gliwice.pl\/wiadomosci\/wp-json\/wp\/v2\/tags?post=145102"}],"curies":[{"name":"wp","href":"https:\/\/api.w.org\/{rel}","templated":true}]}}