{"id":145125,"date":"2019-12-19T16:16:47","date_gmt":"2019-12-19T15:16:47","guid":{"rendered":"https:\/\/www.24gliwice.pl\/wiadomosci\/?p=145125"},"modified":"2019-12-19T16:16:47","modified_gmt":"2019-12-19T15:16:47","slug":"komunikacja-miejska-w-okresie-swiateczno-sylwestrowym-pojedzie-inaczej-zmiany-juz-od-poniedzialku","status":"publish","type":"post","link":"https:\/\/www.24gliwice.pl\/wiadomosci\/komunikacja-miejska-w-okresie-swiateczno-sylwestrowym-pojedzie-inaczej-zmiany-juz-od-poniedzialku\/","title":{"rendered":"Komunikacja miejska w okresie \u015bwi\u0105teczno-sylwestrowym pojedzie inaczej. Zmiany ju\u017c od poniedzia\u0142ku"},"content":{"rendered":"<div class=\"gliwi-a6-nad-leadem-artykulow gliwi-entity-placement\" id=\"gliwi-285332187\"><div class=\"gliwi-adlabel\"><span style=\"font-size: 9px\">REKLAMA<\/span><\/div><div id=\"gliwi-3072816920\" style=\"margin-bottom: 25px;margin-left: auto;margin-right: auto;text-align: center;\"><a data-no-instant=\"1\" href=\"https:\/\/dom100.eu\/\" rel=\"noopener\" class=\"a2t-link\" target=\"_blank\" aria-label=\"20260415 DOM100 D\"><img loading=\"lazy\" decoding=\"async\" src=\"https:\/\/www.24gliwice.pl\/wiadomosci\/wp-content\/uploads\/2026\/04\/20260415-DOM100-D.jpg\" alt=\"\"  srcset=\"https:\/\/www.24gliwice.pl\/wiadomosci\/wp-content\/uploads\/2026\/04\/20260415-DOM100-D.jpg 750w, https:\/\/www.24gliwice.pl\/wiadomosci\/wp-content\/uploads\/2026\/04\/20260415-DOM100-D-410x109.jpg 410w\" sizes=\"(max-width: 750px) 100vw, 750px\" class=\"no-lazyload\" width=\"750\" height=\"200\"  style=\"display: inline-block; max-width: 100%; height: auto;\" \/><\/a><\/div><\/div><h3>W czasie \u015bwi\u0105t komunikacja miejska organizowana przez ZTM, b\u0119dzie kursowa\u0142a w zmienionej formie. Modyfikacje zostan\u0105 wprowadzone ju\u017c na dzie\u0144 przed Wigili\u0105, a sta\u0142e rozk\u0142ady zaczn\u0105 ponownie obowi\u0105zywa\u0107 po Nowym Roku.<\/h3>\n<p>Zmiany w komunikacji obejmuj\u0105 ponad 200 linii i b\u0119d\u0105 obowi\u0105zywa\u0107 od 23 do 30 grudnia. Ma to zwi\u0105zek z przerw\u0105 w szko\u0142ach i zmniejszonym zapotrzebowaniem na us\u0142ugi transportowe. Niekt\u00f3re zmiany s\u0105 te\u017c tradycyjnie wynikiem realizowanych prac remontowo-modernizacyjnych. <\/p>\n<p>\u2013 W poniedzia\u0142ek, dzie\u0144 przed Wigili\u0105, na wi\u0119kszo\u015bci linii obowi\u0105zywa\u0107 b\u0119d\u0105 rozk\u0142ady jazdy wa\u017cne w dni robocze. B\u0119d\u0105 oczywi\u015bcie odst\u0119pstwa od tej regu\u0142y. O szczeg\u00f3\u0142ach informujemy m.in. na naszej stronie internetowej w zak\u0142adce Rozk\u0142ady i Komunikaty \u2013 wskazuje rzecznik prasowy ZTM <strong>Micha\u0142 Wawrzaszek<\/strong>. <\/p><div class=\"gliwi-a3-w-tresci-artykulow gliwi-entity-placement\" id=\"gliwi-3549281356\"><div class=\"gliwi-adlabel\"><span style=\"font-size: 9px\">REKLAMA<\/span><\/div><div id=\"gliwi-243863596\" style=\"margin-bottom: 30px;margin-left: auto;margin-right: auto;text-align: center;\"><a data-no-instant=\"1\" href=\"https:\/\/ogrodyandersa.pl\/\" rel=\"noopener\" class=\"a2t-link\" target=\"_blank\" aria-label=\"20260415 Ogrody Andersa KUP TERAZ D\"><img loading=\"lazy\" decoding=\"async\" src=\"https:\/\/www.24gliwice.pl\/wiadomosci\/wp-content\/uploads\/2026\/04\/20260415-Ogrody-Andersa-KUP-TERAZ-D.jpg\" alt=\"\"  srcset=\"https:\/\/www.24gliwice.pl\/wiadomosci\/wp-content\/uploads\/2026\/04\/20260415-Ogrody-Andersa-KUP-TERAZ-D.jpg 750w, https:\/\/www.24gliwice.pl\/wiadomosci\/wp-content\/uploads\/2026\/04\/20260415-Ogrody-Andersa-KUP-TERAZ-D-410x109.jpg 410w\" sizes=\"(max-width: 750px) 100vw, 750px\" class=\"no-lazyload\" width=\"750\" height=\"200\"  style=\"display: inline-block; max-width: 100%; height: auto;\" \/><\/a><\/div><\/div>\n<blockquote><p>Zach\u0119camy wszystkich pasa\u017cer\u00f3w do tego, aby podr\u00f3\u017ce przez ca\u0142y okres \u015bwi\u0105teczny planowa\u0107 przed wyj\u015bciem z domu <\/p><\/blockquote>\n<p>\u2013 dodaje Wawrzaszek.<\/p>\n<p>W kolejny dzie\u0144, tj. we wtorek 24 grudnia \u2013 w Wigili\u0119 \u2013 b\u0119d\u0105 obowi\u0105zywa\u0142y rozk\u0142ady jazdy wa\u017cne w Wigili\u0119, tj. rozk\u0142ady sobotnie z ograniczeniami w kursowaniu na liniach tramwajowych od godziny 16:00 oraz z wcze\u015bniejszymi zjazdami na liniach autobusowych i trolejbusowych w godzinach 16:00 \u2013 18:00, tj. zgodnie z za\u0142o\u017ceniami rozk\u0142ad\u00f3w jazdy poszczeg\u00f3lnych linii. Na kolejne dwa dni \u015bwi\u0105teczne, tj. 25 oraz 26 grudnia (\u015broda i czwartek), wprowadzono rozk\u0142ady jazdy wa\u017cne w niedziele i \u015bwi\u0119ta. Punkty Obs\u0142ugi Pasa\u017cera ZTM w Wigili\u0119 czynne b\u0119d\u0105 do godziny 13:00. W Bo\u017ce Narodzenie i drugi dzie\u0144 \u015awi\u0105t (25 i 26 grudnia) punkty te b\u0119d\u0105 nieczynne.<\/p>\n<p>27 i 30 grudnia, tzn. w pi\u0105tek i poniedzia\u0142ek po \u015awi\u0119tach, tak jak i dzie\u0144 przed Wigili\u0105, b\u0119d\u0105 obowi\u0105zywa\u0142y rozk\u0142ady jazdy wa\u017cne w dni robocze z uwzgl\u0119dnieniem kilku wyj\u0105tk\u00f3w. Na niekt\u00f3rych liniach nie b\u0119d\u0105 realizowane kursy oznaczone na tabliczkach przystankowych symbolem \u201ef\u201d. Punkty Obs\u0142ugi Pasa\u017cera w tych dniach b\u0119d\u0105 ju\u017c czynne.<\/p>\n<p>(mat. pras.)<\/p>\n<div class=\"gliwi-a5-na-koncu-artykulow gliwi-entity-placement\" id=\"gliwi-971710145\"><div class=\"gliwi-adlabel\"><span style=\"font-size: 9px\">REKLAMA<\/span><\/div><div id=\"gliwi-56691450\" style=\"margin-left: auto;margin-right: auto;text-align: center;\"><a data-no-instant=\"1\" href=\"https:\/\/prezeroarenagliwice.pl\/\" rel=\"noopener\" class=\"a2t-link\" target=\"_blank\" aria-label=\"20260309-PREZERO-WIOSNA-D\"><img loading=\"lazy\" decoding=\"async\" src=\"https:\/\/www.24gliwice.pl\/wiadomosci\/wp-content\/uploads\/2026\/03\/20260309-PREZERO-WIOSNA-D.webp\" alt=\"\"  srcset=\"https:\/\/www.24gliwice.pl\/wiadomosci\/wp-content\/uploads\/2026\/03\/20260309-PREZERO-WIOSNA-D.webp 750w, https:\/\/www.24gliwice.pl\/wiadomosci\/wp-content\/uploads\/2026\/03\/20260309-PREZERO-WIOSNA-D-410x109.webp 410w\" sizes=\"(max-width: 750px) 100vw, 750px\" class=\"no-lazyload\" width=\"750\" height=\"200\"  style=\"display: inline-block; max-width: 100%; height: auto;\" \/><\/a><\/div><\/div>","protected":false},"excerpt":{"rendered":"<p>W czasie \u015bwi\u0105t komunikacja miejska organizowana przez ZTM, b\u0119dzie kursowa\u0142a w zmienionej formie. Modyfikacje zostan\u0105 wprowadzone ju\u017c na dzie\u0144 przed Wigili\u0105, a sta\u0142e rozk\u0142ady zaczn\u0105 ponownie obowi\u0105zywa\u0107 po Nowym Roku. Zmiany w komunikacji obejmuj\u0105 ponad 200 linii i b\u0119d\u0105 obowi\u0105zywa\u0107 od 23 do 30 grudnia. Ma to zwi\u0105zek z przerw\u0105 w szko\u0142ach i zmniejszonym zapotrzebowaniem [&hellip;]<\/p>\n","protected":false},"author":15,"featured_media":145132,"comment_status":"open","ping_status":"closed","sticky":false,"template":"","format":"standard","meta":{"_monsterinsights_skip_tracking":false,"_monsterinsights_sitenote_active":false,"_monsterinsights_sitenote_note":"","_monsterinsights_sitenote_category":0,"footnotes":"","_links_to":"","_links_to_target":""},"categories":[3,1],"tags":[4768,8378,9054,6806,10746],"class_list":["post-145125","post","type-post","status-publish","format-standard","has-post-thumbnail","hentry","category-gliwice","category-wszystko","tag-boze-narodzenie","tag-komunikacja-miejska","tag-swieta","tag-sylwester","tag-ztm"],"yoast_head":"<!-- This site is optimized with the Yoast SEO plugin v27.5 - https:\/\/yoast.com\/product\/yoast-seo-wordpress\/ -->\n<title>Komunikacja miejska w okresie \u015bwi\u0105teczno-sylwestrowym pojedzie inaczej. Zmiany ju\u017c od poniedzia\u0142ku - 24GLIWICE - Portal Gliwice | codziennie nowe informacje<\/title>\n<meta name=\"robots\" content=\"index, follow, max-snippet:-1, max-image-preview:large, max-video-preview:-1\" \/>\n<link rel=\"canonical\" href=\"https:\/\/www.24gliwice.pl\/wiadomosci\/komunikacja-miejska-w-okresie-swiateczno-sylwestrowym-pojedzie-inaczej-zmiany-juz-od-poniedzialku\/\" \/>\n<meta property=\"og:locale\" content=\"pl_PL\" \/>\n<meta property=\"og:type\" content=\"article\" \/>\n<meta property=\"og:title\" content=\"Komunikacja miejska w okresie \u015bwi\u0105teczno-sylwestrowym pojedzie inaczej. Zmiany ju\u017c od poniedzia\u0142ku - 24GLIWICE - Portal Gliwice | codziennie nowe informacje\" \/>\n<meta property=\"og:description\" content=\"W czasie \u015bwi\u0105t komunikacja miejska organizowana przez ZTM, b\u0119dzie kursowa\u0142a w zmienionej formie. Modyfikacje zostan\u0105 wprowadzone ju\u017c na dzie\u0144 przed Wigili\u0105, a sta\u0142e rozk\u0142ady zaczn\u0105 ponownie obowi\u0105zywa\u0107 po Nowym Roku. Zmiany w komunikacji obejmuj\u0105 ponad 200 linii i b\u0119d\u0105 obowi\u0105zywa\u0107 od 23 do 30 grudnia. Ma to zwi\u0105zek z przerw\u0105 w szko\u0142ach i zmniejszonym zapotrzebowaniem [&hellip;]\" \/>\n<meta property=\"og:url\" content=\"https:\/\/www.24gliwice.pl\/wiadomosci\/komunikacja-miejska-w-okresie-swiateczno-sylwestrowym-pojedzie-inaczej-zmiany-juz-od-poniedzialku\/\" \/>\n<meta property=\"og:site_name\" content=\"24GLIWICE - Portal Gliwice | codziennie nowe informacje\" \/>\n<meta property=\"article:publisher\" content=\"https:\/\/www.facebook.com\/24gliwice\" \/>\n<meta property=\"article:published_time\" content=\"2019-12-19T15:16:47+00:00\" \/>\n<meta property=\"og:image\" content=\"https:\/\/www.24gliwice.pl\/wiadomosci\/wp-content\/uploads\/2019\/12\/autobus-przystanek-e1580478101375.jpg\" \/>\n\t<meta property=\"og:image:width\" content=\"810\" \/>\n\t<meta property=\"og:image:height\" content=\"455\" \/>\n\t<meta property=\"og:image:type\" content=\"image\/jpeg\" \/>\n<meta name=\"author\" content=\"\u017baneta Mrozek-Siewierska\" \/>\n<meta name=\"twitter:card\" content=\"summary_large_image\" \/>\n<meta name=\"twitter:creator\" content=\"@24gliwice\" \/>\n<meta name=\"twitter:site\" content=\"@24gliwice\" \/>\n<meta name=\"twitter:label1\" content=\"Napisane przez\" \/>\n\t<meta name=\"twitter:data1\" content=\"\u017baneta Mrozek-Siewierska\" \/>\n\t<meta name=\"twitter:label2\" content=\"Szacowany czas czytania\" \/>\n\t<meta name=\"twitter:data2\" content=\"2 minuty\" \/>\n<script type=\"application\/ld+json\" class=\"yoast-schema-graph\">{\"@context\":\"https:\\\/\\\/schema.org\",\"@graph\":[{\"@type\":\"Article\",\"@id\":\"https:\\\/\\\/www.24gliwice.pl\\\/wiadomosci\\\/komunikacja-miejska-w-okresie-swiateczno-sylwestrowym-pojedzie-inaczej-zmiany-juz-od-poniedzialku\\\/#article\",\"isPartOf\":{\"@id\":\"https:\\\/\\\/www.24gliwice.pl\\\/wiadomosci\\\/komunikacja-miejska-w-okresie-swiateczno-sylwestrowym-pojedzie-inaczej-zmiany-juz-od-poniedzialku\\\/\"},\"author\":{\"name\":\"\u017baneta Mrozek-Siewierska\",\"@id\":\"https:\\\/\\\/www.24gliwice.pl\\\/wiadomosci\\\/#\\\/schema\\\/person\\\/e42c650edd7f2fa332be3811fb166b6e\"},\"headline\":\"Komunikacja miejska w okresie \u015bwi\u0105teczno-sylwestrowym pojedzie inaczej. Zmiany ju\u017c od poniedzia\u0142ku\",\"datePublished\":\"2019-12-19T15:16:47+00:00\",\"mainEntityOfPage\":{\"@id\":\"https:\\\/\\\/www.24gliwice.pl\\\/wiadomosci\\\/komunikacja-miejska-w-okresie-swiateczno-sylwestrowym-pojedzie-inaczej-zmiany-juz-od-poniedzialku\\\/\"},\"wordCount\":348,\"commentCount\":0,\"publisher\":{\"@id\":\"https:\\\/\\\/www.24gliwice.pl\\\/wiadomosci\\\/#organization\"},\"image\":{\"@id\":\"https:\\\/\\\/www.24gliwice.pl\\\/wiadomosci\\\/komunikacja-miejska-w-okresie-swiateczno-sylwestrowym-pojedzie-inaczej-zmiany-juz-od-poniedzialku\\\/#primaryimage\"},\"thumbnailUrl\":\"https:\\\/\\\/www.24gliwice.pl\\\/wiadomosci\\\/wp-content\\\/uploads\\\/2019\\\/12\\\/autobus-przystanek-e1580478101375.jpg\",\"keywords\":[\"BO\u017bE NARODZENIE\",\"KOMUNIKACJA MIEJSKA\",\"\u015aWI\u0118TA\",\"SYLWESTER\",\"ZTM\"],\"articleSection\":[\"Gliwice\",\"Najnowsze wiadomo\u015bci\"],\"inLanguage\":\"pl-PL\",\"potentialAction\":[{\"@type\":\"CommentAction\",\"name\":\"Comment\",\"target\":[\"https:\\\/\\\/www.24gliwice.pl\\\/wiadomosci\\\/komunikacja-miejska-w-okresie-swiateczno-sylwestrowym-pojedzie-inaczej-zmiany-juz-od-poniedzialku\\\/#respond\"]}]},{\"@type\":\"WebPage\",\"@id\":\"https:\\\/\\\/www.24gliwice.pl\\\/wiadomosci\\\/komunikacja-miejska-w-okresie-swiateczno-sylwestrowym-pojedzie-inaczej-zmiany-juz-od-poniedzialku\\\/\",\"url\":\"https:\\\/\\\/www.24gliwice.pl\\\/wiadomosci\\\/komunikacja-miejska-w-okresie-swiateczno-sylwestrowym-pojedzie-inaczej-zmiany-juz-od-poniedzialku\\\/\",\"name\":\"Komunikacja miejska w okresie \u015bwi\u0105teczno-sylwestrowym pojedzie inaczej. Zmiany ju\u017c od poniedzia\u0142ku - 24GLIWICE - Portal Gliwice | codziennie nowe informacje\",\"isPartOf\":{\"@id\":\"https:\\\/\\\/www.24gliwice.pl\\\/wiadomosci\\\/#website\"},\"primaryImageOfPage\":{\"@id\":\"https:\\\/\\\/www.24gliwice.pl\\\/wiadomosci\\\/komunikacja-miejska-w-okresie-swiateczno-sylwestrowym-pojedzie-inaczej-zmiany-juz-od-poniedzialku\\\/#primaryimage\"},\"image\":{\"@id\":\"https:\\\/\\\/www.24gliwice.pl\\\/wiadomosci\\\/komunikacja-miejska-w-okresie-swiateczno-sylwestrowym-pojedzie-inaczej-zmiany-juz-od-poniedzialku\\\/#primaryimage\"},\"thumbnailUrl\":\"https:\\\/\\\/www.24gliwice.pl\\\/wiadomosci\\\/wp-content\\\/uploads\\\/2019\\\/12\\\/autobus-przystanek-e1580478101375.jpg\",\"datePublished\":\"2019-12-19T15:16:47+00:00\",\"breadcrumb\":{\"@id\":\"https:\\\/\\\/www.24gliwice.pl\\\/wiadomosci\\\/komunikacja-miejska-w-okresie-swiateczno-sylwestrowym-pojedzie-inaczej-zmiany-juz-od-poniedzialku\\\/#breadcrumb\"},\"inLanguage\":\"pl-PL\",\"potentialAction\":[{\"@type\":\"ReadAction\",\"target\":[\"https:\\\/\\\/www.24gliwice.pl\\\/wiadomosci\\\/komunikacja-miejska-w-okresie-swiateczno-sylwestrowym-pojedzie-inaczej-zmiany-juz-od-poniedzialku\\\/\"]}]},{\"@type\":\"ImageObject\",\"inLanguage\":\"pl-PL\",\"@id\":\"https:\\\/\\\/www.24gliwice.pl\\\/wiadomosci\\\/komunikacja-miejska-w-okresie-swiateczno-sylwestrowym-pojedzie-inaczej-zmiany-juz-od-poniedzialku\\\/#primaryimage\",\"url\":\"https:\\\/\\\/www.24gliwice.pl\\\/wiadomosci\\\/wp-content\\\/uploads\\\/2019\\\/12\\\/autobus-przystanek-e1580478101375.jpg\",\"contentUrl\":\"https:\\\/\\\/www.24gliwice.pl\\\/wiadomosci\\\/wp-content\\\/uploads\\\/2019\\\/12\\\/autobus-przystanek-e1580478101375.jpg\",\"width\":810,\"height\":455},{\"@type\":\"BreadcrumbList\",\"@id\":\"https:\\\/\\\/www.24gliwice.pl\\\/wiadomosci\\\/komunikacja-miejska-w-okresie-swiateczno-sylwestrowym-pojedzie-inaczej-zmiany-juz-od-poniedzialku\\\/#breadcrumb\",\"itemListElement\":[{\"@type\":\"ListItem\",\"position\":1,\"name\":\"Strona g\u0142\u00f3wna\",\"item\":\"https:\\\/\\\/www.24gliwice.pl\\\/wiadomosci\\\/\"},{\"@type\":\"ListItem\",\"position\":2,\"name\":\"Komunikacja miejska w okresie \u015bwi\u0105teczno-sylwestrowym pojedzie inaczej. Zmiany ju\u017c od poniedzia\u0142ku\"}]},{\"@type\":\"WebSite\",\"@id\":\"https:\\\/\\\/www.24gliwice.pl\\\/wiadomosci\\\/#website\",\"url\":\"https:\\\/\\\/www.24gliwice.pl\\\/wiadomosci\\\/\",\"name\":\"24GLIWICE - Portal Gliwice | codziennie nowe wiadomo\u015bci\",\"description\":\"Portal Miejski Gliwice\",\"publisher\":{\"@id\":\"https:\\\/\\\/www.24gliwice.pl\\\/wiadomosci\\\/#organization\"},\"potentialAction\":[{\"@type\":\"SearchAction\",\"target\":{\"@type\":\"EntryPoint\",\"urlTemplate\":\"https:\\\/\\\/www.24gliwice.pl\\\/wiadomosci\\\/?s={search_term_string}\"},\"query-input\":{\"@type\":\"PropertyValueSpecification\",\"valueRequired\":true,\"valueName\":\"search_term_string\"}}],\"inLanguage\":\"pl-PL\"},{\"@type\":\"Organization\",\"@id\":\"https:\\\/\\\/www.24gliwice.pl\\\/wiadomosci\\\/#organization\",\"name\":\"24gliwice\",\"url\":\"https:\\\/\\\/www.24gliwice.pl\\\/wiadomosci\\\/\",\"logo\":{\"@type\":\"ImageObject\",\"inLanguage\":\"pl-PL\",\"@id\":\"https:\\\/\\\/www.24gliwice.pl\\\/wiadomosci\\\/#\\\/schema\\\/logo\\\/image\\\/\",\"url\":\"https:\\\/\\\/www.24gliwice.pl\\\/wiadomosci\\\/wp-content\\\/uploads\\\/2024\\\/10\\\/24gliwice-logo-696.jpg\",\"contentUrl\":\"https:\\\/\\\/www.24gliwice.pl\\\/wiadomosci\\\/wp-content\\\/uploads\\\/2024\\\/10\\\/24gliwice-logo-696.jpg\",\"width\":696,\"height\":696,\"caption\":\"24gliwice\"},\"image\":{\"@id\":\"https:\\\/\\\/www.24gliwice.pl\\\/wiadomosci\\\/#\\\/schema\\\/logo\\\/image\\\/\"},\"sameAs\":[\"https:\\\/\\\/www.facebook.com\\\/24gliwice\",\"https:\\\/\\\/x.com\\\/24gliwice\",\"https:\\\/\\\/www.youtube.com\\\/@24gliwice\"]},{\"@type\":\"Person\",\"@id\":\"https:\\\/\\\/www.24gliwice.pl\\\/wiadomosci\\\/#\\\/schema\\\/person\\\/e42c650edd7f2fa332be3811fb166b6e\",\"name\":\"\u017baneta Mrozek-Siewierska\",\"image\":{\"@type\":\"ImageObject\",\"inLanguage\":\"pl-PL\",\"@id\":\"https:\\\/\\\/secure.gravatar.com\\\/avatar\\\/1881429e9c64597c77ad7aef2d0a19be69a3253e57534d16aa15bf3a4d34a0a3?s=96&d=mm&r=g\",\"url\":\"https:\\\/\\\/secure.gravatar.com\\\/avatar\\\/1881429e9c64597c77ad7aef2d0a19be69a3253e57534d16aa15bf3a4d34a0a3?s=96&d=mm&r=g\",\"contentUrl\":\"https:\\\/\\\/secure.gravatar.com\\\/avatar\\\/1881429e9c64597c77ad7aef2d0a19be69a3253e57534d16aa15bf3a4d34a0a3?s=96&d=mm&r=g\",\"caption\":\"\u017baneta Mrozek-Siewierska\"},\"url\":\"https:\\\/\\\/www.24gliwice.pl\\\/wiadomosci\\\/author\\\/zms\\\/\"}]}<\/script>\n<!-- \/ Yoast SEO plugin. -->","yoast_head_json":{"title":"Komunikacja miejska w okresie \u015bwi\u0105teczno-sylwestrowym pojedzie inaczej. Zmiany ju\u017c od poniedzia\u0142ku - 24GLIWICE - Portal Gliwice | codziennie nowe informacje","robots":{"index":"index","follow":"follow","max-snippet":"max-snippet:-1","max-image-preview":"max-image-preview:large","max-video-preview":"max-video-preview:-1"},"canonical":"https:\/\/www.24gliwice.pl\/wiadomosci\/komunikacja-miejska-w-okresie-swiateczno-sylwestrowym-pojedzie-inaczej-zmiany-juz-od-poniedzialku\/","og_locale":"pl_PL","og_type":"article","og_title":"Komunikacja miejska w okresie \u015bwi\u0105teczno-sylwestrowym pojedzie inaczej. Zmiany ju\u017c od poniedzia\u0142ku - 24GLIWICE - Portal Gliwice | codziennie nowe informacje","og_description":"W czasie \u015bwi\u0105t komunikacja miejska organizowana przez ZTM, b\u0119dzie kursowa\u0142a w zmienionej formie. Modyfikacje zostan\u0105 wprowadzone ju\u017c na dzie\u0144 przed Wigili\u0105, a sta\u0142e rozk\u0142ady zaczn\u0105 ponownie obowi\u0105zywa\u0107 po Nowym Roku. Zmiany w komunikacji obejmuj\u0105 ponad 200 linii i b\u0119d\u0105 obowi\u0105zywa\u0107 od 23 do 30 grudnia. Ma to zwi\u0105zek z przerw\u0105 w szko\u0142ach i zmniejszonym zapotrzebowaniem [&hellip;]","og_url":"https:\/\/www.24gliwice.pl\/wiadomosci\/komunikacja-miejska-w-okresie-swiateczno-sylwestrowym-pojedzie-inaczej-zmiany-juz-od-poniedzialku\/","og_site_name":"24GLIWICE - Portal Gliwice | codziennie nowe informacje","article_publisher":"https:\/\/www.facebook.com\/24gliwice","article_published_time":"2019-12-19T15:16:47+00:00","og_image":[{"width":810,"height":455,"url":"https:\/\/www.24gliwice.pl\/wiadomosci\/wp-content\/uploads\/2019\/12\/autobus-przystanek-e1580478101375.jpg","type":"image\/jpeg"}],"author":"\u017baneta Mrozek-Siewierska","twitter_card":"summary_large_image","twitter_creator":"@24gliwice","twitter_site":"@24gliwice","twitter_misc":{"Napisane przez":"\u017baneta Mrozek-Siewierska","Szacowany czas czytania":"2 minuty"},"schema":{"@context":"https:\/\/schema.org","@graph":[{"@type":"Article","@id":"https:\/\/www.24gliwice.pl\/wiadomosci\/komunikacja-miejska-w-okresie-swiateczno-sylwestrowym-pojedzie-inaczej-zmiany-juz-od-poniedzialku\/#article","isPartOf":{"@id":"https:\/\/www.24gliwice.pl\/wiadomosci\/komunikacja-miejska-w-okresie-swiateczno-sylwestrowym-pojedzie-inaczej-zmiany-juz-od-poniedzialku\/"},"author":{"name":"\u017baneta Mrozek-Siewierska","@id":"https:\/\/www.24gliwice.pl\/wiadomosci\/#\/schema\/person\/e42c650edd7f2fa332be3811fb166b6e"},"headline":"Komunikacja miejska w okresie \u015bwi\u0105teczno-sylwestrowym pojedzie inaczej. Zmiany ju\u017c od poniedzia\u0142ku","datePublished":"2019-12-19T15:16:47+00:00","mainEntityOfPage":{"@id":"https:\/\/www.24gliwice.pl\/wiadomosci\/komunikacja-miejska-w-okresie-swiateczno-sylwestrowym-pojedzie-inaczej-zmiany-juz-od-poniedzialku\/"},"wordCount":348,"commentCount":0,"publisher":{"@id":"https:\/\/www.24gliwice.pl\/wiadomosci\/#organization"},"image":{"@id":"https:\/\/www.24gliwice.pl\/wiadomosci\/komunikacja-miejska-w-okresie-swiateczno-sylwestrowym-pojedzie-inaczej-zmiany-juz-od-poniedzialku\/#primaryimage"},"thumbnailUrl":"https:\/\/www.24gliwice.pl\/wiadomosci\/wp-content\/uploads\/2019\/12\/autobus-przystanek-e1580478101375.jpg","keywords":["BO\u017bE NARODZENIE","KOMUNIKACJA MIEJSKA","\u015aWI\u0118TA","SYLWESTER","ZTM"],"articleSection":["Gliwice","Najnowsze wiadomo\u015bci"],"inLanguage":"pl-PL","potentialAction":[{"@type":"CommentAction","name":"Comment","target":["https:\/\/www.24gliwice.pl\/wiadomosci\/komunikacja-miejska-w-okresie-swiateczno-sylwestrowym-pojedzie-inaczej-zmiany-juz-od-poniedzialku\/#respond"]}]},{"@type":"WebPage","@id":"https:\/\/www.24gliwice.pl\/wiadomosci\/komunikacja-miejska-w-okresie-swiateczno-sylwestrowym-pojedzie-inaczej-zmiany-juz-od-poniedzialku\/","url":"https:\/\/www.24gliwice.pl\/wiadomosci\/komunikacja-miejska-w-okresie-swiateczno-sylwestrowym-pojedzie-inaczej-zmiany-juz-od-poniedzialku\/","name":"Komunikacja miejska w okresie \u015bwi\u0105teczno-sylwestrowym pojedzie inaczej. Zmiany ju\u017c od poniedzia\u0142ku - 24GLIWICE - Portal Gliwice | codziennie nowe informacje","isPartOf":{"@id":"https:\/\/www.24gliwice.pl\/wiadomosci\/#website"},"primaryImageOfPage":{"@id":"https:\/\/www.24gliwice.pl\/wiadomosci\/komunikacja-miejska-w-okresie-swiateczno-sylwestrowym-pojedzie-inaczej-zmiany-juz-od-poniedzialku\/#primaryimage"},"image":{"@id":"https:\/\/www.24gliwice.pl\/wiadomosci\/komunikacja-miejska-w-okresie-swiateczno-sylwestrowym-pojedzie-inaczej-zmiany-juz-od-poniedzialku\/#primaryimage"},"thumbnailUrl":"https:\/\/www.24gliwice.pl\/wiadomosci\/wp-content\/uploads\/2019\/12\/autobus-przystanek-e1580478101375.jpg","datePublished":"2019-12-19T15:16:47+00:00","breadcrumb":{"@id":"https:\/\/www.24gliwice.pl\/wiadomosci\/komunikacja-miejska-w-okresie-swiateczno-sylwestrowym-pojedzie-inaczej-zmiany-juz-od-poniedzialku\/#breadcrumb"},"inLanguage":"pl-PL","potentialAction":[{"@type":"ReadAction","target":["https:\/\/www.24gliwice.pl\/wiadomosci\/komunikacja-miejska-w-okresie-swiateczno-sylwestrowym-pojedzie-inaczej-zmiany-juz-od-poniedzialku\/"]}]},{"@type":"ImageObject","inLanguage":"pl-PL","@id":"https:\/\/www.24gliwice.pl\/wiadomosci\/komunikacja-miejska-w-okresie-swiateczno-sylwestrowym-pojedzie-inaczej-zmiany-juz-od-poniedzialku\/#primaryimage","url":"https:\/\/www.24gliwice.pl\/wiadomosci\/wp-content\/uploads\/2019\/12\/autobus-przystanek-e1580478101375.jpg","contentUrl":"https:\/\/www.24gliwice.pl\/wiadomosci\/wp-content\/uploads\/2019\/12\/autobus-przystanek-e1580478101375.jpg","width":810,"height":455},{"@type":"BreadcrumbList","@id":"https:\/\/www.24gliwice.pl\/wiadomosci\/komunikacja-miejska-w-okresie-swiateczno-sylwestrowym-pojedzie-inaczej-zmiany-juz-od-poniedzialku\/#breadcrumb","itemListElement":[{"@type":"ListItem","position":1,"name":"Strona g\u0142\u00f3wna","item":"https:\/\/www.24gliwice.pl\/wiadomosci\/"},{"@type":"ListItem","position":2,"name":"Komunikacja miejska w okresie \u015bwi\u0105teczno-sylwestrowym pojedzie inaczej. Zmiany ju\u017c od poniedzia\u0142ku"}]},{"@type":"WebSite","@id":"https:\/\/www.24gliwice.pl\/wiadomosci\/#website","url":"https:\/\/www.24gliwice.pl\/wiadomosci\/","name":"24GLIWICE - Portal Gliwice | codziennie nowe wiadomo\u015bci","description":"Portal Miejski Gliwice","publisher":{"@id":"https:\/\/www.24gliwice.pl\/wiadomosci\/#organization"},"potentialAction":[{"@type":"SearchAction","target":{"@type":"EntryPoint","urlTemplate":"https:\/\/www.24gliwice.pl\/wiadomosci\/?s={search_term_string}"},"query-input":{"@type":"PropertyValueSpecification","valueRequired":true,"valueName":"search_term_string"}}],"inLanguage":"pl-PL"},{"@type":"Organization","@id":"https:\/\/www.24gliwice.pl\/wiadomosci\/#organization","name":"24gliwice","url":"https:\/\/www.24gliwice.pl\/wiadomosci\/","logo":{"@type":"ImageObject","inLanguage":"pl-PL","@id":"https:\/\/www.24gliwice.pl\/wiadomosci\/#\/schema\/logo\/image\/","url":"https:\/\/www.24gliwice.pl\/wiadomosci\/wp-content\/uploads\/2024\/10\/24gliwice-logo-696.jpg","contentUrl":"https:\/\/www.24gliwice.pl\/wiadomosci\/wp-content\/uploads\/2024\/10\/24gliwice-logo-696.jpg","width":696,"height":696,"caption":"24gliwice"},"image":{"@id":"https:\/\/www.24gliwice.pl\/wiadomosci\/#\/schema\/logo\/image\/"},"sameAs":["https:\/\/www.facebook.com\/24gliwice","https:\/\/x.com\/24gliwice","https:\/\/www.youtube.com\/@24gliwice"]},{"@type":"Person","@id":"https:\/\/www.24gliwice.pl\/wiadomosci\/#\/schema\/person\/e42c650edd7f2fa332be3811fb166b6e","name":"\u017baneta Mrozek-Siewierska","image":{"@type":"ImageObject","inLanguage":"pl-PL","@id":"https:\/\/secure.gravatar.com\/avatar\/1881429e9c64597c77ad7aef2d0a19be69a3253e57534d16aa15bf3a4d34a0a3?s=96&d=mm&r=g","url":"https:\/\/secure.gravatar.com\/avatar\/1881429e9c64597c77ad7aef2d0a19be69a3253e57534d16aa15bf3a4d34a0a3?s=96&d=mm&r=g","contentUrl":"https:\/\/secure.gravatar.com\/avatar\/1881429e9c64597c77ad7aef2d0a19be69a3253e57534d16aa15bf3a4d34a0a3?s=96&d=mm&r=g","caption":"\u017baneta Mrozek-Siewierska"},"url":"https:\/\/www.24gliwice.pl\/wiadomosci\/author\/zms\/"}]}},"_links":{"self":[{"href":"https:\/\/www.24gliwice.pl\/wiadomosci\/wp-json\/wp\/v2\/posts\/145125","targetHints":{"allow":["GET"]}}],"collection":[{"href":"https:\/\/www.24gliwice.pl\/wiadomosci\/wp-json\/wp\/v2\/posts"}],"about":[{"href":"https:\/\/www.24gliwice.pl\/wiadomosci\/wp-json\/wp\/v2\/types\/post"}],"author":[{"embeddable":true,"href":"https:\/\/www.24gliwice.pl\/wiadomosci\/wp-json\/wp\/v2\/users\/15"}],"replies":[{"embeddable":true,"href":"https:\/\/www.24gliwice.pl\/wiadomosci\/wp-json\/wp\/v2\/comments?post=145125"}],"version-history":[{"count":0,"href":"https:\/\/www.24gliwice.pl\/wiadomosci\/wp-json\/wp\/v2\/posts\/145125\/revisions"}],"wp:featuredmedia":[{"embeddable":true,"href":"https:\/\/www.24gliwice.pl\/wiadomosci\/wp-json\/wp\/v2\/media\/145132"}],"wp:attachment":[{"href":"https:\/\/www.24gliwice.pl\/wiadomosci\/wp-json\/wp\/v2\/media?parent=145125"}],"wp:term":[{"taxonomy":"category","embeddable":true,"href":"https:\/\/www.24gliwice.pl\/wiadomosci\/wp-json\/wp\/v2\/categories?post=145125"},{"taxonomy":"post_tag","embeddable":true,"href":"https:\/\/www.24gliwice.pl\/wiadomosci\/wp-json\/wp\/v2\/tags?post=145125"}],"curies":[{"name":"wp","href":"https:\/\/api.w.org\/{rel}","templated":true}]}}