{"id":145318,"date":"2019-12-28T07:12:52","date_gmt":"2019-12-28T06:12:52","guid":{"rendered":"https:\/\/www.24gliwice.pl\/wiadomosci\/?p=145318"},"modified":"2024-02-18T03:12:41","modified_gmt":"2024-02-18T02:12:41","slug":"prawie-32-tysiace-zl-miesiecznie-to-laczne-wynagrodzenie-b-zastepcy-prezydenta-frankiewicza","status":"publish","type":"post","link":"https:\/\/www.24gliwice.pl\/wiadomosci\/prawie-32-tysiace-zl-miesiecznie-to-laczne-wynagrodzenie-b-zastepcy-prezydenta-frankiewicza\/","title":{"rendered":"Prawie 32 tysi\u0105ce z\u0142 miesi\u0119cznie. To \u0142\u0105czne wynagrodzenie b. zast\u0119pcy prezydenta Frankiewicza"},"content":{"rendered":"<div class=\"gliwi-a6-nad-leadem-artykulow gliwi-entity-placement\" id=\"gliwi-1637800022\"><div class=\"gliwi-adlabel\"><span style=\"font-size: 9px\">REKLAMA<\/span><\/div><div id=\"gliwi-2299321968\" style=\"margin-bottom: 30px;margin-left: auto;margin-right: auto;text-align: center;\"><a data-no-instant=\"1\" href=\"https:\/\/przedszkole.halogen.org.pl\/\" rel=\"noopener\" class=\"a2t-link\" target=\"_blank\" aria-label=\"20260402-ANIMATOR-przedszkole_grafika_750x200\"><img loading=\"lazy\" decoding=\"async\" src=\"https:\/\/www.24gliwice.pl\/wiadomosci\/wp-content\/uploads\/2026\/04\/20260402-ANIMATOR-przedszkole_grafika_750x200.webp\" alt=\"\"  srcset=\"https:\/\/www.24gliwice.pl\/wiadomosci\/wp-content\/uploads\/2026\/04\/20260402-ANIMATOR-przedszkole_grafika_750x200.webp 750w, https:\/\/www.24gliwice.pl\/wiadomosci\/wp-content\/uploads\/2026\/04\/20260402-ANIMATOR-przedszkole_grafika_750x200-410x109.webp 410w\" sizes=\"(max-width: 750px) 100vw, 750px\" class=\"no-lazyload\" width=\"750\" height=\"200\"  style=\"display: inline-block; max-width: 100%; height: auto;\" \/><\/a><\/div><\/div><p><iframe loading=\"lazy\" width=\"810\" height=\"455\" src=\"https:\/\/www.youtube.com\/embed\/_nvVvq1k6zk\" frameborder=\"0\" allow=\"accelerometer; autoplay; encrypted-media; gyroscope; picture-in-picture\" allowfullscreen><\/iframe><\/p>\n<h3>31 957 z\u0142otych &#8211; tyle wynosi aktualne wynagrodzenie Krystiana Tomali, by\u0142ego zast\u0119pcy Zygmunta Frankiewicza. Informacje o zarobkach Tomali ujawni\u0142 na ostatniej konferencji prasowej p.o. prezydenta Gliwic, Janusz Moszy\u0144ski. &#8211; To s\u0105 zarobki wyra\u017anie lepsze ni\u017c wynagrodzenie prezydenta Polski, premiera czy prezydenta Warszawy.<\/h3>\n<p>By\u0142y zast\u0119pca prezydenta Gliwic od momentu wyboru Zygmunta Frankiewicza na senatora, czyli 13 pa\u017adziernika, nie pe\u0142ni ju\u017c swojej funkcji, nadal jednak znakomicie zarabia w strukturach miejskich podmiot\u00f3w. Tomala od lat by\u0142 urlopowanym dyrektorem MZUK. Po wyborach parlamentarnych, kiedy to utraci\u0142 stanowisko w magistracie, powr\u00f3ci\u0142 do zarz\u0105dzania &#8220;komunalnymi&#8221;. <\/p>\n<p>&#8211; <em>Obecna sytuacja jest taka, \u017ce pan Tomala pobiera prawie 14 tysi\u0119cy (z\u0142otych, red.) w Urz\u0119dzie Miejskim przez okres wypowiedzenia, prawie 10 tysi\u0119cy jak dyrektor Miejskiego Zarz\u0105du Us\u0142ug Komunalnych, jako cz\u0142onek Rady Nadzorczej Sl\u0105skiego Centrum Logistyki prawie 5 tysi\u0119cy i jako cz\u0142onek Rady Nadzorczej Piasta Gliwice ponad 3,3 tys. z\u0142otych, co razem daje 31 957 z\u0142otych. To s\u0105 zarobki wyra\u017anie lepsze od premiera, od prezydenta, prezydenta Warszawy, prezydenta RP<\/em> &#8211; przekaza\u0142 <strong>Janusz Moszy\u0144ski<\/strong>, pe\u0142ni\u0105cy obowi\u0105zki prezydenta miasta Gliwice.<\/p><div class=\"gliwi-a3-w-tresci-artykulow gliwi-entity-placement\" id=\"gliwi-1190926456\"><div class=\"gliwi-adlabel\"><span style=\"font-size: 9px\">REKLAMA<\/span><\/div><div id=\"gliwi-819830356\" style=\"margin-bottom: 30px;margin-left: auto;margin-right: auto;text-align: center;\"><a data-no-instant=\"1\" href=\"https:\/\/ogrodyandersa.pl\/\" rel=\"noopener\" class=\"a2t-link\" target=\"_blank\" aria-label=\"20260415 Ogrody Andersa KUP TERAZ D\"><img loading=\"lazy\" decoding=\"async\" src=\"https:\/\/www.24gliwice.pl\/wiadomosci\/wp-content\/uploads\/2026\/04\/20260415-Ogrody-Andersa-KUP-TERAZ-D.jpg\" alt=\"\"  srcset=\"https:\/\/www.24gliwice.pl\/wiadomosci\/wp-content\/uploads\/2026\/04\/20260415-Ogrody-Andersa-KUP-TERAZ-D.jpg 750w, https:\/\/www.24gliwice.pl\/wiadomosci\/wp-content\/uploads\/2026\/04\/20260415-Ogrody-Andersa-KUP-TERAZ-D-410x109.jpg 410w\" sizes=\"(max-width: 750px) 100vw, 750px\" class=\"no-lazyload\" width=\"750\" height=\"200\"  style=\"display: inline-block; max-width: 100%; height: auto;\" \/><\/a><\/div><\/div>\n<h3>Przypomnijmy, Krystian Tomala zasiada w dw\u00f3ch radach nadzorczych miejskich sp\u00f3\u0142ek: \u015al\u0105skiego Centrum Logistyki S.A., a tak\u017ce w Pia\u015bcie Gliwice. <\/h3>\n<p>T\u0119 ostatni\u0105 funkcj\u0119 obj\u0105\u0142 na pocz\u0105tku pa\u017adziernika, na chwil\u0119 przed wyborami, kiedy by\u0142o wiadomo, \u017ce wkr\u00f3tce mo\u017ce straci\u0107 stanowisko prezydenckie. Niedawno okaza\u0142o si\u0119, \u017ce zmiany w RN klubu z Okrzei mia\u0142y jeszcze inny cel &#8211; &#8220;zabezpieczenie&#8221; Piasta przed politycznymi wp\u0142ywami podczas kampanii wyborczej. <a href=\"https:\/\/www.24gliwice.pl\/wiadomosci\/miasto-stracilo-kontrole-nad-piastem-jest-juz-zapowiedz-zlozenia-zawiadomienia-do-prokuratury\/\" rel=\"noopener noreferrer\" target=\"_blank\">Wi\u0119cej na ten temat pisali\u015bmy tutaj. <\/a><\/p>\n<p>R\u00f3wnie\u017c <strong>Adam Neumann<\/strong>, by\u0142y zast\u0119pca prezydenta miasta Zygmunta Frankiewicza, piastuje stanowisko w Radzie Nadzorczej sp\u00f3\u0142ki z wi\u0119kszo\u015bciowym pakietem udzia\u0142\u00f3w miasta &#8211; w Przedsi\u0119biorstwie Wodoci\u0105g\u00f3w i Kanalizacji. W\u015br\u00f3d organ\u00f3w nadzoru innych podmiot\u00f3w mo\u017cna natkn\u0105\u0107 si\u0119 m.in. na sekretarza miasta, <strong>Andrzeja Karasi\u0144skiego<\/strong> (PEC Gliwice). <\/p>\n<p><a href=\"https:\/\/bip.gliwice.eu\/strona=10439\" rel=\"noopener noreferrer\" target=\"_blank\">Wi\u0119cej informacji na temat sk\u0142ad\u00f3w Rad Nadzorczych sp\u00f3\u0142ek z udzia\u0142em miasta mo\u017cna znale\u017a\u0107 tutaj. <\/a><\/p>\n<p>(\u017cms)<\/p>\n<div class=\"gliwi-a5-na-koncu-artykulow gliwi-entity-placement\" id=\"gliwi-2466512375\"><div class=\"gliwi-adlabel\"><span style=\"font-size: 9px\">REKLAMA<\/span><\/div><div id=\"gliwi-3018118254\" style=\"margin-left: auto;margin-right: auto;text-align: center;\"><a data-no-instant=\"1\" href=\"https:\/\/www.jasek.pl\/\" rel=\"noopener\" class=\"a2t-link\" target=\"_blank\" aria-label=\"20200401-jasek 600\"><img loading=\"lazy\" decoding=\"async\" src=\"https:\/\/www.24gliwice.pl\/wiadomosci\/wp-content\/uploads\/2020\/04\/20200401-jasek-600.jpg\" alt=\"\"  srcset=\"https:\/\/www.24gliwice.pl\/wiadomosci\/wp-content\/uploads\/2020\/04\/20200401-jasek-600.jpg 600w, https:\/\/www.24gliwice.pl\/wiadomosci\/wp-content\/uploads\/2020\/04\/20200401-jasek-600-410x109.jpg 410w\" sizes=\"(max-width: 600px) 100vw, 600px\" class=\"no-lazyload\" width=\"600\" height=\"160\"  style=\"display: inline-block; max-width: 100%; height: auto;\" \/><\/a><\/div><\/div>","protected":false},"excerpt":{"rendered":"<p>31 957 z\u0142otych &#8211; tyle wynosi aktualne wynagrodzenie Krystiana Tomali, by\u0142ego zast\u0119pcy Zygmunta Frankiewicza. Informacje o zarobkach Tomali ujawni\u0142 na ostatniej konferencji prasowej p.o. prezydenta Gliwic, Janusz Moszy\u0144ski. &#8211; To s\u0105 zarobki wyra\u017anie lepsze ni\u017c wynagrodzenie prezydenta Polski, premiera czy prezydenta Warszawy. By\u0142y zast\u0119pca prezydenta Gliwic od momentu wyboru Zygmunta Frankiewicza na senatora, czyli 13 [&hellip;]<\/p>\n","protected":false},"author":15,"featured_media":145356,"comment_status":"open","ping_status":"closed","sticky":false,"template":"","format":"video","meta":{"_monsterinsights_skip_tracking":false,"_monsterinsights_sitenote_active":false,"_monsterinsights_sitenote_note":"","_monsterinsights_sitenote_category":0,"footnotes":"","_links_to":"","_links_to_target":""},"categories":[3,1,9,8],"tags":[4875,1219,257,12176,10303,8438,8989,13810],"class_list":["post-145318","post","type-post","status-publish","format-video","has-post-thumbnail","hentry","category-gliwice","category-wszystko","category-aktualnosci_lokalne","category-samorzad_polityka","tag-koalicja-dla-gliwic-zygmunta-frankiewicza","tag-krystian-tomala","tag-mzuk","tag-neumann","tag-rada-nadzorcza","tag-tomala","tag-wiceprezydent","tag-wynagrodzenie","post_format-post-format-video"],"yoast_head":"<!-- This site is optimized with the Yoast SEO plugin v27.5 - https:\/\/yoast.com\/product\/yoast-seo-wordpress\/ -->\n<title>Prawie 32 tysi\u0105ce z\u0142 miesi\u0119cznie. To \u0142\u0105czne wynagrodzenie b. zast\u0119pcy prezydenta Frankiewicza - 24GLIWICE - Portal Gliwice | codziennie nowe informacje<\/title>\n<meta name=\"robots\" content=\"index, follow, max-snippet:-1, max-image-preview:large, max-video-preview:-1\" \/>\n<link rel=\"canonical\" href=\"https:\/\/www.24gliwice.pl\/wiadomosci\/prawie-32-tysiace-zl-miesiecznie-to-laczne-wynagrodzenie-b-zastepcy-prezydenta-frankiewicza\/\" \/>\n<meta property=\"og:locale\" content=\"pl_PL\" \/>\n<meta property=\"og:type\" content=\"article\" \/>\n<meta property=\"og:title\" content=\"Prawie 32 tysi\u0105ce z\u0142 miesi\u0119cznie. To \u0142\u0105czne wynagrodzenie b. zast\u0119pcy prezydenta Frankiewicza - 24GLIWICE - Portal Gliwice | codziennie nowe informacje\" \/>\n<meta property=\"og:description\" content=\"31 957 z\u0142otych &#8211; tyle wynosi aktualne wynagrodzenie Krystiana Tomali, by\u0142ego zast\u0119pcy Zygmunta Frankiewicza. Informacje o zarobkach Tomali ujawni\u0142 na ostatniej konferencji prasowej p.o. prezydenta Gliwic, Janusz Moszy\u0144ski. &#8211; To s\u0105 zarobki wyra\u017anie lepsze ni\u017c wynagrodzenie prezydenta Polski, premiera czy prezydenta Warszawy. By\u0142y zast\u0119pca prezydenta Gliwic od momentu wyboru Zygmunta Frankiewicza na senatora, czyli 13 [&hellip;]\" \/>\n<meta property=\"og:url\" content=\"https:\/\/www.24gliwice.pl\/wiadomosci\/prawie-32-tysiace-zl-miesiecznie-to-laczne-wynagrodzenie-b-zastepcy-prezydenta-frankiewicza\/\" \/>\n<meta property=\"og:site_name\" content=\"24GLIWICE - Portal Gliwice | codziennie nowe informacje\" \/>\n<meta property=\"article:publisher\" content=\"https:\/\/www.facebook.com\/24gliwice\" \/>\n<meta property=\"article:published_time\" content=\"2019-12-28T06:12:52+00:00\" \/>\n<meta property=\"article:modified_time\" content=\"2024-02-18T02:12:41+00:00\" \/>\n<meta property=\"og:image\" content=\"https:\/\/www.24gliwice.pl\/wiadomosci\/wp-content\/uploads\/2019\/12\/krystian-tomala-gliwice.jpg\" \/>\n\t<meta property=\"og:image:width\" content=\"810\" \/>\n\t<meta property=\"og:image:height\" content=\"456\" \/>\n\t<meta property=\"og:image:type\" content=\"image\/jpeg\" \/>\n<meta name=\"author\" content=\"\u017baneta Mrozek-Siewierska\" \/>\n<meta name=\"twitter:card\" content=\"summary_large_image\" \/>\n<meta name=\"twitter:creator\" content=\"@24gliwice\" \/>\n<meta name=\"twitter:site\" content=\"@24gliwice\" \/>\n<meta name=\"twitter:label1\" content=\"Napisane przez\" \/>\n\t<meta name=\"twitter:data1\" content=\"\u017baneta Mrozek-Siewierska\" \/>\n\t<meta name=\"twitter:label2\" content=\"Szacowany czas czytania\" \/>\n\t<meta name=\"twitter:data2\" content=\"2 minuty\" \/>\n<script type=\"application\/ld+json\" class=\"yoast-schema-graph\">{\"@context\":\"https:\\\/\\\/schema.org\",\"@graph\":[{\"@type\":\"Article\",\"@id\":\"https:\\\/\\\/www.24gliwice.pl\\\/wiadomosci\\\/prawie-32-tysiace-zl-miesiecznie-to-laczne-wynagrodzenie-b-zastepcy-prezydenta-frankiewicza\\\/#article\",\"isPartOf\":{\"@id\":\"https:\\\/\\\/www.24gliwice.pl\\\/wiadomosci\\\/prawie-32-tysiace-zl-miesiecznie-to-laczne-wynagrodzenie-b-zastepcy-prezydenta-frankiewicza\\\/\"},\"author\":{\"name\":\"\u017baneta Mrozek-Siewierska\",\"@id\":\"https:\\\/\\\/www.24gliwice.pl\\\/wiadomosci\\\/#\\\/schema\\\/person\\\/e42c650edd7f2fa332be3811fb166b6e\"},\"headline\":\"Prawie 32 tysi\u0105ce z\u0142 miesi\u0119cznie. To \u0142\u0105czne wynagrodzenie b. zast\u0119pcy prezydenta Frankiewicza\",\"datePublished\":\"2019-12-28T06:12:52+00:00\",\"dateModified\":\"2024-02-18T02:12:41+00:00\",\"mainEntityOfPage\":{\"@id\":\"https:\\\/\\\/www.24gliwice.pl\\\/wiadomosci\\\/prawie-32-tysiace-zl-miesiecznie-to-laczne-wynagrodzenie-b-zastepcy-prezydenta-frankiewicza\\\/\"},\"wordCount\":366,\"commentCount\":0,\"publisher\":{\"@id\":\"https:\\\/\\\/www.24gliwice.pl\\\/wiadomosci\\\/#organization\"},\"image\":{\"@id\":\"https:\\\/\\\/www.24gliwice.pl\\\/wiadomosci\\\/prawie-32-tysiace-zl-miesiecznie-to-laczne-wynagrodzenie-b-zastepcy-prezydenta-frankiewicza\\\/#primaryimage\"},\"thumbnailUrl\":\"https:\\\/\\\/www.24gliwice.pl\\\/wiadomosci\\\/wp-content\\\/uploads\\\/2019\\\/12\\\/krystian-tomala-gliwice.jpg\",\"keywords\":[\"KOALICJA DLA GLIWIC ZYGMUNTA FRANKIEWICZA\",\"KRYSTIAN TOMALA\",\"MZUK\",\"NEUMANN\",\"rada nadzorcza\",\"tomala\",\"wiceprezydent\",\"wynagrodzenie\"],\"articleSection\":[\"Gliwice\",\"Najnowsze wiadomo\u015bci\",\"Portal Gliwice - Wiadomo\u015bci lokalne\",\"Samorz\u0105d, polityka\"],\"inLanguage\":\"pl-PL\",\"potentialAction\":[{\"@type\":\"CommentAction\",\"name\":\"Comment\",\"target\":[\"https:\\\/\\\/www.24gliwice.pl\\\/wiadomosci\\\/prawie-32-tysiace-zl-miesiecznie-to-laczne-wynagrodzenie-b-zastepcy-prezydenta-frankiewicza\\\/#respond\"]}]},{\"@type\":\"WebPage\",\"@id\":\"https:\\\/\\\/www.24gliwice.pl\\\/wiadomosci\\\/prawie-32-tysiace-zl-miesiecznie-to-laczne-wynagrodzenie-b-zastepcy-prezydenta-frankiewicza\\\/\",\"url\":\"https:\\\/\\\/www.24gliwice.pl\\\/wiadomosci\\\/prawie-32-tysiace-zl-miesiecznie-to-laczne-wynagrodzenie-b-zastepcy-prezydenta-frankiewicza\\\/\",\"name\":\"Prawie 32 tysi\u0105ce z\u0142 miesi\u0119cznie. To \u0142\u0105czne wynagrodzenie b. zast\u0119pcy prezydenta Frankiewicza - 24GLIWICE - Portal Gliwice | codziennie nowe informacje\",\"isPartOf\":{\"@id\":\"https:\\\/\\\/www.24gliwice.pl\\\/wiadomosci\\\/#website\"},\"primaryImageOfPage\":{\"@id\":\"https:\\\/\\\/www.24gliwice.pl\\\/wiadomosci\\\/prawie-32-tysiace-zl-miesiecznie-to-laczne-wynagrodzenie-b-zastepcy-prezydenta-frankiewicza\\\/#primaryimage\"},\"image\":{\"@id\":\"https:\\\/\\\/www.24gliwice.pl\\\/wiadomosci\\\/prawie-32-tysiace-zl-miesiecznie-to-laczne-wynagrodzenie-b-zastepcy-prezydenta-frankiewicza\\\/#primaryimage\"},\"thumbnailUrl\":\"https:\\\/\\\/www.24gliwice.pl\\\/wiadomosci\\\/wp-content\\\/uploads\\\/2019\\\/12\\\/krystian-tomala-gliwice.jpg\",\"datePublished\":\"2019-12-28T06:12:52+00:00\",\"dateModified\":\"2024-02-18T02:12:41+00:00\",\"breadcrumb\":{\"@id\":\"https:\\\/\\\/www.24gliwice.pl\\\/wiadomosci\\\/prawie-32-tysiace-zl-miesiecznie-to-laczne-wynagrodzenie-b-zastepcy-prezydenta-frankiewicza\\\/#breadcrumb\"},\"inLanguage\":\"pl-PL\",\"potentialAction\":[{\"@type\":\"ReadAction\",\"target\":[\"https:\\\/\\\/www.24gliwice.pl\\\/wiadomosci\\\/prawie-32-tysiace-zl-miesiecznie-to-laczne-wynagrodzenie-b-zastepcy-prezydenta-frankiewicza\\\/\"]}]},{\"@type\":\"ImageObject\",\"inLanguage\":\"pl-PL\",\"@id\":\"https:\\\/\\\/www.24gliwice.pl\\\/wiadomosci\\\/prawie-32-tysiace-zl-miesiecznie-to-laczne-wynagrodzenie-b-zastepcy-prezydenta-frankiewicza\\\/#primaryimage\",\"url\":\"https:\\\/\\\/www.24gliwice.pl\\\/wiadomosci\\\/wp-content\\\/uploads\\\/2019\\\/12\\\/krystian-tomala-gliwice.jpg\",\"contentUrl\":\"https:\\\/\\\/www.24gliwice.pl\\\/wiadomosci\\\/wp-content\\\/uploads\\\/2019\\\/12\\\/krystian-tomala-gliwice.jpg\",\"width\":810,\"height\":456},{\"@type\":\"BreadcrumbList\",\"@id\":\"https:\\\/\\\/www.24gliwice.pl\\\/wiadomosci\\\/prawie-32-tysiace-zl-miesiecznie-to-laczne-wynagrodzenie-b-zastepcy-prezydenta-frankiewicza\\\/#breadcrumb\",\"itemListElement\":[{\"@type\":\"ListItem\",\"position\":1,\"name\":\"Strona g\u0142\u00f3wna\",\"item\":\"https:\\\/\\\/www.24gliwice.pl\\\/wiadomosci\\\/\"},{\"@type\":\"ListItem\",\"position\":2,\"name\":\"Prawie 32 tysi\u0105ce z\u0142 miesi\u0119cznie. To \u0142\u0105czne wynagrodzenie b. zast\u0119pcy prezydenta Frankiewicza\"}]},{\"@type\":\"WebSite\",\"@id\":\"https:\\\/\\\/www.24gliwice.pl\\\/wiadomosci\\\/#website\",\"url\":\"https:\\\/\\\/www.24gliwice.pl\\\/wiadomosci\\\/\",\"name\":\"24GLIWICE - Portal Gliwice | codziennie nowe wiadomo\u015bci\",\"description\":\"Portal Miejski Gliwice\",\"publisher\":{\"@id\":\"https:\\\/\\\/www.24gliwice.pl\\\/wiadomosci\\\/#organization\"},\"potentialAction\":[{\"@type\":\"SearchAction\",\"target\":{\"@type\":\"EntryPoint\",\"urlTemplate\":\"https:\\\/\\\/www.24gliwice.pl\\\/wiadomosci\\\/?s={search_term_string}\"},\"query-input\":{\"@type\":\"PropertyValueSpecification\",\"valueRequired\":true,\"valueName\":\"search_term_string\"}}],\"inLanguage\":\"pl-PL\"},{\"@type\":\"Organization\",\"@id\":\"https:\\\/\\\/www.24gliwice.pl\\\/wiadomosci\\\/#organization\",\"name\":\"24gliwice\",\"url\":\"https:\\\/\\\/www.24gliwice.pl\\\/wiadomosci\\\/\",\"logo\":{\"@type\":\"ImageObject\",\"inLanguage\":\"pl-PL\",\"@id\":\"https:\\\/\\\/www.24gliwice.pl\\\/wiadomosci\\\/#\\\/schema\\\/logo\\\/image\\\/\",\"url\":\"https:\\\/\\\/www.24gliwice.pl\\\/wiadomosci\\\/wp-content\\\/uploads\\\/2024\\\/10\\\/24gliwice-logo-696.jpg\",\"contentUrl\":\"https:\\\/\\\/www.24gliwice.pl\\\/wiadomosci\\\/wp-content\\\/uploads\\\/2024\\\/10\\\/24gliwice-logo-696.jpg\",\"width\":696,\"height\":696,\"caption\":\"24gliwice\"},\"image\":{\"@id\":\"https:\\\/\\\/www.24gliwice.pl\\\/wiadomosci\\\/#\\\/schema\\\/logo\\\/image\\\/\"},\"sameAs\":[\"https:\\\/\\\/www.facebook.com\\\/24gliwice\",\"https:\\\/\\\/x.com\\\/24gliwice\",\"https:\\\/\\\/www.youtube.com\\\/@24gliwice\"]},{\"@type\":\"Person\",\"@id\":\"https:\\\/\\\/www.24gliwice.pl\\\/wiadomosci\\\/#\\\/schema\\\/person\\\/e42c650edd7f2fa332be3811fb166b6e\",\"name\":\"\u017baneta Mrozek-Siewierska\",\"image\":{\"@type\":\"ImageObject\",\"inLanguage\":\"pl-PL\",\"@id\":\"https:\\\/\\\/secure.gravatar.com\\\/avatar\\\/1881429e9c64597c77ad7aef2d0a19be69a3253e57534d16aa15bf3a4d34a0a3?s=96&d=mm&r=g\",\"url\":\"https:\\\/\\\/secure.gravatar.com\\\/avatar\\\/1881429e9c64597c77ad7aef2d0a19be69a3253e57534d16aa15bf3a4d34a0a3?s=96&d=mm&r=g\",\"contentUrl\":\"https:\\\/\\\/secure.gravatar.com\\\/avatar\\\/1881429e9c64597c77ad7aef2d0a19be69a3253e57534d16aa15bf3a4d34a0a3?s=96&d=mm&r=g\",\"caption\":\"\u017baneta Mrozek-Siewierska\"},\"url\":\"https:\\\/\\\/www.24gliwice.pl\\\/wiadomosci\\\/author\\\/zms\\\/\"}]}<\/script>\n<!-- \/ Yoast SEO plugin. -->","yoast_head_json":{"title":"Prawie 32 tysi\u0105ce z\u0142 miesi\u0119cznie. To \u0142\u0105czne wynagrodzenie b. zast\u0119pcy prezydenta Frankiewicza - 24GLIWICE - Portal Gliwice | codziennie nowe informacje","robots":{"index":"index","follow":"follow","max-snippet":"max-snippet:-1","max-image-preview":"max-image-preview:large","max-video-preview":"max-video-preview:-1"},"canonical":"https:\/\/www.24gliwice.pl\/wiadomosci\/prawie-32-tysiace-zl-miesiecznie-to-laczne-wynagrodzenie-b-zastepcy-prezydenta-frankiewicza\/","og_locale":"pl_PL","og_type":"article","og_title":"Prawie 32 tysi\u0105ce z\u0142 miesi\u0119cznie. To \u0142\u0105czne wynagrodzenie b. zast\u0119pcy prezydenta Frankiewicza - 24GLIWICE - Portal Gliwice | codziennie nowe informacje","og_description":"31 957 z\u0142otych &#8211; tyle wynosi aktualne wynagrodzenie Krystiana Tomali, by\u0142ego zast\u0119pcy Zygmunta Frankiewicza. Informacje o zarobkach Tomali ujawni\u0142 na ostatniej konferencji prasowej p.o. prezydenta Gliwic, Janusz Moszy\u0144ski. &#8211; To s\u0105 zarobki wyra\u017anie lepsze ni\u017c wynagrodzenie prezydenta Polski, premiera czy prezydenta Warszawy. By\u0142y zast\u0119pca prezydenta Gliwic od momentu wyboru Zygmunta Frankiewicza na senatora, czyli 13 [&hellip;]","og_url":"https:\/\/www.24gliwice.pl\/wiadomosci\/prawie-32-tysiace-zl-miesiecznie-to-laczne-wynagrodzenie-b-zastepcy-prezydenta-frankiewicza\/","og_site_name":"24GLIWICE - Portal Gliwice | codziennie nowe informacje","article_publisher":"https:\/\/www.facebook.com\/24gliwice","article_published_time":"2019-12-28T06:12:52+00:00","article_modified_time":"2024-02-18T02:12:41+00:00","og_image":[{"width":810,"height":456,"url":"https:\/\/www.24gliwice.pl\/wiadomosci\/wp-content\/uploads\/2019\/12\/krystian-tomala-gliwice.jpg","type":"image\/jpeg"}],"author":"\u017baneta Mrozek-Siewierska","twitter_card":"summary_large_image","twitter_creator":"@24gliwice","twitter_site":"@24gliwice","twitter_misc":{"Napisane przez":"\u017baneta Mrozek-Siewierska","Szacowany czas czytania":"2 minuty"},"schema":{"@context":"https:\/\/schema.org","@graph":[{"@type":"Article","@id":"https:\/\/www.24gliwice.pl\/wiadomosci\/prawie-32-tysiace-zl-miesiecznie-to-laczne-wynagrodzenie-b-zastepcy-prezydenta-frankiewicza\/#article","isPartOf":{"@id":"https:\/\/www.24gliwice.pl\/wiadomosci\/prawie-32-tysiace-zl-miesiecznie-to-laczne-wynagrodzenie-b-zastepcy-prezydenta-frankiewicza\/"},"author":{"name":"\u017baneta Mrozek-Siewierska","@id":"https:\/\/www.24gliwice.pl\/wiadomosci\/#\/schema\/person\/e42c650edd7f2fa332be3811fb166b6e"},"headline":"Prawie 32 tysi\u0105ce z\u0142 miesi\u0119cznie. To \u0142\u0105czne wynagrodzenie b. zast\u0119pcy prezydenta Frankiewicza","datePublished":"2019-12-28T06:12:52+00:00","dateModified":"2024-02-18T02:12:41+00:00","mainEntityOfPage":{"@id":"https:\/\/www.24gliwice.pl\/wiadomosci\/prawie-32-tysiace-zl-miesiecznie-to-laczne-wynagrodzenie-b-zastepcy-prezydenta-frankiewicza\/"},"wordCount":366,"commentCount":0,"publisher":{"@id":"https:\/\/www.24gliwice.pl\/wiadomosci\/#organization"},"image":{"@id":"https:\/\/www.24gliwice.pl\/wiadomosci\/prawie-32-tysiace-zl-miesiecznie-to-laczne-wynagrodzenie-b-zastepcy-prezydenta-frankiewicza\/#primaryimage"},"thumbnailUrl":"https:\/\/www.24gliwice.pl\/wiadomosci\/wp-content\/uploads\/2019\/12\/krystian-tomala-gliwice.jpg","keywords":["KOALICJA DLA GLIWIC ZYGMUNTA FRANKIEWICZA","KRYSTIAN TOMALA","MZUK","NEUMANN","rada nadzorcza","tomala","wiceprezydent","wynagrodzenie"],"articleSection":["Gliwice","Najnowsze wiadomo\u015bci","Portal Gliwice - Wiadomo\u015bci lokalne","Samorz\u0105d, polityka"],"inLanguage":"pl-PL","potentialAction":[{"@type":"CommentAction","name":"Comment","target":["https:\/\/www.24gliwice.pl\/wiadomosci\/prawie-32-tysiace-zl-miesiecznie-to-laczne-wynagrodzenie-b-zastepcy-prezydenta-frankiewicza\/#respond"]}]},{"@type":"WebPage","@id":"https:\/\/www.24gliwice.pl\/wiadomosci\/prawie-32-tysiace-zl-miesiecznie-to-laczne-wynagrodzenie-b-zastepcy-prezydenta-frankiewicza\/","url":"https:\/\/www.24gliwice.pl\/wiadomosci\/prawie-32-tysiace-zl-miesiecznie-to-laczne-wynagrodzenie-b-zastepcy-prezydenta-frankiewicza\/","name":"Prawie 32 tysi\u0105ce z\u0142 miesi\u0119cznie. To \u0142\u0105czne wynagrodzenie b. zast\u0119pcy prezydenta Frankiewicza - 24GLIWICE - Portal Gliwice | codziennie nowe informacje","isPartOf":{"@id":"https:\/\/www.24gliwice.pl\/wiadomosci\/#website"},"primaryImageOfPage":{"@id":"https:\/\/www.24gliwice.pl\/wiadomosci\/prawie-32-tysiace-zl-miesiecznie-to-laczne-wynagrodzenie-b-zastepcy-prezydenta-frankiewicza\/#primaryimage"},"image":{"@id":"https:\/\/www.24gliwice.pl\/wiadomosci\/prawie-32-tysiace-zl-miesiecznie-to-laczne-wynagrodzenie-b-zastepcy-prezydenta-frankiewicza\/#primaryimage"},"thumbnailUrl":"https:\/\/www.24gliwice.pl\/wiadomosci\/wp-content\/uploads\/2019\/12\/krystian-tomala-gliwice.jpg","datePublished":"2019-12-28T06:12:52+00:00","dateModified":"2024-02-18T02:12:41+00:00","breadcrumb":{"@id":"https:\/\/www.24gliwice.pl\/wiadomosci\/prawie-32-tysiace-zl-miesiecznie-to-laczne-wynagrodzenie-b-zastepcy-prezydenta-frankiewicza\/#breadcrumb"},"inLanguage":"pl-PL","potentialAction":[{"@type":"ReadAction","target":["https:\/\/www.24gliwice.pl\/wiadomosci\/prawie-32-tysiace-zl-miesiecznie-to-laczne-wynagrodzenie-b-zastepcy-prezydenta-frankiewicza\/"]}]},{"@type":"ImageObject","inLanguage":"pl-PL","@id":"https:\/\/www.24gliwice.pl\/wiadomosci\/prawie-32-tysiace-zl-miesiecznie-to-laczne-wynagrodzenie-b-zastepcy-prezydenta-frankiewicza\/#primaryimage","url":"https:\/\/www.24gliwice.pl\/wiadomosci\/wp-content\/uploads\/2019\/12\/krystian-tomala-gliwice.jpg","contentUrl":"https:\/\/www.24gliwice.pl\/wiadomosci\/wp-content\/uploads\/2019\/12\/krystian-tomala-gliwice.jpg","width":810,"height":456},{"@type":"BreadcrumbList","@id":"https:\/\/www.24gliwice.pl\/wiadomosci\/prawie-32-tysiace-zl-miesiecznie-to-laczne-wynagrodzenie-b-zastepcy-prezydenta-frankiewicza\/#breadcrumb","itemListElement":[{"@type":"ListItem","position":1,"name":"Strona g\u0142\u00f3wna","item":"https:\/\/www.24gliwice.pl\/wiadomosci\/"},{"@type":"ListItem","position":2,"name":"Prawie 32 tysi\u0105ce z\u0142 miesi\u0119cznie. To \u0142\u0105czne wynagrodzenie b. zast\u0119pcy prezydenta Frankiewicza"}]},{"@type":"WebSite","@id":"https:\/\/www.24gliwice.pl\/wiadomosci\/#website","url":"https:\/\/www.24gliwice.pl\/wiadomosci\/","name":"24GLIWICE - Portal Gliwice | codziennie nowe wiadomo\u015bci","description":"Portal Miejski Gliwice","publisher":{"@id":"https:\/\/www.24gliwice.pl\/wiadomosci\/#organization"},"potentialAction":[{"@type":"SearchAction","target":{"@type":"EntryPoint","urlTemplate":"https:\/\/www.24gliwice.pl\/wiadomosci\/?s={search_term_string}"},"query-input":{"@type":"PropertyValueSpecification","valueRequired":true,"valueName":"search_term_string"}}],"inLanguage":"pl-PL"},{"@type":"Organization","@id":"https:\/\/www.24gliwice.pl\/wiadomosci\/#organization","name":"24gliwice","url":"https:\/\/www.24gliwice.pl\/wiadomosci\/","logo":{"@type":"ImageObject","inLanguage":"pl-PL","@id":"https:\/\/www.24gliwice.pl\/wiadomosci\/#\/schema\/logo\/image\/","url":"https:\/\/www.24gliwice.pl\/wiadomosci\/wp-content\/uploads\/2024\/10\/24gliwice-logo-696.jpg","contentUrl":"https:\/\/www.24gliwice.pl\/wiadomosci\/wp-content\/uploads\/2024\/10\/24gliwice-logo-696.jpg","width":696,"height":696,"caption":"24gliwice"},"image":{"@id":"https:\/\/www.24gliwice.pl\/wiadomosci\/#\/schema\/logo\/image\/"},"sameAs":["https:\/\/www.facebook.com\/24gliwice","https:\/\/x.com\/24gliwice","https:\/\/www.youtube.com\/@24gliwice"]},{"@type":"Person","@id":"https:\/\/www.24gliwice.pl\/wiadomosci\/#\/schema\/person\/e42c650edd7f2fa332be3811fb166b6e","name":"\u017baneta Mrozek-Siewierska","image":{"@type":"ImageObject","inLanguage":"pl-PL","@id":"https:\/\/secure.gravatar.com\/avatar\/1881429e9c64597c77ad7aef2d0a19be69a3253e57534d16aa15bf3a4d34a0a3?s=96&d=mm&r=g","url":"https:\/\/secure.gravatar.com\/avatar\/1881429e9c64597c77ad7aef2d0a19be69a3253e57534d16aa15bf3a4d34a0a3?s=96&d=mm&r=g","contentUrl":"https:\/\/secure.gravatar.com\/avatar\/1881429e9c64597c77ad7aef2d0a19be69a3253e57534d16aa15bf3a4d34a0a3?s=96&d=mm&r=g","caption":"\u017baneta Mrozek-Siewierska"},"url":"https:\/\/www.24gliwice.pl\/wiadomosci\/author\/zms\/"}]}},"_links":{"self":[{"href":"https:\/\/www.24gliwice.pl\/wiadomosci\/wp-json\/wp\/v2\/posts\/145318","targetHints":{"allow":["GET"]}}],"collection":[{"href":"https:\/\/www.24gliwice.pl\/wiadomosci\/wp-json\/wp\/v2\/posts"}],"about":[{"href":"https:\/\/www.24gliwice.pl\/wiadomosci\/wp-json\/wp\/v2\/types\/post"}],"author":[{"embeddable":true,"href":"https:\/\/www.24gliwice.pl\/wiadomosci\/wp-json\/wp\/v2\/users\/15"}],"replies":[{"embeddable":true,"href":"https:\/\/www.24gliwice.pl\/wiadomosci\/wp-json\/wp\/v2\/comments?post=145318"}],"version-history":[{"count":0,"href":"https:\/\/www.24gliwice.pl\/wiadomosci\/wp-json\/wp\/v2\/posts\/145318\/revisions"}],"wp:featuredmedia":[{"embeddable":true,"href":"https:\/\/www.24gliwice.pl\/wiadomosci\/wp-json\/wp\/v2\/media\/145356"}],"wp:attachment":[{"href":"https:\/\/www.24gliwice.pl\/wiadomosci\/wp-json\/wp\/v2\/media?parent=145318"}],"wp:term":[{"taxonomy":"category","embeddable":true,"href":"https:\/\/www.24gliwice.pl\/wiadomosci\/wp-json\/wp\/v2\/categories?post=145318"},{"taxonomy":"post_tag","embeddable":true,"href":"https:\/\/www.24gliwice.pl\/wiadomosci\/wp-json\/wp\/v2\/tags?post=145318"}],"curies":[{"name":"wp","href":"https:\/\/api.w.org\/{rel}","templated":true}]}}