{"id":145461,"date":"2019-12-31T02:57:30","date_gmt":"2019-12-31T01:57:30","guid":{"rendered":"https:\/\/www.24gliwice.pl\/wiadomosci\/?p=145461"},"modified":"2024-08-20T01:59:57","modified_gmt":"2024-08-19T23:59:57","slug":"wladze-piasta-groza-sadem-kww-janusza-moszynskiego-wydaly-ostre-oswiadczenie","status":"publish","type":"post","link":"https:\/\/www.24gliwice.pl\/wiadomosci\/wladze-piasta-groza-sadem-kww-janusza-moszynskiego-wydaly-ostre-oswiadczenie\/","title":{"rendered":"W\u0142adze Piasta gro\u017c\u0105 s\u0105dem KWW Janusza Moszy\u0144skiego. Wyda\u0142y ostre o\u015bwiadczenie"},"content":{"rendered":"<div class=\"gliwi-a6-nad-leadem-artykulow gliwi-entity-placement\" id=\"gliwi-4178913089\"><div class=\"gliwi-adlabel\"><span style=\"font-size: 9px\">REKLAMA<\/span><\/div><div id=\"gliwi-1553369454\" style=\"margin-bottom: 30px;margin-left: auto;margin-right: auto;text-align: center;\"><a data-no-instant=\"1\" href=\"https:\/\/przedszkole.halogen.org.pl\/\" rel=\"noopener\" class=\"a2t-link\" target=\"_blank\" aria-label=\"20260402-ANIMATOR-przedszkole_grafika_750x200\"><img loading=\"lazy\" decoding=\"async\" src=\"https:\/\/www.24gliwice.pl\/wiadomosci\/wp-content\/uploads\/2026\/04\/20260402-ANIMATOR-przedszkole_grafika_750x200.webp\" alt=\"\"  srcset=\"https:\/\/www.24gliwice.pl\/wiadomosci\/wp-content\/uploads\/2026\/04\/20260402-ANIMATOR-przedszkole_grafika_750x200.webp 750w, https:\/\/www.24gliwice.pl\/wiadomosci\/wp-content\/uploads\/2026\/04\/20260402-ANIMATOR-przedszkole_grafika_750x200-410x109.webp 410w\" sizes=\"(max-width: 750px) 100vw, 750px\" class=\"no-lazyload\" width=\"750\" height=\"200\"  style=\"display: inline-block; max-width: 100%; height: auto;\" \/><\/a><\/div><\/div><h3>Zaanga\u017cowanie w\u0142adz Piasta Gliwice w tocz\u0105c\u0105 si\u0119 kampani\u0119 wyborcz\u0105 jest niestety coraz bardziej widoczne. Nie ma si\u0119 jednak czemu dziwi\u0107, skoro sama rada nadzorcza pos\u0142u\u017cy\u0142a tu\u017c przed wyborami jako przechowalnia dla zast\u0119pcy Zygmunta Frankiewicza, Krystiana Tomali.<\/h3>\n<p>Zainstalowanie w radzie nadzorczej aktywnego we wspieraniu Adama Neumanna Tomali, musia\u0142o wi\u0119c pr\u0119dzej czy p\u00f3\u017aniej skutkowa\u0107 wci\u0105gni\u0119ciem klubu sportowego w wir kampanii wyborczej.<\/p>\n<p style=\"padding-left: 80px;\">Kilka dni temu z klubu &#8220;wyciek\u0142y&#8221; nie do ko\u0144ca sprawdzone newsy o wtargni\u0119ciu jednego z kandydat\u00f3w w&#8230; maju(!) na stadion bez biletu. W innej informacji od &#8220;anonimowego pracownika&#8221; dowiadujemy si\u0119, \u017ce kto\u015b komu\u015b mia\u0142 za\u0142atwia\u0107 bilety na mecz, po kt\u00f3re wys\u0142ano prezydenck\u0105 limuzyn\u0119. Obydwie &#8220;ekskluzywne&#8221; informacje mia\u0142y uderzy\u0107 w politycznych konkurent\u00f3w Adama Neumanna, zosta\u0142y umieszczone na stronach dw\u00f3ch internetowych publikator\u00f3w, sowicie op\u0142acanych w ostatnich latach przez wydzia\u0142 Kultury i Promocji podlegaj\u0105cy do niedawna&#8230; uwaga&#8230; wiceprezydentowi Krystianowi Tomali.<\/p><div class=\"gliwi-a3-w-tresci-artykulow gliwi-entity-placement\" id=\"gliwi-4176350315\"><div class=\"gliwi-adlabel\"><span style=\"font-size: 9px\">REKLAMA<\/span><\/div><div id=\"gliwi-1795940196\" style=\"margin-bottom: 30px;margin-left: auto;margin-right: auto;text-align: center;\"><a data-no-instant=\"1\" href=\"https:\/\/zlobek.halogen.org.pl\/\" rel=\"noopener\" class=\"a2t-link\" target=\"_blank\" aria-label=\"animator-zlobek_750x200\"><img loading=\"lazy\" decoding=\"async\" src=\"https:\/\/www.24gliwice.pl\/wiadomosci\/wp-content\/uploads\/2026\/02\/animator-zlobek_750x200.webp\" alt=\"\"  srcset=\"https:\/\/www.24gliwice.pl\/wiadomosci\/wp-content\/uploads\/2026\/02\/animator-zlobek_750x200.webp 750w, https:\/\/www.24gliwice.pl\/wiadomosci\/wp-content\/uploads\/2026\/02\/animator-zlobek_750x200-410x109.webp 410w\" sizes=\"(max-width: 750px) 100vw, 750px\" class=\"no-lazyload\" width=\"750\" height=\"200\"  style=\"display: inline-block; max-width: 100%; height: auto;\" \/><\/a><\/div><\/div>\n<p>W poniedzia\u0142ek, na stronie Piasta Gliwice pojawi\u0142o si\u0119 o\u015bwiadczenie zarz\u0105du i rady nadzorczej, w kt\u00f3rym w\u0142adze sp\u00f3\u0142ki domagaj\u0105 si\u0119 wycofania materia\u0142\u00f3w wyborczych KWW Janusza Moszy\u0144skiego. <strong>Chodzi o &#8220;Gazet\u0119 Obywatelsk\u0105&#8221;, gdzie na pierwszej stronie znalaz\u0142 si\u0119 krytyczny artyku\u0142 o zmianach statutu sp\u00f3\u0142ki i o utracie kontroli miasta nad Piastem.<\/strong> Krystian Tomala pojawia si\u0119 w tej samej gazecie r\u00f3wnie\u017c przy okazji innych publikacji.<\/p>\n<p>Artyku\u0142 ilustruje fotomonta\u017c z widocznym, p\u0119kni\u0119tym herbem klubu. Wg w\u0142adz sp\u00f3\u0142ki, takie wykorzystanie znaku towarowego jest niedopuszczalne. Zarz\u0105d i rada strasz\u0105 komitet wyborczy podj\u0119ciem dzia\u0142a\u0144 prawnych.<\/p>\n<p>Nie zabrak\u0142o r\u00f3wnie\u017c deklaracji o apolityczno\u015bci klubu, ale w to ju\u017c chyba nikt nie wierzy&#8230; (mf)<\/p>\n<p><strong>Poni\u017cej tre\u015b\u0107 o\u015bwiadczenia w ca\u0142o\u015bci.<\/strong><\/p>\n<p style=\"padding-left: 40px;\"><em>W zwi\u0105zku z ukazaniem si\u0119 w dniu 30.12.2019 roku Gazety Obywatelskiej, kt\u00f3rej wydawc\u0105 jest Komitet Wyborczy Wyborc\u00f3w Janusza Moszy\u0144skiego, wobec faktu bezprawnego wykorzystania znaku towarowego, a przede wszystkim herbu klubowego &#8211; konieczne sta\u0142o si\u0119 zabranie g\u0142osu przez Klub.<\/em><br \/>\n<em>Gliwicki Klub Sportowy Piast SA o\u015bwiadcza, i\u017c nigdy nie wyra\u017ca\u0142 zgody na wykorzystanie herbu klubowego przez Komitet Wyborczy Wyborc\u00f3w Janusza Moszy\u0144skiego w kampanii wyborczej. Jego przerobienie w spos\u00f3b, kt\u00f3rego dokona\u0142 kandydat na prezydenta, nie tylko stanowi naruszenie prawa, ale przede wszystkim jest uderzeniem w to, czym dla kibic\u00f3w i sympatyk\u00f3w Klubu jest jego herb &#8211; najwy\u017csza warto\u015b\u0107.<\/em><br \/>\n<em>Prze\u0142amany herb Klubu w materiale wyborczym jest policzkiem wymierzonym wobec Klubu i jego sympatyk\u00f3w.<\/em><br \/>\n<em>Publiczna dyskusja o zmianach w statucie sp\u00f3\u0142ki nie mo\u017ce stanowi\u0107 wyt\u0142umaczenia dla naruszenia prawa i zniewa\u017cenia herbu klubowego, w szczeg\u00f3lno\u015bci przez osob\u0119 ubiegaj\u0105c\u0105 si\u0119 o zaszczytne stanowisko Prezydenta Miasta Gliwice.<\/em><br \/>\n<em>Wzywamy pana Janusza Moszy\u0144skiego do wycofania materia\u0142\u00f3w wyborczych, zawieraj\u0105cych naruszenie prawa Gliwickiego Klubu Sportowego Piast SA. Jednocze\u015bnie o\u015bwiadczamy, \u017ce Klub zleci\u0142 wykonanie analiz prawnych, przedstawiaj\u0105cych mo\u017cliwo\u015bci ochrony w\u0142asno\u015bci intelektualnej Gliwickiego Klubu Sportowego Piast SA.<\/em><br \/>\n<em>W odniesieniu do osobistych wypowiedzi pana Janusza Moszy\u0144skiego o\u015bwiadczamy, \u017ce kwestia rozliczania dotacji pozostaje bez zwi\u0105zku ze zmianami we w\u0142adzach sp\u00f3\u0142ki. Miasto Gliwice zachowuje pe\u0142n\u0105 kontrol\u0119 nad sposobem wydatkowania \u015brodk\u00f3w przyznanych klubowi w ramach dotacji. \u015arodki te wydatkowane s\u0105 z najwy\u017csz\u0105 ostro\u017cno\u015bci\u0105 i dba\u0142o\u015bci\u0105 o interes mieszka\u0144c\u00f3w.<\/em><br \/>\n<em>Wyra\u017camy g\u0142\u0119bokie ubolewanie, \u017ce pan kandydat na prezydenta miasta usi\u0142uje wykorzystywa\u0107 w kampanii wyborczej Klub, kt\u00f3ry ze swej natury pozostaje apolityczny i stanowi dobro wsp\u00f3lne wszystkich kibic\u00f3w i sympatyk\u00f3w.<\/em><br \/>\n<em>Wykorzystanie herbu Klubu w kampanii politycznej traktujemy jako pr\u00f3b\u0119 wykorzystania w kampanii wyborczej niezwyk\u0142ego wyniku sportowego, kt\u00f3ry Klub odni\u00f3s\u0142 dzi\u0119ki swoim pi\u0142karzom, trenerom, pracownikom i kibicom, przy du\u017cym zaanga\u017cowaniu w\u0142a\u015bcicieli Klubu, przy czym pan Janusz Moszy\u0144ski nie pasuje do \u017cadnej z tych grup.<\/em><br \/>\n<em><strong>Zarz\u0105d i Rada Nadzorcza<br \/>\nGliwickiego Klubu Sportowego Piast SA <\/strong><\/em><\/p>\n<div class=\"gliwi-a5-na-koncu-artykulow gliwi-entity-placement\" id=\"gliwi-1658335363\"><div class=\"gliwi-adlabel\"><span style=\"font-size: 9px\">REKLAMA<\/span><\/div><div id=\"gliwi-1385998032\" style=\"margin-left: auto;margin-right: auto;text-align: center;\"><a data-no-instant=\"1\" href=\"https:\/\/prezeroarenagliwice.pl\/\" rel=\"noopener\" class=\"a2t-link\" target=\"_blank\" aria-label=\"20260309-PREZERO-WIOSNA-D\"><img loading=\"lazy\" decoding=\"async\" src=\"https:\/\/www.24gliwice.pl\/wiadomosci\/wp-content\/uploads\/2026\/03\/20260309-PREZERO-WIOSNA-D.webp\" alt=\"\"  srcset=\"https:\/\/www.24gliwice.pl\/wiadomosci\/wp-content\/uploads\/2026\/03\/20260309-PREZERO-WIOSNA-D.webp 750w, https:\/\/www.24gliwice.pl\/wiadomosci\/wp-content\/uploads\/2026\/03\/20260309-PREZERO-WIOSNA-D-410x109.webp 410w\" sizes=\"(max-width: 750px) 100vw, 750px\" class=\"no-lazyload\" width=\"750\" height=\"200\"  style=\"display: inline-block; max-width: 100%; height: auto;\" \/><\/a><\/div><\/div>","protected":false},"excerpt":{"rendered":"<p>Zaanga\u017cowanie w\u0142adz Piasta Gliwice w tocz\u0105c\u0105 si\u0119 kampani\u0119 wyborcz\u0105 jest niestety coraz bardziej widoczne. Nie ma si\u0119 jednak czemu dziwi\u0107, skoro sama rada nadzorcza pos\u0142u\u017cy\u0142a tu\u017c przed wyborami jako przechowalnia dla zast\u0119pcy Zygmunta Frankiewicza, Krystiana Tomali. Zainstalowanie w radzie nadzorczej aktywnego we wspieraniu Adama Neumanna Tomali, musia\u0142o wi\u0119c pr\u0119dzej czy p\u00f3\u017aniej skutkowa\u0107 wci\u0105gni\u0119ciem klubu sportowego [&hellip;]<\/p>\n","protected":false},"author":4,"featured_media":145477,"comment_status":"open","ping_status":"closed","sticky":false,"template":"","format":"standard","meta":{"_monsterinsights_skip_tracking":false,"_monsterinsights_sitenote_active":false,"_monsterinsights_sitenote_note":"","_monsterinsights_sitenote_category":0,"footnotes":"","_links_to":"","_links_to_target":""},"categories":[3,1,8,23842],"tags":[1219,119],"class_list":["post-145461","post","type-post","status-publish","format-standard","has-post-thumbnail","hentry","category-gliwice","category-wszystko","category-samorzad_polityka","category-sport_gliwice","tag-krystian-tomala","tag-piast"],"yoast_head":"<!-- This site is optimized with the Yoast SEO plugin v27.5 - https:\/\/yoast.com\/product\/yoast-seo-wordpress\/ -->\n<title>W\u0142adze Piasta gro\u017c\u0105 s\u0105dem KWW Janusza Moszy\u0144skiego. Wyda\u0142y ostre o\u015bwiadczenie - 24GLIWICE - Portal Gliwice | codziennie nowe informacje<\/title>\n<meta name=\"robots\" content=\"index, follow, max-snippet:-1, max-image-preview:large, max-video-preview:-1\" \/>\n<link rel=\"canonical\" href=\"https:\/\/www.24gliwice.pl\/wiadomosci\/wladze-piasta-groza-sadem-kww-janusza-moszynskiego-wydaly-ostre-oswiadczenie\/\" \/>\n<meta property=\"og:locale\" content=\"pl_PL\" \/>\n<meta property=\"og:type\" content=\"article\" \/>\n<meta property=\"og:title\" content=\"W\u0142adze Piasta gro\u017c\u0105 s\u0105dem KWW Janusza Moszy\u0144skiego. Wyda\u0142y ostre o\u015bwiadczenie - 24GLIWICE - Portal Gliwice | codziennie nowe informacje\" \/>\n<meta property=\"og:description\" content=\"Zaanga\u017cowanie w\u0142adz Piasta Gliwice w tocz\u0105c\u0105 si\u0119 kampani\u0119 wyborcz\u0105 jest niestety coraz bardziej widoczne. Nie ma si\u0119 jednak czemu dziwi\u0107, skoro sama rada nadzorcza pos\u0142u\u017cy\u0142a tu\u017c przed wyborami jako przechowalnia dla zast\u0119pcy Zygmunta Frankiewicza, Krystiana Tomali. Zainstalowanie w radzie nadzorczej aktywnego we wspieraniu Adama Neumanna Tomali, musia\u0142o wi\u0119c pr\u0119dzej czy p\u00f3\u017aniej skutkowa\u0107 wci\u0105gni\u0119ciem klubu sportowego [&hellip;]\" \/>\n<meta property=\"og:url\" content=\"https:\/\/www.24gliwice.pl\/wiadomosci\/wladze-piasta-groza-sadem-kww-janusza-moszynskiego-wydaly-ostre-oswiadczenie\/\" \/>\n<meta property=\"og:site_name\" content=\"24GLIWICE - Portal Gliwice | codziennie nowe informacje\" \/>\n<meta property=\"article:publisher\" content=\"https:\/\/www.facebook.com\/24gliwice\" \/>\n<meta property=\"article:author\" content=\"https:\/\/www.facebook.com\/marcin.fabrykowski\" \/>\n<meta property=\"article:published_time\" content=\"2019-12-31T01:57:30+00:00\" \/>\n<meta property=\"article:modified_time\" content=\"2024-08-19T23:59:57+00:00\" \/>\n<meta property=\"og:image\" content=\"https:\/\/www.24gliwice.pl\/wiadomosci\/wp-content\/uploads\/2019\/12\/1-gazeta-obywatelska-gliwice.jpg\" \/>\n\t<meta property=\"og:image:width\" content=\"810\" \/>\n\t<meta property=\"og:image:height\" content=\"481\" \/>\n\t<meta property=\"og:image:type\" content=\"image\/jpeg\" \/>\n<meta name=\"author\" content=\"Marcin Fabrykowski\" \/>\n<meta name=\"twitter:card\" content=\"summary_large_image\" \/>\n<meta name=\"twitter:creator\" content=\"@24gliwice\" \/>\n<meta name=\"twitter:site\" content=\"@24gliwice\" \/>\n<meta name=\"twitter:label1\" content=\"Napisane przez\" \/>\n\t<meta name=\"twitter:data1\" content=\"Marcin Fabrykowski\" \/>\n\t<meta name=\"twitter:label2\" content=\"Szacowany czas czytania\" \/>\n\t<meta name=\"twitter:data2\" content=\"3 minuty\" \/>\n<script type=\"application\/ld+json\" class=\"yoast-schema-graph\">{\"@context\":\"https:\\\/\\\/schema.org\",\"@graph\":[{\"@type\":\"Article\",\"@id\":\"https:\\\/\\\/www.24gliwice.pl\\\/wiadomosci\\\/wladze-piasta-groza-sadem-kww-janusza-moszynskiego-wydaly-ostre-oswiadczenie\\\/#article\",\"isPartOf\":{\"@id\":\"https:\\\/\\\/www.24gliwice.pl\\\/wiadomosci\\\/wladze-piasta-groza-sadem-kww-janusza-moszynskiego-wydaly-ostre-oswiadczenie\\\/\"},\"author\":{\"name\":\"Marcin Fabrykowski\",\"@id\":\"https:\\\/\\\/www.24gliwice.pl\\\/wiadomosci\\\/#\\\/schema\\\/person\\\/cb5857e4a4d048c15984c1edcc8ef0c0\"},\"headline\":\"W\u0142adze Piasta gro\u017c\u0105 s\u0105dem KWW Janusza Moszy\u0144skiego. Wyda\u0142y ostre o\u015bwiadczenie\",\"datePublished\":\"2019-12-31T01:57:30+00:00\",\"dateModified\":\"2024-08-19T23:59:57+00:00\",\"mainEntityOfPage\":{\"@id\":\"https:\\\/\\\/www.24gliwice.pl\\\/wiadomosci\\\/wladze-piasta-groza-sadem-kww-janusza-moszynskiego-wydaly-ostre-oswiadczenie\\\/\"},\"wordCount\":678,\"commentCount\":0,\"publisher\":{\"@id\":\"https:\\\/\\\/www.24gliwice.pl\\\/wiadomosci\\\/#organization\"},\"image\":{\"@id\":\"https:\\\/\\\/www.24gliwice.pl\\\/wiadomosci\\\/wladze-piasta-groza-sadem-kww-janusza-moszynskiego-wydaly-ostre-oswiadczenie\\\/#primaryimage\"},\"thumbnailUrl\":\"https:\\\/\\\/www.24gliwice.pl\\\/wiadomosci\\\/wp-content\\\/uploads\\\/2019\\\/12\\\/1-gazeta-obywatelska-gliwice.jpg\",\"keywords\":[\"KRYSTIAN TOMALA\",\"PIAST\"],\"articleSection\":[\"Gliwice\",\"Najnowsze wiadomo\u015bci\",\"Samorz\u0105d, polityka\",\"Sport\"],\"inLanguage\":\"pl-PL\",\"potentialAction\":[{\"@type\":\"CommentAction\",\"name\":\"Comment\",\"target\":[\"https:\\\/\\\/www.24gliwice.pl\\\/wiadomosci\\\/wladze-piasta-groza-sadem-kww-janusza-moszynskiego-wydaly-ostre-oswiadczenie\\\/#respond\"]}]},{\"@type\":\"WebPage\",\"@id\":\"https:\\\/\\\/www.24gliwice.pl\\\/wiadomosci\\\/wladze-piasta-groza-sadem-kww-janusza-moszynskiego-wydaly-ostre-oswiadczenie\\\/\",\"url\":\"https:\\\/\\\/www.24gliwice.pl\\\/wiadomosci\\\/wladze-piasta-groza-sadem-kww-janusza-moszynskiego-wydaly-ostre-oswiadczenie\\\/\",\"name\":\"W\u0142adze Piasta gro\u017c\u0105 s\u0105dem KWW Janusza Moszy\u0144skiego. Wyda\u0142y ostre o\u015bwiadczenie - 24GLIWICE - Portal Gliwice | codziennie nowe informacje\",\"isPartOf\":{\"@id\":\"https:\\\/\\\/www.24gliwice.pl\\\/wiadomosci\\\/#website\"},\"primaryImageOfPage\":{\"@id\":\"https:\\\/\\\/www.24gliwice.pl\\\/wiadomosci\\\/wladze-piasta-groza-sadem-kww-janusza-moszynskiego-wydaly-ostre-oswiadczenie\\\/#primaryimage\"},\"image\":{\"@id\":\"https:\\\/\\\/www.24gliwice.pl\\\/wiadomosci\\\/wladze-piasta-groza-sadem-kww-janusza-moszynskiego-wydaly-ostre-oswiadczenie\\\/#primaryimage\"},\"thumbnailUrl\":\"https:\\\/\\\/www.24gliwice.pl\\\/wiadomosci\\\/wp-content\\\/uploads\\\/2019\\\/12\\\/1-gazeta-obywatelska-gliwice.jpg\",\"datePublished\":\"2019-12-31T01:57:30+00:00\",\"dateModified\":\"2024-08-19T23:59:57+00:00\",\"breadcrumb\":{\"@id\":\"https:\\\/\\\/www.24gliwice.pl\\\/wiadomosci\\\/wladze-piasta-groza-sadem-kww-janusza-moszynskiego-wydaly-ostre-oswiadczenie\\\/#breadcrumb\"},\"inLanguage\":\"pl-PL\",\"potentialAction\":[{\"@type\":\"ReadAction\",\"target\":[\"https:\\\/\\\/www.24gliwice.pl\\\/wiadomosci\\\/wladze-piasta-groza-sadem-kww-janusza-moszynskiego-wydaly-ostre-oswiadczenie\\\/\"]}]},{\"@type\":\"ImageObject\",\"inLanguage\":\"pl-PL\",\"@id\":\"https:\\\/\\\/www.24gliwice.pl\\\/wiadomosci\\\/wladze-piasta-groza-sadem-kww-janusza-moszynskiego-wydaly-ostre-oswiadczenie\\\/#primaryimage\",\"url\":\"https:\\\/\\\/www.24gliwice.pl\\\/wiadomosci\\\/wp-content\\\/uploads\\\/2019\\\/12\\\/1-gazeta-obywatelska-gliwice.jpg\",\"contentUrl\":\"https:\\\/\\\/www.24gliwice.pl\\\/wiadomosci\\\/wp-content\\\/uploads\\\/2019\\\/12\\\/1-gazeta-obywatelska-gliwice.jpg\",\"width\":810,\"height\":481,\"caption\":\"Gazeta Obywatelska\"},{\"@type\":\"BreadcrumbList\",\"@id\":\"https:\\\/\\\/www.24gliwice.pl\\\/wiadomosci\\\/wladze-piasta-groza-sadem-kww-janusza-moszynskiego-wydaly-ostre-oswiadczenie\\\/#breadcrumb\",\"itemListElement\":[{\"@type\":\"ListItem\",\"position\":1,\"name\":\"Strona g\u0142\u00f3wna\",\"item\":\"https:\\\/\\\/www.24gliwice.pl\\\/wiadomosci\\\/\"},{\"@type\":\"ListItem\",\"position\":2,\"name\":\"W\u0142adze Piasta gro\u017c\u0105 s\u0105dem KWW Janusza Moszy\u0144skiego. Wyda\u0142y ostre o\u015bwiadczenie\"}]},{\"@type\":\"WebSite\",\"@id\":\"https:\\\/\\\/www.24gliwice.pl\\\/wiadomosci\\\/#website\",\"url\":\"https:\\\/\\\/www.24gliwice.pl\\\/wiadomosci\\\/\",\"name\":\"24GLIWICE - Portal Gliwice | codziennie nowe wiadomo\u015bci\",\"description\":\"Portal Miejski Gliwice\",\"publisher\":{\"@id\":\"https:\\\/\\\/www.24gliwice.pl\\\/wiadomosci\\\/#organization\"},\"potentialAction\":[{\"@type\":\"SearchAction\",\"target\":{\"@type\":\"EntryPoint\",\"urlTemplate\":\"https:\\\/\\\/www.24gliwice.pl\\\/wiadomosci\\\/?s={search_term_string}\"},\"query-input\":{\"@type\":\"PropertyValueSpecification\",\"valueRequired\":true,\"valueName\":\"search_term_string\"}}],\"inLanguage\":\"pl-PL\"},{\"@type\":\"Organization\",\"@id\":\"https:\\\/\\\/www.24gliwice.pl\\\/wiadomosci\\\/#organization\",\"name\":\"24gliwice\",\"url\":\"https:\\\/\\\/www.24gliwice.pl\\\/wiadomosci\\\/\",\"logo\":{\"@type\":\"ImageObject\",\"inLanguage\":\"pl-PL\",\"@id\":\"https:\\\/\\\/www.24gliwice.pl\\\/wiadomosci\\\/#\\\/schema\\\/logo\\\/image\\\/\",\"url\":\"https:\\\/\\\/www.24gliwice.pl\\\/wiadomosci\\\/wp-content\\\/uploads\\\/2024\\\/10\\\/24gliwice-logo-696.jpg\",\"contentUrl\":\"https:\\\/\\\/www.24gliwice.pl\\\/wiadomosci\\\/wp-content\\\/uploads\\\/2024\\\/10\\\/24gliwice-logo-696.jpg\",\"width\":696,\"height\":696,\"caption\":\"24gliwice\"},\"image\":{\"@id\":\"https:\\\/\\\/www.24gliwice.pl\\\/wiadomosci\\\/#\\\/schema\\\/logo\\\/image\\\/\"},\"sameAs\":[\"https:\\\/\\\/www.facebook.com\\\/24gliwice\",\"https:\\\/\\\/x.com\\\/24gliwice\",\"https:\\\/\\\/www.youtube.com\\\/@24gliwice\"]},{\"@type\":\"Person\",\"@id\":\"https:\\\/\\\/www.24gliwice.pl\\\/wiadomosci\\\/#\\\/schema\\\/person\\\/cb5857e4a4d048c15984c1edcc8ef0c0\",\"name\":\"Marcin Fabrykowski\",\"image\":{\"@type\":\"ImageObject\",\"inLanguage\":\"pl-PL\",\"@id\":\"https:\\\/\\\/www.24gliwice.pl\\\/wiadomosci\\\/wp-content\\\/uploads\\\/2025\\\/11\\\/zdjecie-moje-marcin-300-96x96.jpg\",\"url\":\"https:\\\/\\\/www.24gliwice.pl\\\/wiadomosci\\\/wp-content\\\/uploads\\\/2025\\\/11\\\/zdjecie-moje-marcin-300-96x96.jpg\",\"contentUrl\":\"https:\\\/\\\/www.24gliwice.pl\\\/wiadomosci\\\/wp-content\\\/uploads\\\/2025\\\/11\\\/zdjecie-moje-marcin-300-96x96.jpg\",\"caption\":\"Marcin Fabrykowski\"},\"sameAs\":[\"http:\\\/\\\/24gliwice.pl\",\"https:\\\/\\\/www.facebook.com\\\/marcin.fabrykowski\"],\"url\":\"https:\\\/\\\/www.24gliwice.pl\\\/wiadomosci\\\/author\\\/marcin-fabrykowski\\\/\"}]}<\/script>\n<!-- \/ Yoast SEO plugin. -->","yoast_head_json":{"title":"W\u0142adze Piasta gro\u017c\u0105 s\u0105dem KWW Janusza Moszy\u0144skiego. Wyda\u0142y ostre o\u015bwiadczenie - 24GLIWICE - Portal Gliwice | codziennie nowe informacje","robots":{"index":"index","follow":"follow","max-snippet":"max-snippet:-1","max-image-preview":"max-image-preview:large","max-video-preview":"max-video-preview:-1"},"canonical":"https:\/\/www.24gliwice.pl\/wiadomosci\/wladze-piasta-groza-sadem-kww-janusza-moszynskiego-wydaly-ostre-oswiadczenie\/","og_locale":"pl_PL","og_type":"article","og_title":"W\u0142adze Piasta gro\u017c\u0105 s\u0105dem KWW Janusza Moszy\u0144skiego. Wyda\u0142y ostre o\u015bwiadczenie - 24GLIWICE - Portal Gliwice | codziennie nowe informacje","og_description":"Zaanga\u017cowanie w\u0142adz Piasta Gliwice w tocz\u0105c\u0105 si\u0119 kampani\u0119 wyborcz\u0105 jest niestety coraz bardziej widoczne. Nie ma si\u0119 jednak czemu dziwi\u0107, skoro sama rada nadzorcza pos\u0142u\u017cy\u0142a tu\u017c przed wyborami jako przechowalnia dla zast\u0119pcy Zygmunta Frankiewicza, Krystiana Tomali. Zainstalowanie w radzie nadzorczej aktywnego we wspieraniu Adama Neumanna Tomali, musia\u0142o wi\u0119c pr\u0119dzej czy p\u00f3\u017aniej skutkowa\u0107 wci\u0105gni\u0119ciem klubu sportowego [&hellip;]","og_url":"https:\/\/www.24gliwice.pl\/wiadomosci\/wladze-piasta-groza-sadem-kww-janusza-moszynskiego-wydaly-ostre-oswiadczenie\/","og_site_name":"24GLIWICE - Portal Gliwice | codziennie nowe informacje","article_publisher":"https:\/\/www.facebook.com\/24gliwice","article_author":"https:\/\/www.facebook.com\/marcin.fabrykowski","article_published_time":"2019-12-31T01:57:30+00:00","article_modified_time":"2024-08-19T23:59:57+00:00","og_image":[{"width":810,"height":481,"url":"https:\/\/www.24gliwice.pl\/wiadomosci\/wp-content\/uploads\/2019\/12\/1-gazeta-obywatelska-gliwice.jpg","type":"image\/jpeg"}],"author":"Marcin Fabrykowski","twitter_card":"summary_large_image","twitter_creator":"@24gliwice","twitter_site":"@24gliwice","twitter_misc":{"Napisane przez":"Marcin Fabrykowski","Szacowany czas czytania":"3 minuty"},"schema":{"@context":"https:\/\/schema.org","@graph":[{"@type":"Article","@id":"https:\/\/www.24gliwice.pl\/wiadomosci\/wladze-piasta-groza-sadem-kww-janusza-moszynskiego-wydaly-ostre-oswiadczenie\/#article","isPartOf":{"@id":"https:\/\/www.24gliwice.pl\/wiadomosci\/wladze-piasta-groza-sadem-kww-janusza-moszynskiego-wydaly-ostre-oswiadczenie\/"},"author":{"name":"Marcin Fabrykowski","@id":"https:\/\/www.24gliwice.pl\/wiadomosci\/#\/schema\/person\/cb5857e4a4d048c15984c1edcc8ef0c0"},"headline":"W\u0142adze Piasta gro\u017c\u0105 s\u0105dem KWW Janusza Moszy\u0144skiego. Wyda\u0142y ostre o\u015bwiadczenie","datePublished":"2019-12-31T01:57:30+00:00","dateModified":"2024-08-19T23:59:57+00:00","mainEntityOfPage":{"@id":"https:\/\/www.24gliwice.pl\/wiadomosci\/wladze-piasta-groza-sadem-kww-janusza-moszynskiego-wydaly-ostre-oswiadczenie\/"},"wordCount":678,"commentCount":0,"publisher":{"@id":"https:\/\/www.24gliwice.pl\/wiadomosci\/#organization"},"image":{"@id":"https:\/\/www.24gliwice.pl\/wiadomosci\/wladze-piasta-groza-sadem-kww-janusza-moszynskiego-wydaly-ostre-oswiadczenie\/#primaryimage"},"thumbnailUrl":"https:\/\/www.24gliwice.pl\/wiadomosci\/wp-content\/uploads\/2019\/12\/1-gazeta-obywatelska-gliwice.jpg","keywords":["KRYSTIAN TOMALA","PIAST"],"articleSection":["Gliwice","Najnowsze wiadomo\u015bci","Samorz\u0105d, polityka","Sport"],"inLanguage":"pl-PL","potentialAction":[{"@type":"CommentAction","name":"Comment","target":["https:\/\/www.24gliwice.pl\/wiadomosci\/wladze-piasta-groza-sadem-kww-janusza-moszynskiego-wydaly-ostre-oswiadczenie\/#respond"]}]},{"@type":"WebPage","@id":"https:\/\/www.24gliwice.pl\/wiadomosci\/wladze-piasta-groza-sadem-kww-janusza-moszynskiego-wydaly-ostre-oswiadczenie\/","url":"https:\/\/www.24gliwice.pl\/wiadomosci\/wladze-piasta-groza-sadem-kww-janusza-moszynskiego-wydaly-ostre-oswiadczenie\/","name":"W\u0142adze Piasta gro\u017c\u0105 s\u0105dem KWW Janusza Moszy\u0144skiego. Wyda\u0142y ostre o\u015bwiadczenie - 24GLIWICE - Portal Gliwice | codziennie nowe informacje","isPartOf":{"@id":"https:\/\/www.24gliwice.pl\/wiadomosci\/#website"},"primaryImageOfPage":{"@id":"https:\/\/www.24gliwice.pl\/wiadomosci\/wladze-piasta-groza-sadem-kww-janusza-moszynskiego-wydaly-ostre-oswiadczenie\/#primaryimage"},"image":{"@id":"https:\/\/www.24gliwice.pl\/wiadomosci\/wladze-piasta-groza-sadem-kww-janusza-moszynskiego-wydaly-ostre-oswiadczenie\/#primaryimage"},"thumbnailUrl":"https:\/\/www.24gliwice.pl\/wiadomosci\/wp-content\/uploads\/2019\/12\/1-gazeta-obywatelska-gliwice.jpg","datePublished":"2019-12-31T01:57:30+00:00","dateModified":"2024-08-19T23:59:57+00:00","breadcrumb":{"@id":"https:\/\/www.24gliwice.pl\/wiadomosci\/wladze-piasta-groza-sadem-kww-janusza-moszynskiego-wydaly-ostre-oswiadczenie\/#breadcrumb"},"inLanguage":"pl-PL","potentialAction":[{"@type":"ReadAction","target":["https:\/\/www.24gliwice.pl\/wiadomosci\/wladze-piasta-groza-sadem-kww-janusza-moszynskiego-wydaly-ostre-oswiadczenie\/"]}]},{"@type":"ImageObject","inLanguage":"pl-PL","@id":"https:\/\/www.24gliwice.pl\/wiadomosci\/wladze-piasta-groza-sadem-kww-janusza-moszynskiego-wydaly-ostre-oswiadczenie\/#primaryimage","url":"https:\/\/www.24gliwice.pl\/wiadomosci\/wp-content\/uploads\/2019\/12\/1-gazeta-obywatelska-gliwice.jpg","contentUrl":"https:\/\/www.24gliwice.pl\/wiadomosci\/wp-content\/uploads\/2019\/12\/1-gazeta-obywatelska-gliwice.jpg","width":810,"height":481,"caption":"Gazeta Obywatelska"},{"@type":"BreadcrumbList","@id":"https:\/\/www.24gliwice.pl\/wiadomosci\/wladze-piasta-groza-sadem-kww-janusza-moszynskiego-wydaly-ostre-oswiadczenie\/#breadcrumb","itemListElement":[{"@type":"ListItem","position":1,"name":"Strona g\u0142\u00f3wna","item":"https:\/\/www.24gliwice.pl\/wiadomosci\/"},{"@type":"ListItem","position":2,"name":"W\u0142adze Piasta gro\u017c\u0105 s\u0105dem KWW Janusza Moszy\u0144skiego. Wyda\u0142y ostre o\u015bwiadczenie"}]},{"@type":"WebSite","@id":"https:\/\/www.24gliwice.pl\/wiadomosci\/#website","url":"https:\/\/www.24gliwice.pl\/wiadomosci\/","name":"24GLIWICE - Portal Gliwice | codziennie nowe wiadomo\u015bci","description":"Portal Miejski Gliwice","publisher":{"@id":"https:\/\/www.24gliwice.pl\/wiadomosci\/#organization"},"potentialAction":[{"@type":"SearchAction","target":{"@type":"EntryPoint","urlTemplate":"https:\/\/www.24gliwice.pl\/wiadomosci\/?s={search_term_string}"},"query-input":{"@type":"PropertyValueSpecification","valueRequired":true,"valueName":"search_term_string"}}],"inLanguage":"pl-PL"},{"@type":"Organization","@id":"https:\/\/www.24gliwice.pl\/wiadomosci\/#organization","name":"24gliwice","url":"https:\/\/www.24gliwice.pl\/wiadomosci\/","logo":{"@type":"ImageObject","inLanguage":"pl-PL","@id":"https:\/\/www.24gliwice.pl\/wiadomosci\/#\/schema\/logo\/image\/","url":"https:\/\/www.24gliwice.pl\/wiadomosci\/wp-content\/uploads\/2024\/10\/24gliwice-logo-696.jpg","contentUrl":"https:\/\/www.24gliwice.pl\/wiadomosci\/wp-content\/uploads\/2024\/10\/24gliwice-logo-696.jpg","width":696,"height":696,"caption":"24gliwice"},"image":{"@id":"https:\/\/www.24gliwice.pl\/wiadomosci\/#\/schema\/logo\/image\/"},"sameAs":["https:\/\/www.facebook.com\/24gliwice","https:\/\/x.com\/24gliwice","https:\/\/www.youtube.com\/@24gliwice"]},{"@type":"Person","@id":"https:\/\/www.24gliwice.pl\/wiadomosci\/#\/schema\/person\/cb5857e4a4d048c15984c1edcc8ef0c0","name":"Marcin Fabrykowski","image":{"@type":"ImageObject","inLanguage":"pl-PL","@id":"https:\/\/www.24gliwice.pl\/wiadomosci\/wp-content\/uploads\/2025\/11\/zdjecie-moje-marcin-300-96x96.jpg","url":"https:\/\/www.24gliwice.pl\/wiadomosci\/wp-content\/uploads\/2025\/11\/zdjecie-moje-marcin-300-96x96.jpg","contentUrl":"https:\/\/www.24gliwice.pl\/wiadomosci\/wp-content\/uploads\/2025\/11\/zdjecie-moje-marcin-300-96x96.jpg","caption":"Marcin Fabrykowski"},"sameAs":["http:\/\/24gliwice.pl","https:\/\/www.facebook.com\/marcin.fabrykowski"],"url":"https:\/\/www.24gliwice.pl\/wiadomosci\/author\/marcin-fabrykowski\/"}]}},"_links":{"self":[{"href":"https:\/\/www.24gliwice.pl\/wiadomosci\/wp-json\/wp\/v2\/posts\/145461","targetHints":{"allow":["GET"]}}],"collection":[{"href":"https:\/\/www.24gliwice.pl\/wiadomosci\/wp-json\/wp\/v2\/posts"}],"about":[{"href":"https:\/\/www.24gliwice.pl\/wiadomosci\/wp-json\/wp\/v2\/types\/post"}],"author":[{"embeddable":true,"href":"https:\/\/www.24gliwice.pl\/wiadomosci\/wp-json\/wp\/v2\/users\/4"}],"replies":[{"embeddable":true,"href":"https:\/\/www.24gliwice.pl\/wiadomosci\/wp-json\/wp\/v2\/comments?post=145461"}],"version-history":[{"count":0,"href":"https:\/\/www.24gliwice.pl\/wiadomosci\/wp-json\/wp\/v2\/posts\/145461\/revisions"}],"wp:featuredmedia":[{"embeddable":true,"href":"https:\/\/www.24gliwice.pl\/wiadomosci\/wp-json\/wp\/v2\/media\/145477"}],"wp:attachment":[{"href":"https:\/\/www.24gliwice.pl\/wiadomosci\/wp-json\/wp\/v2\/media?parent=145461"}],"wp:term":[{"taxonomy":"category","embeddable":true,"href":"https:\/\/www.24gliwice.pl\/wiadomosci\/wp-json\/wp\/v2\/categories?post=145461"},{"taxonomy":"post_tag","embeddable":true,"href":"https:\/\/www.24gliwice.pl\/wiadomosci\/wp-json\/wp\/v2\/tags?post=145461"}],"curies":[{"name":"wp","href":"https:\/\/api.w.org\/{rel}","templated":true}]}}