{"id":145483,"date":"2020-01-01T02:42:02","date_gmt":"2020-01-01T01:42:02","guid":{"rendered":"https:\/\/www.24gliwice.pl\/wiadomosci\/?p=145483"},"modified":"2020-01-01T02:42:02","modified_gmt":"2020-01-01T01:42:02","slug":"od-nowego-roku-tylko-jedna-apteka-bedzie-czynna-cala-dobe-gdzie-zrealizowac-recepte-po-2200","status":"publish","type":"post","link":"https:\/\/www.24gliwice.pl\/wiadomosci\/od-nowego-roku-tylko-jedna-apteka-bedzie-czynna-cala-dobe-gdzie-zrealizowac-recepte-po-2200\/","title":{"rendered":"Od Nowego Roku tylko jedna apteka b\u0119dzie czynna ca\u0142\u0105 dob\u0119. Gdzie zrealizowa\u0107 recept\u0119 po 22:00?"},"content":{"rendered":"<div class=\"gliwi-a6-nad-leadem-artykulow gliwi-entity-placement\" id=\"gliwi-439902012\"><div class=\"gliwi-adlabel\"><span style=\"font-size: 9px\">REKLAMA<\/span><\/div><div id=\"gliwi-529540973\" style=\"margin-bottom: 30px;margin-left: auto;margin-right: auto;text-align: center;\"><a data-no-instant=\"1\" href=\"https:\/\/przedszkole.halogen.org.pl\/\" rel=\"noopener\" class=\"a2t-link\" target=\"_blank\" aria-label=\"20260402-ANIMATOR-przedszkole_grafika_750x200\"><img loading=\"lazy\" decoding=\"async\" src=\"https:\/\/www.24gliwice.pl\/wiadomosci\/wp-content\/uploads\/2026\/04\/20260402-ANIMATOR-przedszkole_grafika_750x200.webp\" alt=\"\"  srcset=\"https:\/\/www.24gliwice.pl\/wiadomosci\/wp-content\/uploads\/2026\/04\/20260402-ANIMATOR-przedszkole_grafika_750x200.webp 750w, https:\/\/www.24gliwice.pl\/wiadomosci\/wp-content\/uploads\/2026\/04\/20260402-ANIMATOR-przedszkole_grafika_750x200-410x109.webp 410w\" sizes=\"(max-width: 750px) 100vw, 750px\" class=\"no-lazyload\" width=\"750\" height=\"200\"  style=\"display: inline-block; max-width: 100%; height: auto;\" \/><\/a><\/div><\/div><h3><em>Od 1 stycznia 2020 r. jedyn\u0105 ca\u0142odobow\u0105 plac\u00f3wk\u0105 apteczn\u0105 w mie\u015bcie b\u0119dzie Apteka Cito mieszcz\u0105ca si\u0119 przy ul. G\u00f3rnych Wa\u0142\u00f3w 26<\/em> \u2013 zawiadamia Wydzia\u0142 Zdrowia i Spraw Spo\u0142ecznych Urz\u0119du Miejskiego.<\/h3>\n<p>Druga dotychczasowa apteka ca\u0142odobowa w mie\u015bcie \u2013 Apteka Dr. Max (ul. Czajki 5) \u2013 b\u0119dzie od Nowego Roku funkcjonowa\u0107 jako plac\u00f3wka ca\u0142otygodniowa (czynna od poniedzia\u0142ku do pi\u0105tku w godzinach 8:00\u201322:00, w soboty od 8:00 do 21:00, w niedziele od 9:00 do 21:00). <\/p>\n<h3>W tym trybie dzia\u0142a ju\u017c od d\u0142u\u017cszego czasu apteka przy ul. Gwiazdy Polarnej.<\/h3>\n<p>Wydzia\u0142 Zdrowia i Spraw Spo\u0142ecznych dokona w najbli\u017cszym mo\u017cliwym czasie stosownej zmiany w  Uchwale nr XVIII\/462\/2016 Rady Miasta Gliwice z dnia 14 lipca 2016 r. w sprawie ustalenia rozk\u0142adu godzin pracy aptek og\u00f3lnodost\u0119pnych na terenie miasta Gliwice.<\/p><div class=\"gliwi-a3-w-tresci-artykulow gliwi-entity-placement\" id=\"gliwi-4204847441\"><div class=\"gliwi-adlabel\"><span style=\"font-size: 9px\">REKLAMA<\/span><\/div><div id=\"gliwi-1922602878\" style=\"margin-bottom: 30px;margin-left: auto;margin-right: auto;text-align: center;\"><a data-no-instant=\"1\" href=\"https:\/\/ogrodyandersa.pl\/\" rel=\"noopener\" class=\"a2t-link\" target=\"_blank\" aria-label=\"20260415 Ogrody Andersa KUP TERAZ D\"><img loading=\"lazy\" decoding=\"async\" src=\"https:\/\/www.24gliwice.pl\/wiadomosci\/wp-content\/uploads\/2026\/04\/20260415-Ogrody-Andersa-KUP-TERAZ-D.jpg\" alt=\"\"  srcset=\"https:\/\/www.24gliwice.pl\/wiadomosci\/wp-content\/uploads\/2026\/04\/20260415-Ogrody-Andersa-KUP-TERAZ-D.jpg 750w, https:\/\/www.24gliwice.pl\/wiadomosci\/wp-content\/uploads\/2026\/04\/20260415-Ogrody-Andersa-KUP-TERAZ-D-410x109.jpg 410w\" sizes=\"(max-width: 750px) 100vw, 750px\" class=\"no-lazyload\" width=\"750\" height=\"200\"  style=\"display: inline-block; max-width: 100%; height: auto;\" \/><\/a><\/div><\/div>\n<p>(\u017cms)\/MSI<br \/>\nfot. px<\/p>\n<div class=\"gliwi-a5-na-koncu-artykulow gliwi-entity-placement\" id=\"gliwi-1793191437\"><div class=\"gliwi-adlabel\"><span style=\"font-size: 9px\">REKLAMA<\/span><\/div><div id=\"gliwi-2307052553\" style=\"margin-left: auto;margin-right: auto;text-align: center;\"><a data-no-instant=\"1\" href=\"https:\/\/prezeroarenagliwice.pl\/\" rel=\"noopener\" class=\"a2t-link\" target=\"_blank\" aria-label=\"20260309-PREZERO-WIOSNA-D\"><img loading=\"lazy\" decoding=\"async\" src=\"https:\/\/www.24gliwice.pl\/wiadomosci\/wp-content\/uploads\/2026\/03\/20260309-PREZERO-WIOSNA-D.webp\" alt=\"\"  srcset=\"https:\/\/www.24gliwice.pl\/wiadomosci\/wp-content\/uploads\/2026\/03\/20260309-PREZERO-WIOSNA-D.webp 750w, https:\/\/www.24gliwice.pl\/wiadomosci\/wp-content\/uploads\/2026\/03\/20260309-PREZERO-WIOSNA-D-410x109.webp 410w\" sizes=\"(max-width: 750px) 100vw, 750px\" class=\"no-lazyload\" width=\"750\" height=\"200\"  style=\"display: inline-block; max-width: 100%; height: auto;\" \/><\/a><\/div><\/div>","protected":false},"excerpt":{"rendered":"<p>Od 1 stycznia 2020 r. jedyn\u0105 ca\u0142odobow\u0105 plac\u00f3wk\u0105 apteczn\u0105 w mie\u015bcie b\u0119dzie Apteka Cito mieszcz\u0105ca si\u0119 przy ul. G\u00f3rnych Wa\u0142\u00f3w 26 \u2013 zawiadamia Wydzia\u0142 Zdrowia i Spraw Spo\u0142ecznych Urz\u0119du Miejskiego. Druga dotychczasowa apteka ca\u0142odobowa w mie\u015bcie \u2013 Apteka Dr. Max (ul. Czajki 5) \u2013 b\u0119dzie od Nowego Roku funkcjonowa\u0107 jako plac\u00f3wka ca\u0142otygodniowa (czynna od poniedzia\u0142ku [&hellip;]<\/p>\n","protected":false},"author":15,"featured_media":145486,"comment_status":"open","ping_status":"closed","sticky":false,"template":"","format":"standard","meta":{"_monsterinsights_skip_tracking":false,"_monsterinsights_sitenote_active":false,"_monsterinsights_sitenote_note":"","_monsterinsights_sitenote_category":0,"footnotes":"","_links_to":"","_links_to_target":""},"categories":[3,1],"tags":[8465,8463],"class_list":["post-145483","post","type-post","status-publish","format-standard","has-post-thumbnail","hentry","category-gliwice","category-wszystko","tag-apteka","tag-leki"],"yoast_head":"<!-- This site is optimized with the Yoast SEO plugin v27.5 - https:\/\/yoast.com\/product\/yoast-seo-wordpress\/ -->\n<title>Od Nowego Roku tylko jedna apteka b\u0119dzie czynna ca\u0142\u0105 dob\u0119. Gdzie zrealizowa\u0107 recept\u0119 po 22:00? - 24GLIWICE - Portal Gliwice | codziennie nowe informacje<\/title>\n<meta name=\"robots\" content=\"index, follow, max-snippet:-1, max-image-preview:large, max-video-preview:-1\" \/>\n<link rel=\"canonical\" href=\"https:\/\/www.24gliwice.pl\/wiadomosci\/od-nowego-roku-tylko-jedna-apteka-bedzie-czynna-cala-dobe-gdzie-zrealizowac-recepte-po-2200\/\" \/>\n<meta property=\"og:locale\" content=\"pl_PL\" \/>\n<meta property=\"og:type\" content=\"article\" \/>\n<meta property=\"og:title\" content=\"Od Nowego Roku tylko jedna apteka b\u0119dzie czynna ca\u0142\u0105 dob\u0119. Gdzie zrealizowa\u0107 recept\u0119 po 22:00? - 24GLIWICE - Portal Gliwice | codziennie nowe informacje\" \/>\n<meta property=\"og:description\" content=\"Od 1 stycznia 2020 r. jedyn\u0105 ca\u0142odobow\u0105 plac\u00f3wk\u0105 apteczn\u0105 w mie\u015bcie b\u0119dzie Apteka Cito mieszcz\u0105ca si\u0119 przy ul. G\u00f3rnych Wa\u0142\u00f3w 26 \u2013 zawiadamia Wydzia\u0142 Zdrowia i Spraw Spo\u0142ecznych Urz\u0119du Miejskiego. Druga dotychczasowa apteka ca\u0142odobowa w mie\u015bcie \u2013 Apteka Dr. Max (ul. Czajki 5) \u2013 b\u0119dzie od Nowego Roku funkcjonowa\u0107 jako plac\u00f3wka ca\u0142otygodniowa (czynna od poniedzia\u0142ku [&hellip;]\" \/>\n<meta property=\"og:url\" content=\"https:\/\/www.24gliwice.pl\/wiadomosci\/od-nowego-roku-tylko-jedna-apteka-bedzie-czynna-cala-dobe-gdzie-zrealizowac-recepte-po-2200\/\" \/>\n<meta property=\"og:site_name\" content=\"24GLIWICE - Portal Gliwice | codziennie nowe informacje\" \/>\n<meta property=\"article:publisher\" content=\"https:\/\/www.facebook.com\/24gliwice\" \/>\n<meta property=\"article:published_time\" content=\"2020-01-01T01:42:02+00:00\" \/>\n<meta property=\"og:image\" content=\"https:\/\/www.24gliwice.pl\/wiadomosci\/wp-content\/uploads\/2019\/12\/apteka.jpg\" \/>\n\t<meta property=\"og:image:width\" content=\"858\" \/>\n\t<meta property=\"og:image:height\" content=\"483\" \/>\n\t<meta property=\"og:image:type\" content=\"image\/jpeg\" \/>\n<meta name=\"author\" content=\"\u017baneta Mrozek-Siewierska\" \/>\n<meta name=\"twitter:card\" content=\"summary_large_image\" \/>\n<meta name=\"twitter:creator\" content=\"@24gliwice\" \/>\n<meta name=\"twitter:site\" content=\"@24gliwice\" \/>\n<meta name=\"twitter:label1\" content=\"Napisane przez\" \/>\n\t<meta name=\"twitter:data1\" content=\"\u017baneta Mrozek-Siewierska\" \/>\n\t<meta name=\"twitter:label2\" content=\"Szacowany czas czytania\" \/>\n\t<meta name=\"twitter:data2\" content=\"1 minuta\" \/>\n<script type=\"application\/ld+json\" class=\"yoast-schema-graph\">{\"@context\":\"https:\\\/\\\/schema.org\",\"@graph\":[{\"@type\":\"Article\",\"@id\":\"https:\\\/\\\/www.24gliwice.pl\\\/wiadomosci\\\/od-nowego-roku-tylko-jedna-apteka-bedzie-czynna-cala-dobe-gdzie-zrealizowac-recepte-po-2200\\\/#article\",\"isPartOf\":{\"@id\":\"https:\\\/\\\/www.24gliwice.pl\\\/wiadomosci\\\/od-nowego-roku-tylko-jedna-apteka-bedzie-czynna-cala-dobe-gdzie-zrealizowac-recepte-po-2200\\\/\"},\"author\":{\"name\":\"\u017baneta Mrozek-Siewierska\",\"@id\":\"https:\\\/\\\/www.24gliwice.pl\\\/wiadomosci\\\/#\\\/schema\\\/person\\\/e42c650edd7f2fa332be3811fb166b6e\"},\"headline\":\"Od Nowego Roku tylko jedna apteka b\u0119dzie czynna ca\u0142\u0105 dob\u0119. Gdzie zrealizowa\u0107 recept\u0119 po 22:00?\",\"datePublished\":\"2020-01-01T01:42:02+00:00\",\"mainEntityOfPage\":{\"@id\":\"https:\\\/\\\/www.24gliwice.pl\\\/wiadomosci\\\/od-nowego-roku-tylko-jedna-apteka-bedzie-czynna-cala-dobe-gdzie-zrealizowac-recepte-po-2200\\\/\"},\"wordCount\":152,\"commentCount\":0,\"publisher\":{\"@id\":\"https:\\\/\\\/www.24gliwice.pl\\\/wiadomosci\\\/#organization\"},\"image\":{\"@id\":\"https:\\\/\\\/www.24gliwice.pl\\\/wiadomosci\\\/od-nowego-roku-tylko-jedna-apteka-bedzie-czynna-cala-dobe-gdzie-zrealizowac-recepte-po-2200\\\/#primaryimage\"},\"thumbnailUrl\":\"https:\\\/\\\/www.24gliwice.pl\\\/wiadomosci\\\/wp-content\\\/uploads\\\/2019\\\/12\\\/apteka.jpg\",\"keywords\":[\"apteka\",\"leki\"],\"articleSection\":[\"Gliwice\",\"Najnowsze wiadomo\u015bci\"],\"inLanguage\":\"pl-PL\",\"potentialAction\":[{\"@type\":\"CommentAction\",\"name\":\"Comment\",\"target\":[\"https:\\\/\\\/www.24gliwice.pl\\\/wiadomosci\\\/od-nowego-roku-tylko-jedna-apteka-bedzie-czynna-cala-dobe-gdzie-zrealizowac-recepte-po-2200\\\/#respond\"]}]},{\"@type\":\"WebPage\",\"@id\":\"https:\\\/\\\/www.24gliwice.pl\\\/wiadomosci\\\/od-nowego-roku-tylko-jedna-apteka-bedzie-czynna-cala-dobe-gdzie-zrealizowac-recepte-po-2200\\\/\",\"url\":\"https:\\\/\\\/www.24gliwice.pl\\\/wiadomosci\\\/od-nowego-roku-tylko-jedna-apteka-bedzie-czynna-cala-dobe-gdzie-zrealizowac-recepte-po-2200\\\/\",\"name\":\"Od Nowego Roku tylko jedna apteka b\u0119dzie czynna ca\u0142\u0105 dob\u0119. Gdzie zrealizowa\u0107 recept\u0119 po 22:00? - 24GLIWICE - Portal Gliwice | codziennie nowe informacje\",\"isPartOf\":{\"@id\":\"https:\\\/\\\/www.24gliwice.pl\\\/wiadomosci\\\/#website\"},\"primaryImageOfPage\":{\"@id\":\"https:\\\/\\\/www.24gliwice.pl\\\/wiadomosci\\\/od-nowego-roku-tylko-jedna-apteka-bedzie-czynna-cala-dobe-gdzie-zrealizowac-recepte-po-2200\\\/#primaryimage\"},\"image\":{\"@id\":\"https:\\\/\\\/www.24gliwice.pl\\\/wiadomosci\\\/od-nowego-roku-tylko-jedna-apteka-bedzie-czynna-cala-dobe-gdzie-zrealizowac-recepte-po-2200\\\/#primaryimage\"},\"thumbnailUrl\":\"https:\\\/\\\/www.24gliwice.pl\\\/wiadomosci\\\/wp-content\\\/uploads\\\/2019\\\/12\\\/apteka.jpg\",\"datePublished\":\"2020-01-01T01:42:02+00:00\",\"breadcrumb\":{\"@id\":\"https:\\\/\\\/www.24gliwice.pl\\\/wiadomosci\\\/od-nowego-roku-tylko-jedna-apteka-bedzie-czynna-cala-dobe-gdzie-zrealizowac-recepte-po-2200\\\/#breadcrumb\"},\"inLanguage\":\"pl-PL\",\"potentialAction\":[{\"@type\":\"ReadAction\",\"target\":[\"https:\\\/\\\/www.24gliwice.pl\\\/wiadomosci\\\/od-nowego-roku-tylko-jedna-apteka-bedzie-czynna-cala-dobe-gdzie-zrealizowac-recepte-po-2200\\\/\"]}]},{\"@type\":\"ImageObject\",\"inLanguage\":\"pl-PL\",\"@id\":\"https:\\\/\\\/www.24gliwice.pl\\\/wiadomosci\\\/od-nowego-roku-tylko-jedna-apteka-bedzie-czynna-cala-dobe-gdzie-zrealizowac-recepte-po-2200\\\/#primaryimage\",\"url\":\"https:\\\/\\\/www.24gliwice.pl\\\/wiadomosci\\\/wp-content\\\/uploads\\\/2019\\\/12\\\/apteka.jpg\",\"contentUrl\":\"https:\\\/\\\/www.24gliwice.pl\\\/wiadomosci\\\/wp-content\\\/uploads\\\/2019\\\/12\\\/apteka.jpg\",\"width\":858,\"height\":483},{\"@type\":\"BreadcrumbList\",\"@id\":\"https:\\\/\\\/www.24gliwice.pl\\\/wiadomosci\\\/od-nowego-roku-tylko-jedna-apteka-bedzie-czynna-cala-dobe-gdzie-zrealizowac-recepte-po-2200\\\/#breadcrumb\",\"itemListElement\":[{\"@type\":\"ListItem\",\"position\":1,\"name\":\"Strona g\u0142\u00f3wna\",\"item\":\"https:\\\/\\\/www.24gliwice.pl\\\/wiadomosci\\\/\"},{\"@type\":\"ListItem\",\"position\":2,\"name\":\"Od Nowego Roku tylko jedna apteka b\u0119dzie czynna ca\u0142\u0105 dob\u0119. Gdzie zrealizowa\u0107 recept\u0119 po 22:00?\"}]},{\"@type\":\"WebSite\",\"@id\":\"https:\\\/\\\/www.24gliwice.pl\\\/wiadomosci\\\/#website\",\"url\":\"https:\\\/\\\/www.24gliwice.pl\\\/wiadomosci\\\/\",\"name\":\"24GLIWICE - Portal Gliwice | codziennie nowe wiadomo\u015bci\",\"description\":\"Portal Miejski Gliwice\",\"publisher\":{\"@id\":\"https:\\\/\\\/www.24gliwice.pl\\\/wiadomosci\\\/#organization\"},\"potentialAction\":[{\"@type\":\"SearchAction\",\"target\":{\"@type\":\"EntryPoint\",\"urlTemplate\":\"https:\\\/\\\/www.24gliwice.pl\\\/wiadomosci\\\/?s={search_term_string}\"},\"query-input\":{\"@type\":\"PropertyValueSpecification\",\"valueRequired\":true,\"valueName\":\"search_term_string\"}}],\"inLanguage\":\"pl-PL\"},{\"@type\":\"Organization\",\"@id\":\"https:\\\/\\\/www.24gliwice.pl\\\/wiadomosci\\\/#organization\",\"name\":\"24gliwice\",\"url\":\"https:\\\/\\\/www.24gliwice.pl\\\/wiadomosci\\\/\",\"logo\":{\"@type\":\"ImageObject\",\"inLanguage\":\"pl-PL\",\"@id\":\"https:\\\/\\\/www.24gliwice.pl\\\/wiadomosci\\\/#\\\/schema\\\/logo\\\/image\\\/\",\"url\":\"https:\\\/\\\/www.24gliwice.pl\\\/wiadomosci\\\/wp-content\\\/uploads\\\/2024\\\/10\\\/24gliwice-logo-696.jpg\",\"contentUrl\":\"https:\\\/\\\/www.24gliwice.pl\\\/wiadomosci\\\/wp-content\\\/uploads\\\/2024\\\/10\\\/24gliwice-logo-696.jpg\",\"width\":696,\"height\":696,\"caption\":\"24gliwice\"},\"image\":{\"@id\":\"https:\\\/\\\/www.24gliwice.pl\\\/wiadomosci\\\/#\\\/schema\\\/logo\\\/image\\\/\"},\"sameAs\":[\"https:\\\/\\\/www.facebook.com\\\/24gliwice\",\"https:\\\/\\\/x.com\\\/24gliwice\",\"https:\\\/\\\/www.youtube.com\\\/@24gliwice\"]},{\"@type\":\"Person\",\"@id\":\"https:\\\/\\\/www.24gliwice.pl\\\/wiadomosci\\\/#\\\/schema\\\/person\\\/e42c650edd7f2fa332be3811fb166b6e\",\"name\":\"\u017baneta Mrozek-Siewierska\",\"image\":{\"@type\":\"ImageObject\",\"inLanguage\":\"pl-PL\",\"@id\":\"https:\\\/\\\/secure.gravatar.com\\\/avatar\\\/1881429e9c64597c77ad7aef2d0a19be69a3253e57534d16aa15bf3a4d34a0a3?s=96&d=mm&r=g\",\"url\":\"https:\\\/\\\/secure.gravatar.com\\\/avatar\\\/1881429e9c64597c77ad7aef2d0a19be69a3253e57534d16aa15bf3a4d34a0a3?s=96&d=mm&r=g\",\"contentUrl\":\"https:\\\/\\\/secure.gravatar.com\\\/avatar\\\/1881429e9c64597c77ad7aef2d0a19be69a3253e57534d16aa15bf3a4d34a0a3?s=96&d=mm&r=g\",\"caption\":\"\u017baneta Mrozek-Siewierska\"},\"url\":\"https:\\\/\\\/www.24gliwice.pl\\\/wiadomosci\\\/author\\\/zms\\\/\"}]}<\/script>\n<!-- \/ Yoast SEO plugin. -->","yoast_head_json":{"title":"Od Nowego Roku tylko jedna apteka b\u0119dzie czynna ca\u0142\u0105 dob\u0119. Gdzie zrealizowa\u0107 recept\u0119 po 22:00? - 24GLIWICE - Portal Gliwice | codziennie nowe informacje","robots":{"index":"index","follow":"follow","max-snippet":"max-snippet:-1","max-image-preview":"max-image-preview:large","max-video-preview":"max-video-preview:-1"},"canonical":"https:\/\/www.24gliwice.pl\/wiadomosci\/od-nowego-roku-tylko-jedna-apteka-bedzie-czynna-cala-dobe-gdzie-zrealizowac-recepte-po-2200\/","og_locale":"pl_PL","og_type":"article","og_title":"Od Nowego Roku tylko jedna apteka b\u0119dzie czynna ca\u0142\u0105 dob\u0119. Gdzie zrealizowa\u0107 recept\u0119 po 22:00? - 24GLIWICE - Portal Gliwice | codziennie nowe informacje","og_description":"Od 1 stycznia 2020 r. jedyn\u0105 ca\u0142odobow\u0105 plac\u00f3wk\u0105 apteczn\u0105 w mie\u015bcie b\u0119dzie Apteka Cito mieszcz\u0105ca si\u0119 przy ul. G\u00f3rnych Wa\u0142\u00f3w 26 \u2013 zawiadamia Wydzia\u0142 Zdrowia i Spraw Spo\u0142ecznych Urz\u0119du Miejskiego. Druga dotychczasowa apteka ca\u0142odobowa w mie\u015bcie \u2013 Apteka Dr. Max (ul. Czajki 5) \u2013 b\u0119dzie od Nowego Roku funkcjonowa\u0107 jako plac\u00f3wka ca\u0142otygodniowa (czynna od poniedzia\u0142ku [&hellip;]","og_url":"https:\/\/www.24gliwice.pl\/wiadomosci\/od-nowego-roku-tylko-jedna-apteka-bedzie-czynna-cala-dobe-gdzie-zrealizowac-recepte-po-2200\/","og_site_name":"24GLIWICE - Portal Gliwice | codziennie nowe informacje","article_publisher":"https:\/\/www.facebook.com\/24gliwice","article_published_time":"2020-01-01T01:42:02+00:00","og_image":[{"width":858,"height":483,"url":"https:\/\/www.24gliwice.pl\/wiadomosci\/wp-content\/uploads\/2019\/12\/apteka.jpg","type":"image\/jpeg"}],"author":"\u017baneta Mrozek-Siewierska","twitter_card":"summary_large_image","twitter_creator":"@24gliwice","twitter_site":"@24gliwice","twitter_misc":{"Napisane przez":"\u017baneta Mrozek-Siewierska","Szacowany czas czytania":"1 minuta"},"schema":{"@context":"https:\/\/schema.org","@graph":[{"@type":"Article","@id":"https:\/\/www.24gliwice.pl\/wiadomosci\/od-nowego-roku-tylko-jedna-apteka-bedzie-czynna-cala-dobe-gdzie-zrealizowac-recepte-po-2200\/#article","isPartOf":{"@id":"https:\/\/www.24gliwice.pl\/wiadomosci\/od-nowego-roku-tylko-jedna-apteka-bedzie-czynna-cala-dobe-gdzie-zrealizowac-recepte-po-2200\/"},"author":{"name":"\u017baneta Mrozek-Siewierska","@id":"https:\/\/www.24gliwice.pl\/wiadomosci\/#\/schema\/person\/e42c650edd7f2fa332be3811fb166b6e"},"headline":"Od Nowego Roku tylko jedna apteka b\u0119dzie czynna ca\u0142\u0105 dob\u0119. Gdzie zrealizowa\u0107 recept\u0119 po 22:00?","datePublished":"2020-01-01T01:42:02+00:00","mainEntityOfPage":{"@id":"https:\/\/www.24gliwice.pl\/wiadomosci\/od-nowego-roku-tylko-jedna-apteka-bedzie-czynna-cala-dobe-gdzie-zrealizowac-recepte-po-2200\/"},"wordCount":152,"commentCount":0,"publisher":{"@id":"https:\/\/www.24gliwice.pl\/wiadomosci\/#organization"},"image":{"@id":"https:\/\/www.24gliwice.pl\/wiadomosci\/od-nowego-roku-tylko-jedna-apteka-bedzie-czynna-cala-dobe-gdzie-zrealizowac-recepte-po-2200\/#primaryimage"},"thumbnailUrl":"https:\/\/www.24gliwice.pl\/wiadomosci\/wp-content\/uploads\/2019\/12\/apteka.jpg","keywords":["apteka","leki"],"articleSection":["Gliwice","Najnowsze wiadomo\u015bci"],"inLanguage":"pl-PL","potentialAction":[{"@type":"CommentAction","name":"Comment","target":["https:\/\/www.24gliwice.pl\/wiadomosci\/od-nowego-roku-tylko-jedna-apteka-bedzie-czynna-cala-dobe-gdzie-zrealizowac-recepte-po-2200\/#respond"]}]},{"@type":"WebPage","@id":"https:\/\/www.24gliwice.pl\/wiadomosci\/od-nowego-roku-tylko-jedna-apteka-bedzie-czynna-cala-dobe-gdzie-zrealizowac-recepte-po-2200\/","url":"https:\/\/www.24gliwice.pl\/wiadomosci\/od-nowego-roku-tylko-jedna-apteka-bedzie-czynna-cala-dobe-gdzie-zrealizowac-recepte-po-2200\/","name":"Od Nowego Roku tylko jedna apteka b\u0119dzie czynna ca\u0142\u0105 dob\u0119. Gdzie zrealizowa\u0107 recept\u0119 po 22:00? - 24GLIWICE - Portal Gliwice | codziennie nowe informacje","isPartOf":{"@id":"https:\/\/www.24gliwice.pl\/wiadomosci\/#website"},"primaryImageOfPage":{"@id":"https:\/\/www.24gliwice.pl\/wiadomosci\/od-nowego-roku-tylko-jedna-apteka-bedzie-czynna-cala-dobe-gdzie-zrealizowac-recepte-po-2200\/#primaryimage"},"image":{"@id":"https:\/\/www.24gliwice.pl\/wiadomosci\/od-nowego-roku-tylko-jedna-apteka-bedzie-czynna-cala-dobe-gdzie-zrealizowac-recepte-po-2200\/#primaryimage"},"thumbnailUrl":"https:\/\/www.24gliwice.pl\/wiadomosci\/wp-content\/uploads\/2019\/12\/apteka.jpg","datePublished":"2020-01-01T01:42:02+00:00","breadcrumb":{"@id":"https:\/\/www.24gliwice.pl\/wiadomosci\/od-nowego-roku-tylko-jedna-apteka-bedzie-czynna-cala-dobe-gdzie-zrealizowac-recepte-po-2200\/#breadcrumb"},"inLanguage":"pl-PL","potentialAction":[{"@type":"ReadAction","target":["https:\/\/www.24gliwice.pl\/wiadomosci\/od-nowego-roku-tylko-jedna-apteka-bedzie-czynna-cala-dobe-gdzie-zrealizowac-recepte-po-2200\/"]}]},{"@type":"ImageObject","inLanguage":"pl-PL","@id":"https:\/\/www.24gliwice.pl\/wiadomosci\/od-nowego-roku-tylko-jedna-apteka-bedzie-czynna-cala-dobe-gdzie-zrealizowac-recepte-po-2200\/#primaryimage","url":"https:\/\/www.24gliwice.pl\/wiadomosci\/wp-content\/uploads\/2019\/12\/apteka.jpg","contentUrl":"https:\/\/www.24gliwice.pl\/wiadomosci\/wp-content\/uploads\/2019\/12\/apteka.jpg","width":858,"height":483},{"@type":"BreadcrumbList","@id":"https:\/\/www.24gliwice.pl\/wiadomosci\/od-nowego-roku-tylko-jedna-apteka-bedzie-czynna-cala-dobe-gdzie-zrealizowac-recepte-po-2200\/#breadcrumb","itemListElement":[{"@type":"ListItem","position":1,"name":"Strona g\u0142\u00f3wna","item":"https:\/\/www.24gliwice.pl\/wiadomosci\/"},{"@type":"ListItem","position":2,"name":"Od Nowego Roku tylko jedna apteka b\u0119dzie czynna ca\u0142\u0105 dob\u0119. Gdzie zrealizowa\u0107 recept\u0119 po 22:00?"}]},{"@type":"WebSite","@id":"https:\/\/www.24gliwice.pl\/wiadomosci\/#website","url":"https:\/\/www.24gliwice.pl\/wiadomosci\/","name":"24GLIWICE - Portal Gliwice | codziennie nowe wiadomo\u015bci","description":"Portal Miejski Gliwice","publisher":{"@id":"https:\/\/www.24gliwice.pl\/wiadomosci\/#organization"},"potentialAction":[{"@type":"SearchAction","target":{"@type":"EntryPoint","urlTemplate":"https:\/\/www.24gliwice.pl\/wiadomosci\/?s={search_term_string}"},"query-input":{"@type":"PropertyValueSpecification","valueRequired":true,"valueName":"search_term_string"}}],"inLanguage":"pl-PL"},{"@type":"Organization","@id":"https:\/\/www.24gliwice.pl\/wiadomosci\/#organization","name":"24gliwice","url":"https:\/\/www.24gliwice.pl\/wiadomosci\/","logo":{"@type":"ImageObject","inLanguage":"pl-PL","@id":"https:\/\/www.24gliwice.pl\/wiadomosci\/#\/schema\/logo\/image\/","url":"https:\/\/www.24gliwice.pl\/wiadomosci\/wp-content\/uploads\/2024\/10\/24gliwice-logo-696.jpg","contentUrl":"https:\/\/www.24gliwice.pl\/wiadomosci\/wp-content\/uploads\/2024\/10\/24gliwice-logo-696.jpg","width":696,"height":696,"caption":"24gliwice"},"image":{"@id":"https:\/\/www.24gliwice.pl\/wiadomosci\/#\/schema\/logo\/image\/"},"sameAs":["https:\/\/www.facebook.com\/24gliwice","https:\/\/x.com\/24gliwice","https:\/\/www.youtube.com\/@24gliwice"]},{"@type":"Person","@id":"https:\/\/www.24gliwice.pl\/wiadomosci\/#\/schema\/person\/e42c650edd7f2fa332be3811fb166b6e","name":"\u017baneta Mrozek-Siewierska","image":{"@type":"ImageObject","inLanguage":"pl-PL","@id":"https:\/\/secure.gravatar.com\/avatar\/1881429e9c64597c77ad7aef2d0a19be69a3253e57534d16aa15bf3a4d34a0a3?s=96&d=mm&r=g","url":"https:\/\/secure.gravatar.com\/avatar\/1881429e9c64597c77ad7aef2d0a19be69a3253e57534d16aa15bf3a4d34a0a3?s=96&d=mm&r=g","contentUrl":"https:\/\/secure.gravatar.com\/avatar\/1881429e9c64597c77ad7aef2d0a19be69a3253e57534d16aa15bf3a4d34a0a3?s=96&d=mm&r=g","caption":"\u017baneta Mrozek-Siewierska"},"url":"https:\/\/www.24gliwice.pl\/wiadomosci\/author\/zms\/"}]}},"_links":{"self":[{"href":"https:\/\/www.24gliwice.pl\/wiadomosci\/wp-json\/wp\/v2\/posts\/145483","targetHints":{"allow":["GET"]}}],"collection":[{"href":"https:\/\/www.24gliwice.pl\/wiadomosci\/wp-json\/wp\/v2\/posts"}],"about":[{"href":"https:\/\/www.24gliwice.pl\/wiadomosci\/wp-json\/wp\/v2\/types\/post"}],"author":[{"embeddable":true,"href":"https:\/\/www.24gliwice.pl\/wiadomosci\/wp-json\/wp\/v2\/users\/15"}],"replies":[{"embeddable":true,"href":"https:\/\/www.24gliwice.pl\/wiadomosci\/wp-json\/wp\/v2\/comments?post=145483"}],"version-history":[{"count":0,"href":"https:\/\/www.24gliwice.pl\/wiadomosci\/wp-json\/wp\/v2\/posts\/145483\/revisions"}],"wp:featuredmedia":[{"embeddable":true,"href":"https:\/\/www.24gliwice.pl\/wiadomosci\/wp-json\/wp\/v2\/media\/145486"}],"wp:attachment":[{"href":"https:\/\/www.24gliwice.pl\/wiadomosci\/wp-json\/wp\/v2\/media?parent=145483"}],"wp:term":[{"taxonomy":"category","embeddable":true,"href":"https:\/\/www.24gliwice.pl\/wiadomosci\/wp-json\/wp\/v2\/categories?post=145483"},{"taxonomy":"post_tag","embeddable":true,"href":"https:\/\/www.24gliwice.pl\/wiadomosci\/wp-json\/wp\/v2\/tags?post=145483"}],"curies":[{"name":"wp","href":"https:\/\/api.w.org\/{rel}","templated":true}]}}