{"id":145489,"date":"2020-01-03T01:35:00","date_gmt":"2020-01-03T00:35:00","guid":{"rendered":"https:\/\/www.24gliwice.pl\/wiadomosci\/?p=145489"},"modified":"2020-01-03T01:35:24","modified_gmt":"2020-01-03T00:35:24","slug":"jechal-na-czolowke-z-radiowozem-niestety-osoby-brz-uprawnien-nie-znaja-przepisow","status":"publish","type":"post","link":"https:\/\/www.24gliwice.pl\/wiadomosci\/jechal-na-czolowke-z-radiowozem-niestety-osoby-brz-uprawnien-nie-znaja-przepisow\/","title":{"rendered":"Jecha\u0142 na &#8220;czo\u0142\u00f3wk\u0119&#8221; z radiowozem. &#8220;Niestety, osoby bez uprawnie\u0144 nie znaj\u0105 przepis\u00f3w&#8221;"},"content":{"rendered":"<div class=\"gliwi-a6-nad-leadem-artykulow gliwi-entity-placement\" id=\"gliwi-2345649103\"><div class=\"gliwi-adlabel\"><span style=\"font-size: 9px\">REKLAMA<\/span><\/div><div id=\"gliwi-2623596385\" style=\"margin-bottom: 30px;margin-left: auto;margin-right: auto;text-align: center;\"><a data-no-instant=\"1\" href=\"https:\/\/przedszkole.halogen.org.pl\/\" rel=\"noopener\" class=\"a2t-link\" target=\"_blank\" aria-label=\"20260402-ANIMATOR-przedszkole_grafika_750x200\"><img loading=\"lazy\" decoding=\"async\" src=\"https:\/\/www.24gliwice.pl\/wiadomosci\/wp-content\/uploads\/2026\/04\/20260402-ANIMATOR-przedszkole_grafika_750x200.webp\" alt=\"\"  srcset=\"https:\/\/www.24gliwice.pl\/wiadomosci\/wp-content\/uploads\/2026\/04\/20260402-ANIMATOR-przedszkole_grafika_750x200.webp 750w, https:\/\/www.24gliwice.pl\/wiadomosci\/wp-content\/uploads\/2026\/04\/20260402-ANIMATOR-przedszkole_grafika_750x200-410x109.webp 410w\" sizes=\"(max-width: 750px) 100vw, 750px\" class=\"no-lazyload\" width=\"750\" height=\"200\"  style=\"display: inline-block; max-width: 100%; height: auto;\" \/><\/a><\/div><\/div><p><iframe loading=\"lazy\" width=\"810\" height=\"455\" src=\"https:\/\/www.youtube.com\/embed\/YVVDZRBc7Z8\" frameborder=\"0\" allow=\"accelerometer; autoplay; encrypted-media; gyroscope; picture-in-picture\" allowfullscreen><\/iframe><\/p>\n<h3>Nigdy nie mia\u0142 prawa jazdy, a jednak kierowa\u0142 samochodem, wykonuj\u0105c przy tym manewr, kt\u00f3ry m\u00f3g\u0142 si\u0119 sko\u0144czy\u0107 tragicznie. 35-letni knurowianin wyprzedza\u0142 samochody, jad\u0105c na tzw. &#8220;czo\u0142\u00f3wk\u0119&#8221; z policyjnym radiowozem.<\/h3>\n<p>&#8211; <em>Policjanci gliwickiej drog\u00f3wki patrolowali DK78 w nieoznakowanym radiowozie. Jad\u0105c w stron\u0119 miejscowo\u015bci Nieborowice na prostym odcinku drogi zauwa\u017cyli pojazd jad\u0105cy z przeciwka, kt\u00f3ry pomimo nadje\u017cd\u017caj\u0105cego w jego kierunku policyjnego BMW, rozpocz\u0105\u0142 manewr wyprzedzania dw\u00f3ch samochod\u00f3w. Kieruj\u0105cy Oplem jad\u0105c od strony Rybnika nie zwraca\u0142 uwagi na fakt, i\u017c jedzie prosto na inny pojazd i mo\u017ce w ten spos\u00f3b doprowadzi\u0107 do zderzenia czo\u0142owego. Wszystko nagra\u0142a kamera<\/em> &#8211; przekazuje sier\u017c. szt. <strong>Marcin Rydel<\/strong>, zast\u0119puj\u0105cy oficera prasowego KMP Gliwice. <\/p>\n<p>Za\u0142oga nieoznakowanego radiowozu zawr\u00f3ci\u0142a i uda\u0142a si\u0119 za Oplem, kt\u00f3ry zosta\u0142 zatrzymany na ul. Szpitalnej w Knurowie. <\/p><div class=\"gliwi-a3-w-tresci-artykulow gliwi-entity-placement\" id=\"gliwi-1254441918\"><div class=\"gliwi-adlabel\"><span style=\"font-size: 9px\">REKLAMA<\/span><\/div><div id=\"gliwi-890428159\" style=\"margin-bottom: 30px;margin-left: auto;margin-right: auto;text-align: center;\"><a data-no-instant=\"1\" href=\"https:\/\/ogrodyandersa.pl\/\" rel=\"noopener\" class=\"a2t-link\" target=\"_blank\" aria-label=\"20260415 Ogrody Andersa KUP TERAZ D\"><img loading=\"lazy\" decoding=\"async\" src=\"https:\/\/www.24gliwice.pl\/wiadomosci\/wp-content\/uploads\/2026\/04\/20260415-Ogrody-Andersa-KUP-TERAZ-D.jpg\" alt=\"\"  srcset=\"https:\/\/www.24gliwice.pl\/wiadomosci\/wp-content\/uploads\/2026\/04\/20260415-Ogrody-Andersa-KUP-TERAZ-D.jpg 750w, https:\/\/www.24gliwice.pl\/wiadomosci\/wp-content\/uploads\/2026\/04\/20260415-Ogrody-Andersa-KUP-TERAZ-D-410x109.jpg 410w\" sizes=\"(max-width: 750px) 100vw, 750px\" class=\"no-lazyload\" width=\"750\" height=\"200\"  style=\"display: inline-block; max-width: 100%; height: auto;\" \/><\/a><\/div><\/div>\n<h3>Kieruj\u0105cy, 35-letni mieszkaniec Knurowa o\u015bwiadczy\u0142, \u017ce nie ma prawa jazdy i nigdy go nie posiada\u0142. Wspomnia\u0142 jednak, \u017ce w\u0142a\u015bnie zapisa\u0142 si\u0119 na kurs. <\/h3>\n<p>&#8211; <em>W czasie prowadzonych czynno\u015bci, knurowianin t\u0142umaczy\u0142, \u017ce musia\u0142 jecha\u0107 na zakupy samochodem, bo transport publiczny w dni wolne jest znacznie ograniczony, temperatura niska, a w zwi\u0105zku z tym chcia\u0142 za\u0142atwi\u0107 to szybko i w komfortowych warunkach. Kiedy policjanci odtworzyli nagranie z jego wyczynem, stwierdzi\u0142, \u017ce by\u0142o to ryzykowne i nieodpowiedzialne zachowanie, szczeg\u00f3lnie, \u017ce mia\u0142 mo\u017cliwo\u015b\u0107 schowania si\u0119 pomi\u0119dzy pojazdami, kt\u00f3re wyprzedza\u0142. Chocia\u017c temperatura w ten dzie\u0144 waha\u0142a si\u0119 w okolicach 0 stopni, samoch\u00f3d by\u0142 wyposa\u017cony w letnie opony. Samozwa\u0144czy szofer przyzna\u0142 r\u00f3wnie\u017c, \u017ce pr\u0119dko\u015b\u0107, z kt\u00f3r\u0105 si\u0119 przemieszcza\u0142, nie nale\u017ca\u0142a do bezpiecznych w tych warunkach<\/em> &#8211; dodaje zast\u0119pca oficera prasowego.  <\/p>\n<h3>Za pope\u0142nione wykroczenia m\u0119\u017cczyzna zosta\u0142 on ukarany mandatami karnymi na \u0142\u0105czn\u0105 kwot\u0119 1050 z\u0142. <\/h3>\n<p>&#8211; <em>Niestety osoby nie posiadaj\u0105ce uprawnie\u0144, a decyduj\u0105ce si\u0119 na kierowanie pojazdami na drogach publicznych nie znaj\u0105 przepis\u00f3w, b\u0142\u0119dnie je interpretuj\u0105 lub zupe\u0142nie ignoruj\u0105. Brak znajomo\u015bci przepis\u00f3w, do\u015bwiadczenia i umiej\u0119tno\u015bci przewidywania zagro\u017ce\u0144 mo\u017ce sko\u0144czy\u0107 si\u0119 tragicznie<\/em> &#8211; komentuje Rydel. <\/p>\n<p>(\u017cms)\/KMP Gliwice<br \/>\nfot., wid. KMP Gliwice<\/p>\n<div class=\"gliwi-a5-na-koncu-artykulow gliwi-entity-placement\" id=\"gliwi-461394993\"><div class=\"gliwi-adlabel\"><span style=\"font-size: 9px\">REKLAMA<\/span><\/div><div id=\"gliwi-2464819761\" style=\"margin-left: auto;margin-right: auto;text-align: center;\"><a data-no-instant=\"1\" href=\"https:\/\/www.jasek.pl\/\" rel=\"noopener\" class=\"a2t-link\" target=\"_blank\" aria-label=\"20200401-jasek 600\"><img loading=\"lazy\" decoding=\"async\" src=\"https:\/\/www.24gliwice.pl\/wiadomosci\/wp-content\/uploads\/2020\/04\/20200401-jasek-600.jpg\" alt=\"\"  srcset=\"https:\/\/www.24gliwice.pl\/wiadomosci\/wp-content\/uploads\/2020\/04\/20200401-jasek-600.jpg 600w, https:\/\/www.24gliwice.pl\/wiadomosci\/wp-content\/uploads\/2020\/04\/20200401-jasek-600-410x109.jpg 410w\" sizes=\"(max-width: 600px) 100vw, 600px\" class=\"no-lazyload\" width=\"600\" height=\"160\"  style=\"display: inline-block; max-width: 100%; height: auto;\" \/><\/a><\/div><\/div>","protected":false},"excerpt":{"rendered":"<p>Nigdy nie mia\u0142 prawa jazdy, a jednak kierowa\u0142 samochodem, wykonuj\u0105c przy tym manewr, kt\u00f3ry m\u00f3g\u0142 si\u0119 sko\u0144czy\u0107 tragicznie. 35-letni knurowianin wyprzedza\u0142 samochody, jad\u0105c na tzw. &#8220;czo\u0142\u00f3wk\u0119&#8221; z policyjnym radiowozem. &#8211; Policjanci gliwickiej drog\u00f3wki patrolowali DK78 w nieoznakowanym radiowozie. Jad\u0105c w stron\u0119 miejscowo\u015bci Nieborowice na prostym odcinku drogi zauwa\u017cyli pojazd jad\u0105cy z przeciwka, kt\u00f3ry pomimo nadje\u017cd\u017caj\u0105cego [&hellip;]<\/p>\n","protected":false},"author":15,"featured_media":145492,"comment_status":"open","ping_status":"closed","sticky":false,"template":"","format":"video","meta":{"_monsterinsights_skip_tracking":false,"_monsterinsights_sitenote_active":false,"_monsterinsights_sitenote_note":"","_monsterinsights_sitenote_category":0,"footnotes":"","_links_to":"","_links_to_target":""},"categories":[3,1,5],"tags":[8641,8492],"class_list":["post-145489","post","type-post","status-publish","format-video","has-post-thumbnail","hentry","category-gliwice","category-wszystko","category-kryminalki","tag-czolowe-zderzenie","tag-mandat","post_format-post-format-video"],"yoast_head":"<!-- This site is optimized with the Yoast SEO plugin v27.5 - https:\/\/yoast.com\/product\/yoast-seo-wordpress\/ -->\n<title>Jecha\u0142 na &quot;czo\u0142\u00f3wk\u0119&quot; z radiowozem. &quot;Niestety, osoby bez uprawnie\u0144 nie znaj\u0105 przepis\u00f3w&quot; - 24GLIWICE - Portal Gliwice | codziennie nowe informacje<\/title>\n<meta name=\"robots\" content=\"index, follow, max-snippet:-1, max-image-preview:large, max-video-preview:-1\" \/>\n<link rel=\"canonical\" href=\"https:\/\/www.24gliwice.pl\/wiadomosci\/jechal-na-czolowke-z-radiowozem-niestety-osoby-brz-uprawnien-nie-znaja-przepisow\/\" \/>\n<meta property=\"og:locale\" content=\"pl_PL\" \/>\n<meta property=\"og:type\" content=\"article\" \/>\n<meta property=\"og:title\" content=\"Jecha\u0142 na &quot;czo\u0142\u00f3wk\u0119&quot; z radiowozem. &quot;Niestety, osoby bez uprawnie\u0144 nie znaj\u0105 przepis\u00f3w&quot; - 24GLIWICE - Portal Gliwice | codziennie nowe informacje\" \/>\n<meta property=\"og:description\" content=\"Nigdy nie mia\u0142 prawa jazdy, a jednak kierowa\u0142 samochodem, wykonuj\u0105c przy tym manewr, kt\u00f3ry m\u00f3g\u0142 si\u0119 sko\u0144czy\u0107 tragicznie. 35-letni knurowianin wyprzedza\u0142 samochody, jad\u0105c na tzw. &#8220;czo\u0142\u00f3wk\u0119&#8221; z policyjnym radiowozem. &#8211; Policjanci gliwickiej drog\u00f3wki patrolowali DK78 w nieoznakowanym radiowozie. Jad\u0105c w stron\u0119 miejscowo\u015bci Nieborowice na prostym odcinku drogi zauwa\u017cyli pojazd jad\u0105cy z przeciwka, kt\u00f3ry pomimo nadje\u017cd\u017caj\u0105cego [&hellip;]\" \/>\n<meta property=\"og:url\" content=\"https:\/\/www.24gliwice.pl\/wiadomosci\/jechal-na-czolowke-z-radiowozem-niestety-osoby-brz-uprawnien-nie-znaja-przepisow\/\" \/>\n<meta property=\"og:site_name\" content=\"24GLIWICE - Portal Gliwice | codziennie nowe informacje\" \/>\n<meta property=\"article:publisher\" content=\"https:\/\/www.facebook.com\/24gliwice\" \/>\n<meta property=\"article:published_time\" content=\"2020-01-03T00:35:00+00:00\" \/>\n<meta property=\"article:modified_time\" content=\"2020-01-03T00:35:24+00:00\" \/>\n<meta property=\"og:image\" content=\"https:\/\/www.24gliwice.pl\/wiadomosci\/wp-content\/uploads\/2019\/12\/czo\u0142\u00f3wka-z-radiowozem-jpg.jpg\" \/>\n\t<meta property=\"og:image:width\" content=\"969\" \/>\n\t<meta property=\"og:image:height\" content=\"544\" \/>\n\t<meta property=\"og:image:type\" content=\"image\/jpeg\" \/>\n<meta name=\"author\" content=\"\u017baneta Mrozek-Siewierska\" \/>\n<meta name=\"twitter:card\" content=\"summary_large_image\" \/>\n<meta name=\"twitter:creator\" content=\"@24gliwice\" \/>\n<meta name=\"twitter:site\" content=\"@24gliwice\" \/>\n<meta name=\"twitter:label1\" content=\"Napisane przez\" \/>\n\t<meta name=\"twitter:data1\" content=\"\u017baneta Mrozek-Siewierska\" \/>\n\t<meta name=\"twitter:label2\" content=\"Szacowany czas czytania\" \/>\n\t<meta name=\"twitter:data2\" content=\"2 minuty\" \/>\n<script type=\"application\/ld+json\" class=\"yoast-schema-graph\">{\"@context\":\"https:\\\/\\\/schema.org\",\"@graph\":[{\"@type\":\"Article\",\"@id\":\"https:\\\/\\\/www.24gliwice.pl\\\/wiadomosci\\\/jechal-na-czolowke-z-radiowozem-niestety-osoby-brz-uprawnien-nie-znaja-przepisow\\\/#article\",\"isPartOf\":{\"@id\":\"https:\\\/\\\/www.24gliwice.pl\\\/wiadomosci\\\/jechal-na-czolowke-z-radiowozem-niestety-osoby-brz-uprawnien-nie-znaja-przepisow\\\/\"},\"author\":{\"name\":\"\u017baneta Mrozek-Siewierska\",\"@id\":\"https:\\\/\\\/www.24gliwice.pl\\\/wiadomosci\\\/#\\\/schema\\\/person\\\/e42c650edd7f2fa332be3811fb166b6e\"},\"headline\":\"Jecha\u0142 na &#8220;czo\u0142\u00f3wk\u0119&#8221; z radiowozem. &#8220;Niestety, osoby bez uprawnie\u0144 nie znaj\u0105 przepis\u00f3w&#8221;\",\"datePublished\":\"2020-01-03T00:35:00+00:00\",\"dateModified\":\"2020-01-03T00:35:24+00:00\",\"mainEntityOfPage\":{\"@id\":\"https:\\\/\\\/www.24gliwice.pl\\\/wiadomosci\\\/jechal-na-czolowke-z-radiowozem-niestety-osoby-brz-uprawnien-nie-znaja-przepisow\\\/\"},\"wordCount\":386,\"commentCount\":0,\"publisher\":{\"@id\":\"https:\\\/\\\/www.24gliwice.pl\\\/wiadomosci\\\/#organization\"},\"image\":{\"@id\":\"https:\\\/\\\/www.24gliwice.pl\\\/wiadomosci\\\/jechal-na-czolowke-z-radiowozem-niestety-osoby-brz-uprawnien-nie-znaja-przepisow\\\/#primaryimage\"},\"thumbnailUrl\":\"https:\\\/\\\/www.24gliwice.pl\\\/wiadomosci\\\/wp-content\\\/uploads\\\/2019\\\/12\\\/czo\u0142\u00f3wka-z-radiowozem-jpg.jpg\",\"keywords\":[\"czo\u0142owe zderzenie\",\"MANDAT\"],\"articleSection\":[\"Gliwice\",\"Najnowsze wiadomo\u015bci\",\"Prawo\"],\"inLanguage\":\"pl-PL\",\"potentialAction\":[{\"@type\":\"CommentAction\",\"name\":\"Comment\",\"target\":[\"https:\\\/\\\/www.24gliwice.pl\\\/wiadomosci\\\/jechal-na-czolowke-z-radiowozem-niestety-osoby-brz-uprawnien-nie-znaja-przepisow\\\/#respond\"]}]},{\"@type\":\"WebPage\",\"@id\":\"https:\\\/\\\/www.24gliwice.pl\\\/wiadomosci\\\/jechal-na-czolowke-z-radiowozem-niestety-osoby-brz-uprawnien-nie-znaja-przepisow\\\/\",\"url\":\"https:\\\/\\\/www.24gliwice.pl\\\/wiadomosci\\\/jechal-na-czolowke-z-radiowozem-niestety-osoby-brz-uprawnien-nie-znaja-przepisow\\\/\",\"name\":\"Jecha\u0142 na \\\"czo\u0142\u00f3wk\u0119\\\" z radiowozem. \\\"Niestety, osoby bez uprawnie\u0144 nie znaj\u0105 przepis\u00f3w\\\" - 24GLIWICE - Portal Gliwice | codziennie nowe informacje\",\"isPartOf\":{\"@id\":\"https:\\\/\\\/www.24gliwice.pl\\\/wiadomosci\\\/#website\"},\"primaryImageOfPage\":{\"@id\":\"https:\\\/\\\/www.24gliwice.pl\\\/wiadomosci\\\/jechal-na-czolowke-z-radiowozem-niestety-osoby-brz-uprawnien-nie-znaja-przepisow\\\/#primaryimage\"},\"image\":{\"@id\":\"https:\\\/\\\/www.24gliwice.pl\\\/wiadomosci\\\/jechal-na-czolowke-z-radiowozem-niestety-osoby-brz-uprawnien-nie-znaja-przepisow\\\/#primaryimage\"},\"thumbnailUrl\":\"https:\\\/\\\/www.24gliwice.pl\\\/wiadomosci\\\/wp-content\\\/uploads\\\/2019\\\/12\\\/czo\u0142\u00f3wka-z-radiowozem-jpg.jpg\",\"datePublished\":\"2020-01-03T00:35:00+00:00\",\"dateModified\":\"2020-01-03T00:35:24+00:00\",\"breadcrumb\":{\"@id\":\"https:\\\/\\\/www.24gliwice.pl\\\/wiadomosci\\\/jechal-na-czolowke-z-radiowozem-niestety-osoby-brz-uprawnien-nie-znaja-przepisow\\\/#breadcrumb\"},\"inLanguage\":\"pl-PL\",\"potentialAction\":[{\"@type\":\"ReadAction\",\"target\":[\"https:\\\/\\\/www.24gliwice.pl\\\/wiadomosci\\\/jechal-na-czolowke-z-radiowozem-niestety-osoby-brz-uprawnien-nie-znaja-przepisow\\\/\"]}]},{\"@type\":\"ImageObject\",\"inLanguage\":\"pl-PL\",\"@id\":\"https:\\\/\\\/www.24gliwice.pl\\\/wiadomosci\\\/jechal-na-czolowke-z-radiowozem-niestety-osoby-brz-uprawnien-nie-znaja-przepisow\\\/#primaryimage\",\"url\":\"https:\\\/\\\/www.24gliwice.pl\\\/wiadomosci\\\/wp-content\\\/uploads\\\/2019\\\/12\\\/czo\u0142\u00f3wka-z-radiowozem-jpg.jpg\",\"contentUrl\":\"https:\\\/\\\/www.24gliwice.pl\\\/wiadomosci\\\/wp-content\\\/uploads\\\/2019\\\/12\\\/czo\u0142\u00f3wka-z-radiowozem-jpg.jpg\",\"width\":969,\"height\":544},{\"@type\":\"BreadcrumbList\",\"@id\":\"https:\\\/\\\/www.24gliwice.pl\\\/wiadomosci\\\/jechal-na-czolowke-z-radiowozem-niestety-osoby-brz-uprawnien-nie-znaja-przepisow\\\/#breadcrumb\",\"itemListElement\":[{\"@type\":\"ListItem\",\"position\":1,\"name\":\"Strona g\u0142\u00f3wna\",\"item\":\"https:\\\/\\\/www.24gliwice.pl\\\/wiadomosci\\\/\"},{\"@type\":\"ListItem\",\"position\":2,\"name\":\"Jecha\u0142 na &#8222;czo\u0142\u00f3wk\u0119&#8221; z radiowozem. &#8222;Niestety, osoby bez uprawnie\u0144 nie znaj\u0105 przepis\u00f3w&#8221;\"}]},{\"@type\":\"WebSite\",\"@id\":\"https:\\\/\\\/www.24gliwice.pl\\\/wiadomosci\\\/#website\",\"url\":\"https:\\\/\\\/www.24gliwice.pl\\\/wiadomosci\\\/\",\"name\":\"24GLIWICE - Portal Gliwice | codziennie nowe wiadomo\u015bci\",\"description\":\"Portal Miejski Gliwice\",\"publisher\":{\"@id\":\"https:\\\/\\\/www.24gliwice.pl\\\/wiadomosci\\\/#organization\"},\"potentialAction\":[{\"@type\":\"SearchAction\",\"target\":{\"@type\":\"EntryPoint\",\"urlTemplate\":\"https:\\\/\\\/www.24gliwice.pl\\\/wiadomosci\\\/?s={search_term_string}\"},\"query-input\":{\"@type\":\"PropertyValueSpecification\",\"valueRequired\":true,\"valueName\":\"search_term_string\"}}],\"inLanguage\":\"pl-PL\"},{\"@type\":\"Organization\",\"@id\":\"https:\\\/\\\/www.24gliwice.pl\\\/wiadomosci\\\/#organization\",\"name\":\"24gliwice\",\"url\":\"https:\\\/\\\/www.24gliwice.pl\\\/wiadomosci\\\/\",\"logo\":{\"@type\":\"ImageObject\",\"inLanguage\":\"pl-PL\",\"@id\":\"https:\\\/\\\/www.24gliwice.pl\\\/wiadomosci\\\/#\\\/schema\\\/logo\\\/image\\\/\",\"url\":\"https:\\\/\\\/www.24gliwice.pl\\\/wiadomosci\\\/wp-content\\\/uploads\\\/2024\\\/10\\\/24gliwice-logo-696.jpg\",\"contentUrl\":\"https:\\\/\\\/www.24gliwice.pl\\\/wiadomosci\\\/wp-content\\\/uploads\\\/2024\\\/10\\\/24gliwice-logo-696.jpg\",\"width\":696,\"height\":696,\"caption\":\"24gliwice\"},\"image\":{\"@id\":\"https:\\\/\\\/www.24gliwice.pl\\\/wiadomosci\\\/#\\\/schema\\\/logo\\\/image\\\/\"},\"sameAs\":[\"https:\\\/\\\/www.facebook.com\\\/24gliwice\",\"https:\\\/\\\/x.com\\\/24gliwice\",\"https:\\\/\\\/www.youtube.com\\\/@24gliwice\"]},{\"@type\":\"Person\",\"@id\":\"https:\\\/\\\/www.24gliwice.pl\\\/wiadomosci\\\/#\\\/schema\\\/person\\\/e42c650edd7f2fa332be3811fb166b6e\",\"name\":\"\u017baneta Mrozek-Siewierska\",\"image\":{\"@type\":\"ImageObject\",\"inLanguage\":\"pl-PL\",\"@id\":\"https:\\\/\\\/secure.gravatar.com\\\/avatar\\\/1881429e9c64597c77ad7aef2d0a19be69a3253e57534d16aa15bf3a4d34a0a3?s=96&d=mm&r=g\",\"url\":\"https:\\\/\\\/secure.gravatar.com\\\/avatar\\\/1881429e9c64597c77ad7aef2d0a19be69a3253e57534d16aa15bf3a4d34a0a3?s=96&d=mm&r=g\",\"contentUrl\":\"https:\\\/\\\/secure.gravatar.com\\\/avatar\\\/1881429e9c64597c77ad7aef2d0a19be69a3253e57534d16aa15bf3a4d34a0a3?s=96&d=mm&r=g\",\"caption\":\"\u017baneta Mrozek-Siewierska\"},\"url\":\"https:\\\/\\\/www.24gliwice.pl\\\/wiadomosci\\\/author\\\/zms\\\/\"}]}<\/script>\n<!-- \/ Yoast SEO plugin. -->","yoast_head_json":{"title":"Jecha\u0142 na \"czo\u0142\u00f3wk\u0119\" z radiowozem. \"Niestety, osoby bez uprawnie\u0144 nie znaj\u0105 przepis\u00f3w\" - 24GLIWICE - Portal Gliwice | codziennie nowe informacje","robots":{"index":"index","follow":"follow","max-snippet":"max-snippet:-1","max-image-preview":"max-image-preview:large","max-video-preview":"max-video-preview:-1"},"canonical":"https:\/\/www.24gliwice.pl\/wiadomosci\/jechal-na-czolowke-z-radiowozem-niestety-osoby-brz-uprawnien-nie-znaja-przepisow\/","og_locale":"pl_PL","og_type":"article","og_title":"Jecha\u0142 na \"czo\u0142\u00f3wk\u0119\" z radiowozem. \"Niestety, osoby bez uprawnie\u0144 nie znaj\u0105 przepis\u00f3w\" - 24GLIWICE - Portal Gliwice | codziennie nowe informacje","og_description":"Nigdy nie mia\u0142 prawa jazdy, a jednak kierowa\u0142 samochodem, wykonuj\u0105c przy tym manewr, kt\u00f3ry m\u00f3g\u0142 si\u0119 sko\u0144czy\u0107 tragicznie. 35-letni knurowianin wyprzedza\u0142 samochody, jad\u0105c na tzw. &#8220;czo\u0142\u00f3wk\u0119&#8221; z policyjnym radiowozem. &#8211; Policjanci gliwickiej drog\u00f3wki patrolowali DK78 w nieoznakowanym radiowozie. Jad\u0105c w stron\u0119 miejscowo\u015bci Nieborowice na prostym odcinku drogi zauwa\u017cyli pojazd jad\u0105cy z przeciwka, kt\u00f3ry pomimo nadje\u017cd\u017caj\u0105cego [&hellip;]","og_url":"https:\/\/www.24gliwice.pl\/wiadomosci\/jechal-na-czolowke-z-radiowozem-niestety-osoby-brz-uprawnien-nie-znaja-przepisow\/","og_site_name":"24GLIWICE - Portal Gliwice | codziennie nowe informacje","article_publisher":"https:\/\/www.facebook.com\/24gliwice","article_published_time":"2020-01-03T00:35:00+00:00","article_modified_time":"2020-01-03T00:35:24+00:00","og_image":[{"width":969,"height":544,"url":"https:\/\/www.24gliwice.pl\/wiadomosci\/wp-content\/uploads\/2019\/12\/czo\u0142\u00f3wka-z-radiowozem-jpg.jpg","type":"image\/jpeg"}],"author":"\u017baneta Mrozek-Siewierska","twitter_card":"summary_large_image","twitter_creator":"@24gliwice","twitter_site":"@24gliwice","twitter_misc":{"Napisane przez":"\u017baneta Mrozek-Siewierska","Szacowany czas czytania":"2 minuty"},"schema":{"@context":"https:\/\/schema.org","@graph":[{"@type":"Article","@id":"https:\/\/www.24gliwice.pl\/wiadomosci\/jechal-na-czolowke-z-radiowozem-niestety-osoby-brz-uprawnien-nie-znaja-przepisow\/#article","isPartOf":{"@id":"https:\/\/www.24gliwice.pl\/wiadomosci\/jechal-na-czolowke-z-radiowozem-niestety-osoby-brz-uprawnien-nie-znaja-przepisow\/"},"author":{"name":"\u017baneta Mrozek-Siewierska","@id":"https:\/\/www.24gliwice.pl\/wiadomosci\/#\/schema\/person\/e42c650edd7f2fa332be3811fb166b6e"},"headline":"Jecha\u0142 na &#8220;czo\u0142\u00f3wk\u0119&#8221; z radiowozem. &#8220;Niestety, osoby bez uprawnie\u0144 nie znaj\u0105 przepis\u00f3w&#8221;","datePublished":"2020-01-03T00:35:00+00:00","dateModified":"2020-01-03T00:35:24+00:00","mainEntityOfPage":{"@id":"https:\/\/www.24gliwice.pl\/wiadomosci\/jechal-na-czolowke-z-radiowozem-niestety-osoby-brz-uprawnien-nie-znaja-przepisow\/"},"wordCount":386,"commentCount":0,"publisher":{"@id":"https:\/\/www.24gliwice.pl\/wiadomosci\/#organization"},"image":{"@id":"https:\/\/www.24gliwice.pl\/wiadomosci\/jechal-na-czolowke-z-radiowozem-niestety-osoby-brz-uprawnien-nie-znaja-przepisow\/#primaryimage"},"thumbnailUrl":"https:\/\/www.24gliwice.pl\/wiadomosci\/wp-content\/uploads\/2019\/12\/czo\u0142\u00f3wka-z-radiowozem-jpg.jpg","keywords":["czo\u0142owe zderzenie","MANDAT"],"articleSection":["Gliwice","Najnowsze wiadomo\u015bci","Prawo"],"inLanguage":"pl-PL","potentialAction":[{"@type":"CommentAction","name":"Comment","target":["https:\/\/www.24gliwice.pl\/wiadomosci\/jechal-na-czolowke-z-radiowozem-niestety-osoby-brz-uprawnien-nie-znaja-przepisow\/#respond"]}]},{"@type":"WebPage","@id":"https:\/\/www.24gliwice.pl\/wiadomosci\/jechal-na-czolowke-z-radiowozem-niestety-osoby-brz-uprawnien-nie-znaja-przepisow\/","url":"https:\/\/www.24gliwice.pl\/wiadomosci\/jechal-na-czolowke-z-radiowozem-niestety-osoby-brz-uprawnien-nie-znaja-przepisow\/","name":"Jecha\u0142 na \"czo\u0142\u00f3wk\u0119\" z radiowozem. \"Niestety, osoby bez uprawnie\u0144 nie znaj\u0105 przepis\u00f3w\" - 24GLIWICE - Portal Gliwice | codziennie nowe informacje","isPartOf":{"@id":"https:\/\/www.24gliwice.pl\/wiadomosci\/#website"},"primaryImageOfPage":{"@id":"https:\/\/www.24gliwice.pl\/wiadomosci\/jechal-na-czolowke-z-radiowozem-niestety-osoby-brz-uprawnien-nie-znaja-przepisow\/#primaryimage"},"image":{"@id":"https:\/\/www.24gliwice.pl\/wiadomosci\/jechal-na-czolowke-z-radiowozem-niestety-osoby-brz-uprawnien-nie-znaja-przepisow\/#primaryimage"},"thumbnailUrl":"https:\/\/www.24gliwice.pl\/wiadomosci\/wp-content\/uploads\/2019\/12\/czo\u0142\u00f3wka-z-radiowozem-jpg.jpg","datePublished":"2020-01-03T00:35:00+00:00","dateModified":"2020-01-03T00:35:24+00:00","breadcrumb":{"@id":"https:\/\/www.24gliwice.pl\/wiadomosci\/jechal-na-czolowke-z-radiowozem-niestety-osoby-brz-uprawnien-nie-znaja-przepisow\/#breadcrumb"},"inLanguage":"pl-PL","potentialAction":[{"@type":"ReadAction","target":["https:\/\/www.24gliwice.pl\/wiadomosci\/jechal-na-czolowke-z-radiowozem-niestety-osoby-brz-uprawnien-nie-znaja-przepisow\/"]}]},{"@type":"ImageObject","inLanguage":"pl-PL","@id":"https:\/\/www.24gliwice.pl\/wiadomosci\/jechal-na-czolowke-z-radiowozem-niestety-osoby-brz-uprawnien-nie-znaja-przepisow\/#primaryimage","url":"https:\/\/www.24gliwice.pl\/wiadomosci\/wp-content\/uploads\/2019\/12\/czo\u0142\u00f3wka-z-radiowozem-jpg.jpg","contentUrl":"https:\/\/www.24gliwice.pl\/wiadomosci\/wp-content\/uploads\/2019\/12\/czo\u0142\u00f3wka-z-radiowozem-jpg.jpg","width":969,"height":544},{"@type":"BreadcrumbList","@id":"https:\/\/www.24gliwice.pl\/wiadomosci\/jechal-na-czolowke-z-radiowozem-niestety-osoby-brz-uprawnien-nie-znaja-przepisow\/#breadcrumb","itemListElement":[{"@type":"ListItem","position":1,"name":"Strona g\u0142\u00f3wna","item":"https:\/\/www.24gliwice.pl\/wiadomosci\/"},{"@type":"ListItem","position":2,"name":"Jecha\u0142 na &#8222;czo\u0142\u00f3wk\u0119&#8221; z radiowozem. &#8222;Niestety, osoby bez uprawnie\u0144 nie znaj\u0105 przepis\u00f3w&#8221;"}]},{"@type":"WebSite","@id":"https:\/\/www.24gliwice.pl\/wiadomosci\/#website","url":"https:\/\/www.24gliwice.pl\/wiadomosci\/","name":"24GLIWICE - Portal Gliwice | codziennie nowe wiadomo\u015bci","description":"Portal Miejski Gliwice","publisher":{"@id":"https:\/\/www.24gliwice.pl\/wiadomosci\/#organization"},"potentialAction":[{"@type":"SearchAction","target":{"@type":"EntryPoint","urlTemplate":"https:\/\/www.24gliwice.pl\/wiadomosci\/?s={search_term_string}"},"query-input":{"@type":"PropertyValueSpecification","valueRequired":true,"valueName":"search_term_string"}}],"inLanguage":"pl-PL"},{"@type":"Organization","@id":"https:\/\/www.24gliwice.pl\/wiadomosci\/#organization","name":"24gliwice","url":"https:\/\/www.24gliwice.pl\/wiadomosci\/","logo":{"@type":"ImageObject","inLanguage":"pl-PL","@id":"https:\/\/www.24gliwice.pl\/wiadomosci\/#\/schema\/logo\/image\/","url":"https:\/\/www.24gliwice.pl\/wiadomosci\/wp-content\/uploads\/2024\/10\/24gliwice-logo-696.jpg","contentUrl":"https:\/\/www.24gliwice.pl\/wiadomosci\/wp-content\/uploads\/2024\/10\/24gliwice-logo-696.jpg","width":696,"height":696,"caption":"24gliwice"},"image":{"@id":"https:\/\/www.24gliwice.pl\/wiadomosci\/#\/schema\/logo\/image\/"},"sameAs":["https:\/\/www.facebook.com\/24gliwice","https:\/\/x.com\/24gliwice","https:\/\/www.youtube.com\/@24gliwice"]},{"@type":"Person","@id":"https:\/\/www.24gliwice.pl\/wiadomosci\/#\/schema\/person\/e42c650edd7f2fa332be3811fb166b6e","name":"\u017baneta Mrozek-Siewierska","image":{"@type":"ImageObject","inLanguage":"pl-PL","@id":"https:\/\/secure.gravatar.com\/avatar\/1881429e9c64597c77ad7aef2d0a19be69a3253e57534d16aa15bf3a4d34a0a3?s=96&d=mm&r=g","url":"https:\/\/secure.gravatar.com\/avatar\/1881429e9c64597c77ad7aef2d0a19be69a3253e57534d16aa15bf3a4d34a0a3?s=96&d=mm&r=g","contentUrl":"https:\/\/secure.gravatar.com\/avatar\/1881429e9c64597c77ad7aef2d0a19be69a3253e57534d16aa15bf3a4d34a0a3?s=96&d=mm&r=g","caption":"\u017baneta Mrozek-Siewierska"},"url":"https:\/\/www.24gliwice.pl\/wiadomosci\/author\/zms\/"}]}},"_links":{"self":[{"href":"https:\/\/www.24gliwice.pl\/wiadomosci\/wp-json\/wp\/v2\/posts\/145489","targetHints":{"allow":["GET"]}}],"collection":[{"href":"https:\/\/www.24gliwice.pl\/wiadomosci\/wp-json\/wp\/v2\/posts"}],"about":[{"href":"https:\/\/www.24gliwice.pl\/wiadomosci\/wp-json\/wp\/v2\/types\/post"}],"author":[{"embeddable":true,"href":"https:\/\/www.24gliwice.pl\/wiadomosci\/wp-json\/wp\/v2\/users\/15"}],"replies":[{"embeddable":true,"href":"https:\/\/www.24gliwice.pl\/wiadomosci\/wp-json\/wp\/v2\/comments?post=145489"}],"version-history":[{"count":0,"href":"https:\/\/www.24gliwice.pl\/wiadomosci\/wp-json\/wp\/v2\/posts\/145489\/revisions"}],"wp:featuredmedia":[{"embeddable":true,"href":"https:\/\/www.24gliwice.pl\/wiadomosci\/wp-json\/wp\/v2\/media\/145492"}],"wp:attachment":[{"href":"https:\/\/www.24gliwice.pl\/wiadomosci\/wp-json\/wp\/v2\/media?parent=145489"}],"wp:term":[{"taxonomy":"category","embeddable":true,"href":"https:\/\/www.24gliwice.pl\/wiadomosci\/wp-json\/wp\/v2\/categories?post=145489"},{"taxonomy":"post_tag","embeddable":true,"href":"https:\/\/www.24gliwice.pl\/wiadomosci\/wp-json\/wp\/v2\/tags?post=145489"}],"curies":[{"name":"wp","href":"https:\/\/api.w.org\/{rel}","templated":true}]}}