{"id":145494,"date":"2019-12-31T00:20:25","date_gmt":"2019-12-30T23:20:25","guid":{"rendered":"https:\/\/www.24gliwice.pl\/wiadomosci\/?p=145494"},"modified":"2020-01-01T02:43:34","modified_gmt":"2020-01-01T01:43:34","slug":"sylwester-w-gliwicach-na-placu-krakowskim","status":"publish","type":"post","link":"https:\/\/www.24gliwice.pl\/wiadomosci\/sylwester-w-gliwicach-na-placu-krakowskim\/","title":{"rendered":"Rockowy Sylwester na placu Krakowskim. Wyst\u0105pi\u0105 m.in Tomasz Makowiecki, Titus i Sidney Polak"},"content":{"rendered":"<div class=\"gliwi-a6-nad-leadem-artykulow gliwi-entity-placement\" id=\"gliwi-3320897684\"><div class=\"gliwi-adlabel\"><span style=\"font-size: 9px\">REKLAMA<\/span><\/div><div id=\"gliwi-1630485628\" style=\"margin-bottom: 25px;margin-left: auto;margin-right: auto;text-align: center;\"><a data-no-instant=\"1\" href=\"https:\/\/dom100.eu\/\" rel=\"noopener\" class=\"a2t-link\" target=\"_blank\" aria-label=\"20260415 DOM100 D\"><img loading=\"lazy\" decoding=\"async\" src=\"https:\/\/www.24gliwice.pl\/wiadomosci\/wp-content\/uploads\/2026\/04\/20260415-DOM100-D.jpg\" alt=\"\"  srcset=\"https:\/\/www.24gliwice.pl\/wiadomosci\/wp-content\/uploads\/2026\/04\/20260415-DOM100-D.jpg 750w, https:\/\/www.24gliwice.pl\/wiadomosci\/wp-content\/uploads\/2026\/04\/20260415-DOM100-D-410x109.jpg 410w\" sizes=\"(max-width: 750px) 100vw, 750px\" class=\"no-lazyload\" width=\"750\" height=\"200\"  style=\"display: inline-block; max-width: 100%; height: auto;\" \/><\/a><\/div><\/div><h3>\u017begnamy stary rok. Sylwestrowe koncerty na placu Krakowskim rozpoczn\u0105 si\u0119 od godziny 21:00. Na scenie w pierwszej kolejno\u015bci zaprezentuj\u0105 si\u0119 gliwickie zespo\u0142y. W dalszym biegu imprezy b\u0119dzie okazja pos\u0142ucha\u0107 m.in. Sydneya Polaka, Mietalla Walusia i Tomasza Makowieckiego. <\/h3>\n<p>Kto wyst\u0105pi? Zacznijmy od gliwickich zespo\u0142\u00f3w.<\/p>\n<p><strong>The Tree<\/strong> to gliwicki sk\u0142ad szukaj\u0105cy w muzyce dobrej zabawy. Muzycznie poruszaj\u0105 si\u0119 w granicach szeroko poj\u0119tego rocka, czerpi\u0105c z rocka psychodelicznego, punk rocka a\u017c po ska ko\u0144cz\u0105c. Na koncertach nigdy nie brakuje pozytywnej energii, jako \u017ce zesp\u00f3\u0142 bawi si\u0119 graj\u0105c na scenie. \u201eThe Tree\u201d to po\u0142\u0105czenie nietuzinkowego gitarzysty, nieposkromionego perkusisty, nieprzewidywalnego basisty i niepowtarzalnej wokalistki.<\/p><div class=\"gliwi-a3-w-tresci-artykulow gliwi-entity-placement\" id=\"gliwi-2427677638\"><div class=\"gliwi-adlabel\"><span style=\"font-size: 9px\">REKLAMA<\/span><\/div><div id=\"gliwi-1364243358\" style=\"margin-bottom: 30px;margin-left: auto;margin-right: auto;text-align: center;\"><a data-no-instant=\"1\" href=\"https:\/\/zlobek.halogen.org.pl\/\" rel=\"noopener\" class=\"a2t-link\" target=\"_blank\" aria-label=\"animator-zlobek_750x200\"><img loading=\"lazy\" decoding=\"async\" src=\"https:\/\/www.24gliwice.pl\/wiadomosci\/wp-content\/uploads\/2026\/02\/animator-zlobek_750x200.webp\" alt=\"\"  srcset=\"https:\/\/www.24gliwice.pl\/wiadomosci\/wp-content\/uploads\/2026\/02\/animator-zlobek_750x200.webp 750w, https:\/\/www.24gliwice.pl\/wiadomosci\/wp-content\/uploads\/2026\/02\/animator-zlobek_750x200-410x109.webp 410w\" sizes=\"(max-width: 750px) 100vw, 750px\" class=\"no-lazyload\" width=\"750\" height=\"200\"  style=\"display: inline-block; max-width: 100%; height: auto;\" \/><\/a><\/div><\/div>\n<p><iframe loading=\"lazy\" width=\"810\" height=\"455\" src=\"https:\/\/www.youtube.com\/embed\/kDxlpLbspEY\" frameborder=\"0\" allow=\"accelerometer; autoplay; encrypted-media; gyroscope; picture-in-picture\" allowfullscreen><\/iframe><\/p>\n<p><strong>Fyl Gut<\/strong> to niezale\u017cny gliwicki zesp\u00f3\u0142 za\u0142o\u017cony w roku 2014 przez grup\u0119 przyjaci\u00f3\u0142 z bogat\u0105 histori\u0105 muzyczn\u0105. Ich cech\u0105 charakterystyczn\u0105 jest r\u00f3\u017cnorodno\u015b\u0107 oraz ogromna energia sceniczna. Wywodz\u0105 si\u0119 z odmiennych nurt\u00f3w muzycznych, szanuj\u0105c je i czerpi\u0105c z nich wzajemnie (od rocka, przez muzyk\u0119 klasyczn\u0105, hardcore, na thrash metalu ko\u0144cz\u0105c). Ten koloryt, oraz to, i\u017c s\u0105 zespo\u0142em z du\u017cym zaanga\u017cowaniem i otwarto\u015bci\u0105 sprawia, \u017ce ich koncerty wywo\u0142uj\u0105 spontaniczn\u0105 interakcj\u0119 z publiczno\u015bci\u0105.<\/p>\n<p><iframe loading=\"lazy\" width=\"810\" height=\"455\" src=\"https:\/\/www.youtube.com\/embed\/-xoTYXmR4xA\" frameborder=\"0\" allow=\"accelerometer; autoplay; encrypted-media; gyroscope; picture-in-picture\" allowfullscreen><\/iframe><\/p>\n<p><strong>Wiewi\u00f3rka na drzewie<\/strong> &#8211; ich muzyka ma w sobie swojski \u015al\u0105sk i s\u0142oneczn\u0105 Hiszpani\u0119, ma w sobie rado\u015b\u0107 i refleksj\u0119, jest bomb\u0105 energetyczn\u0105 z op\u00f3\u017anionym zap\u0142onem. Od\u0142amki zawsze zostaj\u0105 w g\u0142owie s\u0142uchaczy. Inspiracj\u0105 do tworzenia muzyki jest przede wszystkim wszechstronno\u015b\u0107 i zainteresowania muzyczne cz\u0142onk\u00f3w kapeli. W piosenkach mo\u017cna us\u0142ysze\u0107 ciep\u0142e hiszpa\u0144skie rytmy, rocka, reggae i SKA, a kto ws\u0142ucha si\u0119 w gitar\u0119 Szatqa, to mo\u017ce us\u0142yszy nawet male\u0144k\u0105 szczypt\u0119 metalu. <\/p>\n<p><iframe loading=\"lazy\" width=\"810\" height=\"455\" src=\"https:\/\/www.youtube.com\/embed\/-80t5c0F9GQ\" frameborder=\"0\" allow=\"accelerometer; autoplay; encrypted-media; gyroscope; picture-in-picture\" allowfullscreen><\/iframe><\/p>\n<p>Po gliwickich wykonawcach sylwestrow\u0105 atmosfer\u0119 podkr\u0119c\u0105 zaproszone gwiazdy. Na pl. Krakowskim wyst\u0105pi <strong>Tomasz Makowiecki<\/strong>, dobrze znany fanom muzyki alternatywnej kompozytor i tek\u015bciarz.<\/p>\n<p><iframe loading=\"lazy\" width=\"810\" height=\"455\" src=\"https:\/\/www.youtube.com\/embed\/-wcujmG2VWQ\" frameborder=\"0\" allow=\"accelerometer; autoplay; encrypted-media; gyroscope; picture-in-picture\" allowfullscreen><\/iframe><\/p>\n<p>Dla gliwiczan wyst\u0105pi te\u017c<strong> Mietall Walu\u015b<\/strong>, znany z projekt\u00f3w Lenny Valentino i Negatyw. <\/p>\n<p><iframe loading=\"lazy\" width=\"810\" height=\"455\" src=\"https:\/\/www.youtube.com\/embed\/dJ8zFxVvT-I\" frameborder=\"0\" allow=\"accelerometer; autoplay; encrypted-media; gyroscope; picture-in-picture\" allowfullscreen><\/iframe><\/p>\n<p>Ostr\u0105 rockow\u0105 jazd\u0119 fanom mocnego brzmienia zapewni<strong> Titus,<\/strong> wokalista i gitarzysta kultowego zespo\u0142u Acid Drinkers.<\/p>\n<p><iframe loading=\"lazy\" width=\"810\" height=\"455\" src=\"https:\/\/www.youtube.com\/embed\/vSKaiqSIApU\" frameborder=\"0\" allow=\"accelerometer; autoplay; encrypted-media; gyroscope; picture-in-picture\" allowfullscreen><\/iframe><\/p>\n<p>Tegoroczny sylwester nie zawiedzie tak\u017ce mi\u0142o\u015bnik\u00f3w reggae, kt\u00f3rzy b\u0119d\u0105 bawi\u0107 si\u0119 na koncercie <strong>Sidneya Polaka<\/strong>. <\/p>\n<p><iframe loading=\"lazy\" width=\"810\" height=\"455\" src=\"https:\/\/www.youtube.com\/embed\/b16vSZMJ13k\" frameborder=\"0\" allow=\"accelerometer; autoplay; encrypted-media; gyroscope; picture-in-picture\" allowfullscreen><\/iframe><\/p>\n<p>Scen\u0119 hip-hopow\u0105 b\u0119dzie reprezentowa\u0142 <strong>Joka,<\/strong> \u015bl\u0105ski raper znany z formacji Kaliber 44.<\/p>\n<p><iframe loading=\"lazy\" src=\"https:\/\/www.facebook.com\/plugins\/video.php?href=https%3A%2F%2Fwww.facebook.com%2Fmoszynski.janusz%2Fvideos%2F2532868456831058%2F&#038;show_text=0&#038;width=252\" width=\"252\" height=\"476\" style=\"border:none;overflow:hidden\" scrolling=\"no\" frameborder=\"0\" allowTransparency=\"true\" allowFullScreen=\"true\"><\/iframe><\/p>\n<p><iframe loading=\"lazy\" width=\"810\" height=\"455\" src=\"https:\/\/www.youtube.com\/embed\/ej238pbg_UY\" frameborder=\"0\" allow=\"accelerometer; autoplay; encrypted-media; gyroscope; picture-in-picture\" allowfullscreen><\/iframe><\/p>\n<p>(\u017cms)\/UM\/Teatr Miejski<\/p>\n<div class=\"gliwi-a5-na-koncu-artykulow gliwi-entity-placement\" id=\"gliwi-1934514216\"><div class=\"gliwi-adlabel\"><span style=\"font-size: 9px\">REKLAMA<\/span><\/div><div id=\"gliwi-3727590204\" style=\"margin-left: auto;margin-right: auto;text-align: center;\"><a data-no-instant=\"1\" href=\"https:\/\/prezeroarenagliwice.pl\/\" rel=\"noopener\" class=\"a2t-link\" target=\"_blank\" aria-label=\"20260309-PREZERO-WIOSNA-D\"><img loading=\"lazy\" decoding=\"async\" src=\"https:\/\/www.24gliwice.pl\/wiadomosci\/wp-content\/uploads\/2026\/03\/20260309-PREZERO-WIOSNA-D.webp\" alt=\"\"  srcset=\"https:\/\/www.24gliwice.pl\/wiadomosci\/wp-content\/uploads\/2026\/03\/20260309-PREZERO-WIOSNA-D.webp 750w, https:\/\/www.24gliwice.pl\/wiadomosci\/wp-content\/uploads\/2026\/03\/20260309-PREZERO-WIOSNA-D-410x109.webp 410w\" sizes=\"(max-width: 750px) 100vw, 750px\" class=\"no-lazyload\" width=\"750\" height=\"200\"  style=\"display: inline-block; max-width: 100%; height: auto;\" \/><\/a><\/div><\/div>","protected":false},"excerpt":{"rendered":"<p>\u017begnamy stary rok. Sylwestrowe koncerty na placu Krakowskim rozpoczn\u0105 si\u0119 od godziny 21:00. Na scenie w pierwszej kolejno\u015bci zaprezentuj\u0105 si\u0119 gliwickie zespo\u0142y. W dalszym biegu imprezy b\u0119dzie okazja pos\u0142ucha\u0107 m.in. Sydneya Polaka, Mietalla Walusia i Tomasza Makowieckiego. Kto wyst\u0105pi? Zacznijmy od gliwickich zespo\u0142\u00f3w. The Tree to gliwicki sk\u0142ad szukaj\u0105cy w muzyce dobrej zabawy. Muzycznie poruszaj\u0105 [&hellip;]<\/p>\n","protected":false},"author":15,"featured_media":145509,"comment_status":"open","ping_status":"closed","sticky":false,"template":"","format":"standard","meta":{"_monsterinsights_skip_tracking":false,"_monsterinsights_sitenote_active":false,"_monsterinsights_sitenote_note":"","_monsterinsights_sitenote_category":0,"footnotes":"","_links_to":"","_links_to_target":""},"categories":[3,6,1],"tags":[11134,17146,16926,17145,15304,6806,16921,17143,17142,17144,9678],"class_list":["post-145494","post","type-post","status-publish","format-standard","has-post-thumbnail","hentry","category-gliwice","category-kultura","category-wszystko","tag-fyl-gut","tag-joka","tag-miejski-sylwester","tag-mietall-walus","tag-sidney-polak","tag-sylwester","tag-sylwester-2019","tag-the-tree","tag-titus","tag-tomasz-makowiecki","tag-wiewiorka-na-drzewie"],"yoast_head":"<!-- This site is optimized with the Yoast SEO plugin v27.5 - https:\/\/yoast.com\/product\/yoast-seo-wordpress\/ -->\n<title>Rockowy Sylwester na placu Krakowskim. Wyst\u0105pi\u0105 m.in Tomasz Makowiecki, Titus i Sidney Polak - 24GLIWICE - Portal Gliwice | codziennie nowe informacje<\/title>\n<meta name=\"robots\" content=\"index, follow, max-snippet:-1, max-image-preview:large, max-video-preview:-1\" \/>\n<link rel=\"canonical\" href=\"https:\/\/www.24gliwice.pl\/wiadomosci\/sylwester-w-gliwicach-na-placu-krakowskim\/\" \/>\n<meta property=\"og:locale\" content=\"pl_PL\" \/>\n<meta property=\"og:type\" content=\"article\" \/>\n<meta property=\"og:title\" content=\"Rockowy Sylwester na placu Krakowskim. Wyst\u0105pi\u0105 m.in Tomasz Makowiecki, Titus i Sidney Polak - 24GLIWICE - Portal Gliwice | codziennie nowe informacje\" \/>\n<meta property=\"og:description\" content=\"\u017begnamy stary rok. Sylwestrowe koncerty na placu Krakowskim rozpoczn\u0105 si\u0119 od godziny 21:00. Na scenie w pierwszej kolejno\u015bci zaprezentuj\u0105 si\u0119 gliwickie zespo\u0142y. W dalszym biegu imprezy b\u0119dzie okazja pos\u0142ucha\u0107 m.in. Sydneya Polaka, Mietalla Walusia i Tomasza Makowieckiego. Kto wyst\u0105pi? Zacznijmy od gliwickich zespo\u0142\u00f3w. The Tree to gliwicki sk\u0142ad szukaj\u0105cy w muzyce dobrej zabawy. Muzycznie poruszaj\u0105 [&hellip;]\" \/>\n<meta property=\"og:url\" content=\"https:\/\/www.24gliwice.pl\/wiadomosci\/sylwester-w-gliwicach-na-placu-krakowskim\/\" \/>\n<meta property=\"og:site_name\" content=\"24GLIWICE - Portal Gliwice | codziennie nowe informacje\" \/>\n<meta property=\"article:publisher\" content=\"https:\/\/www.facebook.com\/24gliwice\" \/>\n<meta property=\"article:published_time\" content=\"2019-12-30T23:20:25+00:00\" \/>\n<meta property=\"article:modified_time\" content=\"2020-01-01T01:43:34+00:00\" \/>\n<meta property=\"og:image\" content=\"https:\/\/www.24gliwice.pl\/wiadomosci\/wp-content\/uploads\/2019\/12\/1-sylwester-plac-krakowski-1.jpg\" \/>\n\t<meta property=\"og:image:width\" content=\"810\" \/>\n\t<meta property=\"og:image:height\" content=\"608\" \/>\n\t<meta property=\"og:image:type\" content=\"image\/jpeg\" \/>\n<meta name=\"author\" content=\"\u017baneta Mrozek-Siewierska\" \/>\n<meta name=\"twitter:card\" content=\"summary_large_image\" \/>\n<meta name=\"twitter:creator\" content=\"@24gliwice\" \/>\n<meta name=\"twitter:site\" content=\"@24gliwice\" \/>\n<meta name=\"twitter:label1\" content=\"Napisane przez\" \/>\n\t<meta name=\"twitter:data1\" content=\"\u017baneta Mrozek-Siewierska\" \/>\n\t<meta name=\"twitter:label2\" content=\"Szacowany czas czytania\" \/>\n\t<meta name=\"twitter:data2\" content=\"2 minuty\" \/>\n<script type=\"application\/ld+json\" class=\"yoast-schema-graph\">{\"@context\":\"https:\\\/\\\/schema.org\",\"@graph\":[{\"@type\":\"Article\",\"@id\":\"https:\\\/\\\/www.24gliwice.pl\\\/wiadomosci\\\/sylwester-w-gliwicach-na-placu-krakowskim\\\/#article\",\"isPartOf\":{\"@id\":\"https:\\\/\\\/www.24gliwice.pl\\\/wiadomosci\\\/sylwester-w-gliwicach-na-placu-krakowskim\\\/\"},\"author\":{\"name\":\"\u017baneta Mrozek-Siewierska\",\"@id\":\"https:\\\/\\\/www.24gliwice.pl\\\/wiadomosci\\\/#\\\/schema\\\/person\\\/e42c650edd7f2fa332be3811fb166b6e\"},\"headline\":\"Rockowy Sylwester na placu Krakowskim. Wyst\u0105pi\u0105 m.in Tomasz Makowiecki, Titus i Sidney Polak\",\"datePublished\":\"2019-12-30T23:20:25+00:00\",\"dateModified\":\"2020-01-01T01:43:34+00:00\",\"mainEntityOfPage\":{\"@id\":\"https:\\\/\\\/www.24gliwice.pl\\\/wiadomosci\\\/sylwester-w-gliwicach-na-placu-krakowskim\\\/\"},\"wordCount\":394,\"commentCount\":0,\"publisher\":{\"@id\":\"https:\\\/\\\/www.24gliwice.pl\\\/wiadomosci\\\/#organization\"},\"image\":{\"@id\":\"https:\\\/\\\/www.24gliwice.pl\\\/wiadomosci\\\/sylwester-w-gliwicach-na-placu-krakowskim\\\/#primaryimage\"},\"thumbnailUrl\":\"https:\\\/\\\/www.24gliwice.pl\\\/wiadomosci\\\/wp-content\\\/uploads\\\/2019\\\/12\\\/1-sylwester-plac-krakowski-1.jpg\",\"keywords\":[\"fyl gut\",\"joka\",\"miejski sylwester\",\"mietall walu\u015b\",\"sidney polak\",\"SYLWESTER\",\"sylwester 2019\",\"the tree\",\"titus\",\"tomasz makowiecki\",\"wiewi\u00f3rka na drzewie\"],\"articleSection\":[\"Gliwice\",\"Kultura, wydarzenia, imprezy\",\"Najnowsze wiadomo\u015bci\"],\"inLanguage\":\"pl-PL\",\"potentialAction\":[{\"@type\":\"CommentAction\",\"name\":\"Comment\",\"target\":[\"https:\\\/\\\/www.24gliwice.pl\\\/wiadomosci\\\/sylwester-w-gliwicach-na-placu-krakowskim\\\/#respond\"]}]},{\"@type\":\"WebPage\",\"@id\":\"https:\\\/\\\/www.24gliwice.pl\\\/wiadomosci\\\/sylwester-w-gliwicach-na-placu-krakowskim\\\/\",\"url\":\"https:\\\/\\\/www.24gliwice.pl\\\/wiadomosci\\\/sylwester-w-gliwicach-na-placu-krakowskim\\\/\",\"name\":\"Rockowy Sylwester na placu Krakowskim. Wyst\u0105pi\u0105 m.in Tomasz Makowiecki, Titus i Sidney Polak - 24GLIWICE - Portal Gliwice | codziennie nowe informacje\",\"isPartOf\":{\"@id\":\"https:\\\/\\\/www.24gliwice.pl\\\/wiadomosci\\\/#website\"},\"primaryImageOfPage\":{\"@id\":\"https:\\\/\\\/www.24gliwice.pl\\\/wiadomosci\\\/sylwester-w-gliwicach-na-placu-krakowskim\\\/#primaryimage\"},\"image\":{\"@id\":\"https:\\\/\\\/www.24gliwice.pl\\\/wiadomosci\\\/sylwester-w-gliwicach-na-placu-krakowskim\\\/#primaryimage\"},\"thumbnailUrl\":\"https:\\\/\\\/www.24gliwice.pl\\\/wiadomosci\\\/wp-content\\\/uploads\\\/2019\\\/12\\\/1-sylwester-plac-krakowski-1.jpg\",\"datePublished\":\"2019-12-30T23:20:25+00:00\",\"dateModified\":\"2020-01-01T01:43:34+00:00\",\"breadcrumb\":{\"@id\":\"https:\\\/\\\/www.24gliwice.pl\\\/wiadomosci\\\/sylwester-w-gliwicach-na-placu-krakowskim\\\/#breadcrumb\"},\"inLanguage\":\"pl-PL\",\"potentialAction\":[{\"@type\":\"ReadAction\",\"target\":[\"https:\\\/\\\/www.24gliwice.pl\\\/wiadomosci\\\/sylwester-w-gliwicach-na-placu-krakowskim\\\/\"]}]},{\"@type\":\"ImageObject\",\"inLanguage\":\"pl-PL\",\"@id\":\"https:\\\/\\\/www.24gliwice.pl\\\/wiadomosci\\\/sylwester-w-gliwicach-na-placu-krakowskim\\\/#primaryimage\",\"url\":\"https:\\\/\\\/www.24gliwice.pl\\\/wiadomosci\\\/wp-content\\\/uploads\\\/2019\\\/12\\\/1-sylwester-plac-krakowski-1.jpg\",\"contentUrl\":\"https:\\\/\\\/www.24gliwice.pl\\\/wiadomosci\\\/wp-content\\\/uploads\\\/2019\\\/12\\\/1-sylwester-plac-krakowski-1.jpg\",\"width\":810,\"height\":608},{\"@type\":\"BreadcrumbList\",\"@id\":\"https:\\\/\\\/www.24gliwice.pl\\\/wiadomosci\\\/sylwester-w-gliwicach-na-placu-krakowskim\\\/#breadcrumb\",\"itemListElement\":[{\"@type\":\"ListItem\",\"position\":1,\"name\":\"Strona g\u0142\u00f3wna\",\"item\":\"https:\\\/\\\/www.24gliwice.pl\\\/wiadomosci\\\/\"},{\"@type\":\"ListItem\",\"position\":2,\"name\":\"Rockowy Sylwester na placu Krakowskim. Wyst\u0105pi\u0105 m.in Tomasz Makowiecki, Titus i Sidney Polak\"}]},{\"@type\":\"WebSite\",\"@id\":\"https:\\\/\\\/www.24gliwice.pl\\\/wiadomosci\\\/#website\",\"url\":\"https:\\\/\\\/www.24gliwice.pl\\\/wiadomosci\\\/\",\"name\":\"24GLIWICE - Portal Gliwice | codziennie nowe wiadomo\u015bci\",\"description\":\"Portal Miejski Gliwice\",\"publisher\":{\"@id\":\"https:\\\/\\\/www.24gliwice.pl\\\/wiadomosci\\\/#organization\"},\"potentialAction\":[{\"@type\":\"SearchAction\",\"target\":{\"@type\":\"EntryPoint\",\"urlTemplate\":\"https:\\\/\\\/www.24gliwice.pl\\\/wiadomosci\\\/?s={search_term_string}\"},\"query-input\":{\"@type\":\"PropertyValueSpecification\",\"valueRequired\":true,\"valueName\":\"search_term_string\"}}],\"inLanguage\":\"pl-PL\"},{\"@type\":\"Organization\",\"@id\":\"https:\\\/\\\/www.24gliwice.pl\\\/wiadomosci\\\/#organization\",\"name\":\"24gliwice\",\"url\":\"https:\\\/\\\/www.24gliwice.pl\\\/wiadomosci\\\/\",\"logo\":{\"@type\":\"ImageObject\",\"inLanguage\":\"pl-PL\",\"@id\":\"https:\\\/\\\/www.24gliwice.pl\\\/wiadomosci\\\/#\\\/schema\\\/logo\\\/image\\\/\",\"url\":\"https:\\\/\\\/www.24gliwice.pl\\\/wiadomosci\\\/wp-content\\\/uploads\\\/2024\\\/10\\\/24gliwice-logo-696.jpg\",\"contentUrl\":\"https:\\\/\\\/www.24gliwice.pl\\\/wiadomosci\\\/wp-content\\\/uploads\\\/2024\\\/10\\\/24gliwice-logo-696.jpg\",\"width\":696,\"height\":696,\"caption\":\"24gliwice\"},\"image\":{\"@id\":\"https:\\\/\\\/www.24gliwice.pl\\\/wiadomosci\\\/#\\\/schema\\\/logo\\\/image\\\/\"},\"sameAs\":[\"https:\\\/\\\/www.facebook.com\\\/24gliwice\",\"https:\\\/\\\/x.com\\\/24gliwice\",\"https:\\\/\\\/www.youtube.com\\\/@24gliwice\"]},{\"@type\":\"Person\",\"@id\":\"https:\\\/\\\/www.24gliwice.pl\\\/wiadomosci\\\/#\\\/schema\\\/person\\\/e42c650edd7f2fa332be3811fb166b6e\",\"name\":\"\u017baneta Mrozek-Siewierska\",\"image\":{\"@type\":\"ImageObject\",\"inLanguage\":\"pl-PL\",\"@id\":\"https:\\\/\\\/secure.gravatar.com\\\/avatar\\\/1881429e9c64597c77ad7aef2d0a19be69a3253e57534d16aa15bf3a4d34a0a3?s=96&d=mm&r=g\",\"url\":\"https:\\\/\\\/secure.gravatar.com\\\/avatar\\\/1881429e9c64597c77ad7aef2d0a19be69a3253e57534d16aa15bf3a4d34a0a3?s=96&d=mm&r=g\",\"contentUrl\":\"https:\\\/\\\/secure.gravatar.com\\\/avatar\\\/1881429e9c64597c77ad7aef2d0a19be69a3253e57534d16aa15bf3a4d34a0a3?s=96&d=mm&r=g\",\"caption\":\"\u017baneta Mrozek-Siewierska\"},\"url\":\"https:\\\/\\\/www.24gliwice.pl\\\/wiadomosci\\\/author\\\/zms\\\/\"}]}<\/script>\n<!-- \/ Yoast SEO plugin. -->","yoast_head_json":{"title":"Rockowy Sylwester na placu Krakowskim. Wyst\u0105pi\u0105 m.in Tomasz Makowiecki, Titus i Sidney Polak - 24GLIWICE - Portal Gliwice | codziennie nowe informacje","robots":{"index":"index","follow":"follow","max-snippet":"max-snippet:-1","max-image-preview":"max-image-preview:large","max-video-preview":"max-video-preview:-1"},"canonical":"https:\/\/www.24gliwice.pl\/wiadomosci\/sylwester-w-gliwicach-na-placu-krakowskim\/","og_locale":"pl_PL","og_type":"article","og_title":"Rockowy Sylwester na placu Krakowskim. Wyst\u0105pi\u0105 m.in Tomasz Makowiecki, Titus i Sidney Polak - 24GLIWICE - Portal Gliwice | codziennie nowe informacje","og_description":"\u017begnamy stary rok. Sylwestrowe koncerty na placu Krakowskim rozpoczn\u0105 si\u0119 od godziny 21:00. Na scenie w pierwszej kolejno\u015bci zaprezentuj\u0105 si\u0119 gliwickie zespo\u0142y. W dalszym biegu imprezy b\u0119dzie okazja pos\u0142ucha\u0107 m.in. Sydneya Polaka, Mietalla Walusia i Tomasza Makowieckiego. Kto wyst\u0105pi? Zacznijmy od gliwickich zespo\u0142\u00f3w. The Tree to gliwicki sk\u0142ad szukaj\u0105cy w muzyce dobrej zabawy. Muzycznie poruszaj\u0105 [&hellip;]","og_url":"https:\/\/www.24gliwice.pl\/wiadomosci\/sylwester-w-gliwicach-na-placu-krakowskim\/","og_site_name":"24GLIWICE - Portal Gliwice | codziennie nowe informacje","article_publisher":"https:\/\/www.facebook.com\/24gliwice","article_published_time":"2019-12-30T23:20:25+00:00","article_modified_time":"2020-01-01T01:43:34+00:00","og_image":[{"width":810,"height":608,"url":"https:\/\/www.24gliwice.pl\/wiadomosci\/wp-content\/uploads\/2019\/12\/1-sylwester-plac-krakowski-1.jpg","type":"image\/jpeg"}],"author":"\u017baneta Mrozek-Siewierska","twitter_card":"summary_large_image","twitter_creator":"@24gliwice","twitter_site":"@24gliwice","twitter_misc":{"Napisane przez":"\u017baneta Mrozek-Siewierska","Szacowany czas czytania":"2 minuty"},"schema":{"@context":"https:\/\/schema.org","@graph":[{"@type":"Article","@id":"https:\/\/www.24gliwice.pl\/wiadomosci\/sylwester-w-gliwicach-na-placu-krakowskim\/#article","isPartOf":{"@id":"https:\/\/www.24gliwice.pl\/wiadomosci\/sylwester-w-gliwicach-na-placu-krakowskim\/"},"author":{"name":"\u017baneta Mrozek-Siewierska","@id":"https:\/\/www.24gliwice.pl\/wiadomosci\/#\/schema\/person\/e42c650edd7f2fa332be3811fb166b6e"},"headline":"Rockowy Sylwester na placu Krakowskim. Wyst\u0105pi\u0105 m.in Tomasz Makowiecki, Titus i Sidney Polak","datePublished":"2019-12-30T23:20:25+00:00","dateModified":"2020-01-01T01:43:34+00:00","mainEntityOfPage":{"@id":"https:\/\/www.24gliwice.pl\/wiadomosci\/sylwester-w-gliwicach-na-placu-krakowskim\/"},"wordCount":394,"commentCount":0,"publisher":{"@id":"https:\/\/www.24gliwice.pl\/wiadomosci\/#organization"},"image":{"@id":"https:\/\/www.24gliwice.pl\/wiadomosci\/sylwester-w-gliwicach-na-placu-krakowskim\/#primaryimage"},"thumbnailUrl":"https:\/\/www.24gliwice.pl\/wiadomosci\/wp-content\/uploads\/2019\/12\/1-sylwester-plac-krakowski-1.jpg","keywords":["fyl gut","joka","miejski sylwester","mietall walu\u015b","sidney polak","SYLWESTER","sylwester 2019","the tree","titus","tomasz makowiecki","wiewi\u00f3rka na drzewie"],"articleSection":["Gliwice","Kultura, wydarzenia, imprezy","Najnowsze wiadomo\u015bci"],"inLanguage":"pl-PL","potentialAction":[{"@type":"CommentAction","name":"Comment","target":["https:\/\/www.24gliwice.pl\/wiadomosci\/sylwester-w-gliwicach-na-placu-krakowskim\/#respond"]}]},{"@type":"WebPage","@id":"https:\/\/www.24gliwice.pl\/wiadomosci\/sylwester-w-gliwicach-na-placu-krakowskim\/","url":"https:\/\/www.24gliwice.pl\/wiadomosci\/sylwester-w-gliwicach-na-placu-krakowskim\/","name":"Rockowy Sylwester na placu Krakowskim. Wyst\u0105pi\u0105 m.in Tomasz Makowiecki, Titus i Sidney Polak - 24GLIWICE - Portal Gliwice | codziennie nowe informacje","isPartOf":{"@id":"https:\/\/www.24gliwice.pl\/wiadomosci\/#website"},"primaryImageOfPage":{"@id":"https:\/\/www.24gliwice.pl\/wiadomosci\/sylwester-w-gliwicach-na-placu-krakowskim\/#primaryimage"},"image":{"@id":"https:\/\/www.24gliwice.pl\/wiadomosci\/sylwester-w-gliwicach-na-placu-krakowskim\/#primaryimage"},"thumbnailUrl":"https:\/\/www.24gliwice.pl\/wiadomosci\/wp-content\/uploads\/2019\/12\/1-sylwester-plac-krakowski-1.jpg","datePublished":"2019-12-30T23:20:25+00:00","dateModified":"2020-01-01T01:43:34+00:00","breadcrumb":{"@id":"https:\/\/www.24gliwice.pl\/wiadomosci\/sylwester-w-gliwicach-na-placu-krakowskim\/#breadcrumb"},"inLanguage":"pl-PL","potentialAction":[{"@type":"ReadAction","target":["https:\/\/www.24gliwice.pl\/wiadomosci\/sylwester-w-gliwicach-na-placu-krakowskim\/"]}]},{"@type":"ImageObject","inLanguage":"pl-PL","@id":"https:\/\/www.24gliwice.pl\/wiadomosci\/sylwester-w-gliwicach-na-placu-krakowskim\/#primaryimage","url":"https:\/\/www.24gliwice.pl\/wiadomosci\/wp-content\/uploads\/2019\/12\/1-sylwester-plac-krakowski-1.jpg","contentUrl":"https:\/\/www.24gliwice.pl\/wiadomosci\/wp-content\/uploads\/2019\/12\/1-sylwester-plac-krakowski-1.jpg","width":810,"height":608},{"@type":"BreadcrumbList","@id":"https:\/\/www.24gliwice.pl\/wiadomosci\/sylwester-w-gliwicach-na-placu-krakowskim\/#breadcrumb","itemListElement":[{"@type":"ListItem","position":1,"name":"Strona g\u0142\u00f3wna","item":"https:\/\/www.24gliwice.pl\/wiadomosci\/"},{"@type":"ListItem","position":2,"name":"Rockowy Sylwester na placu Krakowskim. Wyst\u0105pi\u0105 m.in Tomasz Makowiecki, Titus i Sidney Polak"}]},{"@type":"WebSite","@id":"https:\/\/www.24gliwice.pl\/wiadomosci\/#website","url":"https:\/\/www.24gliwice.pl\/wiadomosci\/","name":"24GLIWICE - Portal Gliwice | codziennie nowe wiadomo\u015bci","description":"Portal Miejski Gliwice","publisher":{"@id":"https:\/\/www.24gliwice.pl\/wiadomosci\/#organization"},"potentialAction":[{"@type":"SearchAction","target":{"@type":"EntryPoint","urlTemplate":"https:\/\/www.24gliwice.pl\/wiadomosci\/?s={search_term_string}"},"query-input":{"@type":"PropertyValueSpecification","valueRequired":true,"valueName":"search_term_string"}}],"inLanguage":"pl-PL"},{"@type":"Organization","@id":"https:\/\/www.24gliwice.pl\/wiadomosci\/#organization","name":"24gliwice","url":"https:\/\/www.24gliwice.pl\/wiadomosci\/","logo":{"@type":"ImageObject","inLanguage":"pl-PL","@id":"https:\/\/www.24gliwice.pl\/wiadomosci\/#\/schema\/logo\/image\/","url":"https:\/\/www.24gliwice.pl\/wiadomosci\/wp-content\/uploads\/2024\/10\/24gliwice-logo-696.jpg","contentUrl":"https:\/\/www.24gliwice.pl\/wiadomosci\/wp-content\/uploads\/2024\/10\/24gliwice-logo-696.jpg","width":696,"height":696,"caption":"24gliwice"},"image":{"@id":"https:\/\/www.24gliwice.pl\/wiadomosci\/#\/schema\/logo\/image\/"},"sameAs":["https:\/\/www.facebook.com\/24gliwice","https:\/\/x.com\/24gliwice","https:\/\/www.youtube.com\/@24gliwice"]},{"@type":"Person","@id":"https:\/\/www.24gliwice.pl\/wiadomosci\/#\/schema\/person\/e42c650edd7f2fa332be3811fb166b6e","name":"\u017baneta Mrozek-Siewierska","image":{"@type":"ImageObject","inLanguage":"pl-PL","@id":"https:\/\/secure.gravatar.com\/avatar\/1881429e9c64597c77ad7aef2d0a19be69a3253e57534d16aa15bf3a4d34a0a3?s=96&d=mm&r=g","url":"https:\/\/secure.gravatar.com\/avatar\/1881429e9c64597c77ad7aef2d0a19be69a3253e57534d16aa15bf3a4d34a0a3?s=96&d=mm&r=g","contentUrl":"https:\/\/secure.gravatar.com\/avatar\/1881429e9c64597c77ad7aef2d0a19be69a3253e57534d16aa15bf3a4d34a0a3?s=96&d=mm&r=g","caption":"\u017baneta Mrozek-Siewierska"},"url":"https:\/\/www.24gliwice.pl\/wiadomosci\/author\/zms\/"}]}},"_links":{"self":[{"href":"https:\/\/www.24gliwice.pl\/wiadomosci\/wp-json\/wp\/v2\/posts\/145494","targetHints":{"allow":["GET"]}}],"collection":[{"href":"https:\/\/www.24gliwice.pl\/wiadomosci\/wp-json\/wp\/v2\/posts"}],"about":[{"href":"https:\/\/www.24gliwice.pl\/wiadomosci\/wp-json\/wp\/v2\/types\/post"}],"author":[{"embeddable":true,"href":"https:\/\/www.24gliwice.pl\/wiadomosci\/wp-json\/wp\/v2\/users\/15"}],"replies":[{"embeddable":true,"href":"https:\/\/www.24gliwice.pl\/wiadomosci\/wp-json\/wp\/v2\/comments?post=145494"}],"version-history":[{"count":0,"href":"https:\/\/www.24gliwice.pl\/wiadomosci\/wp-json\/wp\/v2\/posts\/145494\/revisions"}],"wp:featuredmedia":[{"embeddable":true,"href":"https:\/\/www.24gliwice.pl\/wiadomosci\/wp-json\/wp\/v2\/media\/145509"}],"wp:attachment":[{"href":"https:\/\/www.24gliwice.pl\/wiadomosci\/wp-json\/wp\/v2\/media?parent=145494"}],"wp:term":[{"taxonomy":"category","embeddable":true,"href":"https:\/\/www.24gliwice.pl\/wiadomosci\/wp-json\/wp\/v2\/categories?post=145494"},{"taxonomy":"post_tag","embeddable":true,"href":"https:\/\/www.24gliwice.pl\/wiadomosci\/wp-json\/wp\/v2\/tags?post=145494"}],"curies":[{"name":"wp","href":"https:\/\/api.w.org\/{rel}","templated":true}]}}