{"id":145545,"date":"2020-01-02T14:38:37","date_gmt":"2020-01-02T13:38:37","guid":{"rendered":"https:\/\/www.24gliwice.pl\/wiadomosci\/?p=145545"},"modified":"2020-01-05T23:00:20","modified_gmt":"2020-01-05T22:00:20","slug":"amber-cup-wielkie-pilkarskie-swieto-w-gliwicach-juz-w-ten-weekend","status":"publish","type":"post","link":"https:\/\/www.24gliwice.pl\/wiadomosci\/amber-cup-wielkie-pilkarskie-swieto-w-gliwicach-juz-w-ten-weekend\/","title":{"rendered":"AMBER CUP. Wielkie pi\u0142karskie \u015bwi\u0119to w Gliwicach ju\u017c w ten weekend"},"content":{"rendered":"<div class=\"gliwi-a6-nad-leadem-artykulow gliwi-entity-placement\" id=\"gliwi-4064105830\"><div class=\"gliwi-adlabel\"><span style=\"font-size: 9px\">REKLAMA<\/span><\/div><div id=\"gliwi-2821845358\" style=\"margin-bottom: 30px;margin-left: auto;margin-right: auto;text-align: center;\"><a data-no-instant=\"1\" href=\"https:\/\/przedszkole.halogen.org.pl\/\" rel=\"noopener\" class=\"a2t-link\" target=\"_blank\" aria-label=\"20260402-ANIMATOR-przedszkole_grafika_750x200\"><img loading=\"lazy\" decoding=\"async\" src=\"https:\/\/www.24gliwice.pl\/wiadomosci\/wp-content\/uploads\/2026\/04\/20260402-ANIMATOR-przedszkole_grafika_750x200.webp\" alt=\"\"  srcset=\"https:\/\/www.24gliwice.pl\/wiadomosci\/wp-content\/uploads\/2026\/04\/20260402-ANIMATOR-przedszkole_grafika_750x200.webp 750w, https:\/\/www.24gliwice.pl\/wiadomosci\/wp-content\/uploads\/2026\/04\/20260402-ANIMATOR-przedszkole_grafika_750x200-410x109.webp 410w\" sizes=\"(max-width: 750px) 100vw, 750px\" class=\"no-lazyload\" width=\"750\" height=\"200\"  style=\"display: inline-block; max-width: 100%; height: auto;\" \/><\/a><\/div><\/div><h3>Najwi\u0119kszy halowy turniej Amber Cup odb\u0119dzie si\u0119 w Arenie Gliwice 4 i 5 stycznia. Wyst\u0105pi plejada gwiazd na czele z by\u0142ymi i obecnymi reprezentantami Polski: Jackiem G\u00f3ralskim, Kamilem Wilczkiem, Adrianem Mierzejewskim, Marcinem Wasilewskim czy Arturem Borucem.<\/h3>\n<p>Zagraj\u0105 te\u017c najlepsze polskie pi\u0142karki: Ewa Pajor, Katarzyna Kiedrzynek, Aleksandra Sikora. &#8211; B\u0119dzie mo\u017cna przybi\u0107 z nimi pi\u0105tk\u0119, wzi\u0105\u0107 autograf, zrobi\u0107 wsp\u00f3lne zdj\u0119cie &#8211; zapewnia organizator Daniel Kaniewski.<\/p>\n<p><iframe loading=\"lazy\" title=\"Amber Cup 2020 | Zaproszenie | Daniel Kaniewski\" width=\"810\" height=\"456\" src=\"https:\/\/www.youtube.com\/embed\/PnnhpHWizqU?feature=oembed\" frameborder=\"0\" allow=\"accelerometer; autoplay; encrypted-media; gyroscope; picture-in-picture\" allowfullscreen><\/iframe><\/p>\n<p><strong>4 stycznia (sobota)<\/strong> odb\u0119dzie si\u0119 turniej zespo\u0142\u00f3w dzieci\u0119cych. Udzia\u0142 w rywalizacji potwierdzili m.in. Piast Gliwice, G\u00f3rnik Zabrze, Pogo\u0144 Szczecin, Reprezentacja \u015al\u0105ska U-13, Odra Opole, Skra Cz\u0119stochowa, GKS Katowice (dziewczyny U-15) oraz czeski FC Banik Ostrava. Wst\u0119p na te mecze jest bezp\u0142atny.<\/p><div class=\"gliwi-a3-w-tresci-artykulow gliwi-entity-placement\" id=\"gliwi-2112442702\"><div class=\"gliwi-adlabel\"><span style=\"font-size: 9px\">REKLAMA<\/span><\/div><div id=\"gliwi-3211624114\" style=\"margin-bottom: 30px;margin-left: auto;margin-right: auto;text-align: center;\"><a data-no-instant=\"1\" href=\"https:\/\/zlobek.halogen.org.pl\/\" rel=\"noopener\" class=\"a2t-link\" target=\"_blank\" aria-label=\"animator-zlobek_750x200\"><img loading=\"lazy\" decoding=\"async\" src=\"https:\/\/www.24gliwice.pl\/wiadomosci\/wp-content\/uploads\/2026\/02\/animator-zlobek_750x200.webp\" alt=\"\"  srcset=\"https:\/\/www.24gliwice.pl\/wiadomosci\/wp-content\/uploads\/2026\/02\/animator-zlobek_750x200.webp 750w, https:\/\/www.24gliwice.pl\/wiadomosci\/wp-content\/uploads\/2026\/02\/animator-zlobek_750x200-410x109.webp 410w\" sizes=\"(max-width: 750px) 100vw, 750px\" class=\"no-lazyload\" width=\"750\" height=\"200\"  style=\"display: inline-block; max-width: 100%; height: auto;\" \/><\/a><\/div><\/div>\n<p><strong>5 stycznia (niedziela)<\/strong> do gry przyst\u0105pi\u0105 natomiast seniorzy. O trofeum powalcz\u0105 cztery dru\u017cyny: Polska Stars, Kamil Wilczek Team, TVP Sport i KTS Wesz\u0142o. &#8211; Licz\u0119, \u017ce to moja dru\u017cyna wygra i poka\u017ce dobry futbol! &#8211; m\u00f3wi aktualny reprezentant Polski, Jacek G\u00f3ralski &#8211; M\u00f3j zesp\u00f3\u0142 z\u0142o\u017c\u0119 z zawodnik\u00f3w z regionu, ze \u015al\u0105ska, z Gliwic &#8211; uchyla r\u0105bka tajemnicy Kamil Wilczek, by\u0142y gracz Piasta, a obecnie ulubieniec sympatyk\u00f3w du\u0144skiego Broendby.<\/p>\n<p>Bilety s\u0105 do nabycia na stronie\u00a0<a href=\"https:\/\/www.eventim.pl\/amber-cup-2020-bilety.html?affiliate=PLE&amp;fun=evdetail&amp;doc=evdetailb&amp;jumpIn=yTix&amp;key=2644920$12567508&amp;xtcr=10&amp;xtnp=1&amp;fbclid=IwAR31r4AvTc13RLB5cY8SdiSktDGE2s1hlSktMRJCPKxXsfu2TuBKArtUzro\">eventim<\/a>, w sieci Media Markt i kasach Areny Gliwice w cenie 20 z\u0142otych (ulgowy oraz rodzinny 2+2) i 30 z\u0142otych (normalny). Wej\u015bci\u00f3wki VIP w cenie 100 z\u0142otych.<\/p>\n<p>W strefie MIX Zone, przebywa\u0107 b\u0119d\u0105 uczestnicy turnieju na czele z Arturem Borucem i Kamilem Wilczkiem.<\/p>\n<p>Partnerami wydarzenia s\u0105: Arena Gliwice, Fundacja Radan, Miasto Gliwice i \u015al\u0105ski Zwi\u0105zek Pi\u0142ki No\u017cnej.<br \/>\nWi\u0119cej na <a href=\"https:\/\/www.facebook.com\/AmberCup\/\">https:\/\/www.facebook.com\/AmberCup\/<\/a><\/p>\n<hr \/>\n<h4 style=\"text-align: center;\"><span style=\"color: #ff0000;\">Miasto Gliwice Zaprasza<\/span><\/h4>\n<hr \/>\n<div class=\"gliwi-a5-na-koncu-artykulow gliwi-entity-placement\" id=\"gliwi-3021192926\"><div class=\"gliwi-adlabel\"><span style=\"font-size: 9px\">REKLAMA<\/span><\/div><div id=\"gliwi-2491776496\" style=\"margin-left: auto;margin-right: auto;text-align: center;\"><a data-no-instant=\"1\" href=\"https:\/\/prezeroarenagliwice.pl\/\" rel=\"noopener\" class=\"a2t-link\" target=\"_blank\" aria-label=\"20260309-PREZERO-WIOSNA-D\"><img loading=\"lazy\" decoding=\"async\" src=\"https:\/\/www.24gliwice.pl\/wiadomosci\/wp-content\/uploads\/2026\/03\/20260309-PREZERO-WIOSNA-D.webp\" alt=\"\"  srcset=\"https:\/\/www.24gliwice.pl\/wiadomosci\/wp-content\/uploads\/2026\/03\/20260309-PREZERO-WIOSNA-D.webp 750w, https:\/\/www.24gliwice.pl\/wiadomosci\/wp-content\/uploads\/2026\/03\/20260309-PREZERO-WIOSNA-D-410x109.webp 410w\" sizes=\"(max-width: 750px) 100vw, 750px\" class=\"no-lazyload\" width=\"750\" height=\"200\"  style=\"display: inline-block; max-width: 100%; height: auto;\" \/><\/a><\/div><\/div>","protected":false},"excerpt":{"rendered":"<p>Najwi\u0119kszy halowy turniej Amber Cup odb\u0119dzie si\u0119 w Arenie Gliwice 4 i 5 stycznia. Wyst\u0105pi plejada gwiazd na czele z by\u0142ymi i obecnymi reprezentantami Polski: Jackiem G\u00f3ralskim, Kamilem Wilczkiem, Adrianem Mierzejewskim, Marcinem Wasilewskim czy Arturem Borucem. Zagraj\u0105 te\u017c najlepsze polskie pi\u0142karki: Ewa Pajor, Katarzyna Kiedrzynek, Aleksandra Sikora. &#8211; B\u0119dzie mo\u017cna przybi\u0107 z nimi pi\u0105tk\u0119, wzi\u0105\u0107 [&hellip;]<\/p>\n","protected":false},"author":4,"featured_media":145547,"comment_status":"closed","ping_status":"closed","sticky":false,"template":"","format":"standard","meta":{"_monsterinsights_skip_tracking":false,"_monsterinsights_sitenote_active":false,"_monsterinsights_sitenote_note":"","_monsterinsights_sitenote_category":0,"footnotes":"","_links_to":"","_links_to_target":""},"categories":[3,6,1],"tags":[9380],"class_list":["post-145545","post","type-post","status-publish","format-standard","has-post-thumbnail","hentry","category-gliwice","category-kultura","category-wszystko","tag-pilka"],"yoast_head":"<!-- This site is optimized with the Yoast SEO plugin v27.5 - https:\/\/yoast.com\/product\/yoast-seo-wordpress\/ -->\n<title>AMBER CUP. Wielkie pi\u0142karskie \u015bwi\u0119to w Gliwicach ju\u017c w ten weekend - 24GLIWICE - Portal Gliwice | codziennie nowe informacje<\/title>\n<meta name=\"robots\" content=\"index, follow, max-snippet:-1, max-image-preview:large, max-video-preview:-1\" \/>\n<link rel=\"canonical\" href=\"https:\/\/www.24gliwice.pl\/wiadomosci\/amber-cup-wielkie-pilkarskie-swieto-w-gliwicach-juz-w-ten-weekend\/\" \/>\n<meta property=\"og:locale\" content=\"pl_PL\" \/>\n<meta property=\"og:type\" content=\"article\" \/>\n<meta property=\"og:title\" content=\"AMBER CUP. Wielkie pi\u0142karskie \u015bwi\u0119to w Gliwicach ju\u017c w ten weekend - 24GLIWICE - Portal Gliwice | codziennie nowe informacje\" \/>\n<meta property=\"og:description\" content=\"Najwi\u0119kszy halowy turniej Amber Cup odb\u0119dzie si\u0119 w Arenie Gliwice 4 i 5 stycznia. Wyst\u0105pi plejada gwiazd na czele z by\u0142ymi i obecnymi reprezentantami Polski: Jackiem G\u00f3ralskim, Kamilem Wilczkiem, Adrianem Mierzejewskim, Marcinem Wasilewskim czy Arturem Borucem. Zagraj\u0105 te\u017c najlepsze polskie pi\u0142karki: Ewa Pajor, Katarzyna Kiedrzynek, Aleksandra Sikora. &#8211; B\u0119dzie mo\u017cna przybi\u0107 z nimi pi\u0105tk\u0119, wzi\u0105\u0107 [&hellip;]\" \/>\n<meta property=\"og:url\" content=\"https:\/\/www.24gliwice.pl\/wiadomosci\/amber-cup-wielkie-pilkarskie-swieto-w-gliwicach-juz-w-ten-weekend\/\" \/>\n<meta property=\"og:site_name\" content=\"24GLIWICE - Portal Gliwice | codziennie nowe informacje\" \/>\n<meta property=\"article:publisher\" content=\"https:\/\/www.facebook.com\/24gliwice\" \/>\n<meta property=\"article:author\" content=\"https:\/\/www.facebook.com\/marcin.fabrykowski\" \/>\n<meta property=\"article:published_time\" content=\"2020-01-02T13:38:37+00:00\" \/>\n<meta property=\"article:modified_time\" content=\"2020-01-05T22:00:20+00:00\" \/>\n<meta property=\"og:image\" content=\"https:\/\/www.24gliwice.pl\/wiadomosci\/wp-content\/uploads\/2020\/01\/1-amber-cup.jpg\" \/>\n\t<meta property=\"og:image:width\" content=\"1140\" \/>\n\t<meta property=\"og:image:height\" content=\"567\" \/>\n\t<meta property=\"og:image:type\" content=\"image\/jpeg\" \/>\n<meta name=\"author\" content=\"Marcin Fabrykowski\" \/>\n<meta name=\"twitter:card\" content=\"summary_large_image\" \/>\n<meta name=\"twitter:creator\" content=\"@24gliwice\" \/>\n<meta name=\"twitter:site\" content=\"@24gliwice\" \/>\n<meta name=\"twitter:label1\" content=\"Napisane przez\" \/>\n\t<meta name=\"twitter:data1\" content=\"Marcin Fabrykowski\" \/>\n\t<meta name=\"twitter:label2\" content=\"Szacowany czas czytania\" \/>\n\t<meta name=\"twitter:data2\" content=\"1 minuta\" \/>\n<script type=\"application\/ld+json\" class=\"yoast-schema-graph\">{\"@context\":\"https:\\\/\\\/schema.org\",\"@graph\":[{\"@type\":\"Article\",\"@id\":\"https:\\\/\\\/www.24gliwice.pl\\\/wiadomosci\\\/amber-cup-wielkie-pilkarskie-swieto-w-gliwicach-juz-w-ten-weekend\\\/#article\",\"isPartOf\":{\"@id\":\"https:\\\/\\\/www.24gliwice.pl\\\/wiadomosci\\\/amber-cup-wielkie-pilkarskie-swieto-w-gliwicach-juz-w-ten-weekend\\\/\"},\"author\":{\"name\":\"Marcin Fabrykowski\",\"@id\":\"https:\\\/\\\/www.24gliwice.pl\\\/wiadomosci\\\/#\\\/schema\\\/person\\\/cb5857e4a4d048c15984c1edcc8ef0c0\"},\"headline\":\"AMBER CUP. Wielkie pi\u0142karskie \u015bwi\u0119to w Gliwicach ju\u017c w ten weekend\",\"datePublished\":\"2020-01-02T13:38:37+00:00\",\"dateModified\":\"2020-01-05T22:00:20+00:00\",\"mainEntityOfPage\":{\"@id\":\"https:\\\/\\\/www.24gliwice.pl\\\/wiadomosci\\\/amber-cup-wielkie-pilkarskie-swieto-w-gliwicach-juz-w-ten-weekend\\\/\"},\"wordCount\":301,\"publisher\":{\"@id\":\"https:\\\/\\\/www.24gliwice.pl\\\/wiadomosci\\\/#organization\"},\"image\":{\"@id\":\"https:\\\/\\\/www.24gliwice.pl\\\/wiadomosci\\\/amber-cup-wielkie-pilkarskie-swieto-w-gliwicach-juz-w-ten-weekend\\\/#primaryimage\"},\"thumbnailUrl\":\"https:\\\/\\\/www.24gliwice.pl\\\/wiadomosci\\\/wp-content\\\/uploads\\\/2020\\\/01\\\/1-amber-cup.jpg\",\"keywords\":[\"pi\u0142ka\"],\"articleSection\":[\"Gliwice\",\"Kultura, wydarzenia, imprezy\",\"Najnowsze wiadomo\u015bci\"],\"inLanguage\":\"pl-PL\"},{\"@type\":\"WebPage\",\"@id\":\"https:\\\/\\\/www.24gliwice.pl\\\/wiadomosci\\\/amber-cup-wielkie-pilkarskie-swieto-w-gliwicach-juz-w-ten-weekend\\\/\",\"url\":\"https:\\\/\\\/www.24gliwice.pl\\\/wiadomosci\\\/amber-cup-wielkie-pilkarskie-swieto-w-gliwicach-juz-w-ten-weekend\\\/\",\"name\":\"AMBER CUP. Wielkie pi\u0142karskie \u015bwi\u0119to w Gliwicach ju\u017c w ten weekend - 24GLIWICE - Portal Gliwice | codziennie nowe informacje\",\"isPartOf\":{\"@id\":\"https:\\\/\\\/www.24gliwice.pl\\\/wiadomosci\\\/#website\"},\"primaryImageOfPage\":{\"@id\":\"https:\\\/\\\/www.24gliwice.pl\\\/wiadomosci\\\/amber-cup-wielkie-pilkarskie-swieto-w-gliwicach-juz-w-ten-weekend\\\/#primaryimage\"},\"image\":{\"@id\":\"https:\\\/\\\/www.24gliwice.pl\\\/wiadomosci\\\/amber-cup-wielkie-pilkarskie-swieto-w-gliwicach-juz-w-ten-weekend\\\/#primaryimage\"},\"thumbnailUrl\":\"https:\\\/\\\/www.24gliwice.pl\\\/wiadomosci\\\/wp-content\\\/uploads\\\/2020\\\/01\\\/1-amber-cup.jpg\",\"datePublished\":\"2020-01-02T13:38:37+00:00\",\"dateModified\":\"2020-01-05T22:00:20+00:00\",\"breadcrumb\":{\"@id\":\"https:\\\/\\\/www.24gliwice.pl\\\/wiadomosci\\\/amber-cup-wielkie-pilkarskie-swieto-w-gliwicach-juz-w-ten-weekend\\\/#breadcrumb\"},\"inLanguage\":\"pl-PL\",\"potentialAction\":[{\"@type\":\"ReadAction\",\"target\":[\"https:\\\/\\\/www.24gliwice.pl\\\/wiadomosci\\\/amber-cup-wielkie-pilkarskie-swieto-w-gliwicach-juz-w-ten-weekend\\\/\"]}]},{\"@type\":\"ImageObject\",\"inLanguage\":\"pl-PL\",\"@id\":\"https:\\\/\\\/www.24gliwice.pl\\\/wiadomosci\\\/amber-cup-wielkie-pilkarskie-swieto-w-gliwicach-juz-w-ten-weekend\\\/#primaryimage\",\"url\":\"https:\\\/\\\/www.24gliwice.pl\\\/wiadomosci\\\/wp-content\\\/uploads\\\/2020\\\/01\\\/1-amber-cup.jpg\",\"contentUrl\":\"https:\\\/\\\/www.24gliwice.pl\\\/wiadomosci\\\/wp-content\\\/uploads\\\/2020\\\/01\\\/1-amber-cup.jpg\",\"width\":1140,\"height\":567},{\"@type\":\"BreadcrumbList\",\"@id\":\"https:\\\/\\\/www.24gliwice.pl\\\/wiadomosci\\\/amber-cup-wielkie-pilkarskie-swieto-w-gliwicach-juz-w-ten-weekend\\\/#breadcrumb\",\"itemListElement\":[{\"@type\":\"ListItem\",\"position\":1,\"name\":\"Strona g\u0142\u00f3wna\",\"item\":\"https:\\\/\\\/www.24gliwice.pl\\\/wiadomosci\\\/\"},{\"@type\":\"ListItem\",\"position\":2,\"name\":\"AMBER CUP. Wielkie pi\u0142karskie \u015bwi\u0119to w Gliwicach ju\u017c w ten weekend\"}]},{\"@type\":\"WebSite\",\"@id\":\"https:\\\/\\\/www.24gliwice.pl\\\/wiadomosci\\\/#website\",\"url\":\"https:\\\/\\\/www.24gliwice.pl\\\/wiadomosci\\\/\",\"name\":\"24GLIWICE - Portal Gliwice | codziennie nowe wiadomo\u015bci\",\"description\":\"Portal Miejski Gliwice\",\"publisher\":{\"@id\":\"https:\\\/\\\/www.24gliwice.pl\\\/wiadomosci\\\/#organization\"},\"potentialAction\":[{\"@type\":\"SearchAction\",\"target\":{\"@type\":\"EntryPoint\",\"urlTemplate\":\"https:\\\/\\\/www.24gliwice.pl\\\/wiadomosci\\\/?s={search_term_string}\"},\"query-input\":{\"@type\":\"PropertyValueSpecification\",\"valueRequired\":true,\"valueName\":\"search_term_string\"}}],\"inLanguage\":\"pl-PL\"},{\"@type\":\"Organization\",\"@id\":\"https:\\\/\\\/www.24gliwice.pl\\\/wiadomosci\\\/#organization\",\"name\":\"24gliwice\",\"url\":\"https:\\\/\\\/www.24gliwice.pl\\\/wiadomosci\\\/\",\"logo\":{\"@type\":\"ImageObject\",\"inLanguage\":\"pl-PL\",\"@id\":\"https:\\\/\\\/www.24gliwice.pl\\\/wiadomosci\\\/#\\\/schema\\\/logo\\\/image\\\/\",\"url\":\"https:\\\/\\\/www.24gliwice.pl\\\/wiadomosci\\\/wp-content\\\/uploads\\\/2024\\\/10\\\/24gliwice-logo-696.jpg\",\"contentUrl\":\"https:\\\/\\\/www.24gliwice.pl\\\/wiadomosci\\\/wp-content\\\/uploads\\\/2024\\\/10\\\/24gliwice-logo-696.jpg\",\"width\":696,\"height\":696,\"caption\":\"24gliwice\"},\"image\":{\"@id\":\"https:\\\/\\\/www.24gliwice.pl\\\/wiadomosci\\\/#\\\/schema\\\/logo\\\/image\\\/\"},\"sameAs\":[\"https:\\\/\\\/www.facebook.com\\\/24gliwice\",\"https:\\\/\\\/x.com\\\/24gliwice\",\"https:\\\/\\\/www.youtube.com\\\/@24gliwice\"]},{\"@type\":\"Person\",\"@id\":\"https:\\\/\\\/www.24gliwice.pl\\\/wiadomosci\\\/#\\\/schema\\\/person\\\/cb5857e4a4d048c15984c1edcc8ef0c0\",\"name\":\"Marcin Fabrykowski\",\"image\":{\"@type\":\"ImageObject\",\"inLanguage\":\"pl-PL\",\"@id\":\"https:\\\/\\\/www.24gliwice.pl\\\/wiadomosci\\\/wp-content\\\/uploads\\\/2025\\\/11\\\/zdjecie-moje-marcin-300-96x96.jpg\",\"url\":\"https:\\\/\\\/www.24gliwice.pl\\\/wiadomosci\\\/wp-content\\\/uploads\\\/2025\\\/11\\\/zdjecie-moje-marcin-300-96x96.jpg\",\"contentUrl\":\"https:\\\/\\\/www.24gliwice.pl\\\/wiadomosci\\\/wp-content\\\/uploads\\\/2025\\\/11\\\/zdjecie-moje-marcin-300-96x96.jpg\",\"caption\":\"Marcin Fabrykowski\"},\"sameAs\":[\"http:\\\/\\\/24gliwice.pl\",\"https:\\\/\\\/www.facebook.com\\\/marcin.fabrykowski\"],\"url\":\"https:\\\/\\\/www.24gliwice.pl\\\/wiadomosci\\\/author\\\/marcin-fabrykowski\\\/\"}]}<\/script>\n<!-- \/ Yoast SEO plugin. -->","yoast_head_json":{"title":"AMBER CUP. Wielkie pi\u0142karskie \u015bwi\u0119to w Gliwicach ju\u017c w ten weekend - 24GLIWICE - Portal Gliwice | codziennie nowe informacje","robots":{"index":"index","follow":"follow","max-snippet":"max-snippet:-1","max-image-preview":"max-image-preview:large","max-video-preview":"max-video-preview:-1"},"canonical":"https:\/\/www.24gliwice.pl\/wiadomosci\/amber-cup-wielkie-pilkarskie-swieto-w-gliwicach-juz-w-ten-weekend\/","og_locale":"pl_PL","og_type":"article","og_title":"AMBER CUP. Wielkie pi\u0142karskie \u015bwi\u0119to w Gliwicach ju\u017c w ten weekend - 24GLIWICE - Portal Gliwice | codziennie nowe informacje","og_description":"Najwi\u0119kszy halowy turniej Amber Cup odb\u0119dzie si\u0119 w Arenie Gliwice 4 i 5 stycznia. Wyst\u0105pi plejada gwiazd na czele z by\u0142ymi i obecnymi reprezentantami Polski: Jackiem G\u00f3ralskim, Kamilem Wilczkiem, Adrianem Mierzejewskim, Marcinem Wasilewskim czy Arturem Borucem. Zagraj\u0105 te\u017c najlepsze polskie pi\u0142karki: Ewa Pajor, Katarzyna Kiedrzynek, Aleksandra Sikora. &#8211; B\u0119dzie mo\u017cna przybi\u0107 z nimi pi\u0105tk\u0119, wzi\u0105\u0107 [&hellip;]","og_url":"https:\/\/www.24gliwice.pl\/wiadomosci\/amber-cup-wielkie-pilkarskie-swieto-w-gliwicach-juz-w-ten-weekend\/","og_site_name":"24GLIWICE - Portal Gliwice | codziennie nowe informacje","article_publisher":"https:\/\/www.facebook.com\/24gliwice","article_author":"https:\/\/www.facebook.com\/marcin.fabrykowski","article_published_time":"2020-01-02T13:38:37+00:00","article_modified_time":"2020-01-05T22:00:20+00:00","og_image":[{"width":1140,"height":567,"url":"https:\/\/www.24gliwice.pl\/wiadomosci\/wp-content\/uploads\/2020\/01\/1-amber-cup.jpg","type":"image\/jpeg"}],"author":"Marcin Fabrykowski","twitter_card":"summary_large_image","twitter_creator":"@24gliwice","twitter_site":"@24gliwice","twitter_misc":{"Napisane przez":"Marcin Fabrykowski","Szacowany czas czytania":"1 minuta"},"schema":{"@context":"https:\/\/schema.org","@graph":[{"@type":"Article","@id":"https:\/\/www.24gliwice.pl\/wiadomosci\/amber-cup-wielkie-pilkarskie-swieto-w-gliwicach-juz-w-ten-weekend\/#article","isPartOf":{"@id":"https:\/\/www.24gliwice.pl\/wiadomosci\/amber-cup-wielkie-pilkarskie-swieto-w-gliwicach-juz-w-ten-weekend\/"},"author":{"name":"Marcin Fabrykowski","@id":"https:\/\/www.24gliwice.pl\/wiadomosci\/#\/schema\/person\/cb5857e4a4d048c15984c1edcc8ef0c0"},"headline":"AMBER CUP. Wielkie pi\u0142karskie \u015bwi\u0119to w Gliwicach ju\u017c w ten weekend","datePublished":"2020-01-02T13:38:37+00:00","dateModified":"2020-01-05T22:00:20+00:00","mainEntityOfPage":{"@id":"https:\/\/www.24gliwice.pl\/wiadomosci\/amber-cup-wielkie-pilkarskie-swieto-w-gliwicach-juz-w-ten-weekend\/"},"wordCount":301,"publisher":{"@id":"https:\/\/www.24gliwice.pl\/wiadomosci\/#organization"},"image":{"@id":"https:\/\/www.24gliwice.pl\/wiadomosci\/amber-cup-wielkie-pilkarskie-swieto-w-gliwicach-juz-w-ten-weekend\/#primaryimage"},"thumbnailUrl":"https:\/\/www.24gliwice.pl\/wiadomosci\/wp-content\/uploads\/2020\/01\/1-amber-cup.jpg","keywords":["pi\u0142ka"],"articleSection":["Gliwice","Kultura, wydarzenia, imprezy","Najnowsze wiadomo\u015bci"],"inLanguage":"pl-PL"},{"@type":"WebPage","@id":"https:\/\/www.24gliwice.pl\/wiadomosci\/amber-cup-wielkie-pilkarskie-swieto-w-gliwicach-juz-w-ten-weekend\/","url":"https:\/\/www.24gliwice.pl\/wiadomosci\/amber-cup-wielkie-pilkarskie-swieto-w-gliwicach-juz-w-ten-weekend\/","name":"AMBER CUP. Wielkie pi\u0142karskie \u015bwi\u0119to w Gliwicach ju\u017c w ten weekend - 24GLIWICE - Portal Gliwice | codziennie nowe informacje","isPartOf":{"@id":"https:\/\/www.24gliwice.pl\/wiadomosci\/#website"},"primaryImageOfPage":{"@id":"https:\/\/www.24gliwice.pl\/wiadomosci\/amber-cup-wielkie-pilkarskie-swieto-w-gliwicach-juz-w-ten-weekend\/#primaryimage"},"image":{"@id":"https:\/\/www.24gliwice.pl\/wiadomosci\/amber-cup-wielkie-pilkarskie-swieto-w-gliwicach-juz-w-ten-weekend\/#primaryimage"},"thumbnailUrl":"https:\/\/www.24gliwice.pl\/wiadomosci\/wp-content\/uploads\/2020\/01\/1-amber-cup.jpg","datePublished":"2020-01-02T13:38:37+00:00","dateModified":"2020-01-05T22:00:20+00:00","breadcrumb":{"@id":"https:\/\/www.24gliwice.pl\/wiadomosci\/amber-cup-wielkie-pilkarskie-swieto-w-gliwicach-juz-w-ten-weekend\/#breadcrumb"},"inLanguage":"pl-PL","potentialAction":[{"@type":"ReadAction","target":["https:\/\/www.24gliwice.pl\/wiadomosci\/amber-cup-wielkie-pilkarskie-swieto-w-gliwicach-juz-w-ten-weekend\/"]}]},{"@type":"ImageObject","inLanguage":"pl-PL","@id":"https:\/\/www.24gliwice.pl\/wiadomosci\/amber-cup-wielkie-pilkarskie-swieto-w-gliwicach-juz-w-ten-weekend\/#primaryimage","url":"https:\/\/www.24gliwice.pl\/wiadomosci\/wp-content\/uploads\/2020\/01\/1-amber-cup.jpg","contentUrl":"https:\/\/www.24gliwice.pl\/wiadomosci\/wp-content\/uploads\/2020\/01\/1-amber-cup.jpg","width":1140,"height":567},{"@type":"BreadcrumbList","@id":"https:\/\/www.24gliwice.pl\/wiadomosci\/amber-cup-wielkie-pilkarskie-swieto-w-gliwicach-juz-w-ten-weekend\/#breadcrumb","itemListElement":[{"@type":"ListItem","position":1,"name":"Strona g\u0142\u00f3wna","item":"https:\/\/www.24gliwice.pl\/wiadomosci\/"},{"@type":"ListItem","position":2,"name":"AMBER CUP. Wielkie pi\u0142karskie \u015bwi\u0119to w Gliwicach ju\u017c w ten weekend"}]},{"@type":"WebSite","@id":"https:\/\/www.24gliwice.pl\/wiadomosci\/#website","url":"https:\/\/www.24gliwice.pl\/wiadomosci\/","name":"24GLIWICE - Portal Gliwice | codziennie nowe wiadomo\u015bci","description":"Portal Miejski Gliwice","publisher":{"@id":"https:\/\/www.24gliwice.pl\/wiadomosci\/#organization"},"potentialAction":[{"@type":"SearchAction","target":{"@type":"EntryPoint","urlTemplate":"https:\/\/www.24gliwice.pl\/wiadomosci\/?s={search_term_string}"},"query-input":{"@type":"PropertyValueSpecification","valueRequired":true,"valueName":"search_term_string"}}],"inLanguage":"pl-PL"},{"@type":"Organization","@id":"https:\/\/www.24gliwice.pl\/wiadomosci\/#organization","name":"24gliwice","url":"https:\/\/www.24gliwice.pl\/wiadomosci\/","logo":{"@type":"ImageObject","inLanguage":"pl-PL","@id":"https:\/\/www.24gliwice.pl\/wiadomosci\/#\/schema\/logo\/image\/","url":"https:\/\/www.24gliwice.pl\/wiadomosci\/wp-content\/uploads\/2024\/10\/24gliwice-logo-696.jpg","contentUrl":"https:\/\/www.24gliwice.pl\/wiadomosci\/wp-content\/uploads\/2024\/10\/24gliwice-logo-696.jpg","width":696,"height":696,"caption":"24gliwice"},"image":{"@id":"https:\/\/www.24gliwice.pl\/wiadomosci\/#\/schema\/logo\/image\/"},"sameAs":["https:\/\/www.facebook.com\/24gliwice","https:\/\/x.com\/24gliwice","https:\/\/www.youtube.com\/@24gliwice"]},{"@type":"Person","@id":"https:\/\/www.24gliwice.pl\/wiadomosci\/#\/schema\/person\/cb5857e4a4d048c15984c1edcc8ef0c0","name":"Marcin Fabrykowski","image":{"@type":"ImageObject","inLanguage":"pl-PL","@id":"https:\/\/www.24gliwice.pl\/wiadomosci\/wp-content\/uploads\/2025\/11\/zdjecie-moje-marcin-300-96x96.jpg","url":"https:\/\/www.24gliwice.pl\/wiadomosci\/wp-content\/uploads\/2025\/11\/zdjecie-moje-marcin-300-96x96.jpg","contentUrl":"https:\/\/www.24gliwice.pl\/wiadomosci\/wp-content\/uploads\/2025\/11\/zdjecie-moje-marcin-300-96x96.jpg","caption":"Marcin Fabrykowski"},"sameAs":["http:\/\/24gliwice.pl","https:\/\/www.facebook.com\/marcin.fabrykowski"],"url":"https:\/\/www.24gliwice.pl\/wiadomosci\/author\/marcin-fabrykowski\/"}]}},"_links":{"self":[{"href":"https:\/\/www.24gliwice.pl\/wiadomosci\/wp-json\/wp\/v2\/posts\/145545","targetHints":{"allow":["GET"]}}],"collection":[{"href":"https:\/\/www.24gliwice.pl\/wiadomosci\/wp-json\/wp\/v2\/posts"}],"about":[{"href":"https:\/\/www.24gliwice.pl\/wiadomosci\/wp-json\/wp\/v2\/types\/post"}],"author":[{"embeddable":true,"href":"https:\/\/www.24gliwice.pl\/wiadomosci\/wp-json\/wp\/v2\/users\/4"}],"replies":[{"embeddable":true,"href":"https:\/\/www.24gliwice.pl\/wiadomosci\/wp-json\/wp\/v2\/comments?post=145545"}],"version-history":[{"count":0,"href":"https:\/\/www.24gliwice.pl\/wiadomosci\/wp-json\/wp\/v2\/posts\/145545\/revisions"}],"wp:featuredmedia":[{"embeddable":true,"href":"https:\/\/www.24gliwice.pl\/wiadomosci\/wp-json\/wp\/v2\/media\/145547"}],"wp:attachment":[{"href":"https:\/\/www.24gliwice.pl\/wiadomosci\/wp-json\/wp\/v2\/media?parent=145545"}],"wp:term":[{"taxonomy":"category","embeddable":true,"href":"https:\/\/www.24gliwice.pl\/wiadomosci\/wp-json\/wp\/v2\/categories?post=145545"},{"taxonomy":"post_tag","embeddable":true,"href":"https:\/\/www.24gliwice.pl\/wiadomosci\/wp-json\/wp\/v2\/tags?post=145545"}],"curies":[{"name":"wp","href":"https:\/\/api.w.org\/{rel}","templated":true}]}}