{"id":145569,"date":"2020-01-02T01:40:42","date_gmt":"2020-01-02T00:40:42","guid":{"rendered":"https:\/\/www.24gliwice.pl\/wiadomosci\/?p=145569"},"modified":"2024-02-18T03:13:27","modified_gmt":"2024-02-18T02:13:27","slug":"janusz-moszynski-historia-z-gliwicami-w-roli-glownej","status":"publish","type":"post","link":"https:\/\/www.24gliwice.pl\/wiadomosci\/janusz-moszynski-historia-z-gliwicami-w-roli-glownej\/","title":{"rendered":"Janusz Moszy\u0144ski: historia z Gliwicami w roli g\u0142\u00f3wnej"},"content":{"rendered":"<div class=\"gliwi-a6-nad-leadem-artykulow gliwi-entity-placement\" id=\"gliwi-3984618271\"><div class=\"gliwi-adlabel\"><span style=\"font-size: 9px\">REKLAMA<\/span><\/div><div id=\"gliwi-1842518926\" style=\"margin-bottom: 25px;margin-left: auto;margin-right: auto;text-align: center;\"><a data-no-instant=\"1\" href=\"https:\/\/dom100.eu\/\" rel=\"noopener\" class=\"a2t-link\" target=\"_blank\" aria-label=\"20260415 DOM100 D\"><img loading=\"lazy\" decoding=\"async\" src=\"https:\/\/www.24gliwice.pl\/wiadomosci\/wp-content\/uploads\/2026\/04\/20260415-DOM100-D.jpg\" alt=\"\"  srcset=\"https:\/\/www.24gliwice.pl\/wiadomosci\/wp-content\/uploads\/2026\/04\/20260415-DOM100-D.jpg 750w, https:\/\/www.24gliwice.pl\/wiadomosci\/wp-content\/uploads\/2026\/04\/20260415-DOM100-D-410x109.jpg 410w\" sizes=\"(max-width: 750px) 100vw, 750px\" class=\"no-lazyload\" width=\"750\" height=\"200\"  style=\"display: inline-block; max-width: 100%; height: auto;\" \/><\/a><\/div><\/div><h3>Samorz\u0105dowiec, polityk, prezydent, ale przede wszystkim mieszkaniec Gliwic, z kt\u00f3rymi zwi\u0105zany jest od urodzenia, czyli od 63 lat.<\/h3>\n<p>Jego rodzina pochodzi ze Lwowa. Tam urodzili si\u0119 i wychowali moi dziadkowie \u2013 wspomina. Zanim babcia razem z mam\u0105 dotar\u0142y do Gliwic, prze\u017cy\u0142y trudny wojenny czas w okolicach Biecza, natomiast ojciec zosta\u0142 wywieziony z rodzin\u0105 na Syberi\u0119, p\u00f3\u017aniej znalaz\u0142 si\u0119 na Bliskim Wschodzie z armi\u0105 Genera\u0142a Andersa, gdzie ucz\u0119szcza\u0142 do szko\u0142y kadet\u00f3w, a nast\u0119pnie w 1948 roku przez Angli\u0119 dosta\u0142 si\u0119 do Polski.<\/p>\n<p><strong>Janusz Moszy\u0144ski uko\u0144czy\u0142 architektur\u0119 na Politechnice \u015al\u0105skiej.<\/strong> <em>&#8211; Po obradach Okr\u0105g\u0142ego Sto\u0142u, kiedy prowadzono przygotowania do wybor\u00f3w kontraktowych, dzia\u0142a\u0142em w Komitecie Obywatelskim, kt\u00f3ry po rezygnacji \u00f3wczesnego prezydenta Gliwic, zg\u0142osi\u0142 na to stanowisko dwie kandydatury, w tym moj\u0105. W g\u0142osowaniu wybrano Zbigniewa Pa\u0144czyka, natomiast w styczniu 1990 roku na jego wniosek zosta\u0142em powo\u0142any na stanowisko wiceprezydenta. Co ciekawe Gliwice by\u0142y drugim miastem po \u0141odzi, gdzie przedstawiciele Solidarno\u015bci weszli do Urz\u0119du Miejskiego, kt\u00f3ry w\u00f3wczas by\u0142 jeszcze terenowym organem administracji pa\u0144stwowej<\/em> \u2013 opowiada.<\/p><div class=\"gliwi-a3-w-tresci-artykulow gliwi-entity-placement\" id=\"gliwi-3338231633\"><div class=\"gliwi-adlabel\"><span style=\"font-size: 9px\">REKLAMA<\/span><\/div><div id=\"gliwi-1691359034\" style=\"margin-bottom: 30px;margin-left: auto;margin-right: auto;text-align: center;\"><a data-no-instant=\"1\" href=\"https:\/\/zlobek.halogen.org.pl\/\" rel=\"noopener\" class=\"a2t-link\" target=\"_blank\" aria-label=\"animator-zlobek_750x200\"><img loading=\"lazy\" decoding=\"async\" src=\"https:\/\/www.24gliwice.pl\/wiadomosci\/wp-content\/uploads\/2026\/02\/animator-zlobek_750x200.webp\" alt=\"\"  srcset=\"https:\/\/www.24gliwice.pl\/wiadomosci\/wp-content\/uploads\/2026\/02\/animator-zlobek_750x200.webp 750w, https:\/\/www.24gliwice.pl\/wiadomosci\/wp-content\/uploads\/2026\/02\/animator-zlobek_750x200-410x109.webp 410w\" sizes=\"(max-width: 750px) 100vw, 750px\" class=\"no-lazyload\" width=\"750\" height=\"200\"  style=\"display: inline-block; max-width: 100%; height: auto;\" \/><\/a><\/div><\/div>\n<p><strong>Od 1990 do 2002 roku by\u0142 cz\u0142onkiem Rady Miejskiej, przez 7 lat przewodniczy\u0142 Komisji Gospodarki Przestrzennej i Inwestycji, natomiast w latach 1998-2006 ponownie pe\u0142ni\u0142 funkcj\u0119 zast\u0119pcy prezydenta miasta.<\/strong><\/p>\n<h4>W 1995 roku jako Dyrektor Gliwickiej Agencji Inicjatyw Gospodarczych przygotowa\u0142 ofert\u0119 dla koncernu General Motors, kt\u00f3ry szuka\u0142 lokalizacji na budow\u0119 zak\u0142ad\u00f3w fabryki samochod\u00f3w Opla.<\/h4>\n<p><em>\u2013 Ta p\u00f3\u0142roczna batalia o zak\u0142ady Opla to jedna z bardziej fascynuj\u0105cych przyg\u00f3d w moim \u017cyciu, aczkolwiek by\u0142 to okres bardzo intensywny i m\u0119cz\u0105cy<\/em> \u2013 dodaje. Zako\u0144czy\u0142 si\u0119 ogromnym sukcesem, bo podpisanie umowy z GM zapocz\u0105tkowa\u0142o rozw\u00f3j gliwickiej podstrefy ekonomicznej.<br \/>\n<em>\u2013 W zasadzie mo\u017cna powiedzie\u0107, \u017ce gospodarcz\u0105 histori\u0119 naszego miasta nale\u017cy podzieli\u0107 na dwa okresy, czyli \u201eprzed\u201d i \u201epo\u201d powstaniu Opla. Nie zmieniaj\u0105 tego faktu zmiany, kt\u00f3re si\u0119 niedawno zadzia\u0142y i kt\u00f3re bardzo mnie niepokoj\u0105<\/em> \u2013 przyznaje.<\/p>\n<p>Po lokalnym samorz\u0105dzie przyszed\u0142 czas na struktury wojew\u00f3dzkie. <strong>Od 2006 roku przez 4 lata Janusz Moszy\u0144ski by\u0142 radnym sejmiku wojew\u00f3dzkiego, a przez p\u00f3\u0142tora roku sprawowa\u0142 funkcj\u0119 marsza\u0142ka wojew\u00f3dztwa \u015bl\u0105skiego<\/strong>. Jak sam twierdzi, okres marsza\u0142kowski by\u0142 trudny pod wzgl\u0119dem ilo\u015bci pracy i odpowiedzialno\u015bci, ale &#8211; przede wszystkim \u2013 z powodu konflikt\u00f3w politycznych, z kt\u00f3rymi przysz\u0142o mu si\u0119 zmierzy\u0107.<\/p>\n<p><em>&#8211; Jak to si\u0119 sko\u0144czy\u0142o to przyszed\u0142 czas na \u201eodwyk\u201d od polityki. \u017beby przypadkiem si\u0119 nie z\u0142ama\u0107 i nie da\u0107 nam\u00f3wi\u0107 na kolejny start w wyborach, kt\u00f3re mia\u0142y odby\u0107 si\u0119 na jesieni 2010 roku, ju\u017c w lutym kupi\u0142em dla mnie i \u017cony bilety do Katmandu, by uczci\u0107 25 rocznic\u0119 \u015blubu<\/em> \u2013 wspomina.<br \/>\nWtedy spe\u0142ni\u0142 swoje marzenie i stan\u0105\u0142 twarz\u0105 w twarz nie tylko z samymi Himalajami, ale dotar\u0142 na szczyt Kala Pattar, z kt\u00f3rego widok na Mount Everest zapiera dech w piersiach.<br \/>\n<em>\u2013 Zetkni\u0119cie si\u0119 z majestatem g\u00f3r, nie wa\u017cne czy wysokich czy niskich pozwala odnale\u017a\u0107 prawid\u0142owe proporcje w \u017cyciu<\/em> \u2013 dodaje. Potem by\u0142a jeszcze przygoda z Annapurn\u0105, a dwa lata p\u00f3\u017aniej wej\u015bcie na Kilimand\u017caro.<\/p>\n<p><em>&#8211; Tzw. czas odwyku pozwoli\u0142 mi od\u015bwie\u017cy\u0107 spojrzenie i popatrze\u0107 na Gliwice z perspektywy mieszka\u0144ca. Dostrzeg\u0142em pewne kwestie z poziomu chodnika, a nie osoby zarz\u0105dzaj\u0105cej. Kiedy miasto zosta\u0142o porzucone po roku trwania kadencji nie mog\u0142em sta\u0107 i przygl\u0105da\u0107 si\u0119 temu z boku i gdy zaproponowano mi pe\u0142nienie obowi\u0105zk\u00f3w prezydenta, nie zastanawia\u0142em si\u0119 d\u0142ugo, gdy\u017c by\u0142o to dla mnie logicznym nast\u0119pstwem dotychczasowej dzia\u0142alno\u015bci samorz\u0105dowej <\/em>\u2013 m\u00f3wi.<\/p>\n<p>Jak mawia Reinhold Messner, jeden z najwybitniejszych himalaist\u00f3w, cz\u0142owiek bardzo ceniony przez obecnego prezydenta, o wielu sprawach w \u017cyciu decyduj\u0105: charakter i do\u015bwiadczenie. Te dwa komponenty w kontek\u015bcie Janusza Moszy\u0144skiego maj\u0105 tak mocne fundamenty, \u017ce pe\u0142nienie przez niego obowi\u0105zk\u00f3w prezydenta przynosi miastu i mieszka\u0144com wiele dobrego.<\/p>\n<hr \/>\n<p><em>Sfinansowano ze \u015brodk\u00f3w KWW Janusza Moszy\u0144skiego<\/em><\/p>\n<div class=\"gliwi-a5-na-koncu-artykulow gliwi-entity-placement\" id=\"gliwi-2564051393\"><div class=\"gliwi-adlabel\"><span style=\"font-size: 9px\">REKLAMA<\/span><\/div><div id=\"gliwi-1022441769\" style=\"margin-left: auto;margin-right: auto;text-align: center;\"><a data-no-instant=\"1\" href=\"https:\/\/www.jasek.pl\/\" rel=\"noopener\" class=\"a2t-link\" target=\"_blank\" aria-label=\"20200401-jasek 600\"><img loading=\"lazy\" decoding=\"async\" src=\"https:\/\/www.24gliwice.pl\/wiadomosci\/wp-content\/uploads\/2020\/04\/20200401-jasek-600.jpg\" alt=\"\"  srcset=\"https:\/\/www.24gliwice.pl\/wiadomosci\/wp-content\/uploads\/2020\/04\/20200401-jasek-600.jpg 600w, https:\/\/www.24gliwice.pl\/wiadomosci\/wp-content\/uploads\/2020\/04\/20200401-jasek-600-410x109.jpg 410w\" sizes=\"(max-width: 600px) 100vw, 600px\" class=\"no-lazyload\" width=\"600\" height=\"160\"  style=\"display: inline-block; max-width: 100%; height: auto;\" \/><\/a><\/div><\/div>","protected":false},"excerpt":{"rendered":"<p>Samorz\u0105dowiec, polityk, prezydent, ale przede wszystkim mieszkaniec Gliwic, z kt\u00f3rymi zwi\u0105zany jest od urodzenia, czyli od 63 lat. Jego rodzina pochodzi ze Lwowa. Tam urodzili si\u0119 i wychowali moi dziadkowie \u2013 wspomina. Zanim babcia razem z mam\u0105 dotar\u0142y do Gliwic, prze\u017cy\u0142y trudny wojenny czas w okolicach Biecza, natomiast ojciec zosta\u0142 wywieziony z rodzin\u0105 na Syberi\u0119, [&hellip;]<\/p>\n","protected":false},"author":4,"featured_media":145570,"comment_status":"closed","ping_status":"closed","sticky":false,"template":"","format":"standard","meta":{"_monsterinsights_skip_tracking":false,"_monsterinsights_sitenote_active":false,"_monsterinsights_sitenote_note":"","_monsterinsights_sitenote_category":0,"footnotes":"","_links_to":"","_links_to_target":""},"categories":[3,1],"tags":[16767,42],"class_list":["post-145569","post","type-post","status-publish","format-standard","has-post-thumbnail","hentry","category-gliwice","category-wszystko","tag-janusz-moszynski","tag-prezydent-gliwic"],"yoast_head":"<!-- This site is optimized with the Yoast SEO plugin v27.5 - https:\/\/yoast.com\/product\/yoast-seo-wordpress\/ -->\n<title>Janusz Moszy\u0144ski: historia z Gliwicami w roli g\u0142\u00f3wnej - 24GLIWICE - Portal Gliwice | codziennie nowe informacje<\/title>\n<meta name=\"robots\" content=\"index, follow, max-snippet:-1, max-image-preview:large, max-video-preview:-1\" \/>\n<link rel=\"canonical\" href=\"https:\/\/www.24gliwice.pl\/wiadomosci\/janusz-moszynski-historia-z-gliwicami-w-roli-glownej\/\" \/>\n<meta property=\"og:locale\" content=\"pl_PL\" \/>\n<meta property=\"og:type\" content=\"article\" \/>\n<meta property=\"og:title\" content=\"Janusz Moszy\u0144ski: historia z Gliwicami w roli g\u0142\u00f3wnej - 24GLIWICE - Portal Gliwice | codziennie nowe informacje\" \/>\n<meta property=\"og:description\" content=\"Samorz\u0105dowiec, polityk, prezydent, ale przede wszystkim mieszkaniec Gliwic, z kt\u00f3rymi zwi\u0105zany jest od urodzenia, czyli od 63 lat. Jego rodzina pochodzi ze Lwowa. Tam urodzili si\u0119 i wychowali moi dziadkowie \u2013 wspomina. Zanim babcia razem z mam\u0105 dotar\u0142y do Gliwic, prze\u017cy\u0142y trudny wojenny czas w okolicach Biecza, natomiast ojciec zosta\u0142 wywieziony z rodzin\u0105 na Syberi\u0119, [&hellip;]\" \/>\n<meta property=\"og:url\" content=\"https:\/\/www.24gliwice.pl\/wiadomosci\/janusz-moszynski-historia-z-gliwicami-w-roli-glownej\/\" \/>\n<meta property=\"og:site_name\" content=\"24GLIWICE - Portal Gliwice | codziennie nowe informacje\" \/>\n<meta property=\"article:publisher\" content=\"https:\/\/www.facebook.com\/24gliwice\" \/>\n<meta property=\"article:author\" content=\"https:\/\/www.facebook.com\/marcin.fabrykowski\" \/>\n<meta property=\"article:published_time\" content=\"2020-01-02T00:40:42+00:00\" \/>\n<meta property=\"article:modified_time\" content=\"2024-02-18T02:13:27+00:00\" \/>\n<meta property=\"og:image\" content=\"https:\/\/www.24gliwice.pl\/wiadomosci\/wp-content\/uploads\/2020\/01\/1-Szczyt-Janusz.jpg\" \/>\n\t<meta property=\"og:image:width\" content=\"1140\" \/>\n\t<meta property=\"og:image:height\" content=\"853\" \/>\n\t<meta property=\"og:image:type\" content=\"image\/jpeg\" \/>\n<meta name=\"author\" content=\"Marcin Fabrykowski\" \/>\n<meta name=\"twitter:card\" content=\"summary_large_image\" \/>\n<meta name=\"twitter:creator\" content=\"@24gliwice\" \/>\n<meta name=\"twitter:site\" content=\"@24gliwice\" \/>\n<meta name=\"twitter:label1\" content=\"Napisane przez\" \/>\n\t<meta name=\"twitter:data1\" content=\"Marcin Fabrykowski\" \/>\n\t<meta name=\"twitter:label2\" content=\"Szacowany czas czytania\" \/>\n\t<meta name=\"twitter:data2\" content=\"3 minuty\" \/>\n<script type=\"application\/ld+json\" class=\"yoast-schema-graph\">{\"@context\":\"https:\\\/\\\/schema.org\",\"@graph\":[{\"@type\":\"Article\",\"@id\":\"https:\\\/\\\/www.24gliwice.pl\\\/wiadomosci\\\/janusz-moszynski-historia-z-gliwicami-w-roli-glownej\\\/#article\",\"isPartOf\":{\"@id\":\"https:\\\/\\\/www.24gliwice.pl\\\/wiadomosci\\\/janusz-moszynski-historia-z-gliwicami-w-roli-glownej\\\/\"},\"author\":{\"name\":\"Marcin Fabrykowski\",\"@id\":\"https:\\\/\\\/www.24gliwice.pl\\\/wiadomosci\\\/#\\\/schema\\\/person\\\/cb5857e4a4d048c15984c1edcc8ef0c0\"},\"headline\":\"Janusz Moszy\u0144ski: historia z Gliwicami w roli g\u0142\u00f3wnej\",\"datePublished\":\"2020-01-02T00:40:42+00:00\",\"dateModified\":\"2024-02-18T02:13:27+00:00\",\"mainEntityOfPage\":{\"@id\":\"https:\\\/\\\/www.24gliwice.pl\\\/wiadomosci\\\/janusz-moszynski-historia-z-gliwicami-w-roli-glownej\\\/\"},\"wordCount\":685,\"publisher\":{\"@id\":\"https:\\\/\\\/www.24gliwice.pl\\\/wiadomosci\\\/#organization\"},\"image\":{\"@id\":\"https:\\\/\\\/www.24gliwice.pl\\\/wiadomosci\\\/janusz-moszynski-historia-z-gliwicami-w-roli-glownej\\\/#primaryimage\"},\"thumbnailUrl\":\"https:\\\/\\\/www.24gliwice.pl\\\/wiadomosci\\\/wp-content\\\/uploads\\\/2020\\\/01\\\/1-Szczyt-Janusz.jpg\",\"keywords\":[\"JANUSZ MOSZY\u0143SKI\",\"PREZYDENT GLIWIC\"],\"articleSection\":[\"Gliwice\",\"Najnowsze wiadomo\u015bci\"],\"inLanguage\":\"pl-PL\"},{\"@type\":\"WebPage\",\"@id\":\"https:\\\/\\\/www.24gliwice.pl\\\/wiadomosci\\\/janusz-moszynski-historia-z-gliwicami-w-roli-glownej\\\/\",\"url\":\"https:\\\/\\\/www.24gliwice.pl\\\/wiadomosci\\\/janusz-moszynski-historia-z-gliwicami-w-roli-glownej\\\/\",\"name\":\"Janusz Moszy\u0144ski: historia z Gliwicami w roli g\u0142\u00f3wnej - 24GLIWICE - Portal Gliwice | codziennie nowe informacje\",\"isPartOf\":{\"@id\":\"https:\\\/\\\/www.24gliwice.pl\\\/wiadomosci\\\/#website\"},\"primaryImageOfPage\":{\"@id\":\"https:\\\/\\\/www.24gliwice.pl\\\/wiadomosci\\\/janusz-moszynski-historia-z-gliwicami-w-roli-glownej\\\/#primaryimage\"},\"image\":{\"@id\":\"https:\\\/\\\/www.24gliwice.pl\\\/wiadomosci\\\/janusz-moszynski-historia-z-gliwicami-w-roli-glownej\\\/#primaryimage\"},\"thumbnailUrl\":\"https:\\\/\\\/www.24gliwice.pl\\\/wiadomosci\\\/wp-content\\\/uploads\\\/2020\\\/01\\\/1-Szczyt-Janusz.jpg\",\"datePublished\":\"2020-01-02T00:40:42+00:00\",\"dateModified\":\"2024-02-18T02:13:27+00:00\",\"breadcrumb\":{\"@id\":\"https:\\\/\\\/www.24gliwice.pl\\\/wiadomosci\\\/janusz-moszynski-historia-z-gliwicami-w-roli-glownej\\\/#breadcrumb\"},\"inLanguage\":\"pl-PL\",\"potentialAction\":[{\"@type\":\"ReadAction\",\"target\":[\"https:\\\/\\\/www.24gliwice.pl\\\/wiadomosci\\\/janusz-moszynski-historia-z-gliwicami-w-roli-glownej\\\/\"]}]},{\"@type\":\"ImageObject\",\"inLanguage\":\"pl-PL\",\"@id\":\"https:\\\/\\\/www.24gliwice.pl\\\/wiadomosci\\\/janusz-moszynski-historia-z-gliwicami-w-roli-glownej\\\/#primaryimage\",\"url\":\"https:\\\/\\\/www.24gliwice.pl\\\/wiadomosci\\\/wp-content\\\/uploads\\\/2020\\\/01\\\/1-Szczyt-Janusz.jpg\",\"contentUrl\":\"https:\\\/\\\/www.24gliwice.pl\\\/wiadomosci\\\/wp-content\\\/uploads\\\/2020\\\/01\\\/1-Szczyt-Janusz.jpg\",\"width\":1140,\"height\":853},{\"@type\":\"BreadcrumbList\",\"@id\":\"https:\\\/\\\/www.24gliwice.pl\\\/wiadomosci\\\/janusz-moszynski-historia-z-gliwicami-w-roli-glownej\\\/#breadcrumb\",\"itemListElement\":[{\"@type\":\"ListItem\",\"position\":1,\"name\":\"Strona g\u0142\u00f3wna\",\"item\":\"https:\\\/\\\/www.24gliwice.pl\\\/wiadomosci\\\/\"},{\"@type\":\"ListItem\",\"position\":2,\"name\":\"Janusz Moszy\u0144ski: historia z Gliwicami w roli g\u0142\u00f3wnej\"}]},{\"@type\":\"WebSite\",\"@id\":\"https:\\\/\\\/www.24gliwice.pl\\\/wiadomosci\\\/#website\",\"url\":\"https:\\\/\\\/www.24gliwice.pl\\\/wiadomosci\\\/\",\"name\":\"24GLIWICE - Portal Gliwice | codziennie nowe wiadomo\u015bci\",\"description\":\"Portal Miejski Gliwice\",\"publisher\":{\"@id\":\"https:\\\/\\\/www.24gliwice.pl\\\/wiadomosci\\\/#organization\"},\"potentialAction\":[{\"@type\":\"SearchAction\",\"target\":{\"@type\":\"EntryPoint\",\"urlTemplate\":\"https:\\\/\\\/www.24gliwice.pl\\\/wiadomosci\\\/?s={search_term_string}\"},\"query-input\":{\"@type\":\"PropertyValueSpecification\",\"valueRequired\":true,\"valueName\":\"search_term_string\"}}],\"inLanguage\":\"pl-PL\"},{\"@type\":\"Organization\",\"@id\":\"https:\\\/\\\/www.24gliwice.pl\\\/wiadomosci\\\/#organization\",\"name\":\"24gliwice\",\"url\":\"https:\\\/\\\/www.24gliwice.pl\\\/wiadomosci\\\/\",\"logo\":{\"@type\":\"ImageObject\",\"inLanguage\":\"pl-PL\",\"@id\":\"https:\\\/\\\/www.24gliwice.pl\\\/wiadomosci\\\/#\\\/schema\\\/logo\\\/image\\\/\",\"url\":\"https:\\\/\\\/www.24gliwice.pl\\\/wiadomosci\\\/wp-content\\\/uploads\\\/2024\\\/10\\\/24gliwice-logo-696.jpg\",\"contentUrl\":\"https:\\\/\\\/www.24gliwice.pl\\\/wiadomosci\\\/wp-content\\\/uploads\\\/2024\\\/10\\\/24gliwice-logo-696.jpg\",\"width\":696,\"height\":696,\"caption\":\"24gliwice\"},\"image\":{\"@id\":\"https:\\\/\\\/www.24gliwice.pl\\\/wiadomosci\\\/#\\\/schema\\\/logo\\\/image\\\/\"},\"sameAs\":[\"https:\\\/\\\/www.facebook.com\\\/24gliwice\",\"https:\\\/\\\/x.com\\\/24gliwice\",\"https:\\\/\\\/www.youtube.com\\\/@24gliwice\"]},{\"@type\":\"Person\",\"@id\":\"https:\\\/\\\/www.24gliwice.pl\\\/wiadomosci\\\/#\\\/schema\\\/person\\\/cb5857e4a4d048c15984c1edcc8ef0c0\",\"name\":\"Marcin Fabrykowski\",\"image\":{\"@type\":\"ImageObject\",\"inLanguage\":\"pl-PL\",\"@id\":\"https:\\\/\\\/www.24gliwice.pl\\\/wiadomosci\\\/wp-content\\\/uploads\\\/2025\\\/11\\\/zdjecie-moje-marcin-300-96x96.jpg\",\"url\":\"https:\\\/\\\/www.24gliwice.pl\\\/wiadomosci\\\/wp-content\\\/uploads\\\/2025\\\/11\\\/zdjecie-moje-marcin-300-96x96.jpg\",\"contentUrl\":\"https:\\\/\\\/www.24gliwice.pl\\\/wiadomosci\\\/wp-content\\\/uploads\\\/2025\\\/11\\\/zdjecie-moje-marcin-300-96x96.jpg\",\"caption\":\"Marcin Fabrykowski\"},\"sameAs\":[\"http:\\\/\\\/24gliwice.pl\",\"https:\\\/\\\/www.facebook.com\\\/marcin.fabrykowski\"],\"url\":\"https:\\\/\\\/www.24gliwice.pl\\\/wiadomosci\\\/author\\\/marcin-fabrykowski\\\/\"}]}<\/script>\n<!-- \/ Yoast SEO plugin. -->","yoast_head_json":{"title":"Janusz Moszy\u0144ski: historia z Gliwicami w roli g\u0142\u00f3wnej - 24GLIWICE - Portal Gliwice | codziennie nowe informacje","robots":{"index":"index","follow":"follow","max-snippet":"max-snippet:-1","max-image-preview":"max-image-preview:large","max-video-preview":"max-video-preview:-1"},"canonical":"https:\/\/www.24gliwice.pl\/wiadomosci\/janusz-moszynski-historia-z-gliwicami-w-roli-glownej\/","og_locale":"pl_PL","og_type":"article","og_title":"Janusz Moszy\u0144ski: historia z Gliwicami w roli g\u0142\u00f3wnej - 24GLIWICE - Portal Gliwice | codziennie nowe informacje","og_description":"Samorz\u0105dowiec, polityk, prezydent, ale przede wszystkim mieszkaniec Gliwic, z kt\u00f3rymi zwi\u0105zany jest od urodzenia, czyli od 63 lat. Jego rodzina pochodzi ze Lwowa. Tam urodzili si\u0119 i wychowali moi dziadkowie \u2013 wspomina. Zanim babcia razem z mam\u0105 dotar\u0142y do Gliwic, prze\u017cy\u0142y trudny wojenny czas w okolicach Biecza, natomiast ojciec zosta\u0142 wywieziony z rodzin\u0105 na Syberi\u0119, [&hellip;]","og_url":"https:\/\/www.24gliwice.pl\/wiadomosci\/janusz-moszynski-historia-z-gliwicami-w-roli-glownej\/","og_site_name":"24GLIWICE - Portal Gliwice | codziennie nowe informacje","article_publisher":"https:\/\/www.facebook.com\/24gliwice","article_author":"https:\/\/www.facebook.com\/marcin.fabrykowski","article_published_time":"2020-01-02T00:40:42+00:00","article_modified_time":"2024-02-18T02:13:27+00:00","og_image":[{"width":1140,"height":853,"url":"https:\/\/www.24gliwice.pl\/wiadomosci\/wp-content\/uploads\/2020\/01\/1-Szczyt-Janusz.jpg","type":"image\/jpeg"}],"author":"Marcin Fabrykowski","twitter_card":"summary_large_image","twitter_creator":"@24gliwice","twitter_site":"@24gliwice","twitter_misc":{"Napisane przez":"Marcin Fabrykowski","Szacowany czas czytania":"3 minuty"},"schema":{"@context":"https:\/\/schema.org","@graph":[{"@type":"Article","@id":"https:\/\/www.24gliwice.pl\/wiadomosci\/janusz-moszynski-historia-z-gliwicami-w-roli-glownej\/#article","isPartOf":{"@id":"https:\/\/www.24gliwice.pl\/wiadomosci\/janusz-moszynski-historia-z-gliwicami-w-roli-glownej\/"},"author":{"name":"Marcin Fabrykowski","@id":"https:\/\/www.24gliwice.pl\/wiadomosci\/#\/schema\/person\/cb5857e4a4d048c15984c1edcc8ef0c0"},"headline":"Janusz Moszy\u0144ski: historia z Gliwicami w roli g\u0142\u00f3wnej","datePublished":"2020-01-02T00:40:42+00:00","dateModified":"2024-02-18T02:13:27+00:00","mainEntityOfPage":{"@id":"https:\/\/www.24gliwice.pl\/wiadomosci\/janusz-moszynski-historia-z-gliwicami-w-roli-glownej\/"},"wordCount":685,"publisher":{"@id":"https:\/\/www.24gliwice.pl\/wiadomosci\/#organization"},"image":{"@id":"https:\/\/www.24gliwice.pl\/wiadomosci\/janusz-moszynski-historia-z-gliwicami-w-roli-glownej\/#primaryimage"},"thumbnailUrl":"https:\/\/www.24gliwice.pl\/wiadomosci\/wp-content\/uploads\/2020\/01\/1-Szczyt-Janusz.jpg","keywords":["JANUSZ MOSZY\u0143SKI","PREZYDENT GLIWIC"],"articleSection":["Gliwice","Najnowsze wiadomo\u015bci"],"inLanguage":"pl-PL"},{"@type":"WebPage","@id":"https:\/\/www.24gliwice.pl\/wiadomosci\/janusz-moszynski-historia-z-gliwicami-w-roli-glownej\/","url":"https:\/\/www.24gliwice.pl\/wiadomosci\/janusz-moszynski-historia-z-gliwicami-w-roli-glownej\/","name":"Janusz Moszy\u0144ski: historia z Gliwicami w roli g\u0142\u00f3wnej - 24GLIWICE - Portal Gliwice | codziennie nowe informacje","isPartOf":{"@id":"https:\/\/www.24gliwice.pl\/wiadomosci\/#website"},"primaryImageOfPage":{"@id":"https:\/\/www.24gliwice.pl\/wiadomosci\/janusz-moszynski-historia-z-gliwicami-w-roli-glownej\/#primaryimage"},"image":{"@id":"https:\/\/www.24gliwice.pl\/wiadomosci\/janusz-moszynski-historia-z-gliwicami-w-roli-glownej\/#primaryimage"},"thumbnailUrl":"https:\/\/www.24gliwice.pl\/wiadomosci\/wp-content\/uploads\/2020\/01\/1-Szczyt-Janusz.jpg","datePublished":"2020-01-02T00:40:42+00:00","dateModified":"2024-02-18T02:13:27+00:00","breadcrumb":{"@id":"https:\/\/www.24gliwice.pl\/wiadomosci\/janusz-moszynski-historia-z-gliwicami-w-roli-glownej\/#breadcrumb"},"inLanguage":"pl-PL","potentialAction":[{"@type":"ReadAction","target":["https:\/\/www.24gliwice.pl\/wiadomosci\/janusz-moszynski-historia-z-gliwicami-w-roli-glownej\/"]}]},{"@type":"ImageObject","inLanguage":"pl-PL","@id":"https:\/\/www.24gliwice.pl\/wiadomosci\/janusz-moszynski-historia-z-gliwicami-w-roli-glownej\/#primaryimage","url":"https:\/\/www.24gliwice.pl\/wiadomosci\/wp-content\/uploads\/2020\/01\/1-Szczyt-Janusz.jpg","contentUrl":"https:\/\/www.24gliwice.pl\/wiadomosci\/wp-content\/uploads\/2020\/01\/1-Szczyt-Janusz.jpg","width":1140,"height":853},{"@type":"BreadcrumbList","@id":"https:\/\/www.24gliwice.pl\/wiadomosci\/janusz-moszynski-historia-z-gliwicami-w-roli-glownej\/#breadcrumb","itemListElement":[{"@type":"ListItem","position":1,"name":"Strona g\u0142\u00f3wna","item":"https:\/\/www.24gliwice.pl\/wiadomosci\/"},{"@type":"ListItem","position":2,"name":"Janusz Moszy\u0144ski: historia z Gliwicami w roli g\u0142\u00f3wnej"}]},{"@type":"WebSite","@id":"https:\/\/www.24gliwice.pl\/wiadomosci\/#website","url":"https:\/\/www.24gliwice.pl\/wiadomosci\/","name":"24GLIWICE - Portal Gliwice | codziennie nowe wiadomo\u015bci","description":"Portal Miejski Gliwice","publisher":{"@id":"https:\/\/www.24gliwice.pl\/wiadomosci\/#organization"},"potentialAction":[{"@type":"SearchAction","target":{"@type":"EntryPoint","urlTemplate":"https:\/\/www.24gliwice.pl\/wiadomosci\/?s={search_term_string}"},"query-input":{"@type":"PropertyValueSpecification","valueRequired":true,"valueName":"search_term_string"}}],"inLanguage":"pl-PL"},{"@type":"Organization","@id":"https:\/\/www.24gliwice.pl\/wiadomosci\/#organization","name":"24gliwice","url":"https:\/\/www.24gliwice.pl\/wiadomosci\/","logo":{"@type":"ImageObject","inLanguage":"pl-PL","@id":"https:\/\/www.24gliwice.pl\/wiadomosci\/#\/schema\/logo\/image\/","url":"https:\/\/www.24gliwice.pl\/wiadomosci\/wp-content\/uploads\/2024\/10\/24gliwice-logo-696.jpg","contentUrl":"https:\/\/www.24gliwice.pl\/wiadomosci\/wp-content\/uploads\/2024\/10\/24gliwice-logo-696.jpg","width":696,"height":696,"caption":"24gliwice"},"image":{"@id":"https:\/\/www.24gliwice.pl\/wiadomosci\/#\/schema\/logo\/image\/"},"sameAs":["https:\/\/www.facebook.com\/24gliwice","https:\/\/x.com\/24gliwice","https:\/\/www.youtube.com\/@24gliwice"]},{"@type":"Person","@id":"https:\/\/www.24gliwice.pl\/wiadomosci\/#\/schema\/person\/cb5857e4a4d048c15984c1edcc8ef0c0","name":"Marcin Fabrykowski","image":{"@type":"ImageObject","inLanguage":"pl-PL","@id":"https:\/\/www.24gliwice.pl\/wiadomosci\/wp-content\/uploads\/2025\/11\/zdjecie-moje-marcin-300-96x96.jpg","url":"https:\/\/www.24gliwice.pl\/wiadomosci\/wp-content\/uploads\/2025\/11\/zdjecie-moje-marcin-300-96x96.jpg","contentUrl":"https:\/\/www.24gliwice.pl\/wiadomosci\/wp-content\/uploads\/2025\/11\/zdjecie-moje-marcin-300-96x96.jpg","caption":"Marcin Fabrykowski"},"sameAs":["http:\/\/24gliwice.pl","https:\/\/www.facebook.com\/marcin.fabrykowski"],"url":"https:\/\/www.24gliwice.pl\/wiadomosci\/author\/marcin-fabrykowski\/"}]}},"_links":{"self":[{"href":"https:\/\/www.24gliwice.pl\/wiadomosci\/wp-json\/wp\/v2\/posts\/145569","targetHints":{"allow":["GET"]}}],"collection":[{"href":"https:\/\/www.24gliwice.pl\/wiadomosci\/wp-json\/wp\/v2\/posts"}],"about":[{"href":"https:\/\/www.24gliwice.pl\/wiadomosci\/wp-json\/wp\/v2\/types\/post"}],"author":[{"embeddable":true,"href":"https:\/\/www.24gliwice.pl\/wiadomosci\/wp-json\/wp\/v2\/users\/4"}],"replies":[{"embeddable":true,"href":"https:\/\/www.24gliwice.pl\/wiadomosci\/wp-json\/wp\/v2\/comments?post=145569"}],"version-history":[{"count":0,"href":"https:\/\/www.24gliwice.pl\/wiadomosci\/wp-json\/wp\/v2\/posts\/145569\/revisions"}],"wp:featuredmedia":[{"embeddable":true,"href":"https:\/\/www.24gliwice.pl\/wiadomosci\/wp-json\/wp\/v2\/media\/145570"}],"wp:attachment":[{"href":"https:\/\/www.24gliwice.pl\/wiadomosci\/wp-json\/wp\/v2\/media?parent=145569"}],"wp:term":[{"taxonomy":"category","embeddable":true,"href":"https:\/\/www.24gliwice.pl\/wiadomosci\/wp-json\/wp\/v2\/categories?post=145569"},{"taxonomy":"post_tag","embeddable":true,"href":"https:\/\/www.24gliwice.pl\/wiadomosci\/wp-json\/wp\/v2\/tags?post=145569"}],"curies":[{"name":"wp","href":"https:\/\/api.w.org\/{rel}","templated":true}]}}