{"id":145679,"date":"2020-01-06T17:24:30","date_gmt":"2020-01-06T16:24:30","guid":{"rendered":"https:\/\/www.24gliwice.pl\/wiadomosci\/?p=145679"},"modified":"2020-01-06T17:24:30","modified_gmt":"2020-01-06T16:24:30","slug":"gliwicki-rynek-zdominowaly-trzy-kolory-mieszkancy-masowo-wzieli-udzial-w-orszaku-trzech-kroli","status":"publish","type":"post","link":"https:\/\/www.24gliwice.pl\/wiadomosci\/gliwicki-rynek-zdominowaly-trzy-kolory-mieszkancy-masowo-wzieli-udzial-w-orszaku-trzech-kroli\/","title":{"rendered":"Gliwicki Rynek zdominowa\u0142y trzy kolory. Mieszka\u0144cy masowo wzi\u0119li udzia\u0142 w Orszaku Trzech Kr\u00f3li"},"content":{"rendered":"<div class=\"gliwi-a6-nad-leadem-artykulow gliwi-entity-placement\" id=\"gliwi-4197726123\"><div class=\"gliwi-adlabel\"><span style=\"font-size: 9px\">REKLAMA<\/span><\/div><div id=\"gliwi-1276605652\" style=\"margin-bottom: 25px;margin-left: auto;margin-right: auto;text-align: center;\"><a data-no-instant=\"1\" href=\"https:\/\/dom100.eu\/\" rel=\"noopener\" class=\"a2t-link\" target=\"_blank\" aria-label=\"20260415 DOM100 D\"><img loading=\"lazy\" decoding=\"async\" src=\"https:\/\/www.24gliwice.pl\/wiadomosci\/wp-content\/uploads\/2026\/04\/20260415-DOM100-D.jpg\" alt=\"\"  srcset=\"https:\/\/www.24gliwice.pl\/wiadomosci\/wp-content\/uploads\/2026\/04\/20260415-DOM100-D.jpg 750w, https:\/\/www.24gliwice.pl\/wiadomosci\/wp-content\/uploads\/2026\/04\/20260415-DOM100-D-410x109.jpg 410w\" sizes=\"(max-width: 750px) 100vw, 750px\" class=\"no-lazyload\" width=\"750\" height=\"200\"  style=\"display: inline-block; max-width: 100%; height: auto;\" \/><\/a><\/div><\/div><p><iframe loading=\"lazy\" width=\"810\" height=\"456\" src=\"https:\/\/www.youtube.com\/embed\/u3xFOsKolno\" frameborder=\"0\" allow=\"accelerometer; autoplay; encrypted-media; gyroscope; picture-in-picture\" allowfullscreen><\/iframe><\/p>\n<h3>Jak co roku, 6 stycznia ulicami Gliwic przeszed\u0142 Orszak Trzech Kr\u00f3li. Trzy kolorowe grupy wyruszy\u0142y o godzinie 14:00 z trzech r\u00f3\u017cnych miejsc, by spotka\u0107 si\u0119 na Rynku.<\/h3>\n<p>Grupa \u017c\u00f3\u0142ta wyruszy\u0142a spod ko\u015bcio\u0142a pw. Podwy\u017cszenia Krzy\u017ca \u015awi\u0119tego (ul. Daszy\u0144skiego 2), czerwona \u2013 ko\u015bcio\u0142a pw. \u015bw. Alberta Wielkiego (parafia \u015bw. Micha\u0142a Archanio\u0142a, ul. Krzywoustego 1), a grupa niebieska zebra\u0142a si\u0119 przy dworcu kolejowym (ul. Bohater\u00f3w Getta Warszawskiego 12).<\/p>\n<p>Organizowane w polskich miastach Orszaki Trzech Kr\u00f3li zaliczane s\u0105 do najwi\u0119kszych ulicznych jase\u0142ek na \u015bwiecie. Ich najnowsza historia jest stosunkowo kr\u00f3tka.<\/p><div class=\"gliwi-a3-w-tresci-artykulow gliwi-entity-placement\" id=\"gliwi-892210725\"><div class=\"gliwi-adlabel\"><span style=\"font-size: 9px\">REKLAMA<\/span><\/div><div id=\"gliwi-2571575589\" style=\"margin-bottom: 30px;margin-left: auto;margin-right: auto;text-align: center;\"><a data-no-instant=\"1\" href=\"https:\/\/ogrodyandersa.pl\/\" rel=\"noopener\" class=\"a2t-link\" target=\"_blank\" aria-label=\"20260415 Ogrody Andersa KUP TERAZ D\"><img loading=\"lazy\" decoding=\"async\" src=\"https:\/\/www.24gliwice.pl\/wiadomosci\/wp-content\/uploads\/2026\/04\/20260415-Ogrody-Andersa-KUP-TERAZ-D.jpg\" alt=\"\"  srcset=\"https:\/\/www.24gliwice.pl\/wiadomosci\/wp-content\/uploads\/2026\/04\/20260415-Ogrody-Andersa-KUP-TERAZ-D.jpg 750w, https:\/\/www.24gliwice.pl\/wiadomosci\/wp-content\/uploads\/2026\/04\/20260415-Ogrody-Andersa-KUP-TERAZ-D-410x109.jpg 410w\" sizes=\"(max-width: 750px) 100vw, 750px\" class=\"no-lazyload\" width=\"750\" height=\"200\"  style=\"display: inline-block; max-width: 100%; height: auto;\" \/><\/a><\/div><\/div>\n<p>W 2009 i 2010 roku Orszaki odby\u0142y si\u0119 tylko w Warszawie i w Toruniu. w 2011 roku w 24 miastach, a po wprowadzeniu dnia wolnego 6 stycznia, a\u017c w 92. W 2018 roku na mapie Orszaku znalaz\u0142y si\u0119 644 miejscowo\u015bci.<\/p>\n<div class=\"gliwi-a5-na-koncu-artykulow gliwi-entity-placement\" id=\"gliwi-1164636585\"><div class=\"gliwi-adlabel\"><span style=\"font-size: 9px\">REKLAMA<\/span><\/div><div id=\"gliwi-2912432007\" style=\"margin-left: auto;margin-right: auto;text-align: center;\"><a data-no-instant=\"1\" href=\"https:\/\/prezeroarenagliwice.pl\/\" rel=\"noopener\" class=\"a2t-link\" target=\"_blank\" aria-label=\"20260309-PREZERO-WIOSNA-D\"><img loading=\"lazy\" decoding=\"async\" src=\"https:\/\/www.24gliwice.pl\/wiadomosci\/wp-content\/uploads\/2026\/03\/20260309-PREZERO-WIOSNA-D.webp\" alt=\"\"  srcset=\"https:\/\/www.24gliwice.pl\/wiadomosci\/wp-content\/uploads\/2026\/03\/20260309-PREZERO-WIOSNA-D.webp 750w, https:\/\/www.24gliwice.pl\/wiadomosci\/wp-content\/uploads\/2026\/03\/20260309-PREZERO-WIOSNA-D-410x109.webp 410w\" sizes=\"(max-width: 750px) 100vw, 750px\" class=\"no-lazyload\" width=\"750\" height=\"200\"  style=\"display: inline-block; max-width: 100%; height: auto;\" \/><\/a><\/div><\/div>","protected":false},"excerpt":{"rendered":"<p>Jak co roku, 6 stycznia ulicami Gliwic przeszed\u0142 Orszak Trzech Kr\u00f3li. Trzy kolorowe grupy wyruszy\u0142y o godzinie 14:00 z trzech r\u00f3\u017cnych miejsc, by spotka\u0107 si\u0119 na Rynku. Grupa \u017c\u00f3\u0142ta wyruszy\u0142a spod ko\u015bcio\u0142a pw. Podwy\u017cszenia Krzy\u017ca \u015awi\u0119tego (ul. Daszy\u0144skiego 2), czerwona \u2013 ko\u015bcio\u0142a pw. \u015bw. Alberta Wielkiego (parafia \u015bw. Micha\u0142a Archanio\u0142a, ul. Krzywoustego 1), a grupa [&hellip;]<\/p>\n","protected":false},"author":4,"featured_media":145680,"comment_status":"open","ping_status":"closed","sticky":false,"template":"","format":"video","meta":{"_monsterinsights_skip_tracking":false,"_monsterinsights_sitenote_active":false,"_monsterinsights_sitenote_note":"","_monsterinsights_sitenote_category":0,"footnotes":"","_links_to":"","_links_to_target":""},"categories":[3,1,9,4],"tags":[3604,6778],"class_list":["post-145679","post","type-post","status-publish","format-video","has-post-thumbnail","hentry","category-gliwice","category-wszystko","category-aktualnosci_lokalne","category-telewizja-gliwice","tag-orszak-trzech-kroli","tag-rynek","post_format-post-format-video"],"yoast_head":"<!-- This site is optimized with the Yoast SEO plugin v27.5 - https:\/\/yoast.com\/product\/yoast-seo-wordpress\/ -->\n<title>Gliwicki Rynek zdominowa\u0142y trzy kolory. Mieszka\u0144cy masowo wzi\u0119li udzia\u0142 w Orszaku Trzech Kr\u00f3li - 24GLIWICE - Portal Gliwice | codziennie nowe informacje<\/title>\n<meta name=\"robots\" content=\"index, follow, max-snippet:-1, max-image-preview:large, max-video-preview:-1\" \/>\n<link rel=\"canonical\" href=\"https:\/\/www.24gliwice.pl\/wiadomosci\/gliwicki-rynek-zdominowaly-trzy-kolory-mieszkancy-masowo-wzieli-udzial-w-orszaku-trzech-kroli\/\" \/>\n<meta property=\"og:locale\" content=\"pl_PL\" \/>\n<meta property=\"og:type\" content=\"article\" \/>\n<meta property=\"og:title\" content=\"Gliwicki Rynek zdominowa\u0142y trzy kolory. Mieszka\u0144cy masowo wzi\u0119li udzia\u0142 w Orszaku Trzech Kr\u00f3li - 24GLIWICE - Portal Gliwice | codziennie nowe informacje\" \/>\n<meta property=\"og:description\" content=\"Jak co roku, 6 stycznia ulicami Gliwic przeszed\u0142 Orszak Trzech Kr\u00f3li. Trzy kolorowe grupy wyruszy\u0142y o godzinie 14:00 z trzech r\u00f3\u017cnych miejsc, by spotka\u0107 si\u0119 na Rynku. Grupa \u017c\u00f3\u0142ta wyruszy\u0142a spod ko\u015bcio\u0142a pw. Podwy\u017cszenia Krzy\u017ca \u015awi\u0119tego (ul. Daszy\u0144skiego 2), czerwona \u2013 ko\u015bcio\u0142a pw. \u015bw. Alberta Wielkiego (parafia \u015bw. Micha\u0142a Archanio\u0142a, ul. Krzywoustego 1), a grupa [&hellip;]\" \/>\n<meta property=\"og:url\" content=\"https:\/\/www.24gliwice.pl\/wiadomosci\/gliwicki-rynek-zdominowaly-trzy-kolory-mieszkancy-masowo-wzieli-udzial-w-orszaku-trzech-kroli\/\" \/>\n<meta property=\"og:site_name\" content=\"24GLIWICE - Portal Gliwice | codziennie nowe informacje\" \/>\n<meta property=\"article:publisher\" content=\"https:\/\/www.facebook.com\/24gliwice\" \/>\n<meta property=\"article:author\" content=\"https:\/\/www.facebook.com\/marcin.fabrykowski\" \/>\n<meta property=\"article:published_time\" content=\"2020-01-06T16:24:30+00:00\" \/>\n<meta property=\"og:image\" content=\"https:\/\/www.24gliwice.pl\/wiadomosci\/wp-content\/uploads\/2020\/01\/1-orszak.jpg\" \/>\n\t<meta property=\"og:image:width\" content=\"810\" \/>\n\t<meta property=\"og:image:height\" content=\"452\" \/>\n\t<meta property=\"og:image:type\" content=\"image\/jpeg\" \/>\n<meta name=\"author\" content=\"Marcin Fabrykowski\" \/>\n<meta name=\"twitter:card\" content=\"summary_large_image\" \/>\n<meta name=\"twitter:creator\" content=\"@24gliwice\" \/>\n<meta name=\"twitter:site\" content=\"@24gliwice\" \/>\n<meta name=\"twitter:label1\" content=\"Napisane przez\" \/>\n\t<meta name=\"twitter:data1\" content=\"Marcin Fabrykowski\" \/>\n\t<meta name=\"twitter:label2\" content=\"Szacowany czas czytania\" \/>\n\t<meta name=\"twitter:data2\" content=\"1 minuta\" \/>\n<script type=\"application\/ld+json\" class=\"yoast-schema-graph\">{\"@context\":\"https:\\\/\\\/schema.org\",\"@graph\":[{\"@type\":\"Article\",\"@id\":\"https:\\\/\\\/www.24gliwice.pl\\\/wiadomosci\\\/gliwicki-rynek-zdominowaly-trzy-kolory-mieszkancy-masowo-wzieli-udzial-w-orszaku-trzech-kroli\\\/#article\",\"isPartOf\":{\"@id\":\"https:\\\/\\\/www.24gliwice.pl\\\/wiadomosci\\\/gliwicki-rynek-zdominowaly-trzy-kolory-mieszkancy-masowo-wzieli-udzial-w-orszaku-trzech-kroli\\\/\"},\"author\":{\"name\":\"Marcin Fabrykowski\",\"@id\":\"https:\\\/\\\/www.24gliwice.pl\\\/wiadomosci\\\/#\\\/schema\\\/person\\\/cb5857e4a4d048c15984c1edcc8ef0c0\"},\"headline\":\"Gliwicki Rynek zdominowa\u0142y trzy kolory. Mieszka\u0144cy masowo wzi\u0119li udzia\u0142 w Orszaku Trzech Kr\u00f3li\",\"datePublished\":\"2020-01-06T16:24:30+00:00\",\"mainEntityOfPage\":{\"@id\":\"https:\\\/\\\/www.24gliwice.pl\\\/wiadomosci\\\/gliwicki-rynek-zdominowaly-trzy-kolory-mieszkancy-masowo-wzieli-udzial-w-orszaku-trzech-kroli\\\/\"},\"wordCount\":153,\"commentCount\":0,\"publisher\":{\"@id\":\"https:\\\/\\\/www.24gliwice.pl\\\/wiadomosci\\\/#organization\"},\"image\":{\"@id\":\"https:\\\/\\\/www.24gliwice.pl\\\/wiadomosci\\\/gliwicki-rynek-zdominowaly-trzy-kolory-mieszkancy-masowo-wzieli-udzial-w-orszaku-trzech-kroli\\\/#primaryimage\"},\"thumbnailUrl\":\"https:\\\/\\\/www.24gliwice.pl\\\/wiadomosci\\\/wp-content\\\/uploads\\\/2020\\\/01\\\/1-orszak.jpg\",\"keywords\":[\"orszak trzech kr\u00f3li\",\"RYNEK\"],\"articleSection\":[\"Gliwice\",\"Najnowsze wiadomo\u015bci\",\"Portal Gliwice - Wiadomo\u015bci lokalne\",\"Telewizja, materia\u0142y wideo\"],\"inLanguage\":\"pl-PL\",\"potentialAction\":[{\"@type\":\"CommentAction\",\"name\":\"Comment\",\"target\":[\"https:\\\/\\\/www.24gliwice.pl\\\/wiadomosci\\\/gliwicki-rynek-zdominowaly-trzy-kolory-mieszkancy-masowo-wzieli-udzial-w-orszaku-trzech-kroli\\\/#respond\"]}]},{\"@type\":\"WebPage\",\"@id\":\"https:\\\/\\\/www.24gliwice.pl\\\/wiadomosci\\\/gliwicki-rynek-zdominowaly-trzy-kolory-mieszkancy-masowo-wzieli-udzial-w-orszaku-trzech-kroli\\\/\",\"url\":\"https:\\\/\\\/www.24gliwice.pl\\\/wiadomosci\\\/gliwicki-rynek-zdominowaly-trzy-kolory-mieszkancy-masowo-wzieli-udzial-w-orszaku-trzech-kroli\\\/\",\"name\":\"Gliwicki Rynek zdominowa\u0142y trzy kolory. Mieszka\u0144cy masowo wzi\u0119li udzia\u0142 w Orszaku Trzech Kr\u00f3li - 24GLIWICE - Portal Gliwice | codziennie nowe informacje\",\"isPartOf\":{\"@id\":\"https:\\\/\\\/www.24gliwice.pl\\\/wiadomosci\\\/#website\"},\"primaryImageOfPage\":{\"@id\":\"https:\\\/\\\/www.24gliwice.pl\\\/wiadomosci\\\/gliwicki-rynek-zdominowaly-trzy-kolory-mieszkancy-masowo-wzieli-udzial-w-orszaku-trzech-kroli\\\/#primaryimage\"},\"image\":{\"@id\":\"https:\\\/\\\/www.24gliwice.pl\\\/wiadomosci\\\/gliwicki-rynek-zdominowaly-trzy-kolory-mieszkancy-masowo-wzieli-udzial-w-orszaku-trzech-kroli\\\/#primaryimage\"},\"thumbnailUrl\":\"https:\\\/\\\/www.24gliwice.pl\\\/wiadomosci\\\/wp-content\\\/uploads\\\/2020\\\/01\\\/1-orszak.jpg\",\"datePublished\":\"2020-01-06T16:24:30+00:00\",\"breadcrumb\":{\"@id\":\"https:\\\/\\\/www.24gliwice.pl\\\/wiadomosci\\\/gliwicki-rynek-zdominowaly-trzy-kolory-mieszkancy-masowo-wzieli-udzial-w-orszaku-trzech-kroli\\\/#breadcrumb\"},\"inLanguage\":\"pl-PL\",\"potentialAction\":[{\"@type\":\"ReadAction\",\"target\":[\"https:\\\/\\\/www.24gliwice.pl\\\/wiadomosci\\\/gliwicki-rynek-zdominowaly-trzy-kolory-mieszkancy-masowo-wzieli-udzial-w-orszaku-trzech-kroli\\\/\"]}]},{\"@type\":\"ImageObject\",\"inLanguage\":\"pl-PL\",\"@id\":\"https:\\\/\\\/www.24gliwice.pl\\\/wiadomosci\\\/gliwicki-rynek-zdominowaly-trzy-kolory-mieszkancy-masowo-wzieli-udzial-w-orszaku-trzech-kroli\\\/#primaryimage\",\"url\":\"https:\\\/\\\/www.24gliwice.pl\\\/wiadomosci\\\/wp-content\\\/uploads\\\/2020\\\/01\\\/1-orszak.jpg\",\"contentUrl\":\"https:\\\/\\\/www.24gliwice.pl\\\/wiadomosci\\\/wp-content\\\/uploads\\\/2020\\\/01\\\/1-orszak.jpg\",\"width\":810,\"height\":452,\"caption\":\"fot. archiwum\"},{\"@type\":\"BreadcrumbList\",\"@id\":\"https:\\\/\\\/www.24gliwice.pl\\\/wiadomosci\\\/gliwicki-rynek-zdominowaly-trzy-kolory-mieszkancy-masowo-wzieli-udzial-w-orszaku-trzech-kroli\\\/#breadcrumb\",\"itemListElement\":[{\"@type\":\"ListItem\",\"position\":1,\"name\":\"Strona g\u0142\u00f3wna\",\"item\":\"https:\\\/\\\/www.24gliwice.pl\\\/wiadomosci\\\/\"},{\"@type\":\"ListItem\",\"position\":2,\"name\":\"Gliwicki Rynek zdominowa\u0142y trzy kolory. Mieszka\u0144cy masowo wzi\u0119li udzia\u0142 w Orszaku Trzech Kr\u00f3li\"}]},{\"@type\":\"WebSite\",\"@id\":\"https:\\\/\\\/www.24gliwice.pl\\\/wiadomosci\\\/#website\",\"url\":\"https:\\\/\\\/www.24gliwice.pl\\\/wiadomosci\\\/\",\"name\":\"24GLIWICE - Portal Gliwice | codziennie nowe wiadomo\u015bci\",\"description\":\"Portal Miejski Gliwice\",\"publisher\":{\"@id\":\"https:\\\/\\\/www.24gliwice.pl\\\/wiadomosci\\\/#organization\"},\"potentialAction\":[{\"@type\":\"SearchAction\",\"target\":{\"@type\":\"EntryPoint\",\"urlTemplate\":\"https:\\\/\\\/www.24gliwice.pl\\\/wiadomosci\\\/?s={search_term_string}\"},\"query-input\":{\"@type\":\"PropertyValueSpecification\",\"valueRequired\":true,\"valueName\":\"search_term_string\"}}],\"inLanguage\":\"pl-PL\"},{\"@type\":\"Organization\",\"@id\":\"https:\\\/\\\/www.24gliwice.pl\\\/wiadomosci\\\/#organization\",\"name\":\"24gliwice\",\"url\":\"https:\\\/\\\/www.24gliwice.pl\\\/wiadomosci\\\/\",\"logo\":{\"@type\":\"ImageObject\",\"inLanguage\":\"pl-PL\",\"@id\":\"https:\\\/\\\/www.24gliwice.pl\\\/wiadomosci\\\/#\\\/schema\\\/logo\\\/image\\\/\",\"url\":\"https:\\\/\\\/www.24gliwice.pl\\\/wiadomosci\\\/wp-content\\\/uploads\\\/2024\\\/10\\\/24gliwice-logo-696.jpg\",\"contentUrl\":\"https:\\\/\\\/www.24gliwice.pl\\\/wiadomosci\\\/wp-content\\\/uploads\\\/2024\\\/10\\\/24gliwice-logo-696.jpg\",\"width\":696,\"height\":696,\"caption\":\"24gliwice\"},\"image\":{\"@id\":\"https:\\\/\\\/www.24gliwice.pl\\\/wiadomosci\\\/#\\\/schema\\\/logo\\\/image\\\/\"},\"sameAs\":[\"https:\\\/\\\/www.facebook.com\\\/24gliwice\",\"https:\\\/\\\/x.com\\\/24gliwice\",\"https:\\\/\\\/www.youtube.com\\\/@24gliwice\"]},{\"@type\":\"Person\",\"@id\":\"https:\\\/\\\/www.24gliwice.pl\\\/wiadomosci\\\/#\\\/schema\\\/person\\\/cb5857e4a4d048c15984c1edcc8ef0c0\",\"name\":\"Marcin Fabrykowski\",\"image\":{\"@type\":\"ImageObject\",\"inLanguage\":\"pl-PL\",\"@id\":\"https:\\\/\\\/www.24gliwice.pl\\\/wiadomosci\\\/wp-content\\\/uploads\\\/2025\\\/11\\\/zdjecie-moje-marcin-300-96x96.jpg\",\"url\":\"https:\\\/\\\/www.24gliwice.pl\\\/wiadomosci\\\/wp-content\\\/uploads\\\/2025\\\/11\\\/zdjecie-moje-marcin-300-96x96.jpg\",\"contentUrl\":\"https:\\\/\\\/www.24gliwice.pl\\\/wiadomosci\\\/wp-content\\\/uploads\\\/2025\\\/11\\\/zdjecie-moje-marcin-300-96x96.jpg\",\"caption\":\"Marcin Fabrykowski\"},\"sameAs\":[\"http:\\\/\\\/24gliwice.pl\",\"https:\\\/\\\/www.facebook.com\\\/marcin.fabrykowski\"],\"url\":\"https:\\\/\\\/www.24gliwice.pl\\\/wiadomosci\\\/author\\\/marcin-fabrykowski\\\/\"}]}<\/script>\n<!-- \/ Yoast SEO plugin. -->","yoast_head_json":{"title":"Gliwicki Rynek zdominowa\u0142y trzy kolory. Mieszka\u0144cy masowo wzi\u0119li udzia\u0142 w Orszaku Trzech Kr\u00f3li - 24GLIWICE - Portal Gliwice | codziennie nowe informacje","robots":{"index":"index","follow":"follow","max-snippet":"max-snippet:-1","max-image-preview":"max-image-preview:large","max-video-preview":"max-video-preview:-1"},"canonical":"https:\/\/www.24gliwice.pl\/wiadomosci\/gliwicki-rynek-zdominowaly-trzy-kolory-mieszkancy-masowo-wzieli-udzial-w-orszaku-trzech-kroli\/","og_locale":"pl_PL","og_type":"article","og_title":"Gliwicki Rynek zdominowa\u0142y trzy kolory. Mieszka\u0144cy masowo wzi\u0119li udzia\u0142 w Orszaku Trzech Kr\u00f3li - 24GLIWICE - Portal Gliwice | codziennie nowe informacje","og_description":"Jak co roku, 6 stycznia ulicami Gliwic przeszed\u0142 Orszak Trzech Kr\u00f3li. Trzy kolorowe grupy wyruszy\u0142y o godzinie 14:00 z trzech r\u00f3\u017cnych miejsc, by spotka\u0107 si\u0119 na Rynku. Grupa \u017c\u00f3\u0142ta wyruszy\u0142a spod ko\u015bcio\u0142a pw. Podwy\u017cszenia Krzy\u017ca \u015awi\u0119tego (ul. Daszy\u0144skiego 2), czerwona \u2013 ko\u015bcio\u0142a pw. \u015bw. Alberta Wielkiego (parafia \u015bw. Micha\u0142a Archanio\u0142a, ul. Krzywoustego 1), a grupa [&hellip;]","og_url":"https:\/\/www.24gliwice.pl\/wiadomosci\/gliwicki-rynek-zdominowaly-trzy-kolory-mieszkancy-masowo-wzieli-udzial-w-orszaku-trzech-kroli\/","og_site_name":"24GLIWICE - Portal Gliwice | codziennie nowe informacje","article_publisher":"https:\/\/www.facebook.com\/24gliwice","article_author":"https:\/\/www.facebook.com\/marcin.fabrykowski","article_published_time":"2020-01-06T16:24:30+00:00","og_image":[{"width":810,"height":452,"url":"https:\/\/www.24gliwice.pl\/wiadomosci\/wp-content\/uploads\/2020\/01\/1-orszak.jpg","type":"image\/jpeg"}],"author":"Marcin Fabrykowski","twitter_card":"summary_large_image","twitter_creator":"@24gliwice","twitter_site":"@24gliwice","twitter_misc":{"Napisane przez":"Marcin Fabrykowski","Szacowany czas czytania":"1 minuta"},"schema":{"@context":"https:\/\/schema.org","@graph":[{"@type":"Article","@id":"https:\/\/www.24gliwice.pl\/wiadomosci\/gliwicki-rynek-zdominowaly-trzy-kolory-mieszkancy-masowo-wzieli-udzial-w-orszaku-trzech-kroli\/#article","isPartOf":{"@id":"https:\/\/www.24gliwice.pl\/wiadomosci\/gliwicki-rynek-zdominowaly-trzy-kolory-mieszkancy-masowo-wzieli-udzial-w-orszaku-trzech-kroli\/"},"author":{"name":"Marcin Fabrykowski","@id":"https:\/\/www.24gliwice.pl\/wiadomosci\/#\/schema\/person\/cb5857e4a4d048c15984c1edcc8ef0c0"},"headline":"Gliwicki Rynek zdominowa\u0142y trzy kolory. Mieszka\u0144cy masowo wzi\u0119li udzia\u0142 w Orszaku Trzech Kr\u00f3li","datePublished":"2020-01-06T16:24:30+00:00","mainEntityOfPage":{"@id":"https:\/\/www.24gliwice.pl\/wiadomosci\/gliwicki-rynek-zdominowaly-trzy-kolory-mieszkancy-masowo-wzieli-udzial-w-orszaku-trzech-kroli\/"},"wordCount":153,"commentCount":0,"publisher":{"@id":"https:\/\/www.24gliwice.pl\/wiadomosci\/#organization"},"image":{"@id":"https:\/\/www.24gliwice.pl\/wiadomosci\/gliwicki-rynek-zdominowaly-trzy-kolory-mieszkancy-masowo-wzieli-udzial-w-orszaku-trzech-kroli\/#primaryimage"},"thumbnailUrl":"https:\/\/www.24gliwice.pl\/wiadomosci\/wp-content\/uploads\/2020\/01\/1-orszak.jpg","keywords":["orszak trzech kr\u00f3li","RYNEK"],"articleSection":["Gliwice","Najnowsze wiadomo\u015bci","Portal Gliwice - Wiadomo\u015bci lokalne","Telewizja, materia\u0142y wideo"],"inLanguage":"pl-PL","potentialAction":[{"@type":"CommentAction","name":"Comment","target":["https:\/\/www.24gliwice.pl\/wiadomosci\/gliwicki-rynek-zdominowaly-trzy-kolory-mieszkancy-masowo-wzieli-udzial-w-orszaku-trzech-kroli\/#respond"]}]},{"@type":"WebPage","@id":"https:\/\/www.24gliwice.pl\/wiadomosci\/gliwicki-rynek-zdominowaly-trzy-kolory-mieszkancy-masowo-wzieli-udzial-w-orszaku-trzech-kroli\/","url":"https:\/\/www.24gliwice.pl\/wiadomosci\/gliwicki-rynek-zdominowaly-trzy-kolory-mieszkancy-masowo-wzieli-udzial-w-orszaku-trzech-kroli\/","name":"Gliwicki Rynek zdominowa\u0142y trzy kolory. Mieszka\u0144cy masowo wzi\u0119li udzia\u0142 w Orszaku Trzech Kr\u00f3li - 24GLIWICE - Portal Gliwice | codziennie nowe informacje","isPartOf":{"@id":"https:\/\/www.24gliwice.pl\/wiadomosci\/#website"},"primaryImageOfPage":{"@id":"https:\/\/www.24gliwice.pl\/wiadomosci\/gliwicki-rynek-zdominowaly-trzy-kolory-mieszkancy-masowo-wzieli-udzial-w-orszaku-trzech-kroli\/#primaryimage"},"image":{"@id":"https:\/\/www.24gliwice.pl\/wiadomosci\/gliwicki-rynek-zdominowaly-trzy-kolory-mieszkancy-masowo-wzieli-udzial-w-orszaku-trzech-kroli\/#primaryimage"},"thumbnailUrl":"https:\/\/www.24gliwice.pl\/wiadomosci\/wp-content\/uploads\/2020\/01\/1-orszak.jpg","datePublished":"2020-01-06T16:24:30+00:00","breadcrumb":{"@id":"https:\/\/www.24gliwice.pl\/wiadomosci\/gliwicki-rynek-zdominowaly-trzy-kolory-mieszkancy-masowo-wzieli-udzial-w-orszaku-trzech-kroli\/#breadcrumb"},"inLanguage":"pl-PL","potentialAction":[{"@type":"ReadAction","target":["https:\/\/www.24gliwice.pl\/wiadomosci\/gliwicki-rynek-zdominowaly-trzy-kolory-mieszkancy-masowo-wzieli-udzial-w-orszaku-trzech-kroli\/"]}]},{"@type":"ImageObject","inLanguage":"pl-PL","@id":"https:\/\/www.24gliwice.pl\/wiadomosci\/gliwicki-rynek-zdominowaly-trzy-kolory-mieszkancy-masowo-wzieli-udzial-w-orszaku-trzech-kroli\/#primaryimage","url":"https:\/\/www.24gliwice.pl\/wiadomosci\/wp-content\/uploads\/2020\/01\/1-orszak.jpg","contentUrl":"https:\/\/www.24gliwice.pl\/wiadomosci\/wp-content\/uploads\/2020\/01\/1-orszak.jpg","width":810,"height":452,"caption":"fot. archiwum"},{"@type":"BreadcrumbList","@id":"https:\/\/www.24gliwice.pl\/wiadomosci\/gliwicki-rynek-zdominowaly-trzy-kolory-mieszkancy-masowo-wzieli-udzial-w-orszaku-trzech-kroli\/#breadcrumb","itemListElement":[{"@type":"ListItem","position":1,"name":"Strona g\u0142\u00f3wna","item":"https:\/\/www.24gliwice.pl\/wiadomosci\/"},{"@type":"ListItem","position":2,"name":"Gliwicki Rynek zdominowa\u0142y trzy kolory. Mieszka\u0144cy masowo wzi\u0119li udzia\u0142 w Orszaku Trzech Kr\u00f3li"}]},{"@type":"WebSite","@id":"https:\/\/www.24gliwice.pl\/wiadomosci\/#website","url":"https:\/\/www.24gliwice.pl\/wiadomosci\/","name":"24GLIWICE - Portal Gliwice | codziennie nowe wiadomo\u015bci","description":"Portal Miejski Gliwice","publisher":{"@id":"https:\/\/www.24gliwice.pl\/wiadomosci\/#organization"},"potentialAction":[{"@type":"SearchAction","target":{"@type":"EntryPoint","urlTemplate":"https:\/\/www.24gliwice.pl\/wiadomosci\/?s={search_term_string}"},"query-input":{"@type":"PropertyValueSpecification","valueRequired":true,"valueName":"search_term_string"}}],"inLanguage":"pl-PL"},{"@type":"Organization","@id":"https:\/\/www.24gliwice.pl\/wiadomosci\/#organization","name":"24gliwice","url":"https:\/\/www.24gliwice.pl\/wiadomosci\/","logo":{"@type":"ImageObject","inLanguage":"pl-PL","@id":"https:\/\/www.24gliwice.pl\/wiadomosci\/#\/schema\/logo\/image\/","url":"https:\/\/www.24gliwice.pl\/wiadomosci\/wp-content\/uploads\/2024\/10\/24gliwice-logo-696.jpg","contentUrl":"https:\/\/www.24gliwice.pl\/wiadomosci\/wp-content\/uploads\/2024\/10\/24gliwice-logo-696.jpg","width":696,"height":696,"caption":"24gliwice"},"image":{"@id":"https:\/\/www.24gliwice.pl\/wiadomosci\/#\/schema\/logo\/image\/"},"sameAs":["https:\/\/www.facebook.com\/24gliwice","https:\/\/x.com\/24gliwice","https:\/\/www.youtube.com\/@24gliwice"]},{"@type":"Person","@id":"https:\/\/www.24gliwice.pl\/wiadomosci\/#\/schema\/person\/cb5857e4a4d048c15984c1edcc8ef0c0","name":"Marcin Fabrykowski","image":{"@type":"ImageObject","inLanguage":"pl-PL","@id":"https:\/\/www.24gliwice.pl\/wiadomosci\/wp-content\/uploads\/2025\/11\/zdjecie-moje-marcin-300-96x96.jpg","url":"https:\/\/www.24gliwice.pl\/wiadomosci\/wp-content\/uploads\/2025\/11\/zdjecie-moje-marcin-300-96x96.jpg","contentUrl":"https:\/\/www.24gliwice.pl\/wiadomosci\/wp-content\/uploads\/2025\/11\/zdjecie-moje-marcin-300-96x96.jpg","caption":"Marcin Fabrykowski"},"sameAs":["http:\/\/24gliwice.pl","https:\/\/www.facebook.com\/marcin.fabrykowski"],"url":"https:\/\/www.24gliwice.pl\/wiadomosci\/author\/marcin-fabrykowski\/"}]}},"_links":{"self":[{"href":"https:\/\/www.24gliwice.pl\/wiadomosci\/wp-json\/wp\/v2\/posts\/145679","targetHints":{"allow":["GET"]}}],"collection":[{"href":"https:\/\/www.24gliwice.pl\/wiadomosci\/wp-json\/wp\/v2\/posts"}],"about":[{"href":"https:\/\/www.24gliwice.pl\/wiadomosci\/wp-json\/wp\/v2\/types\/post"}],"author":[{"embeddable":true,"href":"https:\/\/www.24gliwice.pl\/wiadomosci\/wp-json\/wp\/v2\/users\/4"}],"replies":[{"embeddable":true,"href":"https:\/\/www.24gliwice.pl\/wiadomosci\/wp-json\/wp\/v2\/comments?post=145679"}],"version-history":[{"count":0,"href":"https:\/\/www.24gliwice.pl\/wiadomosci\/wp-json\/wp\/v2\/posts\/145679\/revisions"}],"wp:featuredmedia":[{"embeddable":true,"href":"https:\/\/www.24gliwice.pl\/wiadomosci\/wp-json\/wp\/v2\/media\/145680"}],"wp:attachment":[{"href":"https:\/\/www.24gliwice.pl\/wiadomosci\/wp-json\/wp\/v2\/media?parent=145679"}],"wp:term":[{"taxonomy":"category","embeddable":true,"href":"https:\/\/www.24gliwice.pl\/wiadomosci\/wp-json\/wp\/v2\/categories?post=145679"},{"taxonomy":"post_tag","embeddable":true,"href":"https:\/\/www.24gliwice.pl\/wiadomosci\/wp-json\/wp\/v2\/tags?post=145679"}],"curies":[{"name":"wp","href":"https:\/\/api.w.org\/{rel}","templated":true}]}}