{"id":145729,"date":"2020-01-08T02:51:23","date_gmt":"2020-01-08T01:51:23","guid":{"rendered":"https:\/\/www.24gliwice.pl\/wiadomosci\/?p=145729"},"modified":"2020-01-08T02:51:23","modified_gmt":"2020-01-08T01:51:23","slug":"koleje-slaskie-zapraszaja-dzieci-i-mlodziez-do-bezplatnego-podrozowania-podczas-ferii","status":"publish","type":"post","link":"https:\/\/www.24gliwice.pl\/wiadomosci\/koleje-slaskie-zapraszaja-dzieci-i-mlodziez-do-bezplatnego-podrozowania-podczas-ferii\/","title":{"rendered":"Koleje \u015al\u0105skie zapraszaj\u0105 dzieci i m\u0142odzie\u017c do bezp\u0142atnego podr\u00f3\u017cowania podczas ferii"},"content":{"rendered":"<div class=\"gliwi-a6-nad-leadem-artykulow gliwi-entity-placement\" id=\"gliwi-1337884685\"><div class=\"gliwi-adlabel\"><span style=\"font-size: 9px\">REKLAMA<\/span><\/div><div id=\"gliwi-596566991\" style=\"margin-bottom: 30px;margin-left: auto;margin-right: auto;text-align: center;\"><a data-no-instant=\"1\" href=\"https:\/\/przedszkole.halogen.org.pl\/\" rel=\"noopener\" class=\"a2t-link\" target=\"_blank\" aria-label=\"20260402-ANIMATOR-przedszkole_grafika_750x200\"><img loading=\"lazy\" decoding=\"async\" src=\"https:\/\/www.24gliwice.pl\/wiadomosci\/wp-content\/uploads\/2026\/04\/20260402-ANIMATOR-przedszkole_grafika_750x200.webp\" alt=\"\"  srcset=\"https:\/\/www.24gliwice.pl\/wiadomosci\/wp-content\/uploads\/2026\/04\/20260402-ANIMATOR-przedszkole_grafika_750x200.webp 750w, https:\/\/www.24gliwice.pl\/wiadomosci\/wp-content\/uploads\/2026\/04\/20260402-ANIMATOR-przedszkole_grafika_750x200-410x109.webp 410w\" sizes=\"(max-width: 750px) 100vw, 750px\" class=\"no-lazyload\" width=\"750\" height=\"200\"  style=\"display: inline-block; max-width: 100%; height: auto;\" \/><\/a><\/div><\/div><h3>Wraca akcja \u201eKolej na Ferie\u201d. W okresie wolnym od nauki szkolnej dzieci i m\u0142odzie\u017c mog\u0105 podr\u00f3\u017cowa\u0107 Kolejami \u015al\u0105skimi ca\u0142kowicie bezp\u0142atnie. Inicjatorem i pomys\u0142odawc\u0105 akcji jest marsza\u0142ek wojew\u00f3dztwa \u015bl\u0105skiego Jakub Che\u0142stowski.<\/h3>\n<p>Oferta obowi\u0105zuje od 11 do 26 stycznia 2020 roku, w czasie ferii uczni\u00f3w z wojew\u00f3dztwa \u015bl\u0105skiego. Zasady s\u0105 analogiczne jak w roku ubieg\u0142ym. Aby m\u00f3c za darmo podr\u00f3\u017cowa\u0107 poci\u0105gami Kolei \u015al\u0105skich, wystarczy podczas kontroli zamiast biletu okaza\u0107 wa\u017cn\u0105 legitymacj\u0119 szkoln\u0105.<\/p>\n<p>&#8211; <em>Pierwsza edycja akcji okaza\u0142a si\u0119 wielkim sukcesem i cieszy\u0142a si\u0119 du\u017cym zainteresowaniem mieszka\u0144c\u00f3w i os\u00f3b odwiedzaj\u0105cych wojew\u00f3dztwo \u015bl\u0105skie, dlatego zdecydowali\u015bmy si\u0119 j\u0105 kontynuowa\u0107. Z us\u0142ug Kolei \u015al\u0105skich skorzysta\u0142o ponad 150 tysi\u0119cy os\u00f3b, kt\u00f3re mia\u0142y okazj\u0119 aktywnie sp\u0119dzi\u0107 czas, pozna\u0107 bli\u017cej nasz region i przekona\u0107 si\u0119 o korzy\u015bciach niskoemisyjnego transportu. To oferta dla dzieci i m\u0142odzie\u017cy z wojew\u00f3dztwa \u015bl\u0105skiego, ale tak\u017ce dla ich r\u00f3wie\u015bnik\u00f3w z ca\u0142ej Polski, kt\u00f3rzy odwiedz\u0105 w czasie ferii nasz region<\/em> \u2013 t\u0142umaczy <strong>Jakub Che\u0142stowski<\/strong>, marsza\u0142ek wojew\u00f3dztwa \u015bl\u0105skiego.<\/p><div class=\"gliwi-a3-w-tresci-artykulow gliwi-entity-placement\" id=\"gliwi-671841507\"><div class=\"gliwi-adlabel\"><span style=\"font-size: 9px\">REKLAMA<\/span><\/div><div id=\"gliwi-3341844042\" style=\"margin-bottom: 30px;margin-left: auto;margin-right: auto;text-align: center;\"><a data-no-instant=\"1\" href=\"https:\/\/zlobek.halogen.org.pl\/\" rel=\"noopener\" class=\"a2t-link\" target=\"_blank\" aria-label=\"animator-zlobek_750x200\"><img loading=\"lazy\" decoding=\"async\" src=\"https:\/\/www.24gliwice.pl\/wiadomosci\/wp-content\/uploads\/2026\/02\/animator-zlobek_750x200.webp\" alt=\"\"  srcset=\"https:\/\/www.24gliwice.pl\/wiadomosci\/wp-content\/uploads\/2026\/02\/animator-zlobek_750x200.webp 750w, https:\/\/www.24gliwice.pl\/wiadomosci\/wp-content\/uploads\/2026\/02\/animator-zlobek_750x200-410x109.webp 410w\" sizes=\"(max-width: 750px) 100vw, 750px\" class=\"no-lazyload\" width=\"750\" height=\"200\"  style=\"display: inline-block; max-width: 100%; height: auto;\" \/><\/a><\/div><\/div>\n<h3>Warto przypomnie\u0107, \u017ce podczas ubieg\u0142orocznej edycji akcji jej uczestnicy pokonali \u0142\u0105cznie ponad 9,3 mln kilometr\u00f3w, to tak, jakby 230 razy okr\u0105\u017cyli Ziemi\u0119 na wysoko\u015bci r\u00f3wnika.<\/h3>\n<p>\u2013 <em>Ubieg\u0142oroczna edycja \u201eKolei na ferie\u201d cieszy\u0142a si\u0119 bardzo du\u017cym powodzeniem i otrzymali\u015bmy bardzo du\u017co zapyta\u0144 o powt\u00f3rzenie tej akcji. Odpowiadaj\u0105c na te oczekiwania r\u00f3wnie\u017c w tym roku mo\u017cemy zaprosi\u0107 dzieci i m\u0142odzie\u017c do bezp\u0142atnych podr\u00f3\u017cy. Mamy przy tym nadziej\u0119, \u017ce dzieci i m\u0142odzie\u017c, kt\u00f3re skorzystaj\u0105 z bezp\u0142atnych przejazd\u00f3w kolejami w przysz\u0142o\u015bci b\u0119d\u0105 rozwa\u017ca\u0107 tak\u0105 opcj\u0119 przy wybieraniu codziennego \u015brodka transportu. Warto np., by obecni liceali\u015bci w przysz\u0142o\u015bci zdecydowali si\u0119 na Koleje \u015al\u0105skie jako studenci \u2013 dla tej grupy te\u017c mamy bowiem bardzo ciekawe akcje promocyjne<\/em> \u2013 m\u00f3wi <strong>Aleksander Drzewiecki<\/strong>, prezes Kolei \u015al\u0105skich.<\/p>\n<p>Oferta dotyczy uczni\u00f3w szk\u00f3\u0142 podstawowych, licealnych, technik\u00f3w i szk\u00f3\u0142 bran\u017cowych. Z bezp\u0142atnych przejazd\u00f3w mog\u0105 korzysta\u0107 r\u00f3wnie\u017c najm\u0142odsi \u2013 w tym wypadku wystarczy posiada\u0107 dokument potwierdzaj\u0105cy wiek. Warto pami\u0119ta\u0107, \u017ce dzieci do czwartego roku \u017cycia podr\u00f3\u017cuj\u0105 Kolejami \u015al\u0105skimi bezp\u0142atnie przez ca\u0142y rok.<\/p>\n<h3>Promocja obejmie swoim zasi\u0119giem wszystkie linie obs\u0142ugiwane przez Koleje \u015al\u0105skie, jedynym wyj\u0105tkiem s\u0105 poci\u0105gi specjalne Ornak do Zakopanego, kt\u00f3re s\u0105 wy\u0142\u0105czone z akcji w ca\u0142ej relacji.<\/h3>\n<p>Nowo\u015bci\u0105 w ramach akcji jest przy tym mo\u017cliwo\u015b\u0107 wybrania si\u0119 poci\u0105giem Kolei \u015al\u0105skich bezp\u0142atnie\u2026 za granic\u0119. W tym roku promocja b\u0119dzie bowiem obejmowa\u0107 r\u00f3wnie\u017c po\u0142\u0105czenia do Bohumina. Do dyspozycji m\u0142odych podr\u00f3\u017cnik\u00f3w s\u0105 te\u017c ca\u0142kowicie nowe po\u0142\u0105czenia Kolei \u015al\u0105skich do Kluczborka.<\/p>\n<p>W ramach akcji przewidziane s\u0105 r\u00f3wnie\u017c dodatkowe atrakcje. Koleje \u015al\u0105skie zaprosz\u0105 np. do zwiedzania swojej bazy kolejowej przy ulicy Raciborskiej. B\u0119dzie to niepowtarzalna okazja do poznania pracy kolejarzy \u201eod kuchni\u201d. Zwiedzaj\u0105cy b\u0119d\u0105 mogli np. na w\u0142asne oczy zobaczy\u0107, jak wiele czynno\u015bci trzeba wykona\u0107, by wyprawi\u0107 poci\u0105g w podr\u00f3\u017c.<\/p>\n<p>(mat. pras.)<\/p>\n<p><img loading=\"lazy\" decoding=\"async\" class=\"alignnone  wp-image-145734\" src=\"https:\/\/www.24gliwice.pl\/wiadomosci\/wp-content\/uploads\/2020\/01\/kolej-na-ferie-plakat.jpg\" alt=\"\" width=\"1609\" height=\"2276\" srcset=\"https:\/\/www.24gliwice.pl\/wiadomosci\/wp-content\/uploads\/2020\/01\/kolej-na-ferie-plakat.jpg 842w, https:\/\/www.24gliwice.pl\/wiadomosci\/wp-content\/uploads\/2020\/01\/kolej-na-ferie-plakat-164x232.jpg 164w, https:\/\/www.24gliwice.pl\/wiadomosci\/wp-content\/uploads\/2020\/01\/kolej-na-ferie-plakat-322x455.jpg 322w, https:\/\/www.24gliwice.pl\/wiadomosci\/wp-content\/uploads\/2020\/01\/kolej-na-ferie-plakat-768x1086.jpg 768w, https:\/\/www.24gliwice.pl\/wiadomosci\/wp-content\/uploads\/2020\/01\/kolej-na-ferie-plakat-810x1146.jpg 810w\" sizes=\"auto, (max-width: 1609px) 100vw, 1609px\" \/><\/p>\n<div class=\"gliwi-a5-na-koncu-artykulow gliwi-entity-placement\" id=\"gliwi-1939117978\"><div class=\"gliwi-adlabel\"><span style=\"font-size: 9px\">REKLAMA<\/span><\/div><div id=\"gliwi-1361848794\" style=\"margin-left: auto;margin-right: auto;text-align: center;\"><a data-no-instant=\"1\" href=\"https:\/\/www.jasek.pl\/\" rel=\"noopener\" class=\"a2t-link\" target=\"_blank\" aria-label=\"20200401-jasek 600\"><img loading=\"lazy\" decoding=\"async\" src=\"https:\/\/www.24gliwice.pl\/wiadomosci\/wp-content\/uploads\/2020\/04\/20200401-jasek-600.jpg\" alt=\"\"  srcset=\"https:\/\/www.24gliwice.pl\/wiadomosci\/wp-content\/uploads\/2020\/04\/20200401-jasek-600.jpg 600w, https:\/\/www.24gliwice.pl\/wiadomosci\/wp-content\/uploads\/2020\/04\/20200401-jasek-600-410x109.jpg 410w\" sizes=\"(max-width: 600px) 100vw, 600px\" class=\"no-lazyload\" width=\"600\" height=\"160\"  style=\"display: inline-block; max-width: 100%; height: auto;\" \/><\/a><\/div><\/div>","protected":false},"excerpt":{"rendered":"<p>Wraca akcja \u201eKolej na Ferie\u201d. W okresie wolnym od nauki szkolnej dzieci i m\u0142odzie\u017c mog\u0105 podr\u00f3\u017cowa\u0107 Kolejami \u015al\u0105skimi ca\u0142kowicie bezp\u0142atnie. Inicjatorem i pomys\u0142odawc\u0105 akcji jest marsza\u0142ek wojew\u00f3dztwa \u015bl\u0105skiego Jakub Che\u0142stowski. Oferta obowi\u0105zuje od 11 do 26 stycznia 2020 roku, w czasie ferii uczni\u00f3w z wojew\u00f3dztwa \u015bl\u0105skiego. Zasady s\u0105 analogiczne jak w roku ubieg\u0142ym. Aby m\u00f3c [&hellip;]<\/p>\n","protected":false},"author":15,"featured_media":145735,"comment_status":"open","ping_status":"closed","sticky":false,"template":"","format":"standard","meta":{"_monsterinsights_skip_tracking":false,"_monsterinsights_sitenote_active":false,"_monsterinsights_sitenote_note":"","_monsterinsights_sitenote_category":0,"footnotes":"","_links_to":"","_links_to_target":""},"categories":[3,1],"tags":[4687,8491,9409],"class_list":["post-145729","post","type-post","status-publish","format-standard","has-post-thumbnail","hentry","category-gliwice","category-wszystko","tag-koleje-slaskie","tag-pociag","tag-podroz"],"yoast_head":"<!-- This site is optimized with the Yoast SEO plugin v27.5 - https:\/\/yoast.com\/product\/yoast-seo-wordpress\/ -->\n<title>Koleje \u015al\u0105skie zapraszaj\u0105 dzieci i m\u0142odzie\u017c do bezp\u0142atnego podr\u00f3\u017cowania podczas ferii - 24GLIWICE - Portal Gliwice | codziennie nowe informacje<\/title>\n<meta name=\"robots\" content=\"index, follow, max-snippet:-1, max-image-preview:large, max-video-preview:-1\" \/>\n<link rel=\"canonical\" href=\"https:\/\/www.24gliwice.pl\/wiadomosci\/koleje-slaskie-zapraszaja-dzieci-i-mlodziez-do-bezplatnego-podrozowania-podczas-ferii\/\" \/>\n<meta property=\"og:locale\" content=\"pl_PL\" \/>\n<meta property=\"og:type\" content=\"article\" \/>\n<meta property=\"og:title\" content=\"Koleje \u015al\u0105skie zapraszaj\u0105 dzieci i m\u0142odzie\u017c do bezp\u0142atnego podr\u00f3\u017cowania podczas ferii - 24GLIWICE - Portal Gliwice | codziennie nowe informacje\" \/>\n<meta property=\"og:description\" content=\"Wraca akcja \u201eKolej na Ferie\u201d. W okresie wolnym od nauki szkolnej dzieci i m\u0142odzie\u017c mog\u0105 podr\u00f3\u017cowa\u0107 Kolejami \u015al\u0105skimi ca\u0142kowicie bezp\u0142atnie. Inicjatorem i pomys\u0142odawc\u0105 akcji jest marsza\u0142ek wojew\u00f3dztwa \u015bl\u0105skiego Jakub Che\u0142stowski. Oferta obowi\u0105zuje od 11 do 26 stycznia 2020 roku, w czasie ferii uczni\u00f3w z wojew\u00f3dztwa \u015bl\u0105skiego. Zasady s\u0105 analogiczne jak w roku ubieg\u0142ym. Aby m\u00f3c [&hellip;]\" \/>\n<meta property=\"og:url\" content=\"https:\/\/www.24gliwice.pl\/wiadomosci\/koleje-slaskie-zapraszaja-dzieci-i-mlodziez-do-bezplatnego-podrozowania-podczas-ferii\/\" \/>\n<meta property=\"og:site_name\" content=\"24GLIWICE - Portal Gliwice | codziennie nowe informacje\" \/>\n<meta property=\"article:publisher\" content=\"https:\/\/www.facebook.com\/24gliwice\" \/>\n<meta property=\"article:published_time\" content=\"2020-01-08T01:51:23+00:00\" \/>\n<meta property=\"og:image\" content=\"https:\/\/www.24gliwice.pl\/wiadomosci\/wp-content\/uploads\/2020\/01\/kolej-na-ferie.jpg\" \/>\n\t<meta property=\"og:image:width\" content=\"810\" \/>\n\t<meta property=\"og:image:height\" content=\"455\" \/>\n\t<meta property=\"og:image:type\" content=\"image\/jpeg\" \/>\n<meta name=\"author\" content=\"\u017baneta Mrozek-Siewierska\" \/>\n<meta name=\"twitter:card\" content=\"summary_large_image\" \/>\n<meta name=\"twitter:creator\" content=\"@24gliwice\" \/>\n<meta name=\"twitter:site\" content=\"@24gliwice\" \/>\n<meta name=\"twitter:label1\" content=\"Napisane przez\" \/>\n\t<meta name=\"twitter:data1\" content=\"\u017baneta Mrozek-Siewierska\" \/>\n\t<meta name=\"twitter:label2\" content=\"Szacowany czas czytania\" \/>\n\t<meta name=\"twitter:data2\" content=\"3 minuty\" \/>\n<script type=\"application\/ld+json\" class=\"yoast-schema-graph\">{\"@context\":\"https:\\\/\\\/schema.org\",\"@graph\":[{\"@type\":\"Article\",\"@id\":\"https:\\\/\\\/www.24gliwice.pl\\\/wiadomosci\\\/koleje-slaskie-zapraszaja-dzieci-i-mlodziez-do-bezplatnego-podrozowania-podczas-ferii\\\/#article\",\"isPartOf\":{\"@id\":\"https:\\\/\\\/www.24gliwice.pl\\\/wiadomosci\\\/koleje-slaskie-zapraszaja-dzieci-i-mlodziez-do-bezplatnego-podrozowania-podczas-ferii\\\/\"},\"author\":{\"name\":\"\u017baneta Mrozek-Siewierska\",\"@id\":\"https:\\\/\\\/www.24gliwice.pl\\\/wiadomosci\\\/#\\\/schema\\\/person\\\/e42c650edd7f2fa332be3811fb166b6e\"},\"headline\":\"Koleje \u015al\u0105skie zapraszaj\u0105 dzieci i m\u0142odzie\u017c do bezp\u0142atnego podr\u00f3\u017cowania podczas ferii\",\"datePublished\":\"2020-01-08T01:51:23+00:00\",\"mainEntityOfPage\":{\"@id\":\"https:\\\/\\\/www.24gliwice.pl\\\/wiadomosci\\\/koleje-slaskie-zapraszaja-dzieci-i-mlodziez-do-bezplatnego-podrozowania-podczas-ferii\\\/\"},\"wordCount\":559,\"commentCount\":0,\"publisher\":{\"@id\":\"https:\\\/\\\/www.24gliwice.pl\\\/wiadomosci\\\/#organization\"},\"image\":{\"@id\":\"https:\\\/\\\/www.24gliwice.pl\\\/wiadomosci\\\/koleje-slaskie-zapraszaja-dzieci-i-mlodziez-do-bezplatnego-podrozowania-podczas-ferii\\\/#primaryimage\"},\"thumbnailUrl\":\"https:\\\/\\\/www.24gliwice.pl\\\/wiadomosci\\\/wp-content\\\/uploads\\\/2020\\\/01\\\/kolej-na-ferie.jpg\",\"keywords\":[\"KOLEJE \u015aL\u0104SKIE\",\"POCI\u0104G\",\"podr\u00f3\u017c\"],\"articleSection\":[\"Gliwice\",\"Najnowsze wiadomo\u015bci\"],\"inLanguage\":\"pl-PL\",\"potentialAction\":[{\"@type\":\"CommentAction\",\"name\":\"Comment\",\"target\":[\"https:\\\/\\\/www.24gliwice.pl\\\/wiadomosci\\\/koleje-slaskie-zapraszaja-dzieci-i-mlodziez-do-bezplatnego-podrozowania-podczas-ferii\\\/#respond\"]}]},{\"@type\":\"WebPage\",\"@id\":\"https:\\\/\\\/www.24gliwice.pl\\\/wiadomosci\\\/koleje-slaskie-zapraszaja-dzieci-i-mlodziez-do-bezplatnego-podrozowania-podczas-ferii\\\/\",\"url\":\"https:\\\/\\\/www.24gliwice.pl\\\/wiadomosci\\\/koleje-slaskie-zapraszaja-dzieci-i-mlodziez-do-bezplatnego-podrozowania-podczas-ferii\\\/\",\"name\":\"Koleje \u015al\u0105skie zapraszaj\u0105 dzieci i m\u0142odzie\u017c do bezp\u0142atnego podr\u00f3\u017cowania podczas ferii - 24GLIWICE - Portal Gliwice | codziennie nowe informacje\",\"isPartOf\":{\"@id\":\"https:\\\/\\\/www.24gliwice.pl\\\/wiadomosci\\\/#website\"},\"primaryImageOfPage\":{\"@id\":\"https:\\\/\\\/www.24gliwice.pl\\\/wiadomosci\\\/koleje-slaskie-zapraszaja-dzieci-i-mlodziez-do-bezplatnego-podrozowania-podczas-ferii\\\/#primaryimage\"},\"image\":{\"@id\":\"https:\\\/\\\/www.24gliwice.pl\\\/wiadomosci\\\/koleje-slaskie-zapraszaja-dzieci-i-mlodziez-do-bezplatnego-podrozowania-podczas-ferii\\\/#primaryimage\"},\"thumbnailUrl\":\"https:\\\/\\\/www.24gliwice.pl\\\/wiadomosci\\\/wp-content\\\/uploads\\\/2020\\\/01\\\/kolej-na-ferie.jpg\",\"datePublished\":\"2020-01-08T01:51:23+00:00\",\"breadcrumb\":{\"@id\":\"https:\\\/\\\/www.24gliwice.pl\\\/wiadomosci\\\/koleje-slaskie-zapraszaja-dzieci-i-mlodziez-do-bezplatnego-podrozowania-podczas-ferii\\\/#breadcrumb\"},\"inLanguage\":\"pl-PL\",\"potentialAction\":[{\"@type\":\"ReadAction\",\"target\":[\"https:\\\/\\\/www.24gliwice.pl\\\/wiadomosci\\\/koleje-slaskie-zapraszaja-dzieci-i-mlodziez-do-bezplatnego-podrozowania-podczas-ferii\\\/\"]}]},{\"@type\":\"ImageObject\",\"inLanguage\":\"pl-PL\",\"@id\":\"https:\\\/\\\/www.24gliwice.pl\\\/wiadomosci\\\/koleje-slaskie-zapraszaja-dzieci-i-mlodziez-do-bezplatnego-podrozowania-podczas-ferii\\\/#primaryimage\",\"url\":\"https:\\\/\\\/www.24gliwice.pl\\\/wiadomosci\\\/wp-content\\\/uploads\\\/2020\\\/01\\\/kolej-na-ferie.jpg\",\"contentUrl\":\"https:\\\/\\\/www.24gliwice.pl\\\/wiadomosci\\\/wp-content\\\/uploads\\\/2020\\\/01\\\/kolej-na-ferie.jpg\",\"width\":810,\"height\":455},{\"@type\":\"BreadcrumbList\",\"@id\":\"https:\\\/\\\/www.24gliwice.pl\\\/wiadomosci\\\/koleje-slaskie-zapraszaja-dzieci-i-mlodziez-do-bezplatnego-podrozowania-podczas-ferii\\\/#breadcrumb\",\"itemListElement\":[{\"@type\":\"ListItem\",\"position\":1,\"name\":\"Strona g\u0142\u00f3wna\",\"item\":\"https:\\\/\\\/www.24gliwice.pl\\\/wiadomosci\\\/\"},{\"@type\":\"ListItem\",\"position\":2,\"name\":\"Koleje \u015al\u0105skie zapraszaj\u0105 dzieci i m\u0142odzie\u017c do bezp\u0142atnego podr\u00f3\u017cowania podczas ferii\"}]},{\"@type\":\"WebSite\",\"@id\":\"https:\\\/\\\/www.24gliwice.pl\\\/wiadomosci\\\/#website\",\"url\":\"https:\\\/\\\/www.24gliwice.pl\\\/wiadomosci\\\/\",\"name\":\"24GLIWICE - Portal Gliwice | codziennie nowe wiadomo\u015bci\",\"description\":\"Portal Miejski Gliwice\",\"publisher\":{\"@id\":\"https:\\\/\\\/www.24gliwice.pl\\\/wiadomosci\\\/#organization\"},\"potentialAction\":[{\"@type\":\"SearchAction\",\"target\":{\"@type\":\"EntryPoint\",\"urlTemplate\":\"https:\\\/\\\/www.24gliwice.pl\\\/wiadomosci\\\/?s={search_term_string}\"},\"query-input\":{\"@type\":\"PropertyValueSpecification\",\"valueRequired\":true,\"valueName\":\"search_term_string\"}}],\"inLanguage\":\"pl-PL\"},{\"@type\":\"Organization\",\"@id\":\"https:\\\/\\\/www.24gliwice.pl\\\/wiadomosci\\\/#organization\",\"name\":\"24gliwice\",\"url\":\"https:\\\/\\\/www.24gliwice.pl\\\/wiadomosci\\\/\",\"logo\":{\"@type\":\"ImageObject\",\"inLanguage\":\"pl-PL\",\"@id\":\"https:\\\/\\\/www.24gliwice.pl\\\/wiadomosci\\\/#\\\/schema\\\/logo\\\/image\\\/\",\"url\":\"https:\\\/\\\/www.24gliwice.pl\\\/wiadomosci\\\/wp-content\\\/uploads\\\/2024\\\/10\\\/24gliwice-logo-696.jpg\",\"contentUrl\":\"https:\\\/\\\/www.24gliwice.pl\\\/wiadomosci\\\/wp-content\\\/uploads\\\/2024\\\/10\\\/24gliwice-logo-696.jpg\",\"width\":696,\"height\":696,\"caption\":\"24gliwice\"},\"image\":{\"@id\":\"https:\\\/\\\/www.24gliwice.pl\\\/wiadomosci\\\/#\\\/schema\\\/logo\\\/image\\\/\"},\"sameAs\":[\"https:\\\/\\\/www.facebook.com\\\/24gliwice\",\"https:\\\/\\\/x.com\\\/24gliwice\",\"https:\\\/\\\/www.youtube.com\\\/@24gliwice\"]},{\"@type\":\"Person\",\"@id\":\"https:\\\/\\\/www.24gliwice.pl\\\/wiadomosci\\\/#\\\/schema\\\/person\\\/e42c650edd7f2fa332be3811fb166b6e\",\"name\":\"\u017baneta Mrozek-Siewierska\",\"image\":{\"@type\":\"ImageObject\",\"inLanguage\":\"pl-PL\",\"@id\":\"https:\\\/\\\/secure.gravatar.com\\\/avatar\\\/1881429e9c64597c77ad7aef2d0a19be69a3253e57534d16aa15bf3a4d34a0a3?s=96&d=mm&r=g\",\"url\":\"https:\\\/\\\/secure.gravatar.com\\\/avatar\\\/1881429e9c64597c77ad7aef2d0a19be69a3253e57534d16aa15bf3a4d34a0a3?s=96&d=mm&r=g\",\"contentUrl\":\"https:\\\/\\\/secure.gravatar.com\\\/avatar\\\/1881429e9c64597c77ad7aef2d0a19be69a3253e57534d16aa15bf3a4d34a0a3?s=96&d=mm&r=g\",\"caption\":\"\u017baneta Mrozek-Siewierska\"},\"url\":\"https:\\\/\\\/www.24gliwice.pl\\\/wiadomosci\\\/author\\\/zms\\\/\"}]}<\/script>\n<!-- \/ Yoast SEO plugin. -->","yoast_head_json":{"title":"Koleje \u015al\u0105skie zapraszaj\u0105 dzieci i m\u0142odzie\u017c do bezp\u0142atnego podr\u00f3\u017cowania podczas ferii - 24GLIWICE - Portal Gliwice | codziennie nowe informacje","robots":{"index":"index","follow":"follow","max-snippet":"max-snippet:-1","max-image-preview":"max-image-preview:large","max-video-preview":"max-video-preview:-1"},"canonical":"https:\/\/www.24gliwice.pl\/wiadomosci\/koleje-slaskie-zapraszaja-dzieci-i-mlodziez-do-bezplatnego-podrozowania-podczas-ferii\/","og_locale":"pl_PL","og_type":"article","og_title":"Koleje \u015al\u0105skie zapraszaj\u0105 dzieci i m\u0142odzie\u017c do bezp\u0142atnego podr\u00f3\u017cowania podczas ferii - 24GLIWICE - Portal Gliwice | codziennie nowe informacje","og_description":"Wraca akcja \u201eKolej na Ferie\u201d. W okresie wolnym od nauki szkolnej dzieci i m\u0142odzie\u017c mog\u0105 podr\u00f3\u017cowa\u0107 Kolejami \u015al\u0105skimi ca\u0142kowicie bezp\u0142atnie. Inicjatorem i pomys\u0142odawc\u0105 akcji jest marsza\u0142ek wojew\u00f3dztwa \u015bl\u0105skiego Jakub Che\u0142stowski. Oferta obowi\u0105zuje od 11 do 26 stycznia 2020 roku, w czasie ferii uczni\u00f3w z wojew\u00f3dztwa \u015bl\u0105skiego. Zasady s\u0105 analogiczne jak w roku ubieg\u0142ym. Aby m\u00f3c [&hellip;]","og_url":"https:\/\/www.24gliwice.pl\/wiadomosci\/koleje-slaskie-zapraszaja-dzieci-i-mlodziez-do-bezplatnego-podrozowania-podczas-ferii\/","og_site_name":"24GLIWICE - Portal Gliwice | codziennie nowe informacje","article_publisher":"https:\/\/www.facebook.com\/24gliwice","article_published_time":"2020-01-08T01:51:23+00:00","og_image":[{"width":810,"height":455,"url":"https:\/\/www.24gliwice.pl\/wiadomosci\/wp-content\/uploads\/2020\/01\/kolej-na-ferie.jpg","type":"image\/jpeg"}],"author":"\u017baneta Mrozek-Siewierska","twitter_card":"summary_large_image","twitter_creator":"@24gliwice","twitter_site":"@24gliwice","twitter_misc":{"Napisane przez":"\u017baneta Mrozek-Siewierska","Szacowany czas czytania":"3 minuty"},"schema":{"@context":"https:\/\/schema.org","@graph":[{"@type":"Article","@id":"https:\/\/www.24gliwice.pl\/wiadomosci\/koleje-slaskie-zapraszaja-dzieci-i-mlodziez-do-bezplatnego-podrozowania-podczas-ferii\/#article","isPartOf":{"@id":"https:\/\/www.24gliwice.pl\/wiadomosci\/koleje-slaskie-zapraszaja-dzieci-i-mlodziez-do-bezplatnego-podrozowania-podczas-ferii\/"},"author":{"name":"\u017baneta Mrozek-Siewierska","@id":"https:\/\/www.24gliwice.pl\/wiadomosci\/#\/schema\/person\/e42c650edd7f2fa332be3811fb166b6e"},"headline":"Koleje \u015al\u0105skie zapraszaj\u0105 dzieci i m\u0142odzie\u017c do bezp\u0142atnego podr\u00f3\u017cowania podczas ferii","datePublished":"2020-01-08T01:51:23+00:00","mainEntityOfPage":{"@id":"https:\/\/www.24gliwice.pl\/wiadomosci\/koleje-slaskie-zapraszaja-dzieci-i-mlodziez-do-bezplatnego-podrozowania-podczas-ferii\/"},"wordCount":559,"commentCount":0,"publisher":{"@id":"https:\/\/www.24gliwice.pl\/wiadomosci\/#organization"},"image":{"@id":"https:\/\/www.24gliwice.pl\/wiadomosci\/koleje-slaskie-zapraszaja-dzieci-i-mlodziez-do-bezplatnego-podrozowania-podczas-ferii\/#primaryimage"},"thumbnailUrl":"https:\/\/www.24gliwice.pl\/wiadomosci\/wp-content\/uploads\/2020\/01\/kolej-na-ferie.jpg","keywords":["KOLEJE \u015aL\u0104SKIE","POCI\u0104G","podr\u00f3\u017c"],"articleSection":["Gliwice","Najnowsze wiadomo\u015bci"],"inLanguage":"pl-PL","potentialAction":[{"@type":"CommentAction","name":"Comment","target":["https:\/\/www.24gliwice.pl\/wiadomosci\/koleje-slaskie-zapraszaja-dzieci-i-mlodziez-do-bezplatnego-podrozowania-podczas-ferii\/#respond"]}]},{"@type":"WebPage","@id":"https:\/\/www.24gliwice.pl\/wiadomosci\/koleje-slaskie-zapraszaja-dzieci-i-mlodziez-do-bezplatnego-podrozowania-podczas-ferii\/","url":"https:\/\/www.24gliwice.pl\/wiadomosci\/koleje-slaskie-zapraszaja-dzieci-i-mlodziez-do-bezplatnego-podrozowania-podczas-ferii\/","name":"Koleje \u015al\u0105skie zapraszaj\u0105 dzieci i m\u0142odzie\u017c do bezp\u0142atnego podr\u00f3\u017cowania podczas ferii - 24GLIWICE - Portal Gliwice | codziennie nowe informacje","isPartOf":{"@id":"https:\/\/www.24gliwice.pl\/wiadomosci\/#website"},"primaryImageOfPage":{"@id":"https:\/\/www.24gliwice.pl\/wiadomosci\/koleje-slaskie-zapraszaja-dzieci-i-mlodziez-do-bezplatnego-podrozowania-podczas-ferii\/#primaryimage"},"image":{"@id":"https:\/\/www.24gliwice.pl\/wiadomosci\/koleje-slaskie-zapraszaja-dzieci-i-mlodziez-do-bezplatnego-podrozowania-podczas-ferii\/#primaryimage"},"thumbnailUrl":"https:\/\/www.24gliwice.pl\/wiadomosci\/wp-content\/uploads\/2020\/01\/kolej-na-ferie.jpg","datePublished":"2020-01-08T01:51:23+00:00","breadcrumb":{"@id":"https:\/\/www.24gliwice.pl\/wiadomosci\/koleje-slaskie-zapraszaja-dzieci-i-mlodziez-do-bezplatnego-podrozowania-podczas-ferii\/#breadcrumb"},"inLanguage":"pl-PL","potentialAction":[{"@type":"ReadAction","target":["https:\/\/www.24gliwice.pl\/wiadomosci\/koleje-slaskie-zapraszaja-dzieci-i-mlodziez-do-bezplatnego-podrozowania-podczas-ferii\/"]}]},{"@type":"ImageObject","inLanguage":"pl-PL","@id":"https:\/\/www.24gliwice.pl\/wiadomosci\/koleje-slaskie-zapraszaja-dzieci-i-mlodziez-do-bezplatnego-podrozowania-podczas-ferii\/#primaryimage","url":"https:\/\/www.24gliwice.pl\/wiadomosci\/wp-content\/uploads\/2020\/01\/kolej-na-ferie.jpg","contentUrl":"https:\/\/www.24gliwice.pl\/wiadomosci\/wp-content\/uploads\/2020\/01\/kolej-na-ferie.jpg","width":810,"height":455},{"@type":"BreadcrumbList","@id":"https:\/\/www.24gliwice.pl\/wiadomosci\/koleje-slaskie-zapraszaja-dzieci-i-mlodziez-do-bezplatnego-podrozowania-podczas-ferii\/#breadcrumb","itemListElement":[{"@type":"ListItem","position":1,"name":"Strona g\u0142\u00f3wna","item":"https:\/\/www.24gliwice.pl\/wiadomosci\/"},{"@type":"ListItem","position":2,"name":"Koleje \u015al\u0105skie zapraszaj\u0105 dzieci i m\u0142odzie\u017c do bezp\u0142atnego podr\u00f3\u017cowania podczas ferii"}]},{"@type":"WebSite","@id":"https:\/\/www.24gliwice.pl\/wiadomosci\/#website","url":"https:\/\/www.24gliwice.pl\/wiadomosci\/","name":"24GLIWICE - Portal Gliwice | codziennie nowe wiadomo\u015bci","description":"Portal Miejski Gliwice","publisher":{"@id":"https:\/\/www.24gliwice.pl\/wiadomosci\/#organization"},"potentialAction":[{"@type":"SearchAction","target":{"@type":"EntryPoint","urlTemplate":"https:\/\/www.24gliwice.pl\/wiadomosci\/?s={search_term_string}"},"query-input":{"@type":"PropertyValueSpecification","valueRequired":true,"valueName":"search_term_string"}}],"inLanguage":"pl-PL"},{"@type":"Organization","@id":"https:\/\/www.24gliwice.pl\/wiadomosci\/#organization","name":"24gliwice","url":"https:\/\/www.24gliwice.pl\/wiadomosci\/","logo":{"@type":"ImageObject","inLanguage":"pl-PL","@id":"https:\/\/www.24gliwice.pl\/wiadomosci\/#\/schema\/logo\/image\/","url":"https:\/\/www.24gliwice.pl\/wiadomosci\/wp-content\/uploads\/2024\/10\/24gliwice-logo-696.jpg","contentUrl":"https:\/\/www.24gliwice.pl\/wiadomosci\/wp-content\/uploads\/2024\/10\/24gliwice-logo-696.jpg","width":696,"height":696,"caption":"24gliwice"},"image":{"@id":"https:\/\/www.24gliwice.pl\/wiadomosci\/#\/schema\/logo\/image\/"},"sameAs":["https:\/\/www.facebook.com\/24gliwice","https:\/\/x.com\/24gliwice","https:\/\/www.youtube.com\/@24gliwice"]},{"@type":"Person","@id":"https:\/\/www.24gliwice.pl\/wiadomosci\/#\/schema\/person\/e42c650edd7f2fa332be3811fb166b6e","name":"\u017baneta Mrozek-Siewierska","image":{"@type":"ImageObject","inLanguage":"pl-PL","@id":"https:\/\/secure.gravatar.com\/avatar\/1881429e9c64597c77ad7aef2d0a19be69a3253e57534d16aa15bf3a4d34a0a3?s=96&d=mm&r=g","url":"https:\/\/secure.gravatar.com\/avatar\/1881429e9c64597c77ad7aef2d0a19be69a3253e57534d16aa15bf3a4d34a0a3?s=96&d=mm&r=g","contentUrl":"https:\/\/secure.gravatar.com\/avatar\/1881429e9c64597c77ad7aef2d0a19be69a3253e57534d16aa15bf3a4d34a0a3?s=96&d=mm&r=g","caption":"\u017baneta Mrozek-Siewierska"},"url":"https:\/\/www.24gliwice.pl\/wiadomosci\/author\/zms\/"}]}},"_links":{"self":[{"href":"https:\/\/www.24gliwice.pl\/wiadomosci\/wp-json\/wp\/v2\/posts\/145729","targetHints":{"allow":["GET"]}}],"collection":[{"href":"https:\/\/www.24gliwice.pl\/wiadomosci\/wp-json\/wp\/v2\/posts"}],"about":[{"href":"https:\/\/www.24gliwice.pl\/wiadomosci\/wp-json\/wp\/v2\/types\/post"}],"author":[{"embeddable":true,"href":"https:\/\/www.24gliwice.pl\/wiadomosci\/wp-json\/wp\/v2\/users\/15"}],"replies":[{"embeddable":true,"href":"https:\/\/www.24gliwice.pl\/wiadomosci\/wp-json\/wp\/v2\/comments?post=145729"}],"version-history":[{"count":0,"href":"https:\/\/www.24gliwice.pl\/wiadomosci\/wp-json\/wp\/v2\/posts\/145729\/revisions"}],"wp:featuredmedia":[{"embeddable":true,"href":"https:\/\/www.24gliwice.pl\/wiadomosci\/wp-json\/wp\/v2\/media\/145735"}],"wp:attachment":[{"href":"https:\/\/www.24gliwice.pl\/wiadomosci\/wp-json\/wp\/v2\/media?parent=145729"}],"wp:term":[{"taxonomy":"category","embeddable":true,"href":"https:\/\/www.24gliwice.pl\/wiadomosci\/wp-json\/wp\/v2\/categories?post=145729"},{"taxonomy":"post_tag","embeddable":true,"href":"https:\/\/www.24gliwice.pl\/wiadomosci\/wp-json\/wp\/v2\/tags?post=145729"}],"curies":[{"name":"wp","href":"https:\/\/api.w.org\/{rel}","templated":true}]}}