{"id":145995,"date":"2020-01-13T11:35:43","date_gmt":"2020-01-13T10:35:43","guid":{"rendered":"https:\/\/www.24gliwice.pl\/wiadomosci\/?p=145995"},"modified":"2020-01-13T11:35:43","modified_gmt":"2020-01-13T10:35:43","slug":"koncert-muzyki-klasycznej-w-wykonaniu-eleganzy-bilety-na-wydarzenie-sa-juz-w-sprzedazy","status":"publish","type":"post","link":"https:\/\/www.24gliwice.pl\/wiadomosci\/koncert-muzyki-klasycznej-w-wykonaniu-eleganzy-bilety-na-wydarzenie-sa-juz-w-sprzedazy\/","title":{"rendered":"Koncert muzyki klasycznej w wykonaniu Eleganzy. Bilety na wydarzenie s\u0105 ju\u017c w sprzeda\u017cy"},"content":{"rendered":"<div class=\"gliwi-a6-nad-leadem-artykulow gliwi-entity-placement\" id=\"gliwi-1111403181\"><div class=\"gliwi-adlabel\"><span style=\"font-size: 9px\">REKLAMA<\/span><\/div><div id=\"gliwi-2107331043\" style=\"margin-bottom: 30px;margin-left: auto;margin-right: auto;text-align: center;\"><a data-no-instant=\"1\" href=\"https:\/\/przedszkole.halogen.org.pl\/\" rel=\"noopener\" class=\"a2t-link\" target=\"_blank\" aria-label=\"20260402-ANIMATOR-przedszkole_grafika_750x200\"><img loading=\"lazy\" decoding=\"async\" src=\"https:\/\/www.24gliwice.pl\/wiadomosci\/wp-content\/uploads\/2026\/04\/20260402-ANIMATOR-przedszkole_grafika_750x200.webp\" alt=\"\"  srcset=\"https:\/\/www.24gliwice.pl\/wiadomosci\/wp-content\/uploads\/2026\/04\/20260402-ANIMATOR-przedszkole_grafika_750x200.webp 750w, https:\/\/www.24gliwice.pl\/wiadomosci\/wp-content\/uploads\/2026\/04\/20260402-ANIMATOR-przedszkole_grafika_750x200-410x109.webp 410w\" sizes=\"(max-width: 750px) 100vw, 750px\" class=\"no-lazyload\" width=\"750\" height=\"200\"  style=\"display: inline-block; max-width: 100%; height: auto;\" \/><\/a><\/div><\/div><h3>Kt\u00f3re europejskie miasto s\u0142ynie z najbardziej wytwornych bal\u00f3w? Oczywi\u015bcie Wiede\u0144. 16 lutego do stolicy Austrii przeniesie nas Zesp\u00f3\u0142 Muzyki Salonowej Eleganza. W programie karnawa\u0142owego koncertu s\u0105 utwory Johanna Straussa, Franza Schuberta oraz wiele innych muzycznych smaczk\u00f3w.<\/h3>\n<p>Gliwicki karnawa\u0142 u\u015bwietni uroczysty koncert muzyki klasycznej na Scenie Bajka (kino Amok, ul. Dolnych Wa\u0142\u00f3w 3). B\u0119dzie lekko i bardzo tanecznie. Poza muzyk\u0105 uznanych mistrz\u00f3w, takich jak <strong>Strauss<\/strong> czy <strong>Schubert<\/strong>, us\u0142yszymy tak\u017ce kompozycje tw\u00f3rc\u00f3w nieco zapomnianych.<\/p>\n<h3><strong>\u00c9mile Waldteufel<\/strong> by\u0142 francuskim mistrzem walc\u00f3w, prezentowa\u0142 swoje utwory na przyk\u0142ad podczas bal\u00f3w kr\u00f3lowej Wiktorii w Pa\u0142acu Buckingham. <\/h3>\n<p><strong>Julius Fu\u010d\u00edk<\/strong> skomponowa\u0142 marsz \u201eWej\u015bcie gladiator\u00f3w\u201d, cz\u0119sto wykorzystywany podczas wyst\u0119p\u00f3w cyrkowych, a Robert Stolz, ostatni z \u201ekr\u00f3l\u00f3w wiede\u0144skiego walca\u201d, napisa\u0142 te\u017c tysi\u0105ce pie\u015bni, kt\u00f3re wykonywali mi\u0119dzy innymi Marlene Dietrich, Fred Astaire, a tak\u017ce nasz rodak Jan Kiepura (\u201eBrunetki, blondynki\u201d). Ich dzie\u0142a b\u0119d\u0105 grane przez Zesp\u00f3\u0142 Muzyki Salonowej Eleganza.<\/p><div class=\"gliwi-a3-w-tresci-artykulow gliwi-entity-placement\" id=\"gliwi-4037229836\"><div class=\"gliwi-adlabel\"><span style=\"font-size: 9px\">REKLAMA<\/span><\/div><div id=\"gliwi-3367006050\" style=\"margin-bottom: 30px;margin-left: auto;margin-right: auto;text-align: center;\"><a data-no-instant=\"1\" href=\"https:\/\/ogrodyandersa.pl\/\" rel=\"noopener\" class=\"a2t-link\" target=\"_blank\" aria-label=\"20260415 Ogrody Andersa KUP TERAZ D\"><img loading=\"lazy\" decoding=\"async\" src=\"https:\/\/www.24gliwice.pl\/wiadomosci\/wp-content\/uploads\/2026\/04\/20260415-Ogrody-Andersa-KUP-TERAZ-D.jpg\" alt=\"\"  srcset=\"https:\/\/www.24gliwice.pl\/wiadomosci\/wp-content\/uploads\/2026\/04\/20260415-Ogrody-Andersa-KUP-TERAZ-D.jpg 750w, https:\/\/www.24gliwice.pl\/wiadomosci\/wp-content\/uploads\/2026\/04\/20260415-Ogrody-Andersa-KUP-TERAZ-D-410x109.jpg 410w\" sizes=\"(max-width: 750px) 100vw, 750px\" class=\"no-lazyload\" width=\"750\" height=\"200\"  style=\"display: inline-block; max-width: 100%; height: auto;\" \/><\/a><\/div><\/div>\n<p>Wiede\u0144ski Koncert Karnawa\u0142owy rozpocznie si\u0119 16 lutego (niedziela) o godzinie 18:00. Bilety w cenie 40 i 35 z\u0142 (ulgowy) s\u0105 do nabycia w kasach Teatru Miejskiego w Gliwicach (ul. Nowy \u015awiat 55\u201357) i kina Amok, a <a href=\"http:\/\/amok.gliwice.pl\/repertuar\/kup-bilet?id=13054\" rel=\"noopener noreferrer\" target=\"_blank\">tak\u017ce online &#8211; tutaj. <\/a><\/p>\n<p>(\u017cms)\/UM(mm)<br \/>\nfot. mat. promocyjne\/MSI<\/p>\n<p><img loading=\"lazy\" decoding=\"async\" src=\"https:\/\/www.24gliwice.pl\/wiadomosci\/wp-content\/uploads\/2020\/01\/eleganza-koncert-scaled-e1578911421579.jpg\" alt=\"\" width=\"810\" height=\"309\" class=\"alignnone size-full wp-image-146002\" \/><\/p>\n<div class=\"gliwi-a5-na-koncu-artykulow gliwi-entity-placement\" id=\"gliwi-3945965725\"><div class=\"gliwi-adlabel\"><span style=\"font-size: 9px\">REKLAMA<\/span><\/div><div id=\"gliwi-3777123716\" style=\"margin-left: auto;margin-right: auto;text-align: center;\"><a data-no-instant=\"1\" href=\"https:\/\/prezeroarenagliwice.pl\/\" rel=\"noopener\" class=\"a2t-link\" target=\"_blank\" aria-label=\"20260309-PREZERO-WIOSNA-D\"><img loading=\"lazy\" decoding=\"async\" src=\"https:\/\/www.24gliwice.pl\/wiadomosci\/wp-content\/uploads\/2026\/03\/20260309-PREZERO-WIOSNA-D.webp\" alt=\"\"  srcset=\"https:\/\/www.24gliwice.pl\/wiadomosci\/wp-content\/uploads\/2026\/03\/20260309-PREZERO-WIOSNA-D.webp 750w, https:\/\/www.24gliwice.pl\/wiadomosci\/wp-content\/uploads\/2026\/03\/20260309-PREZERO-WIOSNA-D-410x109.webp 410w\" sizes=\"(max-width: 750px) 100vw, 750px\" class=\"no-lazyload\" width=\"750\" height=\"200\"  style=\"display: inline-block; max-width: 100%; height: auto;\" \/><\/a><\/div><\/div>","protected":false},"excerpt":{"rendered":"<p>Kt\u00f3re europejskie miasto s\u0142ynie z najbardziej wytwornych bal\u00f3w? Oczywi\u015bcie Wiede\u0144. 16 lutego do stolicy Austrii przeniesie nas Zesp\u00f3\u0142 Muzyki Salonowej Eleganza. W programie karnawa\u0142owego koncertu s\u0105 utwory Johanna Straussa, Franza Schuberta oraz wiele innych muzycznych smaczk\u00f3w. Gliwicki karnawa\u0142 u\u015bwietni uroczysty koncert muzyki klasycznej na Scenie Bajka (kino Amok, ul. Dolnych Wa\u0142\u00f3w 3). B\u0119dzie lekko i [&hellip;]<\/p>\n","protected":false},"author":15,"featured_media":146003,"comment_status":"open","ping_status":"closed","sticky":false,"template":"","format":"standard","meta":{"_monsterinsights_skip_tracking":false,"_monsterinsights_sitenote_active":false,"_monsterinsights_sitenote_note":"","_monsterinsights_sitenote_category":0,"footnotes":"","_links_to":"","_links_to_target":""},"categories":[3,6,1],"tags":[9981,17304,17303],"class_list":["post-145995","post","type-post","status-publish","format-standard","has-post-thumbnail","hentry","category-gliwice","category-kultura","category-wszystko","tag-eleganza","tag-koncert-na-zakonczenie-karnawalu","tag-zakonczenie-karnawalu"],"yoast_head":"<!-- This site is optimized with the Yoast SEO plugin v27.5 - https:\/\/yoast.com\/product\/yoast-seo-wordpress\/ -->\n<title>Koncert muzyki klasycznej w wykonaniu Eleganzy. Bilety na wydarzenie s\u0105 ju\u017c w sprzeda\u017cy - 24GLIWICE - Portal Gliwice | codziennie nowe informacje<\/title>\n<meta name=\"robots\" content=\"index, follow, max-snippet:-1, max-image-preview:large, max-video-preview:-1\" \/>\n<link rel=\"canonical\" href=\"https:\/\/www.24gliwice.pl\/wiadomosci\/koncert-muzyki-klasycznej-w-wykonaniu-eleganzy-bilety-na-wydarzenie-sa-juz-w-sprzedazy\/\" \/>\n<meta property=\"og:locale\" content=\"pl_PL\" \/>\n<meta property=\"og:type\" content=\"article\" \/>\n<meta property=\"og:title\" content=\"Koncert muzyki klasycznej w wykonaniu Eleganzy. Bilety na wydarzenie s\u0105 ju\u017c w sprzeda\u017cy - 24GLIWICE - Portal Gliwice | codziennie nowe informacje\" \/>\n<meta property=\"og:description\" content=\"Kt\u00f3re europejskie miasto s\u0142ynie z najbardziej wytwornych bal\u00f3w? Oczywi\u015bcie Wiede\u0144. 16 lutego do stolicy Austrii przeniesie nas Zesp\u00f3\u0142 Muzyki Salonowej Eleganza. W programie karnawa\u0142owego koncertu s\u0105 utwory Johanna Straussa, Franza Schuberta oraz wiele innych muzycznych smaczk\u00f3w. Gliwicki karnawa\u0142 u\u015bwietni uroczysty koncert muzyki klasycznej na Scenie Bajka (kino Amok, ul. Dolnych Wa\u0142\u00f3w 3). B\u0119dzie lekko i [&hellip;]\" \/>\n<meta property=\"og:url\" content=\"https:\/\/www.24gliwice.pl\/wiadomosci\/koncert-muzyki-klasycznej-w-wykonaniu-eleganzy-bilety-na-wydarzenie-sa-juz-w-sprzedazy\/\" \/>\n<meta property=\"og:site_name\" content=\"24GLIWICE - Portal Gliwice | codziennie nowe informacje\" \/>\n<meta property=\"article:publisher\" content=\"https:\/\/www.facebook.com\/24gliwice\" \/>\n<meta property=\"article:published_time\" content=\"2020-01-13T10:35:43+00:00\" \/>\n<meta property=\"og:image\" content=\"https:\/\/www.24gliwice.pl\/wiadomosci\/wp-content\/uploads\/2020\/01\/eleganza-koncert2-scaled-e1578911404950.jpg\" \/>\n\t<meta property=\"og:image:width\" content=\"810\" \/>\n\t<meta property=\"og:image:height\" content=\"455\" \/>\n\t<meta property=\"og:image:type\" content=\"image\/jpeg\" \/>\n<meta name=\"author\" content=\"\u017baneta Mrozek-Siewierska\" \/>\n<meta name=\"twitter:card\" content=\"summary_large_image\" \/>\n<meta name=\"twitter:creator\" content=\"@24gliwice\" \/>\n<meta name=\"twitter:site\" content=\"@24gliwice\" \/>\n<meta name=\"twitter:label1\" content=\"Napisane przez\" \/>\n\t<meta name=\"twitter:data1\" content=\"\u017baneta Mrozek-Siewierska\" \/>\n\t<meta name=\"twitter:label2\" content=\"Szacowany czas czytania\" \/>\n\t<meta name=\"twitter:data2\" content=\"1 minuta\" \/>\n<script type=\"application\/ld+json\" class=\"yoast-schema-graph\">{\"@context\":\"https:\\\/\\\/schema.org\",\"@graph\":[{\"@type\":\"Article\",\"@id\":\"https:\\\/\\\/www.24gliwice.pl\\\/wiadomosci\\\/koncert-muzyki-klasycznej-w-wykonaniu-eleganzy-bilety-na-wydarzenie-sa-juz-w-sprzedazy\\\/#article\",\"isPartOf\":{\"@id\":\"https:\\\/\\\/www.24gliwice.pl\\\/wiadomosci\\\/koncert-muzyki-klasycznej-w-wykonaniu-eleganzy-bilety-na-wydarzenie-sa-juz-w-sprzedazy\\\/\"},\"author\":{\"name\":\"\u017baneta Mrozek-Siewierska\",\"@id\":\"https:\\\/\\\/www.24gliwice.pl\\\/wiadomosci\\\/#\\\/schema\\\/person\\\/e42c650edd7f2fa332be3811fb166b6e\"},\"headline\":\"Koncert muzyki klasycznej w wykonaniu Eleganzy. Bilety na wydarzenie s\u0105 ju\u017c w sprzeda\u017cy\",\"datePublished\":\"2020-01-13T10:35:43+00:00\",\"mainEntityOfPage\":{\"@id\":\"https:\\\/\\\/www.24gliwice.pl\\\/wiadomosci\\\/koncert-muzyki-klasycznej-w-wykonaniu-eleganzy-bilety-na-wydarzenie-sa-juz-w-sprzedazy\\\/\"},\"wordCount\":230,\"commentCount\":0,\"publisher\":{\"@id\":\"https:\\\/\\\/www.24gliwice.pl\\\/wiadomosci\\\/#organization\"},\"image\":{\"@id\":\"https:\\\/\\\/www.24gliwice.pl\\\/wiadomosci\\\/koncert-muzyki-klasycznej-w-wykonaniu-eleganzy-bilety-na-wydarzenie-sa-juz-w-sprzedazy\\\/#primaryimage\"},\"thumbnailUrl\":\"https:\\\/\\\/www.24gliwice.pl\\\/wiadomosci\\\/wp-content\\\/uploads\\\/2020\\\/01\\\/eleganza-koncert2-scaled-e1578911404950.jpg\",\"keywords\":[\"ELEGANZA\",\"koncert na zako\u0144czenie karnawalu\",\"zako\u0144czenie karnawa\u0142u\"],\"articleSection\":[\"Gliwice\",\"Kultura, wydarzenia, imprezy\",\"Najnowsze wiadomo\u015bci\"],\"inLanguage\":\"pl-PL\",\"potentialAction\":[{\"@type\":\"CommentAction\",\"name\":\"Comment\",\"target\":[\"https:\\\/\\\/www.24gliwice.pl\\\/wiadomosci\\\/koncert-muzyki-klasycznej-w-wykonaniu-eleganzy-bilety-na-wydarzenie-sa-juz-w-sprzedazy\\\/#respond\"]}]},{\"@type\":\"WebPage\",\"@id\":\"https:\\\/\\\/www.24gliwice.pl\\\/wiadomosci\\\/koncert-muzyki-klasycznej-w-wykonaniu-eleganzy-bilety-na-wydarzenie-sa-juz-w-sprzedazy\\\/\",\"url\":\"https:\\\/\\\/www.24gliwice.pl\\\/wiadomosci\\\/koncert-muzyki-klasycznej-w-wykonaniu-eleganzy-bilety-na-wydarzenie-sa-juz-w-sprzedazy\\\/\",\"name\":\"Koncert muzyki klasycznej w wykonaniu Eleganzy. Bilety na wydarzenie s\u0105 ju\u017c w sprzeda\u017cy - 24GLIWICE - Portal Gliwice | codziennie nowe informacje\",\"isPartOf\":{\"@id\":\"https:\\\/\\\/www.24gliwice.pl\\\/wiadomosci\\\/#website\"},\"primaryImageOfPage\":{\"@id\":\"https:\\\/\\\/www.24gliwice.pl\\\/wiadomosci\\\/koncert-muzyki-klasycznej-w-wykonaniu-eleganzy-bilety-na-wydarzenie-sa-juz-w-sprzedazy\\\/#primaryimage\"},\"image\":{\"@id\":\"https:\\\/\\\/www.24gliwice.pl\\\/wiadomosci\\\/koncert-muzyki-klasycznej-w-wykonaniu-eleganzy-bilety-na-wydarzenie-sa-juz-w-sprzedazy\\\/#primaryimage\"},\"thumbnailUrl\":\"https:\\\/\\\/www.24gliwice.pl\\\/wiadomosci\\\/wp-content\\\/uploads\\\/2020\\\/01\\\/eleganza-koncert2-scaled-e1578911404950.jpg\",\"datePublished\":\"2020-01-13T10:35:43+00:00\",\"breadcrumb\":{\"@id\":\"https:\\\/\\\/www.24gliwice.pl\\\/wiadomosci\\\/koncert-muzyki-klasycznej-w-wykonaniu-eleganzy-bilety-na-wydarzenie-sa-juz-w-sprzedazy\\\/#breadcrumb\"},\"inLanguage\":\"pl-PL\",\"potentialAction\":[{\"@type\":\"ReadAction\",\"target\":[\"https:\\\/\\\/www.24gliwice.pl\\\/wiadomosci\\\/koncert-muzyki-klasycznej-w-wykonaniu-eleganzy-bilety-na-wydarzenie-sa-juz-w-sprzedazy\\\/\"]}]},{\"@type\":\"ImageObject\",\"inLanguage\":\"pl-PL\",\"@id\":\"https:\\\/\\\/www.24gliwice.pl\\\/wiadomosci\\\/koncert-muzyki-klasycznej-w-wykonaniu-eleganzy-bilety-na-wydarzenie-sa-juz-w-sprzedazy\\\/#primaryimage\",\"url\":\"https:\\\/\\\/www.24gliwice.pl\\\/wiadomosci\\\/wp-content\\\/uploads\\\/2020\\\/01\\\/eleganza-koncert2-scaled-e1578911404950.jpg\",\"contentUrl\":\"https:\\\/\\\/www.24gliwice.pl\\\/wiadomosci\\\/wp-content\\\/uploads\\\/2020\\\/01\\\/eleganza-koncert2-scaled-e1578911404950.jpg\",\"width\":810,\"height\":455},{\"@type\":\"BreadcrumbList\",\"@id\":\"https:\\\/\\\/www.24gliwice.pl\\\/wiadomosci\\\/koncert-muzyki-klasycznej-w-wykonaniu-eleganzy-bilety-na-wydarzenie-sa-juz-w-sprzedazy\\\/#breadcrumb\",\"itemListElement\":[{\"@type\":\"ListItem\",\"position\":1,\"name\":\"Strona g\u0142\u00f3wna\",\"item\":\"https:\\\/\\\/www.24gliwice.pl\\\/wiadomosci\\\/\"},{\"@type\":\"ListItem\",\"position\":2,\"name\":\"Koncert muzyki klasycznej w wykonaniu Eleganzy. Bilety na wydarzenie s\u0105 ju\u017c w sprzeda\u017cy\"}]},{\"@type\":\"WebSite\",\"@id\":\"https:\\\/\\\/www.24gliwice.pl\\\/wiadomosci\\\/#website\",\"url\":\"https:\\\/\\\/www.24gliwice.pl\\\/wiadomosci\\\/\",\"name\":\"24GLIWICE - Portal Gliwice | codziennie nowe wiadomo\u015bci\",\"description\":\"Portal Miejski Gliwice\",\"publisher\":{\"@id\":\"https:\\\/\\\/www.24gliwice.pl\\\/wiadomosci\\\/#organization\"},\"potentialAction\":[{\"@type\":\"SearchAction\",\"target\":{\"@type\":\"EntryPoint\",\"urlTemplate\":\"https:\\\/\\\/www.24gliwice.pl\\\/wiadomosci\\\/?s={search_term_string}\"},\"query-input\":{\"@type\":\"PropertyValueSpecification\",\"valueRequired\":true,\"valueName\":\"search_term_string\"}}],\"inLanguage\":\"pl-PL\"},{\"@type\":\"Organization\",\"@id\":\"https:\\\/\\\/www.24gliwice.pl\\\/wiadomosci\\\/#organization\",\"name\":\"24gliwice\",\"url\":\"https:\\\/\\\/www.24gliwice.pl\\\/wiadomosci\\\/\",\"logo\":{\"@type\":\"ImageObject\",\"inLanguage\":\"pl-PL\",\"@id\":\"https:\\\/\\\/www.24gliwice.pl\\\/wiadomosci\\\/#\\\/schema\\\/logo\\\/image\\\/\",\"url\":\"https:\\\/\\\/www.24gliwice.pl\\\/wiadomosci\\\/wp-content\\\/uploads\\\/2024\\\/10\\\/24gliwice-logo-696.jpg\",\"contentUrl\":\"https:\\\/\\\/www.24gliwice.pl\\\/wiadomosci\\\/wp-content\\\/uploads\\\/2024\\\/10\\\/24gliwice-logo-696.jpg\",\"width\":696,\"height\":696,\"caption\":\"24gliwice\"},\"image\":{\"@id\":\"https:\\\/\\\/www.24gliwice.pl\\\/wiadomosci\\\/#\\\/schema\\\/logo\\\/image\\\/\"},\"sameAs\":[\"https:\\\/\\\/www.facebook.com\\\/24gliwice\",\"https:\\\/\\\/x.com\\\/24gliwice\",\"https:\\\/\\\/www.youtube.com\\\/@24gliwice\"]},{\"@type\":\"Person\",\"@id\":\"https:\\\/\\\/www.24gliwice.pl\\\/wiadomosci\\\/#\\\/schema\\\/person\\\/e42c650edd7f2fa332be3811fb166b6e\",\"name\":\"\u017baneta Mrozek-Siewierska\",\"image\":{\"@type\":\"ImageObject\",\"inLanguage\":\"pl-PL\",\"@id\":\"https:\\\/\\\/secure.gravatar.com\\\/avatar\\\/1881429e9c64597c77ad7aef2d0a19be69a3253e57534d16aa15bf3a4d34a0a3?s=96&d=mm&r=g\",\"url\":\"https:\\\/\\\/secure.gravatar.com\\\/avatar\\\/1881429e9c64597c77ad7aef2d0a19be69a3253e57534d16aa15bf3a4d34a0a3?s=96&d=mm&r=g\",\"contentUrl\":\"https:\\\/\\\/secure.gravatar.com\\\/avatar\\\/1881429e9c64597c77ad7aef2d0a19be69a3253e57534d16aa15bf3a4d34a0a3?s=96&d=mm&r=g\",\"caption\":\"\u017baneta Mrozek-Siewierska\"},\"url\":\"https:\\\/\\\/www.24gliwice.pl\\\/wiadomosci\\\/author\\\/zms\\\/\"}]}<\/script>\n<!-- \/ Yoast SEO plugin. -->","yoast_head_json":{"title":"Koncert muzyki klasycznej w wykonaniu Eleganzy. Bilety na wydarzenie s\u0105 ju\u017c w sprzeda\u017cy - 24GLIWICE - Portal Gliwice | codziennie nowe informacje","robots":{"index":"index","follow":"follow","max-snippet":"max-snippet:-1","max-image-preview":"max-image-preview:large","max-video-preview":"max-video-preview:-1"},"canonical":"https:\/\/www.24gliwice.pl\/wiadomosci\/koncert-muzyki-klasycznej-w-wykonaniu-eleganzy-bilety-na-wydarzenie-sa-juz-w-sprzedazy\/","og_locale":"pl_PL","og_type":"article","og_title":"Koncert muzyki klasycznej w wykonaniu Eleganzy. Bilety na wydarzenie s\u0105 ju\u017c w sprzeda\u017cy - 24GLIWICE - Portal Gliwice | codziennie nowe informacje","og_description":"Kt\u00f3re europejskie miasto s\u0142ynie z najbardziej wytwornych bal\u00f3w? Oczywi\u015bcie Wiede\u0144. 16 lutego do stolicy Austrii przeniesie nas Zesp\u00f3\u0142 Muzyki Salonowej Eleganza. W programie karnawa\u0142owego koncertu s\u0105 utwory Johanna Straussa, Franza Schuberta oraz wiele innych muzycznych smaczk\u00f3w. Gliwicki karnawa\u0142 u\u015bwietni uroczysty koncert muzyki klasycznej na Scenie Bajka (kino Amok, ul. Dolnych Wa\u0142\u00f3w 3). B\u0119dzie lekko i [&hellip;]","og_url":"https:\/\/www.24gliwice.pl\/wiadomosci\/koncert-muzyki-klasycznej-w-wykonaniu-eleganzy-bilety-na-wydarzenie-sa-juz-w-sprzedazy\/","og_site_name":"24GLIWICE - Portal Gliwice | codziennie nowe informacje","article_publisher":"https:\/\/www.facebook.com\/24gliwice","article_published_time":"2020-01-13T10:35:43+00:00","og_image":[{"width":810,"height":455,"url":"https:\/\/www.24gliwice.pl\/wiadomosci\/wp-content\/uploads\/2020\/01\/eleganza-koncert2-scaled-e1578911404950.jpg","type":"image\/jpeg"}],"author":"\u017baneta Mrozek-Siewierska","twitter_card":"summary_large_image","twitter_creator":"@24gliwice","twitter_site":"@24gliwice","twitter_misc":{"Napisane przez":"\u017baneta Mrozek-Siewierska","Szacowany czas czytania":"1 minuta"},"schema":{"@context":"https:\/\/schema.org","@graph":[{"@type":"Article","@id":"https:\/\/www.24gliwice.pl\/wiadomosci\/koncert-muzyki-klasycznej-w-wykonaniu-eleganzy-bilety-na-wydarzenie-sa-juz-w-sprzedazy\/#article","isPartOf":{"@id":"https:\/\/www.24gliwice.pl\/wiadomosci\/koncert-muzyki-klasycznej-w-wykonaniu-eleganzy-bilety-na-wydarzenie-sa-juz-w-sprzedazy\/"},"author":{"name":"\u017baneta Mrozek-Siewierska","@id":"https:\/\/www.24gliwice.pl\/wiadomosci\/#\/schema\/person\/e42c650edd7f2fa332be3811fb166b6e"},"headline":"Koncert muzyki klasycznej w wykonaniu Eleganzy. Bilety na wydarzenie s\u0105 ju\u017c w sprzeda\u017cy","datePublished":"2020-01-13T10:35:43+00:00","mainEntityOfPage":{"@id":"https:\/\/www.24gliwice.pl\/wiadomosci\/koncert-muzyki-klasycznej-w-wykonaniu-eleganzy-bilety-na-wydarzenie-sa-juz-w-sprzedazy\/"},"wordCount":230,"commentCount":0,"publisher":{"@id":"https:\/\/www.24gliwice.pl\/wiadomosci\/#organization"},"image":{"@id":"https:\/\/www.24gliwice.pl\/wiadomosci\/koncert-muzyki-klasycznej-w-wykonaniu-eleganzy-bilety-na-wydarzenie-sa-juz-w-sprzedazy\/#primaryimage"},"thumbnailUrl":"https:\/\/www.24gliwice.pl\/wiadomosci\/wp-content\/uploads\/2020\/01\/eleganza-koncert2-scaled-e1578911404950.jpg","keywords":["ELEGANZA","koncert na zako\u0144czenie karnawalu","zako\u0144czenie karnawa\u0142u"],"articleSection":["Gliwice","Kultura, wydarzenia, imprezy","Najnowsze wiadomo\u015bci"],"inLanguage":"pl-PL","potentialAction":[{"@type":"CommentAction","name":"Comment","target":["https:\/\/www.24gliwice.pl\/wiadomosci\/koncert-muzyki-klasycznej-w-wykonaniu-eleganzy-bilety-na-wydarzenie-sa-juz-w-sprzedazy\/#respond"]}]},{"@type":"WebPage","@id":"https:\/\/www.24gliwice.pl\/wiadomosci\/koncert-muzyki-klasycznej-w-wykonaniu-eleganzy-bilety-na-wydarzenie-sa-juz-w-sprzedazy\/","url":"https:\/\/www.24gliwice.pl\/wiadomosci\/koncert-muzyki-klasycznej-w-wykonaniu-eleganzy-bilety-na-wydarzenie-sa-juz-w-sprzedazy\/","name":"Koncert muzyki klasycznej w wykonaniu Eleganzy. Bilety na wydarzenie s\u0105 ju\u017c w sprzeda\u017cy - 24GLIWICE - Portal Gliwice | codziennie nowe informacje","isPartOf":{"@id":"https:\/\/www.24gliwice.pl\/wiadomosci\/#website"},"primaryImageOfPage":{"@id":"https:\/\/www.24gliwice.pl\/wiadomosci\/koncert-muzyki-klasycznej-w-wykonaniu-eleganzy-bilety-na-wydarzenie-sa-juz-w-sprzedazy\/#primaryimage"},"image":{"@id":"https:\/\/www.24gliwice.pl\/wiadomosci\/koncert-muzyki-klasycznej-w-wykonaniu-eleganzy-bilety-na-wydarzenie-sa-juz-w-sprzedazy\/#primaryimage"},"thumbnailUrl":"https:\/\/www.24gliwice.pl\/wiadomosci\/wp-content\/uploads\/2020\/01\/eleganza-koncert2-scaled-e1578911404950.jpg","datePublished":"2020-01-13T10:35:43+00:00","breadcrumb":{"@id":"https:\/\/www.24gliwice.pl\/wiadomosci\/koncert-muzyki-klasycznej-w-wykonaniu-eleganzy-bilety-na-wydarzenie-sa-juz-w-sprzedazy\/#breadcrumb"},"inLanguage":"pl-PL","potentialAction":[{"@type":"ReadAction","target":["https:\/\/www.24gliwice.pl\/wiadomosci\/koncert-muzyki-klasycznej-w-wykonaniu-eleganzy-bilety-na-wydarzenie-sa-juz-w-sprzedazy\/"]}]},{"@type":"ImageObject","inLanguage":"pl-PL","@id":"https:\/\/www.24gliwice.pl\/wiadomosci\/koncert-muzyki-klasycznej-w-wykonaniu-eleganzy-bilety-na-wydarzenie-sa-juz-w-sprzedazy\/#primaryimage","url":"https:\/\/www.24gliwice.pl\/wiadomosci\/wp-content\/uploads\/2020\/01\/eleganza-koncert2-scaled-e1578911404950.jpg","contentUrl":"https:\/\/www.24gliwice.pl\/wiadomosci\/wp-content\/uploads\/2020\/01\/eleganza-koncert2-scaled-e1578911404950.jpg","width":810,"height":455},{"@type":"BreadcrumbList","@id":"https:\/\/www.24gliwice.pl\/wiadomosci\/koncert-muzyki-klasycznej-w-wykonaniu-eleganzy-bilety-na-wydarzenie-sa-juz-w-sprzedazy\/#breadcrumb","itemListElement":[{"@type":"ListItem","position":1,"name":"Strona g\u0142\u00f3wna","item":"https:\/\/www.24gliwice.pl\/wiadomosci\/"},{"@type":"ListItem","position":2,"name":"Koncert muzyki klasycznej w wykonaniu Eleganzy. Bilety na wydarzenie s\u0105 ju\u017c w sprzeda\u017cy"}]},{"@type":"WebSite","@id":"https:\/\/www.24gliwice.pl\/wiadomosci\/#website","url":"https:\/\/www.24gliwice.pl\/wiadomosci\/","name":"24GLIWICE - Portal Gliwice | codziennie nowe wiadomo\u015bci","description":"Portal Miejski Gliwice","publisher":{"@id":"https:\/\/www.24gliwice.pl\/wiadomosci\/#organization"},"potentialAction":[{"@type":"SearchAction","target":{"@type":"EntryPoint","urlTemplate":"https:\/\/www.24gliwice.pl\/wiadomosci\/?s={search_term_string}"},"query-input":{"@type":"PropertyValueSpecification","valueRequired":true,"valueName":"search_term_string"}}],"inLanguage":"pl-PL"},{"@type":"Organization","@id":"https:\/\/www.24gliwice.pl\/wiadomosci\/#organization","name":"24gliwice","url":"https:\/\/www.24gliwice.pl\/wiadomosci\/","logo":{"@type":"ImageObject","inLanguage":"pl-PL","@id":"https:\/\/www.24gliwice.pl\/wiadomosci\/#\/schema\/logo\/image\/","url":"https:\/\/www.24gliwice.pl\/wiadomosci\/wp-content\/uploads\/2024\/10\/24gliwice-logo-696.jpg","contentUrl":"https:\/\/www.24gliwice.pl\/wiadomosci\/wp-content\/uploads\/2024\/10\/24gliwice-logo-696.jpg","width":696,"height":696,"caption":"24gliwice"},"image":{"@id":"https:\/\/www.24gliwice.pl\/wiadomosci\/#\/schema\/logo\/image\/"},"sameAs":["https:\/\/www.facebook.com\/24gliwice","https:\/\/x.com\/24gliwice","https:\/\/www.youtube.com\/@24gliwice"]},{"@type":"Person","@id":"https:\/\/www.24gliwice.pl\/wiadomosci\/#\/schema\/person\/e42c650edd7f2fa332be3811fb166b6e","name":"\u017baneta Mrozek-Siewierska","image":{"@type":"ImageObject","inLanguage":"pl-PL","@id":"https:\/\/secure.gravatar.com\/avatar\/1881429e9c64597c77ad7aef2d0a19be69a3253e57534d16aa15bf3a4d34a0a3?s=96&d=mm&r=g","url":"https:\/\/secure.gravatar.com\/avatar\/1881429e9c64597c77ad7aef2d0a19be69a3253e57534d16aa15bf3a4d34a0a3?s=96&d=mm&r=g","contentUrl":"https:\/\/secure.gravatar.com\/avatar\/1881429e9c64597c77ad7aef2d0a19be69a3253e57534d16aa15bf3a4d34a0a3?s=96&d=mm&r=g","caption":"\u017baneta Mrozek-Siewierska"},"url":"https:\/\/www.24gliwice.pl\/wiadomosci\/author\/zms\/"}]}},"_links":{"self":[{"href":"https:\/\/www.24gliwice.pl\/wiadomosci\/wp-json\/wp\/v2\/posts\/145995","targetHints":{"allow":["GET"]}}],"collection":[{"href":"https:\/\/www.24gliwice.pl\/wiadomosci\/wp-json\/wp\/v2\/posts"}],"about":[{"href":"https:\/\/www.24gliwice.pl\/wiadomosci\/wp-json\/wp\/v2\/types\/post"}],"author":[{"embeddable":true,"href":"https:\/\/www.24gliwice.pl\/wiadomosci\/wp-json\/wp\/v2\/users\/15"}],"replies":[{"embeddable":true,"href":"https:\/\/www.24gliwice.pl\/wiadomosci\/wp-json\/wp\/v2\/comments?post=145995"}],"version-history":[{"count":0,"href":"https:\/\/www.24gliwice.pl\/wiadomosci\/wp-json\/wp\/v2\/posts\/145995\/revisions"}],"wp:featuredmedia":[{"embeddable":true,"href":"https:\/\/www.24gliwice.pl\/wiadomosci\/wp-json\/wp\/v2\/media\/146003"}],"wp:attachment":[{"href":"https:\/\/www.24gliwice.pl\/wiadomosci\/wp-json\/wp\/v2\/media?parent=145995"}],"wp:term":[{"taxonomy":"category","embeddable":true,"href":"https:\/\/www.24gliwice.pl\/wiadomosci\/wp-json\/wp\/v2\/categories?post=145995"},{"taxonomy":"post_tag","embeddable":true,"href":"https:\/\/www.24gliwice.pl\/wiadomosci\/wp-json\/wp\/v2\/tags?post=145995"}],"curies":[{"name":"wp","href":"https:\/\/api.w.org\/{rel}","templated":true}]}}