{"id":146036,"date":"2020-01-14T03:15:28","date_gmt":"2020-01-14T02:15:28","guid":{"rendered":"https:\/\/www.24gliwice.pl\/wiadomosci\/?p=146036"},"modified":"2020-01-14T03:15:28","modified_gmt":"2020-01-14T02:15:28","slug":"budynek-dawnej-dyrekcji-huty-gliwice-moze-byc-zabytkiem-chce-tego-wojewodzki-konserwator","status":"publish","type":"post","link":"https:\/\/www.24gliwice.pl\/wiadomosci\/budynek-dawnej-dyrekcji-huty-gliwice-moze-byc-zabytkiem-chce-tego-wojewodzki-konserwator\/","title":{"rendered":"Budynek dawnej dyrekcji Huty Gliwice mo\u017ce by\u0107 zabytkiem. Chce tego wojew\u00f3dzki konserwator"},"content":{"rendered":"<div class=\"gliwi-a6-nad-leadem-artykulow gliwi-entity-placement\" id=\"gliwi-3910336254\"><div class=\"gliwi-adlabel\"><span style=\"font-size: 9px\">REKLAMA<\/span><\/div><div id=\"gliwi-2125498831\" style=\"margin-bottom: 30px;margin-left: auto;margin-right: auto;text-align: center;\"><a data-no-instant=\"1\" href=\"https:\/\/przedszkole.halogen.org.pl\/\" rel=\"noopener\" class=\"a2t-link\" target=\"_blank\" aria-label=\"20260402-ANIMATOR-przedszkole_grafika_750x200\"><img loading=\"lazy\" decoding=\"async\" src=\"https:\/\/www.24gliwice.pl\/wiadomosci\/wp-content\/uploads\/2026\/04\/20260402-ANIMATOR-przedszkole_grafika_750x200.webp\" alt=\"\"  srcset=\"https:\/\/www.24gliwice.pl\/wiadomosci\/wp-content\/uploads\/2026\/04\/20260402-ANIMATOR-przedszkole_grafika_750x200.webp 750w, https:\/\/www.24gliwice.pl\/wiadomosci\/wp-content\/uploads\/2026\/04\/20260402-ANIMATOR-przedszkole_grafika_750x200-410x109.webp 410w\" sizes=\"(max-width: 750px) 100vw, 750px\" class=\"no-lazyload\" width=\"750\" height=\"200\"  style=\"display: inline-block; max-width: 100%; height: auto;\" \/><\/a><\/div><\/div><h3>Budynek dawnej dyrekcji Huty Gliwice przy ul. Hlubka niedawno zyska\u0142 nowego w\u0142a\u015bciciela, a teraz trafi do rejestru zabytk\u00f3w? To bardzo mo\u017cliwe, bo post\u0119powanie w tej sprawie wszcz\u0105\u0142 \u015al\u0105ski Wojew\u00f3dzki Konserwator Zabytk\u00f3w.<\/h3>\n<p><em>&#8211; Wszcz\u0119cie post\u0119powania by\u0142o zwi\u0105zane z faktem zbycia zabytku podmiotowi prywatnemu &#8211; m\u00f3wi nam <strong>Miros\u0142aw Rymer<\/strong>, doradca prawny i rzecznik prasowy \u015al\u0105skiego Wojew\u00f3dzkiego Konserwatora Zabytk\u00f3w w Katowicach. &#8211; W celu zabezpieczenia obiektu przed nadmiern\u0105 ingerencj\u0105, koniecznym sta\u0142o si\u0119 wszcz\u0119cie procedury w sprawie wpisu do rejestru zabytk\u00f3w. Wol\u0105 konserwator jest zachowanie cho\u0107by cz\u0119\u015bci obiekt\u00f3w dawnej huty<\/em> &#8211; dodaje. <\/p>\n<p>Jak zaznacza biuro konserwatora, obiekt &#8220;figuruje w wykazie obiekt\u00f3w do uj\u0119cia w gminnej ewidencji zabytk\u00f3w, ale plan miejscowy obowi\u0105zuj\u0105cy na tym terenie nie zawiera \u017cadnych zasad ochrony zabytk\u00f3w, gdy\u017c zosta\u0142 uchwalony przed 2010 rokiem, czyli przed utworzeniem wspomnianych wykaz\u00f3w&#8221;. <\/p><div class=\"gliwi-a3-w-tresci-artykulow gliwi-entity-placement\" id=\"gliwi-4101429809\"><div class=\"gliwi-adlabel\"><span style=\"font-size: 9px\">REKLAMA<\/span><\/div><div id=\"gliwi-1013906790\" style=\"margin-bottom: 30px;margin-left: auto;margin-right: auto;text-align: center;\"><a data-no-instant=\"1\" href=\"https:\/\/zlobek.halogen.org.pl\/\" rel=\"noopener\" class=\"a2t-link\" target=\"_blank\" aria-label=\"animator-zlobek_750x200\"><img loading=\"lazy\" decoding=\"async\" src=\"https:\/\/www.24gliwice.pl\/wiadomosci\/wp-content\/uploads\/2026\/02\/animator-zlobek_750x200.webp\" alt=\"\"  srcset=\"https:\/\/www.24gliwice.pl\/wiadomosci\/wp-content\/uploads\/2026\/02\/animator-zlobek_750x200.webp 750w, https:\/\/www.24gliwice.pl\/wiadomosci\/wp-content\/uploads\/2026\/02\/animator-zlobek_750x200-410x109.webp 410w\" sizes=\"(max-width: 750px) 100vw, 750px\" class=\"no-lazyload\" width=\"750\" height=\"200\"  style=\"display: inline-block; max-width: 100%; height: auto;\" \/><\/a><\/div><\/div>\n<p>Budynek w cz\u0119\u015bci jest ju\u017c pod ochronn\u0105 konserwatorsk\u0105, kt\u00f3ra obejmuje dawn\u0105 sal\u0119 konferencyjn\u0105 i gabinet dyrekcji. To w\u0142a\u015bnie m.in. konieczno\u015bci\u0105 konsultowania ewentualnych prac z konserwatorem t\u0142umaczono problemy ze sprzeda\u017c\u0105 nieruchomo\u015bci. Przypomnijmy, po raz pierwszy budynek trafi\u0142 pod m\u0142otek we wrze\u015bniu 2013 roku za kwot\u0119 7,4 mln z\u0142. Potem ze zmienion\u0105 cen\u0105 wywo\u0142awcz\u0105 podejmowano kolejne pr\u00f3by, by w ko\u0144cu za \u00f3smym podej\u015bciem, w sierpniu tego roku obiekt w licytacji znalaz\u0142 nowego w\u0142a\u015bciciela. Jest nim Elektrownia Wiatrowa Toszek, kt\u00f3ra zaoferowa\u0142a 4,16 mln z\u0142otych. <\/p>\n<p><a href=\"https:\/\/www.24gliwice.pl\/wiadomosci\/wp-content\/uploads\/2020\/01\/1-dyrekcja-huty-5-001.jpg\"><img loading=\"lazy\" decoding=\"async\" src=\"https:\/\/www.24gliwice.pl\/wiadomosci\/wp-content\/uploads\/2020\/01\/1-dyrekcja-huty-5-001.jpg\" alt=\"\" width=\"810\" height=\"608\" class=\"aligncenter size-full wp-image-146052\" srcset=\"https:\/\/www.24gliwice.pl\/wiadomosci\/wp-content\/uploads\/2020\/01\/1-dyrekcja-huty-5-001.jpg 810w, https:\/\/www.24gliwice.pl\/wiadomosci\/wp-content\/uploads\/2020\/01\/1-dyrekcja-huty-5-001-309x232.jpg 309w, https:\/\/www.24gliwice.pl\/wiadomosci\/wp-content\/uploads\/2020\/01\/1-dyrekcja-huty-5-001-606x455.jpg 606w, https:\/\/www.24gliwice.pl\/wiadomosci\/wp-content\/uploads\/2020\/01\/1-dyrekcja-huty-5-001-768x576.jpg 768w\" sizes=\"auto, (max-width: 810px) 100vw, 810px\" \/><\/a><\/p>\n<p>Biuro konserwatora nie informuje czy na decyzj\u0119 o wpisie mia\u0142y wp\u0142yw plany nowego w\u0142a\u015bciciela (post\u0119powanie wszcz\u0119to w grudniu 2019 roku). Spekulacje mo\u017ce jednak podsyca\u0107 osoba nowego w\u0142a\u015bciciela. Prezesem Elektrowni Wiatrowej Toszek jest <strong>Tadeusz Weso\u0142owski<\/strong>, kt\u00f3ry zasiada w radzie nadzorczej sp\u00f3\u0142ki Arena Operator, jest tak\u017ce za\u0142o\u017cycielem i prezesem m.in. gliwickiej fundacji Radan.<\/p>\n<p><a href=\"https:\/\/www.24gliwice.pl\/wiadomosci\/wp-content\/uploads\/2020\/01\/1-dyrekcja-huty-6-001.jpg\"><img loading=\"lazy\" decoding=\"async\" src=\"https:\/\/www.24gliwice.pl\/wiadomosci\/wp-content\/uploads\/2020\/01\/1-dyrekcja-huty-6-001.jpg\" alt=\"\" width=\"810\" height=\"456\" class=\"aligncenter size-full wp-image-146053\" srcset=\"https:\/\/www.24gliwice.pl\/wiadomosci\/wp-content\/uploads\/2020\/01\/1-dyrekcja-huty-6-001.jpg 810w, https:\/\/www.24gliwice.pl\/wiadomosci\/wp-content\/uploads\/2020\/01\/1-dyrekcja-huty-6-001-410x232.jpg 410w, https:\/\/www.24gliwice.pl\/wiadomosci\/wp-content\/uploads\/2020\/01\/1-dyrekcja-huty-6-001-808x455.jpg 808w, https:\/\/www.24gliwice.pl\/wiadomosci\/wp-content\/uploads\/2020\/01\/1-dyrekcja-huty-6-001-768x432.jpg 768w\" sizes=\"auto, (max-width: 810px) 100vw, 810px\" \/><\/a><\/p>\n<p>A to w\u0142a\u015bnie Radan realizuje inwestycj\u0119 w centrum miasta Ogrody Kr\u00f3lowej Bony. Na jednym z jej pierwszych etap\u00f3w, we wrze\u015bniu 2015 roku dosz\u0142o do gor\u0105cego sporu mi\u0119dzy wojew\u00f3dzkim a miejskim konserwatorem zabytk\u00f3w (chodzi\u0142o m.in. o ingerencj\u0119 w dotychczasow\u0105 zabudow\u0119 przy ul. Kr\u00f3lowej Bony i monta\u017c balkon\u00f3w na elewacji). <strong>Aneta Borowik<\/strong> zarzuci\u0142a miejskiej konserwator <strong>Ewie Pokorskiej<\/strong> doprowadzenie do \u201cznacz\u0105cej utraty warto\u015bci zabytkowej budynku\u201d i wezwa\u0142a prezydenta <strong>Zygmunta Frankiewicza<\/strong> do &#8220;natychmiastowej zmiany&#8221; na stanowisku miejskiego konserwatora. Prezydent skarg\u0119 uzna\u0142 za bezzasadn\u0105.<br \/>\nMicha\u0142 Szewczyk<\/p>\n<p>Zobacz te\u017c nasz materia\u0142 archiwalny z 2015<br \/>\n<iframe loading=\"lazy\" title=\"Budynek dawnej Dyrekcji Huty czeka na kupca\" width=\"810\" height=\"456\" src=\"https:\/\/www.youtube.com\/embed\/FLtgKRG97jc?feature=oembed\" frameborder=\"0\" allow=\"accelerometer; autoplay; encrypted-media; gyroscope; picture-in-picture\" allowfullscreen><\/iframe><\/p>\n<div class=\"gliwi-a5-na-koncu-artykulow gliwi-entity-placement\" id=\"gliwi-3016335220\"><div class=\"gliwi-adlabel\"><span style=\"font-size: 9px\">REKLAMA<\/span><\/div><div id=\"gliwi-2748038270\" style=\"margin-left: auto;margin-right: auto;text-align: center;\"><a data-no-instant=\"1\" href=\"https:\/\/www.jasek.pl\/\" rel=\"noopener\" class=\"a2t-link\" target=\"_blank\" aria-label=\"20200401-jasek 600\"><img loading=\"lazy\" decoding=\"async\" src=\"https:\/\/www.24gliwice.pl\/wiadomosci\/wp-content\/uploads\/2020\/04\/20200401-jasek-600.jpg\" alt=\"\"  srcset=\"https:\/\/www.24gliwice.pl\/wiadomosci\/wp-content\/uploads\/2020\/04\/20200401-jasek-600.jpg 600w, https:\/\/www.24gliwice.pl\/wiadomosci\/wp-content\/uploads\/2020\/04\/20200401-jasek-600-410x109.jpg 410w\" sizes=\"(max-width: 600px) 100vw, 600px\" class=\"no-lazyload\" width=\"600\" height=\"160\"  style=\"display: inline-block; max-width: 100%; height: auto;\" \/><\/a><\/div><\/div>","protected":false},"excerpt":{"rendered":"<p>Budynek dawnej dyrekcji Huty Gliwice przy ul. Hlubka niedawno zyska\u0142 nowego w\u0142a\u015bciciela, a teraz trafi do rejestru zabytk\u00f3w? To bardzo mo\u017cliwe, bo post\u0119powanie w tej sprawie wszcz\u0105\u0142 \u015al\u0105ski Wojew\u00f3dzki Konserwator Zabytk\u00f3w. &#8211; Wszcz\u0119cie post\u0119powania by\u0142o zwi\u0105zane z faktem zbycia zabytku podmiotowi prywatnemu &#8211; m\u00f3wi nam Miros\u0142aw Rymer, doradca prawny i rzecznik prasowy \u015al\u0105skiego Wojew\u00f3dzkiego Konserwatora [&hellip;]<\/p>\n","protected":false},"author":12,"featured_media":146051,"comment_status":"open","ping_status":"closed","sticky":false,"template":"","format":"standard","meta":{"_monsterinsights_skip_tracking":false,"_monsterinsights_sitenote_active":false,"_monsterinsights_sitenote_note":"","_monsterinsights_sitenote_category":0,"footnotes":"","_links_to":"","_links_to_target":""},"categories":[3,1,9],"tags":[],"class_list":["post-146036","post","type-post","status-publish","format-standard","has-post-thumbnail","hentry","category-gliwice","category-wszystko","category-aktualnosci_lokalne"],"yoast_head":"<!-- This site is optimized with the Yoast SEO plugin v27.5 - https:\/\/yoast.com\/product\/yoast-seo-wordpress\/ -->\n<title>Budynek dawnej dyrekcji Huty Gliwice mo\u017ce by\u0107 zabytkiem. Chce tego wojew\u00f3dzki konserwator - 24GLIWICE - Portal Gliwice | codziennie nowe informacje<\/title>\n<meta name=\"robots\" content=\"index, follow, max-snippet:-1, max-image-preview:large, max-video-preview:-1\" \/>\n<link rel=\"canonical\" href=\"https:\/\/www.24gliwice.pl\/wiadomosci\/budynek-dawnej-dyrekcji-huty-gliwice-moze-byc-zabytkiem-chce-tego-wojewodzki-konserwator\/\" \/>\n<meta property=\"og:locale\" content=\"pl_PL\" \/>\n<meta property=\"og:type\" content=\"article\" \/>\n<meta property=\"og:title\" content=\"Budynek dawnej dyrekcji Huty Gliwice mo\u017ce by\u0107 zabytkiem. Chce tego wojew\u00f3dzki konserwator - 24GLIWICE - Portal Gliwice | codziennie nowe informacje\" \/>\n<meta property=\"og:description\" content=\"Budynek dawnej dyrekcji Huty Gliwice przy ul. Hlubka niedawno zyska\u0142 nowego w\u0142a\u015bciciela, a teraz trafi do rejestru zabytk\u00f3w? To bardzo mo\u017cliwe, bo post\u0119powanie w tej sprawie wszcz\u0105\u0142 \u015al\u0105ski Wojew\u00f3dzki Konserwator Zabytk\u00f3w. &#8211; Wszcz\u0119cie post\u0119powania by\u0142o zwi\u0105zane z faktem zbycia zabytku podmiotowi prywatnemu &#8211; m\u00f3wi nam Miros\u0142aw Rymer, doradca prawny i rzecznik prasowy \u015al\u0105skiego Wojew\u00f3dzkiego Konserwatora [&hellip;]\" \/>\n<meta property=\"og:url\" content=\"https:\/\/www.24gliwice.pl\/wiadomosci\/budynek-dawnej-dyrekcji-huty-gliwice-moze-byc-zabytkiem-chce-tego-wojewodzki-konserwator\/\" \/>\n<meta property=\"og:site_name\" content=\"24GLIWICE - Portal Gliwice | codziennie nowe informacje\" \/>\n<meta property=\"article:publisher\" content=\"https:\/\/www.facebook.com\/24gliwice\" \/>\n<meta property=\"article:published_time\" content=\"2020-01-14T02:15:28+00:00\" \/>\n<meta property=\"og:image\" content=\"https:\/\/www.24gliwice.pl\/wiadomosci\/wp-content\/uploads\/2020\/01\/1-dyrekcja-huty-3-001.jpg\" \/>\n\t<meta property=\"og:image:width\" content=\"810\" \/>\n\t<meta property=\"og:image:height\" content=\"456\" \/>\n\t<meta property=\"og:image:type\" content=\"image\/jpeg\" \/>\n<meta name=\"author\" content=\"Micha\u0142 Szewczyk\" \/>\n<meta name=\"twitter:card\" content=\"summary_large_image\" \/>\n<meta name=\"twitter:creator\" content=\"@24gliwice\" \/>\n<meta name=\"twitter:site\" content=\"@24gliwice\" \/>\n<meta name=\"twitter:label1\" content=\"Napisane przez\" \/>\n\t<meta name=\"twitter:data1\" content=\"Micha\u0142 Szewczyk\" \/>\n\t<meta name=\"twitter:label2\" content=\"Szacowany czas czytania\" \/>\n\t<meta name=\"twitter:data2\" content=\"2 minuty\" \/>\n<script type=\"application\/ld+json\" class=\"yoast-schema-graph\">{\"@context\":\"https:\\\/\\\/schema.org\",\"@graph\":[{\"@type\":\"Article\",\"@id\":\"https:\\\/\\\/www.24gliwice.pl\\\/wiadomosci\\\/budynek-dawnej-dyrekcji-huty-gliwice-moze-byc-zabytkiem-chce-tego-wojewodzki-konserwator\\\/#article\",\"isPartOf\":{\"@id\":\"https:\\\/\\\/www.24gliwice.pl\\\/wiadomosci\\\/budynek-dawnej-dyrekcji-huty-gliwice-moze-byc-zabytkiem-chce-tego-wojewodzki-konserwator\\\/\"},\"author\":{\"name\":\"Micha\u0142 Szewczyk\",\"@id\":\"https:\\\/\\\/www.24gliwice.pl\\\/wiadomosci\\\/#\\\/schema\\\/person\\\/940e8f8a097e322de4f463f061ef8d45\"},\"headline\":\"Budynek dawnej dyrekcji Huty Gliwice mo\u017ce by\u0107 zabytkiem. Chce tego wojew\u00f3dzki konserwator\",\"datePublished\":\"2020-01-14T02:15:28+00:00\",\"mainEntityOfPage\":{\"@id\":\"https:\\\/\\\/www.24gliwice.pl\\\/wiadomosci\\\/budynek-dawnej-dyrekcji-huty-gliwice-moze-byc-zabytkiem-chce-tego-wojewodzki-konserwator\\\/\"},\"wordCount\":442,\"commentCount\":0,\"publisher\":{\"@id\":\"https:\\\/\\\/www.24gliwice.pl\\\/wiadomosci\\\/#organization\"},\"image\":{\"@id\":\"https:\\\/\\\/www.24gliwice.pl\\\/wiadomosci\\\/budynek-dawnej-dyrekcji-huty-gliwice-moze-byc-zabytkiem-chce-tego-wojewodzki-konserwator\\\/#primaryimage\"},\"thumbnailUrl\":\"https:\\\/\\\/www.24gliwice.pl\\\/wiadomosci\\\/wp-content\\\/uploads\\\/2020\\\/01\\\/1-dyrekcja-huty-3-001.jpg\",\"articleSection\":[\"Gliwice\",\"Najnowsze wiadomo\u015bci\",\"Portal Gliwice - Wiadomo\u015bci lokalne\"],\"inLanguage\":\"pl-PL\",\"potentialAction\":[{\"@type\":\"CommentAction\",\"name\":\"Comment\",\"target\":[\"https:\\\/\\\/www.24gliwice.pl\\\/wiadomosci\\\/budynek-dawnej-dyrekcji-huty-gliwice-moze-byc-zabytkiem-chce-tego-wojewodzki-konserwator\\\/#respond\"]}]},{\"@type\":\"WebPage\",\"@id\":\"https:\\\/\\\/www.24gliwice.pl\\\/wiadomosci\\\/budynek-dawnej-dyrekcji-huty-gliwice-moze-byc-zabytkiem-chce-tego-wojewodzki-konserwator\\\/\",\"url\":\"https:\\\/\\\/www.24gliwice.pl\\\/wiadomosci\\\/budynek-dawnej-dyrekcji-huty-gliwice-moze-byc-zabytkiem-chce-tego-wojewodzki-konserwator\\\/\",\"name\":\"Budynek dawnej dyrekcji Huty Gliwice mo\u017ce by\u0107 zabytkiem. Chce tego wojew\u00f3dzki konserwator - 24GLIWICE - Portal Gliwice | codziennie nowe informacje\",\"isPartOf\":{\"@id\":\"https:\\\/\\\/www.24gliwice.pl\\\/wiadomosci\\\/#website\"},\"primaryImageOfPage\":{\"@id\":\"https:\\\/\\\/www.24gliwice.pl\\\/wiadomosci\\\/budynek-dawnej-dyrekcji-huty-gliwice-moze-byc-zabytkiem-chce-tego-wojewodzki-konserwator\\\/#primaryimage\"},\"image\":{\"@id\":\"https:\\\/\\\/www.24gliwice.pl\\\/wiadomosci\\\/budynek-dawnej-dyrekcji-huty-gliwice-moze-byc-zabytkiem-chce-tego-wojewodzki-konserwator\\\/#primaryimage\"},\"thumbnailUrl\":\"https:\\\/\\\/www.24gliwice.pl\\\/wiadomosci\\\/wp-content\\\/uploads\\\/2020\\\/01\\\/1-dyrekcja-huty-3-001.jpg\",\"datePublished\":\"2020-01-14T02:15:28+00:00\",\"breadcrumb\":{\"@id\":\"https:\\\/\\\/www.24gliwice.pl\\\/wiadomosci\\\/budynek-dawnej-dyrekcji-huty-gliwice-moze-byc-zabytkiem-chce-tego-wojewodzki-konserwator\\\/#breadcrumb\"},\"inLanguage\":\"pl-PL\",\"potentialAction\":[{\"@type\":\"ReadAction\",\"target\":[\"https:\\\/\\\/www.24gliwice.pl\\\/wiadomosci\\\/budynek-dawnej-dyrekcji-huty-gliwice-moze-byc-zabytkiem-chce-tego-wojewodzki-konserwator\\\/\"]}]},{\"@type\":\"ImageObject\",\"inLanguage\":\"pl-PL\",\"@id\":\"https:\\\/\\\/www.24gliwice.pl\\\/wiadomosci\\\/budynek-dawnej-dyrekcji-huty-gliwice-moze-byc-zabytkiem-chce-tego-wojewodzki-konserwator\\\/#primaryimage\",\"url\":\"https:\\\/\\\/www.24gliwice.pl\\\/wiadomosci\\\/wp-content\\\/uploads\\\/2020\\\/01\\\/1-dyrekcja-huty-3-001.jpg\",\"contentUrl\":\"https:\\\/\\\/www.24gliwice.pl\\\/wiadomosci\\\/wp-content\\\/uploads\\\/2020\\\/01\\\/1-dyrekcja-huty-3-001.jpg\",\"width\":810,\"height\":456},{\"@type\":\"BreadcrumbList\",\"@id\":\"https:\\\/\\\/www.24gliwice.pl\\\/wiadomosci\\\/budynek-dawnej-dyrekcji-huty-gliwice-moze-byc-zabytkiem-chce-tego-wojewodzki-konserwator\\\/#breadcrumb\",\"itemListElement\":[{\"@type\":\"ListItem\",\"position\":1,\"name\":\"Strona g\u0142\u00f3wna\",\"item\":\"https:\\\/\\\/www.24gliwice.pl\\\/wiadomosci\\\/\"},{\"@type\":\"ListItem\",\"position\":2,\"name\":\"Budynek dawnej dyrekcji Huty Gliwice mo\u017ce by\u0107 zabytkiem. Chce tego wojew\u00f3dzki konserwator\"}]},{\"@type\":\"WebSite\",\"@id\":\"https:\\\/\\\/www.24gliwice.pl\\\/wiadomosci\\\/#website\",\"url\":\"https:\\\/\\\/www.24gliwice.pl\\\/wiadomosci\\\/\",\"name\":\"24GLIWICE - Portal Gliwice | codziennie nowe wiadomo\u015bci\",\"description\":\"Portal Miejski Gliwice\",\"publisher\":{\"@id\":\"https:\\\/\\\/www.24gliwice.pl\\\/wiadomosci\\\/#organization\"},\"potentialAction\":[{\"@type\":\"SearchAction\",\"target\":{\"@type\":\"EntryPoint\",\"urlTemplate\":\"https:\\\/\\\/www.24gliwice.pl\\\/wiadomosci\\\/?s={search_term_string}\"},\"query-input\":{\"@type\":\"PropertyValueSpecification\",\"valueRequired\":true,\"valueName\":\"search_term_string\"}}],\"inLanguage\":\"pl-PL\"},{\"@type\":\"Organization\",\"@id\":\"https:\\\/\\\/www.24gliwice.pl\\\/wiadomosci\\\/#organization\",\"name\":\"24gliwice\",\"url\":\"https:\\\/\\\/www.24gliwice.pl\\\/wiadomosci\\\/\",\"logo\":{\"@type\":\"ImageObject\",\"inLanguage\":\"pl-PL\",\"@id\":\"https:\\\/\\\/www.24gliwice.pl\\\/wiadomosci\\\/#\\\/schema\\\/logo\\\/image\\\/\",\"url\":\"https:\\\/\\\/www.24gliwice.pl\\\/wiadomosci\\\/wp-content\\\/uploads\\\/2024\\\/10\\\/24gliwice-logo-696.jpg\",\"contentUrl\":\"https:\\\/\\\/www.24gliwice.pl\\\/wiadomosci\\\/wp-content\\\/uploads\\\/2024\\\/10\\\/24gliwice-logo-696.jpg\",\"width\":696,\"height\":696,\"caption\":\"24gliwice\"},\"image\":{\"@id\":\"https:\\\/\\\/www.24gliwice.pl\\\/wiadomosci\\\/#\\\/schema\\\/logo\\\/image\\\/\"},\"sameAs\":[\"https:\\\/\\\/www.facebook.com\\\/24gliwice\",\"https:\\\/\\\/x.com\\\/24gliwice\",\"https:\\\/\\\/www.youtube.com\\\/@24gliwice\"]},{\"@type\":\"Person\",\"@id\":\"https:\\\/\\\/www.24gliwice.pl\\\/wiadomosci\\\/#\\\/schema\\\/person\\\/940e8f8a097e322de4f463f061ef8d45\",\"name\":\"Micha\u0142 Szewczyk\",\"image\":{\"@type\":\"ImageObject\",\"inLanguage\":\"pl-PL\",\"@id\":\"https:\\\/\\\/secure.gravatar.com\\\/avatar\\\/771b8b6c74cd8d255e46392d605e01a86133900ef09b6ef3c8d451c9d92288cf?s=96&d=mm&r=g\",\"url\":\"https:\\\/\\\/secure.gravatar.com\\\/avatar\\\/771b8b6c74cd8d255e46392d605e01a86133900ef09b6ef3c8d451c9d92288cf?s=96&d=mm&r=g\",\"contentUrl\":\"https:\\\/\\\/secure.gravatar.com\\\/avatar\\\/771b8b6c74cd8d255e46392d605e01a86133900ef09b6ef3c8d451c9d92288cf?s=96&d=mm&r=g\",\"caption\":\"Micha\u0142 Szewczyk\"},\"sameAs\":[\"http:\\\/\\\/www.gazeta-miejska.pl\"],\"url\":\"https:\\\/\\\/www.24gliwice.pl\\\/wiadomosci\\\/author\\\/michal-szewczyk\\\/\"}]}<\/script>\n<!-- \/ Yoast SEO plugin. -->","yoast_head_json":{"title":"Budynek dawnej dyrekcji Huty Gliwice mo\u017ce by\u0107 zabytkiem. Chce tego wojew\u00f3dzki konserwator - 24GLIWICE - Portal Gliwice | codziennie nowe informacje","robots":{"index":"index","follow":"follow","max-snippet":"max-snippet:-1","max-image-preview":"max-image-preview:large","max-video-preview":"max-video-preview:-1"},"canonical":"https:\/\/www.24gliwice.pl\/wiadomosci\/budynek-dawnej-dyrekcji-huty-gliwice-moze-byc-zabytkiem-chce-tego-wojewodzki-konserwator\/","og_locale":"pl_PL","og_type":"article","og_title":"Budynek dawnej dyrekcji Huty Gliwice mo\u017ce by\u0107 zabytkiem. Chce tego wojew\u00f3dzki konserwator - 24GLIWICE - Portal Gliwice | codziennie nowe informacje","og_description":"Budynek dawnej dyrekcji Huty Gliwice przy ul. Hlubka niedawno zyska\u0142 nowego w\u0142a\u015bciciela, a teraz trafi do rejestru zabytk\u00f3w? To bardzo mo\u017cliwe, bo post\u0119powanie w tej sprawie wszcz\u0105\u0142 \u015al\u0105ski Wojew\u00f3dzki Konserwator Zabytk\u00f3w. &#8211; Wszcz\u0119cie post\u0119powania by\u0142o zwi\u0105zane z faktem zbycia zabytku podmiotowi prywatnemu &#8211; m\u00f3wi nam Miros\u0142aw Rymer, doradca prawny i rzecznik prasowy \u015al\u0105skiego Wojew\u00f3dzkiego Konserwatora [&hellip;]","og_url":"https:\/\/www.24gliwice.pl\/wiadomosci\/budynek-dawnej-dyrekcji-huty-gliwice-moze-byc-zabytkiem-chce-tego-wojewodzki-konserwator\/","og_site_name":"24GLIWICE - Portal Gliwice | codziennie nowe informacje","article_publisher":"https:\/\/www.facebook.com\/24gliwice","article_published_time":"2020-01-14T02:15:28+00:00","og_image":[{"width":810,"height":456,"url":"https:\/\/www.24gliwice.pl\/wiadomosci\/wp-content\/uploads\/2020\/01\/1-dyrekcja-huty-3-001.jpg","type":"image\/jpeg"}],"author":"Micha\u0142 Szewczyk","twitter_card":"summary_large_image","twitter_creator":"@24gliwice","twitter_site":"@24gliwice","twitter_misc":{"Napisane przez":"Micha\u0142 Szewczyk","Szacowany czas czytania":"2 minuty"},"schema":{"@context":"https:\/\/schema.org","@graph":[{"@type":"Article","@id":"https:\/\/www.24gliwice.pl\/wiadomosci\/budynek-dawnej-dyrekcji-huty-gliwice-moze-byc-zabytkiem-chce-tego-wojewodzki-konserwator\/#article","isPartOf":{"@id":"https:\/\/www.24gliwice.pl\/wiadomosci\/budynek-dawnej-dyrekcji-huty-gliwice-moze-byc-zabytkiem-chce-tego-wojewodzki-konserwator\/"},"author":{"name":"Micha\u0142 Szewczyk","@id":"https:\/\/www.24gliwice.pl\/wiadomosci\/#\/schema\/person\/940e8f8a097e322de4f463f061ef8d45"},"headline":"Budynek dawnej dyrekcji Huty Gliwice mo\u017ce by\u0107 zabytkiem. Chce tego wojew\u00f3dzki konserwator","datePublished":"2020-01-14T02:15:28+00:00","mainEntityOfPage":{"@id":"https:\/\/www.24gliwice.pl\/wiadomosci\/budynek-dawnej-dyrekcji-huty-gliwice-moze-byc-zabytkiem-chce-tego-wojewodzki-konserwator\/"},"wordCount":442,"commentCount":0,"publisher":{"@id":"https:\/\/www.24gliwice.pl\/wiadomosci\/#organization"},"image":{"@id":"https:\/\/www.24gliwice.pl\/wiadomosci\/budynek-dawnej-dyrekcji-huty-gliwice-moze-byc-zabytkiem-chce-tego-wojewodzki-konserwator\/#primaryimage"},"thumbnailUrl":"https:\/\/www.24gliwice.pl\/wiadomosci\/wp-content\/uploads\/2020\/01\/1-dyrekcja-huty-3-001.jpg","articleSection":["Gliwice","Najnowsze wiadomo\u015bci","Portal Gliwice - Wiadomo\u015bci lokalne"],"inLanguage":"pl-PL","potentialAction":[{"@type":"CommentAction","name":"Comment","target":["https:\/\/www.24gliwice.pl\/wiadomosci\/budynek-dawnej-dyrekcji-huty-gliwice-moze-byc-zabytkiem-chce-tego-wojewodzki-konserwator\/#respond"]}]},{"@type":"WebPage","@id":"https:\/\/www.24gliwice.pl\/wiadomosci\/budynek-dawnej-dyrekcji-huty-gliwice-moze-byc-zabytkiem-chce-tego-wojewodzki-konserwator\/","url":"https:\/\/www.24gliwice.pl\/wiadomosci\/budynek-dawnej-dyrekcji-huty-gliwice-moze-byc-zabytkiem-chce-tego-wojewodzki-konserwator\/","name":"Budynek dawnej dyrekcji Huty Gliwice mo\u017ce by\u0107 zabytkiem. Chce tego wojew\u00f3dzki konserwator - 24GLIWICE - Portal Gliwice | codziennie nowe informacje","isPartOf":{"@id":"https:\/\/www.24gliwice.pl\/wiadomosci\/#website"},"primaryImageOfPage":{"@id":"https:\/\/www.24gliwice.pl\/wiadomosci\/budynek-dawnej-dyrekcji-huty-gliwice-moze-byc-zabytkiem-chce-tego-wojewodzki-konserwator\/#primaryimage"},"image":{"@id":"https:\/\/www.24gliwice.pl\/wiadomosci\/budynek-dawnej-dyrekcji-huty-gliwice-moze-byc-zabytkiem-chce-tego-wojewodzki-konserwator\/#primaryimage"},"thumbnailUrl":"https:\/\/www.24gliwice.pl\/wiadomosci\/wp-content\/uploads\/2020\/01\/1-dyrekcja-huty-3-001.jpg","datePublished":"2020-01-14T02:15:28+00:00","breadcrumb":{"@id":"https:\/\/www.24gliwice.pl\/wiadomosci\/budynek-dawnej-dyrekcji-huty-gliwice-moze-byc-zabytkiem-chce-tego-wojewodzki-konserwator\/#breadcrumb"},"inLanguage":"pl-PL","potentialAction":[{"@type":"ReadAction","target":["https:\/\/www.24gliwice.pl\/wiadomosci\/budynek-dawnej-dyrekcji-huty-gliwice-moze-byc-zabytkiem-chce-tego-wojewodzki-konserwator\/"]}]},{"@type":"ImageObject","inLanguage":"pl-PL","@id":"https:\/\/www.24gliwice.pl\/wiadomosci\/budynek-dawnej-dyrekcji-huty-gliwice-moze-byc-zabytkiem-chce-tego-wojewodzki-konserwator\/#primaryimage","url":"https:\/\/www.24gliwice.pl\/wiadomosci\/wp-content\/uploads\/2020\/01\/1-dyrekcja-huty-3-001.jpg","contentUrl":"https:\/\/www.24gliwice.pl\/wiadomosci\/wp-content\/uploads\/2020\/01\/1-dyrekcja-huty-3-001.jpg","width":810,"height":456},{"@type":"BreadcrumbList","@id":"https:\/\/www.24gliwice.pl\/wiadomosci\/budynek-dawnej-dyrekcji-huty-gliwice-moze-byc-zabytkiem-chce-tego-wojewodzki-konserwator\/#breadcrumb","itemListElement":[{"@type":"ListItem","position":1,"name":"Strona g\u0142\u00f3wna","item":"https:\/\/www.24gliwice.pl\/wiadomosci\/"},{"@type":"ListItem","position":2,"name":"Budynek dawnej dyrekcji Huty Gliwice mo\u017ce by\u0107 zabytkiem. Chce tego wojew\u00f3dzki konserwator"}]},{"@type":"WebSite","@id":"https:\/\/www.24gliwice.pl\/wiadomosci\/#website","url":"https:\/\/www.24gliwice.pl\/wiadomosci\/","name":"24GLIWICE - Portal Gliwice | codziennie nowe wiadomo\u015bci","description":"Portal Miejski Gliwice","publisher":{"@id":"https:\/\/www.24gliwice.pl\/wiadomosci\/#organization"},"potentialAction":[{"@type":"SearchAction","target":{"@type":"EntryPoint","urlTemplate":"https:\/\/www.24gliwice.pl\/wiadomosci\/?s={search_term_string}"},"query-input":{"@type":"PropertyValueSpecification","valueRequired":true,"valueName":"search_term_string"}}],"inLanguage":"pl-PL"},{"@type":"Organization","@id":"https:\/\/www.24gliwice.pl\/wiadomosci\/#organization","name":"24gliwice","url":"https:\/\/www.24gliwice.pl\/wiadomosci\/","logo":{"@type":"ImageObject","inLanguage":"pl-PL","@id":"https:\/\/www.24gliwice.pl\/wiadomosci\/#\/schema\/logo\/image\/","url":"https:\/\/www.24gliwice.pl\/wiadomosci\/wp-content\/uploads\/2024\/10\/24gliwice-logo-696.jpg","contentUrl":"https:\/\/www.24gliwice.pl\/wiadomosci\/wp-content\/uploads\/2024\/10\/24gliwice-logo-696.jpg","width":696,"height":696,"caption":"24gliwice"},"image":{"@id":"https:\/\/www.24gliwice.pl\/wiadomosci\/#\/schema\/logo\/image\/"},"sameAs":["https:\/\/www.facebook.com\/24gliwice","https:\/\/x.com\/24gliwice","https:\/\/www.youtube.com\/@24gliwice"]},{"@type":"Person","@id":"https:\/\/www.24gliwice.pl\/wiadomosci\/#\/schema\/person\/940e8f8a097e322de4f463f061ef8d45","name":"Micha\u0142 Szewczyk","image":{"@type":"ImageObject","inLanguage":"pl-PL","@id":"https:\/\/secure.gravatar.com\/avatar\/771b8b6c74cd8d255e46392d605e01a86133900ef09b6ef3c8d451c9d92288cf?s=96&d=mm&r=g","url":"https:\/\/secure.gravatar.com\/avatar\/771b8b6c74cd8d255e46392d605e01a86133900ef09b6ef3c8d451c9d92288cf?s=96&d=mm&r=g","contentUrl":"https:\/\/secure.gravatar.com\/avatar\/771b8b6c74cd8d255e46392d605e01a86133900ef09b6ef3c8d451c9d92288cf?s=96&d=mm&r=g","caption":"Micha\u0142 Szewczyk"},"sameAs":["http:\/\/www.gazeta-miejska.pl"],"url":"https:\/\/www.24gliwice.pl\/wiadomosci\/author\/michal-szewczyk\/"}]}},"_links":{"self":[{"href":"https:\/\/www.24gliwice.pl\/wiadomosci\/wp-json\/wp\/v2\/posts\/146036","targetHints":{"allow":["GET"]}}],"collection":[{"href":"https:\/\/www.24gliwice.pl\/wiadomosci\/wp-json\/wp\/v2\/posts"}],"about":[{"href":"https:\/\/www.24gliwice.pl\/wiadomosci\/wp-json\/wp\/v2\/types\/post"}],"author":[{"embeddable":true,"href":"https:\/\/www.24gliwice.pl\/wiadomosci\/wp-json\/wp\/v2\/users\/12"}],"replies":[{"embeddable":true,"href":"https:\/\/www.24gliwice.pl\/wiadomosci\/wp-json\/wp\/v2\/comments?post=146036"}],"version-history":[{"count":0,"href":"https:\/\/www.24gliwice.pl\/wiadomosci\/wp-json\/wp\/v2\/posts\/146036\/revisions"}],"wp:featuredmedia":[{"embeddable":true,"href":"https:\/\/www.24gliwice.pl\/wiadomosci\/wp-json\/wp\/v2\/media\/146051"}],"wp:attachment":[{"href":"https:\/\/www.24gliwice.pl\/wiadomosci\/wp-json\/wp\/v2\/media?parent=146036"}],"wp:term":[{"taxonomy":"category","embeddable":true,"href":"https:\/\/www.24gliwice.pl\/wiadomosci\/wp-json\/wp\/v2\/categories?post=146036"},{"taxonomy":"post_tag","embeddable":true,"href":"https:\/\/www.24gliwice.pl\/wiadomosci\/wp-json\/wp\/v2\/tags?post=146036"}],"curies":[{"name":"wp","href":"https:\/\/api.w.org\/{rel}","templated":true}]}}