{"id":146056,"date":"2020-01-14T11:22:23","date_gmt":"2020-01-14T10:22:23","guid":{"rendered":"https:\/\/www.24gliwice.pl\/wiadomosci\/?p=146056"},"modified":"2020-01-14T11:22:23","modified_gmt":"2020-01-14T10:22:23","slug":"rekordowy-final-wosp-w-gliwicach-gdzie-w-miescie-mozna-znalezc-sprzet-kupiony-przez-fundacje","status":"publish","type":"post","link":"https:\/\/www.24gliwice.pl\/wiadomosci\/rekordowy-final-wosp-w-gliwicach-gdzie-w-miescie-mozna-znalezc-sprzet-kupiony-przez-fundacje\/","title":{"rendered":"Rekordowy fina\u0142 WO\u015aP w Gliwicach. Gdzie w mie\u015bcie mo\u017cna znale\u017a\u0107 sprz\u0119t kupiony przez fundacj\u0119?"},"content":{"rendered":"<div class=\"gliwi-a6-nad-leadem-artykulow gliwi-entity-placement\" id=\"gliwi-3836861600\"><div class=\"gliwi-adlabel\"><span style=\"font-size: 9px\">REKLAMA<\/span><\/div><div id=\"gliwi-3628258477\" style=\"margin-bottom: 25px;margin-left: auto;margin-right: auto;text-align: center;\"><a data-no-instant=\"1\" href=\"https:\/\/dom100.eu\/\" rel=\"noopener\" class=\"a2t-link\" target=\"_blank\" aria-label=\"20260415 DOM100 D\"><img loading=\"lazy\" decoding=\"async\" src=\"https:\/\/www.24gliwice.pl\/wiadomosci\/wp-content\/uploads\/2026\/04\/20260415-DOM100-D.jpg\" alt=\"\"  srcset=\"https:\/\/www.24gliwice.pl\/wiadomosci\/wp-content\/uploads\/2026\/04\/20260415-DOM100-D.jpg 750w, https:\/\/www.24gliwice.pl\/wiadomosci\/wp-content\/uploads\/2026\/04\/20260415-DOM100-D-410x109.jpg 410w\" sizes=\"(max-width: 750px) 100vw, 750px\" class=\"no-lazyload\" width=\"750\" height=\"200\"  style=\"display: inline-block; max-width: 100%; height: auto;\" \/><\/a><\/div><\/div><h3>Podczas 28. fina\u0142u Wielkiej Orkiestry \u015awi\u0105tecznej Pomocy w Gliwicach uda\u0142o si\u0119 zebra\u0107 rekordow\u0105 sum\u0119 pieni\u0119dzy. Do Fundacji WO\u015aP-u trafi w tym roku z gliwickich sztab\u00f3w a\u017c 394 204,59 z\u0142. <\/h3>\n<p>Po podliczeniu wszystkich pieni\u0119dzy, okaza\u0142o si\u0119, \u017ce w ca\u0142ym mie\u015bcie mamy o blisko 70 tys. z\u0142 wi\u0119cej ni\u017c w ubieg\u0142ym roku. W Gliwicach dzia\u0142a\u0142o pi\u0119\u0107 sztab\u00f3w. Wielkie brawa nale\u017c\u0105 si\u0119 wszystkim wolontariuszom, kt\u00f3rzy od rana kwestowali na rzecz WO\u015aP-u i organizowali odbywaj\u0105ce si\u0119 w tym dniu miejskie imprezy. <\/p>\n<h3>Wielki fina\u0142 tradycyjnie mia\u0142 miejsce na Rynku. Dla gliwiczan zagra\u0142y zespo\u0142y Sorry Boys oraz Vox, by\u0142o te\u017c bardzo widowiskowe, laserowe \u015awiate\u0142ko do Nieba.<\/h3>\n<p>Stacja Artystyczna Rynek zebra\u0142a 211 125,19 z\u0142; Fundacja Biegamy Z Sercem przekaza\u0142a 101.146, 25 z\u0142; Zesp\u00f3\u0142 Szk\u00f3\u0142 Techniczno-Informatycznych w Gliwicach zebra\u0142 45.344,67 z\u0142; Zesp\u00f3\u0142 Szk\u00f3\u0142 Filomata wspar\u0142 WO\u015aP kwot\u0105 22.500 z\u0142; \u0141ab\u0119dzki Bieg Po \u0106moku do\u0142o\u017cy\u0142 do miejskiej puli 14.088,48 z\u0142.<\/p><div class=\"gliwi-a3-w-tresci-artykulow gliwi-entity-placement\" id=\"gliwi-3513086704\"><div class=\"gliwi-adlabel\"><span style=\"font-size: 9px\">REKLAMA<\/span><\/div><div id=\"gliwi-1361077693\" style=\"margin-bottom: 30px;margin-left: auto;margin-right: auto;text-align: center;\"><a data-no-instant=\"1\" href=\"https:\/\/zlobek.halogen.org.pl\/\" rel=\"noopener\" class=\"a2t-link\" target=\"_blank\" aria-label=\"animator-zlobek_750x200\"><img loading=\"lazy\" decoding=\"async\" src=\"https:\/\/www.24gliwice.pl\/wiadomosci\/wp-content\/uploads\/2026\/02\/animator-zlobek_750x200.webp\" alt=\"\"  srcset=\"https:\/\/www.24gliwice.pl\/wiadomosci\/wp-content\/uploads\/2026\/02\/animator-zlobek_750x200.webp 750w, https:\/\/www.24gliwice.pl\/wiadomosci\/wp-content\/uploads\/2026\/02\/animator-zlobek_750x200-410x109.webp 410w\" sizes=\"(max-width: 750px) 100vw, 750px\" class=\"no-lazyload\" width=\"750\" height=\"200\"  style=\"display: inline-block; max-width: 100%; height: auto;\" \/><\/a><\/div><\/div>\n<p><iframe loading=\"lazy\" src=\"https:\/\/www.facebook.com\/plugins\/video.php?href=https%3A%2F%2Fwww.facebook.com%2Fmosquidron%2Fvideos%2F1370254769752784%2F&#038;show_text=0&#038;width=560\" width=\"560\" height=\"315\" style=\"border:none;overflow:hidden\" scrolling=\"no\" frameborder=\"0\" allowTransparency=\"true\" allowFullScreen=\"true\"><\/iframe><\/p>\n<p>Hojno\u015b\u0107 niew\u0105tpliwie si\u0119 op\u0142aci \u2013 pieni\u0105dze zostan\u0105 przeznaczone mi\u0119dzy innymi na zakup nowoczesnych urz\u0105dze\u0144 ratuj\u0105cych \u017cycie. Przekazane \u015brodki trafi\u0105 mi\u0119dzy innymi do dzieci\u0119cych oddzia\u0142\u00f3w chirurgii og\u00f3lnej, kardio- i neurochirurgii.<\/p>\n<h4>Sprz\u0119t WO\u015aP trafia tak\u017ce do gliwickich plac\u00f3wek<\/h4>\n<p>Wielka Orkiestra \u015awi\u0105tecznej Pomocy gra\u0142a ju\u017c po raz 28. &#8211; w ci\u0105gu wszystkich lat istnienia do gliwickich plac\u00f3wek zosta\u0142 przekazany sprz\u0119t o warto\u015bci 1,56 mln z\u0142otych. Najwi\u0119ksz\u0105 kwot\u0119 &#8211; oko\u0142o 833 tysi\u0119cy z\u0142otych otrzyma\u0142 Oddzia\u0142 Fizjologii, Patologii i Intensywnej Opieki Medycznej Noworodk\u00f3w w Szpitalu Wielospecjalistycznym przy ul. Ko\u015bciuszki 1. <\/p>\n<h3>Zakupiono za to m.in. pompy infuzyjne, pulsoksymetry, stanowiska do resuscytacji, inkubatory, kardiomonitory i fotele do kangurowania. <\/h3>\n<p>Urz\u0105dzenia sfinansowane z funduszy Orkiestry trafi\u0142y tak\u017ce do szpitali przy ulicach Ko\u015bciuszki 29, Zygmunta Starego 20 oraz Radiowej 2, do Poradni Diabetologicznej w o\u015brodku zdrowia przy ul. Opolskiej, Komendy Miejskiej Policji i Komendy Pa\u0144stwowej Stra\u017cy Po\u017carnej (defibrylatory), jak r\u00f3wnie\u017c do Specjalistycznego Centrum Medycznego &#8220;DIASOMED&#8221; NZOZ \u015al\u0105skiej Fundacji Dzieci i M\u0142odzie\u017cy z Cukrzyc\u0105 (pompy insulinowe). <\/p>\n<p>Wszystkie sprz\u0119ty, jakie fundacja WO\u015aP przekaza\u0142 plac\u00f3wkom w Gliwicach oraz w innych polskich miastach i miasteczkach, a tak\u017ce ich warto\u015b\u0107, mo\u017cna znale\u017a\u0107 na stronie internetowej organizacji w zak\u0142adce <a href=\"https:\/\/www.wosp.org.pl\/medycyna\/sprzet\/przekazany-sprzet\" rel=\"noopener noreferrer\" target=\"_blank\">&#8220;Sprz\u0119t w Twoim mie\u015bcie&#8221;.<\/a><\/p>\n<p>(\u017cms)\/MSI<br \/>\nfot. Mosquidron<\/p>\n<p><img loading=\"lazy\" decoding=\"async\" src=\"https:\/\/www.24gliwice.pl\/wiadomosci\/wp-content\/uploads\/2020\/01\/28-fina\u0142-wo\u015bp-komar.jpg\" alt=\"\" width=\"960\" height=\"960\" class=\"alignnone size-full wp-image-146065\" srcset=\"https:\/\/www.24gliwice.pl\/wiadomosci\/wp-content\/uploads\/2020\/01\/28-fina\u0142-wo\u015bp-komar.jpg 960w, https:\/\/www.24gliwice.pl\/wiadomosci\/wp-content\/uploads\/2020\/01\/28-fina\u0142-wo\u015bp-komar-232x232.jpg 232w, https:\/\/www.24gliwice.pl\/wiadomosci\/wp-content\/uploads\/2020\/01\/28-fina\u0142-wo\u015bp-komar-455x455.jpg 455w, https:\/\/www.24gliwice.pl\/wiadomosci\/wp-content\/uploads\/2020\/01\/28-fina\u0142-wo\u015bp-komar-90x90.jpg 90w, https:\/\/www.24gliwice.pl\/wiadomosci\/wp-content\/uploads\/2020\/01\/28-fina\u0142-wo\u015bp-komar-768x768.jpg 768w, https:\/\/www.24gliwice.pl\/wiadomosci\/wp-content\/uploads\/2020\/01\/28-fina\u0142-wo\u015bp-komar-810x810.jpg 810w\" sizes=\"auto, (max-width: 960px) 100vw, 960px\" \/><\/p>\n<div class=\"gliwi-a5-na-koncu-artykulow gliwi-entity-placement\" id=\"gliwi-3913988883\"><div class=\"gliwi-adlabel\"><span style=\"font-size: 9px\">REKLAMA<\/span><\/div><div id=\"gliwi-400014781\" style=\"margin-left: auto;margin-right: auto;text-align: center;\"><a data-no-instant=\"1\" href=\"https:\/\/prezeroarenagliwice.pl\/\" rel=\"noopener\" class=\"a2t-link\" target=\"_blank\" aria-label=\"20260309-PREZERO-WIOSNA-D\"><img loading=\"lazy\" decoding=\"async\" src=\"https:\/\/www.24gliwice.pl\/wiadomosci\/wp-content\/uploads\/2026\/03\/20260309-PREZERO-WIOSNA-D.webp\" alt=\"\"  srcset=\"https:\/\/www.24gliwice.pl\/wiadomosci\/wp-content\/uploads\/2026\/03\/20260309-PREZERO-WIOSNA-D.webp 750w, https:\/\/www.24gliwice.pl\/wiadomosci\/wp-content\/uploads\/2026\/03\/20260309-PREZERO-WIOSNA-D-410x109.webp 410w\" sizes=\"(max-width: 750px) 100vw, 750px\" class=\"no-lazyload\" width=\"750\" height=\"200\"  style=\"display: inline-block; max-width: 100%; height: auto;\" \/><\/a><\/div><\/div>","protected":false},"excerpt":{"rendered":"<p>Podczas 28. fina\u0142u Wielkiej Orkiestry \u015awi\u0105tecznej Pomocy w Gliwicach uda\u0142o si\u0119 zebra\u0107 rekordow\u0105 sum\u0119 pieni\u0119dzy. Do Fundacji WO\u015aP-u trafi w tym roku z gliwickich sztab\u00f3w a\u017c 394 204,59 z\u0142. Po podliczeniu wszystkich pieni\u0119dzy, okaza\u0142o si\u0119, \u017ce w ca\u0142ym mie\u015bcie mamy o blisko 70 tys. z\u0142 wi\u0119cej ni\u017c w ubieg\u0142ym roku. W Gliwicach dzia\u0142a\u0142o pi\u0119\u0107 sztab\u00f3w. [&hellip;]<\/p>\n","protected":false},"author":15,"featured_media":146064,"comment_status":"open","ping_status":"closed","sticky":false,"template":"","format":"standard","meta":{"_monsterinsights_skip_tracking":false,"_monsterinsights_sitenote_active":false,"_monsterinsights_sitenote_note":"","_monsterinsights_sitenote_category":0,"footnotes":"","_links_to":"","_links_to_target":""},"categories":[3,1],"tags":[11066,9136,14448,11089,10728,9273],"class_list":["post-146056","post","type-post","status-publish","format-standard","has-post-thumbnail","hentry","category-gliwice","category-wszystko","tag-final-wosp","tag-fundacja","tag-owsiak","tag-sprzet-medyczny","tag-szpitale","tag-zbiorka-publiczna"],"yoast_head":"<!-- This site is optimized with the Yoast SEO plugin v27.5 - https:\/\/yoast.com\/product\/yoast-seo-wordpress\/ -->\n<title>Rekordowy fina\u0142 WO\u015aP w Gliwicach. Gdzie w mie\u015bcie mo\u017cna znale\u017a\u0107 sprz\u0119t kupiony przez fundacj\u0119? - 24GLIWICE - Portal Gliwice | codziennie nowe informacje<\/title>\n<meta name=\"robots\" content=\"index, follow, max-snippet:-1, max-image-preview:large, max-video-preview:-1\" \/>\n<link rel=\"canonical\" href=\"https:\/\/www.24gliwice.pl\/wiadomosci\/rekordowy-final-wosp-w-gliwicach-gdzie-w-miescie-mozna-znalezc-sprzet-kupiony-przez-fundacje\/\" \/>\n<meta property=\"og:locale\" content=\"pl_PL\" \/>\n<meta property=\"og:type\" content=\"article\" \/>\n<meta property=\"og:title\" content=\"Rekordowy fina\u0142 WO\u015aP w Gliwicach. Gdzie w mie\u015bcie mo\u017cna znale\u017a\u0107 sprz\u0119t kupiony przez fundacj\u0119? - 24GLIWICE - Portal Gliwice | codziennie nowe informacje\" \/>\n<meta property=\"og:description\" content=\"Podczas 28. fina\u0142u Wielkiej Orkiestry \u015awi\u0105tecznej Pomocy w Gliwicach uda\u0142o si\u0119 zebra\u0107 rekordow\u0105 sum\u0119 pieni\u0119dzy. Do Fundacji WO\u015aP-u trafi w tym roku z gliwickich sztab\u00f3w a\u017c 394 204,59 z\u0142. Po podliczeniu wszystkich pieni\u0119dzy, okaza\u0142o si\u0119, \u017ce w ca\u0142ym mie\u015bcie mamy o blisko 70 tys. z\u0142 wi\u0119cej ni\u017c w ubieg\u0142ym roku. W Gliwicach dzia\u0142a\u0142o pi\u0119\u0107 sztab\u00f3w. [&hellip;]\" \/>\n<meta property=\"og:url\" content=\"https:\/\/www.24gliwice.pl\/wiadomosci\/rekordowy-final-wosp-w-gliwicach-gdzie-w-miescie-mozna-znalezc-sprzet-kupiony-przez-fundacje\/\" \/>\n<meta property=\"og:site_name\" content=\"24GLIWICE - Portal Gliwice | codziennie nowe informacje\" \/>\n<meta property=\"article:publisher\" content=\"https:\/\/www.facebook.com\/24gliwice\" \/>\n<meta property=\"article:published_time\" content=\"2020-01-14T10:22:23+00:00\" \/>\n<meta property=\"og:image\" content=\"https:\/\/www.24gliwice.pl\/wiadomosci\/wp-content\/uploads\/2020\/01\/28-fina\u0142-wo\u015bp-komar-g\u0142\u00f3wne.jpg\" \/>\n\t<meta property=\"og:image:width\" content=\"960\" \/>\n\t<meta property=\"og:image:height\" content=\"540\" \/>\n\t<meta property=\"og:image:type\" content=\"image\/jpeg\" \/>\n<meta name=\"author\" content=\"\u017baneta Mrozek-Siewierska\" \/>\n<meta name=\"twitter:card\" content=\"summary_large_image\" \/>\n<meta name=\"twitter:creator\" content=\"@24gliwice\" \/>\n<meta name=\"twitter:site\" content=\"@24gliwice\" \/>\n<meta name=\"twitter:label1\" content=\"Napisane przez\" \/>\n\t<meta name=\"twitter:data1\" content=\"\u017baneta Mrozek-Siewierska\" \/>\n\t<meta name=\"twitter:label2\" content=\"Szacowany czas czytania\" \/>\n\t<meta name=\"twitter:data2\" content=\"2 minuty\" \/>\n<script type=\"application\/ld+json\" class=\"yoast-schema-graph\">{\"@context\":\"https:\\\/\\\/schema.org\",\"@graph\":[{\"@type\":\"Article\",\"@id\":\"https:\\\/\\\/www.24gliwice.pl\\\/wiadomosci\\\/rekordowy-final-wosp-w-gliwicach-gdzie-w-miescie-mozna-znalezc-sprzet-kupiony-przez-fundacje\\\/#article\",\"isPartOf\":{\"@id\":\"https:\\\/\\\/www.24gliwice.pl\\\/wiadomosci\\\/rekordowy-final-wosp-w-gliwicach-gdzie-w-miescie-mozna-znalezc-sprzet-kupiony-przez-fundacje\\\/\"},\"author\":{\"name\":\"\u017baneta Mrozek-Siewierska\",\"@id\":\"https:\\\/\\\/www.24gliwice.pl\\\/wiadomosci\\\/#\\\/schema\\\/person\\\/e42c650edd7f2fa332be3811fb166b6e\"},\"headline\":\"Rekordowy fina\u0142 WO\u015aP w Gliwicach. Gdzie w mie\u015bcie mo\u017cna znale\u017a\u0107 sprz\u0119t kupiony przez fundacj\u0119?\",\"datePublished\":\"2020-01-14T10:22:23+00:00\",\"mainEntityOfPage\":{\"@id\":\"https:\\\/\\\/www.24gliwice.pl\\\/wiadomosci\\\/rekordowy-final-wosp-w-gliwicach-gdzie-w-miescie-mozna-znalezc-sprzet-kupiony-przez-fundacje\\\/\"},\"wordCount\":407,\"commentCount\":0,\"publisher\":{\"@id\":\"https:\\\/\\\/www.24gliwice.pl\\\/wiadomosci\\\/#organization\"},\"image\":{\"@id\":\"https:\\\/\\\/www.24gliwice.pl\\\/wiadomosci\\\/rekordowy-final-wosp-w-gliwicach-gdzie-w-miescie-mozna-znalezc-sprzet-kupiony-przez-fundacje\\\/#primaryimage\"},\"thumbnailUrl\":\"https:\\\/\\\/www.24gliwice.pl\\\/wiadomosci\\\/wp-content\\\/uploads\\\/2020\\\/01\\\/28-fina\u0142-wo\u015bp-komar-g\u0142\u00f3wne.jpg\",\"keywords\":[\"FINA\u0141 WO\u015aP\",\"fundacja\",\"owsiak\",\"sprz\u0119t medyczny\",\"szpitale\",\"zbi\u00f3rka publiczna\"],\"articleSection\":[\"Gliwice\",\"Najnowsze wiadomo\u015bci\"],\"inLanguage\":\"pl-PL\",\"potentialAction\":[{\"@type\":\"CommentAction\",\"name\":\"Comment\",\"target\":[\"https:\\\/\\\/www.24gliwice.pl\\\/wiadomosci\\\/rekordowy-final-wosp-w-gliwicach-gdzie-w-miescie-mozna-znalezc-sprzet-kupiony-przez-fundacje\\\/#respond\"]}]},{\"@type\":\"WebPage\",\"@id\":\"https:\\\/\\\/www.24gliwice.pl\\\/wiadomosci\\\/rekordowy-final-wosp-w-gliwicach-gdzie-w-miescie-mozna-znalezc-sprzet-kupiony-przez-fundacje\\\/\",\"url\":\"https:\\\/\\\/www.24gliwice.pl\\\/wiadomosci\\\/rekordowy-final-wosp-w-gliwicach-gdzie-w-miescie-mozna-znalezc-sprzet-kupiony-przez-fundacje\\\/\",\"name\":\"Rekordowy fina\u0142 WO\u015aP w Gliwicach. Gdzie w mie\u015bcie mo\u017cna znale\u017a\u0107 sprz\u0119t kupiony przez fundacj\u0119? - 24GLIWICE - Portal Gliwice | codziennie nowe informacje\",\"isPartOf\":{\"@id\":\"https:\\\/\\\/www.24gliwice.pl\\\/wiadomosci\\\/#website\"},\"primaryImageOfPage\":{\"@id\":\"https:\\\/\\\/www.24gliwice.pl\\\/wiadomosci\\\/rekordowy-final-wosp-w-gliwicach-gdzie-w-miescie-mozna-znalezc-sprzet-kupiony-przez-fundacje\\\/#primaryimage\"},\"image\":{\"@id\":\"https:\\\/\\\/www.24gliwice.pl\\\/wiadomosci\\\/rekordowy-final-wosp-w-gliwicach-gdzie-w-miescie-mozna-znalezc-sprzet-kupiony-przez-fundacje\\\/#primaryimage\"},\"thumbnailUrl\":\"https:\\\/\\\/www.24gliwice.pl\\\/wiadomosci\\\/wp-content\\\/uploads\\\/2020\\\/01\\\/28-fina\u0142-wo\u015bp-komar-g\u0142\u00f3wne.jpg\",\"datePublished\":\"2020-01-14T10:22:23+00:00\",\"breadcrumb\":{\"@id\":\"https:\\\/\\\/www.24gliwice.pl\\\/wiadomosci\\\/rekordowy-final-wosp-w-gliwicach-gdzie-w-miescie-mozna-znalezc-sprzet-kupiony-przez-fundacje\\\/#breadcrumb\"},\"inLanguage\":\"pl-PL\",\"potentialAction\":[{\"@type\":\"ReadAction\",\"target\":[\"https:\\\/\\\/www.24gliwice.pl\\\/wiadomosci\\\/rekordowy-final-wosp-w-gliwicach-gdzie-w-miescie-mozna-znalezc-sprzet-kupiony-przez-fundacje\\\/\"]}]},{\"@type\":\"ImageObject\",\"inLanguage\":\"pl-PL\",\"@id\":\"https:\\\/\\\/www.24gliwice.pl\\\/wiadomosci\\\/rekordowy-final-wosp-w-gliwicach-gdzie-w-miescie-mozna-znalezc-sprzet-kupiony-przez-fundacje\\\/#primaryimage\",\"url\":\"https:\\\/\\\/www.24gliwice.pl\\\/wiadomosci\\\/wp-content\\\/uploads\\\/2020\\\/01\\\/28-fina\u0142-wo\u015bp-komar-g\u0142\u00f3wne.jpg\",\"contentUrl\":\"https:\\\/\\\/www.24gliwice.pl\\\/wiadomosci\\\/wp-content\\\/uploads\\\/2020\\\/01\\\/28-fina\u0142-wo\u015bp-komar-g\u0142\u00f3wne.jpg\",\"width\":960,\"height\":540,\"caption\":\"fot. Mosquidron\"},{\"@type\":\"BreadcrumbList\",\"@id\":\"https:\\\/\\\/www.24gliwice.pl\\\/wiadomosci\\\/rekordowy-final-wosp-w-gliwicach-gdzie-w-miescie-mozna-znalezc-sprzet-kupiony-przez-fundacje\\\/#breadcrumb\",\"itemListElement\":[{\"@type\":\"ListItem\",\"position\":1,\"name\":\"Strona g\u0142\u00f3wna\",\"item\":\"https:\\\/\\\/www.24gliwice.pl\\\/wiadomosci\\\/\"},{\"@type\":\"ListItem\",\"position\":2,\"name\":\"Rekordowy fina\u0142 WO\u015aP w Gliwicach. Gdzie w mie\u015bcie mo\u017cna znale\u017a\u0107 sprz\u0119t kupiony przez fundacj\u0119?\"}]},{\"@type\":\"WebSite\",\"@id\":\"https:\\\/\\\/www.24gliwice.pl\\\/wiadomosci\\\/#website\",\"url\":\"https:\\\/\\\/www.24gliwice.pl\\\/wiadomosci\\\/\",\"name\":\"24GLIWICE - Portal Gliwice | codziennie nowe wiadomo\u015bci\",\"description\":\"Portal Miejski Gliwice\",\"publisher\":{\"@id\":\"https:\\\/\\\/www.24gliwice.pl\\\/wiadomosci\\\/#organization\"},\"potentialAction\":[{\"@type\":\"SearchAction\",\"target\":{\"@type\":\"EntryPoint\",\"urlTemplate\":\"https:\\\/\\\/www.24gliwice.pl\\\/wiadomosci\\\/?s={search_term_string}\"},\"query-input\":{\"@type\":\"PropertyValueSpecification\",\"valueRequired\":true,\"valueName\":\"search_term_string\"}}],\"inLanguage\":\"pl-PL\"},{\"@type\":\"Organization\",\"@id\":\"https:\\\/\\\/www.24gliwice.pl\\\/wiadomosci\\\/#organization\",\"name\":\"24gliwice\",\"url\":\"https:\\\/\\\/www.24gliwice.pl\\\/wiadomosci\\\/\",\"logo\":{\"@type\":\"ImageObject\",\"inLanguage\":\"pl-PL\",\"@id\":\"https:\\\/\\\/www.24gliwice.pl\\\/wiadomosci\\\/#\\\/schema\\\/logo\\\/image\\\/\",\"url\":\"https:\\\/\\\/www.24gliwice.pl\\\/wiadomosci\\\/wp-content\\\/uploads\\\/2024\\\/10\\\/24gliwice-logo-696.jpg\",\"contentUrl\":\"https:\\\/\\\/www.24gliwice.pl\\\/wiadomosci\\\/wp-content\\\/uploads\\\/2024\\\/10\\\/24gliwice-logo-696.jpg\",\"width\":696,\"height\":696,\"caption\":\"24gliwice\"},\"image\":{\"@id\":\"https:\\\/\\\/www.24gliwice.pl\\\/wiadomosci\\\/#\\\/schema\\\/logo\\\/image\\\/\"},\"sameAs\":[\"https:\\\/\\\/www.facebook.com\\\/24gliwice\",\"https:\\\/\\\/x.com\\\/24gliwice\",\"https:\\\/\\\/www.youtube.com\\\/@24gliwice\"]},{\"@type\":\"Person\",\"@id\":\"https:\\\/\\\/www.24gliwice.pl\\\/wiadomosci\\\/#\\\/schema\\\/person\\\/e42c650edd7f2fa332be3811fb166b6e\",\"name\":\"\u017baneta Mrozek-Siewierska\",\"image\":{\"@type\":\"ImageObject\",\"inLanguage\":\"pl-PL\",\"@id\":\"https:\\\/\\\/secure.gravatar.com\\\/avatar\\\/1881429e9c64597c77ad7aef2d0a19be69a3253e57534d16aa15bf3a4d34a0a3?s=96&d=mm&r=g\",\"url\":\"https:\\\/\\\/secure.gravatar.com\\\/avatar\\\/1881429e9c64597c77ad7aef2d0a19be69a3253e57534d16aa15bf3a4d34a0a3?s=96&d=mm&r=g\",\"contentUrl\":\"https:\\\/\\\/secure.gravatar.com\\\/avatar\\\/1881429e9c64597c77ad7aef2d0a19be69a3253e57534d16aa15bf3a4d34a0a3?s=96&d=mm&r=g\",\"caption\":\"\u017baneta Mrozek-Siewierska\"},\"url\":\"https:\\\/\\\/www.24gliwice.pl\\\/wiadomosci\\\/author\\\/zms\\\/\"}]}<\/script>\n<!-- \/ Yoast SEO plugin. -->","yoast_head_json":{"title":"Rekordowy fina\u0142 WO\u015aP w Gliwicach. Gdzie w mie\u015bcie mo\u017cna znale\u017a\u0107 sprz\u0119t kupiony przez fundacj\u0119? - 24GLIWICE - Portal Gliwice | codziennie nowe informacje","robots":{"index":"index","follow":"follow","max-snippet":"max-snippet:-1","max-image-preview":"max-image-preview:large","max-video-preview":"max-video-preview:-1"},"canonical":"https:\/\/www.24gliwice.pl\/wiadomosci\/rekordowy-final-wosp-w-gliwicach-gdzie-w-miescie-mozna-znalezc-sprzet-kupiony-przez-fundacje\/","og_locale":"pl_PL","og_type":"article","og_title":"Rekordowy fina\u0142 WO\u015aP w Gliwicach. Gdzie w mie\u015bcie mo\u017cna znale\u017a\u0107 sprz\u0119t kupiony przez fundacj\u0119? - 24GLIWICE - Portal Gliwice | codziennie nowe informacje","og_description":"Podczas 28. fina\u0142u Wielkiej Orkiestry \u015awi\u0105tecznej Pomocy w Gliwicach uda\u0142o si\u0119 zebra\u0107 rekordow\u0105 sum\u0119 pieni\u0119dzy. Do Fundacji WO\u015aP-u trafi w tym roku z gliwickich sztab\u00f3w a\u017c 394 204,59 z\u0142. Po podliczeniu wszystkich pieni\u0119dzy, okaza\u0142o si\u0119, \u017ce w ca\u0142ym mie\u015bcie mamy o blisko 70 tys. z\u0142 wi\u0119cej ni\u017c w ubieg\u0142ym roku. W Gliwicach dzia\u0142a\u0142o pi\u0119\u0107 sztab\u00f3w. [&hellip;]","og_url":"https:\/\/www.24gliwice.pl\/wiadomosci\/rekordowy-final-wosp-w-gliwicach-gdzie-w-miescie-mozna-znalezc-sprzet-kupiony-przez-fundacje\/","og_site_name":"24GLIWICE - Portal Gliwice | codziennie nowe informacje","article_publisher":"https:\/\/www.facebook.com\/24gliwice","article_published_time":"2020-01-14T10:22:23+00:00","og_image":[{"width":960,"height":540,"url":"https:\/\/www.24gliwice.pl\/wiadomosci\/wp-content\/uploads\/2020\/01\/28-fina\u0142-wo\u015bp-komar-g\u0142\u00f3wne.jpg","type":"image\/jpeg"}],"author":"\u017baneta Mrozek-Siewierska","twitter_card":"summary_large_image","twitter_creator":"@24gliwice","twitter_site":"@24gliwice","twitter_misc":{"Napisane przez":"\u017baneta Mrozek-Siewierska","Szacowany czas czytania":"2 minuty"},"schema":{"@context":"https:\/\/schema.org","@graph":[{"@type":"Article","@id":"https:\/\/www.24gliwice.pl\/wiadomosci\/rekordowy-final-wosp-w-gliwicach-gdzie-w-miescie-mozna-znalezc-sprzet-kupiony-przez-fundacje\/#article","isPartOf":{"@id":"https:\/\/www.24gliwice.pl\/wiadomosci\/rekordowy-final-wosp-w-gliwicach-gdzie-w-miescie-mozna-znalezc-sprzet-kupiony-przez-fundacje\/"},"author":{"name":"\u017baneta Mrozek-Siewierska","@id":"https:\/\/www.24gliwice.pl\/wiadomosci\/#\/schema\/person\/e42c650edd7f2fa332be3811fb166b6e"},"headline":"Rekordowy fina\u0142 WO\u015aP w Gliwicach. Gdzie w mie\u015bcie mo\u017cna znale\u017a\u0107 sprz\u0119t kupiony przez fundacj\u0119?","datePublished":"2020-01-14T10:22:23+00:00","mainEntityOfPage":{"@id":"https:\/\/www.24gliwice.pl\/wiadomosci\/rekordowy-final-wosp-w-gliwicach-gdzie-w-miescie-mozna-znalezc-sprzet-kupiony-przez-fundacje\/"},"wordCount":407,"commentCount":0,"publisher":{"@id":"https:\/\/www.24gliwice.pl\/wiadomosci\/#organization"},"image":{"@id":"https:\/\/www.24gliwice.pl\/wiadomosci\/rekordowy-final-wosp-w-gliwicach-gdzie-w-miescie-mozna-znalezc-sprzet-kupiony-przez-fundacje\/#primaryimage"},"thumbnailUrl":"https:\/\/www.24gliwice.pl\/wiadomosci\/wp-content\/uploads\/2020\/01\/28-fina\u0142-wo\u015bp-komar-g\u0142\u00f3wne.jpg","keywords":["FINA\u0141 WO\u015aP","fundacja","owsiak","sprz\u0119t medyczny","szpitale","zbi\u00f3rka publiczna"],"articleSection":["Gliwice","Najnowsze wiadomo\u015bci"],"inLanguage":"pl-PL","potentialAction":[{"@type":"CommentAction","name":"Comment","target":["https:\/\/www.24gliwice.pl\/wiadomosci\/rekordowy-final-wosp-w-gliwicach-gdzie-w-miescie-mozna-znalezc-sprzet-kupiony-przez-fundacje\/#respond"]}]},{"@type":"WebPage","@id":"https:\/\/www.24gliwice.pl\/wiadomosci\/rekordowy-final-wosp-w-gliwicach-gdzie-w-miescie-mozna-znalezc-sprzet-kupiony-przez-fundacje\/","url":"https:\/\/www.24gliwice.pl\/wiadomosci\/rekordowy-final-wosp-w-gliwicach-gdzie-w-miescie-mozna-znalezc-sprzet-kupiony-przez-fundacje\/","name":"Rekordowy fina\u0142 WO\u015aP w Gliwicach. Gdzie w mie\u015bcie mo\u017cna znale\u017a\u0107 sprz\u0119t kupiony przez fundacj\u0119? - 24GLIWICE - Portal Gliwice | codziennie nowe informacje","isPartOf":{"@id":"https:\/\/www.24gliwice.pl\/wiadomosci\/#website"},"primaryImageOfPage":{"@id":"https:\/\/www.24gliwice.pl\/wiadomosci\/rekordowy-final-wosp-w-gliwicach-gdzie-w-miescie-mozna-znalezc-sprzet-kupiony-przez-fundacje\/#primaryimage"},"image":{"@id":"https:\/\/www.24gliwice.pl\/wiadomosci\/rekordowy-final-wosp-w-gliwicach-gdzie-w-miescie-mozna-znalezc-sprzet-kupiony-przez-fundacje\/#primaryimage"},"thumbnailUrl":"https:\/\/www.24gliwice.pl\/wiadomosci\/wp-content\/uploads\/2020\/01\/28-fina\u0142-wo\u015bp-komar-g\u0142\u00f3wne.jpg","datePublished":"2020-01-14T10:22:23+00:00","breadcrumb":{"@id":"https:\/\/www.24gliwice.pl\/wiadomosci\/rekordowy-final-wosp-w-gliwicach-gdzie-w-miescie-mozna-znalezc-sprzet-kupiony-przez-fundacje\/#breadcrumb"},"inLanguage":"pl-PL","potentialAction":[{"@type":"ReadAction","target":["https:\/\/www.24gliwice.pl\/wiadomosci\/rekordowy-final-wosp-w-gliwicach-gdzie-w-miescie-mozna-znalezc-sprzet-kupiony-przez-fundacje\/"]}]},{"@type":"ImageObject","inLanguage":"pl-PL","@id":"https:\/\/www.24gliwice.pl\/wiadomosci\/rekordowy-final-wosp-w-gliwicach-gdzie-w-miescie-mozna-znalezc-sprzet-kupiony-przez-fundacje\/#primaryimage","url":"https:\/\/www.24gliwice.pl\/wiadomosci\/wp-content\/uploads\/2020\/01\/28-fina\u0142-wo\u015bp-komar-g\u0142\u00f3wne.jpg","contentUrl":"https:\/\/www.24gliwice.pl\/wiadomosci\/wp-content\/uploads\/2020\/01\/28-fina\u0142-wo\u015bp-komar-g\u0142\u00f3wne.jpg","width":960,"height":540,"caption":"fot. Mosquidron"},{"@type":"BreadcrumbList","@id":"https:\/\/www.24gliwice.pl\/wiadomosci\/rekordowy-final-wosp-w-gliwicach-gdzie-w-miescie-mozna-znalezc-sprzet-kupiony-przez-fundacje\/#breadcrumb","itemListElement":[{"@type":"ListItem","position":1,"name":"Strona g\u0142\u00f3wna","item":"https:\/\/www.24gliwice.pl\/wiadomosci\/"},{"@type":"ListItem","position":2,"name":"Rekordowy fina\u0142 WO\u015aP w Gliwicach. Gdzie w mie\u015bcie mo\u017cna znale\u017a\u0107 sprz\u0119t kupiony przez fundacj\u0119?"}]},{"@type":"WebSite","@id":"https:\/\/www.24gliwice.pl\/wiadomosci\/#website","url":"https:\/\/www.24gliwice.pl\/wiadomosci\/","name":"24GLIWICE - Portal Gliwice | codziennie nowe wiadomo\u015bci","description":"Portal Miejski Gliwice","publisher":{"@id":"https:\/\/www.24gliwice.pl\/wiadomosci\/#organization"},"potentialAction":[{"@type":"SearchAction","target":{"@type":"EntryPoint","urlTemplate":"https:\/\/www.24gliwice.pl\/wiadomosci\/?s={search_term_string}"},"query-input":{"@type":"PropertyValueSpecification","valueRequired":true,"valueName":"search_term_string"}}],"inLanguage":"pl-PL"},{"@type":"Organization","@id":"https:\/\/www.24gliwice.pl\/wiadomosci\/#organization","name":"24gliwice","url":"https:\/\/www.24gliwice.pl\/wiadomosci\/","logo":{"@type":"ImageObject","inLanguage":"pl-PL","@id":"https:\/\/www.24gliwice.pl\/wiadomosci\/#\/schema\/logo\/image\/","url":"https:\/\/www.24gliwice.pl\/wiadomosci\/wp-content\/uploads\/2024\/10\/24gliwice-logo-696.jpg","contentUrl":"https:\/\/www.24gliwice.pl\/wiadomosci\/wp-content\/uploads\/2024\/10\/24gliwice-logo-696.jpg","width":696,"height":696,"caption":"24gliwice"},"image":{"@id":"https:\/\/www.24gliwice.pl\/wiadomosci\/#\/schema\/logo\/image\/"},"sameAs":["https:\/\/www.facebook.com\/24gliwice","https:\/\/x.com\/24gliwice","https:\/\/www.youtube.com\/@24gliwice"]},{"@type":"Person","@id":"https:\/\/www.24gliwice.pl\/wiadomosci\/#\/schema\/person\/e42c650edd7f2fa332be3811fb166b6e","name":"\u017baneta Mrozek-Siewierska","image":{"@type":"ImageObject","inLanguage":"pl-PL","@id":"https:\/\/secure.gravatar.com\/avatar\/1881429e9c64597c77ad7aef2d0a19be69a3253e57534d16aa15bf3a4d34a0a3?s=96&d=mm&r=g","url":"https:\/\/secure.gravatar.com\/avatar\/1881429e9c64597c77ad7aef2d0a19be69a3253e57534d16aa15bf3a4d34a0a3?s=96&d=mm&r=g","contentUrl":"https:\/\/secure.gravatar.com\/avatar\/1881429e9c64597c77ad7aef2d0a19be69a3253e57534d16aa15bf3a4d34a0a3?s=96&d=mm&r=g","caption":"\u017baneta Mrozek-Siewierska"},"url":"https:\/\/www.24gliwice.pl\/wiadomosci\/author\/zms\/"}]}},"_links":{"self":[{"href":"https:\/\/www.24gliwice.pl\/wiadomosci\/wp-json\/wp\/v2\/posts\/146056","targetHints":{"allow":["GET"]}}],"collection":[{"href":"https:\/\/www.24gliwice.pl\/wiadomosci\/wp-json\/wp\/v2\/posts"}],"about":[{"href":"https:\/\/www.24gliwice.pl\/wiadomosci\/wp-json\/wp\/v2\/types\/post"}],"author":[{"embeddable":true,"href":"https:\/\/www.24gliwice.pl\/wiadomosci\/wp-json\/wp\/v2\/users\/15"}],"replies":[{"embeddable":true,"href":"https:\/\/www.24gliwice.pl\/wiadomosci\/wp-json\/wp\/v2\/comments?post=146056"}],"version-history":[{"count":0,"href":"https:\/\/www.24gliwice.pl\/wiadomosci\/wp-json\/wp\/v2\/posts\/146056\/revisions"}],"wp:featuredmedia":[{"embeddable":true,"href":"https:\/\/www.24gliwice.pl\/wiadomosci\/wp-json\/wp\/v2\/media\/146064"}],"wp:attachment":[{"href":"https:\/\/www.24gliwice.pl\/wiadomosci\/wp-json\/wp\/v2\/media?parent=146056"}],"wp:term":[{"taxonomy":"category","embeddable":true,"href":"https:\/\/www.24gliwice.pl\/wiadomosci\/wp-json\/wp\/v2\/categories?post=146056"},{"taxonomy":"post_tag","embeddable":true,"href":"https:\/\/www.24gliwice.pl\/wiadomosci\/wp-json\/wp\/v2\/tags?post=146056"}],"curies":[{"name":"wp","href":"https:\/\/api.w.org\/{rel}","templated":true}]}}