{"id":146265,"date":"2020-01-17T17:22:35","date_gmt":"2020-01-17T16:22:35","guid":{"rendered":"https:\/\/www.24gliwice.pl\/wiadomosci\/?p=146265"},"modified":"2020-01-17T17:22:35","modified_gmt":"2020-01-17T16:22:35","slug":"prof-maciejewski-pierwszym-polakiem-z-ta-prestizowa-nagroda-tu-w-gliwicach-rodzi-sie-historia","status":"publish","type":"post","link":"https:\/\/www.24gliwice.pl\/wiadomosci\/prof-maciejewski-pierwszym-polakiem-z-ta-prestizowa-nagroda-tu-w-gliwicach-rodzi-sie-historia\/","title":{"rendered":"Prof. Maciejewski pierwszym Polakiem z t\u0105 presti\u017cow\u0105 nagrod\u0105. &#8220;Tu w Gliwicach rodzi si\u0119 historia&#8221;"},"content":{"rendered":"<div class=\"gliwi-a6-nad-leadem-artykulow gliwi-entity-placement\" id=\"gliwi-1598898919\"><div class=\"gliwi-adlabel\"><span style=\"font-size: 9px\">REKLAMA<\/span><\/div><div id=\"gliwi-4244172327\" style=\"margin-bottom: 25px;margin-left: auto;margin-right: auto;text-align: center;\"><a data-no-instant=\"1\" href=\"https:\/\/dom100.eu\/\" rel=\"noopener\" class=\"a2t-link\" target=\"_blank\" aria-label=\"20260415 DOM100 D\"><img loading=\"lazy\" decoding=\"async\" src=\"https:\/\/www.24gliwice.pl\/wiadomosci\/wp-content\/uploads\/2026\/04\/20260415-DOM100-D.jpg\" alt=\"\"  srcset=\"https:\/\/www.24gliwice.pl\/wiadomosci\/wp-content\/uploads\/2026\/04\/20260415-DOM100-D.jpg 750w, https:\/\/www.24gliwice.pl\/wiadomosci\/wp-content\/uploads\/2026\/04\/20260415-DOM100-D-410x109.jpg 410w\" sizes=\"(max-width: 750px) 100vw, 750px\" class=\"no-lazyload\" width=\"750\" height=\"200\"  style=\"display: inline-block; max-width: 100%; height: auto;\" \/><\/a><\/div><\/div><h3>Gliwickie Centrum Onkologii, dzi\u0119ki osi\u0105gni\u0119ciom lekarzy, staje si\u0119 uznanym na ca\u0142ym \u015bwiecie o\u015brodkiem, w kt\u00f3rym dokonuje si\u0119 z\u0142o\u017conych przeszczep\u00f3w tkankowych. Profesor Adam Maciejewski kolejny raz zosta\u0142 doceniony przez \u015brodowisko chirurg\u00f3w.<\/h3>\n<p>Prof. Maciejewski, kt\u00f3ry jest kierownikiem Kliniki Chirurgii Onkologicznej i Rekonstrukcyjnej w Centrum Onkologii w Gliwicach, zosta\u0142 laureatem w kategorii The Best Case 2019 za najlepsz\u0105 operacj\u0119 rekonstrukcyjn\u0105, kt\u00f3r\u0105 wykonano w 2019 roku. Jest tak\u017ce pierwszym Polakiem uhonorowanym przez Ameryka\u0144skie Towarzystwo Chirurgii Rekonstrukcyjnej i Mikronaczyniowej nagrod\u0105 Godiny &#8211; ustanowion\u0105 na cze\u015b\u0107 tragicznie zmar\u0142ego s\u0142owe\u0144skiego lekarza <strong>Marko Godina<\/strong>, uwa\u017canego za prekursora w dziedzinie medycyny rekonstrukcyjnej.<\/p>\n<p>&#8211; <em>Najwi\u0119ksze autorytety \u015bwiatowe w pa\u0144stwie, kt\u00f3re szczyci si\u0119 najwi\u0119kszym rozwojem medycyny w ka\u017cdej niemal dziedzinie, udowodni\u0142y, \u017ce te operacje, kt\u00f3re przeprowadzi\u0142 zesp\u00f3\u0142 pod kierownictwem profesora Adama Maciejewskiego s\u0105 rzeczywi\u015bcie takie wa\u017cne i o tak ogromnym znaczeniu dla przysz\u0142o\u015bci, jak s\u0105dzili\u015bmy. A zatem mamy niezale\u017cny werdykt tego, \u017ce tu w Gliwicach rodzi si\u0119 historia<\/em> &#8211; m\u00f3wi\u0142 podczas konferencji prasowej prof. <strong>Krzysztof Sk\u0142adowski<\/strong>, Dyrektor Centrum Onkologii \u2013 Instytutu im. Marii Sk\u0142odowskiej-Curie. <\/p><div class=\"gliwi-a3-w-tresci-artykulow gliwi-entity-placement\" id=\"gliwi-2771924619\"><div class=\"gliwi-adlabel\"><span style=\"font-size: 9px\">REKLAMA<\/span><\/div><div id=\"gliwi-2308405218\" style=\"margin-bottom: 30px;margin-left: auto;margin-right: auto;text-align: center;\"><a data-no-instant=\"1\" href=\"https:\/\/ogrodyandersa.pl\/\" rel=\"noopener\" class=\"a2t-link\" target=\"_blank\" aria-label=\"20260415 Ogrody Andersa KUP TERAZ D\"><img loading=\"lazy\" decoding=\"async\" src=\"https:\/\/www.24gliwice.pl\/wiadomosci\/wp-content\/uploads\/2026\/04\/20260415-Ogrody-Andersa-KUP-TERAZ-D.jpg\" alt=\"\"  srcset=\"https:\/\/www.24gliwice.pl\/wiadomosci\/wp-content\/uploads\/2026\/04\/20260415-Ogrody-Andersa-KUP-TERAZ-D.jpg 750w, https:\/\/www.24gliwice.pl\/wiadomosci\/wp-content\/uploads\/2026\/04\/20260415-Ogrody-Andersa-KUP-TERAZ-D-410x109.jpg 410w\" sizes=\"(max-width: 750px) 100vw, 750px\" class=\"no-lazyload\" width=\"750\" height=\"200\"  style=\"display: inline-block; max-width: 100%; height: auto;\" \/><\/a><\/div><\/div>\n<h3>Nagroda Godiny ma charakter stypendium, w ramach kt\u00f3rego profesor Maciejewski b\u0119dzie odwiedza\u0142 najbardziej presti\u017cowe plac\u00f3wki zajmuj\u0105ce si\u0119 chirurgi\u0105 rekonstrukcyjn\u0105 na \u015bwiecie. <\/h3>\n<p>&#8211; <em>Bez tego zespo\u0142u, bez tego o\u015brodka, bez tego wsparcia nie by\u0142oby to mo\u017cliwe, tak\u017ce czuj\u0119 si\u0119 reprezentantem, a nie laureatem tej nagrody. Ta nagroda ma podw\u00f3jny wymiar (m\u00f3wi\u0119 o stypendium Marko Godiny) bo pozwala ona nie tylko na uczestniczenie w kr\u00f3tkim okresie czasu w \u017cyciu tych najlepszych o\u015brodk\u00f3w rekonstrukcyjnych na \u015bwiecie, ale r\u00f3wnie\u017c reprezentowanie naszego o\u015brodka, naszego zespo\u0142u, co my\u015bl\u0119 r\u00f3wnie\u017c w przysz\u0142o\u015bci b\u0119dzie mia\u0142o wymierne korzy\u015bci<\/em> &#8211; podkre\u015bla\u0142 prof. <strong>Adam Maciejewski<\/strong>. <\/p>\n<p>Przypomnijmy, operacja, za kt\u00f3r\u0105 nagrodzono profesora Maciejewskiego, to pierwsza na \u015bwiecie rozleg\u0142a transplantacja narz\u0105d\u00f3w szyi po\u0142\u0105czona z przeszczepieniem zmodyfikowanego szpiku. Pacjentem, u kt\u00f3rego wykonano ten zabieg, jest dziecko, kt\u00f3re ponad sze\u015b\u0107 lat temu po\u0142kn\u0119\u0142o granulat \u0142ugu sodowego, tzw. kreta. W wyniku tego nieszcz\u0119\u015bliwego wypadku martwicy uleg\u0142y u niego: nasada j\u0119zyka, krta\u0144, gard\u0142o, tchawica, prze\u0142yk a\u017c do poziomu \u017co\u0142\u0105dka. Od tego momentu ch\u0142opiec nie jad\u0142 pokarm\u00f3w sta\u0142ych (\u017cywiony by\u0142 wy\u0142\u0105cznie dojelitowo) i oddycha\u0142 przez rurk\u0119 tracheostomijn\u0105. Niespe\u0142na rok po przeprowadzeniu operacji ma\u0142y pacjent czuje si\u0119 coraz lepiej. Zacz\u0105\u0142 te\u017c wypowiada\u0107 pierwsze s\u0142owa. <\/p>\n<p>(\u017cms)<br \/>\nfot. 24gliwice.pl\/\u017bMS<\/p>\n<div class=\"gliwi-a5-na-koncu-artykulow gliwi-entity-placement\" id=\"gliwi-570697182\"><div class=\"gliwi-adlabel\"><span style=\"font-size: 9px\">REKLAMA<\/span><\/div><div id=\"gliwi-2253515128\" style=\"margin-left: auto;margin-right: auto;text-align: center;\"><a data-no-instant=\"1\" href=\"https:\/\/prezeroarenagliwice.pl\/\" rel=\"noopener\" class=\"a2t-link\" target=\"_blank\" aria-label=\"20260309-PREZERO-WIOSNA-D\"><img loading=\"lazy\" decoding=\"async\" src=\"https:\/\/www.24gliwice.pl\/wiadomosci\/wp-content\/uploads\/2026\/03\/20260309-PREZERO-WIOSNA-D.webp\" alt=\"\"  srcset=\"https:\/\/www.24gliwice.pl\/wiadomosci\/wp-content\/uploads\/2026\/03\/20260309-PREZERO-WIOSNA-D.webp 750w, https:\/\/www.24gliwice.pl\/wiadomosci\/wp-content\/uploads\/2026\/03\/20260309-PREZERO-WIOSNA-D-410x109.webp 410w\" sizes=\"(max-width: 750px) 100vw, 750px\" class=\"no-lazyload\" width=\"750\" height=\"200\"  style=\"display: inline-block; max-width: 100%; height: auto;\" \/><\/a><\/div><\/div>","protected":false},"excerpt":{"rendered":"<p>Gliwickie Centrum Onkologii, dzi\u0119ki osi\u0105gni\u0119ciom lekarzy, staje si\u0119 uznanym na ca\u0142ym \u015bwiecie o\u015brodkiem, w kt\u00f3rym dokonuje si\u0119 z\u0142o\u017conych przeszczep\u00f3w tkankowych. Profesor Adam Maciejewski kolejny raz zosta\u0142 doceniony przez \u015brodowisko chirurg\u00f3w. Prof. Maciejewski, kt\u00f3ry jest kierownikiem Kliniki Chirurgii Onkologicznej i Rekonstrukcyjnej w Centrum Onkologii w Gliwicach, zosta\u0142 laureatem w kategorii The Best Case 2019 za najlepsz\u0105 [&hellip;]<\/p>\n","protected":false},"author":15,"featured_media":146289,"comment_status":"open","ping_status":"closed","sticky":false,"template":"","format":"standard","meta":{"_monsterinsights_skip_tracking":false,"_monsterinsights_sitenote_active":false,"_monsterinsights_sitenote_note":"","_monsterinsights_sitenote_category":0,"footnotes":"","_links_to":"","_links_to_target":""},"categories":[3,1,9],"tags":[7872,8028],"class_list":["post-146265","post","type-post","status-publish","format-standard","has-post-thumbnail","hentry","category-gliwice","category-wszystko","category-aktualnosci_lokalne","tag-centrum-onkologii","tag-onkologia"],"yoast_head":"<!-- This site is optimized with the Yoast SEO plugin v27.5 - https:\/\/yoast.com\/product\/yoast-seo-wordpress\/ -->\n<title>Prof. Maciejewski pierwszym Polakiem z t\u0105 presti\u017cow\u0105 nagrod\u0105. &quot;Tu w Gliwicach rodzi si\u0119 historia&quot; - 24GLIWICE - Portal Gliwice | codziennie nowe informacje<\/title>\n<meta name=\"robots\" content=\"index, follow, max-snippet:-1, max-image-preview:large, max-video-preview:-1\" \/>\n<link rel=\"canonical\" href=\"https:\/\/www.24gliwice.pl\/wiadomosci\/prof-maciejewski-pierwszym-polakiem-z-ta-prestizowa-nagroda-tu-w-gliwicach-rodzi-sie-historia\/\" \/>\n<meta property=\"og:locale\" content=\"pl_PL\" \/>\n<meta property=\"og:type\" content=\"article\" \/>\n<meta property=\"og:title\" content=\"Prof. Maciejewski pierwszym Polakiem z t\u0105 presti\u017cow\u0105 nagrod\u0105. &quot;Tu w Gliwicach rodzi si\u0119 historia&quot; - 24GLIWICE - Portal Gliwice | codziennie nowe informacje\" \/>\n<meta property=\"og:description\" content=\"Gliwickie Centrum Onkologii, dzi\u0119ki osi\u0105gni\u0119ciom lekarzy, staje si\u0119 uznanym na ca\u0142ym \u015bwiecie o\u015brodkiem, w kt\u00f3rym dokonuje si\u0119 z\u0142o\u017conych przeszczep\u00f3w tkankowych. Profesor Adam Maciejewski kolejny raz zosta\u0142 doceniony przez \u015brodowisko chirurg\u00f3w. Prof. Maciejewski, kt\u00f3ry jest kierownikiem Kliniki Chirurgii Onkologicznej i Rekonstrukcyjnej w Centrum Onkologii w Gliwicach, zosta\u0142 laureatem w kategorii The Best Case 2019 za najlepsz\u0105 [&hellip;]\" \/>\n<meta property=\"og:url\" content=\"https:\/\/www.24gliwice.pl\/wiadomosci\/prof-maciejewski-pierwszym-polakiem-z-ta-prestizowa-nagroda-tu-w-gliwicach-rodzi-sie-historia\/\" \/>\n<meta property=\"og:site_name\" content=\"24GLIWICE - Portal Gliwice | codziennie nowe informacje\" \/>\n<meta property=\"article:publisher\" content=\"https:\/\/www.facebook.com\/24gliwice\" \/>\n<meta property=\"article:published_time\" content=\"2020-01-17T16:22:35+00:00\" \/>\n<meta property=\"og:image\" content=\"https:\/\/www.24gliwice.pl\/wiadomosci\/wp-content\/uploads\/2020\/01\/konferencja-1.jpg\" \/>\n\t<meta property=\"og:image:width\" content=\"810\" \/>\n\t<meta property=\"og:image:height\" content=\"455\" \/>\n\t<meta property=\"og:image:type\" content=\"image\/jpeg\" \/>\n<meta name=\"author\" content=\"\u017baneta Mrozek-Siewierska\" \/>\n<meta name=\"twitter:card\" content=\"summary_large_image\" \/>\n<meta name=\"twitter:creator\" content=\"@24gliwice\" \/>\n<meta name=\"twitter:site\" content=\"@24gliwice\" \/>\n<meta name=\"twitter:label1\" content=\"Napisane przez\" \/>\n\t<meta name=\"twitter:data1\" content=\"\u017baneta Mrozek-Siewierska\" \/>\n\t<meta name=\"twitter:label2\" content=\"Szacowany czas czytania\" \/>\n\t<meta name=\"twitter:data2\" content=\"2 minuty\" \/>\n<script type=\"application\/ld+json\" class=\"yoast-schema-graph\">{\"@context\":\"https:\\\/\\\/schema.org\",\"@graph\":[{\"@type\":\"Article\",\"@id\":\"https:\\\/\\\/www.24gliwice.pl\\\/wiadomosci\\\/prof-maciejewski-pierwszym-polakiem-z-ta-prestizowa-nagroda-tu-w-gliwicach-rodzi-sie-historia\\\/#article\",\"isPartOf\":{\"@id\":\"https:\\\/\\\/www.24gliwice.pl\\\/wiadomosci\\\/prof-maciejewski-pierwszym-polakiem-z-ta-prestizowa-nagroda-tu-w-gliwicach-rodzi-sie-historia\\\/\"},\"author\":{\"name\":\"\u017baneta Mrozek-Siewierska\",\"@id\":\"https:\\\/\\\/www.24gliwice.pl\\\/wiadomosci\\\/#\\\/schema\\\/person\\\/e42c650edd7f2fa332be3811fb166b6e\"},\"headline\":\"Prof. Maciejewski pierwszym Polakiem z t\u0105 presti\u017cow\u0105 nagrod\u0105. &#8220;Tu w Gliwicach rodzi si\u0119 historia&#8221;\",\"datePublished\":\"2020-01-17T16:22:35+00:00\",\"mainEntityOfPage\":{\"@id\":\"https:\\\/\\\/www.24gliwice.pl\\\/wiadomosci\\\/prof-maciejewski-pierwszym-polakiem-z-ta-prestizowa-nagroda-tu-w-gliwicach-rodzi-sie-historia\\\/\"},\"wordCount\":448,\"commentCount\":0,\"publisher\":{\"@id\":\"https:\\\/\\\/www.24gliwice.pl\\\/wiadomosci\\\/#organization\"},\"image\":{\"@id\":\"https:\\\/\\\/www.24gliwice.pl\\\/wiadomosci\\\/prof-maciejewski-pierwszym-polakiem-z-ta-prestizowa-nagroda-tu-w-gliwicach-rodzi-sie-historia\\\/#primaryimage\"},\"thumbnailUrl\":\"https:\\\/\\\/www.24gliwice.pl\\\/wiadomosci\\\/wp-content\\\/uploads\\\/2020\\\/01\\\/konferencja-1.jpg\",\"keywords\":[\"centrum onkologii\",\"ONKOLOGIA\"],\"articleSection\":[\"Gliwice\",\"Najnowsze wiadomo\u015bci\",\"Portal Gliwice - Wiadomo\u015bci lokalne\"],\"inLanguage\":\"pl-PL\",\"potentialAction\":[{\"@type\":\"CommentAction\",\"name\":\"Comment\",\"target\":[\"https:\\\/\\\/www.24gliwice.pl\\\/wiadomosci\\\/prof-maciejewski-pierwszym-polakiem-z-ta-prestizowa-nagroda-tu-w-gliwicach-rodzi-sie-historia\\\/#respond\"]}]},{\"@type\":\"WebPage\",\"@id\":\"https:\\\/\\\/www.24gliwice.pl\\\/wiadomosci\\\/prof-maciejewski-pierwszym-polakiem-z-ta-prestizowa-nagroda-tu-w-gliwicach-rodzi-sie-historia\\\/\",\"url\":\"https:\\\/\\\/www.24gliwice.pl\\\/wiadomosci\\\/prof-maciejewski-pierwszym-polakiem-z-ta-prestizowa-nagroda-tu-w-gliwicach-rodzi-sie-historia\\\/\",\"name\":\"Prof. Maciejewski pierwszym Polakiem z t\u0105 presti\u017cow\u0105 nagrod\u0105. \\\"Tu w Gliwicach rodzi si\u0119 historia\\\" - 24GLIWICE - Portal Gliwice | codziennie nowe informacje\",\"isPartOf\":{\"@id\":\"https:\\\/\\\/www.24gliwice.pl\\\/wiadomosci\\\/#website\"},\"primaryImageOfPage\":{\"@id\":\"https:\\\/\\\/www.24gliwice.pl\\\/wiadomosci\\\/prof-maciejewski-pierwszym-polakiem-z-ta-prestizowa-nagroda-tu-w-gliwicach-rodzi-sie-historia\\\/#primaryimage\"},\"image\":{\"@id\":\"https:\\\/\\\/www.24gliwice.pl\\\/wiadomosci\\\/prof-maciejewski-pierwszym-polakiem-z-ta-prestizowa-nagroda-tu-w-gliwicach-rodzi-sie-historia\\\/#primaryimage\"},\"thumbnailUrl\":\"https:\\\/\\\/www.24gliwice.pl\\\/wiadomosci\\\/wp-content\\\/uploads\\\/2020\\\/01\\\/konferencja-1.jpg\",\"datePublished\":\"2020-01-17T16:22:35+00:00\",\"breadcrumb\":{\"@id\":\"https:\\\/\\\/www.24gliwice.pl\\\/wiadomosci\\\/prof-maciejewski-pierwszym-polakiem-z-ta-prestizowa-nagroda-tu-w-gliwicach-rodzi-sie-historia\\\/#breadcrumb\"},\"inLanguage\":\"pl-PL\",\"potentialAction\":[{\"@type\":\"ReadAction\",\"target\":[\"https:\\\/\\\/www.24gliwice.pl\\\/wiadomosci\\\/prof-maciejewski-pierwszym-polakiem-z-ta-prestizowa-nagroda-tu-w-gliwicach-rodzi-sie-historia\\\/\"]}]},{\"@type\":\"ImageObject\",\"inLanguage\":\"pl-PL\",\"@id\":\"https:\\\/\\\/www.24gliwice.pl\\\/wiadomosci\\\/prof-maciejewski-pierwszym-polakiem-z-ta-prestizowa-nagroda-tu-w-gliwicach-rodzi-sie-historia\\\/#primaryimage\",\"url\":\"https:\\\/\\\/www.24gliwice.pl\\\/wiadomosci\\\/wp-content\\\/uploads\\\/2020\\\/01\\\/konferencja-1.jpg\",\"contentUrl\":\"https:\\\/\\\/www.24gliwice.pl\\\/wiadomosci\\\/wp-content\\\/uploads\\\/2020\\\/01\\\/konferencja-1.jpg\",\"width\":810,\"height\":455},{\"@type\":\"BreadcrumbList\",\"@id\":\"https:\\\/\\\/www.24gliwice.pl\\\/wiadomosci\\\/prof-maciejewski-pierwszym-polakiem-z-ta-prestizowa-nagroda-tu-w-gliwicach-rodzi-sie-historia\\\/#breadcrumb\",\"itemListElement\":[{\"@type\":\"ListItem\",\"position\":1,\"name\":\"Strona g\u0142\u00f3wna\",\"item\":\"https:\\\/\\\/www.24gliwice.pl\\\/wiadomosci\\\/\"},{\"@type\":\"ListItem\",\"position\":2,\"name\":\"Prof. Maciejewski pierwszym Polakiem z t\u0105 presti\u017cow\u0105 nagrod\u0105. &#8222;Tu w Gliwicach rodzi si\u0119 historia&#8221;\"}]},{\"@type\":\"WebSite\",\"@id\":\"https:\\\/\\\/www.24gliwice.pl\\\/wiadomosci\\\/#website\",\"url\":\"https:\\\/\\\/www.24gliwice.pl\\\/wiadomosci\\\/\",\"name\":\"24GLIWICE - Portal Gliwice | codziennie nowe wiadomo\u015bci\",\"description\":\"Portal Miejski Gliwice\",\"publisher\":{\"@id\":\"https:\\\/\\\/www.24gliwice.pl\\\/wiadomosci\\\/#organization\"},\"potentialAction\":[{\"@type\":\"SearchAction\",\"target\":{\"@type\":\"EntryPoint\",\"urlTemplate\":\"https:\\\/\\\/www.24gliwice.pl\\\/wiadomosci\\\/?s={search_term_string}\"},\"query-input\":{\"@type\":\"PropertyValueSpecification\",\"valueRequired\":true,\"valueName\":\"search_term_string\"}}],\"inLanguage\":\"pl-PL\"},{\"@type\":\"Organization\",\"@id\":\"https:\\\/\\\/www.24gliwice.pl\\\/wiadomosci\\\/#organization\",\"name\":\"24gliwice\",\"url\":\"https:\\\/\\\/www.24gliwice.pl\\\/wiadomosci\\\/\",\"logo\":{\"@type\":\"ImageObject\",\"inLanguage\":\"pl-PL\",\"@id\":\"https:\\\/\\\/www.24gliwice.pl\\\/wiadomosci\\\/#\\\/schema\\\/logo\\\/image\\\/\",\"url\":\"https:\\\/\\\/www.24gliwice.pl\\\/wiadomosci\\\/wp-content\\\/uploads\\\/2024\\\/10\\\/24gliwice-logo-696.jpg\",\"contentUrl\":\"https:\\\/\\\/www.24gliwice.pl\\\/wiadomosci\\\/wp-content\\\/uploads\\\/2024\\\/10\\\/24gliwice-logo-696.jpg\",\"width\":696,\"height\":696,\"caption\":\"24gliwice\"},\"image\":{\"@id\":\"https:\\\/\\\/www.24gliwice.pl\\\/wiadomosci\\\/#\\\/schema\\\/logo\\\/image\\\/\"},\"sameAs\":[\"https:\\\/\\\/www.facebook.com\\\/24gliwice\",\"https:\\\/\\\/x.com\\\/24gliwice\",\"https:\\\/\\\/www.youtube.com\\\/@24gliwice\"]},{\"@type\":\"Person\",\"@id\":\"https:\\\/\\\/www.24gliwice.pl\\\/wiadomosci\\\/#\\\/schema\\\/person\\\/e42c650edd7f2fa332be3811fb166b6e\",\"name\":\"\u017baneta Mrozek-Siewierska\",\"image\":{\"@type\":\"ImageObject\",\"inLanguage\":\"pl-PL\",\"@id\":\"https:\\\/\\\/secure.gravatar.com\\\/avatar\\\/1881429e9c64597c77ad7aef2d0a19be69a3253e57534d16aa15bf3a4d34a0a3?s=96&d=mm&r=g\",\"url\":\"https:\\\/\\\/secure.gravatar.com\\\/avatar\\\/1881429e9c64597c77ad7aef2d0a19be69a3253e57534d16aa15bf3a4d34a0a3?s=96&d=mm&r=g\",\"contentUrl\":\"https:\\\/\\\/secure.gravatar.com\\\/avatar\\\/1881429e9c64597c77ad7aef2d0a19be69a3253e57534d16aa15bf3a4d34a0a3?s=96&d=mm&r=g\",\"caption\":\"\u017baneta Mrozek-Siewierska\"},\"url\":\"https:\\\/\\\/www.24gliwice.pl\\\/wiadomosci\\\/author\\\/zms\\\/\"}]}<\/script>\n<!-- \/ Yoast SEO plugin. -->","yoast_head_json":{"title":"Prof. Maciejewski pierwszym Polakiem z t\u0105 presti\u017cow\u0105 nagrod\u0105. \"Tu w Gliwicach rodzi si\u0119 historia\" - 24GLIWICE - Portal Gliwice | codziennie nowe informacje","robots":{"index":"index","follow":"follow","max-snippet":"max-snippet:-1","max-image-preview":"max-image-preview:large","max-video-preview":"max-video-preview:-1"},"canonical":"https:\/\/www.24gliwice.pl\/wiadomosci\/prof-maciejewski-pierwszym-polakiem-z-ta-prestizowa-nagroda-tu-w-gliwicach-rodzi-sie-historia\/","og_locale":"pl_PL","og_type":"article","og_title":"Prof. Maciejewski pierwszym Polakiem z t\u0105 presti\u017cow\u0105 nagrod\u0105. \"Tu w Gliwicach rodzi si\u0119 historia\" - 24GLIWICE - Portal Gliwice | codziennie nowe informacje","og_description":"Gliwickie Centrum Onkologii, dzi\u0119ki osi\u0105gni\u0119ciom lekarzy, staje si\u0119 uznanym na ca\u0142ym \u015bwiecie o\u015brodkiem, w kt\u00f3rym dokonuje si\u0119 z\u0142o\u017conych przeszczep\u00f3w tkankowych. Profesor Adam Maciejewski kolejny raz zosta\u0142 doceniony przez \u015brodowisko chirurg\u00f3w. Prof. Maciejewski, kt\u00f3ry jest kierownikiem Kliniki Chirurgii Onkologicznej i Rekonstrukcyjnej w Centrum Onkologii w Gliwicach, zosta\u0142 laureatem w kategorii The Best Case 2019 za najlepsz\u0105 [&hellip;]","og_url":"https:\/\/www.24gliwice.pl\/wiadomosci\/prof-maciejewski-pierwszym-polakiem-z-ta-prestizowa-nagroda-tu-w-gliwicach-rodzi-sie-historia\/","og_site_name":"24GLIWICE - Portal Gliwice | codziennie nowe informacje","article_publisher":"https:\/\/www.facebook.com\/24gliwice","article_published_time":"2020-01-17T16:22:35+00:00","og_image":[{"width":810,"height":455,"url":"https:\/\/www.24gliwice.pl\/wiadomosci\/wp-content\/uploads\/2020\/01\/konferencja-1.jpg","type":"image\/jpeg"}],"author":"\u017baneta Mrozek-Siewierska","twitter_card":"summary_large_image","twitter_creator":"@24gliwice","twitter_site":"@24gliwice","twitter_misc":{"Napisane przez":"\u017baneta Mrozek-Siewierska","Szacowany czas czytania":"2 minuty"},"schema":{"@context":"https:\/\/schema.org","@graph":[{"@type":"Article","@id":"https:\/\/www.24gliwice.pl\/wiadomosci\/prof-maciejewski-pierwszym-polakiem-z-ta-prestizowa-nagroda-tu-w-gliwicach-rodzi-sie-historia\/#article","isPartOf":{"@id":"https:\/\/www.24gliwice.pl\/wiadomosci\/prof-maciejewski-pierwszym-polakiem-z-ta-prestizowa-nagroda-tu-w-gliwicach-rodzi-sie-historia\/"},"author":{"name":"\u017baneta Mrozek-Siewierska","@id":"https:\/\/www.24gliwice.pl\/wiadomosci\/#\/schema\/person\/e42c650edd7f2fa332be3811fb166b6e"},"headline":"Prof. Maciejewski pierwszym Polakiem z t\u0105 presti\u017cow\u0105 nagrod\u0105. &#8220;Tu w Gliwicach rodzi si\u0119 historia&#8221;","datePublished":"2020-01-17T16:22:35+00:00","mainEntityOfPage":{"@id":"https:\/\/www.24gliwice.pl\/wiadomosci\/prof-maciejewski-pierwszym-polakiem-z-ta-prestizowa-nagroda-tu-w-gliwicach-rodzi-sie-historia\/"},"wordCount":448,"commentCount":0,"publisher":{"@id":"https:\/\/www.24gliwice.pl\/wiadomosci\/#organization"},"image":{"@id":"https:\/\/www.24gliwice.pl\/wiadomosci\/prof-maciejewski-pierwszym-polakiem-z-ta-prestizowa-nagroda-tu-w-gliwicach-rodzi-sie-historia\/#primaryimage"},"thumbnailUrl":"https:\/\/www.24gliwice.pl\/wiadomosci\/wp-content\/uploads\/2020\/01\/konferencja-1.jpg","keywords":["centrum onkologii","ONKOLOGIA"],"articleSection":["Gliwice","Najnowsze wiadomo\u015bci","Portal Gliwice - Wiadomo\u015bci lokalne"],"inLanguage":"pl-PL","potentialAction":[{"@type":"CommentAction","name":"Comment","target":["https:\/\/www.24gliwice.pl\/wiadomosci\/prof-maciejewski-pierwszym-polakiem-z-ta-prestizowa-nagroda-tu-w-gliwicach-rodzi-sie-historia\/#respond"]}]},{"@type":"WebPage","@id":"https:\/\/www.24gliwice.pl\/wiadomosci\/prof-maciejewski-pierwszym-polakiem-z-ta-prestizowa-nagroda-tu-w-gliwicach-rodzi-sie-historia\/","url":"https:\/\/www.24gliwice.pl\/wiadomosci\/prof-maciejewski-pierwszym-polakiem-z-ta-prestizowa-nagroda-tu-w-gliwicach-rodzi-sie-historia\/","name":"Prof. Maciejewski pierwszym Polakiem z t\u0105 presti\u017cow\u0105 nagrod\u0105. \"Tu w Gliwicach rodzi si\u0119 historia\" - 24GLIWICE - Portal Gliwice | codziennie nowe informacje","isPartOf":{"@id":"https:\/\/www.24gliwice.pl\/wiadomosci\/#website"},"primaryImageOfPage":{"@id":"https:\/\/www.24gliwice.pl\/wiadomosci\/prof-maciejewski-pierwszym-polakiem-z-ta-prestizowa-nagroda-tu-w-gliwicach-rodzi-sie-historia\/#primaryimage"},"image":{"@id":"https:\/\/www.24gliwice.pl\/wiadomosci\/prof-maciejewski-pierwszym-polakiem-z-ta-prestizowa-nagroda-tu-w-gliwicach-rodzi-sie-historia\/#primaryimage"},"thumbnailUrl":"https:\/\/www.24gliwice.pl\/wiadomosci\/wp-content\/uploads\/2020\/01\/konferencja-1.jpg","datePublished":"2020-01-17T16:22:35+00:00","breadcrumb":{"@id":"https:\/\/www.24gliwice.pl\/wiadomosci\/prof-maciejewski-pierwszym-polakiem-z-ta-prestizowa-nagroda-tu-w-gliwicach-rodzi-sie-historia\/#breadcrumb"},"inLanguage":"pl-PL","potentialAction":[{"@type":"ReadAction","target":["https:\/\/www.24gliwice.pl\/wiadomosci\/prof-maciejewski-pierwszym-polakiem-z-ta-prestizowa-nagroda-tu-w-gliwicach-rodzi-sie-historia\/"]}]},{"@type":"ImageObject","inLanguage":"pl-PL","@id":"https:\/\/www.24gliwice.pl\/wiadomosci\/prof-maciejewski-pierwszym-polakiem-z-ta-prestizowa-nagroda-tu-w-gliwicach-rodzi-sie-historia\/#primaryimage","url":"https:\/\/www.24gliwice.pl\/wiadomosci\/wp-content\/uploads\/2020\/01\/konferencja-1.jpg","contentUrl":"https:\/\/www.24gliwice.pl\/wiadomosci\/wp-content\/uploads\/2020\/01\/konferencja-1.jpg","width":810,"height":455},{"@type":"BreadcrumbList","@id":"https:\/\/www.24gliwice.pl\/wiadomosci\/prof-maciejewski-pierwszym-polakiem-z-ta-prestizowa-nagroda-tu-w-gliwicach-rodzi-sie-historia\/#breadcrumb","itemListElement":[{"@type":"ListItem","position":1,"name":"Strona g\u0142\u00f3wna","item":"https:\/\/www.24gliwice.pl\/wiadomosci\/"},{"@type":"ListItem","position":2,"name":"Prof. Maciejewski pierwszym Polakiem z t\u0105 presti\u017cow\u0105 nagrod\u0105. &#8222;Tu w Gliwicach rodzi si\u0119 historia&#8221;"}]},{"@type":"WebSite","@id":"https:\/\/www.24gliwice.pl\/wiadomosci\/#website","url":"https:\/\/www.24gliwice.pl\/wiadomosci\/","name":"24GLIWICE - Portal Gliwice | codziennie nowe wiadomo\u015bci","description":"Portal Miejski Gliwice","publisher":{"@id":"https:\/\/www.24gliwice.pl\/wiadomosci\/#organization"},"potentialAction":[{"@type":"SearchAction","target":{"@type":"EntryPoint","urlTemplate":"https:\/\/www.24gliwice.pl\/wiadomosci\/?s={search_term_string}"},"query-input":{"@type":"PropertyValueSpecification","valueRequired":true,"valueName":"search_term_string"}}],"inLanguage":"pl-PL"},{"@type":"Organization","@id":"https:\/\/www.24gliwice.pl\/wiadomosci\/#organization","name":"24gliwice","url":"https:\/\/www.24gliwice.pl\/wiadomosci\/","logo":{"@type":"ImageObject","inLanguage":"pl-PL","@id":"https:\/\/www.24gliwice.pl\/wiadomosci\/#\/schema\/logo\/image\/","url":"https:\/\/www.24gliwice.pl\/wiadomosci\/wp-content\/uploads\/2024\/10\/24gliwice-logo-696.jpg","contentUrl":"https:\/\/www.24gliwice.pl\/wiadomosci\/wp-content\/uploads\/2024\/10\/24gliwice-logo-696.jpg","width":696,"height":696,"caption":"24gliwice"},"image":{"@id":"https:\/\/www.24gliwice.pl\/wiadomosci\/#\/schema\/logo\/image\/"},"sameAs":["https:\/\/www.facebook.com\/24gliwice","https:\/\/x.com\/24gliwice","https:\/\/www.youtube.com\/@24gliwice"]},{"@type":"Person","@id":"https:\/\/www.24gliwice.pl\/wiadomosci\/#\/schema\/person\/e42c650edd7f2fa332be3811fb166b6e","name":"\u017baneta Mrozek-Siewierska","image":{"@type":"ImageObject","inLanguage":"pl-PL","@id":"https:\/\/secure.gravatar.com\/avatar\/1881429e9c64597c77ad7aef2d0a19be69a3253e57534d16aa15bf3a4d34a0a3?s=96&d=mm&r=g","url":"https:\/\/secure.gravatar.com\/avatar\/1881429e9c64597c77ad7aef2d0a19be69a3253e57534d16aa15bf3a4d34a0a3?s=96&d=mm&r=g","contentUrl":"https:\/\/secure.gravatar.com\/avatar\/1881429e9c64597c77ad7aef2d0a19be69a3253e57534d16aa15bf3a4d34a0a3?s=96&d=mm&r=g","caption":"\u017baneta Mrozek-Siewierska"},"url":"https:\/\/www.24gliwice.pl\/wiadomosci\/author\/zms\/"}]}},"_links":{"self":[{"href":"https:\/\/www.24gliwice.pl\/wiadomosci\/wp-json\/wp\/v2\/posts\/146265","targetHints":{"allow":["GET"]}}],"collection":[{"href":"https:\/\/www.24gliwice.pl\/wiadomosci\/wp-json\/wp\/v2\/posts"}],"about":[{"href":"https:\/\/www.24gliwice.pl\/wiadomosci\/wp-json\/wp\/v2\/types\/post"}],"author":[{"embeddable":true,"href":"https:\/\/www.24gliwice.pl\/wiadomosci\/wp-json\/wp\/v2\/users\/15"}],"replies":[{"embeddable":true,"href":"https:\/\/www.24gliwice.pl\/wiadomosci\/wp-json\/wp\/v2\/comments?post=146265"}],"version-history":[{"count":0,"href":"https:\/\/www.24gliwice.pl\/wiadomosci\/wp-json\/wp\/v2\/posts\/146265\/revisions"}],"wp:featuredmedia":[{"embeddable":true,"href":"https:\/\/www.24gliwice.pl\/wiadomosci\/wp-json\/wp\/v2\/media\/146289"}],"wp:attachment":[{"href":"https:\/\/www.24gliwice.pl\/wiadomosci\/wp-json\/wp\/v2\/media?parent=146265"}],"wp:term":[{"taxonomy":"category","embeddable":true,"href":"https:\/\/www.24gliwice.pl\/wiadomosci\/wp-json\/wp\/v2\/categories?post=146265"},{"taxonomy":"post_tag","embeddable":true,"href":"https:\/\/www.24gliwice.pl\/wiadomosci\/wp-json\/wp\/v2\/tags?post=146265"}],"curies":[{"name":"wp","href":"https:\/\/api.w.org\/{rel}","templated":true}]}}