{"id":146393,"date":"2020-01-22T14:07:50","date_gmt":"2020-01-22T13:07:50","guid":{"rendered":"https:\/\/www.24gliwice.pl\/wiadomosci\/?p=146393"},"modified":"2020-01-22T14:07:50","modified_gmt":"2020-01-22T13:07:50","slug":"holocaust-podtrzymywanie-zywej-pamieci-w-dpzg-wystawa-plakatow-studentow-z-calego-swiata","status":"publish","type":"post","link":"https:\/\/www.24gliwice.pl\/wiadomosci\/holocaust-podtrzymywanie-zywej-pamieci-w-dpzg-wystawa-plakatow-studentow-z-calego-swiata\/","title":{"rendered":"\u201eHolocaust \u2013 podtrzymywanie \u017cywej pami\u0119ci\u201d w DP\u017bG. Wystawa plakat\u00f3w student\u00f3w z ca\u0142ego \u015bwiata"},"content":{"rendered":"<div class=\"gliwi-a6-nad-leadem-artykulow gliwi-entity-placement\" id=\"gliwi-1981094638\"><div class=\"gliwi-adlabel\"><span style=\"font-size: 9px\">REKLAMA<\/span><\/div><div id=\"gliwi-1518872378\" style=\"margin-bottom: 30px;margin-left: auto;margin-right: auto;text-align: center;\"><a data-no-instant=\"1\" href=\"https:\/\/przedszkole.halogen.org.pl\/\" rel=\"noopener\" class=\"a2t-link\" target=\"_blank\" aria-label=\"20260402-ANIMATOR-przedszkole_grafika_750x200\"><img loading=\"lazy\" decoding=\"async\" src=\"https:\/\/www.24gliwice.pl\/wiadomosci\/wp-content\/uploads\/2026\/04\/20260402-ANIMATOR-przedszkole_grafika_750x200.webp\" alt=\"\"  srcset=\"https:\/\/www.24gliwice.pl\/wiadomosci\/wp-content\/uploads\/2026\/04\/20260402-ANIMATOR-przedszkole_grafika_750x200.webp 750w, https:\/\/www.24gliwice.pl\/wiadomosci\/wp-content\/uploads\/2026\/04\/20260402-ANIMATOR-przedszkole_grafika_750x200-410x109.webp 410w\" sizes=\"(max-width: 750px) 100vw, 750px\" class=\"no-lazyload\" width=\"750\" height=\"200\"  style=\"display: inline-block; max-width: 100%; height: auto;\" \/><\/a><\/div><\/div><h3>Dom Pami\u0119ci \u017byd\u00f3w G\u00f3rno\u015bl\u0105skich prezentuje 16 unikalnych projekt\u00f3w, maj\u0105cych na celu zachowanie wspomnienia o Holokau\u015bcie dla nast\u0119pnych pokole\u0144. Wystaw\u0119 b\u0119dzie mo\u017cna obejrze\u0107 od 24 stycznia do 29 maja.<\/h3>\n<p>Konkurs na projekt plakatu \u201eHolocaust \u2013 podtrzymywanie \u017cywej pami\u0119ci\u201d jest wsp\u00f3lnym przedsi\u0119wzi\u0119ciem wspieranym przez Mi\u0119dzynarodowy Sojusz na rzecz Pami\u0119ci o Holokau\u015bcie (IHRA) oraz Instytut Yad Vashem, we wsp\u00f3\u0142pracy z Londy\u0144skim Centrum Kultury \u017bydowskiej w Wielkiej Brytanii, Europejskim Instytutem Dziedzictwa Shoah w Czechach. Do przygotowania oryginalnych plakat\u00f3w zostali zaproszenie studenci sztuki i designu z ca\u0142ego \u015bwiata. <\/p>\n<h3>Zdecydowania wi\u0119kszo\u015b\u0107 z nich nie mia\u0142a \u017cadnych osobistych zwi\u0105zk\u00f3w z Holokaustem, jednak odpowiedzieli na zaproszenie, nadsy\u0142aj\u0105c setki prac.<\/h3>\n<p>Mi\u0119dzynarodowe jury reprezentuj\u0105ce wymienione kraje partnerskie, sk\u0142adaj\u0105ce si\u0119 z ekspert\u00f3w zar\u00f3wno z dziedziny projektowania, jak i edukacji o Holokau\u015bcie, wybra\u0142o kilkana\u015bcie najlepszych projekt\u00f3w, kt\u00f3re zostan\u0105 zaprezentowane na wystawie. Prace mo\u017cna ogl\u0105da\u0107 w oddziale Muzeum w Gliwicach przy ul. Poniatowskiego 14. Godziny otwarcia Domu Pami\u0119ci \u017byd\u00f3w G\u00f3rno\u015bl\u0105skich mo\u017cna znale\u017a\u0107 <a href=\"https:\/\/kultura.gliwice.eu\/wizytowka\/ciekawe-miejsca-zabytki-muzea\/dom-pamieci-zydow-gornoslaskich\" rel=\"noopener noreferrer\" target=\"_blank\">TUTAJ. <\/a><\/p><div class=\"gliwi-a3-w-tresci-artykulow gliwi-entity-placement\" id=\"gliwi-3699521739\"><div class=\"gliwi-adlabel\"><span style=\"font-size: 9px\">REKLAMA<\/span><\/div><div id=\"gliwi-1132951818\" style=\"margin-bottom: 30px;margin-left: auto;margin-right: auto;text-align: center;\"><a data-no-instant=\"1\" href=\"https:\/\/zlobek.halogen.org.pl\/\" rel=\"noopener\" class=\"a2t-link\" target=\"_blank\" aria-label=\"animator-zlobek_750x200\"><img loading=\"lazy\" decoding=\"async\" src=\"https:\/\/www.24gliwice.pl\/wiadomosci\/wp-content\/uploads\/2026\/02\/animator-zlobek_750x200.webp\" alt=\"\"  srcset=\"https:\/\/www.24gliwice.pl\/wiadomosci\/wp-content\/uploads\/2026\/02\/animator-zlobek_750x200.webp 750w, https:\/\/www.24gliwice.pl\/wiadomosci\/wp-content\/uploads\/2026\/02\/animator-zlobek_750x200-410x109.webp 410w\" sizes=\"(max-width: 750px) 100vw, 750px\" class=\"no-lazyload\" width=\"750\" height=\"200\"  style=\"display: inline-block; max-width: 100%; height: auto;\" \/><\/a><\/div><\/div>\n<p>Wst\u0119p na wystaw\u0119 jest wolny. <\/p>\n<p>(\u017cms)\/MSI(Muzeum w Gliwicach)<br \/>\nfot. MSI (mat. organizatora)<\/p>\n<div class=\"gliwi-a5-na-koncu-artykulow gliwi-entity-placement\" id=\"gliwi-2803357571\"><div class=\"gliwi-adlabel\"><span style=\"font-size: 9px\">REKLAMA<\/span><\/div><div id=\"gliwi-1753276500\" style=\"margin-left: auto;margin-right: auto;text-align: center;\"><a data-no-instant=\"1\" href=\"https:\/\/www.jasek.pl\/\" rel=\"noopener\" class=\"a2t-link\" target=\"_blank\" aria-label=\"20200401-jasek 600\"><img loading=\"lazy\" decoding=\"async\" src=\"https:\/\/www.24gliwice.pl\/wiadomosci\/wp-content\/uploads\/2020\/04\/20200401-jasek-600.jpg\" alt=\"\"  srcset=\"https:\/\/www.24gliwice.pl\/wiadomosci\/wp-content\/uploads\/2020\/04\/20200401-jasek-600.jpg 600w, https:\/\/www.24gliwice.pl\/wiadomosci\/wp-content\/uploads\/2020\/04\/20200401-jasek-600-410x109.jpg 410w\" sizes=\"(max-width: 600px) 100vw, 600px\" class=\"no-lazyload\" width=\"600\" height=\"160\"  style=\"display: inline-block; max-width: 100%; height: auto;\" \/><\/a><\/div><\/div>","protected":false},"excerpt":{"rendered":"<p>Dom Pami\u0119ci \u017byd\u00f3w G\u00f3rno\u015bl\u0105skich prezentuje 16 unikalnych projekt\u00f3w, maj\u0105cych na celu zachowanie wspomnienia o Holokau\u015bcie dla nast\u0119pnych pokole\u0144. Wystaw\u0119 b\u0119dzie mo\u017cna obejrze\u0107 od 24 stycznia do 29 maja. Konkurs na projekt plakatu \u201eHolocaust \u2013 podtrzymywanie \u017cywej pami\u0119ci\u201d jest wsp\u00f3lnym przedsi\u0119wzi\u0119ciem wspieranym przez Mi\u0119dzynarodowy Sojusz na rzecz Pami\u0119ci o Holokau\u015bcie (IHRA) oraz Instytut Yad Vashem, we [&hellip;]<\/p>\n","protected":false},"author":15,"featured_media":146403,"comment_status":"closed","ping_status":"closed","sticky":false,"template":"","format":"standard","meta":{"_monsterinsights_skip_tracking":false,"_monsterinsights_sitenote_active":false,"_monsterinsights_sitenote_note":"","_monsterinsights_sitenote_category":0,"footnotes":"","_links_to":"","_links_to_target":""},"categories":[3,6,1],"tags":[10253],"class_list":["post-146393","post","type-post","status-publish","format-standard","has-post-thumbnail","hentry","category-gliwice","category-kultura","category-wszystko","tag-dpzg"],"yoast_head":"<!-- This site is optimized with the Yoast SEO plugin v27.5 - https:\/\/yoast.com\/product\/yoast-seo-wordpress\/ -->\n<title>\u201eHolocaust \u2013 podtrzymywanie \u017cywej pami\u0119ci\u201d w DP\u017bG. Wystawa plakat\u00f3w student\u00f3w z ca\u0142ego \u015bwiata - 24GLIWICE - Portal Gliwice | codziennie nowe informacje<\/title>\n<meta name=\"robots\" content=\"index, follow, max-snippet:-1, max-image-preview:large, max-video-preview:-1\" \/>\n<link rel=\"canonical\" href=\"https:\/\/www.24gliwice.pl\/wiadomosci\/holocaust-podtrzymywanie-zywej-pamieci-w-dpzg-wystawa-plakatow-studentow-z-calego-swiata\/\" \/>\n<meta property=\"og:locale\" content=\"pl_PL\" \/>\n<meta property=\"og:type\" content=\"article\" \/>\n<meta property=\"og:title\" content=\"\u201eHolocaust \u2013 podtrzymywanie \u017cywej pami\u0119ci\u201d w DP\u017bG. Wystawa plakat\u00f3w student\u00f3w z ca\u0142ego \u015bwiata - 24GLIWICE - Portal Gliwice | codziennie nowe informacje\" \/>\n<meta property=\"og:description\" content=\"Dom Pami\u0119ci \u017byd\u00f3w G\u00f3rno\u015bl\u0105skich prezentuje 16 unikalnych projekt\u00f3w, maj\u0105cych na celu zachowanie wspomnienia o Holokau\u015bcie dla nast\u0119pnych pokole\u0144. Wystaw\u0119 b\u0119dzie mo\u017cna obejrze\u0107 od 24 stycznia do 29 maja. Konkurs na projekt plakatu \u201eHolocaust \u2013 podtrzymywanie \u017cywej pami\u0119ci\u201d jest wsp\u00f3lnym przedsi\u0119wzi\u0119ciem wspieranym przez Mi\u0119dzynarodowy Sojusz na rzecz Pami\u0119ci o Holokau\u015bcie (IHRA) oraz Instytut Yad Vashem, we [&hellip;]\" \/>\n<meta property=\"og:url\" content=\"https:\/\/www.24gliwice.pl\/wiadomosci\/holocaust-podtrzymywanie-zywej-pamieci-w-dpzg-wystawa-plakatow-studentow-z-calego-swiata\/\" \/>\n<meta property=\"og:site_name\" content=\"24GLIWICE - Portal Gliwice | codziennie nowe informacje\" \/>\n<meta property=\"article:publisher\" content=\"https:\/\/www.facebook.com\/24gliwice\" \/>\n<meta property=\"article:published_time\" content=\"2020-01-22T13:07:50+00:00\" \/>\n<meta property=\"og:image\" content=\"https:\/\/www.24gliwice.pl\/wiadomosci\/wp-content\/uploads\/2020\/01\/holocaust-w-dp\u017cg.png.jpg\" \/>\n\t<meta property=\"og:image:width\" content=\"810\" \/>\n\t<meta property=\"og:image:height\" content=\"454\" \/>\n\t<meta property=\"og:image:type\" content=\"image\/jpeg\" \/>\n<meta name=\"author\" content=\"\u017baneta Mrozek-Siewierska\" \/>\n<meta name=\"twitter:card\" content=\"summary_large_image\" \/>\n<meta name=\"twitter:creator\" content=\"@24gliwice\" \/>\n<meta name=\"twitter:site\" content=\"@24gliwice\" \/>\n<meta name=\"twitter:label1\" content=\"Napisane przez\" \/>\n\t<meta name=\"twitter:data1\" content=\"\u017baneta Mrozek-Siewierska\" \/>\n\t<meta name=\"twitter:label2\" content=\"Szacowany czas czytania\" \/>\n\t<meta name=\"twitter:data2\" content=\"1 minuta\" \/>\n<script type=\"application\/ld+json\" class=\"yoast-schema-graph\">{\"@context\":\"https:\\\/\\\/schema.org\",\"@graph\":[{\"@type\":\"Article\",\"@id\":\"https:\\\/\\\/www.24gliwice.pl\\\/wiadomosci\\\/holocaust-podtrzymywanie-zywej-pamieci-w-dpzg-wystawa-plakatow-studentow-z-calego-swiata\\\/#article\",\"isPartOf\":{\"@id\":\"https:\\\/\\\/www.24gliwice.pl\\\/wiadomosci\\\/holocaust-podtrzymywanie-zywej-pamieci-w-dpzg-wystawa-plakatow-studentow-z-calego-swiata\\\/\"},\"author\":{\"name\":\"\u017baneta Mrozek-Siewierska\",\"@id\":\"https:\\\/\\\/www.24gliwice.pl\\\/wiadomosci\\\/#\\\/schema\\\/person\\\/e42c650edd7f2fa332be3811fb166b6e\"},\"headline\":\"\u201eHolocaust \u2013 podtrzymywanie \u017cywej pami\u0119ci\u201d w DP\u017bG. Wystawa plakat\u00f3w student\u00f3w z ca\u0142ego \u015bwiata\",\"datePublished\":\"2020-01-22T13:07:50+00:00\",\"mainEntityOfPage\":{\"@id\":\"https:\\\/\\\/www.24gliwice.pl\\\/wiadomosci\\\/holocaust-podtrzymywanie-zywej-pamieci-w-dpzg-wystawa-plakatow-studentow-z-calego-swiata\\\/\"},\"wordCount\":224,\"publisher\":{\"@id\":\"https:\\\/\\\/www.24gliwice.pl\\\/wiadomosci\\\/#organization\"},\"image\":{\"@id\":\"https:\\\/\\\/www.24gliwice.pl\\\/wiadomosci\\\/holocaust-podtrzymywanie-zywej-pamieci-w-dpzg-wystawa-plakatow-studentow-z-calego-swiata\\\/#primaryimage\"},\"thumbnailUrl\":\"https:\\\/\\\/www.24gliwice.pl\\\/wiadomosci\\\/wp-content\\\/uploads\\\/2020\\\/01\\\/holocaust-w-dp\u017cg.png.jpg\",\"keywords\":[\"dp\u017cg\"],\"articleSection\":[\"Gliwice\",\"Kultura, wydarzenia, imprezy\",\"Najnowsze wiadomo\u015bci\"],\"inLanguage\":\"pl-PL\"},{\"@type\":\"WebPage\",\"@id\":\"https:\\\/\\\/www.24gliwice.pl\\\/wiadomosci\\\/holocaust-podtrzymywanie-zywej-pamieci-w-dpzg-wystawa-plakatow-studentow-z-calego-swiata\\\/\",\"url\":\"https:\\\/\\\/www.24gliwice.pl\\\/wiadomosci\\\/holocaust-podtrzymywanie-zywej-pamieci-w-dpzg-wystawa-plakatow-studentow-z-calego-swiata\\\/\",\"name\":\"\u201eHolocaust \u2013 podtrzymywanie \u017cywej pami\u0119ci\u201d w DP\u017bG. Wystawa plakat\u00f3w student\u00f3w z ca\u0142ego \u015bwiata - 24GLIWICE - Portal Gliwice | codziennie nowe informacje\",\"isPartOf\":{\"@id\":\"https:\\\/\\\/www.24gliwice.pl\\\/wiadomosci\\\/#website\"},\"primaryImageOfPage\":{\"@id\":\"https:\\\/\\\/www.24gliwice.pl\\\/wiadomosci\\\/holocaust-podtrzymywanie-zywej-pamieci-w-dpzg-wystawa-plakatow-studentow-z-calego-swiata\\\/#primaryimage\"},\"image\":{\"@id\":\"https:\\\/\\\/www.24gliwice.pl\\\/wiadomosci\\\/holocaust-podtrzymywanie-zywej-pamieci-w-dpzg-wystawa-plakatow-studentow-z-calego-swiata\\\/#primaryimage\"},\"thumbnailUrl\":\"https:\\\/\\\/www.24gliwice.pl\\\/wiadomosci\\\/wp-content\\\/uploads\\\/2020\\\/01\\\/holocaust-w-dp\u017cg.png.jpg\",\"datePublished\":\"2020-01-22T13:07:50+00:00\",\"breadcrumb\":{\"@id\":\"https:\\\/\\\/www.24gliwice.pl\\\/wiadomosci\\\/holocaust-podtrzymywanie-zywej-pamieci-w-dpzg-wystawa-plakatow-studentow-z-calego-swiata\\\/#breadcrumb\"},\"inLanguage\":\"pl-PL\",\"potentialAction\":[{\"@type\":\"ReadAction\",\"target\":[\"https:\\\/\\\/www.24gliwice.pl\\\/wiadomosci\\\/holocaust-podtrzymywanie-zywej-pamieci-w-dpzg-wystawa-plakatow-studentow-z-calego-swiata\\\/\"]}]},{\"@type\":\"ImageObject\",\"inLanguage\":\"pl-PL\",\"@id\":\"https:\\\/\\\/www.24gliwice.pl\\\/wiadomosci\\\/holocaust-podtrzymywanie-zywej-pamieci-w-dpzg-wystawa-plakatow-studentow-z-calego-swiata\\\/#primaryimage\",\"url\":\"https:\\\/\\\/www.24gliwice.pl\\\/wiadomosci\\\/wp-content\\\/uploads\\\/2020\\\/01\\\/holocaust-w-dp\u017cg.png.jpg\",\"contentUrl\":\"https:\\\/\\\/www.24gliwice.pl\\\/wiadomosci\\\/wp-content\\\/uploads\\\/2020\\\/01\\\/holocaust-w-dp\u017cg.png.jpg\",\"width\":810,\"height\":454},{\"@type\":\"BreadcrumbList\",\"@id\":\"https:\\\/\\\/www.24gliwice.pl\\\/wiadomosci\\\/holocaust-podtrzymywanie-zywej-pamieci-w-dpzg-wystawa-plakatow-studentow-z-calego-swiata\\\/#breadcrumb\",\"itemListElement\":[{\"@type\":\"ListItem\",\"position\":1,\"name\":\"Strona g\u0142\u00f3wna\",\"item\":\"https:\\\/\\\/www.24gliwice.pl\\\/wiadomosci\\\/\"},{\"@type\":\"ListItem\",\"position\":2,\"name\":\"\u201eHolocaust \u2013 podtrzymywanie \u017cywej pami\u0119ci\u201d w DP\u017bG. Wystawa plakat\u00f3w student\u00f3w z ca\u0142ego \u015bwiata\"}]},{\"@type\":\"WebSite\",\"@id\":\"https:\\\/\\\/www.24gliwice.pl\\\/wiadomosci\\\/#website\",\"url\":\"https:\\\/\\\/www.24gliwice.pl\\\/wiadomosci\\\/\",\"name\":\"24GLIWICE - Portal Gliwice | codziennie nowe wiadomo\u015bci\",\"description\":\"Portal Miejski Gliwice\",\"publisher\":{\"@id\":\"https:\\\/\\\/www.24gliwice.pl\\\/wiadomosci\\\/#organization\"},\"potentialAction\":[{\"@type\":\"SearchAction\",\"target\":{\"@type\":\"EntryPoint\",\"urlTemplate\":\"https:\\\/\\\/www.24gliwice.pl\\\/wiadomosci\\\/?s={search_term_string}\"},\"query-input\":{\"@type\":\"PropertyValueSpecification\",\"valueRequired\":true,\"valueName\":\"search_term_string\"}}],\"inLanguage\":\"pl-PL\"},{\"@type\":\"Organization\",\"@id\":\"https:\\\/\\\/www.24gliwice.pl\\\/wiadomosci\\\/#organization\",\"name\":\"24gliwice\",\"url\":\"https:\\\/\\\/www.24gliwice.pl\\\/wiadomosci\\\/\",\"logo\":{\"@type\":\"ImageObject\",\"inLanguage\":\"pl-PL\",\"@id\":\"https:\\\/\\\/www.24gliwice.pl\\\/wiadomosci\\\/#\\\/schema\\\/logo\\\/image\\\/\",\"url\":\"https:\\\/\\\/www.24gliwice.pl\\\/wiadomosci\\\/wp-content\\\/uploads\\\/2024\\\/10\\\/24gliwice-logo-696.jpg\",\"contentUrl\":\"https:\\\/\\\/www.24gliwice.pl\\\/wiadomosci\\\/wp-content\\\/uploads\\\/2024\\\/10\\\/24gliwice-logo-696.jpg\",\"width\":696,\"height\":696,\"caption\":\"24gliwice\"},\"image\":{\"@id\":\"https:\\\/\\\/www.24gliwice.pl\\\/wiadomosci\\\/#\\\/schema\\\/logo\\\/image\\\/\"},\"sameAs\":[\"https:\\\/\\\/www.facebook.com\\\/24gliwice\",\"https:\\\/\\\/x.com\\\/24gliwice\",\"https:\\\/\\\/www.youtube.com\\\/@24gliwice\"]},{\"@type\":\"Person\",\"@id\":\"https:\\\/\\\/www.24gliwice.pl\\\/wiadomosci\\\/#\\\/schema\\\/person\\\/e42c650edd7f2fa332be3811fb166b6e\",\"name\":\"\u017baneta Mrozek-Siewierska\",\"image\":{\"@type\":\"ImageObject\",\"inLanguage\":\"pl-PL\",\"@id\":\"https:\\\/\\\/secure.gravatar.com\\\/avatar\\\/1881429e9c64597c77ad7aef2d0a19be69a3253e57534d16aa15bf3a4d34a0a3?s=96&d=mm&r=g\",\"url\":\"https:\\\/\\\/secure.gravatar.com\\\/avatar\\\/1881429e9c64597c77ad7aef2d0a19be69a3253e57534d16aa15bf3a4d34a0a3?s=96&d=mm&r=g\",\"contentUrl\":\"https:\\\/\\\/secure.gravatar.com\\\/avatar\\\/1881429e9c64597c77ad7aef2d0a19be69a3253e57534d16aa15bf3a4d34a0a3?s=96&d=mm&r=g\",\"caption\":\"\u017baneta Mrozek-Siewierska\"},\"url\":\"https:\\\/\\\/www.24gliwice.pl\\\/wiadomosci\\\/author\\\/zms\\\/\"}]}<\/script>\n<!-- \/ Yoast SEO plugin. -->","yoast_head_json":{"title":"\u201eHolocaust \u2013 podtrzymywanie \u017cywej pami\u0119ci\u201d w DP\u017bG. Wystawa plakat\u00f3w student\u00f3w z ca\u0142ego \u015bwiata - 24GLIWICE - Portal Gliwice | codziennie nowe informacje","robots":{"index":"index","follow":"follow","max-snippet":"max-snippet:-1","max-image-preview":"max-image-preview:large","max-video-preview":"max-video-preview:-1"},"canonical":"https:\/\/www.24gliwice.pl\/wiadomosci\/holocaust-podtrzymywanie-zywej-pamieci-w-dpzg-wystawa-plakatow-studentow-z-calego-swiata\/","og_locale":"pl_PL","og_type":"article","og_title":"\u201eHolocaust \u2013 podtrzymywanie \u017cywej pami\u0119ci\u201d w DP\u017bG. Wystawa plakat\u00f3w student\u00f3w z ca\u0142ego \u015bwiata - 24GLIWICE - Portal Gliwice | codziennie nowe informacje","og_description":"Dom Pami\u0119ci \u017byd\u00f3w G\u00f3rno\u015bl\u0105skich prezentuje 16 unikalnych projekt\u00f3w, maj\u0105cych na celu zachowanie wspomnienia o Holokau\u015bcie dla nast\u0119pnych pokole\u0144. Wystaw\u0119 b\u0119dzie mo\u017cna obejrze\u0107 od 24 stycznia do 29 maja. Konkurs na projekt plakatu \u201eHolocaust \u2013 podtrzymywanie \u017cywej pami\u0119ci\u201d jest wsp\u00f3lnym przedsi\u0119wzi\u0119ciem wspieranym przez Mi\u0119dzynarodowy Sojusz na rzecz Pami\u0119ci o Holokau\u015bcie (IHRA) oraz Instytut Yad Vashem, we [&hellip;]","og_url":"https:\/\/www.24gliwice.pl\/wiadomosci\/holocaust-podtrzymywanie-zywej-pamieci-w-dpzg-wystawa-plakatow-studentow-z-calego-swiata\/","og_site_name":"24GLIWICE - Portal Gliwice | codziennie nowe informacje","article_publisher":"https:\/\/www.facebook.com\/24gliwice","article_published_time":"2020-01-22T13:07:50+00:00","og_image":[{"width":810,"height":454,"url":"https:\/\/www.24gliwice.pl\/wiadomosci\/wp-content\/uploads\/2020\/01\/holocaust-w-dp\u017cg.png.jpg","type":"image\/jpeg"}],"author":"\u017baneta Mrozek-Siewierska","twitter_card":"summary_large_image","twitter_creator":"@24gliwice","twitter_site":"@24gliwice","twitter_misc":{"Napisane przez":"\u017baneta Mrozek-Siewierska","Szacowany czas czytania":"1 minuta"},"schema":{"@context":"https:\/\/schema.org","@graph":[{"@type":"Article","@id":"https:\/\/www.24gliwice.pl\/wiadomosci\/holocaust-podtrzymywanie-zywej-pamieci-w-dpzg-wystawa-plakatow-studentow-z-calego-swiata\/#article","isPartOf":{"@id":"https:\/\/www.24gliwice.pl\/wiadomosci\/holocaust-podtrzymywanie-zywej-pamieci-w-dpzg-wystawa-plakatow-studentow-z-calego-swiata\/"},"author":{"name":"\u017baneta Mrozek-Siewierska","@id":"https:\/\/www.24gliwice.pl\/wiadomosci\/#\/schema\/person\/e42c650edd7f2fa332be3811fb166b6e"},"headline":"\u201eHolocaust \u2013 podtrzymywanie \u017cywej pami\u0119ci\u201d w DP\u017bG. Wystawa plakat\u00f3w student\u00f3w z ca\u0142ego \u015bwiata","datePublished":"2020-01-22T13:07:50+00:00","mainEntityOfPage":{"@id":"https:\/\/www.24gliwice.pl\/wiadomosci\/holocaust-podtrzymywanie-zywej-pamieci-w-dpzg-wystawa-plakatow-studentow-z-calego-swiata\/"},"wordCount":224,"publisher":{"@id":"https:\/\/www.24gliwice.pl\/wiadomosci\/#organization"},"image":{"@id":"https:\/\/www.24gliwice.pl\/wiadomosci\/holocaust-podtrzymywanie-zywej-pamieci-w-dpzg-wystawa-plakatow-studentow-z-calego-swiata\/#primaryimage"},"thumbnailUrl":"https:\/\/www.24gliwice.pl\/wiadomosci\/wp-content\/uploads\/2020\/01\/holocaust-w-dp\u017cg.png.jpg","keywords":["dp\u017cg"],"articleSection":["Gliwice","Kultura, wydarzenia, imprezy","Najnowsze wiadomo\u015bci"],"inLanguage":"pl-PL"},{"@type":"WebPage","@id":"https:\/\/www.24gliwice.pl\/wiadomosci\/holocaust-podtrzymywanie-zywej-pamieci-w-dpzg-wystawa-plakatow-studentow-z-calego-swiata\/","url":"https:\/\/www.24gliwice.pl\/wiadomosci\/holocaust-podtrzymywanie-zywej-pamieci-w-dpzg-wystawa-plakatow-studentow-z-calego-swiata\/","name":"\u201eHolocaust \u2013 podtrzymywanie \u017cywej pami\u0119ci\u201d w DP\u017bG. Wystawa plakat\u00f3w student\u00f3w z ca\u0142ego \u015bwiata - 24GLIWICE - Portal Gliwice | codziennie nowe informacje","isPartOf":{"@id":"https:\/\/www.24gliwice.pl\/wiadomosci\/#website"},"primaryImageOfPage":{"@id":"https:\/\/www.24gliwice.pl\/wiadomosci\/holocaust-podtrzymywanie-zywej-pamieci-w-dpzg-wystawa-plakatow-studentow-z-calego-swiata\/#primaryimage"},"image":{"@id":"https:\/\/www.24gliwice.pl\/wiadomosci\/holocaust-podtrzymywanie-zywej-pamieci-w-dpzg-wystawa-plakatow-studentow-z-calego-swiata\/#primaryimage"},"thumbnailUrl":"https:\/\/www.24gliwice.pl\/wiadomosci\/wp-content\/uploads\/2020\/01\/holocaust-w-dp\u017cg.png.jpg","datePublished":"2020-01-22T13:07:50+00:00","breadcrumb":{"@id":"https:\/\/www.24gliwice.pl\/wiadomosci\/holocaust-podtrzymywanie-zywej-pamieci-w-dpzg-wystawa-plakatow-studentow-z-calego-swiata\/#breadcrumb"},"inLanguage":"pl-PL","potentialAction":[{"@type":"ReadAction","target":["https:\/\/www.24gliwice.pl\/wiadomosci\/holocaust-podtrzymywanie-zywej-pamieci-w-dpzg-wystawa-plakatow-studentow-z-calego-swiata\/"]}]},{"@type":"ImageObject","inLanguage":"pl-PL","@id":"https:\/\/www.24gliwice.pl\/wiadomosci\/holocaust-podtrzymywanie-zywej-pamieci-w-dpzg-wystawa-plakatow-studentow-z-calego-swiata\/#primaryimage","url":"https:\/\/www.24gliwice.pl\/wiadomosci\/wp-content\/uploads\/2020\/01\/holocaust-w-dp\u017cg.png.jpg","contentUrl":"https:\/\/www.24gliwice.pl\/wiadomosci\/wp-content\/uploads\/2020\/01\/holocaust-w-dp\u017cg.png.jpg","width":810,"height":454},{"@type":"BreadcrumbList","@id":"https:\/\/www.24gliwice.pl\/wiadomosci\/holocaust-podtrzymywanie-zywej-pamieci-w-dpzg-wystawa-plakatow-studentow-z-calego-swiata\/#breadcrumb","itemListElement":[{"@type":"ListItem","position":1,"name":"Strona g\u0142\u00f3wna","item":"https:\/\/www.24gliwice.pl\/wiadomosci\/"},{"@type":"ListItem","position":2,"name":"\u201eHolocaust \u2013 podtrzymywanie \u017cywej pami\u0119ci\u201d w DP\u017bG. Wystawa plakat\u00f3w student\u00f3w z ca\u0142ego \u015bwiata"}]},{"@type":"WebSite","@id":"https:\/\/www.24gliwice.pl\/wiadomosci\/#website","url":"https:\/\/www.24gliwice.pl\/wiadomosci\/","name":"24GLIWICE - Portal Gliwice | codziennie nowe wiadomo\u015bci","description":"Portal Miejski Gliwice","publisher":{"@id":"https:\/\/www.24gliwice.pl\/wiadomosci\/#organization"},"potentialAction":[{"@type":"SearchAction","target":{"@type":"EntryPoint","urlTemplate":"https:\/\/www.24gliwice.pl\/wiadomosci\/?s={search_term_string}"},"query-input":{"@type":"PropertyValueSpecification","valueRequired":true,"valueName":"search_term_string"}}],"inLanguage":"pl-PL"},{"@type":"Organization","@id":"https:\/\/www.24gliwice.pl\/wiadomosci\/#organization","name":"24gliwice","url":"https:\/\/www.24gliwice.pl\/wiadomosci\/","logo":{"@type":"ImageObject","inLanguage":"pl-PL","@id":"https:\/\/www.24gliwice.pl\/wiadomosci\/#\/schema\/logo\/image\/","url":"https:\/\/www.24gliwice.pl\/wiadomosci\/wp-content\/uploads\/2024\/10\/24gliwice-logo-696.jpg","contentUrl":"https:\/\/www.24gliwice.pl\/wiadomosci\/wp-content\/uploads\/2024\/10\/24gliwice-logo-696.jpg","width":696,"height":696,"caption":"24gliwice"},"image":{"@id":"https:\/\/www.24gliwice.pl\/wiadomosci\/#\/schema\/logo\/image\/"},"sameAs":["https:\/\/www.facebook.com\/24gliwice","https:\/\/x.com\/24gliwice","https:\/\/www.youtube.com\/@24gliwice"]},{"@type":"Person","@id":"https:\/\/www.24gliwice.pl\/wiadomosci\/#\/schema\/person\/e42c650edd7f2fa332be3811fb166b6e","name":"\u017baneta Mrozek-Siewierska","image":{"@type":"ImageObject","inLanguage":"pl-PL","@id":"https:\/\/secure.gravatar.com\/avatar\/1881429e9c64597c77ad7aef2d0a19be69a3253e57534d16aa15bf3a4d34a0a3?s=96&d=mm&r=g","url":"https:\/\/secure.gravatar.com\/avatar\/1881429e9c64597c77ad7aef2d0a19be69a3253e57534d16aa15bf3a4d34a0a3?s=96&d=mm&r=g","contentUrl":"https:\/\/secure.gravatar.com\/avatar\/1881429e9c64597c77ad7aef2d0a19be69a3253e57534d16aa15bf3a4d34a0a3?s=96&d=mm&r=g","caption":"\u017baneta Mrozek-Siewierska"},"url":"https:\/\/www.24gliwice.pl\/wiadomosci\/author\/zms\/"}]}},"_links":{"self":[{"href":"https:\/\/www.24gliwice.pl\/wiadomosci\/wp-json\/wp\/v2\/posts\/146393","targetHints":{"allow":["GET"]}}],"collection":[{"href":"https:\/\/www.24gliwice.pl\/wiadomosci\/wp-json\/wp\/v2\/posts"}],"about":[{"href":"https:\/\/www.24gliwice.pl\/wiadomosci\/wp-json\/wp\/v2\/types\/post"}],"author":[{"embeddable":true,"href":"https:\/\/www.24gliwice.pl\/wiadomosci\/wp-json\/wp\/v2\/users\/15"}],"replies":[{"embeddable":true,"href":"https:\/\/www.24gliwice.pl\/wiadomosci\/wp-json\/wp\/v2\/comments?post=146393"}],"version-history":[{"count":0,"href":"https:\/\/www.24gliwice.pl\/wiadomosci\/wp-json\/wp\/v2\/posts\/146393\/revisions"}],"wp:featuredmedia":[{"embeddable":true,"href":"https:\/\/www.24gliwice.pl\/wiadomosci\/wp-json\/wp\/v2\/media\/146403"}],"wp:attachment":[{"href":"https:\/\/www.24gliwice.pl\/wiadomosci\/wp-json\/wp\/v2\/media?parent=146393"}],"wp:term":[{"taxonomy":"category","embeddable":true,"href":"https:\/\/www.24gliwice.pl\/wiadomosci\/wp-json\/wp\/v2\/categories?post=146393"},{"taxonomy":"post_tag","embeddable":true,"href":"https:\/\/www.24gliwice.pl\/wiadomosci\/wp-json\/wp\/v2\/tags?post=146393"}],"curies":[{"name":"wp","href":"https:\/\/api.w.org\/{rel}","templated":true}]}}