{"id":146593,"date":"2020-01-31T15:21:02","date_gmt":"2020-01-31T14:21:02","guid":{"rendered":"https:\/\/www.24gliwice.pl\/wiadomosci\/?p=146593"},"modified":"2020-01-31T15:21:02","modified_gmt":"2020-01-31T14:21:02","slug":"od-soboty-zmiany-w-rozkladach-jazdy-autobusow-komunikacji-miejskiej-sa-pewne-nowosci","status":"publish","type":"post","link":"https:\/\/www.24gliwice.pl\/wiadomosci\/od-soboty-zmiany-w-rozkladach-jazdy-autobusow-komunikacji-miejskiej-sa-pewne-nowosci\/","title":{"rendered":"Od soboty zmiany w rozk\u0142adach jazdy autobus\u00f3w komunikacji miejskiej. S\u0105 pewne nowo\u015bci"},"content":{"rendered":"<div class=\"gliwi-a6-nad-leadem-artykulow gliwi-entity-placement\" id=\"gliwi-909193020\"><div class=\"gliwi-adlabel\"><span style=\"font-size: 9px\">REKLAMA<\/span><\/div><div id=\"gliwi-4053872223\" style=\"margin-bottom: 25px;margin-left: auto;margin-right: auto;text-align: center;\"><a data-no-instant=\"1\" href=\"https:\/\/dom100.eu\/\" rel=\"noopener\" class=\"a2t-link\" target=\"_blank\" aria-label=\"20260415 DOM100 D\"><img loading=\"lazy\" decoding=\"async\" src=\"https:\/\/www.24gliwice.pl\/wiadomosci\/wp-content\/uploads\/2026\/04\/20260415-DOM100-D.jpg\" alt=\"\"  srcset=\"https:\/\/www.24gliwice.pl\/wiadomosci\/wp-content\/uploads\/2026\/04\/20260415-DOM100-D.jpg 750w, https:\/\/www.24gliwice.pl\/wiadomosci\/wp-content\/uploads\/2026\/04\/20260415-DOM100-D-410x109.jpg 410w\" sizes=\"(max-width: 750px) 100vw, 750px\" class=\"no-lazyload\" width=\"750\" height=\"200\"  style=\"display: inline-block; max-width: 100%; height: auto;\" \/><\/a><\/div><\/div><h3>Chocia\u017c od otwarcia nowego mostu w ci\u0105gu ulicy Wroc\u0142awskiej min\u0119\u0142y prawie dwa miesi\u0105ce, dopiero teraz Zarz\u0105d Transportu Metropolitalnego aktualizuje rozk\u0142ady jazdy. Zmiany b\u0119d\u0105 obowi\u0105zywa\u0142y od soboty, 1 lutego.<\/h3>\n<p>Korekty dotycz\u0105 linii nr: <strong>8, 32, 32N, 41, 57, 58, 71, 126, 156, 187, 194N, 232, 617, 648, 669, 676, 677, 692, 692N, 702, 840 i 932.<\/strong><\/p>\n<p>Jak przekazuje ZTM, na liniach kursuj\u0105cych z ul. Wroc\u0142awskiej w kierunku placu Piast\u00f3w i ul. Piwnej nast\u0105pi przywr\u00f3cenie sta\u0142ych czas\u00f3w przejazd\u00f3w. <\/p><div class=\"gliwi-a3-w-tresci-artykulow gliwi-entity-placement\" id=\"gliwi-1489664724\"><div class=\"gliwi-adlabel\"><span style=\"font-size: 9px\">REKLAMA<\/span><\/div><div id=\"gliwi-2437258781\" style=\"margin-bottom: 30px;margin-left: auto;margin-right: auto;text-align: center;\"><a data-no-instant=\"1\" href=\"https:\/\/zlobek.halogen.org.pl\/\" rel=\"noopener\" class=\"a2t-link\" target=\"_blank\" aria-label=\"animator-zlobek_750x200\"><img loading=\"lazy\" decoding=\"async\" src=\"https:\/\/www.24gliwice.pl\/wiadomosci\/wp-content\/uploads\/2026\/02\/animator-zlobek_750x200.webp\" alt=\"\"  srcset=\"https:\/\/www.24gliwice.pl\/wiadomosci\/wp-content\/uploads\/2026\/02\/animator-zlobek_750x200.webp 750w, https:\/\/www.24gliwice.pl\/wiadomosci\/wp-content\/uploads\/2026\/02\/animator-zlobek_750x200-410x109.webp 410w\" sizes=\"(max-width: 750px) 100vw, 750px\" class=\"no-lazyload\" width=\"750\" height=\"200\"  style=\"display: inline-block; max-width: 100%; height: auto;\" \/><\/a><\/div><\/div>\n<p>Wybrane kursy linii nr 57 zostan\u0105 wyd\u0142u\u017cone od przystanku <strong>Brzezinka Wa\u0142brzyska<\/strong> do przystanku <strong>Brzezinka Park Logistyczny<\/strong> w dni robocze, soboty, niedziele i \u015bwi\u0119ta w godzinach g\u0142\u00f3wnych zmian pracowniczych wraz z korekt\u0105 rozk\u0142adu jazdy. Opr\u00f3cz tego uruchomione zostan\u0105 dwie dodatkowe pary kurs\u00f3w tej linii w relacji: <strong>Gliwice Dworcowa \u2013 Brzezinka Park Logistyczny \u2013 Gliwice Piwna<\/strong>, zapewniaj\u0105cych dodatkow\u0105 mo\u017cliwo\u015b\u0107 dojazdu i powrotu z zak\u0142ad\u00f3w pracy zlokalizowanych w rejonie Podstrefy Gliwickiej KSSE na godzin\u0119 i z godziny 6:00 oraz 14:00.<\/p>\n<h3>Wyd\u0142u\u017ceniu ulegn\u0105 tak\u017ce wybrane kursy linii nr 677 w godzinach po\u0142udniowych i wieczornych z centrum Gliwic do Trynku. <\/h3>\n<p>W efekcie, w godzinach od 5:00 do 19:00 kursy linii w relacji: <strong>Gliwice Plac Piast\u00f3w \u2013 Trynek Toru\u0144ska<\/strong>, wykonywane b\u0119d\u0105 regularnie co 30 minut. Na linii 677 uruchomiona zostanie r\u00f3wnie\u017c dodatkowa para kurs\u00f3w w relacji: <strong>Gliwice Plac Piast\u00f3w \u2013 Pyskowice Szpitalna \u2013 Gliwice Plac Piast\u00f3w<\/strong>, w godzinach popo\u0142udniowych.<\/p>\n<p>Na liniach nr: <strong>8, 32, 32N, 57, 58, 71, 126, 156, 187, 194N, 232, 617, 648, 676, 677, 692, 692N, 702, 840 i 932<\/strong> dokonane zostan\u0105 korekty rozk\u0142ad\u00f3w jazdy. <\/p>\n<p>&#8211; <em>Ponadto informujemy, \u017ce w rozk\u0142adzie jazdy linii nr 840 uwzgl\u0119dniono wyd\u0142u\u017cenie czasu i trasy przejazdu, zwi\u0105zane z funkcjonuj\u0105c\u0105 tras\u0105 objazdow\u0105 na czas przebudowy ul. 3 Maja w Chorzowie<\/em> &#8211; przekazuje ZTM.<\/p>\n<p><a href=\"https:\/\/rj.metropoliaztm.pl\/rozklady\/\" rel=\"noopener noreferrer\" target=\"_blank\">Rozk\u0142ady jazdy po korekcie mo\u017cna sprawdzi\u0107 tutaj. <\/a><\/p>\n<p>(\u017cms)\/ZTM<br \/>\nfot. arch. 24gliwice.pl<\/p>\n<div class=\"gliwi-a5-na-koncu-artykulow gliwi-entity-placement\" id=\"gliwi-173998219\"><div class=\"gliwi-adlabel\"><span style=\"font-size: 9px\">REKLAMA<\/span><\/div><div id=\"gliwi-1971495128\" style=\"margin-left: auto;margin-right: auto;text-align: center;\"><a data-no-instant=\"1\" href=\"https:\/\/www.jasek.pl\/\" rel=\"noopener\" class=\"a2t-link\" target=\"_blank\" aria-label=\"20200401-jasek 600\"><img loading=\"lazy\" decoding=\"async\" src=\"https:\/\/www.24gliwice.pl\/wiadomosci\/wp-content\/uploads\/2020\/04\/20200401-jasek-600.jpg\" alt=\"\"  srcset=\"https:\/\/www.24gliwice.pl\/wiadomosci\/wp-content\/uploads\/2020\/04\/20200401-jasek-600.jpg 600w, https:\/\/www.24gliwice.pl\/wiadomosci\/wp-content\/uploads\/2020\/04\/20200401-jasek-600-410x109.jpg 410w\" sizes=\"(max-width: 600px) 100vw, 600px\" class=\"no-lazyload\" width=\"600\" height=\"160\"  style=\"display: inline-block; max-width: 100%; height: auto;\" \/><\/a><\/div><\/div>","protected":false},"excerpt":{"rendered":"<p>Chocia\u017c od otwarcia nowego mostu w ci\u0105gu ulicy Wroc\u0142awskiej min\u0119\u0142y prawie dwa miesi\u0105ce, dopiero teraz Zarz\u0105d Transportu Metropolitalnego aktualizuje rozk\u0142ady jazdy. Zmiany b\u0119d\u0105 obowi\u0105zywa\u0142y od soboty, 1 lutego. Korekty dotycz\u0105 linii nr: 8, 32, 32N, 41, 57, 58, 71, 126, 156, 187, 194N, 232, 617, 648, 669, 676, 677, 692, 692N, 702, 840 i 932. [&hellip;]<\/p>\n","protected":false},"author":15,"featured_media":94979,"comment_status":"open","ping_status":"closed","sticky":false,"template":"","format":"standard","meta":{"_monsterinsights_skip_tracking":false,"_monsterinsights_sitenote_active":false,"_monsterinsights_sitenote_note":"","_monsterinsights_sitenote_category":0,"footnotes":"","_links_to":"","_links_to_target":""},"categories":[3,1],"tags":[8089,8378,17472,10747,17473,10746],"class_list":["post-146593","post","type-post","status-publish","format-standard","has-post-thumbnail","hentry","category-gliwice","category-wszystko","tag-autobus","tag-komunikacja-miejska","tag-korekty-rozkladow-jazdy","tag-zarzad-transportu-metropolitalnego","tag-zmiany-rozkladow-jazdy","tag-ztm"],"yoast_head":"<!-- This site is optimized with the Yoast SEO plugin v27.5 - https:\/\/yoast.com\/product\/yoast-seo-wordpress\/ -->\n<title>Od soboty zmiany w rozk\u0142adach jazdy autobus\u00f3w komunikacji miejskiej. S\u0105 pewne nowo\u015bci - 24GLIWICE - Portal Gliwice | codziennie nowe informacje<\/title>\n<meta name=\"robots\" content=\"index, follow, max-snippet:-1, max-image-preview:large, max-video-preview:-1\" \/>\n<link rel=\"canonical\" href=\"https:\/\/www.24gliwice.pl\/wiadomosci\/od-soboty-zmiany-w-rozkladach-jazdy-autobusow-komunikacji-miejskiej-sa-pewne-nowosci\/\" \/>\n<meta property=\"og:locale\" content=\"pl_PL\" \/>\n<meta property=\"og:type\" content=\"article\" \/>\n<meta property=\"og:title\" content=\"Od soboty zmiany w rozk\u0142adach jazdy autobus\u00f3w komunikacji miejskiej. S\u0105 pewne nowo\u015bci - 24GLIWICE - Portal Gliwice | codziennie nowe informacje\" \/>\n<meta property=\"og:description\" content=\"Chocia\u017c od otwarcia nowego mostu w ci\u0105gu ulicy Wroc\u0142awskiej min\u0119\u0142y prawie dwa miesi\u0105ce, dopiero teraz Zarz\u0105d Transportu Metropolitalnego aktualizuje rozk\u0142ady jazdy. Zmiany b\u0119d\u0105 obowi\u0105zywa\u0142y od soboty, 1 lutego. Korekty dotycz\u0105 linii nr: 8, 32, 32N, 41, 57, 58, 71, 126, 156, 187, 194N, 232, 617, 648, 669, 676, 677, 692, 692N, 702, 840 i 932. [&hellip;]\" \/>\n<meta property=\"og:url\" content=\"https:\/\/www.24gliwice.pl\/wiadomosci\/od-soboty-zmiany-w-rozkladach-jazdy-autobusow-komunikacji-miejskiej-sa-pewne-nowosci\/\" \/>\n<meta property=\"og:site_name\" content=\"24GLIWICE - Portal Gliwice | codziennie nowe informacje\" \/>\n<meta property=\"article:publisher\" content=\"https:\/\/www.facebook.com\/24gliwice\" \/>\n<meta property=\"article:published_time\" content=\"2020-01-31T14:21:02+00:00\" \/>\n<meta property=\"og:image\" content=\"https:\/\/www.24gliwice.pl\/wiadomosci\/wp-content\/uploads\/2017\/03\/Autobus-57-luty-portal.jpg\" \/>\n\t<meta property=\"og:image:width\" content=\"810\" \/>\n\t<meta property=\"og:image:height\" content=\"456\" \/>\n\t<meta property=\"og:image:type\" content=\"image\/jpeg\" \/>\n<meta name=\"author\" content=\"\u017baneta Mrozek-Siewierska\" \/>\n<meta name=\"twitter:card\" content=\"summary_large_image\" \/>\n<meta name=\"twitter:creator\" content=\"@24gliwice\" \/>\n<meta name=\"twitter:site\" content=\"@24gliwice\" \/>\n<meta name=\"twitter:label1\" content=\"Napisane przez\" \/>\n\t<meta name=\"twitter:data1\" content=\"\u017baneta Mrozek-Siewierska\" \/>\n\t<meta name=\"twitter:label2\" content=\"Szacowany czas czytania\" \/>\n\t<meta name=\"twitter:data2\" content=\"1 minuta\" \/>\n<script type=\"application\/ld+json\" class=\"yoast-schema-graph\">{\"@context\":\"https:\\\/\\\/schema.org\",\"@graph\":[{\"@type\":\"Article\",\"@id\":\"https:\\\/\\\/www.24gliwice.pl\\\/wiadomosci\\\/od-soboty-zmiany-w-rozkladach-jazdy-autobusow-komunikacji-miejskiej-sa-pewne-nowosci\\\/#article\",\"isPartOf\":{\"@id\":\"https:\\\/\\\/www.24gliwice.pl\\\/wiadomosci\\\/od-soboty-zmiany-w-rozkladach-jazdy-autobusow-komunikacji-miejskiej-sa-pewne-nowosci\\\/\"},\"author\":{\"name\":\"\u017baneta Mrozek-Siewierska\",\"@id\":\"https:\\\/\\\/www.24gliwice.pl\\\/wiadomosci\\\/#\\\/schema\\\/person\\\/e42c650edd7f2fa332be3811fb166b6e\"},\"headline\":\"Od soboty zmiany w rozk\u0142adach jazdy autobus\u00f3w komunikacji miejskiej. S\u0105 pewne nowo\u015bci\",\"datePublished\":\"2020-01-31T14:21:02+00:00\",\"mainEntityOfPage\":{\"@id\":\"https:\\\/\\\/www.24gliwice.pl\\\/wiadomosci\\\/od-soboty-zmiany-w-rozkladach-jazdy-autobusow-komunikacji-miejskiej-sa-pewne-nowosci\\\/\"},\"wordCount\":307,\"commentCount\":0,\"publisher\":{\"@id\":\"https:\\\/\\\/www.24gliwice.pl\\\/wiadomosci\\\/#organization\"},\"image\":{\"@id\":\"https:\\\/\\\/www.24gliwice.pl\\\/wiadomosci\\\/od-soboty-zmiany-w-rozkladach-jazdy-autobusow-komunikacji-miejskiej-sa-pewne-nowosci\\\/#primaryimage\"},\"thumbnailUrl\":\"https:\\\/\\\/www.24gliwice.pl\\\/wiadomosci\\\/wp-content\\\/uploads\\\/2017\\\/03\\\/Autobus-57-luty-portal.jpg\",\"keywords\":[\"AUTOBUS\",\"KOMUNIKACJA MIEJSKA\",\"korekty rozk\u0142ad\u00f3w jazdy\",\"ZARZ\u0104D TRANSPORTU METROPOLITALNEGO\",\"zmiany rozk\u0142ad\u00f3w jazdy\",\"ZTM\"],\"articleSection\":[\"Gliwice\",\"Najnowsze wiadomo\u015bci\"],\"inLanguage\":\"pl-PL\",\"potentialAction\":[{\"@type\":\"CommentAction\",\"name\":\"Comment\",\"target\":[\"https:\\\/\\\/www.24gliwice.pl\\\/wiadomosci\\\/od-soboty-zmiany-w-rozkladach-jazdy-autobusow-komunikacji-miejskiej-sa-pewne-nowosci\\\/#respond\"]}]},{\"@type\":\"WebPage\",\"@id\":\"https:\\\/\\\/www.24gliwice.pl\\\/wiadomosci\\\/od-soboty-zmiany-w-rozkladach-jazdy-autobusow-komunikacji-miejskiej-sa-pewne-nowosci\\\/\",\"url\":\"https:\\\/\\\/www.24gliwice.pl\\\/wiadomosci\\\/od-soboty-zmiany-w-rozkladach-jazdy-autobusow-komunikacji-miejskiej-sa-pewne-nowosci\\\/\",\"name\":\"Od soboty zmiany w rozk\u0142adach jazdy autobus\u00f3w komunikacji miejskiej. S\u0105 pewne nowo\u015bci - 24GLIWICE - Portal Gliwice | codziennie nowe informacje\",\"isPartOf\":{\"@id\":\"https:\\\/\\\/www.24gliwice.pl\\\/wiadomosci\\\/#website\"},\"primaryImageOfPage\":{\"@id\":\"https:\\\/\\\/www.24gliwice.pl\\\/wiadomosci\\\/od-soboty-zmiany-w-rozkladach-jazdy-autobusow-komunikacji-miejskiej-sa-pewne-nowosci\\\/#primaryimage\"},\"image\":{\"@id\":\"https:\\\/\\\/www.24gliwice.pl\\\/wiadomosci\\\/od-soboty-zmiany-w-rozkladach-jazdy-autobusow-komunikacji-miejskiej-sa-pewne-nowosci\\\/#primaryimage\"},\"thumbnailUrl\":\"https:\\\/\\\/www.24gliwice.pl\\\/wiadomosci\\\/wp-content\\\/uploads\\\/2017\\\/03\\\/Autobus-57-luty-portal.jpg\",\"datePublished\":\"2020-01-31T14:21:02+00:00\",\"breadcrumb\":{\"@id\":\"https:\\\/\\\/www.24gliwice.pl\\\/wiadomosci\\\/od-soboty-zmiany-w-rozkladach-jazdy-autobusow-komunikacji-miejskiej-sa-pewne-nowosci\\\/#breadcrumb\"},\"inLanguage\":\"pl-PL\",\"potentialAction\":[{\"@type\":\"ReadAction\",\"target\":[\"https:\\\/\\\/www.24gliwice.pl\\\/wiadomosci\\\/od-soboty-zmiany-w-rozkladach-jazdy-autobusow-komunikacji-miejskiej-sa-pewne-nowosci\\\/\"]}]},{\"@type\":\"ImageObject\",\"inLanguage\":\"pl-PL\",\"@id\":\"https:\\\/\\\/www.24gliwice.pl\\\/wiadomosci\\\/od-soboty-zmiany-w-rozkladach-jazdy-autobusow-komunikacji-miejskiej-sa-pewne-nowosci\\\/#primaryimage\",\"url\":\"https:\\\/\\\/www.24gliwice.pl\\\/wiadomosci\\\/wp-content\\\/uploads\\\/2017\\\/03\\\/Autobus-57-luty-portal.jpg\",\"contentUrl\":\"https:\\\/\\\/www.24gliwice.pl\\\/wiadomosci\\\/wp-content\\\/uploads\\\/2017\\\/03\\\/Autobus-57-luty-portal.jpg\",\"width\":810,\"height\":456,\"caption\":\"Fot. arch. 24gliwice\"},{\"@type\":\"BreadcrumbList\",\"@id\":\"https:\\\/\\\/www.24gliwice.pl\\\/wiadomosci\\\/od-soboty-zmiany-w-rozkladach-jazdy-autobusow-komunikacji-miejskiej-sa-pewne-nowosci\\\/#breadcrumb\",\"itemListElement\":[{\"@type\":\"ListItem\",\"position\":1,\"name\":\"Strona g\u0142\u00f3wna\",\"item\":\"https:\\\/\\\/www.24gliwice.pl\\\/wiadomosci\\\/\"},{\"@type\":\"ListItem\",\"position\":2,\"name\":\"Od soboty zmiany w rozk\u0142adach jazdy autobus\u00f3w komunikacji miejskiej. S\u0105 pewne nowo\u015bci\"}]},{\"@type\":\"WebSite\",\"@id\":\"https:\\\/\\\/www.24gliwice.pl\\\/wiadomosci\\\/#website\",\"url\":\"https:\\\/\\\/www.24gliwice.pl\\\/wiadomosci\\\/\",\"name\":\"24GLIWICE - Portal Gliwice | codziennie nowe wiadomo\u015bci\",\"description\":\"Portal Miejski Gliwice\",\"publisher\":{\"@id\":\"https:\\\/\\\/www.24gliwice.pl\\\/wiadomosci\\\/#organization\"},\"potentialAction\":[{\"@type\":\"SearchAction\",\"target\":{\"@type\":\"EntryPoint\",\"urlTemplate\":\"https:\\\/\\\/www.24gliwice.pl\\\/wiadomosci\\\/?s={search_term_string}\"},\"query-input\":{\"@type\":\"PropertyValueSpecification\",\"valueRequired\":true,\"valueName\":\"search_term_string\"}}],\"inLanguage\":\"pl-PL\"},{\"@type\":\"Organization\",\"@id\":\"https:\\\/\\\/www.24gliwice.pl\\\/wiadomosci\\\/#organization\",\"name\":\"24gliwice\",\"url\":\"https:\\\/\\\/www.24gliwice.pl\\\/wiadomosci\\\/\",\"logo\":{\"@type\":\"ImageObject\",\"inLanguage\":\"pl-PL\",\"@id\":\"https:\\\/\\\/www.24gliwice.pl\\\/wiadomosci\\\/#\\\/schema\\\/logo\\\/image\\\/\",\"url\":\"https:\\\/\\\/www.24gliwice.pl\\\/wiadomosci\\\/wp-content\\\/uploads\\\/2024\\\/10\\\/24gliwice-logo-696.jpg\",\"contentUrl\":\"https:\\\/\\\/www.24gliwice.pl\\\/wiadomosci\\\/wp-content\\\/uploads\\\/2024\\\/10\\\/24gliwice-logo-696.jpg\",\"width\":696,\"height\":696,\"caption\":\"24gliwice\"},\"image\":{\"@id\":\"https:\\\/\\\/www.24gliwice.pl\\\/wiadomosci\\\/#\\\/schema\\\/logo\\\/image\\\/\"},\"sameAs\":[\"https:\\\/\\\/www.facebook.com\\\/24gliwice\",\"https:\\\/\\\/x.com\\\/24gliwice\",\"https:\\\/\\\/www.youtube.com\\\/@24gliwice\"]},{\"@type\":\"Person\",\"@id\":\"https:\\\/\\\/www.24gliwice.pl\\\/wiadomosci\\\/#\\\/schema\\\/person\\\/e42c650edd7f2fa332be3811fb166b6e\",\"name\":\"\u017baneta Mrozek-Siewierska\",\"image\":{\"@type\":\"ImageObject\",\"inLanguage\":\"pl-PL\",\"@id\":\"https:\\\/\\\/secure.gravatar.com\\\/avatar\\\/1881429e9c64597c77ad7aef2d0a19be69a3253e57534d16aa15bf3a4d34a0a3?s=96&d=mm&r=g\",\"url\":\"https:\\\/\\\/secure.gravatar.com\\\/avatar\\\/1881429e9c64597c77ad7aef2d0a19be69a3253e57534d16aa15bf3a4d34a0a3?s=96&d=mm&r=g\",\"contentUrl\":\"https:\\\/\\\/secure.gravatar.com\\\/avatar\\\/1881429e9c64597c77ad7aef2d0a19be69a3253e57534d16aa15bf3a4d34a0a3?s=96&d=mm&r=g\",\"caption\":\"\u017baneta Mrozek-Siewierska\"},\"url\":\"https:\\\/\\\/www.24gliwice.pl\\\/wiadomosci\\\/author\\\/zms\\\/\"}]}<\/script>\n<!-- \/ Yoast SEO plugin. -->","yoast_head_json":{"title":"Od soboty zmiany w rozk\u0142adach jazdy autobus\u00f3w komunikacji miejskiej. S\u0105 pewne nowo\u015bci - 24GLIWICE - Portal Gliwice | codziennie nowe informacje","robots":{"index":"index","follow":"follow","max-snippet":"max-snippet:-1","max-image-preview":"max-image-preview:large","max-video-preview":"max-video-preview:-1"},"canonical":"https:\/\/www.24gliwice.pl\/wiadomosci\/od-soboty-zmiany-w-rozkladach-jazdy-autobusow-komunikacji-miejskiej-sa-pewne-nowosci\/","og_locale":"pl_PL","og_type":"article","og_title":"Od soboty zmiany w rozk\u0142adach jazdy autobus\u00f3w komunikacji miejskiej. S\u0105 pewne nowo\u015bci - 24GLIWICE - Portal Gliwice | codziennie nowe informacje","og_description":"Chocia\u017c od otwarcia nowego mostu w ci\u0105gu ulicy Wroc\u0142awskiej min\u0119\u0142y prawie dwa miesi\u0105ce, dopiero teraz Zarz\u0105d Transportu Metropolitalnego aktualizuje rozk\u0142ady jazdy. Zmiany b\u0119d\u0105 obowi\u0105zywa\u0142y od soboty, 1 lutego. Korekty dotycz\u0105 linii nr: 8, 32, 32N, 41, 57, 58, 71, 126, 156, 187, 194N, 232, 617, 648, 669, 676, 677, 692, 692N, 702, 840 i 932. [&hellip;]","og_url":"https:\/\/www.24gliwice.pl\/wiadomosci\/od-soboty-zmiany-w-rozkladach-jazdy-autobusow-komunikacji-miejskiej-sa-pewne-nowosci\/","og_site_name":"24GLIWICE - Portal Gliwice | codziennie nowe informacje","article_publisher":"https:\/\/www.facebook.com\/24gliwice","article_published_time":"2020-01-31T14:21:02+00:00","og_image":[{"width":810,"height":456,"url":"https:\/\/www.24gliwice.pl\/wiadomosci\/wp-content\/uploads\/2017\/03\/Autobus-57-luty-portal.jpg","type":"image\/jpeg"}],"author":"\u017baneta Mrozek-Siewierska","twitter_card":"summary_large_image","twitter_creator":"@24gliwice","twitter_site":"@24gliwice","twitter_misc":{"Napisane przez":"\u017baneta Mrozek-Siewierska","Szacowany czas czytania":"1 minuta"},"schema":{"@context":"https:\/\/schema.org","@graph":[{"@type":"Article","@id":"https:\/\/www.24gliwice.pl\/wiadomosci\/od-soboty-zmiany-w-rozkladach-jazdy-autobusow-komunikacji-miejskiej-sa-pewne-nowosci\/#article","isPartOf":{"@id":"https:\/\/www.24gliwice.pl\/wiadomosci\/od-soboty-zmiany-w-rozkladach-jazdy-autobusow-komunikacji-miejskiej-sa-pewne-nowosci\/"},"author":{"name":"\u017baneta Mrozek-Siewierska","@id":"https:\/\/www.24gliwice.pl\/wiadomosci\/#\/schema\/person\/e42c650edd7f2fa332be3811fb166b6e"},"headline":"Od soboty zmiany w rozk\u0142adach jazdy autobus\u00f3w komunikacji miejskiej. S\u0105 pewne nowo\u015bci","datePublished":"2020-01-31T14:21:02+00:00","mainEntityOfPage":{"@id":"https:\/\/www.24gliwice.pl\/wiadomosci\/od-soboty-zmiany-w-rozkladach-jazdy-autobusow-komunikacji-miejskiej-sa-pewne-nowosci\/"},"wordCount":307,"commentCount":0,"publisher":{"@id":"https:\/\/www.24gliwice.pl\/wiadomosci\/#organization"},"image":{"@id":"https:\/\/www.24gliwice.pl\/wiadomosci\/od-soboty-zmiany-w-rozkladach-jazdy-autobusow-komunikacji-miejskiej-sa-pewne-nowosci\/#primaryimage"},"thumbnailUrl":"https:\/\/www.24gliwice.pl\/wiadomosci\/wp-content\/uploads\/2017\/03\/Autobus-57-luty-portal.jpg","keywords":["AUTOBUS","KOMUNIKACJA MIEJSKA","korekty rozk\u0142ad\u00f3w jazdy","ZARZ\u0104D TRANSPORTU METROPOLITALNEGO","zmiany rozk\u0142ad\u00f3w jazdy","ZTM"],"articleSection":["Gliwice","Najnowsze wiadomo\u015bci"],"inLanguage":"pl-PL","potentialAction":[{"@type":"CommentAction","name":"Comment","target":["https:\/\/www.24gliwice.pl\/wiadomosci\/od-soboty-zmiany-w-rozkladach-jazdy-autobusow-komunikacji-miejskiej-sa-pewne-nowosci\/#respond"]}]},{"@type":"WebPage","@id":"https:\/\/www.24gliwice.pl\/wiadomosci\/od-soboty-zmiany-w-rozkladach-jazdy-autobusow-komunikacji-miejskiej-sa-pewne-nowosci\/","url":"https:\/\/www.24gliwice.pl\/wiadomosci\/od-soboty-zmiany-w-rozkladach-jazdy-autobusow-komunikacji-miejskiej-sa-pewne-nowosci\/","name":"Od soboty zmiany w rozk\u0142adach jazdy autobus\u00f3w komunikacji miejskiej. S\u0105 pewne nowo\u015bci - 24GLIWICE - Portal Gliwice | codziennie nowe informacje","isPartOf":{"@id":"https:\/\/www.24gliwice.pl\/wiadomosci\/#website"},"primaryImageOfPage":{"@id":"https:\/\/www.24gliwice.pl\/wiadomosci\/od-soboty-zmiany-w-rozkladach-jazdy-autobusow-komunikacji-miejskiej-sa-pewne-nowosci\/#primaryimage"},"image":{"@id":"https:\/\/www.24gliwice.pl\/wiadomosci\/od-soboty-zmiany-w-rozkladach-jazdy-autobusow-komunikacji-miejskiej-sa-pewne-nowosci\/#primaryimage"},"thumbnailUrl":"https:\/\/www.24gliwice.pl\/wiadomosci\/wp-content\/uploads\/2017\/03\/Autobus-57-luty-portal.jpg","datePublished":"2020-01-31T14:21:02+00:00","breadcrumb":{"@id":"https:\/\/www.24gliwice.pl\/wiadomosci\/od-soboty-zmiany-w-rozkladach-jazdy-autobusow-komunikacji-miejskiej-sa-pewne-nowosci\/#breadcrumb"},"inLanguage":"pl-PL","potentialAction":[{"@type":"ReadAction","target":["https:\/\/www.24gliwice.pl\/wiadomosci\/od-soboty-zmiany-w-rozkladach-jazdy-autobusow-komunikacji-miejskiej-sa-pewne-nowosci\/"]}]},{"@type":"ImageObject","inLanguage":"pl-PL","@id":"https:\/\/www.24gliwice.pl\/wiadomosci\/od-soboty-zmiany-w-rozkladach-jazdy-autobusow-komunikacji-miejskiej-sa-pewne-nowosci\/#primaryimage","url":"https:\/\/www.24gliwice.pl\/wiadomosci\/wp-content\/uploads\/2017\/03\/Autobus-57-luty-portal.jpg","contentUrl":"https:\/\/www.24gliwice.pl\/wiadomosci\/wp-content\/uploads\/2017\/03\/Autobus-57-luty-portal.jpg","width":810,"height":456,"caption":"Fot. arch. 24gliwice"},{"@type":"BreadcrumbList","@id":"https:\/\/www.24gliwice.pl\/wiadomosci\/od-soboty-zmiany-w-rozkladach-jazdy-autobusow-komunikacji-miejskiej-sa-pewne-nowosci\/#breadcrumb","itemListElement":[{"@type":"ListItem","position":1,"name":"Strona g\u0142\u00f3wna","item":"https:\/\/www.24gliwice.pl\/wiadomosci\/"},{"@type":"ListItem","position":2,"name":"Od soboty zmiany w rozk\u0142adach jazdy autobus\u00f3w komunikacji miejskiej. S\u0105 pewne nowo\u015bci"}]},{"@type":"WebSite","@id":"https:\/\/www.24gliwice.pl\/wiadomosci\/#website","url":"https:\/\/www.24gliwice.pl\/wiadomosci\/","name":"24GLIWICE - Portal Gliwice | codziennie nowe wiadomo\u015bci","description":"Portal Miejski Gliwice","publisher":{"@id":"https:\/\/www.24gliwice.pl\/wiadomosci\/#organization"},"potentialAction":[{"@type":"SearchAction","target":{"@type":"EntryPoint","urlTemplate":"https:\/\/www.24gliwice.pl\/wiadomosci\/?s={search_term_string}"},"query-input":{"@type":"PropertyValueSpecification","valueRequired":true,"valueName":"search_term_string"}}],"inLanguage":"pl-PL"},{"@type":"Organization","@id":"https:\/\/www.24gliwice.pl\/wiadomosci\/#organization","name":"24gliwice","url":"https:\/\/www.24gliwice.pl\/wiadomosci\/","logo":{"@type":"ImageObject","inLanguage":"pl-PL","@id":"https:\/\/www.24gliwice.pl\/wiadomosci\/#\/schema\/logo\/image\/","url":"https:\/\/www.24gliwice.pl\/wiadomosci\/wp-content\/uploads\/2024\/10\/24gliwice-logo-696.jpg","contentUrl":"https:\/\/www.24gliwice.pl\/wiadomosci\/wp-content\/uploads\/2024\/10\/24gliwice-logo-696.jpg","width":696,"height":696,"caption":"24gliwice"},"image":{"@id":"https:\/\/www.24gliwice.pl\/wiadomosci\/#\/schema\/logo\/image\/"},"sameAs":["https:\/\/www.facebook.com\/24gliwice","https:\/\/x.com\/24gliwice","https:\/\/www.youtube.com\/@24gliwice"]},{"@type":"Person","@id":"https:\/\/www.24gliwice.pl\/wiadomosci\/#\/schema\/person\/e42c650edd7f2fa332be3811fb166b6e","name":"\u017baneta Mrozek-Siewierska","image":{"@type":"ImageObject","inLanguage":"pl-PL","@id":"https:\/\/secure.gravatar.com\/avatar\/1881429e9c64597c77ad7aef2d0a19be69a3253e57534d16aa15bf3a4d34a0a3?s=96&d=mm&r=g","url":"https:\/\/secure.gravatar.com\/avatar\/1881429e9c64597c77ad7aef2d0a19be69a3253e57534d16aa15bf3a4d34a0a3?s=96&d=mm&r=g","contentUrl":"https:\/\/secure.gravatar.com\/avatar\/1881429e9c64597c77ad7aef2d0a19be69a3253e57534d16aa15bf3a4d34a0a3?s=96&d=mm&r=g","caption":"\u017baneta Mrozek-Siewierska"},"url":"https:\/\/www.24gliwice.pl\/wiadomosci\/author\/zms\/"}]}},"_links":{"self":[{"href":"https:\/\/www.24gliwice.pl\/wiadomosci\/wp-json\/wp\/v2\/posts\/146593","targetHints":{"allow":["GET"]}}],"collection":[{"href":"https:\/\/www.24gliwice.pl\/wiadomosci\/wp-json\/wp\/v2\/posts"}],"about":[{"href":"https:\/\/www.24gliwice.pl\/wiadomosci\/wp-json\/wp\/v2\/types\/post"}],"author":[{"embeddable":true,"href":"https:\/\/www.24gliwice.pl\/wiadomosci\/wp-json\/wp\/v2\/users\/15"}],"replies":[{"embeddable":true,"href":"https:\/\/www.24gliwice.pl\/wiadomosci\/wp-json\/wp\/v2\/comments?post=146593"}],"version-history":[{"count":0,"href":"https:\/\/www.24gliwice.pl\/wiadomosci\/wp-json\/wp\/v2\/posts\/146593\/revisions"}],"wp:featuredmedia":[{"embeddable":true,"href":"https:\/\/www.24gliwice.pl\/wiadomosci\/wp-json\/wp\/v2\/media\/94979"}],"wp:attachment":[{"href":"https:\/\/www.24gliwice.pl\/wiadomosci\/wp-json\/wp\/v2\/media?parent=146593"}],"wp:term":[{"taxonomy":"category","embeddable":true,"href":"https:\/\/www.24gliwice.pl\/wiadomosci\/wp-json\/wp\/v2\/categories?post=146593"},{"taxonomy":"post_tag","embeddable":true,"href":"https:\/\/www.24gliwice.pl\/wiadomosci\/wp-json\/wp\/v2\/tags?post=146593"}],"curies":[{"name":"wp","href":"https:\/\/api.w.org\/{rel}","templated":true}]}}