{"id":146609,"date":"2020-01-29T01:09:12","date_gmt":"2020-01-29T00:09:12","guid":{"rendered":"https:\/\/www.24gliwice.pl\/wiadomosci\/?p=146609"},"modified":"2020-01-29T01:09:12","modified_gmt":"2020-01-29T00:09:12","slug":"kwalifikacja-wojskowa-2020-rusza-juz-za-kilka-dni-kto-musi-sie-stawic-przed-komisja-lekarska","status":"publish","type":"post","link":"https:\/\/www.24gliwice.pl\/wiadomosci\/kwalifikacja-wojskowa-2020-rusza-juz-za-kilka-dni-kto-musi-sie-stawic-przed-komisja-lekarska\/","title":{"rendered":"Kwalifikacja wojskowa 2020 rusza ju\u017c za kilka dni. Kto musi si\u0119 stawi\u0107 przed komisj\u0105 lekarsk\u0105?"},"content":{"rendered":"<div class=\"gliwi-a6-nad-leadem-artykulow gliwi-entity-placement\" id=\"gliwi-629719703\"><div class=\"gliwi-adlabel\"><span style=\"font-size: 9px\">REKLAMA<\/span><\/div><div id=\"gliwi-3057809393\" style=\"margin-bottom: 25px;margin-left: auto;margin-right: auto;text-align: center;\"><a data-no-instant=\"1\" href=\"https:\/\/dom100.eu\/\" rel=\"noopener\" class=\"a2t-link\" target=\"_blank\" aria-label=\"20260415 DOM100 D\"><img loading=\"lazy\" decoding=\"async\" src=\"https:\/\/www.24gliwice.pl\/wiadomosci\/wp-content\/uploads\/2026\/04\/20260415-DOM100-D.jpg\" alt=\"\"  srcset=\"https:\/\/www.24gliwice.pl\/wiadomosci\/wp-content\/uploads\/2026\/04\/20260415-DOM100-D.jpg 750w, https:\/\/www.24gliwice.pl\/wiadomosci\/wp-content\/uploads\/2026\/04\/20260415-DOM100-D-410x109.jpg 410w\" sizes=\"(max-width: 750px) 100vw, 750px\" class=\"no-lazyload\" width=\"750\" height=\"200\"  style=\"display: inline-block; max-width: 100%; height: auto;\" \/><\/a><\/div><\/div><h3>Tegoroczna kwalifikacja wojskowa zostanie przeprowadzona na terenie kraju mi\u0119dzy 3 lutego a 30 kwietnia. Jako pierwsi przed komisj\u0105 lekarsk\u0105 b\u0119d\u0105 musieli stawi\u0107 si\u0119 mieszka\u0144cy powiatu gliwickiego. Dla gliwiczan termin ten jest bardziej odleg\u0142y.<\/h3>\n<p>Celem kwalifikacji wojskowej jest ustalenie zdolno\u015bci do czynnej s\u0142u\u017cby wojskowej os\u00f3b podlegaj\u0105cych temu obowi\u0105zkowi oraz os\u00f3b zg\u0142aszaj\u0105cych si\u0119 w trybie ochotniczym do pe\u0142nienia s\u0142u\u017cby wojskowej, kt\u00f3re uko\u0144czy\u0142y 18 rok \u017cycia.<\/p>\n<h3>Kwalifikacja wojskowa, obejmuje swoim dzia\u0142aniem wszystkie czynno\u015bci maj\u0105ce na celu ustalenie zdolno\u015bci poborowego do czynnej s\u0142u\u017cby wojskowej. <\/h3>\n<p>Osoby ch\u0119tne mog\u0105 ubiega\u0107 si\u0119 o przyj\u0119cie do ochotniczych form s\u0142u\u017cby wojskowej. Ch\u0119tni mog\u0105 r\u00f3wnie\u017c zosta\u0107 przyj\u0119ci do s\u0142u\u017cby przygotowawczej i ubiega\u0107 si\u0119 o przyj\u0119cie do s\u0142u\u017cby kandydackiej w szko\u0142ach wojskowych. Osoby kt\u00f3re zosta\u0142y wezwane na kwalifikacj\u0119 wojskow\u0105, po ustaleniu kategorii zdolno\u015bci do czynnej s\u0142u\u017cby wojskowej zostaj\u0105 automatycznie przeniesione do rezerwy.<\/p><div class=\"gliwi-a3-w-tresci-artykulow gliwi-entity-placement\" id=\"gliwi-4215743004\"><div class=\"gliwi-adlabel\"><span style=\"font-size: 9px\">REKLAMA<\/span><\/div><div id=\"gliwi-3572427653\" style=\"margin-bottom: 30px;margin-left: auto;margin-right: auto;text-align: center;\"><a data-no-instant=\"1\" href=\"https:\/\/ogrodyandersa.pl\/\" rel=\"noopener\" class=\"a2t-link\" target=\"_blank\" aria-label=\"20260415 Ogrody Andersa KUP TERAZ D\"><img loading=\"lazy\" decoding=\"async\" src=\"https:\/\/www.24gliwice.pl\/wiadomosci\/wp-content\/uploads\/2026\/04\/20260415-Ogrody-Andersa-KUP-TERAZ-D.jpg\" alt=\"\"  srcset=\"https:\/\/www.24gliwice.pl\/wiadomosci\/wp-content\/uploads\/2026\/04\/20260415-Ogrody-Andersa-KUP-TERAZ-D.jpg 750w, https:\/\/www.24gliwice.pl\/wiadomosci\/wp-content\/uploads\/2026\/04\/20260415-Ogrody-Andersa-KUP-TERAZ-D-410x109.jpg 410w\" sizes=\"(max-width: 750px) 100vw, 750px\" class=\"no-lazyload\" width=\"750\" height=\"200\"  style=\"display: inline-block; max-width: 100%; height: auto;\" \/><\/a><\/div><\/div>\n<p>Kwalifikacja wojskowa na terenie powiatu gliwickiego zostanie przeprowadzona w dniach <strong>od 3 do 28 lutego<\/strong> w budynku WKU przy ulicy Zawiszy Czarnego 7. M\u0142odzi mieszka\u0144cy Gliwic pod tym samym adresem b\u0119d\u0105 musieli si\u0119 stawi\u0107 si\u0119 mi\u0119dzy <strong>19 marca a 24 kwietnia<\/strong>. <\/p>\n<h3>Wszelkie informacje mo\u017cna uzyska\u0107 pod numerem telefonu 261-124-689.<\/h3>\n<p>Osoby, kt\u00f3re po raz pierwszy zosta\u0142y wezwane do kwalifikacji wojskowej powinny zabra\u0107 ze sob\u0105: dow\u00f3d osobisty lub inny dokument potwierdzaj\u0105cy to\u017csamo\u015b\u0107, wszelk\u0105 dokumentacj\u0119 medyczn\u0105 (je\u017celi tak\u0105 posiadaj\u0105), aktualn\u0105 fotografi\u0119 o wymiarach 3 x 4 cm bez nakrycia g\u0142owy, a tak\u017ce dokumenty potwierdzaj\u0105ce wykszta\u0142cenie albo za\u015bwiadczenie o kontynuacji nauki oraz posiadane kwalifikacje zawodowe.<\/p>\n<p>Stawiaj\u0105cy si\u0119 do kwalifikacji po raz kolejny, zabieraj\u0105 ze sob\u0105 dow\u00f3d osobisty lub inny dokument potwierdzaj\u0105cy to\u017csamo\u015b\u0107; dokumentacj\u0119 medyczn\u0105, dotycz\u0105c\u0105 zmian w stanie zdrowia (w tym wyniki bada\u0144 specjalistycznych przeprowadzonych w okresie ostatnich 12 miesi\u0119cy) oraz ksi\u0105\u017ceczk\u0119 wojskow\u0105.<\/p>\n<h4>Kto musi stawi\u0107 si\u0119 przed komisj\u0105 lekarsk\u0105 w 2020 roku?<\/h3>\n<p>Obowi\u0105zkowi stawienia si\u0119 do kwalifikacji wojskowej w 2020 r. podlegaj\u0105:<\/p>\n<p>&#8211; m\u0119\u017cczy\u017ani urodzeni w 2001 r.; <\/p>\n<p>&#8211; m\u0119\u017cczy\u017ani urodzeni w latach 1996\u20142000, kt\u00f3rzy nie posiadaj\u0105 okre\u015blonej kategorii zdolno\u015bci do czynnej s\u0142u\u017cby wojskowej; <\/p>\n<p>&#8211; osoby urodzone w latach 1999-2000, kt\u00f3re: zosta\u0142y uznane przez powiatowe komisje lekarskie, ze wzgl\u0119du na stan zdrowia, za czasowo niezdolne do czynnej s\u0142u\u017cby wojskowej, je\u017celi okres tej niezdolno\u015bci up\u0142ywa przed zako\u0144czeniem kwalifikacji wojskowej, zosta\u0142y uznane przez powiatowe komisje lekarskie, ze wzgl\u0119du na stan zdrowia, za czasowo niezdolne do czynnej s\u0142u\u017cby wojskowej, je\u017celi okres tej niezdolno\u015bci up\u0142ywa po zako\u0144czeniu kwalifikacji wojskowej i z\u0142o\u017cy\u0142y, w trybie art. 28 ust. 4 i 4b ustawy z dnia 21 listopada 1967 r. o powszechnym obowi\u0105zku obrony Rzeczypospolitej Polskiej, wnioski o zmian\u0119 kategorii zdolno\u015bci do czynnej s\u0142u\u017cby wojskowej przed zako\u0144czeniem kwalifikacji wojskowej;<\/p>\n<p>&#8211; kobiety urodzone w latach 1996\u20142001, posiadaj\u0105ce kwalifikacje przydatne do czynnej s\u0142u\u017cby wojskowej, oraz kobiety pobieraj\u0105ce nauk\u0119 w celu uzyskania tych kwalifikacji, kt\u00f3re w roku szkolnym lub akademickim 2018\/2019 ko\u0144cz\u0105 nauk\u0119 w szko\u0142ach medycznych i weterynaryjnych oraz na kierunkach psychologicznych, albo b\u0119d\u0105ce studentkami lub absolwentkami tych szk\u00f3\u0142 lub kierunk\u00f3w, o kt\u00f3rych mowa w \u00a7 2 rozporz\u0105dzenia Rady Ministr\u00f3w z dnia 28 kwietnia 2017 r. w sprawie wskazania grup kobiet poddawanych obowi\u0105zkowi stawienia si\u0119 do kwalifikacji wojskowej (Dz.U. z 2017 poz. 944); <\/p>\n<p>&#8211; osoby, kt\u00f3re uko\u0144czy\u0142y 18 lat i zg\u0142osi\u0142y si\u0119 ochotniczo do kwalifikacji wojskowej do ko\u0144ca roku kalendarzowego, w kt\u00f3rym ko\u0144cz\u0105 24 lata \u017cycia, je\u017celi nie posiadaj\u0105 okre\u015blonej kategorii zdolno\u015bci do czynnej s\u0142u\u017cby wojskowej.<\/p>\n<h4>Kategorie zdolno\u015bci do s\u0142u\u017cby wojskowej<\/h4>\n<p>Osoby wobec kt\u00f3rych orzeczona zostanie kategoria zdolno\u015bci \u201eA\u201d, \u201eB\u201d lub \u201eD\u201d do czynnej s\u0142u\u017cby wojskowej, po uprawomocnieniu si\u0119 orzeczenia powiatowej komisji lekarskiej (co nast\u0119puje po 14 dniach od wydania orzeczenia) zostan\u0105 przeniesione z urz\u0119du do rezerwy, co oznacza, \u017ce tym samym b\u0119d\u0105 mia\u0142y uregulowany stosunek do s\u0142u\u017cby wojskowej.<\/p>\n<p>Osoby, kt\u00f3re na podstawie prawomocnego orzeczenia powiatowej komisji lekarskiej zostan\u0105 uznane za trwale i ca\u0142kowicie niezdolne do czynnej s\u0142u\u017cby wojskowej w czasie pokoju oraz w razie og\u0142oszenia mobilizacji i w czasie wojny (kategoria zdolno\u015bci \u201eE\u201d) \u2013 nie podlegaj\u0105 obowi\u0105zkowi czynnej s\u0142u\u017cby wojskowej.<\/p>\n<p>(\u017cms)\/UM Zabrze<br \/>\nfot. WKU Gliwice<\/p>\n<p><a href=\"https:\/\/www.24gliwice.pl\/wiadomosci\/wp-content\/uploads\/2020\/01\/kwalifikacja-wojskowa-terminarz-2020.jpg\"><img loading=\"lazy\" decoding=\"async\" src=\"https:\/\/www.24gliwice.pl\/wiadomosci\/wp-content\/uploads\/2020\/01\/kwalifikacja-wojskowa-terminarz-2020.jpg\" alt=\"\" width=\"900\" height=\"737\" class=\"aligncenter size-full wp-image-146725\" srcset=\"https:\/\/www.24gliwice.pl\/wiadomosci\/wp-content\/uploads\/2020\/01\/kwalifikacja-wojskowa-terminarz-2020.jpg 900w, https:\/\/www.24gliwice.pl\/wiadomosci\/wp-content\/uploads\/2020\/01\/kwalifikacja-wojskowa-terminarz-2020-283x232.jpg 283w, https:\/\/www.24gliwice.pl\/wiadomosci\/wp-content\/uploads\/2020\/01\/kwalifikacja-wojskowa-terminarz-2020-556x455.jpg 556w, https:\/\/www.24gliwice.pl\/wiadomosci\/wp-content\/uploads\/2020\/01\/kwalifikacja-wojskowa-terminarz-2020-768x629.jpg 768w, https:\/\/www.24gliwice.pl\/wiadomosci\/wp-content\/uploads\/2020\/01\/kwalifikacja-wojskowa-terminarz-2020-810x663.jpg 810w\" sizes=\"auto, (max-width: 900px) 100vw, 900px\" \/><\/a><\/p>\n<div class=\"gliwi-a5-na-koncu-artykulow gliwi-entity-placement\" id=\"gliwi-1026374663\"><div class=\"gliwi-adlabel\"><span style=\"font-size: 9px\">REKLAMA<\/span><\/div><div id=\"gliwi-2045340862\" style=\"margin-left: auto;margin-right: auto;text-align: center;\"><a data-no-instant=\"1\" href=\"https:\/\/prezeroarenagliwice.pl\/\" rel=\"noopener\" class=\"a2t-link\" target=\"_blank\" aria-label=\"20260309-PREZERO-WIOSNA-D\"><img loading=\"lazy\" decoding=\"async\" src=\"https:\/\/www.24gliwice.pl\/wiadomosci\/wp-content\/uploads\/2026\/03\/20260309-PREZERO-WIOSNA-D.webp\" alt=\"\"  srcset=\"https:\/\/www.24gliwice.pl\/wiadomosci\/wp-content\/uploads\/2026\/03\/20260309-PREZERO-WIOSNA-D.webp 750w, https:\/\/www.24gliwice.pl\/wiadomosci\/wp-content\/uploads\/2026\/03\/20260309-PREZERO-WIOSNA-D-410x109.webp 410w\" sizes=\"(max-width: 750px) 100vw, 750px\" class=\"no-lazyload\" width=\"750\" height=\"200\"  style=\"display: inline-block; max-width: 100%; height: auto;\" \/><\/a><\/div><\/div>","protected":false},"excerpt":{"rendered":"<p>Tegoroczna kwalifikacja wojskowa zostanie przeprowadzona na terenie kraju mi\u0119dzy 3 lutego a 30 kwietnia. Jako pierwsi przed komisj\u0105 lekarsk\u0105 b\u0119d\u0105 musieli stawi\u0107 si\u0119 mieszka\u0144cy powiatu gliwickiego. Dla gliwiczan termin ten jest bardziej odleg\u0142y. Celem kwalifikacji wojskowej jest ustalenie zdolno\u015bci do czynnej s\u0142u\u017cby wojskowej os\u00f3b podlegaj\u0105cych temu obowi\u0105zkowi oraz os\u00f3b zg\u0142aszaj\u0105cych si\u0119 w trybie ochotniczym do [&hellip;]<\/p>\n","protected":false},"author":15,"featured_media":146616,"comment_status":"open","ping_status":"closed","sticky":false,"template":"","format":"standard","meta":{"_monsterinsights_skip_tracking":false,"_monsterinsights_sitenote_active":false,"_monsterinsights_sitenote_note":"","_monsterinsights_sitenote_category":0,"footnotes":"","_links_to":"","_links_to_target":""},"categories":[3,1,9],"tags":[14734,11411,8453,11410],"class_list":["post-146609","post","type-post","status-publish","format-standard","has-post-thumbnail","hentry","category-gliwice","category-wszystko","category-aktualnosci_lokalne","tag-komisja-lekarska","tag-kwalifikacja-wojskowa","tag-wku","tag-zawiszy-czarnego"],"yoast_head":"<!-- This site is optimized with the Yoast SEO plugin v27.5 - https:\/\/yoast.com\/product\/yoast-seo-wordpress\/ -->\n<title>Kwalifikacja wojskowa 2020 rusza ju\u017c za kilka dni. Kto musi si\u0119 stawi\u0107 przed komisj\u0105 lekarsk\u0105? - 24GLIWICE - Portal Gliwice | codziennie nowe informacje<\/title>\n<meta name=\"robots\" content=\"index, follow, max-snippet:-1, max-image-preview:large, max-video-preview:-1\" \/>\n<link rel=\"canonical\" href=\"https:\/\/www.24gliwice.pl\/wiadomosci\/kwalifikacja-wojskowa-2020-rusza-juz-za-kilka-dni-kto-musi-sie-stawic-przed-komisja-lekarska\/\" \/>\n<meta property=\"og:locale\" content=\"pl_PL\" \/>\n<meta property=\"og:type\" content=\"article\" \/>\n<meta property=\"og:title\" content=\"Kwalifikacja wojskowa 2020 rusza ju\u017c za kilka dni. Kto musi si\u0119 stawi\u0107 przed komisj\u0105 lekarsk\u0105? - 24GLIWICE - Portal Gliwice | codziennie nowe informacje\" \/>\n<meta property=\"og:description\" content=\"Tegoroczna kwalifikacja wojskowa zostanie przeprowadzona na terenie kraju mi\u0119dzy 3 lutego a 30 kwietnia. Jako pierwsi przed komisj\u0105 lekarsk\u0105 b\u0119d\u0105 musieli stawi\u0107 si\u0119 mieszka\u0144cy powiatu gliwickiego. Dla gliwiczan termin ten jest bardziej odleg\u0142y. Celem kwalifikacji wojskowej jest ustalenie zdolno\u015bci do czynnej s\u0142u\u017cby wojskowej os\u00f3b podlegaj\u0105cych temu obowi\u0105zkowi oraz os\u00f3b zg\u0142aszaj\u0105cych si\u0119 w trybie ochotniczym do [&hellip;]\" \/>\n<meta property=\"og:url\" content=\"https:\/\/www.24gliwice.pl\/wiadomosci\/kwalifikacja-wojskowa-2020-rusza-juz-za-kilka-dni-kto-musi-sie-stawic-przed-komisja-lekarska\/\" \/>\n<meta property=\"og:site_name\" content=\"24GLIWICE - Portal Gliwice | codziennie nowe informacje\" \/>\n<meta property=\"article:publisher\" content=\"https:\/\/www.facebook.com\/24gliwice\" \/>\n<meta property=\"article:published_time\" content=\"2020-01-29T00:09:12+00:00\" \/>\n<meta property=\"og:image\" content=\"https:\/\/www.24gliwice.pl\/wiadomosci\/wp-content\/uploads\/2020\/01\/kwalifikacja-wojskowa.jpg\" \/>\n\t<meta property=\"og:image:width\" content=\"810\" \/>\n\t<meta property=\"og:image:height\" content=\"455\" \/>\n\t<meta property=\"og:image:type\" content=\"image\/jpeg\" \/>\n<meta name=\"author\" content=\"\u017baneta Mrozek-Siewierska\" \/>\n<meta name=\"twitter:card\" content=\"summary_large_image\" \/>\n<meta name=\"twitter:creator\" content=\"@24gliwice\" \/>\n<meta name=\"twitter:site\" content=\"@24gliwice\" \/>\n<meta name=\"twitter:label1\" content=\"Napisane przez\" \/>\n\t<meta name=\"twitter:data1\" content=\"\u017baneta Mrozek-Siewierska\" \/>\n\t<meta name=\"twitter:label2\" content=\"Szacowany czas czytania\" \/>\n\t<meta name=\"twitter:data2\" content=\"4 minuty\" \/>\n<script type=\"application\/ld+json\" class=\"yoast-schema-graph\">{\"@context\":\"https:\\\/\\\/schema.org\",\"@graph\":[{\"@type\":\"Article\",\"@id\":\"https:\\\/\\\/www.24gliwice.pl\\\/wiadomosci\\\/kwalifikacja-wojskowa-2020-rusza-juz-za-kilka-dni-kto-musi-sie-stawic-przed-komisja-lekarska\\\/#article\",\"isPartOf\":{\"@id\":\"https:\\\/\\\/www.24gliwice.pl\\\/wiadomosci\\\/kwalifikacja-wojskowa-2020-rusza-juz-za-kilka-dni-kto-musi-sie-stawic-przed-komisja-lekarska\\\/\"},\"author\":{\"name\":\"\u017baneta Mrozek-Siewierska\",\"@id\":\"https:\\\/\\\/www.24gliwice.pl\\\/wiadomosci\\\/#\\\/schema\\\/person\\\/e42c650edd7f2fa332be3811fb166b6e\"},\"headline\":\"Kwalifikacja wojskowa 2020 rusza ju\u017c za kilka dni. Kto musi si\u0119 stawi\u0107 przed komisj\u0105 lekarsk\u0105?\",\"datePublished\":\"2020-01-29T00:09:12+00:00\",\"mainEntityOfPage\":{\"@id\":\"https:\\\/\\\/www.24gliwice.pl\\\/wiadomosci\\\/kwalifikacja-wojskowa-2020-rusza-juz-za-kilka-dni-kto-musi-sie-stawic-przed-komisja-lekarska\\\/\"},\"wordCount\":759,\"commentCount\":0,\"publisher\":{\"@id\":\"https:\\\/\\\/www.24gliwice.pl\\\/wiadomosci\\\/#organization\"},\"image\":{\"@id\":\"https:\\\/\\\/www.24gliwice.pl\\\/wiadomosci\\\/kwalifikacja-wojskowa-2020-rusza-juz-za-kilka-dni-kto-musi-sie-stawic-przed-komisja-lekarska\\\/#primaryimage\"},\"thumbnailUrl\":\"https:\\\/\\\/www.24gliwice.pl\\\/wiadomosci\\\/wp-content\\\/uploads\\\/2020\\\/01\\\/kwalifikacja-wojskowa.jpg\",\"keywords\":[\"komisja lekarska\",\"kwalifikacja wojskowa\",\"wku\",\"zawiszy czarnego\"],\"articleSection\":[\"Gliwice\",\"Najnowsze wiadomo\u015bci\",\"Portal Gliwice - Wiadomo\u015bci lokalne\"],\"inLanguage\":\"pl-PL\",\"potentialAction\":[{\"@type\":\"CommentAction\",\"name\":\"Comment\",\"target\":[\"https:\\\/\\\/www.24gliwice.pl\\\/wiadomosci\\\/kwalifikacja-wojskowa-2020-rusza-juz-za-kilka-dni-kto-musi-sie-stawic-przed-komisja-lekarska\\\/#respond\"]}]},{\"@type\":\"WebPage\",\"@id\":\"https:\\\/\\\/www.24gliwice.pl\\\/wiadomosci\\\/kwalifikacja-wojskowa-2020-rusza-juz-za-kilka-dni-kto-musi-sie-stawic-przed-komisja-lekarska\\\/\",\"url\":\"https:\\\/\\\/www.24gliwice.pl\\\/wiadomosci\\\/kwalifikacja-wojskowa-2020-rusza-juz-za-kilka-dni-kto-musi-sie-stawic-przed-komisja-lekarska\\\/\",\"name\":\"Kwalifikacja wojskowa 2020 rusza ju\u017c za kilka dni. Kto musi si\u0119 stawi\u0107 przed komisj\u0105 lekarsk\u0105? - 24GLIWICE - Portal Gliwice | codziennie nowe informacje\",\"isPartOf\":{\"@id\":\"https:\\\/\\\/www.24gliwice.pl\\\/wiadomosci\\\/#website\"},\"primaryImageOfPage\":{\"@id\":\"https:\\\/\\\/www.24gliwice.pl\\\/wiadomosci\\\/kwalifikacja-wojskowa-2020-rusza-juz-za-kilka-dni-kto-musi-sie-stawic-przed-komisja-lekarska\\\/#primaryimage\"},\"image\":{\"@id\":\"https:\\\/\\\/www.24gliwice.pl\\\/wiadomosci\\\/kwalifikacja-wojskowa-2020-rusza-juz-za-kilka-dni-kto-musi-sie-stawic-przed-komisja-lekarska\\\/#primaryimage\"},\"thumbnailUrl\":\"https:\\\/\\\/www.24gliwice.pl\\\/wiadomosci\\\/wp-content\\\/uploads\\\/2020\\\/01\\\/kwalifikacja-wojskowa.jpg\",\"datePublished\":\"2020-01-29T00:09:12+00:00\",\"breadcrumb\":{\"@id\":\"https:\\\/\\\/www.24gliwice.pl\\\/wiadomosci\\\/kwalifikacja-wojskowa-2020-rusza-juz-za-kilka-dni-kto-musi-sie-stawic-przed-komisja-lekarska\\\/#breadcrumb\"},\"inLanguage\":\"pl-PL\",\"potentialAction\":[{\"@type\":\"ReadAction\",\"target\":[\"https:\\\/\\\/www.24gliwice.pl\\\/wiadomosci\\\/kwalifikacja-wojskowa-2020-rusza-juz-za-kilka-dni-kto-musi-sie-stawic-przed-komisja-lekarska\\\/\"]}]},{\"@type\":\"ImageObject\",\"inLanguage\":\"pl-PL\",\"@id\":\"https:\\\/\\\/www.24gliwice.pl\\\/wiadomosci\\\/kwalifikacja-wojskowa-2020-rusza-juz-za-kilka-dni-kto-musi-sie-stawic-przed-komisja-lekarska\\\/#primaryimage\",\"url\":\"https:\\\/\\\/www.24gliwice.pl\\\/wiadomosci\\\/wp-content\\\/uploads\\\/2020\\\/01\\\/kwalifikacja-wojskowa.jpg\",\"contentUrl\":\"https:\\\/\\\/www.24gliwice.pl\\\/wiadomosci\\\/wp-content\\\/uploads\\\/2020\\\/01\\\/kwalifikacja-wojskowa.jpg\",\"width\":810,\"height\":455,\"caption\":\"fot. WKU Gliwice\"},{\"@type\":\"BreadcrumbList\",\"@id\":\"https:\\\/\\\/www.24gliwice.pl\\\/wiadomosci\\\/kwalifikacja-wojskowa-2020-rusza-juz-za-kilka-dni-kto-musi-sie-stawic-przed-komisja-lekarska\\\/#breadcrumb\",\"itemListElement\":[{\"@type\":\"ListItem\",\"position\":1,\"name\":\"Strona g\u0142\u00f3wna\",\"item\":\"https:\\\/\\\/www.24gliwice.pl\\\/wiadomosci\\\/\"},{\"@type\":\"ListItem\",\"position\":2,\"name\":\"Kwalifikacja wojskowa 2020 rusza ju\u017c za kilka dni. Kto musi si\u0119 stawi\u0107 przed komisj\u0105 lekarsk\u0105?\"}]},{\"@type\":\"WebSite\",\"@id\":\"https:\\\/\\\/www.24gliwice.pl\\\/wiadomosci\\\/#website\",\"url\":\"https:\\\/\\\/www.24gliwice.pl\\\/wiadomosci\\\/\",\"name\":\"24GLIWICE - Portal Gliwice | codziennie nowe wiadomo\u015bci\",\"description\":\"Portal Miejski Gliwice\",\"publisher\":{\"@id\":\"https:\\\/\\\/www.24gliwice.pl\\\/wiadomosci\\\/#organization\"},\"potentialAction\":[{\"@type\":\"SearchAction\",\"target\":{\"@type\":\"EntryPoint\",\"urlTemplate\":\"https:\\\/\\\/www.24gliwice.pl\\\/wiadomosci\\\/?s={search_term_string}\"},\"query-input\":{\"@type\":\"PropertyValueSpecification\",\"valueRequired\":true,\"valueName\":\"search_term_string\"}}],\"inLanguage\":\"pl-PL\"},{\"@type\":\"Organization\",\"@id\":\"https:\\\/\\\/www.24gliwice.pl\\\/wiadomosci\\\/#organization\",\"name\":\"24gliwice\",\"url\":\"https:\\\/\\\/www.24gliwice.pl\\\/wiadomosci\\\/\",\"logo\":{\"@type\":\"ImageObject\",\"inLanguage\":\"pl-PL\",\"@id\":\"https:\\\/\\\/www.24gliwice.pl\\\/wiadomosci\\\/#\\\/schema\\\/logo\\\/image\\\/\",\"url\":\"https:\\\/\\\/www.24gliwice.pl\\\/wiadomosci\\\/wp-content\\\/uploads\\\/2024\\\/10\\\/24gliwice-logo-696.jpg\",\"contentUrl\":\"https:\\\/\\\/www.24gliwice.pl\\\/wiadomosci\\\/wp-content\\\/uploads\\\/2024\\\/10\\\/24gliwice-logo-696.jpg\",\"width\":696,\"height\":696,\"caption\":\"24gliwice\"},\"image\":{\"@id\":\"https:\\\/\\\/www.24gliwice.pl\\\/wiadomosci\\\/#\\\/schema\\\/logo\\\/image\\\/\"},\"sameAs\":[\"https:\\\/\\\/www.facebook.com\\\/24gliwice\",\"https:\\\/\\\/x.com\\\/24gliwice\",\"https:\\\/\\\/www.youtube.com\\\/@24gliwice\"]},{\"@type\":\"Person\",\"@id\":\"https:\\\/\\\/www.24gliwice.pl\\\/wiadomosci\\\/#\\\/schema\\\/person\\\/e42c650edd7f2fa332be3811fb166b6e\",\"name\":\"\u017baneta Mrozek-Siewierska\",\"image\":{\"@type\":\"ImageObject\",\"inLanguage\":\"pl-PL\",\"@id\":\"https:\\\/\\\/secure.gravatar.com\\\/avatar\\\/1881429e9c64597c77ad7aef2d0a19be69a3253e57534d16aa15bf3a4d34a0a3?s=96&d=mm&r=g\",\"url\":\"https:\\\/\\\/secure.gravatar.com\\\/avatar\\\/1881429e9c64597c77ad7aef2d0a19be69a3253e57534d16aa15bf3a4d34a0a3?s=96&d=mm&r=g\",\"contentUrl\":\"https:\\\/\\\/secure.gravatar.com\\\/avatar\\\/1881429e9c64597c77ad7aef2d0a19be69a3253e57534d16aa15bf3a4d34a0a3?s=96&d=mm&r=g\",\"caption\":\"\u017baneta Mrozek-Siewierska\"},\"url\":\"https:\\\/\\\/www.24gliwice.pl\\\/wiadomosci\\\/author\\\/zms\\\/\"}]}<\/script>\n<!-- \/ Yoast SEO plugin. -->","yoast_head_json":{"title":"Kwalifikacja wojskowa 2020 rusza ju\u017c za kilka dni. Kto musi si\u0119 stawi\u0107 przed komisj\u0105 lekarsk\u0105? - 24GLIWICE - Portal Gliwice | codziennie nowe informacje","robots":{"index":"index","follow":"follow","max-snippet":"max-snippet:-1","max-image-preview":"max-image-preview:large","max-video-preview":"max-video-preview:-1"},"canonical":"https:\/\/www.24gliwice.pl\/wiadomosci\/kwalifikacja-wojskowa-2020-rusza-juz-za-kilka-dni-kto-musi-sie-stawic-przed-komisja-lekarska\/","og_locale":"pl_PL","og_type":"article","og_title":"Kwalifikacja wojskowa 2020 rusza ju\u017c za kilka dni. Kto musi si\u0119 stawi\u0107 przed komisj\u0105 lekarsk\u0105? - 24GLIWICE - Portal Gliwice | codziennie nowe informacje","og_description":"Tegoroczna kwalifikacja wojskowa zostanie przeprowadzona na terenie kraju mi\u0119dzy 3 lutego a 30 kwietnia. Jako pierwsi przed komisj\u0105 lekarsk\u0105 b\u0119d\u0105 musieli stawi\u0107 si\u0119 mieszka\u0144cy powiatu gliwickiego. Dla gliwiczan termin ten jest bardziej odleg\u0142y. Celem kwalifikacji wojskowej jest ustalenie zdolno\u015bci do czynnej s\u0142u\u017cby wojskowej os\u00f3b podlegaj\u0105cych temu obowi\u0105zkowi oraz os\u00f3b zg\u0142aszaj\u0105cych si\u0119 w trybie ochotniczym do [&hellip;]","og_url":"https:\/\/www.24gliwice.pl\/wiadomosci\/kwalifikacja-wojskowa-2020-rusza-juz-za-kilka-dni-kto-musi-sie-stawic-przed-komisja-lekarska\/","og_site_name":"24GLIWICE - Portal Gliwice | codziennie nowe informacje","article_publisher":"https:\/\/www.facebook.com\/24gliwice","article_published_time":"2020-01-29T00:09:12+00:00","og_image":[{"width":810,"height":455,"url":"https:\/\/www.24gliwice.pl\/wiadomosci\/wp-content\/uploads\/2020\/01\/kwalifikacja-wojskowa.jpg","type":"image\/jpeg"}],"author":"\u017baneta Mrozek-Siewierska","twitter_card":"summary_large_image","twitter_creator":"@24gliwice","twitter_site":"@24gliwice","twitter_misc":{"Napisane przez":"\u017baneta Mrozek-Siewierska","Szacowany czas czytania":"4 minuty"},"schema":{"@context":"https:\/\/schema.org","@graph":[{"@type":"Article","@id":"https:\/\/www.24gliwice.pl\/wiadomosci\/kwalifikacja-wojskowa-2020-rusza-juz-za-kilka-dni-kto-musi-sie-stawic-przed-komisja-lekarska\/#article","isPartOf":{"@id":"https:\/\/www.24gliwice.pl\/wiadomosci\/kwalifikacja-wojskowa-2020-rusza-juz-za-kilka-dni-kto-musi-sie-stawic-przed-komisja-lekarska\/"},"author":{"name":"\u017baneta Mrozek-Siewierska","@id":"https:\/\/www.24gliwice.pl\/wiadomosci\/#\/schema\/person\/e42c650edd7f2fa332be3811fb166b6e"},"headline":"Kwalifikacja wojskowa 2020 rusza ju\u017c za kilka dni. Kto musi si\u0119 stawi\u0107 przed komisj\u0105 lekarsk\u0105?","datePublished":"2020-01-29T00:09:12+00:00","mainEntityOfPage":{"@id":"https:\/\/www.24gliwice.pl\/wiadomosci\/kwalifikacja-wojskowa-2020-rusza-juz-za-kilka-dni-kto-musi-sie-stawic-przed-komisja-lekarska\/"},"wordCount":759,"commentCount":0,"publisher":{"@id":"https:\/\/www.24gliwice.pl\/wiadomosci\/#organization"},"image":{"@id":"https:\/\/www.24gliwice.pl\/wiadomosci\/kwalifikacja-wojskowa-2020-rusza-juz-za-kilka-dni-kto-musi-sie-stawic-przed-komisja-lekarska\/#primaryimage"},"thumbnailUrl":"https:\/\/www.24gliwice.pl\/wiadomosci\/wp-content\/uploads\/2020\/01\/kwalifikacja-wojskowa.jpg","keywords":["komisja lekarska","kwalifikacja wojskowa","wku","zawiszy czarnego"],"articleSection":["Gliwice","Najnowsze wiadomo\u015bci","Portal Gliwice - Wiadomo\u015bci lokalne"],"inLanguage":"pl-PL","potentialAction":[{"@type":"CommentAction","name":"Comment","target":["https:\/\/www.24gliwice.pl\/wiadomosci\/kwalifikacja-wojskowa-2020-rusza-juz-za-kilka-dni-kto-musi-sie-stawic-przed-komisja-lekarska\/#respond"]}]},{"@type":"WebPage","@id":"https:\/\/www.24gliwice.pl\/wiadomosci\/kwalifikacja-wojskowa-2020-rusza-juz-za-kilka-dni-kto-musi-sie-stawic-przed-komisja-lekarska\/","url":"https:\/\/www.24gliwice.pl\/wiadomosci\/kwalifikacja-wojskowa-2020-rusza-juz-za-kilka-dni-kto-musi-sie-stawic-przed-komisja-lekarska\/","name":"Kwalifikacja wojskowa 2020 rusza ju\u017c za kilka dni. Kto musi si\u0119 stawi\u0107 przed komisj\u0105 lekarsk\u0105? - 24GLIWICE - Portal Gliwice | codziennie nowe informacje","isPartOf":{"@id":"https:\/\/www.24gliwice.pl\/wiadomosci\/#website"},"primaryImageOfPage":{"@id":"https:\/\/www.24gliwice.pl\/wiadomosci\/kwalifikacja-wojskowa-2020-rusza-juz-za-kilka-dni-kto-musi-sie-stawic-przed-komisja-lekarska\/#primaryimage"},"image":{"@id":"https:\/\/www.24gliwice.pl\/wiadomosci\/kwalifikacja-wojskowa-2020-rusza-juz-za-kilka-dni-kto-musi-sie-stawic-przed-komisja-lekarska\/#primaryimage"},"thumbnailUrl":"https:\/\/www.24gliwice.pl\/wiadomosci\/wp-content\/uploads\/2020\/01\/kwalifikacja-wojskowa.jpg","datePublished":"2020-01-29T00:09:12+00:00","breadcrumb":{"@id":"https:\/\/www.24gliwice.pl\/wiadomosci\/kwalifikacja-wojskowa-2020-rusza-juz-za-kilka-dni-kto-musi-sie-stawic-przed-komisja-lekarska\/#breadcrumb"},"inLanguage":"pl-PL","potentialAction":[{"@type":"ReadAction","target":["https:\/\/www.24gliwice.pl\/wiadomosci\/kwalifikacja-wojskowa-2020-rusza-juz-za-kilka-dni-kto-musi-sie-stawic-przed-komisja-lekarska\/"]}]},{"@type":"ImageObject","inLanguage":"pl-PL","@id":"https:\/\/www.24gliwice.pl\/wiadomosci\/kwalifikacja-wojskowa-2020-rusza-juz-za-kilka-dni-kto-musi-sie-stawic-przed-komisja-lekarska\/#primaryimage","url":"https:\/\/www.24gliwice.pl\/wiadomosci\/wp-content\/uploads\/2020\/01\/kwalifikacja-wojskowa.jpg","contentUrl":"https:\/\/www.24gliwice.pl\/wiadomosci\/wp-content\/uploads\/2020\/01\/kwalifikacja-wojskowa.jpg","width":810,"height":455,"caption":"fot. WKU Gliwice"},{"@type":"BreadcrumbList","@id":"https:\/\/www.24gliwice.pl\/wiadomosci\/kwalifikacja-wojskowa-2020-rusza-juz-za-kilka-dni-kto-musi-sie-stawic-przed-komisja-lekarska\/#breadcrumb","itemListElement":[{"@type":"ListItem","position":1,"name":"Strona g\u0142\u00f3wna","item":"https:\/\/www.24gliwice.pl\/wiadomosci\/"},{"@type":"ListItem","position":2,"name":"Kwalifikacja wojskowa 2020 rusza ju\u017c za kilka dni. Kto musi si\u0119 stawi\u0107 przed komisj\u0105 lekarsk\u0105?"}]},{"@type":"WebSite","@id":"https:\/\/www.24gliwice.pl\/wiadomosci\/#website","url":"https:\/\/www.24gliwice.pl\/wiadomosci\/","name":"24GLIWICE - Portal Gliwice | codziennie nowe wiadomo\u015bci","description":"Portal Miejski Gliwice","publisher":{"@id":"https:\/\/www.24gliwice.pl\/wiadomosci\/#organization"},"potentialAction":[{"@type":"SearchAction","target":{"@type":"EntryPoint","urlTemplate":"https:\/\/www.24gliwice.pl\/wiadomosci\/?s={search_term_string}"},"query-input":{"@type":"PropertyValueSpecification","valueRequired":true,"valueName":"search_term_string"}}],"inLanguage":"pl-PL"},{"@type":"Organization","@id":"https:\/\/www.24gliwice.pl\/wiadomosci\/#organization","name":"24gliwice","url":"https:\/\/www.24gliwice.pl\/wiadomosci\/","logo":{"@type":"ImageObject","inLanguage":"pl-PL","@id":"https:\/\/www.24gliwice.pl\/wiadomosci\/#\/schema\/logo\/image\/","url":"https:\/\/www.24gliwice.pl\/wiadomosci\/wp-content\/uploads\/2024\/10\/24gliwice-logo-696.jpg","contentUrl":"https:\/\/www.24gliwice.pl\/wiadomosci\/wp-content\/uploads\/2024\/10\/24gliwice-logo-696.jpg","width":696,"height":696,"caption":"24gliwice"},"image":{"@id":"https:\/\/www.24gliwice.pl\/wiadomosci\/#\/schema\/logo\/image\/"},"sameAs":["https:\/\/www.facebook.com\/24gliwice","https:\/\/x.com\/24gliwice","https:\/\/www.youtube.com\/@24gliwice"]},{"@type":"Person","@id":"https:\/\/www.24gliwice.pl\/wiadomosci\/#\/schema\/person\/e42c650edd7f2fa332be3811fb166b6e","name":"\u017baneta Mrozek-Siewierska","image":{"@type":"ImageObject","inLanguage":"pl-PL","@id":"https:\/\/secure.gravatar.com\/avatar\/1881429e9c64597c77ad7aef2d0a19be69a3253e57534d16aa15bf3a4d34a0a3?s=96&d=mm&r=g","url":"https:\/\/secure.gravatar.com\/avatar\/1881429e9c64597c77ad7aef2d0a19be69a3253e57534d16aa15bf3a4d34a0a3?s=96&d=mm&r=g","contentUrl":"https:\/\/secure.gravatar.com\/avatar\/1881429e9c64597c77ad7aef2d0a19be69a3253e57534d16aa15bf3a4d34a0a3?s=96&d=mm&r=g","caption":"\u017baneta Mrozek-Siewierska"},"url":"https:\/\/www.24gliwice.pl\/wiadomosci\/author\/zms\/"}]}},"_links":{"self":[{"href":"https:\/\/www.24gliwice.pl\/wiadomosci\/wp-json\/wp\/v2\/posts\/146609","targetHints":{"allow":["GET"]}}],"collection":[{"href":"https:\/\/www.24gliwice.pl\/wiadomosci\/wp-json\/wp\/v2\/posts"}],"about":[{"href":"https:\/\/www.24gliwice.pl\/wiadomosci\/wp-json\/wp\/v2\/types\/post"}],"author":[{"embeddable":true,"href":"https:\/\/www.24gliwice.pl\/wiadomosci\/wp-json\/wp\/v2\/users\/15"}],"replies":[{"embeddable":true,"href":"https:\/\/www.24gliwice.pl\/wiadomosci\/wp-json\/wp\/v2\/comments?post=146609"}],"version-history":[{"count":0,"href":"https:\/\/www.24gliwice.pl\/wiadomosci\/wp-json\/wp\/v2\/posts\/146609\/revisions"}],"wp:featuredmedia":[{"embeddable":true,"href":"https:\/\/www.24gliwice.pl\/wiadomosci\/wp-json\/wp\/v2\/media\/146616"}],"wp:attachment":[{"href":"https:\/\/www.24gliwice.pl\/wiadomosci\/wp-json\/wp\/v2\/media?parent=146609"}],"wp:term":[{"taxonomy":"category","embeddable":true,"href":"https:\/\/www.24gliwice.pl\/wiadomosci\/wp-json\/wp\/v2\/categories?post=146609"},{"taxonomy":"post_tag","embeddable":true,"href":"https:\/\/www.24gliwice.pl\/wiadomosci\/wp-json\/wp\/v2\/tags?post=146609"}],"curies":[{"name":"wp","href":"https:\/\/api.w.org\/{rel}","templated":true}]}}