{"id":146847,"date":"2020-01-31T00:32:10","date_gmt":"2020-01-30T23:32:10","guid":{"rendered":"https:\/\/www.24gliwice.pl\/wiadomosci\/?p=146847"},"modified":"2020-01-31T00:32:10","modified_gmt":"2020-01-30T23:32:10","slug":"mieszkancy-otrzymaja-informacje-o-wysokosci-podatku-i-podniesionej-oplacie-za-wywoz-odpadow","status":"publish","type":"post","link":"https:\/\/www.24gliwice.pl\/wiadomosci\/mieszkancy-otrzymaja-informacje-o-wysokosci-podatku-i-podniesionej-oplacie-za-wywoz-odpadow\/","title":{"rendered":"Mieszka\u0144cy otrzymaj\u0105 informacj\u0119 o wysoko\u015bci podatku i podniesionej op\u0142acie za wyw\u00f3z odpad\u00f3w"},"content":{"rendered":"<div class=\"gliwi-a6-nad-leadem-artykulow gliwi-entity-placement\" id=\"gliwi-419488623\"><div class=\"gliwi-adlabel\"><span style=\"font-size: 9px\">REKLAMA<\/span><\/div><div id=\"gliwi-2878809913\" style=\"margin-bottom: 25px;margin-left: auto;margin-right: auto;text-align: center;\"><a data-no-instant=\"1\" href=\"https:\/\/dom100.eu\/\" rel=\"noopener\" class=\"a2t-link\" target=\"_blank\" aria-label=\"20260415 DOM100 D\"><img loading=\"lazy\" decoding=\"async\" src=\"https:\/\/www.24gliwice.pl\/wiadomosci\/wp-content\/uploads\/2026\/04\/20260415-DOM100-D.jpg\" alt=\"\"  srcset=\"https:\/\/www.24gliwice.pl\/wiadomosci\/wp-content\/uploads\/2026\/04\/20260415-DOM100-D.jpg 750w, https:\/\/www.24gliwice.pl\/wiadomosci\/wp-content\/uploads\/2026\/04\/20260415-DOM100-D-410x109.jpg 410w\" sizes=\"(max-width: 750px) 100vw, 750px\" class=\"no-lazyload\" width=\"750\" height=\"200\"  style=\"display: inline-block; max-width: 100%; height: auto;\" \/><\/a><\/div><\/div><h3>Pierwszy kwarta\u0142 to czas rozlicze\u0144 podatkowych. Od drugiego weekendu lutego mieszka\u0144cy p\u0142ac\u0105cy podatek od nieruchomo\u015bci, podatek rolny lub le\u015bny b\u0119d\u0105 otrzymywa\u0107 decyzje o wysoko\u015bci op\u0142at na ten rok.<\/h3>\n<p>Wszystkie decyzje ustalaj\u0105ce wysoko\u015b\u0107 nale\u017cno\u015bci na 2020 rok s\u0105 ju\u017c przygotowane i gotowe do rozniesienia. Ich dor\u0119czanie mieszka\u0144com rozpocznie si\u0119 7 lutego. Termin wp\u0142aty pierwszej raty podatk\u00f3w up\u0142ywa 15 marca \u2013 i dla wielu gliwiczan b\u0119dzie to jedyny zobowi\u0105zuj\u0105cy deadline. <\/p>\n<h3>Je\u017celi bowiem kwota podatku nie przekracza 100 z\u0142, to podatek p\u0142aci si\u0119 jednorazowo w\u0142a\u015bnie w terminie pierwszej raty.<\/h3>\n<p>Decyzje otrzymaj\u0105 wszystkie osoby fizyczne b\u0119d\u0105ce podatnikami. Gdy nieruchomo\u015b\u0107 obj\u0119ta jest wsp\u00f3\u0142w\u0142asno\u015bci\u0105, sw\u00f3j egzemplarz decyzji dostaje ka\u017cdy ze wsp\u00f3\u0142w\u0142a\u015bcicieli. Nale\u017cy pami\u0119ta\u0107, \u017ce wskazany w niej podatek jest ustalony \u0142\u0105cznie dla wszystkich wsp\u00f3\u0142w\u0142a\u015bcicieli, a nie odr\u0119bnie dla ka\u017cdego z nich.<\/p><div class=\"gliwi-a3-w-tresci-artykulow gliwi-entity-placement\" id=\"gliwi-2462247272\"><div class=\"gliwi-adlabel\"><span style=\"font-size: 9px\">REKLAMA<\/span><\/div><div id=\"gliwi-3263705700\" style=\"margin-bottom: 30px;margin-left: auto;margin-right: auto;text-align: center;\"><a data-no-instant=\"1\" href=\"https:\/\/ogrodyandersa.pl\/\" rel=\"noopener\" class=\"a2t-link\" target=\"_blank\" aria-label=\"20260415 Ogrody Andersa KUP TERAZ D\"><img loading=\"lazy\" decoding=\"async\" src=\"https:\/\/www.24gliwice.pl\/wiadomosci\/wp-content\/uploads\/2026\/04\/20260415-Ogrody-Andersa-KUP-TERAZ-D.jpg\" alt=\"\"  srcset=\"https:\/\/www.24gliwice.pl\/wiadomosci\/wp-content\/uploads\/2026\/04\/20260415-Ogrody-Andersa-KUP-TERAZ-D.jpg 750w, https:\/\/www.24gliwice.pl\/wiadomosci\/wp-content\/uploads\/2026\/04\/20260415-Ogrody-Andersa-KUP-TERAZ-D-410x109.jpg 410w\" sizes=\"(max-width: 750px) 100vw, 750px\" class=\"no-lazyload\" width=\"750\" height=\"200\"  style=\"display: inline-block; max-width: 100%; height: auto;\" \/><\/a><\/div><\/div>\n<p>Uwaga! W tym roku wraz z decyzjami pracownicy UM w Gliwicach b\u0119d\u0105 tak\u017ce dor\u0119cza\u0107 osobom fizycznym powt\u00f3rne zawiadomienia o zmianie od 1 stycznia br. wysoko\u015bci op\u0142aty za gospodarowanie odpadami komunalnymi dla nieruchomo\u015bci zamieszka\u0142ych.<\/p>\n<p>Zawiadomienia takie b\u0119d\u0105 dor\u0119czane tym w\u0142a\u015bcicielom nieruchomo\u015bci zamieszka\u0142ych, kt\u00f3rzy s\u0105 zobowi\u0105zani do ponoszenia tej op\u0142aty (w przypadku nieruchomo\u015bci w budynkach wielolokalowych informacje te dotycz\u0105 wsp\u00f3lnoty lub sp\u00f3\u0142dzielni mieszkaniowej). <\/p>\n<h3>Termin p\u0142atno\u015bci op\u0142aty w zmienionej wysoko\u015bci za I kwarta\u0142 up\u0142ywa 15 kwietnia. <\/h3>\n<p>Wszystkie decyzje podatkowe b\u0119d\u0105 dor\u0119czane przez pracownik\u00f3w Urz\u0119du Miejskiego w dni robocze w godzinach popo\u0142udniowych oraz w soboty od godzin porannych \u2013 zawsze najp\u00f3\u017aniej do godziny 20:00. Pracownicy magistratu nie s\u0105 uprawnieni do pobierania nale\u017cno\u015bci podatkowych.<\/p>\n<p>Decyzje b\u0119d\u0105 zawiera\u0142y indywidualny numer rachunku bankowego, na kt\u00f3ry mo\u017cna dokona\u0107 wp\u0142aty. Aby unikn\u0105\u0107 kolejek w kasach urz\u0119du, warto zap\u0142aci\u0107 podatek za po\u015brednictwem bank\u00f3w. Od wp\u0142at got\u00f3wkowych dokonywanych na rachunki Urz\u0119du Miejskiego, realizowanych we wszystkich plac\u00f3wkach ING Banku \u015al\u0105skiego S.A., nie s\u0105 pobierane dodatkowe prowizje.<\/p>\n<p>(\u017cms)\/UM(mf)<br \/>\nfot. MSI<\/p>\n<div class=\"gliwi-a5-na-koncu-artykulow gliwi-entity-placement\" id=\"gliwi-855859468\"><div class=\"gliwi-adlabel\"><span style=\"font-size: 9px\">REKLAMA<\/span><\/div><div id=\"gliwi-3080903149\" style=\"margin-left: auto;margin-right: auto;text-align: center;\"><a data-no-instant=\"1\" href=\"https:\/\/prezeroarenagliwice.pl\/\" rel=\"noopener\" class=\"a2t-link\" target=\"_blank\" aria-label=\"20260309-PREZERO-WIOSNA-D\"><img loading=\"lazy\" decoding=\"async\" src=\"https:\/\/www.24gliwice.pl\/wiadomosci\/wp-content\/uploads\/2026\/03\/20260309-PREZERO-WIOSNA-D.webp\" alt=\"\"  srcset=\"https:\/\/www.24gliwice.pl\/wiadomosci\/wp-content\/uploads\/2026\/03\/20260309-PREZERO-WIOSNA-D.webp 750w, https:\/\/www.24gliwice.pl\/wiadomosci\/wp-content\/uploads\/2026\/03\/20260309-PREZERO-WIOSNA-D-410x109.webp 410w\" sizes=\"(max-width: 750px) 100vw, 750px\" class=\"no-lazyload\" width=\"750\" height=\"200\"  style=\"display: inline-block; max-width: 100%; height: auto;\" \/><\/a><\/div><\/div>","protected":false},"excerpt":{"rendered":"<p>Pierwszy kwarta\u0142 to czas rozlicze\u0144 podatkowych. Od drugiego weekendu lutego mieszka\u0144cy p\u0142ac\u0105cy podatek od nieruchomo\u015bci, podatek rolny lub le\u015bny b\u0119d\u0105 otrzymywa\u0107 decyzje o wysoko\u015bci op\u0142at na ten rok. Wszystkie decyzje ustalaj\u0105ce wysoko\u015b\u0107 nale\u017cno\u015bci na 2020 rok s\u0105 ju\u017c przygotowane i gotowe do rozniesienia. Ich dor\u0119czanie mieszka\u0144com rozpocznie si\u0119 7 lutego. Termin wp\u0142aty pierwszej raty podatk\u00f3w [&hellip;]<\/p>\n","protected":false},"author":15,"featured_media":146873,"comment_status":"open","ping_status":"closed","sticky":false,"template":"","format":"standard","meta":{"_monsterinsights_skip_tracking":false,"_monsterinsights_sitenote_active":false,"_monsterinsights_sitenote_note":"","_monsterinsights_sitenote_category":0,"footnotes":"","_links_to":"","_links_to_target":""},"categories":[3,1],"tags":[14756,10986,17283,11447],"class_list":["post-146847","post","type-post","status-publish","format-standard","has-post-thumbnail","hentry","category-gliwice","category-wszystko","tag-decyzje-podatkowe","tag-odbior-odpadow","tag-oplata-za-wywoz-odpadow","tag-podatek-od-nieruchomosci"],"yoast_head":"<!-- This site is optimized with the Yoast SEO plugin v27.5 - https:\/\/yoast.com\/product\/yoast-seo-wordpress\/ -->\n<title>Mieszka\u0144cy otrzymaj\u0105 informacj\u0119 o wysoko\u015bci podatku i podniesionej op\u0142acie za wyw\u00f3z odpad\u00f3w - 24GLIWICE - Portal Gliwice | codziennie nowe informacje<\/title>\n<meta name=\"robots\" content=\"index, follow, max-snippet:-1, max-image-preview:large, max-video-preview:-1\" \/>\n<link rel=\"canonical\" href=\"https:\/\/www.24gliwice.pl\/wiadomosci\/mieszkancy-otrzymaja-informacje-o-wysokosci-podatku-i-podniesionej-oplacie-za-wywoz-odpadow\/\" \/>\n<meta property=\"og:locale\" content=\"pl_PL\" \/>\n<meta property=\"og:type\" content=\"article\" \/>\n<meta property=\"og:title\" content=\"Mieszka\u0144cy otrzymaj\u0105 informacj\u0119 o wysoko\u015bci podatku i podniesionej op\u0142acie za wyw\u00f3z odpad\u00f3w - 24GLIWICE - Portal Gliwice | codziennie nowe informacje\" \/>\n<meta property=\"og:description\" content=\"Pierwszy kwarta\u0142 to czas rozlicze\u0144 podatkowych. Od drugiego weekendu lutego mieszka\u0144cy p\u0142ac\u0105cy podatek od nieruchomo\u015bci, podatek rolny lub le\u015bny b\u0119d\u0105 otrzymywa\u0107 decyzje o wysoko\u015bci op\u0142at na ten rok. Wszystkie decyzje ustalaj\u0105ce wysoko\u015b\u0107 nale\u017cno\u015bci na 2020 rok s\u0105 ju\u017c przygotowane i gotowe do rozniesienia. Ich dor\u0119czanie mieszka\u0144com rozpocznie si\u0119 7 lutego. Termin wp\u0142aty pierwszej raty podatk\u00f3w [&hellip;]\" \/>\n<meta property=\"og:url\" content=\"https:\/\/www.24gliwice.pl\/wiadomosci\/mieszkancy-otrzymaja-informacje-o-wysokosci-podatku-i-podniesionej-oplacie-za-wywoz-odpadow\/\" \/>\n<meta property=\"og:site_name\" content=\"24GLIWICE - Portal Gliwice | codziennie nowe informacje\" \/>\n<meta property=\"article:publisher\" content=\"https:\/\/www.facebook.com\/24gliwice\" \/>\n<meta property=\"article:published_time\" content=\"2020-01-30T23:32:10+00:00\" \/>\n<meta property=\"og:image\" content=\"https:\/\/www.24gliwice.pl\/wiadomosci\/wp-content\/uploads\/2020\/01\/decyzje-podatkowe.jpg\" \/>\n\t<meta property=\"og:image:width\" content=\"810\" \/>\n\t<meta property=\"og:image:height\" content=\"457\" \/>\n\t<meta property=\"og:image:type\" content=\"image\/jpeg\" \/>\n<meta name=\"author\" content=\"\u017baneta Mrozek-Siewierska\" \/>\n<meta name=\"twitter:card\" content=\"summary_large_image\" \/>\n<meta name=\"twitter:creator\" content=\"@24gliwice\" \/>\n<meta name=\"twitter:site\" content=\"@24gliwice\" \/>\n<meta name=\"twitter:label1\" content=\"Napisane przez\" \/>\n\t<meta name=\"twitter:data1\" content=\"\u017baneta Mrozek-Siewierska\" \/>\n\t<meta name=\"twitter:label2\" content=\"Szacowany czas czytania\" \/>\n\t<meta name=\"twitter:data2\" content=\"2 minuty\" \/>\n<script type=\"application\/ld+json\" class=\"yoast-schema-graph\">{\"@context\":\"https:\\\/\\\/schema.org\",\"@graph\":[{\"@type\":\"Article\",\"@id\":\"https:\\\/\\\/www.24gliwice.pl\\\/wiadomosci\\\/mieszkancy-otrzymaja-informacje-o-wysokosci-podatku-i-podniesionej-oplacie-za-wywoz-odpadow\\\/#article\",\"isPartOf\":{\"@id\":\"https:\\\/\\\/www.24gliwice.pl\\\/wiadomosci\\\/mieszkancy-otrzymaja-informacje-o-wysokosci-podatku-i-podniesionej-oplacie-za-wywoz-odpadow\\\/\"},\"author\":{\"name\":\"\u017baneta Mrozek-Siewierska\",\"@id\":\"https:\\\/\\\/www.24gliwice.pl\\\/wiadomosci\\\/#\\\/schema\\\/person\\\/e42c650edd7f2fa332be3811fb166b6e\"},\"headline\":\"Mieszka\u0144cy otrzymaj\u0105 informacj\u0119 o wysoko\u015bci podatku i podniesionej op\u0142acie za wyw\u00f3z odpad\u00f3w\",\"datePublished\":\"2020-01-30T23:32:10+00:00\",\"mainEntityOfPage\":{\"@id\":\"https:\\\/\\\/www.24gliwice.pl\\\/wiadomosci\\\/mieszkancy-otrzymaja-informacje-o-wysokosci-podatku-i-podniesionej-oplacie-za-wywoz-odpadow\\\/\"},\"wordCount\":381,\"commentCount\":0,\"publisher\":{\"@id\":\"https:\\\/\\\/www.24gliwice.pl\\\/wiadomosci\\\/#organization\"},\"image\":{\"@id\":\"https:\\\/\\\/www.24gliwice.pl\\\/wiadomosci\\\/mieszkancy-otrzymaja-informacje-o-wysokosci-podatku-i-podniesionej-oplacie-za-wywoz-odpadow\\\/#primaryimage\"},\"thumbnailUrl\":\"https:\\\/\\\/www.24gliwice.pl\\\/wiadomosci\\\/wp-content\\\/uploads\\\/2020\\\/01\\\/decyzje-podatkowe.jpg\",\"keywords\":[\"decyzje podatkowe\",\"odbi\u00f3r odpad\u00f3w\",\"op\u0142ata za wyw\u00f3z odpad\u00f3w\",\"podatek od nieruchomo\u015bci\"],\"articleSection\":[\"Gliwice\",\"Najnowsze wiadomo\u015bci\"],\"inLanguage\":\"pl-PL\",\"potentialAction\":[{\"@type\":\"CommentAction\",\"name\":\"Comment\",\"target\":[\"https:\\\/\\\/www.24gliwice.pl\\\/wiadomosci\\\/mieszkancy-otrzymaja-informacje-o-wysokosci-podatku-i-podniesionej-oplacie-za-wywoz-odpadow\\\/#respond\"]}]},{\"@type\":\"WebPage\",\"@id\":\"https:\\\/\\\/www.24gliwice.pl\\\/wiadomosci\\\/mieszkancy-otrzymaja-informacje-o-wysokosci-podatku-i-podniesionej-oplacie-za-wywoz-odpadow\\\/\",\"url\":\"https:\\\/\\\/www.24gliwice.pl\\\/wiadomosci\\\/mieszkancy-otrzymaja-informacje-o-wysokosci-podatku-i-podniesionej-oplacie-za-wywoz-odpadow\\\/\",\"name\":\"Mieszka\u0144cy otrzymaj\u0105 informacj\u0119 o wysoko\u015bci podatku i podniesionej op\u0142acie za wyw\u00f3z odpad\u00f3w - 24GLIWICE - Portal Gliwice | codziennie nowe informacje\",\"isPartOf\":{\"@id\":\"https:\\\/\\\/www.24gliwice.pl\\\/wiadomosci\\\/#website\"},\"primaryImageOfPage\":{\"@id\":\"https:\\\/\\\/www.24gliwice.pl\\\/wiadomosci\\\/mieszkancy-otrzymaja-informacje-o-wysokosci-podatku-i-podniesionej-oplacie-za-wywoz-odpadow\\\/#primaryimage\"},\"image\":{\"@id\":\"https:\\\/\\\/www.24gliwice.pl\\\/wiadomosci\\\/mieszkancy-otrzymaja-informacje-o-wysokosci-podatku-i-podniesionej-oplacie-za-wywoz-odpadow\\\/#primaryimage\"},\"thumbnailUrl\":\"https:\\\/\\\/www.24gliwice.pl\\\/wiadomosci\\\/wp-content\\\/uploads\\\/2020\\\/01\\\/decyzje-podatkowe.jpg\",\"datePublished\":\"2020-01-30T23:32:10+00:00\",\"breadcrumb\":{\"@id\":\"https:\\\/\\\/www.24gliwice.pl\\\/wiadomosci\\\/mieszkancy-otrzymaja-informacje-o-wysokosci-podatku-i-podniesionej-oplacie-za-wywoz-odpadow\\\/#breadcrumb\"},\"inLanguage\":\"pl-PL\",\"potentialAction\":[{\"@type\":\"ReadAction\",\"target\":[\"https:\\\/\\\/www.24gliwice.pl\\\/wiadomosci\\\/mieszkancy-otrzymaja-informacje-o-wysokosci-podatku-i-podniesionej-oplacie-za-wywoz-odpadow\\\/\"]}]},{\"@type\":\"ImageObject\",\"inLanguage\":\"pl-PL\",\"@id\":\"https:\\\/\\\/www.24gliwice.pl\\\/wiadomosci\\\/mieszkancy-otrzymaja-informacje-o-wysokosci-podatku-i-podniesionej-oplacie-za-wywoz-odpadow\\\/#primaryimage\",\"url\":\"https:\\\/\\\/www.24gliwice.pl\\\/wiadomosci\\\/wp-content\\\/uploads\\\/2020\\\/01\\\/decyzje-podatkowe.jpg\",\"contentUrl\":\"https:\\\/\\\/www.24gliwice.pl\\\/wiadomosci\\\/wp-content\\\/uploads\\\/2020\\\/01\\\/decyzje-podatkowe.jpg\",\"width\":810,\"height\":457},{\"@type\":\"BreadcrumbList\",\"@id\":\"https:\\\/\\\/www.24gliwice.pl\\\/wiadomosci\\\/mieszkancy-otrzymaja-informacje-o-wysokosci-podatku-i-podniesionej-oplacie-za-wywoz-odpadow\\\/#breadcrumb\",\"itemListElement\":[{\"@type\":\"ListItem\",\"position\":1,\"name\":\"Strona g\u0142\u00f3wna\",\"item\":\"https:\\\/\\\/www.24gliwice.pl\\\/wiadomosci\\\/\"},{\"@type\":\"ListItem\",\"position\":2,\"name\":\"Mieszka\u0144cy otrzymaj\u0105 informacj\u0119 o wysoko\u015bci podatku i podniesionej op\u0142acie za wyw\u00f3z odpad\u00f3w\"}]},{\"@type\":\"WebSite\",\"@id\":\"https:\\\/\\\/www.24gliwice.pl\\\/wiadomosci\\\/#website\",\"url\":\"https:\\\/\\\/www.24gliwice.pl\\\/wiadomosci\\\/\",\"name\":\"24GLIWICE - Portal Gliwice | codziennie nowe wiadomo\u015bci\",\"description\":\"Portal Miejski Gliwice\",\"publisher\":{\"@id\":\"https:\\\/\\\/www.24gliwice.pl\\\/wiadomosci\\\/#organization\"},\"potentialAction\":[{\"@type\":\"SearchAction\",\"target\":{\"@type\":\"EntryPoint\",\"urlTemplate\":\"https:\\\/\\\/www.24gliwice.pl\\\/wiadomosci\\\/?s={search_term_string}\"},\"query-input\":{\"@type\":\"PropertyValueSpecification\",\"valueRequired\":true,\"valueName\":\"search_term_string\"}}],\"inLanguage\":\"pl-PL\"},{\"@type\":\"Organization\",\"@id\":\"https:\\\/\\\/www.24gliwice.pl\\\/wiadomosci\\\/#organization\",\"name\":\"24gliwice\",\"url\":\"https:\\\/\\\/www.24gliwice.pl\\\/wiadomosci\\\/\",\"logo\":{\"@type\":\"ImageObject\",\"inLanguage\":\"pl-PL\",\"@id\":\"https:\\\/\\\/www.24gliwice.pl\\\/wiadomosci\\\/#\\\/schema\\\/logo\\\/image\\\/\",\"url\":\"https:\\\/\\\/www.24gliwice.pl\\\/wiadomosci\\\/wp-content\\\/uploads\\\/2024\\\/10\\\/24gliwice-logo-696.jpg\",\"contentUrl\":\"https:\\\/\\\/www.24gliwice.pl\\\/wiadomosci\\\/wp-content\\\/uploads\\\/2024\\\/10\\\/24gliwice-logo-696.jpg\",\"width\":696,\"height\":696,\"caption\":\"24gliwice\"},\"image\":{\"@id\":\"https:\\\/\\\/www.24gliwice.pl\\\/wiadomosci\\\/#\\\/schema\\\/logo\\\/image\\\/\"},\"sameAs\":[\"https:\\\/\\\/www.facebook.com\\\/24gliwice\",\"https:\\\/\\\/x.com\\\/24gliwice\",\"https:\\\/\\\/www.youtube.com\\\/@24gliwice\"]},{\"@type\":\"Person\",\"@id\":\"https:\\\/\\\/www.24gliwice.pl\\\/wiadomosci\\\/#\\\/schema\\\/person\\\/e42c650edd7f2fa332be3811fb166b6e\",\"name\":\"\u017baneta Mrozek-Siewierska\",\"image\":{\"@type\":\"ImageObject\",\"inLanguage\":\"pl-PL\",\"@id\":\"https:\\\/\\\/secure.gravatar.com\\\/avatar\\\/1881429e9c64597c77ad7aef2d0a19be69a3253e57534d16aa15bf3a4d34a0a3?s=96&d=mm&r=g\",\"url\":\"https:\\\/\\\/secure.gravatar.com\\\/avatar\\\/1881429e9c64597c77ad7aef2d0a19be69a3253e57534d16aa15bf3a4d34a0a3?s=96&d=mm&r=g\",\"contentUrl\":\"https:\\\/\\\/secure.gravatar.com\\\/avatar\\\/1881429e9c64597c77ad7aef2d0a19be69a3253e57534d16aa15bf3a4d34a0a3?s=96&d=mm&r=g\",\"caption\":\"\u017baneta Mrozek-Siewierska\"},\"url\":\"https:\\\/\\\/www.24gliwice.pl\\\/wiadomosci\\\/author\\\/zms\\\/\"}]}<\/script>\n<!-- \/ Yoast SEO plugin. -->","yoast_head_json":{"title":"Mieszka\u0144cy otrzymaj\u0105 informacj\u0119 o wysoko\u015bci podatku i podniesionej op\u0142acie za wyw\u00f3z odpad\u00f3w - 24GLIWICE - Portal Gliwice | codziennie nowe informacje","robots":{"index":"index","follow":"follow","max-snippet":"max-snippet:-1","max-image-preview":"max-image-preview:large","max-video-preview":"max-video-preview:-1"},"canonical":"https:\/\/www.24gliwice.pl\/wiadomosci\/mieszkancy-otrzymaja-informacje-o-wysokosci-podatku-i-podniesionej-oplacie-za-wywoz-odpadow\/","og_locale":"pl_PL","og_type":"article","og_title":"Mieszka\u0144cy otrzymaj\u0105 informacj\u0119 o wysoko\u015bci podatku i podniesionej op\u0142acie za wyw\u00f3z odpad\u00f3w - 24GLIWICE - Portal Gliwice | codziennie nowe informacje","og_description":"Pierwszy kwarta\u0142 to czas rozlicze\u0144 podatkowych. Od drugiego weekendu lutego mieszka\u0144cy p\u0142ac\u0105cy podatek od nieruchomo\u015bci, podatek rolny lub le\u015bny b\u0119d\u0105 otrzymywa\u0107 decyzje o wysoko\u015bci op\u0142at na ten rok. Wszystkie decyzje ustalaj\u0105ce wysoko\u015b\u0107 nale\u017cno\u015bci na 2020 rok s\u0105 ju\u017c przygotowane i gotowe do rozniesienia. Ich dor\u0119czanie mieszka\u0144com rozpocznie si\u0119 7 lutego. Termin wp\u0142aty pierwszej raty podatk\u00f3w [&hellip;]","og_url":"https:\/\/www.24gliwice.pl\/wiadomosci\/mieszkancy-otrzymaja-informacje-o-wysokosci-podatku-i-podniesionej-oplacie-za-wywoz-odpadow\/","og_site_name":"24GLIWICE - Portal Gliwice | codziennie nowe informacje","article_publisher":"https:\/\/www.facebook.com\/24gliwice","article_published_time":"2020-01-30T23:32:10+00:00","og_image":[{"width":810,"height":457,"url":"https:\/\/www.24gliwice.pl\/wiadomosci\/wp-content\/uploads\/2020\/01\/decyzje-podatkowe.jpg","type":"image\/jpeg"}],"author":"\u017baneta Mrozek-Siewierska","twitter_card":"summary_large_image","twitter_creator":"@24gliwice","twitter_site":"@24gliwice","twitter_misc":{"Napisane przez":"\u017baneta Mrozek-Siewierska","Szacowany czas czytania":"2 minuty"},"schema":{"@context":"https:\/\/schema.org","@graph":[{"@type":"Article","@id":"https:\/\/www.24gliwice.pl\/wiadomosci\/mieszkancy-otrzymaja-informacje-o-wysokosci-podatku-i-podniesionej-oplacie-za-wywoz-odpadow\/#article","isPartOf":{"@id":"https:\/\/www.24gliwice.pl\/wiadomosci\/mieszkancy-otrzymaja-informacje-o-wysokosci-podatku-i-podniesionej-oplacie-za-wywoz-odpadow\/"},"author":{"name":"\u017baneta Mrozek-Siewierska","@id":"https:\/\/www.24gliwice.pl\/wiadomosci\/#\/schema\/person\/e42c650edd7f2fa332be3811fb166b6e"},"headline":"Mieszka\u0144cy otrzymaj\u0105 informacj\u0119 o wysoko\u015bci podatku i podniesionej op\u0142acie za wyw\u00f3z odpad\u00f3w","datePublished":"2020-01-30T23:32:10+00:00","mainEntityOfPage":{"@id":"https:\/\/www.24gliwice.pl\/wiadomosci\/mieszkancy-otrzymaja-informacje-o-wysokosci-podatku-i-podniesionej-oplacie-za-wywoz-odpadow\/"},"wordCount":381,"commentCount":0,"publisher":{"@id":"https:\/\/www.24gliwice.pl\/wiadomosci\/#organization"},"image":{"@id":"https:\/\/www.24gliwice.pl\/wiadomosci\/mieszkancy-otrzymaja-informacje-o-wysokosci-podatku-i-podniesionej-oplacie-za-wywoz-odpadow\/#primaryimage"},"thumbnailUrl":"https:\/\/www.24gliwice.pl\/wiadomosci\/wp-content\/uploads\/2020\/01\/decyzje-podatkowe.jpg","keywords":["decyzje podatkowe","odbi\u00f3r odpad\u00f3w","op\u0142ata za wyw\u00f3z odpad\u00f3w","podatek od nieruchomo\u015bci"],"articleSection":["Gliwice","Najnowsze wiadomo\u015bci"],"inLanguage":"pl-PL","potentialAction":[{"@type":"CommentAction","name":"Comment","target":["https:\/\/www.24gliwice.pl\/wiadomosci\/mieszkancy-otrzymaja-informacje-o-wysokosci-podatku-i-podniesionej-oplacie-za-wywoz-odpadow\/#respond"]}]},{"@type":"WebPage","@id":"https:\/\/www.24gliwice.pl\/wiadomosci\/mieszkancy-otrzymaja-informacje-o-wysokosci-podatku-i-podniesionej-oplacie-za-wywoz-odpadow\/","url":"https:\/\/www.24gliwice.pl\/wiadomosci\/mieszkancy-otrzymaja-informacje-o-wysokosci-podatku-i-podniesionej-oplacie-za-wywoz-odpadow\/","name":"Mieszka\u0144cy otrzymaj\u0105 informacj\u0119 o wysoko\u015bci podatku i podniesionej op\u0142acie za wyw\u00f3z odpad\u00f3w - 24GLIWICE - Portal Gliwice | codziennie nowe informacje","isPartOf":{"@id":"https:\/\/www.24gliwice.pl\/wiadomosci\/#website"},"primaryImageOfPage":{"@id":"https:\/\/www.24gliwice.pl\/wiadomosci\/mieszkancy-otrzymaja-informacje-o-wysokosci-podatku-i-podniesionej-oplacie-za-wywoz-odpadow\/#primaryimage"},"image":{"@id":"https:\/\/www.24gliwice.pl\/wiadomosci\/mieszkancy-otrzymaja-informacje-o-wysokosci-podatku-i-podniesionej-oplacie-za-wywoz-odpadow\/#primaryimage"},"thumbnailUrl":"https:\/\/www.24gliwice.pl\/wiadomosci\/wp-content\/uploads\/2020\/01\/decyzje-podatkowe.jpg","datePublished":"2020-01-30T23:32:10+00:00","breadcrumb":{"@id":"https:\/\/www.24gliwice.pl\/wiadomosci\/mieszkancy-otrzymaja-informacje-o-wysokosci-podatku-i-podniesionej-oplacie-za-wywoz-odpadow\/#breadcrumb"},"inLanguage":"pl-PL","potentialAction":[{"@type":"ReadAction","target":["https:\/\/www.24gliwice.pl\/wiadomosci\/mieszkancy-otrzymaja-informacje-o-wysokosci-podatku-i-podniesionej-oplacie-za-wywoz-odpadow\/"]}]},{"@type":"ImageObject","inLanguage":"pl-PL","@id":"https:\/\/www.24gliwice.pl\/wiadomosci\/mieszkancy-otrzymaja-informacje-o-wysokosci-podatku-i-podniesionej-oplacie-za-wywoz-odpadow\/#primaryimage","url":"https:\/\/www.24gliwice.pl\/wiadomosci\/wp-content\/uploads\/2020\/01\/decyzje-podatkowe.jpg","contentUrl":"https:\/\/www.24gliwice.pl\/wiadomosci\/wp-content\/uploads\/2020\/01\/decyzje-podatkowe.jpg","width":810,"height":457},{"@type":"BreadcrumbList","@id":"https:\/\/www.24gliwice.pl\/wiadomosci\/mieszkancy-otrzymaja-informacje-o-wysokosci-podatku-i-podniesionej-oplacie-za-wywoz-odpadow\/#breadcrumb","itemListElement":[{"@type":"ListItem","position":1,"name":"Strona g\u0142\u00f3wna","item":"https:\/\/www.24gliwice.pl\/wiadomosci\/"},{"@type":"ListItem","position":2,"name":"Mieszka\u0144cy otrzymaj\u0105 informacj\u0119 o wysoko\u015bci podatku i podniesionej op\u0142acie za wyw\u00f3z odpad\u00f3w"}]},{"@type":"WebSite","@id":"https:\/\/www.24gliwice.pl\/wiadomosci\/#website","url":"https:\/\/www.24gliwice.pl\/wiadomosci\/","name":"24GLIWICE - Portal Gliwice | codziennie nowe wiadomo\u015bci","description":"Portal Miejski Gliwice","publisher":{"@id":"https:\/\/www.24gliwice.pl\/wiadomosci\/#organization"},"potentialAction":[{"@type":"SearchAction","target":{"@type":"EntryPoint","urlTemplate":"https:\/\/www.24gliwice.pl\/wiadomosci\/?s={search_term_string}"},"query-input":{"@type":"PropertyValueSpecification","valueRequired":true,"valueName":"search_term_string"}}],"inLanguage":"pl-PL"},{"@type":"Organization","@id":"https:\/\/www.24gliwice.pl\/wiadomosci\/#organization","name":"24gliwice","url":"https:\/\/www.24gliwice.pl\/wiadomosci\/","logo":{"@type":"ImageObject","inLanguage":"pl-PL","@id":"https:\/\/www.24gliwice.pl\/wiadomosci\/#\/schema\/logo\/image\/","url":"https:\/\/www.24gliwice.pl\/wiadomosci\/wp-content\/uploads\/2024\/10\/24gliwice-logo-696.jpg","contentUrl":"https:\/\/www.24gliwice.pl\/wiadomosci\/wp-content\/uploads\/2024\/10\/24gliwice-logo-696.jpg","width":696,"height":696,"caption":"24gliwice"},"image":{"@id":"https:\/\/www.24gliwice.pl\/wiadomosci\/#\/schema\/logo\/image\/"},"sameAs":["https:\/\/www.facebook.com\/24gliwice","https:\/\/x.com\/24gliwice","https:\/\/www.youtube.com\/@24gliwice"]},{"@type":"Person","@id":"https:\/\/www.24gliwice.pl\/wiadomosci\/#\/schema\/person\/e42c650edd7f2fa332be3811fb166b6e","name":"\u017baneta Mrozek-Siewierska","image":{"@type":"ImageObject","inLanguage":"pl-PL","@id":"https:\/\/secure.gravatar.com\/avatar\/1881429e9c64597c77ad7aef2d0a19be69a3253e57534d16aa15bf3a4d34a0a3?s=96&d=mm&r=g","url":"https:\/\/secure.gravatar.com\/avatar\/1881429e9c64597c77ad7aef2d0a19be69a3253e57534d16aa15bf3a4d34a0a3?s=96&d=mm&r=g","contentUrl":"https:\/\/secure.gravatar.com\/avatar\/1881429e9c64597c77ad7aef2d0a19be69a3253e57534d16aa15bf3a4d34a0a3?s=96&d=mm&r=g","caption":"\u017baneta Mrozek-Siewierska"},"url":"https:\/\/www.24gliwice.pl\/wiadomosci\/author\/zms\/"}]}},"_links":{"self":[{"href":"https:\/\/www.24gliwice.pl\/wiadomosci\/wp-json\/wp\/v2\/posts\/146847","targetHints":{"allow":["GET"]}}],"collection":[{"href":"https:\/\/www.24gliwice.pl\/wiadomosci\/wp-json\/wp\/v2\/posts"}],"about":[{"href":"https:\/\/www.24gliwice.pl\/wiadomosci\/wp-json\/wp\/v2\/types\/post"}],"author":[{"embeddable":true,"href":"https:\/\/www.24gliwice.pl\/wiadomosci\/wp-json\/wp\/v2\/users\/15"}],"replies":[{"embeddable":true,"href":"https:\/\/www.24gliwice.pl\/wiadomosci\/wp-json\/wp\/v2\/comments?post=146847"}],"version-history":[{"count":0,"href":"https:\/\/www.24gliwice.pl\/wiadomosci\/wp-json\/wp\/v2\/posts\/146847\/revisions"}],"wp:featuredmedia":[{"embeddable":true,"href":"https:\/\/www.24gliwice.pl\/wiadomosci\/wp-json\/wp\/v2\/media\/146873"}],"wp:attachment":[{"href":"https:\/\/www.24gliwice.pl\/wiadomosci\/wp-json\/wp\/v2\/media?parent=146847"}],"wp:term":[{"taxonomy":"category","embeddable":true,"href":"https:\/\/www.24gliwice.pl\/wiadomosci\/wp-json\/wp\/v2\/categories?post=146847"},{"taxonomy":"post_tag","embeddable":true,"href":"https:\/\/www.24gliwice.pl\/wiadomosci\/wp-json\/wp\/v2\/tags?post=146847"}],"curies":[{"name":"wp","href":"https:\/\/api.w.org\/{rel}","templated":true}]}}