{"id":147024,"date":"2020-02-04T02:40:53","date_gmt":"2020-02-04T01:40:53","guid":{"rendered":"https:\/\/www.24gliwice.pl\/wiadomosci\/?p=147024"},"modified":"2024-08-20T01:59:56","modified_gmt":"2024-08-19T23:59:56","slug":"3-mln-z-miasta-dla-piasta-a-drugie-tyle-na-nowa-akademie-miasto-odzyska-kontrole-nad-klubem","status":"publish","type":"post","link":"https:\/\/www.24gliwice.pl\/wiadomosci\/3-mln-z-miasta-dla-piasta-a-drugie-tyle-na-nowa-akademie-miasto-odzyska-kontrole-nad-klubem\/","title":{"rendered":"3 mln z miasta dla Piasta, a drugie tyle na now\u0105 akademi\u0119. Miasto odzyska kontrol\u0119 nad klubem?"},"content":{"rendered":"<div class=\"gliwi-a6-nad-leadem-artykulow gliwi-entity-placement\" id=\"gliwi-3385466641\"><div class=\"gliwi-adlabel\"><span style=\"font-size: 9px\">REKLAMA<\/span><\/div><div id=\"gliwi-488661285\" style=\"margin-bottom: 25px;margin-left: auto;margin-right: auto;text-align: center;\"><a data-no-instant=\"1\" href=\"https:\/\/dom100.eu\/\" rel=\"noopener\" class=\"a2t-link\" target=\"_blank\" aria-label=\"20260415 DOM100 D\"><img loading=\"lazy\" decoding=\"async\" src=\"https:\/\/www.24gliwice.pl\/wiadomosci\/wp-content\/uploads\/2026\/04\/20260415-DOM100-D.jpg\" alt=\"\"  srcset=\"https:\/\/www.24gliwice.pl\/wiadomosci\/wp-content\/uploads\/2026\/04\/20260415-DOM100-D.jpg 750w, https:\/\/www.24gliwice.pl\/wiadomosci\/wp-content\/uploads\/2026\/04\/20260415-DOM100-D-410x109.jpg 410w\" sizes=\"(max-width: 750px) 100vw, 750px\" class=\"no-lazyload\" width=\"750\" height=\"200\"  style=\"display: inline-block; max-width: 100%; height: auto;\" \/><\/a><\/div><\/div><h3>Miasto og\u0142osi\u0142o kwoty dofinansowania dla klub\u00f3w sportowych. Tradycyjnie najwi\u0119cej otrzyma Piast Gliwice. W tle spraw finansowych pojawiaj\u0105 si\u0119 pytania o oddanie klubu w prywatne r\u0119ce, do czego pierwszym krokiem mog\u0142y by\u0107 zmiany w statucie klubu z wrze\u015bnia ubieg\u0142ego roku.<\/h3>\n<p>Przypomnijmy, w wyniku wprowadzonych we wrze\u015bniu ubieg\u0142ego roku zmian, miasto utraci\u0142o pe\u0142n\u0105 kontrol\u0119 nad klubem, uzale\u017cniaj\u0105c proces decyzyjny od mniejszo\u015bciowego akcjonariusza, prezesa firmy Kar-Tel <strong>Zbigniewa Ka\u0142u\u017cy<\/strong> (ma 26,02% akcji). Jeszcze przed nag\u0142o\u015bnieniem tej sprawy przez \u00f3wczesnego p.o. prezydenta Gliwic <strong>Janusza Moszy\u0144skiego<\/strong> spekulowano, \u017ce klub stopniowo mo\u017ce by\u0107 przekazywany w r\u0119ce Ka\u0142u\u017cy. Spekulacje podgrza\u0142o o\u015bwiadczenie <strong>Adama Neumanna<\/strong>. <\/p>\n<p><em>&#8211;  D\u0142ugofalowy plan polega na nowych inwestycjach klubu oraz stopniowym odchodzeniu od modelu funkcjonowania, w kt\u00f3rym to miasto ponosi g\u0142\u00f3wny ci\u0119\u017car finansowania sp\u00f3\u0142ki. Prywatny wsp\u00f3\u0142w\u0142a\u015bciciel jest godnym zaufania partnerem, przemawia za tym wieloletnia wsp\u00f3\u0142praca z nim w sp\u00f3\u0142ce. Zacie\u015bnienie tej wsp\u00f3\u0142pracy to pierwszy etap partnerstwa publiczno-prywatnego, kt\u00f3re b\u0119dzie mia\u0142o decyduj\u0105ce znaczenie dla funkcjonowania klubu w przysz\u0142o\u015bci<\/em> &#8211; t\u0142umaczy\u0142 Neumann.<\/p><div class=\"gliwi-a3-w-tresci-artykulow gliwi-entity-placement\" id=\"gliwi-339855857\"><div class=\"gliwi-adlabel\"><span style=\"font-size: 9px\">REKLAMA<\/span><\/div><div id=\"gliwi-2578168236\" style=\"margin-bottom: 30px;margin-left: auto;margin-right: auto;text-align: center;\"><a data-no-instant=\"1\" href=\"https:\/\/zlobek.halogen.org.pl\/\" rel=\"noopener\" class=\"a2t-link\" target=\"_blank\" aria-label=\"animator-zlobek_750x200\"><img loading=\"lazy\" decoding=\"async\" src=\"https:\/\/www.24gliwice.pl\/wiadomosci\/wp-content\/uploads\/2026\/02\/animator-zlobek_750x200.webp\" alt=\"\"  srcset=\"https:\/\/www.24gliwice.pl\/wiadomosci\/wp-content\/uploads\/2026\/02\/animator-zlobek_750x200.webp 750w, https:\/\/www.24gliwice.pl\/wiadomosci\/wp-content\/uploads\/2026\/02\/animator-zlobek_750x200-410x109.webp 410w\" sizes=\"(max-width: 750px) 100vw, 750px\" class=\"no-lazyload\" width=\"750\" height=\"200\"  style=\"display: inline-block; max-width: 100%; height: auto;\" \/><\/a><\/div><\/div>\n<p>Okazuje si\u0119 jednak, \u017ce mimo tych plan\u00f3w klub prawdopodobnie wr\u00f3ci do zapis\u00f3w statutowych sprzed wrze\u015bniowej zmiany. <\/p>\n<p><em>&#8211; Miasto w porozumieniu z mniejszo\u015bciowym udzia\u0142owcem ma zamiar wr\u00f3ci\u0107 do tematu statutu i zasad wyboru rady nadzorczej przy okazji najbli\u017cszego walnego zgromadzenia &#8211; informuje <strong>\u0141ukasz Oryszczak<\/strong>, rzecznik prasowy prezydenta Gliwic. &#8211; Wszystko wskazuje na to, \u017ce przywr\u00f3cone zostan\u0105 poprzednie zasady<\/em> &#8211; dodaje.<\/p>\n<p><H4>PIAST Z DOFINANSOWANIEM NA AKADEMI\u0118<\/H3><\/p>\n<p>Magistrat w\u0142a\u015bnie przyzna\u0142 dotacj\u0119 dla gliwickich klub\u00f3w sportowych. Piast na I p\u00f3\u0142rocze otrzyma\u0142 3 mln z\u0142otych, czyli o 3 mln z\u0142otych mniej ni\u017c w latach ubieg\u0142ych. Tak wygl\u0105da to na papierze, ale w praktyce z kasy miasta zostanie przeznaczona dla klubu dok\u0142adnie taka sama kwota.<\/p>\n<blockquote><p>&#8211; W bud\u017cecie miasta na 2020 r. przewidziano 6 mln z\u0142 dotacji (po 3 mln na p\u00f3\u0142 roku) oraz 6 mln z\u0142 na podwy\u017cszenie kapita\u0142u. Daje to kwot\u0119 12 mln z\u0142, czyli tak\u0105 sam\u0105 jak w latach ubieg\u0142ych. Powy\u017csza zmiana zosta\u0142a uzgodniona z klubem<\/p><\/blockquote>\n<p> &#8211; m\u00f3wi \u0141ukasz Oryszczak.<\/p>\n<p>Piast wi\u0119c za spraw\u0105 miasta nie zubo\u017ceje, a warto doda\u0107, \u017ce dofinansowanie dla klubu zosta\u0142o przyznane po roku, w kt\u00f3rym Piast ju\u017c solidnie podreperowa\u0142 bud\u017cet. Najpierw klub otrzyma\u0142 15 mln z\u0142otych za zdobycia mistrzostwa Polski, a nast\u0119pnie zainkasowa\u0142 pieni\u0105dze za transfery Joela Valencii do FC Brentford i Patryka Dziczka do Lazio Rzym.<\/p>\n<p>\u015arodki przeznaczone na podwy\u017cszenie kapita\u0142u maj\u0105 zosta\u0107 przeznaczone na rozw\u00f3j inwestycyjny klubu. Oficjalnych informacji brak, ale jak informuje &#8220;Przegl\u0105d Sportowy&#8221; Piast planuje budow\u0119 akademii pi\u0142karskiej, centrum szkoleniowego z burs\u0105 i boiska z podgrzewan\u0105 muraw\u0105. Przedsi\u0119wzi\u0119cie jest na etapie prac koncepcyjnych, nie jest znana jego lokalizacja, a przedstawiciele klubu nie chc\u0105 wypowiada\u0107 si\u0119 na jego temat. To ka\u017ce ocenia\u0107 te plany na ch\u0142odno. O podobnych zamierzeniach ju\u017c w 2015 roku m\u00f3wi\u0142 \u00f3wczesny prezes klubu Adam Sarkowicz.<\/p>\n<p>Kto jeszcze otrzyma\u0142 miejsk\u0105 dotacj\u0119? 1,75 mln z\u0142otych pow\u0119druje do <strong>Gliwickiego Towarzystwa Koszyk\u00f3wki<\/strong>, a trzecim w kolejno\u015bci beneficjentem jest <strong>AZS Politechniki \u015al\u0105skiej<\/strong>. Siatkarki otrzyma\u0142y 253 tys. z\u0142otych. To mniej ni\u017c w latach poprzednich. Ci\u0119cia dotkn\u0119\u0142y te\u017c <strong>gliwickich futsalist\u00f3w<\/strong>. Pe\u0142ny wykaz dotacji <a href=\"https:\/\/bip.gliwice.eu\/pub\/ogloszenia\/um\/files\/Lista_dyscypliny_zespolowe%283%29.pdf\" rel=\"noopener noreferrer\" target=\"_blank\">dost\u0119pny jest tutaj<\/a>. <\/p>\n<p>Micha\u0142 Szewczyk<\/p>\n<div class=\"gliwi-a5-na-koncu-artykulow gliwi-entity-placement\" id=\"gliwi-2727223118\"><div class=\"gliwi-adlabel\"><span style=\"font-size: 9px\">REKLAMA<\/span><\/div><div id=\"gliwi-3760861028\" style=\"margin-left: auto;margin-right: auto;text-align: center;\"><a data-no-instant=\"1\" href=\"https:\/\/prezeroarenagliwice.pl\/\" rel=\"noopener\" class=\"a2t-link\" target=\"_blank\" aria-label=\"20260309-PREZERO-WIOSNA-D\"><img loading=\"lazy\" decoding=\"async\" src=\"https:\/\/www.24gliwice.pl\/wiadomosci\/wp-content\/uploads\/2026\/03\/20260309-PREZERO-WIOSNA-D.webp\" alt=\"\"  srcset=\"https:\/\/www.24gliwice.pl\/wiadomosci\/wp-content\/uploads\/2026\/03\/20260309-PREZERO-WIOSNA-D.webp 750w, https:\/\/www.24gliwice.pl\/wiadomosci\/wp-content\/uploads\/2026\/03\/20260309-PREZERO-WIOSNA-D-410x109.webp 410w\" sizes=\"(max-width: 750px) 100vw, 750px\" class=\"no-lazyload\" width=\"750\" height=\"200\"  style=\"display: inline-block; max-width: 100%; height: auto;\" \/><\/a><\/div><\/div>","protected":false},"excerpt":{"rendered":"<p>Miasto og\u0142osi\u0142o kwoty dofinansowania dla klub\u00f3w sportowych. Tradycyjnie najwi\u0119cej otrzyma Piast Gliwice. W tle spraw finansowych pojawiaj\u0105 si\u0119 pytania o oddanie klubu w prywatne r\u0119ce, do czego pierwszym krokiem mog\u0142y by\u0107 zmiany w statucie klubu z wrze\u015bnia ubieg\u0142ego roku. Przypomnijmy, w wyniku wprowadzonych we wrze\u015bniu ubieg\u0142ego roku zmian, miasto utraci\u0142o pe\u0142n\u0105 kontrol\u0119 nad klubem, uzale\u017cniaj\u0105c [&hellip;]<\/p>\n","protected":false},"author":12,"featured_media":145276,"comment_status":"open","ping_status":"closed","sticky":false,"template":"","format":"standard","meta":{"_monsterinsights_skip_tracking":false,"_monsterinsights_sitenote_active":false,"_monsterinsights_sitenote_note":"","_monsterinsights_sitenote_category":0,"footnotes":"","_links_to":"","_links_to_target":""},"categories":[3,1,9,8,23842],"tags":[5739,5867,74,8430,5866],"class_list":["post-147024","post","type-post","status-publish","format-standard","has-post-thumbnail","hentry","category-gliwice","category-wszystko","category-aktualnosci_lokalne","category-samorzad_polityka","category-sport_gliwice","tag-dofinansowanie","tag-kar-tel","tag-piast-gliwice","tag-sport","tag-zbigniew-kaluza"],"yoast_head":"<!-- This site is optimized with the Yoast SEO plugin v27.5 - https:\/\/yoast.com\/product\/yoast-seo-wordpress\/ -->\n<title>3 mln z miasta dla Piasta, a drugie tyle na now\u0105 akademi\u0119. Miasto odzyska kontrol\u0119 nad klubem? - 24GLIWICE - Portal Gliwice | codziennie nowe informacje<\/title>\n<meta name=\"robots\" content=\"index, follow, max-snippet:-1, max-image-preview:large, max-video-preview:-1\" \/>\n<link rel=\"canonical\" href=\"https:\/\/www.24gliwice.pl\/wiadomosci\/3-mln-z-miasta-dla-piasta-a-drugie-tyle-na-nowa-akademie-miasto-odzyska-kontrole-nad-klubem\/\" \/>\n<meta property=\"og:locale\" content=\"pl_PL\" \/>\n<meta property=\"og:type\" content=\"article\" \/>\n<meta property=\"og:title\" content=\"3 mln z miasta dla Piasta, a drugie tyle na now\u0105 akademi\u0119. Miasto odzyska kontrol\u0119 nad klubem? - 24GLIWICE - Portal Gliwice | codziennie nowe informacje\" \/>\n<meta property=\"og:description\" content=\"Miasto og\u0142osi\u0142o kwoty dofinansowania dla klub\u00f3w sportowych. Tradycyjnie najwi\u0119cej otrzyma Piast Gliwice. W tle spraw finansowych pojawiaj\u0105 si\u0119 pytania o oddanie klubu w prywatne r\u0119ce, do czego pierwszym krokiem mog\u0142y by\u0107 zmiany w statucie klubu z wrze\u015bnia ubieg\u0142ego roku. Przypomnijmy, w wyniku wprowadzonych we wrze\u015bniu ubieg\u0142ego roku zmian, miasto utraci\u0142o pe\u0142n\u0105 kontrol\u0119 nad klubem, uzale\u017cniaj\u0105c [&hellip;]\" \/>\n<meta property=\"og:url\" content=\"https:\/\/www.24gliwice.pl\/wiadomosci\/3-mln-z-miasta-dla-piasta-a-drugie-tyle-na-nowa-akademie-miasto-odzyska-kontrole-nad-klubem\/\" \/>\n<meta property=\"og:site_name\" content=\"24GLIWICE - Portal Gliwice | codziennie nowe informacje\" \/>\n<meta property=\"article:publisher\" content=\"https:\/\/www.facebook.com\/24gliwice\" \/>\n<meta property=\"article:published_time\" content=\"2020-02-04T01:40:53+00:00\" \/>\n<meta property=\"article:modified_time\" content=\"2024-08-19T23:59:56+00:00\" \/>\n<meta property=\"og:image\" content=\"https:\/\/www.24gliwice.pl\/wiadomosci\/wp-content\/uploads\/2019\/12\/piast.jpg\" \/>\n\t<meta property=\"og:image:width\" content=\"810\" \/>\n\t<meta property=\"og:image:height\" content=\"447\" \/>\n\t<meta property=\"og:image:type\" content=\"image\/jpeg\" \/>\n<meta name=\"author\" content=\"Micha\u0142 Szewczyk\" \/>\n<meta name=\"twitter:card\" content=\"summary_large_image\" \/>\n<meta name=\"twitter:creator\" content=\"@24gliwice\" \/>\n<meta name=\"twitter:site\" content=\"@24gliwice\" \/>\n<meta name=\"twitter:label1\" content=\"Napisane przez\" \/>\n\t<meta name=\"twitter:data1\" content=\"Micha\u0142 Szewczyk\" \/>\n\t<meta name=\"twitter:label2\" content=\"Szacowany czas czytania\" \/>\n\t<meta name=\"twitter:data2\" content=\"3 minuty\" \/>\n<script type=\"application\/ld+json\" class=\"yoast-schema-graph\">{\"@context\":\"https:\\\/\\\/schema.org\",\"@graph\":[{\"@type\":\"Article\",\"@id\":\"https:\\\/\\\/www.24gliwice.pl\\\/wiadomosci\\\/3-mln-z-miasta-dla-piasta-a-drugie-tyle-na-nowa-akademie-miasto-odzyska-kontrole-nad-klubem\\\/#article\",\"isPartOf\":{\"@id\":\"https:\\\/\\\/www.24gliwice.pl\\\/wiadomosci\\\/3-mln-z-miasta-dla-piasta-a-drugie-tyle-na-nowa-akademie-miasto-odzyska-kontrole-nad-klubem\\\/\"},\"author\":{\"name\":\"Micha\u0142 Szewczyk\",\"@id\":\"https:\\\/\\\/www.24gliwice.pl\\\/wiadomosci\\\/#\\\/schema\\\/person\\\/940e8f8a097e322de4f463f061ef8d45\"},\"headline\":\"3 mln z miasta dla Piasta, a drugie tyle na now\u0105 akademi\u0119. Miasto odzyska kontrol\u0119 nad klubem?\",\"datePublished\":\"2020-02-04T01:40:53+00:00\",\"dateModified\":\"2024-08-19T23:59:56+00:00\",\"mainEntityOfPage\":{\"@id\":\"https:\\\/\\\/www.24gliwice.pl\\\/wiadomosci\\\/3-mln-z-miasta-dla-piasta-a-drugie-tyle-na-nowa-akademie-miasto-odzyska-kontrole-nad-klubem\\\/\"},\"wordCount\":589,\"commentCount\":0,\"publisher\":{\"@id\":\"https:\\\/\\\/www.24gliwice.pl\\\/wiadomosci\\\/#organization\"},\"image\":{\"@id\":\"https:\\\/\\\/www.24gliwice.pl\\\/wiadomosci\\\/3-mln-z-miasta-dla-piasta-a-drugie-tyle-na-nowa-akademie-miasto-odzyska-kontrole-nad-klubem\\\/#primaryimage\"},\"thumbnailUrl\":\"https:\\\/\\\/www.24gliwice.pl\\\/wiadomosci\\\/wp-content\\\/uploads\\\/2019\\\/12\\\/piast.jpg\",\"keywords\":[\"DOFINANSOWANIE\",\"kar-tel\",\"PIAST GLIWICE\",\"sport\",\"zbigniew ka\u0142u\u017ca\"],\"articleSection\":[\"Gliwice\",\"Najnowsze wiadomo\u015bci\",\"Portal Gliwice - Wiadomo\u015bci lokalne\",\"Samorz\u0105d, polityka\",\"Sport\"],\"inLanguage\":\"pl-PL\",\"potentialAction\":[{\"@type\":\"CommentAction\",\"name\":\"Comment\",\"target\":[\"https:\\\/\\\/www.24gliwice.pl\\\/wiadomosci\\\/3-mln-z-miasta-dla-piasta-a-drugie-tyle-na-nowa-akademie-miasto-odzyska-kontrole-nad-klubem\\\/#respond\"]}]},{\"@type\":\"WebPage\",\"@id\":\"https:\\\/\\\/www.24gliwice.pl\\\/wiadomosci\\\/3-mln-z-miasta-dla-piasta-a-drugie-tyle-na-nowa-akademie-miasto-odzyska-kontrole-nad-klubem\\\/\",\"url\":\"https:\\\/\\\/www.24gliwice.pl\\\/wiadomosci\\\/3-mln-z-miasta-dla-piasta-a-drugie-tyle-na-nowa-akademie-miasto-odzyska-kontrole-nad-klubem\\\/\",\"name\":\"3 mln z miasta dla Piasta, a drugie tyle na now\u0105 akademi\u0119. Miasto odzyska kontrol\u0119 nad klubem? - 24GLIWICE - Portal Gliwice | codziennie nowe informacje\",\"isPartOf\":{\"@id\":\"https:\\\/\\\/www.24gliwice.pl\\\/wiadomosci\\\/#website\"},\"primaryImageOfPage\":{\"@id\":\"https:\\\/\\\/www.24gliwice.pl\\\/wiadomosci\\\/3-mln-z-miasta-dla-piasta-a-drugie-tyle-na-nowa-akademie-miasto-odzyska-kontrole-nad-klubem\\\/#primaryimage\"},\"image\":{\"@id\":\"https:\\\/\\\/www.24gliwice.pl\\\/wiadomosci\\\/3-mln-z-miasta-dla-piasta-a-drugie-tyle-na-nowa-akademie-miasto-odzyska-kontrole-nad-klubem\\\/#primaryimage\"},\"thumbnailUrl\":\"https:\\\/\\\/www.24gliwice.pl\\\/wiadomosci\\\/wp-content\\\/uploads\\\/2019\\\/12\\\/piast.jpg\",\"datePublished\":\"2020-02-04T01:40:53+00:00\",\"dateModified\":\"2024-08-19T23:59:56+00:00\",\"breadcrumb\":{\"@id\":\"https:\\\/\\\/www.24gliwice.pl\\\/wiadomosci\\\/3-mln-z-miasta-dla-piasta-a-drugie-tyle-na-nowa-akademie-miasto-odzyska-kontrole-nad-klubem\\\/#breadcrumb\"},\"inLanguage\":\"pl-PL\",\"potentialAction\":[{\"@type\":\"ReadAction\",\"target\":[\"https:\\\/\\\/www.24gliwice.pl\\\/wiadomosci\\\/3-mln-z-miasta-dla-piasta-a-drugie-tyle-na-nowa-akademie-miasto-odzyska-kontrole-nad-klubem\\\/\"]}]},{\"@type\":\"ImageObject\",\"inLanguage\":\"pl-PL\",\"@id\":\"https:\\\/\\\/www.24gliwice.pl\\\/wiadomosci\\\/3-mln-z-miasta-dla-piasta-a-drugie-tyle-na-nowa-akademie-miasto-odzyska-kontrole-nad-klubem\\\/#primaryimage\",\"url\":\"https:\\\/\\\/www.24gliwice.pl\\\/wiadomosci\\\/wp-content\\\/uploads\\\/2019\\\/12\\\/piast.jpg\",\"contentUrl\":\"https:\\\/\\\/www.24gliwice.pl\\\/wiadomosci\\\/wp-content\\\/uploads\\\/2019\\\/12\\\/piast.jpg\",\"width\":810,\"height\":447,\"caption\":\"piast\"},{\"@type\":\"BreadcrumbList\",\"@id\":\"https:\\\/\\\/www.24gliwice.pl\\\/wiadomosci\\\/3-mln-z-miasta-dla-piasta-a-drugie-tyle-na-nowa-akademie-miasto-odzyska-kontrole-nad-klubem\\\/#breadcrumb\",\"itemListElement\":[{\"@type\":\"ListItem\",\"position\":1,\"name\":\"Strona g\u0142\u00f3wna\",\"item\":\"https:\\\/\\\/www.24gliwice.pl\\\/wiadomosci\\\/\"},{\"@type\":\"ListItem\",\"position\":2,\"name\":\"3 mln z miasta dla Piasta, a drugie tyle na now\u0105 akademi\u0119. Miasto odzyska kontrol\u0119 nad klubem?\"}]},{\"@type\":\"WebSite\",\"@id\":\"https:\\\/\\\/www.24gliwice.pl\\\/wiadomosci\\\/#website\",\"url\":\"https:\\\/\\\/www.24gliwice.pl\\\/wiadomosci\\\/\",\"name\":\"24GLIWICE - Portal Gliwice | codziennie nowe wiadomo\u015bci\",\"description\":\"Portal Miejski Gliwice\",\"publisher\":{\"@id\":\"https:\\\/\\\/www.24gliwice.pl\\\/wiadomosci\\\/#organization\"},\"potentialAction\":[{\"@type\":\"SearchAction\",\"target\":{\"@type\":\"EntryPoint\",\"urlTemplate\":\"https:\\\/\\\/www.24gliwice.pl\\\/wiadomosci\\\/?s={search_term_string}\"},\"query-input\":{\"@type\":\"PropertyValueSpecification\",\"valueRequired\":true,\"valueName\":\"search_term_string\"}}],\"inLanguage\":\"pl-PL\"},{\"@type\":\"Organization\",\"@id\":\"https:\\\/\\\/www.24gliwice.pl\\\/wiadomosci\\\/#organization\",\"name\":\"24gliwice\",\"url\":\"https:\\\/\\\/www.24gliwice.pl\\\/wiadomosci\\\/\",\"logo\":{\"@type\":\"ImageObject\",\"inLanguage\":\"pl-PL\",\"@id\":\"https:\\\/\\\/www.24gliwice.pl\\\/wiadomosci\\\/#\\\/schema\\\/logo\\\/image\\\/\",\"url\":\"https:\\\/\\\/www.24gliwice.pl\\\/wiadomosci\\\/wp-content\\\/uploads\\\/2024\\\/10\\\/24gliwice-logo-696.jpg\",\"contentUrl\":\"https:\\\/\\\/www.24gliwice.pl\\\/wiadomosci\\\/wp-content\\\/uploads\\\/2024\\\/10\\\/24gliwice-logo-696.jpg\",\"width\":696,\"height\":696,\"caption\":\"24gliwice\"},\"image\":{\"@id\":\"https:\\\/\\\/www.24gliwice.pl\\\/wiadomosci\\\/#\\\/schema\\\/logo\\\/image\\\/\"},\"sameAs\":[\"https:\\\/\\\/www.facebook.com\\\/24gliwice\",\"https:\\\/\\\/x.com\\\/24gliwice\",\"https:\\\/\\\/www.youtube.com\\\/@24gliwice\"]},{\"@type\":\"Person\",\"@id\":\"https:\\\/\\\/www.24gliwice.pl\\\/wiadomosci\\\/#\\\/schema\\\/person\\\/940e8f8a097e322de4f463f061ef8d45\",\"name\":\"Micha\u0142 Szewczyk\",\"image\":{\"@type\":\"ImageObject\",\"inLanguage\":\"pl-PL\",\"@id\":\"https:\\\/\\\/secure.gravatar.com\\\/avatar\\\/771b8b6c74cd8d255e46392d605e01a86133900ef09b6ef3c8d451c9d92288cf?s=96&d=mm&r=g\",\"url\":\"https:\\\/\\\/secure.gravatar.com\\\/avatar\\\/771b8b6c74cd8d255e46392d605e01a86133900ef09b6ef3c8d451c9d92288cf?s=96&d=mm&r=g\",\"contentUrl\":\"https:\\\/\\\/secure.gravatar.com\\\/avatar\\\/771b8b6c74cd8d255e46392d605e01a86133900ef09b6ef3c8d451c9d92288cf?s=96&d=mm&r=g\",\"caption\":\"Micha\u0142 Szewczyk\"},\"sameAs\":[\"http:\\\/\\\/www.gazeta-miejska.pl\"],\"url\":\"https:\\\/\\\/www.24gliwice.pl\\\/wiadomosci\\\/author\\\/michal-szewczyk\\\/\"}]}<\/script>\n<!-- \/ Yoast SEO plugin. -->","yoast_head_json":{"title":"3 mln z miasta dla Piasta, a drugie tyle na now\u0105 akademi\u0119. Miasto odzyska kontrol\u0119 nad klubem? - 24GLIWICE - Portal Gliwice | codziennie nowe informacje","robots":{"index":"index","follow":"follow","max-snippet":"max-snippet:-1","max-image-preview":"max-image-preview:large","max-video-preview":"max-video-preview:-1"},"canonical":"https:\/\/www.24gliwice.pl\/wiadomosci\/3-mln-z-miasta-dla-piasta-a-drugie-tyle-na-nowa-akademie-miasto-odzyska-kontrole-nad-klubem\/","og_locale":"pl_PL","og_type":"article","og_title":"3 mln z miasta dla Piasta, a drugie tyle na now\u0105 akademi\u0119. Miasto odzyska kontrol\u0119 nad klubem? - 24GLIWICE - Portal Gliwice | codziennie nowe informacje","og_description":"Miasto og\u0142osi\u0142o kwoty dofinansowania dla klub\u00f3w sportowych. Tradycyjnie najwi\u0119cej otrzyma Piast Gliwice. W tle spraw finansowych pojawiaj\u0105 si\u0119 pytania o oddanie klubu w prywatne r\u0119ce, do czego pierwszym krokiem mog\u0142y by\u0107 zmiany w statucie klubu z wrze\u015bnia ubieg\u0142ego roku. Przypomnijmy, w wyniku wprowadzonych we wrze\u015bniu ubieg\u0142ego roku zmian, miasto utraci\u0142o pe\u0142n\u0105 kontrol\u0119 nad klubem, uzale\u017cniaj\u0105c [&hellip;]","og_url":"https:\/\/www.24gliwice.pl\/wiadomosci\/3-mln-z-miasta-dla-piasta-a-drugie-tyle-na-nowa-akademie-miasto-odzyska-kontrole-nad-klubem\/","og_site_name":"24GLIWICE - Portal Gliwice | codziennie nowe informacje","article_publisher":"https:\/\/www.facebook.com\/24gliwice","article_published_time":"2020-02-04T01:40:53+00:00","article_modified_time":"2024-08-19T23:59:56+00:00","og_image":[{"width":810,"height":447,"url":"https:\/\/www.24gliwice.pl\/wiadomosci\/wp-content\/uploads\/2019\/12\/piast.jpg","type":"image\/jpeg"}],"author":"Micha\u0142 Szewczyk","twitter_card":"summary_large_image","twitter_creator":"@24gliwice","twitter_site":"@24gliwice","twitter_misc":{"Napisane przez":"Micha\u0142 Szewczyk","Szacowany czas czytania":"3 minuty"},"schema":{"@context":"https:\/\/schema.org","@graph":[{"@type":"Article","@id":"https:\/\/www.24gliwice.pl\/wiadomosci\/3-mln-z-miasta-dla-piasta-a-drugie-tyle-na-nowa-akademie-miasto-odzyska-kontrole-nad-klubem\/#article","isPartOf":{"@id":"https:\/\/www.24gliwice.pl\/wiadomosci\/3-mln-z-miasta-dla-piasta-a-drugie-tyle-na-nowa-akademie-miasto-odzyska-kontrole-nad-klubem\/"},"author":{"name":"Micha\u0142 Szewczyk","@id":"https:\/\/www.24gliwice.pl\/wiadomosci\/#\/schema\/person\/940e8f8a097e322de4f463f061ef8d45"},"headline":"3 mln z miasta dla Piasta, a drugie tyle na now\u0105 akademi\u0119. Miasto odzyska kontrol\u0119 nad klubem?","datePublished":"2020-02-04T01:40:53+00:00","dateModified":"2024-08-19T23:59:56+00:00","mainEntityOfPage":{"@id":"https:\/\/www.24gliwice.pl\/wiadomosci\/3-mln-z-miasta-dla-piasta-a-drugie-tyle-na-nowa-akademie-miasto-odzyska-kontrole-nad-klubem\/"},"wordCount":589,"commentCount":0,"publisher":{"@id":"https:\/\/www.24gliwice.pl\/wiadomosci\/#organization"},"image":{"@id":"https:\/\/www.24gliwice.pl\/wiadomosci\/3-mln-z-miasta-dla-piasta-a-drugie-tyle-na-nowa-akademie-miasto-odzyska-kontrole-nad-klubem\/#primaryimage"},"thumbnailUrl":"https:\/\/www.24gliwice.pl\/wiadomosci\/wp-content\/uploads\/2019\/12\/piast.jpg","keywords":["DOFINANSOWANIE","kar-tel","PIAST GLIWICE","sport","zbigniew ka\u0142u\u017ca"],"articleSection":["Gliwice","Najnowsze wiadomo\u015bci","Portal Gliwice - Wiadomo\u015bci lokalne","Samorz\u0105d, polityka","Sport"],"inLanguage":"pl-PL","potentialAction":[{"@type":"CommentAction","name":"Comment","target":["https:\/\/www.24gliwice.pl\/wiadomosci\/3-mln-z-miasta-dla-piasta-a-drugie-tyle-na-nowa-akademie-miasto-odzyska-kontrole-nad-klubem\/#respond"]}]},{"@type":"WebPage","@id":"https:\/\/www.24gliwice.pl\/wiadomosci\/3-mln-z-miasta-dla-piasta-a-drugie-tyle-na-nowa-akademie-miasto-odzyska-kontrole-nad-klubem\/","url":"https:\/\/www.24gliwice.pl\/wiadomosci\/3-mln-z-miasta-dla-piasta-a-drugie-tyle-na-nowa-akademie-miasto-odzyska-kontrole-nad-klubem\/","name":"3 mln z miasta dla Piasta, a drugie tyle na now\u0105 akademi\u0119. Miasto odzyska kontrol\u0119 nad klubem? - 24GLIWICE - Portal Gliwice | codziennie nowe informacje","isPartOf":{"@id":"https:\/\/www.24gliwice.pl\/wiadomosci\/#website"},"primaryImageOfPage":{"@id":"https:\/\/www.24gliwice.pl\/wiadomosci\/3-mln-z-miasta-dla-piasta-a-drugie-tyle-na-nowa-akademie-miasto-odzyska-kontrole-nad-klubem\/#primaryimage"},"image":{"@id":"https:\/\/www.24gliwice.pl\/wiadomosci\/3-mln-z-miasta-dla-piasta-a-drugie-tyle-na-nowa-akademie-miasto-odzyska-kontrole-nad-klubem\/#primaryimage"},"thumbnailUrl":"https:\/\/www.24gliwice.pl\/wiadomosci\/wp-content\/uploads\/2019\/12\/piast.jpg","datePublished":"2020-02-04T01:40:53+00:00","dateModified":"2024-08-19T23:59:56+00:00","breadcrumb":{"@id":"https:\/\/www.24gliwice.pl\/wiadomosci\/3-mln-z-miasta-dla-piasta-a-drugie-tyle-na-nowa-akademie-miasto-odzyska-kontrole-nad-klubem\/#breadcrumb"},"inLanguage":"pl-PL","potentialAction":[{"@type":"ReadAction","target":["https:\/\/www.24gliwice.pl\/wiadomosci\/3-mln-z-miasta-dla-piasta-a-drugie-tyle-na-nowa-akademie-miasto-odzyska-kontrole-nad-klubem\/"]}]},{"@type":"ImageObject","inLanguage":"pl-PL","@id":"https:\/\/www.24gliwice.pl\/wiadomosci\/3-mln-z-miasta-dla-piasta-a-drugie-tyle-na-nowa-akademie-miasto-odzyska-kontrole-nad-klubem\/#primaryimage","url":"https:\/\/www.24gliwice.pl\/wiadomosci\/wp-content\/uploads\/2019\/12\/piast.jpg","contentUrl":"https:\/\/www.24gliwice.pl\/wiadomosci\/wp-content\/uploads\/2019\/12\/piast.jpg","width":810,"height":447,"caption":"piast"},{"@type":"BreadcrumbList","@id":"https:\/\/www.24gliwice.pl\/wiadomosci\/3-mln-z-miasta-dla-piasta-a-drugie-tyle-na-nowa-akademie-miasto-odzyska-kontrole-nad-klubem\/#breadcrumb","itemListElement":[{"@type":"ListItem","position":1,"name":"Strona g\u0142\u00f3wna","item":"https:\/\/www.24gliwice.pl\/wiadomosci\/"},{"@type":"ListItem","position":2,"name":"3 mln z miasta dla Piasta, a drugie tyle na now\u0105 akademi\u0119. Miasto odzyska kontrol\u0119 nad klubem?"}]},{"@type":"WebSite","@id":"https:\/\/www.24gliwice.pl\/wiadomosci\/#website","url":"https:\/\/www.24gliwice.pl\/wiadomosci\/","name":"24GLIWICE - Portal Gliwice | codziennie nowe wiadomo\u015bci","description":"Portal Miejski Gliwice","publisher":{"@id":"https:\/\/www.24gliwice.pl\/wiadomosci\/#organization"},"potentialAction":[{"@type":"SearchAction","target":{"@type":"EntryPoint","urlTemplate":"https:\/\/www.24gliwice.pl\/wiadomosci\/?s={search_term_string}"},"query-input":{"@type":"PropertyValueSpecification","valueRequired":true,"valueName":"search_term_string"}}],"inLanguage":"pl-PL"},{"@type":"Organization","@id":"https:\/\/www.24gliwice.pl\/wiadomosci\/#organization","name":"24gliwice","url":"https:\/\/www.24gliwice.pl\/wiadomosci\/","logo":{"@type":"ImageObject","inLanguage":"pl-PL","@id":"https:\/\/www.24gliwice.pl\/wiadomosci\/#\/schema\/logo\/image\/","url":"https:\/\/www.24gliwice.pl\/wiadomosci\/wp-content\/uploads\/2024\/10\/24gliwice-logo-696.jpg","contentUrl":"https:\/\/www.24gliwice.pl\/wiadomosci\/wp-content\/uploads\/2024\/10\/24gliwice-logo-696.jpg","width":696,"height":696,"caption":"24gliwice"},"image":{"@id":"https:\/\/www.24gliwice.pl\/wiadomosci\/#\/schema\/logo\/image\/"},"sameAs":["https:\/\/www.facebook.com\/24gliwice","https:\/\/x.com\/24gliwice","https:\/\/www.youtube.com\/@24gliwice"]},{"@type":"Person","@id":"https:\/\/www.24gliwice.pl\/wiadomosci\/#\/schema\/person\/940e8f8a097e322de4f463f061ef8d45","name":"Micha\u0142 Szewczyk","image":{"@type":"ImageObject","inLanguage":"pl-PL","@id":"https:\/\/secure.gravatar.com\/avatar\/771b8b6c74cd8d255e46392d605e01a86133900ef09b6ef3c8d451c9d92288cf?s=96&d=mm&r=g","url":"https:\/\/secure.gravatar.com\/avatar\/771b8b6c74cd8d255e46392d605e01a86133900ef09b6ef3c8d451c9d92288cf?s=96&d=mm&r=g","contentUrl":"https:\/\/secure.gravatar.com\/avatar\/771b8b6c74cd8d255e46392d605e01a86133900ef09b6ef3c8d451c9d92288cf?s=96&d=mm&r=g","caption":"Micha\u0142 Szewczyk"},"sameAs":["http:\/\/www.gazeta-miejska.pl"],"url":"https:\/\/www.24gliwice.pl\/wiadomosci\/author\/michal-szewczyk\/"}]}},"_links":{"self":[{"href":"https:\/\/www.24gliwice.pl\/wiadomosci\/wp-json\/wp\/v2\/posts\/147024","targetHints":{"allow":["GET"]}}],"collection":[{"href":"https:\/\/www.24gliwice.pl\/wiadomosci\/wp-json\/wp\/v2\/posts"}],"about":[{"href":"https:\/\/www.24gliwice.pl\/wiadomosci\/wp-json\/wp\/v2\/types\/post"}],"author":[{"embeddable":true,"href":"https:\/\/www.24gliwice.pl\/wiadomosci\/wp-json\/wp\/v2\/users\/12"}],"replies":[{"embeddable":true,"href":"https:\/\/www.24gliwice.pl\/wiadomosci\/wp-json\/wp\/v2\/comments?post=147024"}],"version-history":[{"count":0,"href":"https:\/\/www.24gliwice.pl\/wiadomosci\/wp-json\/wp\/v2\/posts\/147024\/revisions"}],"wp:featuredmedia":[{"embeddable":true,"href":"https:\/\/www.24gliwice.pl\/wiadomosci\/wp-json\/wp\/v2\/media\/145276"}],"wp:attachment":[{"href":"https:\/\/www.24gliwice.pl\/wiadomosci\/wp-json\/wp\/v2\/media?parent=147024"}],"wp:term":[{"taxonomy":"category","embeddable":true,"href":"https:\/\/www.24gliwice.pl\/wiadomosci\/wp-json\/wp\/v2\/categories?post=147024"},{"taxonomy":"post_tag","embeddable":true,"href":"https:\/\/www.24gliwice.pl\/wiadomosci\/wp-json\/wp\/v2\/tags?post=147024"}],"curies":[{"name":"wp","href":"https:\/\/api.w.org\/{rel}","templated":true}]}}