{"id":147403,"date":"2020-02-13T13:03:01","date_gmt":"2020-02-13T12:03:01","guid":{"rendered":"https:\/\/www.24gliwice.pl\/wiadomosci\/?p=147403"},"modified":"2020-02-18T18:40:22","modified_gmt":"2020-02-18T17:40:22","slug":"utrudnienia-zwiazane-z-budowa-obwodnicy-zmiana-organizacji-ruchu-i-wahadlo-na-ulicy-daszynskiego","status":"publish","type":"post","link":"https:\/\/www.24gliwice.pl\/wiadomosci\/utrudnienia-zwiazane-z-budowa-obwodnicy-zmiana-organizacji-ruchu-i-wahadlo-na-ulicy-daszynskiego\/","title":{"rendered":"Utrudnienia zwi\u0105zane z budow\u0105 obwodnicy. Zmiana organizacji ruchu i wahad\u0142o na ulicy Daszy\u0144skiego"},"content":{"rendered":"<div class=\"gliwi-a6-nad-leadem-artykulow gliwi-entity-placement\" id=\"gliwi-3120416406\"><div class=\"gliwi-adlabel\"><span style=\"font-size: 9px\">REKLAMA<\/span><\/div><div id=\"gliwi-1479694174\" style=\"margin-bottom: 25px;margin-left: auto;margin-right: auto;text-align: center;\"><a data-no-instant=\"1\" href=\"https:\/\/dom100.eu\/\" rel=\"noopener\" class=\"a2t-link\" target=\"_blank\" aria-label=\"20260415 DOM100 D\"><img loading=\"lazy\" decoding=\"async\" src=\"https:\/\/www.24gliwice.pl\/wiadomosci\/wp-content\/uploads\/2026\/04\/20260415-DOM100-D.jpg\" alt=\"\"  srcset=\"https:\/\/www.24gliwice.pl\/wiadomosci\/wp-content\/uploads\/2026\/04\/20260415-DOM100-D.jpg 750w, https:\/\/www.24gliwice.pl\/wiadomosci\/wp-content\/uploads\/2026\/04\/20260415-DOM100-D-410x109.jpg 410w\" sizes=\"(max-width: 750px) 100vw, 750px\" class=\"no-lazyload\" width=\"750\" height=\"200\"  style=\"display: inline-block; max-width: 100%; height: auto;\" \/><\/a><\/div><\/div><h3>Trwaj\u0105 prace przy budowie obwodnicy zachodniej. Za drogowcami m.in. roboty ziemne w rejonie ulic Daszy\u0144skiego i W\u00f3jtowskiej, zwi\u0105zane z przygotowaniem podbudowy pod przysz\u0142\u0105 tras\u0119 oraz prace brukarskie na wyspach dziel\u0105cych i powierzchniach przejezdnych w rejonie skrzy\u017cowania z ul. Ku Do\u0142om.<\/h3>\n<p>To nie wszystko \u2013 w toku jest tak\u017ce budowa konstrukcji pod ekrany akustyczne, kontynuowane s\u0105 prace przy umacnianiu rowu wzd\u0142u\u017c drogi serwisowej, a na ul. Rybnickiej uk\u0142adana jest podbudowa z kruszywa na przysz\u0142ej drodze rowerowej.<\/p>\n<h3>Drogowcy zapowiadaj\u0105, \u017ce na czas prowadzonych tam prac, ruch na wylot\u00f3wce z miasta nie zostanie zamkni\u0119ty. Kierowcy pojad\u0105 powsta\u0142ym ju\u017c by-passem drogi wzd\u0142u\u017c ul. Rybnickiej.<\/h3>\n<p>W najbli\u017cszych dniach planowane jest rozpocz\u0119cie rob\u00f3t zwi\u0105zanych z budow\u0105 w\u0142\u0105czenia zachodniej obwodnicy miasta do ul. Daszy\u0144skiego. W zwi\u0105zku z tym wprowadzono tymczasow\u0105 organizacj\u0119 ruchu i wahad\u0142o na oko\u0142o 200-metrowym odcinku ul. Daszy\u0144skiego. O sporych, ju\u017c powstaj\u0105cych utrudnieniach informuj\u0105 nas kierowcy korzystaj\u0105cy z ul. Daszy\u0144skiego.<\/p><div class=\"gliwi-a3-w-tresci-artykulow gliwi-entity-placement\" id=\"gliwi-3760584511\"><div class=\"gliwi-adlabel\"><span style=\"font-size: 9px\">REKLAMA<\/span><\/div><div id=\"gliwi-4183143724\" style=\"margin-bottom: 30px;margin-left: auto;margin-right: auto;text-align: center;\"><a data-no-instant=\"1\" href=\"https:\/\/ogrodyandersa.pl\/\" rel=\"noopener\" class=\"a2t-link\" target=\"_blank\" aria-label=\"20260415 Ogrody Andersa KUP TERAZ D\"><img loading=\"lazy\" decoding=\"async\" src=\"https:\/\/www.24gliwice.pl\/wiadomosci\/wp-content\/uploads\/2026\/04\/20260415-Ogrody-Andersa-KUP-TERAZ-D.jpg\" alt=\"\"  srcset=\"https:\/\/www.24gliwice.pl\/wiadomosci\/wp-content\/uploads\/2026\/04\/20260415-Ogrody-Andersa-KUP-TERAZ-D.jpg 750w, https:\/\/www.24gliwice.pl\/wiadomosci\/wp-content\/uploads\/2026\/04\/20260415-Ogrody-Andersa-KUP-TERAZ-D-410x109.jpg 410w\" sizes=\"(max-width: 750px) 100vw, 750px\" class=\"no-lazyload\" width=\"750\" height=\"200\"  style=\"display: inline-block; max-width: 100%; height: auto;\" \/><\/a><\/div><\/div>\n<p>Przypomnijmy &#8211; budowany odcinek zachodniej obwodnicy miasta od ul. Rybnickiej do Daszy\u0144skiego b\u0119dzie mia\u0142 jedn\u0105 jezdni\u0119 z dwoma pasami ruchu. Powstanie tak\u017ce infrastruktura dla pieszych i rowerzyst\u00f3w. Droga b\u0119dzie o\u015bwietlona i wyposa\u017cona w tablice zmiennej tre\u015bci. Budow\u0119 realizuje konsorcjum firm Eurovia Polska i PRUIM za kwot\u0119 oko\u0142o 82,6 mln z\u0142.<\/p>\n<p>Inwestycja powstaje dzi\u0119ki unijnemu wsparciu. 85% dofinansowania uzyskano w ramach Programu Operacyjnego Infrastruktura i \u015arodowisko na lata 2014\u20132020 (Dzia\u0142anie 4.2: Zwi\u0119kszenie dost\u0119pno\u015bci transportowej o\u015brodk\u00f3w miejskich le\u017c\u0105cych poza sieci\u0105 drogow\u0105 TEN-T i odci\u0105\u017cenie miast od nadmiernego ruchu drogowego).<\/p>\n<p>(\u017cms)\/MSI<br \/>\nfot. arch. ZDM Gliwice<\/p>\n<div class=\"gliwi-a5-na-koncu-artykulow gliwi-entity-placement\" id=\"gliwi-1772403091\"><div class=\"gliwi-adlabel\"><span style=\"font-size: 9px\">REKLAMA<\/span><\/div><div id=\"gliwi-2493540092\" style=\"margin-left: auto;margin-right: auto;text-align: center;\"><a data-no-instant=\"1\" href=\"https:\/\/prezeroarenagliwice.pl\/\" rel=\"noopener\" class=\"a2t-link\" target=\"_blank\" aria-label=\"20260309-PREZERO-WIOSNA-D\"><img loading=\"lazy\" decoding=\"async\" src=\"https:\/\/www.24gliwice.pl\/wiadomosci\/wp-content\/uploads\/2026\/03\/20260309-PREZERO-WIOSNA-D.webp\" alt=\"\"  srcset=\"https:\/\/www.24gliwice.pl\/wiadomosci\/wp-content\/uploads\/2026\/03\/20260309-PREZERO-WIOSNA-D.webp 750w, https:\/\/www.24gliwice.pl\/wiadomosci\/wp-content\/uploads\/2026\/03\/20260309-PREZERO-WIOSNA-D-410x109.webp 410w\" sizes=\"(max-width: 750px) 100vw, 750px\" class=\"no-lazyload\" width=\"750\" height=\"200\"  style=\"display: inline-block; max-width: 100%; height: auto;\" \/><\/a><\/div><\/div>","protected":false},"excerpt":{"rendered":"<p>Trwaj\u0105 prace przy budowie obwodnicy zachodniej. Za drogowcami m.in. roboty ziemne w rejonie ulic Daszy\u0144skiego i W\u00f3jtowskiej, zwi\u0105zane z przygotowaniem podbudowy pod przysz\u0142\u0105 tras\u0119 oraz prace brukarskie na wyspach dziel\u0105cych i powierzchniach przejezdnych w rejonie skrzy\u017cowania z ul. Ku Do\u0142om. To nie wszystko \u2013 w toku jest tak\u017ce budowa konstrukcji pod ekrany akustyczne, kontynuowane s\u0105 [&hellip;]<\/p>\n","protected":false},"author":15,"featured_media":147408,"comment_status":"open","ping_status":"closed","sticky":false,"template":"","format":"standard","meta":{"_monsterinsights_skip_tracking":false,"_monsterinsights_sitenote_active":false,"_monsterinsights_sitenote_note":"","_monsterinsights_sitenote_category":0,"footnotes":"","_links_to":"","_links_to_target":""},"categories":[3,1],"tags":[8331,14434,11334,8658,9436],"class_list":["post-147403","post","type-post","status-publish","format-standard","has-post-thumbnail","hentry","category-gliwice","category-wszystko","tag-droga","tag-konsorcjum","tag-obwodnica-zachodnia","tag-zachodnia-obwodnica","tag-zmiana-organizacji-ruchu"],"yoast_head":"<!-- This site is optimized with the Yoast SEO plugin v27.5 - https:\/\/yoast.com\/product\/yoast-seo-wordpress\/ -->\n<title>Utrudnienia zwi\u0105zane z budow\u0105 obwodnicy. Zmiana organizacji ruchu i wahad\u0142o na ulicy Daszy\u0144skiego - 24GLIWICE - Portal Gliwice | codziennie nowe informacje<\/title>\n<meta name=\"robots\" content=\"index, follow, max-snippet:-1, max-image-preview:large, max-video-preview:-1\" \/>\n<link rel=\"canonical\" href=\"https:\/\/www.24gliwice.pl\/wiadomosci\/utrudnienia-zwiazane-z-budowa-obwodnicy-zmiana-organizacji-ruchu-i-wahadlo-na-ulicy-daszynskiego\/\" \/>\n<meta property=\"og:locale\" content=\"pl_PL\" \/>\n<meta property=\"og:type\" content=\"article\" \/>\n<meta property=\"og:title\" content=\"Utrudnienia zwi\u0105zane z budow\u0105 obwodnicy. Zmiana organizacji ruchu i wahad\u0142o na ulicy Daszy\u0144skiego - 24GLIWICE - Portal Gliwice | codziennie nowe informacje\" \/>\n<meta property=\"og:description\" content=\"Trwaj\u0105 prace przy budowie obwodnicy zachodniej. Za drogowcami m.in. roboty ziemne w rejonie ulic Daszy\u0144skiego i W\u00f3jtowskiej, zwi\u0105zane z przygotowaniem podbudowy pod przysz\u0142\u0105 tras\u0119 oraz prace brukarskie na wyspach dziel\u0105cych i powierzchniach przejezdnych w rejonie skrzy\u017cowania z ul. Ku Do\u0142om. To nie wszystko \u2013 w toku jest tak\u017ce budowa konstrukcji pod ekrany akustyczne, kontynuowane s\u0105 [&hellip;]\" \/>\n<meta property=\"og:url\" content=\"https:\/\/www.24gliwice.pl\/wiadomosci\/utrudnienia-zwiazane-z-budowa-obwodnicy-zmiana-organizacji-ruchu-i-wahadlo-na-ulicy-daszynskiego\/\" \/>\n<meta property=\"og:site_name\" content=\"24GLIWICE - Portal Gliwice | codziennie nowe informacje\" \/>\n<meta property=\"article:publisher\" content=\"https:\/\/www.facebook.com\/24gliwice\" \/>\n<meta property=\"article:published_time\" content=\"2020-02-13T12:03:01+00:00\" \/>\n<meta property=\"article:modified_time\" content=\"2020-02-18T17:40:22+00:00\" \/>\n<meta property=\"og:image\" content=\"https:\/\/www.24gliwice.pl\/wiadomosci\/wp-content\/uploads\/2020\/02\/obwodnica-zachodnia.jpg\" \/>\n\t<meta property=\"og:image:width\" content=\"880\" \/>\n\t<meta property=\"og:image:height\" content=\"495\" \/>\n\t<meta property=\"og:image:type\" content=\"image\/jpeg\" \/>\n<meta name=\"author\" content=\"\u017baneta Mrozek-Siewierska\" \/>\n<meta name=\"twitter:card\" content=\"summary_large_image\" \/>\n<meta name=\"twitter:creator\" content=\"@24gliwice\" \/>\n<meta name=\"twitter:site\" content=\"@24gliwice\" \/>\n<meta name=\"twitter:label1\" content=\"Napisane przez\" \/>\n\t<meta name=\"twitter:data1\" content=\"\u017baneta Mrozek-Siewierska\" \/>\n\t<meta name=\"twitter:label2\" content=\"Szacowany czas czytania\" \/>\n\t<meta name=\"twitter:data2\" content=\"1 minuta\" \/>\n<script type=\"application\/ld+json\" class=\"yoast-schema-graph\">{\"@context\":\"https:\\\/\\\/schema.org\",\"@graph\":[{\"@type\":\"Article\",\"@id\":\"https:\\\/\\\/www.24gliwice.pl\\\/wiadomosci\\\/utrudnienia-zwiazane-z-budowa-obwodnicy-zmiana-organizacji-ruchu-i-wahadlo-na-ulicy-daszynskiego\\\/#article\",\"isPartOf\":{\"@id\":\"https:\\\/\\\/www.24gliwice.pl\\\/wiadomosci\\\/utrudnienia-zwiazane-z-budowa-obwodnicy-zmiana-organizacji-ruchu-i-wahadlo-na-ulicy-daszynskiego\\\/\"},\"author\":{\"name\":\"\u017baneta Mrozek-Siewierska\",\"@id\":\"https:\\\/\\\/www.24gliwice.pl\\\/wiadomosci\\\/#\\\/schema\\\/person\\\/e42c650edd7f2fa332be3811fb166b6e\"},\"headline\":\"Utrudnienia zwi\u0105zane z budow\u0105 obwodnicy. Zmiana organizacji ruchu i wahad\u0142o na ulicy Daszy\u0144skiego\",\"datePublished\":\"2020-02-13T12:03:01+00:00\",\"dateModified\":\"2020-02-18T17:40:22+00:00\",\"mainEntityOfPage\":{\"@id\":\"https:\\\/\\\/www.24gliwice.pl\\\/wiadomosci\\\/utrudnienia-zwiazane-z-budowa-obwodnicy-zmiana-organizacji-ruchu-i-wahadlo-na-ulicy-daszynskiego\\\/\"},\"wordCount\":295,\"commentCount\":0,\"publisher\":{\"@id\":\"https:\\\/\\\/www.24gliwice.pl\\\/wiadomosci\\\/#organization\"},\"image\":{\"@id\":\"https:\\\/\\\/www.24gliwice.pl\\\/wiadomosci\\\/utrudnienia-zwiazane-z-budowa-obwodnicy-zmiana-organizacji-ruchu-i-wahadlo-na-ulicy-daszynskiego\\\/#primaryimage\"},\"thumbnailUrl\":\"https:\\\/\\\/www.24gliwice.pl\\\/wiadomosci\\\/wp-content\\\/uploads\\\/2020\\\/02\\\/obwodnica-zachodnia.jpg\",\"keywords\":[\"droga\",\"konsorcjum\",\"OBWODNICA ZACHODNIA\",\"zachodnia obwodnica\",\"ZMIANA ORGANIZACJI RUCHU\"],\"articleSection\":[\"Gliwice\",\"Najnowsze wiadomo\u015bci\"],\"inLanguage\":\"pl-PL\",\"potentialAction\":[{\"@type\":\"CommentAction\",\"name\":\"Comment\",\"target\":[\"https:\\\/\\\/www.24gliwice.pl\\\/wiadomosci\\\/utrudnienia-zwiazane-z-budowa-obwodnicy-zmiana-organizacji-ruchu-i-wahadlo-na-ulicy-daszynskiego\\\/#respond\"]}]},{\"@type\":\"WebPage\",\"@id\":\"https:\\\/\\\/www.24gliwice.pl\\\/wiadomosci\\\/utrudnienia-zwiazane-z-budowa-obwodnicy-zmiana-organizacji-ruchu-i-wahadlo-na-ulicy-daszynskiego\\\/\",\"url\":\"https:\\\/\\\/www.24gliwice.pl\\\/wiadomosci\\\/utrudnienia-zwiazane-z-budowa-obwodnicy-zmiana-organizacji-ruchu-i-wahadlo-na-ulicy-daszynskiego\\\/\",\"name\":\"Utrudnienia zwi\u0105zane z budow\u0105 obwodnicy. Zmiana organizacji ruchu i wahad\u0142o na ulicy Daszy\u0144skiego - 24GLIWICE - Portal Gliwice | codziennie nowe informacje\",\"isPartOf\":{\"@id\":\"https:\\\/\\\/www.24gliwice.pl\\\/wiadomosci\\\/#website\"},\"primaryImageOfPage\":{\"@id\":\"https:\\\/\\\/www.24gliwice.pl\\\/wiadomosci\\\/utrudnienia-zwiazane-z-budowa-obwodnicy-zmiana-organizacji-ruchu-i-wahadlo-na-ulicy-daszynskiego\\\/#primaryimage\"},\"image\":{\"@id\":\"https:\\\/\\\/www.24gliwice.pl\\\/wiadomosci\\\/utrudnienia-zwiazane-z-budowa-obwodnicy-zmiana-organizacji-ruchu-i-wahadlo-na-ulicy-daszynskiego\\\/#primaryimage\"},\"thumbnailUrl\":\"https:\\\/\\\/www.24gliwice.pl\\\/wiadomosci\\\/wp-content\\\/uploads\\\/2020\\\/02\\\/obwodnica-zachodnia.jpg\",\"datePublished\":\"2020-02-13T12:03:01+00:00\",\"dateModified\":\"2020-02-18T17:40:22+00:00\",\"breadcrumb\":{\"@id\":\"https:\\\/\\\/www.24gliwice.pl\\\/wiadomosci\\\/utrudnienia-zwiazane-z-budowa-obwodnicy-zmiana-organizacji-ruchu-i-wahadlo-na-ulicy-daszynskiego\\\/#breadcrumb\"},\"inLanguage\":\"pl-PL\",\"potentialAction\":[{\"@type\":\"ReadAction\",\"target\":[\"https:\\\/\\\/www.24gliwice.pl\\\/wiadomosci\\\/utrudnienia-zwiazane-z-budowa-obwodnicy-zmiana-organizacji-ruchu-i-wahadlo-na-ulicy-daszynskiego\\\/\"]}]},{\"@type\":\"ImageObject\",\"inLanguage\":\"pl-PL\",\"@id\":\"https:\\\/\\\/www.24gliwice.pl\\\/wiadomosci\\\/utrudnienia-zwiazane-z-budowa-obwodnicy-zmiana-organizacji-ruchu-i-wahadlo-na-ulicy-daszynskiego\\\/#primaryimage\",\"url\":\"https:\\\/\\\/www.24gliwice.pl\\\/wiadomosci\\\/wp-content\\\/uploads\\\/2020\\\/02\\\/obwodnica-zachodnia.jpg\",\"contentUrl\":\"https:\\\/\\\/www.24gliwice.pl\\\/wiadomosci\\\/wp-content\\\/uploads\\\/2020\\\/02\\\/obwodnica-zachodnia.jpg\",\"width\":880,\"height\":495},{\"@type\":\"BreadcrumbList\",\"@id\":\"https:\\\/\\\/www.24gliwice.pl\\\/wiadomosci\\\/utrudnienia-zwiazane-z-budowa-obwodnicy-zmiana-organizacji-ruchu-i-wahadlo-na-ulicy-daszynskiego\\\/#breadcrumb\",\"itemListElement\":[{\"@type\":\"ListItem\",\"position\":1,\"name\":\"Strona g\u0142\u00f3wna\",\"item\":\"https:\\\/\\\/www.24gliwice.pl\\\/wiadomosci\\\/\"},{\"@type\":\"ListItem\",\"position\":2,\"name\":\"Utrudnienia zwi\u0105zane z budow\u0105 obwodnicy. Zmiana organizacji ruchu i wahad\u0142o na ulicy Daszy\u0144skiego\"}]},{\"@type\":\"WebSite\",\"@id\":\"https:\\\/\\\/www.24gliwice.pl\\\/wiadomosci\\\/#website\",\"url\":\"https:\\\/\\\/www.24gliwice.pl\\\/wiadomosci\\\/\",\"name\":\"24GLIWICE - Portal Gliwice | codziennie nowe wiadomo\u015bci\",\"description\":\"Portal Miejski Gliwice\",\"publisher\":{\"@id\":\"https:\\\/\\\/www.24gliwice.pl\\\/wiadomosci\\\/#organization\"},\"potentialAction\":[{\"@type\":\"SearchAction\",\"target\":{\"@type\":\"EntryPoint\",\"urlTemplate\":\"https:\\\/\\\/www.24gliwice.pl\\\/wiadomosci\\\/?s={search_term_string}\"},\"query-input\":{\"@type\":\"PropertyValueSpecification\",\"valueRequired\":true,\"valueName\":\"search_term_string\"}}],\"inLanguage\":\"pl-PL\"},{\"@type\":\"Organization\",\"@id\":\"https:\\\/\\\/www.24gliwice.pl\\\/wiadomosci\\\/#organization\",\"name\":\"24gliwice\",\"url\":\"https:\\\/\\\/www.24gliwice.pl\\\/wiadomosci\\\/\",\"logo\":{\"@type\":\"ImageObject\",\"inLanguage\":\"pl-PL\",\"@id\":\"https:\\\/\\\/www.24gliwice.pl\\\/wiadomosci\\\/#\\\/schema\\\/logo\\\/image\\\/\",\"url\":\"https:\\\/\\\/www.24gliwice.pl\\\/wiadomosci\\\/wp-content\\\/uploads\\\/2024\\\/10\\\/24gliwice-logo-696.jpg\",\"contentUrl\":\"https:\\\/\\\/www.24gliwice.pl\\\/wiadomosci\\\/wp-content\\\/uploads\\\/2024\\\/10\\\/24gliwice-logo-696.jpg\",\"width\":696,\"height\":696,\"caption\":\"24gliwice\"},\"image\":{\"@id\":\"https:\\\/\\\/www.24gliwice.pl\\\/wiadomosci\\\/#\\\/schema\\\/logo\\\/image\\\/\"},\"sameAs\":[\"https:\\\/\\\/www.facebook.com\\\/24gliwice\",\"https:\\\/\\\/x.com\\\/24gliwice\",\"https:\\\/\\\/www.youtube.com\\\/@24gliwice\"]},{\"@type\":\"Person\",\"@id\":\"https:\\\/\\\/www.24gliwice.pl\\\/wiadomosci\\\/#\\\/schema\\\/person\\\/e42c650edd7f2fa332be3811fb166b6e\",\"name\":\"\u017baneta Mrozek-Siewierska\",\"image\":{\"@type\":\"ImageObject\",\"inLanguage\":\"pl-PL\",\"@id\":\"https:\\\/\\\/secure.gravatar.com\\\/avatar\\\/1881429e9c64597c77ad7aef2d0a19be69a3253e57534d16aa15bf3a4d34a0a3?s=96&d=mm&r=g\",\"url\":\"https:\\\/\\\/secure.gravatar.com\\\/avatar\\\/1881429e9c64597c77ad7aef2d0a19be69a3253e57534d16aa15bf3a4d34a0a3?s=96&d=mm&r=g\",\"contentUrl\":\"https:\\\/\\\/secure.gravatar.com\\\/avatar\\\/1881429e9c64597c77ad7aef2d0a19be69a3253e57534d16aa15bf3a4d34a0a3?s=96&d=mm&r=g\",\"caption\":\"\u017baneta Mrozek-Siewierska\"},\"url\":\"https:\\\/\\\/www.24gliwice.pl\\\/wiadomosci\\\/author\\\/zms\\\/\"}]}<\/script>\n<!-- \/ Yoast SEO plugin. -->","yoast_head_json":{"title":"Utrudnienia zwi\u0105zane z budow\u0105 obwodnicy. Zmiana organizacji ruchu i wahad\u0142o na ulicy Daszy\u0144skiego - 24GLIWICE - Portal Gliwice | codziennie nowe informacje","robots":{"index":"index","follow":"follow","max-snippet":"max-snippet:-1","max-image-preview":"max-image-preview:large","max-video-preview":"max-video-preview:-1"},"canonical":"https:\/\/www.24gliwice.pl\/wiadomosci\/utrudnienia-zwiazane-z-budowa-obwodnicy-zmiana-organizacji-ruchu-i-wahadlo-na-ulicy-daszynskiego\/","og_locale":"pl_PL","og_type":"article","og_title":"Utrudnienia zwi\u0105zane z budow\u0105 obwodnicy. Zmiana organizacji ruchu i wahad\u0142o na ulicy Daszy\u0144skiego - 24GLIWICE - Portal Gliwice | codziennie nowe informacje","og_description":"Trwaj\u0105 prace przy budowie obwodnicy zachodniej. Za drogowcami m.in. roboty ziemne w rejonie ulic Daszy\u0144skiego i W\u00f3jtowskiej, zwi\u0105zane z przygotowaniem podbudowy pod przysz\u0142\u0105 tras\u0119 oraz prace brukarskie na wyspach dziel\u0105cych i powierzchniach przejezdnych w rejonie skrzy\u017cowania z ul. Ku Do\u0142om. To nie wszystko \u2013 w toku jest tak\u017ce budowa konstrukcji pod ekrany akustyczne, kontynuowane s\u0105 [&hellip;]","og_url":"https:\/\/www.24gliwice.pl\/wiadomosci\/utrudnienia-zwiazane-z-budowa-obwodnicy-zmiana-organizacji-ruchu-i-wahadlo-na-ulicy-daszynskiego\/","og_site_name":"24GLIWICE - Portal Gliwice | codziennie nowe informacje","article_publisher":"https:\/\/www.facebook.com\/24gliwice","article_published_time":"2020-02-13T12:03:01+00:00","article_modified_time":"2020-02-18T17:40:22+00:00","og_image":[{"width":880,"height":495,"url":"https:\/\/www.24gliwice.pl\/wiadomosci\/wp-content\/uploads\/2020\/02\/obwodnica-zachodnia.jpg","type":"image\/jpeg"}],"author":"\u017baneta Mrozek-Siewierska","twitter_card":"summary_large_image","twitter_creator":"@24gliwice","twitter_site":"@24gliwice","twitter_misc":{"Napisane przez":"\u017baneta Mrozek-Siewierska","Szacowany czas czytania":"1 minuta"},"schema":{"@context":"https:\/\/schema.org","@graph":[{"@type":"Article","@id":"https:\/\/www.24gliwice.pl\/wiadomosci\/utrudnienia-zwiazane-z-budowa-obwodnicy-zmiana-organizacji-ruchu-i-wahadlo-na-ulicy-daszynskiego\/#article","isPartOf":{"@id":"https:\/\/www.24gliwice.pl\/wiadomosci\/utrudnienia-zwiazane-z-budowa-obwodnicy-zmiana-organizacji-ruchu-i-wahadlo-na-ulicy-daszynskiego\/"},"author":{"name":"\u017baneta Mrozek-Siewierska","@id":"https:\/\/www.24gliwice.pl\/wiadomosci\/#\/schema\/person\/e42c650edd7f2fa332be3811fb166b6e"},"headline":"Utrudnienia zwi\u0105zane z budow\u0105 obwodnicy. Zmiana organizacji ruchu i wahad\u0142o na ulicy Daszy\u0144skiego","datePublished":"2020-02-13T12:03:01+00:00","dateModified":"2020-02-18T17:40:22+00:00","mainEntityOfPage":{"@id":"https:\/\/www.24gliwice.pl\/wiadomosci\/utrudnienia-zwiazane-z-budowa-obwodnicy-zmiana-organizacji-ruchu-i-wahadlo-na-ulicy-daszynskiego\/"},"wordCount":295,"commentCount":0,"publisher":{"@id":"https:\/\/www.24gliwice.pl\/wiadomosci\/#organization"},"image":{"@id":"https:\/\/www.24gliwice.pl\/wiadomosci\/utrudnienia-zwiazane-z-budowa-obwodnicy-zmiana-organizacji-ruchu-i-wahadlo-na-ulicy-daszynskiego\/#primaryimage"},"thumbnailUrl":"https:\/\/www.24gliwice.pl\/wiadomosci\/wp-content\/uploads\/2020\/02\/obwodnica-zachodnia.jpg","keywords":["droga","konsorcjum","OBWODNICA ZACHODNIA","zachodnia obwodnica","ZMIANA ORGANIZACJI RUCHU"],"articleSection":["Gliwice","Najnowsze wiadomo\u015bci"],"inLanguage":"pl-PL","potentialAction":[{"@type":"CommentAction","name":"Comment","target":["https:\/\/www.24gliwice.pl\/wiadomosci\/utrudnienia-zwiazane-z-budowa-obwodnicy-zmiana-organizacji-ruchu-i-wahadlo-na-ulicy-daszynskiego\/#respond"]}]},{"@type":"WebPage","@id":"https:\/\/www.24gliwice.pl\/wiadomosci\/utrudnienia-zwiazane-z-budowa-obwodnicy-zmiana-organizacji-ruchu-i-wahadlo-na-ulicy-daszynskiego\/","url":"https:\/\/www.24gliwice.pl\/wiadomosci\/utrudnienia-zwiazane-z-budowa-obwodnicy-zmiana-organizacji-ruchu-i-wahadlo-na-ulicy-daszynskiego\/","name":"Utrudnienia zwi\u0105zane z budow\u0105 obwodnicy. Zmiana organizacji ruchu i wahad\u0142o na ulicy Daszy\u0144skiego - 24GLIWICE - Portal Gliwice | codziennie nowe informacje","isPartOf":{"@id":"https:\/\/www.24gliwice.pl\/wiadomosci\/#website"},"primaryImageOfPage":{"@id":"https:\/\/www.24gliwice.pl\/wiadomosci\/utrudnienia-zwiazane-z-budowa-obwodnicy-zmiana-organizacji-ruchu-i-wahadlo-na-ulicy-daszynskiego\/#primaryimage"},"image":{"@id":"https:\/\/www.24gliwice.pl\/wiadomosci\/utrudnienia-zwiazane-z-budowa-obwodnicy-zmiana-organizacji-ruchu-i-wahadlo-na-ulicy-daszynskiego\/#primaryimage"},"thumbnailUrl":"https:\/\/www.24gliwice.pl\/wiadomosci\/wp-content\/uploads\/2020\/02\/obwodnica-zachodnia.jpg","datePublished":"2020-02-13T12:03:01+00:00","dateModified":"2020-02-18T17:40:22+00:00","breadcrumb":{"@id":"https:\/\/www.24gliwice.pl\/wiadomosci\/utrudnienia-zwiazane-z-budowa-obwodnicy-zmiana-organizacji-ruchu-i-wahadlo-na-ulicy-daszynskiego\/#breadcrumb"},"inLanguage":"pl-PL","potentialAction":[{"@type":"ReadAction","target":["https:\/\/www.24gliwice.pl\/wiadomosci\/utrudnienia-zwiazane-z-budowa-obwodnicy-zmiana-organizacji-ruchu-i-wahadlo-na-ulicy-daszynskiego\/"]}]},{"@type":"ImageObject","inLanguage":"pl-PL","@id":"https:\/\/www.24gliwice.pl\/wiadomosci\/utrudnienia-zwiazane-z-budowa-obwodnicy-zmiana-organizacji-ruchu-i-wahadlo-na-ulicy-daszynskiego\/#primaryimage","url":"https:\/\/www.24gliwice.pl\/wiadomosci\/wp-content\/uploads\/2020\/02\/obwodnica-zachodnia.jpg","contentUrl":"https:\/\/www.24gliwice.pl\/wiadomosci\/wp-content\/uploads\/2020\/02\/obwodnica-zachodnia.jpg","width":880,"height":495},{"@type":"BreadcrumbList","@id":"https:\/\/www.24gliwice.pl\/wiadomosci\/utrudnienia-zwiazane-z-budowa-obwodnicy-zmiana-organizacji-ruchu-i-wahadlo-na-ulicy-daszynskiego\/#breadcrumb","itemListElement":[{"@type":"ListItem","position":1,"name":"Strona g\u0142\u00f3wna","item":"https:\/\/www.24gliwice.pl\/wiadomosci\/"},{"@type":"ListItem","position":2,"name":"Utrudnienia zwi\u0105zane z budow\u0105 obwodnicy. Zmiana organizacji ruchu i wahad\u0142o na ulicy Daszy\u0144skiego"}]},{"@type":"WebSite","@id":"https:\/\/www.24gliwice.pl\/wiadomosci\/#website","url":"https:\/\/www.24gliwice.pl\/wiadomosci\/","name":"24GLIWICE - Portal Gliwice | codziennie nowe wiadomo\u015bci","description":"Portal Miejski Gliwice","publisher":{"@id":"https:\/\/www.24gliwice.pl\/wiadomosci\/#organization"},"potentialAction":[{"@type":"SearchAction","target":{"@type":"EntryPoint","urlTemplate":"https:\/\/www.24gliwice.pl\/wiadomosci\/?s={search_term_string}"},"query-input":{"@type":"PropertyValueSpecification","valueRequired":true,"valueName":"search_term_string"}}],"inLanguage":"pl-PL"},{"@type":"Organization","@id":"https:\/\/www.24gliwice.pl\/wiadomosci\/#organization","name":"24gliwice","url":"https:\/\/www.24gliwice.pl\/wiadomosci\/","logo":{"@type":"ImageObject","inLanguage":"pl-PL","@id":"https:\/\/www.24gliwice.pl\/wiadomosci\/#\/schema\/logo\/image\/","url":"https:\/\/www.24gliwice.pl\/wiadomosci\/wp-content\/uploads\/2024\/10\/24gliwice-logo-696.jpg","contentUrl":"https:\/\/www.24gliwice.pl\/wiadomosci\/wp-content\/uploads\/2024\/10\/24gliwice-logo-696.jpg","width":696,"height":696,"caption":"24gliwice"},"image":{"@id":"https:\/\/www.24gliwice.pl\/wiadomosci\/#\/schema\/logo\/image\/"},"sameAs":["https:\/\/www.facebook.com\/24gliwice","https:\/\/x.com\/24gliwice","https:\/\/www.youtube.com\/@24gliwice"]},{"@type":"Person","@id":"https:\/\/www.24gliwice.pl\/wiadomosci\/#\/schema\/person\/e42c650edd7f2fa332be3811fb166b6e","name":"\u017baneta Mrozek-Siewierska","image":{"@type":"ImageObject","inLanguage":"pl-PL","@id":"https:\/\/secure.gravatar.com\/avatar\/1881429e9c64597c77ad7aef2d0a19be69a3253e57534d16aa15bf3a4d34a0a3?s=96&d=mm&r=g","url":"https:\/\/secure.gravatar.com\/avatar\/1881429e9c64597c77ad7aef2d0a19be69a3253e57534d16aa15bf3a4d34a0a3?s=96&d=mm&r=g","contentUrl":"https:\/\/secure.gravatar.com\/avatar\/1881429e9c64597c77ad7aef2d0a19be69a3253e57534d16aa15bf3a4d34a0a3?s=96&d=mm&r=g","caption":"\u017baneta Mrozek-Siewierska"},"url":"https:\/\/www.24gliwice.pl\/wiadomosci\/author\/zms\/"}]}},"_links":{"self":[{"href":"https:\/\/www.24gliwice.pl\/wiadomosci\/wp-json\/wp\/v2\/posts\/147403","targetHints":{"allow":["GET"]}}],"collection":[{"href":"https:\/\/www.24gliwice.pl\/wiadomosci\/wp-json\/wp\/v2\/posts"}],"about":[{"href":"https:\/\/www.24gliwice.pl\/wiadomosci\/wp-json\/wp\/v2\/types\/post"}],"author":[{"embeddable":true,"href":"https:\/\/www.24gliwice.pl\/wiadomosci\/wp-json\/wp\/v2\/users\/15"}],"replies":[{"embeddable":true,"href":"https:\/\/www.24gliwice.pl\/wiadomosci\/wp-json\/wp\/v2\/comments?post=147403"}],"version-history":[{"count":0,"href":"https:\/\/www.24gliwice.pl\/wiadomosci\/wp-json\/wp\/v2\/posts\/147403\/revisions"}],"wp:featuredmedia":[{"embeddable":true,"href":"https:\/\/www.24gliwice.pl\/wiadomosci\/wp-json\/wp\/v2\/media\/147408"}],"wp:attachment":[{"href":"https:\/\/www.24gliwice.pl\/wiadomosci\/wp-json\/wp\/v2\/media?parent=147403"}],"wp:term":[{"taxonomy":"category","embeddable":true,"href":"https:\/\/www.24gliwice.pl\/wiadomosci\/wp-json\/wp\/v2\/categories?post=147403"},{"taxonomy":"post_tag","embeddable":true,"href":"https:\/\/www.24gliwice.pl\/wiadomosci\/wp-json\/wp\/v2\/tags?post=147403"}],"curies":[{"name":"wp","href":"https:\/\/api.w.org\/{rel}","templated":true}]}}