{"id":147567,"date":"2020-02-17T11:42:40","date_gmt":"2020-02-17T10:42:40","guid":{"rendered":"https:\/\/www.24gliwice.pl\/wiadomosci\/?p=147567"},"modified":"2020-02-17T11:42:40","modified_gmt":"2020-02-17T10:42:40","slug":"nie-bedzie-juz-silesia-outlet-w-gliwicach-centrum-wyprzedazowe-zmienia-nazwe","status":"publish","type":"post","link":"https:\/\/www.24gliwice.pl\/wiadomosci\/nie-bedzie-juz-silesia-outlet-w-gliwicach-centrum-wyprzedazowe-zmienia-nazwe\/","title":{"rendered":"Nie b\u0119dzie ju\u017c Silesia Outlet w Gliwicach. Centrum wyprzeda\u017cowe zmienia nazw\u0119"},"content":{"rendered":"<div class=\"gliwi-a6-nad-leadem-artykulow gliwi-entity-placement\" id=\"gliwi-3392656925\"><div class=\"gliwi-adlabel\"><span style=\"font-size: 9px\">REKLAMA<\/span><\/div><div id=\"gliwi-2825551686\" style=\"margin-bottom: 30px;margin-left: auto;margin-right: auto;text-align: center;\"><a data-no-instant=\"1\" href=\"https:\/\/przedszkole.halogen.org.pl\/\" rel=\"noopener\" class=\"a2t-link\" target=\"_blank\" aria-label=\"20260402-ANIMATOR-przedszkole_grafika_750x200\"><img loading=\"lazy\" decoding=\"async\" src=\"https:\/\/www.24gliwice.pl\/wiadomosci\/wp-content\/uploads\/2026\/04\/20260402-ANIMATOR-przedszkole_grafika_750x200.webp\" alt=\"\"  srcset=\"https:\/\/www.24gliwice.pl\/wiadomosci\/wp-content\/uploads\/2026\/04\/20260402-ANIMATOR-przedszkole_grafika_750x200.webp 750w, https:\/\/www.24gliwice.pl\/wiadomosci\/wp-content\/uploads\/2026\/04\/20260402-ANIMATOR-przedszkole_grafika_750x200-410x109.webp 410w\" sizes=\"(max-width: 750px) 100vw, 750px\" class=\"no-lazyload\" width=\"750\" height=\"200\"  style=\"display: inline-block; max-width: 100%; height: auto;\" \/><\/a><\/div><\/div><h3>Niespe\u0142na rok od otwarcia, Silesia Outlet zmienia nazw\u0119 na FACTORY Gliwice. Do\u0142\u0105czy tym samym do sieci najpopularniejszych i najlepiej rozpoznawalnych obiekt\u00f3w tego formatu w Polsce &#8211; t\u0142umaczy w\u0142a\u015bciciel i zarz\u0105dca obiektu.<\/h3>\n<p>Outlet w nowej ods\u0142onie rozpocznie funkcjonowanie od 3 kwietnia tego roku.  <\/p>\n<p><em>&#8211; Konsolidacja dzia\u0142a\u0144 w ramach jednej, silnej marki w obszarze zarz\u0105dzania operacyjnego, najmu i marketingu, to istotny element strategii rozwoju tego najm\u0142odszego outletu w Polsce. Zmiana nazwy oraz identyfikacji wizualnej na popularne, czerwono \u2013 bia\u0142e logo  FACTORY, znacz\u0105co zwi\u0119kszy rozpoznawalno\u015b\u0107 obiektu w\u015br\u00f3d partner\u00f3w biznesowych NEINVER w Polsce i Europie, najemc\u00f3w oraz przedstawicieli marek<\/em> \u2013 m\u00f3wi <strong>Bo\u017cena Gierszewska \u2013 Mroziewicz<\/strong>, Country Head NEINVER w Polsce, w\u0142a\u015bciciel i zarz\u0105dca obiektu.  <\/p><div class=\"gliwi-a3-w-tresci-artykulow gliwi-entity-placement\" id=\"gliwi-1408396783\"><div class=\"gliwi-adlabel\"><span style=\"font-size: 9px\">REKLAMA<\/span><\/div><div id=\"gliwi-3992490579\" style=\"margin-bottom: 30px;margin-left: auto;margin-right: auto;text-align: center;\"><a data-no-instant=\"1\" href=\"https:\/\/ogrodyandersa.pl\/\" rel=\"noopener\" class=\"a2t-link\" target=\"_blank\" aria-label=\"20260415 Ogrody Andersa KUP TERAZ D\"><img loading=\"lazy\" decoding=\"async\" src=\"https:\/\/www.24gliwice.pl\/wiadomosci\/wp-content\/uploads\/2026\/04\/20260415-Ogrody-Andersa-KUP-TERAZ-D.jpg\" alt=\"\"  srcset=\"https:\/\/www.24gliwice.pl\/wiadomosci\/wp-content\/uploads\/2026\/04\/20260415-Ogrody-Andersa-KUP-TERAZ-D.jpg 750w, https:\/\/www.24gliwice.pl\/wiadomosci\/wp-content\/uploads\/2026\/04\/20260415-Ogrody-Andersa-KUP-TERAZ-D-410x109.jpg 410w\" sizes=\"(max-width: 750px) 100vw, 750px\" class=\"no-lazyload\" width=\"750\" height=\"200\"  style=\"display: inline-block; max-width: 100%; height: auto;\" \/><\/a><\/div><\/div>\n<p>W badaniach rynku centr\u00f3w wyprzeda\u017cowych w Polsce, przeprowadzonych przez renomowan\u0105 firm\u0119 badawcz\u0105 IQS w o\u015bmiu regionach kraju, centra FACTORY zdecydowanie wyprzedzi\u0142y konkurencj\u0119. Obiekty tej marki nale\u017c\u0105 do najlepiej rozpoznawalnych w Polsce, zar\u00f3wno w\u015br\u00f3d klient\u00f3w outlet\u00f3w, jak i os\u00f3b, kt\u00f3re dot\u0105d nie robi\u0142y zakup\u00f3w w centrach wyprzeda\u017cowych.<\/p>\n<p>Outlety FACTORY s\u0105 wprost kojarzone z mocn\u0105 ofert\u0105 atrakcyjnych marek w stale obni\u017conych cenach &#8211; postrzegane przez klient\u00f3w jako miejsca modne, w kt\u00f3rych warto bywa\u0107 regularnie. FACTORY Gliwice, ju\u017c w nowej ods\u0142onie, do\u0142\u0105czy do globalnych kampanii reklamowych centr\u00f3w NEINVER, obecnych na rynkach lokalnych w sze\u015bciu krajach europejskich.  <\/p>\n<div id=\"attachment_147570\" style=\"width: 820px\" class=\"wp-caption aligncenter\"><a href=\"https:\/\/www.24gliwice.pl\/wiadomosci\/wp-content\/uploads\/2020\/02\/1-factory.jpg\"><img loading=\"lazy\" decoding=\"async\" aria-describedby=\"caption-attachment-147570\" src=\"https:\/\/www.24gliwice.pl\/wiadomosci\/wp-content\/uploads\/2020\/02\/1-factory.jpg\" alt=\"\" width=\"810\" height=\"370\" class=\"size-full wp-image-147570\" srcset=\"https:\/\/www.24gliwice.pl\/wiadomosci\/wp-content\/uploads\/2020\/02\/1-factory.jpg 810w, https:\/\/www.24gliwice.pl\/wiadomosci\/wp-content\/uploads\/2020\/02\/1-factory-410x187.jpg 410w, https:\/\/www.24gliwice.pl\/wiadomosci\/wp-content\/uploads\/2020\/02\/1-factory-768x351.jpg 768w\" sizes=\"auto, (max-width: 810px) 100vw, 810px\" \/><\/a><p id=\"caption-attachment-147570\" class=\"wp-caption-text\">mat. prasowe NEIVER<\/p><\/div>\n<p><em>&#8211; Debiut FACTORY Gliwice na \u015al\u0105sku, marki znanej w du\u017cych aglomeracjach w Polsce, zwi\u0119ksza mo\u017cliwo\u015bci poszerzenia naszej oferty o kolejne, najbardziej po\u017c\u0105dane salony outletowe. Nasze centrum konsekwentnie wzmacnia\u0107 b\u0119dzie portfolio najemc\u00f3w, ugruntowuj\u0105c  pozycj\u0119 na rynku obiekt\u00f3w handlowych na \u015al\u0105sku<\/em> \u2013 m\u00f3wi <strong>Ma\u0142gorzata Pastuszka<\/strong>, Center Manager Silesia Outlet <\/p>\n<p>\u015al\u0105ski  outlet, zarz\u0105dzany przez NEINVER, na 12.000 m\u00b2 gromadzi ponad 60 sklep\u00f3w znanych marek lokalnych i mi\u0119dzynarodowych niemal wszystkich bran\u017c, z szerok\u0105 propozycj\u0105 mody dla kobiet i m\u0119\u017cczyzn, obuwia i akcesori\u00f3w, jak r\u00f3wnie\u017c sportu, w tym m.in. Bytom, Guess, Diverse, Pierre Cardin, Pepe Jeans, Only, Triumph, New Balance, Puma, Reebok oraz Tefal Home &#038; Cook. <\/p>\n<p>Wprowadzenie najpopularniejszej marki outletowej na \u015al\u0105sk, poprzedzi specjalna kampania marketingowa oraz informacyjna. <\/p>\n<p>Centrum Silesia Outlet zosta\u0142o otwarte 27 marca ubieg\u0142ego roku, a w pierwszym tygodniu otwarcia odwiedzi\u0142o je ponad 100 000 klient\u00f3w. (mf\/mat. prasowe NEIVER)<\/p>\n<div class=\"gliwi-a5-na-koncu-artykulow gliwi-entity-placement\" id=\"gliwi-3115722177\"><div class=\"gliwi-adlabel\"><span style=\"font-size: 9px\">REKLAMA<\/span><\/div><div id=\"gliwi-2023014578\" style=\"margin-left: auto;margin-right: auto;text-align: center;\"><a data-no-instant=\"1\" href=\"https:\/\/prezeroarenagliwice.pl\/\" rel=\"noopener\" class=\"a2t-link\" target=\"_blank\" aria-label=\"20260309-PREZERO-WIOSNA-D\"><img loading=\"lazy\" decoding=\"async\" src=\"https:\/\/www.24gliwice.pl\/wiadomosci\/wp-content\/uploads\/2026\/03\/20260309-PREZERO-WIOSNA-D.webp\" alt=\"\"  srcset=\"https:\/\/www.24gliwice.pl\/wiadomosci\/wp-content\/uploads\/2026\/03\/20260309-PREZERO-WIOSNA-D.webp 750w, https:\/\/www.24gliwice.pl\/wiadomosci\/wp-content\/uploads\/2026\/03\/20260309-PREZERO-WIOSNA-D-410x109.webp 410w\" sizes=\"(max-width: 750px) 100vw, 750px\" class=\"no-lazyload\" width=\"750\" height=\"200\"  style=\"display: inline-block; max-width: 100%; height: auto;\" \/><\/a><\/div><\/div>","protected":false},"excerpt":{"rendered":"<p>Niespe\u0142na rok od otwarcia, Silesia Outlet zmienia nazw\u0119 na FACTORY Gliwice. Do\u0142\u0105czy tym samym do sieci najpopularniejszych i najlepiej rozpoznawalnych obiekt\u00f3w tego formatu w Polsce &#8211; t\u0142umaczy w\u0142a\u015bciciel i zarz\u0105dca obiektu. Outlet w nowej ods\u0142onie rozpocznie funkcjonowanie od 3 kwietnia tego roku. &#8211; Konsolidacja dzia\u0142a\u0144 w ramach jednej, silnej marki w obszarze zarz\u0105dzania operacyjnego, najmu [&hellip;]<\/p>\n","protected":false},"author":4,"featured_media":137119,"comment_status":"open","ping_status":"closed","sticky":false,"template":"","format":"standard","meta":{"_monsterinsights_skip_tracking":false,"_monsterinsights_sitenote_active":false,"_monsterinsights_sitenote_note":"","_monsterinsights_sitenote_category":0,"footnotes":"","_links_to":"","_links_to_target":""},"categories":[3,1,9],"tags":[8348,17573,8347],"class_list":["post-147567","post","type-post","status-publish","format-standard","has-post-thumbnail","hentry","category-gliwice","category-wszystko","category-aktualnosci_lokalne","tag-centrum-wyprzedazowe","tag-factory-gliwice","tag-silesia-outlet"],"yoast_head":"<!-- This site is optimized with the Yoast SEO plugin v27.5 - https:\/\/yoast.com\/product\/yoast-seo-wordpress\/ -->\n<title>Nie b\u0119dzie ju\u017c Silesia Outlet w Gliwicach. Centrum wyprzeda\u017cowe zmienia nazw\u0119 - 24GLIWICE - Portal Gliwice | codziennie nowe informacje<\/title>\n<meta name=\"robots\" content=\"index, follow, max-snippet:-1, max-image-preview:large, max-video-preview:-1\" \/>\n<link rel=\"canonical\" href=\"https:\/\/www.24gliwice.pl\/wiadomosci\/nie-bedzie-juz-silesia-outlet-w-gliwicach-centrum-wyprzedazowe-zmienia-nazwe\/\" \/>\n<meta property=\"og:locale\" content=\"pl_PL\" \/>\n<meta property=\"og:type\" content=\"article\" \/>\n<meta property=\"og:title\" content=\"Nie b\u0119dzie ju\u017c Silesia Outlet w Gliwicach. Centrum wyprzeda\u017cowe zmienia nazw\u0119 - 24GLIWICE - Portal Gliwice | codziennie nowe informacje\" \/>\n<meta property=\"og:description\" content=\"Niespe\u0142na rok od otwarcia, Silesia Outlet zmienia nazw\u0119 na FACTORY Gliwice. Do\u0142\u0105czy tym samym do sieci najpopularniejszych i najlepiej rozpoznawalnych obiekt\u00f3w tego formatu w Polsce &#8211; t\u0142umaczy w\u0142a\u015bciciel i zarz\u0105dca obiektu. Outlet w nowej ods\u0142onie rozpocznie funkcjonowanie od 3 kwietnia tego roku. &#8211; Konsolidacja dzia\u0142a\u0144 w ramach jednej, silnej marki w obszarze zarz\u0105dzania operacyjnego, najmu [&hellip;]\" \/>\n<meta property=\"og:url\" content=\"https:\/\/www.24gliwice.pl\/wiadomosci\/nie-bedzie-juz-silesia-outlet-w-gliwicach-centrum-wyprzedazowe-zmienia-nazwe\/\" \/>\n<meta property=\"og:site_name\" content=\"24GLIWICE - Portal Gliwice | codziennie nowe informacje\" \/>\n<meta property=\"article:publisher\" content=\"https:\/\/www.facebook.com\/24gliwice\" \/>\n<meta property=\"article:author\" content=\"https:\/\/www.facebook.com\/marcin.fabrykowski\" \/>\n<meta property=\"article:published_time\" content=\"2020-02-17T10:42:40+00:00\" \/>\n<meta property=\"og:image\" content=\"https:\/\/www.24gliwice.pl\/wiadomosci\/wp-content\/uploads\/2019\/06\/1-Silesia-Outlet-noc.jpg\" \/>\n\t<meta property=\"og:image:width\" content=\"810\" \/>\n\t<meta property=\"og:image:height\" content=\"457\" \/>\n\t<meta property=\"og:image:type\" content=\"image\/jpeg\" \/>\n<meta name=\"author\" content=\"Marcin Fabrykowski\" \/>\n<meta name=\"twitter:card\" content=\"summary_large_image\" \/>\n<meta name=\"twitter:creator\" content=\"@24gliwice\" \/>\n<meta name=\"twitter:site\" content=\"@24gliwice\" \/>\n<meta name=\"twitter:label1\" content=\"Napisane przez\" \/>\n\t<meta name=\"twitter:data1\" content=\"Marcin Fabrykowski\" \/>\n\t<meta name=\"twitter:label2\" content=\"Szacowany czas czytania\" \/>\n\t<meta name=\"twitter:data2\" content=\"2 minuty\" \/>\n<script type=\"application\/ld+json\" class=\"yoast-schema-graph\">{\"@context\":\"https:\\\/\\\/schema.org\",\"@graph\":[{\"@type\":\"Article\",\"@id\":\"https:\\\/\\\/www.24gliwice.pl\\\/wiadomosci\\\/nie-bedzie-juz-silesia-outlet-w-gliwicach-centrum-wyprzedazowe-zmienia-nazwe\\\/#article\",\"isPartOf\":{\"@id\":\"https:\\\/\\\/www.24gliwice.pl\\\/wiadomosci\\\/nie-bedzie-juz-silesia-outlet-w-gliwicach-centrum-wyprzedazowe-zmienia-nazwe\\\/\"},\"author\":{\"name\":\"Marcin Fabrykowski\",\"@id\":\"https:\\\/\\\/www.24gliwice.pl\\\/wiadomosci\\\/#\\\/schema\\\/person\\\/cb5857e4a4d048c15984c1edcc8ef0c0\"},\"headline\":\"Nie b\u0119dzie ju\u017c Silesia Outlet w Gliwicach. Centrum wyprzeda\u017cowe zmienia nazw\u0119\",\"datePublished\":\"2020-02-17T10:42:40+00:00\",\"mainEntityOfPage\":{\"@id\":\"https:\\\/\\\/www.24gliwice.pl\\\/wiadomosci\\\/nie-bedzie-juz-silesia-outlet-w-gliwicach-centrum-wyprzedazowe-zmienia-nazwe\\\/\"},\"wordCount\":424,\"commentCount\":0,\"publisher\":{\"@id\":\"https:\\\/\\\/www.24gliwice.pl\\\/wiadomosci\\\/#organization\"},\"image\":{\"@id\":\"https:\\\/\\\/www.24gliwice.pl\\\/wiadomosci\\\/nie-bedzie-juz-silesia-outlet-w-gliwicach-centrum-wyprzedazowe-zmienia-nazwe\\\/#primaryimage\"},\"thumbnailUrl\":\"https:\\\/\\\/www.24gliwice.pl\\\/wiadomosci\\\/wp-content\\\/uploads\\\/2019\\\/06\\\/1-Silesia-Outlet-noc.jpg\",\"keywords\":[\"centrum wyprzeda\u017cowe\",\"factory gliwice\",\"SILESIA OUTLET\"],\"articleSection\":[\"Gliwice\",\"Najnowsze wiadomo\u015bci\",\"Portal Gliwice - Wiadomo\u015bci lokalne\"],\"inLanguage\":\"pl-PL\",\"potentialAction\":[{\"@type\":\"CommentAction\",\"name\":\"Comment\",\"target\":[\"https:\\\/\\\/www.24gliwice.pl\\\/wiadomosci\\\/nie-bedzie-juz-silesia-outlet-w-gliwicach-centrum-wyprzedazowe-zmienia-nazwe\\\/#respond\"]}]},{\"@type\":\"WebPage\",\"@id\":\"https:\\\/\\\/www.24gliwice.pl\\\/wiadomosci\\\/nie-bedzie-juz-silesia-outlet-w-gliwicach-centrum-wyprzedazowe-zmienia-nazwe\\\/\",\"url\":\"https:\\\/\\\/www.24gliwice.pl\\\/wiadomosci\\\/nie-bedzie-juz-silesia-outlet-w-gliwicach-centrum-wyprzedazowe-zmienia-nazwe\\\/\",\"name\":\"Nie b\u0119dzie ju\u017c Silesia Outlet w Gliwicach. Centrum wyprzeda\u017cowe zmienia nazw\u0119 - 24GLIWICE - Portal Gliwice | codziennie nowe informacje\",\"isPartOf\":{\"@id\":\"https:\\\/\\\/www.24gliwice.pl\\\/wiadomosci\\\/#website\"},\"primaryImageOfPage\":{\"@id\":\"https:\\\/\\\/www.24gliwice.pl\\\/wiadomosci\\\/nie-bedzie-juz-silesia-outlet-w-gliwicach-centrum-wyprzedazowe-zmienia-nazwe\\\/#primaryimage\"},\"image\":{\"@id\":\"https:\\\/\\\/www.24gliwice.pl\\\/wiadomosci\\\/nie-bedzie-juz-silesia-outlet-w-gliwicach-centrum-wyprzedazowe-zmienia-nazwe\\\/#primaryimage\"},\"thumbnailUrl\":\"https:\\\/\\\/www.24gliwice.pl\\\/wiadomosci\\\/wp-content\\\/uploads\\\/2019\\\/06\\\/1-Silesia-Outlet-noc.jpg\",\"datePublished\":\"2020-02-17T10:42:40+00:00\",\"breadcrumb\":{\"@id\":\"https:\\\/\\\/www.24gliwice.pl\\\/wiadomosci\\\/nie-bedzie-juz-silesia-outlet-w-gliwicach-centrum-wyprzedazowe-zmienia-nazwe\\\/#breadcrumb\"},\"inLanguage\":\"pl-PL\",\"potentialAction\":[{\"@type\":\"ReadAction\",\"target\":[\"https:\\\/\\\/www.24gliwice.pl\\\/wiadomosci\\\/nie-bedzie-juz-silesia-outlet-w-gliwicach-centrum-wyprzedazowe-zmienia-nazwe\\\/\"]}]},{\"@type\":\"ImageObject\",\"inLanguage\":\"pl-PL\",\"@id\":\"https:\\\/\\\/www.24gliwice.pl\\\/wiadomosci\\\/nie-bedzie-juz-silesia-outlet-w-gliwicach-centrum-wyprzedazowe-zmienia-nazwe\\\/#primaryimage\",\"url\":\"https:\\\/\\\/www.24gliwice.pl\\\/wiadomosci\\\/wp-content\\\/uploads\\\/2019\\\/06\\\/1-Silesia-Outlet-noc.jpg\",\"contentUrl\":\"https:\\\/\\\/www.24gliwice.pl\\\/wiadomosci\\\/wp-content\\\/uploads\\\/2019\\\/06\\\/1-Silesia-Outlet-noc.jpg\",\"width\":810,\"height\":457,\"caption\":\"mat. pras. NEINVER\"},{\"@type\":\"BreadcrumbList\",\"@id\":\"https:\\\/\\\/www.24gliwice.pl\\\/wiadomosci\\\/nie-bedzie-juz-silesia-outlet-w-gliwicach-centrum-wyprzedazowe-zmienia-nazwe\\\/#breadcrumb\",\"itemListElement\":[{\"@type\":\"ListItem\",\"position\":1,\"name\":\"Strona g\u0142\u00f3wna\",\"item\":\"https:\\\/\\\/www.24gliwice.pl\\\/wiadomosci\\\/\"},{\"@type\":\"ListItem\",\"position\":2,\"name\":\"Nie b\u0119dzie ju\u017c Silesia Outlet w Gliwicach. Centrum wyprzeda\u017cowe zmienia nazw\u0119\"}]},{\"@type\":\"WebSite\",\"@id\":\"https:\\\/\\\/www.24gliwice.pl\\\/wiadomosci\\\/#website\",\"url\":\"https:\\\/\\\/www.24gliwice.pl\\\/wiadomosci\\\/\",\"name\":\"24GLIWICE - Portal Gliwice | codziennie nowe wiadomo\u015bci\",\"description\":\"Portal Miejski Gliwice\",\"publisher\":{\"@id\":\"https:\\\/\\\/www.24gliwice.pl\\\/wiadomosci\\\/#organization\"},\"potentialAction\":[{\"@type\":\"SearchAction\",\"target\":{\"@type\":\"EntryPoint\",\"urlTemplate\":\"https:\\\/\\\/www.24gliwice.pl\\\/wiadomosci\\\/?s={search_term_string}\"},\"query-input\":{\"@type\":\"PropertyValueSpecification\",\"valueRequired\":true,\"valueName\":\"search_term_string\"}}],\"inLanguage\":\"pl-PL\"},{\"@type\":\"Organization\",\"@id\":\"https:\\\/\\\/www.24gliwice.pl\\\/wiadomosci\\\/#organization\",\"name\":\"24gliwice\",\"url\":\"https:\\\/\\\/www.24gliwice.pl\\\/wiadomosci\\\/\",\"logo\":{\"@type\":\"ImageObject\",\"inLanguage\":\"pl-PL\",\"@id\":\"https:\\\/\\\/www.24gliwice.pl\\\/wiadomosci\\\/#\\\/schema\\\/logo\\\/image\\\/\",\"url\":\"https:\\\/\\\/www.24gliwice.pl\\\/wiadomosci\\\/wp-content\\\/uploads\\\/2024\\\/10\\\/24gliwice-logo-696.jpg\",\"contentUrl\":\"https:\\\/\\\/www.24gliwice.pl\\\/wiadomosci\\\/wp-content\\\/uploads\\\/2024\\\/10\\\/24gliwice-logo-696.jpg\",\"width\":696,\"height\":696,\"caption\":\"24gliwice\"},\"image\":{\"@id\":\"https:\\\/\\\/www.24gliwice.pl\\\/wiadomosci\\\/#\\\/schema\\\/logo\\\/image\\\/\"},\"sameAs\":[\"https:\\\/\\\/www.facebook.com\\\/24gliwice\",\"https:\\\/\\\/x.com\\\/24gliwice\",\"https:\\\/\\\/www.youtube.com\\\/@24gliwice\"]},{\"@type\":\"Person\",\"@id\":\"https:\\\/\\\/www.24gliwice.pl\\\/wiadomosci\\\/#\\\/schema\\\/person\\\/cb5857e4a4d048c15984c1edcc8ef0c0\",\"name\":\"Marcin Fabrykowski\",\"image\":{\"@type\":\"ImageObject\",\"inLanguage\":\"pl-PL\",\"@id\":\"https:\\\/\\\/www.24gliwice.pl\\\/wiadomosci\\\/wp-content\\\/uploads\\\/2025\\\/11\\\/zdjecie-moje-marcin-300-96x96.jpg\",\"url\":\"https:\\\/\\\/www.24gliwice.pl\\\/wiadomosci\\\/wp-content\\\/uploads\\\/2025\\\/11\\\/zdjecie-moje-marcin-300-96x96.jpg\",\"contentUrl\":\"https:\\\/\\\/www.24gliwice.pl\\\/wiadomosci\\\/wp-content\\\/uploads\\\/2025\\\/11\\\/zdjecie-moje-marcin-300-96x96.jpg\",\"caption\":\"Marcin Fabrykowski\"},\"sameAs\":[\"http:\\\/\\\/24gliwice.pl\",\"https:\\\/\\\/www.facebook.com\\\/marcin.fabrykowski\"],\"url\":\"https:\\\/\\\/www.24gliwice.pl\\\/wiadomosci\\\/author\\\/marcin-fabrykowski\\\/\"}]}<\/script>\n<!-- \/ Yoast SEO plugin. -->","yoast_head_json":{"title":"Nie b\u0119dzie ju\u017c Silesia Outlet w Gliwicach. Centrum wyprzeda\u017cowe zmienia nazw\u0119 - 24GLIWICE - Portal Gliwice | codziennie nowe informacje","robots":{"index":"index","follow":"follow","max-snippet":"max-snippet:-1","max-image-preview":"max-image-preview:large","max-video-preview":"max-video-preview:-1"},"canonical":"https:\/\/www.24gliwice.pl\/wiadomosci\/nie-bedzie-juz-silesia-outlet-w-gliwicach-centrum-wyprzedazowe-zmienia-nazwe\/","og_locale":"pl_PL","og_type":"article","og_title":"Nie b\u0119dzie ju\u017c Silesia Outlet w Gliwicach. Centrum wyprzeda\u017cowe zmienia nazw\u0119 - 24GLIWICE - Portal Gliwice | codziennie nowe informacje","og_description":"Niespe\u0142na rok od otwarcia, Silesia Outlet zmienia nazw\u0119 na FACTORY Gliwice. Do\u0142\u0105czy tym samym do sieci najpopularniejszych i najlepiej rozpoznawalnych obiekt\u00f3w tego formatu w Polsce &#8211; t\u0142umaczy w\u0142a\u015bciciel i zarz\u0105dca obiektu. Outlet w nowej ods\u0142onie rozpocznie funkcjonowanie od 3 kwietnia tego roku. &#8211; Konsolidacja dzia\u0142a\u0144 w ramach jednej, silnej marki w obszarze zarz\u0105dzania operacyjnego, najmu [&hellip;]","og_url":"https:\/\/www.24gliwice.pl\/wiadomosci\/nie-bedzie-juz-silesia-outlet-w-gliwicach-centrum-wyprzedazowe-zmienia-nazwe\/","og_site_name":"24GLIWICE - Portal Gliwice | codziennie nowe informacje","article_publisher":"https:\/\/www.facebook.com\/24gliwice","article_author":"https:\/\/www.facebook.com\/marcin.fabrykowski","article_published_time":"2020-02-17T10:42:40+00:00","og_image":[{"width":810,"height":457,"url":"https:\/\/www.24gliwice.pl\/wiadomosci\/wp-content\/uploads\/2019\/06\/1-Silesia-Outlet-noc.jpg","type":"image\/jpeg"}],"author":"Marcin Fabrykowski","twitter_card":"summary_large_image","twitter_creator":"@24gliwice","twitter_site":"@24gliwice","twitter_misc":{"Napisane przez":"Marcin Fabrykowski","Szacowany czas czytania":"2 minuty"},"schema":{"@context":"https:\/\/schema.org","@graph":[{"@type":"Article","@id":"https:\/\/www.24gliwice.pl\/wiadomosci\/nie-bedzie-juz-silesia-outlet-w-gliwicach-centrum-wyprzedazowe-zmienia-nazwe\/#article","isPartOf":{"@id":"https:\/\/www.24gliwice.pl\/wiadomosci\/nie-bedzie-juz-silesia-outlet-w-gliwicach-centrum-wyprzedazowe-zmienia-nazwe\/"},"author":{"name":"Marcin Fabrykowski","@id":"https:\/\/www.24gliwice.pl\/wiadomosci\/#\/schema\/person\/cb5857e4a4d048c15984c1edcc8ef0c0"},"headline":"Nie b\u0119dzie ju\u017c Silesia Outlet w Gliwicach. Centrum wyprzeda\u017cowe zmienia nazw\u0119","datePublished":"2020-02-17T10:42:40+00:00","mainEntityOfPage":{"@id":"https:\/\/www.24gliwice.pl\/wiadomosci\/nie-bedzie-juz-silesia-outlet-w-gliwicach-centrum-wyprzedazowe-zmienia-nazwe\/"},"wordCount":424,"commentCount":0,"publisher":{"@id":"https:\/\/www.24gliwice.pl\/wiadomosci\/#organization"},"image":{"@id":"https:\/\/www.24gliwice.pl\/wiadomosci\/nie-bedzie-juz-silesia-outlet-w-gliwicach-centrum-wyprzedazowe-zmienia-nazwe\/#primaryimage"},"thumbnailUrl":"https:\/\/www.24gliwice.pl\/wiadomosci\/wp-content\/uploads\/2019\/06\/1-Silesia-Outlet-noc.jpg","keywords":["centrum wyprzeda\u017cowe","factory gliwice","SILESIA OUTLET"],"articleSection":["Gliwice","Najnowsze wiadomo\u015bci","Portal Gliwice - Wiadomo\u015bci lokalne"],"inLanguage":"pl-PL","potentialAction":[{"@type":"CommentAction","name":"Comment","target":["https:\/\/www.24gliwice.pl\/wiadomosci\/nie-bedzie-juz-silesia-outlet-w-gliwicach-centrum-wyprzedazowe-zmienia-nazwe\/#respond"]}]},{"@type":"WebPage","@id":"https:\/\/www.24gliwice.pl\/wiadomosci\/nie-bedzie-juz-silesia-outlet-w-gliwicach-centrum-wyprzedazowe-zmienia-nazwe\/","url":"https:\/\/www.24gliwice.pl\/wiadomosci\/nie-bedzie-juz-silesia-outlet-w-gliwicach-centrum-wyprzedazowe-zmienia-nazwe\/","name":"Nie b\u0119dzie ju\u017c Silesia Outlet w Gliwicach. Centrum wyprzeda\u017cowe zmienia nazw\u0119 - 24GLIWICE - Portal Gliwice | codziennie nowe informacje","isPartOf":{"@id":"https:\/\/www.24gliwice.pl\/wiadomosci\/#website"},"primaryImageOfPage":{"@id":"https:\/\/www.24gliwice.pl\/wiadomosci\/nie-bedzie-juz-silesia-outlet-w-gliwicach-centrum-wyprzedazowe-zmienia-nazwe\/#primaryimage"},"image":{"@id":"https:\/\/www.24gliwice.pl\/wiadomosci\/nie-bedzie-juz-silesia-outlet-w-gliwicach-centrum-wyprzedazowe-zmienia-nazwe\/#primaryimage"},"thumbnailUrl":"https:\/\/www.24gliwice.pl\/wiadomosci\/wp-content\/uploads\/2019\/06\/1-Silesia-Outlet-noc.jpg","datePublished":"2020-02-17T10:42:40+00:00","breadcrumb":{"@id":"https:\/\/www.24gliwice.pl\/wiadomosci\/nie-bedzie-juz-silesia-outlet-w-gliwicach-centrum-wyprzedazowe-zmienia-nazwe\/#breadcrumb"},"inLanguage":"pl-PL","potentialAction":[{"@type":"ReadAction","target":["https:\/\/www.24gliwice.pl\/wiadomosci\/nie-bedzie-juz-silesia-outlet-w-gliwicach-centrum-wyprzedazowe-zmienia-nazwe\/"]}]},{"@type":"ImageObject","inLanguage":"pl-PL","@id":"https:\/\/www.24gliwice.pl\/wiadomosci\/nie-bedzie-juz-silesia-outlet-w-gliwicach-centrum-wyprzedazowe-zmienia-nazwe\/#primaryimage","url":"https:\/\/www.24gliwice.pl\/wiadomosci\/wp-content\/uploads\/2019\/06\/1-Silesia-Outlet-noc.jpg","contentUrl":"https:\/\/www.24gliwice.pl\/wiadomosci\/wp-content\/uploads\/2019\/06\/1-Silesia-Outlet-noc.jpg","width":810,"height":457,"caption":"mat. pras. NEINVER"},{"@type":"BreadcrumbList","@id":"https:\/\/www.24gliwice.pl\/wiadomosci\/nie-bedzie-juz-silesia-outlet-w-gliwicach-centrum-wyprzedazowe-zmienia-nazwe\/#breadcrumb","itemListElement":[{"@type":"ListItem","position":1,"name":"Strona g\u0142\u00f3wna","item":"https:\/\/www.24gliwice.pl\/wiadomosci\/"},{"@type":"ListItem","position":2,"name":"Nie b\u0119dzie ju\u017c Silesia Outlet w Gliwicach. Centrum wyprzeda\u017cowe zmienia nazw\u0119"}]},{"@type":"WebSite","@id":"https:\/\/www.24gliwice.pl\/wiadomosci\/#website","url":"https:\/\/www.24gliwice.pl\/wiadomosci\/","name":"24GLIWICE - Portal Gliwice | codziennie nowe wiadomo\u015bci","description":"Portal Miejski Gliwice","publisher":{"@id":"https:\/\/www.24gliwice.pl\/wiadomosci\/#organization"},"potentialAction":[{"@type":"SearchAction","target":{"@type":"EntryPoint","urlTemplate":"https:\/\/www.24gliwice.pl\/wiadomosci\/?s={search_term_string}"},"query-input":{"@type":"PropertyValueSpecification","valueRequired":true,"valueName":"search_term_string"}}],"inLanguage":"pl-PL"},{"@type":"Organization","@id":"https:\/\/www.24gliwice.pl\/wiadomosci\/#organization","name":"24gliwice","url":"https:\/\/www.24gliwice.pl\/wiadomosci\/","logo":{"@type":"ImageObject","inLanguage":"pl-PL","@id":"https:\/\/www.24gliwice.pl\/wiadomosci\/#\/schema\/logo\/image\/","url":"https:\/\/www.24gliwice.pl\/wiadomosci\/wp-content\/uploads\/2024\/10\/24gliwice-logo-696.jpg","contentUrl":"https:\/\/www.24gliwice.pl\/wiadomosci\/wp-content\/uploads\/2024\/10\/24gliwice-logo-696.jpg","width":696,"height":696,"caption":"24gliwice"},"image":{"@id":"https:\/\/www.24gliwice.pl\/wiadomosci\/#\/schema\/logo\/image\/"},"sameAs":["https:\/\/www.facebook.com\/24gliwice","https:\/\/x.com\/24gliwice","https:\/\/www.youtube.com\/@24gliwice"]},{"@type":"Person","@id":"https:\/\/www.24gliwice.pl\/wiadomosci\/#\/schema\/person\/cb5857e4a4d048c15984c1edcc8ef0c0","name":"Marcin Fabrykowski","image":{"@type":"ImageObject","inLanguage":"pl-PL","@id":"https:\/\/www.24gliwice.pl\/wiadomosci\/wp-content\/uploads\/2025\/11\/zdjecie-moje-marcin-300-96x96.jpg","url":"https:\/\/www.24gliwice.pl\/wiadomosci\/wp-content\/uploads\/2025\/11\/zdjecie-moje-marcin-300-96x96.jpg","contentUrl":"https:\/\/www.24gliwice.pl\/wiadomosci\/wp-content\/uploads\/2025\/11\/zdjecie-moje-marcin-300-96x96.jpg","caption":"Marcin Fabrykowski"},"sameAs":["http:\/\/24gliwice.pl","https:\/\/www.facebook.com\/marcin.fabrykowski"],"url":"https:\/\/www.24gliwice.pl\/wiadomosci\/author\/marcin-fabrykowski\/"}]}},"_links":{"self":[{"href":"https:\/\/www.24gliwice.pl\/wiadomosci\/wp-json\/wp\/v2\/posts\/147567","targetHints":{"allow":["GET"]}}],"collection":[{"href":"https:\/\/www.24gliwice.pl\/wiadomosci\/wp-json\/wp\/v2\/posts"}],"about":[{"href":"https:\/\/www.24gliwice.pl\/wiadomosci\/wp-json\/wp\/v2\/types\/post"}],"author":[{"embeddable":true,"href":"https:\/\/www.24gliwice.pl\/wiadomosci\/wp-json\/wp\/v2\/users\/4"}],"replies":[{"embeddable":true,"href":"https:\/\/www.24gliwice.pl\/wiadomosci\/wp-json\/wp\/v2\/comments?post=147567"}],"version-history":[{"count":0,"href":"https:\/\/www.24gliwice.pl\/wiadomosci\/wp-json\/wp\/v2\/posts\/147567\/revisions"}],"wp:featuredmedia":[{"embeddable":true,"href":"https:\/\/www.24gliwice.pl\/wiadomosci\/wp-json\/wp\/v2\/media\/137119"}],"wp:attachment":[{"href":"https:\/\/www.24gliwice.pl\/wiadomosci\/wp-json\/wp\/v2\/media?parent=147567"}],"wp:term":[{"taxonomy":"category","embeddable":true,"href":"https:\/\/www.24gliwice.pl\/wiadomosci\/wp-json\/wp\/v2\/categories?post=147567"},{"taxonomy":"post_tag","embeddable":true,"href":"https:\/\/www.24gliwice.pl\/wiadomosci\/wp-json\/wp\/v2\/tags?post=147567"}],"curies":[{"name":"wp","href":"https:\/\/api.w.org\/{rel}","templated":true}]}}