{"id":147823,"date":"2020-02-24T02:57:26","date_gmt":"2020-02-24T01:57:26","guid":{"rendered":"https:\/\/www.24gliwice.pl\/wiadomosci\/?p=147823"},"modified":"2020-02-24T11:03:34","modified_gmt":"2020-02-24T10:03:34","slug":"bedzie-nabozenstwo-pokutne-za-molestowanie-dzieci-na-terenie-gliwickiej-diecezji-komunikat-kurii","status":"publish","type":"post","link":"https:\/\/www.24gliwice.pl\/wiadomosci\/bedzie-nabozenstwo-pokutne-za-molestowanie-dzieci-na-terenie-gliwickiej-diecezji-komunikat-kurii\/","title":{"rendered":"B\u0119dzie nabo\u017ce\u0144stwo pokutne za molestowanie dzieci na terenie gliwickiej diecezji. Komunikat Kurii"},"content":{"rendered":"<div class=\"gliwi-a6-nad-leadem-artykulow gliwi-entity-placement\" id=\"gliwi-2469541136\"><div class=\"gliwi-adlabel\"><span style=\"font-size: 9px\">REKLAMA<\/span><\/div><div id=\"gliwi-4140541741\" style=\"margin-bottom: 25px;margin-left: auto;margin-right: auto;text-align: center;\"><a data-no-instant=\"1\" href=\"https:\/\/dom100.eu\/\" rel=\"noopener\" class=\"a2t-link\" target=\"_blank\" aria-label=\"20260415 DOM100 D\"><img loading=\"lazy\" decoding=\"async\" src=\"https:\/\/www.24gliwice.pl\/wiadomosci\/wp-content\/uploads\/2026\/04\/20260415-DOM100-D.jpg\" alt=\"\"  srcset=\"https:\/\/www.24gliwice.pl\/wiadomosci\/wp-content\/uploads\/2026\/04\/20260415-DOM100-D.jpg 750w, https:\/\/www.24gliwice.pl\/wiadomosci\/wp-content\/uploads\/2026\/04\/20260415-DOM100-D-410x109.jpg 410w\" sizes=\"(max-width: 750px) 100vw, 750px\" class=\"no-lazyload\" width=\"750\" height=\"200\"  style=\"display: inline-block; max-width: 100%; height: auto;\" \/><\/a><\/div><\/div><h3>Kuria gliwicka zapowiedzia\u0142a nabo\u017ce\u0144stwo ekspiacyjne za grzechy wykorzystywania seksualnego ma\u0142oletnich, do kt\u00f3rych dosz\u0142o na terenie naszej diecezji. &#8220;Zach\u0119camy do zorganizowania w tym samym dniu podobnego nabo\u017ce\u0144stwa we wszystkich parafiach naszej diecezji&#8221; &#8211; czytamy w komunikacie Kurii<\/h3>\n<p>&#8211; <em>Pierwszy Pi\u0105tek nadchodz\u0105cego Wielkiego Postu b\u0119dziemy prze\u017cywali w Ko\u015bciele w Polsce jako dzie\u0144 pokuty i modlitwy za grzechy wykorzystywania seksualnego ma\u0142oletnich. Staraniem KEP ukaza\u0142 si\u0119 zeszyt pt.: \u201e<a href=\"https:\/\/ochrona.episkopat.pl\/file_get.php?fid=922\" rel=\"noopener noreferrer\" target=\"_blank\">Modlitwa zranionego Ko\u015bcio\u0142a<\/a>\u201d, w kt\u00f3rym zosta\u0142y zebrane teksty pomocne we w\u0142a\u015bciwym prze\u017cyciu tego dnia.<\/em> &#8211; dowiadujemy si\u0119 z witryny internetowej gliwickiej Kurii Diecezjalnej.<\/p>\n<p><em>&#8220;Wykorzystanie seksualne dziecka jest przest\u0119pstwem, kt\u00f3re domaga si\u0119 odpowiedzi na r\u00f3\u017cnych poziomach (&#8230;). Nie mo\u017cemy jednak zapomnie\u0107, \u017ce skrzywdzenie dziecka, zw\u0142aszcza przez osob\u0119 duchown\u0105, jest r\u00f3wnie\u017c ogromnym grzechem, kt\u00f3ry ci\u0119\u017cko obra\u017ca samego Boga. St\u0105d konieczno\u015b\u0107 udzielenia pomocy duchowej i potrzeba pokuty, kt\u00f3r\u0105 w Ko\u015bciele wsp\u00f3lnie podejmujemy&#8221;<\/em> &#8211; czytamy w materia\u0142ach duszpasterskich przygotowanych w zwi\u0105zku z zapowiedzianymi nabo\u017ce\u0144stwami.<\/p><div class=\"gliwi-a3-w-tresci-artykulow gliwi-entity-placement\" id=\"gliwi-3752080679\"><div class=\"gliwi-adlabel\"><span style=\"font-size: 9px\">REKLAMA<\/span><\/div><div id=\"gliwi-2922205664\" style=\"margin-bottom: 30px;margin-left: auto;margin-right: auto;text-align: center;\"><a data-no-instant=\"1\" href=\"https:\/\/zlobek.halogen.org.pl\/\" rel=\"noopener\" class=\"a2t-link\" target=\"_blank\" aria-label=\"animator-zlobek_750x200\"><img loading=\"lazy\" decoding=\"async\" src=\"https:\/\/www.24gliwice.pl\/wiadomosci\/wp-content\/uploads\/2026\/02\/animator-zlobek_750x200.webp\" alt=\"\"  srcset=\"https:\/\/www.24gliwice.pl\/wiadomosci\/wp-content\/uploads\/2026\/02\/animator-zlobek_750x200.webp 750w, https:\/\/www.24gliwice.pl\/wiadomosci\/wp-content\/uploads\/2026\/02\/animator-zlobek_750x200-410x109.webp 410w\" sizes=\"(max-width: 750px) 100vw, 750px\" class=\"no-lazyload\" width=\"750\" height=\"200\"  style=\"display: inline-block; max-width: 100%; height: auto;\" \/><\/a><\/div><\/div>\n<h3>Msza za grzechy wykorzystywania seksualnego ma\u0142oletnich odb\u0119dzie si\u0119 w ko\u015bciele katedralnym \u015bw. Ap. Piotra i Paw\u0142a w Gliwicach w pi\u0105tek, 28 lutego o godzinie 17:30.<\/h3>\n<p>Kuria zach\u0119ca do zorganizowania w tym samym dniu podobnych nabo\u017ce\u0144stw we wszystkich parafiach naszej diecezji.<\/p>\n<p>O jednym z przypadk\u00f3w podejrzenia molestowania dzieci pisali\u015bmy w sierpniu 2019 roku. Tam ksi\u0105dz mia\u0142 wysy\u0142a\u0107 erotyczne smsy do nieletnich ch\u0142opc\u00f3w, a tak\u017ce wymy\u015bli\u0107 gr\u0119, w kt\u00f3rej przegrany otrzymywa\u0142 klapsy w po\u015bladki. <a href=\"https:\/\/www.24gliwice.pl\/wiadomosci\/erotyczne-sms-y-gra-z-klapsami-w-posladki-wyjazdy-ksiedza-z-ministrantami-bada-prokurator\/\" target=\"_blank\" rel=\"noopener noreferrer\">Wi\u0119cej na ten temat mo\u017cna przeczyta\u0107 tutaj.<\/a><\/p>\n<p>Niedawno, bo <a href=\"https:\/\/www.24gliwice.pl\/wiadomosci\/wikary-oskarzony-o-gwalt-trafil-do-aresztu-kuria-pragniemy-wyrazic-nasz-gleboki-smutek-i-zal\/\" target=\"_blank\" rel=\"noopener noreferrer\">w styczniu br., donosili\u015bmy r\u00f3wnie\u017c o zarzutach postawionych innemu duchownemu<\/a>, kt\u00f3rego zatrzymano na terenie jednej z gliwickich parafii. Tam sprawa dotyczy\u0142a jednak wykorzystania osoby doros\u0142ej, kt\u00f3ra by\u0142a bezwolna ze wzgl\u0119du na stan psychiczny, w jakim si\u0119 znajdowa\u0142a. Nie wiadomo czy i kiedy kuria zamierza pokutowa\u0107 za ten grzech.<\/p>\n<p>(\u017cms)\/<a href=\"https:\/\/kuria.gliwice.pl\/2020\/02\/20\/pierwszy-piatek-wielkiego-postu-jako-dzien-pokuty\/?fbclid=IwAR2Tsons0_02iIIpUFFn3mxVsh35xceU9u5sEocOCFYdhf8hMSHVCPhvtpM\" target=\"_blank\" rel=\"noopener noreferrer\">Kuria.Gliwice.pl<\/a><\/p>\n<hr>\n<p><em><strong>Od redakcji:<\/strong> Temat budzi zbyt wiele emocji, \u017ceby znajdywa\u0142y one uj\u015bcie w formie anonimowych komentarzy, dlatego zdecydowali\u015bmy o ich wy\u0142\u0105czeniu. Otwarta dyskusja pod w\u0142asnymi nazwiskami znajduje si\u0119 na profilu <a href=\"https:\/\/www.facebook.com\/24gliwice\/posts\/2871787992867988\" rel=\"noopener noreferrer\" target=\"_blank\">Facebook 24GLIWICE<\/a>. <\/em><\/p>\n<div class=\"gliwi-a5-na-koncu-artykulow gliwi-entity-placement\" id=\"gliwi-1492516218\"><div class=\"gliwi-adlabel\"><span style=\"font-size: 9px\">REKLAMA<\/span><\/div><div id=\"gliwi-575222028\" style=\"margin-left: auto;margin-right: auto;text-align: center;\"><a data-no-instant=\"1\" href=\"https:\/\/www.jasek.pl\/\" rel=\"noopener\" class=\"a2t-link\" target=\"_blank\" aria-label=\"20200401-jasek 600\"><img loading=\"lazy\" decoding=\"async\" src=\"https:\/\/www.24gliwice.pl\/wiadomosci\/wp-content\/uploads\/2020\/04\/20200401-jasek-600.jpg\" alt=\"\"  srcset=\"https:\/\/www.24gliwice.pl\/wiadomosci\/wp-content\/uploads\/2020\/04\/20200401-jasek-600.jpg 600w, https:\/\/www.24gliwice.pl\/wiadomosci\/wp-content\/uploads\/2020\/04\/20200401-jasek-600-410x109.jpg 410w\" sizes=\"(max-width: 600px) 100vw, 600px\" class=\"no-lazyload\" width=\"600\" height=\"160\"  style=\"display: inline-block; max-width: 100%; height: auto;\" \/><\/a><\/div><\/div>","protected":false},"excerpt":{"rendered":"<p>Kuria gliwicka zapowiedzia\u0142a nabo\u017ce\u0144stwo ekspiacyjne za grzechy wykorzystywania seksualnego ma\u0142oletnich, do kt\u00f3rych dosz\u0142o na terenie naszej diecezji. &#8220;Zach\u0119camy do zorganizowania w tym samym dniu podobnego nabo\u017ce\u0144stwa we wszystkich parafiach naszej diecezji&#8221; &#8211; czytamy w komunikacie Kurii &#8211; Pierwszy Pi\u0105tek nadchodz\u0105cego Wielkiego Postu b\u0119dziemy prze\u017cywali w Ko\u015bciele w Polsce jako dzie\u0144 pokuty i modlitwy za grzechy [&hellip;]<\/p>\n","protected":false},"author":15,"featured_media":147972,"comment_status":"closed","ping_status":"closed","sticky":false,"template":"","format":"standard","meta":{"_monsterinsights_skip_tracking":false,"_monsterinsights_sitenote_active":false,"_monsterinsights_sitenote_note":"","_monsterinsights_sitenote_category":0,"footnotes":"","_links_to":"","_links_to_target":""},"categories":[3,6,1,9],"tags":[8907,5399,8714,8906,4643],"class_list":["post-147823","post","type-post","status-publish","format-standard","has-post-thumbnail","hentry","category-gliwice","category-kultura","category-wszystko","category-aktualnosci_lokalne","tag-diecezja","tag-katedra","tag-ksiadz","tag-kuria","tag-molestowanie"],"yoast_head":"<!-- This site is optimized with the Yoast SEO plugin v27.5 - https:\/\/yoast.com\/product\/yoast-seo-wordpress\/ -->\n<title>B\u0119dzie nabo\u017ce\u0144stwo pokutne za molestowanie dzieci na terenie gliwickiej diecezji. Komunikat Kurii - 24GLIWICE - Portal Gliwice | codziennie nowe informacje<\/title>\n<meta name=\"robots\" content=\"index, follow, max-snippet:-1, max-image-preview:large, max-video-preview:-1\" \/>\n<link rel=\"canonical\" href=\"https:\/\/www.24gliwice.pl\/wiadomosci\/bedzie-nabozenstwo-pokutne-za-molestowanie-dzieci-na-terenie-gliwickiej-diecezji-komunikat-kurii\/\" \/>\n<meta property=\"og:locale\" content=\"pl_PL\" \/>\n<meta property=\"og:type\" content=\"article\" \/>\n<meta property=\"og:title\" content=\"B\u0119dzie nabo\u017ce\u0144stwo pokutne za molestowanie dzieci na terenie gliwickiej diecezji. Komunikat Kurii - 24GLIWICE - Portal Gliwice | codziennie nowe informacje\" \/>\n<meta property=\"og:description\" content=\"Kuria gliwicka zapowiedzia\u0142a nabo\u017ce\u0144stwo ekspiacyjne za grzechy wykorzystywania seksualnego ma\u0142oletnich, do kt\u00f3rych dosz\u0142o na terenie naszej diecezji. &#8220;Zach\u0119camy do zorganizowania w tym samym dniu podobnego nabo\u017ce\u0144stwa we wszystkich parafiach naszej diecezji&#8221; &#8211; czytamy w komunikacie Kurii &#8211; Pierwszy Pi\u0105tek nadchodz\u0105cego Wielkiego Postu b\u0119dziemy prze\u017cywali w Ko\u015bciele w Polsce jako dzie\u0144 pokuty i modlitwy za grzechy [&hellip;]\" \/>\n<meta property=\"og:url\" content=\"https:\/\/www.24gliwice.pl\/wiadomosci\/bedzie-nabozenstwo-pokutne-za-molestowanie-dzieci-na-terenie-gliwickiej-diecezji-komunikat-kurii\/\" \/>\n<meta property=\"og:site_name\" content=\"24GLIWICE - Portal Gliwice | codziennie nowe informacje\" \/>\n<meta property=\"article:publisher\" content=\"https:\/\/www.facebook.com\/24gliwice\" \/>\n<meta property=\"article:published_time\" content=\"2020-02-24T01:57:26+00:00\" \/>\n<meta property=\"article:modified_time\" content=\"2020-02-24T10:03:34+00:00\" \/>\n<meta property=\"og:image\" content=\"https:\/\/www.24gliwice.pl\/wiadomosci\/wp-content\/uploads\/2020\/02\/1-katedra-2.jpg\" \/>\n\t<meta property=\"og:image:width\" content=\"810\" \/>\n\t<meta property=\"og:image:height\" content=\"456\" \/>\n\t<meta property=\"og:image:type\" content=\"image\/jpeg\" \/>\n<meta name=\"author\" content=\"\u017baneta Mrozek-Siewierska\" \/>\n<meta name=\"twitter:card\" content=\"summary_large_image\" \/>\n<meta name=\"twitter:creator\" content=\"@24gliwice\" \/>\n<meta name=\"twitter:site\" content=\"@24gliwice\" \/>\n<meta name=\"twitter:label1\" content=\"Napisane przez\" \/>\n\t<meta name=\"twitter:data1\" content=\"\u017baneta Mrozek-Siewierska\" \/>\n\t<meta name=\"twitter:label2\" content=\"Szacowany czas czytania\" \/>\n\t<meta name=\"twitter:data2\" content=\"2 minuty\" \/>\n<script type=\"application\/ld+json\" class=\"yoast-schema-graph\">{\"@context\":\"https:\\\/\\\/schema.org\",\"@graph\":[{\"@type\":\"Article\",\"@id\":\"https:\\\/\\\/www.24gliwice.pl\\\/wiadomosci\\\/bedzie-nabozenstwo-pokutne-za-molestowanie-dzieci-na-terenie-gliwickiej-diecezji-komunikat-kurii\\\/#article\",\"isPartOf\":{\"@id\":\"https:\\\/\\\/www.24gliwice.pl\\\/wiadomosci\\\/bedzie-nabozenstwo-pokutne-za-molestowanie-dzieci-na-terenie-gliwickiej-diecezji-komunikat-kurii\\\/\"},\"author\":{\"name\":\"\u017baneta Mrozek-Siewierska\",\"@id\":\"https:\\\/\\\/www.24gliwice.pl\\\/wiadomosci\\\/#\\\/schema\\\/person\\\/e42c650edd7f2fa332be3811fb166b6e\"},\"headline\":\"B\u0119dzie nabo\u017ce\u0144stwo pokutne za molestowanie dzieci na terenie gliwickiej diecezji. Komunikat Kurii\",\"datePublished\":\"2020-02-24T01:57:26+00:00\",\"dateModified\":\"2020-02-24T10:03:34+00:00\",\"mainEntityOfPage\":{\"@id\":\"https:\\\/\\\/www.24gliwice.pl\\\/wiadomosci\\\/bedzie-nabozenstwo-pokutne-za-molestowanie-dzieci-na-terenie-gliwickiej-diecezji-komunikat-kurii\\\/\"},\"wordCount\":392,\"publisher\":{\"@id\":\"https:\\\/\\\/www.24gliwice.pl\\\/wiadomosci\\\/#organization\"},\"image\":{\"@id\":\"https:\\\/\\\/www.24gliwice.pl\\\/wiadomosci\\\/bedzie-nabozenstwo-pokutne-za-molestowanie-dzieci-na-terenie-gliwickiej-diecezji-komunikat-kurii\\\/#primaryimage\"},\"thumbnailUrl\":\"https:\\\/\\\/www.24gliwice.pl\\\/wiadomosci\\\/wp-content\\\/uploads\\\/2020\\\/02\\\/1-katedra-2.jpg\",\"keywords\":[\"diecezja\",\"katedra\",\"ksi\u0105dz\",\"kuria\",\"molestowanie\"],\"articleSection\":[\"Gliwice\",\"Kultura, wydarzenia, imprezy\",\"Najnowsze wiadomo\u015bci\",\"Portal Gliwice - Wiadomo\u015bci lokalne\"],\"inLanguage\":\"pl-PL\"},{\"@type\":\"WebPage\",\"@id\":\"https:\\\/\\\/www.24gliwice.pl\\\/wiadomosci\\\/bedzie-nabozenstwo-pokutne-za-molestowanie-dzieci-na-terenie-gliwickiej-diecezji-komunikat-kurii\\\/\",\"url\":\"https:\\\/\\\/www.24gliwice.pl\\\/wiadomosci\\\/bedzie-nabozenstwo-pokutne-za-molestowanie-dzieci-na-terenie-gliwickiej-diecezji-komunikat-kurii\\\/\",\"name\":\"B\u0119dzie nabo\u017ce\u0144stwo pokutne za molestowanie dzieci na terenie gliwickiej diecezji. Komunikat Kurii - 24GLIWICE - Portal Gliwice | codziennie nowe informacje\",\"isPartOf\":{\"@id\":\"https:\\\/\\\/www.24gliwice.pl\\\/wiadomosci\\\/#website\"},\"primaryImageOfPage\":{\"@id\":\"https:\\\/\\\/www.24gliwice.pl\\\/wiadomosci\\\/bedzie-nabozenstwo-pokutne-za-molestowanie-dzieci-na-terenie-gliwickiej-diecezji-komunikat-kurii\\\/#primaryimage\"},\"image\":{\"@id\":\"https:\\\/\\\/www.24gliwice.pl\\\/wiadomosci\\\/bedzie-nabozenstwo-pokutne-za-molestowanie-dzieci-na-terenie-gliwickiej-diecezji-komunikat-kurii\\\/#primaryimage\"},\"thumbnailUrl\":\"https:\\\/\\\/www.24gliwice.pl\\\/wiadomosci\\\/wp-content\\\/uploads\\\/2020\\\/02\\\/1-katedra-2.jpg\",\"datePublished\":\"2020-02-24T01:57:26+00:00\",\"dateModified\":\"2020-02-24T10:03:34+00:00\",\"breadcrumb\":{\"@id\":\"https:\\\/\\\/www.24gliwice.pl\\\/wiadomosci\\\/bedzie-nabozenstwo-pokutne-za-molestowanie-dzieci-na-terenie-gliwickiej-diecezji-komunikat-kurii\\\/#breadcrumb\"},\"inLanguage\":\"pl-PL\",\"potentialAction\":[{\"@type\":\"ReadAction\",\"target\":[\"https:\\\/\\\/www.24gliwice.pl\\\/wiadomosci\\\/bedzie-nabozenstwo-pokutne-za-molestowanie-dzieci-na-terenie-gliwickiej-diecezji-komunikat-kurii\\\/\"]}]},{\"@type\":\"ImageObject\",\"inLanguage\":\"pl-PL\",\"@id\":\"https:\\\/\\\/www.24gliwice.pl\\\/wiadomosci\\\/bedzie-nabozenstwo-pokutne-za-molestowanie-dzieci-na-terenie-gliwickiej-diecezji-komunikat-kurii\\\/#primaryimage\",\"url\":\"https:\\\/\\\/www.24gliwice.pl\\\/wiadomosci\\\/wp-content\\\/uploads\\\/2020\\\/02\\\/1-katedra-2.jpg\",\"contentUrl\":\"https:\\\/\\\/www.24gliwice.pl\\\/wiadomosci\\\/wp-content\\\/uploads\\\/2020\\\/02\\\/1-katedra-2.jpg\",\"width\":810,\"height\":456},{\"@type\":\"BreadcrumbList\",\"@id\":\"https:\\\/\\\/www.24gliwice.pl\\\/wiadomosci\\\/bedzie-nabozenstwo-pokutne-za-molestowanie-dzieci-na-terenie-gliwickiej-diecezji-komunikat-kurii\\\/#breadcrumb\",\"itemListElement\":[{\"@type\":\"ListItem\",\"position\":1,\"name\":\"Strona g\u0142\u00f3wna\",\"item\":\"https:\\\/\\\/www.24gliwice.pl\\\/wiadomosci\\\/\"},{\"@type\":\"ListItem\",\"position\":2,\"name\":\"B\u0119dzie nabo\u017ce\u0144stwo pokutne za molestowanie dzieci na terenie gliwickiej diecezji. Komunikat Kurii\"}]},{\"@type\":\"WebSite\",\"@id\":\"https:\\\/\\\/www.24gliwice.pl\\\/wiadomosci\\\/#website\",\"url\":\"https:\\\/\\\/www.24gliwice.pl\\\/wiadomosci\\\/\",\"name\":\"24GLIWICE - Portal Gliwice | codziennie nowe wiadomo\u015bci\",\"description\":\"Portal Miejski Gliwice\",\"publisher\":{\"@id\":\"https:\\\/\\\/www.24gliwice.pl\\\/wiadomosci\\\/#organization\"},\"potentialAction\":[{\"@type\":\"SearchAction\",\"target\":{\"@type\":\"EntryPoint\",\"urlTemplate\":\"https:\\\/\\\/www.24gliwice.pl\\\/wiadomosci\\\/?s={search_term_string}\"},\"query-input\":{\"@type\":\"PropertyValueSpecification\",\"valueRequired\":true,\"valueName\":\"search_term_string\"}}],\"inLanguage\":\"pl-PL\"},{\"@type\":\"Organization\",\"@id\":\"https:\\\/\\\/www.24gliwice.pl\\\/wiadomosci\\\/#organization\",\"name\":\"24gliwice\",\"url\":\"https:\\\/\\\/www.24gliwice.pl\\\/wiadomosci\\\/\",\"logo\":{\"@type\":\"ImageObject\",\"inLanguage\":\"pl-PL\",\"@id\":\"https:\\\/\\\/www.24gliwice.pl\\\/wiadomosci\\\/#\\\/schema\\\/logo\\\/image\\\/\",\"url\":\"https:\\\/\\\/www.24gliwice.pl\\\/wiadomosci\\\/wp-content\\\/uploads\\\/2024\\\/10\\\/24gliwice-logo-696.jpg\",\"contentUrl\":\"https:\\\/\\\/www.24gliwice.pl\\\/wiadomosci\\\/wp-content\\\/uploads\\\/2024\\\/10\\\/24gliwice-logo-696.jpg\",\"width\":696,\"height\":696,\"caption\":\"24gliwice\"},\"image\":{\"@id\":\"https:\\\/\\\/www.24gliwice.pl\\\/wiadomosci\\\/#\\\/schema\\\/logo\\\/image\\\/\"},\"sameAs\":[\"https:\\\/\\\/www.facebook.com\\\/24gliwice\",\"https:\\\/\\\/x.com\\\/24gliwice\",\"https:\\\/\\\/www.youtube.com\\\/@24gliwice\"]},{\"@type\":\"Person\",\"@id\":\"https:\\\/\\\/www.24gliwice.pl\\\/wiadomosci\\\/#\\\/schema\\\/person\\\/e42c650edd7f2fa332be3811fb166b6e\",\"name\":\"\u017baneta Mrozek-Siewierska\",\"image\":{\"@type\":\"ImageObject\",\"inLanguage\":\"pl-PL\",\"@id\":\"https:\\\/\\\/secure.gravatar.com\\\/avatar\\\/1881429e9c64597c77ad7aef2d0a19be69a3253e57534d16aa15bf3a4d34a0a3?s=96&d=mm&r=g\",\"url\":\"https:\\\/\\\/secure.gravatar.com\\\/avatar\\\/1881429e9c64597c77ad7aef2d0a19be69a3253e57534d16aa15bf3a4d34a0a3?s=96&d=mm&r=g\",\"contentUrl\":\"https:\\\/\\\/secure.gravatar.com\\\/avatar\\\/1881429e9c64597c77ad7aef2d0a19be69a3253e57534d16aa15bf3a4d34a0a3?s=96&d=mm&r=g\",\"caption\":\"\u017baneta Mrozek-Siewierska\"},\"url\":\"https:\\\/\\\/www.24gliwice.pl\\\/wiadomosci\\\/author\\\/zms\\\/\"}]}<\/script>\n<!-- \/ Yoast SEO plugin. -->","yoast_head_json":{"title":"B\u0119dzie nabo\u017ce\u0144stwo pokutne za molestowanie dzieci na terenie gliwickiej diecezji. Komunikat Kurii - 24GLIWICE - Portal Gliwice | codziennie nowe informacje","robots":{"index":"index","follow":"follow","max-snippet":"max-snippet:-1","max-image-preview":"max-image-preview:large","max-video-preview":"max-video-preview:-1"},"canonical":"https:\/\/www.24gliwice.pl\/wiadomosci\/bedzie-nabozenstwo-pokutne-za-molestowanie-dzieci-na-terenie-gliwickiej-diecezji-komunikat-kurii\/","og_locale":"pl_PL","og_type":"article","og_title":"B\u0119dzie nabo\u017ce\u0144stwo pokutne za molestowanie dzieci na terenie gliwickiej diecezji. Komunikat Kurii - 24GLIWICE - Portal Gliwice | codziennie nowe informacje","og_description":"Kuria gliwicka zapowiedzia\u0142a nabo\u017ce\u0144stwo ekspiacyjne za grzechy wykorzystywania seksualnego ma\u0142oletnich, do kt\u00f3rych dosz\u0142o na terenie naszej diecezji. &#8220;Zach\u0119camy do zorganizowania w tym samym dniu podobnego nabo\u017ce\u0144stwa we wszystkich parafiach naszej diecezji&#8221; &#8211; czytamy w komunikacie Kurii &#8211; Pierwszy Pi\u0105tek nadchodz\u0105cego Wielkiego Postu b\u0119dziemy prze\u017cywali w Ko\u015bciele w Polsce jako dzie\u0144 pokuty i modlitwy za grzechy [&hellip;]","og_url":"https:\/\/www.24gliwice.pl\/wiadomosci\/bedzie-nabozenstwo-pokutne-za-molestowanie-dzieci-na-terenie-gliwickiej-diecezji-komunikat-kurii\/","og_site_name":"24GLIWICE - Portal Gliwice | codziennie nowe informacje","article_publisher":"https:\/\/www.facebook.com\/24gliwice","article_published_time":"2020-02-24T01:57:26+00:00","article_modified_time":"2020-02-24T10:03:34+00:00","og_image":[{"width":810,"height":456,"url":"https:\/\/www.24gliwice.pl\/wiadomosci\/wp-content\/uploads\/2020\/02\/1-katedra-2.jpg","type":"image\/jpeg"}],"author":"\u017baneta Mrozek-Siewierska","twitter_card":"summary_large_image","twitter_creator":"@24gliwice","twitter_site":"@24gliwice","twitter_misc":{"Napisane przez":"\u017baneta Mrozek-Siewierska","Szacowany czas czytania":"2 minuty"},"schema":{"@context":"https:\/\/schema.org","@graph":[{"@type":"Article","@id":"https:\/\/www.24gliwice.pl\/wiadomosci\/bedzie-nabozenstwo-pokutne-za-molestowanie-dzieci-na-terenie-gliwickiej-diecezji-komunikat-kurii\/#article","isPartOf":{"@id":"https:\/\/www.24gliwice.pl\/wiadomosci\/bedzie-nabozenstwo-pokutne-za-molestowanie-dzieci-na-terenie-gliwickiej-diecezji-komunikat-kurii\/"},"author":{"name":"\u017baneta Mrozek-Siewierska","@id":"https:\/\/www.24gliwice.pl\/wiadomosci\/#\/schema\/person\/e42c650edd7f2fa332be3811fb166b6e"},"headline":"B\u0119dzie nabo\u017ce\u0144stwo pokutne za molestowanie dzieci na terenie gliwickiej diecezji. Komunikat Kurii","datePublished":"2020-02-24T01:57:26+00:00","dateModified":"2020-02-24T10:03:34+00:00","mainEntityOfPage":{"@id":"https:\/\/www.24gliwice.pl\/wiadomosci\/bedzie-nabozenstwo-pokutne-za-molestowanie-dzieci-na-terenie-gliwickiej-diecezji-komunikat-kurii\/"},"wordCount":392,"publisher":{"@id":"https:\/\/www.24gliwice.pl\/wiadomosci\/#organization"},"image":{"@id":"https:\/\/www.24gliwice.pl\/wiadomosci\/bedzie-nabozenstwo-pokutne-za-molestowanie-dzieci-na-terenie-gliwickiej-diecezji-komunikat-kurii\/#primaryimage"},"thumbnailUrl":"https:\/\/www.24gliwice.pl\/wiadomosci\/wp-content\/uploads\/2020\/02\/1-katedra-2.jpg","keywords":["diecezja","katedra","ksi\u0105dz","kuria","molestowanie"],"articleSection":["Gliwice","Kultura, wydarzenia, imprezy","Najnowsze wiadomo\u015bci","Portal Gliwice - Wiadomo\u015bci lokalne"],"inLanguage":"pl-PL"},{"@type":"WebPage","@id":"https:\/\/www.24gliwice.pl\/wiadomosci\/bedzie-nabozenstwo-pokutne-za-molestowanie-dzieci-na-terenie-gliwickiej-diecezji-komunikat-kurii\/","url":"https:\/\/www.24gliwice.pl\/wiadomosci\/bedzie-nabozenstwo-pokutne-za-molestowanie-dzieci-na-terenie-gliwickiej-diecezji-komunikat-kurii\/","name":"B\u0119dzie nabo\u017ce\u0144stwo pokutne za molestowanie dzieci na terenie gliwickiej diecezji. Komunikat Kurii - 24GLIWICE - Portal Gliwice | codziennie nowe informacje","isPartOf":{"@id":"https:\/\/www.24gliwice.pl\/wiadomosci\/#website"},"primaryImageOfPage":{"@id":"https:\/\/www.24gliwice.pl\/wiadomosci\/bedzie-nabozenstwo-pokutne-za-molestowanie-dzieci-na-terenie-gliwickiej-diecezji-komunikat-kurii\/#primaryimage"},"image":{"@id":"https:\/\/www.24gliwice.pl\/wiadomosci\/bedzie-nabozenstwo-pokutne-za-molestowanie-dzieci-na-terenie-gliwickiej-diecezji-komunikat-kurii\/#primaryimage"},"thumbnailUrl":"https:\/\/www.24gliwice.pl\/wiadomosci\/wp-content\/uploads\/2020\/02\/1-katedra-2.jpg","datePublished":"2020-02-24T01:57:26+00:00","dateModified":"2020-02-24T10:03:34+00:00","breadcrumb":{"@id":"https:\/\/www.24gliwice.pl\/wiadomosci\/bedzie-nabozenstwo-pokutne-za-molestowanie-dzieci-na-terenie-gliwickiej-diecezji-komunikat-kurii\/#breadcrumb"},"inLanguage":"pl-PL","potentialAction":[{"@type":"ReadAction","target":["https:\/\/www.24gliwice.pl\/wiadomosci\/bedzie-nabozenstwo-pokutne-za-molestowanie-dzieci-na-terenie-gliwickiej-diecezji-komunikat-kurii\/"]}]},{"@type":"ImageObject","inLanguage":"pl-PL","@id":"https:\/\/www.24gliwice.pl\/wiadomosci\/bedzie-nabozenstwo-pokutne-za-molestowanie-dzieci-na-terenie-gliwickiej-diecezji-komunikat-kurii\/#primaryimage","url":"https:\/\/www.24gliwice.pl\/wiadomosci\/wp-content\/uploads\/2020\/02\/1-katedra-2.jpg","contentUrl":"https:\/\/www.24gliwice.pl\/wiadomosci\/wp-content\/uploads\/2020\/02\/1-katedra-2.jpg","width":810,"height":456},{"@type":"BreadcrumbList","@id":"https:\/\/www.24gliwice.pl\/wiadomosci\/bedzie-nabozenstwo-pokutne-za-molestowanie-dzieci-na-terenie-gliwickiej-diecezji-komunikat-kurii\/#breadcrumb","itemListElement":[{"@type":"ListItem","position":1,"name":"Strona g\u0142\u00f3wna","item":"https:\/\/www.24gliwice.pl\/wiadomosci\/"},{"@type":"ListItem","position":2,"name":"B\u0119dzie nabo\u017ce\u0144stwo pokutne za molestowanie dzieci na terenie gliwickiej diecezji. Komunikat Kurii"}]},{"@type":"WebSite","@id":"https:\/\/www.24gliwice.pl\/wiadomosci\/#website","url":"https:\/\/www.24gliwice.pl\/wiadomosci\/","name":"24GLIWICE - Portal Gliwice | codziennie nowe wiadomo\u015bci","description":"Portal Miejski Gliwice","publisher":{"@id":"https:\/\/www.24gliwice.pl\/wiadomosci\/#organization"},"potentialAction":[{"@type":"SearchAction","target":{"@type":"EntryPoint","urlTemplate":"https:\/\/www.24gliwice.pl\/wiadomosci\/?s={search_term_string}"},"query-input":{"@type":"PropertyValueSpecification","valueRequired":true,"valueName":"search_term_string"}}],"inLanguage":"pl-PL"},{"@type":"Organization","@id":"https:\/\/www.24gliwice.pl\/wiadomosci\/#organization","name":"24gliwice","url":"https:\/\/www.24gliwice.pl\/wiadomosci\/","logo":{"@type":"ImageObject","inLanguage":"pl-PL","@id":"https:\/\/www.24gliwice.pl\/wiadomosci\/#\/schema\/logo\/image\/","url":"https:\/\/www.24gliwice.pl\/wiadomosci\/wp-content\/uploads\/2024\/10\/24gliwice-logo-696.jpg","contentUrl":"https:\/\/www.24gliwice.pl\/wiadomosci\/wp-content\/uploads\/2024\/10\/24gliwice-logo-696.jpg","width":696,"height":696,"caption":"24gliwice"},"image":{"@id":"https:\/\/www.24gliwice.pl\/wiadomosci\/#\/schema\/logo\/image\/"},"sameAs":["https:\/\/www.facebook.com\/24gliwice","https:\/\/x.com\/24gliwice","https:\/\/www.youtube.com\/@24gliwice"]},{"@type":"Person","@id":"https:\/\/www.24gliwice.pl\/wiadomosci\/#\/schema\/person\/e42c650edd7f2fa332be3811fb166b6e","name":"\u017baneta Mrozek-Siewierska","image":{"@type":"ImageObject","inLanguage":"pl-PL","@id":"https:\/\/secure.gravatar.com\/avatar\/1881429e9c64597c77ad7aef2d0a19be69a3253e57534d16aa15bf3a4d34a0a3?s=96&d=mm&r=g","url":"https:\/\/secure.gravatar.com\/avatar\/1881429e9c64597c77ad7aef2d0a19be69a3253e57534d16aa15bf3a4d34a0a3?s=96&d=mm&r=g","contentUrl":"https:\/\/secure.gravatar.com\/avatar\/1881429e9c64597c77ad7aef2d0a19be69a3253e57534d16aa15bf3a4d34a0a3?s=96&d=mm&r=g","caption":"\u017baneta Mrozek-Siewierska"},"url":"https:\/\/www.24gliwice.pl\/wiadomosci\/author\/zms\/"}]}},"_links":{"self":[{"href":"https:\/\/www.24gliwice.pl\/wiadomosci\/wp-json\/wp\/v2\/posts\/147823","targetHints":{"allow":["GET"]}}],"collection":[{"href":"https:\/\/www.24gliwice.pl\/wiadomosci\/wp-json\/wp\/v2\/posts"}],"about":[{"href":"https:\/\/www.24gliwice.pl\/wiadomosci\/wp-json\/wp\/v2\/types\/post"}],"author":[{"embeddable":true,"href":"https:\/\/www.24gliwice.pl\/wiadomosci\/wp-json\/wp\/v2\/users\/15"}],"replies":[{"embeddable":true,"href":"https:\/\/www.24gliwice.pl\/wiadomosci\/wp-json\/wp\/v2\/comments?post=147823"}],"version-history":[{"count":0,"href":"https:\/\/www.24gliwice.pl\/wiadomosci\/wp-json\/wp\/v2\/posts\/147823\/revisions"}],"wp:featuredmedia":[{"embeddable":true,"href":"https:\/\/www.24gliwice.pl\/wiadomosci\/wp-json\/wp\/v2\/media\/147972"}],"wp:attachment":[{"href":"https:\/\/www.24gliwice.pl\/wiadomosci\/wp-json\/wp\/v2\/media?parent=147823"}],"wp:term":[{"taxonomy":"category","embeddable":true,"href":"https:\/\/www.24gliwice.pl\/wiadomosci\/wp-json\/wp\/v2\/categories?post=147823"},{"taxonomy":"post_tag","embeddable":true,"href":"https:\/\/www.24gliwice.pl\/wiadomosci\/wp-json\/wp\/v2\/tags?post=147823"}],"curies":[{"name":"wp","href":"https:\/\/api.w.org\/{rel}","templated":true}]}}