{"id":148036,"date":"2020-02-25T12:25:14","date_gmt":"2020-02-25T11:25:14","guid":{"rendered":"https:\/\/www.24gliwice.pl\/wiadomosci\/?p=148036"},"modified":"2020-02-25T16:45:14","modified_gmt":"2020-02-25T15:45:14","slug":"platne-parkingi-przy-marketach-w-calej-polsce-na-cenzurowanym-sprawie-przyglada-sie-uokik","status":"publish","type":"post","link":"https:\/\/www.24gliwice.pl\/wiadomosci\/platne-parkingi-przy-marketach-w-calej-polsce-na-cenzurowanym-sprawie-przyglada-sie-uokik\/","title":{"rendered":"P\u0142atne parkingi przy marketach w ca\u0142ej Polsce na cenzurowanym. Sprawie przygl\u0105da si\u0119 UOKiK"},"content":{"rendered":"<div class=\"gliwi-a6-nad-leadem-artykulow gliwi-entity-placement\" id=\"gliwi-2485728957\"><div class=\"gliwi-adlabel\"><span style=\"font-size: 9px\">REKLAMA<\/span><\/div><div id=\"gliwi-523877375\" style=\"margin-bottom: 25px;margin-left: auto;margin-right: auto;text-align: center;\"><a data-no-instant=\"1\" href=\"https:\/\/dom100.eu\/\" rel=\"noopener\" class=\"a2t-link\" target=\"_blank\" aria-label=\"20260415 DOM100 D\"><img loading=\"lazy\" decoding=\"async\" src=\"https:\/\/www.24gliwice.pl\/wiadomosci\/wp-content\/uploads\/2026\/04\/20260415-DOM100-D.jpg\" alt=\"\"  srcset=\"https:\/\/www.24gliwice.pl\/wiadomosci\/wp-content\/uploads\/2026\/04\/20260415-DOM100-D.jpg 750w, https:\/\/www.24gliwice.pl\/wiadomosci\/wp-content\/uploads\/2026\/04\/20260415-DOM100-D-410x109.jpg 410w\" sizes=\"(max-width: 750px) 100vw, 750px\" class=\"no-lazyload\" width=\"750\" height=\"200\"  style=\"display: inline-block; max-width: 100%; height: auto;\" \/><\/a><\/div><\/div><h3>Parkingowe pu\u0142apki zna ju\u017c pewnie wi\u0119kszo\u015b\u0107 kierowc\u00f3w. Pojawiaj\u0105 si\u0119 w r\u00f3\u017cnych miejscach, czasem na osiedlach, a ostatnio coraz cz\u0119\u015bciej przy marketach. Wystarczy przeoczy\u0107 nie zawsze dobrze widoczn\u0105 tablic\u0119 ostrzegawcz\u0105 i chwila parkowania mo\u017ce nas s\u0142ono kosztowa\u0107.<\/h3>\n<p>Do Urz\u0119du Ochrony Konkurencji i Konsument\u00f3w w ubieg\u0142ym roku dotar\u0142o ponad sto sygna\u0142\u00f3w od konsument\u00f3w, dotycz\u0105cych parking\u00f3w przy sklepach Biedronka i Aldi. O nieprawid\u0142owo\u015bciach i negatywnych do\u015bwiadczeniach klient\u00f3w sklep\u00f3w informowali r\u00f3wnie\u017c rzecznicy konsument\u00f3w. Parkingami tymi zarz\u0105dza mi\u0119dzy innymi sp\u00f3\u0142ka TD System. Klienci zwracaj\u0105 uwag\u0119 na niejasne zasady korzystania z parkingu, z\u0142e oznakowanie a tak\u017ce skar\u017c\u0105 si\u0119 na to, \u017ce firma odmawia uznania reklamacji.<\/p>\n<p>Cho\u0107 pierwsze 60 lub 90 minut parkowania (w zale\u017cno\u015bci od lokalizacji parkingu) dla klient\u00f3w sklepu jest bezp\u0142atne, aby z tego skorzysta\u0107, trzeba pobra\u0107 bilet parkingowy z parkomatu i umie\u015bci\u0107 go za przedni\u0105 szyb\u0105 samochodu w dobrze widocznym miejscu. Je\u015bli klient sklepu tego nie zrobi, zarz\u0105dca parkingu nalicza wysok\u0105 op\u0142at\u0119, nawet 150 z\u0142.<\/p><div class=\"gliwi-a3-w-tresci-artykulow gliwi-entity-placement\" id=\"gliwi-3999242436\"><div class=\"gliwi-adlabel\"><span style=\"font-size: 9px\">REKLAMA<\/span><\/div><div id=\"gliwi-3674383626\" style=\"margin-bottom: 30px;margin-left: auto;margin-right: auto;text-align: center;\"><a data-no-instant=\"1\" href=\"https:\/\/zlobek.halogen.org.pl\/\" rel=\"noopener\" class=\"a2t-link\" target=\"_blank\" aria-label=\"animator-zlobek_750x200\"><img loading=\"lazy\" decoding=\"async\" src=\"https:\/\/www.24gliwice.pl\/wiadomosci\/wp-content\/uploads\/2026\/02\/animator-zlobek_750x200.webp\" alt=\"\"  srcset=\"https:\/\/www.24gliwice.pl\/wiadomosci\/wp-content\/uploads\/2026\/02\/animator-zlobek_750x200.webp 750w, https:\/\/www.24gliwice.pl\/wiadomosci\/wp-content\/uploads\/2026\/02\/animator-zlobek_750x200-410x109.webp 410w\" sizes=\"(max-width: 750px) 100vw, 750px\" class=\"no-lazyload\" width=\"750\" height=\"200\"  style=\"display: inline-block; max-width: 100%; height: auto;\" \/><\/a><\/div><\/div>\n<h4>Ze skarg wynika, \u017ce parkingi s\u0105 niew\u0142a\u015bciwie oznakowane, przez co klienci nie wiedz\u0105, \u017ce nale\u017cy pobra\u0107 bilet.<\/h4>\n<p> Cz\u0119sto zdarza si\u0119 te\u017c, \u017ce drukuj\u0105 bilet, ale nie umieszczaj\u0105 go we wskazanym miejscu \u2013 na przyk\u0142ad zabieraj\u0105 go ze sob\u0105. Ich reklamacja jest p\u00f3\u017aniej rozpatrywana negatywnie, mimo \u017ce przesy\u0142aj\u0105 firmie bilet i paragon ze sklepu. Firma jest nieugi\u0119ta r\u00f3wnie\u017c w sytuacjach, gdy konsument zostawi\u0142 bilet w samochodzie, ale ten przy zamykaniu drzwi zsun\u0105\u0142 si\u0119 z deski rozdzielczej na pod\u0142og\u0119. Zdarza si\u0119 r\u00f3wnie\u017c, \u017ce zanim zd\u0105\u017c\u0105 pobra\u0107 bilet i wr\u00f3ci\u0107 z nim do samochodu, obs\u0142uga parkingu wystawia wezwanie do zap\u0142aty.<\/p>\n<p><em>&#8211; Konsument nie mo\u017ce by\u0107 wprowadzani w b\u0142\u0105d. Absolutnie niedopuszczalna jest sytuacja, gdy parking jest \u017ale oznakowany i korzystaj\u0105cy nie wie, czego si\u0119 od niego wymaga. Oczekiwanie w takich sytuacjach p\u0142atno\u015bci, zw\u0142aszcza w du\u017cej wysoko\u015bci, jest nieprzyzwoite. Podstawowym prawem konsumenta jest prawo do informacji. W post\u0119powaniu zweryfikujemy pod tym k\u0105tem regulaminy i praktyki zarz\u0105dcy parking\u00f3w przy sklepach Biedronka i Aldi. <\/em>\u2013 m\u00f3wi <strong>Tomasz Chr\u00f3stny<\/strong>, prezes UOKiK.<\/p>\n<p>Prezes Urz\u0119du przygl\u0105da si\u0119 dzia\u0142aniom firmy TD System i analizuje, czy nie naruszaj\u0105 one zbiorowych interes\u00f3w konsument\u00f3w, co da\u0142oby podstawy do wszcz\u0119cia post\u0119powania w\u0142a\u015bciwego. Na razie post\u0119powanie wyja\u015bniaj\u0105ce prowadzone jest w sprawie, a nie przeciwko konkretnemu przedsi\u0119biorcy. Nie wykluczamy kolejnych dzia\u0142a\u0144 dotycz\u0105cych tak\u017ce parking\u00f3w przy innych sieciach.<\/p>\n<h4>Na koniec dobra rada.<\/h4>\n<p> Je\u015bli parkujesz przed sklepem, innym obiektem lub na terenie prywatnym, zwracaj uwag\u0119 na regulaminy i tablice informacyjne. Je\u015bli dosta\u0142e\u015b wezwanie do zap\u0142aty i odrzucono twoj\u0105 reklamacj\u0119, szukaj bezp\u0142atnej pomocy u rzecznika konsument\u00f3w. Wejd\u017a <a href=\"https:\/\/www.uokik.gov.pl\/pomoc.php\" rel=\"noopener noreferrer\" target=\"_blank\">TUTAJ<\/a>, a dowiesz si\u0119, gdzie w twoim mie\u015bcie znajdziesz bezp\u0142atn\u0105 pomoc prawn\u0105.<\/p>\n<p>mf\/mat. pras. UOKiK<\/p>\n<div class=\"gliwi-a5-na-koncu-artykulow gliwi-entity-placement\" id=\"gliwi-299285779\"><div class=\"gliwi-adlabel\"><span style=\"font-size: 9px\">REKLAMA<\/span><\/div><div id=\"gliwi-4065568498\" style=\"margin-left: auto;margin-right: auto;text-align: center;\"><a data-no-instant=\"1\" href=\"https:\/\/www.jasek.pl\/\" rel=\"noopener\" class=\"a2t-link\" target=\"_blank\" aria-label=\"20200401-jasek 600\"><img loading=\"lazy\" decoding=\"async\" src=\"https:\/\/www.24gliwice.pl\/wiadomosci\/wp-content\/uploads\/2020\/04\/20200401-jasek-600.jpg\" alt=\"\"  srcset=\"https:\/\/www.24gliwice.pl\/wiadomosci\/wp-content\/uploads\/2020\/04\/20200401-jasek-600.jpg 600w, https:\/\/www.24gliwice.pl\/wiadomosci\/wp-content\/uploads\/2020\/04\/20200401-jasek-600-410x109.jpg 410w\" sizes=\"(max-width: 600px) 100vw, 600px\" class=\"no-lazyload\" width=\"600\" height=\"160\"  style=\"display: inline-block; max-width: 100%; height: auto;\" \/><\/a><\/div><\/div>","protected":false},"excerpt":{"rendered":"<p>Parkingowe pu\u0142apki zna ju\u017c pewnie wi\u0119kszo\u015b\u0107 kierowc\u00f3w. Pojawiaj\u0105 si\u0119 w r\u00f3\u017cnych miejscach, czasem na osiedlach, a ostatnio coraz cz\u0119\u015bciej przy marketach. Wystarczy przeoczy\u0107 nie zawsze dobrze widoczn\u0105 tablic\u0119 ostrzegawcz\u0105 i chwila parkowania mo\u017ce nas s\u0142ono kosztowa\u0107. Do Urz\u0119du Ochrony Konkurencji i Konsument\u00f3w w ubieg\u0142ym roku dotar\u0142o ponad sto sygna\u0142\u00f3w od konsument\u00f3w, dotycz\u0105cych parking\u00f3w przy sklepach [&hellip;]<\/p>\n","protected":false},"author":4,"featured_media":148071,"comment_status":"open","ping_status":"closed","sticky":false,"template":"","format":"standard","meta":{"_monsterinsights_skip_tracking":false,"_monsterinsights_sitenote_active":false,"_monsterinsights_sitenote_note":"","_monsterinsights_sitenote_category":0,"footnotes":"","_links_to":"","_links_to_target":""},"categories":[3,1,9],"tags":[9509,11626,1170,2467,8350],"class_list":["post-148036","post","type-post","status-publish","format-standard","has-post-thumbnail","hentry","category-gliwice","category-wszystko","category-aktualnosci_lokalne","tag-aldi","tag-biedronka","tag-parking","tag-parkowanie","tag-uokik"],"yoast_head":"<!-- This site is optimized with the Yoast SEO plugin v27.5 - https:\/\/yoast.com\/product\/yoast-seo-wordpress\/ -->\n<title>P\u0142atne parkingi przy marketach w ca\u0142ej Polsce na cenzurowanym. Sprawie przygl\u0105da si\u0119 UOKiK - 24GLIWICE - Portal Gliwice | codziennie nowe informacje<\/title>\n<meta name=\"robots\" content=\"index, follow, max-snippet:-1, max-image-preview:large, max-video-preview:-1\" \/>\n<link rel=\"canonical\" href=\"https:\/\/www.24gliwice.pl\/wiadomosci\/platne-parkingi-przy-marketach-w-calej-polsce-na-cenzurowanym-sprawie-przyglada-sie-uokik\/\" \/>\n<meta property=\"og:locale\" content=\"pl_PL\" \/>\n<meta property=\"og:type\" content=\"article\" \/>\n<meta property=\"og:title\" content=\"P\u0142atne parkingi przy marketach w ca\u0142ej Polsce na cenzurowanym. Sprawie przygl\u0105da si\u0119 UOKiK - 24GLIWICE - Portal Gliwice | codziennie nowe informacje\" \/>\n<meta property=\"og:description\" content=\"Parkingowe pu\u0142apki zna ju\u017c pewnie wi\u0119kszo\u015b\u0107 kierowc\u00f3w. Pojawiaj\u0105 si\u0119 w r\u00f3\u017cnych miejscach, czasem na osiedlach, a ostatnio coraz cz\u0119\u015bciej przy marketach. Wystarczy przeoczy\u0107 nie zawsze dobrze widoczn\u0105 tablic\u0119 ostrzegawcz\u0105 i chwila parkowania mo\u017ce nas s\u0142ono kosztowa\u0107. Do Urz\u0119du Ochrony Konkurencji i Konsument\u00f3w w ubieg\u0142ym roku dotar\u0142o ponad sto sygna\u0142\u00f3w od konsument\u00f3w, dotycz\u0105cych parking\u00f3w przy sklepach [&hellip;]\" \/>\n<meta property=\"og:url\" content=\"https:\/\/www.24gliwice.pl\/wiadomosci\/platne-parkingi-przy-marketach-w-calej-polsce-na-cenzurowanym-sprawie-przyglada-sie-uokik\/\" \/>\n<meta property=\"og:site_name\" content=\"24GLIWICE - Portal Gliwice | codziennie nowe informacje\" \/>\n<meta property=\"article:publisher\" content=\"https:\/\/www.facebook.com\/24gliwice\" \/>\n<meta property=\"article:author\" content=\"https:\/\/www.facebook.com\/marcin.fabrykowski\" \/>\n<meta property=\"article:published_time\" content=\"2020-02-25T11:25:14+00:00\" \/>\n<meta property=\"article:modified_time\" content=\"2020-02-25T15:45:14+00:00\" \/>\n<meta property=\"og:image\" content=\"https:\/\/www.24gliwice.pl\/wiadomosci\/wp-content\/uploads\/2020\/02\/1-parking-biedronka-001.jpg\" \/>\n\t<meta property=\"og:image:width\" content=\"810\" \/>\n\t<meta property=\"og:image:height\" content=\"427\" \/>\n\t<meta property=\"og:image:type\" content=\"image\/jpeg\" \/>\n<meta name=\"author\" content=\"Marcin Fabrykowski\" \/>\n<meta name=\"twitter:card\" content=\"summary_large_image\" \/>\n<meta name=\"twitter:creator\" content=\"@24gliwice\" \/>\n<meta name=\"twitter:site\" content=\"@24gliwice\" \/>\n<meta name=\"twitter:label1\" content=\"Napisane przez\" \/>\n\t<meta name=\"twitter:data1\" content=\"Marcin Fabrykowski\" \/>\n\t<meta name=\"twitter:label2\" content=\"Szacowany czas czytania\" \/>\n\t<meta name=\"twitter:data2\" content=\"2 minuty\" \/>\n<script type=\"application\/ld+json\" class=\"yoast-schema-graph\">{\"@context\":\"https:\\\/\\\/schema.org\",\"@graph\":[{\"@type\":\"Article\",\"@id\":\"https:\\\/\\\/www.24gliwice.pl\\\/wiadomosci\\\/platne-parkingi-przy-marketach-w-calej-polsce-na-cenzurowanym-sprawie-przyglada-sie-uokik\\\/#article\",\"isPartOf\":{\"@id\":\"https:\\\/\\\/www.24gliwice.pl\\\/wiadomosci\\\/platne-parkingi-przy-marketach-w-calej-polsce-na-cenzurowanym-sprawie-przyglada-sie-uokik\\\/\"},\"author\":{\"name\":\"Marcin Fabrykowski\",\"@id\":\"https:\\\/\\\/www.24gliwice.pl\\\/wiadomosci\\\/#\\\/schema\\\/person\\\/cb5857e4a4d048c15984c1edcc8ef0c0\"},\"headline\":\"P\u0142atne parkingi przy marketach w ca\u0142ej Polsce na cenzurowanym. Sprawie przygl\u0105da si\u0119 UOKiK\",\"datePublished\":\"2020-02-25T11:25:14+00:00\",\"dateModified\":\"2020-02-25T15:45:14+00:00\",\"mainEntityOfPage\":{\"@id\":\"https:\\\/\\\/www.24gliwice.pl\\\/wiadomosci\\\/platne-parkingi-przy-marketach-w-calej-polsce-na-cenzurowanym-sprawie-przyglada-sie-uokik\\\/\"},\"wordCount\":514,\"commentCount\":0,\"publisher\":{\"@id\":\"https:\\\/\\\/www.24gliwice.pl\\\/wiadomosci\\\/#organization\"},\"image\":{\"@id\":\"https:\\\/\\\/www.24gliwice.pl\\\/wiadomosci\\\/platne-parkingi-przy-marketach-w-calej-polsce-na-cenzurowanym-sprawie-przyglada-sie-uokik\\\/#primaryimage\"},\"thumbnailUrl\":\"https:\\\/\\\/www.24gliwice.pl\\\/wiadomosci\\\/wp-content\\\/uploads\\\/2020\\\/02\\\/1-parking-biedronka-001.jpg\",\"keywords\":[\"ALDI\",\"biedronka\",\"PARKING\",\"PARKOWANIE\",\"uokik\"],\"articleSection\":[\"Gliwice\",\"Najnowsze wiadomo\u015bci\",\"Portal Gliwice - Wiadomo\u015bci lokalne\"],\"inLanguage\":\"pl-PL\",\"potentialAction\":[{\"@type\":\"CommentAction\",\"name\":\"Comment\",\"target\":[\"https:\\\/\\\/www.24gliwice.pl\\\/wiadomosci\\\/platne-parkingi-przy-marketach-w-calej-polsce-na-cenzurowanym-sprawie-przyglada-sie-uokik\\\/#respond\"]}]},{\"@type\":\"WebPage\",\"@id\":\"https:\\\/\\\/www.24gliwice.pl\\\/wiadomosci\\\/platne-parkingi-przy-marketach-w-calej-polsce-na-cenzurowanym-sprawie-przyglada-sie-uokik\\\/\",\"url\":\"https:\\\/\\\/www.24gliwice.pl\\\/wiadomosci\\\/platne-parkingi-przy-marketach-w-calej-polsce-na-cenzurowanym-sprawie-przyglada-sie-uokik\\\/\",\"name\":\"P\u0142atne parkingi przy marketach w ca\u0142ej Polsce na cenzurowanym. Sprawie przygl\u0105da si\u0119 UOKiK - 24GLIWICE - Portal Gliwice | codziennie nowe informacje\",\"isPartOf\":{\"@id\":\"https:\\\/\\\/www.24gliwice.pl\\\/wiadomosci\\\/#website\"},\"primaryImageOfPage\":{\"@id\":\"https:\\\/\\\/www.24gliwice.pl\\\/wiadomosci\\\/platne-parkingi-przy-marketach-w-calej-polsce-na-cenzurowanym-sprawie-przyglada-sie-uokik\\\/#primaryimage\"},\"image\":{\"@id\":\"https:\\\/\\\/www.24gliwice.pl\\\/wiadomosci\\\/platne-parkingi-przy-marketach-w-calej-polsce-na-cenzurowanym-sprawie-przyglada-sie-uokik\\\/#primaryimage\"},\"thumbnailUrl\":\"https:\\\/\\\/www.24gliwice.pl\\\/wiadomosci\\\/wp-content\\\/uploads\\\/2020\\\/02\\\/1-parking-biedronka-001.jpg\",\"datePublished\":\"2020-02-25T11:25:14+00:00\",\"dateModified\":\"2020-02-25T15:45:14+00:00\",\"breadcrumb\":{\"@id\":\"https:\\\/\\\/www.24gliwice.pl\\\/wiadomosci\\\/platne-parkingi-przy-marketach-w-calej-polsce-na-cenzurowanym-sprawie-przyglada-sie-uokik\\\/#breadcrumb\"},\"inLanguage\":\"pl-PL\",\"potentialAction\":[{\"@type\":\"ReadAction\",\"target\":[\"https:\\\/\\\/www.24gliwice.pl\\\/wiadomosci\\\/platne-parkingi-przy-marketach-w-calej-polsce-na-cenzurowanym-sprawie-przyglada-sie-uokik\\\/\"]}]},{\"@type\":\"ImageObject\",\"inLanguage\":\"pl-PL\",\"@id\":\"https:\\\/\\\/www.24gliwice.pl\\\/wiadomosci\\\/platne-parkingi-przy-marketach-w-calej-polsce-na-cenzurowanym-sprawie-przyglada-sie-uokik\\\/#primaryimage\",\"url\":\"https:\\\/\\\/www.24gliwice.pl\\\/wiadomosci\\\/wp-content\\\/uploads\\\/2020\\\/02\\\/1-parking-biedronka-001.jpg\",\"contentUrl\":\"https:\\\/\\\/www.24gliwice.pl\\\/wiadomosci\\\/wp-content\\\/uploads\\\/2020\\\/02\\\/1-parking-biedronka-001.jpg\",\"width\":810,\"height\":427},{\"@type\":\"BreadcrumbList\",\"@id\":\"https:\\\/\\\/www.24gliwice.pl\\\/wiadomosci\\\/platne-parkingi-przy-marketach-w-calej-polsce-na-cenzurowanym-sprawie-przyglada-sie-uokik\\\/#breadcrumb\",\"itemListElement\":[{\"@type\":\"ListItem\",\"position\":1,\"name\":\"Strona g\u0142\u00f3wna\",\"item\":\"https:\\\/\\\/www.24gliwice.pl\\\/wiadomosci\\\/\"},{\"@type\":\"ListItem\",\"position\":2,\"name\":\"P\u0142atne parkingi przy marketach w ca\u0142ej Polsce na cenzurowanym. Sprawie przygl\u0105da si\u0119 UOKiK\"}]},{\"@type\":\"WebSite\",\"@id\":\"https:\\\/\\\/www.24gliwice.pl\\\/wiadomosci\\\/#website\",\"url\":\"https:\\\/\\\/www.24gliwice.pl\\\/wiadomosci\\\/\",\"name\":\"24GLIWICE - Portal Gliwice | codziennie nowe wiadomo\u015bci\",\"description\":\"Portal Miejski Gliwice\",\"publisher\":{\"@id\":\"https:\\\/\\\/www.24gliwice.pl\\\/wiadomosci\\\/#organization\"},\"potentialAction\":[{\"@type\":\"SearchAction\",\"target\":{\"@type\":\"EntryPoint\",\"urlTemplate\":\"https:\\\/\\\/www.24gliwice.pl\\\/wiadomosci\\\/?s={search_term_string}\"},\"query-input\":{\"@type\":\"PropertyValueSpecification\",\"valueRequired\":true,\"valueName\":\"search_term_string\"}}],\"inLanguage\":\"pl-PL\"},{\"@type\":\"Organization\",\"@id\":\"https:\\\/\\\/www.24gliwice.pl\\\/wiadomosci\\\/#organization\",\"name\":\"24gliwice\",\"url\":\"https:\\\/\\\/www.24gliwice.pl\\\/wiadomosci\\\/\",\"logo\":{\"@type\":\"ImageObject\",\"inLanguage\":\"pl-PL\",\"@id\":\"https:\\\/\\\/www.24gliwice.pl\\\/wiadomosci\\\/#\\\/schema\\\/logo\\\/image\\\/\",\"url\":\"https:\\\/\\\/www.24gliwice.pl\\\/wiadomosci\\\/wp-content\\\/uploads\\\/2024\\\/10\\\/24gliwice-logo-696.jpg\",\"contentUrl\":\"https:\\\/\\\/www.24gliwice.pl\\\/wiadomosci\\\/wp-content\\\/uploads\\\/2024\\\/10\\\/24gliwice-logo-696.jpg\",\"width\":696,\"height\":696,\"caption\":\"24gliwice\"},\"image\":{\"@id\":\"https:\\\/\\\/www.24gliwice.pl\\\/wiadomosci\\\/#\\\/schema\\\/logo\\\/image\\\/\"},\"sameAs\":[\"https:\\\/\\\/www.facebook.com\\\/24gliwice\",\"https:\\\/\\\/x.com\\\/24gliwice\",\"https:\\\/\\\/www.youtube.com\\\/@24gliwice\"]},{\"@type\":\"Person\",\"@id\":\"https:\\\/\\\/www.24gliwice.pl\\\/wiadomosci\\\/#\\\/schema\\\/person\\\/cb5857e4a4d048c15984c1edcc8ef0c0\",\"name\":\"Marcin Fabrykowski\",\"image\":{\"@type\":\"ImageObject\",\"inLanguage\":\"pl-PL\",\"@id\":\"https:\\\/\\\/www.24gliwice.pl\\\/wiadomosci\\\/wp-content\\\/uploads\\\/2025\\\/11\\\/zdjecie-moje-marcin-300-96x96.jpg\",\"url\":\"https:\\\/\\\/www.24gliwice.pl\\\/wiadomosci\\\/wp-content\\\/uploads\\\/2025\\\/11\\\/zdjecie-moje-marcin-300-96x96.jpg\",\"contentUrl\":\"https:\\\/\\\/www.24gliwice.pl\\\/wiadomosci\\\/wp-content\\\/uploads\\\/2025\\\/11\\\/zdjecie-moje-marcin-300-96x96.jpg\",\"caption\":\"Marcin Fabrykowski\"},\"sameAs\":[\"http:\\\/\\\/24gliwice.pl\",\"https:\\\/\\\/www.facebook.com\\\/marcin.fabrykowski\"],\"url\":\"https:\\\/\\\/www.24gliwice.pl\\\/wiadomosci\\\/author\\\/marcin-fabrykowski\\\/\"}]}<\/script>\n<!-- \/ Yoast SEO plugin. -->","yoast_head_json":{"title":"P\u0142atne parkingi przy marketach w ca\u0142ej Polsce na cenzurowanym. Sprawie przygl\u0105da si\u0119 UOKiK - 24GLIWICE - Portal Gliwice | codziennie nowe informacje","robots":{"index":"index","follow":"follow","max-snippet":"max-snippet:-1","max-image-preview":"max-image-preview:large","max-video-preview":"max-video-preview:-1"},"canonical":"https:\/\/www.24gliwice.pl\/wiadomosci\/platne-parkingi-przy-marketach-w-calej-polsce-na-cenzurowanym-sprawie-przyglada-sie-uokik\/","og_locale":"pl_PL","og_type":"article","og_title":"P\u0142atne parkingi przy marketach w ca\u0142ej Polsce na cenzurowanym. Sprawie przygl\u0105da si\u0119 UOKiK - 24GLIWICE - Portal Gliwice | codziennie nowe informacje","og_description":"Parkingowe pu\u0142apki zna ju\u017c pewnie wi\u0119kszo\u015b\u0107 kierowc\u00f3w. Pojawiaj\u0105 si\u0119 w r\u00f3\u017cnych miejscach, czasem na osiedlach, a ostatnio coraz cz\u0119\u015bciej przy marketach. Wystarczy przeoczy\u0107 nie zawsze dobrze widoczn\u0105 tablic\u0119 ostrzegawcz\u0105 i chwila parkowania mo\u017ce nas s\u0142ono kosztowa\u0107. Do Urz\u0119du Ochrony Konkurencji i Konsument\u00f3w w ubieg\u0142ym roku dotar\u0142o ponad sto sygna\u0142\u00f3w od konsument\u00f3w, dotycz\u0105cych parking\u00f3w przy sklepach [&hellip;]","og_url":"https:\/\/www.24gliwice.pl\/wiadomosci\/platne-parkingi-przy-marketach-w-calej-polsce-na-cenzurowanym-sprawie-przyglada-sie-uokik\/","og_site_name":"24GLIWICE - Portal Gliwice | codziennie nowe informacje","article_publisher":"https:\/\/www.facebook.com\/24gliwice","article_author":"https:\/\/www.facebook.com\/marcin.fabrykowski","article_published_time":"2020-02-25T11:25:14+00:00","article_modified_time":"2020-02-25T15:45:14+00:00","og_image":[{"width":810,"height":427,"url":"https:\/\/www.24gliwice.pl\/wiadomosci\/wp-content\/uploads\/2020\/02\/1-parking-biedronka-001.jpg","type":"image\/jpeg"}],"author":"Marcin Fabrykowski","twitter_card":"summary_large_image","twitter_creator":"@24gliwice","twitter_site":"@24gliwice","twitter_misc":{"Napisane przez":"Marcin Fabrykowski","Szacowany czas czytania":"2 minuty"},"schema":{"@context":"https:\/\/schema.org","@graph":[{"@type":"Article","@id":"https:\/\/www.24gliwice.pl\/wiadomosci\/platne-parkingi-przy-marketach-w-calej-polsce-na-cenzurowanym-sprawie-przyglada-sie-uokik\/#article","isPartOf":{"@id":"https:\/\/www.24gliwice.pl\/wiadomosci\/platne-parkingi-przy-marketach-w-calej-polsce-na-cenzurowanym-sprawie-przyglada-sie-uokik\/"},"author":{"name":"Marcin Fabrykowski","@id":"https:\/\/www.24gliwice.pl\/wiadomosci\/#\/schema\/person\/cb5857e4a4d048c15984c1edcc8ef0c0"},"headline":"P\u0142atne parkingi przy marketach w ca\u0142ej Polsce na cenzurowanym. Sprawie przygl\u0105da si\u0119 UOKiK","datePublished":"2020-02-25T11:25:14+00:00","dateModified":"2020-02-25T15:45:14+00:00","mainEntityOfPage":{"@id":"https:\/\/www.24gliwice.pl\/wiadomosci\/platne-parkingi-przy-marketach-w-calej-polsce-na-cenzurowanym-sprawie-przyglada-sie-uokik\/"},"wordCount":514,"commentCount":0,"publisher":{"@id":"https:\/\/www.24gliwice.pl\/wiadomosci\/#organization"},"image":{"@id":"https:\/\/www.24gliwice.pl\/wiadomosci\/platne-parkingi-przy-marketach-w-calej-polsce-na-cenzurowanym-sprawie-przyglada-sie-uokik\/#primaryimage"},"thumbnailUrl":"https:\/\/www.24gliwice.pl\/wiadomosci\/wp-content\/uploads\/2020\/02\/1-parking-biedronka-001.jpg","keywords":["ALDI","biedronka","PARKING","PARKOWANIE","uokik"],"articleSection":["Gliwice","Najnowsze wiadomo\u015bci","Portal Gliwice - Wiadomo\u015bci lokalne"],"inLanguage":"pl-PL","potentialAction":[{"@type":"CommentAction","name":"Comment","target":["https:\/\/www.24gliwice.pl\/wiadomosci\/platne-parkingi-przy-marketach-w-calej-polsce-na-cenzurowanym-sprawie-przyglada-sie-uokik\/#respond"]}]},{"@type":"WebPage","@id":"https:\/\/www.24gliwice.pl\/wiadomosci\/platne-parkingi-przy-marketach-w-calej-polsce-na-cenzurowanym-sprawie-przyglada-sie-uokik\/","url":"https:\/\/www.24gliwice.pl\/wiadomosci\/platne-parkingi-przy-marketach-w-calej-polsce-na-cenzurowanym-sprawie-przyglada-sie-uokik\/","name":"P\u0142atne parkingi przy marketach w ca\u0142ej Polsce na cenzurowanym. Sprawie przygl\u0105da si\u0119 UOKiK - 24GLIWICE - Portal Gliwice | codziennie nowe informacje","isPartOf":{"@id":"https:\/\/www.24gliwice.pl\/wiadomosci\/#website"},"primaryImageOfPage":{"@id":"https:\/\/www.24gliwice.pl\/wiadomosci\/platne-parkingi-przy-marketach-w-calej-polsce-na-cenzurowanym-sprawie-przyglada-sie-uokik\/#primaryimage"},"image":{"@id":"https:\/\/www.24gliwice.pl\/wiadomosci\/platne-parkingi-przy-marketach-w-calej-polsce-na-cenzurowanym-sprawie-przyglada-sie-uokik\/#primaryimage"},"thumbnailUrl":"https:\/\/www.24gliwice.pl\/wiadomosci\/wp-content\/uploads\/2020\/02\/1-parking-biedronka-001.jpg","datePublished":"2020-02-25T11:25:14+00:00","dateModified":"2020-02-25T15:45:14+00:00","breadcrumb":{"@id":"https:\/\/www.24gliwice.pl\/wiadomosci\/platne-parkingi-przy-marketach-w-calej-polsce-na-cenzurowanym-sprawie-przyglada-sie-uokik\/#breadcrumb"},"inLanguage":"pl-PL","potentialAction":[{"@type":"ReadAction","target":["https:\/\/www.24gliwice.pl\/wiadomosci\/platne-parkingi-przy-marketach-w-calej-polsce-na-cenzurowanym-sprawie-przyglada-sie-uokik\/"]}]},{"@type":"ImageObject","inLanguage":"pl-PL","@id":"https:\/\/www.24gliwice.pl\/wiadomosci\/platne-parkingi-przy-marketach-w-calej-polsce-na-cenzurowanym-sprawie-przyglada-sie-uokik\/#primaryimage","url":"https:\/\/www.24gliwice.pl\/wiadomosci\/wp-content\/uploads\/2020\/02\/1-parking-biedronka-001.jpg","contentUrl":"https:\/\/www.24gliwice.pl\/wiadomosci\/wp-content\/uploads\/2020\/02\/1-parking-biedronka-001.jpg","width":810,"height":427},{"@type":"BreadcrumbList","@id":"https:\/\/www.24gliwice.pl\/wiadomosci\/platne-parkingi-przy-marketach-w-calej-polsce-na-cenzurowanym-sprawie-przyglada-sie-uokik\/#breadcrumb","itemListElement":[{"@type":"ListItem","position":1,"name":"Strona g\u0142\u00f3wna","item":"https:\/\/www.24gliwice.pl\/wiadomosci\/"},{"@type":"ListItem","position":2,"name":"P\u0142atne parkingi przy marketach w ca\u0142ej Polsce na cenzurowanym. Sprawie przygl\u0105da si\u0119 UOKiK"}]},{"@type":"WebSite","@id":"https:\/\/www.24gliwice.pl\/wiadomosci\/#website","url":"https:\/\/www.24gliwice.pl\/wiadomosci\/","name":"24GLIWICE - Portal Gliwice | codziennie nowe wiadomo\u015bci","description":"Portal Miejski Gliwice","publisher":{"@id":"https:\/\/www.24gliwice.pl\/wiadomosci\/#organization"},"potentialAction":[{"@type":"SearchAction","target":{"@type":"EntryPoint","urlTemplate":"https:\/\/www.24gliwice.pl\/wiadomosci\/?s={search_term_string}"},"query-input":{"@type":"PropertyValueSpecification","valueRequired":true,"valueName":"search_term_string"}}],"inLanguage":"pl-PL"},{"@type":"Organization","@id":"https:\/\/www.24gliwice.pl\/wiadomosci\/#organization","name":"24gliwice","url":"https:\/\/www.24gliwice.pl\/wiadomosci\/","logo":{"@type":"ImageObject","inLanguage":"pl-PL","@id":"https:\/\/www.24gliwice.pl\/wiadomosci\/#\/schema\/logo\/image\/","url":"https:\/\/www.24gliwice.pl\/wiadomosci\/wp-content\/uploads\/2024\/10\/24gliwice-logo-696.jpg","contentUrl":"https:\/\/www.24gliwice.pl\/wiadomosci\/wp-content\/uploads\/2024\/10\/24gliwice-logo-696.jpg","width":696,"height":696,"caption":"24gliwice"},"image":{"@id":"https:\/\/www.24gliwice.pl\/wiadomosci\/#\/schema\/logo\/image\/"},"sameAs":["https:\/\/www.facebook.com\/24gliwice","https:\/\/x.com\/24gliwice","https:\/\/www.youtube.com\/@24gliwice"]},{"@type":"Person","@id":"https:\/\/www.24gliwice.pl\/wiadomosci\/#\/schema\/person\/cb5857e4a4d048c15984c1edcc8ef0c0","name":"Marcin Fabrykowski","image":{"@type":"ImageObject","inLanguage":"pl-PL","@id":"https:\/\/www.24gliwice.pl\/wiadomosci\/wp-content\/uploads\/2025\/11\/zdjecie-moje-marcin-300-96x96.jpg","url":"https:\/\/www.24gliwice.pl\/wiadomosci\/wp-content\/uploads\/2025\/11\/zdjecie-moje-marcin-300-96x96.jpg","contentUrl":"https:\/\/www.24gliwice.pl\/wiadomosci\/wp-content\/uploads\/2025\/11\/zdjecie-moje-marcin-300-96x96.jpg","caption":"Marcin Fabrykowski"},"sameAs":["http:\/\/24gliwice.pl","https:\/\/www.facebook.com\/marcin.fabrykowski"],"url":"https:\/\/www.24gliwice.pl\/wiadomosci\/author\/marcin-fabrykowski\/"}]}},"_links":{"self":[{"href":"https:\/\/www.24gliwice.pl\/wiadomosci\/wp-json\/wp\/v2\/posts\/148036","targetHints":{"allow":["GET"]}}],"collection":[{"href":"https:\/\/www.24gliwice.pl\/wiadomosci\/wp-json\/wp\/v2\/posts"}],"about":[{"href":"https:\/\/www.24gliwice.pl\/wiadomosci\/wp-json\/wp\/v2\/types\/post"}],"author":[{"embeddable":true,"href":"https:\/\/www.24gliwice.pl\/wiadomosci\/wp-json\/wp\/v2\/users\/4"}],"replies":[{"embeddable":true,"href":"https:\/\/www.24gliwice.pl\/wiadomosci\/wp-json\/wp\/v2\/comments?post=148036"}],"version-history":[{"count":0,"href":"https:\/\/www.24gliwice.pl\/wiadomosci\/wp-json\/wp\/v2\/posts\/148036\/revisions"}],"wp:featuredmedia":[{"embeddable":true,"href":"https:\/\/www.24gliwice.pl\/wiadomosci\/wp-json\/wp\/v2\/media\/148071"}],"wp:attachment":[{"href":"https:\/\/www.24gliwice.pl\/wiadomosci\/wp-json\/wp\/v2\/media?parent=148036"}],"wp:term":[{"taxonomy":"category","embeddable":true,"href":"https:\/\/www.24gliwice.pl\/wiadomosci\/wp-json\/wp\/v2\/categories?post=148036"},{"taxonomy":"post_tag","embeddable":true,"href":"https:\/\/www.24gliwice.pl\/wiadomosci\/wp-json\/wp\/v2\/tags?post=148036"}],"curies":[{"name":"wp","href":"https:\/\/api.w.org\/{rel}","templated":true}]}}