{"id":148182,"date":"2020-02-28T07:03:34","date_gmt":"2020-02-28T06:03:34","guid":{"rendered":"https:\/\/www.24gliwice.pl\/wiadomosci\/?p=148182"},"modified":"2020-02-28T16:35:52","modified_gmt":"2020-02-28T15:35:52","slug":"spor-zbiorowy-w-gliwickiej-fabryce-drutu-pracodawca-nie-odniosl-sie-do-naszych-zadan","status":"publish","type":"post","link":"https:\/\/www.24gliwice.pl\/wiadomosci\/spor-zbiorowy-w-gliwickiej-fabryce-drutu-pracodawca-nie-odniosl-sie-do-naszych-zadan\/","title":{"rendered":"Sp\u00f3r zbiorowy w Fabryce Drutu. Zarz\u0105d: Do wzrostu p\u0142ac trzeba wypracowa\u0107 przychody"},"content":{"rendered":"<div class=\"gliwi-a6-nad-leadem-artykulow gliwi-entity-placement\" id=\"gliwi-3556666726\"><div class=\"gliwi-adlabel\"><span style=\"font-size: 9px\">REKLAMA<\/span><\/div><div id=\"gliwi-1876218909\" style=\"margin-bottom: 25px;margin-left: auto;margin-right: auto;text-align: center;\"><a data-no-instant=\"1\" href=\"https:\/\/dom100.eu\/\" rel=\"noopener\" class=\"a2t-link\" target=\"_blank\" aria-label=\"20260415 DOM100 D\"><img loading=\"lazy\" decoding=\"async\" src=\"https:\/\/www.24gliwice.pl\/wiadomosci\/wp-content\/uploads\/2026\/04\/20260415-DOM100-D.jpg\" alt=\"\"  srcset=\"https:\/\/www.24gliwice.pl\/wiadomosci\/wp-content\/uploads\/2026\/04\/20260415-DOM100-D.jpg 750w, https:\/\/www.24gliwice.pl\/wiadomosci\/wp-content\/uploads\/2026\/04\/20260415-DOM100-D-410x109.jpg 410w\" sizes=\"(max-width: 750px) 100vw, 750px\" class=\"no-lazyload\" width=\"750\" height=\"200\"  style=\"display: inline-block; max-width: 100%; height: auto;\" \/><\/a><\/div><\/div><h3>600 z\u0142 brutto podwy\u017cki \u015brednio na pracownika od 1 lutego i 500 z\u0142 brutto jednorazowej premii dla wszystkich os\u00f3b zatrudnionych w fabryce \u2013 takie \u017c\u0105dania w trybie sporu zbiorowego przedstawi\u0142a pracodawcy \u201eSolidarno\u015b\u0107\u201d z Fabryki Drutu w Gliwicach. <\/h3>\n<p>To ci\u0105g dalszy sprawy, o kt\u00f3rej (za \u015al\u0105sko-D\u0105browsk\u0105 Solidarno\u015bci\u0105) <a href=\"https:\/\/www.24gliwice.pl\/wiadomosci\/pracownicy-fabryki-drutu-zadaja-podwyzek-niskie-zarobki-powoduja-selekcje-negatywna-w-zakladzie\/\" rel=\"noopener noreferrer\" target=\"_blank\">donosili\u015bmy ju\u017c w listopadzie.<\/a><\/p>\n<p>Termin realizacji postulat\u00f3w p\u0142acowych up\u0142yn\u0105\u0142 21 lutego. Dwa dni wcze\u015bniej dosz\u0142o do spotkania przedstawicieli zarz\u0105du fabryki ze stron\u0105 zwi\u0105zkow\u0105, ale rozmowy zako\u0144czy\u0142y si\u0119 fiaskiem. <\/p><div class=\"gliwi-a3-w-tresci-artykulow gliwi-entity-placement\" id=\"gliwi-3919892452\"><div class=\"gliwi-adlabel\"><span style=\"font-size: 9px\">REKLAMA<\/span><\/div><div id=\"gliwi-1521532189\" style=\"margin-bottom: 30px;margin-left: auto;margin-right: auto;text-align: center;\"><a data-no-instant=\"1\" href=\"https:\/\/zlobek.halogen.org.pl\/\" rel=\"noopener\" class=\"a2t-link\" target=\"_blank\" aria-label=\"animator-zlobek_750x200\"><img loading=\"lazy\" decoding=\"async\" src=\"https:\/\/www.24gliwice.pl\/wiadomosci\/wp-content\/uploads\/2026\/02\/animator-zlobek_750x200.webp\" alt=\"\"  srcset=\"https:\/\/www.24gliwice.pl\/wiadomosci\/wp-content\/uploads\/2026\/02\/animator-zlobek_750x200.webp 750w, https:\/\/www.24gliwice.pl\/wiadomosci\/wp-content\/uploads\/2026\/02\/animator-zlobek_750x200-410x109.webp 410w\" sizes=\"(max-width: 750px) 100vw, 750px\" class=\"no-lazyload\" width=\"750\" height=\"200\"  style=\"display: inline-block; max-width: 100%; height: auto;\" \/><\/a><\/div><\/div>\n<blockquote><p><em>Pracodawca nie odni\u00f3s\u0142 si\u0119 do naszych \u017c\u0105da\u0144, zaproponowa\u0142 jedynie wliczenie dodatku sta\u017cowego do stawek zasadniczych, na co nie wyrazili\u015bmy zgody<\/em> <\/p><\/blockquote>\n<p>\u2013 m\u00f3wi <strong>Mariusz Pander<\/strong>, przewodnicz\u0105cy \u201eSolidarno\u015bci\u201d w gliwickiej fabryce.<\/p>\n<p>Ze wzgl\u0119du na brak porozumienia, strona zwi\u0105zkowa przygotowa\u0142a protok\u00f3\u0142 rozbie\u017cno\u015bci, kt\u00f3ry przekaza\u0142a pracodawcy do podpisania. Zgodnie z ustaw\u0105 o rozwi\u0105zywaniu spor\u00f3w zbiorowych, w momencie, kiedy pracodawca podpisze ten dokument, zako\u0144cz\u0105 si\u0119 rokowania i sp\u00f3r zbiorowy wejdzie w etap mediacji.<\/p>\n<h3>Jak podkre\u015bla Mariusz Pander, pracownicy czekaj\u0105 na znacz\u0105ce podwy\u017cki wynagrodze\u0144. Ich stawki zaszeregowania stoj\u0105 w miejscu od trzech lat. <\/h3>\n<p>\u2013 <em>Wszystko dro\u017ceje, wi\u0119cej p\u0142acimy za \u017cywno\u015b\u0107 i us\u0142ugi. Rachunki te\u017c przychodz\u0105 coraz wi\u0119ksze<\/em> \u2013 dodaje. W jego ocenie wzrost stawek zasadniczych da\u0142by pracownikom fabryki poczucie stabilizacji i zatrzyma\u0142 w firmie najlepszych fachowc\u00f3w. \u2013 <em>Nasi pracownicy rozgl\u0105daj\u0105 si\u0119 za lepiej p\u0142atn\u0105 prac\u0105. Widz\u0105, \u017ce wiele przedsi\u0119biorstw podnosi zarobki, w dodatku znacznie wzros\u0142a w tym roku p\u0142aca minimalna <\/em>\u2013 zaznacza przewodnicz\u0105cy zak\u0142adowej \u201eSolidarno\u015bci\u201d.<\/p>\n<p>(\u017cms)\/<a href=\"http:\/\/www.solidarnosckatowice.pl\/pl-PL\/spor_zbiorowy_w_fabryce_drutu_w_gliwicach.html\" rel=\"noopener noreferrer\" target=\"_blank\">\u015al\u0105sko-D\u0105browska Solidarno\u015b\u0107(aga)<\/a><br \/>\nfot. 24gliwice.pl\/\u0141G<\/p>\n<hr>\n<p><strong>Po publikacji artyku\u0142u, otrzymali\u015bmy pismo Zarz\u0105du Fabryki Drutu Gliwice S.A., kt\u00f3ry kwestionuje informacje przedstawione przez stron\u0119 zwi\u0105zkow\u0105.<\/strong><\/p>\n<p><em>&#8220;Nieprawd\u0105 jest, \u017ce stawki zaszeregowania  pracownik\u00f3w nie s\u0105 zmieniane od trzech lat, cz\u0119\u015b\u0107 pracownik\u00f3w, w tym okresie mia\u0142a stawk\u0119 zaszeregowania podnoszon\u0105. Nale\u017cy podkre\u015bli\u0107 , \u017ce wynagrodzenia pracownik\u00f3w w ci\u0105gu ostatnich trzech lat systematycznie ros\u0142y.<br \/>\nWzrost p\u0142ac  w latach  2016 &#8211; 2019  wynosi\u0142 20,57 %, o czym informowa\u0142o pismo Zarz\u0105du FDG S.A. skierowane do Zw. Zawodowych NSZZ \u201eSolidarno\u015b\u0107\u201d z dnia 06.11.2019 r.<br \/>\nOdnosz\u0105c si\u0119 do wliczenia dodatku sta\u017cowego do stawki zasadniczej Zarz\u0105d informuje, \u017ce jednocze\u015bnie zaproponowa\u0142 automatyczny wzrost stawki w miar\u0119 przechodzenia pracownika z jednego przedzia\u0142u sta\u017cowego do drugiego.<br \/>\nZarz\u0105d uzale\u017cni\u0142 wielko\u015b\u0107 podwy\u017cek od zgody Zw. Zawodowych NSZZ \u201eSolidarno\u015b\u0107\u201d  na przeniesienie dodatku sta\u017cowego do stawki zasadniczej.<br \/>\nJednocze\u015bnie zwracamy uwag\u0119, \u017ce w firmie pracownikom wyp\u0142acane s\u0105 nagrody jubileuszowe, kt\u00f3re wynosz\u0105 50-250% \u015bredniego wynagrodzenia z 3 miesi\u0119cy.<br \/>\nPracownicy r\u00f3wnie\u017c otrzymuj\u0105 dofinansowanie do tzw. wczas\u00f3w pod grusz\u0105,  kolonii i oboz\u00f3w dzieci oraz premie \u015bwi\u0105teczne.<br \/>\nKomentuj\u0105c twierdzenie Przedstawiciela Zw. Zawodowych, chcemy podkre\u015bli\u0107, \u017ce firma  musi wypracowa\u0107 przychody, kt\u00f3re pozwol\u0105 na wzrost p\u0142ac.&#8221;<\/em><\/p>\n<div class=\"gliwi-a5-na-koncu-artykulow gliwi-entity-placement\" id=\"gliwi-3851560881\"><div class=\"gliwi-adlabel\"><span style=\"font-size: 9px\">REKLAMA<\/span><\/div><div id=\"gliwi-1702914178\" style=\"margin-left: auto;margin-right: auto;text-align: center;\"><a data-no-instant=\"1\" href=\"https:\/\/www.jasek.pl\/\" rel=\"noopener\" class=\"a2t-link\" target=\"_blank\" aria-label=\"20200401-jasek 600\"><img loading=\"lazy\" decoding=\"async\" src=\"https:\/\/www.24gliwice.pl\/wiadomosci\/wp-content\/uploads\/2020\/04\/20200401-jasek-600.jpg\" alt=\"\"  srcset=\"https:\/\/www.24gliwice.pl\/wiadomosci\/wp-content\/uploads\/2020\/04\/20200401-jasek-600.jpg 600w, https:\/\/www.24gliwice.pl\/wiadomosci\/wp-content\/uploads\/2020\/04\/20200401-jasek-600-410x109.jpg 410w\" sizes=\"(max-width: 600px) 100vw, 600px\" class=\"no-lazyload\" width=\"600\" height=\"160\"  style=\"display: inline-block; max-width: 100%; height: auto;\" \/><\/a><\/div><\/div>","protected":false},"excerpt":{"rendered":"<p>600 z\u0142 brutto podwy\u017cki \u015brednio na pracownika od 1 lutego i 500 z\u0142 brutto jednorazowej premii dla wszystkich os\u00f3b zatrudnionych w fabryce \u2013 takie \u017c\u0105dania w trybie sporu zbiorowego przedstawi\u0142a pracodawcy \u201eSolidarno\u015b\u0107\u201d z Fabryki Drutu w Gliwicach. To ci\u0105g dalszy sprawy, o kt\u00f3rej (za \u015al\u0105sko-D\u0105browsk\u0105 Solidarno\u015bci\u0105) donosili\u015bmy ju\u017c w listopadzie. Termin realizacji postulat\u00f3w p\u0142acowych up\u0142yn\u0105\u0142 [&hellip;]<\/p>\n","protected":false},"author":15,"featured_media":143052,"comment_status":"open","ping_status":"closed","sticky":false,"template":"","format":"standard","meta":{"_monsterinsights_skip_tracking":false,"_monsterinsights_sitenote_active":false,"_monsterinsights_sitenote_note":"","_monsterinsights_sitenote_category":0,"footnotes":"","_links_to":"","_links_to_target":""},"categories":[3,1],"tags":[5652,17103],"class_list":["post-148182","post","type-post","status-publish","format-standard","has-post-thumbnail","hentry","category-gliwice","category-wszystko","tag-fabryka-drutu","tag-slasko-dabrowska-solidarnosc"],"yoast_head":"<!-- This site is optimized with the Yoast SEO plugin v27.5 - https:\/\/yoast.com\/product\/yoast-seo-wordpress\/ -->\n<title>Sp\u00f3r zbiorowy w Fabryce Drutu. Zarz\u0105d: Do wzrostu p\u0142ac trzeba wypracowa\u0107 przychody - 24GLIWICE - Portal Gliwice | codziennie nowe informacje<\/title>\n<meta name=\"robots\" content=\"index, follow, max-snippet:-1, max-image-preview:large, max-video-preview:-1\" \/>\n<link rel=\"canonical\" href=\"https:\/\/www.24gliwice.pl\/wiadomosci\/spor-zbiorowy-w-gliwickiej-fabryce-drutu-pracodawca-nie-odniosl-sie-do-naszych-zadan\/\" \/>\n<meta property=\"og:locale\" content=\"pl_PL\" \/>\n<meta property=\"og:type\" content=\"article\" \/>\n<meta property=\"og:title\" content=\"Sp\u00f3r zbiorowy w Fabryce Drutu. Zarz\u0105d: Do wzrostu p\u0142ac trzeba wypracowa\u0107 przychody - 24GLIWICE - Portal Gliwice | codziennie nowe informacje\" \/>\n<meta property=\"og:description\" content=\"600 z\u0142 brutto podwy\u017cki \u015brednio na pracownika od 1 lutego i 500 z\u0142 brutto jednorazowej premii dla wszystkich os\u00f3b zatrudnionych w fabryce \u2013 takie \u017c\u0105dania w trybie sporu zbiorowego przedstawi\u0142a pracodawcy \u201eSolidarno\u015b\u0107\u201d z Fabryki Drutu w Gliwicach. To ci\u0105g dalszy sprawy, o kt\u00f3rej (za \u015al\u0105sko-D\u0105browsk\u0105 Solidarno\u015bci\u0105) donosili\u015bmy ju\u017c w listopadzie. Termin realizacji postulat\u00f3w p\u0142acowych up\u0142yn\u0105\u0142 [&hellip;]\" \/>\n<meta property=\"og:url\" content=\"https:\/\/www.24gliwice.pl\/wiadomosci\/spor-zbiorowy-w-gliwickiej-fabryce-drutu-pracodawca-nie-odniosl-sie-do-naszych-zadan\/\" \/>\n<meta property=\"og:site_name\" content=\"24GLIWICE - Portal Gliwice | codziennie nowe informacje\" \/>\n<meta property=\"article:publisher\" content=\"https:\/\/www.facebook.com\/24gliwice\" \/>\n<meta property=\"article:published_time\" content=\"2020-02-28T06:03:34+00:00\" \/>\n<meta property=\"article:modified_time\" content=\"2020-02-28T15:35:52+00:00\" \/>\n<meta property=\"og:image\" content=\"https:\/\/www.24gliwice.pl\/wiadomosci\/wp-content\/uploads\/2019\/11\/fabryka-drutu-2-e1573122978910.jpg\" \/>\n\t<meta property=\"og:image:width\" content=\"810\" \/>\n\t<meta property=\"og:image:height\" content=\"455\" \/>\n\t<meta property=\"og:image:type\" content=\"image\/jpeg\" \/>\n<meta name=\"author\" content=\"\u017baneta Mrozek-Siewierska\" \/>\n<meta name=\"twitter:card\" content=\"summary_large_image\" \/>\n<meta name=\"twitter:creator\" content=\"@24gliwice\" \/>\n<meta name=\"twitter:site\" content=\"@24gliwice\" \/>\n<meta name=\"twitter:label1\" content=\"Napisane przez\" \/>\n\t<meta name=\"twitter:data1\" content=\"\u017baneta Mrozek-Siewierska\" \/>\n\t<meta name=\"twitter:label2\" content=\"Szacowany czas czytania\" \/>\n\t<meta name=\"twitter:data2\" content=\"2 minuty\" \/>\n<script type=\"application\/ld+json\" class=\"yoast-schema-graph\">{\"@context\":\"https:\\\/\\\/schema.org\",\"@graph\":[{\"@type\":\"Article\",\"@id\":\"https:\\\/\\\/www.24gliwice.pl\\\/wiadomosci\\\/spor-zbiorowy-w-gliwickiej-fabryce-drutu-pracodawca-nie-odniosl-sie-do-naszych-zadan\\\/#article\",\"isPartOf\":{\"@id\":\"https:\\\/\\\/www.24gliwice.pl\\\/wiadomosci\\\/spor-zbiorowy-w-gliwickiej-fabryce-drutu-pracodawca-nie-odniosl-sie-do-naszych-zadan\\\/\"},\"author\":{\"name\":\"\u017baneta Mrozek-Siewierska\",\"@id\":\"https:\\\/\\\/www.24gliwice.pl\\\/wiadomosci\\\/#\\\/schema\\\/person\\\/e42c650edd7f2fa332be3811fb166b6e\"},\"headline\":\"Sp\u00f3r zbiorowy w Fabryce Drutu. Zarz\u0105d: Do wzrostu p\u0142ac trzeba wypracowa\u0107 przychody\",\"datePublished\":\"2020-02-28T06:03:34+00:00\",\"dateModified\":\"2020-02-28T15:35:52+00:00\",\"mainEntityOfPage\":{\"@id\":\"https:\\\/\\\/www.24gliwice.pl\\\/wiadomosci\\\/spor-zbiorowy-w-gliwickiej-fabryce-drutu-pracodawca-nie-odniosl-sie-do-naszych-zadan\\\/\"},\"wordCount\":498,\"commentCount\":0,\"publisher\":{\"@id\":\"https:\\\/\\\/www.24gliwice.pl\\\/wiadomosci\\\/#organization\"},\"image\":{\"@id\":\"https:\\\/\\\/www.24gliwice.pl\\\/wiadomosci\\\/spor-zbiorowy-w-gliwickiej-fabryce-drutu-pracodawca-nie-odniosl-sie-do-naszych-zadan\\\/#primaryimage\"},\"thumbnailUrl\":\"https:\\\/\\\/www.24gliwice.pl\\\/wiadomosci\\\/wp-content\\\/uploads\\\/2019\\\/11\\\/fabryka-drutu-2-e1573122978910.jpg\",\"keywords\":[\"fabryka drutu\",\"\u015bl\u0105sko-d\u0105browska solidarno\u015b\u0107\"],\"articleSection\":[\"Gliwice\",\"Najnowsze wiadomo\u015bci\"],\"inLanguage\":\"pl-PL\",\"potentialAction\":[{\"@type\":\"CommentAction\",\"name\":\"Comment\",\"target\":[\"https:\\\/\\\/www.24gliwice.pl\\\/wiadomosci\\\/spor-zbiorowy-w-gliwickiej-fabryce-drutu-pracodawca-nie-odniosl-sie-do-naszych-zadan\\\/#respond\"]}]},{\"@type\":\"WebPage\",\"@id\":\"https:\\\/\\\/www.24gliwice.pl\\\/wiadomosci\\\/spor-zbiorowy-w-gliwickiej-fabryce-drutu-pracodawca-nie-odniosl-sie-do-naszych-zadan\\\/\",\"url\":\"https:\\\/\\\/www.24gliwice.pl\\\/wiadomosci\\\/spor-zbiorowy-w-gliwickiej-fabryce-drutu-pracodawca-nie-odniosl-sie-do-naszych-zadan\\\/\",\"name\":\"Sp\u00f3r zbiorowy w Fabryce Drutu. Zarz\u0105d: Do wzrostu p\u0142ac trzeba wypracowa\u0107 przychody - 24GLIWICE - Portal Gliwice | codziennie nowe informacje\",\"isPartOf\":{\"@id\":\"https:\\\/\\\/www.24gliwice.pl\\\/wiadomosci\\\/#website\"},\"primaryImageOfPage\":{\"@id\":\"https:\\\/\\\/www.24gliwice.pl\\\/wiadomosci\\\/spor-zbiorowy-w-gliwickiej-fabryce-drutu-pracodawca-nie-odniosl-sie-do-naszych-zadan\\\/#primaryimage\"},\"image\":{\"@id\":\"https:\\\/\\\/www.24gliwice.pl\\\/wiadomosci\\\/spor-zbiorowy-w-gliwickiej-fabryce-drutu-pracodawca-nie-odniosl-sie-do-naszych-zadan\\\/#primaryimage\"},\"thumbnailUrl\":\"https:\\\/\\\/www.24gliwice.pl\\\/wiadomosci\\\/wp-content\\\/uploads\\\/2019\\\/11\\\/fabryka-drutu-2-e1573122978910.jpg\",\"datePublished\":\"2020-02-28T06:03:34+00:00\",\"dateModified\":\"2020-02-28T15:35:52+00:00\",\"breadcrumb\":{\"@id\":\"https:\\\/\\\/www.24gliwice.pl\\\/wiadomosci\\\/spor-zbiorowy-w-gliwickiej-fabryce-drutu-pracodawca-nie-odniosl-sie-do-naszych-zadan\\\/#breadcrumb\"},\"inLanguage\":\"pl-PL\",\"potentialAction\":[{\"@type\":\"ReadAction\",\"target\":[\"https:\\\/\\\/www.24gliwice.pl\\\/wiadomosci\\\/spor-zbiorowy-w-gliwickiej-fabryce-drutu-pracodawca-nie-odniosl-sie-do-naszych-zadan\\\/\"]}]},{\"@type\":\"ImageObject\",\"inLanguage\":\"pl-PL\",\"@id\":\"https:\\\/\\\/www.24gliwice.pl\\\/wiadomosci\\\/spor-zbiorowy-w-gliwickiej-fabryce-drutu-pracodawca-nie-odniosl-sie-do-naszych-zadan\\\/#primaryimage\",\"url\":\"https:\\\/\\\/www.24gliwice.pl\\\/wiadomosci\\\/wp-content\\\/uploads\\\/2019\\\/11\\\/fabryka-drutu-2-e1573122978910.jpg\",\"contentUrl\":\"https:\\\/\\\/www.24gliwice.pl\\\/wiadomosci\\\/wp-content\\\/uploads\\\/2019\\\/11\\\/fabryka-drutu-2-e1573122978910.jpg\",\"width\":810,\"height\":455},{\"@type\":\"BreadcrumbList\",\"@id\":\"https:\\\/\\\/www.24gliwice.pl\\\/wiadomosci\\\/spor-zbiorowy-w-gliwickiej-fabryce-drutu-pracodawca-nie-odniosl-sie-do-naszych-zadan\\\/#breadcrumb\",\"itemListElement\":[{\"@type\":\"ListItem\",\"position\":1,\"name\":\"Strona g\u0142\u00f3wna\",\"item\":\"https:\\\/\\\/www.24gliwice.pl\\\/wiadomosci\\\/\"},{\"@type\":\"ListItem\",\"position\":2,\"name\":\"Sp\u00f3r zbiorowy w Fabryce Drutu. Zarz\u0105d: Do wzrostu p\u0142ac trzeba wypracowa\u0107 przychody\"}]},{\"@type\":\"WebSite\",\"@id\":\"https:\\\/\\\/www.24gliwice.pl\\\/wiadomosci\\\/#website\",\"url\":\"https:\\\/\\\/www.24gliwice.pl\\\/wiadomosci\\\/\",\"name\":\"24GLIWICE - Portal Gliwice | codziennie nowe wiadomo\u015bci\",\"description\":\"Portal Miejski Gliwice\",\"publisher\":{\"@id\":\"https:\\\/\\\/www.24gliwice.pl\\\/wiadomosci\\\/#organization\"},\"potentialAction\":[{\"@type\":\"SearchAction\",\"target\":{\"@type\":\"EntryPoint\",\"urlTemplate\":\"https:\\\/\\\/www.24gliwice.pl\\\/wiadomosci\\\/?s={search_term_string}\"},\"query-input\":{\"@type\":\"PropertyValueSpecification\",\"valueRequired\":true,\"valueName\":\"search_term_string\"}}],\"inLanguage\":\"pl-PL\"},{\"@type\":\"Organization\",\"@id\":\"https:\\\/\\\/www.24gliwice.pl\\\/wiadomosci\\\/#organization\",\"name\":\"24gliwice\",\"url\":\"https:\\\/\\\/www.24gliwice.pl\\\/wiadomosci\\\/\",\"logo\":{\"@type\":\"ImageObject\",\"inLanguage\":\"pl-PL\",\"@id\":\"https:\\\/\\\/www.24gliwice.pl\\\/wiadomosci\\\/#\\\/schema\\\/logo\\\/image\\\/\",\"url\":\"https:\\\/\\\/www.24gliwice.pl\\\/wiadomosci\\\/wp-content\\\/uploads\\\/2024\\\/10\\\/24gliwice-logo-696.jpg\",\"contentUrl\":\"https:\\\/\\\/www.24gliwice.pl\\\/wiadomosci\\\/wp-content\\\/uploads\\\/2024\\\/10\\\/24gliwice-logo-696.jpg\",\"width\":696,\"height\":696,\"caption\":\"24gliwice\"},\"image\":{\"@id\":\"https:\\\/\\\/www.24gliwice.pl\\\/wiadomosci\\\/#\\\/schema\\\/logo\\\/image\\\/\"},\"sameAs\":[\"https:\\\/\\\/www.facebook.com\\\/24gliwice\",\"https:\\\/\\\/x.com\\\/24gliwice\",\"https:\\\/\\\/www.youtube.com\\\/@24gliwice\"]},{\"@type\":\"Person\",\"@id\":\"https:\\\/\\\/www.24gliwice.pl\\\/wiadomosci\\\/#\\\/schema\\\/person\\\/e42c650edd7f2fa332be3811fb166b6e\",\"name\":\"\u017baneta Mrozek-Siewierska\",\"image\":{\"@type\":\"ImageObject\",\"inLanguage\":\"pl-PL\",\"@id\":\"https:\\\/\\\/secure.gravatar.com\\\/avatar\\\/1881429e9c64597c77ad7aef2d0a19be69a3253e57534d16aa15bf3a4d34a0a3?s=96&d=mm&r=g\",\"url\":\"https:\\\/\\\/secure.gravatar.com\\\/avatar\\\/1881429e9c64597c77ad7aef2d0a19be69a3253e57534d16aa15bf3a4d34a0a3?s=96&d=mm&r=g\",\"contentUrl\":\"https:\\\/\\\/secure.gravatar.com\\\/avatar\\\/1881429e9c64597c77ad7aef2d0a19be69a3253e57534d16aa15bf3a4d34a0a3?s=96&d=mm&r=g\",\"caption\":\"\u017baneta Mrozek-Siewierska\"},\"url\":\"https:\\\/\\\/www.24gliwice.pl\\\/wiadomosci\\\/author\\\/zms\\\/\"}]}<\/script>\n<!-- \/ Yoast SEO plugin. -->","yoast_head_json":{"title":"Sp\u00f3r zbiorowy w Fabryce Drutu. Zarz\u0105d: Do wzrostu p\u0142ac trzeba wypracowa\u0107 przychody - 24GLIWICE - Portal Gliwice | codziennie nowe informacje","robots":{"index":"index","follow":"follow","max-snippet":"max-snippet:-1","max-image-preview":"max-image-preview:large","max-video-preview":"max-video-preview:-1"},"canonical":"https:\/\/www.24gliwice.pl\/wiadomosci\/spor-zbiorowy-w-gliwickiej-fabryce-drutu-pracodawca-nie-odniosl-sie-do-naszych-zadan\/","og_locale":"pl_PL","og_type":"article","og_title":"Sp\u00f3r zbiorowy w Fabryce Drutu. Zarz\u0105d: Do wzrostu p\u0142ac trzeba wypracowa\u0107 przychody - 24GLIWICE - Portal Gliwice | codziennie nowe informacje","og_description":"600 z\u0142 brutto podwy\u017cki \u015brednio na pracownika od 1 lutego i 500 z\u0142 brutto jednorazowej premii dla wszystkich os\u00f3b zatrudnionych w fabryce \u2013 takie \u017c\u0105dania w trybie sporu zbiorowego przedstawi\u0142a pracodawcy \u201eSolidarno\u015b\u0107\u201d z Fabryki Drutu w Gliwicach. To ci\u0105g dalszy sprawy, o kt\u00f3rej (za \u015al\u0105sko-D\u0105browsk\u0105 Solidarno\u015bci\u0105) donosili\u015bmy ju\u017c w listopadzie. Termin realizacji postulat\u00f3w p\u0142acowych up\u0142yn\u0105\u0142 [&hellip;]","og_url":"https:\/\/www.24gliwice.pl\/wiadomosci\/spor-zbiorowy-w-gliwickiej-fabryce-drutu-pracodawca-nie-odniosl-sie-do-naszych-zadan\/","og_site_name":"24GLIWICE - Portal Gliwice | codziennie nowe informacje","article_publisher":"https:\/\/www.facebook.com\/24gliwice","article_published_time":"2020-02-28T06:03:34+00:00","article_modified_time":"2020-02-28T15:35:52+00:00","og_image":[{"width":810,"height":455,"url":"https:\/\/www.24gliwice.pl\/wiadomosci\/wp-content\/uploads\/2019\/11\/fabryka-drutu-2-e1573122978910.jpg","type":"image\/jpeg"}],"author":"\u017baneta Mrozek-Siewierska","twitter_card":"summary_large_image","twitter_creator":"@24gliwice","twitter_site":"@24gliwice","twitter_misc":{"Napisane przez":"\u017baneta Mrozek-Siewierska","Szacowany czas czytania":"2 minuty"},"schema":{"@context":"https:\/\/schema.org","@graph":[{"@type":"Article","@id":"https:\/\/www.24gliwice.pl\/wiadomosci\/spor-zbiorowy-w-gliwickiej-fabryce-drutu-pracodawca-nie-odniosl-sie-do-naszych-zadan\/#article","isPartOf":{"@id":"https:\/\/www.24gliwice.pl\/wiadomosci\/spor-zbiorowy-w-gliwickiej-fabryce-drutu-pracodawca-nie-odniosl-sie-do-naszych-zadan\/"},"author":{"name":"\u017baneta Mrozek-Siewierska","@id":"https:\/\/www.24gliwice.pl\/wiadomosci\/#\/schema\/person\/e42c650edd7f2fa332be3811fb166b6e"},"headline":"Sp\u00f3r zbiorowy w Fabryce Drutu. Zarz\u0105d: Do wzrostu p\u0142ac trzeba wypracowa\u0107 przychody","datePublished":"2020-02-28T06:03:34+00:00","dateModified":"2020-02-28T15:35:52+00:00","mainEntityOfPage":{"@id":"https:\/\/www.24gliwice.pl\/wiadomosci\/spor-zbiorowy-w-gliwickiej-fabryce-drutu-pracodawca-nie-odniosl-sie-do-naszych-zadan\/"},"wordCount":498,"commentCount":0,"publisher":{"@id":"https:\/\/www.24gliwice.pl\/wiadomosci\/#organization"},"image":{"@id":"https:\/\/www.24gliwice.pl\/wiadomosci\/spor-zbiorowy-w-gliwickiej-fabryce-drutu-pracodawca-nie-odniosl-sie-do-naszych-zadan\/#primaryimage"},"thumbnailUrl":"https:\/\/www.24gliwice.pl\/wiadomosci\/wp-content\/uploads\/2019\/11\/fabryka-drutu-2-e1573122978910.jpg","keywords":["fabryka drutu","\u015bl\u0105sko-d\u0105browska solidarno\u015b\u0107"],"articleSection":["Gliwice","Najnowsze wiadomo\u015bci"],"inLanguage":"pl-PL","potentialAction":[{"@type":"CommentAction","name":"Comment","target":["https:\/\/www.24gliwice.pl\/wiadomosci\/spor-zbiorowy-w-gliwickiej-fabryce-drutu-pracodawca-nie-odniosl-sie-do-naszych-zadan\/#respond"]}]},{"@type":"WebPage","@id":"https:\/\/www.24gliwice.pl\/wiadomosci\/spor-zbiorowy-w-gliwickiej-fabryce-drutu-pracodawca-nie-odniosl-sie-do-naszych-zadan\/","url":"https:\/\/www.24gliwice.pl\/wiadomosci\/spor-zbiorowy-w-gliwickiej-fabryce-drutu-pracodawca-nie-odniosl-sie-do-naszych-zadan\/","name":"Sp\u00f3r zbiorowy w Fabryce Drutu. Zarz\u0105d: Do wzrostu p\u0142ac trzeba wypracowa\u0107 przychody - 24GLIWICE - Portal Gliwice | codziennie nowe informacje","isPartOf":{"@id":"https:\/\/www.24gliwice.pl\/wiadomosci\/#website"},"primaryImageOfPage":{"@id":"https:\/\/www.24gliwice.pl\/wiadomosci\/spor-zbiorowy-w-gliwickiej-fabryce-drutu-pracodawca-nie-odniosl-sie-do-naszych-zadan\/#primaryimage"},"image":{"@id":"https:\/\/www.24gliwice.pl\/wiadomosci\/spor-zbiorowy-w-gliwickiej-fabryce-drutu-pracodawca-nie-odniosl-sie-do-naszych-zadan\/#primaryimage"},"thumbnailUrl":"https:\/\/www.24gliwice.pl\/wiadomosci\/wp-content\/uploads\/2019\/11\/fabryka-drutu-2-e1573122978910.jpg","datePublished":"2020-02-28T06:03:34+00:00","dateModified":"2020-02-28T15:35:52+00:00","breadcrumb":{"@id":"https:\/\/www.24gliwice.pl\/wiadomosci\/spor-zbiorowy-w-gliwickiej-fabryce-drutu-pracodawca-nie-odniosl-sie-do-naszych-zadan\/#breadcrumb"},"inLanguage":"pl-PL","potentialAction":[{"@type":"ReadAction","target":["https:\/\/www.24gliwice.pl\/wiadomosci\/spor-zbiorowy-w-gliwickiej-fabryce-drutu-pracodawca-nie-odniosl-sie-do-naszych-zadan\/"]}]},{"@type":"ImageObject","inLanguage":"pl-PL","@id":"https:\/\/www.24gliwice.pl\/wiadomosci\/spor-zbiorowy-w-gliwickiej-fabryce-drutu-pracodawca-nie-odniosl-sie-do-naszych-zadan\/#primaryimage","url":"https:\/\/www.24gliwice.pl\/wiadomosci\/wp-content\/uploads\/2019\/11\/fabryka-drutu-2-e1573122978910.jpg","contentUrl":"https:\/\/www.24gliwice.pl\/wiadomosci\/wp-content\/uploads\/2019\/11\/fabryka-drutu-2-e1573122978910.jpg","width":810,"height":455},{"@type":"BreadcrumbList","@id":"https:\/\/www.24gliwice.pl\/wiadomosci\/spor-zbiorowy-w-gliwickiej-fabryce-drutu-pracodawca-nie-odniosl-sie-do-naszych-zadan\/#breadcrumb","itemListElement":[{"@type":"ListItem","position":1,"name":"Strona g\u0142\u00f3wna","item":"https:\/\/www.24gliwice.pl\/wiadomosci\/"},{"@type":"ListItem","position":2,"name":"Sp\u00f3r zbiorowy w Fabryce Drutu. Zarz\u0105d: Do wzrostu p\u0142ac trzeba wypracowa\u0107 przychody"}]},{"@type":"WebSite","@id":"https:\/\/www.24gliwice.pl\/wiadomosci\/#website","url":"https:\/\/www.24gliwice.pl\/wiadomosci\/","name":"24GLIWICE - Portal Gliwice | codziennie nowe wiadomo\u015bci","description":"Portal Miejski Gliwice","publisher":{"@id":"https:\/\/www.24gliwice.pl\/wiadomosci\/#organization"},"potentialAction":[{"@type":"SearchAction","target":{"@type":"EntryPoint","urlTemplate":"https:\/\/www.24gliwice.pl\/wiadomosci\/?s={search_term_string}"},"query-input":{"@type":"PropertyValueSpecification","valueRequired":true,"valueName":"search_term_string"}}],"inLanguage":"pl-PL"},{"@type":"Organization","@id":"https:\/\/www.24gliwice.pl\/wiadomosci\/#organization","name":"24gliwice","url":"https:\/\/www.24gliwice.pl\/wiadomosci\/","logo":{"@type":"ImageObject","inLanguage":"pl-PL","@id":"https:\/\/www.24gliwice.pl\/wiadomosci\/#\/schema\/logo\/image\/","url":"https:\/\/www.24gliwice.pl\/wiadomosci\/wp-content\/uploads\/2024\/10\/24gliwice-logo-696.jpg","contentUrl":"https:\/\/www.24gliwice.pl\/wiadomosci\/wp-content\/uploads\/2024\/10\/24gliwice-logo-696.jpg","width":696,"height":696,"caption":"24gliwice"},"image":{"@id":"https:\/\/www.24gliwice.pl\/wiadomosci\/#\/schema\/logo\/image\/"},"sameAs":["https:\/\/www.facebook.com\/24gliwice","https:\/\/x.com\/24gliwice","https:\/\/www.youtube.com\/@24gliwice"]},{"@type":"Person","@id":"https:\/\/www.24gliwice.pl\/wiadomosci\/#\/schema\/person\/e42c650edd7f2fa332be3811fb166b6e","name":"\u017baneta Mrozek-Siewierska","image":{"@type":"ImageObject","inLanguage":"pl-PL","@id":"https:\/\/secure.gravatar.com\/avatar\/1881429e9c64597c77ad7aef2d0a19be69a3253e57534d16aa15bf3a4d34a0a3?s=96&d=mm&r=g","url":"https:\/\/secure.gravatar.com\/avatar\/1881429e9c64597c77ad7aef2d0a19be69a3253e57534d16aa15bf3a4d34a0a3?s=96&d=mm&r=g","contentUrl":"https:\/\/secure.gravatar.com\/avatar\/1881429e9c64597c77ad7aef2d0a19be69a3253e57534d16aa15bf3a4d34a0a3?s=96&d=mm&r=g","caption":"\u017baneta Mrozek-Siewierska"},"url":"https:\/\/www.24gliwice.pl\/wiadomosci\/author\/zms\/"}]}},"_links":{"self":[{"href":"https:\/\/www.24gliwice.pl\/wiadomosci\/wp-json\/wp\/v2\/posts\/148182","targetHints":{"allow":["GET"]}}],"collection":[{"href":"https:\/\/www.24gliwice.pl\/wiadomosci\/wp-json\/wp\/v2\/posts"}],"about":[{"href":"https:\/\/www.24gliwice.pl\/wiadomosci\/wp-json\/wp\/v2\/types\/post"}],"author":[{"embeddable":true,"href":"https:\/\/www.24gliwice.pl\/wiadomosci\/wp-json\/wp\/v2\/users\/15"}],"replies":[{"embeddable":true,"href":"https:\/\/www.24gliwice.pl\/wiadomosci\/wp-json\/wp\/v2\/comments?post=148182"}],"version-history":[{"count":0,"href":"https:\/\/www.24gliwice.pl\/wiadomosci\/wp-json\/wp\/v2\/posts\/148182\/revisions"}],"wp:featuredmedia":[{"embeddable":true,"href":"https:\/\/www.24gliwice.pl\/wiadomosci\/wp-json\/wp\/v2\/media\/143052"}],"wp:attachment":[{"href":"https:\/\/www.24gliwice.pl\/wiadomosci\/wp-json\/wp\/v2\/media?parent=148182"}],"wp:term":[{"taxonomy":"category","embeddable":true,"href":"https:\/\/www.24gliwice.pl\/wiadomosci\/wp-json\/wp\/v2\/categories?post=148182"},{"taxonomy":"post_tag","embeddable":true,"href":"https:\/\/www.24gliwice.pl\/wiadomosci\/wp-json\/wp\/v2\/tags?post=148182"}],"curies":[{"name":"wp","href":"https:\/\/api.w.org\/{rel}","templated":true}]}}