{"id":148542,"date":"2020-03-06T10:40:47","date_gmt":"2020-03-06T09:40:47","guid":{"rendered":"https:\/\/www.24gliwice.pl\/wiadomosci\/?p=148542"},"modified":"2020-03-06T10:40:47","modified_gmt":"2020-03-06T09:40:47","slug":"zwiekszenie-bezpieczenstwa-pasazerow-autobusy-beda-teraz-myte-dokladniej-ale-to-nie-wszystko","status":"publish","type":"post","link":"https:\/\/www.24gliwice.pl\/wiadomosci\/zwiekszenie-bezpieczenstwa-pasazerow-autobusy-beda-teraz-myte-dokladniej-ale-to-nie-wszystko\/","title":{"rendered":"&#8220;Zwi\u0119kszenie bezpiecze\u0144stwa pasa\u017cer\u00f3w&#8221;. Autobusy b\u0119d\u0105 teraz myte dok\u0142adniej, ale to nie wszystko"},"content":{"rendered":"<div class=\"gliwi-a6-nad-leadem-artykulow gliwi-entity-placement\" id=\"gliwi-3543370426\"><div class=\"gliwi-adlabel\"><span style=\"font-size: 9px\">REKLAMA<\/span><\/div><div id=\"gliwi-444174917\" style=\"margin-bottom: 30px;margin-left: auto;margin-right: auto;text-align: center;\"><a data-no-instant=\"1\" href=\"https:\/\/przedszkole.halogen.org.pl\/\" rel=\"noopener\" class=\"a2t-link\" target=\"_blank\" aria-label=\"20260402-ANIMATOR-przedszkole_grafika_750x200\"><img loading=\"lazy\" decoding=\"async\" src=\"https:\/\/www.24gliwice.pl\/wiadomosci\/wp-content\/uploads\/2026\/04\/20260402-ANIMATOR-przedszkole_grafika_750x200.webp\" alt=\"\"  srcset=\"https:\/\/www.24gliwice.pl\/wiadomosci\/wp-content\/uploads\/2026\/04\/20260402-ANIMATOR-przedszkole_grafika_750x200.webp 750w, https:\/\/www.24gliwice.pl\/wiadomosci\/wp-content\/uploads\/2026\/04\/20260402-ANIMATOR-przedszkole_grafika_750x200-410x109.webp 410w\" sizes=\"(max-width: 750px) 100vw, 750px\" class=\"no-lazyload\" width=\"750\" height=\"200\"  style=\"display: inline-block; max-width: 100%; height: auto;\" \/><\/a><\/div><\/div><h3>Wzmo\u017cona kontrola czysto\u015bci pojazd\u00f3w, mycie &#8220;ze szczeg\u00f3ln\u0105 dok\u0142adno\u015bci\u0105&#8221;  i wprowadzenie automatycznego otwierania wszystkich drzwi &#8211; to tylko niekt\u00f3re z dzia\u0142a\u0144 podj\u0119tych przez Zarz\u0105d Transportu Metropolitarnego we wsp\u00f3\u0142pracy z operatorami, w zwi\u0105zku z zagro\u017ceniem koronawirusem.<\/h3>\n<p>Wraz ze zwi\u0119kszonym ryzykiem zaka\u017cenia ZTM podj\u0105\u0142 dzia\u0142ania ukierunkowane na zwi\u0119kszenie bezpiecze\u0144stwa pasa\u017cer\u00f3w.<\/p>\n<p>Na co dzie\u0144 obowi\u0105zuj\u0105ce w komunikacji miejskiej standardy obliguj\u0105 operator\u00f3w ZTM do codziennego czyszczenia pojazd\u00f3w. Organizator transportu zwr\u00f3ci\u0142 si\u0119 z oficjalnym pismem do przewo\u017anik\u00f3w, aby dezynfekcje przeprowadza\u0107 ze szczeg\u00f3ln\u0105 dok\u0142adno\u015bci\u0105, a wyj\u0105tkow\u0105 uwag\u0119 zwr\u00f3ci\u0107 m.in. na por\u0119cze, uchwyty i kasowniki. Ponadto ZTM podj\u0105\u0142 decyzj\u0119 o zaleceniu kierowcom i motorniczym otwieranie wszystkich drzwi \u2013 celem ograniczenia liczby kontakt\u00f3w ludzkiego cia\u0142a z newralgicznymi elementami pojazd\u00f3w.<\/p><div class=\"gliwi-a3-w-tresci-artykulow gliwi-entity-placement\" id=\"gliwi-1765599523\"><div class=\"gliwi-adlabel\"><span style=\"font-size: 9px\">REKLAMA<\/span><\/div><div id=\"gliwi-2285248019\" style=\"margin-bottom: 30px;margin-left: auto;margin-right: auto;text-align: center;\"><a data-no-instant=\"1\" href=\"https:\/\/ogrodyandersa.pl\/\" rel=\"noopener\" class=\"a2t-link\" target=\"_blank\" aria-label=\"20260415 Ogrody Andersa KUP TERAZ D\"><img loading=\"lazy\" decoding=\"async\" src=\"https:\/\/www.24gliwice.pl\/wiadomosci\/wp-content\/uploads\/2026\/04\/20260415-Ogrody-Andersa-KUP-TERAZ-D.jpg\" alt=\"\"  srcset=\"https:\/\/www.24gliwice.pl\/wiadomosci\/wp-content\/uploads\/2026\/04\/20260415-Ogrody-Andersa-KUP-TERAZ-D.jpg 750w, https:\/\/www.24gliwice.pl\/wiadomosci\/wp-content\/uploads\/2026\/04\/20260415-Ogrody-Andersa-KUP-TERAZ-D-410x109.jpg 410w\" sizes=\"(max-width: 750px) 100vw, 750px\" class=\"no-lazyload\" width=\"750\" height=\"200\"  style=\"display: inline-block; max-width: 100%; height: auto;\" \/><\/a><\/div><\/div>\n<p>Przedstawiciele ZTM zapowiedzieli tak\u017ce wzmo\u017cone kontrole czysto\u015bci pojazd\u00f3w. Za\u0142ogi terenowe b\u0119d\u0105 zwraca\u0107 zdecydowanie wi\u0119ksz\u0105 uwag\u0119 ni\u017c dotychczas na czysto\u015b\u0107 pojazd\u00f3w. W przypadku zaniedba\u0144 \u2013 b\u0119d\u0105 nak\u0142adane kary.<\/p>\n<p>Organizator metropolitalnego transportu zbiorowego, do\u0142\u0105czy\u0142 te\u017c do akcji informacyjnej realizowanej m.in. przez \u015al\u0105ski OW NFZ w Katowicach. Operatorom przekazano plakaty informuj\u0105ce o tym jak zapobiega\u0107 zaka\u017ceniu. Maj\u0105 one zawisn\u0105\u0107 w autobusach, tramwajach i trolejbusach w ca\u0142ej Metropolii. <\/p>\n<p>(mf\/ ZTM)<\/p>\n<div class=\"gliwi-a5-na-koncu-artykulow gliwi-entity-placement\" id=\"gliwi-1704827177\"><div class=\"gliwi-adlabel\"><span style=\"font-size: 9px\">REKLAMA<\/span><\/div><div id=\"gliwi-1200295701\" style=\"margin-left: auto;margin-right: auto;text-align: center;\"><a data-no-instant=\"1\" href=\"https:\/\/prezeroarenagliwice.pl\/\" rel=\"noopener\" class=\"a2t-link\" target=\"_blank\" aria-label=\"20260309-PREZERO-WIOSNA-D\"><img loading=\"lazy\" decoding=\"async\" src=\"https:\/\/www.24gliwice.pl\/wiadomosci\/wp-content\/uploads\/2026\/03\/20260309-PREZERO-WIOSNA-D.webp\" alt=\"\"  srcset=\"https:\/\/www.24gliwice.pl\/wiadomosci\/wp-content\/uploads\/2026\/03\/20260309-PREZERO-WIOSNA-D.webp 750w, https:\/\/www.24gliwice.pl\/wiadomosci\/wp-content\/uploads\/2026\/03\/20260309-PREZERO-WIOSNA-D-410x109.webp 410w\" sizes=\"(max-width: 750px) 100vw, 750px\" class=\"no-lazyload\" width=\"750\" height=\"200\"  style=\"display: inline-block; max-width: 100%; height: auto;\" \/><\/a><\/div><\/div>","protected":false},"excerpt":{"rendered":"<p>Wzmo\u017cona kontrola czysto\u015bci pojazd\u00f3w, mycie &#8220;ze szczeg\u00f3ln\u0105 dok\u0142adno\u015bci\u0105&#8221; i wprowadzenie automatycznego otwierania wszystkich drzwi &#8211; to tylko niekt\u00f3re z dzia\u0142a\u0144 podj\u0119tych przez Zarz\u0105d Transportu Metropolitarnego we wsp\u00f3\u0142pracy z operatorami, w zwi\u0105zku z zagro\u017ceniem koronawirusem. Wraz ze zwi\u0119kszonym ryzykiem zaka\u017cenia ZTM podj\u0105\u0142 dzia\u0142ania ukierunkowane na zwi\u0119kszenie bezpiecze\u0144stwa pasa\u017cer\u00f3w. Na co dzie\u0144 obowi\u0105zuj\u0105ce w komunikacji miejskiej standardy [&hellip;]<\/p>\n","protected":false},"author":4,"featured_media":148548,"comment_status":"open","ping_status":"closed","sticky":false,"template":"","format":"standard","meta":{"_monsterinsights_skip_tracking":false,"_monsterinsights_sitenote_active":false,"_monsterinsights_sitenote_note":"","_monsterinsights_sitenote_category":0,"footnotes":"","_links_to":"","_links_to_target":""},"categories":[3,1,9,8],"tags":[307,7838,10746],"class_list":["post-148542","post","type-post","status-publish","format-standard","has-post-thumbnail","hentry","category-gliwice","category-wszystko","category-aktualnosci_lokalne","category-samorzad_polityka","tag-autobusy","tag-metropolia","tag-ztm"],"yoast_head":"<!-- This site is optimized with the Yoast SEO plugin v27.5 - https:\/\/yoast.com\/product\/yoast-seo-wordpress\/ -->\n<title>&quot;Zwi\u0119kszenie bezpiecze\u0144stwa pasa\u017cer\u00f3w&quot;. Autobusy b\u0119d\u0105 teraz myte dok\u0142adniej, ale to nie wszystko - 24GLIWICE - Portal Gliwice | codziennie nowe informacje<\/title>\n<meta name=\"robots\" content=\"index, follow, max-snippet:-1, max-image-preview:large, max-video-preview:-1\" \/>\n<link rel=\"canonical\" href=\"https:\/\/www.24gliwice.pl\/wiadomosci\/zwiekszenie-bezpieczenstwa-pasazerow-autobusy-beda-teraz-myte-dokladniej-ale-to-nie-wszystko\/\" \/>\n<meta property=\"og:locale\" content=\"pl_PL\" \/>\n<meta property=\"og:type\" content=\"article\" \/>\n<meta property=\"og:title\" content=\"&quot;Zwi\u0119kszenie bezpiecze\u0144stwa pasa\u017cer\u00f3w&quot;. Autobusy b\u0119d\u0105 teraz myte dok\u0142adniej, ale to nie wszystko - 24GLIWICE - Portal Gliwice | codziennie nowe informacje\" \/>\n<meta property=\"og:description\" content=\"Wzmo\u017cona kontrola czysto\u015bci pojazd\u00f3w, mycie &#8220;ze szczeg\u00f3ln\u0105 dok\u0142adno\u015bci\u0105&#8221; i wprowadzenie automatycznego otwierania wszystkich drzwi &#8211; to tylko niekt\u00f3re z dzia\u0142a\u0144 podj\u0119tych przez Zarz\u0105d Transportu Metropolitarnego we wsp\u00f3\u0142pracy z operatorami, w zwi\u0105zku z zagro\u017ceniem koronawirusem. Wraz ze zwi\u0119kszonym ryzykiem zaka\u017cenia ZTM podj\u0105\u0142 dzia\u0142ania ukierunkowane na zwi\u0119kszenie bezpiecze\u0144stwa pasa\u017cer\u00f3w. Na co dzie\u0144 obowi\u0105zuj\u0105ce w komunikacji miejskiej standardy [&hellip;]\" \/>\n<meta property=\"og:url\" content=\"https:\/\/www.24gliwice.pl\/wiadomosci\/zwiekszenie-bezpieczenstwa-pasazerow-autobusy-beda-teraz-myte-dokladniej-ale-to-nie-wszystko\/\" \/>\n<meta property=\"og:site_name\" content=\"24GLIWICE - Portal Gliwice | codziennie nowe informacje\" \/>\n<meta property=\"article:publisher\" content=\"https:\/\/www.facebook.com\/24gliwice\" \/>\n<meta property=\"article:author\" content=\"https:\/\/www.facebook.com\/marcin.fabrykowski\" \/>\n<meta property=\"article:published_time\" content=\"2020-03-06T09:40:47+00:00\" \/>\n<meta property=\"og:image\" content=\"https:\/\/www.24gliwice.pl\/wiadomosci\/wp-content\/uploads\/2020\/03\/1-autobus-wnetrze-ztm.jpg\" \/>\n\t<meta property=\"og:image:width\" content=\"810\" \/>\n\t<meta property=\"og:image:height\" content=\"453\" \/>\n\t<meta property=\"og:image:type\" content=\"image\/jpeg\" \/>\n<meta name=\"author\" content=\"Marcin Fabrykowski\" \/>\n<meta name=\"twitter:card\" content=\"summary_large_image\" \/>\n<meta name=\"twitter:creator\" content=\"@24gliwice\" \/>\n<meta name=\"twitter:site\" content=\"@24gliwice\" \/>\n<meta name=\"twitter:label1\" content=\"Napisane przez\" \/>\n\t<meta name=\"twitter:data1\" content=\"Marcin Fabrykowski\" \/>\n\t<meta name=\"twitter:label2\" content=\"Szacowany czas czytania\" \/>\n\t<meta name=\"twitter:data2\" content=\"1 minuta\" \/>\n<script type=\"application\/ld+json\" class=\"yoast-schema-graph\">{\"@context\":\"https:\\\/\\\/schema.org\",\"@graph\":[{\"@type\":\"Article\",\"@id\":\"https:\\\/\\\/www.24gliwice.pl\\\/wiadomosci\\\/zwiekszenie-bezpieczenstwa-pasazerow-autobusy-beda-teraz-myte-dokladniej-ale-to-nie-wszystko\\\/#article\",\"isPartOf\":{\"@id\":\"https:\\\/\\\/www.24gliwice.pl\\\/wiadomosci\\\/zwiekszenie-bezpieczenstwa-pasazerow-autobusy-beda-teraz-myte-dokladniej-ale-to-nie-wszystko\\\/\"},\"author\":{\"name\":\"Marcin Fabrykowski\",\"@id\":\"https:\\\/\\\/www.24gliwice.pl\\\/wiadomosci\\\/#\\\/schema\\\/person\\\/cb5857e4a4d048c15984c1edcc8ef0c0\"},\"headline\":\"&#8220;Zwi\u0119kszenie bezpiecze\u0144stwa pasa\u017cer\u00f3w&#8221;. Autobusy b\u0119d\u0105 teraz myte dok\u0142adniej, ale to nie wszystko\",\"datePublished\":\"2020-03-06T09:40:47+00:00\",\"mainEntityOfPage\":{\"@id\":\"https:\\\/\\\/www.24gliwice.pl\\\/wiadomosci\\\/zwiekszenie-bezpieczenstwa-pasazerow-autobusy-beda-teraz-myte-dokladniej-ale-to-nie-wszystko\\\/\"},\"wordCount\":245,\"commentCount\":0,\"publisher\":{\"@id\":\"https:\\\/\\\/www.24gliwice.pl\\\/wiadomosci\\\/#organization\"},\"image\":{\"@id\":\"https:\\\/\\\/www.24gliwice.pl\\\/wiadomosci\\\/zwiekszenie-bezpieczenstwa-pasazerow-autobusy-beda-teraz-myte-dokladniej-ale-to-nie-wszystko\\\/#primaryimage\"},\"thumbnailUrl\":\"https:\\\/\\\/www.24gliwice.pl\\\/wiadomosci\\\/wp-content\\\/uploads\\\/2020\\\/03\\\/1-autobus-wnetrze-ztm.jpg\",\"keywords\":[\"AUTOBUSY\",\"METROPOLIA\",\"ZTM\"],\"articleSection\":[\"Gliwice\",\"Najnowsze wiadomo\u015bci\",\"Portal Gliwice - Wiadomo\u015bci lokalne\",\"Samorz\u0105d, polityka\"],\"inLanguage\":\"pl-PL\",\"potentialAction\":[{\"@type\":\"CommentAction\",\"name\":\"Comment\",\"target\":[\"https:\\\/\\\/www.24gliwice.pl\\\/wiadomosci\\\/zwiekszenie-bezpieczenstwa-pasazerow-autobusy-beda-teraz-myte-dokladniej-ale-to-nie-wszystko\\\/#respond\"]}]},{\"@type\":\"WebPage\",\"@id\":\"https:\\\/\\\/www.24gliwice.pl\\\/wiadomosci\\\/zwiekszenie-bezpieczenstwa-pasazerow-autobusy-beda-teraz-myte-dokladniej-ale-to-nie-wszystko\\\/\",\"url\":\"https:\\\/\\\/www.24gliwice.pl\\\/wiadomosci\\\/zwiekszenie-bezpieczenstwa-pasazerow-autobusy-beda-teraz-myte-dokladniej-ale-to-nie-wszystko\\\/\",\"name\":\"\\\"Zwi\u0119kszenie bezpiecze\u0144stwa pasa\u017cer\u00f3w\\\". Autobusy b\u0119d\u0105 teraz myte dok\u0142adniej, ale to nie wszystko - 24GLIWICE - Portal Gliwice | codziennie nowe informacje\",\"isPartOf\":{\"@id\":\"https:\\\/\\\/www.24gliwice.pl\\\/wiadomosci\\\/#website\"},\"primaryImageOfPage\":{\"@id\":\"https:\\\/\\\/www.24gliwice.pl\\\/wiadomosci\\\/zwiekszenie-bezpieczenstwa-pasazerow-autobusy-beda-teraz-myte-dokladniej-ale-to-nie-wszystko\\\/#primaryimage\"},\"image\":{\"@id\":\"https:\\\/\\\/www.24gliwice.pl\\\/wiadomosci\\\/zwiekszenie-bezpieczenstwa-pasazerow-autobusy-beda-teraz-myte-dokladniej-ale-to-nie-wszystko\\\/#primaryimage\"},\"thumbnailUrl\":\"https:\\\/\\\/www.24gliwice.pl\\\/wiadomosci\\\/wp-content\\\/uploads\\\/2020\\\/03\\\/1-autobus-wnetrze-ztm.jpg\",\"datePublished\":\"2020-03-06T09:40:47+00:00\",\"breadcrumb\":{\"@id\":\"https:\\\/\\\/www.24gliwice.pl\\\/wiadomosci\\\/zwiekszenie-bezpieczenstwa-pasazerow-autobusy-beda-teraz-myte-dokladniej-ale-to-nie-wszystko\\\/#breadcrumb\"},\"inLanguage\":\"pl-PL\",\"potentialAction\":[{\"@type\":\"ReadAction\",\"target\":[\"https:\\\/\\\/www.24gliwice.pl\\\/wiadomosci\\\/zwiekszenie-bezpieczenstwa-pasazerow-autobusy-beda-teraz-myte-dokladniej-ale-to-nie-wszystko\\\/\"]}]},{\"@type\":\"ImageObject\",\"inLanguage\":\"pl-PL\",\"@id\":\"https:\\\/\\\/www.24gliwice.pl\\\/wiadomosci\\\/zwiekszenie-bezpieczenstwa-pasazerow-autobusy-beda-teraz-myte-dokladniej-ale-to-nie-wszystko\\\/#primaryimage\",\"url\":\"https:\\\/\\\/www.24gliwice.pl\\\/wiadomosci\\\/wp-content\\\/uploads\\\/2020\\\/03\\\/1-autobus-wnetrze-ztm.jpg\",\"contentUrl\":\"https:\\\/\\\/www.24gliwice.pl\\\/wiadomosci\\\/wp-content\\\/uploads\\\/2020\\\/03\\\/1-autobus-wnetrze-ztm.jpg\",\"width\":810,\"height\":453,\"caption\":\"Fot. ZTM\"},{\"@type\":\"BreadcrumbList\",\"@id\":\"https:\\\/\\\/www.24gliwice.pl\\\/wiadomosci\\\/zwiekszenie-bezpieczenstwa-pasazerow-autobusy-beda-teraz-myte-dokladniej-ale-to-nie-wszystko\\\/#breadcrumb\",\"itemListElement\":[{\"@type\":\"ListItem\",\"position\":1,\"name\":\"Strona g\u0142\u00f3wna\",\"item\":\"https:\\\/\\\/www.24gliwice.pl\\\/wiadomosci\\\/\"},{\"@type\":\"ListItem\",\"position\":2,\"name\":\"&#8222;Zwi\u0119kszenie bezpiecze\u0144stwa pasa\u017cer\u00f3w&#8221;. Autobusy b\u0119d\u0105 teraz myte dok\u0142adniej, ale to nie wszystko\"}]},{\"@type\":\"WebSite\",\"@id\":\"https:\\\/\\\/www.24gliwice.pl\\\/wiadomosci\\\/#website\",\"url\":\"https:\\\/\\\/www.24gliwice.pl\\\/wiadomosci\\\/\",\"name\":\"24GLIWICE - Portal Gliwice | codziennie nowe wiadomo\u015bci\",\"description\":\"Portal Miejski Gliwice\",\"publisher\":{\"@id\":\"https:\\\/\\\/www.24gliwice.pl\\\/wiadomosci\\\/#organization\"},\"potentialAction\":[{\"@type\":\"SearchAction\",\"target\":{\"@type\":\"EntryPoint\",\"urlTemplate\":\"https:\\\/\\\/www.24gliwice.pl\\\/wiadomosci\\\/?s={search_term_string}\"},\"query-input\":{\"@type\":\"PropertyValueSpecification\",\"valueRequired\":true,\"valueName\":\"search_term_string\"}}],\"inLanguage\":\"pl-PL\"},{\"@type\":\"Organization\",\"@id\":\"https:\\\/\\\/www.24gliwice.pl\\\/wiadomosci\\\/#organization\",\"name\":\"24gliwice\",\"url\":\"https:\\\/\\\/www.24gliwice.pl\\\/wiadomosci\\\/\",\"logo\":{\"@type\":\"ImageObject\",\"inLanguage\":\"pl-PL\",\"@id\":\"https:\\\/\\\/www.24gliwice.pl\\\/wiadomosci\\\/#\\\/schema\\\/logo\\\/image\\\/\",\"url\":\"https:\\\/\\\/www.24gliwice.pl\\\/wiadomosci\\\/wp-content\\\/uploads\\\/2024\\\/10\\\/24gliwice-logo-696.jpg\",\"contentUrl\":\"https:\\\/\\\/www.24gliwice.pl\\\/wiadomosci\\\/wp-content\\\/uploads\\\/2024\\\/10\\\/24gliwice-logo-696.jpg\",\"width\":696,\"height\":696,\"caption\":\"24gliwice\"},\"image\":{\"@id\":\"https:\\\/\\\/www.24gliwice.pl\\\/wiadomosci\\\/#\\\/schema\\\/logo\\\/image\\\/\"},\"sameAs\":[\"https:\\\/\\\/www.facebook.com\\\/24gliwice\",\"https:\\\/\\\/x.com\\\/24gliwice\",\"https:\\\/\\\/www.youtube.com\\\/@24gliwice\"]},{\"@type\":\"Person\",\"@id\":\"https:\\\/\\\/www.24gliwice.pl\\\/wiadomosci\\\/#\\\/schema\\\/person\\\/cb5857e4a4d048c15984c1edcc8ef0c0\",\"name\":\"Marcin Fabrykowski\",\"image\":{\"@type\":\"ImageObject\",\"inLanguage\":\"pl-PL\",\"@id\":\"https:\\\/\\\/www.24gliwice.pl\\\/wiadomosci\\\/wp-content\\\/uploads\\\/2025\\\/11\\\/zdjecie-moje-marcin-300-96x96.jpg\",\"url\":\"https:\\\/\\\/www.24gliwice.pl\\\/wiadomosci\\\/wp-content\\\/uploads\\\/2025\\\/11\\\/zdjecie-moje-marcin-300-96x96.jpg\",\"contentUrl\":\"https:\\\/\\\/www.24gliwice.pl\\\/wiadomosci\\\/wp-content\\\/uploads\\\/2025\\\/11\\\/zdjecie-moje-marcin-300-96x96.jpg\",\"caption\":\"Marcin Fabrykowski\"},\"sameAs\":[\"http:\\\/\\\/24gliwice.pl\",\"https:\\\/\\\/www.facebook.com\\\/marcin.fabrykowski\"],\"url\":\"https:\\\/\\\/www.24gliwice.pl\\\/wiadomosci\\\/author\\\/marcin-fabrykowski\\\/\"}]}<\/script>\n<!-- \/ Yoast SEO plugin. -->","yoast_head_json":{"title":"\"Zwi\u0119kszenie bezpiecze\u0144stwa pasa\u017cer\u00f3w\". Autobusy b\u0119d\u0105 teraz myte dok\u0142adniej, ale to nie wszystko - 24GLIWICE - Portal Gliwice | codziennie nowe informacje","robots":{"index":"index","follow":"follow","max-snippet":"max-snippet:-1","max-image-preview":"max-image-preview:large","max-video-preview":"max-video-preview:-1"},"canonical":"https:\/\/www.24gliwice.pl\/wiadomosci\/zwiekszenie-bezpieczenstwa-pasazerow-autobusy-beda-teraz-myte-dokladniej-ale-to-nie-wszystko\/","og_locale":"pl_PL","og_type":"article","og_title":"\"Zwi\u0119kszenie bezpiecze\u0144stwa pasa\u017cer\u00f3w\". Autobusy b\u0119d\u0105 teraz myte dok\u0142adniej, ale to nie wszystko - 24GLIWICE - Portal Gliwice | codziennie nowe informacje","og_description":"Wzmo\u017cona kontrola czysto\u015bci pojazd\u00f3w, mycie &#8220;ze szczeg\u00f3ln\u0105 dok\u0142adno\u015bci\u0105&#8221; i wprowadzenie automatycznego otwierania wszystkich drzwi &#8211; to tylko niekt\u00f3re z dzia\u0142a\u0144 podj\u0119tych przez Zarz\u0105d Transportu Metropolitarnego we wsp\u00f3\u0142pracy z operatorami, w zwi\u0105zku z zagro\u017ceniem koronawirusem. Wraz ze zwi\u0119kszonym ryzykiem zaka\u017cenia ZTM podj\u0105\u0142 dzia\u0142ania ukierunkowane na zwi\u0119kszenie bezpiecze\u0144stwa pasa\u017cer\u00f3w. Na co dzie\u0144 obowi\u0105zuj\u0105ce w komunikacji miejskiej standardy [&hellip;]","og_url":"https:\/\/www.24gliwice.pl\/wiadomosci\/zwiekszenie-bezpieczenstwa-pasazerow-autobusy-beda-teraz-myte-dokladniej-ale-to-nie-wszystko\/","og_site_name":"24GLIWICE - Portal Gliwice | codziennie nowe informacje","article_publisher":"https:\/\/www.facebook.com\/24gliwice","article_author":"https:\/\/www.facebook.com\/marcin.fabrykowski","article_published_time":"2020-03-06T09:40:47+00:00","og_image":[{"width":810,"height":453,"url":"https:\/\/www.24gliwice.pl\/wiadomosci\/wp-content\/uploads\/2020\/03\/1-autobus-wnetrze-ztm.jpg","type":"image\/jpeg"}],"author":"Marcin Fabrykowski","twitter_card":"summary_large_image","twitter_creator":"@24gliwice","twitter_site":"@24gliwice","twitter_misc":{"Napisane przez":"Marcin Fabrykowski","Szacowany czas czytania":"1 minuta"},"schema":{"@context":"https:\/\/schema.org","@graph":[{"@type":"Article","@id":"https:\/\/www.24gliwice.pl\/wiadomosci\/zwiekszenie-bezpieczenstwa-pasazerow-autobusy-beda-teraz-myte-dokladniej-ale-to-nie-wszystko\/#article","isPartOf":{"@id":"https:\/\/www.24gliwice.pl\/wiadomosci\/zwiekszenie-bezpieczenstwa-pasazerow-autobusy-beda-teraz-myte-dokladniej-ale-to-nie-wszystko\/"},"author":{"name":"Marcin Fabrykowski","@id":"https:\/\/www.24gliwice.pl\/wiadomosci\/#\/schema\/person\/cb5857e4a4d048c15984c1edcc8ef0c0"},"headline":"&#8220;Zwi\u0119kszenie bezpiecze\u0144stwa pasa\u017cer\u00f3w&#8221;. Autobusy b\u0119d\u0105 teraz myte dok\u0142adniej, ale to nie wszystko","datePublished":"2020-03-06T09:40:47+00:00","mainEntityOfPage":{"@id":"https:\/\/www.24gliwice.pl\/wiadomosci\/zwiekszenie-bezpieczenstwa-pasazerow-autobusy-beda-teraz-myte-dokladniej-ale-to-nie-wszystko\/"},"wordCount":245,"commentCount":0,"publisher":{"@id":"https:\/\/www.24gliwice.pl\/wiadomosci\/#organization"},"image":{"@id":"https:\/\/www.24gliwice.pl\/wiadomosci\/zwiekszenie-bezpieczenstwa-pasazerow-autobusy-beda-teraz-myte-dokladniej-ale-to-nie-wszystko\/#primaryimage"},"thumbnailUrl":"https:\/\/www.24gliwice.pl\/wiadomosci\/wp-content\/uploads\/2020\/03\/1-autobus-wnetrze-ztm.jpg","keywords":["AUTOBUSY","METROPOLIA","ZTM"],"articleSection":["Gliwice","Najnowsze wiadomo\u015bci","Portal Gliwice - Wiadomo\u015bci lokalne","Samorz\u0105d, polityka"],"inLanguage":"pl-PL","potentialAction":[{"@type":"CommentAction","name":"Comment","target":["https:\/\/www.24gliwice.pl\/wiadomosci\/zwiekszenie-bezpieczenstwa-pasazerow-autobusy-beda-teraz-myte-dokladniej-ale-to-nie-wszystko\/#respond"]}]},{"@type":"WebPage","@id":"https:\/\/www.24gliwice.pl\/wiadomosci\/zwiekszenie-bezpieczenstwa-pasazerow-autobusy-beda-teraz-myte-dokladniej-ale-to-nie-wszystko\/","url":"https:\/\/www.24gliwice.pl\/wiadomosci\/zwiekszenie-bezpieczenstwa-pasazerow-autobusy-beda-teraz-myte-dokladniej-ale-to-nie-wszystko\/","name":"\"Zwi\u0119kszenie bezpiecze\u0144stwa pasa\u017cer\u00f3w\". Autobusy b\u0119d\u0105 teraz myte dok\u0142adniej, ale to nie wszystko - 24GLIWICE - Portal Gliwice | codziennie nowe informacje","isPartOf":{"@id":"https:\/\/www.24gliwice.pl\/wiadomosci\/#website"},"primaryImageOfPage":{"@id":"https:\/\/www.24gliwice.pl\/wiadomosci\/zwiekszenie-bezpieczenstwa-pasazerow-autobusy-beda-teraz-myte-dokladniej-ale-to-nie-wszystko\/#primaryimage"},"image":{"@id":"https:\/\/www.24gliwice.pl\/wiadomosci\/zwiekszenie-bezpieczenstwa-pasazerow-autobusy-beda-teraz-myte-dokladniej-ale-to-nie-wszystko\/#primaryimage"},"thumbnailUrl":"https:\/\/www.24gliwice.pl\/wiadomosci\/wp-content\/uploads\/2020\/03\/1-autobus-wnetrze-ztm.jpg","datePublished":"2020-03-06T09:40:47+00:00","breadcrumb":{"@id":"https:\/\/www.24gliwice.pl\/wiadomosci\/zwiekszenie-bezpieczenstwa-pasazerow-autobusy-beda-teraz-myte-dokladniej-ale-to-nie-wszystko\/#breadcrumb"},"inLanguage":"pl-PL","potentialAction":[{"@type":"ReadAction","target":["https:\/\/www.24gliwice.pl\/wiadomosci\/zwiekszenie-bezpieczenstwa-pasazerow-autobusy-beda-teraz-myte-dokladniej-ale-to-nie-wszystko\/"]}]},{"@type":"ImageObject","inLanguage":"pl-PL","@id":"https:\/\/www.24gliwice.pl\/wiadomosci\/zwiekszenie-bezpieczenstwa-pasazerow-autobusy-beda-teraz-myte-dokladniej-ale-to-nie-wszystko\/#primaryimage","url":"https:\/\/www.24gliwice.pl\/wiadomosci\/wp-content\/uploads\/2020\/03\/1-autobus-wnetrze-ztm.jpg","contentUrl":"https:\/\/www.24gliwice.pl\/wiadomosci\/wp-content\/uploads\/2020\/03\/1-autobus-wnetrze-ztm.jpg","width":810,"height":453,"caption":"Fot. ZTM"},{"@type":"BreadcrumbList","@id":"https:\/\/www.24gliwice.pl\/wiadomosci\/zwiekszenie-bezpieczenstwa-pasazerow-autobusy-beda-teraz-myte-dokladniej-ale-to-nie-wszystko\/#breadcrumb","itemListElement":[{"@type":"ListItem","position":1,"name":"Strona g\u0142\u00f3wna","item":"https:\/\/www.24gliwice.pl\/wiadomosci\/"},{"@type":"ListItem","position":2,"name":"&#8222;Zwi\u0119kszenie bezpiecze\u0144stwa pasa\u017cer\u00f3w&#8221;. Autobusy b\u0119d\u0105 teraz myte dok\u0142adniej, ale to nie wszystko"}]},{"@type":"WebSite","@id":"https:\/\/www.24gliwice.pl\/wiadomosci\/#website","url":"https:\/\/www.24gliwice.pl\/wiadomosci\/","name":"24GLIWICE - Portal Gliwice | codziennie nowe wiadomo\u015bci","description":"Portal Miejski Gliwice","publisher":{"@id":"https:\/\/www.24gliwice.pl\/wiadomosci\/#organization"},"potentialAction":[{"@type":"SearchAction","target":{"@type":"EntryPoint","urlTemplate":"https:\/\/www.24gliwice.pl\/wiadomosci\/?s={search_term_string}"},"query-input":{"@type":"PropertyValueSpecification","valueRequired":true,"valueName":"search_term_string"}}],"inLanguage":"pl-PL"},{"@type":"Organization","@id":"https:\/\/www.24gliwice.pl\/wiadomosci\/#organization","name":"24gliwice","url":"https:\/\/www.24gliwice.pl\/wiadomosci\/","logo":{"@type":"ImageObject","inLanguage":"pl-PL","@id":"https:\/\/www.24gliwice.pl\/wiadomosci\/#\/schema\/logo\/image\/","url":"https:\/\/www.24gliwice.pl\/wiadomosci\/wp-content\/uploads\/2024\/10\/24gliwice-logo-696.jpg","contentUrl":"https:\/\/www.24gliwice.pl\/wiadomosci\/wp-content\/uploads\/2024\/10\/24gliwice-logo-696.jpg","width":696,"height":696,"caption":"24gliwice"},"image":{"@id":"https:\/\/www.24gliwice.pl\/wiadomosci\/#\/schema\/logo\/image\/"},"sameAs":["https:\/\/www.facebook.com\/24gliwice","https:\/\/x.com\/24gliwice","https:\/\/www.youtube.com\/@24gliwice"]},{"@type":"Person","@id":"https:\/\/www.24gliwice.pl\/wiadomosci\/#\/schema\/person\/cb5857e4a4d048c15984c1edcc8ef0c0","name":"Marcin Fabrykowski","image":{"@type":"ImageObject","inLanguage":"pl-PL","@id":"https:\/\/www.24gliwice.pl\/wiadomosci\/wp-content\/uploads\/2025\/11\/zdjecie-moje-marcin-300-96x96.jpg","url":"https:\/\/www.24gliwice.pl\/wiadomosci\/wp-content\/uploads\/2025\/11\/zdjecie-moje-marcin-300-96x96.jpg","contentUrl":"https:\/\/www.24gliwice.pl\/wiadomosci\/wp-content\/uploads\/2025\/11\/zdjecie-moje-marcin-300-96x96.jpg","caption":"Marcin Fabrykowski"},"sameAs":["http:\/\/24gliwice.pl","https:\/\/www.facebook.com\/marcin.fabrykowski"],"url":"https:\/\/www.24gliwice.pl\/wiadomosci\/author\/marcin-fabrykowski\/"}]}},"_links":{"self":[{"href":"https:\/\/www.24gliwice.pl\/wiadomosci\/wp-json\/wp\/v2\/posts\/148542","targetHints":{"allow":["GET"]}}],"collection":[{"href":"https:\/\/www.24gliwice.pl\/wiadomosci\/wp-json\/wp\/v2\/posts"}],"about":[{"href":"https:\/\/www.24gliwice.pl\/wiadomosci\/wp-json\/wp\/v2\/types\/post"}],"author":[{"embeddable":true,"href":"https:\/\/www.24gliwice.pl\/wiadomosci\/wp-json\/wp\/v2\/users\/4"}],"replies":[{"embeddable":true,"href":"https:\/\/www.24gliwice.pl\/wiadomosci\/wp-json\/wp\/v2\/comments?post=148542"}],"version-history":[{"count":0,"href":"https:\/\/www.24gliwice.pl\/wiadomosci\/wp-json\/wp\/v2\/posts\/148542\/revisions"}],"wp:featuredmedia":[{"embeddable":true,"href":"https:\/\/www.24gliwice.pl\/wiadomosci\/wp-json\/wp\/v2\/media\/148548"}],"wp:attachment":[{"href":"https:\/\/www.24gliwice.pl\/wiadomosci\/wp-json\/wp\/v2\/media?parent=148542"}],"wp:term":[{"taxonomy":"category","embeddable":true,"href":"https:\/\/www.24gliwice.pl\/wiadomosci\/wp-json\/wp\/v2\/categories?post=148542"},{"taxonomy":"post_tag","embeddable":true,"href":"https:\/\/www.24gliwice.pl\/wiadomosci\/wp-json\/wp\/v2\/tags?post=148542"}],"curies":[{"name":"wp","href":"https:\/\/api.w.org\/{rel}","templated":true}]}}