{"id":148600,"date":"2020-03-09T02:46:57","date_gmt":"2020-03-09T01:46:57","guid":{"rendered":"https:\/\/www.24gliwice.pl\/wiadomosci\/?p=148600"},"modified":"2020-03-09T17:18:15","modified_gmt":"2020-03-09T16:18:15","slug":"pierwszy-przypadek-koronawirusa-na-slasku-23-osoby-poddano-kwarantannie-w-tym-z-gliwic","status":"publish","type":"post","link":"https:\/\/www.24gliwice.pl\/wiadomosci\/pierwszy-przypadek-koronawirusa-na-slasku-23-osoby-poddano-kwarantannie-w-tym-z-gliwic\/","title":{"rendered":"Pierwszy przypadek koronawirusa na \u015al\u0105sku. 23 osoby poddano kwarantannie, w tym z Gliwic"},"content":{"rendered":"<div class=\"gliwi-a6-nad-leadem-artykulow gliwi-entity-placement\" id=\"gliwi-255247792\"><div class=\"gliwi-adlabel\"><span style=\"font-size: 9px\">REKLAMA<\/span><\/div><div id=\"gliwi-1602352763\" style=\"margin-bottom: 25px;margin-left: auto;margin-right: auto;text-align: center;\"><a data-no-instant=\"1\" href=\"https:\/\/dom100.eu\/\" rel=\"noopener\" class=\"a2t-link\" target=\"_blank\" aria-label=\"20260415 DOM100 D\"><img loading=\"lazy\" decoding=\"async\" src=\"https:\/\/www.24gliwice.pl\/wiadomosci\/wp-content\/uploads\/2026\/04\/20260415-DOM100-D.jpg\" alt=\"\"  srcset=\"https:\/\/www.24gliwice.pl\/wiadomosci\/wp-content\/uploads\/2026\/04\/20260415-DOM100-D.jpg 750w, https:\/\/www.24gliwice.pl\/wiadomosci\/wp-content\/uploads\/2026\/04\/20260415-DOM100-D-410x109.jpg 410w\" sizes=\"(max-width: 750px) 100vw, 750px\" class=\"no-lazyload\" width=\"750\" height=\"200\"  style=\"display: inline-block; max-width: 100%; height: auto;\" \/><\/a><\/div><\/div><h3>Zara\u017cony m\u0119\u017cczyzna jest w dobrym stanie, obecnie przebywa na oddziale zaka\u017anym szpitala w Raciborzu. To pierwszy potwierdzony przypadek zara\u017cenia koronawirusem w naszym wojew\u00f3dztwie. Konieczne by\u0142o te\u017c poddanie kwarantannie 23 os\u00f3b, r\u00f3wnie\u017c z Gliwic.<\/h3>\n<p>M\u0119\u017cczyzna, mieszkaniec Rybnika,  wr\u00f3ci\u0142 tydzie\u0144 temu z nart z teren\u00f3w p\u00f3\u0142nocnych W\u0142och. <\/p>\n<h4>Do domu przyjecha\u0142 zorganizowanym autokarem, na pok\u0142adzie kt\u00f3rego \u0142\u0105cznie znajdowa\u0142o si\u0119 33 pasa\u017cer\u00f3w i 3 osoby obs\u0142ugi.<\/h4>\n<p><em>\u2013 Do wszystkich w ci\u0105gu zaledwie kilku godzin dotarli powiatowi inspektorzy sanitarni. 23 mieszka\u0144c\u00f3w naszego wojew\u00f3dztwa trafi\u0142o do kwarantanny domowej pod \u015bcis\u0142ym nadzorem sanitarnym powiatowych inspektor\u00f3w z: Gliwic, Rybnika, Tych\u00f3w, Jaworzna, Chorzowa, Bytomia i Cieszyna. Pozostali r\u00f3wnie\u017c przebywaj\u0105 w kwarantannie w swoich miejscach zamieszkania, a chodzi o wojew\u00f3dztwa: mazowieckie, dolno\u015bl\u0105skie, lubelskie i opolskie. \u017baden z tych pasa\u017cer\u00f3w nie wykazuje symptom\u00f3w chorobowych<\/em> \u2013 przekaza\u0142a wojew\u00f3dzka inspektor sanitarna <strong>Urszula Mendera \u2013 Bo\u017cek<\/strong>.<\/p><div class=\"gliwi-a3-w-tresci-artykulow gliwi-entity-placement\" id=\"gliwi-1388300513\"><div class=\"gliwi-adlabel\"><span style=\"font-size: 9px\">REKLAMA<\/span><\/div><div id=\"gliwi-3761900299\" style=\"margin-bottom: 30px;margin-left: auto;margin-right: auto;text-align: center;\"><a data-no-instant=\"1\" href=\"https:\/\/zlobek.halogen.org.pl\/\" rel=\"noopener\" class=\"a2t-link\" target=\"_blank\" aria-label=\"animator-zlobek_750x200\"><img loading=\"lazy\" decoding=\"async\" src=\"https:\/\/www.24gliwice.pl\/wiadomosci\/wp-content\/uploads\/2026\/02\/animator-zlobek_750x200.webp\" alt=\"\"  srcset=\"https:\/\/www.24gliwice.pl\/wiadomosci\/wp-content\/uploads\/2026\/02\/animator-zlobek_750x200.webp 750w, https:\/\/www.24gliwice.pl\/wiadomosci\/wp-content\/uploads\/2026\/02\/animator-zlobek_750x200-410x109.webp 410w\" sizes=\"(max-width: 750px) 100vw, 750px\" class=\"no-lazyload\" width=\"750\" height=\"200\"  style=\"display: inline-block; max-width: 100%; height: auto;\" \/><\/a><\/div><\/div>\n<p>&#8211; Wszystkie s\u0142u\u017cby bardzo sprawnie i szybko dotar\u0142y do os\u00f3b z autobusu, gwarantuj\u0105c znacznie wi\u0119ksze bezpiecze\u0144stwo i nie rozprzestrzenianie si\u0119 wirusa \u2013 komentuje wojewoda \u015bl\u0105ski <strong>Jaros\u0142aw Wieczorek<\/strong>.  <\/p>\n<p>Jestem w sta\u0142ym kontakcie z wszystkimi oddzia\u0142ami zaka\u017anymi w wojew\u00f3dztwie. Na terenie wojew\u00f3dztwa dysponujemy odpowiedni\u0105 liczb\u0105 miejsc. Jeste\u015bmy przygotowani do zagro\u017cenia \u2013 zapewni\u0142 wojew\u00f3dzki konsultant ds. chor\u00f3b zaka\u017anych <strong>W\u0142odzimierz Mazur<\/strong>.<\/p>\n<p><strong>Do godz. 17:00 w poniedzia\u0142ek, w Polsce potwierdzono 17 przypadk\u00f3w zaka\u017cenia koronawirusem.<\/strong><\/p>\n<p>(mf\/Sl\u0105ski Urz\u0105d Wojew\u00f3dzki w Katowicach\/Ministerstwo Zdrowia)<\/p>\n<div class=\"gliwi-a5-na-koncu-artykulow gliwi-entity-placement\" id=\"gliwi-1067795342\"><div class=\"gliwi-adlabel\"><span style=\"font-size: 9px\">REKLAMA<\/span><\/div><div id=\"gliwi-2182291122\" style=\"margin-left: auto;margin-right: auto;text-align: center;\"><a data-no-instant=\"1\" href=\"https:\/\/prezeroarenagliwice.pl\/\" rel=\"noopener\" class=\"a2t-link\" target=\"_blank\" aria-label=\"20260309-PREZERO-WIOSNA-D\"><img loading=\"lazy\" decoding=\"async\" src=\"https:\/\/www.24gliwice.pl\/wiadomosci\/wp-content\/uploads\/2026\/03\/20260309-PREZERO-WIOSNA-D.webp\" alt=\"\"  srcset=\"https:\/\/www.24gliwice.pl\/wiadomosci\/wp-content\/uploads\/2026\/03\/20260309-PREZERO-WIOSNA-D.webp 750w, https:\/\/www.24gliwice.pl\/wiadomosci\/wp-content\/uploads\/2026\/03\/20260309-PREZERO-WIOSNA-D-410x109.webp 410w\" sizes=\"(max-width: 750px) 100vw, 750px\" class=\"no-lazyload\" width=\"750\" height=\"200\"  style=\"display: inline-block; max-width: 100%; height: auto;\" \/><\/a><\/div><\/div>","protected":false},"excerpt":{"rendered":"<p>Zara\u017cony m\u0119\u017cczyzna jest w dobrym stanie, obecnie przebywa na oddziale zaka\u017anym szpitala w Raciborzu. To pierwszy potwierdzony przypadek zara\u017cenia koronawirusem w naszym wojew\u00f3dztwie. Konieczne by\u0142o te\u017c poddanie kwarantannie 23 os\u00f3b, r\u00f3wnie\u017c z Gliwic. M\u0119\u017cczyzna, mieszkaniec Rybnika, wr\u00f3ci\u0142 tydzie\u0144 temu z nart z teren\u00f3w p\u00f3\u0142nocnych W\u0142och. Do domu przyjecha\u0142 zorganizowanym autokarem, na pok\u0142adzie kt\u00f3rego \u0142\u0105cznie znajdowa\u0142o [&hellip;]<\/p>\n","protected":false},"author":4,"featured_media":148604,"comment_status":"open","ping_status":"closed","sticky":false,"template":"","format":"standard","meta":{"_monsterinsights_skip_tracking":false,"_monsterinsights_sitenote_active":false,"_monsterinsights_sitenote_note":"","_monsterinsights_sitenote_category":0,"footnotes":"","_links_to":"","_links_to_target":""},"categories":[3,1,9],"tags":[8457,17708,17765,13586],"class_list":["post-148600","post","type-post","status-publish","format-standard","has-post-thumbnail","hentry","category-gliwice","category-wszystko","category-aktualnosci_lokalne","tag-epidemia","tag-koronawirus","tag-kwarantanna","tag-wirus"],"yoast_head":"<!-- This site is optimized with the Yoast SEO plugin v27.5 - https:\/\/yoast.com\/product\/yoast-seo-wordpress\/ -->\n<title>Pierwszy przypadek koronawirusa na \u015al\u0105sku. 23 osoby poddano kwarantannie, w tym z Gliwic - 24GLIWICE - Portal Gliwice | codziennie nowe informacje<\/title>\n<meta name=\"robots\" content=\"index, follow, max-snippet:-1, max-image-preview:large, max-video-preview:-1\" \/>\n<link rel=\"canonical\" href=\"https:\/\/www.24gliwice.pl\/wiadomosci\/pierwszy-przypadek-koronawirusa-na-slasku-23-osoby-poddano-kwarantannie-w-tym-z-gliwic\/\" \/>\n<meta property=\"og:locale\" content=\"pl_PL\" \/>\n<meta property=\"og:type\" content=\"article\" \/>\n<meta property=\"og:title\" content=\"Pierwszy przypadek koronawirusa na \u015al\u0105sku. 23 osoby poddano kwarantannie, w tym z Gliwic - 24GLIWICE - Portal Gliwice | codziennie nowe informacje\" \/>\n<meta property=\"og:description\" content=\"Zara\u017cony m\u0119\u017cczyzna jest w dobrym stanie, obecnie przebywa na oddziale zaka\u017anym szpitala w Raciborzu. To pierwszy potwierdzony przypadek zara\u017cenia koronawirusem w naszym wojew\u00f3dztwie. Konieczne by\u0142o te\u017c poddanie kwarantannie 23 os\u00f3b, r\u00f3wnie\u017c z Gliwic. M\u0119\u017cczyzna, mieszkaniec Rybnika, wr\u00f3ci\u0142 tydzie\u0144 temu z nart z teren\u00f3w p\u00f3\u0142nocnych W\u0142och. Do domu przyjecha\u0142 zorganizowanym autokarem, na pok\u0142adzie kt\u00f3rego \u0142\u0105cznie znajdowa\u0142o [&hellip;]\" \/>\n<meta property=\"og:url\" content=\"https:\/\/www.24gliwice.pl\/wiadomosci\/pierwszy-przypadek-koronawirusa-na-slasku-23-osoby-poddano-kwarantannie-w-tym-z-gliwic\/\" \/>\n<meta property=\"og:site_name\" content=\"24GLIWICE - Portal Gliwice | codziennie nowe informacje\" \/>\n<meta property=\"article:publisher\" content=\"https:\/\/www.facebook.com\/24gliwice\" \/>\n<meta property=\"article:author\" content=\"https:\/\/www.facebook.com\/marcin.fabrykowski\" \/>\n<meta property=\"article:published_time\" content=\"2020-03-09T01:46:57+00:00\" \/>\n<meta property=\"article:modified_time\" content=\"2020-03-09T16:18:15+00:00\" \/>\n<meta property=\"og:image\" content=\"https:\/\/www.24gliwice.pl\/wiadomosci\/wp-content\/uploads\/2020\/03\/koronawirus.jpg\" \/>\n\t<meta property=\"og:image:width\" content=\"945\" \/>\n\t<meta property=\"og:image:height\" content=\"535\" \/>\n\t<meta property=\"og:image:type\" content=\"image\/jpeg\" \/>\n<meta name=\"author\" content=\"Marcin Fabrykowski\" \/>\n<meta name=\"twitter:card\" content=\"summary_large_image\" \/>\n<meta name=\"twitter:creator\" content=\"@24gliwice\" \/>\n<meta name=\"twitter:site\" content=\"@24gliwice\" \/>\n<meta name=\"twitter:label1\" content=\"Napisane przez\" \/>\n\t<meta name=\"twitter:data1\" content=\"Marcin Fabrykowski\" \/>\n\t<meta name=\"twitter:label2\" content=\"Szacowany czas czytania\" \/>\n\t<meta name=\"twitter:data2\" content=\"1 minuta\" \/>\n<script type=\"application\/ld+json\" class=\"yoast-schema-graph\">{\"@context\":\"https:\\\/\\\/schema.org\",\"@graph\":[{\"@type\":\"Article\",\"@id\":\"https:\\\/\\\/www.24gliwice.pl\\\/wiadomosci\\\/pierwszy-przypadek-koronawirusa-na-slasku-23-osoby-poddano-kwarantannie-w-tym-z-gliwic\\\/#article\",\"isPartOf\":{\"@id\":\"https:\\\/\\\/www.24gliwice.pl\\\/wiadomosci\\\/pierwszy-przypadek-koronawirusa-na-slasku-23-osoby-poddano-kwarantannie-w-tym-z-gliwic\\\/\"},\"author\":{\"name\":\"Marcin Fabrykowski\",\"@id\":\"https:\\\/\\\/www.24gliwice.pl\\\/wiadomosci\\\/#\\\/schema\\\/person\\\/cb5857e4a4d048c15984c1edcc8ef0c0\"},\"headline\":\"Pierwszy przypadek koronawirusa na \u015al\u0105sku. 23 osoby poddano kwarantannie, w tym z Gliwic\",\"datePublished\":\"2020-03-09T01:46:57+00:00\",\"dateModified\":\"2020-03-09T16:18:15+00:00\",\"mainEntityOfPage\":{\"@id\":\"https:\\\/\\\/www.24gliwice.pl\\\/wiadomosci\\\/pierwszy-przypadek-koronawirusa-na-slasku-23-osoby-poddano-kwarantannie-w-tym-z-gliwic\\\/\"},\"wordCount\":274,\"commentCount\":0,\"publisher\":{\"@id\":\"https:\\\/\\\/www.24gliwice.pl\\\/wiadomosci\\\/#organization\"},\"image\":{\"@id\":\"https:\\\/\\\/www.24gliwice.pl\\\/wiadomosci\\\/pierwszy-przypadek-koronawirusa-na-slasku-23-osoby-poddano-kwarantannie-w-tym-z-gliwic\\\/#primaryimage\"},\"thumbnailUrl\":\"https:\\\/\\\/www.24gliwice.pl\\\/wiadomosci\\\/wp-content\\\/uploads\\\/2020\\\/03\\\/koronawirus.jpg\",\"keywords\":[\"EPIDEMIA\",\"KORONAWIRUS\",\"KWARANTANNA\",\"wirus\"],\"articleSection\":[\"Gliwice\",\"Najnowsze wiadomo\u015bci\",\"Portal Gliwice - Wiadomo\u015bci lokalne\"],\"inLanguage\":\"pl-PL\",\"potentialAction\":[{\"@type\":\"CommentAction\",\"name\":\"Comment\",\"target\":[\"https:\\\/\\\/www.24gliwice.pl\\\/wiadomosci\\\/pierwszy-przypadek-koronawirusa-na-slasku-23-osoby-poddano-kwarantannie-w-tym-z-gliwic\\\/#respond\"]}]},{\"@type\":\"WebPage\",\"@id\":\"https:\\\/\\\/www.24gliwice.pl\\\/wiadomosci\\\/pierwszy-przypadek-koronawirusa-na-slasku-23-osoby-poddano-kwarantannie-w-tym-z-gliwic\\\/\",\"url\":\"https:\\\/\\\/www.24gliwice.pl\\\/wiadomosci\\\/pierwszy-przypadek-koronawirusa-na-slasku-23-osoby-poddano-kwarantannie-w-tym-z-gliwic\\\/\",\"name\":\"Pierwszy przypadek koronawirusa na \u015al\u0105sku. 23 osoby poddano kwarantannie, w tym z Gliwic - 24GLIWICE - Portal Gliwice | codziennie nowe informacje\",\"isPartOf\":{\"@id\":\"https:\\\/\\\/www.24gliwice.pl\\\/wiadomosci\\\/#website\"},\"primaryImageOfPage\":{\"@id\":\"https:\\\/\\\/www.24gliwice.pl\\\/wiadomosci\\\/pierwszy-przypadek-koronawirusa-na-slasku-23-osoby-poddano-kwarantannie-w-tym-z-gliwic\\\/#primaryimage\"},\"image\":{\"@id\":\"https:\\\/\\\/www.24gliwice.pl\\\/wiadomosci\\\/pierwszy-przypadek-koronawirusa-na-slasku-23-osoby-poddano-kwarantannie-w-tym-z-gliwic\\\/#primaryimage\"},\"thumbnailUrl\":\"https:\\\/\\\/www.24gliwice.pl\\\/wiadomosci\\\/wp-content\\\/uploads\\\/2020\\\/03\\\/koronawirus.jpg\",\"datePublished\":\"2020-03-09T01:46:57+00:00\",\"dateModified\":\"2020-03-09T16:18:15+00:00\",\"breadcrumb\":{\"@id\":\"https:\\\/\\\/www.24gliwice.pl\\\/wiadomosci\\\/pierwszy-przypadek-koronawirusa-na-slasku-23-osoby-poddano-kwarantannie-w-tym-z-gliwic\\\/#breadcrumb\"},\"inLanguage\":\"pl-PL\",\"potentialAction\":[{\"@type\":\"ReadAction\",\"target\":[\"https:\\\/\\\/www.24gliwice.pl\\\/wiadomosci\\\/pierwszy-przypadek-koronawirusa-na-slasku-23-osoby-poddano-kwarantannie-w-tym-z-gliwic\\\/\"]}]},{\"@type\":\"ImageObject\",\"inLanguage\":\"pl-PL\",\"@id\":\"https:\\\/\\\/www.24gliwice.pl\\\/wiadomosci\\\/pierwszy-przypadek-koronawirusa-na-slasku-23-osoby-poddano-kwarantannie-w-tym-z-gliwic\\\/#primaryimage\",\"url\":\"https:\\\/\\\/www.24gliwice.pl\\\/wiadomosci\\\/wp-content\\\/uploads\\\/2020\\\/03\\\/koronawirus.jpg\",\"contentUrl\":\"https:\\\/\\\/www.24gliwice.pl\\\/wiadomosci\\\/wp-content\\\/uploads\\\/2020\\\/03\\\/koronawirus.jpg\",\"width\":945,\"height\":535},{\"@type\":\"BreadcrumbList\",\"@id\":\"https:\\\/\\\/www.24gliwice.pl\\\/wiadomosci\\\/pierwszy-przypadek-koronawirusa-na-slasku-23-osoby-poddano-kwarantannie-w-tym-z-gliwic\\\/#breadcrumb\",\"itemListElement\":[{\"@type\":\"ListItem\",\"position\":1,\"name\":\"Strona g\u0142\u00f3wna\",\"item\":\"https:\\\/\\\/www.24gliwice.pl\\\/wiadomosci\\\/\"},{\"@type\":\"ListItem\",\"position\":2,\"name\":\"Pierwszy przypadek koronawirusa na \u015al\u0105sku. 23 osoby poddano kwarantannie, w tym z Gliwic\"}]},{\"@type\":\"WebSite\",\"@id\":\"https:\\\/\\\/www.24gliwice.pl\\\/wiadomosci\\\/#website\",\"url\":\"https:\\\/\\\/www.24gliwice.pl\\\/wiadomosci\\\/\",\"name\":\"24GLIWICE - Portal Gliwice | codziennie nowe wiadomo\u015bci\",\"description\":\"Portal Miejski Gliwice\",\"publisher\":{\"@id\":\"https:\\\/\\\/www.24gliwice.pl\\\/wiadomosci\\\/#organization\"},\"potentialAction\":[{\"@type\":\"SearchAction\",\"target\":{\"@type\":\"EntryPoint\",\"urlTemplate\":\"https:\\\/\\\/www.24gliwice.pl\\\/wiadomosci\\\/?s={search_term_string}\"},\"query-input\":{\"@type\":\"PropertyValueSpecification\",\"valueRequired\":true,\"valueName\":\"search_term_string\"}}],\"inLanguage\":\"pl-PL\"},{\"@type\":\"Organization\",\"@id\":\"https:\\\/\\\/www.24gliwice.pl\\\/wiadomosci\\\/#organization\",\"name\":\"24gliwice\",\"url\":\"https:\\\/\\\/www.24gliwice.pl\\\/wiadomosci\\\/\",\"logo\":{\"@type\":\"ImageObject\",\"inLanguage\":\"pl-PL\",\"@id\":\"https:\\\/\\\/www.24gliwice.pl\\\/wiadomosci\\\/#\\\/schema\\\/logo\\\/image\\\/\",\"url\":\"https:\\\/\\\/www.24gliwice.pl\\\/wiadomosci\\\/wp-content\\\/uploads\\\/2024\\\/10\\\/24gliwice-logo-696.jpg\",\"contentUrl\":\"https:\\\/\\\/www.24gliwice.pl\\\/wiadomosci\\\/wp-content\\\/uploads\\\/2024\\\/10\\\/24gliwice-logo-696.jpg\",\"width\":696,\"height\":696,\"caption\":\"24gliwice\"},\"image\":{\"@id\":\"https:\\\/\\\/www.24gliwice.pl\\\/wiadomosci\\\/#\\\/schema\\\/logo\\\/image\\\/\"},\"sameAs\":[\"https:\\\/\\\/www.facebook.com\\\/24gliwice\",\"https:\\\/\\\/x.com\\\/24gliwice\",\"https:\\\/\\\/www.youtube.com\\\/@24gliwice\"]},{\"@type\":\"Person\",\"@id\":\"https:\\\/\\\/www.24gliwice.pl\\\/wiadomosci\\\/#\\\/schema\\\/person\\\/cb5857e4a4d048c15984c1edcc8ef0c0\",\"name\":\"Marcin Fabrykowski\",\"image\":{\"@type\":\"ImageObject\",\"inLanguage\":\"pl-PL\",\"@id\":\"https:\\\/\\\/www.24gliwice.pl\\\/wiadomosci\\\/wp-content\\\/uploads\\\/2025\\\/11\\\/zdjecie-moje-marcin-300-96x96.jpg\",\"url\":\"https:\\\/\\\/www.24gliwice.pl\\\/wiadomosci\\\/wp-content\\\/uploads\\\/2025\\\/11\\\/zdjecie-moje-marcin-300-96x96.jpg\",\"contentUrl\":\"https:\\\/\\\/www.24gliwice.pl\\\/wiadomosci\\\/wp-content\\\/uploads\\\/2025\\\/11\\\/zdjecie-moje-marcin-300-96x96.jpg\",\"caption\":\"Marcin Fabrykowski\"},\"sameAs\":[\"http:\\\/\\\/24gliwice.pl\",\"https:\\\/\\\/www.facebook.com\\\/marcin.fabrykowski\"],\"url\":\"https:\\\/\\\/www.24gliwice.pl\\\/wiadomosci\\\/author\\\/marcin-fabrykowski\\\/\"}]}<\/script>\n<!-- \/ Yoast SEO plugin. -->","yoast_head_json":{"title":"Pierwszy przypadek koronawirusa na \u015al\u0105sku. 23 osoby poddano kwarantannie, w tym z Gliwic - 24GLIWICE - Portal Gliwice | codziennie nowe informacje","robots":{"index":"index","follow":"follow","max-snippet":"max-snippet:-1","max-image-preview":"max-image-preview:large","max-video-preview":"max-video-preview:-1"},"canonical":"https:\/\/www.24gliwice.pl\/wiadomosci\/pierwszy-przypadek-koronawirusa-na-slasku-23-osoby-poddano-kwarantannie-w-tym-z-gliwic\/","og_locale":"pl_PL","og_type":"article","og_title":"Pierwszy przypadek koronawirusa na \u015al\u0105sku. 23 osoby poddano kwarantannie, w tym z Gliwic - 24GLIWICE - Portal Gliwice | codziennie nowe informacje","og_description":"Zara\u017cony m\u0119\u017cczyzna jest w dobrym stanie, obecnie przebywa na oddziale zaka\u017anym szpitala w Raciborzu. To pierwszy potwierdzony przypadek zara\u017cenia koronawirusem w naszym wojew\u00f3dztwie. Konieczne by\u0142o te\u017c poddanie kwarantannie 23 os\u00f3b, r\u00f3wnie\u017c z Gliwic. M\u0119\u017cczyzna, mieszkaniec Rybnika, wr\u00f3ci\u0142 tydzie\u0144 temu z nart z teren\u00f3w p\u00f3\u0142nocnych W\u0142och. Do domu przyjecha\u0142 zorganizowanym autokarem, na pok\u0142adzie kt\u00f3rego \u0142\u0105cznie znajdowa\u0142o [&hellip;]","og_url":"https:\/\/www.24gliwice.pl\/wiadomosci\/pierwszy-przypadek-koronawirusa-na-slasku-23-osoby-poddano-kwarantannie-w-tym-z-gliwic\/","og_site_name":"24GLIWICE - Portal Gliwice | codziennie nowe informacje","article_publisher":"https:\/\/www.facebook.com\/24gliwice","article_author":"https:\/\/www.facebook.com\/marcin.fabrykowski","article_published_time":"2020-03-09T01:46:57+00:00","article_modified_time":"2020-03-09T16:18:15+00:00","og_image":[{"width":945,"height":535,"url":"https:\/\/www.24gliwice.pl\/wiadomosci\/wp-content\/uploads\/2020\/03\/koronawirus.jpg","type":"image\/jpeg"}],"author":"Marcin Fabrykowski","twitter_card":"summary_large_image","twitter_creator":"@24gliwice","twitter_site":"@24gliwice","twitter_misc":{"Napisane przez":"Marcin Fabrykowski","Szacowany czas czytania":"1 minuta"},"schema":{"@context":"https:\/\/schema.org","@graph":[{"@type":"Article","@id":"https:\/\/www.24gliwice.pl\/wiadomosci\/pierwszy-przypadek-koronawirusa-na-slasku-23-osoby-poddano-kwarantannie-w-tym-z-gliwic\/#article","isPartOf":{"@id":"https:\/\/www.24gliwice.pl\/wiadomosci\/pierwszy-przypadek-koronawirusa-na-slasku-23-osoby-poddano-kwarantannie-w-tym-z-gliwic\/"},"author":{"name":"Marcin Fabrykowski","@id":"https:\/\/www.24gliwice.pl\/wiadomosci\/#\/schema\/person\/cb5857e4a4d048c15984c1edcc8ef0c0"},"headline":"Pierwszy przypadek koronawirusa na \u015al\u0105sku. 23 osoby poddano kwarantannie, w tym z Gliwic","datePublished":"2020-03-09T01:46:57+00:00","dateModified":"2020-03-09T16:18:15+00:00","mainEntityOfPage":{"@id":"https:\/\/www.24gliwice.pl\/wiadomosci\/pierwszy-przypadek-koronawirusa-na-slasku-23-osoby-poddano-kwarantannie-w-tym-z-gliwic\/"},"wordCount":274,"commentCount":0,"publisher":{"@id":"https:\/\/www.24gliwice.pl\/wiadomosci\/#organization"},"image":{"@id":"https:\/\/www.24gliwice.pl\/wiadomosci\/pierwszy-przypadek-koronawirusa-na-slasku-23-osoby-poddano-kwarantannie-w-tym-z-gliwic\/#primaryimage"},"thumbnailUrl":"https:\/\/www.24gliwice.pl\/wiadomosci\/wp-content\/uploads\/2020\/03\/koronawirus.jpg","keywords":["EPIDEMIA","KORONAWIRUS","KWARANTANNA","wirus"],"articleSection":["Gliwice","Najnowsze wiadomo\u015bci","Portal Gliwice - Wiadomo\u015bci lokalne"],"inLanguage":"pl-PL","potentialAction":[{"@type":"CommentAction","name":"Comment","target":["https:\/\/www.24gliwice.pl\/wiadomosci\/pierwszy-przypadek-koronawirusa-na-slasku-23-osoby-poddano-kwarantannie-w-tym-z-gliwic\/#respond"]}]},{"@type":"WebPage","@id":"https:\/\/www.24gliwice.pl\/wiadomosci\/pierwszy-przypadek-koronawirusa-na-slasku-23-osoby-poddano-kwarantannie-w-tym-z-gliwic\/","url":"https:\/\/www.24gliwice.pl\/wiadomosci\/pierwszy-przypadek-koronawirusa-na-slasku-23-osoby-poddano-kwarantannie-w-tym-z-gliwic\/","name":"Pierwszy przypadek koronawirusa na \u015al\u0105sku. 23 osoby poddano kwarantannie, w tym z Gliwic - 24GLIWICE - Portal Gliwice | codziennie nowe informacje","isPartOf":{"@id":"https:\/\/www.24gliwice.pl\/wiadomosci\/#website"},"primaryImageOfPage":{"@id":"https:\/\/www.24gliwice.pl\/wiadomosci\/pierwszy-przypadek-koronawirusa-na-slasku-23-osoby-poddano-kwarantannie-w-tym-z-gliwic\/#primaryimage"},"image":{"@id":"https:\/\/www.24gliwice.pl\/wiadomosci\/pierwszy-przypadek-koronawirusa-na-slasku-23-osoby-poddano-kwarantannie-w-tym-z-gliwic\/#primaryimage"},"thumbnailUrl":"https:\/\/www.24gliwice.pl\/wiadomosci\/wp-content\/uploads\/2020\/03\/koronawirus.jpg","datePublished":"2020-03-09T01:46:57+00:00","dateModified":"2020-03-09T16:18:15+00:00","breadcrumb":{"@id":"https:\/\/www.24gliwice.pl\/wiadomosci\/pierwszy-przypadek-koronawirusa-na-slasku-23-osoby-poddano-kwarantannie-w-tym-z-gliwic\/#breadcrumb"},"inLanguage":"pl-PL","potentialAction":[{"@type":"ReadAction","target":["https:\/\/www.24gliwice.pl\/wiadomosci\/pierwszy-przypadek-koronawirusa-na-slasku-23-osoby-poddano-kwarantannie-w-tym-z-gliwic\/"]}]},{"@type":"ImageObject","inLanguage":"pl-PL","@id":"https:\/\/www.24gliwice.pl\/wiadomosci\/pierwszy-przypadek-koronawirusa-na-slasku-23-osoby-poddano-kwarantannie-w-tym-z-gliwic\/#primaryimage","url":"https:\/\/www.24gliwice.pl\/wiadomosci\/wp-content\/uploads\/2020\/03\/koronawirus.jpg","contentUrl":"https:\/\/www.24gliwice.pl\/wiadomosci\/wp-content\/uploads\/2020\/03\/koronawirus.jpg","width":945,"height":535},{"@type":"BreadcrumbList","@id":"https:\/\/www.24gliwice.pl\/wiadomosci\/pierwszy-przypadek-koronawirusa-na-slasku-23-osoby-poddano-kwarantannie-w-tym-z-gliwic\/#breadcrumb","itemListElement":[{"@type":"ListItem","position":1,"name":"Strona g\u0142\u00f3wna","item":"https:\/\/www.24gliwice.pl\/wiadomosci\/"},{"@type":"ListItem","position":2,"name":"Pierwszy przypadek koronawirusa na \u015al\u0105sku. 23 osoby poddano kwarantannie, w tym z Gliwic"}]},{"@type":"WebSite","@id":"https:\/\/www.24gliwice.pl\/wiadomosci\/#website","url":"https:\/\/www.24gliwice.pl\/wiadomosci\/","name":"24GLIWICE - Portal Gliwice | codziennie nowe wiadomo\u015bci","description":"Portal Miejski Gliwice","publisher":{"@id":"https:\/\/www.24gliwice.pl\/wiadomosci\/#organization"},"potentialAction":[{"@type":"SearchAction","target":{"@type":"EntryPoint","urlTemplate":"https:\/\/www.24gliwice.pl\/wiadomosci\/?s={search_term_string}"},"query-input":{"@type":"PropertyValueSpecification","valueRequired":true,"valueName":"search_term_string"}}],"inLanguage":"pl-PL"},{"@type":"Organization","@id":"https:\/\/www.24gliwice.pl\/wiadomosci\/#organization","name":"24gliwice","url":"https:\/\/www.24gliwice.pl\/wiadomosci\/","logo":{"@type":"ImageObject","inLanguage":"pl-PL","@id":"https:\/\/www.24gliwice.pl\/wiadomosci\/#\/schema\/logo\/image\/","url":"https:\/\/www.24gliwice.pl\/wiadomosci\/wp-content\/uploads\/2024\/10\/24gliwice-logo-696.jpg","contentUrl":"https:\/\/www.24gliwice.pl\/wiadomosci\/wp-content\/uploads\/2024\/10\/24gliwice-logo-696.jpg","width":696,"height":696,"caption":"24gliwice"},"image":{"@id":"https:\/\/www.24gliwice.pl\/wiadomosci\/#\/schema\/logo\/image\/"},"sameAs":["https:\/\/www.facebook.com\/24gliwice","https:\/\/x.com\/24gliwice","https:\/\/www.youtube.com\/@24gliwice"]},{"@type":"Person","@id":"https:\/\/www.24gliwice.pl\/wiadomosci\/#\/schema\/person\/cb5857e4a4d048c15984c1edcc8ef0c0","name":"Marcin Fabrykowski","image":{"@type":"ImageObject","inLanguage":"pl-PL","@id":"https:\/\/www.24gliwice.pl\/wiadomosci\/wp-content\/uploads\/2025\/11\/zdjecie-moje-marcin-300-96x96.jpg","url":"https:\/\/www.24gliwice.pl\/wiadomosci\/wp-content\/uploads\/2025\/11\/zdjecie-moje-marcin-300-96x96.jpg","contentUrl":"https:\/\/www.24gliwice.pl\/wiadomosci\/wp-content\/uploads\/2025\/11\/zdjecie-moje-marcin-300-96x96.jpg","caption":"Marcin Fabrykowski"},"sameAs":["http:\/\/24gliwice.pl","https:\/\/www.facebook.com\/marcin.fabrykowski"],"url":"https:\/\/www.24gliwice.pl\/wiadomosci\/author\/marcin-fabrykowski\/"}]}},"_links":{"self":[{"href":"https:\/\/www.24gliwice.pl\/wiadomosci\/wp-json\/wp\/v2\/posts\/148600","targetHints":{"allow":["GET"]}}],"collection":[{"href":"https:\/\/www.24gliwice.pl\/wiadomosci\/wp-json\/wp\/v2\/posts"}],"about":[{"href":"https:\/\/www.24gliwice.pl\/wiadomosci\/wp-json\/wp\/v2\/types\/post"}],"author":[{"embeddable":true,"href":"https:\/\/www.24gliwice.pl\/wiadomosci\/wp-json\/wp\/v2\/users\/4"}],"replies":[{"embeddable":true,"href":"https:\/\/www.24gliwice.pl\/wiadomosci\/wp-json\/wp\/v2\/comments?post=148600"}],"version-history":[{"count":0,"href":"https:\/\/www.24gliwice.pl\/wiadomosci\/wp-json\/wp\/v2\/posts\/148600\/revisions"}],"wp:featuredmedia":[{"embeddable":true,"href":"https:\/\/www.24gliwice.pl\/wiadomosci\/wp-json\/wp\/v2\/media\/148604"}],"wp:attachment":[{"href":"https:\/\/www.24gliwice.pl\/wiadomosci\/wp-json\/wp\/v2\/media?parent=148600"}],"wp:term":[{"taxonomy":"category","embeddable":true,"href":"https:\/\/www.24gliwice.pl\/wiadomosci\/wp-json\/wp\/v2\/categories?post=148600"},{"taxonomy":"post_tag","embeddable":true,"href":"https:\/\/www.24gliwice.pl\/wiadomosci\/wp-json\/wp\/v2\/tags?post=148600"}],"curies":[{"name":"wp","href":"https:\/\/api.w.org\/{rel}","templated":true}]}}