{"id":148638,"date":"2020-03-10T10:46:47","date_gmt":"2020-03-10T09:46:47","guid":{"rendered":"https:\/\/www.24gliwice.pl\/wiadomosci\/?p=148638"},"modified":"2020-03-10T10:46:47","modified_gmt":"2020-03-10T09:46:47","slug":"kontrole-sanitarne-na-przejsciach-granicznych-na-slasku-odnotowano-kolejne-przypadki-koronawirusa","status":"publish","type":"post","link":"https:\/\/www.24gliwice.pl\/wiadomosci\/kontrole-sanitarne-na-przejsciach-granicznych-na-slasku-odnotowano-kolejne-przypadki-koronawirusa\/","title":{"rendered":"Kontrole sanitarne na przej\u015bciach granicznych. Na \u015al\u0105sku odnotowano kolejne przypadki koronawirusa"},"content":{"rendered":"<div class=\"gliwi-a6-nad-leadem-artykulow gliwi-entity-placement\" id=\"gliwi-1800339189\"><div class=\"gliwi-adlabel\"><span style=\"font-size: 9px\">REKLAMA<\/span><\/div><div id=\"gliwi-1350619650\" style=\"margin-bottom: 30px;margin-left: auto;margin-right: auto;text-align: center;\"><a data-no-instant=\"1\" href=\"https:\/\/przedszkole.halogen.org.pl\/\" rel=\"noopener\" class=\"a2t-link\" target=\"_blank\" aria-label=\"20260402-ANIMATOR-przedszkole_grafika_750x200\"><img loading=\"lazy\" decoding=\"async\" src=\"https:\/\/www.24gliwice.pl\/wiadomosci\/wp-content\/uploads\/2026\/04\/20260402-ANIMATOR-przedszkole_grafika_750x200.webp\" alt=\"\"  srcset=\"https:\/\/www.24gliwice.pl\/wiadomosci\/wp-content\/uploads\/2026\/04\/20260402-ANIMATOR-przedszkole_grafika_750x200.webp 750w, https:\/\/www.24gliwice.pl\/wiadomosci\/wp-content\/uploads\/2026\/04\/20260402-ANIMATOR-przedszkole_grafika_750x200-410x109.webp 410w\" sizes=\"(max-width: 750px) 100vw, 750px\" class=\"no-lazyload\" width=\"750\" height=\"200\"  style=\"display: inline-block; max-width: 100%; height: auto;\" \/><\/a><\/div><\/div><h3>Na g\u0142\u00f3wnych przej\u015bciach granicznych w Polsce uruchomione zosta\u0142y punkty kontroli sanitarnej. \u2013 Maj\u0105 one na celu kontrol\u0119 temperatury, kontrol\u0119 sanitarn\u0105 przyje\u017cd\u017caj\u0105cych drog\u0105 autostradow\u0105. M\u00f3wimy tu przede wszystkim o autokarach oraz o busach od 9 os\u00f3b \u2013 wyja\u015bnia wojewoda \u015bl\u0105ski Jaros\u0142aw Wieczorek. <\/h3>\n<p>Podczas kontroli zbierane b\u0119d\u0105 informacje od os\u00f3b znajduj\u0105cych si\u0119 w autokarze lub busie po to, aby w przypadku potwierdzenia przypadku koronawirusa natychmiast dotrze\u0107 do wszystkich podr\u00f3\u017cnych i obj\u0105\u0107 ich kwarantann\u0105. \u2013 To jest jedna z wa\u017cniejszych decyzji pa\u0144stwa polskiego, polskiego rz\u0105du i nieliczne pa\u0144stwa decyduj\u0105 si\u0119 na tego typu dzia\u0142ania dotycz\u0105ce ochrony i prewencji. Chcieliby\u015bmy, aby w naszym wojew\u00f3dztwie mieszka\u0144cy mogli czu\u0107 si\u0119 bezpiecznie \u2013 zaznaczy\u0142 wojewoda.<\/p>\n<p>Dzia\u0142ania zwi\u0105zane z kontrolami podejmowane b\u0119d\u0105 przez Stra\u017c Graniczn\u0105, Policj\u0119, Stra\u017c Po\u017carn\u0105, Krajow\u0105 Administracj\u0119 Skarbow\u0105 i Inspekcj\u0119 Transportu Drogowego we wsp\u00f3\u0142dzia\u0142aniu z Wojskami Obrony Terytorialnej. W najbli\u017cszych dniach na ulicach i na drogach w regionie pojawi si\u0119 wi\u0119cej policjant\u00f3w, funkcjonariusze b\u0119d\u0105 te\u017c patrolowa\u0107 miejsca zmian \u015brodk\u00f3w transportu.<\/p><div class=\"gliwi-a3-w-tresci-artykulow gliwi-entity-placement\" id=\"gliwi-2589787084\"><div class=\"gliwi-adlabel\"><span style=\"font-size: 9px\">REKLAMA<\/span><\/div><div id=\"gliwi-1861255480\" style=\"margin-bottom: 30px;margin-left: auto;margin-right: auto;text-align: center;\"><a data-no-instant=\"1\" href=\"https:\/\/zlobek.halogen.org.pl\/\" rel=\"noopener\" class=\"a2t-link\" target=\"_blank\" aria-label=\"animator-zlobek_750x200\"><img loading=\"lazy\" decoding=\"async\" src=\"https:\/\/www.24gliwice.pl\/wiadomosci\/wp-content\/uploads\/2026\/02\/animator-zlobek_750x200.webp\" alt=\"\"  srcset=\"https:\/\/www.24gliwice.pl\/wiadomosci\/wp-content\/uploads\/2026\/02\/animator-zlobek_750x200.webp 750w, https:\/\/www.24gliwice.pl\/wiadomosci\/wp-content\/uploads\/2026\/02\/animator-zlobek_750x200-410x109.webp 410w\" sizes=\"(max-width: 750px) 100vw, 750px\" class=\"no-lazyload\" width=\"750\" height=\"200\"  style=\"display: inline-block; max-width: 100%; height: auto;\" \/><\/a><\/div><\/div>\n<h4>Wed\u0142ug stanu na godz. 19:00 w poniedzia\u0142ek, na terenie wojew\u00f3dztwa \u015bl\u0105skiego jest 5 potwierdzonych przypadk\u00f3w koronawirusa.<\/h4>\n<p> Wszyscy s\u0105 mieszka\u0144cami Rybnika i znajduj\u0105 si\u0119 na oddziale zaka\u017anym szpiatala w Raciborzu. Czterech pacjent\u00f3w to osoby, kt\u00f3re podr\u00f3\u017cowa\u0142y jednym \u015brodkiem transportu, natomiast pi\u0105ta osoba to cz\u0142onek rodziny jednego z zara\u017conych.<\/p>\n<p>Aby ograniczy\u0107 ewentualn\u0105 mo\u017cliwo\u015b\u0107 rozprzestrzeniania si\u0119 wirusa na terenie miasta, w 3 rybnickich szko\u0142ach, tj. w Szkole Podstawowej nr 9, Zespole Szk\u00f3\u0142 nr 3 oraz Zespole Szkolno-Przedszkolnym nr 14, zawieszone zosta\u0142y zaj\u0119cia. Decyzj\u0119 tak\u0105 podj\u0105\u0142 Prezydent Rybnika w uzgodnieniu z Powiatowym Inspektorem Sanitarnym oraz \u015al\u0105skim Kuratorem O\u015bwiaty.<\/p>\n<p>Jak informuje wojewoda \u015bl\u0105ski, z ka\u017cdym dniem w regionie wzrasta liczba \u0142\u00f3\u017cek szpitalnych przeznaczonych dla pacjent\u00f3w zara\u017conych koronawirusem. Na pocz\u0105tku by\u0142o ich ponad 200, ale zwi\u0105zku z tym, \u017ce 35 szpitali zosta\u0142o postawionych w stan gotowo\u015bci, plac\u00f3wki te dostosowuj\u0105 infrastruktur\u0119 do przyj\u0119cia maksymalnej liczby potencjalnych pacjent\u00f3w z koronawirusem. Dodatkowe \u015brodki zosta\u0142y te\u017c zadysponowane na karetki. Obecnie jest ich w systemie ponad 160, a docelowo ma by\u0107 ponad 200.<\/p>\n<p>W  najbli\u017cszych dniach kontrole takie maj\u0105 zacz\u0105\u0107 by\u0107 przeprowadzane r\u00f3wnie\u017c w poci\u0105gach oraz w portach. <\/p>\n<p>Na chwil\u0119 obecn\u0105 w wojew\u00f3dztwie \u015bl\u0105skim 8 os\u00f3b jest hospitalizowanych, w kwarantannie 89, pod nadzorem sanitarnym 737.  <\/p>\n<div class=\"gliwi-a5-na-koncu-artykulow gliwi-entity-placement\" id=\"gliwi-573750304\"><div class=\"gliwi-adlabel\"><span style=\"font-size: 9px\">REKLAMA<\/span><\/div><div id=\"gliwi-2976072883\" style=\"margin-left: auto;margin-right: auto;text-align: center;\"><a data-no-instant=\"1\" href=\"https:\/\/prezeroarenagliwice.pl\/\" rel=\"noopener\" class=\"a2t-link\" target=\"_blank\" aria-label=\"20260309-PREZERO-WIOSNA-D\"><img loading=\"lazy\" decoding=\"async\" src=\"https:\/\/www.24gliwice.pl\/wiadomosci\/wp-content\/uploads\/2026\/03\/20260309-PREZERO-WIOSNA-D.webp\" alt=\"\"  srcset=\"https:\/\/www.24gliwice.pl\/wiadomosci\/wp-content\/uploads\/2026\/03\/20260309-PREZERO-WIOSNA-D.webp 750w, https:\/\/www.24gliwice.pl\/wiadomosci\/wp-content\/uploads\/2026\/03\/20260309-PREZERO-WIOSNA-D-410x109.webp 410w\" sizes=\"(max-width: 750px) 100vw, 750px\" class=\"no-lazyload\" width=\"750\" height=\"200\"  style=\"display: inline-block; max-width: 100%; height: auto;\" \/><\/a><\/div><\/div>","protected":false},"excerpt":{"rendered":"<p>Na g\u0142\u00f3wnych przej\u015bciach granicznych w Polsce uruchomione zosta\u0142y punkty kontroli sanitarnej. \u2013 Maj\u0105 one na celu kontrol\u0119 temperatury, kontrol\u0119 sanitarn\u0105 przyje\u017cd\u017caj\u0105cych drog\u0105 autostradow\u0105. M\u00f3wimy tu przede wszystkim o autokarach oraz o busach od 9 os\u00f3b \u2013 wyja\u015bnia wojewoda \u015bl\u0105ski Jaros\u0142aw Wieczorek. Podczas kontroli zbierane b\u0119d\u0105 informacje od os\u00f3b znajduj\u0105cych si\u0119 w autokarze lub busie po [&hellip;]<\/p>\n","protected":false},"author":4,"featured_media":148647,"comment_status":"open","ping_status":"closed","sticky":false,"template":"","format":"standard","meta":{"_monsterinsights_skip_tracking":false,"_monsterinsights_sitenote_active":false,"_monsterinsights_sitenote_note":"","_monsterinsights_sitenote_category":0,"footnotes":"","_links_to":"","_links_to_target":""},"categories":[1],"tags":[8457,295,17708],"class_list":["post-148638","post","type-post","status-publish","format-standard","has-post-thumbnail","hentry","category-wszystko","tag-epidemia","tag-kontrola","tag-koronawirus"],"yoast_head":"<!-- This site is optimized with the Yoast SEO plugin v27.5 - https:\/\/yoast.com\/product\/yoast-seo-wordpress\/ -->\n<title>Kontrole sanitarne na przej\u015bciach granicznych. Na \u015al\u0105sku odnotowano kolejne przypadki koronawirusa - 24GLIWICE - Portal Gliwice | codziennie nowe informacje<\/title>\n<meta name=\"robots\" content=\"index, follow, max-snippet:-1, max-image-preview:large, max-video-preview:-1\" \/>\n<link rel=\"canonical\" href=\"https:\/\/www.24gliwice.pl\/wiadomosci\/kontrole-sanitarne-na-przejsciach-granicznych-na-slasku-odnotowano-kolejne-przypadki-koronawirusa\/\" \/>\n<meta property=\"og:locale\" content=\"pl_PL\" \/>\n<meta property=\"og:type\" content=\"article\" \/>\n<meta property=\"og:title\" content=\"Kontrole sanitarne na przej\u015bciach granicznych. Na \u015al\u0105sku odnotowano kolejne przypadki koronawirusa - 24GLIWICE - Portal Gliwice | codziennie nowe informacje\" \/>\n<meta property=\"og:description\" content=\"Na g\u0142\u00f3wnych przej\u015bciach granicznych w Polsce uruchomione zosta\u0142y punkty kontroli sanitarnej. \u2013 Maj\u0105 one na celu kontrol\u0119 temperatury, kontrol\u0119 sanitarn\u0105 przyje\u017cd\u017caj\u0105cych drog\u0105 autostradow\u0105. M\u00f3wimy tu przede wszystkim o autokarach oraz o busach od 9 os\u00f3b \u2013 wyja\u015bnia wojewoda \u015bl\u0105ski Jaros\u0142aw Wieczorek. Podczas kontroli zbierane b\u0119d\u0105 informacje od os\u00f3b znajduj\u0105cych si\u0119 w autokarze lub busie po [&hellip;]\" \/>\n<meta property=\"og:url\" content=\"https:\/\/www.24gliwice.pl\/wiadomosci\/kontrole-sanitarne-na-przejsciach-granicznych-na-slasku-odnotowano-kolejne-przypadki-koronawirusa\/\" \/>\n<meta property=\"og:site_name\" content=\"24GLIWICE - Portal Gliwice | codziennie nowe informacje\" \/>\n<meta property=\"article:publisher\" content=\"https:\/\/www.facebook.com\/24gliwice\" \/>\n<meta property=\"article:author\" content=\"https:\/\/www.facebook.com\/marcin.fabrykowski\" \/>\n<meta property=\"article:published_time\" content=\"2020-03-10T09:46:47+00:00\" \/>\n<meta property=\"og:image\" content=\"https:\/\/www.24gliwice.pl\/wiadomosci\/wp-content\/uploads\/2020\/03\/koronawirus2.jpg\" \/>\n\t<meta property=\"og:image:width\" content=\"820\" \/>\n\t<meta property=\"og:image:height\" content=\"449\" \/>\n\t<meta property=\"og:image:type\" content=\"image\/jpeg\" \/>\n<meta name=\"author\" content=\"Marcin Fabrykowski\" \/>\n<meta name=\"twitter:card\" content=\"summary_large_image\" \/>\n<meta name=\"twitter:creator\" content=\"@24gliwice\" \/>\n<meta name=\"twitter:site\" content=\"@24gliwice\" \/>\n<meta name=\"twitter:label1\" content=\"Napisane przez\" \/>\n\t<meta name=\"twitter:data1\" content=\"Marcin Fabrykowski\" \/>\n\t<meta name=\"twitter:label2\" content=\"Szacowany czas czytania\" \/>\n\t<meta name=\"twitter:data2\" content=\"2 minuty\" \/>\n<script type=\"application\/ld+json\" class=\"yoast-schema-graph\">{\"@context\":\"https:\\\/\\\/schema.org\",\"@graph\":[{\"@type\":\"Article\",\"@id\":\"https:\\\/\\\/www.24gliwice.pl\\\/wiadomosci\\\/kontrole-sanitarne-na-przejsciach-granicznych-na-slasku-odnotowano-kolejne-przypadki-koronawirusa\\\/#article\",\"isPartOf\":{\"@id\":\"https:\\\/\\\/www.24gliwice.pl\\\/wiadomosci\\\/kontrole-sanitarne-na-przejsciach-granicznych-na-slasku-odnotowano-kolejne-przypadki-koronawirusa\\\/\"},\"author\":{\"name\":\"Marcin Fabrykowski\",\"@id\":\"https:\\\/\\\/www.24gliwice.pl\\\/wiadomosci\\\/#\\\/schema\\\/person\\\/cb5857e4a4d048c15984c1edcc8ef0c0\"},\"headline\":\"Kontrole sanitarne na przej\u015bciach granicznych. Na \u015al\u0105sku odnotowano kolejne przypadki koronawirusa\",\"datePublished\":\"2020-03-10T09:46:47+00:00\",\"mainEntityOfPage\":{\"@id\":\"https:\\\/\\\/www.24gliwice.pl\\\/wiadomosci\\\/kontrole-sanitarne-na-przejsciach-granicznych-na-slasku-odnotowano-kolejne-przypadki-koronawirusa\\\/\"},\"wordCount\":418,\"commentCount\":0,\"publisher\":{\"@id\":\"https:\\\/\\\/www.24gliwice.pl\\\/wiadomosci\\\/#organization\"},\"image\":{\"@id\":\"https:\\\/\\\/www.24gliwice.pl\\\/wiadomosci\\\/kontrole-sanitarne-na-przejsciach-granicznych-na-slasku-odnotowano-kolejne-przypadki-koronawirusa\\\/#primaryimage\"},\"thumbnailUrl\":\"https:\\\/\\\/www.24gliwice.pl\\\/wiadomosci\\\/wp-content\\\/uploads\\\/2020\\\/03\\\/koronawirus2.jpg\",\"keywords\":[\"EPIDEMIA\",\"kontrola\",\"KORONAWIRUS\"],\"articleSection\":[\"Najnowsze wiadomo\u015bci\"],\"inLanguage\":\"pl-PL\",\"potentialAction\":[{\"@type\":\"CommentAction\",\"name\":\"Comment\",\"target\":[\"https:\\\/\\\/www.24gliwice.pl\\\/wiadomosci\\\/kontrole-sanitarne-na-przejsciach-granicznych-na-slasku-odnotowano-kolejne-przypadki-koronawirusa\\\/#respond\"]}]},{\"@type\":\"WebPage\",\"@id\":\"https:\\\/\\\/www.24gliwice.pl\\\/wiadomosci\\\/kontrole-sanitarne-na-przejsciach-granicznych-na-slasku-odnotowano-kolejne-przypadki-koronawirusa\\\/\",\"url\":\"https:\\\/\\\/www.24gliwice.pl\\\/wiadomosci\\\/kontrole-sanitarne-na-przejsciach-granicznych-na-slasku-odnotowano-kolejne-przypadki-koronawirusa\\\/\",\"name\":\"Kontrole sanitarne na przej\u015bciach granicznych. Na \u015al\u0105sku odnotowano kolejne przypadki koronawirusa - 24GLIWICE - Portal Gliwice | codziennie nowe informacje\",\"isPartOf\":{\"@id\":\"https:\\\/\\\/www.24gliwice.pl\\\/wiadomosci\\\/#website\"},\"primaryImageOfPage\":{\"@id\":\"https:\\\/\\\/www.24gliwice.pl\\\/wiadomosci\\\/kontrole-sanitarne-na-przejsciach-granicznych-na-slasku-odnotowano-kolejne-przypadki-koronawirusa\\\/#primaryimage\"},\"image\":{\"@id\":\"https:\\\/\\\/www.24gliwice.pl\\\/wiadomosci\\\/kontrole-sanitarne-na-przejsciach-granicznych-na-slasku-odnotowano-kolejne-przypadki-koronawirusa\\\/#primaryimage\"},\"thumbnailUrl\":\"https:\\\/\\\/www.24gliwice.pl\\\/wiadomosci\\\/wp-content\\\/uploads\\\/2020\\\/03\\\/koronawirus2.jpg\",\"datePublished\":\"2020-03-10T09:46:47+00:00\",\"breadcrumb\":{\"@id\":\"https:\\\/\\\/www.24gliwice.pl\\\/wiadomosci\\\/kontrole-sanitarne-na-przejsciach-granicznych-na-slasku-odnotowano-kolejne-przypadki-koronawirusa\\\/#breadcrumb\"},\"inLanguage\":\"pl-PL\",\"potentialAction\":[{\"@type\":\"ReadAction\",\"target\":[\"https:\\\/\\\/www.24gliwice.pl\\\/wiadomosci\\\/kontrole-sanitarne-na-przejsciach-granicznych-na-slasku-odnotowano-kolejne-przypadki-koronawirusa\\\/\"]}]},{\"@type\":\"ImageObject\",\"inLanguage\":\"pl-PL\",\"@id\":\"https:\\\/\\\/www.24gliwice.pl\\\/wiadomosci\\\/kontrole-sanitarne-na-przejsciach-granicznych-na-slasku-odnotowano-kolejne-przypadki-koronawirusa\\\/#primaryimage\",\"url\":\"https:\\\/\\\/www.24gliwice.pl\\\/wiadomosci\\\/wp-content\\\/uploads\\\/2020\\\/03\\\/koronawirus2.jpg\",\"contentUrl\":\"https:\\\/\\\/www.24gliwice.pl\\\/wiadomosci\\\/wp-content\\\/uploads\\\/2020\\\/03\\\/koronawirus2.jpg\",\"width\":820,\"height\":449},{\"@type\":\"BreadcrumbList\",\"@id\":\"https:\\\/\\\/www.24gliwice.pl\\\/wiadomosci\\\/kontrole-sanitarne-na-przejsciach-granicznych-na-slasku-odnotowano-kolejne-przypadki-koronawirusa\\\/#breadcrumb\",\"itemListElement\":[{\"@type\":\"ListItem\",\"position\":1,\"name\":\"Strona g\u0142\u00f3wna\",\"item\":\"https:\\\/\\\/www.24gliwice.pl\\\/wiadomosci\\\/\"},{\"@type\":\"ListItem\",\"position\":2,\"name\":\"Kontrole sanitarne na przej\u015bciach granicznych. Na \u015al\u0105sku odnotowano kolejne przypadki koronawirusa\"}]},{\"@type\":\"WebSite\",\"@id\":\"https:\\\/\\\/www.24gliwice.pl\\\/wiadomosci\\\/#website\",\"url\":\"https:\\\/\\\/www.24gliwice.pl\\\/wiadomosci\\\/\",\"name\":\"24GLIWICE - Portal Gliwice | codziennie nowe wiadomo\u015bci\",\"description\":\"Portal Miejski Gliwice\",\"publisher\":{\"@id\":\"https:\\\/\\\/www.24gliwice.pl\\\/wiadomosci\\\/#organization\"},\"potentialAction\":[{\"@type\":\"SearchAction\",\"target\":{\"@type\":\"EntryPoint\",\"urlTemplate\":\"https:\\\/\\\/www.24gliwice.pl\\\/wiadomosci\\\/?s={search_term_string}\"},\"query-input\":{\"@type\":\"PropertyValueSpecification\",\"valueRequired\":true,\"valueName\":\"search_term_string\"}}],\"inLanguage\":\"pl-PL\"},{\"@type\":\"Organization\",\"@id\":\"https:\\\/\\\/www.24gliwice.pl\\\/wiadomosci\\\/#organization\",\"name\":\"24gliwice\",\"url\":\"https:\\\/\\\/www.24gliwice.pl\\\/wiadomosci\\\/\",\"logo\":{\"@type\":\"ImageObject\",\"inLanguage\":\"pl-PL\",\"@id\":\"https:\\\/\\\/www.24gliwice.pl\\\/wiadomosci\\\/#\\\/schema\\\/logo\\\/image\\\/\",\"url\":\"https:\\\/\\\/www.24gliwice.pl\\\/wiadomosci\\\/wp-content\\\/uploads\\\/2024\\\/10\\\/24gliwice-logo-696.jpg\",\"contentUrl\":\"https:\\\/\\\/www.24gliwice.pl\\\/wiadomosci\\\/wp-content\\\/uploads\\\/2024\\\/10\\\/24gliwice-logo-696.jpg\",\"width\":696,\"height\":696,\"caption\":\"24gliwice\"},\"image\":{\"@id\":\"https:\\\/\\\/www.24gliwice.pl\\\/wiadomosci\\\/#\\\/schema\\\/logo\\\/image\\\/\"},\"sameAs\":[\"https:\\\/\\\/www.facebook.com\\\/24gliwice\",\"https:\\\/\\\/x.com\\\/24gliwice\",\"https:\\\/\\\/www.youtube.com\\\/@24gliwice\"]},{\"@type\":\"Person\",\"@id\":\"https:\\\/\\\/www.24gliwice.pl\\\/wiadomosci\\\/#\\\/schema\\\/person\\\/cb5857e4a4d048c15984c1edcc8ef0c0\",\"name\":\"Marcin Fabrykowski\",\"image\":{\"@type\":\"ImageObject\",\"inLanguage\":\"pl-PL\",\"@id\":\"https:\\\/\\\/www.24gliwice.pl\\\/wiadomosci\\\/wp-content\\\/uploads\\\/2025\\\/11\\\/zdjecie-moje-marcin-300-96x96.jpg\",\"url\":\"https:\\\/\\\/www.24gliwice.pl\\\/wiadomosci\\\/wp-content\\\/uploads\\\/2025\\\/11\\\/zdjecie-moje-marcin-300-96x96.jpg\",\"contentUrl\":\"https:\\\/\\\/www.24gliwice.pl\\\/wiadomosci\\\/wp-content\\\/uploads\\\/2025\\\/11\\\/zdjecie-moje-marcin-300-96x96.jpg\",\"caption\":\"Marcin Fabrykowski\"},\"sameAs\":[\"http:\\\/\\\/24gliwice.pl\",\"https:\\\/\\\/www.facebook.com\\\/marcin.fabrykowski\"],\"url\":\"https:\\\/\\\/www.24gliwice.pl\\\/wiadomosci\\\/author\\\/marcin-fabrykowski\\\/\"}]}<\/script>\n<!-- \/ Yoast SEO plugin. -->","yoast_head_json":{"title":"Kontrole sanitarne na przej\u015bciach granicznych. Na \u015al\u0105sku odnotowano kolejne przypadki koronawirusa - 24GLIWICE - Portal Gliwice | codziennie nowe informacje","robots":{"index":"index","follow":"follow","max-snippet":"max-snippet:-1","max-image-preview":"max-image-preview:large","max-video-preview":"max-video-preview:-1"},"canonical":"https:\/\/www.24gliwice.pl\/wiadomosci\/kontrole-sanitarne-na-przejsciach-granicznych-na-slasku-odnotowano-kolejne-przypadki-koronawirusa\/","og_locale":"pl_PL","og_type":"article","og_title":"Kontrole sanitarne na przej\u015bciach granicznych. Na \u015al\u0105sku odnotowano kolejne przypadki koronawirusa - 24GLIWICE - Portal Gliwice | codziennie nowe informacje","og_description":"Na g\u0142\u00f3wnych przej\u015bciach granicznych w Polsce uruchomione zosta\u0142y punkty kontroli sanitarnej. \u2013 Maj\u0105 one na celu kontrol\u0119 temperatury, kontrol\u0119 sanitarn\u0105 przyje\u017cd\u017caj\u0105cych drog\u0105 autostradow\u0105. M\u00f3wimy tu przede wszystkim o autokarach oraz o busach od 9 os\u00f3b \u2013 wyja\u015bnia wojewoda \u015bl\u0105ski Jaros\u0142aw Wieczorek. Podczas kontroli zbierane b\u0119d\u0105 informacje od os\u00f3b znajduj\u0105cych si\u0119 w autokarze lub busie po [&hellip;]","og_url":"https:\/\/www.24gliwice.pl\/wiadomosci\/kontrole-sanitarne-na-przejsciach-granicznych-na-slasku-odnotowano-kolejne-przypadki-koronawirusa\/","og_site_name":"24GLIWICE - Portal Gliwice | codziennie nowe informacje","article_publisher":"https:\/\/www.facebook.com\/24gliwice","article_author":"https:\/\/www.facebook.com\/marcin.fabrykowski","article_published_time":"2020-03-10T09:46:47+00:00","og_image":[{"width":820,"height":449,"url":"https:\/\/www.24gliwice.pl\/wiadomosci\/wp-content\/uploads\/2020\/03\/koronawirus2.jpg","type":"image\/jpeg"}],"author":"Marcin Fabrykowski","twitter_card":"summary_large_image","twitter_creator":"@24gliwice","twitter_site":"@24gliwice","twitter_misc":{"Napisane przez":"Marcin Fabrykowski","Szacowany czas czytania":"2 minuty"},"schema":{"@context":"https:\/\/schema.org","@graph":[{"@type":"Article","@id":"https:\/\/www.24gliwice.pl\/wiadomosci\/kontrole-sanitarne-na-przejsciach-granicznych-na-slasku-odnotowano-kolejne-przypadki-koronawirusa\/#article","isPartOf":{"@id":"https:\/\/www.24gliwice.pl\/wiadomosci\/kontrole-sanitarne-na-przejsciach-granicznych-na-slasku-odnotowano-kolejne-przypadki-koronawirusa\/"},"author":{"name":"Marcin Fabrykowski","@id":"https:\/\/www.24gliwice.pl\/wiadomosci\/#\/schema\/person\/cb5857e4a4d048c15984c1edcc8ef0c0"},"headline":"Kontrole sanitarne na przej\u015bciach granicznych. Na \u015al\u0105sku odnotowano kolejne przypadki koronawirusa","datePublished":"2020-03-10T09:46:47+00:00","mainEntityOfPage":{"@id":"https:\/\/www.24gliwice.pl\/wiadomosci\/kontrole-sanitarne-na-przejsciach-granicznych-na-slasku-odnotowano-kolejne-przypadki-koronawirusa\/"},"wordCount":418,"commentCount":0,"publisher":{"@id":"https:\/\/www.24gliwice.pl\/wiadomosci\/#organization"},"image":{"@id":"https:\/\/www.24gliwice.pl\/wiadomosci\/kontrole-sanitarne-na-przejsciach-granicznych-na-slasku-odnotowano-kolejne-przypadki-koronawirusa\/#primaryimage"},"thumbnailUrl":"https:\/\/www.24gliwice.pl\/wiadomosci\/wp-content\/uploads\/2020\/03\/koronawirus2.jpg","keywords":["EPIDEMIA","kontrola","KORONAWIRUS"],"articleSection":["Najnowsze wiadomo\u015bci"],"inLanguage":"pl-PL","potentialAction":[{"@type":"CommentAction","name":"Comment","target":["https:\/\/www.24gliwice.pl\/wiadomosci\/kontrole-sanitarne-na-przejsciach-granicznych-na-slasku-odnotowano-kolejne-przypadki-koronawirusa\/#respond"]}]},{"@type":"WebPage","@id":"https:\/\/www.24gliwice.pl\/wiadomosci\/kontrole-sanitarne-na-przejsciach-granicznych-na-slasku-odnotowano-kolejne-przypadki-koronawirusa\/","url":"https:\/\/www.24gliwice.pl\/wiadomosci\/kontrole-sanitarne-na-przejsciach-granicznych-na-slasku-odnotowano-kolejne-przypadki-koronawirusa\/","name":"Kontrole sanitarne na przej\u015bciach granicznych. Na \u015al\u0105sku odnotowano kolejne przypadki koronawirusa - 24GLIWICE - Portal Gliwice | codziennie nowe informacje","isPartOf":{"@id":"https:\/\/www.24gliwice.pl\/wiadomosci\/#website"},"primaryImageOfPage":{"@id":"https:\/\/www.24gliwice.pl\/wiadomosci\/kontrole-sanitarne-na-przejsciach-granicznych-na-slasku-odnotowano-kolejne-przypadki-koronawirusa\/#primaryimage"},"image":{"@id":"https:\/\/www.24gliwice.pl\/wiadomosci\/kontrole-sanitarne-na-przejsciach-granicznych-na-slasku-odnotowano-kolejne-przypadki-koronawirusa\/#primaryimage"},"thumbnailUrl":"https:\/\/www.24gliwice.pl\/wiadomosci\/wp-content\/uploads\/2020\/03\/koronawirus2.jpg","datePublished":"2020-03-10T09:46:47+00:00","breadcrumb":{"@id":"https:\/\/www.24gliwice.pl\/wiadomosci\/kontrole-sanitarne-na-przejsciach-granicznych-na-slasku-odnotowano-kolejne-przypadki-koronawirusa\/#breadcrumb"},"inLanguage":"pl-PL","potentialAction":[{"@type":"ReadAction","target":["https:\/\/www.24gliwice.pl\/wiadomosci\/kontrole-sanitarne-na-przejsciach-granicznych-na-slasku-odnotowano-kolejne-przypadki-koronawirusa\/"]}]},{"@type":"ImageObject","inLanguage":"pl-PL","@id":"https:\/\/www.24gliwice.pl\/wiadomosci\/kontrole-sanitarne-na-przejsciach-granicznych-na-slasku-odnotowano-kolejne-przypadki-koronawirusa\/#primaryimage","url":"https:\/\/www.24gliwice.pl\/wiadomosci\/wp-content\/uploads\/2020\/03\/koronawirus2.jpg","contentUrl":"https:\/\/www.24gliwice.pl\/wiadomosci\/wp-content\/uploads\/2020\/03\/koronawirus2.jpg","width":820,"height":449},{"@type":"BreadcrumbList","@id":"https:\/\/www.24gliwice.pl\/wiadomosci\/kontrole-sanitarne-na-przejsciach-granicznych-na-slasku-odnotowano-kolejne-przypadki-koronawirusa\/#breadcrumb","itemListElement":[{"@type":"ListItem","position":1,"name":"Strona g\u0142\u00f3wna","item":"https:\/\/www.24gliwice.pl\/wiadomosci\/"},{"@type":"ListItem","position":2,"name":"Kontrole sanitarne na przej\u015bciach granicznych. Na \u015al\u0105sku odnotowano kolejne przypadki koronawirusa"}]},{"@type":"WebSite","@id":"https:\/\/www.24gliwice.pl\/wiadomosci\/#website","url":"https:\/\/www.24gliwice.pl\/wiadomosci\/","name":"24GLIWICE - Portal Gliwice | codziennie nowe wiadomo\u015bci","description":"Portal Miejski Gliwice","publisher":{"@id":"https:\/\/www.24gliwice.pl\/wiadomosci\/#organization"},"potentialAction":[{"@type":"SearchAction","target":{"@type":"EntryPoint","urlTemplate":"https:\/\/www.24gliwice.pl\/wiadomosci\/?s={search_term_string}"},"query-input":{"@type":"PropertyValueSpecification","valueRequired":true,"valueName":"search_term_string"}}],"inLanguage":"pl-PL"},{"@type":"Organization","@id":"https:\/\/www.24gliwice.pl\/wiadomosci\/#organization","name":"24gliwice","url":"https:\/\/www.24gliwice.pl\/wiadomosci\/","logo":{"@type":"ImageObject","inLanguage":"pl-PL","@id":"https:\/\/www.24gliwice.pl\/wiadomosci\/#\/schema\/logo\/image\/","url":"https:\/\/www.24gliwice.pl\/wiadomosci\/wp-content\/uploads\/2024\/10\/24gliwice-logo-696.jpg","contentUrl":"https:\/\/www.24gliwice.pl\/wiadomosci\/wp-content\/uploads\/2024\/10\/24gliwice-logo-696.jpg","width":696,"height":696,"caption":"24gliwice"},"image":{"@id":"https:\/\/www.24gliwice.pl\/wiadomosci\/#\/schema\/logo\/image\/"},"sameAs":["https:\/\/www.facebook.com\/24gliwice","https:\/\/x.com\/24gliwice","https:\/\/www.youtube.com\/@24gliwice"]},{"@type":"Person","@id":"https:\/\/www.24gliwice.pl\/wiadomosci\/#\/schema\/person\/cb5857e4a4d048c15984c1edcc8ef0c0","name":"Marcin Fabrykowski","image":{"@type":"ImageObject","inLanguage":"pl-PL","@id":"https:\/\/www.24gliwice.pl\/wiadomosci\/wp-content\/uploads\/2025\/11\/zdjecie-moje-marcin-300-96x96.jpg","url":"https:\/\/www.24gliwice.pl\/wiadomosci\/wp-content\/uploads\/2025\/11\/zdjecie-moje-marcin-300-96x96.jpg","contentUrl":"https:\/\/www.24gliwice.pl\/wiadomosci\/wp-content\/uploads\/2025\/11\/zdjecie-moje-marcin-300-96x96.jpg","caption":"Marcin Fabrykowski"},"sameAs":["http:\/\/24gliwice.pl","https:\/\/www.facebook.com\/marcin.fabrykowski"],"url":"https:\/\/www.24gliwice.pl\/wiadomosci\/author\/marcin-fabrykowski\/"}]}},"_links":{"self":[{"href":"https:\/\/www.24gliwice.pl\/wiadomosci\/wp-json\/wp\/v2\/posts\/148638","targetHints":{"allow":["GET"]}}],"collection":[{"href":"https:\/\/www.24gliwice.pl\/wiadomosci\/wp-json\/wp\/v2\/posts"}],"about":[{"href":"https:\/\/www.24gliwice.pl\/wiadomosci\/wp-json\/wp\/v2\/types\/post"}],"author":[{"embeddable":true,"href":"https:\/\/www.24gliwice.pl\/wiadomosci\/wp-json\/wp\/v2\/users\/4"}],"replies":[{"embeddable":true,"href":"https:\/\/www.24gliwice.pl\/wiadomosci\/wp-json\/wp\/v2\/comments?post=148638"}],"version-history":[{"count":0,"href":"https:\/\/www.24gliwice.pl\/wiadomosci\/wp-json\/wp\/v2\/posts\/148638\/revisions"}],"wp:featuredmedia":[{"embeddable":true,"href":"https:\/\/www.24gliwice.pl\/wiadomosci\/wp-json\/wp\/v2\/media\/148647"}],"wp:attachment":[{"href":"https:\/\/www.24gliwice.pl\/wiadomosci\/wp-json\/wp\/v2\/media?parent=148638"}],"wp:term":[{"taxonomy":"category","embeddable":true,"href":"https:\/\/www.24gliwice.pl\/wiadomosci\/wp-json\/wp\/v2\/categories?post=148638"},{"taxonomy":"post_tag","embeddable":true,"href":"https:\/\/www.24gliwice.pl\/wiadomosci\/wp-json\/wp\/v2\/tags?post=148638"}],"curies":[{"name":"wp","href":"https:\/\/api.w.org\/{rel}","templated":true}]}}