{"id":148833,"date":"2020-03-15T12:41:43","date_gmt":"2020-03-15T11:41:43","guid":{"rendered":"https:\/\/www.24gliwice.pl\/wiadomosci\/?p=148833"},"modified":"2020-03-15T12:41:43","modified_gmt":"2020-03-15T11:41:43","slug":"ulica-gaudiego-zamknieta-dla-ruchu-zmian-trzeba-sie-spodziewac-takze-w-rejonie-budowanej-obwodnicy","status":"publish","type":"post","link":"https:\/\/www.24gliwice.pl\/wiadomosci\/ulica-gaudiego-zamknieta-dla-ruchu-zmian-trzeba-sie-spodziewac-takze-w-rejonie-budowanej-obwodnicy\/","title":{"rendered":"Ulica Gaudiego zamkni\u0119ta dla ruchu. Zmian trzeba si\u0119 spodziewa\u0107 tak\u017ce w rejonie budowanej obwodnicy"},"content":{"rendered":"<div class=\"gliwi-a6-nad-leadem-artykulow gliwi-entity-placement\" id=\"gliwi-862606912\"><div class=\"gliwi-adlabel\"><span style=\"font-size: 9px\">REKLAMA<\/span><\/div><div id=\"gliwi-2671329064\" style=\"margin-bottom: 30px;margin-left: auto;margin-right: auto;text-align: center;\"><a data-no-instant=\"1\" href=\"https:\/\/przedszkole.halogen.org.pl\/\" rel=\"noopener\" class=\"a2t-link\" target=\"_blank\" aria-label=\"20260402-ANIMATOR-przedszkole_grafika_750x200\"><img loading=\"lazy\" decoding=\"async\" src=\"https:\/\/www.24gliwice.pl\/wiadomosci\/wp-content\/uploads\/2026\/04\/20260402-ANIMATOR-przedszkole_grafika_750x200.webp\" alt=\"\"  srcset=\"https:\/\/www.24gliwice.pl\/wiadomosci\/wp-content\/uploads\/2026\/04\/20260402-ANIMATOR-przedszkole_grafika_750x200.webp 750w, https:\/\/www.24gliwice.pl\/wiadomosci\/wp-content\/uploads\/2026\/04\/20260402-ANIMATOR-przedszkole_grafika_750x200-410x109.webp 410w\" sizes=\"(max-width: 750px) 100vw, 750px\" class=\"no-lazyload\" width=\"750\" height=\"200\"  style=\"display: inline-block; max-width: 100%; height: auto;\" \/><\/a><\/div><\/div><h3>Ulica Gaudiego zostanie ca\u0142kowicie zamkni\u0119ta dla ruchu. W czwartek, 19 marca, rozpocznie si\u0119 tam wymiana nawierzchni jezdni.<\/h3>\n<p>Odcinek od ul. Kozielskiej do ronda przy ul. Wycz\u00f3\u0142kowskiego b\u0119dzie wy\u0142\u0105czony z ruchu. Komunikacja autobusowa zostanie przeniesiona na ul. Wycz\u00f3\u0142kowskiego. <\/p>\n<h3>Na czas prac (oko\u0142o 2 tygodnie) zapewniony b\u0119dzie jedynie dojazd do firm znajduj\u0105cych si\u0119 przy ul. Gaudiego.<\/h3>\n<p>Tego samego dnia na ul. Rybnickiej prowadzone b\u0119d\u0105 roboty brukarskie wjazd\u00f3w i chodnik\u00f3w. Jak deklaruje wykonawca nie b\u0119d\u0105 one powodowa\u0142y utrudnie\u0144 w ruchu samochod\u00f3w. Piesi proszeni s\u0105 o zachowanie szczeg\u00f3lnej ostro\u017cno\u015bci.<\/p><div class=\"gliwi-a3-w-tresci-artykulow gliwi-entity-placement\" id=\"gliwi-3391306665\"><div class=\"gliwi-adlabel\"><span style=\"font-size: 9px\">REKLAMA<\/span><\/div><div id=\"gliwi-3739837019\" style=\"margin-bottom: 30px;margin-left: auto;margin-right: auto;text-align: center;\"><a data-no-instant=\"1\" href=\"https:\/\/zlobek.halogen.org.pl\/\" rel=\"noopener\" class=\"a2t-link\" target=\"_blank\" aria-label=\"animator-zlobek_750x200\"><img loading=\"lazy\" decoding=\"async\" src=\"https:\/\/www.24gliwice.pl\/wiadomosci\/wp-content\/uploads\/2026\/02\/animator-zlobek_750x200.webp\" alt=\"\"  srcset=\"https:\/\/www.24gliwice.pl\/wiadomosci\/wp-content\/uploads\/2026\/02\/animator-zlobek_750x200.webp 750w, https:\/\/www.24gliwice.pl\/wiadomosci\/wp-content\/uploads\/2026\/02\/animator-zlobek_750x200-410x109.webp 410w\" sizes=\"(max-width: 750px) 100vw, 750px\" class=\"no-lazyload\" width=\"750\" height=\"200\"  style=\"display: inline-block; max-width: 100%; height: auto;\" \/><\/a><\/div><\/div>\n<h4>Na Rybnickiej now\u0105 jezdni\u0105<\/h4>\n<p>Dzie\u0144 wcze\u015bniej, w \u015brod\u0119 18 marca, zostan\u0105 wprowadzone kolejne zmiany w organizacji ruchu na ul. Rybnickiej, w rejonie budowanej obwodnicy zachodniej.<\/p>\n<p>Ruch samochod\u00f3w w kierunku centrum miasta zostanie zachowany, ale przeniesiony na now\u0105 jezdni\u0119. Kierowcy jad\u0105cy w kierunku Rybnika, na wysoko\u015bci prowadzonych prac w rejonie w\u0119z\u0142a z autostrad\u0105 A4 b\u0119d\u0105 mieli do dyspozycji tylko jeden pas ruchu. Wjazd i wyjazd z autostrady A4 b\u0119dzie odbywa\u0142 si\u0119 bez zak\u0142\u00f3ce\u0144. Wed\u0142ug nowej, tymczasowej organizacji ruchu kierowcy b\u0119d\u0105 poruszali si\u0119 przez ok. 6 tygodni. <\/p>\n<p>(nmm)\/(ZDM\/mf)<br \/>\nfot. ZDM Gliwice<\/p>\n<div class=\"gliwi-a5-na-koncu-artykulow gliwi-entity-placement\" id=\"gliwi-1678321667\"><div class=\"gliwi-adlabel\"><span style=\"font-size: 9px\">REKLAMA<\/span><\/div><div id=\"gliwi-33863731\" style=\"margin-left: auto;margin-right: auto;text-align: center;\"><a data-no-instant=\"1\" href=\"https:\/\/prezeroarenagliwice.pl\/\" rel=\"noopener\" class=\"a2t-link\" target=\"_blank\" aria-label=\"20260309-PREZERO-WIOSNA-D\"><img loading=\"lazy\" decoding=\"async\" src=\"https:\/\/www.24gliwice.pl\/wiadomosci\/wp-content\/uploads\/2026\/03\/20260309-PREZERO-WIOSNA-D.webp\" alt=\"\"  srcset=\"https:\/\/www.24gliwice.pl\/wiadomosci\/wp-content\/uploads\/2026\/03\/20260309-PREZERO-WIOSNA-D.webp 750w, https:\/\/www.24gliwice.pl\/wiadomosci\/wp-content\/uploads\/2026\/03\/20260309-PREZERO-WIOSNA-D-410x109.webp 410w\" sizes=\"(max-width: 750px) 100vw, 750px\" class=\"no-lazyload\" width=\"750\" height=\"200\"  style=\"display: inline-block; max-width: 100%; height: auto;\" \/><\/a><\/div><\/div>","protected":false},"excerpt":{"rendered":"<p>Ulica Gaudiego zostanie ca\u0142kowicie zamkni\u0119ta dla ruchu. W czwartek, 19 marca, rozpocznie si\u0119 tam wymiana nawierzchni jezdni. Odcinek od ul. Kozielskiej do ronda przy ul. Wycz\u00f3\u0142kowskiego b\u0119dzie wy\u0142\u0105czony z ruchu. Komunikacja autobusowa zostanie przeniesiona na ul. Wycz\u00f3\u0142kowskiego. Na czas prac (oko\u0142o 2 tygodnie) zapewniony b\u0119dzie jedynie dojazd do firm znajduj\u0105cych si\u0119 przy ul. Gaudiego. Tego [&hellip;]<\/p>\n","protected":false},"author":15,"featured_media":148850,"comment_status":"open","ping_status":"closed","sticky":false,"template":"","format":"standard","meta":{"_monsterinsights_skip_tracking":false,"_monsterinsights_sitenote_active":false,"_monsterinsights_sitenote_note":"","_monsterinsights_sitenote_category":0,"footnotes":"","_links_to":"","_links_to_target":""},"categories":[3,1],"tags":[8774,978,8330,5809,12677,6022,10116,9436],"class_list":["post-148833","post","type-post","status-publish","format-standard","has-post-thumbnail","hentry","category-gliwice","category-wszystko","tag-gaudiego","tag-objazd","tag-obwodnica","tag-rybnicka","tag-utrudnienia-drogowe","tag-wyczolkowskiego","tag-wymiana-nawierzchni-jezdni","tag-zmiana-organizacji-ruchu"],"yoast_head":"<!-- This site is optimized with the Yoast SEO plugin v27.5 - https:\/\/yoast.com\/product\/yoast-seo-wordpress\/ -->\n<title>Ulica Gaudiego zamkni\u0119ta dla ruchu. Zmian trzeba si\u0119 spodziewa\u0107 tak\u017ce w rejonie budowanej obwodnicy - 24GLIWICE - Portal Gliwice | codziennie nowe informacje<\/title>\n<meta name=\"robots\" content=\"index, follow, max-snippet:-1, max-image-preview:large, max-video-preview:-1\" \/>\n<link rel=\"canonical\" href=\"https:\/\/www.24gliwice.pl\/wiadomosci\/ulica-gaudiego-zamknieta-dla-ruchu-zmian-trzeba-sie-spodziewac-takze-w-rejonie-budowanej-obwodnicy\/\" \/>\n<meta property=\"og:locale\" content=\"pl_PL\" \/>\n<meta property=\"og:type\" content=\"article\" \/>\n<meta property=\"og:title\" content=\"Ulica Gaudiego zamkni\u0119ta dla ruchu. Zmian trzeba si\u0119 spodziewa\u0107 tak\u017ce w rejonie budowanej obwodnicy - 24GLIWICE - Portal Gliwice | codziennie nowe informacje\" \/>\n<meta property=\"og:description\" content=\"Ulica Gaudiego zostanie ca\u0142kowicie zamkni\u0119ta dla ruchu. W czwartek, 19 marca, rozpocznie si\u0119 tam wymiana nawierzchni jezdni. Odcinek od ul. Kozielskiej do ronda przy ul. Wycz\u00f3\u0142kowskiego b\u0119dzie wy\u0142\u0105czony z ruchu. Komunikacja autobusowa zostanie przeniesiona na ul. Wycz\u00f3\u0142kowskiego. Na czas prac (oko\u0142o 2 tygodnie) zapewniony b\u0119dzie jedynie dojazd do firm znajduj\u0105cych si\u0119 przy ul. Gaudiego. Tego [&hellip;]\" \/>\n<meta property=\"og:url\" content=\"https:\/\/www.24gliwice.pl\/wiadomosci\/ulica-gaudiego-zamknieta-dla-ruchu-zmian-trzeba-sie-spodziewac-takze-w-rejonie-budowanej-obwodnicy\/\" \/>\n<meta property=\"og:site_name\" content=\"24GLIWICE - Portal Gliwice | codziennie nowe informacje\" \/>\n<meta property=\"article:publisher\" content=\"https:\/\/www.facebook.com\/24gliwice\" \/>\n<meta property=\"article:published_time\" content=\"2020-03-15T11:41:43+00:00\" \/>\n<meta property=\"og:image\" content=\"https:\/\/www.24gliwice.pl\/wiadomosci\/wp-content\/uploads\/2020\/03\/rybnicka-obwodnica-zdm-1.jpg\" \/>\n\t<meta property=\"og:image:width\" content=\"810\" \/>\n\t<meta property=\"og:image:height\" content=\"456\" \/>\n\t<meta property=\"og:image:type\" content=\"image\/jpeg\" \/>\n<meta name=\"author\" content=\"\u017baneta Mrozek-Siewierska\" \/>\n<meta name=\"twitter:card\" content=\"summary_large_image\" \/>\n<meta name=\"twitter:creator\" content=\"@24gliwice\" \/>\n<meta name=\"twitter:site\" content=\"@24gliwice\" \/>\n<meta name=\"twitter:label1\" content=\"Napisane przez\" \/>\n\t<meta name=\"twitter:data1\" content=\"\u017baneta Mrozek-Siewierska\" \/>\n\t<meta name=\"twitter:label2\" content=\"Szacowany czas czytania\" \/>\n\t<meta name=\"twitter:data2\" content=\"1 minuta\" \/>\n<script type=\"application\/ld+json\" class=\"yoast-schema-graph\">{\"@context\":\"https:\\\/\\\/schema.org\",\"@graph\":[{\"@type\":\"Article\",\"@id\":\"https:\\\/\\\/www.24gliwice.pl\\\/wiadomosci\\\/ulica-gaudiego-zamknieta-dla-ruchu-zmian-trzeba-sie-spodziewac-takze-w-rejonie-budowanej-obwodnicy\\\/#article\",\"isPartOf\":{\"@id\":\"https:\\\/\\\/www.24gliwice.pl\\\/wiadomosci\\\/ulica-gaudiego-zamknieta-dla-ruchu-zmian-trzeba-sie-spodziewac-takze-w-rejonie-budowanej-obwodnicy\\\/\"},\"author\":{\"name\":\"\u017baneta Mrozek-Siewierska\",\"@id\":\"https:\\\/\\\/www.24gliwice.pl\\\/wiadomosci\\\/#\\\/schema\\\/person\\\/e42c650edd7f2fa332be3811fb166b6e\"},\"headline\":\"Ulica Gaudiego zamkni\u0119ta dla ruchu. Zmian trzeba si\u0119 spodziewa\u0107 tak\u017ce w rejonie budowanej obwodnicy\",\"datePublished\":\"2020-03-15T11:41:43+00:00\",\"mainEntityOfPage\":{\"@id\":\"https:\\\/\\\/www.24gliwice.pl\\\/wiadomosci\\\/ulica-gaudiego-zamknieta-dla-ruchu-zmian-trzeba-sie-spodziewac-takze-w-rejonie-budowanej-obwodnicy\\\/\"},\"wordCount\":217,\"commentCount\":0,\"publisher\":{\"@id\":\"https:\\\/\\\/www.24gliwice.pl\\\/wiadomosci\\\/#organization\"},\"image\":{\"@id\":\"https:\\\/\\\/www.24gliwice.pl\\\/wiadomosci\\\/ulica-gaudiego-zamknieta-dla-ruchu-zmian-trzeba-sie-spodziewac-takze-w-rejonie-budowanej-obwodnicy\\\/#primaryimage\"},\"thumbnailUrl\":\"https:\\\/\\\/www.24gliwice.pl\\\/wiadomosci\\\/wp-content\\\/uploads\\\/2020\\\/03\\\/rybnicka-obwodnica-zdm-1.jpg\",\"keywords\":[\"gaudiego\",\"OBJAZD\",\"OBWODNICA\",\"RYBNICKA\",\"UTRUDNIENIA DROGOWE\",\"wycz\u00f3\u0142kowskiego\",\"WYMIANA NAWIERZCHNI JEZDNI\",\"ZMIANA ORGANIZACJI RUCHU\"],\"articleSection\":[\"Gliwice\",\"Najnowsze wiadomo\u015bci\"],\"inLanguage\":\"pl-PL\",\"potentialAction\":[{\"@type\":\"CommentAction\",\"name\":\"Comment\",\"target\":[\"https:\\\/\\\/www.24gliwice.pl\\\/wiadomosci\\\/ulica-gaudiego-zamknieta-dla-ruchu-zmian-trzeba-sie-spodziewac-takze-w-rejonie-budowanej-obwodnicy\\\/#respond\"]}]},{\"@type\":\"WebPage\",\"@id\":\"https:\\\/\\\/www.24gliwice.pl\\\/wiadomosci\\\/ulica-gaudiego-zamknieta-dla-ruchu-zmian-trzeba-sie-spodziewac-takze-w-rejonie-budowanej-obwodnicy\\\/\",\"url\":\"https:\\\/\\\/www.24gliwice.pl\\\/wiadomosci\\\/ulica-gaudiego-zamknieta-dla-ruchu-zmian-trzeba-sie-spodziewac-takze-w-rejonie-budowanej-obwodnicy\\\/\",\"name\":\"Ulica Gaudiego zamkni\u0119ta dla ruchu. Zmian trzeba si\u0119 spodziewa\u0107 tak\u017ce w rejonie budowanej obwodnicy - 24GLIWICE - Portal Gliwice | codziennie nowe informacje\",\"isPartOf\":{\"@id\":\"https:\\\/\\\/www.24gliwice.pl\\\/wiadomosci\\\/#website\"},\"primaryImageOfPage\":{\"@id\":\"https:\\\/\\\/www.24gliwice.pl\\\/wiadomosci\\\/ulica-gaudiego-zamknieta-dla-ruchu-zmian-trzeba-sie-spodziewac-takze-w-rejonie-budowanej-obwodnicy\\\/#primaryimage\"},\"image\":{\"@id\":\"https:\\\/\\\/www.24gliwice.pl\\\/wiadomosci\\\/ulica-gaudiego-zamknieta-dla-ruchu-zmian-trzeba-sie-spodziewac-takze-w-rejonie-budowanej-obwodnicy\\\/#primaryimage\"},\"thumbnailUrl\":\"https:\\\/\\\/www.24gliwice.pl\\\/wiadomosci\\\/wp-content\\\/uploads\\\/2020\\\/03\\\/rybnicka-obwodnica-zdm-1.jpg\",\"datePublished\":\"2020-03-15T11:41:43+00:00\",\"breadcrumb\":{\"@id\":\"https:\\\/\\\/www.24gliwice.pl\\\/wiadomosci\\\/ulica-gaudiego-zamknieta-dla-ruchu-zmian-trzeba-sie-spodziewac-takze-w-rejonie-budowanej-obwodnicy\\\/#breadcrumb\"},\"inLanguage\":\"pl-PL\",\"potentialAction\":[{\"@type\":\"ReadAction\",\"target\":[\"https:\\\/\\\/www.24gliwice.pl\\\/wiadomosci\\\/ulica-gaudiego-zamknieta-dla-ruchu-zmian-trzeba-sie-spodziewac-takze-w-rejonie-budowanej-obwodnicy\\\/\"]}]},{\"@type\":\"ImageObject\",\"inLanguage\":\"pl-PL\",\"@id\":\"https:\\\/\\\/www.24gliwice.pl\\\/wiadomosci\\\/ulica-gaudiego-zamknieta-dla-ruchu-zmian-trzeba-sie-spodziewac-takze-w-rejonie-budowanej-obwodnicy\\\/#primaryimage\",\"url\":\"https:\\\/\\\/www.24gliwice.pl\\\/wiadomosci\\\/wp-content\\\/uploads\\\/2020\\\/03\\\/rybnicka-obwodnica-zdm-1.jpg\",\"contentUrl\":\"https:\\\/\\\/www.24gliwice.pl\\\/wiadomosci\\\/wp-content\\\/uploads\\\/2020\\\/03\\\/rybnicka-obwodnica-zdm-1.jpg\",\"width\":810,\"height\":456},{\"@type\":\"BreadcrumbList\",\"@id\":\"https:\\\/\\\/www.24gliwice.pl\\\/wiadomosci\\\/ulica-gaudiego-zamknieta-dla-ruchu-zmian-trzeba-sie-spodziewac-takze-w-rejonie-budowanej-obwodnicy\\\/#breadcrumb\",\"itemListElement\":[{\"@type\":\"ListItem\",\"position\":1,\"name\":\"Strona g\u0142\u00f3wna\",\"item\":\"https:\\\/\\\/www.24gliwice.pl\\\/wiadomosci\\\/\"},{\"@type\":\"ListItem\",\"position\":2,\"name\":\"Ulica Gaudiego zamkni\u0119ta dla ruchu. Zmian trzeba si\u0119 spodziewa\u0107 tak\u017ce w rejonie budowanej obwodnicy\"}]},{\"@type\":\"WebSite\",\"@id\":\"https:\\\/\\\/www.24gliwice.pl\\\/wiadomosci\\\/#website\",\"url\":\"https:\\\/\\\/www.24gliwice.pl\\\/wiadomosci\\\/\",\"name\":\"24GLIWICE - Portal Gliwice | codziennie nowe wiadomo\u015bci\",\"description\":\"Portal Miejski Gliwice\",\"publisher\":{\"@id\":\"https:\\\/\\\/www.24gliwice.pl\\\/wiadomosci\\\/#organization\"},\"potentialAction\":[{\"@type\":\"SearchAction\",\"target\":{\"@type\":\"EntryPoint\",\"urlTemplate\":\"https:\\\/\\\/www.24gliwice.pl\\\/wiadomosci\\\/?s={search_term_string}\"},\"query-input\":{\"@type\":\"PropertyValueSpecification\",\"valueRequired\":true,\"valueName\":\"search_term_string\"}}],\"inLanguage\":\"pl-PL\"},{\"@type\":\"Organization\",\"@id\":\"https:\\\/\\\/www.24gliwice.pl\\\/wiadomosci\\\/#organization\",\"name\":\"24gliwice\",\"url\":\"https:\\\/\\\/www.24gliwice.pl\\\/wiadomosci\\\/\",\"logo\":{\"@type\":\"ImageObject\",\"inLanguage\":\"pl-PL\",\"@id\":\"https:\\\/\\\/www.24gliwice.pl\\\/wiadomosci\\\/#\\\/schema\\\/logo\\\/image\\\/\",\"url\":\"https:\\\/\\\/www.24gliwice.pl\\\/wiadomosci\\\/wp-content\\\/uploads\\\/2024\\\/10\\\/24gliwice-logo-696.jpg\",\"contentUrl\":\"https:\\\/\\\/www.24gliwice.pl\\\/wiadomosci\\\/wp-content\\\/uploads\\\/2024\\\/10\\\/24gliwice-logo-696.jpg\",\"width\":696,\"height\":696,\"caption\":\"24gliwice\"},\"image\":{\"@id\":\"https:\\\/\\\/www.24gliwice.pl\\\/wiadomosci\\\/#\\\/schema\\\/logo\\\/image\\\/\"},\"sameAs\":[\"https:\\\/\\\/www.facebook.com\\\/24gliwice\",\"https:\\\/\\\/x.com\\\/24gliwice\",\"https:\\\/\\\/www.youtube.com\\\/@24gliwice\"]},{\"@type\":\"Person\",\"@id\":\"https:\\\/\\\/www.24gliwice.pl\\\/wiadomosci\\\/#\\\/schema\\\/person\\\/e42c650edd7f2fa332be3811fb166b6e\",\"name\":\"\u017baneta Mrozek-Siewierska\",\"image\":{\"@type\":\"ImageObject\",\"inLanguage\":\"pl-PL\",\"@id\":\"https:\\\/\\\/secure.gravatar.com\\\/avatar\\\/1881429e9c64597c77ad7aef2d0a19be69a3253e57534d16aa15bf3a4d34a0a3?s=96&d=mm&r=g\",\"url\":\"https:\\\/\\\/secure.gravatar.com\\\/avatar\\\/1881429e9c64597c77ad7aef2d0a19be69a3253e57534d16aa15bf3a4d34a0a3?s=96&d=mm&r=g\",\"contentUrl\":\"https:\\\/\\\/secure.gravatar.com\\\/avatar\\\/1881429e9c64597c77ad7aef2d0a19be69a3253e57534d16aa15bf3a4d34a0a3?s=96&d=mm&r=g\",\"caption\":\"\u017baneta Mrozek-Siewierska\"},\"url\":\"https:\\\/\\\/www.24gliwice.pl\\\/wiadomosci\\\/author\\\/zms\\\/\"}]}<\/script>\n<!-- \/ Yoast SEO plugin. -->","yoast_head_json":{"title":"Ulica Gaudiego zamkni\u0119ta dla ruchu. Zmian trzeba si\u0119 spodziewa\u0107 tak\u017ce w rejonie budowanej obwodnicy - 24GLIWICE - Portal Gliwice | codziennie nowe informacje","robots":{"index":"index","follow":"follow","max-snippet":"max-snippet:-1","max-image-preview":"max-image-preview:large","max-video-preview":"max-video-preview:-1"},"canonical":"https:\/\/www.24gliwice.pl\/wiadomosci\/ulica-gaudiego-zamknieta-dla-ruchu-zmian-trzeba-sie-spodziewac-takze-w-rejonie-budowanej-obwodnicy\/","og_locale":"pl_PL","og_type":"article","og_title":"Ulica Gaudiego zamkni\u0119ta dla ruchu. Zmian trzeba si\u0119 spodziewa\u0107 tak\u017ce w rejonie budowanej obwodnicy - 24GLIWICE - Portal Gliwice | codziennie nowe informacje","og_description":"Ulica Gaudiego zostanie ca\u0142kowicie zamkni\u0119ta dla ruchu. W czwartek, 19 marca, rozpocznie si\u0119 tam wymiana nawierzchni jezdni. Odcinek od ul. Kozielskiej do ronda przy ul. Wycz\u00f3\u0142kowskiego b\u0119dzie wy\u0142\u0105czony z ruchu. Komunikacja autobusowa zostanie przeniesiona na ul. Wycz\u00f3\u0142kowskiego. Na czas prac (oko\u0142o 2 tygodnie) zapewniony b\u0119dzie jedynie dojazd do firm znajduj\u0105cych si\u0119 przy ul. Gaudiego. Tego [&hellip;]","og_url":"https:\/\/www.24gliwice.pl\/wiadomosci\/ulica-gaudiego-zamknieta-dla-ruchu-zmian-trzeba-sie-spodziewac-takze-w-rejonie-budowanej-obwodnicy\/","og_site_name":"24GLIWICE - Portal Gliwice | codziennie nowe informacje","article_publisher":"https:\/\/www.facebook.com\/24gliwice","article_published_time":"2020-03-15T11:41:43+00:00","og_image":[{"width":810,"height":456,"url":"https:\/\/www.24gliwice.pl\/wiadomosci\/wp-content\/uploads\/2020\/03\/rybnicka-obwodnica-zdm-1.jpg","type":"image\/jpeg"}],"author":"\u017baneta Mrozek-Siewierska","twitter_card":"summary_large_image","twitter_creator":"@24gliwice","twitter_site":"@24gliwice","twitter_misc":{"Napisane przez":"\u017baneta Mrozek-Siewierska","Szacowany czas czytania":"1 minuta"},"schema":{"@context":"https:\/\/schema.org","@graph":[{"@type":"Article","@id":"https:\/\/www.24gliwice.pl\/wiadomosci\/ulica-gaudiego-zamknieta-dla-ruchu-zmian-trzeba-sie-spodziewac-takze-w-rejonie-budowanej-obwodnicy\/#article","isPartOf":{"@id":"https:\/\/www.24gliwice.pl\/wiadomosci\/ulica-gaudiego-zamknieta-dla-ruchu-zmian-trzeba-sie-spodziewac-takze-w-rejonie-budowanej-obwodnicy\/"},"author":{"name":"\u017baneta Mrozek-Siewierska","@id":"https:\/\/www.24gliwice.pl\/wiadomosci\/#\/schema\/person\/e42c650edd7f2fa332be3811fb166b6e"},"headline":"Ulica Gaudiego zamkni\u0119ta dla ruchu. Zmian trzeba si\u0119 spodziewa\u0107 tak\u017ce w rejonie budowanej obwodnicy","datePublished":"2020-03-15T11:41:43+00:00","mainEntityOfPage":{"@id":"https:\/\/www.24gliwice.pl\/wiadomosci\/ulica-gaudiego-zamknieta-dla-ruchu-zmian-trzeba-sie-spodziewac-takze-w-rejonie-budowanej-obwodnicy\/"},"wordCount":217,"commentCount":0,"publisher":{"@id":"https:\/\/www.24gliwice.pl\/wiadomosci\/#organization"},"image":{"@id":"https:\/\/www.24gliwice.pl\/wiadomosci\/ulica-gaudiego-zamknieta-dla-ruchu-zmian-trzeba-sie-spodziewac-takze-w-rejonie-budowanej-obwodnicy\/#primaryimage"},"thumbnailUrl":"https:\/\/www.24gliwice.pl\/wiadomosci\/wp-content\/uploads\/2020\/03\/rybnicka-obwodnica-zdm-1.jpg","keywords":["gaudiego","OBJAZD","OBWODNICA","RYBNICKA","UTRUDNIENIA DROGOWE","wycz\u00f3\u0142kowskiego","WYMIANA NAWIERZCHNI JEZDNI","ZMIANA ORGANIZACJI RUCHU"],"articleSection":["Gliwice","Najnowsze wiadomo\u015bci"],"inLanguage":"pl-PL","potentialAction":[{"@type":"CommentAction","name":"Comment","target":["https:\/\/www.24gliwice.pl\/wiadomosci\/ulica-gaudiego-zamknieta-dla-ruchu-zmian-trzeba-sie-spodziewac-takze-w-rejonie-budowanej-obwodnicy\/#respond"]}]},{"@type":"WebPage","@id":"https:\/\/www.24gliwice.pl\/wiadomosci\/ulica-gaudiego-zamknieta-dla-ruchu-zmian-trzeba-sie-spodziewac-takze-w-rejonie-budowanej-obwodnicy\/","url":"https:\/\/www.24gliwice.pl\/wiadomosci\/ulica-gaudiego-zamknieta-dla-ruchu-zmian-trzeba-sie-spodziewac-takze-w-rejonie-budowanej-obwodnicy\/","name":"Ulica Gaudiego zamkni\u0119ta dla ruchu. Zmian trzeba si\u0119 spodziewa\u0107 tak\u017ce w rejonie budowanej obwodnicy - 24GLIWICE - Portal Gliwice | codziennie nowe informacje","isPartOf":{"@id":"https:\/\/www.24gliwice.pl\/wiadomosci\/#website"},"primaryImageOfPage":{"@id":"https:\/\/www.24gliwice.pl\/wiadomosci\/ulica-gaudiego-zamknieta-dla-ruchu-zmian-trzeba-sie-spodziewac-takze-w-rejonie-budowanej-obwodnicy\/#primaryimage"},"image":{"@id":"https:\/\/www.24gliwice.pl\/wiadomosci\/ulica-gaudiego-zamknieta-dla-ruchu-zmian-trzeba-sie-spodziewac-takze-w-rejonie-budowanej-obwodnicy\/#primaryimage"},"thumbnailUrl":"https:\/\/www.24gliwice.pl\/wiadomosci\/wp-content\/uploads\/2020\/03\/rybnicka-obwodnica-zdm-1.jpg","datePublished":"2020-03-15T11:41:43+00:00","breadcrumb":{"@id":"https:\/\/www.24gliwice.pl\/wiadomosci\/ulica-gaudiego-zamknieta-dla-ruchu-zmian-trzeba-sie-spodziewac-takze-w-rejonie-budowanej-obwodnicy\/#breadcrumb"},"inLanguage":"pl-PL","potentialAction":[{"@type":"ReadAction","target":["https:\/\/www.24gliwice.pl\/wiadomosci\/ulica-gaudiego-zamknieta-dla-ruchu-zmian-trzeba-sie-spodziewac-takze-w-rejonie-budowanej-obwodnicy\/"]}]},{"@type":"ImageObject","inLanguage":"pl-PL","@id":"https:\/\/www.24gliwice.pl\/wiadomosci\/ulica-gaudiego-zamknieta-dla-ruchu-zmian-trzeba-sie-spodziewac-takze-w-rejonie-budowanej-obwodnicy\/#primaryimage","url":"https:\/\/www.24gliwice.pl\/wiadomosci\/wp-content\/uploads\/2020\/03\/rybnicka-obwodnica-zdm-1.jpg","contentUrl":"https:\/\/www.24gliwice.pl\/wiadomosci\/wp-content\/uploads\/2020\/03\/rybnicka-obwodnica-zdm-1.jpg","width":810,"height":456},{"@type":"BreadcrumbList","@id":"https:\/\/www.24gliwice.pl\/wiadomosci\/ulica-gaudiego-zamknieta-dla-ruchu-zmian-trzeba-sie-spodziewac-takze-w-rejonie-budowanej-obwodnicy\/#breadcrumb","itemListElement":[{"@type":"ListItem","position":1,"name":"Strona g\u0142\u00f3wna","item":"https:\/\/www.24gliwice.pl\/wiadomosci\/"},{"@type":"ListItem","position":2,"name":"Ulica Gaudiego zamkni\u0119ta dla ruchu. Zmian trzeba si\u0119 spodziewa\u0107 tak\u017ce w rejonie budowanej obwodnicy"}]},{"@type":"WebSite","@id":"https:\/\/www.24gliwice.pl\/wiadomosci\/#website","url":"https:\/\/www.24gliwice.pl\/wiadomosci\/","name":"24GLIWICE - Portal Gliwice | codziennie nowe wiadomo\u015bci","description":"Portal Miejski Gliwice","publisher":{"@id":"https:\/\/www.24gliwice.pl\/wiadomosci\/#organization"},"potentialAction":[{"@type":"SearchAction","target":{"@type":"EntryPoint","urlTemplate":"https:\/\/www.24gliwice.pl\/wiadomosci\/?s={search_term_string}"},"query-input":{"@type":"PropertyValueSpecification","valueRequired":true,"valueName":"search_term_string"}}],"inLanguage":"pl-PL"},{"@type":"Organization","@id":"https:\/\/www.24gliwice.pl\/wiadomosci\/#organization","name":"24gliwice","url":"https:\/\/www.24gliwice.pl\/wiadomosci\/","logo":{"@type":"ImageObject","inLanguage":"pl-PL","@id":"https:\/\/www.24gliwice.pl\/wiadomosci\/#\/schema\/logo\/image\/","url":"https:\/\/www.24gliwice.pl\/wiadomosci\/wp-content\/uploads\/2024\/10\/24gliwice-logo-696.jpg","contentUrl":"https:\/\/www.24gliwice.pl\/wiadomosci\/wp-content\/uploads\/2024\/10\/24gliwice-logo-696.jpg","width":696,"height":696,"caption":"24gliwice"},"image":{"@id":"https:\/\/www.24gliwice.pl\/wiadomosci\/#\/schema\/logo\/image\/"},"sameAs":["https:\/\/www.facebook.com\/24gliwice","https:\/\/x.com\/24gliwice","https:\/\/www.youtube.com\/@24gliwice"]},{"@type":"Person","@id":"https:\/\/www.24gliwice.pl\/wiadomosci\/#\/schema\/person\/e42c650edd7f2fa332be3811fb166b6e","name":"\u017baneta Mrozek-Siewierska","image":{"@type":"ImageObject","inLanguage":"pl-PL","@id":"https:\/\/secure.gravatar.com\/avatar\/1881429e9c64597c77ad7aef2d0a19be69a3253e57534d16aa15bf3a4d34a0a3?s=96&d=mm&r=g","url":"https:\/\/secure.gravatar.com\/avatar\/1881429e9c64597c77ad7aef2d0a19be69a3253e57534d16aa15bf3a4d34a0a3?s=96&d=mm&r=g","contentUrl":"https:\/\/secure.gravatar.com\/avatar\/1881429e9c64597c77ad7aef2d0a19be69a3253e57534d16aa15bf3a4d34a0a3?s=96&d=mm&r=g","caption":"\u017baneta Mrozek-Siewierska"},"url":"https:\/\/www.24gliwice.pl\/wiadomosci\/author\/zms\/"}]}},"_links":{"self":[{"href":"https:\/\/www.24gliwice.pl\/wiadomosci\/wp-json\/wp\/v2\/posts\/148833","targetHints":{"allow":["GET"]}}],"collection":[{"href":"https:\/\/www.24gliwice.pl\/wiadomosci\/wp-json\/wp\/v2\/posts"}],"about":[{"href":"https:\/\/www.24gliwice.pl\/wiadomosci\/wp-json\/wp\/v2\/types\/post"}],"author":[{"embeddable":true,"href":"https:\/\/www.24gliwice.pl\/wiadomosci\/wp-json\/wp\/v2\/users\/15"}],"replies":[{"embeddable":true,"href":"https:\/\/www.24gliwice.pl\/wiadomosci\/wp-json\/wp\/v2\/comments?post=148833"}],"version-history":[{"count":0,"href":"https:\/\/www.24gliwice.pl\/wiadomosci\/wp-json\/wp\/v2\/posts\/148833\/revisions"}],"wp:featuredmedia":[{"embeddable":true,"href":"https:\/\/www.24gliwice.pl\/wiadomosci\/wp-json\/wp\/v2\/media\/148850"}],"wp:attachment":[{"href":"https:\/\/www.24gliwice.pl\/wiadomosci\/wp-json\/wp\/v2\/media?parent=148833"}],"wp:term":[{"taxonomy":"category","embeddable":true,"href":"https:\/\/www.24gliwice.pl\/wiadomosci\/wp-json\/wp\/v2\/categories?post=148833"},{"taxonomy":"post_tag","embeddable":true,"href":"https:\/\/www.24gliwice.pl\/wiadomosci\/wp-json\/wp\/v2\/tags?post=148833"}],"curies":[{"name":"wp","href":"https:\/\/api.w.org\/{rel}","templated":true}]}}