{"id":149644,"date":"2020-04-04T13:38:52","date_gmt":"2020-04-04T11:38:52","guid":{"rendered":"https:\/\/www.24gliwice.pl\/wiadomosci\/?p=149644"},"modified":"2020-07-09T10:12:41","modified_gmt":"2020-07-09T08:12:41","slug":"to-koniec-wilczych-dolow-plany-budowy-zbiornika-retencyjnego-budza-kontrowersje","status":"publish","type":"post","link":"https:\/\/www.24gliwice.pl\/wiadomosci\/to-koniec-wilczych-dolow-plany-budowy-zbiornika-retencyjnego-budza-kontrowersje\/","title":{"rendered":"To koniec &#8220;Wilczych Do\u0142\u00f3w&#8221;? Plany budowy zbiornika retencyjnego budz\u0105 kontrowersje"},"content":{"rendered":"<div class=\"gliwi-a6-nad-leadem-artykulow gliwi-entity-placement\" id=\"gliwi-3251180805\"><div class=\"gliwi-adlabel\"><span style=\"font-size: 9px\">REKLAMA<\/span><\/div><div id=\"gliwi-2370908667\" style=\"margin-bottom: 25px;margin-left: auto;margin-right: auto;text-align: center;\"><a data-no-instant=\"1\" href=\"https:\/\/dom100.eu\/\" rel=\"noopener\" class=\"a2t-link\" target=\"_blank\" aria-label=\"20260415 DOM100 D\"><img loading=\"lazy\" decoding=\"async\" src=\"https:\/\/www.24gliwice.pl\/wiadomosci\/wp-content\/uploads\/2026\/04\/20260415-DOM100-D.jpg\" alt=\"\"  srcset=\"https:\/\/www.24gliwice.pl\/wiadomosci\/wp-content\/uploads\/2026\/04\/20260415-DOM100-D.jpg 750w, https:\/\/www.24gliwice.pl\/wiadomosci\/wp-content\/uploads\/2026\/04\/20260415-DOM100-D-410x109.jpg 410w\" sizes=\"(max-width: 750px) 100vw, 750px\" class=\"no-lazyload\" width=\"750\" height=\"200\"  style=\"display: inline-block; max-width: 100%; height: auto;\" \/><\/a><\/div><\/div><h3>Prawie 8 hektar\u00f3w b\u0119dzie mia\u0142 zbiornik retencyjny, kt\u00f3ry powstanie na Wilczych Do\u0142ach, w pobli\u017cu ul. Pliszki i ko\u015bcio\u0142a NMP Matki Ko\u015bcio\u0142a.<\/h3>\n<p> Ca\u0142a inwestycja \u0142\u0105cznie zajmie 10 hektar\u00f3w i ju\u017c budzi du\u017ce kontrowersje w\u015br\u00f3d mieszka\u0144c\u00f3w Sikornika.<\/p>\n<p>&#8211; <em>Oceniamy t\u0119 inwestycj\u0119 jednoznacznie negatywnie<\/em> &#8211; m\u00f3wi <strong>Przemys\u0142aw Hojowski<\/strong>, Przewodnicz\u0105cy Zarz\u0105du Dzielnicy Sikornik. &#8211; <em>Uwa\u017camy, \u017ce jest ona przeskalowana i zaplanowana bez poszanowania dla warto\u015bci przyrodniczych i krajobrazowych Wilczych Do\u0142\u00f3w. W\u00f3jtowianka to niewielki potok, kt\u00f3ry latem cz\u0119\u015bciowo wysycha, a podczas ostrej zimy ca\u0142kowicie zamarza <\/em>&#8211; argumentuje. <\/p><div class=\"gliwi-a3-w-tresci-artykulow gliwi-entity-placement\" id=\"gliwi-3538768309\"><div class=\"gliwi-adlabel\"><span style=\"font-size: 9px\">REKLAMA<\/span><\/div><div id=\"gliwi-2033277109\" style=\"margin-bottom: 30px;margin-left: auto;margin-right: auto;text-align: center;\"><a data-no-instant=\"1\" href=\"https:\/\/zlobek.halogen.org.pl\/\" rel=\"noopener\" class=\"a2t-link\" target=\"_blank\" aria-label=\"animator-zlobek_750x200\"><img loading=\"lazy\" decoding=\"async\" src=\"https:\/\/www.24gliwice.pl\/wiadomosci\/wp-content\/uploads\/2026\/02\/animator-zlobek_750x200.webp\" alt=\"\"  srcset=\"https:\/\/www.24gliwice.pl\/wiadomosci\/wp-content\/uploads\/2026\/02\/animator-zlobek_750x200.webp 750w, https:\/\/www.24gliwice.pl\/wiadomosci\/wp-content\/uploads\/2026\/02\/animator-zlobek_750x200-410x109.webp 410w\" sizes=\"(max-width: 750px) 100vw, 750px\" class=\"no-lazyload\" width=\"750\" height=\"200\"  style=\"display: inline-block; max-width: 100%; height: auto;\" \/><\/a><\/div><\/div>\n<p>Wed\u0142ug dokumentacji projektowej (przygotowanej w 2014 roku przez pozna\u0144sk\u0105 firm\u0119 <strong>Biprowodmel<\/strong> Sp. z o.o.) powierzchnia czaszy zbiornika na potoku W\u00f3jtowianka wraz z zapor\u0105 i dodatkowymi budowlami ma wynie\u015b\u0107 ok. 7,9 ha, a powierzchnia dna w\u0142a\u015bciwego zbiornika 3,6 ha. Wybrany wariant budowy zak\u0142ada, \u017ce zbiornik b\u0119dzie przede wszystkim konstrukcj\u0105 &#8220;ziemn\u0105&#8221; (wykonan\u0105 w gruncie). Teren ma zosta\u0107 zabezpieczony narzutem kamiennym przed osuni\u0119ciami i rozmyciem. Konstrukcj\u0119 betonow\u0105 b\u0119d\u0105 natomiast posiada\u0107 urz\u0105dzenia hydrotechniczne. <\/p>\n<p>Przy realizacji inwestycji nie ob\u0119dzie si\u0119 bez znacznej wycinki &#8211; pod pi\u0142\u0119 zakwalifikowano 662 drzewa i krzewy. <\/p>\n<div id=\"attachment_149813\" style=\"width: 820px\" class=\"wp-caption aligncenter\"><a href=\"https:\/\/www.24gliwice.pl\/wiadomosci\/wp-content\/uploads\/2020\/04\/1-suchy-zbiornik-wilcze-doly-001-1.jpg\"><img loading=\"lazy\" decoding=\"async\" aria-describedby=\"caption-attachment-149813\" src=\"https:\/\/www.24gliwice.pl\/wiadomosci\/wp-content\/uploads\/2020\/04\/1-suchy-zbiornik-wilcze-doly-001-1.jpg\" alt=\"\" width=\"810\" height=\"494\" class=\"size-full wp-image-149813\" srcset=\"https:\/\/www.24gliwice.pl\/wiadomosci\/wp-content\/uploads\/2020\/04\/1-suchy-zbiornik-wilcze-doly-001-1.jpg 810w, https:\/\/www.24gliwice.pl\/wiadomosci\/wp-content\/uploads\/2020\/04\/1-suchy-zbiornik-wilcze-doly-001-1-380x232.jpg 380w, https:\/\/www.24gliwice.pl\/wiadomosci\/wp-content\/uploads\/2020\/04\/1-suchy-zbiornik-wilcze-doly-001-1-746x455.jpg 746w, https:\/\/www.24gliwice.pl\/wiadomosci\/wp-content\/uploads\/2020\/04\/1-suchy-zbiornik-wilcze-doly-001-1-768x468.jpg 768w\" sizes=\"auto, (max-width: 810px) 100vw, 810px\" \/><\/a><p id=\"caption-attachment-149813\" class=\"wp-caption-text\">Projekt suchego zbiorniku retencyjnego na potoku W\u00f3jtowianka (DOA). \u0179r\u00f3d\u0142o: dokumentacja projektowa bip.gliwice.eu<\/p><\/div>\n<div id=\"attachment_149806\" style=\"width: 1484px\" class=\"wp-caption aligncenter\"><img loading=\"lazy\" decoding=\"async\" aria-describedby=\"caption-attachment-149806\" src=\"https:\/\/www.24gliwice.pl\/wiadomosci\/wp-content\/uploads\/2020\/04\/Przechwytywanie.png\" alt=\"\" width=\"1474\" height=\"897\" class=\"size-full wp-image-149806\" \/><p id=\"caption-attachment-149806\" class=\"wp-caption-text\">Projekt suchego zbiorniku retencyjnego na potoku W\u00f3jtowianka (DOA). \u0179r\u00f3d\u0142o: dokumentacja projektowa bip.gliwice.eu<\/p><\/div>\n<p><H4>MAGISTRAT: &#8220;CHRONIMY TERENY \u015aR\u00d3DMIEJSKIE PRZED POWODZI\u0104&#8221;<\/H4><\/p>\n<p>Miasto w budowie zbiornika widzi przede wszystkim konieczno\u015b\u0107 ochrony miasta przed ewentualn\u0105 powodzi\u0105. Konstrukcja, kt\u00f3ra ma powsta\u0107 przy osiedlu Sikornik to jeden z element\u00f3w ca\u0142ego systemu (trwaj\u0105 dzia\u0142ania tak\u017ce na potoku Cienka i Ostropka).<\/p>\n<blockquote><p>&#8211; Lokalizacja zbiornika zgodnie z decyzj\u0105 \u015brodowiskow\u0105 jest zasadna z uwagi na zadanie, jakiemu ma s\u0142u\u017cy\u0107 tj. przechwycenie wezbra\u0144 spowodowanych sp\u0142ywami w\u00f3d zasilaj\u0105cych ciek<\/p><\/blockquote>\n<p> &#8211; m\u00f3wi <strong>\u0141ukasz Oryszczak<\/strong>, rzecznik prezydenta Gliwic.  <em>&#8211; Nie ma obecnie mo\u017cliwo\u015bci budowy infrastruktury przeciwpowodziowej w postaci zbiornik\u00f3w retencyjnych na terenach zabudowanych miast. Mo\u017cliwymi lokalizacjami do takich dzia\u0142a\u0144 s\u0105 niezabudowane tereny u\u017cytkowane jako grunty orne czy u\u017cytki zielone. Wybrana lokalizacja s\u0142u\u017cy ochronie przeciwpowodziowej teren\u00f3w \u015br\u00f3dmiejskich<\/em> &#8211; przekonuje.<\/p>\n<p>.<img loading=\"lazy\" decoding=\"async\" src=\"https:\/\/www.24gliwice.pl\/wiadomosci\/wp-content\/uploads\/2020\/04\/91698932_1862514963879540_8678300383019270144_n.jpg\" alt=\"\" width=\"1200\" height=\"676\" class=\"aligncenter size-full wp-image-149800\" srcset=\"https:\/\/www.24gliwice.pl\/wiadomosci\/wp-content\/uploads\/2020\/04\/91698932_1862514963879540_8678300383019270144_n.jpg 1200w, https:\/\/www.24gliwice.pl\/wiadomosci\/wp-content\/uploads\/2020\/04\/91698932_1862514963879540_8678300383019270144_n-410x232.jpg 410w, https:\/\/www.24gliwice.pl\/wiadomosci\/wp-content\/uploads\/2020\/04\/91698932_1862514963879540_8678300383019270144_n-808x455.jpg 808w, https:\/\/www.24gliwice.pl\/wiadomosci\/wp-content\/uploads\/2020\/04\/91698932_1862514963879540_8678300383019270144_n-768x433.jpg 768w, https:\/\/www.24gliwice.pl\/wiadomosci\/wp-content\/uploads\/2020\/04\/91698932_1862514963879540_8678300383019270144_n-810x456.jpg 810w, https:\/\/www.24gliwice.pl\/wiadomosci\/wp-content\/uploads\/2020\/04\/91698932_1862514963879540_8678300383019270144_n-1140x642.jpg 1140w\" sizes=\"auto, (max-width: 1200px) 100vw, 1200px\" \/><\/p>\n<p><H4>MIESZKA\u0143CY: &#8220;TEN TEREN TO NASZE JEDYNE ZAPLECZE REKREACYJNE&#8221;<\/H4><\/p>\n<p>Mieszka\u0144cy Sikornika boj\u0105 si\u0119 jednak, \u017ce inwestycja bezpowrotnie zniszczy rekreacyjny teren tego miejsca. Z &#8220;Wilczych Do\u0142\u00f3w&#8221; od lat korzystali mieszka\u0144cy osiedla, ale te\u017c dzielnicy W\u00f3jtowa Wie\u015b (zbiornik b\u0119dzie zlokalizowany w pobli\u017cu powsta\u0142ego niedawno przed\u0142u\u017cenia ul. G\u0142owackiego). <\/p>\n<blockquote><p>&#8211; Ten teren ma bardzo du\u017ce znaczenie dla mieszka\u0144c\u00f3w osiedla<\/p><\/blockquote>\n<p> &#8211; przekonuje <strong>Przemys\u0142aw Hojowski<\/strong>. &#8211; Na terenie Sikornika nie ma \u017cadnego parku, dlatego obszar Wilczych Do\u0142\u00f3w stanowi naturalne i jedyne zaplecze rekreacyjne dla mieszka\u0144c\u00f3w dzielnicy. Przez ca\u0142y rok mo\u017cna spotka\u0107 tam biegaczy, spacerowicz\u00f3w i rowerzyst\u00f3w &#8211; m\u00f3wi. <\/p>\n<p><em>&#8211; Ta przestrze\u0144 jest terenem dzikich wysypisk \u015bmieci, kt\u00f3re gromadzone s\u0105 tam przez mieszka\u0144c\u00f3w Gliwic. Odpady (kontenery, puszki, butelki) wyrzucane s\u0105 nie tylko do koryta potoku W\u00f3jtowianki, ale r\u00f3wnie\u017c w inne dost\u0119pne miejsca \u201eWilczych Do\u0142\u00f3w\u201d<\/em> &#8211; argumentuje <strong>\u0141ukasz Oryszczak<\/strong>. <em>&#8211; Trudno jest wi\u0119c w chwili obecnej pos\u0142ugiwa\u0107 si\u0119 terminem \u201eterenu rekreacyjnego\u201d w oparciu o obecny stan terenu<\/em> &#8211; dodaje i wskazuje, \u017ce o interwencje w sprawie dzikich wysypisk prosili niedawno sami radni dzielnicy.<\/p>\n<p>Magistrat przekonuje, \u017ce w wkr\u00f3tce wyst\u0105pi po unijn\u0105 dotacj\u0119 na zagospodarowanie zbiornik\u00f3w retencyjnych w Gliwicach. W jej ramach planowane jest wykonanie dodatkowych nasadze\u0144 drzew i krzew\u00f3w, a tak\u017ce zagospodarowanie teremu elementami ma\u0142ej architektury. <\/p>\n<h4>RADNI DZIELNICY CHC\u0104 KONSULTACJI SPO\u0141ECZNYCH<\/H4><\/p>\n<p>Na Sikorniku nie zamierzaj\u0105 ju\u017c czeka\u0107. Radni dzielnicy zwr\u00f3cili si\u0119 do prezydenta z wnioskiem o anulowanie inwestycji i przeprowadzenie konsultacji spo\u0142ecznych. <\/p>\n<p><em>&#8211; Wielko\u015b\u0107 zbiornika musi zosta\u0107 radykalnie zmniejszona oraz konieczne s\u0105 nasadzenia zast\u0119pcze za ka\u017cde wyci\u0119te drzewo. Oczywi\u015bcie nasadzenie zast\u0119pcze konieczne s\u0105 w najbli\u017cszym s\u0105siedztwie zbiornika, a nie na drugim ko\u0144cu miasta. Je\u017celi ju\u017c zbiornik mia\u0142by powsta\u0107, to powinien r\u00f3wnie\u017c zosta\u0107 wykonany z mo\u017cliwie najmniejsz\u0105 ilo\u015bci\u0105 betonu <\/em>&#8211; m\u00f3wi Przemys\u0142aw Hojowski.<\/p>\n<p>Protestuj\u0105 tak\u017ce dwie wsp\u00f3lnoty mieszkaniowe, a swoje zaniepokojenie wyrazi\u0142o stowarzyszenia <strong>Energia dla Gliwic Kajetana Gorniga<\/strong>. <\/p>\n<p><em>&#8211; Kiedy \u015bwiat walczy z epidemi\u0105, Pan Adam Neumann postanowi\u0142 zaoszcz\u0119dzi\u0107 na rowerach miejskich, a rozpocz\u0105\u0107 B\u00f3g wie po co budow\u0119 obiekt\u00f3w retencyjnych na Sikorniku<\/em> &#8211; napisa\u0142 na facebooku by\u0142y kandydat na prezydenta Gliwic. <em>&#8211; Budowa zniszczy dolin\u0119 rzeczki Doa, spowoduje wycink\u0119 drzew i nie rozwi\u0105\u017ce problem\u00f3w przeciwpowodziowych miasta<\/em> &#8211; przekonuje Gornig. <\/p>\n<p><em>\u2013 Rozumiem, \u017ce jeden kryzys ma zatrzyma\u0107 przygotowania miasta do ewentualnych kolejnych?<\/em> &#8211; ripostowa\u0142 w wywiadzie dla 24gliwice <strong>Adam Neumann<\/strong>. <em>&#8211; Zmiany klimatu i zwi\u0105zane z nimi rosn\u0105ce zagro\u017cenie powodziami nie zatrzymaj\u0105 si\u0119 z uwagi na koronawirusa. Nie spodziewam si\u0119 te\u017c, \u017ceby rz\u0105d zacz\u0105\u0142 na powa\u017cnie podchodzi\u0107 do zabezpiecze\u0144 przeciwpowodziowych. Tak jak m\u00f3wi\u0142em, inwestycje publiczne to najlepszy spos\u00f3b na pobudzanie gospodarki w czasie kryzysu gospodarczego <\/em>&#8211; argumentowa\u0142 prezydent Gliwic.<\/p>\n<h4>KIEDY POWSTANIE ZBIORNIK?<\/h4>\n<p>Inwestycja realizowana jest ze wsparciem \u015brodk\u00f3w unijnych, pod koniec 2019 roku miasto otrzyma\u0142o dofinansowanie w ramach Funduszu Sp\u00f3jno\u015bci Narodowego Funduszu Ochrony \u015arodowiska i Gospodarki Wodnej. Aby dochowa\u0107 procedur inwestycja powinna zosta\u0107 zrealizowana do ko\u0144ca 2021 roku. Oferty w trwaj\u0105cym w\u0142a\u015bnie przetargu mo\u017cna sk\u0142ada\u0107 do 14 kwietnia.<\/p>\n<p><H4>NA W\u00d3JTOWEJ WSI TE\u017b DU\u017bO ZNAK\u00d3W ZAPYTANIA<\/H4><\/p>\n<p>Kontrowersje na osiedlu Sikornika nie s\u0105 pierwszymi dotycz\u0105cymi budowy zbiornik\u00f3w retencyjnych w Gliwicach. W 2016 roku magistrat zaprezentowa\u0142 projekt budowy &#8220;zielonych polder\u00f3w&#8221; na <strong>\u0142\u0105kach przy ul. S\u0142owackiego<\/strong>. Sprawa wywo\u0142a\u0142a gwa\u0142towne protesty mieszka\u0144c\u00f3w. Ostatecznie miasto zrezygnowa\u0142o z zaprezentowanego wcze\u015bniej projektu, a w 2019 roku rozpisa\u0142o nowy przetarg. Post\u0119powanie wygra\u0142 <strong>Biprowodmel<\/strong> (ta sama firma, kt\u00f3ra zaprojektowa\u0142a zbiornik na Sikorniku). Obecnie trwaj\u0105 prace projektowe, cho\u0107 w\u015br\u00f3d mieszka\u0144c\u00f3w nadal podnoszone s\u0105 pytania o sens inwestycji, kt\u00f3ra ma powsta\u0107 tu\u017c przy blokach mieszkalnych. Urz\u0119dnicy zapewniaj\u0105, \u017ce tym razem projekt ma uwzgl\u0119dnia\u0107 &#8220;zielony charakter&#8221; tego terenu. Szczeg\u00f3\u0142y projektu poznamy jeszcze w tym roku. <\/p>\n<p>Micha\u0142 Szewczyk<br \/>\nfot. Rada Dzielnicy Sikornik<\/p>\n<div class=\"gliwi-a5-na-koncu-artykulow gliwi-entity-placement\" id=\"gliwi-720498161\"><div class=\"gliwi-adlabel\"><span style=\"font-size: 9px\">REKLAMA<\/span><\/div><div id=\"gliwi-245509319\" style=\"margin-left: auto;margin-right: auto;text-align: center;\"><a data-no-instant=\"1\" href=\"https:\/\/prezeroarenagliwice.pl\/\" rel=\"noopener\" class=\"a2t-link\" target=\"_blank\" aria-label=\"20260309-PREZERO-WIOSNA-D\"><img loading=\"lazy\" decoding=\"async\" src=\"https:\/\/www.24gliwice.pl\/wiadomosci\/wp-content\/uploads\/2026\/03\/20260309-PREZERO-WIOSNA-D.webp\" alt=\"\"  srcset=\"https:\/\/www.24gliwice.pl\/wiadomosci\/wp-content\/uploads\/2026\/03\/20260309-PREZERO-WIOSNA-D.webp 750w, https:\/\/www.24gliwice.pl\/wiadomosci\/wp-content\/uploads\/2026\/03\/20260309-PREZERO-WIOSNA-D-410x109.webp 410w\" sizes=\"(max-width: 750px) 100vw, 750px\" class=\"no-lazyload\" width=\"750\" height=\"200\"  style=\"display: inline-block; max-width: 100%; height: auto;\" \/><\/a><\/div><\/div>","protected":false},"excerpt":{"rendered":"<p>Prawie 8 hektar\u00f3w b\u0119dzie mia\u0142 zbiornik retencyjny, kt\u00f3ry powstanie na Wilczych Do\u0142ach, w pobli\u017cu ul. Pliszki i ko\u015bcio\u0142a NMP Matki Ko\u015bcio\u0142a. Ca\u0142a inwestycja \u0142\u0105cznie zajmie 10 hektar\u00f3w i ju\u017c budzi du\u017ce kontrowersje w\u015br\u00f3d mieszka\u0144c\u00f3w Sikornika. &#8211; Oceniamy t\u0119 inwestycj\u0119 jednoznacznie negatywnie &#8211; m\u00f3wi Przemys\u0142aw Hojowski, Przewodnicz\u0105cy Zarz\u0105du Dzielnicy Sikornik. &#8211; Uwa\u017camy, \u017ce jest ona przeskalowana [&hellip;]<\/p>\n","protected":false},"author":12,"featured_media":149799,"comment_status":"open","ping_status":"closed","sticky":false,"template":"","format":"standard","meta":{"_monsterinsights_skip_tracking":false,"_monsterinsights_sitenote_active":false,"_monsterinsights_sitenote_note":"","_monsterinsights_sitenote_category":0,"footnotes":"","_links_to":"","_links_to_target":""},"categories":[3,1,9],"tags":[9196,212,15011,17991],"class_list":["post-149644","post","type-post","status-publish","format-standard","has-post-thumbnail","hentry","category-gliwice","category-wszystko","category-aktualnosci_lokalne","tag-powodz","tag-sikornik","tag-wilcze-doly","tag-zbiornik-retencyjny"],"yoast_head":"<!-- This site is optimized with the Yoast SEO plugin v27.5 - https:\/\/yoast.com\/product\/yoast-seo-wordpress\/ -->\n<title>To koniec &quot;Wilczych Do\u0142\u00f3w&quot;? Plany budowy zbiornika retencyjnego budz\u0105 kontrowersje - 24GLIWICE - Portal Gliwice | codziennie nowe informacje<\/title>\n<meta name=\"robots\" content=\"index, follow, max-snippet:-1, max-image-preview:large, max-video-preview:-1\" \/>\n<link rel=\"canonical\" href=\"https:\/\/www.24gliwice.pl\/wiadomosci\/to-koniec-wilczych-dolow-plany-budowy-zbiornika-retencyjnego-budza-kontrowersje\/\" \/>\n<meta property=\"og:locale\" content=\"pl_PL\" \/>\n<meta property=\"og:type\" content=\"article\" \/>\n<meta property=\"og:title\" content=\"To koniec &quot;Wilczych Do\u0142\u00f3w&quot;? Plany budowy zbiornika retencyjnego budz\u0105 kontrowersje - 24GLIWICE - Portal Gliwice | codziennie nowe informacje\" \/>\n<meta property=\"og:description\" content=\"Prawie 8 hektar\u00f3w b\u0119dzie mia\u0142 zbiornik retencyjny, kt\u00f3ry powstanie na Wilczych Do\u0142ach, w pobli\u017cu ul. Pliszki i ko\u015bcio\u0142a NMP Matki Ko\u015bcio\u0142a. Ca\u0142a inwestycja \u0142\u0105cznie zajmie 10 hektar\u00f3w i ju\u017c budzi du\u017ce kontrowersje w\u015br\u00f3d mieszka\u0144c\u00f3w Sikornika. &#8211; Oceniamy t\u0119 inwestycj\u0119 jednoznacznie negatywnie &#8211; m\u00f3wi Przemys\u0142aw Hojowski, Przewodnicz\u0105cy Zarz\u0105du Dzielnicy Sikornik. &#8211; Uwa\u017camy, \u017ce jest ona przeskalowana [&hellip;]\" \/>\n<meta property=\"og:url\" content=\"https:\/\/www.24gliwice.pl\/wiadomosci\/to-koniec-wilczych-dolow-plany-budowy-zbiornika-retencyjnego-budza-kontrowersje\/\" \/>\n<meta property=\"og:site_name\" content=\"24GLIWICE - Portal Gliwice | codziennie nowe informacje\" \/>\n<meta property=\"article:publisher\" content=\"https:\/\/www.facebook.com\/24gliwice\" \/>\n<meta property=\"article:published_time\" content=\"2020-04-04T11:38:52+00:00\" \/>\n<meta property=\"article:modified_time\" content=\"2020-07-09T08:12:41+00:00\" \/>\n<meta property=\"og:image\" content=\"https:\/\/www.24gliwice.pl\/wiadomosci\/wp-content\/uploads\/2020\/04\/91222413_890477384725325_6877790615828955136_n.jpg\" \/>\n\t<meta property=\"og:image:width\" content=\"1200\" \/>\n\t<meta property=\"og:image:height\" content=\"676\" \/>\n\t<meta property=\"og:image:type\" content=\"image\/jpeg\" \/>\n<meta name=\"author\" content=\"Micha\u0142 Szewczyk\" \/>\n<meta name=\"twitter:card\" content=\"summary_large_image\" \/>\n<meta name=\"twitter:creator\" content=\"@24gliwice\" \/>\n<meta name=\"twitter:site\" content=\"@24gliwice\" \/>\n<meta name=\"twitter:label1\" content=\"Napisane przez\" \/>\n\t<meta name=\"twitter:data1\" content=\"Micha\u0142 Szewczyk\" \/>\n\t<meta name=\"twitter:label2\" content=\"Szacowany czas czytania\" \/>\n\t<meta name=\"twitter:data2\" content=\"5 minut\" \/>\n<script type=\"application\/ld+json\" class=\"yoast-schema-graph\">{\"@context\":\"https:\\\/\\\/schema.org\",\"@graph\":[{\"@type\":\"Article\",\"@id\":\"https:\\\/\\\/www.24gliwice.pl\\\/wiadomosci\\\/to-koniec-wilczych-dolow-plany-budowy-zbiornika-retencyjnego-budza-kontrowersje\\\/#article\",\"isPartOf\":{\"@id\":\"https:\\\/\\\/www.24gliwice.pl\\\/wiadomosci\\\/to-koniec-wilczych-dolow-plany-budowy-zbiornika-retencyjnego-budza-kontrowersje\\\/\"},\"author\":{\"name\":\"Micha\u0142 Szewczyk\",\"@id\":\"https:\\\/\\\/www.24gliwice.pl\\\/wiadomosci\\\/#\\\/schema\\\/person\\\/940e8f8a097e322de4f463f061ef8d45\"},\"headline\":\"To koniec &#8220;Wilczych Do\u0142\u00f3w&#8221;? Plany budowy zbiornika retencyjnego budz\u0105 kontrowersje\",\"datePublished\":\"2020-04-04T11:38:52+00:00\",\"dateModified\":\"2020-07-09T08:12:41+00:00\",\"mainEntityOfPage\":{\"@id\":\"https:\\\/\\\/www.24gliwice.pl\\\/wiadomosci\\\/to-koniec-wilczych-dolow-plany-budowy-zbiornika-retencyjnego-budza-kontrowersje\\\/\"},\"wordCount\":1065,\"commentCount\":0,\"publisher\":{\"@id\":\"https:\\\/\\\/www.24gliwice.pl\\\/wiadomosci\\\/#organization\"},\"image\":{\"@id\":\"https:\\\/\\\/www.24gliwice.pl\\\/wiadomosci\\\/to-koniec-wilczych-dolow-plany-budowy-zbiornika-retencyjnego-budza-kontrowersje\\\/#primaryimage\"},\"thumbnailUrl\":\"https:\\\/\\\/www.24gliwice.pl\\\/wiadomosci\\\/wp-content\\\/uploads\\\/2020\\\/04\\\/91222413_890477384725325_6877790615828955136_n.jpg\",\"keywords\":[\"pow\u00f3d\u017a\",\"SIKORNIK\",\"WILCZE DO\u0141Y\",\"zbiornik retencyjny\"],\"articleSection\":[\"Gliwice\",\"Najnowsze wiadomo\u015bci\",\"Portal Gliwice - Wiadomo\u015bci lokalne\"],\"inLanguage\":\"pl-PL\",\"potentialAction\":[{\"@type\":\"CommentAction\",\"name\":\"Comment\",\"target\":[\"https:\\\/\\\/www.24gliwice.pl\\\/wiadomosci\\\/to-koniec-wilczych-dolow-plany-budowy-zbiornika-retencyjnego-budza-kontrowersje\\\/#respond\"]}]},{\"@type\":\"WebPage\",\"@id\":\"https:\\\/\\\/www.24gliwice.pl\\\/wiadomosci\\\/to-koniec-wilczych-dolow-plany-budowy-zbiornika-retencyjnego-budza-kontrowersje\\\/\",\"url\":\"https:\\\/\\\/www.24gliwice.pl\\\/wiadomosci\\\/to-koniec-wilczych-dolow-plany-budowy-zbiornika-retencyjnego-budza-kontrowersje\\\/\",\"name\":\"To koniec \\\"Wilczych Do\u0142\u00f3w\\\"? Plany budowy zbiornika retencyjnego budz\u0105 kontrowersje - 24GLIWICE - Portal Gliwice | codziennie nowe informacje\",\"isPartOf\":{\"@id\":\"https:\\\/\\\/www.24gliwice.pl\\\/wiadomosci\\\/#website\"},\"primaryImageOfPage\":{\"@id\":\"https:\\\/\\\/www.24gliwice.pl\\\/wiadomosci\\\/to-koniec-wilczych-dolow-plany-budowy-zbiornika-retencyjnego-budza-kontrowersje\\\/#primaryimage\"},\"image\":{\"@id\":\"https:\\\/\\\/www.24gliwice.pl\\\/wiadomosci\\\/to-koniec-wilczych-dolow-plany-budowy-zbiornika-retencyjnego-budza-kontrowersje\\\/#primaryimage\"},\"thumbnailUrl\":\"https:\\\/\\\/www.24gliwice.pl\\\/wiadomosci\\\/wp-content\\\/uploads\\\/2020\\\/04\\\/91222413_890477384725325_6877790615828955136_n.jpg\",\"datePublished\":\"2020-04-04T11:38:52+00:00\",\"dateModified\":\"2020-07-09T08:12:41+00:00\",\"breadcrumb\":{\"@id\":\"https:\\\/\\\/www.24gliwice.pl\\\/wiadomosci\\\/to-koniec-wilczych-dolow-plany-budowy-zbiornika-retencyjnego-budza-kontrowersje\\\/#breadcrumb\"},\"inLanguage\":\"pl-PL\",\"potentialAction\":[{\"@type\":\"ReadAction\",\"target\":[\"https:\\\/\\\/www.24gliwice.pl\\\/wiadomosci\\\/to-koniec-wilczych-dolow-plany-budowy-zbiornika-retencyjnego-budza-kontrowersje\\\/\"]}]},{\"@type\":\"ImageObject\",\"inLanguage\":\"pl-PL\",\"@id\":\"https:\\\/\\\/www.24gliwice.pl\\\/wiadomosci\\\/to-koniec-wilczych-dolow-plany-budowy-zbiornika-retencyjnego-budza-kontrowersje\\\/#primaryimage\",\"url\":\"https:\\\/\\\/www.24gliwice.pl\\\/wiadomosci\\\/wp-content\\\/uploads\\\/2020\\\/04\\\/91222413_890477384725325_6877790615828955136_n.jpg\",\"contentUrl\":\"https:\\\/\\\/www.24gliwice.pl\\\/wiadomosci\\\/wp-content\\\/uploads\\\/2020\\\/04\\\/91222413_890477384725325_6877790615828955136_n.jpg\",\"width\":1200,\"height\":676},{\"@type\":\"BreadcrumbList\",\"@id\":\"https:\\\/\\\/www.24gliwice.pl\\\/wiadomosci\\\/to-koniec-wilczych-dolow-plany-budowy-zbiornika-retencyjnego-budza-kontrowersje\\\/#breadcrumb\",\"itemListElement\":[{\"@type\":\"ListItem\",\"position\":1,\"name\":\"Strona g\u0142\u00f3wna\",\"item\":\"https:\\\/\\\/www.24gliwice.pl\\\/wiadomosci\\\/\"},{\"@type\":\"ListItem\",\"position\":2,\"name\":\"To koniec &#8222;Wilczych Do\u0142\u00f3w&#8221;? Plany budowy zbiornika retencyjnego budz\u0105 kontrowersje\"}]},{\"@type\":\"WebSite\",\"@id\":\"https:\\\/\\\/www.24gliwice.pl\\\/wiadomosci\\\/#website\",\"url\":\"https:\\\/\\\/www.24gliwice.pl\\\/wiadomosci\\\/\",\"name\":\"24GLIWICE - Portal Gliwice | codziennie nowe wiadomo\u015bci\",\"description\":\"Portal Miejski Gliwice\",\"publisher\":{\"@id\":\"https:\\\/\\\/www.24gliwice.pl\\\/wiadomosci\\\/#organization\"},\"potentialAction\":[{\"@type\":\"SearchAction\",\"target\":{\"@type\":\"EntryPoint\",\"urlTemplate\":\"https:\\\/\\\/www.24gliwice.pl\\\/wiadomosci\\\/?s={search_term_string}\"},\"query-input\":{\"@type\":\"PropertyValueSpecification\",\"valueRequired\":true,\"valueName\":\"search_term_string\"}}],\"inLanguage\":\"pl-PL\"},{\"@type\":\"Organization\",\"@id\":\"https:\\\/\\\/www.24gliwice.pl\\\/wiadomosci\\\/#organization\",\"name\":\"24gliwice\",\"url\":\"https:\\\/\\\/www.24gliwice.pl\\\/wiadomosci\\\/\",\"logo\":{\"@type\":\"ImageObject\",\"inLanguage\":\"pl-PL\",\"@id\":\"https:\\\/\\\/www.24gliwice.pl\\\/wiadomosci\\\/#\\\/schema\\\/logo\\\/image\\\/\",\"url\":\"https:\\\/\\\/www.24gliwice.pl\\\/wiadomosci\\\/wp-content\\\/uploads\\\/2024\\\/10\\\/24gliwice-logo-696.jpg\",\"contentUrl\":\"https:\\\/\\\/www.24gliwice.pl\\\/wiadomosci\\\/wp-content\\\/uploads\\\/2024\\\/10\\\/24gliwice-logo-696.jpg\",\"width\":696,\"height\":696,\"caption\":\"24gliwice\"},\"image\":{\"@id\":\"https:\\\/\\\/www.24gliwice.pl\\\/wiadomosci\\\/#\\\/schema\\\/logo\\\/image\\\/\"},\"sameAs\":[\"https:\\\/\\\/www.facebook.com\\\/24gliwice\",\"https:\\\/\\\/x.com\\\/24gliwice\",\"https:\\\/\\\/www.youtube.com\\\/@24gliwice\"]},{\"@type\":\"Person\",\"@id\":\"https:\\\/\\\/www.24gliwice.pl\\\/wiadomosci\\\/#\\\/schema\\\/person\\\/940e8f8a097e322de4f463f061ef8d45\",\"name\":\"Micha\u0142 Szewczyk\",\"image\":{\"@type\":\"ImageObject\",\"inLanguage\":\"pl-PL\",\"@id\":\"https:\\\/\\\/secure.gravatar.com\\\/avatar\\\/771b8b6c74cd8d255e46392d605e01a86133900ef09b6ef3c8d451c9d92288cf?s=96&d=mm&r=g\",\"url\":\"https:\\\/\\\/secure.gravatar.com\\\/avatar\\\/771b8b6c74cd8d255e46392d605e01a86133900ef09b6ef3c8d451c9d92288cf?s=96&d=mm&r=g\",\"contentUrl\":\"https:\\\/\\\/secure.gravatar.com\\\/avatar\\\/771b8b6c74cd8d255e46392d605e01a86133900ef09b6ef3c8d451c9d92288cf?s=96&d=mm&r=g\",\"caption\":\"Micha\u0142 Szewczyk\"},\"sameAs\":[\"http:\\\/\\\/www.gazeta-miejska.pl\"],\"url\":\"https:\\\/\\\/www.24gliwice.pl\\\/wiadomosci\\\/author\\\/michal-szewczyk\\\/\"}]}<\/script>\n<!-- \/ Yoast SEO plugin. -->","yoast_head_json":{"title":"To koniec \"Wilczych Do\u0142\u00f3w\"? Plany budowy zbiornika retencyjnego budz\u0105 kontrowersje - 24GLIWICE - Portal Gliwice | codziennie nowe informacje","robots":{"index":"index","follow":"follow","max-snippet":"max-snippet:-1","max-image-preview":"max-image-preview:large","max-video-preview":"max-video-preview:-1"},"canonical":"https:\/\/www.24gliwice.pl\/wiadomosci\/to-koniec-wilczych-dolow-plany-budowy-zbiornika-retencyjnego-budza-kontrowersje\/","og_locale":"pl_PL","og_type":"article","og_title":"To koniec \"Wilczych Do\u0142\u00f3w\"? Plany budowy zbiornika retencyjnego budz\u0105 kontrowersje - 24GLIWICE - Portal Gliwice | codziennie nowe informacje","og_description":"Prawie 8 hektar\u00f3w b\u0119dzie mia\u0142 zbiornik retencyjny, kt\u00f3ry powstanie na Wilczych Do\u0142ach, w pobli\u017cu ul. Pliszki i ko\u015bcio\u0142a NMP Matki Ko\u015bcio\u0142a. Ca\u0142a inwestycja \u0142\u0105cznie zajmie 10 hektar\u00f3w i ju\u017c budzi du\u017ce kontrowersje w\u015br\u00f3d mieszka\u0144c\u00f3w Sikornika. &#8211; Oceniamy t\u0119 inwestycj\u0119 jednoznacznie negatywnie &#8211; m\u00f3wi Przemys\u0142aw Hojowski, Przewodnicz\u0105cy Zarz\u0105du Dzielnicy Sikornik. &#8211; Uwa\u017camy, \u017ce jest ona przeskalowana [&hellip;]","og_url":"https:\/\/www.24gliwice.pl\/wiadomosci\/to-koniec-wilczych-dolow-plany-budowy-zbiornika-retencyjnego-budza-kontrowersje\/","og_site_name":"24GLIWICE - Portal Gliwice | codziennie nowe informacje","article_publisher":"https:\/\/www.facebook.com\/24gliwice","article_published_time":"2020-04-04T11:38:52+00:00","article_modified_time":"2020-07-09T08:12:41+00:00","og_image":[{"width":1200,"height":676,"url":"https:\/\/www.24gliwice.pl\/wiadomosci\/wp-content\/uploads\/2020\/04\/91222413_890477384725325_6877790615828955136_n.jpg","type":"image\/jpeg"}],"author":"Micha\u0142 Szewczyk","twitter_card":"summary_large_image","twitter_creator":"@24gliwice","twitter_site":"@24gliwice","twitter_misc":{"Napisane przez":"Micha\u0142 Szewczyk","Szacowany czas czytania":"5 minut"},"schema":{"@context":"https:\/\/schema.org","@graph":[{"@type":"Article","@id":"https:\/\/www.24gliwice.pl\/wiadomosci\/to-koniec-wilczych-dolow-plany-budowy-zbiornika-retencyjnego-budza-kontrowersje\/#article","isPartOf":{"@id":"https:\/\/www.24gliwice.pl\/wiadomosci\/to-koniec-wilczych-dolow-plany-budowy-zbiornika-retencyjnego-budza-kontrowersje\/"},"author":{"name":"Micha\u0142 Szewczyk","@id":"https:\/\/www.24gliwice.pl\/wiadomosci\/#\/schema\/person\/940e8f8a097e322de4f463f061ef8d45"},"headline":"To koniec &#8220;Wilczych Do\u0142\u00f3w&#8221;? Plany budowy zbiornika retencyjnego budz\u0105 kontrowersje","datePublished":"2020-04-04T11:38:52+00:00","dateModified":"2020-07-09T08:12:41+00:00","mainEntityOfPage":{"@id":"https:\/\/www.24gliwice.pl\/wiadomosci\/to-koniec-wilczych-dolow-plany-budowy-zbiornika-retencyjnego-budza-kontrowersje\/"},"wordCount":1065,"commentCount":0,"publisher":{"@id":"https:\/\/www.24gliwice.pl\/wiadomosci\/#organization"},"image":{"@id":"https:\/\/www.24gliwice.pl\/wiadomosci\/to-koniec-wilczych-dolow-plany-budowy-zbiornika-retencyjnego-budza-kontrowersje\/#primaryimage"},"thumbnailUrl":"https:\/\/www.24gliwice.pl\/wiadomosci\/wp-content\/uploads\/2020\/04\/91222413_890477384725325_6877790615828955136_n.jpg","keywords":["pow\u00f3d\u017a","SIKORNIK","WILCZE DO\u0141Y","zbiornik retencyjny"],"articleSection":["Gliwice","Najnowsze wiadomo\u015bci","Portal Gliwice - Wiadomo\u015bci lokalne"],"inLanguage":"pl-PL","potentialAction":[{"@type":"CommentAction","name":"Comment","target":["https:\/\/www.24gliwice.pl\/wiadomosci\/to-koniec-wilczych-dolow-plany-budowy-zbiornika-retencyjnego-budza-kontrowersje\/#respond"]}]},{"@type":"WebPage","@id":"https:\/\/www.24gliwice.pl\/wiadomosci\/to-koniec-wilczych-dolow-plany-budowy-zbiornika-retencyjnego-budza-kontrowersje\/","url":"https:\/\/www.24gliwice.pl\/wiadomosci\/to-koniec-wilczych-dolow-plany-budowy-zbiornika-retencyjnego-budza-kontrowersje\/","name":"To koniec \"Wilczych Do\u0142\u00f3w\"? Plany budowy zbiornika retencyjnego budz\u0105 kontrowersje - 24GLIWICE - Portal Gliwice | codziennie nowe informacje","isPartOf":{"@id":"https:\/\/www.24gliwice.pl\/wiadomosci\/#website"},"primaryImageOfPage":{"@id":"https:\/\/www.24gliwice.pl\/wiadomosci\/to-koniec-wilczych-dolow-plany-budowy-zbiornika-retencyjnego-budza-kontrowersje\/#primaryimage"},"image":{"@id":"https:\/\/www.24gliwice.pl\/wiadomosci\/to-koniec-wilczych-dolow-plany-budowy-zbiornika-retencyjnego-budza-kontrowersje\/#primaryimage"},"thumbnailUrl":"https:\/\/www.24gliwice.pl\/wiadomosci\/wp-content\/uploads\/2020\/04\/91222413_890477384725325_6877790615828955136_n.jpg","datePublished":"2020-04-04T11:38:52+00:00","dateModified":"2020-07-09T08:12:41+00:00","breadcrumb":{"@id":"https:\/\/www.24gliwice.pl\/wiadomosci\/to-koniec-wilczych-dolow-plany-budowy-zbiornika-retencyjnego-budza-kontrowersje\/#breadcrumb"},"inLanguage":"pl-PL","potentialAction":[{"@type":"ReadAction","target":["https:\/\/www.24gliwice.pl\/wiadomosci\/to-koniec-wilczych-dolow-plany-budowy-zbiornika-retencyjnego-budza-kontrowersje\/"]}]},{"@type":"ImageObject","inLanguage":"pl-PL","@id":"https:\/\/www.24gliwice.pl\/wiadomosci\/to-koniec-wilczych-dolow-plany-budowy-zbiornika-retencyjnego-budza-kontrowersje\/#primaryimage","url":"https:\/\/www.24gliwice.pl\/wiadomosci\/wp-content\/uploads\/2020\/04\/91222413_890477384725325_6877790615828955136_n.jpg","contentUrl":"https:\/\/www.24gliwice.pl\/wiadomosci\/wp-content\/uploads\/2020\/04\/91222413_890477384725325_6877790615828955136_n.jpg","width":1200,"height":676},{"@type":"BreadcrumbList","@id":"https:\/\/www.24gliwice.pl\/wiadomosci\/to-koniec-wilczych-dolow-plany-budowy-zbiornika-retencyjnego-budza-kontrowersje\/#breadcrumb","itemListElement":[{"@type":"ListItem","position":1,"name":"Strona g\u0142\u00f3wna","item":"https:\/\/www.24gliwice.pl\/wiadomosci\/"},{"@type":"ListItem","position":2,"name":"To koniec &#8222;Wilczych Do\u0142\u00f3w&#8221;? Plany budowy zbiornika retencyjnego budz\u0105 kontrowersje"}]},{"@type":"WebSite","@id":"https:\/\/www.24gliwice.pl\/wiadomosci\/#website","url":"https:\/\/www.24gliwice.pl\/wiadomosci\/","name":"24GLIWICE - Portal Gliwice | codziennie nowe wiadomo\u015bci","description":"Portal Miejski Gliwice","publisher":{"@id":"https:\/\/www.24gliwice.pl\/wiadomosci\/#organization"},"potentialAction":[{"@type":"SearchAction","target":{"@type":"EntryPoint","urlTemplate":"https:\/\/www.24gliwice.pl\/wiadomosci\/?s={search_term_string}"},"query-input":{"@type":"PropertyValueSpecification","valueRequired":true,"valueName":"search_term_string"}}],"inLanguage":"pl-PL"},{"@type":"Organization","@id":"https:\/\/www.24gliwice.pl\/wiadomosci\/#organization","name":"24gliwice","url":"https:\/\/www.24gliwice.pl\/wiadomosci\/","logo":{"@type":"ImageObject","inLanguage":"pl-PL","@id":"https:\/\/www.24gliwice.pl\/wiadomosci\/#\/schema\/logo\/image\/","url":"https:\/\/www.24gliwice.pl\/wiadomosci\/wp-content\/uploads\/2024\/10\/24gliwice-logo-696.jpg","contentUrl":"https:\/\/www.24gliwice.pl\/wiadomosci\/wp-content\/uploads\/2024\/10\/24gliwice-logo-696.jpg","width":696,"height":696,"caption":"24gliwice"},"image":{"@id":"https:\/\/www.24gliwice.pl\/wiadomosci\/#\/schema\/logo\/image\/"},"sameAs":["https:\/\/www.facebook.com\/24gliwice","https:\/\/x.com\/24gliwice","https:\/\/www.youtube.com\/@24gliwice"]},{"@type":"Person","@id":"https:\/\/www.24gliwice.pl\/wiadomosci\/#\/schema\/person\/940e8f8a097e322de4f463f061ef8d45","name":"Micha\u0142 Szewczyk","image":{"@type":"ImageObject","inLanguage":"pl-PL","@id":"https:\/\/secure.gravatar.com\/avatar\/771b8b6c74cd8d255e46392d605e01a86133900ef09b6ef3c8d451c9d92288cf?s=96&d=mm&r=g","url":"https:\/\/secure.gravatar.com\/avatar\/771b8b6c74cd8d255e46392d605e01a86133900ef09b6ef3c8d451c9d92288cf?s=96&d=mm&r=g","contentUrl":"https:\/\/secure.gravatar.com\/avatar\/771b8b6c74cd8d255e46392d605e01a86133900ef09b6ef3c8d451c9d92288cf?s=96&d=mm&r=g","caption":"Micha\u0142 Szewczyk"},"sameAs":["http:\/\/www.gazeta-miejska.pl"],"url":"https:\/\/www.24gliwice.pl\/wiadomosci\/author\/michal-szewczyk\/"}]}},"_links":{"self":[{"href":"https:\/\/www.24gliwice.pl\/wiadomosci\/wp-json\/wp\/v2\/posts\/149644","targetHints":{"allow":["GET"]}}],"collection":[{"href":"https:\/\/www.24gliwice.pl\/wiadomosci\/wp-json\/wp\/v2\/posts"}],"about":[{"href":"https:\/\/www.24gliwice.pl\/wiadomosci\/wp-json\/wp\/v2\/types\/post"}],"author":[{"embeddable":true,"href":"https:\/\/www.24gliwice.pl\/wiadomosci\/wp-json\/wp\/v2\/users\/12"}],"replies":[{"embeddable":true,"href":"https:\/\/www.24gliwice.pl\/wiadomosci\/wp-json\/wp\/v2\/comments?post=149644"}],"version-history":[{"count":0,"href":"https:\/\/www.24gliwice.pl\/wiadomosci\/wp-json\/wp\/v2\/posts\/149644\/revisions"}],"wp:featuredmedia":[{"embeddable":true,"href":"https:\/\/www.24gliwice.pl\/wiadomosci\/wp-json\/wp\/v2\/media\/149799"}],"wp:attachment":[{"href":"https:\/\/www.24gliwice.pl\/wiadomosci\/wp-json\/wp\/v2\/media?parent=149644"}],"wp:term":[{"taxonomy":"category","embeddable":true,"href":"https:\/\/www.24gliwice.pl\/wiadomosci\/wp-json\/wp\/v2\/categories?post=149644"},{"taxonomy":"post_tag","embeddable":true,"href":"https:\/\/www.24gliwice.pl\/wiadomosci\/wp-json\/wp\/v2\/tags?post=149644"}],"curies":[{"name":"wp","href":"https:\/\/api.w.org\/{rel}","templated":true}]}}