{"id":150114,"date":"2020-04-12T02:21:14","date_gmt":"2020-04-12T00:21:14","guid":{"rendered":"https:\/\/www.24gliwice.pl\/wiadomosci\/?p=150114"},"modified":"2020-04-13T22:38:19","modified_gmt":"2020-04-13T20:38:19","slug":"to-bedzie-zupelnie-inna-wielkanoc-trzeba-to-udokumentowac-bedzie-co-opowiadac-wnukom","status":"publish","type":"post","link":"https:\/\/www.24gliwice.pl\/wiadomosci\/to-bedzie-zupelnie-inna-wielkanoc-trzeba-to-udokumentowac-bedzie-co-opowiadac-wnukom\/","title":{"rendered":"&#8220;To b\u0119dzie zupe\u0142nie inna Wielkanoc&#8221;, &#8220;Trzeba to udokumentowa\u0107 &#8211; b\u0119dzie co opowiada\u0107 wnukom&#8221;"},"content":{"rendered":"<div class=\"gliwi-a6-nad-leadem-artykulow gliwi-entity-placement\" id=\"gliwi-2201190186\"><div class=\"gliwi-adlabel\"><span style=\"font-size: 9px\">REKLAMA<\/span><\/div><div id=\"gliwi-1289058564\" style=\"margin-bottom: 30px;margin-left: auto;margin-right: auto;text-align: center;\"><a data-no-instant=\"1\" href=\"https:\/\/przedszkole.halogen.org.pl\/\" rel=\"noopener\" class=\"a2t-link\" target=\"_blank\" aria-label=\"20260402-ANIMATOR-przedszkole_grafika_750x200\"><img loading=\"lazy\" decoding=\"async\" src=\"https:\/\/www.24gliwice.pl\/wiadomosci\/wp-content\/uploads\/2026\/04\/20260402-ANIMATOR-przedszkole_grafika_750x200.webp\" alt=\"\"  srcset=\"https:\/\/www.24gliwice.pl\/wiadomosci\/wp-content\/uploads\/2026\/04\/20260402-ANIMATOR-przedszkole_grafika_750x200.webp 750w, https:\/\/www.24gliwice.pl\/wiadomosci\/wp-content\/uploads\/2026\/04\/20260402-ANIMATOR-przedszkole_grafika_750x200-410x109.webp 410w\" sizes=\"(max-width: 750px) 100vw, 750px\" class=\"no-lazyload\" width=\"750\" height=\"200\"  style=\"display: inline-block; max-width: 100%; height: auto;\" \/><\/a><\/div><\/div><h3>Gdzie i z kim sp\u0119dz\u0105 Wielkanoc? Jak bardzo tegoroczne \u015bwi\u0119ta b\u0119d\u0105 r\u00f3\u017cni\u0107 si\u0119 od wcze\u015bniejszych?<\/h3>\n<p>O planach na te &#8220;niezwyk\u0142e&#8221; \u015bwi\u0119ta Wielkanocne opowiadaj\u0105 <strong>Kajetan Gornig, Katarzyna Kuczy\u0144ska-Budka, Janusz Moszy\u0144ski, Adam Neumann, Marek Pszonak, Marek S\u0142omski.<\/strong><\/p>\n<hr \/>\n<h4><span style=\"color: #bd0909;\">Adam Neumann<\/span>, prezydent Gliwic<\/h4>\n<p>\u015awi\u0119ta sp\u0119dz\u0119 oczywi\u015bcie w domu z \u017con\u0105. B\u0119dziemy si\u0119 stara\u0107, aby dochowa\u0107 jak najwi\u0119cej tradycji, ale b\u0119dzie to oczywi\u015bcie w tych okoliczno\u015bciach bardzo trudne, je\u015bli nie po prostu niemo\u017cliwe. \u015awi\u0119ta Wielkanocne zawsze mia\u0142y dla mnie wymiar przede wszystkim duchowy. W tym roku udzia\u0142 w uroczysto\u015bciach religijnych b\u0119dzie niemo\u017cliwy.<\/p><div class=\"gliwi-a3-w-tresci-artykulow gliwi-entity-placement\" id=\"gliwi-3049037575\"><div class=\"gliwi-adlabel\"><span style=\"font-size: 9px\">REKLAMA<\/span><\/div><div id=\"gliwi-2558106128\" style=\"margin-bottom: 30px;margin-left: auto;margin-right: auto;text-align: center;\"><a data-no-instant=\"1\" href=\"https:\/\/zlobek.halogen.org.pl\/\" rel=\"noopener\" class=\"a2t-link\" target=\"_blank\" aria-label=\"animator-zlobek_750x200\"><img loading=\"lazy\" decoding=\"async\" src=\"https:\/\/www.24gliwice.pl\/wiadomosci\/wp-content\/uploads\/2026\/02\/animator-zlobek_750x200.webp\" alt=\"\"  srcset=\"https:\/\/www.24gliwice.pl\/wiadomosci\/wp-content\/uploads\/2026\/02\/animator-zlobek_750x200.webp 750w, https:\/\/www.24gliwice.pl\/wiadomosci\/wp-content\/uploads\/2026\/02\/animator-zlobek_750x200-410x109.webp 410w\" sizes=\"(max-width: 750px) 100vw, 750px\" class=\"no-lazyload\" width=\"750\" height=\"200\"  style=\"display: inline-block; max-width: 100%; height: auto;\" \/><\/a><\/div><\/div>\n<blockquote><p>Mam mimo wszystko nadziej\u0119, \u017ce przes\u0142anie \u015awi\u0105t Wielkanocnych, b\u0119dzie pokrzepiaj\u0105ce dla wszystkich Gliwiczan i da nam si\u0142\u0119 do dalszej walki z epidemi\u0105.<\/p><\/blockquote>\n<p>Akcja \u201ezosta\u0144 w domu\u201d, co oczywiste nie jest mo\u017cliwa na stanowisku, kt\u00f3re pe\u0142ni\u0119. Od pocz\u0105tku epidemii wszystkie s\u0142u\u017cby miejskie ci\u0119\u017cko pracuj\u0105, aby zapewni\u0107 bezpiecze\u0144stwo mieszka\u0144com i sprawne funkcjonowanie miasta.<\/p>\n<p><iframe loading=\"lazy\" src=\"https:\/\/www.facebook.com\/plugins\/video.php?href=https%3A%2F%2Fwww.facebook.com%2FNeumannAdam%2Fvideos%2F3035876509812900%2F&#038;show_text=0&#038;width=560\" width=\"560\" height=\"315\" style=\"border:none;overflow:hidden\" scrolling=\"no\" frameborder=\"0\" allowTransparency=\"true\" allowFullScreen=\"true\"><\/iframe><\/p>\n<hr \/>\n<h4><span style=\"color: #bd0909;\">Marek S\u0142omski<\/span>, oficer prasowy Komendy Miejskiej Policji w Gliwicach<\/h4>\n<p>W tym roku \u015awi\u0119ta sp\u0119dz\u0119 tylko w domu. Nie spotkam si\u0119 z rodzicami, bratem i jego rodzin\u0105, a moje dzieci nie zobacz\u0105 si\u0119 z kuzynkami.<\/p>\n<p>\u017bona, 18-letni syn i dwie c\u00f3rki w wieku 12 i 8 lat. <strong>B\u0119dzie nam te\u017c towarzyszy\u0107 pies Santos, kt\u00f3ry my\u015bli, \u017ce jest cz\u0142owiekiem oraz zaprzyja\u017anione p\u00f3\u0142dzikie kociska<\/strong> &#8211; od dawna karmimy je, a nawet nadali\u015bmy im imiona: Minka, Kizia-Mizia, Pipi. B\u0119dzie weso\u0142o!<\/p>\n<p>W tym roku nie b\u0119dzie tradycyjnego \u015bwi\u0119cenia pokarm\u00f3w, ale dziewczynki na pewno postaraj\u0105 si\u0119, by wykona\u0107 jak najpi\u0119kniejsze pisanki. Zauwa\u017cy\u0142em, \u017ce z roku na rok ich dzie\u0142a s\u0105 bardziej zaawansowane artystycznie, cho\u0107 te pierwsze, z przedszkolnych lat, by\u0142y takie urocze\u2026<\/p>\n<p>W lany poniedzia\u0142ek nie zabraknie tradycji oblewania si\u0119 wod\u0105. Zapewne przygotuj\u0119 c\u00f3rkom \u201ebro\u0144\u201d w postaci jakich\u015b polewaczek, bo \u201e\u015bmigus\u00f3wek\u201d raczej nie b\u0119dzie okazji kupi\u0107.<\/p>\n<blockquote><p>Rado\u015b\u0107 dzieci z tego, \u017ce pola\u0142y tat\u0119 wod\u0105, a on udaje za\u0142amanego, bo jemu si\u0119 nie uda\u0142o, jest bezcenna. To pozostanie w pami\u0119ci do ostatnich dni.<\/p><\/blockquote>\n<p>Je\u015bli chodzi o s\u0142u\u017cb\u0119 oficera prasowego, ze wzgl\u0119d\u00f3w bezpiecze\u0144stwa pracuj\u0119 teraz troch\u0119 inaczej &#8211; kontaktuj\u0119 si\u0119 z dziennikarzami g\u0142\u00f3wnie telefonicznie oraz mailowo. Ca\u0142y czas jestem jednak do dyspozycji, telefon mam stale przy sobie, zatem i podczas \u015bwi\u0105t pojawi\u0105 si\u0119 pewnie pro\u015bby o ustalenie, co i dlaczego si\u0119 sta\u0142o, pro\u015bby o porad\u0119, przer\u00f3\u017cne pytania.<\/p>\n<p>A co do akcji \u201ezosta\u0144 w domu\u201d\u2026 Mieszkam na terenach wiejskich, za p\u0142otem mam las. <strong>Cho\u0107 teraz nie mog\u0119 i\u015b\u0107 tam na spacer, zawsze mog\u0119 popatrze\u0107 na drzewa, us\u0142ysze\u0107 pi\u0119kny \u015bpiew ptak\u00f3w<\/strong>. Na swojej posesji te\u017c mam takiego \u015bpiewaj\u0105cego mieszka\u0144ca \u2013 rudzika. Zreszt\u0105, przez kilka dni, gdy przyje\u017cd\u017ca\u0142em do komendy policji w Gliwicach, s\u0142ysza\u0142em wyj\u0105tkowo uzdolnionego kosa, umilaj\u0105cego poranki mieszka\u0144com kamienic oraz blok\u00f3w na styku ulic Orlickiego i Jasnog\u00f3rskiej. Ostatnio, gdy go dojrza\u0142em na ga\u0142\u0119zi, spostrzeg\u0142 mnie r\u00f3wnie\u017c i\u2026 natychmiast uciek\u0142 &#8211; za co przepraszam mieszka\u0144c\u00f3w! Ale nie o ptakach, zdaje si\u0119, mia\u0142o by\u0107\u2026 C\u00f3\u017c, kojarz\u0105 si\u0119 one z wiosn\u0105, a wiosn\u0105 s\u0105 \u015bwi\u0119ta, wiosna to nadzieja na budz\u0105ce si\u0119 \u017cycie.<\/p>\n<blockquote><p>Wszyscy mamy wi\u0119c nadziej\u0119, \u017ce ju\u017c wkr\u00f3tce rado\u015b\u0107 zago\u015bci w naszych sercach, \u017ce przestaniemy si\u0119 wzajemnie pyta\u0107, czy mo\u017cemy i\u015b\u0107 na dzia\u0142k\u0119 lub spacer do lasu\u2026<\/p><\/blockquote>\n<p>\u017bycz\u0119 czytelnikom 24gliwice, by ten czas nast\u0105pi\u0142 ju\u017c po Wielkanocy.<\/p>\n<hr \/>\n<h4><span style=\"color: #bd0909;\">Marek Pszonak<\/span>, przewodnicz\u0105cy Rady Miasta (KdGZF)<\/h4>\n<p>\u015awi\u0119ta sp\u0119dz\u0119 z najbli\u017cszymi. Nie b\u0119dzie domowych, rodzinnych odwiedzin jak co roku. Zabraknie wyj\u015b\u0107 do ko\u015bcio\u0142a na Triduum Paschalne i \u015bwi\u0119cenia pokarm\u00f3w. Jednak atmosfera i duchowo\u015b\u0107 zostan\u0105 podtrzymane. B\u0119dziemy, jak co roku, wsp\u00f3lnie z \u017con\u0105 i dzie\u0107mi przygotowywa\u0107 pisanki i koszyk Wielkanocny. <strong>Dzi\u0119ki zdobyczom techniki b\u0119dziemy uczestniczy\u0107 w obrz\u0119dach wielkanocnych, transmitowanych poprzez internet, z naszego parafialnego ko\u015bcio\u0142a Chrystusa Kr\u00f3la<\/strong>. Do \u017cycze\u0144 i rozm\u00f3w wykorzystamy skype lub whatsappa. To wszystko nie zast\u0105pi nam tradycyjnego okresu Wielkanocnego, ale my\u015bl\u0119 \u017ce pozwoli nam przetrwa\u0107 ten trudny czas.<\/p>\n<p>Drodzy Gliwiczanie! Zbli\u017caj\u0105ce si\u0119 \u015awi\u0119ta Wielkanocne niech b\u0119d\u0105 dla Pa\u0144stwa czasem wzajemnej akceptacji i pozytywnych emocji zwi\u0105zanych z nadziej\u0105 na szybki powr\u00f3t do og\u00f3lnie rozumianej normalno\u015bci.<\/p>\n<blockquote><p>Olbrzymie pok\u0142ady szacunku dla Tych, kt\u00f3rzy w tych trudnych chwilach stoj\u0105 na stra\u017cy naszego zdrowia i \u017cycia. A dla wszystkich Pa\u0144stwa du\u017co zdrowia i wytrwa\u0142o\u015bci!<\/p><\/blockquote>\n<hr \/>\n<h4><span style=\"color: #bd0909;\">Kajetan Gornig<\/span>, by\u0142y kandydat na prezydenta Gliwic<\/h4>\n<p>\u015awi\u0119ta sp\u0119dz\u0119 w domu. B\u0119d\u0105 tylko domownicy czyli trzy osoby. Mamy narz\u0119dzia: ksi\u0105\u017cki &#8211; ja osobi\u015bcie &#8220;wyka\u0144czam&#8221; Biografi\u0119 Gliwic, mamy puzzle 1000 cz\u0119\u015bci, mamy filmy, s\u0105 portale spo\u0142eczno\u015bciowe, mo\u017cna si\u0119 \u0142\u0105czy\u0107 z rodzin\u0105 i przyjaci\u00f3\u0142mi za po\u015brednictwem Internetu. Nawet moja mama nauczy\u0142a si\u0119 obs\u0142ugiwa\u0107 smartfon&#8230;<\/p>\n<p>B\u0119d\u0105 si\u0119 r\u00f3\u017cni\u0107, ale do\u0142o\u017cymy wszelkich stara\u0144 aby w tej skomplikowanej sytuacji wszystko odby\u0142o si\u0119 tak, jak nakazuje tradycja. <strong>Um\u00f3wili\u015bmy si\u0119 z siostr\u0105 na wymian\u0119 potraw i prezent\u00f3w, z zachowaniem bezpiecznej odleg\u0142o\u015bci i na \u015bwie\u017cym powietrzu<\/strong>. B\u0119dziemy skroba\u0107 jajka, zrobimy koszyczki Wielkanocne, b\u0119dziemy ogl\u0105da\u0107 \u015bwi\u0105teczne transmisje w telewizji.<\/p>\n<blockquote><p>W moim przekonaniu w historii Polski i Gliwic by\u0142y trudniejsze momenty na organizacj\u0119 \u015bwi\u0105t i musimy jako spo\u0142ecze\u0144stwo zwyczajnie \u201eda\u0107 rad\u0119&#8221;, tak jak nasi przodkowie kiedy\u015b \u201edawali rad\u0119&#8221;.<\/p><\/blockquote>\n<p>Trzeba u\u017cy\u0107 swojej kreatywno\u015bci i pomys\u0142owo\u015bci aby i tym razem si\u0119 uda\u0142o, \u017ceby by\u0142o jak najbardziej \u015bwi\u0105tecznie. Je\u015bli jeszcze dodamy do tego element, \u017ce dzi\u0119ki odpowiedniemu zachowaniu pomagamy w zatrzymaniu epidemii, w\u00f3wczas owe dzia\u0142ania stan\u0105 si\u0119 swego rodzaju wyzwaniem w naszym \u017cyciu, a nawet wyj\u0105tkowym Wielkopostnym postanowieniem. <strong>Nale\u017cy to wszystko udokumentowa\u0107 \u2013 b\u0119dzie co opowiada\u0107 wnukom.<\/strong> Mocno wierz\u0119 w to, \u017ce za rok ka\u017cde gliwickie \u015bniadanie Wielkanocne zacznie si\u0119 od s\u0142\u00f3w \u201e a pami\u0119tasz rok temu?&#8221;.<\/p>\n<p>Moja praca polega na organizacji pracy du\u017cej przychodni w Katowicach i ma\u0142ego szpitala powiatowego w Mys\u0142owicach zatrudniaj\u0105cych \u0142\u0105cznie oko\u0142o 200 os\u00f3b, zapewnieniu ci\u0105g\u0142o\u015bci \u015bwiadcze\u0144 medycznych.<\/p>\n<p>Aby jednostki dzia\u0142a\u0142y trzeba zapewni\u0107 szkolenia dla personelu, wyposa\u017cy\u0107 wszystkich w profesjonalne \u015brodki ochrony osobistej, specjalistyczny sprz\u0119t i co najtrudniejsze, dopasowa\u0107 aktualne wytyczne ministerstwa zdrowia do specyfiki jednostki \u2013 a to czasem prawdziwa \u0142amig\u0142\u00f3wka. Zalecenia i rozporz\u0105dzenia pojawiaj\u0105 si\u0119 czasem dwa razy w ci\u0105gu dnia, jest du\u017co b\u0142\u0119d\u00f3w interpretacyjnych. Do tego dochodz\u0105 problemy z zaopatrzeniem, zapasy miesi\u0119czne sko\u0144czy\u0142y si\u0119 w ci\u0105gu kilku dni.<\/p>\n<p><iframe loading=\"lazy\" src=\"https:\/\/www.facebook.com\/plugins\/video.php?href=https%3A%2F%2Fwww.facebook.com%2Fenergiadlagliwic%2Fvideos%2F240955560288547%2F&#038;show_text=0&#038;width=269\" width=\"269\" height=\"476\" style=\"border:none;overflow:hidden\" scrolling=\"no\" frameborder=\"0\" allowTransparency=\"true\" allowFullScreen=\"true\"><\/iframe><\/p>\n<p>Bia\u0142y personel pracuje pod du\u017c\u0105 presj\u0105 ci\u0105gle zmieniaj\u0105cych si\u0119 zalece\u0144, wskaz\u00f3wek poza tym ludzie zwyczajnie boj\u0105 si\u0119 zaka\u017cenia, boj\u0105 si\u0119 nara\u017ca\u0107 swoje rodziny, nie maj\u0105 kiedy zrobi\u0107 zakup\u00f3w&#8230; to wszystko budzi frustracj\u0119. Pacjenci s\u0105 zdezorientowani bo co chwila zamykany jest jaki\u015b oddzia\u0142, boj\u0105 si\u0119 o swoje zdrowie i zdrowie swoich bliskich \u2013 s\u0142owem: jest nerwowo. Moim zadaniem jest te nerwy opanowa\u0107 i zorganizowa\u0107 prac\u0119 tak, aby by\u0142a skuteczna i bezpieczna, dlatego moje godziny pracy i obecno\u015b\u0107 s\u0105 dopasowane do pracy zespo\u0142\u00f3w. Oznacza to, \u017ce <strong>na pewno w \u015bwi\u0119ta pojawi\u0119 si\u0119 w pracy, zreszt\u0105 podobnie jak wi\u0119kszo\u015b\u0107 os\u00f3b maj\u0105cych podobne zadania<\/strong>, taka nasza rola. Nic w tym nadzwyczajnego czy bohaterskiego.<\/p>\n<hr \/>\n<h4><span style=\"color: #bd0909;\">Janusz Moszy\u0144ski<\/span>, by\u0142y kandydat na prezydenta Gliwic<\/h4>\n<p>\u015awi\u0119ta sp\u0119dz\u0119 w domu. B\u0119dziemy we dw\u00f3jk\u0119 z \u017con\u0105. Rodzina jest &#8220;pokawa\u0142kowana&#8221;, nie spotykamy si\u0119 ze sob\u0105, tak samo b\u0119dzie w \u015awi\u0119ta &#8211; tego wymaga rozs\u0105dek i odpowiedzialno\u015b\u0107 &#8211; \u015bniadanie Wielkanocne zjemy we dwoje.<\/p>\n<p><strong>Oboje z \u017con\u0105 ograniczyli\u015bmy wyj\u015bcia z domu do absolutnie niezb\u0119dnego minimum, z zachowaniem obowi\u0105zuj\u0105cych zasad bezpiecze\u0144stwa<\/strong>. Nie dotyczy to moich codziennych wypraw do pracy, tego nie da si\u0119 zredukowa\u0107 &#8211; pracuj\u0119 w s\u0142u\u017cbie zdrowia.<\/p>\n<hr \/>\n<h4><span style=\"color: #bd0909;\">Katarzyna Kuczy\u0144ska-Budka<\/span>, radna Rady Miasta (PO)<\/h4>\n<p>\u015awi\u0119ta sp\u0119dzimy w domu, w Gliwicach. Tym razem w znacznie mniejszym gronie. B\u0119dzie moja 91-letnia babcia, z kt\u00f3r\u0105 mieszkamy, Borys i c\u00f3rki. <strong>Tradycyjnie nakryjemy od\u015bwi\u0119tnie st\u00f3\u0142, upiek\u0119 wielkanocn\u0105 bab\u0119, b\u0119d\u0105 ozdobione jajka, sos chrzanowy, \u017curek<\/strong>. Moje c\u00f3rki bardzo lubi\u0105 pierogi ruskie &#8211; i takie, zrobione przeze mnie i Len\u0119, czekaj\u0105 ju\u017c w zamra\u017calniku na jeden ze \u015bwi\u0105tecznych obiad\u00f3w. Nie b\u0119dzie &#8211; jak zawsze &#8211; \u015bwi\u0119cenia pokarm\u00f3w w ko\u015bciele ani przygl\u0105dania si\u0119 wielkanocnemu \u015bwi\u0119ceniu p\u00f3l w mojej okolicy.<\/p>\n<blockquote><p>Wi\u0119c b\u0119dzie jednak inaczej ni\u017c zwykle. Mniej go\u015bci przy stole, mniej potraw i &#8211; niestety &#8211; nieco mniej dobrego nastroju. Za to wi\u0119ksza ni\u017c zwykle b\u0119dzie w nas nadzieja na zmian\u0119 sytuacji, w jakiej przysz\u0142o nam \u017cy\u0107.<\/p><\/blockquote>\n<p>Jestem od pocz\u0105tku akcji &#8220;zosta\u0144wdomu&#8221; w Gliwicach. Opiekuj\u0119 si\u0119 babci\u0105, c\u00f3rka ma zdalne lekcje, ja r\u00f3wnie\u017c tak pracuj\u0119 i staram si\u0119 &#8211; w miar\u0119 mo\u017cliwo\u015bci &#8211; anga\u017cowa\u0107 (wci\u0105\u017c zdalnie) w potrzebne teraz przedsi\u0119wzi\u0119cia. Dla mnie, bardzo aktywnej na co dzie\u0144, to trudna, ale konieczna izolacja. Mamy jednak to wielkie szcz\u0119\u015bcie, \u017ce mieszkamy w domu i mamy ogr\u00f3d. W tej sytuacji bardzo to doceniam.<\/p>\n<p>\u017bycz\u0119 Czytelniczkom i Czytelnikom <strong>24gliwice<\/strong> po pierwsze zdrowia, bo ono jest bezcenne. \u017bycz\u0119 r\u00f3wnie\u017c wytrwa\u0142o\u015bci i solidarno\u015bci w tych nie\u0142atwych dla nas chwilach. Jutro b\u0119dzie lepsze.<\/p>\n<div class=\"gliwi-a5-na-koncu-artykulow gliwi-entity-placement\" id=\"gliwi-591515174\"><div class=\"gliwi-adlabel\"><span style=\"font-size: 9px\">REKLAMA<\/span><\/div><div id=\"gliwi-2478419736\" style=\"margin-left: auto;margin-right: auto;text-align: center;\"><a data-no-instant=\"1\" href=\"https:\/\/prezeroarenagliwice.pl\/\" rel=\"noopener\" class=\"a2t-link\" target=\"_blank\" aria-label=\"20260309-PREZERO-WIOSNA-D\"><img loading=\"lazy\" decoding=\"async\" src=\"https:\/\/www.24gliwice.pl\/wiadomosci\/wp-content\/uploads\/2026\/03\/20260309-PREZERO-WIOSNA-D.webp\" alt=\"\"  srcset=\"https:\/\/www.24gliwice.pl\/wiadomosci\/wp-content\/uploads\/2026\/03\/20260309-PREZERO-WIOSNA-D.webp 750w, https:\/\/www.24gliwice.pl\/wiadomosci\/wp-content\/uploads\/2026\/03\/20260309-PREZERO-WIOSNA-D-410x109.webp 410w\" sizes=\"(max-width: 750px) 100vw, 750px\" class=\"no-lazyload\" width=\"750\" height=\"200\"  style=\"display: inline-block; max-width: 100%; height: auto;\" \/><\/a><\/div><\/div>","protected":false},"excerpt":{"rendered":"<p>Gdzie i z kim sp\u0119dz\u0105 Wielkanoc? Jak bardzo tegoroczne \u015bwi\u0119ta b\u0119d\u0105 r\u00f3\u017cni\u0107 si\u0119 od wcze\u015bniejszych? O planach na te &#8220;niezwyk\u0142e&#8221; \u015bwi\u0119ta Wielkanocne opowiadaj\u0105 Kajetan Gornig, Katarzyna Kuczy\u0144ska-Budka, Janusz Moszy\u0144ski, Adam Neumann, Marek Pszonak, Marek S\u0142omski. Adam Neumann, prezydent Gliwic \u015awi\u0119ta sp\u0119dz\u0119 oczywi\u015bcie w domu z \u017con\u0105. B\u0119dziemy si\u0119 stara\u0107, aby dochowa\u0107 jak najwi\u0119cej tradycji, ale [&hellip;]<\/p>\n","protected":false},"author":12,"featured_media":150168,"comment_status":"closed","ping_status":"closed","sticky":false,"template":"","format":"standard","meta":{"_monsterinsights_skip_tracking":false,"_monsterinsights_sitenote_active":false,"_monsterinsights_sitenote_note":"","_monsterinsights_sitenote_category":0,"footnotes":"","_links_to":"","_links_to_target":""},"categories":[3,1,8],"tags":[1203,14491,715,14094,17708,1147,634,9054,7204],"class_list":["post-150114","post","type-post","status-publish","format-standard","has-post-thumbnail","hentry","category-gliwice","category-wszystko","category-samorzad_polityka","tag-adam-neumann","tag-glowna","tag-kajetan-gornig","tag-katarzyna-kuczynska-budka","tag-koronawirus","tag-marek-pszonak","tag-marek-slomski","tag-swieta","tag-wielkanoc"],"yoast_head":"<!-- This site is optimized with the Yoast SEO plugin v27.5 - https:\/\/yoast.com\/product\/yoast-seo-wordpress\/ -->\n<title>&quot;To b\u0119dzie zupe\u0142nie inna Wielkanoc&quot;, &quot;Trzeba to udokumentowa\u0107 - b\u0119dzie co opowiada\u0107 wnukom&quot; - 24GLIWICE - Portal Gliwice | codziennie nowe informacje<\/title>\n<meta name=\"robots\" content=\"index, follow, max-snippet:-1, max-image-preview:large, max-video-preview:-1\" \/>\n<link rel=\"canonical\" href=\"https:\/\/www.24gliwice.pl\/wiadomosci\/to-bedzie-zupelnie-inna-wielkanoc-trzeba-to-udokumentowac-bedzie-co-opowiadac-wnukom\/\" \/>\n<meta property=\"og:locale\" content=\"pl_PL\" \/>\n<meta property=\"og:type\" content=\"article\" \/>\n<meta property=\"og:title\" content=\"&quot;To b\u0119dzie zupe\u0142nie inna Wielkanoc&quot;, &quot;Trzeba to udokumentowa\u0107 - b\u0119dzie co opowiada\u0107 wnukom&quot; - 24GLIWICE - Portal Gliwice | codziennie nowe informacje\" \/>\n<meta property=\"og:description\" content=\"Gdzie i z kim sp\u0119dz\u0105 Wielkanoc? Jak bardzo tegoroczne \u015bwi\u0119ta b\u0119d\u0105 r\u00f3\u017cni\u0107 si\u0119 od wcze\u015bniejszych? O planach na te &#8220;niezwyk\u0142e&#8221; \u015bwi\u0119ta Wielkanocne opowiadaj\u0105 Kajetan Gornig, Katarzyna Kuczy\u0144ska-Budka, Janusz Moszy\u0144ski, Adam Neumann, Marek Pszonak, Marek S\u0142omski. Adam Neumann, prezydent Gliwic \u015awi\u0119ta sp\u0119dz\u0119 oczywi\u015bcie w domu z \u017con\u0105. B\u0119dziemy si\u0119 stara\u0107, aby dochowa\u0107 jak najwi\u0119cej tradycji, ale [&hellip;]\" \/>\n<meta property=\"og:url\" content=\"https:\/\/www.24gliwice.pl\/wiadomosci\/to-bedzie-zupelnie-inna-wielkanoc-trzeba-to-udokumentowac-bedzie-co-opowiadac-wnukom\/\" \/>\n<meta property=\"og:site_name\" content=\"24GLIWICE - Portal Gliwice | codziennie nowe informacje\" \/>\n<meta property=\"article:publisher\" content=\"https:\/\/www.facebook.com\/24gliwice\" \/>\n<meta property=\"article:published_time\" content=\"2020-04-12T00:21:14+00:00\" \/>\n<meta property=\"article:modified_time\" content=\"2020-04-13T20:38:19+00:00\" \/>\n<meta property=\"og:image\" content=\"https:\/\/www.24gliwice.pl\/wiadomosci\/wp-content\/uploads\/2020\/04\/1-wielkanoc-ozdoby-jajka-001.jpg\" \/>\n\t<meta property=\"og:image:width\" content=\"810\" \/>\n\t<meta property=\"og:image:height\" content=\"456\" \/>\n\t<meta property=\"og:image:type\" content=\"image\/jpeg\" \/>\n<meta name=\"author\" content=\"Micha\u0142 Szewczyk\" \/>\n<meta name=\"twitter:card\" content=\"summary_large_image\" \/>\n<meta name=\"twitter:creator\" content=\"@24gliwice\" \/>\n<meta name=\"twitter:site\" content=\"@24gliwice\" \/>\n<meta name=\"twitter:label1\" content=\"Napisane przez\" \/>\n\t<meta name=\"twitter:data1\" content=\"Micha\u0142 Szewczyk\" \/>\n\t<meta name=\"twitter:label2\" content=\"Szacowany czas czytania\" \/>\n\t<meta name=\"twitter:data2\" content=\"8 minut\" \/>\n<script type=\"application\/ld+json\" class=\"yoast-schema-graph\">{\"@context\":\"https:\\\/\\\/schema.org\",\"@graph\":[{\"@type\":\"Article\",\"@id\":\"https:\\\/\\\/www.24gliwice.pl\\\/wiadomosci\\\/to-bedzie-zupelnie-inna-wielkanoc-trzeba-to-udokumentowac-bedzie-co-opowiadac-wnukom\\\/#article\",\"isPartOf\":{\"@id\":\"https:\\\/\\\/www.24gliwice.pl\\\/wiadomosci\\\/to-bedzie-zupelnie-inna-wielkanoc-trzeba-to-udokumentowac-bedzie-co-opowiadac-wnukom\\\/\"},\"author\":{\"name\":\"Micha\u0142 Szewczyk\",\"@id\":\"https:\\\/\\\/www.24gliwice.pl\\\/wiadomosci\\\/#\\\/schema\\\/person\\\/940e8f8a097e322de4f463f061ef8d45\"},\"headline\":\"&#8220;To b\u0119dzie zupe\u0142nie inna Wielkanoc&#8221;, &#8220;Trzeba to udokumentowa\u0107 &#8211; b\u0119dzie co opowiada\u0107 wnukom&#8221;\",\"datePublished\":\"2020-04-12T00:21:14+00:00\",\"dateModified\":\"2020-04-13T20:38:19+00:00\",\"mainEntityOfPage\":{\"@id\":\"https:\\\/\\\/www.24gliwice.pl\\\/wiadomosci\\\/to-bedzie-zupelnie-inna-wielkanoc-trzeba-to-udokumentowac-bedzie-co-opowiadac-wnukom\\\/\"},\"wordCount\":1634,\"publisher\":{\"@id\":\"https:\\\/\\\/www.24gliwice.pl\\\/wiadomosci\\\/#organization\"},\"image\":{\"@id\":\"https:\\\/\\\/www.24gliwice.pl\\\/wiadomosci\\\/to-bedzie-zupelnie-inna-wielkanoc-trzeba-to-udokumentowac-bedzie-co-opowiadac-wnukom\\\/#primaryimage\"},\"thumbnailUrl\":\"https:\\\/\\\/www.24gliwice.pl\\\/wiadomosci\\\/wp-content\\\/uploads\\\/2020\\\/04\\\/1-wielkanoc-ozdoby-jajka-001.jpg\",\"keywords\":[\"ADAM NEUMANN\",\"g\u0142\u00f3wna\",\"KAJETAN GORNIG\",\"KATARZYNA KUCZY\u0143SKA-BUDKA\",\"KORONAWIRUS\",\"MAREK PSZONAK\",\"MAREK S\u0141OMSKI\",\"\u015aWI\u0118TA\",\"WIELKANOC\"],\"articleSection\":[\"Gliwice\",\"Najnowsze wiadomo\u015bci\",\"Samorz\u0105d, polityka\"],\"inLanguage\":\"pl-PL\"},{\"@type\":\"WebPage\",\"@id\":\"https:\\\/\\\/www.24gliwice.pl\\\/wiadomosci\\\/to-bedzie-zupelnie-inna-wielkanoc-trzeba-to-udokumentowac-bedzie-co-opowiadac-wnukom\\\/\",\"url\":\"https:\\\/\\\/www.24gliwice.pl\\\/wiadomosci\\\/to-bedzie-zupelnie-inna-wielkanoc-trzeba-to-udokumentowac-bedzie-co-opowiadac-wnukom\\\/\",\"name\":\"\\\"To b\u0119dzie zupe\u0142nie inna Wielkanoc\\\", \\\"Trzeba to udokumentowa\u0107 - b\u0119dzie co opowiada\u0107 wnukom\\\" - 24GLIWICE - Portal Gliwice | codziennie nowe informacje\",\"isPartOf\":{\"@id\":\"https:\\\/\\\/www.24gliwice.pl\\\/wiadomosci\\\/#website\"},\"primaryImageOfPage\":{\"@id\":\"https:\\\/\\\/www.24gliwice.pl\\\/wiadomosci\\\/to-bedzie-zupelnie-inna-wielkanoc-trzeba-to-udokumentowac-bedzie-co-opowiadac-wnukom\\\/#primaryimage\"},\"image\":{\"@id\":\"https:\\\/\\\/www.24gliwice.pl\\\/wiadomosci\\\/to-bedzie-zupelnie-inna-wielkanoc-trzeba-to-udokumentowac-bedzie-co-opowiadac-wnukom\\\/#primaryimage\"},\"thumbnailUrl\":\"https:\\\/\\\/www.24gliwice.pl\\\/wiadomosci\\\/wp-content\\\/uploads\\\/2020\\\/04\\\/1-wielkanoc-ozdoby-jajka-001.jpg\",\"datePublished\":\"2020-04-12T00:21:14+00:00\",\"dateModified\":\"2020-04-13T20:38:19+00:00\",\"breadcrumb\":{\"@id\":\"https:\\\/\\\/www.24gliwice.pl\\\/wiadomosci\\\/to-bedzie-zupelnie-inna-wielkanoc-trzeba-to-udokumentowac-bedzie-co-opowiadac-wnukom\\\/#breadcrumb\"},\"inLanguage\":\"pl-PL\",\"potentialAction\":[{\"@type\":\"ReadAction\",\"target\":[\"https:\\\/\\\/www.24gliwice.pl\\\/wiadomosci\\\/to-bedzie-zupelnie-inna-wielkanoc-trzeba-to-udokumentowac-bedzie-co-opowiadac-wnukom\\\/\"]}]},{\"@type\":\"ImageObject\",\"inLanguage\":\"pl-PL\",\"@id\":\"https:\\\/\\\/www.24gliwice.pl\\\/wiadomosci\\\/to-bedzie-zupelnie-inna-wielkanoc-trzeba-to-udokumentowac-bedzie-co-opowiadac-wnukom\\\/#primaryimage\",\"url\":\"https:\\\/\\\/www.24gliwice.pl\\\/wiadomosci\\\/wp-content\\\/uploads\\\/2020\\\/04\\\/1-wielkanoc-ozdoby-jajka-001.jpg\",\"contentUrl\":\"https:\\\/\\\/www.24gliwice.pl\\\/wiadomosci\\\/wp-content\\\/uploads\\\/2020\\\/04\\\/1-wielkanoc-ozdoby-jajka-001.jpg\",\"width\":810,\"height\":456},{\"@type\":\"BreadcrumbList\",\"@id\":\"https:\\\/\\\/www.24gliwice.pl\\\/wiadomosci\\\/to-bedzie-zupelnie-inna-wielkanoc-trzeba-to-udokumentowac-bedzie-co-opowiadac-wnukom\\\/#breadcrumb\",\"itemListElement\":[{\"@type\":\"ListItem\",\"position\":1,\"name\":\"Strona g\u0142\u00f3wna\",\"item\":\"https:\\\/\\\/www.24gliwice.pl\\\/wiadomosci\\\/\"},{\"@type\":\"ListItem\",\"position\":2,\"name\":\"&#8222;To b\u0119dzie zupe\u0142nie inna Wielkanoc&#8221;, &#8222;Trzeba to udokumentowa\u0107 &#8211; b\u0119dzie co opowiada\u0107 wnukom&#8221;\"}]},{\"@type\":\"WebSite\",\"@id\":\"https:\\\/\\\/www.24gliwice.pl\\\/wiadomosci\\\/#website\",\"url\":\"https:\\\/\\\/www.24gliwice.pl\\\/wiadomosci\\\/\",\"name\":\"24GLIWICE - Portal Gliwice | codziennie nowe wiadomo\u015bci\",\"description\":\"Portal Miejski Gliwice\",\"publisher\":{\"@id\":\"https:\\\/\\\/www.24gliwice.pl\\\/wiadomosci\\\/#organization\"},\"potentialAction\":[{\"@type\":\"SearchAction\",\"target\":{\"@type\":\"EntryPoint\",\"urlTemplate\":\"https:\\\/\\\/www.24gliwice.pl\\\/wiadomosci\\\/?s={search_term_string}\"},\"query-input\":{\"@type\":\"PropertyValueSpecification\",\"valueRequired\":true,\"valueName\":\"search_term_string\"}}],\"inLanguage\":\"pl-PL\"},{\"@type\":\"Organization\",\"@id\":\"https:\\\/\\\/www.24gliwice.pl\\\/wiadomosci\\\/#organization\",\"name\":\"24gliwice\",\"url\":\"https:\\\/\\\/www.24gliwice.pl\\\/wiadomosci\\\/\",\"logo\":{\"@type\":\"ImageObject\",\"inLanguage\":\"pl-PL\",\"@id\":\"https:\\\/\\\/www.24gliwice.pl\\\/wiadomosci\\\/#\\\/schema\\\/logo\\\/image\\\/\",\"url\":\"https:\\\/\\\/www.24gliwice.pl\\\/wiadomosci\\\/wp-content\\\/uploads\\\/2024\\\/10\\\/24gliwice-logo-696.jpg\",\"contentUrl\":\"https:\\\/\\\/www.24gliwice.pl\\\/wiadomosci\\\/wp-content\\\/uploads\\\/2024\\\/10\\\/24gliwice-logo-696.jpg\",\"width\":696,\"height\":696,\"caption\":\"24gliwice\"},\"image\":{\"@id\":\"https:\\\/\\\/www.24gliwice.pl\\\/wiadomosci\\\/#\\\/schema\\\/logo\\\/image\\\/\"},\"sameAs\":[\"https:\\\/\\\/www.facebook.com\\\/24gliwice\",\"https:\\\/\\\/x.com\\\/24gliwice\",\"https:\\\/\\\/www.youtube.com\\\/@24gliwice\"]},{\"@type\":\"Person\",\"@id\":\"https:\\\/\\\/www.24gliwice.pl\\\/wiadomosci\\\/#\\\/schema\\\/person\\\/940e8f8a097e322de4f463f061ef8d45\",\"name\":\"Micha\u0142 Szewczyk\",\"image\":{\"@type\":\"ImageObject\",\"inLanguage\":\"pl-PL\",\"@id\":\"https:\\\/\\\/secure.gravatar.com\\\/avatar\\\/771b8b6c74cd8d255e46392d605e01a86133900ef09b6ef3c8d451c9d92288cf?s=96&d=mm&r=g\",\"url\":\"https:\\\/\\\/secure.gravatar.com\\\/avatar\\\/771b8b6c74cd8d255e46392d605e01a86133900ef09b6ef3c8d451c9d92288cf?s=96&d=mm&r=g\",\"contentUrl\":\"https:\\\/\\\/secure.gravatar.com\\\/avatar\\\/771b8b6c74cd8d255e46392d605e01a86133900ef09b6ef3c8d451c9d92288cf?s=96&d=mm&r=g\",\"caption\":\"Micha\u0142 Szewczyk\"},\"sameAs\":[\"http:\\\/\\\/www.gazeta-miejska.pl\"],\"url\":\"https:\\\/\\\/www.24gliwice.pl\\\/wiadomosci\\\/author\\\/michal-szewczyk\\\/\"}]}<\/script>\n<!-- \/ Yoast SEO plugin. -->","yoast_head_json":{"title":"\"To b\u0119dzie zupe\u0142nie inna Wielkanoc\", \"Trzeba to udokumentowa\u0107 - b\u0119dzie co opowiada\u0107 wnukom\" - 24GLIWICE - Portal Gliwice | codziennie nowe informacje","robots":{"index":"index","follow":"follow","max-snippet":"max-snippet:-1","max-image-preview":"max-image-preview:large","max-video-preview":"max-video-preview:-1"},"canonical":"https:\/\/www.24gliwice.pl\/wiadomosci\/to-bedzie-zupelnie-inna-wielkanoc-trzeba-to-udokumentowac-bedzie-co-opowiadac-wnukom\/","og_locale":"pl_PL","og_type":"article","og_title":"\"To b\u0119dzie zupe\u0142nie inna Wielkanoc\", \"Trzeba to udokumentowa\u0107 - b\u0119dzie co opowiada\u0107 wnukom\" - 24GLIWICE - Portal Gliwice | codziennie nowe informacje","og_description":"Gdzie i z kim sp\u0119dz\u0105 Wielkanoc? Jak bardzo tegoroczne \u015bwi\u0119ta b\u0119d\u0105 r\u00f3\u017cni\u0107 si\u0119 od wcze\u015bniejszych? O planach na te &#8220;niezwyk\u0142e&#8221; \u015bwi\u0119ta Wielkanocne opowiadaj\u0105 Kajetan Gornig, Katarzyna Kuczy\u0144ska-Budka, Janusz Moszy\u0144ski, Adam Neumann, Marek Pszonak, Marek S\u0142omski. Adam Neumann, prezydent Gliwic \u015awi\u0119ta sp\u0119dz\u0119 oczywi\u015bcie w domu z \u017con\u0105. B\u0119dziemy si\u0119 stara\u0107, aby dochowa\u0107 jak najwi\u0119cej tradycji, ale [&hellip;]","og_url":"https:\/\/www.24gliwice.pl\/wiadomosci\/to-bedzie-zupelnie-inna-wielkanoc-trzeba-to-udokumentowac-bedzie-co-opowiadac-wnukom\/","og_site_name":"24GLIWICE - Portal Gliwice | codziennie nowe informacje","article_publisher":"https:\/\/www.facebook.com\/24gliwice","article_published_time":"2020-04-12T00:21:14+00:00","article_modified_time":"2020-04-13T20:38:19+00:00","og_image":[{"width":810,"height":456,"url":"https:\/\/www.24gliwice.pl\/wiadomosci\/wp-content\/uploads\/2020\/04\/1-wielkanoc-ozdoby-jajka-001.jpg","type":"image\/jpeg"}],"author":"Micha\u0142 Szewczyk","twitter_card":"summary_large_image","twitter_creator":"@24gliwice","twitter_site":"@24gliwice","twitter_misc":{"Napisane przez":"Micha\u0142 Szewczyk","Szacowany czas czytania":"8 minut"},"schema":{"@context":"https:\/\/schema.org","@graph":[{"@type":"Article","@id":"https:\/\/www.24gliwice.pl\/wiadomosci\/to-bedzie-zupelnie-inna-wielkanoc-trzeba-to-udokumentowac-bedzie-co-opowiadac-wnukom\/#article","isPartOf":{"@id":"https:\/\/www.24gliwice.pl\/wiadomosci\/to-bedzie-zupelnie-inna-wielkanoc-trzeba-to-udokumentowac-bedzie-co-opowiadac-wnukom\/"},"author":{"name":"Micha\u0142 Szewczyk","@id":"https:\/\/www.24gliwice.pl\/wiadomosci\/#\/schema\/person\/940e8f8a097e322de4f463f061ef8d45"},"headline":"&#8220;To b\u0119dzie zupe\u0142nie inna Wielkanoc&#8221;, &#8220;Trzeba to udokumentowa\u0107 &#8211; b\u0119dzie co opowiada\u0107 wnukom&#8221;","datePublished":"2020-04-12T00:21:14+00:00","dateModified":"2020-04-13T20:38:19+00:00","mainEntityOfPage":{"@id":"https:\/\/www.24gliwice.pl\/wiadomosci\/to-bedzie-zupelnie-inna-wielkanoc-trzeba-to-udokumentowac-bedzie-co-opowiadac-wnukom\/"},"wordCount":1634,"publisher":{"@id":"https:\/\/www.24gliwice.pl\/wiadomosci\/#organization"},"image":{"@id":"https:\/\/www.24gliwice.pl\/wiadomosci\/to-bedzie-zupelnie-inna-wielkanoc-trzeba-to-udokumentowac-bedzie-co-opowiadac-wnukom\/#primaryimage"},"thumbnailUrl":"https:\/\/www.24gliwice.pl\/wiadomosci\/wp-content\/uploads\/2020\/04\/1-wielkanoc-ozdoby-jajka-001.jpg","keywords":["ADAM NEUMANN","g\u0142\u00f3wna","KAJETAN GORNIG","KATARZYNA KUCZY\u0143SKA-BUDKA","KORONAWIRUS","MAREK PSZONAK","MAREK S\u0141OMSKI","\u015aWI\u0118TA","WIELKANOC"],"articleSection":["Gliwice","Najnowsze wiadomo\u015bci","Samorz\u0105d, polityka"],"inLanguage":"pl-PL"},{"@type":"WebPage","@id":"https:\/\/www.24gliwice.pl\/wiadomosci\/to-bedzie-zupelnie-inna-wielkanoc-trzeba-to-udokumentowac-bedzie-co-opowiadac-wnukom\/","url":"https:\/\/www.24gliwice.pl\/wiadomosci\/to-bedzie-zupelnie-inna-wielkanoc-trzeba-to-udokumentowac-bedzie-co-opowiadac-wnukom\/","name":"\"To b\u0119dzie zupe\u0142nie inna Wielkanoc\", \"Trzeba to udokumentowa\u0107 - b\u0119dzie co opowiada\u0107 wnukom\" - 24GLIWICE - Portal Gliwice | codziennie nowe informacje","isPartOf":{"@id":"https:\/\/www.24gliwice.pl\/wiadomosci\/#website"},"primaryImageOfPage":{"@id":"https:\/\/www.24gliwice.pl\/wiadomosci\/to-bedzie-zupelnie-inna-wielkanoc-trzeba-to-udokumentowac-bedzie-co-opowiadac-wnukom\/#primaryimage"},"image":{"@id":"https:\/\/www.24gliwice.pl\/wiadomosci\/to-bedzie-zupelnie-inna-wielkanoc-trzeba-to-udokumentowac-bedzie-co-opowiadac-wnukom\/#primaryimage"},"thumbnailUrl":"https:\/\/www.24gliwice.pl\/wiadomosci\/wp-content\/uploads\/2020\/04\/1-wielkanoc-ozdoby-jajka-001.jpg","datePublished":"2020-04-12T00:21:14+00:00","dateModified":"2020-04-13T20:38:19+00:00","breadcrumb":{"@id":"https:\/\/www.24gliwice.pl\/wiadomosci\/to-bedzie-zupelnie-inna-wielkanoc-trzeba-to-udokumentowac-bedzie-co-opowiadac-wnukom\/#breadcrumb"},"inLanguage":"pl-PL","potentialAction":[{"@type":"ReadAction","target":["https:\/\/www.24gliwice.pl\/wiadomosci\/to-bedzie-zupelnie-inna-wielkanoc-trzeba-to-udokumentowac-bedzie-co-opowiadac-wnukom\/"]}]},{"@type":"ImageObject","inLanguage":"pl-PL","@id":"https:\/\/www.24gliwice.pl\/wiadomosci\/to-bedzie-zupelnie-inna-wielkanoc-trzeba-to-udokumentowac-bedzie-co-opowiadac-wnukom\/#primaryimage","url":"https:\/\/www.24gliwice.pl\/wiadomosci\/wp-content\/uploads\/2020\/04\/1-wielkanoc-ozdoby-jajka-001.jpg","contentUrl":"https:\/\/www.24gliwice.pl\/wiadomosci\/wp-content\/uploads\/2020\/04\/1-wielkanoc-ozdoby-jajka-001.jpg","width":810,"height":456},{"@type":"BreadcrumbList","@id":"https:\/\/www.24gliwice.pl\/wiadomosci\/to-bedzie-zupelnie-inna-wielkanoc-trzeba-to-udokumentowac-bedzie-co-opowiadac-wnukom\/#breadcrumb","itemListElement":[{"@type":"ListItem","position":1,"name":"Strona g\u0142\u00f3wna","item":"https:\/\/www.24gliwice.pl\/wiadomosci\/"},{"@type":"ListItem","position":2,"name":"&#8222;To b\u0119dzie zupe\u0142nie inna Wielkanoc&#8221;, &#8222;Trzeba to udokumentowa\u0107 &#8211; b\u0119dzie co opowiada\u0107 wnukom&#8221;"}]},{"@type":"WebSite","@id":"https:\/\/www.24gliwice.pl\/wiadomosci\/#website","url":"https:\/\/www.24gliwice.pl\/wiadomosci\/","name":"24GLIWICE - Portal Gliwice | codziennie nowe wiadomo\u015bci","description":"Portal Miejski Gliwice","publisher":{"@id":"https:\/\/www.24gliwice.pl\/wiadomosci\/#organization"},"potentialAction":[{"@type":"SearchAction","target":{"@type":"EntryPoint","urlTemplate":"https:\/\/www.24gliwice.pl\/wiadomosci\/?s={search_term_string}"},"query-input":{"@type":"PropertyValueSpecification","valueRequired":true,"valueName":"search_term_string"}}],"inLanguage":"pl-PL"},{"@type":"Organization","@id":"https:\/\/www.24gliwice.pl\/wiadomosci\/#organization","name":"24gliwice","url":"https:\/\/www.24gliwice.pl\/wiadomosci\/","logo":{"@type":"ImageObject","inLanguage":"pl-PL","@id":"https:\/\/www.24gliwice.pl\/wiadomosci\/#\/schema\/logo\/image\/","url":"https:\/\/www.24gliwice.pl\/wiadomosci\/wp-content\/uploads\/2024\/10\/24gliwice-logo-696.jpg","contentUrl":"https:\/\/www.24gliwice.pl\/wiadomosci\/wp-content\/uploads\/2024\/10\/24gliwice-logo-696.jpg","width":696,"height":696,"caption":"24gliwice"},"image":{"@id":"https:\/\/www.24gliwice.pl\/wiadomosci\/#\/schema\/logo\/image\/"},"sameAs":["https:\/\/www.facebook.com\/24gliwice","https:\/\/x.com\/24gliwice","https:\/\/www.youtube.com\/@24gliwice"]},{"@type":"Person","@id":"https:\/\/www.24gliwice.pl\/wiadomosci\/#\/schema\/person\/940e8f8a097e322de4f463f061ef8d45","name":"Micha\u0142 Szewczyk","image":{"@type":"ImageObject","inLanguage":"pl-PL","@id":"https:\/\/secure.gravatar.com\/avatar\/771b8b6c74cd8d255e46392d605e01a86133900ef09b6ef3c8d451c9d92288cf?s=96&d=mm&r=g","url":"https:\/\/secure.gravatar.com\/avatar\/771b8b6c74cd8d255e46392d605e01a86133900ef09b6ef3c8d451c9d92288cf?s=96&d=mm&r=g","contentUrl":"https:\/\/secure.gravatar.com\/avatar\/771b8b6c74cd8d255e46392d605e01a86133900ef09b6ef3c8d451c9d92288cf?s=96&d=mm&r=g","caption":"Micha\u0142 Szewczyk"},"sameAs":["http:\/\/www.gazeta-miejska.pl"],"url":"https:\/\/www.24gliwice.pl\/wiadomosci\/author\/michal-szewczyk\/"}]}},"_links":{"self":[{"href":"https:\/\/www.24gliwice.pl\/wiadomosci\/wp-json\/wp\/v2\/posts\/150114","targetHints":{"allow":["GET"]}}],"collection":[{"href":"https:\/\/www.24gliwice.pl\/wiadomosci\/wp-json\/wp\/v2\/posts"}],"about":[{"href":"https:\/\/www.24gliwice.pl\/wiadomosci\/wp-json\/wp\/v2\/types\/post"}],"author":[{"embeddable":true,"href":"https:\/\/www.24gliwice.pl\/wiadomosci\/wp-json\/wp\/v2\/users\/12"}],"replies":[{"embeddable":true,"href":"https:\/\/www.24gliwice.pl\/wiadomosci\/wp-json\/wp\/v2\/comments?post=150114"}],"version-history":[{"count":0,"href":"https:\/\/www.24gliwice.pl\/wiadomosci\/wp-json\/wp\/v2\/posts\/150114\/revisions"}],"wp:featuredmedia":[{"embeddable":true,"href":"https:\/\/www.24gliwice.pl\/wiadomosci\/wp-json\/wp\/v2\/media\/150168"}],"wp:attachment":[{"href":"https:\/\/www.24gliwice.pl\/wiadomosci\/wp-json\/wp\/v2\/media?parent=150114"}],"wp:term":[{"taxonomy":"category","embeddable":true,"href":"https:\/\/www.24gliwice.pl\/wiadomosci\/wp-json\/wp\/v2\/categories?post=150114"},{"taxonomy":"post_tag","embeddable":true,"href":"https:\/\/www.24gliwice.pl\/wiadomosci\/wp-json\/wp\/v2\/tags?post=150114"}],"curies":[{"name":"wp","href":"https:\/\/api.w.org\/{rel}","templated":true}]}}