{"id":150273,"date":"2020-04-15T13:24:32","date_gmt":"2020-04-15T11:24:32","guid":{"rendered":"https:\/\/www.24gliwice.pl\/wiadomosci\/?p=150273"},"modified":"2020-04-16T02:49:33","modified_gmt":"2020-04-16T00:49:33","slug":"tarcza-dla-pracownikow","status":"publish","type":"post","link":"https:\/\/www.24gliwice.pl\/wiadomosci\/tarcza-dla-pracownikow\/","title":{"rendered":"TARCZA DLA PRACOWNIK\u00d3W"},"content":{"rendered":"<div class=\"gliwi-a6-nad-leadem-artykulow gliwi-entity-placement\" id=\"gliwi-3350072816\"><div class=\"gliwi-adlabel\"><span style=\"font-size: 9px\">REKLAMA<\/span><\/div><div id=\"gliwi-1612909649\" style=\"margin-bottom: 30px;margin-left: auto;margin-right: auto;text-align: center;\"><a data-no-instant=\"1\" href=\"https:\/\/przedszkole.halogen.org.pl\/\" rel=\"noopener\" class=\"a2t-link\" target=\"_blank\" aria-label=\"20260402-ANIMATOR-przedszkole_grafika_750x200\"><img loading=\"lazy\" decoding=\"async\" src=\"https:\/\/www.24gliwice.pl\/wiadomosci\/wp-content\/uploads\/2026\/04\/20260402-ANIMATOR-przedszkole_grafika_750x200.webp\" alt=\"\"  srcset=\"https:\/\/www.24gliwice.pl\/wiadomosci\/wp-content\/uploads\/2026\/04\/20260402-ANIMATOR-przedszkole_grafika_750x200.webp 750w, https:\/\/www.24gliwice.pl\/wiadomosci\/wp-content\/uploads\/2026\/04\/20260402-ANIMATOR-przedszkole_grafika_750x200-410x109.webp 410w\" sizes=\"(max-width: 750px) 100vw, 750px\" class=\"no-lazyload\" width=\"750\" height=\"200\"  style=\"display: inline-block; max-width: 100%; height: auto;\" \/><\/a><\/div><\/div><h3>O\u015brodek Pomocy Pokrzywdzonym Przest\u0119pstwem wspiera pracownik\u00f3w w korzystaniu z tarczy antykryzysowej. <\/h3>\n<hr>\n<p><strong><em>Jakie uprawnienia zapewnia ustawa \u201eAntykryzysowa\u201d pracownikom?<\/em><\/strong><\/p>\n<p>Wielu pracodawc\u00f3w nie stosuje si\u0119 do tekstu ustawy \u201eAntykryzysowej\u201d pomijaj\u0105c zagwarantowane w niej prawa pracownicze. Ustawa zapewnia, \u017ce pracownikowi obj\u0119temu przestojem ekonomicznym pracodawca wyp\u0142aca wynagrodzenie obni\u017cone nie wi\u0119cej ni\u017c o 50%, nie ni\u017csze jednak ni\u017c w wysoko\u015bci minimalnego wynagrodzenia za prac\u0119 ustalanego na podstawie przepis\u00f3w o minimalnym wynagrodzeniu za prac\u0119, z uwzgl\u0119dnieniem wymiaru czasu pracy. Dodatkowo zosta\u0142 unormowany wymiar czasu, w wyniku czego przedsi\u0119biorca, u kt\u00f3rego wyst\u0105pi\u0142 spadek obrot\u00f3w gospodarczych w nast\u0119pstwie wyst\u0105pienia COVID-19 i zwr\u00f3ci\u0142 si\u0119 z wnioskiem o przyznanie \u015bwiadcze\u0144 na rzecz ochrony miejsc pracy mo\u017ce obni\u017cy\u0107 wymiar czasu pracy o 20%, nie wi\u0119cej ni\u017c do 0,5 etatu, z zastrze\u017ceniem, \u017ce wynagrodzenie nie mo\u017ce by\u0107 ni\u017csze ni\u017c minimalne wynagrodzenie za prac\u0119 ustalane na podstawie przepis\u00f3w o minimalnym wynagrodzeniu za prac\u0119, z uwzgl\u0119dnieniem wymiaru czasu pracy.<\/p><div class=\"gliwi-a3-w-tresci-artykulow gliwi-entity-placement\" id=\"gliwi-3028857274\"><div class=\"gliwi-adlabel\"><span style=\"font-size: 9px\">REKLAMA<\/span><\/div><div id=\"gliwi-1518752443\" style=\"margin-bottom: 30px;margin-left: auto;margin-right: auto;text-align: center;\"><a data-no-instant=\"1\" href=\"https:\/\/ogrodyandersa.pl\/\" rel=\"noopener\" class=\"a2t-link\" target=\"_blank\" aria-label=\"20260415 Ogrody Andersa KUP TERAZ D\"><img loading=\"lazy\" decoding=\"async\" src=\"https:\/\/www.24gliwice.pl\/wiadomosci\/wp-content\/uploads\/2026\/04\/20260415-Ogrody-Andersa-KUP-TERAZ-D.jpg\" alt=\"\"  srcset=\"https:\/\/www.24gliwice.pl\/wiadomosci\/wp-content\/uploads\/2026\/04\/20260415-Ogrody-Andersa-KUP-TERAZ-D.jpg 750w, https:\/\/www.24gliwice.pl\/wiadomosci\/wp-content\/uploads\/2026\/04\/20260415-Ogrody-Andersa-KUP-TERAZ-D-410x109.jpg 410w\" sizes=\"(max-width: 750px) 100vw, 750px\" class=\"no-lazyload\" width=\"750\" height=\"200\"  style=\"display: inline-block; max-width: 100%; height: auto;\" \/><\/a><\/div><\/div>\n<p><strong><em>Jak ustawa \u201eAntykryzysowa\u201d chroni osoby zatrudnione na podstawie um\u00f3w cywilnoprawnych?<\/em><\/strong><\/p>\n<p>Osobom zatrudnionym na podstawie um\u00f3w cywilnoprawnych \u015bwiadczenie postojowe przys\u0142uguje, je\u017celi umowa cywilnoprawna zosta\u0142a zawarta przed dniem 1 lutego 2020 r. b\u0105d\u017a przych\u00f3d z umowy cywilnoprawnej w rozumieniu przepis\u00f3w o podatku dochodowym od os\u00f3b fizycznych uzyskany w miesi\u0105cu poprzedzaj\u0105cym miesi\u0105c, w kt\u00f3rym zosta\u0142 z\u0142o\u017cony wniosek o \u015bwiadczenie postojowe, nie by\u0142 wy\u017cszy od 300% przeci\u0119tnego miesi\u0119cznego wynagrodzenia z poprzedniego kwarta\u0142u og\u0142aszanego przez Prezesa G\u0142\u00f3wnego Urz\u0119du Statystycznego na podstawie przepis\u00f3w o emeryturach i rentach z Funduszu Ubezpiecze\u0144 Spo\u0142ecznych, obowi\u0105zuj\u0105cego na dzie\u0144 z\u0142o\u017cenia wniosku. \u015awiadczenie postojowe przys\u0142uguje w wysoko\u015bci 80% kwoty minimalnego wynagrodzenia za prac\u0119 ustalanego na podstawie przepis\u00f3w o minimalnym wynagrodzeniu za prac\u0119. <\/p>\n<p><strong><em>Jakie wsparcie mo\u017cna uzyska\u0107 w O\u015brodku?<\/em><\/strong><\/p>\n<p>Pokrzywdzonym pracownikom O\u015brodek oferuje nieodp\u0142atn\u0105 pomoc prawn\u0105 \u015bwiadczon\u0105 przez wykwalifikowanych prawnik\u00f3w, w pe\u0142ni przygotowanych w zakresie realizacji postanowie\u0144 Tarczy Antykryzysowej. Poszkodowani pracownicy mog\u0105 tak\u017ce zosta\u0107 obj\u0119ci wsparciem psychologicznym. Osobom pokrzywdzonym, kt\u00f3rych sytuacja materialna znacznie si\u0119 pogorszy\u0142a, O\u015brodka Wsparcia mo\u017ce zaoferowa\u0107 r\u00f3wnie\u017c wsparcie finansowe, mi\u0119dzy innymi w formie bon\u00f3w \u017cywno\u015bciowych, finansowania \u015bwiadcze\u0144 zdrowotnych oraz wyrob\u00f3w medycznych, pokrywanie koszt\u00f3w zwi\u0105zanych z kszta\u0142ceniem w szko\u0142ach publicznych, dofinansowania kurs\u00f3w zawodowych oraz pomoc w op\u0142aceniu bie\u017c\u0105cych zobowi\u0105za\u0144 czynszowych za lokal mieszkalny.<\/p>\n<p>Maj\u0105c na uwadze zdrowie i bezpiecze\u0144stwo os\u00f3b pokrzywdzonych, wszystkie konsultacje z prawnikami oraz psychologami, przeprowadzane s\u0105 telefonicznie, mailowo b\u0105d\u017a w innej formie online.<\/p>\n<p>Osoby pokrzywdzone mog\u0105 zg\u0142asza\u0107 si\u0119 za po\u015brednictwem infolinii: 579 519 688 oraz mailowo <strong>kontakt.osrodekpomocygliwice@gmail.com<\/strong><br \/>\nWi\u0119cej informacji dost\u0119pnych jest na stronie: <a href=\"https:\/\/www.osrodekpomocygliwice.com\/\" rel=\"noopener noreferrer\" target=\"_blank\"><strong>osrodekpomocygliwice.com<\/strong><\/a><\/p>\n<p><em>(materia\u0142 partnera)<\/em><\/p>\n<div class=\"gliwi-a5-na-koncu-artykulow gliwi-entity-placement\" id=\"gliwi-1929937903\"><div class=\"gliwi-adlabel\"><span style=\"font-size: 9px\">REKLAMA<\/span><\/div><div id=\"gliwi-2670493312\" style=\"margin-left: auto;margin-right: auto;text-align: center;\"><a data-no-instant=\"1\" href=\"https:\/\/prezeroarenagliwice.pl\/\" rel=\"noopener\" class=\"a2t-link\" target=\"_blank\" aria-label=\"20260309-PREZERO-WIOSNA-D\"><img loading=\"lazy\" decoding=\"async\" src=\"https:\/\/www.24gliwice.pl\/wiadomosci\/wp-content\/uploads\/2026\/03\/20260309-PREZERO-WIOSNA-D.webp\" alt=\"\"  srcset=\"https:\/\/www.24gliwice.pl\/wiadomosci\/wp-content\/uploads\/2026\/03\/20260309-PREZERO-WIOSNA-D.webp 750w, https:\/\/www.24gliwice.pl\/wiadomosci\/wp-content\/uploads\/2026\/03\/20260309-PREZERO-WIOSNA-D-410x109.webp 410w\" sizes=\"(max-width: 750px) 100vw, 750px\" class=\"no-lazyload\" width=\"750\" height=\"200\"  style=\"display: inline-block; max-width: 100%; height: auto;\" \/><\/a><\/div><\/div>","protected":false},"excerpt":{"rendered":"<p>O\u015brodek Pomocy Pokrzywdzonym Przest\u0119pstwem wspiera pracownik\u00f3w w korzystaniu z tarczy antykryzysowej. Jakie uprawnienia zapewnia ustawa \u201eAntykryzysowa\u201d pracownikom? Wielu pracodawc\u00f3w nie stosuje si\u0119 do tekstu ustawy \u201eAntykryzysowej\u201d pomijaj\u0105c zagwarantowane w niej prawa pracownicze. Ustawa zapewnia, \u017ce pracownikowi obj\u0119temu przestojem ekonomicznym pracodawca wyp\u0142aca wynagrodzenie obni\u017cone nie wi\u0119cej ni\u017c o 50%, nie ni\u017csze jednak ni\u017c w wysoko\u015bci minimalnego [&hellip;]<\/p>\n","protected":false},"author":4,"featured_media":150278,"comment_status":"closed","ping_status":"closed","sticky":false,"template":"","format":"standard","meta":{"_monsterinsights_skip_tracking":false,"_monsterinsights_sitenote_active":false,"_monsterinsights_sitenote_note":"","_monsterinsights_sitenote_category":0,"footnotes":"","_links_to":"","_links_to_target":""},"categories":[1129],"tags":[17708],"class_list":["post-150273","post","type-post","status-publish","format-standard","has-post-thumbnail","hentry","category-polecamy","tag-koronawirus"],"yoast_head":"<!-- This site is optimized with the Yoast SEO plugin v27.5 - https:\/\/yoast.com\/product\/yoast-seo-wordpress\/ -->\n<title>TARCZA DLA PRACOWNIK\u00d3W - 24GLIWICE - Portal Gliwice | codziennie nowe informacje<\/title>\n<meta name=\"robots\" content=\"index, follow, max-snippet:-1, max-image-preview:large, max-video-preview:-1\" \/>\n<link rel=\"canonical\" href=\"https:\/\/www.24gliwice.pl\/wiadomosci\/tarcza-dla-pracownikow\/\" \/>\n<meta property=\"og:locale\" content=\"pl_PL\" \/>\n<meta property=\"og:type\" content=\"article\" \/>\n<meta property=\"og:title\" content=\"TARCZA DLA PRACOWNIK\u00d3W - 24GLIWICE - Portal Gliwice | codziennie nowe informacje\" \/>\n<meta property=\"og:description\" content=\"O\u015brodek Pomocy Pokrzywdzonym Przest\u0119pstwem wspiera pracownik\u00f3w w korzystaniu z tarczy antykryzysowej. Jakie uprawnienia zapewnia ustawa \u201eAntykryzysowa\u201d pracownikom? Wielu pracodawc\u00f3w nie stosuje si\u0119 do tekstu ustawy \u201eAntykryzysowej\u201d pomijaj\u0105c zagwarantowane w niej prawa pracownicze. Ustawa zapewnia, \u017ce pracownikowi obj\u0119temu przestojem ekonomicznym pracodawca wyp\u0142aca wynagrodzenie obni\u017cone nie wi\u0119cej ni\u017c o 50%, nie ni\u017csze jednak ni\u017c w wysoko\u015bci minimalnego [&hellip;]\" \/>\n<meta property=\"og:url\" content=\"https:\/\/www.24gliwice.pl\/wiadomosci\/tarcza-dla-pracownikow\/\" \/>\n<meta property=\"og:site_name\" content=\"24GLIWICE - Portal Gliwice | codziennie nowe informacje\" \/>\n<meta property=\"article:publisher\" content=\"https:\/\/www.facebook.com\/24gliwice\" \/>\n<meta property=\"article:author\" content=\"https:\/\/www.facebook.com\/marcin.fabrykowski\" \/>\n<meta property=\"article:published_time\" content=\"2020-04-15T11:24:32+00:00\" \/>\n<meta property=\"article:modified_time\" content=\"2020-04-16T00:49:33+00:00\" \/>\n<meta property=\"og:image\" content=\"https:\/\/www.24gliwice.pl\/wiadomosci\/wp-content\/uploads\/2020\/04\/1-WSPARCIE-DLA-PRACOWNIK\u00d3W.jpg\" \/>\n\t<meta property=\"og:image:width\" content=\"1140\" \/>\n\t<meta property=\"og:image:height\" content=\"642\" \/>\n\t<meta property=\"og:image:type\" content=\"image\/jpeg\" \/>\n<meta name=\"author\" content=\"Marcin Fabrykowski\" \/>\n<meta name=\"twitter:card\" content=\"summary_large_image\" \/>\n<meta name=\"twitter:creator\" content=\"@24gliwice\" \/>\n<meta name=\"twitter:site\" content=\"@24gliwice\" \/>\n<meta name=\"twitter:label1\" content=\"Napisane przez\" \/>\n\t<meta name=\"twitter:data1\" content=\"Marcin Fabrykowski\" \/>\n\t<meta name=\"twitter:label2\" content=\"Szacowany czas czytania\" \/>\n\t<meta name=\"twitter:data2\" content=\"2 minuty\" \/>\n<script type=\"application\/ld+json\" class=\"yoast-schema-graph\">{\"@context\":\"https:\\\/\\\/schema.org\",\"@graph\":[{\"@type\":\"Article\",\"@id\":\"https:\\\/\\\/www.24gliwice.pl\\\/wiadomosci\\\/tarcza-dla-pracownikow\\\/#article\",\"isPartOf\":{\"@id\":\"https:\\\/\\\/www.24gliwice.pl\\\/wiadomosci\\\/tarcza-dla-pracownikow\\\/\"},\"author\":{\"name\":\"Marcin Fabrykowski\",\"@id\":\"https:\\\/\\\/www.24gliwice.pl\\\/wiadomosci\\\/#\\\/schema\\\/person\\\/cb5857e4a4d048c15984c1edcc8ef0c0\"},\"headline\":\"TARCZA DLA PRACOWNIK\u00d3W\",\"datePublished\":\"2020-04-15T11:24:32+00:00\",\"dateModified\":\"2020-04-16T00:49:33+00:00\",\"mainEntityOfPage\":{\"@id\":\"https:\\\/\\\/www.24gliwice.pl\\\/wiadomosci\\\/tarcza-dla-pracownikow\\\/\"},\"wordCount\":472,\"publisher\":{\"@id\":\"https:\\\/\\\/www.24gliwice.pl\\\/wiadomosci\\\/#organization\"},\"image\":{\"@id\":\"https:\\\/\\\/www.24gliwice.pl\\\/wiadomosci\\\/tarcza-dla-pracownikow\\\/#primaryimage\"},\"thumbnailUrl\":\"https:\\\/\\\/www.24gliwice.pl\\\/wiadomosci\\\/wp-content\\\/uploads\\\/2020\\\/04\\\/1-WSPARCIE-DLA-PRACOWNIK\u00d3W.jpg\",\"keywords\":[\"KORONAWIRUS\"],\"articleSection\":[\"Polecamy\"],\"inLanguage\":\"pl-PL\"},{\"@type\":\"WebPage\",\"@id\":\"https:\\\/\\\/www.24gliwice.pl\\\/wiadomosci\\\/tarcza-dla-pracownikow\\\/\",\"url\":\"https:\\\/\\\/www.24gliwice.pl\\\/wiadomosci\\\/tarcza-dla-pracownikow\\\/\",\"name\":\"TARCZA DLA PRACOWNIK\u00d3W - 24GLIWICE - Portal Gliwice | codziennie nowe informacje\",\"isPartOf\":{\"@id\":\"https:\\\/\\\/www.24gliwice.pl\\\/wiadomosci\\\/#website\"},\"primaryImageOfPage\":{\"@id\":\"https:\\\/\\\/www.24gliwice.pl\\\/wiadomosci\\\/tarcza-dla-pracownikow\\\/#primaryimage\"},\"image\":{\"@id\":\"https:\\\/\\\/www.24gliwice.pl\\\/wiadomosci\\\/tarcza-dla-pracownikow\\\/#primaryimage\"},\"thumbnailUrl\":\"https:\\\/\\\/www.24gliwice.pl\\\/wiadomosci\\\/wp-content\\\/uploads\\\/2020\\\/04\\\/1-WSPARCIE-DLA-PRACOWNIK\u00d3W.jpg\",\"datePublished\":\"2020-04-15T11:24:32+00:00\",\"dateModified\":\"2020-04-16T00:49:33+00:00\",\"breadcrumb\":{\"@id\":\"https:\\\/\\\/www.24gliwice.pl\\\/wiadomosci\\\/tarcza-dla-pracownikow\\\/#breadcrumb\"},\"inLanguage\":\"pl-PL\",\"potentialAction\":[{\"@type\":\"ReadAction\",\"target\":[\"https:\\\/\\\/www.24gliwice.pl\\\/wiadomosci\\\/tarcza-dla-pracownikow\\\/\"]}]},{\"@type\":\"ImageObject\",\"inLanguage\":\"pl-PL\",\"@id\":\"https:\\\/\\\/www.24gliwice.pl\\\/wiadomosci\\\/tarcza-dla-pracownikow\\\/#primaryimage\",\"url\":\"https:\\\/\\\/www.24gliwice.pl\\\/wiadomosci\\\/wp-content\\\/uploads\\\/2020\\\/04\\\/1-WSPARCIE-DLA-PRACOWNIK\u00d3W.jpg\",\"contentUrl\":\"https:\\\/\\\/www.24gliwice.pl\\\/wiadomosci\\\/wp-content\\\/uploads\\\/2020\\\/04\\\/1-WSPARCIE-DLA-PRACOWNIK\u00d3W.jpg\",\"width\":1140,\"height\":642},{\"@type\":\"BreadcrumbList\",\"@id\":\"https:\\\/\\\/www.24gliwice.pl\\\/wiadomosci\\\/tarcza-dla-pracownikow\\\/#breadcrumb\",\"itemListElement\":[{\"@type\":\"ListItem\",\"position\":1,\"name\":\"Strona g\u0142\u00f3wna\",\"item\":\"https:\\\/\\\/www.24gliwice.pl\\\/wiadomosci\\\/\"},{\"@type\":\"ListItem\",\"position\":2,\"name\":\"TARCZA DLA PRACOWNIK\u00d3W\"}]},{\"@type\":\"WebSite\",\"@id\":\"https:\\\/\\\/www.24gliwice.pl\\\/wiadomosci\\\/#website\",\"url\":\"https:\\\/\\\/www.24gliwice.pl\\\/wiadomosci\\\/\",\"name\":\"24GLIWICE - Portal Gliwice | codziennie nowe wiadomo\u015bci\",\"description\":\"Portal Miejski Gliwice\",\"publisher\":{\"@id\":\"https:\\\/\\\/www.24gliwice.pl\\\/wiadomosci\\\/#organization\"},\"potentialAction\":[{\"@type\":\"SearchAction\",\"target\":{\"@type\":\"EntryPoint\",\"urlTemplate\":\"https:\\\/\\\/www.24gliwice.pl\\\/wiadomosci\\\/?s={search_term_string}\"},\"query-input\":{\"@type\":\"PropertyValueSpecification\",\"valueRequired\":true,\"valueName\":\"search_term_string\"}}],\"inLanguage\":\"pl-PL\"},{\"@type\":\"Organization\",\"@id\":\"https:\\\/\\\/www.24gliwice.pl\\\/wiadomosci\\\/#organization\",\"name\":\"24gliwice\",\"url\":\"https:\\\/\\\/www.24gliwice.pl\\\/wiadomosci\\\/\",\"logo\":{\"@type\":\"ImageObject\",\"inLanguage\":\"pl-PL\",\"@id\":\"https:\\\/\\\/www.24gliwice.pl\\\/wiadomosci\\\/#\\\/schema\\\/logo\\\/image\\\/\",\"url\":\"https:\\\/\\\/www.24gliwice.pl\\\/wiadomosci\\\/wp-content\\\/uploads\\\/2024\\\/10\\\/24gliwice-logo-696.jpg\",\"contentUrl\":\"https:\\\/\\\/www.24gliwice.pl\\\/wiadomosci\\\/wp-content\\\/uploads\\\/2024\\\/10\\\/24gliwice-logo-696.jpg\",\"width\":696,\"height\":696,\"caption\":\"24gliwice\"},\"image\":{\"@id\":\"https:\\\/\\\/www.24gliwice.pl\\\/wiadomosci\\\/#\\\/schema\\\/logo\\\/image\\\/\"},\"sameAs\":[\"https:\\\/\\\/www.facebook.com\\\/24gliwice\",\"https:\\\/\\\/x.com\\\/24gliwice\",\"https:\\\/\\\/www.youtube.com\\\/@24gliwice\"]},{\"@type\":\"Person\",\"@id\":\"https:\\\/\\\/www.24gliwice.pl\\\/wiadomosci\\\/#\\\/schema\\\/person\\\/cb5857e4a4d048c15984c1edcc8ef0c0\",\"name\":\"Marcin Fabrykowski\",\"image\":{\"@type\":\"ImageObject\",\"inLanguage\":\"pl-PL\",\"@id\":\"https:\\\/\\\/www.24gliwice.pl\\\/wiadomosci\\\/wp-content\\\/uploads\\\/2025\\\/11\\\/zdjecie-moje-marcin-300-96x96.jpg\",\"url\":\"https:\\\/\\\/www.24gliwice.pl\\\/wiadomosci\\\/wp-content\\\/uploads\\\/2025\\\/11\\\/zdjecie-moje-marcin-300-96x96.jpg\",\"contentUrl\":\"https:\\\/\\\/www.24gliwice.pl\\\/wiadomosci\\\/wp-content\\\/uploads\\\/2025\\\/11\\\/zdjecie-moje-marcin-300-96x96.jpg\",\"caption\":\"Marcin Fabrykowski\"},\"sameAs\":[\"http:\\\/\\\/24gliwice.pl\",\"https:\\\/\\\/www.facebook.com\\\/marcin.fabrykowski\"],\"url\":\"https:\\\/\\\/www.24gliwice.pl\\\/wiadomosci\\\/author\\\/marcin-fabrykowski\\\/\"}]}<\/script>\n<!-- \/ Yoast SEO plugin. -->","yoast_head_json":{"title":"TARCZA DLA PRACOWNIK\u00d3W - 24GLIWICE - Portal Gliwice | codziennie nowe informacje","robots":{"index":"index","follow":"follow","max-snippet":"max-snippet:-1","max-image-preview":"max-image-preview:large","max-video-preview":"max-video-preview:-1"},"canonical":"https:\/\/www.24gliwice.pl\/wiadomosci\/tarcza-dla-pracownikow\/","og_locale":"pl_PL","og_type":"article","og_title":"TARCZA DLA PRACOWNIK\u00d3W - 24GLIWICE - Portal Gliwice | codziennie nowe informacje","og_description":"O\u015brodek Pomocy Pokrzywdzonym Przest\u0119pstwem wspiera pracownik\u00f3w w korzystaniu z tarczy antykryzysowej. Jakie uprawnienia zapewnia ustawa \u201eAntykryzysowa\u201d pracownikom? Wielu pracodawc\u00f3w nie stosuje si\u0119 do tekstu ustawy \u201eAntykryzysowej\u201d pomijaj\u0105c zagwarantowane w niej prawa pracownicze. Ustawa zapewnia, \u017ce pracownikowi obj\u0119temu przestojem ekonomicznym pracodawca wyp\u0142aca wynagrodzenie obni\u017cone nie wi\u0119cej ni\u017c o 50%, nie ni\u017csze jednak ni\u017c w wysoko\u015bci minimalnego [&hellip;]","og_url":"https:\/\/www.24gliwice.pl\/wiadomosci\/tarcza-dla-pracownikow\/","og_site_name":"24GLIWICE - Portal Gliwice | codziennie nowe informacje","article_publisher":"https:\/\/www.facebook.com\/24gliwice","article_author":"https:\/\/www.facebook.com\/marcin.fabrykowski","article_published_time":"2020-04-15T11:24:32+00:00","article_modified_time":"2020-04-16T00:49:33+00:00","og_image":[{"width":1140,"height":642,"url":"https:\/\/www.24gliwice.pl\/wiadomosci\/wp-content\/uploads\/2020\/04\/1-WSPARCIE-DLA-PRACOWNIK\u00d3W.jpg","type":"image\/jpeg"}],"author":"Marcin Fabrykowski","twitter_card":"summary_large_image","twitter_creator":"@24gliwice","twitter_site":"@24gliwice","twitter_misc":{"Napisane przez":"Marcin Fabrykowski","Szacowany czas czytania":"2 minuty"},"schema":{"@context":"https:\/\/schema.org","@graph":[{"@type":"Article","@id":"https:\/\/www.24gliwice.pl\/wiadomosci\/tarcza-dla-pracownikow\/#article","isPartOf":{"@id":"https:\/\/www.24gliwice.pl\/wiadomosci\/tarcza-dla-pracownikow\/"},"author":{"name":"Marcin Fabrykowski","@id":"https:\/\/www.24gliwice.pl\/wiadomosci\/#\/schema\/person\/cb5857e4a4d048c15984c1edcc8ef0c0"},"headline":"TARCZA DLA PRACOWNIK\u00d3W","datePublished":"2020-04-15T11:24:32+00:00","dateModified":"2020-04-16T00:49:33+00:00","mainEntityOfPage":{"@id":"https:\/\/www.24gliwice.pl\/wiadomosci\/tarcza-dla-pracownikow\/"},"wordCount":472,"publisher":{"@id":"https:\/\/www.24gliwice.pl\/wiadomosci\/#organization"},"image":{"@id":"https:\/\/www.24gliwice.pl\/wiadomosci\/tarcza-dla-pracownikow\/#primaryimage"},"thumbnailUrl":"https:\/\/www.24gliwice.pl\/wiadomosci\/wp-content\/uploads\/2020\/04\/1-WSPARCIE-DLA-PRACOWNIK\u00d3W.jpg","keywords":["KORONAWIRUS"],"articleSection":["Polecamy"],"inLanguage":"pl-PL"},{"@type":"WebPage","@id":"https:\/\/www.24gliwice.pl\/wiadomosci\/tarcza-dla-pracownikow\/","url":"https:\/\/www.24gliwice.pl\/wiadomosci\/tarcza-dla-pracownikow\/","name":"TARCZA DLA PRACOWNIK\u00d3W - 24GLIWICE - Portal Gliwice | codziennie nowe informacje","isPartOf":{"@id":"https:\/\/www.24gliwice.pl\/wiadomosci\/#website"},"primaryImageOfPage":{"@id":"https:\/\/www.24gliwice.pl\/wiadomosci\/tarcza-dla-pracownikow\/#primaryimage"},"image":{"@id":"https:\/\/www.24gliwice.pl\/wiadomosci\/tarcza-dla-pracownikow\/#primaryimage"},"thumbnailUrl":"https:\/\/www.24gliwice.pl\/wiadomosci\/wp-content\/uploads\/2020\/04\/1-WSPARCIE-DLA-PRACOWNIK\u00d3W.jpg","datePublished":"2020-04-15T11:24:32+00:00","dateModified":"2020-04-16T00:49:33+00:00","breadcrumb":{"@id":"https:\/\/www.24gliwice.pl\/wiadomosci\/tarcza-dla-pracownikow\/#breadcrumb"},"inLanguage":"pl-PL","potentialAction":[{"@type":"ReadAction","target":["https:\/\/www.24gliwice.pl\/wiadomosci\/tarcza-dla-pracownikow\/"]}]},{"@type":"ImageObject","inLanguage":"pl-PL","@id":"https:\/\/www.24gliwice.pl\/wiadomosci\/tarcza-dla-pracownikow\/#primaryimage","url":"https:\/\/www.24gliwice.pl\/wiadomosci\/wp-content\/uploads\/2020\/04\/1-WSPARCIE-DLA-PRACOWNIK\u00d3W.jpg","contentUrl":"https:\/\/www.24gliwice.pl\/wiadomosci\/wp-content\/uploads\/2020\/04\/1-WSPARCIE-DLA-PRACOWNIK\u00d3W.jpg","width":1140,"height":642},{"@type":"BreadcrumbList","@id":"https:\/\/www.24gliwice.pl\/wiadomosci\/tarcza-dla-pracownikow\/#breadcrumb","itemListElement":[{"@type":"ListItem","position":1,"name":"Strona g\u0142\u00f3wna","item":"https:\/\/www.24gliwice.pl\/wiadomosci\/"},{"@type":"ListItem","position":2,"name":"TARCZA DLA PRACOWNIK\u00d3W"}]},{"@type":"WebSite","@id":"https:\/\/www.24gliwice.pl\/wiadomosci\/#website","url":"https:\/\/www.24gliwice.pl\/wiadomosci\/","name":"24GLIWICE - Portal Gliwice | codziennie nowe wiadomo\u015bci","description":"Portal Miejski Gliwice","publisher":{"@id":"https:\/\/www.24gliwice.pl\/wiadomosci\/#organization"},"potentialAction":[{"@type":"SearchAction","target":{"@type":"EntryPoint","urlTemplate":"https:\/\/www.24gliwice.pl\/wiadomosci\/?s={search_term_string}"},"query-input":{"@type":"PropertyValueSpecification","valueRequired":true,"valueName":"search_term_string"}}],"inLanguage":"pl-PL"},{"@type":"Organization","@id":"https:\/\/www.24gliwice.pl\/wiadomosci\/#organization","name":"24gliwice","url":"https:\/\/www.24gliwice.pl\/wiadomosci\/","logo":{"@type":"ImageObject","inLanguage":"pl-PL","@id":"https:\/\/www.24gliwice.pl\/wiadomosci\/#\/schema\/logo\/image\/","url":"https:\/\/www.24gliwice.pl\/wiadomosci\/wp-content\/uploads\/2024\/10\/24gliwice-logo-696.jpg","contentUrl":"https:\/\/www.24gliwice.pl\/wiadomosci\/wp-content\/uploads\/2024\/10\/24gliwice-logo-696.jpg","width":696,"height":696,"caption":"24gliwice"},"image":{"@id":"https:\/\/www.24gliwice.pl\/wiadomosci\/#\/schema\/logo\/image\/"},"sameAs":["https:\/\/www.facebook.com\/24gliwice","https:\/\/x.com\/24gliwice","https:\/\/www.youtube.com\/@24gliwice"]},{"@type":"Person","@id":"https:\/\/www.24gliwice.pl\/wiadomosci\/#\/schema\/person\/cb5857e4a4d048c15984c1edcc8ef0c0","name":"Marcin Fabrykowski","image":{"@type":"ImageObject","inLanguage":"pl-PL","@id":"https:\/\/www.24gliwice.pl\/wiadomosci\/wp-content\/uploads\/2025\/11\/zdjecie-moje-marcin-300-96x96.jpg","url":"https:\/\/www.24gliwice.pl\/wiadomosci\/wp-content\/uploads\/2025\/11\/zdjecie-moje-marcin-300-96x96.jpg","contentUrl":"https:\/\/www.24gliwice.pl\/wiadomosci\/wp-content\/uploads\/2025\/11\/zdjecie-moje-marcin-300-96x96.jpg","caption":"Marcin Fabrykowski"},"sameAs":["http:\/\/24gliwice.pl","https:\/\/www.facebook.com\/marcin.fabrykowski"],"url":"https:\/\/www.24gliwice.pl\/wiadomosci\/author\/marcin-fabrykowski\/"}]}},"_links":{"self":[{"href":"https:\/\/www.24gliwice.pl\/wiadomosci\/wp-json\/wp\/v2\/posts\/150273","targetHints":{"allow":["GET"]}}],"collection":[{"href":"https:\/\/www.24gliwice.pl\/wiadomosci\/wp-json\/wp\/v2\/posts"}],"about":[{"href":"https:\/\/www.24gliwice.pl\/wiadomosci\/wp-json\/wp\/v2\/types\/post"}],"author":[{"embeddable":true,"href":"https:\/\/www.24gliwice.pl\/wiadomosci\/wp-json\/wp\/v2\/users\/4"}],"replies":[{"embeddable":true,"href":"https:\/\/www.24gliwice.pl\/wiadomosci\/wp-json\/wp\/v2\/comments?post=150273"}],"version-history":[{"count":0,"href":"https:\/\/www.24gliwice.pl\/wiadomosci\/wp-json\/wp\/v2\/posts\/150273\/revisions"}],"wp:featuredmedia":[{"embeddable":true,"href":"https:\/\/www.24gliwice.pl\/wiadomosci\/wp-json\/wp\/v2\/media\/150278"}],"wp:attachment":[{"href":"https:\/\/www.24gliwice.pl\/wiadomosci\/wp-json\/wp\/v2\/media?parent=150273"}],"wp:term":[{"taxonomy":"category","embeddable":true,"href":"https:\/\/www.24gliwice.pl\/wiadomosci\/wp-json\/wp\/v2\/categories?post=150273"},{"taxonomy":"post_tag","embeddable":true,"href":"https:\/\/www.24gliwice.pl\/wiadomosci\/wp-json\/wp\/v2\/tags?post=150273"}],"curies":[{"name":"wp","href":"https:\/\/api.w.org\/{rel}","templated":true}]}}