{"id":150360,"date":"2020-04-16T19:37:27","date_gmt":"2020-04-16T17:37:27","guid":{"rendered":"https:\/\/www.24gliwice.pl\/wiadomosci\/?p=150360"},"modified":"2020-04-16T19:37:27","modified_gmt":"2020-04-16T17:37:27","slug":"miejsce-pocaluj-i-jedz-dla-rodzicow-pod-szkola-przy-ul-plockiej-postoj-tylko-przez-2-minuty","status":"publish","type":"post","link":"https:\/\/www.24gliwice.pl\/wiadomosci\/miejsce-pocaluj-i-jedz-dla-rodzicow-pod-szkola-przy-ul-plockiej-postoj-tylko-przez-2-minuty\/","title":{"rendered":"Miejsce &#8220;poca\u0142uj i jed\u017a&#8221; dla rodzic\u00f3w pod szko\u0142\u0105 przy ul. P\u0142ockiej. Post\u00f3j tylko przez 2 minuty"},"content":{"rendered":"<div class=\"gliwi-a6-nad-leadem-artykulow gliwi-entity-placement\" id=\"gliwi-3340069829\"><div class=\"gliwi-adlabel\"><span style=\"font-size: 9px\">REKLAMA<\/span><\/div><div id=\"gliwi-2283433126\" style=\"margin-bottom: 25px;margin-left: auto;margin-right: auto;text-align: center;\"><a data-no-instant=\"1\" href=\"https:\/\/dom100.eu\/\" rel=\"noopener\" class=\"a2t-link\" target=\"_blank\" aria-label=\"20260415 DOM100 D\"><img loading=\"lazy\" decoding=\"async\" src=\"https:\/\/www.24gliwice.pl\/wiadomosci\/wp-content\/uploads\/2026\/04\/20260415-DOM100-D.jpg\" alt=\"\"  srcset=\"https:\/\/www.24gliwice.pl\/wiadomosci\/wp-content\/uploads\/2026\/04\/20260415-DOM100-D.jpg 750w, https:\/\/www.24gliwice.pl\/wiadomosci\/wp-content\/uploads\/2026\/04\/20260415-DOM100-D-410x109.jpg 410w\" sizes=\"(max-width: 750px) 100vw, 750px\" class=\"no-lazyload\" width=\"750\" height=\"200\"  style=\"display: inline-block; max-width: 100%; height: auto;\" \/><\/a><\/div><\/div><h3>Trwaj\u0105 prace przy ul P\u0142ockiej \u2013 zako\u0144czy\u0142a si\u0119 budowa chodnika, w toku jest remont nawierzchni jezdni, wydzielono te\u017c miejsce, w kt\u00f3rym rodzice odwo\u017c\u0105cy dzieci do szko\u0142y b\u0119d\u0105 mogli na chwil\u0119 zatrzyma\u0107 samoch\u00f3d.<\/h3>\n<p>\u2013 <em>Remont ul. P\u0142ockiej trwa od tygodnia. Gotowy jest ju\u017c chodnik zapewniaj\u0105cy dzieciom bezpieczne dotarcie do szko\u0142y, wydzielono te\u017c  miejsce, w kt\u00f3rym rodzice przywo\u017c\u0105cy do szko\u0142y dzieci b\u0119d\u0105 mogli zaparkowa\u0107 na kr\u00f3tk\u0105 chwil\u0119 i bezpiecznie wysadzi\u0107 swoj\u0105 pociech\u0119<\/em> \u2013 m\u00f3wi <strong>Jadwiga Jagie\u0142\u0142o-Stiborska<\/strong>, rzecznik prasowy Zarz\u0105du Dr\u00f3g Miejskich w Gliwicach.<\/p>\n<p>Miejsce \u201eKiss&#038;Ride, czyli \u201epoca\u0142uj i jed\u017a\u201d, b\u0119dzie uprawnia\u0142o do oko\u0142o 2-minutowego, darmowego postoju. Prace przy ul. P\u0142ockiej zako\u0144cz\u0105 si\u0119 najprawdopodobniej w czerwcu. <\/p><div class=\"gliwi-a3-w-tresci-artykulow gliwi-entity-placement\" id=\"gliwi-2116887453\"><div class=\"gliwi-adlabel\"><span style=\"font-size: 9px\">REKLAMA<\/span><\/div><div id=\"gliwi-1572863126\" style=\"margin-bottom: 30px;margin-left: auto;margin-right: auto;text-align: center;\"><a data-no-instant=\"1\" href=\"https:\/\/zlobek.halogen.org.pl\/\" rel=\"noopener\" class=\"a2t-link\" target=\"_blank\" aria-label=\"animator-zlobek_750x200\"><img loading=\"lazy\" decoding=\"async\" src=\"https:\/\/www.24gliwice.pl\/wiadomosci\/wp-content\/uploads\/2026\/02\/animator-zlobek_750x200.webp\" alt=\"\"  srcset=\"https:\/\/www.24gliwice.pl\/wiadomosci\/wp-content\/uploads\/2026\/02\/animator-zlobek_750x200.webp 750w, https:\/\/www.24gliwice.pl\/wiadomosci\/wp-content\/uploads\/2026\/02\/animator-zlobek_750x200-410x109.webp 410w\" sizes=\"(max-width: 750px) 100vw, 750px\" class=\"no-lazyload\" width=\"750\" height=\"200\"  style=\"display: inline-block; max-width: 100%; height: auto;\" \/><\/a><\/div><\/div>\n<p>(nmm)\/UM(mf)<br \/>\nfot. ZDM Gliwice<\/p>\n<p><a href=\"https:\/\/www.24gliwice.pl\/wiadomosci\/wp-content\/uploads\/2020\/04\/p\u0142ocka-2-zdm.jpg\"><img loading=\"lazy\" decoding=\"async\" src=\"https:\/\/www.24gliwice.pl\/wiadomosci\/wp-content\/uploads\/2020\/04\/p\u0142ocka-2-zdm.jpg\" alt=\"\" width=\"810\" height=\"454\" class=\"alignnone size-full wp-image-150363\" srcset=\"https:\/\/www.24gliwice.pl\/wiadomosci\/wp-content\/uploads\/2020\/04\/p\u0142ocka-2-zdm.jpg 810w, https:\/\/www.24gliwice.pl\/wiadomosci\/wp-content\/uploads\/2020\/04\/p\u0142ocka-2-zdm-410x230.jpg 410w, https:\/\/www.24gliwice.pl\/wiadomosci\/wp-content\/uploads\/2020\/04\/p\u0142ocka-2-zdm-768x430.jpg 768w\" sizes=\"auto, (max-width: 810px) 100vw, 810px\" \/><\/a><\/p>\n<div class=\"gliwi-a5-na-koncu-artykulow gliwi-entity-placement\" id=\"gliwi-2202943742\"><div class=\"gliwi-adlabel\"><span style=\"font-size: 9px\">REKLAMA<\/span><\/div><div id=\"gliwi-49253282\" style=\"margin-left: auto;margin-right: auto;text-align: center;\"><a data-no-instant=\"1\" href=\"https:\/\/www.jasek.pl\/\" rel=\"noopener\" class=\"a2t-link\" target=\"_blank\" aria-label=\"20200401-jasek 600\"><img loading=\"lazy\" decoding=\"async\" src=\"https:\/\/www.24gliwice.pl\/wiadomosci\/wp-content\/uploads\/2020\/04\/20200401-jasek-600.jpg\" alt=\"\"  srcset=\"https:\/\/www.24gliwice.pl\/wiadomosci\/wp-content\/uploads\/2020\/04\/20200401-jasek-600.jpg 600w, https:\/\/www.24gliwice.pl\/wiadomosci\/wp-content\/uploads\/2020\/04\/20200401-jasek-600-410x109.jpg 410w\" sizes=\"(max-width: 600px) 100vw, 600px\" class=\"no-lazyload\" width=\"600\" height=\"160\"  style=\"display: inline-block; max-width: 100%; height: auto;\" \/><\/a><\/div><\/div>","protected":false},"excerpt":{"rendered":"<p>Trwaj\u0105 prace przy ul P\u0142ockiej \u2013 zako\u0144czy\u0142a si\u0119 budowa chodnika, w toku jest remont nawierzchni jezdni, wydzielono te\u017c miejsce, w kt\u00f3rym rodzice odwo\u017c\u0105cy dzieci do szko\u0142y b\u0119d\u0105 mogli na chwil\u0119 zatrzyma\u0107 samoch\u00f3d. \u2013 Remont ul. P\u0142ockiej trwa od tygodnia. Gotowy jest ju\u017c chodnik zapewniaj\u0105cy dzieciom bezpieczne dotarcie do szko\u0142y, wydzielono te\u017c miejsce, w kt\u00f3rym rodzice [&hellip;]<\/p>\n","protected":false},"author":15,"featured_media":150364,"comment_status":"open","ping_status":"closed","sticky":false,"template":"","format":"standard","meta":{"_monsterinsights_skip_tracking":false,"_monsterinsights_sitenote_active":false,"_monsterinsights_sitenote_note":"","_monsterinsights_sitenote_category":0,"footnotes":"","_links_to":"","_links_to_target":""},"categories":[3,1],"tags":[18090,17963,214],"class_list":["post-150360","post","type-post","status-publish","format-standard","has-post-thumbnail","hentry","category-gliwice","category-wszystko","tag-kissride","tag-remont-ulicy-plockiej","tag-zdm"],"yoast_head":"<!-- This site is optimized with the Yoast SEO plugin v27.5 - https:\/\/yoast.com\/product\/yoast-seo-wordpress\/ -->\n<title>Miejsce &quot;poca\u0142uj i jed\u017a&quot; dla rodzic\u00f3w pod szko\u0142\u0105 przy ul. P\u0142ockiej. Post\u00f3j tylko przez 2 minuty - 24GLIWICE - Portal Gliwice | codziennie nowe informacje<\/title>\n<meta name=\"robots\" content=\"index, follow, max-snippet:-1, max-image-preview:large, max-video-preview:-1\" \/>\n<link rel=\"canonical\" href=\"https:\/\/www.24gliwice.pl\/wiadomosci\/miejsce-pocaluj-i-jedz-dla-rodzicow-pod-szkola-przy-ul-plockiej-postoj-tylko-przez-2-minuty\/\" \/>\n<meta property=\"og:locale\" content=\"pl_PL\" \/>\n<meta property=\"og:type\" content=\"article\" \/>\n<meta property=\"og:title\" content=\"Miejsce &quot;poca\u0142uj i jed\u017a&quot; dla rodzic\u00f3w pod szko\u0142\u0105 przy ul. P\u0142ockiej. Post\u00f3j tylko przez 2 minuty - 24GLIWICE - Portal Gliwice | codziennie nowe informacje\" \/>\n<meta property=\"og:description\" content=\"Trwaj\u0105 prace przy ul P\u0142ockiej \u2013 zako\u0144czy\u0142a si\u0119 budowa chodnika, w toku jest remont nawierzchni jezdni, wydzielono te\u017c miejsce, w kt\u00f3rym rodzice odwo\u017c\u0105cy dzieci do szko\u0142y b\u0119d\u0105 mogli na chwil\u0119 zatrzyma\u0107 samoch\u00f3d. \u2013 Remont ul. P\u0142ockiej trwa od tygodnia. Gotowy jest ju\u017c chodnik zapewniaj\u0105cy dzieciom bezpieczne dotarcie do szko\u0142y, wydzielono te\u017c miejsce, w kt\u00f3rym rodzice [&hellip;]\" \/>\n<meta property=\"og:url\" content=\"https:\/\/www.24gliwice.pl\/wiadomosci\/miejsce-pocaluj-i-jedz-dla-rodzicow-pod-szkola-przy-ul-plockiej-postoj-tylko-przez-2-minuty\/\" \/>\n<meta property=\"og:site_name\" content=\"24GLIWICE - Portal Gliwice | codziennie nowe informacje\" \/>\n<meta property=\"article:publisher\" content=\"https:\/\/www.facebook.com\/24gliwice\" \/>\n<meta property=\"article:published_time\" content=\"2020-04-16T17:37:27+00:00\" \/>\n<meta property=\"og:image\" content=\"https:\/\/www.24gliwice.pl\/wiadomosci\/wp-content\/uploads\/2020\/04\/p\u0142ocka-zdm.jpg\" \/>\n\t<meta property=\"og:image:width\" content=\"810\" \/>\n\t<meta property=\"og:image:height\" content=\"457\" \/>\n\t<meta property=\"og:image:type\" content=\"image\/jpeg\" \/>\n<meta name=\"author\" content=\"\u017baneta Mrozek-Siewierska\" \/>\n<meta name=\"twitter:card\" content=\"summary_large_image\" \/>\n<meta name=\"twitter:creator\" content=\"@24gliwice\" \/>\n<meta name=\"twitter:site\" content=\"@24gliwice\" \/>\n<meta name=\"twitter:label1\" content=\"Napisane przez\" \/>\n\t<meta name=\"twitter:data1\" content=\"\u017baneta Mrozek-Siewierska\" \/>\n\t<meta name=\"twitter:label2\" content=\"Szacowany czas czytania\" \/>\n\t<meta name=\"twitter:data2\" content=\"1 minuta\" \/>\n<script type=\"application\/ld+json\" class=\"yoast-schema-graph\">{\"@context\":\"https:\\\/\\\/schema.org\",\"@graph\":[{\"@type\":\"Article\",\"@id\":\"https:\\\/\\\/www.24gliwice.pl\\\/wiadomosci\\\/miejsce-pocaluj-i-jedz-dla-rodzicow-pod-szkola-przy-ul-plockiej-postoj-tylko-przez-2-minuty\\\/#article\",\"isPartOf\":{\"@id\":\"https:\\\/\\\/www.24gliwice.pl\\\/wiadomosci\\\/miejsce-pocaluj-i-jedz-dla-rodzicow-pod-szkola-przy-ul-plockiej-postoj-tylko-przez-2-minuty\\\/\"},\"author\":{\"name\":\"\u017baneta Mrozek-Siewierska\",\"@id\":\"https:\\\/\\\/www.24gliwice.pl\\\/wiadomosci\\\/#\\\/schema\\\/person\\\/e42c650edd7f2fa332be3811fb166b6e\"},\"headline\":\"Miejsce &#8220;poca\u0142uj i jed\u017a&#8221; dla rodzic\u00f3w pod szko\u0142\u0105 przy ul. P\u0142ockiej. Post\u00f3j tylko przez 2 minuty\",\"datePublished\":\"2020-04-16T17:37:27+00:00\",\"mainEntityOfPage\":{\"@id\":\"https:\\\/\\\/www.24gliwice.pl\\\/wiadomosci\\\/miejsce-pocaluj-i-jedz-dla-rodzicow-pod-szkola-przy-ul-plockiej-postoj-tylko-przez-2-minuty\\\/\"},\"wordCount\":152,\"commentCount\":0,\"publisher\":{\"@id\":\"https:\\\/\\\/www.24gliwice.pl\\\/wiadomosci\\\/#organization\"},\"image\":{\"@id\":\"https:\\\/\\\/www.24gliwice.pl\\\/wiadomosci\\\/miejsce-pocaluj-i-jedz-dla-rodzicow-pod-szkola-przy-ul-plockiej-postoj-tylko-przez-2-minuty\\\/#primaryimage\"},\"thumbnailUrl\":\"https:\\\/\\\/www.24gliwice.pl\\\/wiadomosci\\\/wp-content\\\/uploads\\\/2020\\\/04\\\/p\u0142ocka-zdm.jpg\",\"keywords\":[\"kiss&amp;ride\",\"remont ulicy p\u0142ockiej\",\"ZDM\"],\"articleSection\":[\"Gliwice\",\"Najnowsze wiadomo\u015bci\"],\"inLanguage\":\"pl-PL\",\"potentialAction\":[{\"@type\":\"CommentAction\",\"name\":\"Comment\",\"target\":[\"https:\\\/\\\/www.24gliwice.pl\\\/wiadomosci\\\/miejsce-pocaluj-i-jedz-dla-rodzicow-pod-szkola-przy-ul-plockiej-postoj-tylko-przez-2-minuty\\\/#respond\"]}]},{\"@type\":\"WebPage\",\"@id\":\"https:\\\/\\\/www.24gliwice.pl\\\/wiadomosci\\\/miejsce-pocaluj-i-jedz-dla-rodzicow-pod-szkola-przy-ul-plockiej-postoj-tylko-przez-2-minuty\\\/\",\"url\":\"https:\\\/\\\/www.24gliwice.pl\\\/wiadomosci\\\/miejsce-pocaluj-i-jedz-dla-rodzicow-pod-szkola-przy-ul-plockiej-postoj-tylko-przez-2-minuty\\\/\",\"name\":\"Miejsce \\\"poca\u0142uj i jed\u017a\\\" dla rodzic\u00f3w pod szko\u0142\u0105 przy ul. P\u0142ockiej. Post\u00f3j tylko przez 2 minuty - 24GLIWICE - Portal Gliwice | codziennie nowe informacje\",\"isPartOf\":{\"@id\":\"https:\\\/\\\/www.24gliwice.pl\\\/wiadomosci\\\/#website\"},\"primaryImageOfPage\":{\"@id\":\"https:\\\/\\\/www.24gliwice.pl\\\/wiadomosci\\\/miejsce-pocaluj-i-jedz-dla-rodzicow-pod-szkola-przy-ul-plockiej-postoj-tylko-przez-2-minuty\\\/#primaryimage\"},\"image\":{\"@id\":\"https:\\\/\\\/www.24gliwice.pl\\\/wiadomosci\\\/miejsce-pocaluj-i-jedz-dla-rodzicow-pod-szkola-przy-ul-plockiej-postoj-tylko-przez-2-minuty\\\/#primaryimage\"},\"thumbnailUrl\":\"https:\\\/\\\/www.24gliwice.pl\\\/wiadomosci\\\/wp-content\\\/uploads\\\/2020\\\/04\\\/p\u0142ocka-zdm.jpg\",\"datePublished\":\"2020-04-16T17:37:27+00:00\",\"breadcrumb\":{\"@id\":\"https:\\\/\\\/www.24gliwice.pl\\\/wiadomosci\\\/miejsce-pocaluj-i-jedz-dla-rodzicow-pod-szkola-przy-ul-plockiej-postoj-tylko-przez-2-minuty\\\/#breadcrumb\"},\"inLanguage\":\"pl-PL\",\"potentialAction\":[{\"@type\":\"ReadAction\",\"target\":[\"https:\\\/\\\/www.24gliwice.pl\\\/wiadomosci\\\/miejsce-pocaluj-i-jedz-dla-rodzicow-pod-szkola-przy-ul-plockiej-postoj-tylko-przez-2-minuty\\\/\"]}]},{\"@type\":\"ImageObject\",\"inLanguage\":\"pl-PL\",\"@id\":\"https:\\\/\\\/www.24gliwice.pl\\\/wiadomosci\\\/miejsce-pocaluj-i-jedz-dla-rodzicow-pod-szkola-przy-ul-plockiej-postoj-tylko-przez-2-minuty\\\/#primaryimage\",\"url\":\"https:\\\/\\\/www.24gliwice.pl\\\/wiadomosci\\\/wp-content\\\/uploads\\\/2020\\\/04\\\/p\u0142ocka-zdm.jpg\",\"contentUrl\":\"https:\\\/\\\/www.24gliwice.pl\\\/wiadomosci\\\/wp-content\\\/uploads\\\/2020\\\/04\\\/p\u0142ocka-zdm.jpg\",\"width\":810,\"height\":457},{\"@type\":\"BreadcrumbList\",\"@id\":\"https:\\\/\\\/www.24gliwice.pl\\\/wiadomosci\\\/miejsce-pocaluj-i-jedz-dla-rodzicow-pod-szkola-przy-ul-plockiej-postoj-tylko-przez-2-minuty\\\/#breadcrumb\",\"itemListElement\":[{\"@type\":\"ListItem\",\"position\":1,\"name\":\"Strona g\u0142\u00f3wna\",\"item\":\"https:\\\/\\\/www.24gliwice.pl\\\/wiadomosci\\\/\"},{\"@type\":\"ListItem\",\"position\":2,\"name\":\"Miejsce &#8222;poca\u0142uj i jed\u017a&#8221; dla rodzic\u00f3w pod szko\u0142\u0105 przy ul. P\u0142ockiej. Post\u00f3j tylko przez 2 minuty\"}]},{\"@type\":\"WebSite\",\"@id\":\"https:\\\/\\\/www.24gliwice.pl\\\/wiadomosci\\\/#website\",\"url\":\"https:\\\/\\\/www.24gliwice.pl\\\/wiadomosci\\\/\",\"name\":\"24GLIWICE - Portal Gliwice | codziennie nowe wiadomo\u015bci\",\"description\":\"Portal Miejski Gliwice\",\"publisher\":{\"@id\":\"https:\\\/\\\/www.24gliwice.pl\\\/wiadomosci\\\/#organization\"},\"potentialAction\":[{\"@type\":\"SearchAction\",\"target\":{\"@type\":\"EntryPoint\",\"urlTemplate\":\"https:\\\/\\\/www.24gliwice.pl\\\/wiadomosci\\\/?s={search_term_string}\"},\"query-input\":{\"@type\":\"PropertyValueSpecification\",\"valueRequired\":true,\"valueName\":\"search_term_string\"}}],\"inLanguage\":\"pl-PL\"},{\"@type\":\"Organization\",\"@id\":\"https:\\\/\\\/www.24gliwice.pl\\\/wiadomosci\\\/#organization\",\"name\":\"24gliwice\",\"url\":\"https:\\\/\\\/www.24gliwice.pl\\\/wiadomosci\\\/\",\"logo\":{\"@type\":\"ImageObject\",\"inLanguage\":\"pl-PL\",\"@id\":\"https:\\\/\\\/www.24gliwice.pl\\\/wiadomosci\\\/#\\\/schema\\\/logo\\\/image\\\/\",\"url\":\"https:\\\/\\\/www.24gliwice.pl\\\/wiadomosci\\\/wp-content\\\/uploads\\\/2024\\\/10\\\/24gliwice-logo-696.jpg\",\"contentUrl\":\"https:\\\/\\\/www.24gliwice.pl\\\/wiadomosci\\\/wp-content\\\/uploads\\\/2024\\\/10\\\/24gliwice-logo-696.jpg\",\"width\":696,\"height\":696,\"caption\":\"24gliwice\"},\"image\":{\"@id\":\"https:\\\/\\\/www.24gliwice.pl\\\/wiadomosci\\\/#\\\/schema\\\/logo\\\/image\\\/\"},\"sameAs\":[\"https:\\\/\\\/www.facebook.com\\\/24gliwice\",\"https:\\\/\\\/x.com\\\/24gliwice\",\"https:\\\/\\\/www.youtube.com\\\/@24gliwice\"]},{\"@type\":\"Person\",\"@id\":\"https:\\\/\\\/www.24gliwice.pl\\\/wiadomosci\\\/#\\\/schema\\\/person\\\/e42c650edd7f2fa332be3811fb166b6e\",\"name\":\"\u017baneta Mrozek-Siewierska\",\"image\":{\"@type\":\"ImageObject\",\"inLanguage\":\"pl-PL\",\"@id\":\"https:\\\/\\\/secure.gravatar.com\\\/avatar\\\/1881429e9c64597c77ad7aef2d0a19be69a3253e57534d16aa15bf3a4d34a0a3?s=96&d=mm&r=g\",\"url\":\"https:\\\/\\\/secure.gravatar.com\\\/avatar\\\/1881429e9c64597c77ad7aef2d0a19be69a3253e57534d16aa15bf3a4d34a0a3?s=96&d=mm&r=g\",\"contentUrl\":\"https:\\\/\\\/secure.gravatar.com\\\/avatar\\\/1881429e9c64597c77ad7aef2d0a19be69a3253e57534d16aa15bf3a4d34a0a3?s=96&d=mm&r=g\",\"caption\":\"\u017baneta Mrozek-Siewierska\"},\"url\":\"https:\\\/\\\/www.24gliwice.pl\\\/wiadomosci\\\/author\\\/zms\\\/\"}]}<\/script>\n<!-- \/ Yoast SEO plugin. -->","yoast_head_json":{"title":"Miejsce \"poca\u0142uj i jed\u017a\" dla rodzic\u00f3w pod szko\u0142\u0105 przy ul. P\u0142ockiej. Post\u00f3j tylko przez 2 minuty - 24GLIWICE - Portal Gliwice | codziennie nowe informacje","robots":{"index":"index","follow":"follow","max-snippet":"max-snippet:-1","max-image-preview":"max-image-preview:large","max-video-preview":"max-video-preview:-1"},"canonical":"https:\/\/www.24gliwice.pl\/wiadomosci\/miejsce-pocaluj-i-jedz-dla-rodzicow-pod-szkola-przy-ul-plockiej-postoj-tylko-przez-2-minuty\/","og_locale":"pl_PL","og_type":"article","og_title":"Miejsce \"poca\u0142uj i jed\u017a\" dla rodzic\u00f3w pod szko\u0142\u0105 przy ul. P\u0142ockiej. Post\u00f3j tylko przez 2 minuty - 24GLIWICE - Portal Gliwice | codziennie nowe informacje","og_description":"Trwaj\u0105 prace przy ul P\u0142ockiej \u2013 zako\u0144czy\u0142a si\u0119 budowa chodnika, w toku jest remont nawierzchni jezdni, wydzielono te\u017c miejsce, w kt\u00f3rym rodzice odwo\u017c\u0105cy dzieci do szko\u0142y b\u0119d\u0105 mogli na chwil\u0119 zatrzyma\u0107 samoch\u00f3d. \u2013 Remont ul. P\u0142ockiej trwa od tygodnia. Gotowy jest ju\u017c chodnik zapewniaj\u0105cy dzieciom bezpieczne dotarcie do szko\u0142y, wydzielono te\u017c miejsce, w kt\u00f3rym rodzice [&hellip;]","og_url":"https:\/\/www.24gliwice.pl\/wiadomosci\/miejsce-pocaluj-i-jedz-dla-rodzicow-pod-szkola-przy-ul-plockiej-postoj-tylko-przez-2-minuty\/","og_site_name":"24GLIWICE - Portal Gliwice | codziennie nowe informacje","article_publisher":"https:\/\/www.facebook.com\/24gliwice","article_published_time":"2020-04-16T17:37:27+00:00","og_image":[{"width":810,"height":457,"url":"https:\/\/www.24gliwice.pl\/wiadomosci\/wp-content\/uploads\/2020\/04\/p\u0142ocka-zdm.jpg","type":"image\/jpeg"}],"author":"\u017baneta Mrozek-Siewierska","twitter_card":"summary_large_image","twitter_creator":"@24gliwice","twitter_site":"@24gliwice","twitter_misc":{"Napisane przez":"\u017baneta Mrozek-Siewierska","Szacowany czas czytania":"1 minuta"},"schema":{"@context":"https:\/\/schema.org","@graph":[{"@type":"Article","@id":"https:\/\/www.24gliwice.pl\/wiadomosci\/miejsce-pocaluj-i-jedz-dla-rodzicow-pod-szkola-przy-ul-plockiej-postoj-tylko-przez-2-minuty\/#article","isPartOf":{"@id":"https:\/\/www.24gliwice.pl\/wiadomosci\/miejsce-pocaluj-i-jedz-dla-rodzicow-pod-szkola-przy-ul-plockiej-postoj-tylko-przez-2-minuty\/"},"author":{"name":"\u017baneta Mrozek-Siewierska","@id":"https:\/\/www.24gliwice.pl\/wiadomosci\/#\/schema\/person\/e42c650edd7f2fa332be3811fb166b6e"},"headline":"Miejsce &#8220;poca\u0142uj i jed\u017a&#8221; dla rodzic\u00f3w pod szko\u0142\u0105 przy ul. P\u0142ockiej. Post\u00f3j tylko przez 2 minuty","datePublished":"2020-04-16T17:37:27+00:00","mainEntityOfPage":{"@id":"https:\/\/www.24gliwice.pl\/wiadomosci\/miejsce-pocaluj-i-jedz-dla-rodzicow-pod-szkola-przy-ul-plockiej-postoj-tylko-przez-2-minuty\/"},"wordCount":152,"commentCount":0,"publisher":{"@id":"https:\/\/www.24gliwice.pl\/wiadomosci\/#organization"},"image":{"@id":"https:\/\/www.24gliwice.pl\/wiadomosci\/miejsce-pocaluj-i-jedz-dla-rodzicow-pod-szkola-przy-ul-plockiej-postoj-tylko-przez-2-minuty\/#primaryimage"},"thumbnailUrl":"https:\/\/www.24gliwice.pl\/wiadomosci\/wp-content\/uploads\/2020\/04\/p\u0142ocka-zdm.jpg","keywords":["kiss&amp;ride","remont ulicy p\u0142ockiej","ZDM"],"articleSection":["Gliwice","Najnowsze wiadomo\u015bci"],"inLanguage":"pl-PL","potentialAction":[{"@type":"CommentAction","name":"Comment","target":["https:\/\/www.24gliwice.pl\/wiadomosci\/miejsce-pocaluj-i-jedz-dla-rodzicow-pod-szkola-przy-ul-plockiej-postoj-tylko-przez-2-minuty\/#respond"]}]},{"@type":"WebPage","@id":"https:\/\/www.24gliwice.pl\/wiadomosci\/miejsce-pocaluj-i-jedz-dla-rodzicow-pod-szkola-przy-ul-plockiej-postoj-tylko-przez-2-minuty\/","url":"https:\/\/www.24gliwice.pl\/wiadomosci\/miejsce-pocaluj-i-jedz-dla-rodzicow-pod-szkola-przy-ul-plockiej-postoj-tylko-przez-2-minuty\/","name":"Miejsce \"poca\u0142uj i jed\u017a\" dla rodzic\u00f3w pod szko\u0142\u0105 przy ul. P\u0142ockiej. Post\u00f3j tylko przez 2 minuty - 24GLIWICE - Portal Gliwice | codziennie nowe informacje","isPartOf":{"@id":"https:\/\/www.24gliwice.pl\/wiadomosci\/#website"},"primaryImageOfPage":{"@id":"https:\/\/www.24gliwice.pl\/wiadomosci\/miejsce-pocaluj-i-jedz-dla-rodzicow-pod-szkola-przy-ul-plockiej-postoj-tylko-przez-2-minuty\/#primaryimage"},"image":{"@id":"https:\/\/www.24gliwice.pl\/wiadomosci\/miejsce-pocaluj-i-jedz-dla-rodzicow-pod-szkola-przy-ul-plockiej-postoj-tylko-przez-2-minuty\/#primaryimage"},"thumbnailUrl":"https:\/\/www.24gliwice.pl\/wiadomosci\/wp-content\/uploads\/2020\/04\/p\u0142ocka-zdm.jpg","datePublished":"2020-04-16T17:37:27+00:00","breadcrumb":{"@id":"https:\/\/www.24gliwice.pl\/wiadomosci\/miejsce-pocaluj-i-jedz-dla-rodzicow-pod-szkola-przy-ul-plockiej-postoj-tylko-przez-2-minuty\/#breadcrumb"},"inLanguage":"pl-PL","potentialAction":[{"@type":"ReadAction","target":["https:\/\/www.24gliwice.pl\/wiadomosci\/miejsce-pocaluj-i-jedz-dla-rodzicow-pod-szkola-przy-ul-plockiej-postoj-tylko-przez-2-minuty\/"]}]},{"@type":"ImageObject","inLanguage":"pl-PL","@id":"https:\/\/www.24gliwice.pl\/wiadomosci\/miejsce-pocaluj-i-jedz-dla-rodzicow-pod-szkola-przy-ul-plockiej-postoj-tylko-przez-2-minuty\/#primaryimage","url":"https:\/\/www.24gliwice.pl\/wiadomosci\/wp-content\/uploads\/2020\/04\/p\u0142ocka-zdm.jpg","contentUrl":"https:\/\/www.24gliwice.pl\/wiadomosci\/wp-content\/uploads\/2020\/04\/p\u0142ocka-zdm.jpg","width":810,"height":457},{"@type":"BreadcrumbList","@id":"https:\/\/www.24gliwice.pl\/wiadomosci\/miejsce-pocaluj-i-jedz-dla-rodzicow-pod-szkola-przy-ul-plockiej-postoj-tylko-przez-2-minuty\/#breadcrumb","itemListElement":[{"@type":"ListItem","position":1,"name":"Strona g\u0142\u00f3wna","item":"https:\/\/www.24gliwice.pl\/wiadomosci\/"},{"@type":"ListItem","position":2,"name":"Miejsce &#8222;poca\u0142uj i jed\u017a&#8221; dla rodzic\u00f3w pod szko\u0142\u0105 przy ul. P\u0142ockiej. Post\u00f3j tylko przez 2 minuty"}]},{"@type":"WebSite","@id":"https:\/\/www.24gliwice.pl\/wiadomosci\/#website","url":"https:\/\/www.24gliwice.pl\/wiadomosci\/","name":"24GLIWICE - Portal Gliwice | codziennie nowe wiadomo\u015bci","description":"Portal Miejski Gliwice","publisher":{"@id":"https:\/\/www.24gliwice.pl\/wiadomosci\/#organization"},"potentialAction":[{"@type":"SearchAction","target":{"@type":"EntryPoint","urlTemplate":"https:\/\/www.24gliwice.pl\/wiadomosci\/?s={search_term_string}"},"query-input":{"@type":"PropertyValueSpecification","valueRequired":true,"valueName":"search_term_string"}}],"inLanguage":"pl-PL"},{"@type":"Organization","@id":"https:\/\/www.24gliwice.pl\/wiadomosci\/#organization","name":"24gliwice","url":"https:\/\/www.24gliwice.pl\/wiadomosci\/","logo":{"@type":"ImageObject","inLanguage":"pl-PL","@id":"https:\/\/www.24gliwice.pl\/wiadomosci\/#\/schema\/logo\/image\/","url":"https:\/\/www.24gliwice.pl\/wiadomosci\/wp-content\/uploads\/2024\/10\/24gliwice-logo-696.jpg","contentUrl":"https:\/\/www.24gliwice.pl\/wiadomosci\/wp-content\/uploads\/2024\/10\/24gliwice-logo-696.jpg","width":696,"height":696,"caption":"24gliwice"},"image":{"@id":"https:\/\/www.24gliwice.pl\/wiadomosci\/#\/schema\/logo\/image\/"},"sameAs":["https:\/\/www.facebook.com\/24gliwice","https:\/\/x.com\/24gliwice","https:\/\/www.youtube.com\/@24gliwice"]},{"@type":"Person","@id":"https:\/\/www.24gliwice.pl\/wiadomosci\/#\/schema\/person\/e42c650edd7f2fa332be3811fb166b6e","name":"\u017baneta Mrozek-Siewierska","image":{"@type":"ImageObject","inLanguage":"pl-PL","@id":"https:\/\/secure.gravatar.com\/avatar\/1881429e9c64597c77ad7aef2d0a19be69a3253e57534d16aa15bf3a4d34a0a3?s=96&d=mm&r=g","url":"https:\/\/secure.gravatar.com\/avatar\/1881429e9c64597c77ad7aef2d0a19be69a3253e57534d16aa15bf3a4d34a0a3?s=96&d=mm&r=g","contentUrl":"https:\/\/secure.gravatar.com\/avatar\/1881429e9c64597c77ad7aef2d0a19be69a3253e57534d16aa15bf3a4d34a0a3?s=96&d=mm&r=g","caption":"\u017baneta Mrozek-Siewierska"},"url":"https:\/\/www.24gliwice.pl\/wiadomosci\/author\/zms\/"}]}},"_links":{"self":[{"href":"https:\/\/www.24gliwice.pl\/wiadomosci\/wp-json\/wp\/v2\/posts\/150360","targetHints":{"allow":["GET"]}}],"collection":[{"href":"https:\/\/www.24gliwice.pl\/wiadomosci\/wp-json\/wp\/v2\/posts"}],"about":[{"href":"https:\/\/www.24gliwice.pl\/wiadomosci\/wp-json\/wp\/v2\/types\/post"}],"author":[{"embeddable":true,"href":"https:\/\/www.24gliwice.pl\/wiadomosci\/wp-json\/wp\/v2\/users\/15"}],"replies":[{"embeddable":true,"href":"https:\/\/www.24gliwice.pl\/wiadomosci\/wp-json\/wp\/v2\/comments?post=150360"}],"version-history":[{"count":0,"href":"https:\/\/www.24gliwice.pl\/wiadomosci\/wp-json\/wp\/v2\/posts\/150360\/revisions"}],"wp:featuredmedia":[{"embeddable":true,"href":"https:\/\/www.24gliwice.pl\/wiadomosci\/wp-json\/wp\/v2\/media\/150364"}],"wp:attachment":[{"href":"https:\/\/www.24gliwice.pl\/wiadomosci\/wp-json\/wp\/v2\/media?parent=150360"}],"wp:term":[{"taxonomy":"category","embeddable":true,"href":"https:\/\/www.24gliwice.pl\/wiadomosci\/wp-json\/wp\/v2\/categories?post=150360"},{"taxonomy":"post_tag","embeddable":true,"href":"https:\/\/www.24gliwice.pl\/wiadomosci\/wp-json\/wp\/v2\/tags?post=150360"}],"curies":[{"name":"wp","href":"https:\/\/api.w.org\/{rel}","templated":true}]}}