{"id":150483,"date":"2020-04-19T18:06:50","date_gmt":"2020-04-19T16:06:50","guid":{"rendered":"https:\/\/www.24gliwice.pl\/wiadomosci\/?p=150483"},"modified":"2020-04-19T18:27:33","modified_gmt":"2020-04-19T16:27:33","slug":"ksiadz-zdezynfekuje-rece-przy-rozdaniu-komunii-ale-nie-musi-miec-maski-szczegolowe-wskazania-kurii","status":"publish","type":"post","link":"https:\/\/www.24gliwice.pl\/wiadomosci\/ksiadz-zdezynfekuje-rece-przy-rozdaniu-komunii-ale-nie-musi-miec-maski-szczegolowe-wskazania-kurii\/","title":{"rendered":"Wracaj\u0105 msze z udzia\u0142em wiernych. Przy komunii dezynfekcja r\u0105k, ksi\u0119\u017ca nie musz\u0105 zas\u0142ania\u0107 nosa i ust"},"content":{"rendered":"<div class=\"gliwi-a6-nad-leadem-artykulow gliwi-entity-placement\" id=\"gliwi-3198441085\"><div class=\"gliwi-adlabel\"><span style=\"font-size: 9px\">REKLAMA<\/span><\/div><div id=\"gliwi-504446649\" style=\"margin-bottom: 30px;margin-left: auto;margin-right: auto;text-align: center;\"><a data-no-instant=\"1\" href=\"https:\/\/przedszkole.halogen.org.pl\/\" rel=\"noopener\" class=\"a2t-link\" target=\"_blank\" aria-label=\"20260402-ANIMATOR-przedszkole_grafika_750x200\"><img loading=\"lazy\" decoding=\"async\" src=\"https:\/\/www.24gliwice.pl\/wiadomosci\/wp-content\/uploads\/2026\/04\/20260402-ANIMATOR-przedszkole_grafika_750x200.webp\" alt=\"\"  srcset=\"https:\/\/www.24gliwice.pl\/wiadomosci\/wp-content\/uploads\/2026\/04\/20260402-ANIMATOR-przedszkole_grafika_750x200.webp 750w, https:\/\/www.24gliwice.pl\/wiadomosci\/wp-content\/uploads\/2026\/04\/20260402-ANIMATOR-przedszkole_grafika_750x200-410x109.webp 410w\" sizes=\"(max-width: 750px) 100vw, 750px\" class=\"no-lazyload\" width=\"750\" height=\"200\"  style=\"display: inline-block; max-width: 100%; height: auto;\" \/><\/a><\/div><\/div><h3>Biskup Gliwicki podtrzymuje dyspens\u0119 od obowi\u0105zku uczestnictwa w mszach, zach\u0119caj\u0105c do pozostania w domach i udzia\u0142u w nabo\u017ce\u0144stwach za po\u015brednictwem \u015brodk\u00f3w przekazu. Dopuszcza jednak mo\u017cliwo\u015b\u0107 odprawiania liturgii z udzia\u0142em wiernych.<\/h3>\n<p>Na stronie Diecezji opublikowano kolejne wskazania, jakie nale\u017cy stosowa\u0107 na terenie diecezji w zwi\u0105zku z wprowadzonym stanem epidemii. Dotycz\u0105 uczestnictwa w pogrzebach i mszach.<\/p>\n<p>Zgodnie ze z\u0142agodzonym rz\u0105dowym ograniczeniem obowi\u0105zuj\u0105cym od 20 kwietnia, Biskup zezwala na odprawianie obrz\u0119d\u00f3w przy takiej liczbie uczestnik\u00f3w, by na jedn\u0105 osob\u0119 przypada\u0142o 15 m2 powierzchni u\u017cytkowej ko\u015bcio\u0142a.<\/p><div class=\"gliwi-a3-w-tresci-artykulow gliwi-entity-placement\" id=\"gliwi-1039331506\"><div class=\"gliwi-adlabel\"><span style=\"font-size: 9px\">REKLAMA<\/span><\/div><div id=\"gliwi-2363902662\" style=\"margin-bottom: 30px;margin-left: auto;margin-right: auto;text-align: center;\"><a data-no-instant=\"1\" href=\"https:\/\/zlobek.halogen.org.pl\/\" rel=\"noopener\" class=\"a2t-link\" target=\"_blank\" aria-label=\"animator-zlobek_750x200\"><img loading=\"lazy\" decoding=\"async\" src=\"https:\/\/www.24gliwice.pl\/wiadomosci\/wp-content\/uploads\/2026\/02\/animator-zlobek_750x200.webp\" alt=\"\"  srcset=\"https:\/\/www.24gliwice.pl\/wiadomosci\/wp-content\/uploads\/2026\/02\/animator-zlobek_750x200.webp 750w, https:\/\/www.24gliwice.pl\/wiadomosci\/wp-content\/uploads\/2026\/02\/animator-zlobek_750x200-410x109.webp 410w\" sizes=\"(max-width: 750px) 100vw, 750px\" class=\"no-lazyload\" width=\"750\" height=\"200\"  style=\"display: inline-block; max-width: 100%; height: auto;\" \/><\/a><\/div><\/div>\n<h4>Ksi\u0119\u017ca nie b\u0119d\u0105 musieli mie\u0107 podczas ich sprawowania zas\u0142oni\u0119tych ust oraz nosa.<\/h4>\n<p>Obowi\u0105zkowo b\u0119d\u0105 natomiast dezynfekowa\u0107 r\u0119ce zar\u00f3wno przed, jak i po rozdaniu komunii, kt\u00f3r\u0105 z kolei najlepiej przyjmowa\u0107 na r\u0119k\u0119. Pe\u0142n\u0105 tre\u015b\u0107 wskaza\u0144 Biskupa Gliwickiego z 19 kwietnia publikujemy poni\u017cej.<\/p>\n<p>(nmm)\/kuria.gliwice.pl<br \/>\nfot. 24gliwice.pl\/MF<\/p>\n<hr>\n<p style=\"padding-left: 40px;\"><em>W nawi\u0105zaniu do Rozporz\u0105dzenia Rady Ministr\u00f3w w sprawie ustanowienia okre\u015blonych ogranicze\u0144, nakaz\u00f3w i zakaz\u00f3w w zwi\u0105zku z wyst\u0105pieniem stanu epidemii, zmienia si\u0119 dotychczasowe postanowienia w nast\u0119puj\u0105cy spos\u00f3b:<\/em><\/p>\n<p style=\"padding-left: 40px;\"><em>1. Utrzymane zostaj\u0105 w mocy postanowienia Dekretu nr 363\/20\/A z dnia 25 marca 2020 roku oraz Komunikatu z dnia 10 kwietnia 2020 roku.<\/em><\/p>\n<p style=\"padding-left: 40px;\"><em>2. Do odwo\u0142ania pozostaje w mocy dyspensa od obowi\u0105zku uczestniczenia we Mszy \u015bw. niedzielnej oraz w \u015bwi\u0119ta nakazane z dnia 12 marca 2020 roku o czym nale\u017cy poinformowa\u0107 wszystkich parafian i jednocze\u015bnie w dalszym ci\u0105gu zach\u0119ca\u0107 ich do uczestniczenia we Mszy \u015awi\u0119tej za po\u015brednictwem radia, telewizji lub internetu.<\/em><\/p>\n<p style=\"padding-left: 40px;\"><em>3. Zezwala si\u0119 na odprawianie Mszy \u015bw. z ludem z zastrze\u017ceniem, \u017ce w ko\u015bciele mo\u017ce przebywa\u0107 maksymalnie taka ilo\u015b\u0107 os\u00f3b, aby na jednego wiernego przypada\u0142o co najmniej 15 m\u00b2 powierzchni u\u017cytkowej ko\u015bcio\u0142a.<\/em><\/p>\n<p style=\"padding-left: 40px;\"><em>4. Przypomina si\u0119, \u017ce osoby przebywaj\u0105ce w ko\u015bciele lub na cmentarzu zobowi\u0105zane s\u0105 do zachowania sanitarnych wymog\u00f3w bezpiecze\u0144stwa, w tym maj\u0105 mie\u0107 zas\u0142oni\u0119te usta i nos. <strong>Z obowi\u0105zku zakrywania ust i nosa zwolnieni s\u0105 duchowni w czasie sprawowania obrz\u0119d\u00f3w religijnych.<\/strong><\/em><\/p>\n<p style=\"padding-left: 40px;\"><em>5. Do Komunii \u015bw. nale\u017cy podchodzi\u0107 z zachowaniem odpowiedniej odleg\u0142o\u015bci mi\u0119dzy poszczeg\u00f3lnymi osobami. Zaleca si\u0119, aby Komuni\u0119 \u015bw. przyjmowa\u0107 na r\u0119k\u0119. Natomiast osoby przyjmuj\u0105ce Komuni\u0119 \u015bw. do ust powinny przyjmowa\u0107 j\u0105 na ko\u0144cu.<\/em><\/p>\n<p style=\"padding-left: 40px;\"><em>6. Kap\u0142an udzielaj\u0105cy Komunii \u015bw. musi obowi\u0105zkowo zdezynfekowa\u0107 r\u0119ce zar\u00f3wno przed jej rozdaniem, jak i po zako\u0144czeniu obrz\u0119du.<\/em><\/p>\n<p style=\"padding-left: 40px;\"><em>7. Kolejne wskazania b\u0119d\u0105 publikowane w miar\u0119 og\u0142aszania nowych wytycznych przez w\u0142adze pa\u0144stwowe.<\/em><\/p>\n<p style=\"padding-left: 40px;\"><em>+ Jan Kopiec<\/em><br \/>\n<em>Biskup Gliwicki<\/em><\/p>\n<div class=\"gliwi-a5-na-koncu-artykulow gliwi-entity-placement\" id=\"gliwi-2683276841\"><div class=\"gliwi-adlabel\"><span style=\"font-size: 9px\">REKLAMA<\/span><\/div><div id=\"gliwi-2659988648\" style=\"margin-left: auto;margin-right: auto;text-align: center;\"><a data-no-instant=\"1\" href=\"https:\/\/prezeroarenagliwice.pl\/\" rel=\"noopener\" class=\"a2t-link\" target=\"_blank\" aria-label=\"20260309-PREZERO-WIOSNA-D\"><img loading=\"lazy\" decoding=\"async\" src=\"https:\/\/www.24gliwice.pl\/wiadomosci\/wp-content\/uploads\/2026\/03\/20260309-PREZERO-WIOSNA-D.webp\" alt=\"\"  srcset=\"https:\/\/www.24gliwice.pl\/wiadomosci\/wp-content\/uploads\/2026\/03\/20260309-PREZERO-WIOSNA-D.webp 750w, https:\/\/www.24gliwice.pl\/wiadomosci\/wp-content\/uploads\/2026\/03\/20260309-PREZERO-WIOSNA-D-410x109.webp 410w\" sizes=\"(max-width: 750px) 100vw, 750px\" class=\"no-lazyload\" width=\"750\" height=\"200\"  style=\"display: inline-block; max-width: 100%; height: auto;\" \/><\/a><\/div><\/div>","protected":false},"excerpt":{"rendered":"<p>Biskup Gliwicki podtrzymuje dyspens\u0119 od obowi\u0105zku uczestnictwa w mszach, zach\u0119caj\u0105c do pozostania w domach i udzia\u0142u w nabo\u017ce\u0144stwach za po\u015brednictwem \u015brodk\u00f3w przekazu. Dopuszcza jednak mo\u017cliwo\u015b\u0107 odprawiania liturgii z udzia\u0142em wiernych. Na stronie Diecezji opublikowano kolejne wskazania, jakie nale\u017cy stosowa\u0107 na terenie diecezji w zwi\u0105zku z wprowadzonym stanem epidemii. Dotycz\u0105 uczestnictwa w pogrzebach i mszach. Zgodnie [&hellip;]<\/p>\n","protected":false},"author":15,"featured_media":150492,"comment_status":"open","ping_status":"closed","sticky":false,"template":"","format":"standard","meta":{"_monsterinsights_skip_tracking":false,"_monsterinsights_sitenote_active":false,"_monsterinsights_sitenote_note":"","_monsterinsights_sitenote_category":0,"footnotes":"","_links_to":"","_links_to_target":""},"categories":[3,1],"tags":[8907,8457,17708,8906,17765,8458],"class_list":["post-150483","post","type-post","status-publish","format-standard","has-post-thumbnail","hentry","category-gliwice","category-wszystko","tag-diecezja","tag-epidemia","tag-koronawirus","tag-kuria","tag-kwarantanna","tag-pandemia"],"yoast_head":"<!-- This site is optimized with the Yoast SEO plugin v27.5 - https:\/\/yoast.com\/product\/yoast-seo-wordpress\/ -->\n<title>Wracaj\u0105 msze z udzia\u0142em wiernych. Przy komunii dezynfekcja r\u0105k, ksi\u0119\u017ca nie musz\u0105 zas\u0142ania\u0107 nosa i ust - 24GLIWICE - Portal Gliwice | codziennie nowe informacje<\/title>\n<meta name=\"robots\" content=\"index, follow, max-snippet:-1, max-image-preview:large, max-video-preview:-1\" \/>\n<link rel=\"canonical\" href=\"https:\/\/www.24gliwice.pl\/wiadomosci\/ksiadz-zdezynfekuje-rece-przy-rozdaniu-komunii-ale-nie-musi-miec-maski-szczegolowe-wskazania-kurii\/\" \/>\n<meta property=\"og:locale\" content=\"pl_PL\" \/>\n<meta property=\"og:type\" content=\"article\" \/>\n<meta property=\"og:title\" content=\"Wracaj\u0105 msze z udzia\u0142em wiernych. Przy komunii dezynfekcja r\u0105k, ksi\u0119\u017ca nie musz\u0105 zas\u0142ania\u0107 nosa i ust - 24GLIWICE - Portal Gliwice | codziennie nowe informacje\" \/>\n<meta property=\"og:description\" content=\"Biskup Gliwicki podtrzymuje dyspens\u0119 od obowi\u0105zku uczestnictwa w mszach, zach\u0119caj\u0105c do pozostania w domach i udzia\u0142u w nabo\u017ce\u0144stwach za po\u015brednictwem \u015brodk\u00f3w przekazu. Dopuszcza jednak mo\u017cliwo\u015b\u0107 odprawiania liturgii z udzia\u0142em wiernych. Na stronie Diecezji opublikowano kolejne wskazania, jakie nale\u017cy stosowa\u0107 na terenie diecezji w zwi\u0105zku z wprowadzonym stanem epidemii. Dotycz\u0105 uczestnictwa w pogrzebach i mszach. Zgodnie [&hellip;]\" \/>\n<meta property=\"og:url\" content=\"https:\/\/www.24gliwice.pl\/wiadomosci\/ksiadz-zdezynfekuje-rece-przy-rozdaniu-komunii-ale-nie-musi-miec-maski-szczegolowe-wskazania-kurii\/\" \/>\n<meta property=\"og:site_name\" content=\"24GLIWICE - Portal Gliwice | codziennie nowe informacje\" \/>\n<meta property=\"article:publisher\" content=\"https:\/\/www.facebook.com\/24gliwice\" \/>\n<meta property=\"article:published_time\" content=\"2020-04-19T16:06:50+00:00\" \/>\n<meta property=\"article:modified_time\" content=\"2020-04-19T16:27:33+00:00\" \/>\n<meta property=\"og:image\" content=\"https:\/\/www.24gliwice.pl\/wiadomosci\/wp-content\/uploads\/2020\/04\/kuria-3-001.jpg\" \/>\n\t<meta property=\"og:image:width\" content=\"810\" \/>\n\t<meta property=\"og:image:height\" content=\"456\" \/>\n\t<meta property=\"og:image:type\" content=\"image\/jpeg\" \/>\n<meta name=\"author\" content=\"\u017baneta Mrozek-Siewierska\" \/>\n<meta name=\"twitter:card\" content=\"summary_large_image\" \/>\n<meta name=\"twitter:creator\" content=\"@24gliwice\" \/>\n<meta name=\"twitter:site\" content=\"@24gliwice\" \/>\n<meta name=\"twitter:label1\" content=\"Napisane przez\" \/>\n\t<meta name=\"twitter:data1\" content=\"\u017baneta Mrozek-Siewierska\" \/>\n\t<meta name=\"twitter:label2\" content=\"Szacowany czas czytania\" \/>\n\t<meta name=\"twitter:data2\" content=\"2 minuty\" \/>\n<script type=\"application\/ld+json\" class=\"yoast-schema-graph\">{\"@context\":\"https:\\\/\\\/schema.org\",\"@graph\":[{\"@type\":\"Article\",\"@id\":\"https:\\\/\\\/www.24gliwice.pl\\\/wiadomosci\\\/ksiadz-zdezynfekuje-rece-przy-rozdaniu-komunii-ale-nie-musi-miec-maski-szczegolowe-wskazania-kurii\\\/#article\",\"isPartOf\":{\"@id\":\"https:\\\/\\\/www.24gliwice.pl\\\/wiadomosci\\\/ksiadz-zdezynfekuje-rece-przy-rozdaniu-komunii-ale-nie-musi-miec-maski-szczegolowe-wskazania-kurii\\\/\"},\"author\":{\"name\":\"\u017baneta Mrozek-Siewierska\",\"@id\":\"https:\\\/\\\/www.24gliwice.pl\\\/wiadomosci\\\/#\\\/schema\\\/person\\\/e42c650edd7f2fa332be3811fb166b6e\"},\"headline\":\"Wracaj\u0105 msze z udzia\u0142em wiernych. Przy komunii dezynfekcja r\u0105k, ksi\u0119\u017ca nie musz\u0105 zas\u0142ania\u0107 nosa i ust\",\"datePublished\":\"2020-04-19T16:06:50+00:00\",\"dateModified\":\"2020-04-19T16:27:33+00:00\",\"mainEntityOfPage\":{\"@id\":\"https:\\\/\\\/www.24gliwice.pl\\\/wiadomosci\\\/ksiadz-zdezynfekuje-rece-przy-rozdaniu-komunii-ale-nie-musi-miec-maski-szczegolowe-wskazania-kurii\\\/\"},\"wordCount\":464,\"commentCount\":0,\"publisher\":{\"@id\":\"https:\\\/\\\/www.24gliwice.pl\\\/wiadomosci\\\/#organization\"},\"image\":{\"@id\":\"https:\\\/\\\/www.24gliwice.pl\\\/wiadomosci\\\/ksiadz-zdezynfekuje-rece-przy-rozdaniu-komunii-ale-nie-musi-miec-maski-szczegolowe-wskazania-kurii\\\/#primaryimage\"},\"thumbnailUrl\":\"https:\\\/\\\/www.24gliwice.pl\\\/wiadomosci\\\/wp-content\\\/uploads\\\/2020\\\/04\\\/kuria-3-001.jpg\",\"keywords\":[\"diecezja\",\"EPIDEMIA\",\"KORONAWIRUS\",\"kuria\",\"KWARANTANNA\",\"PANDEMIA\"],\"articleSection\":[\"Gliwice\",\"Najnowsze wiadomo\u015bci\"],\"inLanguage\":\"pl-PL\",\"potentialAction\":[{\"@type\":\"CommentAction\",\"name\":\"Comment\",\"target\":[\"https:\\\/\\\/www.24gliwice.pl\\\/wiadomosci\\\/ksiadz-zdezynfekuje-rece-przy-rozdaniu-komunii-ale-nie-musi-miec-maski-szczegolowe-wskazania-kurii\\\/#respond\"]}]},{\"@type\":\"WebPage\",\"@id\":\"https:\\\/\\\/www.24gliwice.pl\\\/wiadomosci\\\/ksiadz-zdezynfekuje-rece-przy-rozdaniu-komunii-ale-nie-musi-miec-maski-szczegolowe-wskazania-kurii\\\/\",\"url\":\"https:\\\/\\\/www.24gliwice.pl\\\/wiadomosci\\\/ksiadz-zdezynfekuje-rece-przy-rozdaniu-komunii-ale-nie-musi-miec-maski-szczegolowe-wskazania-kurii\\\/\",\"name\":\"Wracaj\u0105 msze z udzia\u0142em wiernych. Przy komunii dezynfekcja r\u0105k, ksi\u0119\u017ca nie musz\u0105 zas\u0142ania\u0107 nosa i ust - 24GLIWICE - Portal Gliwice | codziennie nowe informacje\",\"isPartOf\":{\"@id\":\"https:\\\/\\\/www.24gliwice.pl\\\/wiadomosci\\\/#website\"},\"primaryImageOfPage\":{\"@id\":\"https:\\\/\\\/www.24gliwice.pl\\\/wiadomosci\\\/ksiadz-zdezynfekuje-rece-przy-rozdaniu-komunii-ale-nie-musi-miec-maski-szczegolowe-wskazania-kurii\\\/#primaryimage\"},\"image\":{\"@id\":\"https:\\\/\\\/www.24gliwice.pl\\\/wiadomosci\\\/ksiadz-zdezynfekuje-rece-przy-rozdaniu-komunii-ale-nie-musi-miec-maski-szczegolowe-wskazania-kurii\\\/#primaryimage\"},\"thumbnailUrl\":\"https:\\\/\\\/www.24gliwice.pl\\\/wiadomosci\\\/wp-content\\\/uploads\\\/2020\\\/04\\\/kuria-3-001.jpg\",\"datePublished\":\"2020-04-19T16:06:50+00:00\",\"dateModified\":\"2020-04-19T16:27:33+00:00\",\"breadcrumb\":{\"@id\":\"https:\\\/\\\/www.24gliwice.pl\\\/wiadomosci\\\/ksiadz-zdezynfekuje-rece-przy-rozdaniu-komunii-ale-nie-musi-miec-maski-szczegolowe-wskazania-kurii\\\/#breadcrumb\"},\"inLanguage\":\"pl-PL\",\"potentialAction\":[{\"@type\":\"ReadAction\",\"target\":[\"https:\\\/\\\/www.24gliwice.pl\\\/wiadomosci\\\/ksiadz-zdezynfekuje-rece-przy-rozdaniu-komunii-ale-nie-musi-miec-maski-szczegolowe-wskazania-kurii\\\/\"]}]},{\"@type\":\"ImageObject\",\"inLanguage\":\"pl-PL\",\"@id\":\"https:\\\/\\\/www.24gliwice.pl\\\/wiadomosci\\\/ksiadz-zdezynfekuje-rece-przy-rozdaniu-komunii-ale-nie-musi-miec-maski-szczegolowe-wskazania-kurii\\\/#primaryimage\",\"url\":\"https:\\\/\\\/www.24gliwice.pl\\\/wiadomosci\\\/wp-content\\\/uploads\\\/2020\\\/04\\\/kuria-3-001.jpg\",\"contentUrl\":\"https:\\\/\\\/www.24gliwice.pl\\\/wiadomosci\\\/wp-content\\\/uploads\\\/2020\\\/04\\\/kuria-3-001.jpg\",\"width\":810,\"height\":456},{\"@type\":\"BreadcrumbList\",\"@id\":\"https:\\\/\\\/www.24gliwice.pl\\\/wiadomosci\\\/ksiadz-zdezynfekuje-rece-przy-rozdaniu-komunii-ale-nie-musi-miec-maski-szczegolowe-wskazania-kurii\\\/#breadcrumb\",\"itemListElement\":[{\"@type\":\"ListItem\",\"position\":1,\"name\":\"Strona g\u0142\u00f3wna\",\"item\":\"https:\\\/\\\/www.24gliwice.pl\\\/wiadomosci\\\/\"},{\"@type\":\"ListItem\",\"position\":2,\"name\":\"Wracaj\u0105 msze z udzia\u0142em wiernych. Przy komunii dezynfekcja r\u0105k, ksi\u0119\u017ca nie musz\u0105 zas\u0142ania\u0107 nosa i ust\"}]},{\"@type\":\"WebSite\",\"@id\":\"https:\\\/\\\/www.24gliwice.pl\\\/wiadomosci\\\/#website\",\"url\":\"https:\\\/\\\/www.24gliwice.pl\\\/wiadomosci\\\/\",\"name\":\"24GLIWICE - Portal Gliwice | codziennie nowe wiadomo\u015bci\",\"description\":\"Portal Miejski Gliwice\",\"publisher\":{\"@id\":\"https:\\\/\\\/www.24gliwice.pl\\\/wiadomosci\\\/#organization\"},\"potentialAction\":[{\"@type\":\"SearchAction\",\"target\":{\"@type\":\"EntryPoint\",\"urlTemplate\":\"https:\\\/\\\/www.24gliwice.pl\\\/wiadomosci\\\/?s={search_term_string}\"},\"query-input\":{\"@type\":\"PropertyValueSpecification\",\"valueRequired\":true,\"valueName\":\"search_term_string\"}}],\"inLanguage\":\"pl-PL\"},{\"@type\":\"Organization\",\"@id\":\"https:\\\/\\\/www.24gliwice.pl\\\/wiadomosci\\\/#organization\",\"name\":\"24gliwice\",\"url\":\"https:\\\/\\\/www.24gliwice.pl\\\/wiadomosci\\\/\",\"logo\":{\"@type\":\"ImageObject\",\"inLanguage\":\"pl-PL\",\"@id\":\"https:\\\/\\\/www.24gliwice.pl\\\/wiadomosci\\\/#\\\/schema\\\/logo\\\/image\\\/\",\"url\":\"https:\\\/\\\/www.24gliwice.pl\\\/wiadomosci\\\/wp-content\\\/uploads\\\/2024\\\/10\\\/24gliwice-logo-696.jpg\",\"contentUrl\":\"https:\\\/\\\/www.24gliwice.pl\\\/wiadomosci\\\/wp-content\\\/uploads\\\/2024\\\/10\\\/24gliwice-logo-696.jpg\",\"width\":696,\"height\":696,\"caption\":\"24gliwice\"},\"image\":{\"@id\":\"https:\\\/\\\/www.24gliwice.pl\\\/wiadomosci\\\/#\\\/schema\\\/logo\\\/image\\\/\"},\"sameAs\":[\"https:\\\/\\\/www.facebook.com\\\/24gliwice\",\"https:\\\/\\\/x.com\\\/24gliwice\",\"https:\\\/\\\/www.youtube.com\\\/@24gliwice\"]},{\"@type\":\"Person\",\"@id\":\"https:\\\/\\\/www.24gliwice.pl\\\/wiadomosci\\\/#\\\/schema\\\/person\\\/e42c650edd7f2fa332be3811fb166b6e\",\"name\":\"\u017baneta Mrozek-Siewierska\",\"image\":{\"@type\":\"ImageObject\",\"inLanguage\":\"pl-PL\",\"@id\":\"https:\\\/\\\/secure.gravatar.com\\\/avatar\\\/1881429e9c64597c77ad7aef2d0a19be69a3253e57534d16aa15bf3a4d34a0a3?s=96&d=mm&r=g\",\"url\":\"https:\\\/\\\/secure.gravatar.com\\\/avatar\\\/1881429e9c64597c77ad7aef2d0a19be69a3253e57534d16aa15bf3a4d34a0a3?s=96&d=mm&r=g\",\"contentUrl\":\"https:\\\/\\\/secure.gravatar.com\\\/avatar\\\/1881429e9c64597c77ad7aef2d0a19be69a3253e57534d16aa15bf3a4d34a0a3?s=96&d=mm&r=g\",\"caption\":\"\u017baneta Mrozek-Siewierska\"},\"url\":\"https:\\\/\\\/www.24gliwice.pl\\\/wiadomosci\\\/author\\\/zms\\\/\"}]}<\/script>\n<!-- \/ Yoast SEO plugin. -->","yoast_head_json":{"title":"Wracaj\u0105 msze z udzia\u0142em wiernych. Przy komunii dezynfekcja r\u0105k, ksi\u0119\u017ca nie musz\u0105 zas\u0142ania\u0107 nosa i ust - 24GLIWICE - Portal Gliwice | codziennie nowe informacje","robots":{"index":"index","follow":"follow","max-snippet":"max-snippet:-1","max-image-preview":"max-image-preview:large","max-video-preview":"max-video-preview:-1"},"canonical":"https:\/\/www.24gliwice.pl\/wiadomosci\/ksiadz-zdezynfekuje-rece-przy-rozdaniu-komunii-ale-nie-musi-miec-maski-szczegolowe-wskazania-kurii\/","og_locale":"pl_PL","og_type":"article","og_title":"Wracaj\u0105 msze z udzia\u0142em wiernych. Przy komunii dezynfekcja r\u0105k, ksi\u0119\u017ca nie musz\u0105 zas\u0142ania\u0107 nosa i ust - 24GLIWICE - Portal Gliwice | codziennie nowe informacje","og_description":"Biskup Gliwicki podtrzymuje dyspens\u0119 od obowi\u0105zku uczestnictwa w mszach, zach\u0119caj\u0105c do pozostania w domach i udzia\u0142u w nabo\u017ce\u0144stwach za po\u015brednictwem \u015brodk\u00f3w przekazu. Dopuszcza jednak mo\u017cliwo\u015b\u0107 odprawiania liturgii z udzia\u0142em wiernych. Na stronie Diecezji opublikowano kolejne wskazania, jakie nale\u017cy stosowa\u0107 na terenie diecezji w zwi\u0105zku z wprowadzonym stanem epidemii. Dotycz\u0105 uczestnictwa w pogrzebach i mszach. Zgodnie [&hellip;]","og_url":"https:\/\/www.24gliwice.pl\/wiadomosci\/ksiadz-zdezynfekuje-rece-przy-rozdaniu-komunii-ale-nie-musi-miec-maski-szczegolowe-wskazania-kurii\/","og_site_name":"24GLIWICE - Portal Gliwice | codziennie nowe informacje","article_publisher":"https:\/\/www.facebook.com\/24gliwice","article_published_time":"2020-04-19T16:06:50+00:00","article_modified_time":"2020-04-19T16:27:33+00:00","og_image":[{"width":810,"height":456,"url":"https:\/\/www.24gliwice.pl\/wiadomosci\/wp-content\/uploads\/2020\/04\/kuria-3-001.jpg","type":"image\/jpeg"}],"author":"\u017baneta Mrozek-Siewierska","twitter_card":"summary_large_image","twitter_creator":"@24gliwice","twitter_site":"@24gliwice","twitter_misc":{"Napisane przez":"\u017baneta Mrozek-Siewierska","Szacowany czas czytania":"2 minuty"},"schema":{"@context":"https:\/\/schema.org","@graph":[{"@type":"Article","@id":"https:\/\/www.24gliwice.pl\/wiadomosci\/ksiadz-zdezynfekuje-rece-przy-rozdaniu-komunii-ale-nie-musi-miec-maski-szczegolowe-wskazania-kurii\/#article","isPartOf":{"@id":"https:\/\/www.24gliwice.pl\/wiadomosci\/ksiadz-zdezynfekuje-rece-przy-rozdaniu-komunii-ale-nie-musi-miec-maski-szczegolowe-wskazania-kurii\/"},"author":{"name":"\u017baneta Mrozek-Siewierska","@id":"https:\/\/www.24gliwice.pl\/wiadomosci\/#\/schema\/person\/e42c650edd7f2fa332be3811fb166b6e"},"headline":"Wracaj\u0105 msze z udzia\u0142em wiernych. Przy komunii dezynfekcja r\u0105k, ksi\u0119\u017ca nie musz\u0105 zas\u0142ania\u0107 nosa i ust","datePublished":"2020-04-19T16:06:50+00:00","dateModified":"2020-04-19T16:27:33+00:00","mainEntityOfPage":{"@id":"https:\/\/www.24gliwice.pl\/wiadomosci\/ksiadz-zdezynfekuje-rece-przy-rozdaniu-komunii-ale-nie-musi-miec-maski-szczegolowe-wskazania-kurii\/"},"wordCount":464,"commentCount":0,"publisher":{"@id":"https:\/\/www.24gliwice.pl\/wiadomosci\/#organization"},"image":{"@id":"https:\/\/www.24gliwice.pl\/wiadomosci\/ksiadz-zdezynfekuje-rece-przy-rozdaniu-komunii-ale-nie-musi-miec-maski-szczegolowe-wskazania-kurii\/#primaryimage"},"thumbnailUrl":"https:\/\/www.24gliwice.pl\/wiadomosci\/wp-content\/uploads\/2020\/04\/kuria-3-001.jpg","keywords":["diecezja","EPIDEMIA","KORONAWIRUS","kuria","KWARANTANNA","PANDEMIA"],"articleSection":["Gliwice","Najnowsze wiadomo\u015bci"],"inLanguage":"pl-PL","potentialAction":[{"@type":"CommentAction","name":"Comment","target":["https:\/\/www.24gliwice.pl\/wiadomosci\/ksiadz-zdezynfekuje-rece-przy-rozdaniu-komunii-ale-nie-musi-miec-maski-szczegolowe-wskazania-kurii\/#respond"]}]},{"@type":"WebPage","@id":"https:\/\/www.24gliwice.pl\/wiadomosci\/ksiadz-zdezynfekuje-rece-przy-rozdaniu-komunii-ale-nie-musi-miec-maski-szczegolowe-wskazania-kurii\/","url":"https:\/\/www.24gliwice.pl\/wiadomosci\/ksiadz-zdezynfekuje-rece-przy-rozdaniu-komunii-ale-nie-musi-miec-maski-szczegolowe-wskazania-kurii\/","name":"Wracaj\u0105 msze z udzia\u0142em wiernych. Przy komunii dezynfekcja r\u0105k, ksi\u0119\u017ca nie musz\u0105 zas\u0142ania\u0107 nosa i ust - 24GLIWICE - Portal Gliwice | codziennie nowe informacje","isPartOf":{"@id":"https:\/\/www.24gliwice.pl\/wiadomosci\/#website"},"primaryImageOfPage":{"@id":"https:\/\/www.24gliwice.pl\/wiadomosci\/ksiadz-zdezynfekuje-rece-przy-rozdaniu-komunii-ale-nie-musi-miec-maski-szczegolowe-wskazania-kurii\/#primaryimage"},"image":{"@id":"https:\/\/www.24gliwice.pl\/wiadomosci\/ksiadz-zdezynfekuje-rece-przy-rozdaniu-komunii-ale-nie-musi-miec-maski-szczegolowe-wskazania-kurii\/#primaryimage"},"thumbnailUrl":"https:\/\/www.24gliwice.pl\/wiadomosci\/wp-content\/uploads\/2020\/04\/kuria-3-001.jpg","datePublished":"2020-04-19T16:06:50+00:00","dateModified":"2020-04-19T16:27:33+00:00","breadcrumb":{"@id":"https:\/\/www.24gliwice.pl\/wiadomosci\/ksiadz-zdezynfekuje-rece-przy-rozdaniu-komunii-ale-nie-musi-miec-maski-szczegolowe-wskazania-kurii\/#breadcrumb"},"inLanguage":"pl-PL","potentialAction":[{"@type":"ReadAction","target":["https:\/\/www.24gliwice.pl\/wiadomosci\/ksiadz-zdezynfekuje-rece-przy-rozdaniu-komunii-ale-nie-musi-miec-maski-szczegolowe-wskazania-kurii\/"]}]},{"@type":"ImageObject","inLanguage":"pl-PL","@id":"https:\/\/www.24gliwice.pl\/wiadomosci\/ksiadz-zdezynfekuje-rece-przy-rozdaniu-komunii-ale-nie-musi-miec-maski-szczegolowe-wskazania-kurii\/#primaryimage","url":"https:\/\/www.24gliwice.pl\/wiadomosci\/wp-content\/uploads\/2020\/04\/kuria-3-001.jpg","contentUrl":"https:\/\/www.24gliwice.pl\/wiadomosci\/wp-content\/uploads\/2020\/04\/kuria-3-001.jpg","width":810,"height":456},{"@type":"BreadcrumbList","@id":"https:\/\/www.24gliwice.pl\/wiadomosci\/ksiadz-zdezynfekuje-rece-przy-rozdaniu-komunii-ale-nie-musi-miec-maski-szczegolowe-wskazania-kurii\/#breadcrumb","itemListElement":[{"@type":"ListItem","position":1,"name":"Strona g\u0142\u00f3wna","item":"https:\/\/www.24gliwice.pl\/wiadomosci\/"},{"@type":"ListItem","position":2,"name":"Wracaj\u0105 msze z udzia\u0142em wiernych. Przy komunii dezynfekcja r\u0105k, ksi\u0119\u017ca nie musz\u0105 zas\u0142ania\u0107 nosa i ust"}]},{"@type":"WebSite","@id":"https:\/\/www.24gliwice.pl\/wiadomosci\/#website","url":"https:\/\/www.24gliwice.pl\/wiadomosci\/","name":"24GLIWICE - Portal Gliwice | codziennie nowe wiadomo\u015bci","description":"Portal Miejski Gliwice","publisher":{"@id":"https:\/\/www.24gliwice.pl\/wiadomosci\/#organization"},"potentialAction":[{"@type":"SearchAction","target":{"@type":"EntryPoint","urlTemplate":"https:\/\/www.24gliwice.pl\/wiadomosci\/?s={search_term_string}"},"query-input":{"@type":"PropertyValueSpecification","valueRequired":true,"valueName":"search_term_string"}}],"inLanguage":"pl-PL"},{"@type":"Organization","@id":"https:\/\/www.24gliwice.pl\/wiadomosci\/#organization","name":"24gliwice","url":"https:\/\/www.24gliwice.pl\/wiadomosci\/","logo":{"@type":"ImageObject","inLanguage":"pl-PL","@id":"https:\/\/www.24gliwice.pl\/wiadomosci\/#\/schema\/logo\/image\/","url":"https:\/\/www.24gliwice.pl\/wiadomosci\/wp-content\/uploads\/2024\/10\/24gliwice-logo-696.jpg","contentUrl":"https:\/\/www.24gliwice.pl\/wiadomosci\/wp-content\/uploads\/2024\/10\/24gliwice-logo-696.jpg","width":696,"height":696,"caption":"24gliwice"},"image":{"@id":"https:\/\/www.24gliwice.pl\/wiadomosci\/#\/schema\/logo\/image\/"},"sameAs":["https:\/\/www.facebook.com\/24gliwice","https:\/\/x.com\/24gliwice","https:\/\/www.youtube.com\/@24gliwice"]},{"@type":"Person","@id":"https:\/\/www.24gliwice.pl\/wiadomosci\/#\/schema\/person\/e42c650edd7f2fa332be3811fb166b6e","name":"\u017baneta Mrozek-Siewierska","image":{"@type":"ImageObject","inLanguage":"pl-PL","@id":"https:\/\/secure.gravatar.com\/avatar\/1881429e9c64597c77ad7aef2d0a19be69a3253e57534d16aa15bf3a4d34a0a3?s=96&d=mm&r=g","url":"https:\/\/secure.gravatar.com\/avatar\/1881429e9c64597c77ad7aef2d0a19be69a3253e57534d16aa15bf3a4d34a0a3?s=96&d=mm&r=g","contentUrl":"https:\/\/secure.gravatar.com\/avatar\/1881429e9c64597c77ad7aef2d0a19be69a3253e57534d16aa15bf3a4d34a0a3?s=96&d=mm&r=g","caption":"\u017baneta Mrozek-Siewierska"},"url":"https:\/\/www.24gliwice.pl\/wiadomosci\/author\/zms\/"}]}},"_links":{"self":[{"href":"https:\/\/www.24gliwice.pl\/wiadomosci\/wp-json\/wp\/v2\/posts\/150483","targetHints":{"allow":["GET"]}}],"collection":[{"href":"https:\/\/www.24gliwice.pl\/wiadomosci\/wp-json\/wp\/v2\/posts"}],"about":[{"href":"https:\/\/www.24gliwice.pl\/wiadomosci\/wp-json\/wp\/v2\/types\/post"}],"author":[{"embeddable":true,"href":"https:\/\/www.24gliwice.pl\/wiadomosci\/wp-json\/wp\/v2\/users\/15"}],"replies":[{"embeddable":true,"href":"https:\/\/www.24gliwice.pl\/wiadomosci\/wp-json\/wp\/v2\/comments?post=150483"}],"version-history":[{"count":0,"href":"https:\/\/www.24gliwice.pl\/wiadomosci\/wp-json\/wp\/v2\/posts\/150483\/revisions"}],"wp:featuredmedia":[{"embeddable":true,"href":"https:\/\/www.24gliwice.pl\/wiadomosci\/wp-json\/wp\/v2\/media\/150492"}],"wp:attachment":[{"href":"https:\/\/www.24gliwice.pl\/wiadomosci\/wp-json\/wp\/v2\/media?parent=150483"}],"wp:term":[{"taxonomy":"category","embeddable":true,"href":"https:\/\/www.24gliwice.pl\/wiadomosci\/wp-json\/wp\/v2\/categories?post=150483"},{"taxonomy":"post_tag","embeddable":true,"href":"https:\/\/www.24gliwice.pl\/wiadomosci\/wp-json\/wp\/v2\/tags?post=150483"}],"curies":[{"name":"wp","href":"https:\/\/api.w.org\/{rel}","templated":true}]}}