{"id":150974,"date":"2020-04-29T11:24:32","date_gmt":"2020-04-29T09:24:32","guid":{"rendered":"https:\/\/www.24gliwice.pl\/wiadomosci\/?p=150974"},"modified":"2020-04-29T11:24:32","modified_gmt":"2020-04-29T09:24:32","slug":"zamkna-skrzyzowanie-na-ul-wybrzeze-armii-krajowej-drogowcy-wytycza-objazd","status":"publish","type":"post","link":"https:\/\/www.24gliwice.pl\/wiadomosci\/zamkna-skrzyzowanie-na-ul-wybrzeze-armii-krajowej-drogowcy-wytycza-objazd\/","title":{"rendered":"Zamkn\u0105 skrzy\u017cowanie na ul. Wybrze\u017ce Armii Krajowej. Drogowcy wytycz\u0105 objazd"},"content":{"rendered":"<div class=\"gliwi-a6-nad-leadem-artykulow gliwi-entity-placement\" id=\"gliwi-2134368411\"><div class=\"gliwi-adlabel\"><span style=\"font-size: 9px\">REKLAMA<\/span><\/div><div id=\"gliwi-1120094977\" style=\"margin-bottom: 30px;margin-left: auto;margin-right: auto;text-align: center;\"><a data-no-instant=\"1\" href=\"https:\/\/przedszkole.halogen.org.pl\/\" rel=\"noopener\" class=\"a2t-link\" target=\"_blank\" aria-label=\"20260402-ANIMATOR-przedszkole_grafika_750x200\"><img loading=\"lazy\" decoding=\"async\" src=\"https:\/\/www.24gliwice.pl\/wiadomosci\/wp-content\/uploads\/2026\/04\/20260402-ANIMATOR-przedszkole_grafika_750x200.webp\" alt=\"\"  srcset=\"https:\/\/www.24gliwice.pl\/wiadomosci\/wp-content\/uploads\/2026\/04\/20260402-ANIMATOR-przedszkole_grafika_750x200.webp 750w, https:\/\/www.24gliwice.pl\/wiadomosci\/wp-content\/uploads\/2026\/04\/20260402-ANIMATOR-przedszkole_grafika_750x200-410x109.webp 410w\" sizes=\"(max-width: 750px) 100vw, 750px\" class=\"no-lazyload\" width=\"750\" height=\"200\"  style=\"display: inline-block; max-width: 100%; height: auto;\" \/><\/a><\/div><\/div><h3>Skrzy\u017cowanie ulic: Wybrze\u017ce Armii Krajowej i Marii Konopnickiej zostanie wy\u0142\u0105czone z ruchu. Pow\u00f3d?: Prace na zlecenie Przedsi\u0119biorstwa Wodoci\u0105g\u00f3w i Kanalizacji. <\/h3>\n<p>Pierwszy etap prac zaplanowano w dniach od 1 do 3 maja. <\/p>\n<p>Objazd wyznaczony zostanie ul. Orlickiego. Na czas prac, ruch na odcinku ul. Wybrze\u017ce Armii Krajowej, od ul. Orlickiego do skrzy\u017cowania z ul. M. Konopnickiej b\u0119dzie odbywa\u0142 si\u0119 w obu kierunkach. <\/p><div class=\"gliwi-a3-w-tresci-artykulow gliwi-entity-placement\" id=\"gliwi-3079692125\"><div class=\"gliwi-adlabel\"><span style=\"font-size: 9px\">REKLAMA<\/span><\/div><div id=\"gliwi-2660400664\" style=\"margin-bottom: 30px;margin-left: auto;margin-right: auto;text-align: center;\"><a data-no-instant=\"1\" href=\"https:\/\/ogrodyandersa.pl\/\" rel=\"noopener\" class=\"a2t-link\" target=\"_blank\" aria-label=\"20260415 Ogrody Andersa KUP TERAZ D\"><img loading=\"lazy\" decoding=\"async\" src=\"https:\/\/www.24gliwice.pl\/wiadomosci\/wp-content\/uploads\/2026\/04\/20260415-Ogrody-Andersa-KUP-TERAZ-D.jpg\" alt=\"\"  srcset=\"https:\/\/www.24gliwice.pl\/wiadomosci\/wp-content\/uploads\/2026\/04\/20260415-Ogrody-Andersa-KUP-TERAZ-D.jpg 750w, https:\/\/www.24gliwice.pl\/wiadomosci\/wp-content\/uploads\/2026\/04\/20260415-Ogrody-Andersa-KUP-TERAZ-D-410x109.jpg 410w\" sizes=\"(max-width: 750px) 100vw, 750px\" class=\"no-lazyload\" width=\"750\" height=\"200\"  style=\"display: inline-block; max-width: 100%; height: auto;\" \/><\/a><\/div><\/div>\n<p>W drugim etapie rob\u00f3t, kt\u00f3re maj\u0105 rozpocz\u0105\u0107 si\u0119 4 maja, nadal nie b\u0119dzie mo\u017cliwo\u015bci wjazdu do ul. M. Konopnickiej, ale przywr\u00f3cony zostanie przejazd na ca\u0142ej d\u0142ugo\u015bci ul. Wybrze\u017ce Armii Krajowej. Ruch w\u00f3wczas b\u0119dzie odbywa\u0142 si\u0119 wahad\u0142owo. W trzecim etapie rob\u00f3t (ok. 11 maja) wjazd w ul. M. Konopnickiej zostanie otwarty. Prace realizowane w tym rejonie powinny zosta\u0107 zako\u0144czone w po\u0142owie maja.<\/p>\n<p>(nmm)\/ZDM Gliwice<br \/>\nfot. ZDM Gliwice<\/p>\n<div class=\"gliwi-a5-na-koncu-artykulow gliwi-entity-placement\" id=\"gliwi-3988819415\"><div class=\"gliwi-adlabel\"><span style=\"font-size: 9px\">REKLAMA<\/span><\/div><div id=\"gliwi-1068704609\" style=\"margin-left: auto;margin-right: auto;text-align: center;\"><a data-no-instant=\"1\" href=\"https:\/\/prezeroarenagliwice.pl\/\" rel=\"noopener\" class=\"a2t-link\" target=\"_blank\" aria-label=\"20260309-PREZERO-WIOSNA-D\"><img loading=\"lazy\" decoding=\"async\" src=\"https:\/\/www.24gliwice.pl\/wiadomosci\/wp-content\/uploads\/2026\/03\/20260309-PREZERO-WIOSNA-D.webp\" alt=\"\"  srcset=\"https:\/\/www.24gliwice.pl\/wiadomosci\/wp-content\/uploads\/2026\/03\/20260309-PREZERO-WIOSNA-D.webp 750w, https:\/\/www.24gliwice.pl\/wiadomosci\/wp-content\/uploads\/2026\/03\/20260309-PREZERO-WIOSNA-D-410x109.webp 410w\" sizes=\"(max-width: 750px) 100vw, 750px\" class=\"no-lazyload\" width=\"750\" height=\"200\"  style=\"display: inline-block; max-width: 100%; height: auto;\" \/><\/a><\/div><\/div>","protected":false},"excerpt":{"rendered":"<p>Skrzy\u017cowanie ulic: Wybrze\u017ce Armii Krajowej i Marii Konopnickiej zostanie wy\u0142\u0105czone z ruchu. Pow\u00f3d?: Prace na zlecenie Przedsi\u0119biorstwa Wodoci\u0105g\u00f3w i Kanalizacji. Pierwszy etap prac zaplanowano w dniach od 1 do 3 maja. Objazd wyznaczony zostanie ul. Orlickiego. Na czas prac, ruch na odcinku ul. Wybrze\u017ce Armii Krajowej, od ul. Orlickiego do skrzy\u017cowania z ul. M. Konopnickiej [&hellip;]<\/p>\n","protected":false},"author":15,"featured_media":150977,"comment_status":"open","ping_status":"closed","sticky":false,"template":"","format":"standard","meta":{"_monsterinsights_skip_tracking":false,"_monsterinsights_sitenote_active":false,"_monsterinsights_sitenote_note":"","_monsterinsights_sitenote_category":0,"footnotes":"","_links_to":"","_links_to_target":""},"categories":[3,1],"tags":[7872,6249,17581,8028,1804,8687],"class_list":["post-150974","post","type-post","status-publish","format-standard","has-post-thumbnail","hentry","category-gliwice","category-wszystko","tag-centrum-onkologii","tag-instytut-onkologii","tag-nio","tag-onkologia","tag-pwik","tag-wybrzeze-armii-krajowej"],"yoast_head":"<!-- This site is optimized with the Yoast SEO plugin v27.5 - https:\/\/yoast.com\/product\/yoast-seo-wordpress\/ -->\n<title>Zamkn\u0105 skrzy\u017cowanie na ul. Wybrze\u017ce Armii Krajowej. Drogowcy wytycz\u0105 objazd - 24GLIWICE - Portal Gliwice | codziennie nowe informacje<\/title>\n<meta name=\"robots\" content=\"index, follow, max-snippet:-1, max-image-preview:large, max-video-preview:-1\" \/>\n<link rel=\"canonical\" href=\"https:\/\/www.24gliwice.pl\/wiadomosci\/zamkna-skrzyzowanie-na-ul-wybrzeze-armii-krajowej-drogowcy-wytycza-objazd\/\" \/>\n<meta property=\"og:locale\" content=\"pl_PL\" \/>\n<meta property=\"og:type\" content=\"article\" \/>\n<meta property=\"og:title\" content=\"Zamkn\u0105 skrzy\u017cowanie na ul. Wybrze\u017ce Armii Krajowej. Drogowcy wytycz\u0105 objazd - 24GLIWICE - Portal Gliwice | codziennie nowe informacje\" \/>\n<meta property=\"og:description\" content=\"Skrzy\u017cowanie ulic: Wybrze\u017ce Armii Krajowej i Marii Konopnickiej zostanie wy\u0142\u0105czone z ruchu. Pow\u00f3d?: Prace na zlecenie Przedsi\u0119biorstwa Wodoci\u0105g\u00f3w i Kanalizacji. Pierwszy etap prac zaplanowano w dniach od 1 do 3 maja. Objazd wyznaczony zostanie ul. Orlickiego. Na czas prac, ruch na odcinku ul. Wybrze\u017ce Armii Krajowej, od ul. Orlickiego do skrzy\u017cowania z ul. M. Konopnickiej [&hellip;]\" \/>\n<meta property=\"og:url\" content=\"https:\/\/www.24gliwice.pl\/wiadomosci\/zamkna-skrzyzowanie-na-ul-wybrzeze-armii-krajowej-drogowcy-wytycza-objazd\/\" \/>\n<meta property=\"og:site_name\" content=\"24GLIWICE - Portal Gliwice | codziennie nowe informacje\" \/>\n<meta property=\"article:publisher\" content=\"https:\/\/www.facebook.com\/24gliwice\" \/>\n<meta property=\"article:published_time\" content=\"2020-04-29T09:24:32+00:00\" \/>\n<meta property=\"og:image\" content=\"https:\/\/www.24gliwice.pl\/wiadomosci\/wp-content\/uploads\/2020\/04\/skrzy\u017cowanie-wybrze\u017ce-armii-krajowej-i-konopnickiej-zdm.jpg\" \/>\n\t<meta property=\"og:image:width\" content=\"810\" \/>\n\t<meta property=\"og:image:height\" content=\"454\" \/>\n\t<meta property=\"og:image:type\" content=\"image\/jpeg\" \/>\n<meta name=\"author\" content=\"\u017baneta Mrozek-Siewierska\" \/>\n<meta name=\"twitter:card\" content=\"summary_large_image\" \/>\n<meta name=\"twitter:creator\" content=\"@24gliwice\" \/>\n<meta name=\"twitter:site\" content=\"@24gliwice\" \/>\n<meta name=\"twitter:label1\" content=\"Napisane przez\" \/>\n\t<meta name=\"twitter:data1\" content=\"\u017baneta Mrozek-Siewierska\" \/>\n\t<meta name=\"twitter:label2\" content=\"Szacowany czas czytania\" \/>\n\t<meta name=\"twitter:data2\" content=\"1 minuta\" \/>\n<script type=\"application\/ld+json\" class=\"yoast-schema-graph\">{\"@context\":\"https:\\\/\\\/schema.org\",\"@graph\":[{\"@type\":\"Article\",\"@id\":\"https:\\\/\\\/www.24gliwice.pl\\\/wiadomosci\\\/zamkna-skrzyzowanie-na-ul-wybrzeze-armii-krajowej-drogowcy-wytycza-objazd\\\/#article\",\"isPartOf\":{\"@id\":\"https:\\\/\\\/www.24gliwice.pl\\\/wiadomosci\\\/zamkna-skrzyzowanie-na-ul-wybrzeze-armii-krajowej-drogowcy-wytycza-objazd\\\/\"},\"author\":{\"name\":\"\u017baneta Mrozek-Siewierska\",\"@id\":\"https:\\\/\\\/www.24gliwice.pl\\\/wiadomosci\\\/#\\\/schema\\\/person\\\/e42c650edd7f2fa332be3811fb166b6e\"},\"headline\":\"Zamkn\u0105 skrzy\u017cowanie na ul. Wybrze\u017ce Armii Krajowej. Drogowcy wytycz\u0105 objazd\",\"datePublished\":\"2020-04-29T09:24:32+00:00\",\"mainEntityOfPage\":{\"@id\":\"https:\\\/\\\/www.24gliwice.pl\\\/wiadomosci\\\/zamkna-skrzyzowanie-na-ul-wybrzeze-armii-krajowej-drogowcy-wytycza-objazd\\\/\"},\"wordCount\":162,\"commentCount\":0,\"publisher\":{\"@id\":\"https:\\\/\\\/www.24gliwice.pl\\\/wiadomosci\\\/#organization\"},\"image\":{\"@id\":\"https:\\\/\\\/www.24gliwice.pl\\\/wiadomosci\\\/zamkna-skrzyzowanie-na-ul-wybrzeze-armii-krajowej-drogowcy-wytycza-objazd\\\/#primaryimage\"},\"thumbnailUrl\":\"https:\\\/\\\/www.24gliwice.pl\\\/wiadomosci\\\/wp-content\\\/uploads\\\/2020\\\/04\\\/skrzy\u017cowanie-wybrze\u017ce-armii-krajowej-i-konopnickiej-zdm.jpg\",\"keywords\":[\"centrum onkologii\",\"INSTYTUT ONKOLOGII\",\"NIO\",\"ONKOLOGIA\",\"PWIK\",\"wybrze\u017ce armii krajowej\"],\"articleSection\":[\"Gliwice\",\"Najnowsze wiadomo\u015bci\"],\"inLanguage\":\"pl-PL\",\"potentialAction\":[{\"@type\":\"CommentAction\",\"name\":\"Comment\",\"target\":[\"https:\\\/\\\/www.24gliwice.pl\\\/wiadomosci\\\/zamkna-skrzyzowanie-na-ul-wybrzeze-armii-krajowej-drogowcy-wytycza-objazd\\\/#respond\"]}]},{\"@type\":\"WebPage\",\"@id\":\"https:\\\/\\\/www.24gliwice.pl\\\/wiadomosci\\\/zamkna-skrzyzowanie-na-ul-wybrzeze-armii-krajowej-drogowcy-wytycza-objazd\\\/\",\"url\":\"https:\\\/\\\/www.24gliwice.pl\\\/wiadomosci\\\/zamkna-skrzyzowanie-na-ul-wybrzeze-armii-krajowej-drogowcy-wytycza-objazd\\\/\",\"name\":\"Zamkn\u0105 skrzy\u017cowanie na ul. Wybrze\u017ce Armii Krajowej. Drogowcy wytycz\u0105 objazd - 24GLIWICE - Portal Gliwice | codziennie nowe informacje\",\"isPartOf\":{\"@id\":\"https:\\\/\\\/www.24gliwice.pl\\\/wiadomosci\\\/#website\"},\"primaryImageOfPage\":{\"@id\":\"https:\\\/\\\/www.24gliwice.pl\\\/wiadomosci\\\/zamkna-skrzyzowanie-na-ul-wybrzeze-armii-krajowej-drogowcy-wytycza-objazd\\\/#primaryimage\"},\"image\":{\"@id\":\"https:\\\/\\\/www.24gliwice.pl\\\/wiadomosci\\\/zamkna-skrzyzowanie-na-ul-wybrzeze-armii-krajowej-drogowcy-wytycza-objazd\\\/#primaryimage\"},\"thumbnailUrl\":\"https:\\\/\\\/www.24gliwice.pl\\\/wiadomosci\\\/wp-content\\\/uploads\\\/2020\\\/04\\\/skrzy\u017cowanie-wybrze\u017ce-armii-krajowej-i-konopnickiej-zdm.jpg\",\"datePublished\":\"2020-04-29T09:24:32+00:00\",\"breadcrumb\":{\"@id\":\"https:\\\/\\\/www.24gliwice.pl\\\/wiadomosci\\\/zamkna-skrzyzowanie-na-ul-wybrzeze-armii-krajowej-drogowcy-wytycza-objazd\\\/#breadcrumb\"},\"inLanguage\":\"pl-PL\",\"potentialAction\":[{\"@type\":\"ReadAction\",\"target\":[\"https:\\\/\\\/www.24gliwice.pl\\\/wiadomosci\\\/zamkna-skrzyzowanie-na-ul-wybrzeze-armii-krajowej-drogowcy-wytycza-objazd\\\/\"]}]},{\"@type\":\"ImageObject\",\"inLanguage\":\"pl-PL\",\"@id\":\"https:\\\/\\\/www.24gliwice.pl\\\/wiadomosci\\\/zamkna-skrzyzowanie-na-ul-wybrzeze-armii-krajowej-drogowcy-wytycza-objazd\\\/#primaryimage\",\"url\":\"https:\\\/\\\/www.24gliwice.pl\\\/wiadomosci\\\/wp-content\\\/uploads\\\/2020\\\/04\\\/skrzy\u017cowanie-wybrze\u017ce-armii-krajowej-i-konopnickiej-zdm.jpg\",\"contentUrl\":\"https:\\\/\\\/www.24gliwice.pl\\\/wiadomosci\\\/wp-content\\\/uploads\\\/2020\\\/04\\\/skrzy\u017cowanie-wybrze\u017ce-armii-krajowej-i-konopnickiej-zdm.jpg\",\"width\":810,\"height\":454},{\"@type\":\"BreadcrumbList\",\"@id\":\"https:\\\/\\\/www.24gliwice.pl\\\/wiadomosci\\\/zamkna-skrzyzowanie-na-ul-wybrzeze-armii-krajowej-drogowcy-wytycza-objazd\\\/#breadcrumb\",\"itemListElement\":[{\"@type\":\"ListItem\",\"position\":1,\"name\":\"Strona g\u0142\u00f3wna\",\"item\":\"https:\\\/\\\/www.24gliwice.pl\\\/wiadomosci\\\/\"},{\"@type\":\"ListItem\",\"position\":2,\"name\":\"Zamkn\u0105 skrzy\u017cowanie na ul. Wybrze\u017ce Armii Krajowej. Drogowcy wytycz\u0105 objazd\"}]},{\"@type\":\"WebSite\",\"@id\":\"https:\\\/\\\/www.24gliwice.pl\\\/wiadomosci\\\/#website\",\"url\":\"https:\\\/\\\/www.24gliwice.pl\\\/wiadomosci\\\/\",\"name\":\"24GLIWICE - Portal Gliwice | codziennie nowe wiadomo\u015bci\",\"description\":\"Portal Miejski Gliwice\",\"publisher\":{\"@id\":\"https:\\\/\\\/www.24gliwice.pl\\\/wiadomosci\\\/#organization\"},\"potentialAction\":[{\"@type\":\"SearchAction\",\"target\":{\"@type\":\"EntryPoint\",\"urlTemplate\":\"https:\\\/\\\/www.24gliwice.pl\\\/wiadomosci\\\/?s={search_term_string}\"},\"query-input\":{\"@type\":\"PropertyValueSpecification\",\"valueRequired\":true,\"valueName\":\"search_term_string\"}}],\"inLanguage\":\"pl-PL\"},{\"@type\":\"Organization\",\"@id\":\"https:\\\/\\\/www.24gliwice.pl\\\/wiadomosci\\\/#organization\",\"name\":\"24gliwice\",\"url\":\"https:\\\/\\\/www.24gliwice.pl\\\/wiadomosci\\\/\",\"logo\":{\"@type\":\"ImageObject\",\"inLanguage\":\"pl-PL\",\"@id\":\"https:\\\/\\\/www.24gliwice.pl\\\/wiadomosci\\\/#\\\/schema\\\/logo\\\/image\\\/\",\"url\":\"https:\\\/\\\/www.24gliwice.pl\\\/wiadomosci\\\/wp-content\\\/uploads\\\/2024\\\/10\\\/24gliwice-logo-696.jpg\",\"contentUrl\":\"https:\\\/\\\/www.24gliwice.pl\\\/wiadomosci\\\/wp-content\\\/uploads\\\/2024\\\/10\\\/24gliwice-logo-696.jpg\",\"width\":696,\"height\":696,\"caption\":\"24gliwice\"},\"image\":{\"@id\":\"https:\\\/\\\/www.24gliwice.pl\\\/wiadomosci\\\/#\\\/schema\\\/logo\\\/image\\\/\"},\"sameAs\":[\"https:\\\/\\\/www.facebook.com\\\/24gliwice\",\"https:\\\/\\\/x.com\\\/24gliwice\",\"https:\\\/\\\/www.youtube.com\\\/@24gliwice\"]},{\"@type\":\"Person\",\"@id\":\"https:\\\/\\\/www.24gliwice.pl\\\/wiadomosci\\\/#\\\/schema\\\/person\\\/e42c650edd7f2fa332be3811fb166b6e\",\"name\":\"\u017baneta Mrozek-Siewierska\",\"image\":{\"@type\":\"ImageObject\",\"inLanguage\":\"pl-PL\",\"@id\":\"https:\\\/\\\/secure.gravatar.com\\\/avatar\\\/1881429e9c64597c77ad7aef2d0a19be69a3253e57534d16aa15bf3a4d34a0a3?s=96&d=mm&r=g\",\"url\":\"https:\\\/\\\/secure.gravatar.com\\\/avatar\\\/1881429e9c64597c77ad7aef2d0a19be69a3253e57534d16aa15bf3a4d34a0a3?s=96&d=mm&r=g\",\"contentUrl\":\"https:\\\/\\\/secure.gravatar.com\\\/avatar\\\/1881429e9c64597c77ad7aef2d0a19be69a3253e57534d16aa15bf3a4d34a0a3?s=96&d=mm&r=g\",\"caption\":\"\u017baneta Mrozek-Siewierska\"},\"url\":\"https:\\\/\\\/www.24gliwice.pl\\\/wiadomosci\\\/author\\\/zms\\\/\"}]}<\/script>\n<!-- \/ Yoast SEO plugin. -->","yoast_head_json":{"title":"Zamkn\u0105 skrzy\u017cowanie na ul. Wybrze\u017ce Armii Krajowej. Drogowcy wytycz\u0105 objazd - 24GLIWICE - Portal Gliwice | codziennie nowe informacje","robots":{"index":"index","follow":"follow","max-snippet":"max-snippet:-1","max-image-preview":"max-image-preview:large","max-video-preview":"max-video-preview:-1"},"canonical":"https:\/\/www.24gliwice.pl\/wiadomosci\/zamkna-skrzyzowanie-na-ul-wybrzeze-armii-krajowej-drogowcy-wytycza-objazd\/","og_locale":"pl_PL","og_type":"article","og_title":"Zamkn\u0105 skrzy\u017cowanie na ul. Wybrze\u017ce Armii Krajowej. Drogowcy wytycz\u0105 objazd - 24GLIWICE - Portal Gliwice | codziennie nowe informacje","og_description":"Skrzy\u017cowanie ulic: Wybrze\u017ce Armii Krajowej i Marii Konopnickiej zostanie wy\u0142\u0105czone z ruchu. Pow\u00f3d?: Prace na zlecenie Przedsi\u0119biorstwa Wodoci\u0105g\u00f3w i Kanalizacji. Pierwszy etap prac zaplanowano w dniach od 1 do 3 maja. Objazd wyznaczony zostanie ul. Orlickiego. Na czas prac, ruch na odcinku ul. Wybrze\u017ce Armii Krajowej, od ul. Orlickiego do skrzy\u017cowania z ul. M. Konopnickiej [&hellip;]","og_url":"https:\/\/www.24gliwice.pl\/wiadomosci\/zamkna-skrzyzowanie-na-ul-wybrzeze-armii-krajowej-drogowcy-wytycza-objazd\/","og_site_name":"24GLIWICE - Portal Gliwice | codziennie nowe informacje","article_publisher":"https:\/\/www.facebook.com\/24gliwice","article_published_time":"2020-04-29T09:24:32+00:00","og_image":[{"width":810,"height":454,"url":"https:\/\/www.24gliwice.pl\/wiadomosci\/wp-content\/uploads\/2020\/04\/skrzy\u017cowanie-wybrze\u017ce-armii-krajowej-i-konopnickiej-zdm.jpg","type":"image\/jpeg"}],"author":"\u017baneta Mrozek-Siewierska","twitter_card":"summary_large_image","twitter_creator":"@24gliwice","twitter_site":"@24gliwice","twitter_misc":{"Napisane przez":"\u017baneta Mrozek-Siewierska","Szacowany czas czytania":"1 minuta"},"schema":{"@context":"https:\/\/schema.org","@graph":[{"@type":"Article","@id":"https:\/\/www.24gliwice.pl\/wiadomosci\/zamkna-skrzyzowanie-na-ul-wybrzeze-armii-krajowej-drogowcy-wytycza-objazd\/#article","isPartOf":{"@id":"https:\/\/www.24gliwice.pl\/wiadomosci\/zamkna-skrzyzowanie-na-ul-wybrzeze-armii-krajowej-drogowcy-wytycza-objazd\/"},"author":{"name":"\u017baneta Mrozek-Siewierska","@id":"https:\/\/www.24gliwice.pl\/wiadomosci\/#\/schema\/person\/e42c650edd7f2fa332be3811fb166b6e"},"headline":"Zamkn\u0105 skrzy\u017cowanie na ul. Wybrze\u017ce Armii Krajowej. Drogowcy wytycz\u0105 objazd","datePublished":"2020-04-29T09:24:32+00:00","mainEntityOfPage":{"@id":"https:\/\/www.24gliwice.pl\/wiadomosci\/zamkna-skrzyzowanie-na-ul-wybrzeze-armii-krajowej-drogowcy-wytycza-objazd\/"},"wordCount":162,"commentCount":0,"publisher":{"@id":"https:\/\/www.24gliwice.pl\/wiadomosci\/#organization"},"image":{"@id":"https:\/\/www.24gliwice.pl\/wiadomosci\/zamkna-skrzyzowanie-na-ul-wybrzeze-armii-krajowej-drogowcy-wytycza-objazd\/#primaryimage"},"thumbnailUrl":"https:\/\/www.24gliwice.pl\/wiadomosci\/wp-content\/uploads\/2020\/04\/skrzy\u017cowanie-wybrze\u017ce-armii-krajowej-i-konopnickiej-zdm.jpg","keywords":["centrum onkologii","INSTYTUT ONKOLOGII","NIO","ONKOLOGIA","PWIK","wybrze\u017ce armii krajowej"],"articleSection":["Gliwice","Najnowsze wiadomo\u015bci"],"inLanguage":"pl-PL","potentialAction":[{"@type":"CommentAction","name":"Comment","target":["https:\/\/www.24gliwice.pl\/wiadomosci\/zamkna-skrzyzowanie-na-ul-wybrzeze-armii-krajowej-drogowcy-wytycza-objazd\/#respond"]}]},{"@type":"WebPage","@id":"https:\/\/www.24gliwice.pl\/wiadomosci\/zamkna-skrzyzowanie-na-ul-wybrzeze-armii-krajowej-drogowcy-wytycza-objazd\/","url":"https:\/\/www.24gliwice.pl\/wiadomosci\/zamkna-skrzyzowanie-na-ul-wybrzeze-armii-krajowej-drogowcy-wytycza-objazd\/","name":"Zamkn\u0105 skrzy\u017cowanie na ul. Wybrze\u017ce Armii Krajowej. Drogowcy wytycz\u0105 objazd - 24GLIWICE - Portal Gliwice | codziennie nowe informacje","isPartOf":{"@id":"https:\/\/www.24gliwice.pl\/wiadomosci\/#website"},"primaryImageOfPage":{"@id":"https:\/\/www.24gliwice.pl\/wiadomosci\/zamkna-skrzyzowanie-na-ul-wybrzeze-armii-krajowej-drogowcy-wytycza-objazd\/#primaryimage"},"image":{"@id":"https:\/\/www.24gliwice.pl\/wiadomosci\/zamkna-skrzyzowanie-na-ul-wybrzeze-armii-krajowej-drogowcy-wytycza-objazd\/#primaryimage"},"thumbnailUrl":"https:\/\/www.24gliwice.pl\/wiadomosci\/wp-content\/uploads\/2020\/04\/skrzy\u017cowanie-wybrze\u017ce-armii-krajowej-i-konopnickiej-zdm.jpg","datePublished":"2020-04-29T09:24:32+00:00","breadcrumb":{"@id":"https:\/\/www.24gliwice.pl\/wiadomosci\/zamkna-skrzyzowanie-na-ul-wybrzeze-armii-krajowej-drogowcy-wytycza-objazd\/#breadcrumb"},"inLanguage":"pl-PL","potentialAction":[{"@type":"ReadAction","target":["https:\/\/www.24gliwice.pl\/wiadomosci\/zamkna-skrzyzowanie-na-ul-wybrzeze-armii-krajowej-drogowcy-wytycza-objazd\/"]}]},{"@type":"ImageObject","inLanguage":"pl-PL","@id":"https:\/\/www.24gliwice.pl\/wiadomosci\/zamkna-skrzyzowanie-na-ul-wybrzeze-armii-krajowej-drogowcy-wytycza-objazd\/#primaryimage","url":"https:\/\/www.24gliwice.pl\/wiadomosci\/wp-content\/uploads\/2020\/04\/skrzy\u017cowanie-wybrze\u017ce-armii-krajowej-i-konopnickiej-zdm.jpg","contentUrl":"https:\/\/www.24gliwice.pl\/wiadomosci\/wp-content\/uploads\/2020\/04\/skrzy\u017cowanie-wybrze\u017ce-armii-krajowej-i-konopnickiej-zdm.jpg","width":810,"height":454},{"@type":"BreadcrumbList","@id":"https:\/\/www.24gliwice.pl\/wiadomosci\/zamkna-skrzyzowanie-na-ul-wybrzeze-armii-krajowej-drogowcy-wytycza-objazd\/#breadcrumb","itemListElement":[{"@type":"ListItem","position":1,"name":"Strona g\u0142\u00f3wna","item":"https:\/\/www.24gliwice.pl\/wiadomosci\/"},{"@type":"ListItem","position":2,"name":"Zamkn\u0105 skrzy\u017cowanie na ul. Wybrze\u017ce Armii Krajowej. Drogowcy wytycz\u0105 objazd"}]},{"@type":"WebSite","@id":"https:\/\/www.24gliwice.pl\/wiadomosci\/#website","url":"https:\/\/www.24gliwice.pl\/wiadomosci\/","name":"24GLIWICE - Portal Gliwice | codziennie nowe wiadomo\u015bci","description":"Portal Miejski Gliwice","publisher":{"@id":"https:\/\/www.24gliwice.pl\/wiadomosci\/#organization"},"potentialAction":[{"@type":"SearchAction","target":{"@type":"EntryPoint","urlTemplate":"https:\/\/www.24gliwice.pl\/wiadomosci\/?s={search_term_string}"},"query-input":{"@type":"PropertyValueSpecification","valueRequired":true,"valueName":"search_term_string"}}],"inLanguage":"pl-PL"},{"@type":"Organization","@id":"https:\/\/www.24gliwice.pl\/wiadomosci\/#organization","name":"24gliwice","url":"https:\/\/www.24gliwice.pl\/wiadomosci\/","logo":{"@type":"ImageObject","inLanguage":"pl-PL","@id":"https:\/\/www.24gliwice.pl\/wiadomosci\/#\/schema\/logo\/image\/","url":"https:\/\/www.24gliwice.pl\/wiadomosci\/wp-content\/uploads\/2024\/10\/24gliwice-logo-696.jpg","contentUrl":"https:\/\/www.24gliwice.pl\/wiadomosci\/wp-content\/uploads\/2024\/10\/24gliwice-logo-696.jpg","width":696,"height":696,"caption":"24gliwice"},"image":{"@id":"https:\/\/www.24gliwice.pl\/wiadomosci\/#\/schema\/logo\/image\/"},"sameAs":["https:\/\/www.facebook.com\/24gliwice","https:\/\/x.com\/24gliwice","https:\/\/www.youtube.com\/@24gliwice"]},{"@type":"Person","@id":"https:\/\/www.24gliwice.pl\/wiadomosci\/#\/schema\/person\/e42c650edd7f2fa332be3811fb166b6e","name":"\u017baneta Mrozek-Siewierska","image":{"@type":"ImageObject","inLanguage":"pl-PL","@id":"https:\/\/secure.gravatar.com\/avatar\/1881429e9c64597c77ad7aef2d0a19be69a3253e57534d16aa15bf3a4d34a0a3?s=96&d=mm&r=g","url":"https:\/\/secure.gravatar.com\/avatar\/1881429e9c64597c77ad7aef2d0a19be69a3253e57534d16aa15bf3a4d34a0a3?s=96&d=mm&r=g","contentUrl":"https:\/\/secure.gravatar.com\/avatar\/1881429e9c64597c77ad7aef2d0a19be69a3253e57534d16aa15bf3a4d34a0a3?s=96&d=mm&r=g","caption":"\u017baneta Mrozek-Siewierska"},"url":"https:\/\/www.24gliwice.pl\/wiadomosci\/author\/zms\/"}]}},"_links":{"self":[{"href":"https:\/\/www.24gliwice.pl\/wiadomosci\/wp-json\/wp\/v2\/posts\/150974","targetHints":{"allow":["GET"]}}],"collection":[{"href":"https:\/\/www.24gliwice.pl\/wiadomosci\/wp-json\/wp\/v2\/posts"}],"about":[{"href":"https:\/\/www.24gliwice.pl\/wiadomosci\/wp-json\/wp\/v2\/types\/post"}],"author":[{"embeddable":true,"href":"https:\/\/www.24gliwice.pl\/wiadomosci\/wp-json\/wp\/v2\/users\/15"}],"replies":[{"embeddable":true,"href":"https:\/\/www.24gliwice.pl\/wiadomosci\/wp-json\/wp\/v2\/comments?post=150974"}],"version-history":[{"count":0,"href":"https:\/\/www.24gliwice.pl\/wiadomosci\/wp-json\/wp\/v2\/posts\/150974\/revisions"}],"wp:featuredmedia":[{"embeddable":true,"href":"https:\/\/www.24gliwice.pl\/wiadomosci\/wp-json\/wp\/v2\/media\/150977"}],"wp:attachment":[{"href":"https:\/\/www.24gliwice.pl\/wiadomosci\/wp-json\/wp\/v2\/media?parent=150974"}],"wp:term":[{"taxonomy":"category","embeddable":true,"href":"https:\/\/www.24gliwice.pl\/wiadomosci\/wp-json\/wp\/v2\/categories?post=150974"},{"taxonomy":"post_tag","embeddable":true,"href":"https:\/\/www.24gliwice.pl\/wiadomosci\/wp-json\/wp\/v2\/tags?post=150974"}],"curies":[{"name":"wp","href":"https:\/\/api.w.org\/{rel}","templated":true}]}}