{"id":152541,"date":"2020-05-29T02:02:01","date_gmt":"2020-05-29T00:02:01","guid":{"rendered":"https:\/\/www.24gliwice.pl\/wiadomosci\/?p=152541"},"modified":"2020-05-29T02:02:01","modified_gmt":"2020-05-29T00:02:01","slug":"gornicy-skarza-sie-na-gliwicki-sanepid-nie-mamy-pojecia-co-dalej-robic","status":"publish","type":"post","link":"https:\/\/www.24gliwice.pl\/wiadomosci\/gornicy-skarza-sie-na-gliwicki-sanepid-nie-mamy-pojecia-co-dalej-robic\/","title":{"rendered":"G\u00f3rnicy skar\u017c\u0105 si\u0119 na gliwicki Sanepid. &#8220;Nie mamy poj\u0119cia co dalej robi\u0107&#8221;"},"content":{"rendered":"<div class=\"gliwi-a6-nad-leadem-artykulow gliwi-entity-placement\" id=\"gliwi-2178688170\"><div class=\"gliwi-adlabel\"><span style=\"font-size: 9px\">REKLAMA<\/span><\/div><div id=\"gliwi-2903748618\" style=\"margin-bottom: 30px;margin-left: auto;margin-right: auto;text-align: center;\"><a data-no-instant=\"1\" href=\"https:\/\/przedszkole.halogen.org.pl\/\" rel=\"noopener\" class=\"a2t-link\" target=\"_blank\" aria-label=\"20260402-ANIMATOR-przedszkole_grafika_750x200\"><img loading=\"lazy\" decoding=\"async\" src=\"https:\/\/www.24gliwice.pl\/wiadomosci\/wp-content\/uploads\/2026\/04\/20260402-ANIMATOR-przedszkole_grafika_750x200.webp\" alt=\"\"  srcset=\"https:\/\/www.24gliwice.pl\/wiadomosci\/wp-content\/uploads\/2026\/04\/20260402-ANIMATOR-przedszkole_grafika_750x200.webp 750w, https:\/\/www.24gliwice.pl\/wiadomosci\/wp-content\/uploads\/2026\/04\/20260402-ANIMATOR-przedszkole_grafika_750x200-410x109.webp 410w\" sizes=\"(max-width: 750px) 100vw, 750px\" class=\"no-lazyload\" width=\"750\" height=\"200\"  style=\"display: inline-block; max-width: 100%; height: auto;\" \/><\/a><\/div><\/div><h2>&#8211; Z informacji, jakie posiadamy, Stacja Epidemiologiczna w Gliwicach kompletnie nie radzi sobie z zaistnia\u0142\u0105 sytuacj\u0105 &#8211; pisz\u0105 g\u00f3rnicy w pi\u015bmie do prezydenta Adama Neumanna.<\/h2>\n<p> W\u0142adze Gliwic przyznaj\u0105, \u017ce zdaj\u0105 sobie spraw\u0119 z problemu, ale Sanepid podlega pod administracj\u0119 rz\u0105dow\u0105 i miasto ma ograniczone mo\u017cliwo\u015bci interweniowania w sprawie.<\/p>\n<p>&#8211; Sanepid w Gliwicach mimo oddania do dyspozycji kilku numer\u00f3w telefon\u00f3w, nie jest w stanie odbiera\u0107 po\u0142\u0105cze\u0144, nie m\u00f3wi\u0105c ju\u017c o udzielaniu na bie\u017c\u0105co istotnych informacji &#8211; czytamy w pi\u015bmie WZZ Sierpie\u0144 80 KWK &#8220;So\u015bnica&#8221;. <\/p><div class=\"gliwi-a3-w-tresci-artykulow gliwi-entity-placement\" id=\"gliwi-3652155928\"><div class=\"gliwi-adlabel\"><span style=\"font-size: 9px\">REKLAMA<\/span><\/div><div id=\"gliwi-2541424921\" style=\"margin-bottom: 30px;margin-left: auto;margin-right: auto;text-align: center;\"><a data-no-instant=\"1\" href=\"https:\/\/zlobek.halogen.org.pl\/\" rel=\"noopener\" class=\"a2t-link\" target=\"_blank\" aria-label=\"animator-zlobek_750x200\"><img loading=\"lazy\" decoding=\"async\" src=\"https:\/\/www.24gliwice.pl\/wiadomosci\/wp-content\/uploads\/2026\/02\/animator-zlobek_750x200.webp\" alt=\"\"  srcset=\"https:\/\/www.24gliwice.pl\/wiadomosci\/wp-content\/uploads\/2026\/02\/animator-zlobek_750x200.webp 750w, https:\/\/www.24gliwice.pl\/wiadomosci\/wp-content\/uploads\/2026\/02\/animator-zlobek_750x200-410x109.webp 410w\" sizes=\"(max-width: 750px) 100vw, 750px\" class=\"no-lazyload\" width=\"750\" height=\"200\"  style=\"display: inline-block; max-width: 100%; height: auto;\" \/><\/a><\/div><\/div>\n<p>G\u00f3rnicy wskazuj\u0105, \u017ce w zwi\u0105zku z brakiem informacji o wynikach, nie mog\u0105 wraca\u0107 do pracy, a to wi\u0105\u017ce si\u0119 z utrat\u0105 \u015brodk\u00f3w finansowych. <\/p>\n<h4>Na problem, o kt\u00f3rym pisz\u0105 g\u00f3rnicy, wskazywali mieszka\u0144cy jeszcze przed wybuchem ogniska koronawirusa w So\u015bnicy.<\/h4>\n<p> Pod koniec kwietnia czas oczekiwania na rozmow\u0119 z konsultantem Sanepidu wynosi\u0142 czasem nawet&#8230; 190 minut. Bywa\u0142o te\u017c, \u017ce telefonuj\u0105cy dowiadywa\u0142 si\u0119 jedynie, \u017ce po\u0142\u0105czenie nie jest mo\u017cliwe i by\u0142 roz\u0142\u0105czany. <\/p>\n<p><em>&#8211; Mamy wiedz\u0119, \u017ce bardzo trudno dodzwoni\u0107 si\u0119 do Sanepidu. Wynika to z prostego faktu: bardzo du\u017cego obci\u0105\u017cenia pracownik\u00f3w inspekcji zadaniami na\u0142o\u017conymi przez w\u0142adze pa\u0144stwowe<\/em> &#8211; m\u00f3wi <strong>\u0141ukasz Oryszczak<\/strong>, rzecznik prasowy prezydenta Gliwic. <em>&#8211; Miasto nie ma niestety mo\u017cliwo\u015bci interweniowania w tej sprawie. Sanepid podlega pod administracj\u0119 rz\u0105dow\u0105 i to ta administracja nak\u0142ada na niego zadania<\/em> &#8211; argumentuje. <\/p>\n<p>W\u0142adze Gliwic zwracaj\u0105 uwag\u0119, \u017ce w ostatnich tygodniach w celu wsparcia dzia\u0142a\u0144 inspekcji, zorganizowano dodatkowy wymazobus, a miasto od lat przy r\u00f3\u017cnych okazjach podnosi\u0142o kwesti\u0119 niedofinansowania Sanepidu i innych jednostek administracji pa\u0144stwowej.<\/p>\n<p>Nieoficjalnie m\u00f3wi si\u0119, \u017ce problem kontaktu z Sanepidem wynika z braku r\u0105k do pracy. Pracownik\u00f3w inspekcji jest za ma\u0142o, s\u0105 przeci\u0105\u017ceni zakresem obowi\u0105zk\u00f3w i nie mog\u0105 liczy\u0107 na \u017cadn\u0105 dodatkow\u0105 pomoc.<\/p>\n<p>Z pro\u015bb\u0105 o komentarz w sprawie zwr\u00f3cili\u015bmy si\u0119 pod koniec kwietnia do biura prasowego \u015al\u0105skiego Urz\u0119du Wojew\u00f3dzkiego. Pomimo przypomnie\u0144, do dzi\u015b nie otrzymali\u015bmy odpowiedzi. R\u00f3wnie\u017c kontakt z samym Sanepidem napotka\u0142 na podobny problem, na jaki wskazuj\u0105 mieszka\u0144cy i g\u00f3rnicy.<br \/>\n(msz)<\/p>\n<div class=\"gliwi-a5-na-koncu-artykulow gliwi-entity-placement\" id=\"gliwi-2692894020\"><div class=\"gliwi-adlabel\"><span style=\"font-size: 9px\">REKLAMA<\/span><\/div><div id=\"gliwi-3294513636\" style=\"margin-left: auto;margin-right: auto;text-align: center;\"><a data-no-instant=\"1\" href=\"https:\/\/prezeroarenagliwice.pl\/\" rel=\"noopener\" class=\"a2t-link\" target=\"_blank\" aria-label=\"20260309-PREZERO-WIOSNA-D\"><img loading=\"lazy\" decoding=\"async\" src=\"https:\/\/www.24gliwice.pl\/wiadomosci\/wp-content\/uploads\/2026\/03\/20260309-PREZERO-WIOSNA-D.webp\" alt=\"\"  srcset=\"https:\/\/www.24gliwice.pl\/wiadomosci\/wp-content\/uploads\/2026\/03\/20260309-PREZERO-WIOSNA-D.webp 750w, https:\/\/www.24gliwice.pl\/wiadomosci\/wp-content\/uploads\/2026\/03\/20260309-PREZERO-WIOSNA-D-410x109.webp 410w\" sizes=\"(max-width: 750px) 100vw, 750px\" class=\"no-lazyload\" width=\"750\" height=\"200\"  style=\"display: inline-block; max-width: 100%; height: auto;\" \/><\/a><\/div><\/div>","protected":false},"excerpt":{"rendered":"<p>&#8211; Z informacji, jakie posiadamy, Stacja Epidemiologiczna w Gliwicach kompletnie nie radzi sobie z zaistnia\u0142\u0105 sytuacj\u0105 &#8211; pisz\u0105 g\u00f3rnicy w pi\u015bmie do prezydenta Adama Neumanna. W\u0142adze Gliwic przyznaj\u0105, \u017ce zdaj\u0105 sobie spraw\u0119 z problemu, ale Sanepid podlega pod administracj\u0119 rz\u0105dow\u0105 i miasto ma ograniczone mo\u017cliwo\u015bci interweniowania w sprawie. &#8211; Sanepid w Gliwicach mimo oddania do [&hellip;]<\/p>\n","protected":false},"author":12,"featured_media":152583,"comment_status":"open","ping_status":"closed","sticky":false,"template":"","format":"standard","meta":{"_monsterinsights_skip_tracking":false,"_monsterinsights_sitenote_active":false,"_monsterinsights_sitenote_note":"","_monsterinsights_sitenote_category":0,"footnotes":"","_links_to":"","_links_to_target":""},"categories":[3,1,9],"tags":[17708,8459],"class_list":["post-152541","post","type-post","status-publish","format-standard","has-post-thumbnail","hentry","category-gliwice","category-wszystko","category-aktualnosci_lokalne","tag-koronawirus","tag-sanepid"],"yoast_head":"<!-- This site is optimized with the Yoast SEO plugin v27.5 - https:\/\/yoast.com\/product\/yoast-seo-wordpress\/ -->\n<title>G\u00f3rnicy skar\u017c\u0105 si\u0119 na gliwicki Sanepid. &quot;Nie mamy poj\u0119cia co dalej robi\u0107&quot; - 24GLIWICE - Portal Gliwice | codziennie nowe informacje<\/title>\n<meta name=\"robots\" content=\"index, follow, max-snippet:-1, max-image-preview:large, max-video-preview:-1\" \/>\n<link rel=\"canonical\" href=\"https:\/\/www.24gliwice.pl\/wiadomosci\/gornicy-skarza-sie-na-gliwicki-sanepid-nie-mamy-pojecia-co-dalej-robic\/\" \/>\n<meta property=\"og:locale\" content=\"pl_PL\" \/>\n<meta property=\"og:type\" content=\"article\" \/>\n<meta property=\"og:title\" content=\"G\u00f3rnicy skar\u017c\u0105 si\u0119 na gliwicki Sanepid. &quot;Nie mamy poj\u0119cia co dalej robi\u0107&quot; - 24GLIWICE - Portal Gliwice | codziennie nowe informacje\" \/>\n<meta property=\"og:description\" content=\"&#8211; Z informacji, jakie posiadamy, Stacja Epidemiologiczna w Gliwicach kompletnie nie radzi sobie z zaistnia\u0142\u0105 sytuacj\u0105 &#8211; pisz\u0105 g\u00f3rnicy w pi\u015bmie do prezydenta Adama Neumanna. W\u0142adze Gliwic przyznaj\u0105, \u017ce zdaj\u0105 sobie spraw\u0119 z problemu, ale Sanepid podlega pod administracj\u0119 rz\u0105dow\u0105 i miasto ma ograniczone mo\u017cliwo\u015bci interweniowania w sprawie. &#8211; Sanepid w Gliwicach mimo oddania do [&hellip;]\" \/>\n<meta property=\"og:url\" content=\"https:\/\/www.24gliwice.pl\/wiadomosci\/gornicy-skarza-sie-na-gliwicki-sanepid-nie-mamy-pojecia-co-dalej-robic\/\" \/>\n<meta property=\"og:site_name\" content=\"24GLIWICE - Portal Gliwice | codziennie nowe informacje\" \/>\n<meta property=\"article:publisher\" content=\"https:\/\/www.facebook.com\/24gliwice\" \/>\n<meta property=\"article:published_time\" content=\"2020-05-29T00:02:01+00:00\" \/>\n<meta property=\"og:image\" content=\"https:\/\/www.24gliwice.pl\/wiadomosci\/wp-content\/uploads\/2020\/05\/sanepid.jpg\" \/>\n\t<meta property=\"og:image:width\" content=\"810\" \/>\n\t<meta property=\"og:image:height\" content=\"456\" \/>\n\t<meta property=\"og:image:type\" content=\"image\/jpeg\" \/>\n<meta name=\"author\" content=\"Micha\u0142 Szewczyk\" \/>\n<meta name=\"twitter:card\" content=\"summary_large_image\" \/>\n<meta name=\"twitter:creator\" content=\"@24gliwice\" \/>\n<meta name=\"twitter:site\" content=\"@24gliwice\" \/>\n<meta name=\"twitter:label1\" content=\"Napisane przez\" \/>\n\t<meta name=\"twitter:data1\" content=\"Micha\u0142 Szewczyk\" \/>\n\t<meta name=\"twitter:label2\" content=\"Szacowany czas czytania\" \/>\n\t<meta name=\"twitter:data2\" content=\"2 minuty\" \/>\n<script type=\"application\/ld+json\" class=\"yoast-schema-graph\">{\"@context\":\"https:\\\/\\\/schema.org\",\"@graph\":[{\"@type\":\"Article\",\"@id\":\"https:\\\/\\\/www.24gliwice.pl\\\/wiadomosci\\\/gornicy-skarza-sie-na-gliwicki-sanepid-nie-mamy-pojecia-co-dalej-robic\\\/#article\",\"isPartOf\":{\"@id\":\"https:\\\/\\\/www.24gliwice.pl\\\/wiadomosci\\\/gornicy-skarza-sie-na-gliwicki-sanepid-nie-mamy-pojecia-co-dalej-robic\\\/\"},\"author\":{\"name\":\"Micha\u0142 Szewczyk\",\"@id\":\"https:\\\/\\\/www.24gliwice.pl\\\/wiadomosci\\\/#\\\/schema\\\/person\\\/940e8f8a097e322de4f463f061ef8d45\"},\"headline\":\"G\u00f3rnicy skar\u017c\u0105 si\u0119 na gliwicki Sanepid. &#8220;Nie mamy poj\u0119cia co dalej robi\u0107&#8221;\",\"datePublished\":\"2020-05-29T00:02:01+00:00\",\"mainEntityOfPage\":{\"@id\":\"https:\\\/\\\/www.24gliwice.pl\\\/wiadomosci\\\/gornicy-skarza-sie-na-gliwicki-sanepid-nie-mamy-pojecia-co-dalej-robic\\\/\"},\"wordCount\":385,\"commentCount\":0,\"publisher\":{\"@id\":\"https:\\\/\\\/www.24gliwice.pl\\\/wiadomosci\\\/#organization\"},\"image\":{\"@id\":\"https:\\\/\\\/www.24gliwice.pl\\\/wiadomosci\\\/gornicy-skarza-sie-na-gliwicki-sanepid-nie-mamy-pojecia-co-dalej-robic\\\/#primaryimage\"},\"thumbnailUrl\":\"https:\\\/\\\/www.24gliwice.pl\\\/wiadomosci\\\/wp-content\\\/uploads\\\/2020\\\/05\\\/sanepid.jpg\",\"keywords\":[\"KORONAWIRUS\",\"sanepid\"],\"articleSection\":[\"Gliwice\",\"Najnowsze wiadomo\u015bci\",\"Portal Gliwice - Wiadomo\u015bci lokalne\"],\"inLanguage\":\"pl-PL\",\"potentialAction\":[{\"@type\":\"CommentAction\",\"name\":\"Comment\",\"target\":[\"https:\\\/\\\/www.24gliwice.pl\\\/wiadomosci\\\/gornicy-skarza-sie-na-gliwicki-sanepid-nie-mamy-pojecia-co-dalej-robic\\\/#respond\"]}]},{\"@type\":\"WebPage\",\"@id\":\"https:\\\/\\\/www.24gliwice.pl\\\/wiadomosci\\\/gornicy-skarza-sie-na-gliwicki-sanepid-nie-mamy-pojecia-co-dalej-robic\\\/\",\"url\":\"https:\\\/\\\/www.24gliwice.pl\\\/wiadomosci\\\/gornicy-skarza-sie-na-gliwicki-sanepid-nie-mamy-pojecia-co-dalej-robic\\\/\",\"name\":\"G\u00f3rnicy skar\u017c\u0105 si\u0119 na gliwicki Sanepid. \\\"Nie mamy poj\u0119cia co dalej robi\u0107\\\" - 24GLIWICE - Portal Gliwice | codziennie nowe informacje\",\"isPartOf\":{\"@id\":\"https:\\\/\\\/www.24gliwice.pl\\\/wiadomosci\\\/#website\"},\"primaryImageOfPage\":{\"@id\":\"https:\\\/\\\/www.24gliwice.pl\\\/wiadomosci\\\/gornicy-skarza-sie-na-gliwicki-sanepid-nie-mamy-pojecia-co-dalej-robic\\\/#primaryimage\"},\"image\":{\"@id\":\"https:\\\/\\\/www.24gliwice.pl\\\/wiadomosci\\\/gornicy-skarza-sie-na-gliwicki-sanepid-nie-mamy-pojecia-co-dalej-robic\\\/#primaryimage\"},\"thumbnailUrl\":\"https:\\\/\\\/www.24gliwice.pl\\\/wiadomosci\\\/wp-content\\\/uploads\\\/2020\\\/05\\\/sanepid.jpg\",\"datePublished\":\"2020-05-29T00:02:01+00:00\",\"breadcrumb\":{\"@id\":\"https:\\\/\\\/www.24gliwice.pl\\\/wiadomosci\\\/gornicy-skarza-sie-na-gliwicki-sanepid-nie-mamy-pojecia-co-dalej-robic\\\/#breadcrumb\"},\"inLanguage\":\"pl-PL\",\"potentialAction\":[{\"@type\":\"ReadAction\",\"target\":[\"https:\\\/\\\/www.24gliwice.pl\\\/wiadomosci\\\/gornicy-skarza-sie-na-gliwicki-sanepid-nie-mamy-pojecia-co-dalej-robic\\\/\"]}]},{\"@type\":\"ImageObject\",\"inLanguage\":\"pl-PL\",\"@id\":\"https:\\\/\\\/www.24gliwice.pl\\\/wiadomosci\\\/gornicy-skarza-sie-na-gliwicki-sanepid-nie-mamy-pojecia-co-dalej-robic\\\/#primaryimage\",\"url\":\"https:\\\/\\\/www.24gliwice.pl\\\/wiadomosci\\\/wp-content\\\/uploads\\\/2020\\\/05\\\/sanepid.jpg\",\"contentUrl\":\"https:\\\/\\\/www.24gliwice.pl\\\/wiadomosci\\\/wp-content\\\/uploads\\\/2020\\\/05\\\/sanepid.jpg\",\"width\":810,\"height\":456},{\"@type\":\"BreadcrumbList\",\"@id\":\"https:\\\/\\\/www.24gliwice.pl\\\/wiadomosci\\\/gornicy-skarza-sie-na-gliwicki-sanepid-nie-mamy-pojecia-co-dalej-robic\\\/#breadcrumb\",\"itemListElement\":[{\"@type\":\"ListItem\",\"position\":1,\"name\":\"Strona g\u0142\u00f3wna\",\"item\":\"https:\\\/\\\/www.24gliwice.pl\\\/wiadomosci\\\/\"},{\"@type\":\"ListItem\",\"position\":2,\"name\":\"G\u00f3rnicy skar\u017c\u0105 si\u0119 na gliwicki Sanepid. &#8222;Nie mamy poj\u0119cia co dalej robi\u0107&#8221;\"}]},{\"@type\":\"WebSite\",\"@id\":\"https:\\\/\\\/www.24gliwice.pl\\\/wiadomosci\\\/#website\",\"url\":\"https:\\\/\\\/www.24gliwice.pl\\\/wiadomosci\\\/\",\"name\":\"24GLIWICE - Portal Gliwice | codziennie nowe wiadomo\u015bci\",\"description\":\"Portal Miejski Gliwice\",\"publisher\":{\"@id\":\"https:\\\/\\\/www.24gliwice.pl\\\/wiadomosci\\\/#organization\"},\"potentialAction\":[{\"@type\":\"SearchAction\",\"target\":{\"@type\":\"EntryPoint\",\"urlTemplate\":\"https:\\\/\\\/www.24gliwice.pl\\\/wiadomosci\\\/?s={search_term_string}\"},\"query-input\":{\"@type\":\"PropertyValueSpecification\",\"valueRequired\":true,\"valueName\":\"search_term_string\"}}],\"inLanguage\":\"pl-PL\"},{\"@type\":\"Organization\",\"@id\":\"https:\\\/\\\/www.24gliwice.pl\\\/wiadomosci\\\/#organization\",\"name\":\"24gliwice\",\"url\":\"https:\\\/\\\/www.24gliwice.pl\\\/wiadomosci\\\/\",\"logo\":{\"@type\":\"ImageObject\",\"inLanguage\":\"pl-PL\",\"@id\":\"https:\\\/\\\/www.24gliwice.pl\\\/wiadomosci\\\/#\\\/schema\\\/logo\\\/image\\\/\",\"url\":\"https:\\\/\\\/www.24gliwice.pl\\\/wiadomosci\\\/wp-content\\\/uploads\\\/2024\\\/10\\\/24gliwice-logo-696.jpg\",\"contentUrl\":\"https:\\\/\\\/www.24gliwice.pl\\\/wiadomosci\\\/wp-content\\\/uploads\\\/2024\\\/10\\\/24gliwice-logo-696.jpg\",\"width\":696,\"height\":696,\"caption\":\"24gliwice\"},\"image\":{\"@id\":\"https:\\\/\\\/www.24gliwice.pl\\\/wiadomosci\\\/#\\\/schema\\\/logo\\\/image\\\/\"},\"sameAs\":[\"https:\\\/\\\/www.facebook.com\\\/24gliwice\",\"https:\\\/\\\/x.com\\\/24gliwice\",\"https:\\\/\\\/www.youtube.com\\\/@24gliwice\"]},{\"@type\":\"Person\",\"@id\":\"https:\\\/\\\/www.24gliwice.pl\\\/wiadomosci\\\/#\\\/schema\\\/person\\\/940e8f8a097e322de4f463f061ef8d45\",\"name\":\"Micha\u0142 Szewczyk\",\"image\":{\"@type\":\"ImageObject\",\"inLanguage\":\"pl-PL\",\"@id\":\"https:\\\/\\\/secure.gravatar.com\\\/avatar\\\/771b8b6c74cd8d255e46392d605e01a86133900ef09b6ef3c8d451c9d92288cf?s=96&d=mm&r=g\",\"url\":\"https:\\\/\\\/secure.gravatar.com\\\/avatar\\\/771b8b6c74cd8d255e46392d605e01a86133900ef09b6ef3c8d451c9d92288cf?s=96&d=mm&r=g\",\"contentUrl\":\"https:\\\/\\\/secure.gravatar.com\\\/avatar\\\/771b8b6c74cd8d255e46392d605e01a86133900ef09b6ef3c8d451c9d92288cf?s=96&d=mm&r=g\",\"caption\":\"Micha\u0142 Szewczyk\"},\"sameAs\":[\"http:\\\/\\\/www.gazeta-miejska.pl\"],\"url\":\"https:\\\/\\\/www.24gliwice.pl\\\/wiadomosci\\\/author\\\/michal-szewczyk\\\/\"}]}<\/script>\n<!-- \/ Yoast SEO plugin. -->","yoast_head_json":{"title":"G\u00f3rnicy skar\u017c\u0105 si\u0119 na gliwicki Sanepid. \"Nie mamy poj\u0119cia co dalej robi\u0107\" - 24GLIWICE - Portal Gliwice | codziennie nowe informacje","robots":{"index":"index","follow":"follow","max-snippet":"max-snippet:-1","max-image-preview":"max-image-preview:large","max-video-preview":"max-video-preview:-1"},"canonical":"https:\/\/www.24gliwice.pl\/wiadomosci\/gornicy-skarza-sie-na-gliwicki-sanepid-nie-mamy-pojecia-co-dalej-robic\/","og_locale":"pl_PL","og_type":"article","og_title":"G\u00f3rnicy skar\u017c\u0105 si\u0119 na gliwicki Sanepid. \"Nie mamy poj\u0119cia co dalej robi\u0107\" - 24GLIWICE - Portal Gliwice | codziennie nowe informacje","og_description":"&#8211; Z informacji, jakie posiadamy, Stacja Epidemiologiczna w Gliwicach kompletnie nie radzi sobie z zaistnia\u0142\u0105 sytuacj\u0105 &#8211; pisz\u0105 g\u00f3rnicy w pi\u015bmie do prezydenta Adama Neumanna. W\u0142adze Gliwic przyznaj\u0105, \u017ce zdaj\u0105 sobie spraw\u0119 z problemu, ale Sanepid podlega pod administracj\u0119 rz\u0105dow\u0105 i miasto ma ograniczone mo\u017cliwo\u015bci interweniowania w sprawie. &#8211; Sanepid w Gliwicach mimo oddania do [&hellip;]","og_url":"https:\/\/www.24gliwice.pl\/wiadomosci\/gornicy-skarza-sie-na-gliwicki-sanepid-nie-mamy-pojecia-co-dalej-robic\/","og_site_name":"24GLIWICE - Portal Gliwice | codziennie nowe informacje","article_publisher":"https:\/\/www.facebook.com\/24gliwice","article_published_time":"2020-05-29T00:02:01+00:00","og_image":[{"width":810,"height":456,"url":"https:\/\/www.24gliwice.pl\/wiadomosci\/wp-content\/uploads\/2020\/05\/sanepid.jpg","type":"image\/jpeg"}],"author":"Micha\u0142 Szewczyk","twitter_card":"summary_large_image","twitter_creator":"@24gliwice","twitter_site":"@24gliwice","twitter_misc":{"Napisane przez":"Micha\u0142 Szewczyk","Szacowany czas czytania":"2 minuty"},"schema":{"@context":"https:\/\/schema.org","@graph":[{"@type":"Article","@id":"https:\/\/www.24gliwice.pl\/wiadomosci\/gornicy-skarza-sie-na-gliwicki-sanepid-nie-mamy-pojecia-co-dalej-robic\/#article","isPartOf":{"@id":"https:\/\/www.24gliwice.pl\/wiadomosci\/gornicy-skarza-sie-na-gliwicki-sanepid-nie-mamy-pojecia-co-dalej-robic\/"},"author":{"name":"Micha\u0142 Szewczyk","@id":"https:\/\/www.24gliwice.pl\/wiadomosci\/#\/schema\/person\/940e8f8a097e322de4f463f061ef8d45"},"headline":"G\u00f3rnicy skar\u017c\u0105 si\u0119 na gliwicki Sanepid. &#8220;Nie mamy poj\u0119cia co dalej robi\u0107&#8221;","datePublished":"2020-05-29T00:02:01+00:00","mainEntityOfPage":{"@id":"https:\/\/www.24gliwice.pl\/wiadomosci\/gornicy-skarza-sie-na-gliwicki-sanepid-nie-mamy-pojecia-co-dalej-robic\/"},"wordCount":385,"commentCount":0,"publisher":{"@id":"https:\/\/www.24gliwice.pl\/wiadomosci\/#organization"},"image":{"@id":"https:\/\/www.24gliwice.pl\/wiadomosci\/gornicy-skarza-sie-na-gliwicki-sanepid-nie-mamy-pojecia-co-dalej-robic\/#primaryimage"},"thumbnailUrl":"https:\/\/www.24gliwice.pl\/wiadomosci\/wp-content\/uploads\/2020\/05\/sanepid.jpg","keywords":["KORONAWIRUS","sanepid"],"articleSection":["Gliwice","Najnowsze wiadomo\u015bci","Portal Gliwice - Wiadomo\u015bci lokalne"],"inLanguage":"pl-PL","potentialAction":[{"@type":"CommentAction","name":"Comment","target":["https:\/\/www.24gliwice.pl\/wiadomosci\/gornicy-skarza-sie-na-gliwicki-sanepid-nie-mamy-pojecia-co-dalej-robic\/#respond"]}]},{"@type":"WebPage","@id":"https:\/\/www.24gliwice.pl\/wiadomosci\/gornicy-skarza-sie-na-gliwicki-sanepid-nie-mamy-pojecia-co-dalej-robic\/","url":"https:\/\/www.24gliwice.pl\/wiadomosci\/gornicy-skarza-sie-na-gliwicki-sanepid-nie-mamy-pojecia-co-dalej-robic\/","name":"G\u00f3rnicy skar\u017c\u0105 si\u0119 na gliwicki Sanepid. \"Nie mamy poj\u0119cia co dalej robi\u0107\" - 24GLIWICE - Portal Gliwice | codziennie nowe informacje","isPartOf":{"@id":"https:\/\/www.24gliwice.pl\/wiadomosci\/#website"},"primaryImageOfPage":{"@id":"https:\/\/www.24gliwice.pl\/wiadomosci\/gornicy-skarza-sie-na-gliwicki-sanepid-nie-mamy-pojecia-co-dalej-robic\/#primaryimage"},"image":{"@id":"https:\/\/www.24gliwice.pl\/wiadomosci\/gornicy-skarza-sie-na-gliwicki-sanepid-nie-mamy-pojecia-co-dalej-robic\/#primaryimage"},"thumbnailUrl":"https:\/\/www.24gliwice.pl\/wiadomosci\/wp-content\/uploads\/2020\/05\/sanepid.jpg","datePublished":"2020-05-29T00:02:01+00:00","breadcrumb":{"@id":"https:\/\/www.24gliwice.pl\/wiadomosci\/gornicy-skarza-sie-na-gliwicki-sanepid-nie-mamy-pojecia-co-dalej-robic\/#breadcrumb"},"inLanguage":"pl-PL","potentialAction":[{"@type":"ReadAction","target":["https:\/\/www.24gliwice.pl\/wiadomosci\/gornicy-skarza-sie-na-gliwicki-sanepid-nie-mamy-pojecia-co-dalej-robic\/"]}]},{"@type":"ImageObject","inLanguage":"pl-PL","@id":"https:\/\/www.24gliwice.pl\/wiadomosci\/gornicy-skarza-sie-na-gliwicki-sanepid-nie-mamy-pojecia-co-dalej-robic\/#primaryimage","url":"https:\/\/www.24gliwice.pl\/wiadomosci\/wp-content\/uploads\/2020\/05\/sanepid.jpg","contentUrl":"https:\/\/www.24gliwice.pl\/wiadomosci\/wp-content\/uploads\/2020\/05\/sanepid.jpg","width":810,"height":456},{"@type":"BreadcrumbList","@id":"https:\/\/www.24gliwice.pl\/wiadomosci\/gornicy-skarza-sie-na-gliwicki-sanepid-nie-mamy-pojecia-co-dalej-robic\/#breadcrumb","itemListElement":[{"@type":"ListItem","position":1,"name":"Strona g\u0142\u00f3wna","item":"https:\/\/www.24gliwice.pl\/wiadomosci\/"},{"@type":"ListItem","position":2,"name":"G\u00f3rnicy skar\u017c\u0105 si\u0119 na gliwicki Sanepid. &#8222;Nie mamy poj\u0119cia co dalej robi\u0107&#8221;"}]},{"@type":"WebSite","@id":"https:\/\/www.24gliwice.pl\/wiadomosci\/#website","url":"https:\/\/www.24gliwice.pl\/wiadomosci\/","name":"24GLIWICE - Portal Gliwice | codziennie nowe wiadomo\u015bci","description":"Portal Miejski Gliwice","publisher":{"@id":"https:\/\/www.24gliwice.pl\/wiadomosci\/#organization"},"potentialAction":[{"@type":"SearchAction","target":{"@type":"EntryPoint","urlTemplate":"https:\/\/www.24gliwice.pl\/wiadomosci\/?s={search_term_string}"},"query-input":{"@type":"PropertyValueSpecification","valueRequired":true,"valueName":"search_term_string"}}],"inLanguage":"pl-PL"},{"@type":"Organization","@id":"https:\/\/www.24gliwice.pl\/wiadomosci\/#organization","name":"24gliwice","url":"https:\/\/www.24gliwice.pl\/wiadomosci\/","logo":{"@type":"ImageObject","inLanguage":"pl-PL","@id":"https:\/\/www.24gliwice.pl\/wiadomosci\/#\/schema\/logo\/image\/","url":"https:\/\/www.24gliwice.pl\/wiadomosci\/wp-content\/uploads\/2024\/10\/24gliwice-logo-696.jpg","contentUrl":"https:\/\/www.24gliwice.pl\/wiadomosci\/wp-content\/uploads\/2024\/10\/24gliwice-logo-696.jpg","width":696,"height":696,"caption":"24gliwice"},"image":{"@id":"https:\/\/www.24gliwice.pl\/wiadomosci\/#\/schema\/logo\/image\/"},"sameAs":["https:\/\/www.facebook.com\/24gliwice","https:\/\/x.com\/24gliwice","https:\/\/www.youtube.com\/@24gliwice"]},{"@type":"Person","@id":"https:\/\/www.24gliwice.pl\/wiadomosci\/#\/schema\/person\/940e8f8a097e322de4f463f061ef8d45","name":"Micha\u0142 Szewczyk","image":{"@type":"ImageObject","inLanguage":"pl-PL","@id":"https:\/\/secure.gravatar.com\/avatar\/771b8b6c74cd8d255e46392d605e01a86133900ef09b6ef3c8d451c9d92288cf?s=96&d=mm&r=g","url":"https:\/\/secure.gravatar.com\/avatar\/771b8b6c74cd8d255e46392d605e01a86133900ef09b6ef3c8d451c9d92288cf?s=96&d=mm&r=g","contentUrl":"https:\/\/secure.gravatar.com\/avatar\/771b8b6c74cd8d255e46392d605e01a86133900ef09b6ef3c8d451c9d92288cf?s=96&d=mm&r=g","caption":"Micha\u0142 Szewczyk"},"sameAs":["http:\/\/www.gazeta-miejska.pl"],"url":"https:\/\/www.24gliwice.pl\/wiadomosci\/author\/michal-szewczyk\/"}]}},"_links":{"self":[{"href":"https:\/\/www.24gliwice.pl\/wiadomosci\/wp-json\/wp\/v2\/posts\/152541","targetHints":{"allow":["GET"]}}],"collection":[{"href":"https:\/\/www.24gliwice.pl\/wiadomosci\/wp-json\/wp\/v2\/posts"}],"about":[{"href":"https:\/\/www.24gliwice.pl\/wiadomosci\/wp-json\/wp\/v2\/types\/post"}],"author":[{"embeddable":true,"href":"https:\/\/www.24gliwice.pl\/wiadomosci\/wp-json\/wp\/v2\/users\/12"}],"replies":[{"embeddable":true,"href":"https:\/\/www.24gliwice.pl\/wiadomosci\/wp-json\/wp\/v2\/comments?post=152541"}],"version-history":[{"count":0,"href":"https:\/\/www.24gliwice.pl\/wiadomosci\/wp-json\/wp\/v2\/posts\/152541\/revisions"}],"wp:featuredmedia":[{"embeddable":true,"href":"https:\/\/www.24gliwice.pl\/wiadomosci\/wp-json\/wp\/v2\/media\/152583"}],"wp:attachment":[{"href":"https:\/\/www.24gliwice.pl\/wiadomosci\/wp-json\/wp\/v2\/media?parent=152541"}],"wp:term":[{"taxonomy":"category","embeddable":true,"href":"https:\/\/www.24gliwice.pl\/wiadomosci\/wp-json\/wp\/v2\/categories?post=152541"},{"taxonomy":"post_tag","embeddable":true,"href":"https:\/\/www.24gliwice.pl\/wiadomosci\/wp-json\/wp\/v2\/tags?post=152541"}],"curies":[{"name":"wp","href":"https:\/\/api.w.org\/{rel}","templated":true}]}}