{"id":152621,"date":"2020-05-29T17:03:51","date_gmt":"2020-05-29T15:03:51","guid":{"rendered":"https:\/\/www.24gliwice.pl\/wiadomosci\/?p=152621"},"modified":"2020-05-29T17:03:51","modified_gmt":"2020-05-29T15:03:51","slug":"zlobki-i-przedszkola-wznawiaja-dzialanie-podstawowki-pozostana-zamkniete-do-konca-roku-szkolnego","status":"publish","type":"post","link":"https:\/\/www.24gliwice.pl\/wiadomosci\/zlobki-i-przedszkola-wznawiaja-dzialanie-podstawowki-pozostana-zamkniete-do-konca-roku-szkolnego\/","title":{"rendered":"\u017b\u0142obki i przedszkola wznawiaj\u0105 dzia\u0142anie. Podstaw\u00f3wki pozostan\u0105 zamkni\u0119te do ko\u0144ca roku szkolnego"},"content":{"rendered":"<div class=\"gliwi-a6-nad-leadem-artykulow gliwi-entity-placement\" id=\"gliwi-1774022568\"><div class=\"gliwi-adlabel\"><span style=\"font-size: 9px\">REKLAMA<\/span><\/div><div id=\"gliwi-1190838384\" style=\"margin-bottom: 30px;margin-left: auto;margin-right: auto;text-align: center;\"><a data-no-instant=\"1\" href=\"https:\/\/przedszkole.halogen.org.pl\/\" rel=\"noopener\" class=\"a2t-link\" target=\"_blank\" aria-label=\"20260402-ANIMATOR-przedszkole_grafika_750x200\"><img loading=\"lazy\" decoding=\"async\" src=\"https:\/\/www.24gliwice.pl\/wiadomosci\/wp-content\/uploads\/2026\/04\/20260402-ANIMATOR-przedszkole_grafika_750x200.webp\" alt=\"\"  srcset=\"https:\/\/www.24gliwice.pl\/wiadomosci\/wp-content\/uploads\/2026\/04\/20260402-ANIMATOR-przedszkole_grafika_750x200.webp 750w, https:\/\/www.24gliwice.pl\/wiadomosci\/wp-content\/uploads\/2026\/04\/20260402-ANIMATOR-przedszkole_grafika_750x200-410x109.webp 410w\" sizes=\"(max-width: 750px) 100vw, 750px\" class=\"no-lazyload\" width=\"750\" height=\"200\"  style=\"display: inline-block; max-width: 100%; height: auto;\" \/><\/a><\/div><\/div><h2>Wi\u0119kszo\u015b\u0107 miejskich \u017c\u0142obk\u00f3w i ponad po\u0142owa przedszkoli od poniedzia\u0142ku, 1 czerwca, zostanie otwarta. Badania przesiewowe w kierunku SARS-COV-2 potwierdzi\u0142y, \u017ce kadra tych plac\u00f3wek jest zdrowa. <\/h2>\n<p>Pozosta\u0142e, w dzielnicach: So\u015bnica, \u0141ab\u0119dy, Ligota Zabrska, Brzezinka, Ostropa oraz Politechnika\/Baildona, b\u0119d\u0105 sukcesywnie otwierane po zako\u0144czeniu bada\u0144 personelu i uzyskaniu pozytywnej rekomendacji sanepidu. Dyrektorzy plac\u00f3wek b\u0119d\u0105 zawiadamia\u0107 rodzic\u00f3w o terminie otwarcia.<\/p>\n<p>Wszystkie miejskie \u017c\u0142obki i przedszkola zosta\u0142y przygotowane pod wzgl\u0119dem sanitarnym zgodnie z wytycznymi G\u0142\u00f3wnego Inspektora Sanitarnego i Ministerstwa Zdrowia.<\/p><div class=\"gliwi-a3-w-tresci-artykulow gliwi-entity-placement\" id=\"gliwi-895273528\"><div class=\"gliwi-adlabel\"><span style=\"font-size: 9px\">REKLAMA<\/span><\/div><div id=\"gliwi-956073125\" style=\"margin-bottom: 30px;margin-left: auto;margin-right: auto;text-align: center;\"><a data-no-instant=\"1\" href=\"https:\/\/ogrodyandersa.pl\/\" rel=\"noopener\" class=\"a2t-link\" target=\"_blank\" aria-label=\"20260415 Ogrody Andersa KUP TERAZ D\"><img loading=\"lazy\" decoding=\"async\" src=\"https:\/\/www.24gliwice.pl\/wiadomosci\/wp-content\/uploads\/2026\/04\/20260415-Ogrody-Andersa-KUP-TERAZ-D.jpg\" alt=\"\"  srcset=\"https:\/\/www.24gliwice.pl\/wiadomosci\/wp-content\/uploads\/2026\/04\/20260415-Ogrody-Andersa-KUP-TERAZ-D.jpg 750w, https:\/\/www.24gliwice.pl\/wiadomosci\/wp-content\/uploads\/2026\/04\/20260415-Ogrody-Andersa-KUP-TERAZ-D-410x109.jpg 410w\" sizes=\"(max-width: 750px) 100vw, 750px\" class=\"no-lazyload\" width=\"750\" height=\"200\"  style=\"display: inline-block; max-width: 100%; height: auto;\" \/><\/a><\/div><\/div>\n<h4>1 czerwca otwarte zostan\u0105 nast\u0119puj\u0105ce przedszkola:<\/h4>\n<p>4 plac\u00f3wki w dzielnicy \u015ar\u00f3dmie\u015bcie (PM-21, PM-23, PM-4, PM-40)<br \/>\n2 plac\u00f3wki w dzielnicy Sikornik (PM-29 i PM-41)<br \/>\n1 plac\u00f3wka w dzielnicy Trynek (PM-2)<br \/>\n1 plac\u00f3wka w dzielnicy Wojska Polskiego (PM-5)<br \/>\n2 plac\u00f3wki w dzielnicy Stare Gliwice (w ramach ZSP-13)<br \/>\n1 plac\u00f3wka w dzielnicy Kopernik  (PM-17)<br \/>\n1 plac\u00f3wka w dzielnicy Obro\u0144c\u00f3w Pokoju (PM-28)<br \/>\n1 plac\u00f3wka w dzielnicy W\u00f3jtowa Wie\u015b (PM-31)<br \/>\n2 plac\u00f3wki w dzielnicy Zatorze (PM-8, PM-18)<br \/>\n2 plac\u00f3wki w dzielnicy Szobiszowice(PM-36, OP SP-4)<br \/>\n1 plac\u00f3wka w dzielnicy \u0141ab\u0119dy (PM-34)<br \/>\n1 w dzielnicy Bojk\u00f3w (OP SP-8),<br \/>\n1 w dzielnicy \u017berniki (OP SP-13)<br \/>\ni  Przedszkole Specjalne w ZSO-7<\/p>\n<p>oraz oddzia\u0142y \u017c\u0142obk\u00f3w miejskich:<\/p>\n<p>I Oddzia\u0142 \u017b\u0142obk\u00f3w Miejskich Gliwice, ul. Berbeckiego 10<br \/>\nII Oddzia\u0142 \u017b\u0142obk\u00f3w Miejskich Gliwice, ul. Mewy 34<br \/>\nIV Oddzia\u0142 \u017b\u0142obk\u00f3w Miejskich Gliwice, ul. Kozielska 71<\/p>\n<h4>Podstaw\u00f3wki pozostan\u0105 zamkni\u0119te<\/h4>\n<p>Ze wzgl\u0119du na du\u017c\u0105 liczb\u0119 dni wolnych od zaj\u0119\u0107 w czerwcu (egzamin \u00f3smoklasisty, egzaminy maturalne, egzaminy zawodowe, Bo\u017ce Cia\u0142o) miasto postanowi\u0142o o nieuruchamianiu zaj\u0119\u0107 opieku\u0144czo-wychowawczych z elementami dydaktyki dla klas 1-3 w szko\u0142ach podstawowych do ko\u0144ca roku szkolnego zaplanowanego na 26 czerwca.<\/p>\n<p>Klasy 4-8 w szko\u0142ach podstawowych oraz szko\u0142y ponadpodstawowe, zgodnie z decyzj\u0105 Ministerstwa Edukacji Narodowej, pozostaj\u0105 zamkni\u0119te.<\/p>\n<p>(nmm)\/UM Gliwice<br \/>\nfot. px<\/p>\n<div class=\"gliwi-a5-na-koncu-artykulow gliwi-entity-placement\" id=\"gliwi-2544562770\"><div class=\"gliwi-adlabel\"><span style=\"font-size: 9px\">REKLAMA<\/span><\/div><div id=\"gliwi-2246237735\" style=\"margin-left: auto;margin-right: auto;text-align: center;\"><a data-no-instant=\"1\" href=\"https:\/\/prezeroarenagliwice.pl\/\" rel=\"noopener\" class=\"a2t-link\" target=\"_blank\" aria-label=\"20260309-PREZERO-WIOSNA-D\"><img loading=\"lazy\" decoding=\"async\" src=\"https:\/\/www.24gliwice.pl\/wiadomosci\/wp-content\/uploads\/2026\/03\/20260309-PREZERO-WIOSNA-D.webp\" alt=\"\"  srcset=\"https:\/\/www.24gliwice.pl\/wiadomosci\/wp-content\/uploads\/2026\/03\/20260309-PREZERO-WIOSNA-D.webp 750w, https:\/\/www.24gliwice.pl\/wiadomosci\/wp-content\/uploads\/2026\/03\/20260309-PREZERO-WIOSNA-D-410x109.webp 410w\" sizes=\"(max-width: 750px) 100vw, 750px\" class=\"no-lazyload\" width=\"750\" height=\"200\"  style=\"display: inline-block; max-width: 100%; height: auto;\" \/><\/a><\/div><\/div>","protected":false},"excerpt":{"rendered":"<p>Wi\u0119kszo\u015b\u0107 miejskich \u017c\u0142obk\u00f3w i ponad po\u0142owa przedszkoli od poniedzia\u0142ku, 1 czerwca, zostanie otwarta. Badania przesiewowe w kierunku SARS-COV-2 potwierdzi\u0142y, \u017ce kadra tych plac\u00f3wek jest zdrowa. Pozosta\u0142e, w dzielnicach: So\u015bnica, \u0141ab\u0119dy, Ligota Zabrska, Brzezinka, Ostropa oraz Politechnika\/Baildona, b\u0119d\u0105 sukcesywnie otwierane po zako\u0144czeniu bada\u0144 personelu i uzyskaniu pozytywnej rekomendacji sanepidu. Dyrektorzy plac\u00f3wek b\u0119d\u0105 zawiadamia\u0107 rodzic\u00f3w o terminie [&hellip;]<\/p>\n","protected":false},"author":15,"featured_media":152639,"comment_status":"open","ping_status":"closed","sticky":false,"template":"","format":"standard","meta":{"_monsterinsights_skip_tracking":false,"_monsterinsights_sitenote_active":false,"_monsterinsights_sitenote_note":"","_monsterinsights_sitenote_category":0,"footnotes":"","_links_to":"","_links_to_target":""},"categories":[3,1],"tags":[18347,8457,17708,8458,9635,5171,11007],"class_list":["post-152621","post","type-post","status-publish","format-standard","has-post-thumbnail","hentry","category-gliwice","category-wszystko","tag-badania-przesiewowe","tag-epidemia","tag-koronawirus","tag-pandemia","tag-przedszkole","tag-szkola","tag-zlobek"],"yoast_head":"<!-- This site is optimized with the Yoast SEO plugin v27.5 - https:\/\/yoast.com\/product\/yoast-seo-wordpress\/ -->\n<title>\u017b\u0142obki i przedszkola wznawiaj\u0105 dzia\u0142anie. Podstaw\u00f3wki pozostan\u0105 zamkni\u0119te do ko\u0144ca roku szkolnego - 24GLIWICE - Portal Gliwice | codziennie nowe informacje<\/title>\n<meta name=\"robots\" content=\"index, follow, max-snippet:-1, max-image-preview:large, max-video-preview:-1\" \/>\n<link rel=\"canonical\" href=\"https:\/\/www.24gliwice.pl\/wiadomosci\/zlobki-i-przedszkola-wznawiaja-dzialanie-podstawowki-pozostana-zamkniete-do-konca-roku-szkolnego\/\" \/>\n<meta property=\"og:locale\" content=\"pl_PL\" \/>\n<meta property=\"og:type\" content=\"article\" \/>\n<meta property=\"og:title\" content=\"\u017b\u0142obki i przedszkola wznawiaj\u0105 dzia\u0142anie. Podstaw\u00f3wki pozostan\u0105 zamkni\u0119te do ko\u0144ca roku szkolnego - 24GLIWICE - Portal Gliwice | codziennie nowe informacje\" \/>\n<meta property=\"og:description\" content=\"Wi\u0119kszo\u015b\u0107 miejskich \u017c\u0142obk\u00f3w i ponad po\u0142owa przedszkoli od poniedzia\u0142ku, 1 czerwca, zostanie otwarta. Badania przesiewowe w kierunku SARS-COV-2 potwierdzi\u0142y, \u017ce kadra tych plac\u00f3wek jest zdrowa. Pozosta\u0142e, w dzielnicach: So\u015bnica, \u0141ab\u0119dy, Ligota Zabrska, Brzezinka, Ostropa oraz Politechnika\/Baildona, b\u0119d\u0105 sukcesywnie otwierane po zako\u0144czeniu bada\u0144 personelu i uzyskaniu pozytywnej rekomendacji sanepidu. Dyrektorzy plac\u00f3wek b\u0119d\u0105 zawiadamia\u0107 rodzic\u00f3w o terminie [&hellip;]\" \/>\n<meta property=\"og:url\" content=\"https:\/\/www.24gliwice.pl\/wiadomosci\/zlobki-i-przedszkola-wznawiaja-dzialanie-podstawowki-pozostana-zamkniete-do-konca-roku-szkolnego\/\" \/>\n<meta property=\"og:site_name\" content=\"24GLIWICE - Portal Gliwice | codziennie nowe informacje\" \/>\n<meta property=\"article:publisher\" content=\"https:\/\/www.facebook.com\/24gliwice\" \/>\n<meta property=\"article:published_time\" content=\"2020-05-29T15:03:51+00:00\" \/>\n<meta property=\"og:image\" content=\"https:\/\/www.24gliwice.pl\/wiadomosci\/wp-content\/uploads\/2020\/05\/dzieci-przedszkole.jpg\" \/>\n\t<meta property=\"og:image:width\" content=\"948\" \/>\n\t<meta property=\"og:image:height\" content=\"535\" \/>\n\t<meta property=\"og:image:type\" content=\"image\/jpeg\" \/>\n<meta name=\"author\" content=\"\u017baneta Mrozek-Siewierska\" \/>\n<meta name=\"twitter:card\" content=\"summary_large_image\" \/>\n<meta name=\"twitter:creator\" content=\"@24gliwice\" \/>\n<meta name=\"twitter:site\" content=\"@24gliwice\" \/>\n<meta name=\"twitter:label1\" content=\"Napisane przez\" \/>\n\t<meta name=\"twitter:data1\" content=\"\u017baneta Mrozek-Siewierska\" \/>\n\t<meta name=\"twitter:label2\" content=\"Szacowany czas czytania\" \/>\n\t<meta name=\"twitter:data2\" content=\"2 minuty\" \/>\n<script type=\"application\/ld+json\" class=\"yoast-schema-graph\">{\"@context\":\"https:\\\/\\\/schema.org\",\"@graph\":[{\"@type\":\"Article\",\"@id\":\"https:\\\/\\\/www.24gliwice.pl\\\/wiadomosci\\\/zlobki-i-przedszkola-wznawiaja-dzialanie-podstawowki-pozostana-zamkniete-do-konca-roku-szkolnego\\\/#article\",\"isPartOf\":{\"@id\":\"https:\\\/\\\/www.24gliwice.pl\\\/wiadomosci\\\/zlobki-i-przedszkola-wznawiaja-dzialanie-podstawowki-pozostana-zamkniete-do-konca-roku-szkolnego\\\/\"},\"author\":{\"name\":\"\u017baneta Mrozek-Siewierska\",\"@id\":\"https:\\\/\\\/www.24gliwice.pl\\\/wiadomosci\\\/#\\\/schema\\\/person\\\/e42c650edd7f2fa332be3811fb166b6e\"},\"headline\":\"\u017b\u0142obki i przedszkola wznawiaj\u0105 dzia\u0142anie. Podstaw\u00f3wki pozostan\u0105 zamkni\u0119te do ko\u0144ca roku szkolnego\",\"datePublished\":\"2020-05-29T15:03:51+00:00\",\"mainEntityOfPage\":{\"@id\":\"https:\\\/\\\/www.24gliwice.pl\\\/wiadomosci\\\/zlobki-i-przedszkola-wznawiaja-dzialanie-podstawowki-pozostana-zamkniete-do-konca-roku-szkolnego\\\/\"},\"wordCount\":324,\"commentCount\":0,\"publisher\":{\"@id\":\"https:\\\/\\\/www.24gliwice.pl\\\/wiadomosci\\\/#organization\"},\"image\":{\"@id\":\"https:\\\/\\\/www.24gliwice.pl\\\/wiadomosci\\\/zlobki-i-przedszkola-wznawiaja-dzialanie-podstawowki-pozostana-zamkniete-do-konca-roku-szkolnego\\\/#primaryimage\"},\"thumbnailUrl\":\"https:\\\/\\\/www.24gliwice.pl\\\/wiadomosci\\\/wp-content\\\/uploads\\\/2020\\\/05\\\/dzieci-przedszkole.jpg\",\"keywords\":[\"badania przesiewowe\",\"EPIDEMIA\",\"KORONAWIRUS\",\"PANDEMIA\",\"przedszkole\",\"SZKO\u0141A\",\"\u017c\u0142obek\"],\"articleSection\":[\"Gliwice\",\"Najnowsze wiadomo\u015bci\"],\"inLanguage\":\"pl-PL\",\"potentialAction\":[{\"@type\":\"CommentAction\",\"name\":\"Comment\",\"target\":[\"https:\\\/\\\/www.24gliwice.pl\\\/wiadomosci\\\/zlobki-i-przedszkola-wznawiaja-dzialanie-podstawowki-pozostana-zamkniete-do-konca-roku-szkolnego\\\/#respond\"]}]},{\"@type\":\"WebPage\",\"@id\":\"https:\\\/\\\/www.24gliwice.pl\\\/wiadomosci\\\/zlobki-i-przedszkola-wznawiaja-dzialanie-podstawowki-pozostana-zamkniete-do-konca-roku-szkolnego\\\/\",\"url\":\"https:\\\/\\\/www.24gliwice.pl\\\/wiadomosci\\\/zlobki-i-przedszkola-wznawiaja-dzialanie-podstawowki-pozostana-zamkniete-do-konca-roku-szkolnego\\\/\",\"name\":\"\u017b\u0142obki i przedszkola wznawiaj\u0105 dzia\u0142anie. Podstaw\u00f3wki pozostan\u0105 zamkni\u0119te do ko\u0144ca roku szkolnego - 24GLIWICE - Portal Gliwice | codziennie nowe informacje\",\"isPartOf\":{\"@id\":\"https:\\\/\\\/www.24gliwice.pl\\\/wiadomosci\\\/#website\"},\"primaryImageOfPage\":{\"@id\":\"https:\\\/\\\/www.24gliwice.pl\\\/wiadomosci\\\/zlobki-i-przedszkola-wznawiaja-dzialanie-podstawowki-pozostana-zamkniete-do-konca-roku-szkolnego\\\/#primaryimage\"},\"image\":{\"@id\":\"https:\\\/\\\/www.24gliwice.pl\\\/wiadomosci\\\/zlobki-i-przedszkola-wznawiaja-dzialanie-podstawowki-pozostana-zamkniete-do-konca-roku-szkolnego\\\/#primaryimage\"},\"thumbnailUrl\":\"https:\\\/\\\/www.24gliwice.pl\\\/wiadomosci\\\/wp-content\\\/uploads\\\/2020\\\/05\\\/dzieci-przedszkole.jpg\",\"datePublished\":\"2020-05-29T15:03:51+00:00\",\"breadcrumb\":{\"@id\":\"https:\\\/\\\/www.24gliwice.pl\\\/wiadomosci\\\/zlobki-i-przedszkola-wznawiaja-dzialanie-podstawowki-pozostana-zamkniete-do-konca-roku-szkolnego\\\/#breadcrumb\"},\"inLanguage\":\"pl-PL\",\"potentialAction\":[{\"@type\":\"ReadAction\",\"target\":[\"https:\\\/\\\/www.24gliwice.pl\\\/wiadomosci\\\/zlobki-i-przedszkola-wznawiaja-dzialanie-podstawowki-pozostana-zamkniete-do-konca-roku-szkolnego\\\/\"]}]},{\"@type\":\"ImageObject\",\"inLanguage\":\"pl-PL\",\"@id\":\"https:\\\/\\\/www.24gliwice.pl\\\/wiadomosci\\\/zlobki-i-przedszkola-wznawiaja-dzialanie-podstawowki-pozostana-zamkniete-do-konca-roku-szkolnego\\\/#primaryimage\",\"url\":\"https:\\\/\\\/www.24gliwice.pl\\\/wiadomosci\\\/wp-content\\\/uploads\\\/2020\\\/05\\\/dzieci-przedszkole.jpg\",\"contentUrl\":\"https:\\\/\\\/www.24gliwice.pl\\\/wiadomosci\\\/wp-content\\\/uploads\\\/2020\\\/05\\\/dzieci-przedszkole.jpg\",\"width\":948,\"height\":535,\"caption\":\"px\"},{\"@type\":\"BreadcrumbList\",\"@id\":\"https:\\\/\\\/www.24gliwice.pl\\\/wiadomosci\\\/zlobki-i-przedszkola-wznawiaja-dzialanie-podstawowki-pozostana-zamkniete-do-konca-roku-szkolnego\\\/#breadcrumb\",\"itemListElement\":[{\"@type\":\"ListItem\",\"position\":1,\"name\":\"Strona g\u0142\u00f3wna\",\"item\":\"https:\\\/\\\/www.24gliwice.pl\\\/wiadomosci\\\/\"},{\"@type\":\"ListItem\",\"position\":2,\"name\":\"\u017b\u0142obki i przedszkola wznawiaj\u0105 dzia\u0142anie. Podstaw\u00f3wki pozostan\u0105 zamkni\u0119te do ko\u0144ca roku szkolnego\"}]},{\"@type\":\"WebSite\",\"@id\":\"https:\\\/\\\/www.24gliwice.pl\\\/wiadomosci\\\/#website\",\"url\":\"https:\\\/\\\/www.24gliwice.pl\\\/wiadomosci\\\/\",\"name\":\"24GLIWICE - Portal Gliwice | codziennie nowe wiadomo\u015bci\",\"description\":\"Portal Miejski Gliwice\",\"publisher\":{\"@id\":\"https:\\\/\\\/www.24gliwice.pl\\\/wiadomosci\\\/#organization\"},\"potentialAction\":[{\"@type\":\"SearchAction\",\"target\":{\"@type\":\"EntryPoint\",\"urlTemplate\":\"https:\\\/\\\/www.24gliwice.pl\\\/wiadomosci\\\/?s={search_term_string}\"},\"query-input\":{\"@type\":\"PropertyValueSpecification\",\"valueRequired\":true,\"valueName\":\"search_term_string\"}}],\"inLanguage\":\"pl-PL\"},{\"@type\":\"Organization\",\"@id\":\"https:\\\/\\\/www.24gliwice.pl\\\/wiadomosci\\\/#organization\",\"name\":\"24gliwice\",\"url\":\"https:\\\/\\\/www.24gliwice.pl\\\/wiadomosci\\\/\",\"logo\":{\"@type\":\"ImageObject\",\"inLanguage\":\"pl-PL\",\"@id\":\"https:\\\/\\\/www.24gliwice.pl\\\/wiadomosci\\\/#\\\/schema\\\/logo\\\/image\\\/\",\"url\":\"https:\\\/\\\/www.24gliwice.pl\\\/wiadomosci\\\/wp-content\\\/uploads\\\/2024\\\/10\\\/24gliwice-logo-696.jpg\",\"contentUrl\":\"https:\\\/\\\/www.24gliwice.pl\\\/wiadomosci\\\/wp-content\\\/uploads\\\/2024\\\/10\\\/24gliwice-logo-696.jpg\",\"width\":696,\"height\":696,\"caption\":\"24gliwice\"},\"image\":{\"@id\":\"https:\\\/\\\/www.24gliwice.pl\\\/wiadomosci\\\/#\\\/schema\\\/logo\\\/image\\\/\"},\"sameAs\":[\"https:\\\/\\\/www.facebook.com\\\/24gliwice\",\"https:\\\/\\\/x.com\\\/24gliwice\",\"https:\\\/\\\/www.youtube.com\\\/@24gliwice\"]},{\"@type\":\"Person\",\"@id\":\"https:\\\/\\\/www.24gliwice.pl\\\/wiadomosci\\\/#\\\/schema\\\/person\\\/e42c650edd7f2fa332be3811fb166b6e\",\"name\":\"\u017baneta Mrozek-Siewierska\",\"image\":{\"@type\":\"ImageObject\",\"inLanguage\":\"pl-PL\",\"@id\":\"https:\\\/\\\/secure.gravatar.com\\\/avatar\\\/1881429e9c64597c77ad7aef2d0a19be69a3253e57534d16aa15bf3a4d34a0a3?s=96&d=mm&r=g\",\"url\":\"https:\\\/\\\/secure.gravatar.com\\\/avatar\\\/1881429e9c64597c77ad7aef2d0a19be69a3253e57534d16aa15bf3a4d34a0a3?s=96&d=mm&r=g\",\"contentUrl\":\"https:\\\/\\\/secure.gravatar.com\\\/avatar\\\/1881429e9c64597c77ad7aef2d0a19be69a3253e57534d16aa15bf3a4d34a0a3?s=96&d=mm&r=g\",\"caption\":\"\u017baneta Mrozek-Siewierska\"},\"url\":\"https:\\\/\\\/www.24gliwice.pl\\\/wiadomosci\\\/author\\\/zms\\\/\"}]}<\/script>\n<!-- \/ Yoast SEO plugin. -->","yoast_head_json":{"title":"\u017b\u0142obki i przedszkola wznawiaj\u0105 dzia\u0142anie. Podstaw\u00f3wki pozostan\u0105 zamkni\u0119te do ko\u0144ca roku szkolnego - 24GLIWICE - Portal Gliwice | codziennie nowe informacje","robots":{"index":"index","follow":"follow","max-snippet":"max-snippet:-1","max-image-preview":"max-image-preview:large","max-video-preview":"max-video-preview:-1"},"canonical":"https:\/\/www.24gliwice.pl\/wiadomosci\/zlobki-i-przedszkola-wznawiaja-dzialanie-podstawowki-pozostana-zamkniete-do-konca-roku-szkolnego\/","og_locale":"pl_PL","og_type":"article","og_title":"\u017b\u0142obki i przedszkola wznawiaj\u0105 dzia\u0142anie. Podstaw\u00f3wki pozostan\u0105 zamkni\u0119te do ko\u0144ca roku szkolnego - 24GLIWICE - Portal Gliwice | codziennie nowe informacje","og_description":"Wi\u0119kszo\u015b\u0107 miejskich \u017c\u0142obk\u00f3w i ponad po\u0142owa przedszkoli od poniedzia\u0142ku, 1 czerwca, zostanie otwarta. Badania przesiewowe w kierunku SARS-COV-2 potwierdzi\u0142y, \u017ce kadra tych plac\u00f3wek jest zdrowa. Pozosta\u0142e, w dzielnicach: So\u015bnica, \u0141ab\u0119dy, Ligota Zabrska, Brzezinka, Ostropa oraz Politechnika\/Baildona, b\u0119d\u0105 sukcesywnie otwierane po zako\u0144czeniu bada\u0144 personelu i uzyskaniu pozytywnej rekomendacji sanepidu. Dyrektorzy plac\u00f3wek b\u0119d\u0105 zawiadamia\u0107 rodzic\u00f3w o terminie [&hellip;]","og_url":"https:\/\/www.24gliwice.pl\/wiadomosci\/zlobki-i-przedszkola-wznawiaja-dzialanie-podstawowki-pozostana-zamkniete-do-konca-roku-szkolnego\/","og_site_name":"24GLIWICE - Portal Gliwice | codziennie nowe informacje","article_publisher":"https:\/\/www.facebook.com\/24gliwice","article_published_time":"2020-05-29T15:03:51+00:00","og_image":[{"width":948,"height":535,"url":"https:\/\/www.24gliwice.pl\/wiadomosci\/wp-content\/uploads\/2020\/05\/dzieci-przedszkole.jpg","type":"image\/jpeg"}],"author":"\u017baneta Mrozek-Siewierska","twitter_card":"summary_large_image","twitter_creator":"@24gliwice","twitter_site":"@24gliwice","twitter_misc":{"Napisane przez":"\u017baneta Mrozek-Siewierska","Szacowany czas czytania":"2 minuty"},"schema":{"@context":"https:\/\/schema.org","@graph":[{"@type":"Article","@id":"https:\/\/www.24gliwice.pl\/wiadomosci\/zlobki-i-przedszkola-wznawiaja-dzialanie-podstawowki-pozostana-zamkniete-do-konca-roku-szkolnego\/#article","isPartOf":{"@id":"https:\/\/www.24gliwice.pl\/wiadomosci\/zlobki-i-przedszkola-wznawiaja-dzialanie-podstawowki-pozostana-zamkniete-do-konca-roku-szkolnego\/"},"author":{"name":"\u017baneta Mrozek-Siewierska","@id":"https:\/\/www.24gliwice.pl\/wiadomosci\/#\/schema\/person\/e42c650edd7f2fa332be3811fb166b6e"},"headline":"\u017b\u0142obki i przedszkola wznawiaj\u0105 dzia\u0142anie. Podstaw\u00f3wki pozostan\u0105 zamkni\u0119te do ko\u0144ca roku szkolnego","datePublished":"2020-05-29T15:03:51+00:00","mainEntityOfPage":{"@id":"https:\/\/www.24gliwice.pl\/wiadomosci\/zlobki-i-przedszkola-wznawiaja-dzialanie-podstawowki-pozostana-zamkniete-do-konca-roku-szkolnego\/"},"wordCount":324,"commentCount":0,"publisher":{"@id":"https:\/\/www.24gliwice.pl\/wiadomosci\/#organization"},"image":{"@id":"https:\/\/www.24gliwice.pl\/wiadomosci\/zlobki-i-przedszkola-wznawiaja-dzialanie-podstawowki-pozostana-zamkniete-do-konca-roku-szkolnego\/#primaryimage"},"thumbnailUrl":"https:\/\/www.24gliwice.pl\/wiadomosci\/wp-content\/uploads\/2020\/05\/dzieci-przedszkole.jpg","keywords":["badania przesiewowe","EPIDEMIA","KORONAWIRUS","PANDEMIA","przedszkole","SZKO\u0141A","\u017c\u0142obek"],"articleSection":["Gliwice","Najnowsze wiadomo\u015bci"],"inLanguage":"pl-PL","potentialAction":[{"@type":"CommentAction","name":"Comment","target":["https:\/\/www.24gliwice.pl\/wiadomosci\/zlobki-i-przedszkola-wznawiaja-dzialanie-podstawowki-pozostana-zamkniete-do-konca-roku-szkolnego\/#respond"]}]},{"@type":"WebPage","@id":"https:\/\/www.24gliwice.pl\/wiadomosci\/zlobki-i-przedszkola-wznawiaja-dzialanie-podstawowki-pozostana-zamkniete-do-konca-roku-szkolnego\/","url":"https:\/\/www.24gliwice.pl\/wiadomosci\/zlobki-i-przedszkola-wznawiaja-dzialanie-podstawowki-pozostana-zamkniete-do-konca-roku-szkolnego\/","name":"\u017b\u0142obki i przedszkola wznawiaj\u0105 dzia\u0142anie. Podstaw\u00f3wki pozostan\u0105 zamkni\u0119te do ko\u0144ca roku szkolnego - 24GLIWICE - Portal Gliwice | codziennie nowe informacje","isPartOf":{"@id":"https:\/\/www.24gliwice.pl\/wiadomosci\/#website"},"primaryImageOfPage":{"@id":"https:\/\/www.24gliwice.pl\/wiadomosci\/zlobki-i-przedszkola-wznawiaja-dzialanie-podstawowki-pozostana-zamkniete-do-konca-roku-szkolnego\/#primaryimage"},"image":{"@id":"https:\/\/www.24gliwice.pl\/wiadomosci\/zlobki-i-przedszkola-wznawiaja-dzialanie-podstawowki-pozostana-zamkniete-do-konca-roku-szkolnego\/#primaryimage"},"thumbnailUrl":"https:\/\/www.24gliwice.pl\/wiadomosci\/wp-content\/uploads\/2020\/05\/dzieci-przedszkole.jpg","datePublished":"2020-05-29T15:03:51+00:00","breadcrumb":{"@id":"https:\/\/www.24gliwice.pl\/wiadomosci\/zlobki-i-przedszkola-wznawiaja-dzialanie-podstawowki-pozostana-zamkniete-do-konca-roku-szkolnego\/#breadcrumb"},"inLanguage":"pl-PL","potentialAction":[{"@type":"ReadAction","target":["https:\/\/www.24gliwice.pl\/wiadomosci\/zlobki-i-przedszkola-wznawiaja-dzialanie-podstawowki-pozostana-zamkniete-do-konca-roku-szkolnego\/"]}]},{"@type":"ImageObject","inLanguage":"pl-PL","@id":"https:\/\/www.24gliwice.pl\/wiadomosci\/zlobki-i-przedszkola-wznawiaja-dzialanie-podstawowki-pozostana-zamkniete-do-konca-roku-szkolnego\/#primaryimage","url":"https:\/\/www.24gliwice.pl\/wiadomosci\/wp-content\/uploads\/2020\/05\/dzieci-przedszkole.jpg","contentUrl":"https:\/\/www.24gliwice.pl\/wiadomosci\/wp-content\/uploads\/2020\/05\/dzieci-przedszkole.jpg","width":948,"height":535,"caption":"px"},{"@type":"BreadcrumbList","@id":"https:\/\/www.24gliwice.pl\/wiadomosci\/zlobki-i-przedszkola-wznawiaja-dzialanie-podstawowki-pozostana-zamkniete-do-konca-roku-szkolnego\/#breadcrumb","itemListElement":[{"@type":"ListItem","position":1,"name":"Strona g\u0142\u00f3wna","item":"https:\/\/www.24gliwice.pl\/wiadomosci\/"},{"@type":"ListItem","position":2,"name":"\u017b\u0142obki i przedszkola wznawiaj\u0105 dzia\u0142anie. Podstaw\u00f3wki pozostan\u0105 zamkni\u0119te do ko\u0144ca roku szkolnego"}]},{"@type":"WebSite","@id":"https:\/\/www.24gliwice.pl\/wiadomosci\/#website","url":"https:\/\/www.24gliwice.pl\/wiadomosci\/","name":"24GLIWICE - Portal Gliwice | codziennie nowe wiadomo\u015bci","description":"Portal Miejski Gliwice","publisher":{"@id":"https:\/\/www.24gliwice.pl\/wiadomosci\/#organization"},"potentialAction":[{"@type":"SearchAction","target":{"@type":"EntryPoint","urlTemplate":"https:\/\/www.24gliwice.pl\/wiadomosci\/?s={search_term_string}"},"query-input":{"@type":"PropertyValueSpecification","valueRequired":true,"valueName":"search_term_string"}}],"inLanguage":"pl-PL"},{"@type":"Organization","@id":"https:\/\/www.24gliwice.pl\/wiadomosci\/#organization","name":"24gliwice","url":"https:\/\/www.24gliwice.pl\/wiadomosci\/","logo":{"@type":"ImageObject","inLanguage":"pl-PL","@id":"https:\/\/www.24gliwice.pl\/wiadomosci\/#\/schema\/logo\/image\/","url":"https:\/\/www.24gliwice.pl\/wiadomosci\/wp-content\/uploads\/2024\/10\/24gliwice-logo-696.jpg","contentUrl":"https:\/\/www.24gliwice.pl\/wiadomosci\/wp-content\/uploads\/2024\/10\/24gliwice-logo-696.jpg","width":696,"height":696,"caption":"24gliwice"},"image":{"@id":"https:\/\/www.24gliwice.pl\/wiadomosci\/#\/schema\/logo\/image\/"},"sameAs":["https:\/\/www.facebook.com\/24gliwice","https:\/\/x.com\/24gliwice","https:\/\/www.youtube.com\/@24gliwice"]},{"@type":"Person","@id":"https:\/\/www.24gliwice.pl\/wiadomosci\/#\/schema\/person\/e42c650edd7f2fa332be3811fb166b6e","name":"\u017baneta Mrozek-Siewierska","image":{"@type":"ImageObject","inLanguage":"pl-PL","@id":"https:\/\/secure.gravatar.com\/avatar\/1881429e9c64597c77ad7aef2d0a19be69a3253e57534d16aa15bf3a4d34a0a3?s=96&d=mm&r=g","url":"https:\/\/secure.gravatar.com\/avatar\/1881429e9c64597c77ad7aef2d0a19be69a3253e57534d16aa15bf3a4d34a0a3?s=96&d=mm&r=g","contentUrl":"https:\/\/secure.gravatar.com\/avatar\/1881429e9c64597c77ad7aef2d0a19be69a3253e57534d16aa15bf3a4d34a0a3?s=96&d=mm&r=g","caption":"\u017baneta Mrozek-Siewierska"},"url":"https:\/\/www.24gliwice.pl\/wiadomosci\/author\/zms\/"}]}},"_links":{"self":[{"href":"https:\/\/www.24gliwice.pl\/wiadomosci\/wp-json\/wp\/v2\/posts\/152621","targetHints":{"allow":["GET"]}}],"collection":[{"href":"https:\/\/www.24gliwice.pl\/wiadomosci\/wp-json\/wp\/v2\/posts"}],"about":[{"href":"https:\/\/www.24gliwice.pl\/wiadomosci\/wp-json\/wp\/v2\/types\/post"}],"author":[{"embeddable":true,"href":"https:\/\/www.24gliwice.pl\/wiadomosci\/wp-json\/wp\/v2\/users\/15"}],"replies":[{"embeddable":true,"href":"https:\/\/www.24gliwice.pl\/wiadomosci\/wp-json\/wp\/v2\/comments?post=152621"}],"version-history":[{"count":0,"href":"https:\/\/www.24gliwice.pl\/wiadomosci\/wp-json\/wp\/v2\/posts\/152621\/revisions"}],"wp:featuredmedia":[{"embeddable":true,"href":"https:\/\/www.24gliwice.pl\/wiadomosci\/wp-json\/wp\/v2\/media\/152639"}],"wp:attachment":[{"href":"https:\/\/www.24gliwice.pl\/wiadomosci\/wp-json\/wp\/v2\/media?parent=152621"}],"wp:term":[{"taxonomy":"category","embeddable":true,"href":"https:\/\/www.24gliwice.pl\/wiadomosci\/wp-json\/wp\/v2\/categories?post=152621"},{"taxonomy":"post_tag","embeddable":true,"href":"https:\/\/www.24gliwice.pl\/wiadomosci\/wp-json\/wp\/v2\/tags?post=152621"}],"curies":[{"name":"wp","href":"https:\/\/api.w.org\/{rel}","templated":true}]}}