{"id":152822,"date":"2020-06-03T12:04:38","date_gmt":"2020-06-03T10:04:38","guid":{"rendered":"https:\/\/www.24gliwice.pl\/wiadomosci\/?p=152822"},"modified":"2020-06-03T12:10:33","modified_gmt":"2020-06-03T10:10:33","slug":"w-gliwicach-mamy-nowy-zabytek-budynek-dyrekcji-huty-wpisany-do-rejestru","status":"publish","type":"post","link":"https:\/\/www.24gliwice.pl\/wiadomosci\/w-gliwicach-mamy-nowy-zabytek-budynek-dyrekcji-huty-wpisany-do-rejestru\/","title":{"rendered":"W Gliwicach mamy nowy zabytek. Budynek dyrekcji huty wpisany do rejestru"},"content":{"rendered":"<div class=\"gliwi-a6-nad-leadem-artykulow gliwi-entity-placement\" id=\"gliwi-2132440912\"><div class=\"gliwi-adlabel\"><span style=\"font-size: 9px\">REKLAMA<\/span><\/div><div id=\"gliwi-437893136\" style=\"margin-bottom: 30px;margin-left: auto;margin-right: auto;text-align: center;\"><a data-no-instant=\"1\" href=\"https:\/\/przedszkole.halogen.org.pl\/\" rel=\"noopener\" class=\"a2t-link\" target=\"_blank\" aria-label=\"20260402-ANIMATOR-przedszkole_grafika_750x200\"><img loading=\"lazy\" decoding=\"async\" src=\"https:\/\/www.24gliwice.pl\/wiadomosci\/wp-content\/uploads\/2026\/04\/20260402-ANIMATOR-przedszkole_grafika_750x200.webp\" alt=\"\"  srcset=\"https:\/\/www.24gliwice.pl\/wiadomosci\/wp-content\/uploads\/2026\/04\/20260402-ANIMATOR-przedszkole_grafika_750x200.webp 750w, https:\/\/www.24gliwice.pl\/wiadomosci\/wp-content\/uploads\/2026\/04\/20260402-ANIMATOR-przedszkole_grafika_750x200-410x109.webp 410w\" sizes=\"(max-width: 750px) 100vw, 750px\" class=\"no-lazyload\" width=\"750\" height=\"200\"  style=\"display: inline-block; max-width: 100%; height: auto;\" \/><\/a><\/div><\/div><h2>Budynek dawnej dyrekcji Huty Gliwice przy ul. Hlubka 4 zosta\u0142 wpisany do rejestru zabytk\u00f3w.<\/h2>\n<p>Do tej pory obiekt znajdowa\u0142 si\u0119 pod ochron\u0105 konserwatorsk\u0105, ale tylko w cz\u0119\u015bci obejmuj\u0105cej dawn\u0105 sal\u0119 konferencyjn\u0105 i gabinet dyrekcji.<\/p>\n<ul>\n<li><strong>Budynek dawnej dyrekcji Huty zosta\u0142 wpisany do rejestru zabytk\u00f3w w po\u0142owie maja<\/strong><\/li>\n<li><strong>Nowym w\u0142a\u015bcicielem obiektu od sierpnia 2019 roku jest Elektrownia Wiatrowa Toszek<\/strong><\/li>\n<li><strong>Od teraz w\u0142a\u015bciciel b\u0119dzie musia\u0142 konsultowa\u0107 zamierzenia remontowe z biurem konserwatora<\/strong><\/li>\n<li><strong>Na decyzj\u0119 o wpisie do rejestru wp\u0142yw m\u00f3g\u0142 mie\u0107 konflikt z 2015 roku dotycz\u0105cy inwestycji przy ul. Kr\u00f3lowej Bony<\/strong><\/li>\n<\/ul>\n<p>Post\u0119powanie rejestrowe przebieg\u0142o do\u015b\u0107 sprawnie. Biuro konserwatora o jego wszcz\u0119ciu informowa\u0142o pod koniec grudnia ubieg\u0142ego roku, a decyzja o wpisie sta\u0142a si\u0119 ostateczna 12 maja.<\/p><div class=\"gliwi-a3-w-tresci-artykulow gliwi-entity-placement\" id=\"gliwi-3186737769\"><div class=\"gliwi-adlabel\"><span style=\"font-size: 9px\">REKLAMA<\/span><\/div><div id=\"gliwi-3974931547\" style=\"margin-bottom: 30px;margin-left: auto;margin-right: auto;text-align: center;\"><a data-no-instant=\"1\" href=\"https:\/\/ogrodyandersa.pl\/\" rel=\"noopener\" class=\"a2t-link\" target=\"_blank\" aria-label=\"20260415 Ogrody Andersa KUP TERAZ D\"><img loading=\"lazy\" decoding=\"async\" src=\"https:\/\/www.24gliwice.pl\/wiadomosci\/wp-content\/uploads\/2026\/04\/20260415-Ogrody-Andersa-KUP-TERAZ-D.jpg\" alt=\"\"  srcset=\"https:\/\/www.24gliwice.pl\/wiadomosci\/wp-content\/uploads\/2026\/04\/20260415-Ogrody-Andersa-KUP-TERAZ-D.jpg 750w, https:\/\/www.24gliwice.pl\/wiadomosci\/wp-content\/uploads\/2026\/04\/20260415-Ogrody-Andersa-KUP-TERAZ-D-410x109.jpg 410w\" sizes=\"(max-width: 750px) 100vw, 750px\" class=\"no-lazyload\" width=\"750\" height=\"200\"  style=\"display: inline-block; max-width: 100%; height: auto;\" \/><\/a><\/div><\/div>\n<p>\u2013 Wszcz\u0119cie post\u0119powania by\u0142o zwi\u0105zane z faktem zbycia zabytku podmiotowi prywatnemu \u2013 informowa\u0142 w styczniu <strong>Miros\u0142aw Rymer<\/strong>, doradca prawny i rzecznik prasowy \u015al\u0105skiego Wojew\u00f3dzkiego Konserwatora Zabytk\u00f3w w Katowicach. \u2013 W celu zabezpieczenia obiektu przed nadmiern\u0105 ingerencj\u0105, koniecznym sta\u0142o si\u0119 wszcz\u0119cie procedury w sprawie wpisu do rejestru zabytk\u00f3w. Wol\u0105 konserwator jest zachowanie cho\u0107by cz\u0119\u015bci obiekt\u00f3w dawnej huty \u2013 dodaje.<\/p>\n<p><strong>Zobacz nasz materia\u0142 z wn\u0119trza budynku dawnej Huty Gliwice z maja 2015 roku:<\/strong><\/p>\n<p><iframe loading=\"lazy\" title=\"Budynek dawnej Dyrekcji Huty czeka na kupca\" width=\"810\" height=\"456\" src=\"https:\/\/www.youtube.com\/embed\/FLtgKRG97jc?feature=oembed\" frameborder=\"0\" allow=\"accelerometer; autoplay; encrypted-media; gyroscope; picture-in-picture\" allowfullscreen><\/iframe><\/p>\n<h4>Jakie skutki powoduje wpis do rejestru?<\/h4>\n<ul>\n<li>Wpis do rejestru zabytk\u00f3w oznacza, \u017ce prowadzenie prac remontowych i modernizacyjnych wymaga zgody wojew\u00f3dzkiego konserwatora zabytk\u00f3w.<\/li>\n<li>W\u0142a\u015bciciel ma obowi\u0105zek dbania o nieruchomo\u015b\u0107. Musi m.in. na w\u0142asny koszt zabezpieczy\u0107 go przed dewastacj\u0105 ze strony os\u00f3b trzecich czy chroni\u0107 przed wp\u0142ywem czynnik\u00f3w atmosferycznych.<\/li>\n<li>Je\u015bli nieruchomo\u015b\u0107 b\u0119dzie wymaga\u0142a prac konserwacyjnych w\u0142a\u015bciciel ma obowi\u0105zek przyst\u0105pi\u0107 do nich niezw\u0142ocznie.<\/li>\n<\/ul>\n<p>Praktyka pokazuje jednak, \u017ce egzekucja takich przepis\u00f3w napotyka na szereg problem\u00f3w, czego w Gliwicach dobrym przyk\u0142adem s\u0105 zawirowania z Wie\u017c\u0105 Ci\u015bnie\u0144 przy ul. Sobieskiego.<\/p>\n<p>Z wpisu do rejestru dla w\u0142a\u015bciciela nie wynikaj\u0105 jednak same obowi\u0105zki. Na remont zabytkowej nieruchomo\u015bci \u0142atwiej pozyska\u0107 dofinansowanie ze \u015brodk\u00f3w Ministerstwa Kultury i Dziedzictwa Narodowego, a tak\u017ce mo\u017cna ubiega\u0107 si\u0119 o wsparcie finansowe z UE.<\/p>\n<h4>Czas dla Elektrowni<\/h4>\n<p>Przypomnijmy, w sierpniu 2019 roku po wielu latach poszukiwa\u0144 budynek dawnej dyrekcji Huty Gliwice znalaz\u0142 nowego w\u0142a\u015bciciela. Jest nim <strong>Elektrownia Wiatrowa Toszek<\/strong>, kt\u00f3ra zaoferowa\u0142a miastu 4,16 mln z\u0142otych. Sp\u00f3\u0142ka jest miastu bardzo dobrze znana poprzez osob\u0119 swojego prezesa. Jest nim <strong>Tadeusz Weso\u0142owski<\/strong>, za\u0142o\u017cyciel i prezes m.in. gliwickiej fundacji Radan, kt\u00f3ry zasiada tak\u017ce w radzie nadzorczej sp\u00f3\u0142ki Arena Operator.<\/p>\n<p>Weso\u0142owski odpowiada m.in. za doko\u0144czenie remontu &#8220;szkieletora&#8221; przy ul. Zwyci\u0119stwa (obecnie siedziba ING). Jego Radan realizuje te\u017c inne inwestycje mieszkaniowe w Gliwicach, w tym m.in. Ogrody Kr\u00f3lowej Bony przy ul. Kr\u00f3lowej Bony. To w\u0142a\u015bnie w kontek\u015bcie tej realizacji, we wrze\u015bniu 2015 roku dosz\u0142o do gor\u0105cego sporu mi\u0119dzy wojew\u00f3dzkim a miejskim konserwatorem zabytk\u00f3w (chodzi\u0142o m.in. o ingerencj\u0119 w dotychczasow\u0105 zabudow\u0119 przy ul. Kr\u00f3lowej Bony i monta\u017c balkon\u00f3w na elewacji). \u00d3wczesna wojew\u00f3dzka konserwator <strong>Aneta Borowik<\/strong> zarzuci\u0142a miejskiej konserwator <strong>Ewie Pokorskiej<\/strong> doprowadzenie do \u201cznacz\u0105cej utraty warto\u015bci zabytkowej budynku\u201d i wezwa\u0142a prezydenta <strong>Zygmunta Frankiewicza<\/strong> do \u201cnatychmiastowej zmiany\u201d na stanowisku miejskiego konserwatora. Prezydent skarg\u0119 uzna\u0142 za bezzasadn\u0105.<\/p>\n<p>Biura konserwatora nie informuje czy echa tej sprawy, mia\u0142y znaczenie przy podejmowaniu decyzji o wpisie do rejestru zabytk\u00f3w budynku dawnej huty.<br \/>\nMicha\u0142 Szewczyk<\/p>\n<div class=\"gliwi-a5-na-koncu-artykulow gliwi-entity-placement\" id=\"gliwi-4028073889\"><div class=\"gliwi-adlabel\"><span style=\"font-size: 9px\">REKLAMA<\/span><\/div><div id=\"gliwi-2779110700\" style=\"margin-left: auto;margin-right: auto;text-align: center;\"><a data-no-instant=\"1\" href=\"https:\/\/prezeroarenagliwice.pl\/\" rel=\"noopener\" class=\"a2t-link\" target=\"_blank\" aria-label=\"20260309-PREZERO-WIOSNA-D\"><img loading=\"lazy\" decoding=\"async\" src=\"https:\/\/www.24gliwice.pl\/wiadomosci\/wp-content\/uploads\/2026\/03\/20260309-PREZERO-WIOSNA-D.webp\" alt=\"\"  srcset=\"https:\/\/www.24gliwice.pl\/wiadomosci\/wp-content\/uploads\/2026\/03\/20260309-PREZERO-WIOSNA-D.webp 750w, https:\/\/www.24gliwice.pl\/wiadomosci\/wp-content\/uploads\/2026\/03\/20260309-PREZERO-WIOSNA-D-410x109.webp 410w\" sizes=\"(max-width: 750px) 100vw, 750px\" class=\"no-lazyload\" width=\"750\" height=\"200\"  style=\"display: inline-block; max-width: 100%; height: auto;\" \/><\/a><\/div><\/div>","protected":false},"excerpt":{"rendered":"<p>Budynek dawnej dyrekcji Huty Gliwice przy ul. Hlubka 4 zosta\u0142 wpisany do rejestru zabytk\u00f3w. Do tej pory obiekt znajdowa\u0142 si\u0119 pod ochron\u0105 konserwatorsk\u0105, ale tylko w cz\u0119\u015bci obejmuj\u0105cej dawn\u0105 sal\u0119 konferencyjn\u0105 i gabinet dyrekcji. Budynek dawnej dyrekcji Huty zosta\u0142 wpisany do rejestru zabytk\u00f3w w po\u0142owie maja Nowym w\u0142a\u015bcicielem obiektu od sierpnia 2019 roku jest Elektrownia [&hellip;]<\/p>\n","protected":false},"author":12,"featured_media":152857,"comment_status":"open","ping_status":"closed","sticky":false,"template":"","format":"standard","meta":{"_monsterinsights_skip_tracking":false,"_monsterinsights_sitenote_active":false,"_monsterinsights_sitenote_note":"","_monsterinsights_sitenote_category":0,"footnotes":"","_links_to":"","_links_to_target":""},"categories":[3,1,9],"tags":[],"class_list":["post-152822","post","type-post","status-publish","format-standard","has-post-thumbnail","hentry","category-gliwice","category-wszystko","category-aktualnosci_lokalne"],"yoast_head":"<!-- This site is optimized with the Yoast SEO plugin v27.5 - https:\/\/yoast.com\/product\/yoast-seo-wordpress\/ -->\n<title>W Gliwicach mamy nowy zabytek. Budynek dyrekcji huty wpisany do rejestru - 24GLIWICE - Portal Gliwice | codziennie nowe informacje<\/title>\n<meta name=\"robots\" content=\"index, follow, max-snippet:-1, max-image-preview:large, max-video-preview:-1\" \/>\n<link rel=\"canonical\" href=\"https:\/\/www.24gliwice.pl\/wiadomosci\/w-gliwicach-mamy-nowy-zabytek-budynek-dyrekcji-huty-wpisany-do-rejestru\/\" \/>\n<meta property=\"og:locale\" content=\"pl_PL\" \/>\n<meta property=\"og:type\" content=\"article\" \/>\n<meta property=\"og:title\" content=\"W Gliwicach mamy nowy zabytek. Budynek dyrekcji huty wpisany do rejestru - 24GLIWICE - Portal Gliwice | codziennie nowe informacje\" \/>\n<meta property=\"og:description\" content=\"Budynek dawnej dyrekcji Huty Gliwice przy ul. Hlubka 4 zosta\u0142 wpisany do rejestru zabytk\u00f3w. Do tej pory obiekt znajdowa\u0142 si\u0119 pod ochron\u0105 konserwatorsk\u0105, ale tylko w cz\u0119\u015bci obejmuj\u0105cej dawn\u0105 sal\u0119 konferencyjn\u0105 i gabinet dyrekcji. Budynek dawnej dyrekcji Huty zosta\u0142 wpisany do rejestru zabytk\u00f3w w po\u0142owie maja Nowym w\u0142a\u015bcicielem obiektu od sierpnia 2019 roku jest Elektrownia [&hellip;]\" \/>\n<meta property=\"og:url\" content=\"https:\/\/www.24gliwice.pl\/wiadomosci\/w-gliwicach-mamy-nowy-zabytek-budynek-dyrekcji-huty-wpisany-do-rejestru\/\" \/>\n<meta property=\"og:site_name\" content=\"24GLIWICE - Portal Gliwice | codziennie nowe informacje\" \/>\n<meta property=\"article:publisher\" content=\"https:\/\/www.facebook.com\/24gliwice\" \/>\n<meta property=\"article:published_time\" content=\"2020-06-03T10:04:38+00:00\" \/>\n<meta property=\"article:modified_time\" content=\"2020-06-03T10:10:33+00:00\" \/>\n<meta property=\"og:image\" content=\"https:\/\/www.24gliwice.pl\/wiadomosci\/wp-content\/uploads\/2020\/06\/1-1-dyrekcja-huty-5-002.jpg\" \/>\n\t<meta property=\"og:image:width\" content=\"809\" \/>\n\t<meta property=\"og:image:height\" content=\"455\" \/>\n\t<meta property=\"og:image:type\" content=\"image\/jpeg\" \/>\n<meta name=\"author\" content=\"Micha\u0142 Szewczyk\" \/>\n<meta name=\"twitter:card\" content=\"summary_large_image\" \/>\n<meta name=\"twitter:creator\" content=\"@24gliwice\" \/>\n<meta name=\"twitter:site\" content=\"@24gliwice\" \/>\n<meta name=\"twitter:label1\" content=\"Napisane przez\" \/>\n\t<meta name=\"twitter:data1\" content=\"Micha\u0142 Szewczyk\" \/>\n\t<meta name=\"twitter:label2\" content=\"Szacowany czas czytania\" \/>\n\t<meta name=\"twitter:data2\" content=\"3 minuty\" \/>\n<script type=\"application\/ld+json\" class=\"yoast-schema-graph\">{\"@context\":\"https:\\\/\\\/schema.org\",\"@graph\":[{\"@type\":\"Article\",\"@id\":\"https:\\\/\\\/www.24gliwice.pl\\\/wiadomosci\\\/w-gliwicach-mamy-nowy-zabytek-budynek-dyrekcji-huty-wpisany-do-rejestru\\\/#article\",\"isPartOf\":{\"@id\":\"https:\\\/\\\/www.24gliwice.pl\\\/wiadomosci\\\/w-gliwicach-mamy-nowy-zabytek-budynek-dyrekcji-huty-wpisany-do-rejestru\\\/\"},\"author\":{\"name\":\"Micha\u0142 Szewczyk\",\"@id\":\"https:\\\/\\\/www.24gliwice.pl\\\/wiadomosci\\\/#\\\/schema\\\/person\\\/940e8f8a097e322de4f463f061ef8d45\"},\"headline\":\"W Gliwicach mamy nowy zabytek. Budynek dyrekcji huty wpisany do rejestru\",\"datePublished\":\"2020-06-03T10:04:38+00:00\",\"dateModified\":\"2020-06-03T10:10:33+00:00\",\"mainEntityOfPage\":{\"@id\":\"https:\\\/\\\/www.24gliwice.pl\\\/wiadomosci\\\/w-gliwicach-mamy-nowy-zabytek-budynek-dyrekcji-huty-wpisany-do-rejestru\\\/\"},\"wordCount\":597,\"commentCount\":0,\"publisher\":{\"@id\":\"https:\\\/\\\/www.24gliwice.pl\\\/wiadomosci\\\/#organization\"},\"image\":{\"@id\":\"https:\\\/\\\/www.24gliwice.pl\\\/wiadomosci\\\/w-gliwicach-mamy-nowy-zabytek-budynek-dyrekcji-huty-wpisany-do-rejestru\\\/#primaryimage\"},\"thumbnailUrl\":\"https:\\\/\\\/www.24gliwice.pl\\\/wiadomosci\\\/wp-content\\\/uploads\\\/2020\\\/06\\\/1-1-dyrekcja-huty-5-002.jpg\",\"articleSection\":[\"Gliwice\",\"Najnowsze wiadomo\u015bci\",\"Portal Gliwice - Wiadomo\u015bci lokalne\"],\"inLanguage\":\"pl-PL\",\"potentialAction\":[{\"@type\":\"CommentAction\",\"name\":\"Comment\",\"target\":[\"https:\\\/\\\/www.24gliwice.pl\\\/wiadomosci\\\/w-gliwicach-mamy-nowy-zabytek-budynek-dyrekcji-huty-wpisany-do-rejestru\\\/#respond\"]}]},{\"@type\":\"WebPage\",\"@id\":\"https:\\\/\\\/www.24gliwice.pl\\\/wiadomosci\\\/w-gliwicach-mamy-nowy-zabytek-budynek-dyrekcji-huty-wpisany-do-rejestru\\\/\",\"url\":\"https:\\\/\\\/www.24gliwice.pl\\\/wiadomosci\\\/w-gliwicach-mamy-nowy-zabytek-budynek-dyrekcji-huty-wpisany-do-rejestru\\\/\",\"name\":\"W Gliwicach mamy nowy zabytek. Budynek dyrekcji huty wpisany do rejestru - 24GLIWICE - Portal Gliwice | codziennie nowe informacje\",\"isPartOf\":{\"@id\":\"https:\\\/\\\/www.24gliwice.pl\\\/wiadomosci\\\/#website\"},\"primaryImageOfPage\":{\"@id\":\"https:\\\/\\\/www.24gliwice.pl\\\/wiadomosci\\\/w-gliwicach-mamy-nowy-zabytek-budynek-dyrekcji-huty-wpisany-do-rejestru\\\/#primaryimage\"},\"image\":{\"@id\":\"https:\\\/\\\/www.24gliwice.pl\\\/wiadomosci\\\/w-gliwicach-mamy-nowy-zabytek-budynek-dyrekcji-huty-wpisany-do-rejestru\\\/#primaryimage\"},\"thumbnailUrl\":\"https:\\\/\\\/www.24gliwice.pl\\\/wiadomosci\\\/wp-content\\\/uploads\\\/2020\\\/06\\\/1-1-dyrekcja-huty-5-002.jpg\",\"datePublished\":\"2020-06-03T10:04:38+00:00\",\"dateModified\":\"2020-06-03T10:10:33+00:00\",\"breadcrumb\":{\"@id\":\"https:\\\/\\\/www.24gliwice.pl\\\/wiadomosci\\\/w-gliwicach-mamy-nowy-zabytek-budynek-dyrekcji-huty-wpisany-do-rejestru\\\/#breadcrumb\"},\"inLanguage\":\"pl-PL\",\"potentialAction\":[{\"@type\":\"ReadAction\",\"target\":[\"https:\\\/\\\/www.24gliwice.pl\\\/wiadomosci\\\/w-gliwicach-mamy-nowy-zabytek-budynek-dyrekcji-huty-wpisany-do-rejestru\\\/\"]}]},{\"@type\":\"ImageObject\",\"inLanguage\":\"pl-PL\",\"@id\":\"https:\\\/\\\/www.24gliwice.pl\\\/wiadomosci\\\/w-gliwicach-mamy-nowy-zabytek-budynek-dyrekcji-huty-wpisany-do-rejestru\\\/#primaryimage\",\"url\":\"https:\\\/\\\/www.24gliwice.pl\\\/wiadomosci\\\/wp-content\\\/uploads\\\/2020\\\/06\\\/1-1-dyrekcja-huty-5-002.jpg\",\"contentUrl\":\"https:\\\/\\\/www.24gliwice.pl\\\/wiadomosci\\\/wp-content\\\/uploads\\\/2020\\\/06\\\/1-1-dyrekcja-huty-5-002.jpg\",\"width\":809,\"height\":455},{\"@type\":\"BreadcrumbList\",\"@id\":\"https:\\\/\\\/www.24gliwice.pl\\\/wiadomosci\\\/w-gliwicach-mamy-nowy-zabytek-budynek-dyrekcji-huty-wpisany-do-rejestru\\\/#breadcrumb\",\"itemListElement\":[{\"@type\":\"ListItem\",\"position\":1,\"name\":\"Strona g\u0142\u00f3wna\",\"item\":\"https:\\\/\\\/www.24gliwice.pl\\\/wiadomosci\\\/\"},{\"@type\":\"ListItem\",\"position\":2,\"name\":\"W Gliwicach mamy nowy zabytek. Budynek dyrekcji huty wpisany do rejestru\"}]},{\"@type\":\"WebSite\",\"@id\":\"https:\\\/\\\/www.24gliwice.pl\\\/wiadomosci\\\/#website\",\"url\":\"https:\\\/\\\/www.24gliwice.pl\\\/wiadomosci\\\/\",\"name\":\"24GLIWICE - Portal Gliwice | codziennie nowe wiadomo\u015bci\",\"description\":\"Portal Miejski Gliwice\",\"publisher\":{\"@id\":\"https:\\\/\\\/www.24gliwice.pl\\\/wiadomosci\\\/#organization\"},\"potentialAction\":[{\"@type\":\"SearchAction\",\"target\":{\"@type\":\"EntryPoint\",\"urlTemplate\":\"https:\\\/\\\/www.24gliwice.pl\\\/wiadomosci\\\/?s={search_term_string}\"},\"query-input\":{\"@type\":\"PropertyValueSpecification\",\"valueRequired\":true,\"valueName\":\"search_term_string\"}}],\"inLanguage\":\"pl-PL\"},{\"@type\":\"Organization\",\"@id\":\"https:\\\/\\\/www.24gliwice.pl\\\/wiadomosci\\\/#organization\",\"name\":\"24gliwice\",\"url\":\"https:\\\/\\\/www.24gliwice.pl\\\/wiadomosci\\\/\",\"logo\":{\"@type\":\"ImageObject\",\"inLanguage\":\"pl-PL\",\"@id\":\"https:\\\/\\\/www.24gliwice.pl\\\/wiadomosci\\\/#\\\/schema\\\/logo\\\/image\\\/\",\"url\":\"https:\\\/\\\/www.24gliwice.pl\\\/wiadomosci\\\/wp-content\\\/uploads\\\/2024\\\/10\\\/24gliwice-logo-696.jpg\",\"contentUrl\":\"https:\\\/\\\/www.24gliwice.pl\\\/wiadomosci\\\/wp-content\\\/uploads\\\/2024\\\/10\\\/24gliwice-logo-696.jpg\",\"width\":696,\"height\":696,\"caption\":\"24gliwice\"},\"image\":{\"@id\":\"https:\\\/\\\/www.24gliwice.pl\\\/wiadomosci\\\/#\\\/schema\\\/logo\\\/image\\\/\"},\"sameAs\":[\"https:\\\/\\\/www.facebook.com\\\/24gliwice\",\"https:\\\/\\\/x.com\\\/24gliwice\",\"https:\\\/\\\/www.youtube.com\\\/@24gliwice\"]},{\"@type\":\"Person\",\"@id\":\"https:\\\/\\\/www.24gliwice.pl\\\/wiadomosci\\\/#\\\/schema\\\/person\\\/940e8f8a097e322de4f463f061ef8d45\",\"name\":\"Micha\u0142 Szewczyk\",\"image\":{\"@type\":\"ImageObject\",\"inLanguage\":\"pl-PL\",\"@id\":\"https:\\\/\\\/secure.gravatar.com\\\/avatar\\\/771b8b6c74cd8d255e46392d605e01a86133900ef09b6ef3c8d451c9d92288cf?s=96&d=mm&r=g\",\"url\":\"https:\\\/\\\/secure.gravatar.com\\\/avatar\\\/771b8b6c74cd8d255e46392d605e01a86133900ef09b6ef3c8d451c9d92288cf?s=96&d=mm&r=g\",\"contentUrl\":\"https:\\\/\\\/secure.gravatar.com\\\/avatar\\\/771b8b6c74cd8d255e46392d605e01a86133900ef09b6ef3c8d451c9d92288cf?s=96&d=mm&r=g\",\"caption\":\"Micha\u0142 Szewczyk\"},\"sameAs\":[\"http:\\\/\\\/www.gazeta-miejska.pl\"],\"url\":\"https:\\\/\\\/www.24gliwice.pl\\\/wiadomosci\\\/author\\\/michal-szewczyk\\\/\"}]}<\/script>\n<!-- \/ Yoast SEO plugin. -->","yoast_head_json":{"title":"W Gliwicach mamy nowy zabytek. Budynek dyrekcji huty wpisany do rejestru - 24GLIWICE - Portal Gliwice | codziennie nowe informacje","robots":{"index":"index","follow":"follow","max-snippet":"max-snippet:-1","max-image-preview":"max-image-preview:large","max-video-preview":"max-video-preview:-1"},"canonical":"https:\/\/www.24gliwice.pl\/wiadomosci\/w-gliwicach-mamy-nowy-zabytek-budynek-dyrekcji-huty-wpisany-do-rejestru\/","og_locale":"pl_PL","og_type":"article","og_title":"W Gliwicach mamy nowy zabytek. Budynek dyrekcji huty wpisany do rejestru - 24GLIWICE - Portal Gliwice | codziennie nowe informacje","og_description":"Budynek dawnej dyrekcji Huty Gliwice przy ul. Hlubka 4 zosta\u0142 wpisany do rejestru zabytk\u00f3w. Do tej pory obiekt znajdowa\u0142 si\u0119 pod ochron\u0105 konserwatorsk\u0105, ale tylko w cz\u0119\u015bci obejmuj\u0105cej dawn\u0105 sal\u0119 konferencyjn\u0105 i gabinet dyrekcji. Budynek dawnej dyrekcji Huty zosta\u0142 wpisany do rejestru zabytk\u00f3w w po\u0142owie maja Nowym w\u0142a\u015bcicielem obiektu od sierpnia 2019 roku jest Elektrownia [&hellip;]","og_url":"https:\/\/www.24gliwice.pl\/wiadomosci\/w-gliwicach-mamy-nowy-zabytek-budynek-dyrekcji-huty-wpisany-do-rejestru\/","og_site_name":"24GLIWICE - Portal Gliwice | codziennie nowe informacje","article_publisher":"https:\/\/www.facebook.com\/24gliwice","article_published_time":"2020-06-03T10:04:38+00:00","article_modified_time":"2020-06-03T10:10:33+00:00","og_image":[{"width":809,"height":455,"url":"https:\/\/www.24gliwice.pl\/wiadomosci\/wp-content\/uploads\/2020\/06\/1-1-dyrekcja-huty-5-002.jpg","type":"image\/jpeg"}],"author":"Micha\u0142 Szewczyk","twitter_card":"summary_large_image","twitter_creator":"@24gliwice","twitter_site":"@24gliwice","twitter_misc":{"Napisane przez":"Micha\u0142 Szewczyk","Szacowany czas czytania":"3 minuty"},"schema":{"@context":"https:\/\/schema.org","@graph":[{"@type":"Article","@id":"https:\/\/www.24gliwice.pl\/wiadomosci\/w-gliwicach-mamy-nowy-zabytek-budynek-dyrekcji-huty-wpisany-do-rejestru\/#article","isPartOf":{"@id":"https:\/\/www.24gliwice.pl\/wiadomosci\/w-gliwicach-mamy-nowy-zabytek-budynek-dyrekcji-huty-wpisany-do-rejestru\/"},"author":{"name":"Micha\u0142 Szewczyk","@id":"https:\/\/www.24gliwice.pl\/wiadomosci\/#\/schema\/person\/940e8f8a097e322de4f463f061ef8d45"},"headline":"W Gliwicach mamy nowy zabytek. Budynek dyrekcji huty wpisany do rejestru","datePublished":"2020-06-03T10:04:38+00:00","dateModified":"2020-06-03T10:10:33+00:00","mainEntityOfPage":{"@id":"https:\/\/www.24gliwice.pl\/wiadomosci\/w-gliwicach-mamy-nowy-zabytek-budynek-dyrekcji-huty-wpisany-do-rejestru\/"},"wordCount":597,"commentCount":0,"publisher":{"@id":"https:\/\/www.24gliwice.pl\/wiadomosci\/#organization"},"image":{"@id":"https:\/\/www.24gliwice.pl\/wiadomosci\/w-gliwicach-mamy-nowy-zabytek-budynek-dyrekcji-huty-wpisany-do-rejestru\/#primaryimage"},"thumbnailUrl":"https:\/\/www.24gliwice.pl\/wiadomosci\/wp-content\/uploads\/2020\/06\/1-1-dyrekcja-huty-5-002.jpg","articleSection":["Gliwice","Najnowsze wiadomo\u015bci","Portal Gliwice - Wiadomo\u015bci lokalne"],"inLanguage":"pl-PL","potentialAction":[{"@type":"CommentAction","name":"Comment","target":["https:\/\/www.24gliwice.pl\/wiadomosci\/w-gliwicach-mamy-nowy-zabytek-budynek-dyrekcji-huty-wpisany-do-rejestru\/#respond"]}]},{"@type":"WebPage","@id":"https:\/\/www.24gliwice.pl\/wiadomosci\/w-gliwicach-mamy-nowy-zabytek-budynek-dyrekcji-huty-wpisany-do-rejestru\/","url":"https:\/\/www.24gliwice.pl\/wiadomosci\/w-gliwicach-mamy-nowy-zabytek-budynek-dyrekcji-huty-wpisany-do-rejestru\/","name":"W Gliwicach mamy nowy zabytek. Budynek dyrekcji huty wpisany do rejestru - 24GLIWICE - Portal Gliwice | codziennie nowe informacje","isPartOf":{"@id":"https:\/\/www.24gliwice.pl\/wiadomosci\/#website"},"primaryImageOfPage":{"@id":"https:\/\/www.24gliwice.pl\/wiadomosci\/w-gliwicach-mamy-nowy-zabytek-budynek-dyrekcji-huty-wpisany-do-rejestru\/#primaryimage"},"image":{"@id":"https:\/\/www.24gliwice.pl\/wiadomosci\/w-gliwicach-mamy-nowy-zabytek-budynek-dyrekcji-huty-wpisany-do-rejestru\/#primaryimage"},"thumbnailUrl":"https:\/\/www.24gliwice.pl\/wiadomosci\/wp-content\/uploads\/2020\/06\/1-1-dyrekcja-huty-5-002.jpg","datePublished":"2020-06-03T10:04:38+00:00","dateModified":"2020-06-03T10:10:33+00:00","breadcrumb":{"@id":"https:\/\/www.24gliwice.pl\/wiadomosci\/w-gliwicach-mamy-nowy-zabytek-budynek-dyrekcji-huty-wpisany-do-rejestru\/#breadcrumb"},"inLanguage":"pl-PL","potentialAction":[{"@type":"ReadAction","target":["https:\/\/www.24gliwice.pl\/wiadomosci\/w-gliwicach-mamy-nowy-zabytek-budynek-dyrekcji-huty-wpisany-do-rejestru\/"]}]},{"@type":"ImageObject","inLanguage":"pl-PL","@id":"https:\/\/www.24gliwice.pl\/wiadomosci\/w-gliwicach-mamy-nowy-zabytek-budynek-dyrekcji-huty-wpisany-do-rejestru\/#primaryimage","url":"https:\/\/www.24gliwice.pl\/wiadomosci\/wp-content\/uploads\/2020\/06\/1-1-dyrekcja-huty-5-002.jpg","contentUrl":"https:\/\/www.24gliwice.pl\/wiadomosci\/wp-content\/uploads\/2020\/06\/1-1-dyrekcja-huty-5-002.jpg","width":809,"height":455},{"@type":"BreadcrumbList","@id":"https:\/\/www.24gliwice.pl\/wiadomosci\/w-gliwicach-mamy-nowy-zabytek-budynek-dyrekcji-huty-wpisany-do-rejestru\/#breadcrumb","itemListElement":[{"@type":"ListItem","position":1,"name":"Strona g\u0142\u00f3wna","item":"https:\/\/www.24gliwice.pl\/wiadomosci\/"},{"@type":"ListItem","position":2,"name":"W Gliwicach mamy nowy zabytek. Budynek dyrekcji huty wpisany do rejestru"}]},{"@type":"WebSite","@id":"https:\/\/www.24gliwice.pl\/wiadomosci\/#website","url":"https:\/\/www.24gliwice.pl\/wiadomosci\/","name":"24GLIWICE - Portal Gliwice | codziennie nowe wiadomo\u015bci","description":"Portal Miejski Gliwice","publisher":{"@id":"https:\/\/www.24gliwice.pl\/wiadomosci\/#organization"},"potentialAction":[{"@type":"SearchAction","target":{"@type":"EntryPoint","urlTemplate":"https:\/\/www.24gliwice.pl\/wiadomosci\/?s={search_term_string}"},"query-input":{"@type":"PropertyValueSpecification","valueRequired":true,"valueName":"search_term_string"}}],"inLanguage":"pl-PL"},{"@type":"Organization","@id":"https:\/\/www.24gliwice.pl\/wiadomosci\/#organization","name":"24gliwice","url":"https:\/\/www.24gliwice.pl\/wiadomosci\/","logo":{"@type":"ImageObject","inLanguage":"pl-PL","@id":"https:\/\/www.24gliwice.pl\/wiadomosci\/#\/schema\/logo\/image\/","url":"https:\/\/www.24gliwice.pl\/wiadomosci\/wp-content\/uploads\/2024\/10\/24gliwice-logo-696.jpg","contentUrl":"https:\/\/www.24gliwice.pl\/wiadomosci\/wp-content\/uploads\/2024\/10\/24gliwice-logo-696.jpg","width":696,"height":696,"caption":"24gliwice"},"image":{"@id":"https:\/\/www.24gliwice.pl\/wiadomosci\/#\/schema\/logo\/image\/"},"sameAs":["https:\/\/www.facebook.com\/24gliwice","https:\/\/x.com\/24gliwice","https:\/\/www.youtube.com\/@24gliwice"]},{"@type":"Person","@id":"https:\/\/www.24gliwice.pl\/wiadomosci\/#\/schema\/person\/940e8f8a097e322de4f463f061ef8d45","name":"Micha\u0142 Szewczyk","image":{"@type":"ImageObject","inLanguage":"pl-PL","@id":"https:\/\/secure.gravatar.com\/avatar\/771b8b6c74cd8d255e46392d605e01a86133900ef09b6ef3c8d451c9d92288cf?s=96&d=mm&r=g","url":"https:\/\/secure.gravatar.com\/avatar\/771b8b6c74cd8d255e46392d605e01a86133900ef09b6ef3c8d451c9d92288cf?s=96&d=mm&r=g","contentUrl":"https:\/\/secure.gravatar.com\/avatar\/771b8b6c74cd8d255e46392d605e01a86133900ef09b6ef3c8d451c9d92288cf?s=96&d=mm&r=g","caption":"Micha\u0142 Szewczyk"},"sameAs":["http:\/\/www.gazeta-miejska.pl"],"url":"https:\/\/www.24gliwice.pl\/wiadomosci\/author\/michal-szewczyk\/"}]}},"_links":{"self":[{"href":"https:\/\/www.24gliwice.pl\/wiadomosci\/wp-json\/wp\/v2\/posts\/152822","targetHints":{"allow":["GET"]}}],"collection":[{"href":"https:\/\/www.24gliwice.pl\/wiadomosci\/wp-json\/wp\/v2\/posts"}],"about":[{"href":"https:\/\/www.24gliwice.pl\/wiadomosci\/wp-json\/wp\/v2\/types\/post"}],"author":[{"embeddable":true,"href":"https:\/\/www.24gliwice.pl\/wiadomosci\/wp-json\/wp\/v2\/users\/12"}],"replies":[{"embeddable":true,"href":"https:\/\/www.24gliwice.pl\/wiadomosci\/wp-json\/wp\/v2\/comments?post=152822"}],"version-history":[{"count":0,"href":"https:\/\/www.24gliwice.pl\/wiadomosci\/wp-json\/wp\/v2\/posts\/152822\/revisions"}],"wp:featuredmedia":[{"embeddable":true,"href":"https:\/\/www.24gliwice.pl\/wiadomosci\/wp-json\/wp\/v2\/media\/152857"}],"wp:attachment":[{"href":"https:\/\/www.24gliwice.pl\/wiadomosci\/wp-json\/wp\/v2\/media?parent=152822"}],"wp:term":[{"taxonomy":"category","embeddable":true,"href":"https:\/\/www.24gliwice.pl\/wiadomosci\/wp-json\/wp\/v2\/categories?post=152822"},{"taxonomy":"post_tag","embeddable":true,"href":"https:\/\/www.24gliwice.pl\/wiadomosci\/wp-json\/wp\/v2\/tags?post=152822"}],"curies":[{"name":"wp","href":"https:\/\/api.w.org\/{rel}","templated":true}]}}