{"id":152828,"date":"2020-06-04T01:12:34","date_gmt":"2020-06-03T23:12:34","guid":{"rendered":"https:\/\/www.24gliwice.pl\/wiadomosci\/?p=152828"},"modified":"2020-06-04T01:12:34","modified_gmt":"2020-06-03T23:12:34","slug":"remont-tej-ulicy-trwal-3-tygodnie-i-zakonczyl-sie-miesiac-przed-terminem","status":"publish","type":"post","link":"https:\/\/www.24gliwice.pl\/wiadomosci\/remont-tej-ulicy-trwal-3-tygodnie-i-zakonczyl-sie-miesiac-przed-terminem\/","title":{"rendered":"Remont tej ulicy trwa\u0142 3 tygodnie i zako\u0144czy\u0142 si\u0119 miesi\u0105c&#8230; przed terminem"},"content":{"rendered":"<div class=\"gliwi-a6-nad-leadem-artykulow gliwi-entity-placement\" id=\"gliwi-952610333\"><div class=\"gliwi-adlabel\"><span style=\"font-size: 9px\">REKLAMA<\/span><\/div><div id=\"gliwi-2689448237\" style=\"margin-bottom: 30px;margin-left: auto;margin-right: auto;text-align: center;\"><a data-no-instant=\"1\" href=\"https:\/\/przedszkole.halogen.org.pl\/\" rel=\"noopener\" class=\"a2t-link\" target=\"_blank\" aria-label=\"20260402-ANIMATOR-przedszkole_grafika_750x200\"><img loading=\"lazy\" decoding=\"async\" src=\"https:\/\/www.24gliwice.pl\/wiadomosci\/wp-content\/uploads\/2026\/04\/20260402-ANIMATOR-przedszkole_grafika_750x200.webp\" alt=\"\"  srcset=\"https:\/\/www.24gliwice.pl\/wiadomosci\/wp-content\/uploads\/2026\/04\/20260402-ANIMATOR-przedszkole_grafika_750x200.webp 750w, https:\/\/www.24gliwice.pl\/wiadomosci\/wp-content\/uploads\/2026\/04\/20260402-ANIMATOR-przedszkole_grafika_750x200-410x109.webp 410w\" sizes=\"(max-width: 750px) 100vw, 750px\" class=\"no-lazyload\" width=\"750\" height=\"200\"  style=\"display: inline-block; max-width: 100%; height: auto;\" \/><\/a><\/div><\/div><h2>Remont ulicy Warszawskiej rozpocz\u0119to w pierwszym tygodniu maja, trwa\u0142 oko\u0142o 3 tygodni. W tym czasie wykonano roboty na oko\u0142o 300-metrowym odcinku, kt\u00f3rych koszt oszacowano na oko\u0142o 1,5 mln z\u0142.<\/h2>\n<p>&#8211; <em>O ca\u0142y miesi\u0105c wcze\u015bniej ni\u017c deklarowa\u0142 wykonawca uda\u0142o si\u0119 zako\u0144czy\u0107 remont odcinka ul. Warszawskiej. Od ul. Gierymskiego do skrzy\u017cowania z ul. Grottgera wymieniono nawierzchni\u0119 jezdni, a wcze\u015bniej naprawiono kanalizacj\u0119 deszczow\u0105 i dobudowano wpusty uliczne. Zadbano r\u00f3wnie\u017c o ziele\u0144. Mi\u0119dzy jezdni\u0105 a chodnikiem tereny zielone zosta\u0142y uporz\u0105dkowane<\/em> &#8211; przekazuje <strong>Jadwiga Stiborska<\/strong>, rzeczniczka Zarz\u0105du Dr\u00f3g Miejskich.<\/p>\n<p>Prace w ramach zlecenia na utrzymanie dr\u00f3g w Gliwicach zrealizowa\u0142 PRUiM. Ich koszt oszacowano na 1,5 mln z\u0142otych. \u0141\u0105cznie na realizacj\u0119 zadania sp\u00f3\u0142ka otrzyma\u0142a blisko 20 mln z\u0142otych, kwota ta musi wystarczy\u0107 na remonty gliwickich ulic do ko\u0144ca bie\u017c\u0105cego roku lub do wyczerpania \u015brodk\u00f3w.<\/p><div class=\"gliwi-a3-w-tresci-artykulow gliwi-entity-placement\" id=\"gliwi-1705716321\"><div class=\"gliwi-adlabel\"><span style=\"font-size: 9px\">REKLAMA<\/span><\/div><div id=\"gliwi-3541428322\" style=\"margin-bottom: 30px;margin-left: auto;margin-right: auto;text-align: center;\"><a data-no-instant=\"1\" href=\"https:\/\/zlobek.halogen.org.pl\/\" rel=\"noopener\" class=\"a2t-link\" target=\"_blank\" aria-label=\"animator-zlobek_750x200\"><img loading=\"lazy\" decoding=\"async\" src=\"https:\/\/www.24gliwice.pl\/wiadomosci\/wp-content\/uploads\/2026\/02\/animator-zlobek_750x200.webp\" alt=\"\"  srcset=\"https:\/\/www.24gliwice.pl\/wiadomosci\/wp-content\/uploads\/2026\/02\/animator-zlobek_750x200.webp 750w, https:\/\/www.24gliwice.pl\/wiadomosci\/wp-content\/uploads\/2026\/02\/animator-zlobek_750x200-410x109.webp 410w\" sizes=\"(max-width: 750px) 100vw, 750px\" class=\"no-lazyload\" width=\"750\" height=\"200\"  style=\"display: inline-block; max-width: 100%; height: auto;\" \/><\/a><\/div><\/div>\n<p>(red.)<br \/>\nfot. ZDM w Gliwicach<\/p>\n<p><a href=\"https:\/\/www.24gliwice.pl\/wiadomosci\/wp-content\/uploads\/2020\/06\/Przechwytywanie-w-trybie-pe\u0142noekranowym-03.06.2020-111333.bmp.jpg\"><img loading=\"lazy\" decoding=\"async\" src=\"https:\/\/www.24gliwice.pl\/wiadomosci\/wp-content\/uploads\/2020\/06\/Przechwytywanie-w-trybie-pe\u0142noekranowym-03.06.2020-111333.bmp.jpg\" alt=\"\" width=\"810\" height=\"455\" class=\"alignnone size-full wp-image-152835\" srcset=\"https:\/\/www.24gliwice.pl\/wiadomosci\/wp-content\/uploads\/2020\/06\/Przechwytywanie-w-trybie-pe\u0142noekranowym-03.06.2020-111333.bmp.jpg 810w, https:\/\/www.24gliwice.pl\/wiadomosci\/wp-content\/uploads\/2020\/06\/Przechwytywanie-w-trybie-pe\u0142noekranowym-03.06.2020-111333.bmp-410x230.jpg 410w, https:\/\/www.24gliwice.pl\/wiadomosci\/wp-content\/uploads\/2020\/06\/Przechwytywanie-w-trybie-pe\u0142noekranowym-03.06.2020-111333.bmp-768x431.jpg 768w\" sizes=\"auto, (max-width: 810px) 100vw, 810px\" \/><\/a><\/p>\n<p><a href=\"https:\/\/www.24gliwice.pl\/wiadomosci\/wp-content\/uploads\/2020\/06\/Przechwytywanie-w-trybie-pe\u0142noekranowym-03.06.2020-111327.bmp.jpg\"><img loading=\"lazy\" decoding=\"async\" src=\"https:\/\/www.24gliwice.pl\/wiadomosci\/wp-content\/uploads\/2020\/06\/Przechwytywanie-w-trybie-pe\u0142noekranowym-03.06.2020-111327.bmp.jpg\" alt=\"\" width=\"810\" height=\"456\" class=\"alignnone size-full wp-image-152834\" srcset=\"https:\/\/www.24gliwice.pl\/wiadomosci\/wp-content\/uploads\/2020\/06\/Przechwytywanie-w-trybie-pe\u0142noekranowym-03.06.2020-111327.bmp.jpg 810w, https:\/\/www.24gliwice.pl\/wiadomosci\/wp-content\/uploads\/2020\/06\/Przechwytywanie-w-trybie-pe\u0142noekranowym-03.06.2020-111327.bmp-410x232.jpg 410w, https:\/\/www.24gliwice.pl\/wiadomosci\/wp-content\/uploads\/2020\/06\/Przechwytywanie-w-trybie-pe\u0142noekranowym-03.06.2020-111327.bmp-808x455.jpg 808w, https:\/\/www.24gliwice.pl\/wiadomosci\/wp-content\/uploads\/2020\/06\/Przechwytywanie-w-trybie-pe\u0142noekranowym-03.06.2020-111327.bmp-768x432.jpg 768w\" sizes=\"auto, (max-width: 810px) 100vw, 810px\" \/><\/a><\/p>\n<p><a href=\"https:\/\/www.24gliwice.pl\/wiadomosci\/wp-content\/uploads\/2020\/06\/Przechwytywanie-w-trybie-pe\u0142noekranowym-03.06.2020-111320.bmp.jpg\"><img loading=\"lazy\" decoding=\"async\" src=\"https:\/\/www.24gliwice.pl\/wiadomosci\/wp-content\/uploads\/2020\/06\/Przechwytywanie-w-trybie-pe\u0142noekranowym-03.06.2020-111320.bmp.jpg\" alt=\"\" width=\"810\" height=\"456\" class=\"alignnone size-full wp-image-152833\" srcset=\"https:\/\/www.24gliwice.pl\/wiadomosci\/wp-content\/uploads\/2020\/06\/Przechwytywanie-w-trybie-pe\u0142noekranowym-03.06.2020-111320.bmp.jpg 810w, https:\/\/www.24gliwice.pl\/wiadomosci\/wp-content\/uploads\/2020\/06\/Przechwytywanie-w-trybie-pe\u0142noekranowym-03.06.2020-111320.bmp-410x232.jpg 410w, https:\/\/www.24gliwice.pl\/wiadomosci\/wp-content\/uploads\/2020\/06\/Przechwytywanie-w-trybie-pe\u0142noekranowym-03.06.2020-111320.bmp-808x455.jpg 808w, https:\/\/www.24gliwice.pl\/wiadomosci\/wp-content\/uploads\/2020\/06\/Przechwytywanie-w-trybie-pe\u0142noekranowym-03.06.2020-111320.bmp-768x432.jpg 768w\" sizes=\"auto, (max-width: 810px) 100vw, 810px\" \/><\/a><\/p>\n<p><a href=\"https:\/\/www.24gliwice.pl\/wiadomosci\/wp-content\/uploads\/2020\/06\/Przechwytywanie-w-trybie-pe\u0142noekranowym-03.06.2020-111303.bmp.jpg\"><img loading=\"lazy\" decoding=\"async\" src=\"https:\/\/www.24gliwice.pl\/wiadomosci\/wp-content\/uploads\/2020\/06\/Przechwytywanie-w-trybie-pe\u0142noekranowym-03.06.2020-111303.bmp.jpg\" alt=\"\" width=\"810\" height=\"456\" class=\"alignnone size-full wp-image-152831\" srcset=\"https:\/\/www.24gliwice.pl\/wiadomosci\/wp-content\/uploads\/2020\/06\/Przechwytywanie-w-trybie-pe\u0142noekranowym-03.06.2020-111303.bmp.jpg 810w, https:\/\/www.24gliwice.pl\/wiadomosci\/wp-content\/uploads\/2020\/06\/Przechwytywanie-w-trybie-pe\u0142noekranowym-03.06.2020-111303.bmp-410x232.jpg 410w, https:\/\/www.24gliwice.pl\/wiadomosci\/wp-content\/uploads\/2020\/06\/Przechwytywanie-w-trybie-pe\u0142noekranowym-03.06.2020-111303.bmp-808x455.jpg 808w, https:\/\/www.24gliwice.pl\/wiadomosci\/wp-content\/uploads\/2020\/06\/Przechwytywanie-w-trybie-pe\u0142noekranowym-03.06.2020-111303.bmp-768x432.jpg 768w\" sizes=\"auto, (max-width: 810px) 100vw, 810px\" \/><\/a><\/p>\n<div class=\"gliwi-a5-na-koncu-artykulow gliwi-entity-placement\" id=\"gliwi-3418655313\"><div class=\"gliwi-adlabel\"><span style=\"font-size: 9px\">REKLAMA<\/span><\/div><div id=\"gliwi-484245063\" style=\"margin-left: auto;margin-right: auto;text-align: center;\"><a data-no-instant=\"1\" href=\"https:\/\/prezeroarenagliwice.pl\/\" rel=\"noopener\" class=\"a2t-link\" target=\"_blank\" aria-label=\"20260309-PREZERO-WIOSNA-D\"><img loading=\"lazy\" decoding=\"async\" src=\"https:\/\/www.24gliwice.pl\/wiadomosci\/wp-content\/uploads\/2026\/03\/20260309-PREZERO-WIOSNA-D.webp\" alt=\"\"  srcset=\"https:\/\/www.24gliwice.pl\/wiadomosci\/wp-content\/uploads\/2026\/03\/20260309-PREZERO-WIOSNA-D.webp 750w, https:\/\/www.24gliwice.pl\/wiadomosci\/wp-content\/uploads\/2026\/03\/20260309-PREZERO-WIOSNA-D-410x109.webp 410w\" sizes=\"(max-width: 750px) 100vw, 750px\" class=\"no-lazyload\" width=\"750\" height=\"200\"  style=\"display: inline-block; max-width: 100%; height: auto;\" \/><\/a><\/div><\/div>","protected":false},"excerpt":{"rendered":"<p>Remont ulicy Warszawskiej rozpocz\u0119to w pierwszym tygodniu maja, trwa\u0142 oko\u0142o 3 tygodni. W tym czasie wykonano roboty na oko\u0142o 300-metrowym odcinku, kt\u00f3rych koszt oszacowano na oko\u0142o 1,5 mln z\u0142. &#8211; O ca\u0142y miesi\u0105c wcze\u015bniej ni\u017c deklarowa\u0142 wykonawca uda\u0142o si\u0119 zako\u0144czy\u0107 remont odcinka ul. Warszawskiej. Od ul. Gierymskiego do skrzy\u017cowania z ul. Grottgera wymieniono nawierzchni\u0119 jezdni, [&hellip;]<\/p>\n","protected":false},"author":15,"featured_media":152832,"comment_status":"open","ping_status":"closed","sticky":false,"template":"","format":"standard","meta":{"_monsterinsights_skip_tracking":false,"_monsterinsights_sitenote_active":false,"_monsterinsights_sitenote_note":"","_monsterinsights_sitenote_category":0,"footnotes":"","_links_to":"","_links_to_target":""},"categories":[3,1],"tags":[369,18207,5527,214],"class_list":["post-152828","post","type-post","status-publish","format-standard","has-post-thumbnail","hentry","category-gliwice","category-wszystko","tag-pruim","tag-remont-ulicy-warszawskiej","tag-warszawska","tag-zdm"],"yoast_head":"<!-- This site is optimized with the Yoast SEO plugin v27.5 - https:\/\/yoast.com\/product\/yoast-seo-wordpress\/ -->\n<title>Remont tej ulicy trwa\u0142 3 tygodnie i zako\u0144czy\u0142 si\u0119 miesi\u0105c... przed terminem - 24GLIWICE - Portal Gliwice | codziennie nowe informacje<\/title>\n<meta name=\"robots\" content=\"index, follow, max-snippet:-1, max-image-preview:large, max-video-preview:-1\" \/>\n<link rel=\"canonical\" href=\"https:\/\/www.24gliwice.pl\/wiadomosci\/remont-tej-ulicy-trwal-3-tygodnie-i-zakonczyl-sie-miesiac-przed-terminem\/\" \/>\n<meta property=\"og:locale\" content=\"pl_PL\" \/>\n<meta property=\"og:type\" content=\"article\" \/>\n<meta property=\"og:title\" content=\"Remont tej ulicy trwa\u0142 3 tygodnie i zako\u0144czy\u0142 si\u0119 miesi\u0105c... przed terminem - 24GLIWICE - Portal Gliwice | codziennie nowe informacje\" \/>\n<meta property=\"og:description\" content=\"Remont ulicy Warszawskiej rozpocz\u0119to w pierwszym tygodniu maja, trwa\u0142 oko\u0142o 3 tygodni. W tym czasie wykonano roboty na oko\u0142o 300-metrowym odcinku, kt\u00f3rych koszt oszacowano na oko\u0142o 1,5 mln z\u0142. &#8211; O ca\u0142y miesi\u0105c wcze\u015bniej ni\u017c deklarowa\u0142 wykonawca uda\u0142o si\u0119 zako\u0144czy\u0107 remont odcinka ul. Warszawskiej. Od ul. Gierymskiego do skrzy\u017cowania z ul. Grottgera wymieniono nawierzchni\u0119 jezdni, [&hellip;]\" \/>\n<meta property=\"og:url\" content=\"https:\/\/www.24gliwice.pl\/wiadomosci\/remont-tej-ulicy-trwal-3-tygodnie-i-zakonczyl-sie-miesiac-przed-terminem\/\" \/>\n<meta property=\"og:site_name\" content=\"24GLIWICE - Portal Gliwice | codziennie nowe informacje\" \/>\n<meta property=\"article:publisher\" content=\"https:\/\/www.facebook.com\/24gliwice\" \/>\n<meta property=\"article:published_time\" content=\"2020-06-03T23:12:34+00:00\" \/>\n<meta property=\"og:image\" content=\"https:\/\/www.24gliwice.pl\/wiadomosci\/wp-content\/uploads\/2020\/06\/Przechwytywanie-w-trybie-pe\u0142noekranowym-03.06.2020-111313.bmp.jpg\" \/>\n\t<meta property=\"og:image:width\" content=\"810\" \/>\n\t<meta property=\"og:image:height\" content=\"456\" \/>\n\t<meta property=\"og:image:type\" content=\"image\/jpeg\" \/>\n<meta name=\"author\" content=\"\u017baneta Mrozek-Siewierska\" \/>\n<meta name=\"twitter:card\" content=\"summary_large_image\" \/>\n<meta name=\"twitter:creator\" content=\"@24gliwice\" \/>\n<meta name=\"twitter:site\" content=\"@24gliwice\" \/>\n<meta name=\"twitter:label1\" content=\"Napisane przez\" \/>\n\t<meta name=\"twitter:data1\" content=\"\u017baneta Mrozek-Siewierska\" \/>\n\t<meta name=\"twitter:label2\" content=\"Szacowany czas czytania\" \/>\n\t<meta name=\"twitter:data2\" content=\"1 minuta\" \/>\n<script type=\"application\/ld+json\" class=\"yoast-schema-graph\">{\"@context\":\"https:\\\/\\\/schema.org\",\"@graph\":[{\"@type\":\"Article\",\"@id\":\"https:\\\/\\\/www.24gliwice.pl\\\/wiadomosci\\\/remont-tej-ulicy-trwal-3-tygodnie-i-zakonczyl-sie-miesiac-przed-terminem\\\/#article\",\"isPartOf\":{\"@id\":\"https:\\\/\\\/www.24gliwice.pl\\\/wiadomosci\\\/remont-tej-ulicy-trwal-3-tygodnie-i-zakonczyl-sie-miesiac-przed-terminem\\\/\"},\"author\":{\"name\":\"\u017baneta Mrozek-Siewierska\",\"@id\":\"https:\\\/\\\/www.24gliwice.pl\\\/wiadomosci\\\/#\\\/schema\\\/person\\\/e42c650edd7f2fa332be3811fb166b6e\"},\"headline\":\"Remont tej ulicy trwa\u0142 3 tygodnie i zako\u0144czy\u0142 si\u0119 miesi\u0105c&#8230; przed terminem\",\"datePublished\":\"2020-06-03T23:12:34+00:00\",\"mainEntityOfPage\":{\"@id\":\"https:\\\/\\\/www.24gliwice.pl\\\/wiadomosci\\\/remont-tej-ulicy-trwal-3-tygodnie-i-zakonczyl-sie-miesiac-przed-terminem\\\/\"},\"wordCount\":168,\"commentCount\":0,\"publisher\":{\"@id\":\"https:\\\/\\\/www.24gliwice.pl\\\/wiadomosci\\\/#organization\"},\"image\":{\"@id\":\"https:\\\/\\\/www.24gliwice.pl\\\/wiadomosci\\\/remont-tej-ulicy-trwal-3-tygodnie-i-zakonczyl-sie-miesiac-przed-terminem\\\/#primaryimage\"},\"thumbnailUrl\":\"https:\\\/\\\/www.24gliwice.pl\\\/wiadomosci\\\/wp-content\\\/uploads\\\/2020\\\/06\\\/Przechwytywanie-w-trybie-pe\u0142noekranowym-03.06.2020-111313.bmp.jpg\",\"keywords\":[\"PRUIM\",\"remont ulicy Warszawskiej\",\"warszawska\",\"ZDM\"],\"articleSection\":[\"Gliwice\",\"Najnowsze wiadomo\u015bci\"],\"inLanguage\":\"pl-PL\",\"potentialAction\":[{\"@type\":\"CommentAction\",\"name\":\"Comment\",\"target\":[\"https:\\\/\\\/www.24gliwice.pl\\\/wiadomosci\\\/remont-tej-ulicy-trwal-3-tygodnie-i-zakonczyl-sie-miesiac-przed-terminem\\\/#respond\"]}]},{\"@type\":\"WebPage\",\"@id\":\"https:\\\/\\\/www.24gliwice.pl\\\/wiadomosci\\\/remont-tej-ulicy-trwal-3-tygodnie-i-zakonczyl-sie-miesiac-przed-terminem\\\/\",\"url\":\"https:\\\/\\\/www.24gliwice.pl\\\/wiadomosci\\\/remont-tej-ulicy-trwal-3-tygodnie-i-zakonczyl-sie-miesiac-przed-terminem\\\/\",\"name\":\"Remont tej ulicy trwa\u0142 3 tygodnie i zako\u0144czy\u0142 si\u0119 miesi\u0105c... przed terminem - 24GLIWICE - Portal Gliwice | codziennie nowe informacje\",\"isPartOf\":{\"@id\":\"https:\\\/\\\/www.24gliwice.pl\\\/wiadomosci\\\/#website\"},\"primaryImageOfPage\":{\"@id\":\"https:\\\/\\\/www.24gliwice.pl\\\/wiadomosci\\\/remont-tej-ulicy-trwal-3-tygodnie-i-zakonczyl-sie-miesiac-przed-terminem\\\/#primaryimage\"},\"image\":{\"@id\":\"https:\\\/\\\/www.24gliwice.pl\\\/wiadomosci\\\/remont-tej-ulicy-trwal-3-tygodnie-i-zakonczyl-sie-miesiac-przed-terminem\\\/#primaryimage\"},\"thumbnailUrl\":\"https:\\\/\\\/www.24gliwice.pl\\\/wiadomosci\\\/wp-content\\\/uploads\\\/2020\\\/06\\\/Przechwytywanie-w-trybie-pe\u0142noekranowym-03.06.2020-111313.bmp.jpg\",\"datePublished\":\"2020-06-03T23:12:34+00:00\",\"breadcrumb\":{\"@id\":\"https:\\\/\\\/www.24gliwice.pl\\\/wiadomosci\\\/remont-tej-ulicy-trwal-3-tygodnie-i-zakonczyl-sie-miesiac-przed-terminem\\\/#breadcrumb\"},\"inLanguage\":\"pl-PL\",\"potentialAction\":[{\"@type\":\"ReadAction\",\"target\":[\"https:\\\/\\\/www.24gliwice.pl\\\/wiadomosci\\\/remont-tej-ulicy-trwal-3-tygodnie-i-zakonczyl-sie-miesiac-przed-terminem\\\/\"]}]},{\"@type\":\"ImageObject\",\"inLanguage\":\"pl-PL\",\"@id\":\"https:\\\/\\\/www.24gliwice.pl\\\/wiadomosci\\\/remont-tej-ulicy-trwal-3-tygodnie-i-zakonczyl-sie-miesiac-przed-terminem\\\/#primaryimage\",\"url\":\"https:\\\/\\\/www.24gliwice.pl\\\/wiadomosci\\\/wp-content\\\/uploads\\\/2020\\\/06\\\/Przechwytywanie-w-trybie-pe\u0142noekranowym-03.06.2020-111313.bmp.jpg\",\"contentUrl\":\"https:\\\/\\\/www.24gliwice.pl\\\/wiadomosci\\\/wp-content\\\/uploads\\\/2020\\\/06\\\/Przechwytywanie-w-trybie-pe\u0142noekranowym-03.06.2020-111313.bmp.jpg\",\"width\":810,\"height\":456},{\"@type\":\"BreadcrumbList\",\"@id\":\"https:\\\/\\\/www.24gliwice.pl\\\/wiadomosci\\\/remont-tej-ulicy-trwal-3-tygodnie-i-zakonczyl-sie-miesiac-przed-terminem\\\/#breadcrumb\",\"itemListElement\":[{\"@type\":\"ListItem\",\"position\":1,\"name\":\"Strona g\u0142\u00f3wna\",\"item\":\"https:\\\/\\\/www.24gliwice.pl\\\/wiadomosci\\\/\"},{\"@type\":\"ListItem\",\"position\":2,\"name\":\"Remont tej ulicy trwa\u0142 3 tygodnie i zako\u0144czy\u0142 si\u0119 miesi\u0105c&#8230; przed terminem\"}]},{\"@type\":\"WebSite\",\"@id\":\"https:\\\/\\\/www.24gliwice.pl\\\/wiadomosci\\\/#website\",\"url\":\"https:\\\/\\\/www.24gliwice.pl\\\/wiadomosci\\\/\",\"name\":\"24GLIWICE - Portal Gliwice | codziennie nowe wiadomo\u015bci\",\"description\":\"Portal Miejski Gliwice\",\"publisher\":{\"@id\":\"https:\\\/\\\/www.24gliwice.pl\\\/wiadomosci\\\/#organization\"},\"potentialAction\":[{\"@type\":\"SearchAction\",\"target\":{\"@type\":\"EntryPoint\",\"urlTemplate\":\"https:\\\/\\\/www.24gliwice.pl\\\/wiadomosci\\\/?s={search_term_string}\"},\"query-input\":{\"@type\":\"PropertyValueSpecification\",\"valueRequired\":true,\"valueName\":\"search_term_string\"}}],\"inLanguage\":\"pl-PL\"},{\"@type\":\"Organization\",\"@id\":\"https:\\\/\\\/www.24gliwice.pl\\\/wiadomosci\\\/#organization\",\"name\":\"24gliwice\",\"url\":\"https:\\\/\\\/www.24gliwice.pl\\\/wiadomosci\\\/\",\"logo\":{\"@type\":\"ImageObject\",\"inLanguage\":\"pl-PL\",\"@id\":\"https:\\\/\\\/www.24gliwice.pl\\\/wiadomosci\\\/#\\\/schema\\\/logo\\\/image\\\/\",\"url\":\"https:\\\/\\\/www.24gliwice.pl\\\/wiadomosci\\\/wp-content\\\/uploads\\\/2024\\\/10\\\/24gliwice-logo-696.jpg\",\"contentUrl\":\"https:\\\/\\\/www.24gliwice.pl\\\/wiadomosci\\\/wp-content\\\/uploads\\\/2024\\\/10\\\/24gliwice-logo-696.jpg\",\"width\":696,\"height\":696,\"caption\":\"24gliwice\"},\"image\":{\"@id\":\"https:\\\/\\\/www.24gliwice.pl\\\/wiadomosci\\\/#\\\/schema\\\/logo\\\/image\\\/\"},\"sameAs\":[\"https:\\\/\\\/www.facebook.com\\\/24gliwice\",\"https:\\\/\\\/x.com\\\/24gliwice\",\"https:\\\/\\\/www.youtube.com\\\/@24gliwice\"]},{\"@type\":\"Person\",\"@id\":\"https:\\\/\\\/www.24gliwice.pl\\\/wiadomosci\\\/#\\\/schema\\\/person\\\/e42c650edd7f2fa332be3811fb166b6e\",\"name\":\"\u017baneta Mrozek-Siewierska\",\"image\":{\"@type\":\"ImageObject\",\"inLanguage\":\"pl-PL\",\"@id\":\"https:\\\/\\\/secure.gravatar.com\\\/avatar\\\/1881429e9c64597c77ad7aef2d0a19be69a3253e57534d16aa15bf3a4d34a0a3?s=96&d=mm&r=g\",\"url\":\"https:\\\/\\\/secure.gravatar.com\\\/avatar\\\/1881429e9c64597c77ad7aef2d0a19be69a3253e57534d16aa15bf3a4d34a0a3?s=96&d=mm&r=g\",\"contentUrl\":\"https:\\\/\\\/secure.gravatar.com\\\/avatar\\\/1881429e9c64597c77ad7aef2d0a19be69a3253e57534d16aa15bf3a4d34a0a3?s=96&d=mm&r=g\",\"caption\":\"\u017baneta Mrozek-Siewierska\"},\"url\":\"https:\\\/\\\/www.24gliwice.pl\\\/wiadomosci\\\/author\\\/zms\\\/\"}]}<\/script>\n<!-- \/ Yoast SEO plugin. -->","yoast_head_json":{"title":"Remont tej ulicy trwa\u0142 3 tygodnie i zako\u0144czy\u0142 si\u0119 miesi\u0105c... przed terminem - 24GLIWICE - Portal Gliwice | codziennie nowe informacje","robots":{"index":"index","follow":"follow","max-snippet":"max-snippet:-1","max-image-preview":"max-image-preview:large","max-video-preview":"max-video-preview:-1"},"canonical":"https:\/\/www.24gliwice.pl\/wiadomosci\/remont-tej-ulicy-trwal-3-tygodnie-i-zakonczyl-sie-miesiac-przed-terminem\/","og_locale":"pl_PL","og_type":"article","og_title":"Remont tej ulicy trwa\u0142 3 tygodnie i zako\u0144czy\u0142 si\u0119 miesi\u0105c... przed terminem - 24GLIWICE - Portal Gliwice | codziennie nowe informacje","og_description":"Remont ulicy Warszawskiej rozpocz\u0119to w pierwszym tygodniu maja, trwa\u0142 oko\u0142o 3 tygodni. W tym czasie wykonano roboty na oko\u0142o 300-metrowym odcinku, kt\u00f3rych koszt oszacowano na oko\u0142o 1,5 mln z\u0142. &#8211; O ca\u0142y miesi\u0105c wcze\u015bniej ni\u017c deklarowa\u0142 wykonawca uda\u0142o si\u0119 zako\u0144czy\u0107 remont odcinka ul. Warszawskiej. Od ul. Gierymskiego do skrzy\u017cowania z ul. Grottgera wymieniono nawierzchni\u0119 jezdni, [&hellip;]","og_url":"https:\/\/www.24gliwice.pl\/wiadomosci\/remont-tej-ulicy-trwal-3-tygodnie-i-zakonczyl-sie-miesiac-przed-terminem\/","og_site_name":"24GLIWICE - Portal Gliwice | codziennie nowe informacje","article_publisher":"https:\/\/www.facebook.com\/24gliwice","article_published_time":"2020-06-03T23:12:34+00:00","og_image":[{"width":810,"height":456,"url":"https:\/\/www.24gliwice.pl\/wiadomosci\/wp-content\/uploads\/2020\/06\/Przechwytywanie-w-trybie-pe\u0142noekranowym-03.06.2020-111313.bmp.jpg","type":"image\/jpeg"}],"author":"\u017baneta Mrozek-Siewierska","twitter_card":"summary_large_image","twitter_creator":"@24gliwice","twitter_site":"@24gliwice","twitter_misc":{"Napisane przez":"\u017baneta Mrozek-Siewierska","Szacowany czas czytania":"1 minuta"},"schema":{"@context":"https:\/\/schema.org","@graph":[{"@type":"Article","@id":"https:\/\/www.24gliwice.pl\/wiadomosci\/remont-tej-ulicy-trwal-3-tygodnie-i-zakonczyl-sie-miesiac-przed-terminem\/#article","isPartOf":{"@id":"https:\/\/www.24gliwice.pl\/wiadomosci\/remont-tej-ulicy-trwal-3-tygodnie-i-zakonczyl-sie-miesiac-przed-terminem\/"},"author":{"name":"\u017baneta Mrozek-Siewierska","@id":"https:\/\/www.24gliwice.pl\/wiadomosci\/#\/schema\/person\/e42c650edd7f2fa332be3811fb166b6e"},"headline":"Remont tej ulicy trwa\u0142 3 tygodnie i zako\u0144czy\u0142 si\u0119 miesi\u0105c&#8230; przed terminem","datePublished":"2020-06-03T23:12:34+00:00","mainEntityOfPage":{"@id":"https:\/\/www.24gliwice.pl\/wiadomosci\/remont-tej-ulicy-trwal-3-tygodnie-i-zakonczyl-sie-miesiac-przed-terminem\/"},"wordCount":168,"commentCount":0,"publisher":{"@id":"https:\/\/www.24gliwice.pl\/wiadomosci\/#organization"},"image":{"@id":"https:\/\/www.24gliwice.pl\/wiadomosci\/remont-tej-ulicy-trwal-3-tygodnie-i-zakonczyl-sie-miesiac-przed-terminem\/#primaryimage"},"thumbnailUrl":"https:\/\/www.24gliwice.pl\/wiadomosci\/wp-content\/uploads\/2020\/06\/Przechwytywanie-w-trybie-pe\u0142noekranowym-03.06.2020-111313.bmp.jpg","keywords":["PRUIM","remont ulicy Warszawskiej","warszawska","ZDM"],"articleSection":["Gliwice","Najnowsze wiadomo\u015bci"],"inLanguage":"pl-PL","potentialAction":[{"@type":"CommentAction","name":"Comment","target":["https:\/\/www.24gliwice.pl\/wiadomosci\/remont-tej-ulicy-trwal-3-tygodnie-i-zakonczyl-sie-miesiac-przed-terminem\/#respond"]}]},{"@type":"WebPage","@id":"https:\/\/www.24gliwice.pl\/wiadomosci\/remont-tej-ulicy-trwal-3-tygodnie-i-zakonczyl-sie-miesiac-przed-terminem\/","url":"https:\/\/www.24gliwice.pl\/wiadomosci\/remont-tej-ulicy-trwal-3-tygodnie-i-zakonczyl-sie-miesiac-przed-terminem\/","name":"Remont tej ulicy trwa\u0142 3 tygodnie i zako\u0144czy\u0142 si\u0119 miesi\u0105c... przed terminem - 24GLIWICE - Portal Gliwice | codziennie nowe informacje","isPartOf":{"@id":"https:\/\/www.24gliwice.pl\/wiadomosci\/#website"},"primaryImageOfPage":{"@id":"https:\/\/www.24gliwice.pl\/wiadomosci\/remont-tej-ulicy-trwal-3-tygodnie-i-zakonczyl-sie-miesiac-przed-terminem\/#primaryimage"},"image":{"@id":"https:\/\/www.24gliwice.pl\/wiadomosci\/remont-tej-ulicy-trwal-3-tygodnie-i-zakonczyl-sie-miesiac-przed-terminem\/#primaryimage"},"thumbnailUrl":"https:\/\/www.24gliwice.pl\/wiadomosci\/wp-content\/uploads\/2020\/06\/Przechwytywanie-w-trybie-pe\u0142noekranowym-03.06.2020-111313.bmp.jpg","datePublished":"2020-06-03T23:12:34+00:00","breadcrumb":{"@id":"https:\/\/www.24gliwice.pl\/wiadomosci\/remont-tej-ulicy-trwal-3-tygodnie-i-zakonczyl-sie-miesiac-przed-terminem\/#breadcrumb"},"inLanguage":"pl-PL","potentialAction":[{"@type":"ReadAction","target":["https:\/\/www.24gliwice.pl\/wiadomosci\/remont-tej-ulicy-trwal-3-tygodnie-i-zakonczyl-sie-miesiac-przed-terminem\/"]}]},{"@type":"ImageObject","inLanguage":"pl-PL","@id":"https:\/\/www.24gliwice.pl\/wiadomosci\/remont-tej-ulicy-trwal-3-tygodnie-i-zakonczyl-sie-miesiac-przed-terminem\/#primaryimage","url":"https:\/\/www.24gliwice.pl\/wiadomosci\/wp-content\/uploads\/2020\/06\/Przechwytywanie-w-trybie-pe\u0142noekranowym-03.06.2020-111313.bmp.jpg","contentUrl":"https:\/\/www.24gliwice.pl\/wiadomosci\/wp-content\/uploads\/2020\/06\/Przechwytywanie-w-trybie-pe\u0142noekranowym-03.06.2020-111313.bmp.jpg","width":810,"height":456},{"@type":"BreadcrumbList","@id":"https:\/\/www.24gliwice.pl\/wiadomosci\/remont-tej-ulicy-trwal-3-tygodnie-i-zakonczyl-sie-miesiac-przed-terminem\/#breadcrumb","itemListElement":[{"@type":"ListItem","position":1,"name":"Strona g\u0142\u00f3wna","item":"https:\/\/www.24gliwice.pl\/wiadomosci\/"},{"@type":"ListItem","position":2,"name":"Remont tej ulicy trwa\u0142 3 tygodnie i zako\u0144czy\u0142 si\u0119 miesi\u0105c&#8230; przed terminem"}]},{"@type":"WebSite","@id":"https:\/\/www.24gliwice.pl\/wiadomosci\/#website","url":"https:\/\/www.24gliwice.pl\/wiadomosci\/","name":"24GLIWICE - Portal Gliwice | codziennie nowe wiadomo\u015bci","description":"Portal Miejski Gliwice","publisher":{"@id":"https:\/\/www.24gliwice.pl\/wiadomosci\/#organization"},"potentialAction":[{"@type":"SearchAction","target":{"@type":"EntryPoint","urlTemplate":"https:\/\/www.24gliwice.pl\/wiadomosci\/?s={search_term_string}"},"query-input":{"@type":"PropertyValueSpecification","valueRequired":true,"valueName":"search_term_string"}}],"inLanguage":"pl-PL"},{"@type":"Organization","@id":"https:\/\/www.24gliwice.pl\/wiadomosci\/#organization","name":"24gliwice","url":"https:\/\/www.24gliwice.pl\/wiadomosci\/","logo":{"@type":"ImageObject","inLanguage":"pl-PL","@id":"https:\/\/www.24gliwice.pl\/wiadomosci\/#\/schema\/logo\/image\/","url":"https:\/\/www.24gliwice.pl\/wiadomosci\/wp-content\/uploads\/2024\/10\/24gliwice-logo-696.jpg","contentUrl":"https:\/\/www.24gliwice.pl\/wiadomosci\/wp-content\/uploads\/2024\/10\/24gliwice-logo-696.jpg","width":696,"height":696,"caption":"24gliwice"},"image":{"@id":"https:\/\/www.24gliwice.pl\/wiadomosci\/#\/schema\/logo\/image\/"},"sameAs":["https:\/\/www.facebook.com\/24gliwice","https:\/\/x.com\/24gliwice","https:\/\/www.youtube.com\/@24gliwice"]},{"@type":"Person","@id":"https:\/\/www.24gliwice.pl\/wiadomosci\/#\/schema\/person\/e42c650edd7f2fa332be3811fb166b6e","name":"\u017baneta Mrozek-Siewierska","image":{"@type":"ImageObject","inLanguage":"pl-PL","@id":"https:\/\/secure.gravatar.com\/avatar\/1881429e9c64597c77ad7aef2d0a19be69a3253e57534d16aa15bf3a4d34a0a3?s=96&d=mm&r=g","url":"https:\/\/secure.gravatar.com\/avatar\/1881429e9c64597c77ad7aef2d0a19be69a3253e57534d16aa15bf3a4d34a0a3?s=96&d=mm&r=g","contentUrl":"https:\/\/secure.gravatar.com\/avatar\/1881429e9c64597c77ad7aef2d0a19be69a3253e57534d16aa15bf3a4d34a0a3?s=96&d=mm&r=g","caption":"\u017baneta Mrozek-Siewierska"},"url":"https:\/\/www.24gliwice.pl\/wiadomosci\/author\/zms\/"}]}},"_links":{"self":[{"href":"https:\/\/www.24gliwice.pl\/wiadomosci\/wp-json\/wp\/v2\/posts\/152828","targetHints":{"allow":["GET"]}}],"collection":[{"href":"https:\/\/www.24gliwice.pl\/wiadomosci\/wp-json\/wp\/v2\/posts"}],"about":[{"href":"https:\/\/www.24gliwice.pl\/wiadomosci\/wp-json\/wp\/v2\/types\/post"}],"author":[{"embeddable":true,"href":"https:\/\/www.24gliwice.pl\/wiadomosci\/wp-json\/wp\/v2\/users\/15"}],"replies":[{"embeddable":true,"href":"https:\/\/www.24gliwice.pl\/wiadomosci\/wp-json\/wp\/v2\/comments?post=152828"}],"version-history":[{"count":0,"href":"https:\/\/www.24gliwice.pl\/wiadomosci\/wp-json\/wp\/v2\/posts\/152828\/revisions"}],"wp:featuredmedia":[{"embeddable":true,"href":"https:\/\/www.24gliwice.pl\/wiadomosci\/wp-json\/wp\/v2\/media\/152832"}],"wp:attachment":[{"href":"https:\/\/www.24gliwice.pl\/wiadomosci\/wp-json\/wp\/v2\/media?parent=152828"}],"wp:term":[{"taxonomy":"category","embeddable":true,"href":"https:\/\/www.24gliwice.pl\/wiadomosci\/wp-json\/wp\/v2\/categories?post=152828"},{"taxonomy":"post_tag","embeddable":true,"href":"https:\/\/www.24gliwice.pl\/wiadomosci\/wp-json\/wp\/v2\/tags?post=152828"}],"curies":[{"name":"wp","href":"https:\/\/api.w.org\/{rel}","templated":true}]}}